{"id":7357,"date":"2026-06-16T10:56:59","date_gmt":"2026-06-16T08:56:59","guid":{"rendered":"https:\/\/herberiedelatille.fr\/blog\/a-la-une\/herbiers-historiques-un-voyage-a-travers-le-temps\/"},"modified":"2026-06-16T10:56:59","modified_gmt":"2026-06-16T08:56:59","slug":"herbiers-historiques-un-voyage-a-travers-le-temps","status":"publish","type":"post","link":"https:\/\/herberiedelatille.fr\/blog\/identification-des-plantes\/herbiers-historiques-un-voyage-a-travers-le-temps\/","title":{"rendered":"Herbiers historiques : un voyage \u00e0 travers le temps"},"content":{"rendered":"\n<link rel=\"stylesheet\" href=\"https:\/\/fonts.googleapis.com\/css2?family=Space+Grotesk:wght@500;600;700&#038;family=Inter:wght@400;500;600&#038;family=JetBrains+Mono:wght@500&#038;display=swap\">\n<style>\n.htl-info-wrap{font-family:'Inter',-apple-system,sans-serif;color:#23291f;line-height:1.65;font-size:17px;max-width:760px;margin:0 auto;}\n.htl-info-wrap h2{font-family:'Space Grotesk',sans-serif;font-weight:700;font-size:clamp(24px,3.2vw,33px);letter-spacing:-0.01em;color:#1c2417;margin:48px 0 16px;}\n.htl-info-wrap h3{font-family:'Space Grotesk',sans-serif;font-weight:600;font-size:21px;color:#1c2417;margin:28px 0 10px;}\n.htl-info-wrap p{margin:0 0 18px;}\n.htl-info-kicker{font-family:'JetBrains Mono',monospace;font-size:12px;letter-spacing:3px;text-transform:uppercase;color:#4f7a3a;font-weight:500;display:block;margin-bottom:10px;}\n.htl-info-lead{font-size:20px;line-height:1.55;color:#33402a;border-left:4px solid #4f7a3a;padding:4px 0 4px 20px;margin:0 0 32px;font-weight:500;}\n.htl-info-brief{background:#f1f5ea;border:1px solid #d8e3c8;border-left:5px solid #4f7a3a;border-radius:10px;padding:24px 26px;margin:0 0 40px;box-shadow:0 1px 2px rgba(28,36,23,.05),0 12px 28px -16px rgba(28,36,23,.18);}\n.htl-info-brief .htl-info-bt{font-family:'Space Grotesk',sans-serif;font-weight:700;font-size:15px;letter-spacing:2px;text-transform:uppercase;color:#3c6029;margin-bottom:10px;}\n.htl-info-brief .htl-info-txt{font-size:18px;line-height:1.55;color:#2a341f;margin-bottom:14px;}\n.htl-info-brief ul{margin:0;padding-left:20px;}\n.htl-info-brief li{margin-bottom:7px;}\n.htl-info-grid{display:grid;grid-template-columns:repeat(auto-fit,minmax(220px,1fr));gap:22px;margin:28px 0 8px;}\n.htl-info-card{background:#fff;border:1px solid #e0e6d6;border-top:3px solid #4f7a3a;border-radius:10px;padding:22px 24px;transition:.25s ease;box-shadow:0 1px 2px rgba(28,36,23,.05);}\n.htl-info-card:hover{transform:translateY(-3px);box-shadow:0 1px 2px rgba(28,36,23,.06),0 16px 30px -18px rgba(28,36,23,.3);}\n.htl-info-card .htl-info-ct{font-family:'Space Grotesk',sans-serif;font-weight:600;font-size:18px;color:#1c2417;margin-bottom:8px;}\n.htl-info-card .htl-info-cx{font-size:15.5px;line-height:1.55;color:#3a4530;}\n.htl-info-stats{display:grid;grid-template-columns:repeat(auto-fit,minmax(160px,1fr));gap:18px;margin:28px 0;}\n.htl-info-stat{background:#1c2417;border-radius:10px;padding:22px 20px;text-align:center;color:#eef3e6;box-shadow:0 12px 28px -16px rgba(28,36,23,.5);}\n.htl-info-stat .htl-info-sn{font-family:'JetBrains Mono',monospace;font-size:30px;font-weight:500;color:#a7c97f;display:block;margin-bottom:4px;}\n.htl-info-stat .htl-info-sl{font-size:13px;letter-spacing:1px;color:#c4cdb6;text-transform:uppercase;}\n.htl-info-retenir{background:#fff;border:1px solid #d8e3c8;border-radius:10px;padding:24px 26px;margin:40px 0;box-shadow:0 1px 2px rgba(28,36,23,.05),0 12px 28px -16px rgba(28,36,23,.18);}\n.htl-info-retenir .htl-info-bt{font-family:'Space Grotesk',sans-serif;font-weight:700;font-size:15px;letter-spacing:2px;text-transform:uppercase;color:#3c6029;margin-bottom:12px;}\n.htl-info-retenir ul{margin:0;padding-left:22px;}\n.htl-info-retenir li{margin-bottom:9px;}\n.htl-info-faq{margin:32px 0;}\n.htl-info-faq details{background:#fff;border:1px solid #e0e6d6;border-left:3px solid #4f7a3a;border-radius:8px;margin-bottom:12px;padding:0 20px;transition:.25s ease;}\n.htl-info-faq details[open]{box-shadow:0 12px 28px -18px rgba(28,36,23,.28);}\n.htl-info-faq summary{cursor:pointer;font-family:'Space Grotesk',sans-serif;font-weight:600;font-size:17px;color:#1c2417;padding:16px 0;list-style:none;}\n.htl-info-faq summary::-webkit-details-marker{display:none;}\n.htl-info-faq summary::before{content:\"+\";color:#4f7a3a;font-weight:700;margin-right:10px;}\n.htl-info-faq details[open] summary::before{content:\"\u2013\";}\n.htl-info-faq .htl-info-fa{padding:0 0 18px;color:#3a4530;line-height:1.6;}\n\/*RENDERFIX2*\/.htl-info-stat{color:#eef3f9!important}.htl-info-stat p,.htl-info-stat li,.htl-info-stat strong,.htl-info-stat em,.htl-info-stat a,.htl-info-stat span,.htl-info-stat b,.htl-info-stat td,.htl-info-stat th,.htl-info-stat h2,.htl-info-stat h3,.htl-info-stat h4{color:#eef3f9!important}.htl-info-stat strong,.htl-info-stat b{color:#ffffff!important}<\/style>\n<div class=\"htl-info-wrap\">\n<span class=\"htl-info-kicker\">Patrimoine botanique<\/span>\n<div class=\"htl-info-lead\">Pages jaunies, fleurs press\u00e9es, annotations effac\u00e9es : les herbiers historiques sont des archives vivantes o\u00f9 la science rencontre la m\u00e9moire. Voici ce qu&rsquo;ils sont, \u00e0 quoi ils ont servi \u00e0 travers les si\u00e8cles, et pourquoi leur conservation reste essentielle aujourd&rsquo;hui.<\/div>\n<div class=\"htl-info-brief\">\n<div class=\"htl-info-bt\">En bref<\/div>\n<div class=\"htl-info-txt\">Un herbier historique est une collection de plantes s\u00e9ch\u00e9es et press\u00e9es, catalogu\u00e9es et annot\u00e9es, constitu\u00e9e au fil des si\u00e8cles par des botanistes, des m\u00e9decins et des explorateurs. Bien plus que de simples archives, ce sont des t\u00e9moins de la biodiversit\u00e9 pass\u00e9e, des savoirs m\u00e9dicinaux d&rsquo;autrefois et de l&rsquo;\u00e9volution des \u00e9cosyst\u00e8mes.<\/div>\n<ul>\n<li>Des outils de recherche d&rsquo;abord m\u00e9dicinaux, puis scientifiques et taxonomiques.<\/li>\n<li>Plusieurs types : scientifiques, artistiques, de voyage, patrimoniaux.<\/li>\n<li>Un lien tangible entre le pass\u00e9 et le pr\u00e9sent, \u00e0 la crois\u00e9e de la science et de l&rsquo;art.<\/li>\n<\/ul>\n<\/div>\n\n\n<p class=\"wp-block-paragraph\">Dans le doux murmure des <strong>pages jaunies<\/strong> et des <strong>feuilles s\u00e9ch\u00e9es<\/strong>, les herbiers historiques nous invitent \u00e0 une red\u00e9couverte fascinante de notre <strong>patrimoine naturel<\/strong>. Ces pr\u00e9cieux t\u00e9moins du pass\u00e9, conserv\u00e9s avec soin par des botanistes et des passionn\u00e9s d&rsquo;hier, tissent un r\u00e9cit unique, r\u00e9v\u00e9lant la <strong>richesse et la diversit\u00e9<\/strong> des plantes qui ont fa\u00e7onn\u00e9 notre environnement. Chaque sp\u00e9cimen, d\u00e9licatement press\u00e9 entre deux pages, raconte l&rsquo;histoire d&rsquo;un temps r\u00e9volu, d&rsquo;une <strong>\u00e9cologie<\/strong> \u00e0 la fois locale et universelle. \u00c0 travers leur \u00e9tude, nous sommes transport\u00e9s dans un voyage po\u00e9tique, o\u00f9 la science et l&rsquo;art se rencontrent pour illuminer la complexit\u00e9 de la vie v\u00e9g\u00e9tale. Les herbiers ne sont pas seulement des archives ; ils sont des <strong>porteurs de m\u00e9moire<\/strong>, des archives vivantes qui t\u00e9moignent des traditions et des savoirs ancestraux sur les <strong>plantes m\u00e9dicinales<\/strong>, les cultures et les <strong>\u00e9cosyst\u00e8mes<\/strong>. Ils nous rappellent \u00e9galement l&rsquo;importance de respecter et de pr\u00e9server notre <strong>environnement<\/strong>, une le\u00e7on intemporelle inscrite dans les feuillets du temps.<\/p>\n\n\n<h2 class=\"wp-block-heading\">Qu&rsquo;est-ce qu&rsquo;un herbier, et pourquoi est-il pr\u00e9cieux ?<\/h2>\n\n\n<p class=\"wp-block-paragraph\">Les <strong>herbiers<\/strong>, ces pr\u00e9cieuses <strong>collections de plantes s\u00e9ch\u00e9es<\/strong>, sont bien plus que de simples t\u00e9moins du monde v\u00e9g\u00e9tal. Ils constituent un v\u00e9ritable <strong>tr\u00e9sor de connaissances<\/strong> qui s&rsquo;inscrit dans la longue histoire de la <strong>botanique<\/strong> et de l&rsquo;<strong>histoire<\/strong>. \u00c0 travers les si\u00e8cles, les herbiers ont \u00e9t\u00e9 des outils essentiels pour les scientifiques, les m\u00e9decins, et les naturalistes d\u00e9sireux de comprendre la <strong>diversit\u00e9 biologique<\/strong> de notre plan\u00e8te.<\/p>\n\n\n<p class=\"wp-block-paragraph\">Dans les temps anciens, les herbiers servaient principalement \u00e0 des fins m\u00e9dicinales. Les praticiens de la sant\u00e9 collectaient des plantes pour en \u00e9tudier les propri\u00e9t\u00e9s <strong>curatives<\/strong>. Les feuilles, les fleurs et les racines \u00e9taient soigneusement press\u00e9es et catalogu\u00e9es, permettant ainsi de conserver les savoirs et les croyances d&rsquo;une \u00e9poque donn\u00e9e. Ces pr\u00e9cieux \u00e9chantillons, souvent orn\u00e9s de notes color\u00e9es et de dessins, offrent aujourd&rsquo;hui un aper\u00e7u fascinant des pratiques m\u00e9dicales de l&rsquo;\u00e9poque.<\/p>\n\n\n<p class=\"wp-block-paragraph\">Au fil des si\u00e8cles, les <strong>explorateurs<\/strong> et les <strong>botanistes<\/strong> ont continu\u00e9 \u00e0 enrichir ces collections, documentant la <strong>flore<\/strong> des terres inconnues. L&rsquo;essor des voyages scientifiques, notamment aux XVIIe et XVIIIe si\u00e8cles, a vu fleurir de nombreux herbiers, t\u00e9moins des d\u00e9couvertes de nouvelles esp\u00e8ces. Ces compilations ont jou\u00e9 un r\u00f4le crucial dans la classification des plantes, permettant de dresser les premi\u00e8res <strong>taxonomies botaniques<\/strong>.<\/p>\n\n\n<p class=\"wp-block-paragraph\">Les herbiers ont \u00e9galement travers\u00e9 les \u00e2ges en s&rsquo;imposant comme des archives vivantes. Chaque page tourn\u00e9e est une invitation \u00e0 d\u00e9couvrir l&rsquo;histoire des <strong>\u00e9cosyst\u00e8mes<\/strong>, les transformations environnementales et l&rsquo;impact de l&rsquo;homme sur la nature. Les \u00e9chantillons pr\u00e9lev\u00e9s \u00e0 diff\u00e9rentes \u00e9poques nous renseignent sur l&rsquo;\u00e9volution des esp\u00e8ces et les changements climatiques, marquant ainsi leur empreinte dans le temps.<\/p>\n\n\n<p class=\"wp-block-paragraph\">Enfin, ces collections offrent un lien pr\u00e9cieux entre le pass\u00e9 et le pr\u00e9sent. Elles sont des t\u00e9moins des <strong>traditions locales<\/strong>, des savoirs ancestraux et des activit\u00e9s humaines en interaction avec la nature. Les herbiers anciens sont une source d&rsquo;inspiration pour les artistes et les po\u00e8tes, une invitation \u00e0 se reconnecter avec la <strong>beaut\u00e9 naturelle<\/strong> et \u00e0 red\u00e9couvrir les richesses de notre patrimoine.<\/p>\n\n\n<h2 class=\"wp-block-heading\">Les grands types d&rsquo;herbiers historiques<\/h2>\n\n\n<p class=\"wp-block-paragraph\">Les <strong>herbiers<\/strong>, t\u00e9moins silencieux de la biodiversit\u00e9, se d\u00e9clinent en plusieurs types, chacun pr\u00e9servant des fragments d&rsquo;histoire v\u00e9g\u00e9tale. Chacun de ces types ouvre une fen\u00eatre sur notre relation profonde avec la nature, exaltant une biodiversit\u00e9 \u00e0 la fois riche et fragile.<\/p>\n\n\n<div class=\"htl-info-grid\">\n<div class=\"htl-info-card\"><div class=\"htl-info-ct\">Herbiers scientifiques<\/div><div class=\"htl-info-cx\">Ils se distinguent par leur rigueur m\u00e9thodologique, recensant avec pr\u00e9cision les esp\u00e8ces r\u00e9colt\u00e9es pour la recherche et la classification.<\/div><\/div>\n<div class=\"htl-info-card\"><div class=\"htl-info-ct\">Herbiers artistiques<\/div><div class=\"htl-info-cx\">De v\u00e9ritables \u0153uvres d&rsquo;art, \u00e0 l&rsquo;image des herbiers victoriens orn\u00e9s de d\u00e9licates aquarelles et d&rsquo;\u00e9critures raffin\u00e9es.<\/div><\/div>\n<div class=\"htl-info-card\"><div class=\"htl-info-ct\">Herbiers de voyage<\/div><div class=\"htl-info-cx\">Ils nourrissent l&rsquo;imaginaire collectif, racontant les d\u00e9couvertes faites lors de p\u00e9riples lointains, o\u00f9 chaque plante \u00e9voque un coin du monde in\u00e9dit.<\/div><\/div>\n<div class=\"htl-info-card\"><div class=\"htl-info-ct\">Herbiers patrimoniaux<\/div><div class=\"htl-info-cx\">Ils permettent de plonger dans le temps, r\u00e9v\u00e9lant des esp\u00e8ces d\u00e9sormais disparues ou menac\u00e9es, et pr\u00e9servent la m\u00e9moire des \u00e9cosyst\u00e8mes d&rsquo;antan.<\/div><\/div>\n<\/div>\n\n\n<h2 class=\"wp-block-heading\">Un voyage \u00e0 travers le temps : des feuilles press\u00e9es aux archives scientifiques<\/h2>\n\n\n<p class=\"wp-block-paragraph\">Les <strong>herbiers<\/strong>, t\u00e9moins silencieux de notre <strong>patrimoine naturel<\/strong>, ont voyag\u00e9 \u00e0 travers les si\u00e8cles, se transformant en v\u00e9ritables archives de l&rsquo;histoire botanique et humaine. Initialement, ces collections \u00e9taient simples : des feuilles press\u00e9es, des fleurs s\u00e9ch\u00e9es, conserv\u00e9es pour leur beaut\u00e9 et leur diversit\u00e9. Cependant, au fil du temps, leur r\u00f4le s&rsquo;est profond\u00e9ment enrichi. Ils sont devenus des instruments de recherche scientifique, permettant d&rsquo;\u00e9tudier non seulement la <strong>biodiversit\u00e9<\/strong> mais aussi l&rsquo;\u00e9volution des <strong>\u00e9cosyst\u00e8mes<\/strong>.<\/p>\n\n\n<p class=\"wp-block-paragraph\">Leur importance r\u00e9side dans le fait qu&rsquo;ils racontent l&rsquo;histoire des <strong>plantes<\/strong> \u00e0 travers les r\u00e9gions et les \u00e9poques. Chaque sp\u00e9cimen r\u00e9pertori\u00e9 est un voyage dans le temps, \u00e9voquant les voyages d&rsquo;exploration et de d\u00e9couverte r\u00e9alis\u00e9s par des botanistes passionn\u00e9s. Par leurs observations minutieuses, ces scientifiques ont constitu\u00e9 de vastes collections, r\u00e9v\u00e9lant ainsi la richesse de la flore mondiale et sa typologie \u00e0 travers les <strong>herbiers historiques<\/strong>.<\/p>\n\n\n<p class=\"wp-block-paragraph\">Dans ce tourbillon d&rsquo;histoire, le Lavoir se dresse comme un lieu embl\u00e9matique, o\u00f9 les <strong>archives<\/strong> de la Ville ont \u00e9t\u00e9 m\u00e9ticuleusement explor\u00e9es. Pendant plusieurs mois, des passionn\u00e9s ont r\u00e9alis\u00e9 un travail colossal afin de mettre en lumi\u00e8re les tr\u00e9sors de la ville et de faire revivre l&rsquo;histoire des <strong>herbiers<\/strong>. En r\u00e9v\u00e9lant la beaut\u00e9 des objets et des plantes ayant marqu\u00e9 la vie des Herbiers, nous sommes invit\u00e9s \u00e0 plonger dans un <strong>voyage temporel<\/strong>.<\/p>\n\n\n<p class=\"wp-block-paragraph\">\u00c0 travers les <strong>herbiers du dioc\u00e8se du Puy-en-Velay<\/strong> ou encore les collections de l&rsquo;Universit\u00e9 de Tours, la conservation des sp\u00e9cimens se poursuit, connectant les g\u00e9n\u00e9rations pass\u00e9es aux contemporaines. Plus de <strong>150 000<\/strong> sp\u00e9cimens aujourd&rsquo;hui conserv\u00e9s sont autant de portails vers une compr\u00e9hension plus riche de notre histoire scientifique, li\u00e9e \u00e0 la nature. Ce dialogue entre le pass\u00e9 et le pr\u00e9sent met en lumi\u00e8re l&rsquo;importance de l&rsquo;h\u00e9ritage botanique et l&rsquo;interconnexion entre les <strong>plantes<\/strong> et l&rsquo;\u00e9volution des soci\u00e9t\u00e9s humaines.<\/p>\n\n\n<div class=\"htl-info-stats\">\n<div class=\"htl-info-stat\"><span class=\"htl-info-sn\">150 000<\/span><span class=\"htl-info-sl\">sp\u00e9cimens conserv\u00e9s<\/span><\/div>\n<div class=\"htl-info-stat\"><span class=\"htl-info-sn\">XVIIe-XVIIIe<\/span><span class=\"htl-info-sl\">essor des herbiers de voyage<\/span><\/div>\n<div class=\"htl-info-stat\"><span class=\"htl-info-sn\">4<\/span><span class=\"htl-info-sl\">grandes familles d&rsquo;herbiers<\/span><\/div>\n<\/div>\n\n\n<h2 class=\"wp-block-heading\">Un h\u00e9ritage culturel \u00e0 pr\u00e9server<\/h2>\n\n\n<p class=\"wp-block-paragraph\">Au fil du temps, les <strong>herbiers historiques<\/strong> se sont r\u00e9v\u00e9l\u00e9s \u00eatre bien plus que de simples collections de <strong>plantes s\u00e9ch\u00e9es<\/strong>. Ils portent en eux l&#8217;empreinte des <strong>\u00e9poques<\/strong>, des tendances et des d\u00e9couvertes scientifiques qui ont fa\u00e7onn\u00e9 notre compr\u00e9hension de la <strong>nature<\/strong>. Chaque feuillet, chaque goutte de r\u00e9sine, chaque annotation t\u00e9moigne des <strong>passions<\/strong> et des <strong>rencontres<\/strong> entre l&rsquo;homme et son environnement.<\/p>\n\n\n<p class=\"wp-block-paragraph\">Ces pr\u00e9cieux documents ne fournissent pas uniquement des <strong>donn\u00e9es botaniques<\/strong>, mais ils agissent \u00e9galement comme des <strong>liens culturels<\/strong> entre les g\u00e9n\u00e9rations. En scrutant les <strong>d\u00e9tails<\/strong> des esp\u00e8ces, on d\u00e9couvre des recettes oubli\u00e9es, des usages m\u00e9dicinaux, des techniques d&rsquo;<strong>agriculture<\/strong> ou m\u00eame des principes d&rsquo;<strong>\u00e9cologie<\/strong> des anc\u00eatres. Ce legs nous rappelle la <strong>richesse<\/strong> et la <strong>diversit\u00e9<\/strong> des <strong>relations humaines<\/strong> avec le <strong>monde v\u00e9g\u00e9tal<\/strong>.<\/p>\n\n\n<p class=\"wp-block-paragraph\">Les <strong>herbiers<\/strong> historiques invitent \u00e0 un <strong>voyage<\/strong> \u00e0 travers les \u00e2ges, \u00e0 la d\u00e9couverte de savoirs souvent m\u00e9connus. Ils nous incitent \u00e0 consid\u00e9rer non seulement la valeur scientifique de ces collections, mais aussi leur r\u00f4le dans le <strong>patrimoine culturel<\/strong>. En pr\u00e9servant ces <strong>documents<\/strong>, nous ne prot\u00e9geons pas uniquement la m\u00e9moire des <strong>plantes<\/strong>, mais aussi une partie essentielle de notre histoire.<\/p>\n\n\n<p class=\"wp-block-paragraph\">Ainsi, chaque <strong>herbier<\/strong> devient un <strong>r\u00e9ceptacle<\/strong> de nos histoires collectives, un espace de <strong>r\u00e9flexion<\/strong> sur notre rapport \u00e0 la <strong>nature<\/strong>. La fragilit\u00e9 de ces corpus nous pousse \u00e0 agir pour leur <strong>conservation<\/strong> et leur \u00e9tude. Prot\u00e9ger les <strong>herbiers historiques<\/strong> est donc primordial pour inspirer les g\u00e9n\u00e9rations futures \u00e0 reconna\u00eetre et \u00e0 ch\u00e9rir la <strong>richesse<\/strong> de notre <strong>patrimoine naturel<\/strong>.<\/p>\n\n\n<figure class=\"wp-block-embed is-type-video is-provider-youtube wp-block-embed-youtube wp-embed-aspect-16-9 wp-has-aspect-ratio\">\n<div class=\"wp-block-embed__wrapper\">\n<iframe loading=\"lazy\" title=\"L&#039;herbier virtuel du Prince Bonaparte : historique\" width=\"1200\" height=\"675\" src=\"https:\/\/www.youtube.com\/embed\/leVJmALS9fY?feature=oembed\" frameborder=\"0\" allow=\"accelerometer; autoplay; clipboard-write; encrypted-media; gyroscope; picture-in-picture; web-share\" referrerpolicy=\"strict-origin-when-cross-origin\" allowfullscreen><\/iframe>\n<\/div>\n<\/figure>\n\n\n<div class=\"htl-info-retenir\">\n<div class=\"htl-info-bt\">\u00c0 retenir<\/div>\n<ul>\n<li>Un herbier historique est une collection de plantes s\u00e9ch\u00e9es, press\u00e9es et annot\u00e9es, t\u00e9moin d&rsquo;une \u00e9poque et de ses savoirs.<\/li>\n<li>D&rsquo;abord m\u00e9dicinaux, les herbiers sont devenus des outils de classification et de recherche scientifique, surtout aux XVIIe et XVIIIe si\u00e8cles.<\/li>\n<li>On distingue les herbiers scientifiques, artistiques, de voyage et patrimoniaux.<\/li>\n<li>Des collections comme celles du dioc\u00e8se du Puy-en-Velay ou de l&rsquo;Universit\u00e9 de Tours conservent plus de 150 000 sp\u00e9cimens.<\/li>\n<li>Leur fragilit\u00e9 rend leur conservation essentielle pour transmettre ce patrimoine naturel et culturel.<\/li>\n<\/ul>\n<\/div>\n<div class=\"htl-info-faq\">\n<details><summary>Qu&rsquo;est-ce qu&rsquo;un herbier ?<\/summary><div class=\"htl-info-fa\">Un herbier est une collection de plantes s\u00e9ch\u00e9es et press\u00e9es, conserv\u00e9es entre des feuilles, puis catalogu\u00e9es et annot\u00e9es. Historiquement, il servait \u00e0 \u00e9tudier, identifier et classer les esp\u00e8ces v\u00e9g\u00e9tales, \u00e0 des fins d&rsquo;abord m\u00e9dicinales puis scientifiques.<\/div><\/details>\n<details><summary>Quels sont les grands herbiers historiques en France ?<\/summary><div class=\"htl-info-fa\">Parmi les collections \u00e9voqu\u00e9es figurent les herbiers du dioc\u00e8se du Puy-en-Velay et ceux de l&rsquo;Universit\u00e9 de Tours, qui rassemblent ensemble plus de 150 000 sp\u00e9cimens conserv\u00e9s, autant de portails vers notre histoire scientifique li\u00e9e \u00e0 la nature.<\/div><\/details>\n<details><summary>\u00c0 quoi servaient les herbiers \u00e0 travers les si\u00e8cles ?<\/summary><div class=\"htl-info-fa\">\u00c0 l&rsquo;origine, ils servaient \u00e0 des fins m\u00e9dicinales : on y \u00e9tudiait les propri\u00e9t\u00e9s curatives des plantes. Au fil du temps, et notamment gr\u00e2ce aux voyages scientifiques des XVIIe et XVIIIe si\u00e8cles, ils sont devenus des outils de classification et ont contribu\u00e9 aux premi\u00e8res taxonomies botaniques.<\/div><\/details>\n<details><summary>Pourquoi est-il important de conserver les herbiers anciens ?<\/summary><div class=\"htl-info-fa\">Ce sont des archives vivantes : ils renseignent sur l&rsquo;\u00e9volution des esp\u00e8ces, les changements environnementaux et les savoirs ancestraux. Leur fragilit\u00e9 rend leur conservation primordiale pour transmettre ce patrimoine botanique et culturel aux g\u00e9n\u00e9rations futures.<\/div><\/details>\n<\/div>\n<\/div>\n\n<p><em>\u00c0 lire \u00e9galement : <a href=\"https:\/\/herberiedelatille.fr\/blog\/fleurs-et-plantes\/cueillette-sauvage-et-balade-en-pleine-nature-equipement-et-bonne-atti\/\">l&rsquo;\u00e9quipement pour une cueillette sauvage r\u00e9ussie<\/a>.<\/em><\/p><hr><div class=\"articles-lies\"><h3>\u00c0 lire aussi<\/h3><ul><li><a href=\"https:\/\/herberiedelatille.fr\/blog\/identification-des-plantes\/techniques-de-classification-des-plantes\/\">Techniques de classification des plantes<\/a><\/li><li><a href=\"https:\/\/herberiedelatille.fr\/blog\/identification-des-plantes\/comment-monter-un-echantillon-de-plante-pour-un-herbier\/\">Comment monter un \u00e9chantillon de plante pour un herbier<\/a><\/li><li><a href=\"https:\/\/herberiedelatille.fr\/blog\/identification-des-plantes\/les-erreurs-courantes-a-eviter-en-herborisation\/\">Les erreurs courantes \u00e0 \u00e9viter en herborisation<\/a><\/li><li><a href=\"https:\/\/herberiedelatille.fr\/blog\/conservation-et-biodiversite\/les-plantes-medicinales-definition-vertus-et-conseils-de-culture\/\">Les plantes m\u00e9dicinales : d\u00e9finition, vertus et conseils de culture<\/a><\/li><\/ul><\/div>","protected":false},"excerpt":{"rendered":"","protected":false},"author":34,"featured_media":7489,"comment_status":"open","ping_status":"open","sticky":false,"template":"","format":"standard","meta":{"_acf_changed":false,"manual_indexmenow":false,"indexmenow_id_project":0,"footnotes":""},"categories":[4520],"tags":[],"class_list":["post-7357","post","type-post","status-publish","format-standard","has-post-thumbnail","hentry","category-identification-des-plantes","generate-columns","tablet-grid-50","mobile-grid-100","grid-parent","grid-25"],"acf":[],"yoast_head":"<!-- This site is optimized with the Yoast SEO Premium plugin v21.3 (Yoast SEO v25.6) - https:\/\/yoast.com\/wordpress\/plugins\/seo\/ -->\n<title>Herbiers historiques : Plong\u00e9e dans le pass\u00e9 des plantes<\/title>\n<meta name=\"description\" content=\"Herbiers historiques : un voyage dans le temps \u00e0 la d\u00e9couverte des grandes collections botaniques et de leur apport \u00e0 la science des plantes.\" \/>\n<meta name=\"robots\" content=\"index, follow, max-snippet:-1, max-image-preview:large, max-video-preview:-1\" \/>\n<link rel=\"canonical\" href=\"https:\/\/herberiedelatille.fr\/blog\/identification-des-plantes\/herbiers-historiques-un-voyage-a-travers-le-temps\/\" \/>\n<meta property=\"og:locale\" content=\"fr_FR\" \/>\n<meta property=\"og:type\" content=\"article\" \/>\n<meta property=\"og:title\" content=\"Herbiers historiques : Plong\u00e9e dans le pass\u00e9 des plantes\" \/>\n<meta property=\"og:description\" content=\"Herbiers historiques : un voyage dans le temps \u00e0 la d\u00e9couverte des grandes collections botaniques et de leur apport \u00e0 la science des plantes.\" \/>\n<meta property=\"og:url\" content=\"https:\/\/herberiedelatille.fr\/blog\/identification-des-plantes\/herbiers-historiques-un-voyage-a-travers-le-temps\/\" \/>\n<meta property=\"og:site_name\" content=\"Herberie de la Tille\" \/>\n<meta property=\"og:image\" content=\"https:\/\/herberiedelatille.fr\/blog\/wp-content\/uploads\/2025\/02\/sdxl-32e2b6218dbacf52b245993b718ba5ca.png\" \/>\n\t<meta property=\"og:image:width\" content=\"1536\" \/>\n\t<meta property=\"og:image:height\" content=\"640\" \/>\n\t<meta property=\"og:image:type\" content=\"image\/png\" \/>\n<meta name=\"author\" content=\"Julien Prigent\" \/>\n<meta name=\"twitter:card\" content=\"summary_large_image\" \/>\n<script type=\"application\/ld+json\" class=\"yoast-schema-graph\">{\"@context\":\"https:\/\/schema.org\",\"@graph\":[{\"@type\":\"NewsArticle\",\"@id\":\"https:\/\/herberiedelatille.fr\/blog\/identification-des-plantes\/herbiers-historiques-un-voyage-a-travers-le-temps\/#article\",\"isPartOf\":{\"@id\":\"https:\/\/herberiedelatille.fr\/blog\/identification-des-plantes\/herbiers-historiques-un-voyage-a-travers-le-temps\/\"},\"author\":{\"name\":\"Julien Prigent\",\"@id\":\"https:\/\/herberiedelatille.fr\/blog\/#\/schema\/person\/3c864cdc320801e3db34b663e7e3f816\"},\"headline\":\"Herbiers historiques : un voyage \u00e0 travers le temps\",\"datePublished\":\"2026-06-16T08:56:59+00:00\",\"mainEntityOfPage\":{\"@id\":\"https:\/\/herberiedelatille.fr\/blog\/identification-des-plantes\/herbiers-historiques-un-voyage-a-travers-le-temps\/\"},\"wordCount\":1866,\"commentCount\":0,\"publisher\":{\"@id\":\"https:\/\/herberiedelatille.fr\/blog\/#organization\"},\"image\":{\"@id\":\"https:\/\/herberiedelatille.fr\/blog\/identification-des-plantes\/herbiers-historiques-un-voyage-a-travers-le-temps\/#primaryimage\"},\"thumbnailUrl\":\"https:\/\/herberiedelatille.fr\/blog\/wp-content\/uploads\/2025\/02\/sdxl-32e2b6218dbacf52b245993b718ba5ca.png\",\"articleSection\":[\"Identification des Plantes\"],\"inLanguage\":\"fr-FR\",\"potentialAction\":[{\"@type\":\"CommentAction\",\"name\":\"Comment\",\"target\":[\"https:\/\/herberiedelatille.fr\/blog\/identification-des-plantes\/herbiers-historiques-un-voyage-a-travers-le-temps\/#respond\"]}]},{\"@type\":\"WebPage\",\"@id\":\"https:\/\/herberiedelatille.fr\/blog\/identification-des-plantes\/herbiers-historiques-un-voyage-a-travers-le-temps\/\",\"url\":\"https:\/\/herberiedelatille.fr\/blog\/identification-des-plantes\/herbiers-historiques-un-voyage-a-travers-le-temps\/\",\"name\":\"Herbiers historiques : Plong\u00e9e dans le pass\u00e9 des plantes\",\"isPartOf\":{\"@id\":\"https:\/\/herberiedelatille.fr\/blog\/#website\"},\"primaryImageOfPage\":{\"@id\":\"https:\/\/herberiedelatille.fr\/blog\/identification-des-plantes\/herbiers-historiques-un-voyage-a-travers-le-temps\/#primaryimage\"},\"image\":{\"@id\":\"https:\/\/herberiedelatille.fr\/blog\/identification-des-plantes\/herbiers-historiques-un-voyage-a-travers-le-temps\/#primaryimage\"},\"thumbnailUrl\":\"https:\/\/herberiedelatille.fr\/blog\/wp-content\/uploads\/2025\/02\/sdxl-32e2b6218dbacf52b245993b718ba5ca.png\",\"datePublished\":\"2026-06-16T08:56:59+00:00\",\"description\":\"Herbiers historiques : un voyage dans le temps \u00e0 la d\u00e9couverte des grandes collections botaniques et de leur apport \u00e0 la science des plantes.\",\"inLanguage\":\"fr-FR\",\"potentialAction\":[{\"@type\":\"ReadAction\",\"target\":[\"https:\/\/herberiedelatille.fr\/blog\/identification-des-plantes\/herbiers-historiques-un-voyage-a-travers-le-temps\/\"]}]},{\"@type\":\"ImageObject\",\"inLanguage\":\"fr-FR\",\"@id\":\"https:\/\/herberiedelatille.fr\/blog\/identification-des-plantes\/herbiers-historiques-un-voyage-a-travers-le-temps\/#primaryimage\",\"url\":\"https:\/\/herberiedelatille.fr\/blog\/wp-content\/uploads\/2025\/02\/sdxl-32e2b6218dbacf52b245993b718ba5ca.png\",\"contentUrl\":\"https:\/\/herberiedelatille.fr\/blog\/wp-content\/uploads\/2025\/02\/sdxl-32e2b6218dbacf52b245993b718ba5ca.png\",\"width\":1536,\"height\":640},{\"@type\":\"WebSite\",\"@id\":\"https:\/\/herberiedelatille.fr\/blog\/#website\",\"url\":\"https:\/\/herberiedelatille.fr\/blog\/\",\"name\":\"Herberie de la Tille\",\"description\":\"Le m\u00e9dia de la botanique pratique \u2014 plantes, herboristerie, identification\",\"publisher\":{\"@id\":\"https:\/\/herberiedelatille.fr\/blog\/#organization\"},\"alternateName\":\"Herberie de la Tille\",\"potentialAction\":[{\"@type\":\"SearchAction\",\"target\":{\"@type\":\"EntryPoint\",\"urlTemplate\":\"https:\/\/herberiedelatille.fr\/blog\/?s={search_term_string}\"},\"query-input\":{\"@type\":\"PropertyValueSpecification\",\"valueRequired\":true,\"valueName\":\"search_term_string\"}}],\"inLanguage\":\"fr-FR\"},{\"@type\":\"Organization\",\"@id\":\"https:\/\/herberiedelatille.fr\/blog\/#organization\",\"name\":\"Herberie de la Tille\",\"url\":\"https:\/\/herberiedelatille.fr\/blog\/\",\"logo\":{\"@type\":\"ImageObject\",\"inLanguage\":\"fr-FR\",\"@id\":\"https:\/\/herberiedelatille.fr\/blog\/#\/schema\/logo\/image\/\",\"url\":\"https:\/\/herberiedelatille.fr\/blog\/wp-content\/uploads\/2024\/12\/herberiedelatille.png\",\"contentUrl\":\"https:\/\/herberiedelatille.fr\/blog\/wp-content\/uploads\/2024\/12\/herberiedelatille.png\",\"width\":500,\"height\":500,\"caption\":\"Herberie de la Tille\"},\"image\":{\"@id\":\"https:\/\/herberiedelatille.fr\/blog\/#\/schema\/logo\/image\/\"}},{\"@type\":\"Person\",\"@id\":\"https:\/\/herberiedelatille.fr\/blog\/#\/schema\/person\/3c864cdc320801e3db34b663e7e3f816\",\"name\":\"Julien Prigent\",\"image\":{\"@type\":\"ImageObject\",\"inLanguage\":\"fr-FR\",\"@id\":\"https:\/\/herberiedelatille.fr\/blog\/#\/schema\/person\/image\/\",\"url\":\"https:\/\/herberiedelatille.fr\/blog\/wp-content\/uploads\/2026\/06\/persona_julien-p-96x96.jpg\",\"contentUrl\":\"https:\/\/herberiedelatille.fr\/blog\/wp-content\/uploads\/2026\/06\/persona_julien-p-96x96.jpg\",\"caption\":\"Julien Prigent\"},\"description\":\"Bricoleur et jardinier dans l'\u00e2me, j'\u00e9cris sur la maison et ses ext\u00e9rieurs avec les mains dans le cambouis plus que dans les th\u00e9ories. Mon terrain couvre tout l'habitat : le potager et le jardin au fil des saisons, mais aussi les petits travaux, la r\u00e9novation, le bricolage et les m\u00e9tiers du b\u00e2timent \u2014 toiture, isolation, menuiserie, serrurerie, ma\u00e7onnerie. J'aime expliquer un geste technique simplement, donner des fourchettes de prix r\u00e9alistes et les bons crit\u00e8res pour choisir un mat\u00e9riau ou un artisan. Je teste ce que je peux sur mes propres chantiers et au jardin avant d'en parler, je distingue la tradition de ce que confirme l'observation, et je pr\u00e9cise toujours le contexte \u2014 climat, type de sol, configuration du logement \u2014 parce qu'un m\u00eame conseil ne vaut pas partout. Mon but : rendre l'entretien et l'am\u00e9lioration de la maison accessibles, durables et \u00e9conomes.\",\"sameAs\":[\"https:\/\/julienprigent.fr\/\"],\"url\":\"https:\/\/herberiedelatille.fr\/blog\/auteur\/julien-p\/\"}]}<\/script>\n<!-- \/ Yoast SEO Premium plugin. -->","yoast_head_json":{"title":"Herbiers historiques : Plong\u00e9e dans le pass\u00e9 des plantes","description":"Herbiers historiques : un voyage dans le temps \u00e0 la d\u00e9couverte des grandes collections botaniques et de leur apport \u00e0 la science des plantes.","robots":{"index":"index","follow":"follow","max-snippet":"max-snippet:-1","max-image-preview":"max-image-preview:large","max-video-preview":"max-video-preview:-1"},"canonical":"https:\/\/herberiedelatille.fr\/blog\/identification-des-plantes\/herbiers-historiques-un-voyage-a-travers-le-temps\/","og_locale":"fr_FR","og_type":"article","og_title":"Herbiers historiques : Plong\u00e9e dans le pass\u00e9 des plantes","og_description":"Herbiers historiques : un voyage dans le temps \u00e0 la d\u00e9couverte des grandes collections botaniques et de leur apport \u00e0 la science des plantes.","og_url":"https:\/\/herberiedelatille.fr\/blog\/identification-des-plantes\/herbiers-historiques-un-voyage-a-travers-le-temps\/","og_site_name":"Herberie de la Tille","og_image":[{"width":1536,"height":640,"url":"https:\/\/herberiedelatille.fr\/blog\/wp-content\/uploads\/2025\/02\/sdxl-32e2b6218dbacf52b245993b718ba5ca.png","type":"image\/png"}],"author":"Julien Prigent","twitter_card":"summary_large_image","schema":{"@context":"https:\/\/schema.org","@graph":[{"@type":"NewsArticle","@id":"https:\/\/herberiedelatille.fr\/blog\/identification-des-plantes\/herbiers-historiques-un-voyage-a-travers-le-temps\/#article","isPartOf":{"@id":"https:\/\/herberiedelatille.fr\/blog\/identification-des-plantes\/herbiers-historiques-un-voyage-a-travers-le-temps\/"},"author":{"name":"Julien Prigent","@id":"https:\/\/herberiedelatille.fr\/blog\/#\/schema\/person\/3c864cdc320801e3db34b663e7e3f816"},"headline":"Herbiers historiques : un voyage \u00e0 travers le temps","datePublished":"2026-06-16T08:56:59+00:00","mainEntityOfPage":{"@id":"https:\/\/herberiedelatille.fr\/blog\/identification-des-plantes\/herbiers-historiques-un-voyage-a-travers-le-temps\/"},"wordCount":1866,"commentCount":0,"publisher":{"@id":"https:\/\/herberiedelatille.fr\/blog\/#organization"},"image":{"@id":"https:\/\/herberiedelatille.fr\/blog\/identification-des-plantes\/herbiers-historiques-un-voyage-a-travers-le-temps\/#primaryimage"},"thumbnailUrl":"https:\/\/herberiedelatille.fr\/blog\/wp-content\/uploads\/2025\/02\/sdxl-32e2b6218dbacf52b245993b718ba5ca.png","articleSection":["Identification des Plantes"],"inLanguage":"fr-FR","potentialAction":[{"@type":"CommentAction","name":"Comment","target":["https:\/\/herberiedelatille.fr\/blog\/identification-des-plantes\/herbiers-historiques-un-voyage-a-travers-le-temps\/#respond"]}]},{"@type":"WebPage","@id":"https:\/\/herberiedelatille.fr\/blog\/identification-des-plantes\/herbiers-historiques-un-voyage-a-travers-le-temps\/","url":"https:\/\/herberiedelatille.fr\/blog\/identification-des-plantes\/herbiers-historiques-un-voyage-a-travers-le-temps\/","name":"Herbiers historiques : Plong\u00e9e dans le pass\u00e9 des plantes","isPartOf":{"@id":"https:\/\/herberiedelatille.fr\/blog\/#website"},"primaryImageOfPage":{"@id":"https:\/\/herberiedelatille.fr\/blog\/identification-des-plantes\/herbiers-historiques-un-voyage-a-travers-le-temps\/#primaryimage"},"image":{"@id":"https:\/\/herberiedelatille.fr\/blog\/identification-des-plantes\/herbiers-historiques-un-voyage-a-travers-le-temps\/#primaryimage"},"thumbnailUrl":"https:\/\/herberiedelatille.fr\/blog\/wp-content\/uploads\/2025\/02\/sdxl-32e2b6218dbacf52b245993b718ba5ca.png","datePublished":"2026-06-16T08:56:59+00:00","description":"Herbiers historiques : un voyage dans le temps \u00e0 la d\u00e9couverte des grandes collections botaniques et de leur apport \u00e0 la science des plantes.","inLanguage":"fr-FR","potentialAction":[{"@type":"ReadAction","target":["https:\/\/herberiedelatille.fr\/blog\/identification-des-plantes\/herbiers-historiques-un-voyage-a-travers-le-temps\/"]}]},{"@type":"ImageObject","inLanguage":"fr-FR","@id":"https:\/\/herberiedelatille.fr\/blog\/identification-des-plantes\/herbiers-historiques-un-voyage-a-travers-le-temps\/#primaryimage","url":"https:\/\/herberiedelatille.fr\/blog\/wp-content\/uploads\/2025\/02\/sdxl-32e2b6218dbacf52b245993b718ba5ca.png","contentUrl":"https:\/\/herberiedelatille.fr\/blog\/wp-content\/uploads\/2025\/02\/sdxl-32e2b6218dbacf52b245993b718ba5ca.png","width":1536,"height":640},{"@type":"WebSite","@id":"https:\/\/herberiedelatille.fr\/blog\/#website","url":"https:\/\/herberiedelatille.fr\/blog\/","name":"Herberie de la Tille","description":"Le m\u00e9dia de la botanique pratique \u2014 plantes, herboristerie, identification","publisher":{"@id":"https:\/\/herberiedelatille.fr\/blog\/#organization"},"alternateName":"Herberie de la Tille","potentialAction":[{"@type":"SearchAction","target":{"@type":"EntryPoint","urlTemplate":"https:\/\/herberiedelatille.fr\/blog\/?s={search_term_string}"},"query-input":{"@type":"PropertyValueSpecification","valueRequired":true,"valueName":"search_term_string"}}],"inLanguage":"fr-FR"},{"@type":"Organization","@id":"https:\/\/herberiedelatille.fr\/blog\/#organization","name":"Herberie de la Tille","url":"https:\/\/herberiedelatille.fr\/blog\/","logo":{"@type":"ImageObject","inLanguage":"fr-FR","@id":"https:\/\/herberiedelatille.fr\/blog\/#\/schema\/logo\/image\/","url":"https:\/\/herberiedelatille.fr\/blog\/wp-content\/uploads\/2024\/12\/herberiedelatille.png","contentUrl":"https:\/\/herberiedelatille.fr\/blog\/wp-content\/uploads\/2024\/12\/herberiedelatille.png","width":500,"height":500,"caption":"Herberie de la Tille"},"image":{"@id":"https:\/\/herberiedelatille.fr\/blog\/#\/schema\/logo\/image\/"}},{"@type":"Person","@id":"https:\/\/herberiedelatille.fr\/blog\/#\/schema\/person\/3c864cdc320801e3db34b663e7e3f816","name":"Julien Prigent","image":{"@type":"ImageObject","inLanguage":"fr-FR","@id":"https:\/\/herberiedelatille.fr\/blog\/#\/schema\/person\/image\/","url":"https:\/\/herberiedelatille.fr\/blog\/wp-content\/uploads\/2026\/06\/persona_julien-p-96x96.jpg","contentUrl":"https:\/\/herberiedelatille.fr\/blog\/wp-content\/uploads\/2026\/06\/persona_julien-p-96x96.jpg","caption":"Julien Prigent"},"description":"Bricoleur et jardinier dans l'\u00e2me, j'\u00e9cris sur la maison et ses ext\u00e9rieurs avec les mains dans le cambouis plus que dans les th\u00e9ories. Mon terrain couvre tout l'habitat : le potager et le jardin au fil des saisons, mais aussi les petits travaux, la r\u00e9novation, le bricolage et les m\u00e9tiers du b\u00e2timent \u2014 toiture, isolation, menuiserie, serrurerie, ma\u00e7onnerie. J'aime expliquer un geste technique simplement, donner des fourchettes de prix r\u00e9alistes et les bons crit\u00e8res pour choisir un mat\u00e9riau ou un artisan. Je teste ce que je peux sur mes propres chantiers et au jardin avant d'en parler, je distingue la tradition de ce que confirme l'observation, et je pr\u00e9cise toujours le contexte \u2014 climat, type de sol, configuration du logement \u2014 parce qu'un m\u00eame conseil ne vaut pas partout. Mon but : rendre l'entretien et l'am\u00e9lioration de la maison accessibles, durables et \u00e9conomes.","sameAs":["https:\/\/julienprigent.fr\/"],"url":"https:\/\/herberiedelatille.fr\/blog\/auteur\/julien-p\/"}]}},"_links":{"self":[{"href":"https:\/\/herberiedelatille.fr\/blog\/wp-json\/wp\/v2\/posts\/7357","targetHints":{"allow":["GET"]}}],"collection":[{"href":"https:\/\/herberiedelatille.fr\/blog\/wp-json\/wp\/v2\/posts"}],"about":[{"href":"https:\/\/herberiedelatille.fr\/blog\/wp-json\/wp\/v2\/types\/post"}],"author":[{"embeddable":true,"href":"https:\/\/herberiedelatille.fr\/blog\/wp-json\/wp\/v2\/users\/34"}],"replies":[{"embeddable":true,"href":"https:\/\/herberiedelatille.fr\/blog\/wp-json\/wp\/v2\/comments?post=7357"}],"version-history":[{"count":3,"href":"https:\/\/herberiedelatille.fr\/blog\/wp-json\/wp\/v2\/posts\/7357\/revisions"}],"predecessor-version":[{"id":7849,"href":"https:\/\/herberiedelatille.fr\/blog\/wp-json\/wp\/v2\/posts\/7357\/revisions\/7849"}],"wp:featuredmedia":[{"embeddable":true,"href":"https:\/\/herberiedelatille.fr\/blog\/wp-json\/wp\/v2\/media\/7489"}],"wp:attachment":[{"href":"https:\/\/herberiedelatille.fr\/blog\/wp-json\/wp\/v2\/media?parent=7357"}],"wp:term":[{"taxonomy":"category","embeddable":true,"href":"https:\/\/herberiedelatille.fr\/blog\/wp-json\/wp\/v2\/categories?post=7357"},{"taxonomy":"post_tag","embeddable":true,"href":"https:\/\/herberiedelatille.fr\/blog\/wp-json\/wp\/v2\/tags?post=7357"}],"curies":[{"name":"wp","href":"https:\/\/api.w.org\/{rel}","templated":true}]}}