{"id":7373,"date":"2026-05-19T16:15:26","date_gmt":"2026-05-19T14:15:26","guid":{"rendered":"https:\/\/herberiedelatille.fr\/blog\/a-la-une\/limpact-de-la-botanique-sur-lenvironnement\/"},"modified":"2026-05-19T16:15:26","modified_gmt":"2026-05-19T14:15:26","slug":"limpact-de-la-botanique-sur-lenvironnement","status":"publish","type":"post","link":"https:\/\/herberiedelatille.fr\/blog\/identification-des-plantes\/limpact-de-la-botanique-sur-lenvironnement\/","title":{"rendered":"L&rsquo;impact de la botanique sur l&rsquo;environnement"},"content":{"rendered":"\n<div style=\"background:linear-gradient(135deg,#f4f9f5 0%,#e8f1ea 100%);border-left:4px solid #2a5f3f;padding:28px 32px;margin:0 0 32px;border-radius:6px;\">\n<div style=\"font-size:0.78rem;letter-spacing:0.18em;text-transform:uppercase;color:#2a5f3f;font-weight:700;margin-bottom:10px;\">Dossier \u00b7 Botanique &#038; Environnement<\/div>\n<div style=\"font-size:1.05rem;line-height:1.65;color:#1f3a2a;\">La botanique n&rsquo;est plus un simple inventaire v\u00e9g\u00e9tal : c&rsquo;est devenu un <strong>outil de d\u00e9cision climatique<\/strong>. De la s\u00e9questration du carbone aux services \u00e9cosyst\u00e9miques, ce dossier explore comment l&rsquo;\u00e9tude des plantes redessine notre rapport au vivant et oriente les politiques de pr\u00e9servation \u00e0 l&rsquo;horizon 2030.<\/div>\n<\/div>\n\n\n<p class=\"wp-block-paragraph\">Dans un monde en proie \u00e0 des d\u00e9fis environnementaux sans pr\u00e9c\u00e9dent, <strong>la botanique<\/strong> se r\u00e9v\u00e8le \u00eatre une alli\u00e9e pr\u00e9cieuse pour la pr\u00e9servation de notre plan\u00e8te. Elle nous permet de comprendre non seulement la diversit\u00e9 des <strong>plantes<\/strong>, mais aussi leur r\u00f4le vital dans l&rsquo;<strong>\u00e9cosyst\u00e8me<\/strong> terrestre. Les <strong>plantes<\/strong> sont des acteurs cl\u00e9s dans la r\u00e9gulation du climat, la purification de l&rsquo;air et de l&rsquo;eau, ainsi que dans la fourniture d&rsquo;habitat pour de nombreuses esp\u00e8ces. \u00c0 une \u00e9poque o\u00f9 le <strong>changement climatique<\/strong> menace d&rsquo;\u00e9radiquer certaines de ces esp\u00e8ces et de d\u00e9s\u00e9quilibrer les \u00e9cosyst\u00e8mes, il est crucial d&rsquo;explorer en profondeur l&rsquo;impact de la botanique sur l&rsquo;environnement et la fa\u00e7on dont elle peut contribuer \u00e0 un avenir durable. Gagner une compr\u00e9hension plus riche des <strong>interconnexions<\/strong> entre les plantes et notre soci\u00e9t\u00e9 permet de sensibiliser le grand public et d&rsquo;encourager des actions concr\u00e8tes pour prot\u00e9ger nos pr\u00e9cieux environnements naturels.<\/p>\n\n\n<div style=\"display:grid;grid-template-columns:repeat(auto-fit,minmax(180px,1fr));gap:14px;margin:32px 0;\">\n<div style=\"background:#fff;border:1px solid #d4e4d8;border-radius:8px;padding:20px 18px;text-align:center;\">\n<div style=\"font-size:2rem;font-weight:800;color:#2a5f3f;line-height:1;\">~391 000<\/div>\n<div style=\"font-size:0.78rem;color:#5a6f60;margin-top:8px;letter-spacing:0.06em;\">esp\u00e8ces de plantes vasculaires d\u00e9crites<\/div>\n<\/div>\n<div style=\"background:#fff;border:1px solid #d4e4d8;border-radius:8px;padding:20px 18px;text-align:center;\">\n<div style=\"font-size:2rem;font-weight:800;color:#2a5f3f;line-height:1;\">2\/5<\/div>\n<div style=\"font-size:0.78rem;color:#5a6f60;margin-top:8px;letter-spacing:0.06em;\">esp\u00e8ces v\u00e9g\u00e9tales menac\u00e9es (IUCN)<\/div>\n<\/div>\n<div style=\"background:#fff;border:1px solid #d4e4d8;border-radius:8px;padding:20px 18px;text-align:center;\">\n<div style=\"font-size:2rem;font-weight:800;color:#2a5f3f;line-height:1;\">30 %<\/div>\n<div style=\"font-size:0.78rem;color:#5a6f60;margin-top:8px;letter-spacing:0.06em;\">du CO\u2082 anthropique capt\u00e9 par les \u00e9cosyst\u00e8mes terrestres<\/div>\n<\/div>\n<div style=\"background:#fff;border:1px solid #d4e4d8;border-radius:8px;padding:20px 18px;text-align:center;\">\n<div style=\"font-size:2rem;font-weight:800;color:#2a5f3f;line-height:1;\">10 M ha<\/div>\n<div style=\"font-size:0.78rem;color:#5a6f60;margin-top:8px;letter-spacing:0.06em;\">de for\u00eats perdus chaque ann\u00e9e (FAO)<\/div>\n<\/div>\n<\/div>\n\n\n<p class=\"wp-block-paragraph\">La <strong>botanique<\/strong> est la science qui \u00e9tudie les <strong>plantes<\/strong>, leur structure, leur fonction, leur croissance, leur reproduction et leurs relations avec les \u00eatres vivants et l&rsquo;environnement. Cette discipline joue un r\u00f4le essentiel dans la compr\u00e9hension des <strong>\u00e9cosyst\u00e8mes<\/strong> et des processus \u00e9cologiques qui les r\u00e9gissent. H\u00e9riti\u00e8re des travaux de Linn\u00e9, elle s&rsquo;est m\u00e9tamorphos\u00e9e en science transversale, croisant g\u00e9n\u00e9tique, climatologie et \u00e9cologie du paysage pour d\u00e9coder les signaux du vivant.<\/p>\n\n\n<h2 class=\"wp-block-heading\">Les concepts cl\u00e9s de la botanique<\/h2>\n\n\n<p class=\"wp-block-paragraph\">Parmi les concepts cl\u00e9s de la botanique, on trouve la <strong>taxonomie<\/strong>, qui permet de classer les diff\u00e9rentes esp\u00e8ces de plantes, et la <strong>phytosociologie<\/strong>, qui \u00e9tudie les relations entre les plantes et leur environnement. Ces deux domaines sont fondamentaux pour identifier la biodiversit\u00e9 et comprendre son importance pour la sant\u00e9 des <strong>\u00e9cosyst\u00e8mes<\/strong>. \u00c0 ces piliers s&rsquo;ajoutent la <em>ph\u00e9nologie<\/em> (rythmes saisonniers du vivant), l&rsquo;<em>\u00e9cophysiologie<\/em> v\u00e9g\u00e9tale et la <em>biog\u00e9ographie<\/em>, qui cartographie la r\u00e9partition des esp\u00e8ces face au climat.<\/p>\n\n\n<div style=\"background:#1f3a2a;color:#e8f1ea;padding:30px 32px;border-radius:8px;margin:28px 0;position:relative;\">\n<div style=\"font-size:0.72rem;letter-spacing:0.22em;text-transform:uppercase;color:#9bc4a7;margin-bottom:14px;\">Rep\u00e8re scientifique<\/div>\n<div style=\"font-family:Georgia,serif;font-size:1.4rem;line-height:1.5;font-style:italic;\">\u00ab Sans la botanique, aucune science de la nature n&rsquo;est compl\u00e8te : c&rsquo;est elle qui relie le min\u00e9ral au vivant et le vivant au climat. \u00bb<\/div>\n<div style=\"margin-top:14px;font-size:0.85rem;color:#9bc4a7;\">\u2014 Inspiration des Lumi\u00e8res naturalistes, de Linn\u00e9 \u00e0 Humboldt<\/div>\n<\/div>\n\n\n<h2 class=\"wp-block-heading\">R\u00f4le de la botanique dans l&rsquo;\u00e9tude des \u00e9cosyst\u00e8mes<\/h2>\n\n\n<p class=\"wp-block-paragraph\">La botanique est cruciale pour l&rsquo;\u00e9tude des <strong>\u00e9cosyst\u00e8mes<\/strong> car elle permet d&rsquo;analyser les interactions entre les plantes, les animaux et les micro-organismes. Par exemple, les for\u00eats tropicales, qui abritent une immense diversit\u00e9 de plantes, jouent un r\u00f4le vital dans le stockage du carbone et la r\u00e9gulation du climat. En \u00e9tudiant les esp\u00e8ces v\u00e9g\u00e9tales pr\u00e9sentes dans ces for\u00eats, les scientifiques peuvent mieux comprendre comment elles contribuent \u00e0 la <strong>lutte contre le changement climatique<\/strong>. Les rapports successifs de l&rsquo;<strong>IPBES<\/strong> rappellent que la sant\u00e9 des \u00e9cosyst\u00e8mes terrestres conditionne directement la s\u00e9curit\u00e9 alimentaire, hydrique et sanitaire de l&rsquo;humanit\u00e9.<\/p>\n\n\n<h2 class=\"wp-block-heading\">Les plantes et leur r\u00f4le dans l&rsquo;environnement<\/h2>\n\n\n<p class=\"wp-block-paragraph\">Les plantes jouent \u00e9galement un r\u00f4le important dans la <strong>qualit\u00e9 de l&rsquo;air<\/strong> en produisant de l&rsquo;oxyg\u00e8ne et en filtrant les polluants. Par exemple, les <strong>arbres<\/strong> \u00e0 feuilles caduques, comme le ch\u00eane ou l&rsquo;\u00e9rable, contribuent \u00e0 la purification de l&rsquo;air en absorbant le dioxyde de carbone et en lib\u00e9rant de l&rsquo;oxyg\u00e8ne. De plus, les plantes aquatiques jouent un r\u00f4le crucial dans la sant\u00e9 des <strong>milieux aquatiques<\/strong>, en fournissant de l&rsquo;oxyg\u00e8ne et en servant d&rsquo;habitat pour de nombreuses esp\u00e8ces animales.<\/p>\n\n\n<div style=\"display:grid;grid-template-columns:repeat(auto-fit,minmax(240px,1fr));gap:18px;margin:28px 0;\">\n<div style=\"background:#fff;border-top:3px solid #2a5f3f;padding:22px 22px;border-radius:6px;box-shadow:0 1px 3px rgba(31,58,42,0.08);\">\n<div style=\"font-size:0.72rem;letter-spacing:0.18em;text-transform:uppercase;color:#2a5f3f;font-weight:700;margin-bottom:10px;\">Air<\/div>\n<div style=\"font-size:1.05rem;font-weight:600;color:#1f3a2a;margin-bottom:8px;\">Photosynth\u00e8se &#038; filtration<\/div>\n<div style=\"font-size:0.92rem;color:#4a5a4f;line-height:1.6;\">Absorption du CO\u2082, capture de l&rsquo;ozone, du NO\u2082 et des particules fines \u2014 un service rendu massivement par les canop\u00e9es urbaines.<\/div>\n<\/div>\n<div style=\"background:#fff;border-top:3px solid #2a5f3f;padding:22px 22px;border-radius:6px;box-shadow:0 1px 3px rgba(31,58,42,0.08);\">\n<div style=\"font-size:0.72rem;letter-spacing:0.18em;text-transform:uppercase;color:#2a5f3f;font-weight:700;margin-bottom:10px;\">Eau<\/div>\n<div style=\"font-size:1.05rem;font-weight:600;color:#1f3a2a;margin-bottom:8px;\">Racines &#038; phytorem\u00e9diation<\/div>\n<div style=\"font-size:0.92rem;color:#4a5a4f;line-height:1.6;\">Les syst\u00e8mes racinaires retiennent les s\u00e9diments, d\u00e9gradent les contaminants et pr\u00e9viennent l&rsquo;eutrophisation des cours d&rsquo;eau.<\/div>\n<\/div>\n<div style=\"background:#fff;border-top:3px solid #2a5f3f;padding:22px 22px;border-radius:6px;box-shadow:0 1px 3px rgba(31,58,42,0.08);\">\n<div style=\"font-size:0.72rem;letter-spacing:0.18em;text-transform:uppercase;color:#2a5f3f;font-weight:700;margin-bottom:10px;\">Sol<\/div>\n<div style=\"font-size:1.05rem;font-weight:600;color:#1f3a2a;margin-bottom:8px;\">Couvert v\u00e9g\u00e9tal &#038; humus<\/div>\n<div style=\"font-size:0.92rem;color:#4a5a4f;line-height:1.6;\">Cultures de couverture, haies, prairies : la mati\u00e8re organique vivante stabilise les sols et nourrit la microfaune.<\/div>\n<\/div>\n<div style=\"background:#fff;border-top:3px solid #2a5f3f;padding:22px 22px;border-radius:6px;box-shadow:0 1px 3px rgba(31,58,42,0.08);\">\n<div style=\"font-size:0.72rem;letter-spacing:0.18em;text-transform:uppercase;color:#2a5f3f;font-weight:700;margin-bottom:10px;\">Climat<\/div>\n<div style=\"font-size:1.05rem;font-weight:600;color:#1f3a2a;margin-bottom:8px;\">Puits de carbone<\/div>\n<div style=\"font-size:0.92rem;color:#4a5a4f;line-height:1.6;\">Biomasse a\u00e9rienne et souterraine s\u00e9questrent du carbone sur des d\u00e9cennies \u2014 pilier des strat\u00e9gies de neutralit\u00e9 2050.<\/div>\n<\/div>\n<\/div>\n\n\n<h2 class=\"wp-block-heading\">Exemples d&rsquo;application de la botanique<\/h2>\n\n\n<p class=\"wp-block-paragraph\">La botanique trouve \u00e9galement des applications pratiques dans le domaine de l&rsquo;agriculture <strong>durable<\/strong>. En \u00e9tudiant les vari\u00e9t\u00e9s de plantes cultiv\u00e9es, les agronomes peuvent d\u00e9velopper des pratiques qui augmentent la <strong>productivit\u00e9<\/strong> tout en minimisant l&rsquo;impact environnemental. Par exemple, l&rsquo;utilisation de cultures de couverture permet de prot\u00e9ger le sol de l&rsquo;\u00e9rosion tout en enrichissant la biodiversit\u00e9 locale. L&rsquo;agroforesterie, en r\u00e9introduisant l&rsquo;arbre dans la parcelle, illustre comment la science v\u00e9g\u00e9tale r\u00e9concilie rendement et pr\u00e9servation.<\/p>\n\n\n<p class=\"wp-block-paragraph\">Gr\u00e2ce \u00e0 l&rsquo;\u00e9tude des <strong>plantes<\/strong>, la botanique contribue non seulement \u00e0 la pr\u00e9servation de la biodiversit\u00e9 mais aussi \u00e0 la compr\u00e9hension des m\u00e9canismes \u00e9cosyst\u00e9miques, vitales pour un avenir durable et \u00e9quilibr\u00e9.<\/p>\n\n\n<div style=\"border:1px dashed #2a5f3f;padding:24px 28px;border-radius:6px;margin:28px 0;background:#fafdfb;\">\n<div style=\"font-size:0.78rem;letter-spacing:0.18em;text-transform:uppercase;color:#2a5f3f;font-weight:700;margin-bottom:14px;\">Rep\u00e8re terrain<\/div>\n<div style=\"display:grid;grid-template-columns:repeat(auto-fit,minmax(180px,1fr));gap:18px;\">\n<div><div style=\"font-weight:700;color:#1f3a2a;margin-bottom:4px;\">Taxonomie<\/div><div style=\"font-size:0.9rem;color:#4a5a4f;\">Classer pour conserver \u2014 base du suivi IUCN.<\/div><\/div>\n<div><div style=\"font-weight:700;color:#1f3a2a;margin-bottom:4px;\">Phytosociologie<\/div><div style=\"font-size:0.9rem;color:#4a5a4f;\">Lire les cort\u00e8ges v\u00e9g\u00e9taux comme des biomarqueurs.<\/div><\/div>\n<div><div style=\"font-weight:700;color:#1f3a2a;margin-bottom:4px;\">\u00c9cophysiologie<\/div><div style=\"font-size:0.9rem;color:#4a5a4f;\">Comprendre comment la plante encaisse stress hydrique et chaleur.<\/div><\/div>\n<div><div style=\"font-weight:700;color:#1f3a2a;margin-bottom:4px;\">Phytorem\u00e9diation<\/div><div style=\"font-size:0.9rem;color:#4a5a4f;\">D\u00e9polluer les sols et les eaux par le vivant.<\/div><\/div>\n<\/div>\n<\/div>\n\n\n<p class=\"wp-block-paragraph\">Les <strong>plantes<\/strong> jouent un r\u00f4le crucial dans la <strong>purification de l&rsquo;air<\/strong> et de l&rsquo;<strong>eau<\/strong>, ainsi que dans la <strong>s\u00e9questration du carbone<\/strong> et la <strong>biodiversit\u00e9<\/strong> de notre plan\u00e8te. Leur pr\u00e9sence est essentielle pour le maintien d&rsquo;un \u00e9cosyst\u00e8me sain.<\/p>\n\n\n<h2 class=\"wp-block-heading\">Purification de l&rsquo;air<\/h2>\n\n\n<p class=\"wp-block-paragraph\">Les plantes, par le processus de <strong>photosynth\u00e8se<\/strong>, absorbent le dioxyde de carbone et lib\u00e8rent de l&rsquo;oxyg\u00e8ne, contribuant ainsi \u00e0 la composition \u00e9quilibr\u00e9e de l&rsquo;atmosph\u00e8re. En outre, elles ont la capacit\u00e9 de filtrer des polluants atmosph\u00e9riques tels que l&rsquo;ozone, le dioxyde d&rsquo;azote et les particules en suspension, am\u00e9liorant la <strong>qualit\u00e9 de l&rsquo;air<\/strong> que nous respirons. Certaines essences comme le bouleau, le tilleul ou le platane sont particuli\u00e8rement \u00e9tudi\u00e9es pour leur capacit\u00e9 \u00e0 capter les microparticules en environnement urbain.<\/p>\n\n\n<h2 class=\"wp-block-heading\">Purification de l&rsquo;eau<\/h2>\n\n\n<p class=\"wp-block-paragraph\">Les syst\u00e8mes racinaires des plantes jouent \u00e9galement un r\u00f4le fondamental dans la <strong>purification de l&rsquo;eau<\/strong>. Ils aident \u00e0 filtrer les contaminants en agissant comme des barri\u00e8res naturelles qui emp\u00eachent les substances toxiques d&rsquo;atteindre les nappes phr\u00e9atiques. Par ailleurs, les <strong>plantes aquatiques<\/strong> absorbent les nutriments en exc\u00e8s, contribuant \u00e0 la pr\u00e9vention de l&rsquo;eutrophisation de nos cours d&rsquo;eau. Les zones humides reconstitu\u00e9es et les filtres plant\u00e9s de roseaux constituent aujourd&rsquo;hui des solutions d&rsquo;assainissement \u00e9cologique \u00e9prouv\u00e9es.<\/p>\n\n\n<h2 class=\"wp-block-heading\">S\u00e9questration du carbone<\/h2>\n\n\n<p class=\"wp-block-paragraph\">Un autre aspect capital de l&rsquo;influence des plantes sur l&rsquo;environnement est leur capacit\u00e9 \u00e0 <strong>s\u00e9questrer le carbone<\/strong>. En stockant le <strong>dioxyde de carbone<\/strong> dans leur biomasse, elles r\u00e9duisent ainsi la quantit\u00e9 de ce gaz \u00e0 effet de serre dans l&rsquo;atmosph\u00e8re, ce qui est crucial pour lutter contre le <strong>changement climatique<\/strong>. Au-del\u00e0 des for\u00eats, les prairies permanentes, les mangroves et les sols agricoles bien g\u00e9r\u00e9s sont autant de r\u00e9servoirs sous-estim\u00e9s du cycle long du carbone.<\/p>\n\n\n<div style=\"background:linear-gradient(90deg,#2a5f3f 0%,#3d7a55 100%);color:#fff;padding:30px 32px;border-radius:8px;margin:28px 0;\">\n<div style=\"font-size:0.72rem;letter-spacing:0.22em;text-transform:uppercase;color:#c5e2cd;margin-bottom:14px;\">Effet de levier<\/div>\n<div style=\"font-size:1.15rem;line-height:1.6;\">Restaurer <strong>1 hectare<\/strong> de for\u00eat temp\u00e9r\u00e9e peut s\u00e9questrer jusqu&rsquo;\u00e0 <strong>5 \u00e0 10 tonnes de CO\u2082 \u00e9quivalent par an<\/strong> pendant les premi\u00e8res d\u00e9cennies de croissance \u2014 un service \u00e9cosyst\u00e9mique mesurable et reproductible.<\/div>\n<\/div>\n\n\n<h2 class=\"wp-block-heading\">Biodiversit\u00e9<\/h2>\n\n\n<p class=\"wp-block-paragraph\">La pr\u00e9sence de <strong>plantes<\/strong> vari\u00e9es favorise une plus grande <strong>biodiversit\u00e9<\/strong> au sein des \u00e9cosyst\u00e8mes. Les diff\u00e9rentes esp\u00e8ces de plantes attirent divers pollinisateurs, insectes et autres animaux, formant ainsi des r\u00e9seaux \u00e9cologiques complexes. Une biodiversit\u00e9 riche contribue \u00e0 la r\u00e9silience des \u00e9cosyst\u00e8mes face aux perturbations environnementales, telles que les maladies ou les changements climatiques. La diversit\u00e9 g\u00e9n\u00e9tique intra-esp\u00e8ce, souvent invisible, est tout aussi d\u00e9cisive : elle constitue l&rsquo;assurance vie du vivant face aux pressions futures.<\/p>\n\n\n<p class=\"wp-block-paragraph\">Il est ind\u00e9niable que les plantes exercent une influence profonde et multifactorielle sur notre environnement, et leur pr\u00e9servation est essentielle pour garantir un avenir durable.<\/p>\n\n\n<p class=\"wp-block-paragraph\">Les <strong>jardins botaniques<\/strong>, souvent per\u00e7us comme de simples espaces de loisirs, jouent en r\u00e9alit\u00e9 un r\u00f4le crucial dans la protection de l&rsquo;environnement et la pr\u00e9servation de la <strong>biodiversit\u00e9<\/strong>. \u00c0 travers une approche \u00e9ducative et scientifique, ils mettent en lumi\u00e8re les menaces qui p\u00e8sent sur nos \u00e9cosyst\u00e8mes tout en proposant des solutions concr\u00e8tes. Conservatoires de graines, banques de semences et collections vivantes constituent autant d&rsquo;arches modernes face \u00e0 l&rsquo;\u00e9rosion du vivant.<\/p>\n\n\n<p class=\"wp-block-paragraph\">Par exemple, des \u00e9tudes r\u00e9centes soulignent l&rsquo;importance de la <strong>v\u00e9g\u00e9tation urbaine<\/strong>. Des recherches montrent que la pr\u00e9sence d&rsquo;arbres en milieu urbain contribue \u00e0 r\u00e9duire la temp\u00e9rature ambiante en fournissant de l&rsquo;<strong>ombre<\/strong>. Cela se traduit par une diminution des besoins \u00e9nerg\u00e9tiques des b\u00e2timents et aide \u00e0 att\u00e9nuer l&rsquo;effet des \u00eelots de chaleur urbains. En absorbant le <strong>dioxyde de carbone<\/strong>, ces arbres participent \u00e9galement \u00e0 la <strong>mitigation du changement climatique<\/strong>. Certaines mesures \u00e9voquent une baisse de 2 \u00e0 8 \u00b0C sous canop\u00e9e dense lors des pics caniculaires.<\/p>\n\n\n<div style=\"display:grid;grid-template-columns:repeat(auto-fit,minmax(220px,1fr));gap:0;margin:28px 0;border:1px solid #d4e4d8;border-radius:8px;overflow:hidden;\">\n<div style=\"padding:22px 22px;background:#fff;border-right:1px solid #d4e4d8;\">\n<div style=\"font-size:1.6rem;font-weight:800;color:#2a5f3f;line-height:1;\">01<\/div>\n<div style=\"font-size:0.95rem;font-weight:700;color:#1f3a2a;margin:10px 0 6px;\">V\u00e9g\u00e9tation urbaine<\/div>\n<div style=\"font-size:0.88rem;color:#4a5a4f;line-height:1.55;\">Lutter contre les \u00eelots de chaleur et baisser la facture \u00e9nerg\u00e9tique des b\u00e2timents.<\/div>\n<\/div>\n<div style=\"padding:22px 22px;background:#fff;border-right:1px solid #d4e4d8;\">\n<div style=\"font-size:1.6rem;font-weight:800;color:#2a5f3f;line-height:1;\">02<\/div>\n<div style=\"font-size:0.95rem;font-weight:700;color:#1f3a2a;margin:10px 0 6px;\">Plantes invasives<\/div>\n<div style=\"font-size:0.88rem;color:#4a5a4f;line-height:1.55;\">Cartographier, contenir, restaurer \u2014 la botanique appliqu\u00e9e sert d&rsquo;arbitre.<\/div>\n<\/div>\n<div style=\"padding:22px 22px;background:#fff;border-right:1px solid #d4e4d8;\">\n<div style=\"font-size:1.6rem;font-weight:800;color:#2a5f3f;line-height:1;\">03<\/div>\n<div style=\"font-size:0.95rem;font-weight:700;color:#1f3a2a;margin:10px 0 6px;\">Agriculture r\u00e9g\u00e9n\u00e9rative<\/div>\n<div style=\"font-size:0.88rem;color:#4a5a4f;line-height:1.55;\">Moins de pesticides, plus de couverts et de rotations longues.<\/div>\n<\/div>\n<div style=\"padding:22px 22px;background:#fff;\">\n<div style=\"font-size:1.6rem;font-weight:800;color:#2a5f3f;line-height:1;\">04<\/div>\n<div style=\"font-size:0.95rem;font-weight:700;color:#1f3a2a;margin:10px 0 6px;\">\u00c9ducation environnementale<\/div>\n<div style=\"font-size:0.88rem;color:#4a5a4f;line-height:1.55;\">Reconnecter les citoyens au vivant via les jardins et conservatoires.<\/div>\n<\/div>\n<\/div>\n\n\n<p class=\"wp-block-paragraph\">Une autre \u00e9tude met l&rsquo;accent sur les <strong>plantes invasives<\/strong>, qui peuvent nuire \u00e0 la biodiversit\u00e9 en colonisant des habitats naturels. Des projets de recherche se sont pench\u00e9s sur des m\u00e9thodes de contr\u00f4le de ces esp\u00e8ces afin de restaurer les habitats affect\u00e9s. En utilisant la botanique appliqu\u00e9e, les scientifiques d\u00e9veloppent des strat\u00e9gies pour favoriser les esp\u00e8ces natives tout en limitant l&rsquo;impact des invasives.<\/p>\n\n\n<p class=\"wp-block-paragraph\">L&rsquo;inspection des pratiques agricoles r\u00e9v\u00e8le \u00e9galement comment la <strong>botanique<\/strong> peut offrir des solutions durables. Des d\u00e9monstrations montrent que <strong>l&rsquo;alimentation v\u00e9g\u00e9tale<\/strong> r\u00e9duit largement la pollution des sols et de l&rsquo;eau en diminuant l&rsquo;utilisation de pesticides et d&rsquo;engrais chimiques. Ce passage vers des pratiques plus respectueuses de l&rsquo;environnement, soutenu par des recherches botaniques, offre aux agriculteurs des alternatives b\u00e9n\u00e9fiques pour la plan\u00e8te.<\/p>\n\n\n<p class=\"wp-block-paragraph\">De plus, les <strong>jardins botaniques<\/strong> int\u00e8grent des programmes d&rsquo;<strong>\u00e9ducation environnementale<\/strong>. Ceux-ci sensibilisent le public aux enjeux de la <strong>biodiversit\u00e9<\/strong> et \u00e0 la n\u00e9cessit\u00e9 de conserver nos ressources naturelles. En mettant en avant l&rsquo;importance des \u00e9cosyst\u00e8mes locaux et les interactions entre les esp\u00e8ces, ces initiatives incitent les citoyens \u00e0 agir pour leur protection.<\/p>\n\n\n<p class=\"wp-block-paragraph\">Enfin, la recherche continue sur l&rsquo;impact des <strong>preuves scientifiques<\/strong> de la <strong>photosynth\u00e8se<\/strong> et son r\u00f4le dans la purification de l&rsquo;air montre comment les plantes am\u00e9liorent non seulement notre cadre de vie, mais \u00e9galement la qualit\u00e9 de l&rsquo;air que nous respirons. Chaque d\u00e9couverte dans le domaine de la botanique contribue ainsi \u00e0 l&rsquo;\u00e9difice fragile de notre \u00e9quilibre \u00e9cologique.<\/p>\n\n\n<figure class='wp-block-image size-full'>\n<img width=\"1344\" height=\"768\" src=\"https:\/\/herberiedelatille.fr\/blog\/wp-content\/uploads\/2025\/01\/Limpact-de-la-botanique-sur-lenvironnement.png\" class=\"attachment-full size-full\" alt=\"d\u00e9couvrez comment la botanique influe sur notre environnement. cet article explore les relations entre les plantes, leur \u00e9cosyst\u00e8me et leur r\u00f4le essentiel dans la pr\u00e9servation de la biodiversit\u00e9. plongez dans l&#039;univers fascinant de la botanique et son impact sur la sant\u00e9 de notre plan\u00e8te.\" decoding=\"async\" loading=\"lazy\" \/>\n<\/figure>\n\n\n<h2 class=\"wp-block-heading\">Les Menaces Contemporaines sur la Botanique<\/h2>\n\n\n<p class=\"wp-block-paragraph\">La <strong>botanique<\/strong>, discipline essentielle \u00e0 la compr\u00e9hension des plantes et de leur r\u00f4le au sein de notre \u00e9cosyst\u00e8me, fait face \u00e0 diverses menaces qui compromettent \u00e0 la fois la biodiversit\u00e9 et l&rsquo;\u00e9quilibre environnemental. Parmi ces menaces, le <strong>changement climatique<\/strong> et la <strong>d\u00e9forestation<\/strong> figurent au premier plan, causant des effets ind\u00e9sirables sur la v\u00e9g\u00e9tation et l&rsquo;environnement. La r\u00e9cente synth\u00e8se de l&rsquo;<strong>IPBES<\/strong> \u00e9value qu&rsquo;environ deux esp\u00e8ces de plantes sur cinq sont aujourd&rsquo;hui consid\u00e9r\u00e9es comme menac\u00e9es \u00e0 l&rsquo;\u00e9chelle mondiale.<\/p>\n\n\n<div style=\"background:#fdf6ec;border-left:4px solid #c97a3d;padding:22px 28px;border-radius:6px;margin:24px 0;\">\n<div style=\"font-size:0.78rem;letter-spacing:0.18em;text-transform:uppercase;color:#c97a3d;font-weight:700;margin-bottom:10px;\">Signal d&rsquo;alerte<\/div>\n<div style=\"font-size:1rem;line-height:1.65;color:#3d2a1a;\">Les mod\u00e8les climatiques projettent un d\u00e9placement des aires de r\u00e9partition de nombreuses essences foresti\u00e8res vers le nord et l&rsquo;altitude. Sans corridors \u00e9cologiques, des cort\u00e8ges entiers risquent de se retrouver \u00ab pi\u00e9g\u00e9s \u00bb dans des refuges climatiques de moins en moins viables.<\/div>\n<\/div>\n\n\n<h3 class=\"wp-block-heading\">Le Changement Climatique<\/h3>\n\n\n<p class=\"wp-block-paragraph\">Le changement climatique se manifeste par des variations climatiques extr\u00eames, telles que l&rsquo;augmentation de la temp\u00e9rature et des changements dans les pr\u00e9cipitations. Ces modifications ont un impact direct sur la <strong>v\u00e9g\u00e9tation<\/strong>. Par exemple, l&rsquo;augmentation de la temp\u00e9rature entra\u00eene une <strong>s\u00e9nescence<\/strong> acc\u00e9l\u00e9r\u00e9e des feuilles, r\u00e9duisant ainsi la <strong>croissance<\/strong> et la <strong>production<\/strong> des plantes. Les impacts du <strong>dioxyde de carbone<\/strong> et d&rsquo;autres polluants, comme l&rsquo;<strong>ozone<\/strong>, alt\u00e8rent \u00e9galement la sant\u00e9 des v\u00e9g\u00e9taux, rendant certaines esp\u00e8ces plus vuln\u00e9rables \u00e0 des maladies et aux ravageurs.<\/p>\n\n\n<h3 class=\"wp-block-heading\">La D\u00e9forestation<\/h3>\n\n\n<p class=\"wp-block-paragraph\">La d\u00e9forestation constitue une autre menace majeure, d\u00e9bouchant sur la perte d&rsquo;habitats pour de nombreuses esp\u00e8ces v\u00e9g\u00e9tales et animales. En supprimant ces pr\u00e9cieuses for\u00eats, nous diminuons non seulement la diversit\u00e9 biologique, mais nous impactons aussi notre <strong>climat<\/strong>. Les arbres, v\u00e9ritables r\u00e9gulateurs climatiques, absorbent le <strong>dioxyde de carbone<\/strong>, tandis que leur disparition accro\u00eet le taux de gaz \u00e0 effet de serre dans l&rsquo;atmosph\u00e8re, aggravant par cons\u00e9quent les effets du changement climatique.<\/p>\n\n\n<h3 class=\"wp-block-heading\">Plantes Invasives<\/h3>\n\n\n<p class=\"wp-block-paragraph\">Le ph\u00e9nom\u00e8ne des <strong>plantes invasives<\/strong> est \u00e9galement pr\u00e9occupant. Ces esp\u00e8ces, introduites souvent accidentellement, colonisent des habitats locaux et nuisent aux esp\u00e8ces indig\u00e8nes. Elles perturbent l&rsquo;\u00e9quilibre des \u00e9cosyst\u00e8mes en prenant des ressources vitales, ce qui entra\u00eene une <strong>r\u00e9duction de la biodiversit\u00e9<\/strong> et des changements irr\u00e9versibles dans le milieu environnant.<\/p>\n\n\n<h3 class=\"wp-block-heading\">R\u00f4le \u00c9ducatif des Jardins Botaniques<\/h3>\n\n\n<p class=\"wp-block-paragraph\">Dans ce contexte, les jardins botaniques jouent un r\u00f4le crucial en sensibilisant le public aux menaces qui p\u00e8sent sur la botanique. En mettant en lumi\u00e8re les enjeux environnementaux, ils encouragent la protection de la biodiversit\u00e9 et soulignent l&rsquo;importance des plantes dans la r\u00e9silience de nos \u00e9cosyst\u00e8mes.<\/p>\n\n\n<p class=\"wp-block-paragraph\">En int\u00e9grant des programmes d&rsquo;<strong>\u00e9ducation environnementale<\/strong>, ces jardins contribuent \u00e0 une meilleure compr\u00e9hension des enjeux li\u00e9s \u00e0 la botanique et \u00e0 la n\u00e9cessit\u00e9 d&rsquo;un engagement collectif pour la protection de notre environnement.<\/p>\n\n\n<div style=\"background:#f4f9f5;border-radius:8px;padding:28px 32px;margin:30px 0;\">\n<div style=\"font-size:0.78rem;letter-spacing:0.2em;text-transform:uppercase;color:#2a5f3f;font-weight:700;margin-bottom:18px;\">Feuille de route citoyenne<\/div>\n<div style=\"display:grid;grid-template-columns:repeat(auto-fit,minmax(220px,1fr));gap:18px;\">\n<div style=\"background:#fff;padding:18px 18px;border-radius:6px;\">\n<div style=\"font-weight:700;color:#1f3a2a;margin-bottom:6px;\">\u2192 Planter local<\/div>\n<div style=\"font-size:0.88rem;color:#4a5a4f;line-height:1.55;\">Privil\u00e9gier les essences indig\u00e8nes pour soutenir pollinisateurs et oiseaux.<\/div>\n<\/div>\n<div style=\"background:#fff;padding:18px 18px;border-radius:6px;\">\n<div style=\"font-weight:700;color:#1f3a2a;margin-bottom:6px;\">\u2192 R\u00e9duire l&rsquo;artificialisation<\/div>\n<div style=\"font-size:0.88rem;color:#4a5a4f;line-height:1.55;\">D\u00e9simperm\u00e9abiliser un coin de jardin, c&rsquo;est rendre un service au cycle de l&rsquo;eau.<\/div>\n<\/div>\n<div style=\"background:#fff;padding:18px 18px;border-radius:6px;\">\n<div style=\"font-weight:700;color:#1f3a2a;margin-bottom:6px;\">\u2192 Soutenir la science<\/div>\n<div style=\"font-size:0.88rem;color:#4a5a4f;line-height:1.55;\">Participer \u00e0 des programmes de sciences participatives (Vigie-Nature, INPN\u2026).<\/div>\n<\/div>\n<div style=\"background:#fff;padding:18px 18px;border-radius:6px;\">\n<div style=\"font-weight:700;color:#1f3a2a;margin-bottom:6px;\">\u2192 Repenser l&rsquo;assiette<\/div>\n<div style=\"font-size:0.88rem;color:#4a5a4f;line-height:1.55;\">Plus de v\u00e9g\u00e9tal, plus de saisonnalit\u00e9, moins de pression sur les sols.<\/div>\n<\/div>\n<\/div>\n<\/div>\n\n\n<p class=\"wp-block-paragraph\">Notre plan\u00e8te est un \u00e9cosyst\u00e8me complexe o\u00f9 les plantes jouent un r\u00f4le <strong>central<\/strong> dans l&rsquo;\u00e9quilibre de la nature. Elles sont \u00e0 la base de la cha\u00eene alimentaire, fournissant de l&rsquo;<strong>oxyg\u00e8ne<\/strong>, filtrant l&rsquo;air, et r\u00e9gulant le climat. En comprenant l&rsquo;importance des <strong>plantes<\/strong>, nous pouvons mieux appr\u00e9hender les d\u00e9fis environnementaux actuels. Par exemple, les for\u00eats sont essentielles pour <strong>absorber le dioxyde de carbone<\/strong> et att\u00e9nuer le changement climatique. Les \u00e9cosyst\u00e8mes aquatiques, quant \u00e0 eux, d\u00e9pendent de la sant\u00e9 de la flore aquatique pour maintenir la <strong>biodiversit\u00e9<\/strong> et la qualit\u00e9 de l&rsquo;eau.<\/p>\n\n\n<p class=\"wp-block-paragraph\">Afin de pr\u00e9server notre \u00e9cosyst\u00e8me, il est imp\u00e9ratif d&rsquo;adopter des pratiques durables telles que la <strong>reforestation<\/strong>, l&rsquo;utilisation de <strong>plantes locales<\/strong> dans l&rsquo;am\u00e9nagement paysager et la promotion de l&rsquo;<strong>agriculture biologique<\/strong>. L&rsquo;\u00e9ducation joue \u00e9galement un r\u00f4le crucial : sensibiliser le public \u00e0 l&rsquo;importance des plantes permet de renforcer l&rsquo;engagement collectif envers leur protection.<\/p>\n\n\n<p class=\"wp-block-paragraph\">Pour l&rsquo;avenir, il est vital d&rsquo;int\u00e9grer les connaissances botaniques dans les d\u00e9cisions politiques et \u00e9conomiques. Une collaboration entre <strong>scientifiques<\/strong>, <strong>gouvernements<\/strong> et citoyens peut mener \u00e0 des solutions innovantes pour faire face aux crises environnementales. En nous alliant \u00e0 la nature, nous avons le pouvoir de transformer notre impact sur l&rsquo;environnement et d&rsquo;assurer un avenir durable pour les g\u00e9n\u00e9rations \u00e0 venir.<\/p>\n\n\n<div style=\"border-top:2px solid #2a5f3f;padding:24px 0 0;margin:32px 0 16px;\">\n<div style=\"font-size:0.78rem;letter-spacing:0.2em;text-transform:uppercase;color:#2a5f3f;font-weight:700;margin-bottom:14px;\">\u00c0 retenir<\/div>\n<div style=\"font-size:1rem;line-height:1.7;color:#1f3a2a;\">La botanique n&rsquo;est pas un savoir d&rsquo;herbier fig\u00e9 : c&rsquo;est une <strong>boussole<\/strong> pour traverser la crise \u00e9cologique. Comprendre les plantes, c&rsquo;est apprendre \u00e0 lire les signaux que la plan\u00e8te nous adresse \u2014 et \u00e0 y r\u00e9pondre, ensemble, \u00e0 temps.<\/div>\n<\/div>\n\n\n<figure class=\"wp-block-embed is-type-video is-provider-youtube wp-block-embed-youtube wp-embed-aspect-16-9 wp-has-aspect-ratio\">\n<div class=\"wp-block-embed__wrapper\">\n<iframe loading=\"lazy\" title=\"Quelles solutions reste-il pour sauver la biodiversit\u00e9 ?\" width=\"1200\" height=\"675\" src=\"https:\/\/www.youtube.com\/embed\/wD091fJMeU4?feature=oembed\" frameborder=\"0\" allow=\"accelerometer; autoplay; clipboard-write; encrypted-media; gyroscope; picture-in-picture; web-share\" referrerpolicy=\"strict-origin-when-cross-origin\" allowfullscreen><\/iframe>\n<\/div>\n<\/figure>\n\n<hr><div class=\"articles-lies\"><h3>\u00c0 lire aussi<\/h3><ul><li><a href=\"https:\/\/herberiedelatille.fr\/blog\/identification-des-plantes\/les-ressources-en-ligne-pour-approfondir-vos-connaissances-botaniques\/\">Les ressources en ligne pour approfondir vos connaissances botaniques<\/a><\/li><li><a href=\"https:\/\/herberiedelatille.fr\/blog\/identification-des-plantes\/ateliers-pratiques-apprendre-a-creer-un-herbier\/\">Ateliers pratiques : apprendre \u00e0 cr\u00e9er un herbier<\/a><\/li><li><a href=\"https:\/\/herberiedelatille.fr\/blog\/identification-des-plantes\/utiliser-les-herbiers-dans-lenseignement-superieur\/\">Utiliser les herbiers dans l&rsquo;enseignement sup\u00e9rieur<\/a><\/li><li><a href=\"https:\/\/herberiedelatille.fr\/blog\/conservation-et-biodiversite\/les-plantes-medicinales-definition-vertus-et-conseils-de-culture\/\">Les plantes m\u00e9dicinales : d\u00e9finition, vertus et conseils de culture<\/a><\/li><\/ul><\/div>","protected":false},"excerpt":{"rendered":"","protected":false},"author":34,"featured_media":7374,"comment_status":"open","ping_status":"open","sticky":false,"template":"","format":"standard","meta":{"_acf_changed":false,"manual_indexmenow":false,"indexmenow_id_project":0,"footnotes":""},"categories":[4520],"tags":[],"class_list":["post-7373","post","type-post","status-publish","format-standard","has-post-thumbnail","hentry","category-identification-des-plantes","generate-columns","tablet-grid-50","mobile-grid-100","grid-parent","grid-25"],"acf":[],"yoast_head":"<!-- This site is optimized with the Yoast SEO Premium plugin v21.3 (Yoast SEO v25.6) - https:\/\/yoast.com\/wordpress\/plugins\/seo\/ -->\n<title>L&#039;impact de la botanique sur l&#039;environnement<\/title>\n<meta name=\"description\" content=\"L&#039;impact de la botanique sur l&#039;environnement : comment la connaissance des plantes contribue \u00e0 pr\u00e9server la biodiversit\u00e9 et les \u00e9cosyst\u00e8mes.\" \/>\n<meta name=\"robots\" content=\"index, follow, max-snippet:-1, max-image-preview:large, max-video-preview:-1\" \/>\n<link rel=\"canonical\" href=\"https:\/\/herberiedelatille.fr\/blog\/identification-des-plantes\/limpact-de-la-botanique-sur-lenvironnement\/\" \/>\n<meta property=\"og:locale\" content=\"fr_FR\" \/>\n<meta property=\"og:type\" content=\"article\" \/>\n<meta property=\"og:title\" content=\"L&#039;impact de la botanique sur l&#039;environnement\" \/>\n<meta property=\"og:description\" content=\"L&#039;impact de la botanique sur l&#039;environnement : comment la connaissance des plantes contribue \u00e0 pr\u00e9server la biodiversit\u00e9 et les \u00e9cosyst\u00e8mes.\" \/>\n<meta property=\"og:url\" content=\"https:\/\/herberiedelatille.fr\/blog\/identification-des-plantes\/limpact-de-la-botanique-sur-lenvironnement\/\" \/>\n<meta property=\"og:site_name\" content=\"Herberie de la Tille\" \/>\n<meta property=\"og:image\" content=\"https:\/\/herberiedelatille.fr\/blog\/wp-content\/uploads\/2025\/01\/Limpact-de-la-botanique-sur-lenvironnement-1.png\" \/>\n\t<meta property=\"og:image:width\" content=\"1200\" \/>\n\t<meta property=\"og:image:height\" content=\"686\" \/>\n\t<meta property=\"og:image:type\" content=\"image\/png\" \/>\n<meta name=\"author\" content=\"Julien Prigent\" \/>\n<meta name=\"twitter:card\" content=\"summary_large_image\" \/>\n<script type=\"application\/ld+json\" class=\"yoast-schema-graph\">{\"@context\":\"https:\/\/schema.org\",\"@graph\":[{\"@type\":\"NewsArticle\",\"@id\":\"https:\/\/herberiedelatille.fr\/blog\/identification-des-plantes\/limpact-de-la-botanique-sur-lenvironnement\/#article\",\"isPartOf\":{\"@id\":\"https:\/\/herberiedelatille.fr\/blog\/identification-des-plantes\/limpact-de-la-botanique-sur-lenvironnement\/\"},\"author\":{\"name\":\"Julien Prigent\",\"@id\":\"https:\/\/herberiedelatille.fr\/blog\/#\/schema\/person\/3c864cdc320801e3db34b663e7e3f816\"},\"headline\":\"L&rsquo;impact de la botanique sur l&rsquo;environnement\",\"datePublished\":\"2026-05-19T14:15:26+00:00\",\"mainEntityOfPage\":{\"@id\":\"https:\/\/herberiedelatille.fr\/blog\/identification-des-plantes\/limpact-de-la-botanique-sur-lenvironnement\/\"},\"wordCount\":2803,\"commentCount\":0,\"publisher\":{\"@id\":\"https:\/\/herberiedelatille.fr\/blog\/#organization\"},\"image\":{\"@id\":\"https:\/\/herberiedelatille.fr\/blog\/identification-des-plantes\/limpact-de-la-botanique-sur-lenvironnement\/#primaryimage\"},\"thumbnailUrl\":\"https:\/\/herberiedelatille.fr\/blog\/wp-content\/uploads\/2025\/01\/Limpact-de-la-botanique-sur-lenvironnement-1.png\",\"articleSection\":[\"Identification des Plantes\"],\"inLanguage\":\"fr-FR\",\"potentialAction\":[{\"@type\":\"CommentAction\",\"name\":\"Comment\",\"target\":[\"https:\/\/herberiedelatille.fr\/blog\/identification-des-plantes\/limpact-de-la-botanique-sur-lenvironnement\/#respond\"]}]},{\"@type\":\"WebPage\",\"@id\":\"https:\/\/herberiedelatille.fr\/blog\/identification-des-plantes\/limpact-de-la-botanique-sur-lenvironnement\/\",\"url\":\"https:\/\/herberiedelatille.fr\/blog\/identification-des-plantes\/limpact-de-la-botanique-sur-lenvironnement\/\",\"name\":\"L'impact de la botanique sur l'environnement\",\"isPartOf\":{\"@id\":\"https:\/\/herberiedelatille.fr\/blog\/#website\"},\"primaryImageOfPage\":{\"@id\":\"https:\/\/herberiedelatille.fr\/blog\/identification-des-plantes\/limpact-de-la-botanique-sur-lenvironnement\/#primaryimage\"},\"image\":{\"@id\":\"https:\/\/herberiedelatille.fr\/blog\/identification-des-plantes\/limpact-de-la-botanique-sur-lenvironnement\/#primaryimage\"},\"thumbnailUrl\":\"https:\/\/herberiedelatille.fr\/blog\/wp-content\/uploads\/2025\/01\/Limpact-de-la-botanique-sur-lenvironnement-1.png\",\"datePublished\":\"2026-05-19T14:15:26+00:00\",\"description\":\"L'impact de la botanique sur l'environnement : comment la connaissance des plantes contribue \u00e0 pr\u00e9server la biodiversit\u00e9 et les \u00e9cosyst\u00e8mes.\",\"inLanguage\":\"fr-FR\",\"potentialAction\":[{\"@type\":\"ReadAction\",\"target\":[\"https:\/\/herberiedelatille.fr\/blog\/identification-des-plantes\/limpact-de-la-botanique-sur-lenvironnement\/\"]}]},{\"@type\":\"ImageObject\",\"inLanguage\":\"fr-FR\",\"@id\":\"https:\/\/herberiedelatille.fr\/blog\/identification-des-plantes\/limpact-de-la-botanique-sur-lenvironnement\/#primaryimage\",\"url\":\"https:\/\/herberiedelatille.fr\/blog\/wp-content\/uploads\/2025\/01\/Limpact-de-la-botanique-sur-lenvironnement-1.png\",\"contentUrl\":\"https:\/\/herberiedelatille.fr\/blog\/wp-content\/uploads\/2025\/01\/Limpact-de-la-botanique-sur-lenvironnement-1.png\",\"width\":1344,\"height\":768,\"caption\":\"d\u00e9couvrez comment la botanique influence notre environnement, en explorant les interactions essentielles entre les plantes, la biodiversit\u00e9 et les \u00e9cosyst\u00e8mes. plongez dans l'importance des \u00e9tudes botaniques pour pr\u00e9server notre plan\u00e8te et \u00e9valuer leur r\u00f4le face aux changements climatiques.\"},{\"@type\":\"WebSite\",\"@id\":\"https:\/\/herberiedelatille.fr\/blog\/#website\",\"url\":\"https:\/\/herberiedelatille.fr\/blog\/\",\"name\":\"Herberie de la Tille\",\"description\":\"Le m\u00e9dia de la botanique pratique \u2014 plantes, herboristerie, identification\",\"publisher\":{\"@id\":\"https:\/\/herberiedelatille.fr\/blog\/#organization\"},\"alternateName\":\"Herberie de la Tille\",\"potentialAction\":[{\"@type\":\"SearchAction\",\"target\":{\"@type\":\"EntryPoint\",\"urlTemplate\":\"https:\/\/herberiedelatille.fr\/blog\/?s={search_term_string}\"},\"query-input\":{\"@type\":\"PropertyValueSpecification\",\"valueRequired\":true,\"valueName\":\"search_term_string\"}}],\"inLanguage\":\"fr-FR\"},{\"@type\":\"Organization\",\"@id\":\"https:\/\/herberiedelatille.fr\/blog\/#organization\",\"name\":\"Herberie de la Tille\",\"url\":\"https:\/\/herberiedelatille.fr\/blog\/\",\"logo\":{\"@type\":\"ImageObject\",\"inLanguage\":\"fr-FR\",\"@id\":\"https:\/\/herberiedelatille.fr\/blog\/#\/schema\/logo\/image\/\",\"url\":\"https:\/\/herberiedelatille.fr\/blog\/wp-content\/uploads\/2024\/12\/herberiedelatille.png\",\"contentUrl\":\"https:\/\/herberiedelatille.fr\/blog\/wp-content\/uploads\/2024\/12\/herberiedelatille.png\",\"width\":500,\"height\":500,\"caption\":\"Herberie de la Tille\"},\"image\":{\"@id\":\"https:\/\/herberiedelatille.fr\/blog\/#\/schema\/logo\/image\/\"}},{\"@type\":\"Person\",\"@id\":\"https:\/\/herberiedelatille.fr\/blog\/#\/schema\/person\/3c864cdc320801e3db34b663e7e3f816\",\"name\":\"Julien Prigent\",\"image\":{\"@type\":\"ImageObject\",\"inLanguage\":\"fr-FR\",\"@id\":\"https:\/\/herberiedelatille.fr\/blog\/#\/schema\/person\/image\/\",\"url\":\"https:\/\/herberiedelatille.fr\/blog\/wp-content\/uploads\/2026\/06\/persona_julien-p-96x96.jpg\",\"contentUrl\":\"https:\/\/herberiedelatille.fr\/blog\/wp-content\/uploads\/2026\/06\/persona_julien-p-96x96.jpg\",\"caption\":\"Julien Prigent\"},\"description\":\"Bricoleur et jardinier dans l'\u00e2me, j'\u00e9cris sur la maison et ses ext\u00e9rieurs avec les mains dans le cambouis plus que dans les th\u00e9ories. Mon terrain couvre tout l'habitat : le potager et le jardin au fil des saisons, mais aussi les petits travaux, la r\u00e9novation, le bricolage et les m\u00e9tiers du b\u00e2timent \u2014 toiture, isolation, menuiserie, serrurerie, ma\u00e7onnerie. J'aime expliquer un geste technique simplement, donner des fourchettes de prix r\u00e9alistes et les bons crit\u00e8res pour choisir un mat\u00e9riau ou un artisan. Je teste ce que je peux sur mes propres chantiers et au jardin avant d'en parler, je distingue la tradition de ce que confirme l'observation, et je pr\u00e9cise toujours le contexte \u2014 climat, type de sol, configuration du logement \u2014 parce qu'un m\u00eame conseil ne vaut pas partout. Mon but : rendre l'entretien et l'am\u00e9lioration de la maison accessibles, durables et \u00e9conomes.\",\"sameAs\":[\"https:\/\/julienprigent.fr\/\"],\"url\":\"https:\/\/herberiedelatille.fr\/blog\/auteur\/julien-p\/\"}]}<\/script>\n<!-- \/ Yoast SEO Premium plugin. -->","yoast_head_json":{"title":"L'impact de la botanique sur l'environnement","description":"L'impact de la botanique sur l'environnement : comment la connaissance des plantes contribue \u00e0 pr\u00e9server la biodiversit\u00e9 et les \u00e9cosyst\u00e8mes.","robots":{"index":"index","follow":"follow","max-snippet":"max-snippet:-1","max-image-preview":"max-image-preview:large","max-video-preview":"max-video-preview:-1"},"canonical":"https:\/\/herberiedelatille.fr\/blog\/identification-des-plantes\/limpact-de-la-botanique-sur-lenvironnement\/","og_locale":"fr_FR","og_type":"article","og_title":"L'impact de la botanique sur l'environnement","og_description":"L'impact de la botanique sur l'environnement : comment la connaissance des plantes contribue \u00e0 pr\u00e9server la biodiversit\u00e9 et les \u00e9cosyst\u00e8mes.","og_url":"https:\/\/herberiedelatille.fr\/blog\/identification-des-plantes\/limpact-de-la-botanique-sur-lenvironnement\/","og_site_name":"Herberie de la Tille","og_image":[{"url":"https:\/\/herberiedelatille.fr\/blog\/wp-content\/uploads\/2025\/01\/Limpact-de-la-botanique-sur-lenvironnement-1.png","width":1200,"height":686,"type":"image\/png"}],"author":"Julien Prigent","twitter_card":"summary_large_image","schema":{"@context":"https:\/\/schema.org","@graph":[{"@type":"NewsArticle","@id":"https:\/\/herberiedelatille.fr\/blog\/identification-des-plantes\/limpact-de-la-botanique-sur-lenvironnement\/#article","isPartOf":{"@id":"https:\/\/herberiedelatille.fr\/blog\/identification-des-plantes\/limpact-de-la-botanique-sur-lenvironnement\/"},"author":{"name":"Julien Prigent","@id":"https:\/\/herberiedelatille.fr\/blog\/#\/schema\/person\/3c864cdc320801e3db34b663e7e3f816"},"headline":"L&rsquo;impact de la botanique sur l&rsquo;environnement","datePublished":"2026-05-19T14:15:26+00:00","mainEntityOfPage":{"@id":"https:\/\/herberiedelatille.fr\/blog\/identification-des-plantes\/limpact-de-la-botanique-sur-lenvironnement\/"},"wordCount":2803,"commentCount":0,"publisher":{"@id":"https:\/\/herberiedelatille.fr\/blog\/#organization"},"image":{"@id":"https:\/\/herberiedelatille.fr\/blog\/identification-des-plantes\/limpact-de-la-botanique-sur-lenvironnement\/#primaryimage"},"thumbnailUrl":"https:\/\/herberiedelatille.fr\/blog\/wp-content\/uploads\/2025\/01\/Limpact-de-la-botanique-sur-lenvironnement-1.png","articleSection":["Identification des Plantes"],"inLanguage":"fr-FR","potentialAction":[{"@type":"CommentAction","name":"Comment","target":["https:\/\/herberiedelatille.fr\/blog\/identification-des-plantes\/limpact-de-la-botanique-sur-lenvironnement\/#respond"]}]},{"@type":"WebPage","@id":"https:\/\/herberiedelatille.fr\/blog\/identification-des-plantes\/limpact-de-la-botanique-sur-lenvironnement\/","url":"https:\/\/herberiedelatille.fr\/blog\/identification-des-plantes\/limpact-de-la-botanique-sur-lenvironnement\/","name":"L'impact de la botanique sur l'environnement","isPartOf":{"@id":"https:\/\/herberiedelatille.fr\/blog\/#website"},"primaryImageOfPage":{"@id":"https:\/\/herberiedelatille.fr\/blog\/identification-des-plantes\/limpact-de-la-botanique-sur-lenvironnement\/#primaryimage"},"image":{"@id":"https:\/\/herberiedelatille.fr\/blog\/identification-des-plantes\/limpact-de-la-botanique-sur-lenvironnement\/#primaryimage"},"thumbnailUrl":"https:\/\/herberiedelatille.fr\/blog\/wp-content\/uploads\/2025\/01\/Limpact-de-la-botanique-sur-lenvironnement-1.png","datePublished":"2026-05-19T14:15:26+00:00","description":"L'impact de la botanique sur l'environnement : comment la connaissance des plantes contribue \u00e0 pr\u00e9server la biodiversit\u00e9 et les \u00e9cosyst\u00e8mes.","inLanguage":"fr-FR","potentialAction":[{"@type":"ReadAction","target":["https:\/\/herberiedelatille.fr\/blog\/identification-des-plantes\/limpact-de-la-botanique-sur-lenvironnement\/"]}]},{"@type":"ImageObject","inLanguage":"fr-FR","@id":"https:\/\/herberiedelatille.fr\/blog\/identification-des-plantes\/limpact-de-la-botanique-sur-lenvironnement\/#primaryimage","url":"https:\/\/herberiedelatille.fr\/blog\/wp-content\/uploads\/2025\/01\/Limpact-de-la-botanique-sur-lenvironnement-1.png","contentUrl":"https:\/\/herberiedelatille.fr\/blog\/wp-content\/uploads\/2025\/01\/Limpact-de-la-botanique-sur-lenvironnement-1.png","width":1344,"height":768,"caption":"d\u00e9couvrez comment la botanique influence notre environnement, en explorant les interactions essentielles entre les plantes, la biodiversit\u00e9 et les \u00e9cosyst\u00e8mes. plongez dans l'importance des \u00e9tudes botaniques pour pr\u00e9server notre plan\u00e8te et \u00e9valuer leur r\u00f4le face aux changements climatiques."},{"@type":"WebSite","@id":"https:\/\/herberiedelatille.fr\/blog\/#website","url":"https:\/\/herberiedelatille.fr\/blog\/","name":"Herberie de la Tille","description":"Le m\u00e9dia de la botanique pratique \u2014 plantes, herboristerie, identification","publisher":{"@id":"https:\/\/herberiedelatille.fr\/blog\/#organization"},"alternateName":"Herberie de la Tille","potentialAction":[{"@type":"SearchAction","target":{"@type":"EntryPoint","urlTemplate":"https:\/\/herberiedelatille.fr\/blog\/?s={search_term_string}"},"query-input":{"@type":"PropertyValueSpecification","valueRequired":true,"valueName":"search_term_string"}}],"inLanguage":"fr-FR"},{"@type":"Organization","@id":"https:\/\/herberiedelatille.fr\/blog\/#organization","name":"Herberie de la Tille","url":"https:\/\/herberiedelatille.fr\/blog\/","logo":{"@type":"ImageObject","inLanguage":"fr-FR","@id":"https:\/\/herberiedelatille.fr\/blog\/#\/schema\/logo\/image\/","url":"https:\/\/herberiedelatille.fr\/blog\/wp-content\/uploads\/2024\/12\/herberiedelatille.png","contentUrl":"https:\/\/herberiedelatille.fr\/blog\/wp-content\/uploads\/2024\/12\/herberiedelatille.png","width":500,"height":500,"caption":"Herberie de la Tille"},"image":{"@id":"https:\/\/herberiedelatille.fr\/blog\/#\/schema\/logo\/image\/"}},{"@type":"Person","@id":"https:\/\/herberiedelatille.fr\/blog\/#\/schema\/person\/3c864cdc320801e3db34b663e7e3f816","name":"Julien Prigent","image":{"@type":"ImageObject","inLanguage":"fr-FR","@id":"https:\/\/herberiedelatille.fr\/blog\/#\/schema\/person\/image\/","url":"https:\/\/herberiedelatille.fr\/blog\/wp-content\/uploads\/2026\/06\/persona_julien-p-96x96.jpg","contentUrl":"https:\/\/herberiedelatille.fr\/blog\/wp-content\/uploads\/2026\/06\/persona_julien-p-96x96.jpg","caption":"Julien Prigent"},"description":"Bricoleur et jardinier dans l'\u00e2me, j'\u00e9cris sur la maison et ses ext\u00e9rieurs avec les mains dans le cambouis plus que dans les th\u00e9ories. Mon terrain couvre tout l'habitat : le potager et le jardin au fil des saisons, mais aussi les petits travaux, la r\u00e9novation, le bricolage et les m\u00e9tiers du b\u00e2timent \u2014 toiture, isolation, menuiserie, serrurerie, ma\u00e7onnerie. J'aime expliquer un geste technique simplement, donner des fourchettes de prix r\u00e9alistes et les bons crit\u00e8res pour choisir un mat\u00e9riau ou un artisan. Je teste ce que je peux sur mes propres chantiers et au jardin avant d'en parler, je distingue la tradition de ce que confirme l'observation, et je pr\u00e9cise toujours le contexte \u2014 climat, type de sol, configuration du logement \u2014 parce qu'un m\u00eame conseil ne vaut pas partout. Mon but : rendre l'entretien et l'am\u00e9lioration de la maison accessibles, durables et \u00e9conomes.","sameAs":["https:\/\/julienprigent.fr\/"],"url":"https:\/\/herberiedelatille.fr\/blog\/auteur\/julien-p\/"}]}},"_links":{"self":[{"href":"https:\/\/herberiedelatille.fr\/blog\/wp-json\/wp\/v2\/posts\/7373","targetHints":{"allow":["GET"]}}],"collection":[{"href":"https:\/\/herberiedelatille.fr\/blog\/wp-json\/wp\/v2\/posts"}],"about":[{"href":"https:\/\/herberiedelatille.fr\/blog\/wp-json\/wp\/v2\/types\/post"}],"author":[{"embeddable":true,"href":"https:\/\/herberiedelatille.fr\/blog\/wp-json\/wp\/v2\/users\/34"}],"replies":[{"embeddable":true,"href":"https:\/\/herberiedelatille.fr\/blog\/wp-json\/wp\/v2\/comments?post=7373"}],"version-history":[{"count":1,"href":"https:\/\/herberiedelatille.fr\/blog\/wp-json\/wp\/v2\/posts\/7373\/revisions"}],"predecessor-version":[{"id":7784,"href":"https:\/\/herberiedelatille.fr\/blog\/wp-json\/wp\/v2\/posts\/7373\/revisions\/7784"}],"wp:featuredmedia":[{"embeddable":true,"href":"https:\/\/herberiedelatille.fr\/blog\/wp-json\/wp\/v2\/media\/7374"}],"wp:attachment":[{"href":"https:\/\/herberiedelatille.fr\/blog\/wp-json\/wp\/v2\/media?parent=7373"}],"wp:term":[{"taxonomy":"category","embeddable":true,"href":"https:\/\/herberiedelatille.fr\/blog\/wp-json\/wp\/v2\/categories?post=7373"},{"taxonomy":"post_tag","embeddable":true,"href":"https:\/\/herberiedelatille.fr\/blog\/wp-json\/wp\/v2\/tags?post=7373"}],"curies":[{"name":"wp","href":"https:\/\/api.w.org\/{rel}","templated":true}]}}