{"id":7387,"date":"2025-01-10T02:01:00","date_gmt":"2025-01-10T01:01:00","guid":{"rendered":"https:\/\/herberiedelatille.fr\/blog\/?p=7387"},"modified":"2025-01-10T00:44:12","modified_gmt":"2025-01-09T23:44:12","slug":"herberie-orleans","status":"publish","type":"post","link":"https:\/\/herberiedelatille.fr\/blog\/actualites\/herberie-orleans\/","title":{"rendered":"herberie orleans"},"content":{"rendered":"<h2>D\u00e9couverte de l&rsquo;Herberie \u00e0 Orl\u00e9ans<\/h2>\n<p>\u00c0 l&rsquo;\u00e8re de l&rsquo;industrialisation et des m\u00e9dicaments synth\u00e9tiques, cet espace unique rappelle l&rsquo;importance des rem\u00e8des naturels et des pratiques \u00e9coresponsables. L&rsquo;Herberie, au-del\u00e0 de sa fonction de boutique, se transforme en un v\u00e9ritable centre de ressources pour quiconque s&rsquo;int\u00e9resse \u00e0 l&rsquo;aromath\u00e9rapie, \u00e0 la phytoth\u00e9rapie et aux bienfaits des plantes. Les passionn\u00e9s de botanique et les amateurs de m\u00e9decines douces trouvent ici une source inestimable d&rsquo;informations et de produits de qualit\u00e9.<\/p>\n<h2>Un lieu d&rsquo;\u00e9change et de partage<\/h2>\n<p>Au sein de l&rsquo;Herberie d&rsquo;Orl\u00e9ans, chaque visite se transforme en une exp\u00e9rience enrichissante. Les murs de cette boutique, empreints de l&rsquo;odeur envo\u00fbtante des herbes, abritent une multitude de tr\u00e9sors botaniques. Les clients peuvent explorer un large \u00e9ventail de plantes, d&rsquo;huiles essentielles et de tisanes, soigneusement s\u00e9lectionn\u00e9s pour leurs vertus th\u00e9rapeutiques. Chaque produit est le fruit d&rsquo;une recherche approfondie, alliant tradition et science moderne.<\/p>\n<p>L&rsquo;Herberie ne se limite pas \u00e0 la vente de produits. Elle propose \u00e9galement des ateliers th\u00e9matiques, des conf\u00e9rences et des rencontres avec des sp\u00e9cialistes du domaine. Ces \u00e9v\u00e9nements favorisent un \u00e9change de connaissances et d&rsquo;exp\u00e9riences, permettant ainsi aux participants de mieux comprendre l&rsquo;usage des plantes dans leur quotidien. <strong>\u201cLa nature est notre meilleure alli\u00e9e pour la sant\u00e9.\u201d<\/strong> Cette citation r\u00e9sonne avec force, incarnant la philosophie qui anime l&rsquo;Herberie.<\/p>\n<p>Les visiteurs peuvent choisir parmi une vaste gamme de produits, allant des tisanes aux d\u00e9coctions, en passant par des extraits de plantes et des cosm\u00e9tiques naturels. Chaque article pr\u00e9sente des caract\u00e9ristiques sp\u00e9cifiques qui r\u00e9pondent \u00e0 des besoins vari\u00e9s. Les conseils prodigu\u00e9s par les experts sur place permettent d&rsquo;orienter les clients vers les choix les plus adapt\u00e9s \u00e0 leurs attentes. <\/p>\n<ul>\n<li>Qualit\u00e9 et origine des plantes<\/li>\n<li>Propri\u00e9t\u00e9s m\u00e9dicinales et usages<\/li>\n<li>Pr\u00e9f\u00e9rences personnelles et besoins sp\u00e9cifiques<\/li>\n<\/ul>\n<p><img width=\"1024\" height=\"576\" src=\"https:\/\/herberiedelatille.fr\/blog\/wp-content\/uploads\/2025\/01\/stability-herberie-orleans-1.png\" class=\"aligncenter\" alt=\"Illustration d\u00e9taill\u00e9e sur herberie orleans\" title=\"herberie orleans\" decoding=\"async\" loading=\"lazy\" \/><\/p>\n<p>L&rsquo;Herberie d&rsquo;Orl\u00e9ans se distingue \u00e9galement par son engagement vers une agriculture durable. La plupart des plantes propos\u00e9es proviennent de producteurs locaux, respectant les normes de l&rsquo;agriculture biologique. Cette d\u00e9marche garantit non seulement une qualit\u00e9 optimale, mais \u00e9galement un impact environnemental r\u00e9duit. Les clients soutiennent ainsi une \u00e9conomie locale tout en faisant le choix de produits \u00e9thiques.<\/p>\n<h2>Une atmosph\u00e8re apaisante et conviviale<\/h2>\n<p>En p\u00e9n\u00e9trant dans l&rsquo;Herberie, le visiteur ressent imm\u00e9diatement une atmosph\u00e8re apaisante. Le d\u00e9cor chaleureux, agr\u00e9ment\u00e9 de couleurs douces et de mat\u00e9riaux naturels, invite \u00e0 la d\u00e9couverte et \u00e0 la d\u00e9tente. Les conseils prodigu\u00e9s par des professionnels passionn\u00e9s cr\u00e9ent un climat de confiance et d&rsquo;\u00e9coute. Chaque client est accueilli avec bienveillance, son bien-\u00eatre \u00e9tant au centre des pr\u00e9occupations.<\/p>\n<p>La boutique se veut \u00e9galement un lieu de sensibilisation aux m\u00e9decines douces. Des affiches explicatives et des brochures invitent \u00e0 explorer l&rsquo;univers fascinant des plantes. L&rsquo;Herberie se positionne ainsi comme un acteur cl\u00e9 dans la promotion de la sant\u00e9 naturelle, encourageant chacun \u00e0 adopter une approche pr\u00e9ventive et holistique de sa sant\u00e9.<\/p>\n<h2>Informations pratiques<\/h2>\n<p>Pour ceux qui souhaitent approfondir leurs connaissances ou simplement d\u00e9couvrir l&rsquo;univers des plantes m\u00e9dicinales, l&rsquo;Herberie d&rsquo;Orl\u00e9ans constitue une destination incontournable. Son \u00e9quipe d\u00e9vou\u00e9e se tient \u00e0 disposition pour r\u00e9pondre aux questions et orienter les clients vers les produits les plus appropri\u00e9s.<\/p>\n<table>\n<tr>\n<th>Type de produit<\/th>\n<th>Propri\u00e9t\u00e9s<\/th>\n<th>Origine<\/th>\n<\/tr>\n<tr>\n<td>Tisanes<\/td>\n<td>Relaxantes, digestives<\/td>\n<td>Locales, biologiques<\/td>\n<\/tr>\n<tr>\n<td>Huiles essentielles<\/td>\n<td>Aromath\u00e9rapeutiques<\/td>\n<td>Producteurs certifi\u00e9s<\/td>\n<\/tr>\n<tr>\n<td>Cosm\u00e9tiques naturels<\/td>\n<td>Hydratants, r\u00e9parateurs<\/td>\n<td>\u00c9co-responsables<\/td>\n<\/tr>\n<\/table>\n<h3>FAQ:<\/h3>\n<blockquote>\n<ul>\n<li><strong>Quels types de plantes sont disponibles ?<\/strong>Un large choix de plantes m\u00e9dicinales et aromatiques.<\/li>\n<li><strong>Proposez-vous des ateliers ?<\/strong>Oui, des ateliers sont r\u00e9guli\u00e8rement organis\u00e9s.<\/li>\n<li><strong>Les produits sont-ils bio ?<\/strong>La majorit\u00e9 des produits proviennent de l&rsquo;agriculture biologique.<\/li>\n<li><strong>Comment choisir une huile essentielle ?<\/strong>Des conseils personnalis\u00e9s sont offerts en boutique.<\/li>\n<li><strong>Les produits sont-ils test\u00e9s ?<\/strong>Tous les produits respectent des normes strictes de qualit\u00e9.<\/li>\n<\/ul>\n<\/blockquote>\n","protected":false},"excerpt":{"rendered":"","protected":false},"author":34,"featured_media":7388,"comment_status":"open","ping_status":"open","sticky":false,"template":"","format":"standard","meta":{"_acf_changed":false,"manual_indexmenow":false,"indexmenow_id_project":0,"footnotes":""},"categories":[4615],"tags":[4531,4549,4548,4528,4550],"class_list":["post-7387","post","type-post","status-publish","format-standard","has-post-thumbnail","hentry","category-actualites","tag-aromatherapie","tag-botanique","tag-herberie","tag-phytotherapie","tag-sante-naturelle","generate-columns","tablet-grid-50","mobile-grid-100","grid-parent","grid-25"],"acf":[],"yoast_head":"<!-- This site is optimized with the Yoast SEO Premium plugin v21.3 (Yoast SEO v25.6) - https:\/\/yoast.com\/wordpress\/plugins\/seo\/ -->\n<title>Herberie \u00e0 Orl\u00e9ans : plantes et rem\u00e8des naturels<\/title>\n<meta name=\"description\" content=\"D\u00e9couverte de l&#039;Herberie \u00e0 Orl\u00e9ans : un espace d\u00e9di\u00e9 aux plantes, aux rem\u00e8des naturels et aux pratiques \u00e9coresponsables de l&#039;herboristerie.\" \/>\n<meta name=\"robots\" content=\"index, follow, max-snippet:-1, max-image-preview:large, max-video-preview:-1\" \/>\n<link rel=\"canonical\" href=\"https:\/\/herberiedelatille.fr\/blog\/actualites\/herberie-orleans\/\" \/>\n<meta property=\"og:locale\" content=\"fr_FR\" \/>\n<meta property=\"og:type\" content=\"article\" \/>\n<meta property=\"og:title\" content=\"Herberie \u00e0 Orl\u00e9ans : plantes et rem\u00e8des naturels\" \/>\n<meta property=\"og:description\" content=\"D\u00e9couverte de l&#039;Herberie \u00e0 Orl\u00e9ans : un espace d\u00e9di\u00e9 aux plantes, aux rem\u00e8des naturels et aux pratiques \u00e9coresponsables de l&#039;herboristerie.\" \/>\n<meta property=\"og:url\" content=\"https:\/\/herberiedelatille.fr\/blog\/actualites\/herberie-orleans\/\" \/>\n<meta property=\"og:site_name\" content=\"Herberie de la Tille\" \/>\n<meta property=\"og:image\" content=\"https:\/\/herberiedelatille.fr\/blog\/wp-content\/uploads\/2025\/01\/stability-herberie-orleans.png\" \/>\n\t<meta property=\"og:image:width\" content=\"1024\" \/>\n\t<meta property=\"og:image:height\" content=\"576\" \/>\n\t<meta property=\"og:image:type\" content=\"image\/png\" \/>\n<meta name=\"author\" content=\"Julien Prigent\" \/>\n<meta name=\"twitter:card\" content=\"summary_large_image\" \/>\n<script type=\"application\/ld+json\" class=\"yoast-schema-graph\">{\"@context\":\"https:\/\/schema.org\",\"@graph\":[{\"@type\":\"NewsArticle\",\"@id\":\"https:\/\/herberiedelatille.fr\/blog\/actualites\/herberie-orleans\/#article\",\"isPartOf\":{\"@id\":\"https:\/\/herberiedelatille.fr\/blog\/actualites\/herberie-orleans\/\"},\"author\":{\"name\":\"Julien Prigent\",\"@id\":\"https:\/\/herberiedelatille.fr\/blog\/#\/schema\/person\/3c864cdc320801e3db34b663e7e3f816\"},\"headline\":\"herberie orleans\",\"datePublished\":\"2025-01-10T01:01:00+00:00\",\"mainEntityOfPage\":{\"@id\":\"https:\/\/herberiedelatille.fr\/blog\/actualites\/herberie-orleans\/\"},\"wordCount\":678,\"commentCount\":14,\"publisher\":{\"@id\":\"https:\/\/herberiedelatille.fr\/blog\/#organization\"},\"image\":{\"@id\":\"https:\/\/herberiedelatille.fr\/blog\/actualites\/herberie-orleans\/#primaryimage\"},\"thumbnailUrl\":\"https:\/\/herberiedelatille.fr\/blog\/wp-content\/uploads\/2025\/01\/stability-herberie-orleans.png\",\"keywords\":[\"Aromath\u00e9rapie\",\"Botanique\",\"Herberie\",\"Phytoth\u00e9rapie\",\"Sant\u00e9 naturelle\"],\"articleSection\":[\"Actualit\u00e9s\"],\"inLanguage\":\"fr-FR\",\"potentialAction\":[{\"@type\":\"CommentAction\",\"name\":\"Comment\",\"target\":[\"https:\/\/herberiedelatille.fr\/blog\/actualites\/herberie-orleans\/#respond\"]}]},{\"@type\":\"WebPage\",\"@id\":\"https:\/\/herberiedelatille.fr\/blog\/actualites\/herberie-orleans\/\",\"url\":\"https:\/\/herberiedelatille.fr\/blog\/actualites\/herberie-orleans\/\",\"name\":\"Herberie \u00e0 Orl\u00e9ans : plantes et rem\u00e8des naturels\",\"isPartOf\":{\"@id\":\"https:\/\/herberiedelatille.fr\/blog\/#website\"},\"primaryImageOfPage\":{\"@id\":\"https:\/\/herberiedelatille.fr\/blog\/actualites\/herberie-orleans\/#primaryimage\"},\"image\":{\"@id\":\"https:\/\/herberiedelatille.fr\/blog\/actualites\/herberie-orleans\/#primaryimage\"},\"thumbnailUrl\":\"https:\/\/herberiedelatille.fr\/blog\/wp-content\/uploads\/2025\/01\/stability-herberie-orleans.png\",\"datePublished\":\"2025-01-10T01:01:00+00:00\",\"description\":\"D\u00e9couverte de l'Herberie \u00e0 Orl\u00e9ans : un espace d\u00e9di\u00e9 aux plantes, aux rem\u00e8des naturels et aux pratiques \u00e9coresponsables de l'herboristerie.\",\"inLanguage\":\"fr-FR\",\"potentialAction\":[{\"@type\":\"ReadAction\",\"target\":[\"https:\/\/herberiedelatille.fr\/blog\/actualites\/herberie-orleans\/\"]}]},{\"@type\":\"ImageObject\",\"inLanguage\":\"fr-FR\",\"@id\":\"https:\/\/herberiedelatille.fr\/blog\/actualites\/herberie-orleans\/#primaryimage\",\"url\":\"https:\/\/herberiedelatille.fr\/blog\/wp-content\/uploads\/2025\/01\/stability-herberie-orleans.png\",\"contentUrl\":\"https:\/\/herberiedelatille.fr\/blog\/wp-content\/uploads\/2025\/01\/stability-herberie-orleans.png\",\"width\":1024,\"height\":576},{\"@type\":\"WebSite\",\"@id\":\"https:\/\/herberiedelatille.fr\/blog\/#website\",\"url\":\"https:\/\/herberiedelatille.fr\/blog\/\",\"name\":\"Herberie de la Tille\",\"description\":\"Le m\u00e9dia de la botanique pratique \u2014 plantes, herboristerie, identification\",\"publisher\":{\"@id\":\"https:\/\/herberiedelatille.fr\/blog\/#organization\"},\"alternateName\":\"Herberie de la Tille\",\"potentialAction\":[{\"@type\":\"SearchAction\",\"target\":{\"@type\":\"EntryPoint\",\"urlTemplate\":\"https:\/\/herberiedelatille.fr\/blog\/?s={search_term_string}\"},\"query-input\":{\"@type\":\"PropertyValueSpecification\",\"valueRequired\":true,\"valueName\":\"search_term_string\"}}],\"inLanguage\":\"fr-FR\"},{\"@type\":\"Organization\",\"@id\":\"https:\/\/herberiedelatille.fr\/blog\/#organization\",\"name\":\"Herberie de la Tille\",\"url\":\"https:\/\/herberiedelatille.fr\/blog\/\",\"logo\":{\"@type\":\"ImageObject\",\"inLanguage\":\"fr-FR\",\"@id\":\"https:\/\/herberiedelatille.fr\/blog\/#\/schema\/logo\/image\/\",\"url\":\"https:\/\/herberiedelatille.fr\/blog\/wp-content\/uploads\/2024\/12\/herberiedelatille.png\",\"contentUrl\":\"https:\/\/herberiedelatille.fr\/blog\/wp-content\/uploads\/2024\/12\/herberiedelatille.png\",\"width\":500,\"height\":500,\"caption\":\"Herberie de la Tille\"},\"image\":{\"@id\":\"https:\/\/herberiedelatille.fr\/blog\/#\/schema\/logo\/image\/\"}},{\"@type\":\"Person\",\"@id\":\"https:\/\/herberiedelatille.fr\/blog\/#\/schema\/person\/3c864cdc320801e3db34b663e7e3f816\",\"name\":\"Julien Prigent\",\"image\":{\"@type\":\"ImageObject\",\"inLanguage\":\"fr-FR\",\"@id\":\"https:\/\/herberiedelatille.fr\/blog\/#\/schema\/person\/image\/\",\"url\":\"https:\/\/herberiedelatille.fr\/blog\/wp-content\/uploads\/2026\/06\/persona_julien-p-96x96.jpg\",\"contentUrl\":\"https:\/\/herberiedelatille.fr\/blog\/wp-content\/uploads\/2026\/06\/persona_julien-p-96x96.jpg\",\"caption\":\"Julien Prigent\"},\"description\":\"Bricoleur et jardinier dans l'\u00e2me, j'\u00e9cris sur la maison et ses ext\u00e9rieurs avec les mains dans le cambouis plus que dans les th\u00e9ories. Mon terrain couvre tout l'habitat : le potager et le jardin au fil des saisons, mais aussi les petits travaux, la r\u00e9novation, le bricolage et les m\u00e9tiers du b\u00e2timent \u2014 toiture, isolation, menuiserie, serrurerie, ma\u00e7onnerie. J'aime expliquer un geste technique simplement, donner des fourchettes de prix r\u00e9alistes et les bons crit\u00e8res pour choisir un mat\u00e9riau ou un artisan. Je teste ce que je peux sur mes propres chantiers et au jardin avant d'en parler, je distingue la tradition de ce que confirme l'observation, et je pr\u00e9cise toujours le contexte \u2014 climat, type de sol, configuration du logement \u2014 parce qu'un m\u00eame conseil ne vaut pas partout. Mon but : rendre l'entretien et l'am\u00e9lioration de la maison accessibles, durables et \u00e9conomes.\",\"sameAs\":[\"https:\/\/julienprigent.fr\/\"],\"url\":\"https:\/\/herberiedelatille.fr\/blog\/auteur\/julien-p\/\"}]}<\/script>\n<!-- \/ Yoast SEO Premium plugin. -->","yoast_head_json":{"title":"Herberie \u00e0 Orl\u00e9ans : plantes et rem\u00e8des naturels","description":"D\u00e9couverte de l'Herberie \u00e0 Orl\u00e9ans : un espace d\u00e9di\u00e9 aux plantes, aux rem\u00e8des naturels et aux pratiques \u00e9coresponsables de l'herboristerie.","robots":{"index":"index","follow":"follow","max-snippet":"max-snippet:-1","max-image-preview":"max-image-preview:large","max-video-preview":"max-video-preview:-1"},"canonical":"https:\/\/herberiedelatille.fr\/blog\/actualites\/herberie-orleans\/","og_locale":"fr_FR","og_type":"article","og_title":"Herberie \u00e0 Orl\u00e9ans : plantes et rem\u00e8des naturels","og_description":"D\u00e9couverte de l'Herberie \u00e0 Orl\u00e9ans : un espace d\u00e9di\u00e9 aux plantes, aux rem\u00e8des naturels et aux pratiques \u00e9coresponsables de l'herboristerie.","og_url":"https:\/\/herberiedelatille.fr\/blog\/actualites\/herberie-orleans\/","og_site_name":"Herberie de la Tille","og_image":[{"width":1024,"height":576,"url":"https:\/\/herberiedelatille.fr\/blog\/wp-content\/uploads\/2025\/01\/stability-herberie-orleans.png","type":"image\/png"}],"author":"Julien Prigent","twitter_card":"summary_large_image","schema":{"@context":"https:\/\/schema.org","@graph":[{"@type":"NewsArticle","@id":"https:\/\/herberiedelatille.fr\/blog\/actualites\/herberie-orleans\/#article","isPartOf":{"@id":"https:\/\/herberiedelatille.fr\/blog\/actualites\/herberie-orleans\/"},"author":{"name":"Julien Prigent","@id":"https:\/\/herberiedelatille.fr\/blog\/#\/schema\/person\/3c864cdc320801e3db34b663e7e3f816"},"headline":"herberie orleans","datePublished":"2025-01-10T01:01:00+00:00","mainEntityOfPage":{"@id":"https:\/\/herberiedelatille.fr\/blog\/actualites\/herberie-orleans\/"},"wordCount":678,"commentCount":14,"publisher":{"@id":"https:\/\/herberiedelatille.fr\/blog\/#organization"},"image":{"@id":"https:\/\/herberiedelatille.fr\/blog\/actualites\/herberie-orleans\/#primaryimage"},"thumbnailUrl":"https:\/\/herberiedelatille.fr\/blog\/wp-content\/uploads\/2025\/01\/stability-herberie-orleans.png","keywords":["Aromath\u00e9rapie","Botanique","Herberie","Phytoth\u00e9rapie","Sant\u00e9 naturelle"],"articleSection":["Actualit\u00e9s"],"inLanguage":"fr-FR","potentialAction":[{"@type":"CommentAction","name":"Comment","target":["https:\/\/herberiedelatille.fr\/blog\/actualites\/herberie-orleans\/#respond"]}]},{"@type":"WebPage","@id":"https:\/\/herberiedelatille.fr\/blog\/actualites\/herberie-orleans\/","url":"https:\/\/herberiedelatille.fr\/blog\/actualites\/herberie-orleans\/","name":"Herberie \u00e0 Orl\u00e9ans : plantes et rem\u00e8des naturels","isPartOf":{"@id":"https:\/\/herberiedelatille.fr\/blog\/#website"},"primaryImageOfPage":{"@id":"https:\/\/herberiedelatille.fr\/blog\/actualites\/herberie-orleans\/#primaryimage"},"image":{"@id":"https:\/\/herberiedelatille.fr\/blog\/actualites\/herberie-orleans\/#primaryimage"},"thumbnailUrl":"https:\/\/herberiedelatille.fr\/blog\/wp-content\/uploads\/2025\/01\/stability-herberie-orleans.png","datePublished":"2025-01-10T01:01:00+00:00","description":"D\u00e9couverte de l'Herberie \u00e0 Orl\u00e9ans : un espace d\u00e9di\u00e9 aux plantes, aux rem\u00e8des naturels et aux pratiques \u00e9coresponsables de l'herboristerie.","inLanguage":"fr-FR","potentialAction":[{"@type":"ReadAction","target":["https:\/\/herberiedelatille.fr\/blog\/actualites\/herberie-orleans\/"]}]},{"@type":"ImageObject","inLanguage":"fr-FR","@id":"https:\/\/herberiedelatille.fr\/blog\/actualites\/herberie-orleans\/#primaryimage","url":"https:\/\/herberiedelatille.fr\/blog\/wp-content\/uploads\/2025\/01\/stability-herberie-orleans.png","contentUrl":"https:\/\/herberiedelatille.fr\/blog\/wp-content\/uploads\/2025\/01\/stability-herberie-orleans.png","width":1024,"height":576},{"@type":"WebSite","@id":"https:\/\/herberiedelatille.fr\/blog\/#website","url":"https:\/\/herberiedelatille.fr\/blog\/","name":"Herberie de la Tille","description":"Le m\u00e9dia de la botanique pratique \u2014 plantes, herboristerie, identification","publisher":{"@id":"https:\/\/herberiedelatille.fr\/blog\/#organization"},"alternateName":"Herberie de la Tille","potentialAction":[{"@type":"SearchAction","target":{"@type":"EntryPoint","urlTemplate":"https:\/\/herberiedelatille.fr\/blog\/?s={search_term_string}"},"query-input":{"@type":"PropertyValueSpecification","valueRequired":true,"valueName":"search_term_string"}}],"inLanguage":"fr-FR"},{"@type":"Organization","@id":"https:\/\/herberiedelatille.fr\/blog\/#organization","name":"Herberie de la Tille","url":"https:\/\/herberiedelatille.fr\/blog\/","logo":{"@type":"ImageObject","inLanguage":"fr-FR","@id":"https:\/\/herberiedelatille.fr\/blog\/#\/schema\/logo\/image\/","url":"https:\/\/herberiedelatille.fr\/blog\/wp-content\/uploads\/2024\/12\/herberiedelatille.png","contentUrl":"https:\/\/herberiedelatille.fr\/blog\/wp-content\/uploads\/2024\/12\/herberiedelatille.png","width":500,"height":500,"caption":"Herberie de la Tille"},"image":{"@id":"https:\/\/herberiedelatille.fr\/blog\/#\/schema\/logo\/image\/"}},{"@type":"Person","@id":"https:\/\/herberiedelatille.fr\/blog\/#\/schema\/person\/3c864cdc320801e3db34b663e7e3f816","name":"Julien Prigent","image":{"@type":"ImageObject","inLanguage":"fr-FR","@id":"https:\/\/herberiedelatille.fr\/blog\/#\/schema\/person\/image\/","url":"https:\/\/herberiedelatille.fr\/blog\/wp-content\/uploads\/2026\/06\/persona_julien-p-96x96.jpg","contentUrl":"https:\/\/herberiedelatille.fr\/blog\/wp-content\/uploads\/2026\/06\/persona_julien-p-96x96.jpg","caption":"Julien Prigent"},"description":"Bricoleur et jardinier dans l'\u00e2me, j'\u00e9cris sur la maison et ses ext\u00e9rieurs avec les mains dans le cambouis plus que dans les th\u00e9ories. Mon terrain couvre tout l'habitat : le potager et le jardin au fil des saisons, mais aussi les petits travaux, la r\u00e9novation, le bricolage et les m\u00e9tiers du b\u00e2timent \u2014 toiture, isolation, menuiserie, serrurerie, ma\u00e7onnerie. J'aime expliquer un geste technique simplement, donner des fourchettes de prix r\u00e9alistes et les bons crit\u00e8res pour choisir un mat\u00e9riau ou un artisan. Je teste ce que je peux sur mes propres chantiers et au jardin avant d'en parler, je distingue la tradition de ce que confirme l'observation, et je pr\u00e9cise toujours le contexte \u2014 climat, type de sol, configuration du logement \u2014 parce qu'un m\u00eame conseil ne vaut pas partout. Mon but : rendre l'entretien et l'am\u00e9lioration de la maison accessibles, durables et \u00e9conomes.","sameAs":["https:\/\/julienprigent.fr\/"],"url":"https:\/\/herberiedelatille.fr\/blog\/auteur\/julien-p\/"}]}},"_links":{"self":[{"href":"https:\/\/herberiedelatille.fr\/blog\/wp-json\/wp\/v2\/posts\/7387","targetHints":{"allow":["GET"]}}],"collection":[{"href":"https:\/\/herberiedelatille.fr\/blog\/wp-json\/wp\/v2\/posts"}],"about":[{"href":"https:\/\/herberiedelatille.fr\/blog\/wp-json\/wp\/v2\/types\/post"}],"author":[{"embeddable":true,"href":"https:\/\/herberiedelatille.fr\/blog\/wp-json\/wp\/v2\/users\/34"}],"replies":[{"embeddable":true,"href":"https:\/\/herberiedelatille.fr\/blog\/wp-json\/wp\/v2\/comments?post=7387"}],"version-history":[{"count":2,"href":"https:\/\/herberiedelatille.fr\/blog\/wp-json\/wp\/v2\/posts\/7387\/revisions"}],"predecessor-version":[{"id":7462,"href":"https:\/\/herberiedelatille.fr\/blog\/wp-json\/wp\/v2\/posts\/7387\/revisions\/7462"}],"wp:featuredmedia":[{"embeddable":true,"href":"https:\/\/herberiedelatille.fr\/blog\/wp-json\/wp\/v2\/media\/7388"}],"wp:attachment":[{"href":"https:\/\/herberiedelatille.fr\/blog\/wp-json\/wp\/v2\/media?parent=7387"}],"wp:term":[{"taxonomy":"category","embeddable":true,"href":"https:\/\/herberiedelatille.fr\/blog\/wp-json\/wp\/v2\/categories?post=7387"},{"taxonomy":"post_tag","embeddable":true,"href":"https:\/\/herberiedelatille.fr\/blog\/wp-json\/wp\/v2\/tags?post=7387"}],"curies":[{"name":"wp","href":"https:\/\/api.w.org\/{rel}","templated":true}]}}