{"id":7395,"date":"2025-01-10T00:41:00","date_gmt":"2025-01-09T23:41:00","guid":{"rendered":"https:\/\/herberiedelatille.fr\/blog\/a-la-une\/lherberie\/"},"modified":"2025-01-10T00:46:12","modified_gmt":"2025-01-09T23:46:12","slug":"lherberie","status":"publish","type":"post","link":"https:\/\/herberiedelatille.fr\/blog\/actualites\/lherberie\/","title":{"rendered":"l&rsquo;herberie"},"content":{"rendered":"<h2>Une Tradition Ancr\u00e9e dans le Temps<\/h2>\n<p>Ce savoir-faire, h\u00e9rit\u00e9 des anc\u00eatres, repose sur l&rsquo;utilisation des plantes \u00e0 des fins m\u00e9dicinales, culinaires et esth\u00e9tiques. \u00c0 l&rsquo;origine, l&rsquo;herberie se d\u00e9veloppait dans les jardins des monast\u00e8res, o\u00f9 les moines cultivaient des herbes pour soigner les malades. Aujourd&rsquo;hui, cette pratique conna\u00eet un renouveau, port\u00e9e par un int\u00e9r\u00eat croissant pour les rem\u00e8des naturels et le bien-\u00eatre. Les herboristes, v\u00e9ritables gardiens de ce savoir, jouent un r\u00f4le primordial dans la transmission des connaissances et la red\u00e9couverte des plantes m\u00e9dicinales. S&rsquo;engager dans l&rsquo;herberie, c&rsquo;est s&rsquo;inscrire dans une d\u00e9marche respectueuse de la nature, tout en apprenant \u00e0 conna\u00eetre les tr\u00e9sors que celle-ci nous offre. Les herbes, souvent per\u00e7ues comme de simples v\u00e9g\u00e9taux, r\u00e9v\u00e8lent en r\u00e9alit\u00e9 un potentiel extraordinaire, tant sur le plan physique que spirituel.<\/p>\n<h2>Les Fondements de l&rsquo;Herberie<\/h2>\n<p>L\u2019herberie repose sur une connaissance approfondie des plantes et de leurs propri\u00e9t\u00e9s. Les herboristes, par leurs \u00e9tudes et leur pratique, acqui\u00e8rent une expertise leur permettant de prescrire des m\u00e9langes adapt\u00e9s aux besoins de chaque individu. Cette science mill\u00e9naire se fonde sur l\u2019observation et l\u2019exp\u00e9rimentation, des m\u00e9thodes qui ont travers\u00e9 les \u00e2ges. Les herbes m\u00e9dicinales, telles que la camomille, la menthe ou encore le thym, poss\u00e8dent des vertus reconnues. Elles interviennent dans le soulagement de divers maux, allant des troubles digestifs aux affections respiratoires.<\/p>\n<p>Pour choisir ses plantes, il est essentiel de respecter certaines r\u00e8gles. D\u2019abord, il faut privil\u00e9gier les plantes bio, cultiv\u00e9es sans pesticides. Ensuite, l\u2019origine des plantes doit \u00eatre v\u00e9rifi\u00e9e pour garantir leur qualit\u00e9. Enfin, le choix d\u2019un herboriste qualifi\u00e9 permet d\u2019obtenir des conseils \u00e9clair\u00e9s. La phytoth\u00e9rapie, qui utilise les extraits de plantes, s\u2019inscrit \u00e9galement dans cette pratique. Elle permet d\u2019\u00e9largir le champ des possibles, proposant des solutions adapt\u00e9es \u00e0 chaque pathologie.<\/p>\n<p>La culture des herbes m\u00e9dicinales n\u00e9cessite un savoir-faire particulier. Les conditions de sol, d\u2019ensoleillement et d\u2019humidit\u00e9 influencent la croissance et les propri\u00e9t\u00e9s des plantes. Ainsi, de nombreux herboristes optent pour la culture en permaculture, respectant les cycles naturels et favorisant la biodiversit\u00e9. Cette m\u00e9thode permet non seulement de pr\u00e9server les ressources, mais aussi de garantir des r\u00e9coltes de qualit\u00e9. Les ateliers d\u2019initiation \u00e0 l\u2019herberie se multiplient, attirant un public d\u00e9sireux d\u2019apprendre. Ces formations abordent la reconnaissance des plantes, les techniques de r\u00e9colte et les m\u00e9thodes de pr\u00e9paration. Les participants d\u00e9couvrent ainsi la richesse du monde v\u00e9g\u00e9tal et les multiples fa\u00e7ons d\u2019en tirer parti.<img width=\"1024\" height=\"576\" src=\"https:\/\/herberiedelatille.fr\/blog\/wp-content\/uploads\/2025\/01\/stability-lherberie-1.png\" class=\"aligncenter\" alt=\"Illustration d\u00e9taill\u00e9e sur l&#039;herberie\" title=\"l&#039;herberie\" decoding=\"async\" loading=\"lazy\" \/><\/p>\n<h2>Le Renouveau de l&rsquo;Herberie<\/h2>\n<p>La popularit\u00e9 croissante de l&rsquo;herberie t\u00e9moigne d&rsquo;un retour aux sources, en phase avec les aspirations contemporaines. Face \u00e0 l&rsquo;industrialisation de la m\u00e9decine et \u00e0 la qu\u00eate d&rsquo;authenticit\u00e9, les consommateurs recherchent des alternatives naturelles. Les herboristes, souvent per\u00e7us comme des sages, incarnent cette volont\u00e9 de revenir \u00e0 un mode de vie plus sain. Utiliser des rem\u00e8des naturels, c&rsquo;est \u00e9galement un acte d&rsquo;engagement \u00e9cologique, en faveur de la pr\u00e9servation de notre environnement.<\/p>\n<p>Les nouvelles technologies, telles que les applications d\u00e9di\u00e9es \u00e0 la reconnaissance des plantes, facilitent l\u2019acc\u00e8s \u00e0 l\u2019herboristerie. Ces outils permettent de mieux conna\u00eetre les esp\u00e8ces et leurs bienfaits, favorisant ainsi leur utilisation. Les r\u00e9seaux sociaux, quant \u00e0 eux, offrent une plateforme de partage d\u2019exp\u00e9riences et de conseils. Ainsi, l\u2019herberie se modernise et s\u2019adapte aux attentes de la soci\u00e9t\u00e9 actuelle. La mise en r\u00e9seau des herboristes contribue \u00e9galement \u00e0 la valorisation de cette pratique, permettant aux passionn\u00e9s d\u2019\u00e9changer sur les vari\u00e9t\u00e9s et les techniques.<\/p>\n<h2>Perspectives d&rsquo;Avenir<\/h2>\n<p>L&rsquo;avenir de l&rsquo;herberie semble prometteur. L&rsquo;engouement pour les rem\u00e8des naturels et l&rsquo;importance croissante de la sant\u00e9 pr\u00e9ventive favorisent le d\u00e9veloppement de cette pratique. En int\u00e9grant les connaissances traditionnelles aux avanc\u00e9es scientifiques, l&rsquo;herberie peut se positionner comme un acteur majeur du bien-\u00eatre. La sensibilisation du public \u00e0 l&rsquo;importance des plantes m\u00e9dicinales pourrait renforcer cette tendance. Ainsi, l&rsquo;herberie pourrait devenir un pilier de la sant\u00e9 holistique, reliant nature, corps et esprit.<\/p>\n<table>\n<tr>\n<th>Plante<\/th>\n<th>Propri\u00e9t\u00e9s<\/th>\n<th>Utilisation<\/th>\n<\/tr>\n<tr>\n<td>Camomille<\/td>\n<td>Calmante, anti-inflammatoire<\/td>\n<td>Infusion pour le sommeil<\/td>\n<\/tr>\n<tr>\n<td>Thym<\/td>\n<td>Antiseptique, expectorant<\/td>\n<td>Infusion pour les voies respiratoires<\/td>\n<\/tr>\n<tr>\n<td>Menthe<\/td>\n<td>Digestive, rafra\u00eechissante<\/td>\n<td>Infusion ou ajout culinaire<\/td>\n<\/tr>\n<\/table>\n<h3>FAQ:<\/h3>\n<blockquote>\n<ul>\n<li><strong>Qu&rsquo;est-ce qu&rsquo;un herboriste ?Un herboriste est un sp\u00e9cialiste des plantes m\u00e9dicinales.<\/li>\n<li><strong>Les plantes m\u00e9dicinales sont-elles sans danger ?Utilis\u00e9es correctement, elles sont g\u00e9n\u00e9ralement sans danger.<\/li>\n<li><strong>Comment cultiver des herbes m\u00e9dicinales ?Il faut choisir un sol adapt\u00e9 et respecter les cycles naturels.<\/li>\n<li><strong>O\u00f9 trouver des herboristes ?Les herboristes se trouvent dans des boutiques sp\u00e9cialis\u00e9es ou en ligne.<\/li>\n<li><strong>Quels sont les bienfaits de l&rsquo;herberie ?Elle favorise le bien-\u00eatre physique et mental de fa\u00e7on naturelle.<\/li>\n<\/ul>\n<\/blockquote>\n","protected":false},"excerpt":{"rendered":"","protected":false},"author":34,"featured_media":7396,"comment_status":"open","ping_status":"open","sticky":false,"template":"","format":"standard","meta":{"_acf_changed":false,"manual_indexmenow":false,"indexmenow_id_project":0,"footnotes":""},"categories":[4615],"tags":[2574,4548,4553,4527,4233],"class_list":["post-7395","post","type-post","status-publish","format-standard","has-post-thumbnail","hentry","category-actualites","tag-bien-etre","tag-herberie","tag-herboristes","tag-plantes-medicinales","tag-remedes-naturels","generate-columns","tablet-grid-50","mobile-grid-100","grid-parent","grid-25"],"acf":[],"yoast_head":"<!-- This site is optimized with the Yoast SEO Premium plugin v21.3 (Yoast SEO v25.6) - https:\/\/yoast.com\/wordpress\/plugins\/seo\/ -->\n<title>L&#039;herberie : plantes m\u00e9dicinales et savoir-faire ancien<\/title>\n<meta name=\"description\" content=\"L&#039;herberie : un savoir-faire ancien autour des plantes \u00e0 usages m\u00e9dicinaux, culinaires et cosm\u00e9tiques, h\u00e9rit\u00e9 des jardins de monast\u00e8res.\" \/>\n<meta name=\"robots\" content=\"index, follow, max-snippet:-1, max-image-preview:large, max-video-preview:-1\" \/>\n<link rel=\"canonical\" href=\"https:\/\/herberiedelatille.fr\/blog\/actualites\/lherberie\/\" \/>\n<meta property=\"og:locale\" content=\"fr_FR\" \/>\n<meta property=\"og:type\" content=\"article\" \/>\n<meta property=\"og:title\" content=\"L&#039;herberie : plantes m\u00e9dicinales et savoir-faire ancien\" \/>\n<meta property=\"og:description\" content=\"L&#039;herberie : un savoir-faire ancien autour des plantes \u00e0 usages m\u00e9dicinaux, culinaires et cosm\u00e9tiques, h\u00e9rit\u00e9 des jardins de monast\u00e8res.\" \/>\n<meta property=\"og:url\" content=\"https:\/\/herberiedelatille.fr\/blog\/actualites\/lherberie\/\" \/>\n<meta property=\"og:site_name\" content=\"Herberie de la Tille\" \/>\n<meta property=\"og:image\" content=\"https:\/\/herberiedelatille.fr\/blog\/wp-content\/uploads\/2025\/01\/stability-lherberie.png\" \/>\n\t<meta property=\"og:image:width\" content=\"1024\" \/>\n\t<meta property=\"og:image:height\" content=\"576\" \/>\n\t<meta property=\"og:image:type\" content=\"image\/png\" \/>\n<meta name=\"author\" content=\"Julien Prigent\" \/>\n<meta name=\"twitter:card\" content=\"summary_large_image\" \/>\n<script type=\"application\/ld+json\" class=\"yoast-schema-graph\">{\"@context\":\"https:\/\/schema.org\",\"@graph\":[{\"@type\":\"NewsArticle\",\"@id\":\"https:\/\/herberiedelatille.fr\/blog\/actualites\/lherberie\/#article\",\"isPartOf\":{\"@id\":\"https:\/\/herberiedelatille.fr\/blog\/actualites\/lherberie\/\"},\"author\":{\"name\":\"Julien Prigent\",\"@id\":\"https:\/\/herberiedelatille.fr\/blog\/#\/schema\/person\/3c864cdc320801e3db34b663e7e3f816\"},\"headline\":\"l&rsquo;herberie\",\"datePublished\":\"2025-01-09T23:41:00+00:00\",\"dateModified\":\"2025-01-09T23:46:12+00:00\",\"mainEntityOfPage\":{\"@id\":\"https:\/\/herberiedelatille.fr\/blog\/actualites\/lherberie\/\"},\"wordCount\":847,\"commentCount\":9,\"publisher\":{\"@id\":\"https:\/\/herberiedelatille.fr\/blog\/#organization\"},\"image\":{\"@id\":\"https:\/\/herberiedelatille.fr\/blog\/actualites\/lherberie\/#primaryimage\"},\"thumbnailUrl\":\"https:\/\/herberiedelatille.fr\/blog\/wp-content\/uploads\/2025\/01\/stability-lherberie.png\",\"keywords\":[\"Bien-\u00catre\",\"Herberie\",\"Herboristes\",\"Plantes M\u00e9dicinales\",\"Rem\u00e8des Naturels\"],\"articleSection\":[\"Actualit\u00e9s\"],\"inLanguage\":\"fr-FR\",\"potentialAction\":[{\"@type\":\"CommentAction\",\"name\":\"Comment\",\"target\":[\"https:\/\/herberiedelatille.fr\/blog\/actualites\/lherberie\/#respond\"]}]},{\"@type\":\"WebPage\",\"@id\":\"https:\/\/herberiedelatille.fr\/blog\/actualites\/lherberie\/\",\"url\":\"https:\/\/herberiedelatille.fr\/blog\/actualites\/lherberie\/\",\"name\":\"L'herberie : plantes m\u00e9dicinales et savoir-faire ancien\",\"isPartOf\":{\"@id\":\"https:\/\/herberiedelatille.fr\/blog\/#website\"},\"primaryImageOfPage\":{\"@id\":\"https:\/\/herberiedelatille.fr\/blog\/actualites\/lherberie\/#primaryimage\"},\"image\":{\"@id\":\"https:\/\/herberiedelatille.fr\/blog\/actualites\/lherberie\/#primaryimage\"},\"thumbnailUrl\":\"https:\/\/herberiedelatille.fr\/blog\/wp-content\/uploads\/2025\/01\/stability-lherberie.png\",\"datePublished\":\"2025-01-09T23:41:00+00:00\",\"dateModified\":\"2025-01-09T23:46:12+00:00\",\"description\":\"L'herberie : un savoir-faire ancien autour des plantes \u00e0 usages m\u00e9dicinaux, culinaires et cosm\u00e9tiques, h\u00e9rit\u00e9 des jardins de monast\u00e8res.\",\"inLanguage\":\"fr-FR\",\"potentialAction\":[{\"@type\":\"ReadAction\",\"target\":[\"https:\/\/herberiedelatille.fr\/blog\/actualites\/lherberie\/\"]}]},{\"@type\":\"ImageObject\",\"inLanguage\":\"fr-FR\",\"@id\":\"https:\/\/herberiedelatille.fr\/blog\/actualites\/lherberie\/#primaryimage\",\"url\":\"https:\/\/herberiedelatille.fr\/blog\/wp-content\/uploads\/2025\/01\/stability-lherberie.png\",\"contentUrl\":\"https:\/\/herberiedelatille.fr\/blog\/wp-content\/uploads\/2025\/01\/stability-lherberie.png\",\"width\":1024,\"height\":576},{\"@type\":\"WebSite\",\"@id\":\"https:\/\/herberiedelatille.fr\/blog\/#website\",\"url\":\"https:\/\/herberiedelatille.fr\/blog\/\",\"name\":\"Herberie de la Tille\",\"description\":\"Le m\u00e9dia de la botanique pratique \u2014 plantes, herboristerie, identification\",\"publisher\":{\"@id\":\"https:\/\/herberiedelatille.fr\/blog\/#organization\"},\"alternateName\":\"Herberie de la Tille\",\"potentialAction\":[{\"@type\":\"SearchAction\",\"target\":{\"@type\":\"EntryPoint\",\"urlTemplate\":\"https:\/\/herberiedelatille.fr\/blog\/?s={search_term_string}\"},\"query-input\":{\"@type\":\"PropertyValueSpecification\",\"valueRequired\":true,\"valueName\":\"search_term_string\"}}],\"inLanguage\":\"fr-FR\"},{\"@type\":\"Organization\",\"@id\":\"https:\/\/herberiedelatille.fr\/blog\/#organization\",\"name\":\"Herberie de la Tille\",\"url\":\"https:\/\/herberiedelatille.fr\/blog\/\",\"logo\":{\"@type\":\"ImageObject\",\"inLanguage\":\"fr-FR\",\"@id\":\"https:\/\/herberiedelatille.fr\/blog\/#\/schema\/logo\/image\/\",\"url\":\"https:\/\/herberiedelatille.fr\/blog\/wp-content\/uploads\/2024\/12\/herberiedelatille.png\",\"contentUrl\":\"https:\/\/herberiedelatille.fr\/blog\/wp-content\/uploads\/2024\/12\/herberiedelatille.png\",\"width\":500,\"height\":500,\"caption\":\"Herberie de la Tille\"},\"image\":{\"@id\":\"https:\/\/herberiedelatille.fr\/blog\/#\/schema\/logo\/image\/\"}},{\"@type\":\"Person\",\"@id\":\"https:\/\/herberiedelatille.fr\/blog\/#\/schema\/person\/3c864cdc320801e3db34b663e7e3f816\",\"name\":\"Julien Prigent\",\"image\":{\"@type\":\"ImageObject\",\"inLanguage\":\"fr-FR\",\"@id\":\"https:\/\/herberiedelatille.fr\/blog\/#\/schema\/person\/image\/\",\"url\":\"https:\/\/herberiedelatille.fr\/blog\/wp-content\/uploads\/2026\/06\/persona_julien-p-96x96.jpg\",\"contentUrl\":\"https:\/\/herberiedelatille.fr\/blog\/wp-content\/uploads\/2026\/06\/persona_julien-p-96x96.jpg\",\"caption\":\"Julien Prigent\"},\"description\":\"Bricoleur et jardinier dans l'\u00e2me, j'\u00e9cris sur la maison et ses ext\u00e9rieurs avec les mains dans le cambouis plus que dans les th\u00e9ories. Mon terrain couvre tout l'habitat : le potager et le jardin au fil des saisons, mais aussi les petits travaux, la r\u00e9novation, le bricolage et les m\u00e9tiers du b\u00e2timent \u2014 toiture, isolation, menuiserie, serrurerie, ma\u00e7onnerie. J'aime expliquer un geste technique simplement, donner des fourchettes de prix r\u00e9alistes et les bons crit\u00e8res pour choisir un mat\u00e9riau ou un artisan. Je teste ce que je peux sur mes propres chantiers et au jardin avant d'en parler, je distingue la tradition de ce que confirme l'observation, et je pr\u00e9cise toujours le contexte \u2014 climat, type de sol, configuration du logement \u2014 parce qu'un m\u00eame conseil ne vaut pas partout. Mon but : rendre l'entretien et l'am\u00e9lioration de la maison accessibles, durables et \u00e9conomes.\",\"sameAs\":[\"https:\/\/julienprigent.fr\/\"],\"url\":\"https:\/\/herberiedelatille.fr\/blog\/auteur\/julien-p\/\"}]}<\/script>\n<!-- \/ Yoast SEO Premium plugin. -->","yoast_head_json":{"title":"L'herberie : plantes m\u00e9dicinales et savoir-faire ancien","description":"L'herberie : un savoir-faire ancien autour des plantes \u00e0 usages m\u00e9dicinaux, culinaires et cosm\u00e9tiques, h\u00e9rit\u00e9 des jardins de monast\u00e8res.","robots":{"index":"index","follow":"follow","max-snippet":"max-snippet:-1","max-image-preview":"max-image-preview:large","max-video-preview":"max-video-preview:-1"},"canonical":"https:\/\/herberiedelatille.fr\/blog\/actualites\/lherberie\/","og_locale":"fr_FR","og_type":"article","og_title":"L'herberie : plantes m\u00e9dicinales et savoir-faire ancien","og_description":"L'herberie : un savoir-faire ancien autour des plantes \u00e0 usages m\u00e9dicinaux, culinaires et cosm\u00e9tiques, h\u00e9rit\u00e9 des jardins de monast\u00e8res.","og_url":"https:\/\/herberiedelatille.fr\/blog\/actualites\/lherberie\/","og_site_name":"Herberie de la Tille","og_image":[{"width":1024,"height":576,"url":"https:\/\/herberiedelatille.fr\/blog\/wp-content\/uploads\/2025\/01\/stability-lherberie.png","type":"image\/png"}],"author":"Julien Prigent","twitter_card":"summary_large_image","schema":{"@context":"https:\/\/schema.org","@graph":[{"@type":"NewsArticle","@id":"https:\/\/herberiedelatille.fr\/blog\/actualites\/lherberie\/#article","isPartOf":{"@id":"https:\/\/herberiedelatille.fr\/blog\/actualites\/lherberie\/"},"author":{"name":"Julien Prigent","@id":"https:\/\/herberiedelatille.fr\/blog\/#\/schema\/person\/3c864cdc320801e3db34b663e7e3f816"},"headline":"l&rsquo;herberie","datePublished":"2025-01-09T23:41:00+00:00","dateModified":"2025-01-09T23:46:12+00:00","mainEntityOfPage":{"@id":"https:\/\/herberiedelatille.fr\/blog\/actualites\/lherberie\/"},"wordCount":847,"commentCount":9,"publisher":{"@id":"https:\/\/herberiedelatille.fr\/blog\/#organization"},"image":{"@id":"https:\/\/herberiedelatille.fr\/blog\/actualites\/lherberie\/#primaryimage"},"thumbnailUrl":"https:\/\/herberiedelatille.fr\/blog\/wp-content\/uploads\/2025\/01\/stability-lherberie.png","keywords":["Bien-\u00catre","Herberie","Herboristes","Plantes M\u00e9dicinales","Rem\u00e8des Naturels"],"articleSection":["Actualit\u00e9s"],"inLanguage":"fr-FR","potentialAction":[{"@type":"CommentAction","name":"Comment","target":["https:\/\/herberiedelatille.fr\/blog\/actualites\/lherberie\/#respond"]}]},{"@type":"WebPage","@id":"https:\/\/herberiedelatille.fr\/blog\/actualites\/lherberie\/","url":"https:\/\/herberiedelatille.fr\/blog\/actualites\/lherberie\/","name":"L'herberie : plantes m\u00e9dicinales et savoir-faire ancien","isPartOf":{"@id":"https:\/\/herberiedelatille.fr\/blog\/#website"},"primaryImageOfPage":{"@id":"https:\/\/herberiedelatille.fr\/blog\/actualites\/lherberie\/#primaryimage"},"image":{"@id":"https:\/\/herberiedelatille.fr\/blog\/actualites\/lherberie\/#primaryimage"},"thumbnailUrl":"https:\/\/herberiedelatille.fr\/blog\/wp-content\/uploads\/2025\/01\/stability-lherberie.png","datePublished":"2025-01-09T23:41:00+00:00","dateModified":"2025-01-09T23:46:12+00:00","description":"L'herberie : un savoir-faire ancien autour des plantes \u00e0 usages m\u00e9dicinaux, culinaires et cosm\u00e9tiques, h\u00e9rit\u00e9 des jardins de monast\u00e8res.","inLanguage":"fr-FR","potentialAction":[{"@type":"ReadAction","target":["https:\/\/herberiedelatille.fr\/blog\/actualites\/lherberie\/"]}]},{"@type":"ImageObject","inLanguage":"fr-FR","@id":"https:\/\/herberiedelatille.fr\/blog\/actualites\/lherberie\/#primaryimage","url":"https:\/\/herberiedelatille.fr\/blog\/wp-content\/uploads\/2025\/01\/stability-lherberie.png","contentUrl":"https:\/\/herberiedelatille.fr\/blog\/wp-content\/uploads\/2025\/01\/stability-lherberie.png","width":1024,"height":576},{"@type":"WebSite","@id":"https:\/\/herberiedelatille.fr\/blog\/#website","url":"https:\/\/herberiedelatille.fr\/blog\/","name":"Herberie de la Tille","description":"Le m\u00e9dia de la botanique pratique \u2014 plantes, herboristerie, identification","publisher":{"@id":"https:\/\/herberiedelatille.fr\/blog\/#organization"},"alternateName":"Herberie de la Tille","potentialAction":[{"@type":"SearchAction","target":{"@type":"EntryPoint","urlTemplate":"https:\/\/herberiedelatille.fr\/blog\/?s={search_term_string}"},"query-input":{"@type":"PropertyValueSpecification","valueRequired":true,"valueName":"search_term_string"}}],"inLanguage":"fr-FR"},{"@type":"Organization","@id":"https:\/\/herberiedelatille.fr\/blog\/#organization","name":"Herberie de la Tille","url":"https:\/\/herberiedelatille.fr\/blog\/","logo":{"@type":"ImageObject","inLanguage":"fr-FR","@id":"https:\/\/herberiedelatille.fr\/blog\/#\/schema\/logo\/image\/","url":"https:\/\/herberiedelatille.fr\/blog\/wp-content\/uploads\/2024\/12\/herberiedelatille.png","contentUrl":"https:\/\/herberiedelatille.fr\/blog\/wp-content\/uploads\/2024\/12\/herberiedelatille.png","width":500,"height":500,"caption":"Herberie de la Tille"},"image":{"@id":"https:\/\/herberiedelatille.fr\/blog\/#\/schema\/logo\/image\/"}},{"@type":"Person","@id":"https:\/\/herberiedelatille.fr\/blog\/#\/schema\/person\/3c864cdc320801e3db34b663e7e3f816","name":"Julien Prigent","image":{"@type":"ImageObject","inLanguage":"fr-FR","@id":"https:\/\/herberiedelatille.fr\/blog\/#\/schema\/person\/image\/","url":"https:\/\/herberiedelatille.fr\/blog\/wp-content\/uploads\/2026\/06\/persona_julien-p-96x96.jpg","contentUrl":"https:\/\/herberiedelatille.fr\/blog\/wp-content\/uploads\/2026\/06\/persona_julien-p-96x96.jpg","caption":"Julien Prigent"},"description":"Bricoleur et jardinier dans l'\u00e2me, j'\u00e9cris sur la maison et ses ext\u00e9rieurs avec les mains dans le cambouis plus que dans les th\u00e9ories. Mon terrain couvre tout l'habitat : le potager et le jardin au fil des saisons, mais aussi les petits travaux, la r\u00e9novation, le bricolage et les m\u00e9tiers du b\u00e2timent \u2014 toiture, isolation, menuiserie, serrurerie, ma\u00e7onnerie. J'aime expliquer un geste technique simplement, donner des fourchettes de prix r\u00e9alistes et les bons crit\u00e8res pour choisir un mat\u00e9riau ou un artisan. Je teste ce que je peux sur mes propres chantiers et au jardin avant d'en parler, je distingue la tradition de ce que confirme l'observation, et je pr\u00e9cise toujours le contexte \u2014 climat, type de sol, configuration du logement \u2014 parce qu'un m\u00eame conseil ne vaut pas partout. Mon but : rendre l'entretien et l'am\u00e9lioration de la maison accessibles, durables et \u00e9conomes.","sameAs":["https:\/\/julienprigent.fr\/"],"url":"https:\/\/herberiedelatille.fr\/blog\/auteur\/julien-p\/"}]}},"_links":{"self":[{"href":"https:\/\/herberiedelatille.fr\/blog\/wp-json\/wp\/v2\/posts\/7395","targetHints":{"allow":["GET"]}}],"collection":[{"href":"https:\/\/herberiedelatille.fr\/blog\/wp-json\/wp\/v2\/posts"}],"about":[{"href":"https:\/\/herberiedelatille.fr\/blog\/wp-json\/wp\/v2\/types\/post"}],"author":[{"embeddable":true,"href":"https:\/\/herberiedelatille.fr\/blog\/wp-json\/wp\/v2\/users\/34"}],"replies":[{"embeddable":true,"href":"https:\/\/herberiedelatille.fr\/blog\/wp-json\/wp\/v2\/comments?post=7395"}],"version-history":[{"count":1,"href":"https:\/\/herberiedelatille.fr\/blog\/wp-json\/wp\/v2\/posts\/7395\/revisions"}],"predecessor-version":[{"id":7398,"href":"https:\/\/herberiedelatille.fr\/blog\/wp-json\/wp\/v2\/posts\/7395\/revisions\/7398"}],"wp:featuredmedia":[{"embeddable":true,"href":"https:\/\/herberiedelatille.fr\/blog\/wp-json\/wp\/v2\/media\/7396"}],"wp:attachment":[{"href":"https:\/\/herberiedelatille.fr\/blog\/wp-json\/wp\/v2\/media?parent=7395"}],"wp:term":[{"taxonomy":"category","embeddable":true,"href":"https:\/\/herberiedelatille.fr\/blog\/wp-json\/wp\/v2\/categories?post=7395"},{"taxonomy":"post_tag","embeddable":true,"href":"https:\/\/herberiedelatille.fr\/blog\/wp-json\/wp\/v2\/tags?post=7395"}],"curies":[{"name":"wp","href":"https:\/\/api.w.org\/{rel}","templated":true}]}}