{"id":7399,"date":"2025-01-11T00:41:00","date_gmt":"2025-01-10T23:41:00","guid":{"rendered":"https:\/\/herberiedelatille.fr\/blog\/?p=7399"},"modified":"2025-01-10T00:46:59","modified_gmt":"2025-01-09T23:46:59","slug":"herberie-de-celine","status":"publish","type":"post","link":"https:\/\/herberiedelatille.fr\/blog\/actualites\/herberie-de-celine\/","title":{"rendered":"herberie de c\u00e9line"},"content":{"rendered":"<h2>La D\u00e9couverte de l&rsquo;Herberie de C\u00e9line<\/h2>\n<p>Ce lieu exceptionnel, situ\u00e9 dans un \u00e9crin verdoyant, attire les passionn\u00e9s de phytoth\u00e9rapie et les curieux en qu\u00eate de bien-\u00eatre. Les jardins, soigneusement entretenus, offrent une palette impressionnante d&rsquo;esp\u00e8ces botaniques, allant des simples aux plus rares. Les visiteurs peuvent y d\u00e9couvrir les multiples bienfaits des herbes, tout en s\u2019initiant aux pratiques de r\u00e9colte et de pr\u00e9paration. Cette approche holistique de la sant\u00e9, port\u00e9e par une passion ind\u00e9niable, t\u00e9moigne d&rsquo;une volont\u00e9 de transmettre des connaissances ancestrales sur la nature et ses tr\u00e9sors. Dans un monde o\u00f9 le retour \u00e0 la nature prend tout son sens, l&rsquo;Herberie de C\u00e9line se positionne comme un phare, illuminant le chemin vers une vie plus saine et \u00e9quilibr\u00e9e.<\/p>\n<h2>Les Activit\u00e9s Propos\u00e9es \u00e0 l&rsquo;Herberie<\/h2>\n<p>L&rsquo;Herberie de C\u00e9line ne se limite pas \u00e0 un simple jardin de plantes. Elle propose une multitude d&rsquo;activit\u00e9s visant \u00e0 renforcer le lien entre l&rsquo;homme et la nature. Des ateliers th\u00e9matiques permettent aux participants d&rsquo;apprendre \u00e0 reconna\u00eetre les plantes m\u00e9dicinales, \u00e0 concocter des tisanes et \u00e0 r\u00e9aliser des pr\u00e9parations \u00e0 base d&rsquo;herbes. Chaque s\u00e9ance, anim\u00e9e par des experts passionn\u00e9s, s&rsquo;accompagne d&rsquo;explications d\u00e9taill\u00e9es sur les propri\u00e9t\u00e9s de chaque esp\u00e8ce. Les visiteurs s&rsquo;immergent ainsi dans un univers o\u00f9 la science et la tradition se rencontrent.<\/p>\n<p>Les promenades botaniques, quant \u00e0 elles, offrent une exp\u00e9rience immersive. Accompagn\u00e9s de guides chevronn\u00e9s, les participants d\u00e9couvrent l\u2019histoire des plantes et leur utilisation au fil des si\u00e8cles. Ces excursions permettent d&rsquo;appr\u00e9hender la biodiversit\u00e9 locale, tout en sensibilisant \u00e0 la pr\u00e9servation de l&rsquo;environnement. L&rsquo;Herberie de C\u00e9line se veut \u00e9galement un lieu de convivialit\u00e9. Des journ\u00e9es portes ouvertes, des conf\u00e9rences et des march\u00e9s de producteurs locaux favorisent les \u00e9changes entre passionn\u00e9s et n\u00e9ophytes.<\/p>\n<p>Enfin, l&rsquo;Herberie de C\u00e9line engage ses visiteurs \u00e0 adopter un mode de vie respectueux de la nature. Des conseils pratiques sur la culture des plantes m\u00e9dicinales \u00e0 domicile, ainsi que sur les recettes de sant\u00e9 naturelle, renforcent cette dynamique. Loin de se cantonner \u00e0 un simple lieu de visite, l&rsquo;Herberie de C\u00e9line incarne une philosophie de vie. <strong>La nature, sans cesse, nous offre ses bienfaits.<\/strong><img width=\"1024\" height=\"576\" src=\"https:\/\/herberiedelatille.fr\/blog\/wp-content\/uploads\/2025\/01\/stability-herberie-de-celine-1.png\" class=\"aligncenter\" alt=\"Illustration d\u00e9taill\u00e9e sur herberie de c\u00e9line\" title=\"herberie de c\u00e9line\" decoding=\"async\" loading=\"lazy\" \/><\/p>\n<p>Cette initiative illustre parfaitement comment un espace peut devenir un vecteur de transmission de savoirs. En effet, l&rsquo;Herberie de C\u00e9line s&rsquo;impose comme un lieu d&rsquo;apprentissage et de partage, o\u00f9 chaque visiteur peut s&rsquo;enrichir d&rsquo;informations pr\u00e9cieuses sur les merveilles du monde v\u00e9g\u00e9tal.<\/p>\n<blockquote class=\"wp-embedded-content\" data-secret=\"UTExZSnDJh\"><p><a href=\"https:\/\/herberiedelatille.fr\/blog\/a-la-une\/lherberie\/\">l&rsquo;herberie<\/a><\/p><\/blockquote>\n<p><iframe loading=\"lazy\" class=\"wp-embedded-content\" sandbox=\"allow-scripts\" security=\"restricted\" style=\"position: absolute; visibility: hidden;\" title=\"\u00ab\u00a0l&rsquo;herberie\u00a0\u00bb &#8212; herberiedelatille\" src=\"https:\/\/herberiedelatille.fr\/blog\/a-la-une\/lherberie\/embed\/#?secret=prT1Z5ZBo6#?secret=UTExZSnDJh\" data-secret=\"UTExZSnDJh\" width=\"600\" height=\"338\" frameborder=\"0\" marginwidth=\"0\" marginheight=\"0\" scrolling=\"no\"><\/iframe><\/p>\n<h2>Une Philosophie de Vie Inspirante<\/h2>\n<p>L&rsquo;Herberie de C\u00e9line ne se contente pas de pr\u00e9senter une collection de plantes. Elle diffuse un message fort, celui d&rsquo;un retour aux sources, \u00e0 la sagesse des anc\u00eatres. La fondatrice, C\u00e9line, affirme : <\/p>\n<blockquote><p>\u201cLa sant\u00e9 passe par la connaissance et le respect de la nature.\u201d<\/p><\/blockquote>\n<p> Cette conviction guide chaque activit\u00e9 et chaque interaction au sein de l&rsquo;herberie. Les principes de la permaculture, de l&rsquo;agro\u00e9cologie et du respect des cycles naturels impr\u00e8gnent l\u2019ensemble des pratiques.<\/p>\n<p>Les visiteurs peuvent ainsi s&rsquo;interroger sur leur propre rapport \u00e0 la nature. Pourquoi ne pas cultiver ses propres herbes aromatiques ? Comment int\u00e9grer les plantes m\u00e9dicinales dans son quotidien ? Ces questionnements, loin d&rsquo;\u00eatre anecdotiques, ouvrent la voie \u00e0 une r\u00e9flexion plus profonde sur notre mode de vie moderne et ses cons\u00e9quences sur la sant\u00e9 et l&rsquo;environnement.<\/p>\n<p>En somme, l&rsquo;Herberie de C\u00e9line repr\u00e9sente un mod\u00e8le \u00e0 suivre. Elle inspire chacun \u00e0 renouer avec des pratiques plus saines, tout en red\u00e9couvrant la richesse d&rsquo;un patrimoine v\u00e9g\u00e9tal souvent n\u00e9glig\u00e9. Dans un monde en qu\u00eate de sens, cet espace se r\u00e9v\u00e8le \u00eatre un v\u00e9ritable havre de paix.<\/p>\n<h2>Vers Un Avenir \u00c9cologique<\/h2>\n<p>Les initiatives comme l&rsquo;Herberie de C\u00e9line s&rsquo;inscrivent dans un mouvement plus large en faveur d&rsquo;une \u00e9cologie durable. En sensibilisant le public \u00e0 l&rsquo;importance des plantes m\u00e9dicinales, C\u00e9line et son \u00e9quipe contribuent \u00e0 un changement de mentalit\u00e9. Chaque visite, chaque atelier, chaque \u00e9change compte. <strong>R\u00e9v\u00e9ler la beaut\u00e9 des plantes, c&rsquo;est pr\u00e9server notre avenir.<\/strong><\/p>\n<table>\n<tr>\n<th>Activit\u00e9<\/th>\n<th>Description<\/th>\n<th>Fr\u00e9quence<\/th>\n<\/tr>\n<tr>\n<td>Ateliers de Phytoth\u00e9rapie<\/td>\n<td>Apprentissage des bienfaits des plantes m\u00e9dicinales<\/td>\n<td>Mensuel<\/td>\n<\/tr>\n<tr>\n<td>Promenades Botaniques<\/td>\n<td>D\u00e9couverte des plantes et de leur histoire<\/td>\n<td>Bi-mensuel<\/td>\n<\/tr>\n<tr>\n<td>Journ\u00e9es Portes Ouvertes<\/td>\n<td>\u00c9changes avec des producteurs et des experts<\/td>\n<td>Trimestriel<\/td>\n<\/tr>\n<\/table>\n<h3>FAQ:<\/h3>\n<blockquote>\n<ul>\n<li><strong>Quels types de plantes m\u00e9dicinales sont cultiv\u00e9s ?Une large vari\u00e9t\u00e9 allant des simples aux rares.<\/li>\n<li><strong>Peut-on acheter des produits \u00e0 base de plantes sur place ?Oui, l&rsquo;herberie propose des tisanes et des huiles essentielles.<\/li>\n<li><strong>Y a-t-il des activit\u00e9s pour les enfants ?Des ateliers adapt\u00e9s aux plus jeunes sont r\u00e9guli\u00e8rement organis\u00e9s.<\/li>\n<li><strong>Faut-il s&rsquo;inscrire \u00e0 l&rsquo;avance pour les ateliers ?Oui, il est recommand\u00e9 de r\u00e9server pour garantir sa place.<\/li>\n<li><strong>Comment se rendre \u00e0 l&rsquo;Herberie de C\u00e9line ?Des indications d\u00e9taill\u00e9es sont disponibles sur leur site internet.<\/li>\n<\/ul>\n<\/blockquote>\n","protected":false},"excerpt":{"rendered":"","protected":false},"author":34,"featured_media":7400,"comment_status":"open","ping_status":"open","sticky":false,"template":"","format":"standard","meta":{"_acf_changed":false,"manual_indexmenow":false,"indexmenow_id_project":0,"footnotes":""},"categories":[4615],"tags":[2574,3879,4548,4528,4527],"class_list":["post-7399","post","type-post","status-publish","format-standard","has-post-thumbnail","hentry","category-actualites","tag-bien-etre","tag-ecologie","tag-herberie","tag-phytotherapie","tag-plantes-medicinales","generate-columns","tablet-grid-50","mobile-grid-100","grid-parent","grid-25"],"acf":[],"yoast_head":"<!-- This site is optimized with the Yoast SEO Premium plugin v21.3 (Yoast SEO v25.6) - https:\/\/yoast.com\/wordpress\/plugins\/seo\/ -->\n<title>Herberie de C\u00e9line : plantes et phytoth\u00e9rapie au naturel<\/title>\n<meta name=\"description\" content=\"L&#039;Herberie de C\u00e9line : un lieu verdoyant d\u00e9di\u00e9 aux plantes et \u00e0 la phytoth\u00e9rapie, avec des jardins riches d&#039;une belle diversit\u00e9 d&#039;esp\u00e8ces.\" \/>\n<meta name=\"robots\" content=\"index, follow, max-snippet:-1, max-image-preview:large, max-video-preview:-1\" \/>\n<link rel=\"canonical\" href=\"https:\/\/herberiedelatille.fr\/blog\/actualites\/herberie-de-celine\/\" \/>\n<meta property=\"og:locale\" content=\"fr_FR\" \/>\n<meta property=\"og:type\" content=\"article\" \/>\n<meta property=\"og:title\" content=\"Herberie de C\u00e9line : plantes et phytoth\u00e9rapie au naturel\" \/>\n<meta property=\"og:description\" content=\"L&#039;Herberie de C\u00e9line : un lieu verdoyant d\u00e9di\u00e9 aux plantes et \u00e0 la phytoth\u00e9rapie, avec des jardins riches d&#039;une belle diversit\u00e9 d&#039;esp\u00e8ces.\" \/>\n<meta property=\"og:url\" content=\"https:\/\/herberiedelatille.fr\/blog\/actualites\/herberie-de-celine\/\" \/>\n<meta property=\"og:site_name\" content=\"Herberie de la Tille\" \/>\n<meta property=\"og:image\" content=\"https:\/\/herberiedelatille.fr\/blog\/wp-content\/uploads\/2025\/01\/stability-herberie-de-celine.png\" \/>\n\t<meta property=\"og:image:width\" content=\"1024\" \/>\n\t<meta property=\"og:image:height\" content=\"576\" \/>\n\t<meta property=\"og:image:type\" content=\"image\/png\" \/>\n<meta name=\"author\" content=\"Julien Prigent\" \/>\n<meta name=\"twitter:card\" content=\"summary_large_image\" \/>\n<script type=\"application\/ld+json\" class=\"yoast-schema-graph\">{\"@context\":\"https:\/\/schema.org\",\"@graph\":[{\"@type\":\"NewsArticle\",\"@id\":\"https:\/\/herberiedelatille.fr\/blog\/actualites\/herberie-de-celine\/#article\",\"isPartOf\":{\"@id\":\"https:\/\/herberiedelatille.fr\/blog\/actualites\/herberie-de-celine\/\"},\"author\":{\"name\":\"Julien Prigent\",\"@id\":\"https:\/\/herberiedelatille.fr\/blog\/#\/schema\/person\/3c864cdc320801e3db34b663e7e3f816\"},\"headline\":\"herberie de c\u00e9line\",\"datePublished\":\"2025-01-10T23:41:00+00:00\",\"mainEntityOfPage\":{\"@id\":\"https:\/\/herberiedelatille.fr\/blog\/actualites\/herberie-de-celine\/\"},\"wordCount\":865,\"commentCount\":11,\"publisher\":{\"@id\":\"https:\/\/herberiedelatille.fr\/blog\/#organization\"},\"image\":{\"@id\":\"https:\/\/herberiedelatille.fr\/blog\/actualites\/herberie-de-celine\/#primaryimage\"},\"thumbnailUrl\":\"https:\/\/herberiedelatille.fr\/blog\/wp-content\/uploads\/2025\/01\/stability-herberie-de-celine.png\",\"keywords\":[\"Bien-\u00catre\",\"\u00c9cologie\",\"Herberie\",\"Phytoth\u00e9rapie\",\"Plantes M\u00e9dicinales\"],\"articleSection\":[\"Actualit\u00e9s\"],\"inLanguage\":\"fr-FR\",\"potentialAction\":[{\"@type\":\"CommentAction\",\"name\":\"Comment\",\"target\":[\"https:\/\/herberiedelatille.fr\/blog\/actualites\/herberie-de-celine\/#respond\"]}]},{\"@type\":\"WebPage\",\"@id\":\"https:\/\/herberiedelatille.fr\/blog\/actualites\/herberie-de-celine\/\",\"url\":\"https:\/\/herberiedelatille.fr\/blog\/actualites\/herberie-de-celine\/\",\"name\":\"Herberie de C\u00e9line : plantes et phytoth\u00e9rapie au naturel\",\"isPartOf\":{\"@id\":\"https:\/\/herberiedelatille.fr\/blog\/#website\"},\"primaryImageOfPage\":{\"@id\":\"https:\/\/herberiedelatille.fr\/blog\/actualites\/herberie-de-celine\/#primaryimage\"},\"image\":{\"@id\":\"https:\/\/herberiedelatille.fr\/blog\/actualites\/herberie-de-celine\/#primaryimage\"},\"thumbnailUrl\":\"https:\/\/herberiedelatille.fr\/blog\/wp-content\/uploads\/2025\/01\/stability-herberie-de-celine.png\",\"datePublished\":\"2025-01-10T23:41:00+00:00\",\"description\":\"L'Herberie de C\u00e9line : un lieu verdoyant d\u00e9di\u00e9 aux plantes et \u00e0 la phytoth\u00e9rapie, avec des jardins riches d'une belle diversit\u00e9 d'esp\u00e8ces.\",\"inLanguage\":\"fr-FR\",\"potentialAction\":[{\"@type\":\"ReadAction\",\"target\":[\"https:\/\/herberiedelatille.fr\/blog\/actualites\/herberie-de-celine\/\"]}]},{\"@type\":\"ImageObject\",\"inLanguage\":\"fr-FR\",\"@id\":\"https:\/\/herberiedelatille.fr\/blog\/actualites\/herberie-de-celine\/#primaryimage\",\"url\":\"https:\/\/herberiedelatille.fr\/blog\/wp-content\/uploads\/2025\/01\/stability-herberie-de-celine.png\",\"contentUrl\":\"https:\/\/herberiedelatille.fr\/blog\/wp-content\/uploads\/2025\/01\/stability-herberie-de-celine.png\",\"width\":1024,\"height\":576},{\"@type\":\"WebSite\",\"@id\":\"https:\/\/herberiedelatille.fr\/blog\/#website\",\"url\":\"https:\/\/herberiedelatille.fr\/blog\/\",\"name\":\"Herberie de la Tille\",\"description\":\"Le m\u00e9dia de la botanique pratique \u2014 plantes, herboristerie, identification\",\"publisher\":{\"@id\":\"https:\/\/herberiedelatille.fr\/blog\/#organization\"},\"alternateName\":\"Herberie de la Tille\",\"potentialAction\":[{\"@type\":\"SearchAction\",\"target\":{\"@type\":\"EntryPoint\",\"urlTemplate\":\"https:\/\/herberiedelatille.fr\/blog\/?s={search_term_string}\"},\"query-input\":{\"@type\":\"PropertyValueSpecification\",\"valueRequired\":true,\"valueName\":\"search_term_string\"}}],\"inLanguage\":\"fr-FR\"},{\"@type\":\"Organization\",\"@id\":\"https:\/\/herberiedelatille.fr\/blog\/#organization\",\"name\":\"Herberie de la Tille\",\"url\":\"https:\/\/herberiedelatille.fr\/blog\/\",\"logo\":{\"@type\":\"ImageObject\",\"inLanguage\":\"fr-FR\",\"@id\":\"https:\/\/herberiedelatille.fr\/blog\/#\/schema\/logo\/image\/\",\"url\":\"https:\/\/herberiedelatille.fr\/blog\/wp-content\/uploads\/2024\/12\/herberiedelatille.png\",\"contentUrl\":\"https:\/\/herberiedelatille.fr\/blog\/wp-content\/uploads\/2024\/12\/herberiedelatille.png\",\"width\":500,\"height\":500,\"caption\":\"Herberie de la Tille\"},\"image\":{\"@id\":\"https:\/\/herberiedelatille.fr\/blog\/#\/schema\/logo\/image\/\"}},{\"@type\":\"Person\",\"@id\":\"https:\/\/herberiedelatille.fr\/blog\/#\/schema\/person\/3c864cdc320801e3db34b663e7e3f816\",\"name\":\"Julien Prigent\",\"image\":{\"@type\":\"ImageObject\",\"inLanguage\":\"fr-FR\",\"@id\":\"https:\/\/herberiedelatille.fr\/blog\/#\/schema\/person\/image\/\",\"url\":\"https:\/\/herberiedelatille.fr\/blog\/wp-content\/uploads\/2026\/06\/persona_julien-p-96x96.jpg\",\"contentUrl\":\"https:\/\/herberiedelatille.fr\/blog\/wp-content\/uploads\/2026\/06\/persona_julien-p-96x96.jpg\",\"caption\":\"Julien Prigent\"},\"description\":\"Bricoleur et jardinier dans l'\u00e2me, j'\u00e9cris sur la maison et ses ext\u00e9rieurs avec les mains dans le cambouis plus que dans les th\u00e9ories. Mon terrain couvre tout l'habitat : le potager et le jardin au fil des saisons, mais aussi les petits travaux, la r\u00e9novation, le bricolage et les m\u00e9tiers du b\u00e2timent \u2014 toiture, isolation, menuiserie, serrurerie, ma\u00e7onnerie. J'aime expliquer un geste technique simplement, donner des fourchettes de prix r\u00e9alistes et les bons crit\u00e8res pour choisir un mat\u00e9riau ou un artisan. Je teste ce que je peux sur mes propres chantiers et au jardin avant d'en parler, je distingue la tradition de ce que confirme l'observation, et je pr\u00e9cise toujours le contexte \u2014 climat, type de sol, configuration du logement \u2014 parce qu'un m\u00eame conseil ne vaut pas partout. Mon but : rendre l'entretien et l'am\u00e9lioration de la maison accessibles, durables et \u00e9conomes.\",\"sameAs\":[\"https:\/\/julienprigent.fr\/\"],\"url\":\"https:\/\/herberiedelatille.fr\/blog\/auteur\/julien-p\/\"}]}<\/script>\n<!-- \/ Yoast SEO Premium plugin. -->","yoast_head_json":{"title":"Herberie de C\u00e9line : plantes et phytoth\u00e9rapie au naturel","description":"L'Herberie de C\u00e9line : un lieu verdoyant d\u00e9di\u00e9 aux plantes et \u00e0 la phytoth\u00e9rapie, avec des jardins riches d'une belle diversit\u00e9 d'esp\u00e8ces.","robots":{"index":"index","follow":"follow","max-snippet":"max-snippet:-1","max-image-preview":"max-image-preview:large","max-video-preview":"max-video-preview:-1"},"canonical":"https:\/\/herberiedelatille.fr\/blog\/actualites\/herberie-de-celine\/","og_locale":"fr_FR","og_type":"article","og_title":"Herberie de C\u00e9line : plantes et phytoth\u00e9rapie au naturel","og_description":"L'Herberie de C\u00e9line : un lieu verdoyant d\u00e9di\u00e9 aux plantes et \u00e0 la phytoth\u00e9rapie, avec des jardins riches d'une belle diversit\u00e9 d'esp\u00e8ces.","og_url":"https:\/\/herberiedelatille.fr\/blog\/actualites\/herberie-de-celine\/","og_site_name":"Herberie de la Tille","og_image":[{"width":1024,"height":576,"url":"https:\/\/herberiedelatille.fr\/blog\/wp-content\/uploads\/2025\/01\/stability-herberie-de-celine.png","type":"image\/png"}],"author":"Julien Prigent","twitter_card":"summary_large_image","schema":{"@context":"https:\/\/schema.org","@graph":[{"@type":"NewsArticle","@id":"https:\/\/herberiedelatille.fr\/blog\/actualites\/herberie-de-celine\/#article","isPartOf":{"@id":"https:\/\/herberiedelatille.fr\/blog\/actualites\/herberie-de-celine\/"},"author":{"name":"Julien Prigent","@id":"https:\/\/herberiedelatille.fr\/blog\/#\/schema\/person\/3c864cdc320801e3db34b663e7e3f816"},"headline":"herberie de c\u00e9line","datePublished":"2025-01-10T23:41:00+00:00","mainEntityOfPage":{"@id":"https:\/\/herberiedelatille.fr\/blog\/actualites\/herberie-de-celine\/"},"wordCount":865,"commentCount":11,"publisher":{"@id":"https:\/\/herberiedelatille.fr\/blog\/#organization"},"image":{"@id":"https:\/\/herberiedelatille.fr\/blog\/actualites\/herberie-de-celine\/#primaryimage"},"thumbnailUrl":"https:\/\/herberiedelatille.fr\/blog\/wp-content\/uploads\/2025\/01\/stability-herberie-de-celine.png","keywords":["Bien-\u00catre","\u00c9cologie","Herberie","Phytoth\u00e9rapie","Plantes M\u00e9dicinales"],"articleSection":["Actualit\u00e9s"],"inLanguage":"fr-FR","potentialAction":[{"@type":"CommentAction","name":"Comment","target":["https:\/\/herberiedelatille.fr\/blog\/actualites\/herberie-de-celine\/#respond"]}]},{"@type":"WebPage","@id":"https:\/\/herberiedelatille.fr\/blog\/actualites\/herberie-de-celine\/","url":"https:\/\/herberiedelatille.fr\/blog\/actualites\/herberie-de-celine\/","name":"Herberie de C\u00e9line : plantes et phytoth\u00e9rapie au naturel","isPartOf":{"@id":"https:\/\/herberiedelatille.fr\/blog\/#website"},"primaryImageOfPage":{"@id":"https:\/\/herberiedelatille.fr\/blog\/actualites\/herberie-de-celine\/#primaryimage"},"image":{"@id":"https:\/\/herberiedelatille.fr\/blog\/actualites\/herberie-de-celine\/#primaryimage"},"thumbnailUrl":"https:\/\/herberiedelatille.fr\/blog\/wp-content\/uploads\/2025\/01\/stability-herberie-de-celine.png","datePublished":"2025-01-10T23:41:00+00:00","description":"L'Herberie de C\u00e9line : un lieu verdoyant d\u00e9di\u00e9 aux plantes et \u00e0 la phytoth\u00e9rapie, avec des jardins riches d'une belle diversit\u00e9 d'esp\u00e8ces.","inLanguage":"fr-FR","potentialAction":[{"@type":"ReadAction","target":["https:\/\/herberiedelatille.fr\/blog\/actualites\/herberie-de-celine\/"]}]},{"@type":"ImageObject","inLanguage":"fr-FR","@id":"https:\/\/herberiedelatille.fr\/blog\/actualites\/herberie-de-celine\/#primaryimage","url":"https:\/\/herberiedelatille.fr\/blog\/wp-content\/uploads\/2025\/01\/stability-herberie-de-celine.png","contentUrl":"https:\/\/herberiedelatille.fr\/blog\/wp-content\/uploads\/2025\/01\/stability-herberie-de-celine.png","width":1024,"height":576},{"@type":"WebSite","@id":"https:\/\/herberiedelatille.fr\/blog\/#website","url":"https:\/\/herberiedelatille.fr\/blog\/","name":"Herberie de la Tille","description":"Le m\u00e9dia de la botanique pratique \u2014 plantes, herboristerie, identification","publisher":{"@id":"https:\/\/herberiedelatille.fr\/blog\/#organization"},"alternateName":"Herberie de la Tille","potentialAction":[{"@type":"SearchAction","target":{"@type":"EntryPoint","urlTemplate":"https:\/\/herberiedelatille.fr\/blog\/?s={search_term_string}"},"query-input":{"@type":"PropertyValueSpecification","valueRequired":true,"valueName":"search_term_string"}}],"inLanguage":"fr-FR"},{"@type":"Organization","@id":"https:\/\/herberiedelatille.fr\/blog\/#organization","name":"Herberie de la Tille","url":"https:\/\/herberiedelatille.fr\/blog\/","logo":{"@type":"ImageObject","inLanguage":"fr-FR","@id":"https:\/\/herberiedelatille.fr\/blog\/#\/schema\/logo\/image\/","url":"https:\/\/herberiedelatille.fr\/blog\/wp-content\/uploads\/2024\/12\/herberiedelatille.png","contentUrl":"https:\/\/herberiedelatille.fr\/blog\/wp-content\/uploads\/2024\/12\/herberiedelatille.png","width":500,"height":500,"caption":"Herberie de la Tille"},"image":{"@id":"https:\/\/herberiedelatille.fr\/blog\/#\/schema\/logo\/image\/"}},{"@type":"Person","@id":"https:\/\/herberiedelatille.fr\/blog\/#\/schema\/person\/3c864cdc320801e3db34b663e7e3f816","name":"Julien Prigent","image":{"@type":"ImageObject","inLanguage":"fr-FR","@id":"https:\/\/herberiedelatille.fr\/blog\/#\/schema\/person\/image\/","url":"https:\/\/herberiedelatille.fr\/blog\/wp-content\/uploads\/2026\/06\/persona_julien-p-96x96.jpg","contentUrl":"https:\/\/herberiedelatille.fr\/blog\/wp-content\/uploads\/2026\/06\/persona_julien-p-96x96.jpg","caption":"Julien Prigent"},"description":"Bricoleur et jardinier dans l'\u00e2me, j'\u00e9cris sur la maison et ses ext\u00e9rieurs avec les mains dans le cambouis plus que dans les th\u00e9ories. Mon terrain couvre tout l'habitat : le potager et le jardin au fil des saisons, mais aussi les petits travaux, la r\u00e9novation, le bricolage et les m\u00e9tiers du b\u00e2timent \u2014 toiture, isolation, menuiserie, serrurerie, ma\u00e7onnerie. J'aime expliquer un geste technique simplement, donner des fourchettes de prix r\u00e9alistes et les bons crit\u00e8res pour choisir un mat\u00e9riau ou un artisan. Je teste ce que je peux sur mes propres chantiers et au jardin avant d'en parler, je distingue la tradition de ce que confirme l'observation, et je pr\u00e9cise toujours le contexte \u2014 climat, type de sol, configuration du logement \u2014 parce qu'un m\u00eame conseil ne vaut pas partout. Mon but : rendre l'entretien et l'am\u00e9lioration de la maison accessibles, durables et \u00e9conomes.","sameAs":["https:\/\/julienprigent.fr\/"],"url":"https:\/\/herberiedelatille.fr\/blog\/auteur\/julien-p\/"}]}},"_links":{"self":[{"href":"https:\/\/herberiedelatille.fr\/blog\/wp-json\/wp\/v2\/posts\/7399","targetHints":{"allow":["GET"]}}],"collection":[{"href":"https:\/\/herberiedelatille.fr\/blog\/wp-json\/wp\/v2\/posts"}],"about":[{"href":"https:\/\/herberiedelatille.fr\/blog\/wp-json\/wp\/v2\/types\/post"}],"author":[{"embeddable":true,"href":"https:\/\/herberiedelatille.fr\/blog\/wp-json\/wp\/v2\/users\/34"}],"replies":[{"embeddable":true,"href":"https:\/\/herberiedelatille.fr\/blog\/wp-json\/wp\/v2\/comments?post=7399"}],"version-history":[{"count":2,"href":"https:\/\/herberiedelatille.fr\/blog\/wp-json\/wp\/v2\/posts\/7399\/revisions"}],"predecessor-version":[{"id":7469,"href":"https:\/\/herberiedelatille.fr\/blog\/wp-json\/wp\/v2\/posts\/7399\/revisions\/7469"}],"wp:featuredmedia":[{"embeddable":true,"href":"https:\/\/herberiedelatille.fr\/blog\/wp-json\/wp\/v2\/media\/7400"}],"wp:attachment":[{"href":"https:\/\/herberiedelatille.fr\/blog\/wp-json\/wp\/v2\/media?parent=7399"}],"wp:term":[{"taxonomy":"category","embeddable":true,"href":"https:\/\/herberiedelatille.fr\/blog\/wp-json\/wp\/v2\/categories?post=7399"},{"taxonomy":"post_tag","embeddable":true,"href":"https:\/\/herberiedelatille.fr\/blog\/wp-json\/wp\/v2\/tags?post=7399"}],"curies":[{"name":"wp","href":"https:\/\/api.w.org\/{rel}","templated":true}]}}