{"id":7435,"date":"2025-01-10T02:21:00","date_gmt":"2025-01-10T01:21:00","guid":{"rendered":"https:\/\/herberiedelatille.fr\/blog\/?p=7435"},"modified":"2025-01-10T00:53:58","modified_gmt":"2025-01-09T23:53:58","slug":"mon-herberie","status":"publish","type":"post","link":"https:\/\/herberiedelatille.fr\/blog\/actualites\/mon-herberie\/","title":{"rendered":"mon herberie"},"content":{"rendered":"<h2>La Passion des Herbes<\/h2>\n<p>Les herbes, ces tr\u00e9sors de la biodiversit\u00e9, rec\u00e8lent des propri\u00e9t\u00e9s th\u00e9rapeutiques inestimables, capables d&rsquo;apporter des solutions naturelles \u00e0 de nombreux maux. L\u2019herberie, cette science presque oubli\u00e9e, attire aujourd\u2019hui un public toujours plus vaste, d\u00e9sireux de renouer avec des m\u00e9thodes de soin plus respectueuses de l\u2019environnement. Les amateurs de cette discipline s\u2019engagent \u00e0 explorer les vertus des plantes, tout en se plongeant dans un univers sensoriel riche et fascinant. Cet article s&rsquo;attache \u00e0 mettre en lumi\u00e8re les diff\u00e9rentes facettes de l&rsquo;herberie, une pratique qui m\u00e9rite d&rsquo;\u00eatre red\u00e9couverte \u00e0 l&rsquo;heure o\u00f9 la qu\u00eate du naturel devient primordiale. <strong>Les plantes m\u00e9dicinales sont un v\u00e9ritable tr\u00e9sor.<\/strong><\/p>\n<blockquote class=\"wp-embedded-content\" data-secret=\"KjjrKohSFo\"><p><a href=\"https:\/\/herberiedelatille.fr\/blog\/a-la-une\/lherberie\/\">l&rsquo;herberie<\/a><\/p><\/blockquote>\n<p><iframe loading=\"lazy\" class=\"wp-embedded-content\" sandbox=\"allow-scripts\" security=\"restricted\" style=\"position: absolute; visibility: hidden;\" title=\"\u00ab\u00a0l&rsquo;herberie\u00a0\u00bb &#8212; herberiedelatille\" src=\"https:\/\/herberiedelatille.fr\/blog\/a-la-une\/lherberie\/embed\/#?secret=GJHEQg6T3T#?secret=KjjrKohSFo\" data-secret=\"KjjrKohSFo\" width=\"600\" height=\"338\" frameborder=\"0\" marginwidth=\"0\" marginheight=\"0\" scrolling=\"no\"><\/iframe><\/p>\n<h2>Les Vertus des Plantes M\u00e9dicinales<\/h2>\n<p>Les plantes m\u00e9dicinales sont au c\u0153ur de l&rsquo;herboristerie, agissant comme de v\u00e9ritables alli\u00e9es pour am\u00e9liorer la sant\u00e9. Chaque esp\u00e8ce poss\u00e8de des propri\u00e9t\u00e9s sp\u00e9cifiques, qu&rsquo;il s&rsquo;agisse d&rsquo;apaiser, de stimuler ou de r\u00e9g\u00e9n\u00e9rer. Par exemple, la camomille se distingue par ses effets calmants, tandis que le gingembre est reconnu pour ses propri\u00e9t\u00e9s anti-inflammatoires. L&rsquo;herboriste, tel un alchimiste des temps modernes, utilise ces tr\u00e9sors pour concocter des rem\u00e8des adapt\u00e9s aux besoins de chacun. <strong>La connaissance des plantes s&rsquo;acquiert avec le temps.<\/strong> <\/p>\n<ul>\n<li>Choisir des plantes en fonction de leurs propri\u00e9t\u00e9s m\u00e9dicinales.<\/li>\n<li>Privil\u00e9gier des sources de qualit\u00e9, respectueuses de l\u2019environnement.<\/li>\n<li>Se former aux diff\u00e9rentes m\u00e9thodes de pr\u00e9paration.<\/li>\n<\/ul>\n<p>Les infusions, les d\u00e9coctions, et les teintures m\u00e8res sont autant de pr\u00e9parations qui permettent d\u2019extraire les principes actifs des plantes. La m\u00e9thode d\u2019extraction choisie influence grandement l\u2019efficacit\u00e9 du rem\u00e8de. Par ailleurs, la culture des plantes joue un r\u00f4le essentiel. Privil\u00e9gier des cultures biologiques garantit la puret\u00e9 et la puissance des extraits. De plus, l\u2019herboriste doit poss\u00e9der une connaissance approfondie des diff\u00e9rentes vari\u00e9t\u00e9s de plantes, des saisons, et des modes de r\u00e9colte. Les herboristes modernes combinent souvent cette connaissance avec des approches plus contemporaines, int\u00e9grant des \u00e9l\u00e9ments de phytoth\u00e9rapie \u00e0 leur pratique. Ils s&rsquo;efforcent de r\u00e9pondre aux attentes d&rsquo;une client\u00e8le de plus en plus soucieuse de sa sant\u00e9 et de son bien-\u00eatre. <\/p>\n<h2>Le R\u00f4le de l\u2019Herboriste<\/h2>\n<p>Le r\u00f4le de l&rsquo;herboriste d\u00e9passe largement la simple vente de plantes. Ce professionnel de sant\u00e9 allie \u00e9coute, conseil et expertise pour guider ses clients vers une meilleure compr\u00e9hension de leurs besoins. <strong>Un bon herboriste est un v\u00e9ritable conseiller de sant\u00e9.<\/strong> Il \u00e9value chaque cas avec minutie, en tenant compte de l&rsquo;historique m\u00e9dical et des habitudes de vie de ses clients. Ce processus d&rsquo;accompagnement personnalis\u00e9 permet d&rsquo;\u00e9tablir un lien de confiance, essentiel pour la r\u00e9ussite de tout traitement.<\/p>\n<p>L&rsquo;herboriste doit \u00e9galement rester inform\u00e9 des avanc\u00e9es scientifiques en mati\u00e8re de phytoth\u00e9rapie pour offrir des conseils actualis\u00e9s. La formation continue lui permet d&rsquo;enrichir ses connaissances et de rester comp\u00e9titif dans un secteur en pleine \u00e9volution. La passion pour les plantes, le d\u00e9sir d&rsquo;aider autrui, et une solide formation sont les piliers sur lesquels repose la pratique de l&rsquo;herboristerie. Enfin, l\u2019herboriste joue un r\u00f4le \u00e9ducatif, sensibilisant le public \u00e0 l\u2019importance de la nature dans notre quotidien et \u00e0 la n\u00e9cessit\u00e9 de pr\u00e9server notre environnement.<img width=\"1024\" height=\"576\" src=\"https:\/\/herberiedelatille.fr\/blog\/wp-content\/uploads\/2025\/01\/stability-mon-herberie-1.png\" class=\"aligncenter\" alt=\"Illustration d\u00e9taill\u00e9e sur mon herberie\" title=\"mon herberie\" decoding=\"async\" loading=\"lazy\" \/><\/p>\n<h2>En Qu\u00eate de Bien-\u00catre<\/h2>\n<p>La pratique de l&rsquo;herberie repr\u00e9sente un v\u00e9ritable retour aux sources pour nombre d&rsquo;entre nous. Elle permet d&rsquo;allier sant\u00e9, respect de l&rsquo;environnement et connaissance des traditions. Ainsi, se tourner vers les plantes m\u00e9dicinales, c&rsquo;est red\u00e9couvrir un savoir-faire ancestral qui s&rsquo;inscrit dans une d\u00e9marche de bien-\u00eatre global. <strong>Reconnectez-vous avec la nature.<\/strong><\/p>\n<table>\n<tr>\n<th>Plante<\/th>\n<th>Propri\u00e9t\u00e9s<\/th>\n<th>Utilisation<\/th>\n<\/tr>\n<tr>\n<td>Camomille<\/td>\n<td>Calmante, anti-inflammatoire<\/td>\n<td>Infusion pour l&rsquo;anxi\u00e9t\u00e9<\/td>\n<\/tr>\n<tr>\n<td>Gingembre<\/td>\n<td>Anti-inflammatoire, digestif<\/td>\n<td>Teinture pour les naus\u00e9es<\/td>\n<\/tr>\n<tr>\n<td>Lavande<\/td>\n<td>Apaisante, antiseptique<\/td>\n<td>Huile essentielle pour l&rsquo;anxi\u00e9t\u00e9<\/td>\n<\/tr>\n<\/table>\n<h3>FAQ:<\/h3>\n<blockquote>\n<ul>\n<li><strong>quelles sont les principales plantes m\u00e9dicinales\u00a0?<\/strong>Les plantes comme la camomille, le gingembre et la lavande sont couramment utilis\u00e9es.<\/li>\n<li><strong>comment choisir un bon herboriste\u00a0?<\/strong>Privil\u00e9giez ceux ayant une formation reconnue et une exp\u00e9rience av\u00e9r\u00e9e.<\/li>\n<li><strong>quelles pr\u00e9parations peut-on r\u00e9aliser\u00a0?<\/strong>Infusions, d\u00e9coctions, teintures m\u00e8res et huiles essentielles sont possibles.<\/li>\n<li><strong>les plantes ont-elles des effets secondaires\u00a0?<\/strong>Certaines plantes peuvent provoquer des r\u00e9actions ind\u00e9sirables, il est donc sage de se renseigner.<\/li>\n<li><strong>o\u00f9 trouver des plantes m\u00e9dicinales\u00a0?<\/strong>Les herboristeries, magasins bio ou encore en ligne offrent une vari\u00e9t\u00e9 de choix.<\/li>\n<\/ul>\n<\/blockquote>\n","protected":false},"excerpt":{"rendered":"","protected":false},"author":34,"featured_media":7436,"comment_status":"open","ping_status":"open","sticky":false,"template":"","format":"standard","meta":{"_acf_changed":false,"manual_indexmenow":false,"indexmenow_id_project":0,"footnotes":""},"categories":[4615],"tags":[2574,4559,4526,4528,4527],"class_list":["post-7435","post","type-post","status-publish","format-standard","has-post-thumbnail","hentry","category-actualites","tag-bien-etre","tag-herbes","tag-herboristerie","tag-phytotherapie","tag-plantes-medicinales","generate-columns","tablet-grid-50","mobile-grid-100","grid-parent","grid-25"],"acf":[],"yoast_head":"<!-- This site is optimized with the Yoast SEO Premium plugin v21.3 (Yoast SEO v25.6) - https:\/\/yoast.com\/wordpress\/plugins\/seo\/ -->\n<title>Mon herberie : d\u00e9couvrir les herbes et leurs usages<\/title>\n<meta name=\"description\" content=\"Mon herberie : \u00e0 la d\u00e9couverte des herbes et de leurs usages, un savoir-faire naturel qui suscite un int\u00e9r\u00eat grandissant autour des plantes.\" \/>\n<meta name=\"robots\" content=\"index, follow, max-snippet:-1, max-image-preview:large, max-video-preview:-1\" \/>\n<link rel=\"canonical\" href=\"https:\/\/herberiedelatille.fr\/blog\/actualites\/mon-herberie\/\" \/>\n<meta property=\"og:locale\" content=\"fr_FR\" \/>\n<meta property=\"og:type\" content=\"article\" \/>\n<meta property=\"og:title\" content=\"Mon herberie : d\u00e9couvrir les herbes et leurs usages\" \/>\n<meta property=\"og:description\" content=\"Mon herberie : \u00e0 la d\u00e9couverte des herbes et de leurs usages, un savoir-faire naturel qui suscite un int\u00e9r\u00eat grandissant autour des plantes.\" \/>\n<meta property=\"og:url\" content=\"https:\/\/herberiedelatille.fr\/blog\/actualites\/mon-herberie\/\" \/>\n<meta property=\"og:site_name\" content=\"Herberie de la Tille\" \/>\n<meta property=\"og:image\" content=\"https:\/\/herberiedelatille.fr\/blog\/wp-content\/uploads\/2025\/01\/stability-mon-herberie.png\" \/>\n\t<meta property=\"og:image:width\" content=\"1024\" \/>\n\t<meta property=\"og:image:height\" content=\"576\" \/>\n\t<meta property=\"og:image:type\" content=\"image\/png\" \/>\n<meta name=\"author\" content=\"Julien Prigent\" \/>\n<meta name=\"twitter:card\" content=\"summary_large_image\" \/>\n<script type=\"application\/ld+json\" class=\"yoast-schema-graph\">{\"@context\":\"https:\/\/schema.org\",\"@graph\":[{\"@type\":\"NewsArticle\",\"@id\":\"https:\/\/herberiedelatille.fr\/blog\/actualites\/mon-herberie\/#article\",\"isPartOf\":{\"@id\":\"https:\/\/herberiedelatille.fr\/blog\/actualites\/mon-herberie\/\"},\"author\":{\"name\":\"Julien Prigent\",\"@id\":\"https:\/\/herberiedelatille.fr\/blog\/#\/schema\/person\/3c864cdc320801e3db34b663e7e3f816\"},\"headline\":\"mon herberie\",\"datePublished\":\"2025-01-10T01:21:00+00:00\",\"mainEntityOfPage\":{\"@id\":\"https:\/\/herberiedelatille.fr\/blog\/actualites\/mon-herberie\/\"},\"wordCount\":795,\"commentCount\":12,\"publisher\":{\"@id\":\"https:\/\/herberiedelatille.fr\/blog\/#organization\"},\"image\":{\"@id\":\"https:\/\/herberiedelatille.fr\/blog\/actualites\/mon-herberie\/#primaryimage\"},\"thumbnailUrl\":\"https:\/\/herberiedelatille.fr\/blog\/wp-content\/uploads\/2025\/01\/stability-mon-herberie.png\",\"keywords\":[\"Bien-\u00catre\",\"Herbes\",\"Herboristerie\",\"Phytoth\u00e9rapie\",\"Plantes M\u00e9dicinales\"],\"articleSection\":[\"Actualit\u00e9s\"],\"inLanguage\":\"fr-FR\",\"potentialAction\":[{\"@type\":\"CommentAction\",\"name\":\"Comment\",\"target\":[\"https:\/\/herberiedelatille.fr\/blog\/actualites\/mon-herberie\/#respond\"]}]},{\"@type\":\"WebPage\",\"@id\":\"https:\/\/herberiedelatille.fr\/blog\/actualites\/mon-herberie\/\",\"url\":\"https:\/\/herberiedelatille.fr\/blog\/actualites\/mon-herberie\/\",\"name\":\"Mon herberie : d\u00e9couvrir les herbes et leurs usages\",\"isPartOf\":{\"@id\":\"https:\/\/herberiedelatille.fr\/blog\/#website\"},\"primaryImageOfPage\":{\"@id\":\"https:\/\/herberiedelatille.fr\/blog\/actualites\/mon-herberie\/#primaryimage\"},\"image\":{\"@id\":\"https:\/\/herberiedelatille.fr\/blog\/actualites\/mon-herberie\/#primaryimage\"},\"thumbnailUrl\":\"https:\/\/herberiedelatille.fr\/blog\/wp-content\/uploads\/2025\/01\/stability-mon-herberie.png\",\"datePublished\":\"2025-01-10T01:21:00+00:00\",\"description\":\"Mon herberie : \u00e0 la d\u00e9couverte des herbes et de leurs usages, un savoir-faire naturel qui suscite un int\u00e9r\u00eat grandissant autour des plantes.\",\"inLanguage\":\"fr-FR\",\"potentialAction\":[{\"@type\":\"ReadAction\",\"target\":[\"https:\/\/herberiedelatille.fr\/blog\/actualites\/mon-herberie\/\"]}]},{\"@type\":\"ImageObject\",\"inLanguage\":\"fr-FR\",\"@id\":\"https:\/\/herberiedelatille.fr\/blog\/actualites\/mon-herberie\/#primaryimage\",\"url\":\"https:\/\/herberiedelatille.fr\/blog\/wp-content\/uploads\/2025\/01\/stability-mon-herberie.png\",\"contentUrl\":\"https:\/\/herberiedelatille.fr\/blog\/wp-content\/uploads\/2025\/01\/stability-mon-herberie.png\",\"width\":1024,\"height\":576},{\"@type\":\"WebSite\",\"@id\":\"https:\/\/herberiedelatille.fr\/blog\/#website\",\"url\":\"https:\/\/herberiedelatille.fr\/blog\/\",\"name\":\"Herberie de la Tille\",\"description\":\"Le m\u00e9dia de la botanique pratique \u2014 plantes, herboristerie, identification\",\"publisher\":{\"@id\":\"https:\/\/herberiedelatille.fr\/blog\/#organization\"},\"alternateName\":\"Herberie de la Tille\",\"potentialAction\":[{\"@type\":\"SearchAction\",\"target\":{\"@type\":\"EntryPoint\",\"urlTemplate\":\"https:\/\/herberiedelatille.fr\/blog\/?s={search_term_string}\"},\"query-input\":{\"@type\":\"PropertyValueSpecification\",\"valueRequired\":true,\"valueName\":\"search_term_string\"}}],\"inLanguage\":\"fr-FR\"},{\"@type\":\"Organization\",\"@id\":\"https:\/\/herberiedelatille.fr\/blog\/#organization\",\"name\":\"Herberie de la Tille\",\"url\":\"https:\/\/herberiedelatille.fr\/blog\/\",\"logo\":{\"@type\":\"ImageObject\",\"inLanguage\":\"fr-FR\",\"@id\":\"https:\/\/herberiedelatille.fr\/blog\/#\/schema\/logo\/image\/\",\"url\":\"https:\/\/herberiedelatille.fr\/blog\/wp-content\/uploads\/2024\/12\/herberiedelatille.png\",\"contentUrl\":\"https:\/\/herberiedelatille.fr\/blog\/wp-content\/uploads\/2024\/12\/herberiedelatille.png\",\"width\":500,\"height\":500,\"caption\":\"Herberie de la Tille\"},\"image\":{\"@id\":\"https:\/\/herberiedelatille.fr\/blog\/#\/schema\/logo\/image\/\"}},{\"@type\":\"Person\",\"@id\":\"https:\/\/herberiedelatille.fr\/blog\/#\/schema\/person\/3c864cdc320801e3db34b663e7e3f816\",\"name\":\"Julien Prigent\",\"image\":{\"@type\":\"ImageObject\",\"inLanguage\":\"fr-FR\",\"@id\":\"https:\/\/herberiedelatille.fr\/blog\/#\/schema\/person\/image\/\",\"url\":\"https:\/\/herberiedelatille.fr\/blog\/wp-content\/uploads\/2026\/06\/persona_julien-p-96x96.jpg\",\"contentUrl\":\"https:\/\/herberiedelatille.fr\/blog\/wp-content\/uploads\/2026\/06\/persona_julien-p-96x96.jpg\",\"caption\":\"Julien Prigent\"},\"description\":\"Bricoleur et jardinier dans l'\u00e2me, j'\u00e9cris sur la maison et ses ext\u00e9rieurs avec les mains dans le cambouis plus que dans les th\u00e9ories. Mon terrain couvre tout l'habitat : le potager et le jardin au fil des saisons, mais aussi les petits travaux, la r\u00e9novation, le bricolage et les m\u00e9tiers du b\u00e2timent \u2014 toiture, isolation, menuiserie, serrurerie, ma\u00e7onnerie. J'aime expliquer un geste technique simplement, donner des fourchettes de prix r\u00e9alistes et les bons crit\u00e8res pour choisir un mat\u00e9riau ou un artisan. Je teste ce que je peux sur mes propres chantiers et au jardin avant d'en parler, je distingue la tradition de ce que confirme l'observation, et je pr\u00e9cise toujours le contexte \u2014 climat, type de sol, configuration du logement \u2014 parce qu'un m\u00eame conseil ne vaut pas partout. Mon but : rendre l'entretien et l'am\u00e9lioration de la maison accessibles, durables et \u00e9conomes.\",\"sameAs\":[\"https:\/\/julienprigent.fr\/\"],\"url\":\"https:\/\/herberiedelatille.fr\/blog\/auteur\/julien-p\/\"}]}<\/script>\n<!-- \/ Yoast SEO Premium plugin. -->","yoast_head_json":{"title":"Mon herberie : d\u00e9couvrir les herbes et leurs usages","description":"Mon herberie : \u00e0 la d\u00e9couverte des herbes et de leurs usages, un savoir-faire naturel qui suscite un int\u00e9r\u00eat grandissant autour des plantes.","robots":{"index":"index","follow":"follow","max-snippet":"max-snippet:-1","max-image-preview":"max-image-preview:large","max-video-preview":"max-video-preview:-1"},"canonical":"https:\/\/herberiedelatille.fr\/blog\/actualites\/mon-herberie\/","og_locale":"fr_FR","og_type":"article","og_title":"Mon herberie : d\u00e9couvrir les herbes et leurs usages","og_description":"Mon herberie : \u00e0 la d\u00e9couverte des herbes et de leurs usages, un savoir-faire naturel qui suscite un int\u00e9r\u00eat grandissant autour des plantes.","og_url":"https:\/\/herberiedelatille.fr\/blog\/actualites\/mon-herberie\/","og_site_name":"Herberie de la Tille","og_image":[{"width":1024,"height":576,"url":"https:\/\/herberiedelatille.fr\/blog\/wp-content\/uploads\/2025\/01\/stability-mon-herberie.png","type":"image\/png"}],"author":"Julien Prigent","twitter_card":"summary_large_image","schema":{"@context":"https:\/\/schema.org","@graph":[{"@type":"NewsArticle","@id":"https:\/\/herberiedelatille.fr\/blog\/actualites\/mon-herberie\/#article","isPartOf":{"@id":"https:\/\/herberiedelatille.fr\/blog\/actualites\/mon-herberie\/"},"author":{"name":"Julien Prigent","@id":"https:\/\/herberiedelatille.fr\/blog\/#\/schema\/person\/3c864cdc320801e3db34b663e7e3f816"},"headline":"mon herberie","datePublished":"2025-01-10T01:21:00+00:00","mainEntityOfPage":{"@id":"https:\/\/herberiedelatille.fr\/blog\/actualites\/mon-herberie\/"},"wordCount":795,"commentCount":12,"publisher":{"@id":"https:\/\/herberiedelatille.fr\/blog\/#organization"},"image":{"@id":"https:\/\/herberiedelatille.fr\/blog\/actualites\/mon-herberie\/#primaryimage"},"thumbnailUrl":"https:\/\/herberiedelatille.fr\/blog\/wp-content\/uploads\/2025\/01\/stability-mon-herberie.png","keywords":["Bien-\u00catre","Herbes","Herboristerie","Phytoth\u00e9rapie","Plantes M\u00e9dicinales"],"articleSection":["Actualit\u00e9s"],"inLanguage":"fr-FR","potentialAction":[{"@type":"CommentAction","name":"Comment","target":["https:\/\/herberiedelatille.fr\/blog\/actualites\/mon-herberie\/#respond"]}]},{"@type":"WebPage","@id":"https:\/\/herberiedelatille.fr\/blog\/actualites\/mon-herberie\/","url":"https:\/\/herberiedelatille.fr\/blog\/actualites\/mon-herberie\/","name":"Mon herberie : d\u00e9couvrir les herbes et leurs usages","isPartOf":{"@id":"https:\/\/herberiedelatille.fr\/blog\/#website"},"primaryImageOfPage":{"@id":"https:\/\/herberiedelatille.fr\/blog\/actualites\/mon-herberie\/#primaryimage"},"image":{"@id":"https:\/\/herberiedelatille.fr\/blog\/actualites\/mon-herberie\/#primaryimage"},"thumbnailUrl":"https:\/\/herberiedelatille.fr\/blog\/wp-content\/uploads\/2025\/01\/stability-mon-herberie.png","datePublished":"2025-01-10T01:21:00+00:00","description":"Mon herberie : \u00e0 la d\u00e9couverte des herbes et de leurs usages, un savoir-faire naturel qui suscite un int\u00e9r\u00eat grandissant autour des plantes.","inLanguage":"fr-FR","potentialAction":[{"@type":"ReadAction","target":["https:\/\/herberiedelatille.fr\/blog\/actualites\/mon-herberie\/"]}]},{"@type":"ImageObject","inLanguage":"fr-FR","@id":"https:\/\/herberiedelatille.fr\/blog\/actualites\/mon-herberie\/#primaryimage","url":"https:\/\/herberiedelatille.fr\/blog\/wp-content\/uploads\/2025\/01\/stability-mon-herberie.png","contentUrl":"https:\/\/herberiedelatille.fr\/blog\/wp-content\/uploads\/2025\/01\/stability-mon-herberie.png","width":1024,"height":576},{"@type":"WebSite","@id":"https:\/\/herberiedelatille.fr\/blog\/#website","url":"https:\/\/herberiedelatille.fr\/blog\/","name":"Herberie de la Tille","description":"Le m\u00e9dia de la botanique pratique \u2014 plantes, herboristerie, identification","publisher":{"@id":"https:\/\/herberiedelatille.fr\/blog\/#organization"},"alternateName":"Herberie de la Tille","potentialAction":[{"@type":"SearchAction","target":{"@type":"EntryPoint","urlTemplate":"https:\/\/herberiedelatille.fr\/blog\/?s={search_term_string}"},"query-input":{"@type":"PropertyValueSpecification","valueRequired":true,"valueName":"search_term_string"}}],"inLanguage":"fr-FR"},{"@type":"Organization","@id":"https:\/\/herberiedelatille.fr\/blog\/#organization","name":"Herberie de la Tille","url":"https:\/\/herberiedelatille.fr\/blog\/","logo":{"@type":"ImageObject","inLanguage":"fr-FR","@id":"https:\/\/herberiedelatille.fr\/blog\/#\/schema\/logo\/image\/","url":"https:\/\/herberiedelatille.fr\/blog\/wp-content\/uploads\/2024\/12\/herberiedelatille.png","contentUrl":"https:\/\/herberiedelatille.fr\/blog\/wp-content\/uploads\/2024\/12\/herberiedelatille.png","width":500,"height":500,"caption":"Herberie de la Tille"},"image":{"@id":"https:\/\/herberiedelatille.fr\/blog\/#\/schema\/logo\/image\/"}},{"@type":"Person","@id":"https:\/\/herberiedelatille.fr\/blog\/#\/schema\/person\/3c864cdc320801e3db34b663e7e3f816","name":"Julien Prigent","image":{"@type":"ImageObject","inLanguage":"fr-FR","@id":"https:\/\/herberiedelatille.fr\/blog\/#\/schema\/person\/image\/","url":"https:\/\/herberiedelatille.fr\/blog\/wp-content\/uploads\/2026\/06\/persona_julien-p-96x96.jpg","contentUrl":"https:\/\/herberiedelatille.fr\/blog\/wp-content\/uploads\/2026\/06\/persona_julien-p-96x96.jpg","caption":"Julien Prigent"},"description":"Bricoleur et jardinier dans l'\u00e2me, j'\u00e9cris sur la maison et ses ext\u00e9rieurs avec les mains dans le cambouis plus que dans les th\u00e9ories. Mon terrain couvre tout l'habitat : le potager et le jardin au fil des saisons, mais aussi les petits travaux, la r\u00e9novation, le bricolage et les m\u00e9tiers du b\u00e2timent \u2014 toiture, isolation, menuiserie, serrurerie, ma\u00e7onnerie. J'aime expliquer un geste technique simplement, donner des fourchettes de prix r\u00e9alistes et les bons crit\u00e8res pour choisir un mat\u00e9riau ou un artisan. Je teste ce que je peux sur mes propres chantiers et au jardin avant d'en parler, je distingue la tradition de ce que confirme l'observation, et je pr\u00e9cise toujours le contexte \u2014 climat, type de sol, configuration du logement \u2014 parce qu'un m\u00eame conseil ne vaut pas partout. Mon but : rendre l'entretien et l'am\u00e9lioration de la maison accessibles, durables et \u00e9conomes.","sameAs":["https:\/\/julienprigent.fr\/"],"url":"https:\/\/herberiedelatille.fr\/blog\/auteur\/julien-p\/"}]}},"_links":{"self":[{"href":"https:\/\/herberiedelatille.fr\/blog\/wp-json\/wp\/v2\/posts\/7435","targetHints":{"allow":["GET"]}}],"collection":[{"href":"https:\/\/herberiedelatille.fr\/blog\/wp-json\/wp\/v2\/posts"}],"about":[{"href":"https:\/\/herberiedelatille.fr\/blog\/wp-json\/wp\/v2\/types\/post"}],"author":[{"embeddable":true,"href":"https:\/\/herberiedelatille.fr\/blog\/wp-json\/wp\/v2\/users\/34"}],"replies":[{"embeddable":true,"href":"https:\/\/herberiedelatille.fr\/blog\/wp-json\/wp\/v2\/comments?post=7435"}],"version-history":[{"count":2,"href":"https:\/\/herberiedelatille.fr\/blog\/wp-json\/wp\/v2\/posts\/7435\/revisions"}],"predecessor-version":[{"id":7463,"href":"https:\/\/herberiedelatille.fr\/blog\/wp-json\/wp\/v2\/posts\/7435\/revisions\/7463"}],"wp:featuredmedia":[{"embeddable":true,"href":"https:\/\/herberiedelatille.fr\/blog\/wp-json\/wp\/v2\/media\/7436"}],"wp:attachment":[{"href":"https:\/\/herberiedelatille.fr\/blog\/wp-json\/wp\/v2\/media?parent=7435"}],"wp:term":[{"taxonomy":"category","embeddable":true,"href":"https:\/\/herberiedelatille.fr\/blog\/wp-json\/wp\/v2\/categories?post=7435"},{"taxonomy":"post_tag","embeddable":true,"href":"https:\/\/herberiedelatille.fr\/blog\/wp-json\/wp\/v2\/tags?post=7435"}],"curies":[{"name":"wp","href":"https:\/\/api.w.org\/{rel}","templated":true}]}}