{"id":7455,"date":"2025-01-11T03:41:00","date_gmt":"2025-01-11T02:41:00","guid":{"rendered":"https:\/\/herberiedelatille.fr\/blog\/?p=7455"},"modified":"2025-01-10T00:58:04","modified_gmt":"2025-01-09T23:58:04","slug":"2-rue-de-lherberie-montpellier","status":"publish","type":"post","link":"https:\/\/herberiedelatille.fr\/blog\/actualites\/2-rue-de-lherberie-montpellier\/","title":{"rendered":"2 rue de l&rsquo;herberie montpellier"},"content":{"rendered":"<h2>D\u00e9couverte de la Rue de l&rsquo;Herberie \u00e0 Montpellier<\/h2>\n<p>Ce passage \u00e9troit, souvent m\u00e9connu des touristes, offre une plong\u00e9e fascinante dans l&rsquo;architecture m\u00e9di\u00e9vale de la ville. De ses pav\u00e9s us\u00e9s par le temps \u00e0 ses fa\u00e7ades orn\u00e9es de balcons en fer forg\u00e9, chaque \u00e9l\u00e9ment raconte une histoire. La rue se trouve \u00e0 proximit\u00e9 de la c\u00e9l\u00e8bre Place de la Com\u00e9die, mais reste relativement discr\u00e8te, ce qui lui conf\u00e8re un charme ind\u00e9niable. Fl\u00e2ner dans cette art\u00e8re, c&rsquo;est s&rsquo;offrir un voyage \u00e0 travers les si\u00e8cles, o\u00f9 se m\u00ealent les influences gothiques et Renaissance. Les artisans locaux, qui ont su pr\u00e9server le savoir-faire d&rsquo;antan, ajoutent une touche vivante \u00e0 cet environnement historique. Les visiteurs peuvent ainsi d\u00e9couvrir des boutiques d&rsquo;artisanat, des caf\u00e9s accueillants, ainsi que des galeries d&rsquo;art, offrant une exp\u00e9rience sensorielle unique.<\/p>\n<blockquote class=\"wp-embedded-content\" data-secret=\"qoa3a4OBsF\"><p><a href=\"https:\/\/herberiedelatille.fr\/blog\/a-la-une\/lherberie\/\">l&rsquo;herberie<\/a><\/p><\/blockquote>\n<p><iframe loading=\"lazy\" class=\"wp-embedded-content\" sandbox=\"allow-scripts\" security=\"restricted\" style=\"position: absolute; visibility: hidden;\" title=\"\u00ab\u00a0l&rsquo;herberie\u00a0\u00bb &#8212; herberiedelatille\" src=\"https:\/\/herberiedelatille.fr\/blog\/a-la-une\/lherberie\/embed\/#?secret=G0eCibUelm#?secret=qoa3a4OBsF\" data-secret=\"qoa3a4OBsF\" width=\"600\" height=\"338\" frameborder=\"0\" marginwidth=\"0\" marginheight=\"0\" scrolling=\"no\"><\/iframe><\/p>\n<h2>Un Voyage au Coeur de l&rsquo;Histoire M\u00e9di\u00e9vale<\/h2>\n<p>La Rue de l&rsquo;Herberie t\u00e9moigne d&rsquo;une \u00e9poque o\u00f9 Montpellier, ville universitaire, \u00e9tait un carrefour d&rsquo;\u00e9changes intellectuels et culturels. Ce passage, qui date du Moyen \u00c2ge, servait autrefois de lien entre le quartier des \u00e9tudiants et les march\u00e9s anim\u00e9s. Les b\u00e2timents qui bordent la rue portent en eux les marques du temps, avec des pierres patin\u00e9es par l&rsquo;usure et des motifs sculpt\u00e9s qui attirent l&rsquo;\u0153il. <strong>Cet h\u00e9ritage architectural m\u00e9rite d&rsquo;\u00eatre pr\u00e9serv\u00e9.<\/strong><br \/>\nLes nombreux caf\u00e9s et restaurants qui jalonnent la rue proposent des sp\u00e9cialit\u00e9s locales, permettant de savourer la gastronomie montpelli\u00e9raine tout en s&rsquo;impr\u00e9gnant de cette atmosph\u00e8re historique. Les terrasses ombrag\u00e9es, o\u00f9 les habitants se r\u00e9unissent pour discuter, ajoutent une dimension conviviale \u00e0 cet espace.<br \/>\nLe march\u00e9 artisanal, qui se tient r\u00e9guli\u00e8rement, offre une vitrine exceptionnelle des produits locaux. Les artisans, passionn\u00e9s par leur m\u00e9tier, partagent avec fiert\u00e9 leur savoir-faire. Il est possible d&rsquo;y trouver des poteries, des textiles, et une multitude d&rsquo;objets d&rsquo;art qui refl\u00e8tent l&rsquo;\u00e2me de Montpellier.<br \/>\nLes \u00e9v\u00e9nements culturels, tels que des concerts en plein air ou des expositions artistiques, animent \u00e9galement la rue, attirant un public diversifi\u00e9. Ces manifestations contribuent \u00e0 faire de la Rue de l&rsquo;Herberie un lieu vivant et dynamique, o\u00f9 l&rsquo;histoire et la modernit\u00e9 se c\u00f4toient harmonieusement.<img width=\"1024\" height=\"576\" src=\"https:\/\/herberiedelatille.fr\/blog\/wp-content\/uploads\/2025\/01\/stability-2-rue-de-lherberie-montpellier-1.png\" class=\"aligncenter\" alt=\"Illustration d\u00e9taill\u00e9e sur 2 rue de l&#039;herberie montpellier\" title=\"2 rue de l&#039;herberie montpellier\" decoding=\"async\" loading=\"lazy\" \/><\/p>\n<h2>Un Lieu de Vie et de Cr\u00e9ation<\/h2>\n<p>La Rue de l&rsquo;Herberie est bien plus qu&rsquo;un simple lieu de passage. C&rsquo;est un espace de vie, o\u00f9 les habitants et les visiteurs se rencontrent, \u00e9changent et cr\u00e9ent. Les artistes de rue, souvent pr\u00e9sents, ajoutent une touche d&rsquo;originalit\u00e9, transformant la rue en une galerie \u00e0 ciel ouvert. <strong>Les performances de danse, de musique et de th\u00e9\u00e2tre attirent un large public.<\/strong><br \/>\nLes choix d&rsquo;am\u00e9nagement contribuent \u00e0 faire de cet endroit un v\u00e9ritable centre n\u00e9vralgique de la culture montpelli\u00e9raine. Pour les artistes et les cr\u00e9ateurs, la rue repr\u00e9sente une opportunit\u00e9 unique de pr\u00e9senter leur travail au public.<br \/>\nLes crit\u00e8res pour choisir un espace d&rsquo;exposition ou de cr\u00e9ation incluent : <\/p>\n<ul>\n<li>La visibilit\u00e9 pour le public<\/li>\n<li>Le co\u00fbt de la location<\/li>\n<li>Les infrastructures disponibles<\/li>\n<li>L&rsquo;accessibilit\u00e9 pour les visiteurs<\/li>\n<li>La proximit\u00e9 avec d&rsquo;autres lieux culturels<\/li>\n<\/ul>\n<p>En ce sens, la Rue de l&rsquo;Herberie se r\u00e9v\u00e8le \u00eatre un endroit privil\u00e9gi\u00e9 pour les cr\u00e9ateurs d\u00e9sireux de se faire conna\u00eetre. La communaut\u00e9 artistique, soud\u00e9e et dynamique, nourrit cette effervescence cr\u00e9ative, faisant de ce lieu un symbole de l&rsquo;esprit montpelli\u00e9rain.<\/p>\n<h2>Un Futur Prometteur<\/h2>\n<p>La Rue de l&rsquo;Herberie, avec son riche pass\u00e9 et son pr\u00e9sent dynamique, se dessine un avenir prometteur. Le projet de revitalisation urbaine, initi\u00e9 par la municipalit\u00e9, vise \u00e0 pr\u00e9server l&rsquo;authenticit\u00e9 tout en modernisant les infrastructures. <strong>Les initiatives visant \u00e0 soutenir les artisans locaux et les artistes \u00e9mergents sont essentielles.<\/strong>  Ce renouveau s&rsquo;accompagne de l&rsquo;engagement des habitants \u00e0 pr\u00e9server leur patrimoine. La rue, qui s&rsquo;affirme comme un lieu de rencontre et de cr\u00e9ation, continuera \u00e0 attirer les curieux et les passionn\u00e9s d&rsquo;histoire. Les efforts conjugu\u00e9s pour maintenir cet espace vivant sont gages d&rsquo;une p\u00e9rennit\u00e9 souhaitable pour les futures g\u00e9n\u00e9rations.<\/p>\n<table>\n<tr>\n<th>\u00c9l\u00e9ments<\/th>\n<th>Description<\/th>\n<th>Importance<\/th>\n<\/tr>\n<tr>\n<td>Architecture<\/td>\n<td>Styles gothiques et Renaissance<\/td>\n<td>Patrimoine historique<\/td>\n<\/tr>\n<tr>\n<td>Artisanat<\/td>\n<td>Produits locaux et cr\u00e9ations uniques<\/td>\n<td>Soutien \u00e0 l&rsquo;\u00e9conomie locale<\/td>\n<\/tr>\n<tr>\n<td>Culture<\/td>\n<td>\u00c9v\u00e9nements artistiques et concerts<\/td>\n<td>Animation du quartier<\/td>\n<\/tr>\n<\/table>\n<h3>FAQ:<\/h3>\n<blockquote>\n<ul>\n<li><strong>Quelle est l&rsquo;histoire de la Rue de l&rsquo;Herberie ?Cette rue date du Moyen \u00c2ge et a servi de lien entre le quartier universitaire et les march\u00e9s.<\/li>\n<li><strong>Quels types de commerces peut-on y trouver ?On y trouve des caf\u00e9s, des boutiques d&rsquo;artisanat et des galeries d&rsquo;art.<\/li>\n<li><strong>La rue accueille-t-elle des \u00e9v\u00e9nements culturels ?Oui, des concerts et des expositions artistiques y sont r\u00e9guli\u00e8rement organis\u00e9s.<\/li>\n<li><strong>Comment se rendre \u00e0 la Rue de l&rsquo;Herberie ?Elle est facilement accessible \u00e0 pied depuis la Place de la Com\u00e9die.<\/li>\n<li><strong>Y a-t-il des projets de revitalisation pour cet espace ?Oui, la municipalit\u00e9 a lanc\u00e9 des projets pour moderniser tout en pr\u00e9servant l&rsquo;authenticit\u00e9.<\/li>\n<\/ul>\n<\/blockquote>\n","protected":false},"excerpt":{"rendered":"","protected":false},"author":34,"featured_media":7456,"comment_status":"open","ping_status":"open","sticky":false,"template":"","format":"standard","meta":{"_acf_changed":false,"manual_indexmenow":false,"indexmenow_id_project":0,"footnotes":""},"categories":[4615],"tags":[4564,4561,4221,4565,4544],"class_list":["post-7455","post","type-post","status-publish","format-standard","has-post-thumbnail","hentry","category-actualites","tag-architecture","tag-artisanat","tag-culture","tag-histoire","tag-montpellier","generate-columns","tablet-grid-50","mobile-grid-100","grid-parent","grid-25"],"acf":[],"yoast_head":"<!-- This site is optimized with the Yoast SEO Premium plugin v21.3 (Yoast SEO v25.6) - https:\/\/yoast.com\/wordpress\/plugins\/seo\/ -->\n<title>2 rue de l&#039;Herberie Montpellier : ruelle m\u00e9di\u00e9vale<\/title>\n<meta name=\"description\" content=\"Au 2 rue de l&#039;Herberie \u00e0 Montpellier : une ruelle m\u00e9di\u00e9vale au charme pr\u00e9serv\u00e9, entre pav\u00e9s anciens et fa\u00e7ades historiques du centre-ville.\" \/>\n<meta name=\"robots\" content=\"index, follow, max-snippet:-1, max-image-preview:large, max-video-preview:-1\" \/>\n<link rel=\"canonical\" href=\"https:\/\/herberiedelatille.fr\/blog\/actualites\/2-rue-de-lherberie-montpellier\/\" \/>\n<meta property=\"og:locale\" content=\"fr_FR\" \/>\n<meta property=\"og:type\" content=\"article\" \/>\n<meta property=\"og:title\" content=\"2 rue de l&#039;Herberie Montpellier : ruelle m\u00e9di\u00e9vale\" \/>\n<meta property=\"og:description\" content=\"Au 2 rue de l&#039;Herberie \u00e0 Montpellier : une ruelle m\u00e9di\u00e9vale au charme pr\u00e9serv\u00e9, entre pav\u00e9s anciens et fa\u00e7ades historiques du centre-ville.\" \/>\n<meta property=\"og:url\" content=\"https:\/\/herberiedelatille.fr\/blog\/actualites\/2-rue-de-lherberie-montpellier\/\" \/>\n<meta property=\"og:site_name\" content=\"Herberie de la Tille\" \/>\n<meta property=\"og:image\" content=\"https:\/\/herberiedelatille.fr\/blog\/wp-content\/uploads\/2025\/01\/stability-2-rue-de-lherberie-montpellier.png\" \/>\n\t<meta property=\"og:image:width\" content=\"1024\" \/>\n\t<meta property=\"og:image:height\" content=\"576\" \/>\n\t<meta property=\"og:image:type\" content=\"image\/png\" \/>\n<meta name=\"author\" content=\"Julien Prigent\" \/>\n<meta name=\"twitter:card\" content=\"summary_large_image\" \/>\n<script type=\"application\/ld+json\" class=\"yoast-schema-graph\">{\"@context\":\"https:\/\/schema.org\",\"@graph\":[{\"@type\":\"NewsArticle\",\"@id\":\"https:\/\/herberiedelatille.fr\/blog\/actualites\/2-rue-de-lherberie-montpellier\/#article\",\"isPartOf\":{\"@id\":\"https:\/\/herberiedelatille.fr\/blog\/actualites\/2-rue-de-lherberie-montpellier\/\"},\"author\":{\"name\":\"Julien Prigent\",\"@id\":\"https:\/\/herberiedelatille.fr\/blog\/#\/schema\/person\/3c864cdc320801e3db34b663e7e3f816\"},\"headline\":\"2 rue de l&rsquo;herberie montpellier\",\"datePublished\":\"2025-01-11T02:41:00+00:00\",\"mainEntityOfPage\":{\"@id\":\"https:\/\/herberiedelatille.fr\/blog\/actualites\/2-rue-de-lherberie-montpellier\/\"},\"wordCount\":881,\"commentCount\":18,\"publisher\":{\"@id\":\"https:\/\/herberiedelatille.fr\/blog\/#organization\"},\"image\":{\"@id\":\"https:\/\/herberiedelatille.fr\/blog\/actualites\/2-rue-de-lherberie-montpellier\/#primaryimage\"},\"thumbnailUrl\":\"https:\/\/herberiedelatille.fr\/blog\/wp-content\/uploads\/2025\/01\/stability-2-rue-de-lherberie-montpellier.png\",\"keywords\":[\"Architecture\",\"Artisanat\",\"Culture\",\"Histoire\",\"Montpellier\"],\"articleSection\":[\"Actualit\u00e9s\"],\"inLanguage\":\"fr-FR\",\"potentialAction\":[{\"@type\":\"CommentAction\",\"name\":\"Comment\",\"target\":[\"https:\/\/herberiedelatille.fr\/blog\/actualites\/2-rue-de-lherberie-montpellier\/#respond\"]}]},{\"@type\":\"WebPage\",\"@id\":\"https:\/\/herberiedelatille.fr\/blog\/actualites\/2-rue-de-lherberie-montpellier\/\",\"url\":\"https:\/\/herberiedelatille.fr\/blog\/actualites\/2-rue-de-lherberie-montpellier\/\",\"name\":\"2 rue de l'Herberie Montpellier : ruelle m\u00e9di\u00e9vale\",\"isPartOf\":{\"@id\":\"https:\/\/herberiedelatille.fr\/blog\/#website\"},\"primaryImageOfPage\":{\"@id\":\"https:\/\/herberiedelatille.fr\/blog\/actualites\/2-rue-de-lherberie-montpellier\/#primaryimage\"},\"image\":{\"@id\":\"https:\/\/herberiedelatille.fr\/blog\/actualites\/2-rue-de-lherberie-montpellier\/#primaryimage\"},\"thumbnailUrl\":\"https:\/\/herberiedelatille.fr\/blog\/wp-content\/uploads\/2025\/01\/stability-2-rue-de-lherberie-montpellier.png\",\"datePublished\":\"2025-01-11T02:41:00+00:00\",\"description\":\"Au 2 rue de l'Herberie \u00e0 Montpellier : une ruelle m\u00e9di\u00e9vale au charme pr\u00e9serv\u00e9, entre pav\u00e9s anciens et fa\u00e7ades historiques du centre-ville.\",\"inLanguage\":\"fr-FR\",\"potentialAction\":[{\"@type\":\"ReadAction\",\"target\":[\"https:\/\/herberiedelatille.fr\/blog\/actualites\/2-rue-de-lherberie-montpellier\/\"]}]},{\"@type\":\"ImageObject\",\"inLanguage\":\"fr-FR\",\"@id\":\"https:\/\/herberiedelatille.fr\/blog\/actualites\/2-rue-de-lherberie-montpellier\/#primaryimage\",\"url\":\"https:\/\/herberiedelatille.fr\/blog\/wp-content\/uploads\/2025\/01\/stability-2-rue-de-lherberie-montpellier.png\",\"contentUrl\":\"https:\/\/herberiedelatille.fr\/blog\/wp-content\/uploads\/2025\/01\/stability-2-rue-de-lherberie-montpellier.png\",\"width\":1024,\"height\":576},{\"@type\":\"WebSite\",\"@id\":\"https:\/\/herberiedelatille.fr\/blog\/#website\",\"url\":\"https:\/\/herberiedelatille.fr\/blog\/\",\"name\":\"Herberie de la Tille\",\"description\":\"Le m\u00e9dia de la botanique pratique \u2014 plantes, herboristerie, identification\",\"publisher\":{\"@id\":\"https:\/\/herberiedelatille.fr\/blog\/#organization\"},\"alternateName\":\"Herberie de la Tille\",\"potentialAction\":[{\"@type\":\"SearchAction\",\"target\":{\"@type\":\"EntryPoint\",\"urlTemplate\":\"https:\/\/herberiedelatille.fr\/blog\/?s={search_term_string}\"},\"query-input\":{\"@type\":\"PropertyValueSpecification\",\"valueRequired\":true,\"valueName\":\"search_term_string\"}}],\"inLanguage\":\"fr-FR\"},{\"@type\":\"Organization\",\"@id\":\"https:\/\/herberiedelatille.fr\/blog\/#organization\",\"name\":\"Herberie de la Tille\",\"url\":\"https:\/\/herberiedelatille.fr\/blog\/\",\"logo\":{\"@type\":\"ImageObject\",\"inLanguage\":\"fr-FR\",\"@id\":\"https:\/\/herberiedelatille.fr\/blog\/#\/schema\/logo\/image\/\",\"url\":\"https:\/\/herberiedelatille.fr\/blog\/wp-content\/uploads\/2024\/12\/herberiedelatille.png\",\"contentUrl\":\"https:\/\/herberiedelatille.fr\/blog\/wp-content\/uploads\/2024\/12\/herberiedelatille.png\",\"width\":500,\"height\":500,\"caption\":\"Herberie de la Tille\"},\"image\":{\"@id\":\"https:\/\/herberiedelatille.fr\/blog\/#\/schema\/logo\/image\/\"}},{\"@type\":\"Person\",\"@id\":\"https:\/\/herberiedelatille.fr\/blog\/#\/schema\/person\/3c864cdc320801e3db34b663e7e3f816\",\"name\":\"Julien Prigent\",\"image\":{\"@type\":\"ImageObject\",\"inLanguage\":\"fr-FR\",\"@id\":\"https:\/\/herberiedelatille.fr\/blog\/#\/schema\/person\/image\/\",\"url\":\"https:\/\/herberiedelatille.fr\/blog\/wp-content\/uploads\/2026\/06\/persona_julien-p-96x96.jpg\",\"contentUrl\":\"https:\/\/herberiedelatille.fr\/blog\/wp-content\/uploads\/2026\/06\/persona_julien-p-96x96.jpg\",\"caption\":\"Julien Prigent\"},\"description\":\"Bricoleur et jardinier dans l'\u00e2me, j'\u00e9cris sur la maison et ses ext\u00e9rieurs avec les mains dans le cambouis plus que dans les th\u00e9ories. Mon terrain couvre tout l'habitat : le potager et le jardin au fil des saisons, mais aussi les petits travaux, la r\u00e9novation, le bricolage et les m\u00e9tiers du b\u00e2timent \u2014 toiture, isolation, menuiserie, serrurerie, ma\u00e7onnerie. J'aime expliquer un geste technique simplement, donner des fourchettes de prix r\u00e9alistes et les bons crit\u00e8res pour choisir un mat\u00e9riau ou un artisan. Je teste ce que je peux sur mes propres chantiers et au jardin avant d'en parler, je distingue la tradition de ce que confirme l'observation, et je pr\u00e9cise toujours le contexte \u2014 climat, type de sol, configuration du logement \u2014 parce qu'un m\u00eame conseil ne vaut pas partout. Mon but : rendre l'entretien et l'am\u00e9lioration de la maison accessibles, durables et \u00e9conomes.\",\"sameAs\":[\"https:\/\/julienprigent.fr\/\"],\"url\":\"https:\/\/herberiedelatille.fr\/blog\/auteur\/julien-p\/\"}]}<\/script>\n<!-- \/ Yoast SEO Premium plugin. -->","yoast_head_json":{"title":"2 rue de l'Herberie Montpellier : ruelle m\u00e9di\u00e9vale","description":"Au 2 rue de l'Herberie \u00e0 Montpellier : une ruelle m\u00e9di\u00e9vale au charme pr\u00e9serv\u00e9, entre pav\u00e9s anciens et fa\u00e7ades historiques du centre-ville.","robots":{"index":"index","follow":"follow","max-snippet":"max-snippet:-1","max-image-preview":"max-image-preview:large","max-video-preview":"max-video-preview:-1"},"canonical":"https:\/\/herberiedelatille.fr\/blog\/actualites\/2-rue-de-lherberie-montpellier\/","og_locale":"fr_FR","og_type":"article","og_title":"2 rue de l'Herberie Montpellier : ruelle m\u00e9di\u00e9vale","og_description":"Au 2 rue de l'Herberie \u00e0 Montpellier : une ruelle m\u00e9di\u00e9vale au charme pr\u00e9serv\u00e9, entre pav\u00e9s anciens et fa\u00e7ades historiques du centre-ville.","og_url":"https:\/\/herberiedelatille.fr\/blog\/actualites\/2-rue-de-lherberie-montpellier\/","og_site_name":"Herberie de la Tille","og_image":[{"width":1024,"height":576,"url":"https:\/\/herberiedelatille.fr\/blog\/wp-content\/uploads\/2025\/01\/stability-2-rue-de-lherberie-montpellier.png","type":"image\/png"}],"author":"Julien Prigent","twitter_card":"summary_large_image","schema":{"@context":"https:\/\/schema.org","@graph":[{"@type":"NewsArticle","@id":"https:\/\/herberiedelatille.fr\/blog\/actualites\/2-rue-de-lherberie-montpellier\/#article","isPartOf":{"@id":"https:\/\/herberiedelatille.fr\/blog\/actualites\/2-rue-de-lherberie-montpellier\/"},"author":{"name":"Julien Prigent","@id":"https:\/\/herberiedelatille.fr\/blog\/#\/schema\/person\/3c864cdc320801e3db34b663e7e3f816"},"headline":"2 rue de l&rsquo;herberie montpellier","datePublished":"2025-01-11T02:41:00+00:00","mainEntityOfPage":{"@id":"https:\/\/herberiedelatille.fr\/blog\/actualites\/2-rue-de-lherberie-montpellier\/"},"wordCount":881,"commentCount":18,"publisher":{"@id":"https:\/\/herberiedelatille.fr\/blog\/#organization"},"image":{"@id":"https:\/\/herberiedelatille.fr\/blog\/actualites\/2-rue-de-lherberie-montpellier\/#primaryimage"},"thumbnailUrl":"https:\/\/herberiedelatille.fr\/blog\/wp-content\/uploads\/2025\/01\/stability-2-rue-de-lherberie-montpellier.png","keywords":["Architecture","Artisanat","Culture","Histoire","Montpellier"],"articleSection":["Actualit\u00e9s"],"inLanguage":"fr-FR","potentialAction":[{"@type":"CommentAction","name":"Comment","target":["https:\/\/herberiedelatille.fr\/blog\/actualites\/2-rue-de-lherberie-montpellier\/#respond"]}]},{"@type":"WebPage","@id":"https:\/\/herberiedelatille.fr\/blog\/actualites\/2-rue-de-lherberie-montpellier\/","url":"https:\/\/herberiedelatille.fr\/blog\/actualites\/2-rue-de-lherberie-montpellier\/","name":"2 rue de l'Herberie Montpellier : ruelle m\u00e9di\u00e9vale","isPartOf":{"@id":"https:\/\/herberiedelatille.fr\/blog\/#website"},"primaryImageOfPage":{"@id":"https:\/\/herberiedelatille.fr\/blog\/actualites\/2-rue-de-lherberie-montpellier\/#primaryimage"},"image":{"@id":"https:\/\/herberiedelatille.fr\/blog\/actualites\/2-rue-de-lherberie-montpellier\/#primaryimage"},"thumbnailUrl":"https:\/\/herberiedelatille.fr\/blog\/wp-content\/uploads\/2025\/01\/stability-2-rue-de-lherberie-montpellier.png","datePublished":"2025-01-11T02:41:00+00:00","description":"Au 2 rue de l'Herberie \u00e0 Montpellier : une ruelle m\u00e9di\u00e9vale au charme pr\u00e9serv\u00e9, entre pav\u00e9s anciens et fa\u00e7ades historiques du centre-ville.","inLanguage":"fr-FR","potentialAction":[{"@type":"ReadAction","target":["https:\/\/herberiedelatille.fr\/blog\/actualites\/2-rue-de-lherberie-montpellier\/"]}]},{"@type":"ImageObject","inLanguage":"fr-FR","@id":"https:\/\/herberiedelatille.fr\/blog\/actualites\/2-rue-de-lherberie-montpellier\/#primaryimage","url":"https:\/\/herberiedelatille.fr\/blog\/wp-content\/uploads\/2025\/01\/stability-2-rue-de-lherberie-montpellier.png","contentUrl":"https:\/\/herberiedelatille.fr\/blog\/wp-content\/uploads\/2025\/01\/stability-2-rue-de-lherberie-montpellier.png","width":1024,"height":576},{"@type":"WebSite","@id":"https:\/\/herberiedelatille.fr\/blog\/#website","url":"https:\/\/herberiedelatille.fr\/blog\/","name":"Herberie de la Tille","description":"Le m\u00e9dia de la botanique pratique \u2014 plantes, herboristerie, identification","publisher":{"@id":"https:\/\/herberiedelatille.fr\/blog\/#organization"},"alternateName":"Herberie de la Tille","potentialAction":[{"@type":"SearchAction","target":{"@type":"EntryPoint","urlTemplate":"https:\/\/herberiedelatille.fr\/blog\/?s={search_term_string}"},"query-input":{"@type":"PropertyValueSpecification","valueRequired":true,"valueName":"search_term_string"}}],"inLanguage":"fr-FR"},{"@type":"Organization","@id":"https:\/\/herberiedelatille.fr\/blog\/#organization","name":"Herberie de la Tille","url":"https:\/\/herberiedelatille.fr\/blog\/","logo":{"@type":"ImageObject","inLanguage":"fr-FR","@id":"https:\/\/herberiedelatille.fr\/blog\/#\/schema\/logo\/image\/","url":"https:\/\/herberiedelatille.fr\/blog\/wp-content\/uploads\/2024\/12\/herberiedelatille.png","contentUrl":"https:\/\/herberiedelatille.fr\/blog\/wp-content\/uploads\/2024\/12\/herberiedelatille.png","width":500,"height":500,"caption":"Herberie de la Tille"},"image":{"@id":"https:\/\/herberiedelatille.fr\/blog\/#\/schema\/logo\/image\/"}},{"@type":"Person","@id":"https:\/\/herberiedelatille.fr\/blog\/#\/schema\/person\/3c864cdc320801e3db34b663e7e3f816","name":"Julien Prigent","image":{"@type":"ImageObject","inLanguage":"fr-FR","@id":"https:\/\/herberiedelatille.fr\/blog\/#\/schema\/person\/image\/","url":"https:\/\/herberiedelatille.fr\/blog\/wp-content\/uploads\/2026\/06\/persona_julien-p-96x96.jpg","contentUrl":"https:\/\/herberiedelatille.fr\/blog\/wp-content\/uploads\/2026\/06\/persona_julien-p-96x96.jpg","caption":"Julien Prigent"},"description":"Bricoleur et jardinier dans l'\u00e2me, j'\u00e9cris sur la maison et ses ext\u00e9rieurs avec les mains dans le cambouis plus que dans les th\u00e9ories. Mon terrain couvre tout l'habitat : le potager et le jardin au fil des saisons, mais aussi les petits travaux, la r\u00e9novation, le bricolage et les m\u00e9tiers du b\u00e2timent \u2014 toiture, isolation, menuiserie, serrurerie, ma\u00e7onnerie. J'aime expliquer un geste technique simplement, donner des fourchettes de prix r\u00e9alistes et les bons crit\u00e8res pour choisir un mat\u00e9riau ou un artisan. Je teste ce que je peux sur mes propres chantiers et au jardin avant d'en parler, je distingue la tradition de ce que confirme l'observation, et je pr\u00e9cise toujours le contexte \u2014 climat, type de sol, configuration du logement \u2014 parce qu'un m\u00eame conseil ne vaut pas partout. Mon but : rendre l'entretien et l'am\u00e9lioration de la maison accessibles, durables et \u00e9conomes.","sameAs":["https:\/\/julienprigent.fr\/"],"url":"https:\/\/herberiedelatille.fr\/blog\/auteur\/julien-p\/"}]}},"_links":{"self":[{"href":"https:\/\/herberiedelatille.fr\/blog\/wp-json\/wp\/v2\/posts\/7455","targetHints":{"allow":["GET"]}}],"collection":[{"href":"https:\/\/herberiedelatille.fr\/blog\/wp-json\/wp\/v2\/posts"}],"about":[{"href":"https:\/\/herberiedelatille.fr\/blog\/wp-json\/wp\/v2\/types\/post"}],"author":[{"embeddable":true,"href":"https:\/\/herberiedelatille.fr\/blog\/wp-json\/wp\/v2\/users\/34"}],"replies":[{"embeddable":true,"href":"https:\/\/herberiedelatille.fr\/blog\/wp-json\/wp\/v2\/comments?post=7455"}],"version-history":[{"count":2,"href":"https:\/\/herberiedelatille.fr\/blog\/wp-json\/wp\/v2\/posts\/7455\/revisions"}],"predecessor-version":[{"id":7478,"href":"https:\/\/herberiedelatille.fr\/blog\/wp-json\/wp\/v2\/posts\/7455\/revisions\/7478"}],"wp:featuredmedia":[{"embeddable":true,"href":"https:\/\/herberiedelatille.fr\/blog\/wp-json\/wp\/v2\/media\/7456"}],"wp:attachment":[{"href":"https:\/\/herberiedelatille.fr\/blog\/wp-json\/wp\/v2\/media?parent=7455"}],"wp:term":[{"taxonomy":"category","embeddable":true,"href":"https:\/\/herberiedelatille.fr\/blog\/wp-json\/wp\/v2\/categories?post=7455"},{"taxonomy":"post_tag","embeddable":true,"href":"https:\/\/herberiedelatille.fr\/blog\/wp-json\/wp\/v2\/tags?post=7455"}],"curies":[{"name":"wp","href":"https:\/\/api.w.org\/{rel}","templated":true}]}}