{"id":7494,"date":"2025-05-23T09:42:18","date_gmt":"2025-05-23T07:42:18","guid":{"rendered":"https:\/\/herberiedelatille.fr\/blog\/a-la-une\/utiliser-les-herbiers-dans-lenseignement-superieur\/"},"modified":"2025-05-23T09:42:18","modified_gmt":"2025-05-23T07:42:18","slug":"utiliser-les-herbiers-dans-lenseignement-superieur","status":"publish","type":"post","link":"https:\/\/herberiedelatille.fr\/blog\/identification-des-plantes\/utiliser-les-herbiers-dans-lenseignement-superieur\/","title":{"rendered":"Utiliser les herbiers dans l&rsquo;enseignement sup\u00e9rieur"},"content":{"rendered":"<p class=\"wp-block-paragraph\">Les herbiers, en tant que collections de plantes s\u00e9ch\u00e9es mill\u00e9naire, repr\u00e9sentent un outil p\u00e9dagogique et de recherche d&rsquo;une grande richesse. Leurs usages se sont diversifi\u00e9s au fil des ans, notamment dans l&rsquo;enseignement sup\u00e9rieur, o\u00f9 ils jouent un r\u00f4le cl\u00e9 dans la compr\u00e9hension et l&rsquo;analyse de la biodiversit\u00e9. Ainsi, ces collections contribuent non seulement \u00e0 la conservation du patrimoine v\u00e9g\u00e9tal, mais \u00e9galement \u00e0 l&rsquo;\u00e9ducation et \u00e0 la sensibilisation des \u00e9tudiants aux enjeux environnementaux actuels.<\/p>\n\n<h2 class=\"wp-block-heading\">Importance des Herbiers Acad\u00e9miques dans l&rsquo;Enseignement Sup\u00e9rieur<\/h2>\n\n<p class=\"wp-block-paragraph\">Les <strong>herbiers acad\u00e9miques<\/strong> sont devenus essentiels dans les programmes d&rsquo;\u00e9tudes des sciences de la vie et des sciences environnementales. Ils fournissent des informations pr\u00e9cieuses sur la diversit\u00e9 des esp\u00e8ces, leurs habitats et leur \u00e9volution au fil du temps. L&rsquo;enseignement gr\u00e2ce aux herbiers permet aux \u00e9tudiants d&rsquo;acqu\u00e9rir des comp\u00e9tences pratiques. Cela inclut l&rsquo;identification des plantes, l&rsquo;ex\u00e9cution de techniques de collecte, et l&rsquo;utilisation d&rsquo;outils comme les cl\u00e9s de d\u00e9termination.<\/p>\n\n<p class=\"wp-block-paragraph\">Certaines universit\u00e9s, comme l&rsquo;<a href=\"https:\/\/www.unicaen.fr\/plongez-dans-lunivers-fascinant-des-herbiers\/\" rel=\"nofollow\">Universit\u00e9 de Caen Normandie<\/a>, mettent en avant leurs collections de mani\u00e8re dynamique. \u00c0 travers des expositions et des ateliers, les \u00e9tudiants sont invit\u00e9s \u00e0 explorer des \u00e9chantillons historiques et contemporains, renfor\u00e7ant ainsi leur compr\u00e9hension de la botanique et de la biodiversit\u00e9.<\/p>\n\n<h3 class=\"wp-block-heading\">Activit\u00e9s P\u00e9dagogiques Bas\u00e9es sur les Herbiers<\/h3>\n\n<p class=\"wp-block-paragraph\">Les herbiers ne se contentent pas d\u2019\u00eatre des entit\u00e9s statiques ; ils offrent une multitude d&rsquo;activit\u00e9s p\u00e9dagogiques enrichissantes. Parmi celles-ci, on peut citer :<\/p>\n\n<ul class=\"wp-block-list\"><li>Ateliers d\u2019identification des esp\u00e8ces v\u00e9g\u00e9tales : Ces ateliers permettent d&rsquo;apprendre \u00e0 reconna\u00eetre diff\u00e9rentes esp\u00e8ces en utilisant des herbiers.<\/li><li>Cr\u00e9ation d&rsquo;un <strong>herbier p\u00e9dagogique<\/strong> : Les \u00e9tudiants collectent et pr\u00e9parent leurs propres sp\u00e9cimens, favorisant une approche pratique de l&rsquo;apprentissage.<\/li><li>Analyse de l&rsquo;impact environnemental : Les \u00e9tudiants peuvent \u00e9tudier l&rsquo;\u00e9volution des herbiers au fil des ans pour comprendre l&rsquo;impact des activit\u00e9s humaines sur la biodiversit\u00e9.<\/li><\/ul>\n\n<p class=\"wp-block-paragraph\">Ces activit\u00e9s encouragent non seulement la pratique, mais aussi la r\u00e9flexion critique sur la conservation des esp\u00e8ces v\u00e9g\u00e9tales.<\/p>\n\n<h3 class=\"wp-block-heading\">Recherches et Collaborations<\/h3>\n\n<p class=\"wp-block-paragraph\">\u00c0 l&rsquo;heure actuelle, les <strong>herbiers collaboratifs<\/strong> offrent une plateforme permettant \u00e0 diff\u00e9rentes institutions de partager leurs ressources. Par exemple, le projet E-RECOLNAT en France vise \u00e0 num\u00e9riser un grand nombre d&rsquo;herbiers pour les rendre accessibles \u00e0 tous. Gr\u00e2ce \u00e0 cette initiative, les chercheurs et les \u00e9tudiants peuvent collaborer \u00e0 des projets de recherche, combinant le savoir-faire d\u2019experts et la participation citoyenne.<\/p>\n\n<figure class=\"wp-block-table\"><table>\n<thead>\n<tr>\n<th>Type de Collaboration<\/th>\n<th>Description<\/th>\n<th>Exemple d&rsquo;Institution<\/th>\n<\/tr>\n<\/thead>\n<tbody>\n<tr>\n<td>Num\u00e9risation<\/td>\n<td>Rendre les herbiers accessibles en ligne<\/td>\n<td><a href=\"https:\/\/www.cbnmc.fr\/actualites\/185-numerisation-des-herbiers\" rel=\"nofollow\">Conservatoire Botanique National du Massif Central<\/a><\/td>\n<\/tr>\n<tr>\n<td>Recherche Participative<\/td>\n<td>Impliquer les citoyens dans la collecte de donn\u00e9es<\/td>\n<td>Universit\u00e9 de Caen<\/td>\n<\/tr>\n<tr>\n<td>Expositions Interactives<\/td>\n<td>Pr\u00e9senter des herbiers de mani\u00e8re \u00e9ducative<\/td>\n<td>Universit\u00e9 de Strasbourg<\/td>\n<\/tr>\n<\/tbody>\n<\/table><\/figure>\n\n<p class=\"wp-block-paragraph\">La num\u00e9risation de ces collections favorise \u00e9galement le d\u00e9veloppement d\u2019une approche concert\u00e9e en mati\u00e8re d&rsquo;\u00e9cologie et de conservation.<\/p>\n\n<h2 class=\"wp-block-heading\">L&rsquo;Impact des Herbiers sur la Sensibilisation aux Enjeux Environnementaux<\/h2>\n\n<p class=\"wp-block-paragraph\">Le XXIe si\u00e8cle est marqu\u00e9 par divers d\u00e9fis environnementaux. Dans ce contexte, les <strong>herbiers innovants<\/strong> offrent une opportunit\u00e9 unique d\u2019\u00e9ducation \u00e0 la biodiversit\u00e9. Par leur utilisation dans l&rsquo;enseignement sup\u00e9rieur, ils suscitent l&rsquo;int\u00e9r\u00eat des \u00e9tudiants pour les probl\u00e9matiques \u00e9cologiques, tout en leur fournissant les outils n\u00e9cessaires pour devenir des acteurs responsables.<\/p>\n\n<p class=\"wp-block-paragraph\">Les herbiers repr\u00e9sentent en effet un moyen efficace d\u2019aborder des sujets tels que le changement climatique, la perte de biodiversit\u00e9 et la protection des esp\u00e8ces. \u00c0 travers des cours et des projets bas\u00e9s sur les herbiers, les \u00e9tudiants d\u00e9veloppent une conscience \u00e9cologique qui les accompagne tout au long de leur formation.<\/p>\n\n<h3 class=\"wp-block-heading\">La M\u00e9diation Scientifique : Un Pont Entre la Science et le Public<\/h3>\n\n<p class=\"wp-block-paragraph\">Les <strong>herbiers universitaires<\/strong> permettent \u00e9galement de cr\u00e9er des passerelles entre les scientifiques et le grand public. La m\u00e9diation scientifique est essentielle pour vulgariser des th\u00e9matiques complexes et rendre les enjeux de conservation accessibles \u00e0 tous. Des ateliers, comme ceux organis\u00e9s par Judith Ayraud \u00e0 l&rsquo;Universit\u00e9 de Caen, sont des exemples concrets de cette approche interactive.<\/p>\n\n<p class=\"wp-block-paragraph\">Ces actions comprennent :<\/p>\n\n<ul class=\"wp-block-list\"><li>Des pr\u00e9sentations de collections v\u00e9g\u00e9tales<\/li><li>Des ateliers d&rsquo;initiation \u00e0 la botanique<\/li><li>Des \u00e9changes autour des enjeux environnementaux<\/li><\/ul>\n\n<p class=\"wp-block-paragraph\">Judith souligne l&rsquo;importance de rendre la science accessible. \u00c0 travers des projets de ce type, les \u00e9tudiants apprennent non seulement \u00e0 transmettre le savoir, mais \u00e9galement \u00e0 susciter l&rsquo;int\u00e9r\u00eat du public pour la biodiversit\u00e9.<\/p>\n\n<h3 class=\"wp-block-heading\">Exemples d&rsquo;Initiatives en M\u00e9diation Scientifique<\/h3>\n\n<p class=\"wp-block-paragraph\">Voici quelques initiatives men\u00e9es par les universit\u00e9s fran\u00e7aises pour promouvoir la m\u00e9diation scientifique via les herbiers :<\/p>\n\n<figure class=\"wp-block-table\"><table>\n<thead>\n<tr>\n<th>Initiative<\/th>\n<th>Objectif<\/th>\n<th>Localisation<\/th>\n<\/tr>\n<\/thead>\n<tbody>\n<tr>\n<td>\u00c9mission de webinaires<\/td>\n<td>Partager des connaissances sur les herbiers<\/td>\n<td>Universit\u00e9 de Strasbourg<\/td>\n<\/tr>\n<tr>\n<td>Expositions interactives<\/td>\n<td>\u00c9duquer le public sur la diversit\u00e9 v\u00e9g\u00e9tale<\/td>\n<td>Universit\u00e9 de Caen<\/td>\n<\/tr>\n<tr>\n<td>Ateliers pour \u00e9coles<\/td>\n<td>Initier les jeunes \u00e0 la botanique<\/td>\n<td>Universit\u00e9 d\u2019Angers<\/td>\n<\/tr>\n<\/tbody>\n<\/table><\/figure>\n\n<p class=\"wp-block-paragraph\">Ces projets rassemblent \u00e9tudiants, chercheurs et grand public, catalysant une dynamique autour des d\u00e9fis \u00e9cologiques actuels.<\/p>\n\n<h2 class=\"wp-block-heading\">Les Perspectives Futuristes des Herbiers dans l&rsquo;\u00c9ducation<\/h2>\n\n<p class=\"wp-block-paragraph\">Les <strong>EcoHerbiers<\/strong> repr\u00e9sentent une \u00e9volution prometteuse et durable des herbiers traditionnels. Avec l&rsquo;int\u00e9gration de nouvelles technologies telles que la r\u00e9alit\u00e9 augment\u00e9e et des plateformes digitales, il est d\u00e9sormais possible d\u2019enrichir l\u2019exp\u00e9rience d\u2019apprentissage. Les \u00e9tudiants peuvent explorer les herbiers en ligne, acc\u00e9der \u00e0 des informations en temps r\u00e9el sur les esp\u00e8ces, et participer \u00e0 des projets de recherche collaboratifs directement depuis leur campus.<\/p>\n\n<p class=\"wp-block-paragraph\">Actuellement, plusieurs programmes universitaires se tournent vers cette direction en int\u00e9grant des outils digitaux dans leur p\u00e9dagogie. Cela offre aux \u00e9tudiants non seulement un acc\u00e8s simplifi\u00e9 \u00e0 une multitude de donn\u00e9es, mais favorise \u00e9galement l&rsquo;interaction entre diff\u00e9rents acteurs de la recherche :<\/p>\n\n<ul class=\"wp-block-list\"><li>Collaboration entre universit\u00e9s et institutions de recherche<\/li><li>Partage d&rsquo;expertise \u00e0 l&rsquo;international<\/li><li>D\u00e9veloppement de projets transdisciplinaires<\/li><\/ul>\n\n<p class=\"wp-block-paragraph\">Les <strong>Savoir-Vegetal<\/strong> et les approches <strong>PlantScience \u00c9ducation<\/strong> permettront d\u2019enrichir les curricula universitaires avec des cours bas\u00e9s sur l\u2019exp\u00e9rience pratique et la communication interactive.<\/p>\n\n<p class=\"wp-block-paragraph\">\u00c0 l&rsquo;avenir, les herbiers continueront \u00e0 \u00e9voluer, s&rsquo;adaptant aux besoins des \u00e9tudiants tout en jouant un r\u00f4le cl\u00e9 dans la conservation et la valorisation de la biodiversit\u00e9.<\/p>\n\n<h3 class=\"wp-block-heading\">Conclusion : Vers un Mod\u00e8le \u00c9ducatif Durable<\/h3>\n\n<p class=\"wp-block-paragraph\">Les herbiers, qu&rsquo;ils soient traditionnels ou num\u00e9riques, s&rsquo;imposent comme un \u00e9l\u00e9ment central de l&rsquo;enseignement sup\u00e9rieur en mati\u00e8re de biodiversit\u00e9. Ils servent de pont entre le pass\u00e9 et l&rsquo;avenir, entre la science et l&rsquo;\u00e9ducation, tout en apportant une r\u00e9ponse concr\u00e8te aux enjeux environnementaux contemporains. En combiant innovation et p\u00e9dagogie, l&rsquo;\u00e9ducation \u00e0 la biodiversit\u00e9 via les herbiers semble prometteuse, faisant des \u00e9tudiants les futurs gardiens de la plan\u00e8te.<\/p>\n\n<figure class=\"is-provider-youtube is-type-video wp-block-embed wp-block-embed-youtube wp-embed-aspect-16-9 wp-has-aspect-ratio\"><div class=\"wp-block-embed__wrapper\">\n<iframe loading=\"lazy\" title=\"Comment puis-je r\u00e9duire mon impact sur les herbiers de posidonie ?\" width=\"1200\" height=\"675\" src=\"https:\/\/www.youtube.com\/embed\/4wlGrOHt3Bk?feature=oembed\" frameborder=\"0\" allow=\"accelerometer; autoplay; clipboard-write; encrypted-media; gyroscope; picture-in-picture; web-share\" referrerpolicy=\"strict-origin-when-cross-origin\" allowfullscreen><\/iframe>\n<\/div><\/figure>\n\n<hr><div class=\"articles-lies\"><h3>\u00c0 lire aussi<\/h3><ul><li><a href=\"https:\/\/herberiedelatille.fr\/blog\/identification-des-plantes\/les-plantes-menacees-et-leur-conservation\/\">Les plantes menac\u00e9es et leur conservation<\/a><\/li><li><a href=\"https:\/\/herberiedelatille.fr\/blog\/identification-des-plantes\/les-evenements-lies-a-la-botanique-en-france\/\">Les \u00e9v\u00e9nements li\u00e9s \u00e0 la botanique en France<\/a><\/li><li><a href=\"https:\/\/herberiedelatille.fr\/blog\/identification-des-plantes\/les-activites-botaniques-pour-les-familles\/\">Les activit\u00e9s botaniques pour les familles<\/a><\/li><li><a href=\"https:\/\/herberiedelatille.fr\/blog\/conservation-et-biodiversite\/les-plantes-medicinales-definition-vertus-et-conseils-de-culture\/\">Les plantes m\u00e9dicinales : d\u00e9finition, vertus et conseils de culture<\/a><\/li><\/ul><\/div>","protected":false},"excerpt":{"rendered":"","protected":false},"author":34,"featured_media":7503,"comment_status":"open","ping_status":"open","sticky":false,"template":"","format":"standard","meta":{"_acf_changed":false,"manual_indexmenow":false,"indexmenow_id_project":0,"footnotes":""},"categories":[4520],"tags":[],"class_list":["post-7494","post","type-post","status-publish","format-standard","has-post-thumbnail","hentry","category-identification-des-plantes","generate-columns","tablet-grid-50","mobile-grid-100","grid-parent","grid-25"],"acf":[],"yoast_head":"<!-- This site is optimized with the Yoast SEO Premium plugin v21.3 (Yoast SEO v25.6) - https:\/\/yoast.com\/wordpress\/plugins\/seo\/ -->\n<title>Utiliser les herbiers dans l&#039;enseignement sup\u00e9rieur<\/title>\n<meta name=\"description\" content=\"Utiliser les herbiers dans l&#039;enseignement sup\u00e9rieur : un support p\u00e9dagogique pour la botanique, la classification et l&#039;\u00e9tude des plantes.\" \/>\n<meta name=\"robots\" content=\"index, follow, max-snippet:-1, max-image-preview:large, max-video-preview:-1\" \/>\n<link rel=\"canonical\" href=\"https:\/\/herberiedelatille.fr\/blog\/identification-des-plantes\/utiliser-les-herbiers-dans-lenseignement-superieur\/\" \/>\n<meta property=\"og:locale\" content=\"fr_FR\" \/>\n<meta property=\"og:type\" content=\"article\" \/>\n<meta property=\"og:title\" content=\"Utiliser les herbiers dans l&#039;enseignement sup\u00e9rieur\" \/>\n<meta property=\"og:description\" content=\"Utiliser les herbiers dans l&#039;enseignement sup\u00e9rieur : un support p\u00e9dagogique pour la botanique, la classification et l&#039;\u00e9tude des plantes.\" \/>\n<meta property=\"og:url\" content=\"https:\/\/herberiedelatille.fr\/blog\/identification-des-plantes\/utiliser-les-herbiers-dans-lenseignement-superieur\/\" \/>\n<meta property=\"og:site_name\" content=\"Herberie de la Tille\" \/>\n<meta property=\"og:image\" content=\"https:\/\/herberiedelatille.fr\/blog\/wp-content\/uploads\/2025\/05\/sdxl-fd7c10b2bc2acb2263a5e9108008a4d3-scaled.png\" \/>\n\t<meta property=\"og:image:width\" content=\"1200\" \/>\n\t<meta property=\"og:image:height\" content=\"500\" \/>\n\t<meta property=\"og:image:type\" content=\"image\/png\" \/>\n<meta name=\"author\" content=\"Julien Prigent\" \/>\n<meta name=\"twitter:card\" content=\"summary_large_image\" \/>\n<script type=\"application\/ld+json\" class=\"yoast-schema-graph\">{\"@context\":\"https:\/\/schema.org\",\"@graph\":[{\"@type\":\"NewsArticle\",\"@id\":\"https:\/\/herberiedelatille.fr\/blog\/identification-des-plantes\/utiliser-les-herbiers-dans-lenseignement-superieur\/#article\",\"isPartOf\":{\"@id\":\"https:\/\/herberiedelatille.fr\/blog\/identification-des-plantes\/utiliser-les-herbiers-dans-lenseignement-superieur\/\"},\"author\":{\"name\":\"Julien Prigent\",\"@id\":\"https:\/\/herberiedelatille.fr\/blog\/#\/schema\/person\/3c864cdc320801e3db34b663e7e3f816\"},\"headline\":\"Utiliser les herbiers dans l&rsquo;enseignement sup\u00e9rieur\",\"datePublished\":\"2025-05-23T07:42:18+00:00\",\"mainEntityOfPage\":{\"@id\":\"https:\/\/herberiedelatille.fr\/blog\/identification-des-plantes\/utiliser-les-herbiers-dans-lenseignement-superieur\/\"},\"wordCount\":1171,\"commentCount\":0,\"publisher\":{\"@id\":\"https:\/\/herberiedelatille.fr\/blog\/#organization\"},\"image\":{\"@id\":\"https:\/\/herberiedelatille.fr\/blog\/identification-des-plantes\/utiliser-les-herbiers-dans-lenseignement-superieur\/#primaryimage\"},\"thumbnailUrl\":\"https:\/\/herberiedelatille.fr\/blog\/wp-content\/uploads\/2025\/05\/sdxl-fd7c10b2bc2acb2263a5e9108008a4d3-scaled.png\",\"articleSection\":[\"Identification des Plantes\"],\"inLanguage\":\"fr-FR\",\"potentialAction\":[{\"@type\":\"CommentAction\",\"name\":\"Comment\",\"target\":[\"https:\/\/herberiedelatille.fr\/blog\/identification-des-plantes\/utiliser-les-herbiers-dans-lenseignement-superieur\/#respond\"]}]},{\"@type\":\"WebPage\",\"@id\":\"https:\/\/herberiedelatille.fr\/blog\/identification-des-plantes\/utiliser-les-herbiers-dans-lenseignement-superieur\/\",\"url\":\"https:\/\/herberiedelatille.fr\/blog\/identification-des-plantes\/utiliser-les-herbiers-dans-lenseignement-superieur\/\",\"name\":\"Utiliser les herbiers dans l'enseignement sup\u00e9rieur\",\"isPartOf\":{\"@id\":\"https:\/\/herberiedelatille.fr\/blog\/#website\"},\"primaryImageOfPage\":{\"@id\":\"https:\/\/herberiedelatille.fr\/blog\/identification-des-plantes\/utiliser-les-herbiers-dans-lenseignement-superieur\/#primaryimage\"},\"image\":{\"@id\":\"https:\/\/herberiedelatille.fr\/blog\/identification-des-plantes\/utiliser-les-herbiers-dans-lenseignement-superieur\/#primaryimage\"},\"thumbnailUrl\":\"https:\/\/herberiedelatille.fr\/blog\/wp-content\/uploads\/2025\/05\/sdxl-fd7c10b2bc2acb2263a5e9108008a4d3-scaled.png\",\"datePublished\":\"2025-05-23T07:42:18+00:00\",\"description\":\"Utiliser les herbiers dans l'enseignement sup\u00e9rieur : un support p\u00e9dagogique pour la botanique, la classification et l'\u00e9tude des plantes.\",\"inLanguage\":\"fr-FR\",\"potentialAction\":[{\"@type\":\"ReadAction\",\"target\":[\"https:\/\/herberiedelatille.fr\/blog\/identification-des-plantes\/utiliser-les-herbiers-dans-lenseignement-superieur\/\"]}]},{\"@type\":\"ImageObject\",\"inLanguage\":\"fr-FR\",\"@id\":\"https:\/\/herberiedelatille.fr\/blog\/identification-des-plantes\/utiliser-les-herbiers-dans-lenseignement-superieur\/#primaryimage\",\"url\":\"https:\/\/herberiedelatille.fr\/blog\/wp-content\/uploads\/2025\/05\/sdxl-fd7c10b2bc2acb2263a5e9108008a4d3-scaled.png\",\"contentUrl\":\"https:\/\/herberiedelatille.fr\/blog\/wp-content\/uploads\/2025\/05\/sdxl-fd7c10b2bc2acb2263a5e9108008a4d3-scaled.png\",\"width\":1200,\"height\":500},{\"@type\":\"WebSite\",\"@id\":\"https:\/\/herberiedelatille.fr\/blog\/#website\",\"url\":\"https:\/\/herberiedelatille.fr\/blog\/\",\"name\":\"Herberie de la Tille\",\"description\":\"Le m\u00e9dia de la botanique pratique \u2014 plantes, herboristerie, identification\",\"publisher\":{\"@id\":\"https:\/\/herberiedelatille.fr\/blog\/#organization\"},\"alternateName\":\"Herberie de la Tille\",\"potentialAction\":[{\"@type\":\"SearchAction\",\"target\":{\"@type\":\"EntryPoint\",\"urlTemplate\":\"https:\/\/herberiedelatille.fr\/blog\/?s={search_term_string}\"},\"query-input\":{\"@type\":\"PropertyValueSpecification\",\"valueRequired\":true,\"valueName\":\"search_term_string\"}}],\"inLanguage\":\"fr-FR\"},{\"@type\":\"Organization\",\"@id\":\"https:\/\/herberiedelatille.fr\/blog\/#organization\",\"name\":\"Herberie de la Tille\",\"url\":\"https:\/\/herberiedelatille.fr\/blog\/\",\"logo\":{\"@type\":\"ImageObject\",\"inLanguage\":\"fr-FR\",\"@id\":\"https:\/\/herberiedelatille.fr\/blog\/#\/schema\/logo\/image\/\",\"url\":\"https:\/\/herberiedelatille.fr\/blog\/wp-content\/uploads\/2024\/12\/herberiedelatille.png\",\"contentUrl\":\"https:\/\/herberiedelatille.fr\/blog\/wp-content\/uploads\/2024\/12\/herberiedelatille.png\",\"width\":500,\"height\":500,\"caption\":\"Herberie de la Tille\"},\"image\":{\"@id\":\"https:\/\/herberiedelatille.fr\/blog\/#\/schema\/logo\/image\/\"}},{\"@type\":\"Person\",\"@id\":\"https:\/\/herberiedelatille.fr\/blog\/#\/schema\/person\/3c864cdc320801e3db34b663e7e3f816\",\"name\":\"Julien Prigent\",\"image\":{\"@type\":\"ImageObject\",\"inLanguage\":\"fr-FR\",\"@id\":\"https:\/\/herberiedelatille.fr\/blog\/#\/schema\/person\/image\/\",\"url\":\"https:\/\/herberiedelatille.fr\/blog\/wp-content\/uploads\/2026\/06\/persona_julien-p-96x96.jpg\",\"contentUrl\":\"https:\/\/herberiedelatille.fr\/blog\/wp-content\/uploads\/2026\/06\/persona_julien-p-96x96.jpg\",\"caption\":\"Julien Prigent\"},\"description\":\"Bricoleur et jardinier dans l'\u00e2me, j'\u00e9cris sur la maison et ses ext\u00e9rieurs avec les mains dans le cambouis plus que dans les th\u00e9ories. Mon terrain couvre tout l'habitat : le potager et le jardin au fil des saisons, mais aussi les petits travaux, la r\u00e9novation, le bricolage et les m\u00e9tiers du b\u00e2timent \u2014 toiture, isolation, menuiserie, serrurerie, ma\u00e7onnerie. J'aime expliquer un geste technique simplement, donner des fourchettes de prix r\u00e9alistes et les bons crit\u00e8res pour choisir un mat\u00e9riau ou un artisan. Je teste ce que je peux sur mes propres chantiers et au jardin avant d'en parler, je distingue la tradition de ce que confirme l'observation, et je pr\u00e9cise toujours le contexte \u2014 climat, type de sol, configuration du logement \u2014 parce qu'un m\u00eame conseil ne vaut pas partout. Mon but : rendre l'entretien et l'am\u00e9lioration de la maison accessibles, durables et \u00e9conomes.\",\"sameAs\":[\"https:\/\/julienprigent.fr\/\"],\"url\":\"https:\/\/herberiedelatille.fr\/blog\/auteur\/julien-p\/\"}]}<\/script>\n<!-- \/ Yoast SEO Premium plugin. -->","yoast_head_json":{"title":"Utiliser les herbiers dans l'enseignement sup\u00e9rieur","description":"Utiliser les herbiers dans l'enseignement sup\u00e9rieur : un support p\u00e9dagogique pour la botanique, la classification et l'\u00e9tude des plantes.","robots":{"index":"index","follow":"follow","max-snippet":"max-snippet:-1","max-image-preview":"max-image-preview:large","max-video-preview":"max-video-preview:-1"},"canonical":"https:\/\/herberiedelatille.fr\/blog\/identification-des-plantes\/utiliser-les-herbiers-dans-lenseignement-superieur\/","og_locale":"fr_FR","og_type":"article","og_title":"Utiliser les herbiers dans l'enseignement sup\u00e9rieur","og_description":"Utiliser les herbiers dans l'enseignement sup\u00e9rieur : un support p\u00e9dagogique pour la botanique, la classification et l'\u00e9tude des plantes.","og_url":"https:\/\/herberiedelatille.fr\/blog\/identification-des-plantes\/utiliser-les-herbiers-dans-lenseignement-superieur\/","og_site_name":"Herberie de la Tille","og_image":[{"width":1200,"height":500,"url":"https:\/\/herberiedelatille.fr\/blog\/wp-content\/uploads\/2025\/05\/sdxl-fd7c10b2bc2acb2263a5e9108008a4d3-scaled.png","type":"image\/png"}],"author":"Julien Prigent","twitter_card":"summary_large_image","schema":{"@context":"https:\/\/schema.org","@graph":[{"@type":"NewsArticle","@id":"https:\/\/herberiedelatille.fr\/blog\/identification-des-plantes\/utiliser-les-herbiers-dans-lenseignement-superieur\/#article","isPartOf":{"@id":"https:\/\/herberiedelatille.fr\/blog\/identification-des-plantes\/utiliser-les-herbiers-dans-lenseignement-superieur\/"},"author":{"name":"Julien Prigent","@id":"https:\/\/herberiedelatille.fr\/blog\/#\/schema\/person\/3c864cdc320801e3db34b663e7e3f816"},"headline":"Utiliser les herbiers dans l&rsquo;enseignement sup\u00e9rieur","datePublished":"2025-05-23T07:42:18+00:00","mainEntityOfPage":{"@id":"https:\/\/herberiedelatille.fr\/blog\/identification-des-plantes\/utiliser-les-herbiers-dans-lenseignement-superieur\/"},"wordCount":1171,"commentCount":0,"publisher":{"@id":"https:\/\/herberiedelatille.fr\/blog\/#organization"},"image":{"@id":"https:\/\/herberiedelatille.fr\/blog\/identification-des-plantes\/utiliser-les-herbiers-dans-lenseignement-superieur\/#primaryimage"},"thumbnailUrl":"https:\/\/herberiedelatille.fr\/blog\/wp-content\/uploads\/2025\/05\/sdxl-fd7c10b2bc2acb2263a5e9108008a4d3-scaled.png","articleSection":["Identification des Plantes"],"inLanguage":"fr-FR","potentialAction":[{"@type":"CommentAction","name":"Comment","target":["https:\/\/herberiedelatille.fr\/blog\/identification-des-plantes\/utiliser-les-herbiers-dans-lenseignement-superieur\/#respond"]}]},{"@type":"WebPage","@id":"https:\/\/herberiedelatille.fr\/blog\/identification-des-plantes\/utiliser-les-herbiers-dans-lenseignement-superieur\/","url":"https:\/\/herberiedelatille.fr\/blog\/identification-des-plantes\/utiliser-les-herbiers-dans-lenseignement-superieur\/","name":"Utiliser les herbiers dans l'enseignement sup\u00e9rieur","isPartOf":{"@id":"https:\/\/herberiedelatille.fr\/blog\/#website"},"primaryImageOfPage":{"@id":"https:\/\/herberiedelatille.fr\/blog\/identification-des-plantes\/utiliser-les-herbiers-dans-lenseignement-superieur\/#primaryimage"},"image":{"@id":"https:\/\/herberiedelatille.fr\/blog\/identification-des-plantes\/utiliser-les-herbiers-dans-lenseignement-superieur\/#primaryimage"},"thumbnailUrl":"https:\/\/herberiedelatille.fr\/blog\/wp-content\/uploads\/2025\/05\/sdxl-fd7c10b2bc2acb2263a5e9108008a4d3-scaled.png","datePublished":"2025-05-23T07:42:18+00:00","description":"Utiliser les herbiers dans l'enseignement sup\u00e9rieur : un support p\u00e9dagogique pour la botanique, la classification et l'\u00e9tude des plantes.","inLanguage":"fr-FR","potentialAction":[{"@type":"ReadAction","target":["https:\/\/herberiedelatille.fr\/blog\/identification-des-plantes\/utiliser-les-herbiers-dans-lenseignement-superieur\/"]}]},{"@type":"ImageObject","inLanguage":"fr-FR","@id":"https:\/\/herberiedelatille.fr\/blog\/identification-des-plantes\/utiliser-les-herbiers-dans-lenseignement-superieur\/#primaryimage","url":"https:\/\/herberiedelatille.fr\/blog\/wp-content\/uploads\/2025\/05\/sdxl-fd7c10b2bc2acb2263a5e9108008a4d3-scaled.png","contentUrl":"https:\/\/herberiedelatille.fr\/blog\/wp-content\/uploads\/2025\/05\/sdxl-fd7c10b2bc2acb2263a5e9108008a4d3-scaled.png","width":1200,"height":500},{"@type":"WebSite","@id":"https:\/\/herberiedelatille.fr\/blog\/#website","url":"https:\/\/herberiedelatille.fr\/blog\/","name":"Herberie de la Tille","description":"Le m\u00e9dia de la botanique pratique \u2014 plantes, herboristerie, identification","publisher":{"@id":"https:\/\/herberiedelatille.fr\/blog\/#organization"},"alternateName":"Herberie de la Tille","potentialAction":[{"@type":"SearchAction","target":{"@type":"EntryPoint","urlTemplate":"https:\/\/herberiedelatille.fr\/blog\/?s={search_term_string}"},"query-input":{"@type":"PropertyValueSpecification","valueRequired":true,"valueName":"search_term_string"}}],"inLanguage":"fr-FR"},{"@type":"Organization","@id":"https:\/\/herberiedelatille.fr\/blog\/#organization","name":"Herberie de la Tille","url":"https:\/\/herberiedelatille.fr\/blog\/","logo":{"@type":"ImageObject","inLanguage":"fr-FR","@id":"https:\/\/herberiedelatille.fr\/blog\/#\/schema\/logo\/image\/","url":"https:\/\/herberiedelatille.fr\/blog\/wp-content\/uploads\/2024\/12\/herberiedelatille.png","contentUrl":"https:\/\/herberiedelatille.fr\/blog\/wp-content\/uploads\/2024\/12\/herberiedelatille.png","width":500,"height":500,"caption":"Herberie de la Tille"},"image":{"@id":"https:\/\/herberiedelatille.fr\/blog\/#\/schema\/logo\/image\/"}},{"@type":"Person","@id":"https:\/\/herberiedelatille.fr\/blog\/#\/schema\/person\/3c864cdc320801e3db34b663e7e3f816","name":"Julien Prigent","image":{"@type":"ImageObject","inLanguage":"fr-FR","@id":"https:\/\/herberiedelatille.fr\/blog\/#\/schema\/person\/image\/","url":"https:\/\/herberiedelatille.fr\/blog\/wp-content\/uploads\/2026\/06\/persona_julien-p-96x96.jpg","contentUrl":"https:\/\/herberiedelatille.fr\/blog\/wp-content\/uploads\/2026\/06\/persona_julien-p-96x96.jpg","caption":"Julien Prigent"},"description":"Bricoleur et jardinier dans l'\u00e2me, j'\u00e9cris sur la maison et ses ext\u00e9rieurs avec les mains dans le cambouis plus que dans les th\u00e9ories. Mon terrain couvre tout l'habitat : le potager et le jardin au fil des saisons, mais aussi les petits travaux, la r\u00e9novation, le bricolage et les m\u00e9tiers du b\u00e2timent \u2014 toiture, isolation, menuiserie, serrurerie, ma\u00e7onnerie. J'aime expliquer un geste technique simplement, donner des fourchettes de prix r\u00e9alistes et les bons crit\u00e8res pour choisir un mat\u00e9riau ou un artisan. Je teste ce que je peux sur mes propres chantiers et au jardin avant d'en parler, je distingue la tradition de ce que confirme l'observation, et je pr\u00e9cise toujours le contexte \u2014 climat, type de sol, configuration du logement \u2014 parce qu'un m\u00eame conseil ne vaut pas partout. Mon but : rendre l'entretien et l'am\u00e9lioration de la maison accessibles, durables et \u00e9conomes.","sameAs":["https:\/\/julienprigent.fr\/"],"url":"https:\/\/herberiedelatille.fr\/blog\/auteur\/julien-p\/"}]}},"_links":{"self":[{"href":"https:\/\/herberiedelatille.fr\/blog\/wp-json\/wp\/v2\/posts\/7494","targetHints":{"allow":["GET"]}}],"collection":[{"href":"https:\/\/herberiedelatille.fr\/blog\/wp-json\/wp\/v2\/posts"}],"about":[{"href":"https:\/\/herberiedelatille.fr\/blog\/wp-json\/wp\/v2\/types\/post"}],"author":[{"embeddable":true,"href":"https:\/\/herberiedelatille.fr\/blog\/wp-json\/wp\/v2\/users\/34"}],"replies":[{"embeddable":true,"href":"https:\/\/herberiedelatille.fr\/blog\/wp-json\/wp\/v2\/comments?post=7494"}],"version-history":[{"count":0,"href":"https:\/\/herberiedelatille.fr\/blog\/wp-json\/wp\/v2\/posts\/7494\/revisions"}],"wp:featuredmedia":[{"embeddable":true,"href":"https:\/\/herberiedelatille.fr\/blog\/wp-json\/wp\/v2\/media\/7503"}],"wp:attachment":[{"href":"https:\/\/herberiedelatille.fr\/blog\/wp-json\/wp\/v2\/media?parent=7494"}],"wp:term":[{"taxonomy":"category","embeddable":true,"href":"https:\/\/herberiedelatille.fr\/blog\/wp-json\/wp\/v2\/categories?post=7494"},{"taxonomy":"post_tag","embeddable":true,"href":"https:\/\/herberiedelatille.fr\/blog\/wp-json\/wp\/v2\/tags?post=7494"}],"curies":[{"name":"wp","href":"https:\/\/api.w.org\/{rel}","templated":true}]}}