{"id":7495,"date":"2025-05-23T09:43:42","date_gmt":"2025-05-23T07:43:42","guid":{"rendered":"https:\/\/herberiedelatille.fr\/blog\/a-la-une\/les-plantes-menacees-et-leur-conservation\/"},"modified":"2025-05-23T09:43:42","modified_gmt":"2025-05-23T07:43:42","slug":"les-plantes-menacees-et-leur-conservation","status":"publish","type":"post","link":"https:\/\/herberiedelatille.fr\/blog\/identification-des-plantes\/les-plantes-menacees-et-leur-conservation\/","title":{"rendered":"Les plantes menac\u00e9es et leur conservation"},"content":{"rendered":"<p class=\"wp-block-paragraph\">Dans un monde o\u00f9 la biodiversit\u00e9 est sous pression, les plantes menac\u00e9es jouent un r\u00f4le crucial dans la conservation de l&rsquo;\u00e9cosyst\u00e8me. Chaque esp\u00e8ce de plante est un maillon dans la cha\u00eene de vie, et leur disparition pourrait engendrer des d\u00e9s\u00e9quilibres \u00e9cologiques. La compr\u00e9hension des enjeux et des actions n\u00e9cessaires \u00e0 leur pr\u00e9servation est essentielle pour garantir un avenir durable.<\/p>\n\n<h2 class=\"wp-block-heading\">Les enjeux li\u00e9s aux plantes menac\u00e9es : les d\u00e9fis de la biodiversit\u00e9<\/h2>\n\n<p class=\"wp-block-paragraph\">La flore mondiale est en constante \u00e9volution, mais un certain nombre d&rsquo;esp\u00e8ces se retrouvent aujourd&rsquo;hui en danger, menac\u00e9es par une multitude de facteurs. Parmi les plus d\u00e9terminants figurent l&rsquo;urbanisation, la pollution, la d\u00e9forestation et le changement climatique. Ces menaces anthropiques sont souvent exacerb\u00e9es par des causes naturelles telles que les maladies et les ravageurs.<\/p>\n\n<p class=\"wp-block-paragraph\">En France, la situation est alarmante. D&rsquo;apr\u00e8s les donn\u00e9es r\u00e9centes des \u00e9valuations de la biodiversit\u00e9, environ <strong>15 % de la flore vasculaire<\/strong> est actuellement menac\u00e9e ou quasi-menac\u00e9e. Cela repr\u00e9sente plus de 700 esp\u00e8ces rares ou en voie de disparition d&rsquo;apr\u00e8s la <a href=\"https:\/\/www.cbnbrest.fr\/observatoire-plantes\/boite-a-outils\/liste-de-plantes\/listes-des-plantes-menacees\" rel=\"nofollow\">Liste rouge<\/a> nationale. Les esp\u00e8ces en danger ne se contentent pas d&rsquo;\u00eatre un probl\u00e8me isol\u00e9 ; elles perturbent \u00e9galement les habitats et les services \u00e9cosyst\u00e9miques dont nous d\u00e9pendons.<\/p>\n\n<h3 class=\"wp-block-heading\">R\u00e9percussions \u00e9cologiques des plantes menac\u00e9es<\/h3>\n\n<p class=\"wp-block-paragraph\">Lorsque les plantes disparaissent, les cons\u00e9quences se font sentir au-del\u00e0 d&rsquo;elles-m\u00eames. Les plantes constituent une base fondamentale des \u00e9cosyst\u00e8mes, participant aux cycles biog\u00e9ochimiques et fournissant des habitats pour de nombreuses esp\u00e8ces. Par cons\u00e9quent, la perte de biodiversit\u00e9 v\u00e9g\u00e9tale peut entra\u00eener une cascade d&rsquo;effets n\u00e9fastes.<\/p>\n\n<ul class=\"wp-block-list\"><li><strong>Diminution de la qualit\u00e9 de l&rsquo;air :<\/strong> Les plantes filtrent les polluants et produisent de l&rsquo;oxyg\u00e8ne.<\/li><li><strong>\u00c9rosion des sols :<\/strong> Les racines des plantes stabilisent le sol, et leur absence peut amener \u00e0 l&rsquo;\u00e9rosion.<\/li><li><strong>Alt\u00e9ration des r\u00e9gimes hydrologiques :<\/strong> Les plantes aident \u00e0 r\u00e9guler le cycle de l&rsquo;eau en contr\u00f4lant l&rsquo;\u00e9vapotranspiration.<\/li><\/ul>\n\n<p class=\"wp-block-paragraph\">Ces exemples soulignent l&rsquo;importance des <strong>plantes en danger<\/strong> non seulement pour les \u00e9cosyst\u00e8mes, mais aussi pour la survie humaine. En effet, environ <strong>80 % des besoins alimentaires<\/strong> mondiaux proviennent des plantes. La pr\u00e9servation de la flore est donc un enjeu crucial pour la s\u00e9curit\u00e9 alimentaire.<\/p>\n\n<h3 class=\"wp-block-heading\">Actions men\u00e9es pour la protection des plantes menac\u00e9es<\/h3>\n\n<p class=\"wp-block-paragraph\">Les initiatives de conservation sont nombreuses et vari\u00e9es, mais elles doivent \u00eatre renforc\u00e9es pour r\u00e9pondre \u00e0 l\u2019urgence de la situation. Des programmes de conservation ex situ sont mis en \u0153uvre pour cultiver et prot\u00e9ger des esp\u00e8ces menac\u00e9es dans des environnements contr\u00f4l\u00e9s, tels que les jardins botaniques.<\/p>\n\n<p class=\"wp-block-paragraph\">Des organisations comme <strong>EcoFlore<\/strong> et <strong>Verdor<\/strong> soutiennent ces projets en facilitant l&rsquo;\u00e9change de semences et en cr\u00e9ant un <strong>R\u00e9seau de Conservation<\/strong> entre diff\u00e9rents \u00e9tablissements. De plus, des politiques nationales et internationales, comme la convention sur la biodiversit\u00e9, appellent \u00e0 des efforts concert\u00e9s pour prot\u00e9ger ces esp\u00e8ces.<\/p>\n\n<p class=\"wp-block-paragraph\">Ce cadre politique est essentiel pour garantir un avenir durable pour nos plantes menac\u00e9es. La <strong>conservation v\u00e9g\u00e9tale<\/strong> devra s&rsquo;accompagner d&rsquo;une sensibilisation accrue du public afin d&rsquo;encourager chaque citoyen \u00e0 jouer un r\u00f4le actif dans la protection de notre patrimoine naturel.<\/p>\n\n<h2 class=\"wp-block-heading\">Liste des plantes menac\u00e9es : focus sur la flore en alerte<\/h2>\n\n<p class=\"wp-block-paragraph\">Un aper\u00e7u des esp\u00e8ces menac\u00e9es permet de mieux comprendre la gravit\u00e9 de la situation. Les listes de plantes menac\u00e9es fournissent des informations cruciales sur les esp\u00e8ces qui n\u00e9cessitent une attention urgente. Par exemple, en Suisse, la flore compte <strong>2613 esp\u00e8ces indig\u00e8nes<\/strong>, parmi lesquelles <strong>28 % sont class\u00e9es comme menac\u00e9es<\/strong>, d&rsquo;apr\u00e8s la liste rouge de 2016.<\/p>\n\n<figure class=\"wp-block-table\"><table>\n<thead>\n<tr>\n<th>Cat\u00e9gorie de menace<\/th>\n<th>Nombre d&rsquo;esp\u00e8ces<\/th>\n<th>Exemples d&rsquo;esp\u00e8ces<\/th>\n<\/tr>\n<\/thead>\n<tbody>\n<tr>\n<td>Esp\u00e8ces \u00e9teintes<\/td>\n<td>55<\/td>\n<td>Taxons non sp\u00e9cifi\u00e9s<\/td>\n<\/tr>\n<tr>\n<td>Esp\u00e8ces en danger critiques (CR)<\/td>\n<td>111<\/td>\n<td>Les esp\u00e8ces de l&rsquo;Universidad<\/td>\n<\/tr>\n<tr>\n<td>Esp\u00e8ces en danger (EN)<\/td>\n<td>197<\/td>\n<td>Centre d&rsquo;esp\u00e8ces menac\u00e9es<\/td>\n<\/tr>\n<tr>\n<td>Esp\u00e8ces vuln\u00e9rables (VU)<\/td>\n<td>362<\/td>\n<td>Flore montagnarde<\/td>\n<\/tr>\n<tr>\n<td>Esp\u00e8ces potentiellement menac\u00e9es (NT)<\/td>\n<td>415<\/td>\n<td>Foug\u00e8res rares<\/td>\n<\/tr>\n<\/tbody>\n<\/table><\/figure>\n\n<p class=\"wp-block-paragraph\">Chaque esp\u00e8ce requiert des efforts adapt\u00e9s, allant de la conservation de son habitat \u00e0 des programmes de r\u00e9introduction. La mobilisation de la communaut\u00e9 scientifique, des gouvernements et du grand public est essentielle pour mener \u00e0 bien ces initiatives.<\/p>\n\n<h3 class=\"wp-block-heading\">Esp\u00e8ces embl\u00e9matiques en danger<\/h3>\n\n<p class=\"wp-block-paragraph\">Etant donn\u00e9 la multitude d&rsquo;esp\u00e8ces menac\u00e9es, il est int\u00e9ressant de mettre en lumi\u00e8re quelques exemples significatifs :<\/p>\n\n<ol class=\"wp-block-list\"><li><strong>Le cam\u00e9lia de montagne :<\/strong> Une plante end\u00e9mique rare en danger en raison de l&rsquo;urbanisation.<\/li><li><strong>Le sil\u00e8ne de Rocher :<\/strong> Pr\u00e9sente uniquement \u00e0 Alicante, cette esp\u00e8ce fait face \u00e0 la pression humaine.<\/li><li><strong>Les orchid\u00e9es sauvages :<\/strong> En d\u00e9clin dans plusieurs r\u00e9gions d&rsquo;Europe, leurs habitats sont menac\u00e9s par l&rsquo;agriculture intensive.<\/li><\/ol>\n\n<p class=\"wp-block-paragraph\">Ces exemples constituent un appel \u00e0 l\u2019action pour prot\u00e9ger notre <strong>plan\u00e8te v\u00e9g\u00e9tale<\/strong>, en assurant simultan\u00e9ment la p\u00e9rennit\u00e9 des \u00e9cosyst\u00e8mes et des services qu&rsquo;ils nous apportent.<\/p>\n\n<h2 class=\"wp-block-heading\">Les m\u00e9thodes de conservation : pratiques et enjeux<\/h2>\n\n<p class=\"wp-block-paragraph\">La conservation des plantes menac\u00e9es n\u00e9cessite une approche multidimensionnelle. Une des m\u00e9thodes les plus efficaces est la conservation ex situ, qui implique la culture de sp\u00e9cimens en dehors de leur habitat naturel. Cela permet de pr\u00e9server la diversit\u00e9 g\u00e9n\u00e9tique tout en \u00e9vitant l&rsquo;extinction en milieu naturel.<\/p>\n\n<h3 class=\"wp-block-heading\">Conservation in situ vs ex situ<\/h3>\n\n<p class=\"wp-block-paragraph\">Bien que la conservation in situ, qui se concentre sur la protection des habitats et des \u00e9cosyst\u00e8mes d&rsquo;origine, soit id\u00e9ale, elle peut ne pas suffire face aux urgences environnementales. La conservation ex situ propose plusieurs avantages :<\/p>\n\n<ul class=\"wp-block-list\"><li><strong>Protection de la diversit\u00e9 g\u00e9n\u00e9tique\u00a0:<\/strong> En cultivant les plantes en dehors de leur environnement naturel, on peut pr\u00e9server des vari\u00e9t\u00e9s en danger.<\/li><li><strong>\u00c9ducation et sensibilisation :<\/strong> Les jardins botaniques et autres structures de recherche offrent des programmes \u00e9ducatifs sur l&rsquo;importance de la biodiversit\u00e9.<\/li><li><strong>R\u00e9introduction :<\/strong> Les plantes ainsi sauvegard\u00e9es peuvent \u00eatre r\u00e9introduites avec succ\u00e8s dans leur habitat d&rsquo;origine, augmentant leurs chances de survie.<\/li><\/ul>\n\n<p class=\"wp-block-paragraph\">Cependant, cette approche doit \u00eatre accompagn\u00e9e de programmes d&rsquo;\u00e9ducation pour sensibiliser le public \u00e0 leur importance. En effet, la conservation ne pourra \u00eatre efficace que si le grand public comprend et soutient ces efforts.<\/p>\n\n<h3 class=\"wp-block-heading\">L&rsquo;implication des jardins botaniques et autres institutions<\/h3>\n\n<p class=\"wp-block-paragraph\">Les jardins botaniques doivent jouer un r\u00f4le cl\u00e9 dans la conservation. Avec leurs connaissances et leurs ressources, ils sont souvent en premi\u00e8re ligne de la lutte pour la pr\u00e9servation de la <strong>flore menac\u00e9e<\/strong>. Dans le cadre du projet \u00ab\u00a0Les derni\u00e8res de leur esp\u00e8ce\u00a0\u00bb, <strong>Custodes Florae<\/strong> et d&rsquo;autres entit\u00e9s de conservation s&rsquo;attachent \u00e0 cultiver des plantes menac\u00e9es et \u00e0 les r\u00e9introduire dans leur habitat naturel.<\/p>\n\n<p class=\"wp-block-paragraph\">Ces jardins collaborent \u00e9galement avec d&rsquo;autres institutions pour \u00e9changer des graines et des connaissances, renfor\u00e7ant ainsi le <strong>r\u00e9seau de conservation<\/strong> au niveau national et international. Une collaboration pr\u00e9cise des experts et des amateurs fait partie int\u00e9grante de ce processus.<\/p>\n\n<h2 class=\"wp-block-heading\">Prot\u00e9ger l&rsquo;avenir : les solutions pour la conservation des plantes menac\u00e9es<\/h2>\n\n<p class=\"wp-block-paragraph\">Pour pr\u00e9server notre biodiversit\u00e9, il est primordial de s\u2019engager activement envers des solutions durables. La sensibilisation et l&rsquo;\u00e9ducation constituent des \u00e9tapes cl\u00e9s pour mobiliser les citoyens autour de la cause des plantes menac\u00e9es.<\/p>\n\n<h3 class=\"wp-block-heading\">Agir localement pour un impact global<\/h3>\n\n<p class=\"wp-block-paragraph\">Les initiatives locales peuvent avoir un impact global. Chacun d&rsquo;entre nous peut prendre part \u00e0 la pr\u00e9servation des plantes en danger :<\/p>\n\n<ul class=\"wp-block-list\"><li><strong>R\u00e9duction de l&#8217;empreinte \u00e9cologique :<\/strong> Adopter des pratiques durables peut contribuer \u00e0 r\u00e9duire les pressions sur les habitats et les \u00e9cosyst\u00e8mes.<\/li><li><strong>\u00c0 travers les jardins :<\/strong> Participer \u00e0 des projets de jardinage communautaire pour promouvoir la culture de plantes locales.<\/li><li><strong>Volontariat :<\/strong> S&rsquo;engager dans des ONG et des projets de conservation dans sa r\u00e9gion.<\/li><\/ul>\n\n<p class=\"wp-block-paragraph\">Cela renforce l&rsquo;id\u00e9e que la protection de notre flore n&rsquo;est pas uniquement une question de politiques gouvernementales, mais implique aussi une responsabilit\u00e9 individuelle et collective.<\/p>\n\n<h3 class=\"wp-block-heading\">R\u00e9seaux de solidarit\u00e9 et actions collectives<\/h3>\n\n<p class=\"wp-block-paragraph\">Les r\u00e9seaux de solidarit\u00e9, tels que l&rsquo;<a href=\"https:\/\/mapeaunaturelle.fr\/biodiversite\/les-especes-menacees-de-la-flore-quelles-solutions-pour-les-proteger\/\" rel=\"nofollow\">\u00c9coConservation<\/a>, permettent d\u2019unir les efforts de diff\u00e9rents acteurs dans la lutte contre la disparition des esp\u00e8ces. Ils favorisent la collaboration entre scientifiques, \u00e9cologistes, entreprises et citoyens.<\/p>\n\n<p class=\"wp-block-paragraph\">En outre, l&rsquo;\u00e9ducation est un gage d\u2019atteinte des objectifs de conservation. Des programmes scolaires int\u00e9grant la biodiversit\u00e9 et la <strong>conservation v\u00e9g\u00e9tale<\/strong> permettent de sensibiliser les jeunes. Ils jouent un r\u00f4le capital dans la continuit\u00e9 des efforts futurs.<\/p>\n\n<p class=\"wp-block-paragraph\">\u00c0 travers ces efforts, chaque individu \u00e0 la capacit\u00e9 d&rsquo;apporter sa contribution \u00e0 la sauvegarde de notre riche patrimoine v\u00e9g\u00e9tal. Les <strong>plantes menac\u00e9es<\/strong> ne sont pas seulement la responsabilit\u00e9 des experts ; elles touchent chacun d&rsquo;entre nous dans notre quotidien.<\/p>\n\n<p class=\"wp-block-paragraph\">Dans ce cadre, la mise en \u0153uvre de solutions pratiques et la sensibilisation de la communaut\u00e9 au sens large sont essentielles pour garantir la sauvegarde de notre <strong>nature<\/strong>. Les d\u00e9fis sont grands, mais la possibilit\u00e9 d&rsquo;un avenir o\u00f9 la biodiversit\u00e9 est respect\u00e9e et prot\u00e9g\u00e9e l&rsquo;est tout autant.<\/p>\n\n<hr><div class=\"articles-lies\"><h3>\u00c0 lire aussi<\/h3><ul><li><a href=\"https:\/\/herberiedelatille.fr\/blog\/identification-des-plantes\/les-evenements-lies-a-la-botanique-en-france\/\">Les \u00e9v\u00e9nements li\u00e9s \u00e0 la botanique en France<\/a><\/li><li><a href=\"https:\/\/herberiedelatille.fr\/blog\/identification-des-plantes\/les-activites-botaniques-pour-les-familles\/\">Les activit\u00e9s botaniques pour les familles<\/a><\/li><li><a href=\"https:\/\/herberiedelatille.fr\/blog\/identification-des-plantes\/les-defis-contemporains-de-la-botanique\/\">Les d\u00e9fis contemporains de la botanique<\/a><\/li><li><a href=\"https:\/\/herberiedelatille.fr\/blog\/conservation-et-biodiversite\/les-plantes-medicinales-definition-vertus-et-conseils-de-culture\/\">Les plantes m\u00e9dicinales : d\u00e9finition, vertus et conseils de culture<\/a><\/li><\/ul><\/div>","protected":false},"excerpt":{"rendered":"","protected":false},"author":34,"featured_media":7502,"comment_status":"open","ping_status":"open","sticky":false,"template":"","format":"standard","meta":{"_acf_changed":false,"manual_indexmenow":false,"indexmenow_id_project":0,"footnotes":""},"categories":[4520],"tags":[],"class_list":["post-7495","post","type-post","status-publish","format-standard","has-post-thumbnail","hentry","category-identification-des-plantes","generate-columns","tablet-grid-50","mobile-grid-100","grid-parent","grid-25"],"acf":[],"yoast_head":"<!-- This site is optimized with the Yoast SEO Premium plugin v21.3 (Yoast SEO v25.6) - https:\/\/yoast.com\/wordpress\/plugins\/seo\/ -->\n<title>Plantes en p\u00e9ril : enjeux et solutions de conservation<\/title>\n<meta name=\"description\" content=\"Plantes menac\u00e9es et conservation : pourquoi prot\u00e9ger ces esp\u00e8ces, leur r\u00f4le pour la biodiversit\u00e9 et comment chacun peut y contribuer.\" \/>\n<meta name=\"robots\" content=\"index, follow, max-snippet:-1, max-image-preview:large, max-video-preview:-1\" \/>\n<link rel=\"canonical\" href=\"https:\/\/herberiedelatille.fr\/blog\/identification-des-plantes\/les-plantes-menacees-et-leur-conservation\/\" \/>\n<meta property=\"og:locale\" content=\"fr_FR\" \/>\n<meta property=\"og:type\" content=\"article\" \/>\n<meta property=\"og:title\" content=\"Plantes en p\u00e9ril : enjeux et solutions de conservation\" \/>\n<meta property=\"og:description\" content=\"Plantes menac\u00e9es et conservation : pourquoi prot\u00e9ger ces esp\u00e8ces, leur r\u00f4le pour la biodiversit\u00e9 et comment chacun peut y contribuer.\" \/>\n<meta property=\"og:url\" content=\"https:\/\/herberiedelatille.fr\/blog\/identification-des-plantes\/les-plantes-menacees-et-leur-conservation\/\" \/>\n<meta property=\"og:site_name\" content=\"Herberie de la Tille\" \/>\n<meta property=\"og:image\" content=\"https:\/\/herberiedelatille.fr\/blog\/wp-content\/uploads\/2025\/05\/sdxl-fa6cbdedc9017f0d8ce5016369a18c95-scaled.png\" \/>\n\t<meta property=\"og:image:width\" content=\"1200\" \/>\n\t<meta property=\"og:image:height\" content=\"500\" \/>\n\t<meta property=\"og:image:type\" content=\"image\/png\" \/>\n<meta name=\"author\" content=\"Julien Prigent\" \/>\n<meta name=\"twitter:card\" content=\"summary_large_image\" \/>\n<script type=\"application\/ld+json\" class=\"yoast-schema-graph\">{\"@context\":\"https:\/\/schema.org\",\"@graph\":[{\"@type\":\"NewsArticle\",\"@id\":\"https:\/\/herberiedelatille.fr\/blog\/identification-des-plantes\/les-plantes-menacees-et-leur-conservation\/#article\",\"isPartOf\":{\"@id\":\"https:\/\/herberiedelatille.fr\/blog\/identification-des-plantes\/les-plantes-menacees-et-leur-conservation\/\"},\"author\":{\"name\":\"Julien Prigent\",\"@id\":\"https:\/\/herberiedelatille.fr\/blog\/#\/schema\/person\/3c864cdc320801e3db34b663e7e3f816\"},\"headline\":\"Les plantes menac\u00e9es et leur conservation\",\"datePublished\":\"2025-05-23T07:43:42+00:00\",\"mainEntityOfPage\":{\"@id\":\"https:\/\/herberiedelatille.fr\/blog\/identification-des-plantes\/les-plantes-menacees-et-leur-conservation\/\"},\"wordCount\":1565,\"commentCount\":0,\"publisher\":{\"@id\":\"https:\/\/herberiedelatille.fr\/blog\/#organization\"},\"image\":{\"@id\":\"https:\/\/herberiedelatille.fr\/blog\/identification-des-plantes\/les-plantes-menacees-et-leur-conservation\/#primaryimage\"},\"thumbnailUrl\":\"https:\/\/herberiedelatille.fr\/blog\/wp-content\/uploads\/2025\/05\/sdxl-fa6cbdedc9017f0d8ce5016369a18c95-scaled.png\",\"articleSection\":[\"Identification des Plantes\"],\"inLanguage\":\"fr-FR\",\"potentialAction\":[{\"@type\":\"CommentAction\",\"name\":\"Comment\",\"target\":[\"https:\/\/herberiedelatille.fr\/blog\/identification-des-plantes\/les-plantes-menacees-et-leur-conservation\/#respond\"]}]},{\"@type\":\"WebPage\",\"@id\":\"https:\/\/herberiedelatille.fr\/blog\/identification-des-plantes\/les-plantes-menacees-et-leur-conservation\/\",\"url\":\"https:\/\/herberiedelatille.fr\/blog\/identification-des-plantes\/les-plantes-menacees-et-leur-conservation\/\",\"name\":\"Plantes en p\u00e9ril : enjeux et solutions de conservation\",\"isPartOf\":{\"@id\":\"https:\/\/herberiedelatille.fr\/blog\/#website\"},\"primaryImageOfPage\":{\"@id\":\"https:\/\/herberiedelatille.fr\/blog\/identification-des-plantes\/les-plantes-menacees-et-leur-conservation\/#primaryimage\"},\"image\":{\"@id\":\"https:\/\/herberiedelatille.fr\/blog\/identification-des-plantes\/les-plantes-menacees-et-leur-conservation\/#primaryimage\"},\"thumbnailUrl\":\"https:\/\/herberiedelatille.fr\/blog\/wp-content\/uploads\/2025\/05\/sdxl-fa6cbdedc9017f0d8ce5016369a18c95-scaled.png\",\"datePublished\":\"2025-05-23T07:43:42+00:00\",\"description\":\"Plantes menac\u00e9es et conservation : pourquoi prot\u00e9ger ces esp\u00e8ces, leur r\u00f4le pour la biodiversit\u00e9 et comment chacun peut y contribuer.\",\"inLanguage\":\"fr-FR\",\"potentialAction\":[{\"@type\":\"ReadAction\",\"target\":[\"https:\/\/herberiedelatille.fr\/blog\/identification-des-plantes\/les-plantes-menacees-et-leur-conservation\/\"]}]},{\"@type\":\"ImageObject\",\"inLanguage\":\"fr-FR\",\"@id\":\"https:\/\/herberiedelatille.fr\/blog\/identification-des-plantes\/les-plantes-menacees-et-leur-conservation\/#primaryimage\",\"url\":\"https:\/\/herberiedelatille.fr\/blog\/wp-content\/uploads\/2025\/05\/sdxl-fa6cbdedc9017f0d8ce5016369a18c95-scaled.png\",\"contentUrl\":\"https:\/\/herberiedelatille.fr\/blog\/wp-content\/uploads\/2025\/05\/sdxl-fa6cbdedc9017f0d8ce5016369a18c95-scaled.png\",\"width\":1200,\"height\":500},{\"@type\":\"WebSite\",\"@id\":\"https:\/\/herberiedelatille.fr\/blog\/#website\",\"url\":\"https:\/\/herberiedelatille.fr\/blog\/\",\"name\":\"Herberie de la Tille\",\"description\":\"Le m\u00e9dia de la botanique pratique \u2014 plantes, herboristerie, identification\",\"publisher\":{\"@id\":\"https:\/\/herberiedelatille.fr\/blog\/#organization\"},\"alternateName\":\"Herberie de la Tille\",\"potentialAction\":[{\"@type\":\"SearchAction\",\"target\":{\"@type\":\"EntryPoint\",\"urlTemplate\":\"https:\/\/herberiedelatille.fr\/blog\/?s={search_term_string}\"},\"query-input\":{\"@type\":\"PropertyValueSpecification\",\"valueRequired\":true,\"valueName\":\"search_term_string\"}}],\"inLanguage\":\"fr-FR\"},{\"@type\":\"Organization\",\"@id\":\"https:\/\/herberiedelatille.fr\/blog\/#organization\",\"name\":\"Herberie de la Tille\",\"url\":\"https:\/\/herberiedelatille.fr\/blog\/\",\"logo\":{\"@type\":\"ImageObject\",\"inLanguage\":\"fr-FR\",\"@id\":\"https:\/\/herberiedelatille.fr\/blog\/#\/schema\/logo\/image\/\",\"url\":\"https:\/\/herberiedelatille.fr\/blog\/wp-content\/uploads\/2024\/12\/herberiedelatille.png\",\"contentUrl\":\"https:\/\/herberiedelatille.fr\/blog\/wp-content\/uploads\/2024\/12\/herberiedelatille.png\",\"width\":500,\"height\":500,\"caption\":\"Herberie de la Tille\"},\"image\":{\"@id\":\"https:\/\/herberiedelatille.fr\/blog\/#\/schema\/logo\/image\/\"}},{\"@type\":\"Person\",\"@id\":\"https:\/\/herberiedelatille.fr\/blog\/#\/schema\/person\/3c864cdc320801e3db34b663e7e3f816\",\"name\":\"Julien Prigent\",\"image\":{\"@type\":\"ImageObject\",\"inLanguage\":\"fr-FR\",\"@id\":\"https:\/\/herberiedelatille.fr\/blog\/#\/schema\/person\/image\/\",\"url\":\"https:\/\/herberiedelatille.fr\/blog\/wp-content\/uploads\/2026\/06\/persona_julien-p-96x96.jpg\",\"contentUrl\":\"https:\/\/herberiedelatille.fr\/blog\/wp-content\/uploads\/2026\/06\/persona_julien-p-96x96.jpg\",\"caption\":\"Julien Prigent\"},\"description\":\"Bricoleur et jardinier dans l'\u00e2me, j'\u00e9cris sur la maison et ses ext\u00e9rieurs avec les mains dans le cambouis plus que dans les th\u00e9ories. Mon terrain couvre tout l'habitat : le potager et le jardin au fil des saisons, mais aussi les petits travaux, la r\u00e9novation, le bricolage et les m\u00e9tiers du b\u00e2timent \u2014 toiture, isolation, menuiserie, serrurerie, ma\u00e7onnerie. J'aime expliquer un geste technique simplement, donner des fourchettes de prix r\u00e9alistes et les bons crit\u00e8res pour choisir un mat\u00e9riau ou un artisan. Je teste ce que je peux sur mes propres chantiers et au jardin avant d'en parler, je distingue la tradition de ce que confirme l'observation, et je pr\u00e9cise toujours le contexte \u2014 climat, type de sol, configuration du logement \u2014 parce qu'un m\u00eame conseil ne vaut pas partout. Mon but : rendre l'entretien et l'am\u00e9lioration de la maison accessibles, durables et \u00e9conomes.\",\"sameAs\":[\"https:\/\/julienprigent.fr\/\"],\"url\":\"https:\/\/herberiedelatille.fr\/blog\/auteur\/julien-p\/\"}]}<\/script>\n<!-- \/ Yoast SEO Premium plugin. -->","yoast_head_json":{"title":"Plantes en p\u00e9ril : enjeux et solutions de conservation","description":"Plantes menac\u00e9es et conservation : pourquoi prot\u00e9ger ces esp\u00e8ces, leur r\u00f4le pour la biodiversit\u00e9 et comment chacun peut y contribuer.","robots":{"index":"index","follow":"follow","max-snippet":"max-snippet:-1","max-image-preview":"max-image-preview:large","max-video-preview":"max-video-preview:-1"},"canonical":"https:\/\/herberiedelatille.fr\/blog\/identification-des-plantes\/les-plantes-menacees-et-leur-conservation\/","og_locale":"fr_FR","og_type":"article","og_title":"Plantes en p\u00e9ril : enjeux et solutions de conservation","og_description":"Plantes menac\u00e9es et conservation : pourquoi prot\u00e9ger ces esp\u00e8ces, leur r\u00f4le pour la biodiversit\u00e9 et comment chacun peut y contribuer.","og_url":"https:\/\/herberiedelatille.fr\/blog\/identification-des-plantes\/les-plantes-menacees-et-leur-conservation\/","og_site_name":"Herberie de la Tille","og_image":[{"width":1200,"height":500,"url":"https:\/\/herberiedelatille.fr\/blog\/wp-content\/uploads\/2025\/05\/sdxl-fa6cbdedc9017f0d8ce5016369a18c95-scaled.png","type":"image\/png"}],"author":"Julien Prigent","twitter_card":"summary_large_image","schema":{"@context":"https:\/\/schema.org","@graph":[{"@type":"NewsArticle","@id":"https:\/\/herberiedelatille.fr\/blog\/identification-des-plantes\/les-plantes-menacees-et-leur-conservation\/#article","isPartOf":{"@id":"https:\/\/herberiedelatille.fr\/blog\/identification-des-plantes\/les-plantes-menacees-et-leur-conservation\/"},"author":{"name":"Julien Prigent","@id":"https:\/\/herberiedelatille.fr\/blog\/#\/schema\/person\/3c864cdc320801e3db34b663e7e3f816"},"headline":"Les plantes menac\u00e9es et leur conservation","datePublished":"2025-05-23T07:43:42+00:00","mainEntityOfPage":{"@id":"https:\/\/herberiedelatille.fr\/blog\/identification-des-plantes\/les-plantes-menacees-et-leur-conservation\/"},"wordCount":1565,"commentCount":0,"publisher":{"@id":"https:\/\/herberiedelatille.fr\/blog\/#organization"},"image":{"@id":"https:\/\/herberiedelatille.fr\/blog\/identification-des-plantes\/les-plantes-menacees-et-leur-conservation\/#primaryimage"},"thumbnailUrl":"https:\/\/herberiedelatille.fr\/blog\/wp-content\/uploads\/2025\/05\/sdxl-fa6cbdedc9017f0d8ce5016369a18c95-scaled.png","articleSection":["Identification des Plantes"],"inLanguage":"fr-FR","potentialAction":[{"@type":"CommentAction","name":"Comment","target":["https:\/\/herberiedelatille.fr\/blog\/identification-des-plantes\/les-plantes-menacees-et-leur-conservation\/#respond"]}]},{"@type":"WebPage","@id":"https:\/\/herberiedelatille.fr\/blog\/identification-des-plantes\/les-plantes-menacees-et-leur-conservation\/","url":"https:\/\/herberiedelatille.fr\/blog\/identification-des-plantes\/les-plantes-menacees-et-leur-conservation\/","name":"Plantes en p\u00e9ril : enjeux et solutions de conservation","isPartOf":{"@id":"https:\/\/herberiedelatille.fr\/blog\/#website"},"primaryImageOfPage":{"@id":"https:\/\/herberiedelatille.fr\/blog\/identification-des-plantes\/les-plantes-menacees-et-leur-conservation\/#primaryimage"},"image":{"@id":"https:\/\/herberiedelatille.fr\/blog\/identification-des-plantes\/les-plantes-menacees-et-leur-conservation\/#primaryimage"},"thumbnailUrl":"https:\/\/herberiedelatille.fr\/blog\/wp-content\/uploads\/2025\/05\/sdxl-fa6cbdedc9017f0d8ce5016369a18c95-scaled.png","datePublished":"2025-05-23T07:43:42+00:00","description":"Plantes menac\u00e9es et conservation : pourquoi prot\u00e9ger ces esp\u00e8ces, leur r\u00f4le pour la biodiversit\u00e9 et comment chacun peut y contribuer.","inLanguage":"fr-FR","potentialAction":[{"@type":"ReadAction","target":["https:\/\/herberiedelatille.fr\/blog\/identification-des-plantes\/les-plantes-menacees-et-leur-conservation\/"]}]},{"@type":"ImageObject","inLanguage":"fr-FR","@id":"https:\/\/herberiedelatille.fr\/blog\/identification-des-plantes\/les-plantes-menacees-et-leur-conservation\/#primaryimage","url":"https:\/\/herberiedelatille.fr\/blog\/wp-content\/uploads\/2025\/05\/sdxl-fa6cbdedc9017f0d8ce5016369a18c95-scaled.png","contentUrl":"https:\/\/herberiedelatille.fr\/blog\/wp-content\/uploads\/2025\/05\/sdxl-fa6cbdedc9017f0d8ce5016369a18c95-scaled.png","width":1200,"height":500},{"@type":"WebSite","@id":"https:\/\/herberiedelatille.fr\/blog\/#website","url":"https:\/\/herberiedelatille.fr\/blog\/","name":"Herberie de la Tille","description":"Le m\u00e9dia de la botanique pratique \u2014 plantes, herboristerie, identification","publisher":{"@id":"https:\/\/herberiedelatille.fr\/blog\/#organization"},"alternateName":"Herberie de la Tille","potentialAction":[{"@type":"SearchAction","target":{"@type":"EntryPoint","urlTemplate":"https:\/\/herberiedelatille.fr\/blog\/?s={search_term_string}"},"query-input":{"@type":"PropertyValueSpecification","valueRequired":true,"valueName":"search_term_string"}}],"inLanguage":"fr-FR"},{"@type":"Organization","@id":"https:\/\/herberiedelatille.fr\/blog\/#organization","name":"Herberie de la Tille","url":"https:\/\/herberiedelatille.fr\/blog\/","logo":{"@type":"ImageObject","inLanguage":"fr-FR","@id":"https:\/\/herberiedelatille.fr\/blog\/#\/schema\/logo\/image\/","url":"https:\/\/herberiedelatille.fr\/blog\/wp-content\/uploads\/2024\/12\/herberiedelatille.png","contentUrl":"https:\/\/herberiedelatille.fr\/blog\/wp-content\/uploads\/2024\/12\/herberiedelatille.png","width":500,"height":500,"caption":"Herberie de la Tille"},"image":{"@id":"https:\/\/herberiedelatille.fr\/blog\/#\/schema\/logo\/image\/"}},{"@type":"Person","@id":"https:\/\/herberiedelatille.fr\/blog\/#\/schema\/person\/3c864cdc320801e3db34b663e7e3f816","name":"Julien Prigent","image":{"@type":"ImageObject","inLanguage":"fr-FR","@id":"https:\/\/herberiedelatille.fr\/blog\/#\/schema\/person\/image\/","url":"https:\/\/herberiedelatille.fr\/blog\/wp-content\/uploads\/2026\/06\/persona_julien-p-96x96.jpg","contentUrl":"https:\/\/herberiedelatille.fr\/blog\/wp-content\/uploads\/2026\/06\/persona_julien-p-96x96.jpg","caption":"Julien Prigent"},"description":"Bricoleur et jardinier dans l'\u00e2me, j'\u00e9cris sur la maison et ses ext\u00e9rieurs avec les mains dans le cambouis plus que dans les th\u00e9ories. Mon terrain couvre tout l'habitat : le potager et le jardin au fil des saisons, mais aussi les petits travaux, la r\u00e9novation, le bricolage et les m\u00e9tiers du b\u00e2timent \u2014 toiture, isolation, menuiserie, serrurerie, ma\u00e7onnerie. J'aime expliquer un geste technique simplement, donner des fourchettes de prix r\u00e9alistes et les bons crit\u00e8res pour choisir un mat\u00e9riau ou un artisan. Je teste ce que je peux sur mes propres chantiers et au jardin avant d'en parler, je distingue la tradition de ce que confirme l'observation, et je pr\u00e9cise toujours le contexte \u2014 climat, type de sol, configuration du logement \u2014 parce qu'un m\u00eame conseil ne vaut pas partout. Mon but : rendre l'entretien et l'am\u00e9lioration de la maison accessibles, durables et \u00e9conomes.","sameAs":["https:\/\/julienprigent.fr\/"],"url":"https:\/\/herberiedelatille.fr\/blog\/auteur\/julien-p\/"}]}},"_links":{"self":[{"href":"https:\/\/herberiedelatille.fr\/blog\/wp-json\/wp\/v2\/posts\/7495","targetHints":{"allow":["GET"]}}],"collection":[{"href":"https:\/\/herberiedelatille.fr\/blog\/wp-json\/wp\/v2\/posts"}],"about":[{"href":"https:\/\/herberiedelatille.fr\/blog\/wp-json\/wp\/v2\/types\/post"}],"author":[{"embeddable":true,"href":"https:\/\/herberiedelatille.fr\/blog\/wp-json\/wp\/v2\/users\/34"}],"replies":[{"embeddable":true,"href":"https:\/\/herberiedelatille.fr\/blog\/wp-json\/wp\/v2\/comments?post=7495"}],"version-history":[{"count":0,"href":"https:\/\/herberiedelatille.fr\/blog\/wp-json\/wp\/v2\/posts\/7495\/revisions"}],"wp:featuredmedia":[{"embeddable":true,"href":"https:\/\/herberiedelatille.fr\/blog\/wp-json\/wp\/v2\/media\/7502"}],"wp:attachment":[{"href":"https:\/\/herberiedelatille.fr\/blog\/wp-json\/wp\/v2\/media?parent=7495"}],"wp:term":[{"taxonomy":"category","embeddable":true,"href":"https:\/\/herberiedelatille.fr\/blog\/wp-json\/wp\/v2\/categories?post=7495"},{"taxonomy":"post_tag","embeddable":true,"href":"https:\/\/herberiedelatille.fr\/blog\/wp-json\/wp\/v2\/tags?post=7495"}],"curies":[{"name":"wp","href":"https:\/\/api.w.org\/{rel}","templated":true}]}}