{"id":7496,"date":"2025-05-23T09:44:10","date_gmt":"2025-05-23T07:44:10","guid":{"rendered":"https:\/\/herberiedelatille.fr\/blog\/a-la-une\/les-evenements-lies-a-la-botanique-en-france\/"},"modified":"2025-05-23T09:44:10","modified_gmt":"2025-05-23T07:44:10","slug":"les-evenements-lies-a-la-botanique-en-france","status":"publish","type":"post","link":"https:\/\/herberiedelatille.fr\/blog\/identification-des-plantes\/les-evenements-lies-a-la-botanique-en-france\/","title":{"rendered":"Les \u00e9v\u00e9nements li\u00e9s \u00e0 la botanique en France"},"content":{"rendered":"<p class=\"wp-block-paragraph\">Les \u00e9v\u00e9nements li\u00e9s \u00e0 la botanique en France refl\u00e8tent une richesse d\u2019initiatives destin\u00e9es \u00e0 promouvoir la biodiversit\u00e9, l&rsquo;\u00e9ducation \u00e0 l&rsquo;environnement et la passion du jardinage. Qu&rsquo;il s&rsquo;agisse de festivals, de foires aux plantes ou de conf\u00e9rences, ces manifestations c\u00f4toient les passionn\u00e9s de jardinage et les experts en botanique dans de nombreux cadres propices \u00e0 l&rsquo;\u00e9change de connaissances. Cet article vous plonge dans l&rsquo;univers des \u00e9v\u00e9nements botaniques et de jardinage qui bercent la France en 2025, avec un aper\u00e7u des principales festivit\u00e9s et leurs impacts sur le patrimoine naturel de notre pays.<\/p>\n\n<h2 class=\"wp-block-heading\">Agenda des principaux \u00e9v\u00e9nements botaniques en France en 2025<\/h2>\n\n<p class=\"wp-block-paragraph\">Chaque ann\u00e9e, la France accueille une multitude d&rsquo;\u00e9v\u00e9nements d\u00e9di\u00e9s \u00e0 la botanique, permettant ainsi aux amateurs comme aux experts de se rassembler pour partager leur passion. Voici un aper\u00e7u de quelques \u00e9v\u00e9nements phares qui se tiendront en 2025.<\/p>\n\n<h3 class=\"wp-block-heading\">F\u00eates des Plantes<\/h3>\n\n<p class=\"wp-block-paragraph\">Les <strong>F\u00eates des Plantes<\/strong> figurent parmi les \u00e9v\u00e9nements les plus populaires, et 2025 ne fera pas exception. Ces rencontres, organis\u00e9es dans diff\u00e9rents endroits du pays, mettent en avant la richesse florale nationale \u00e0 travers des stands d&rsquo;exposants, des conf\u00e9rences et des ateliers pratiques. Les jardins des plantes deviennent alors des lieux de partage o\u00f9 les passionn\u00e9s peuvent \u00e9changer sur leurs vari\u00e9t\u00e9s pr\u00e9f\u00e9r\u00e9es et apprendre des techniques de jardinage.<\/p>\n\n<ul class=\"wp-block-list\"><li><strong>F\u00eate des Jardins<\/strong>, \u00c9tables-sur-Mer (22 &#8211; C\u00f4tes d&rsquo;Armor) le 06 juillet<\/li><li><strong>F\u00eate des Plantes<\/strong>, Chavaniac Lafayette (43 &#8211; Haute-Loire) du 07 au 08 juin<\/li><li><strong>Florales du PETR du Pays du Ruff\u00e9cois<\/strong>, Mansle-Les-Fontaines (16 &#8211; Charente) le 11 octobre<\/li><\/ul>\n\n<h3 class=\"wp-block-heading\">Salons et Foires aux Plantes<\/h3>\n\n<p class=\"wp-block-paragraph\">En plus des f\u00eates, des salons et foires aux plantes sont \u00e9galement programm\u00e9s. Ces \u00e9v\u00e9nements permettent de d\u00e9couvrir des exposants locaux, de rapporter des v\u00e9g\u00e9taux uniques pour embellir son jardin, et d&rsquo;\u00e9couter des conf\u00e9rences sur les bonnes pratiques de culture. Par exemple, la <strong>Foire aux Plantes \u00e0 Lannion<\/strong>, qui se tiendra le 31 mai, r\u00e9unira entre 20 et 25 producteurs locaux.<\/p>\n\n<figure class=\"wp-block-table\"><table>\n<thead>\n<tr>\n<th>\u00c9v\u00e9nement<\/th>\n<th>Localisation<\/th>\n<th>Date<\/th>\n<\/tr>\n<\/thead>\n<tbody>\n<tr>\n<td>F\u00eate des Jardins<\/td>\n<td>\u00c9tables-sur-Mer (22 &#8211; C\u00f4tes d&rsquo;Armor)<\/td>\n<td>06 juillet<\/td>\n<\/tr>\n<tr>\n<td>F\u00eate des Plantes<\/td>\n<td>Chavaniac Lafayette (43 &#8211; Haute-Loire)<\/td>\n<td>07 au 08 juin<\/td>\n<\/tr>\n<tr>\n<td>Florales du PETR<\/td>\n<td>Mansle-Les-Fontaines (16 &#8211; Charente)<\/td>\n<td>11 octobre<\/td>\n<\/tr>\n<tr>\n<td>Foire aux Plantes<\/td>\n<td>Lannion<\/td>\n<td>31 mai<\/td>\n<\/tr>\n<\/tbody>\n<\/table><\/figure>\n\n<p class=\"wp-block-paragraph\">\u00c0 travers ces \u00e9v\u00e9nements, des organisations telles que la <strong>Soci\u00e9t\u00e9 Botanique de France<\/strong> ou encore les <strong>Jardins de France<\/strong> participent activement \u00e0 la sensibilisation des visiteurs sur des th\u00e9matiques vari\u00e9es, allant de la biodiversit\u00e9 \u00e0 la conservation des esp\u00e8ces.<\/p>\n\n<h2 class=\"wp-block-heading\">Les festivals de la nature et de la biodiversit\u00e9<\/h2>\n\n<p class=\"wp-block-paragraph\">Les festivals d\u00e9di\u00e9s \u00e0 la nature et \u00e0 la biodiversit\u00e9 compl\u00e8tent et enrichissent le calendrier des \u00e9v\u00e9nements botaniques. Ces festivals visent \u00e0 c\u00e9l\u00e9brer les interactions entre l&rsquo;homme et son environnement, \u00e0 sensibiliser le public sur les enjeux environnementaux, tout en offrant des moments de d\u00e9couverte et de convivialit\u00e9.<\/p>\n\n<h3 class=\"wp-block-heading\">Botanique en F\u00eate<\/h3>\n\n<p class=\"wp-block-paragraph\">Partout en France, des \u00e9v\u00e9nements comme <strong>Botanique en F\u00eate<\/strong> mobilisent les passionn\u00e9s de tous \u00e2ges. Dans une ambiance festive, des animations vari\u00e9es telles que des ateliers de cr\u00e9ation de jardins, des balades botaniques, et m\u00eame des concerts mettent \u00e0 l\u2019honneur la flore locale. Cette initiative contribue \u00e9galement \u00e0 promouvoir les entreprises agro-environnementales locales comme <strong>Flora Tonic<\/strong> ou <strong>Vilmorin<\/strong>, qui se consacrent aux semences naturelles et aux plantes durables.<\/p>\n\n<h3 class=\"wp-block-heading\">Les Journ\u00e9es du Patrimoine<\/h3>\n\n<p class=\"wp-block-paragraph\">Les <strong>Journ\u00e9es du Patrimoine<\/strong>, qui se d\u00e9roulent chaque ann\u00e9e en septembre, viennent compl\u00e9ter ce paysage. Ces journ\u00e9es offrent des visites de jardins historiques et de sites naturels prot\u00e9g\u00e9s, permettant ainsi de d\u00e9couvrir la richesse botanique fran\u00e7aise sous un autre angle. C&rsquo;est un moment privil\u00e9gi\u00e9 pour rencontrer des jardiniers passionn\u00e9s et participer \u00e0 des conf\u00e9rences sur l&rsquo;h\u00e9ritage botanique.<\/p>\n\n<ul class=\"wp-block-list\"><li>Ateliers de jardinage<\/li><li>Balades botaniques guid\u00e9es<\/li><li>D\u00e9couvertes de semences anciennes<\/li><li>Introduction \u00e0 la permaculture<\/li><\/ul>\n\n<figure class=\"wp-block-table\"><table>\n<thead>\n<tr>\n<th>Festival<\/th>\n<th>Date<\/th>\n<th>Activit\u00e9s<\/th>\n<\/tr>\n<\/thead>\n<tbody>\n<tr>\n<td>Botanique en F\u00eate<\/td>\n<td>Date variable en mai<\/td>\n<td>Ateliers, concerts, balades<\/td>\n<\/tr>\n<tr>\n<td>Journ\u00e9es du Patrimoine<\/td>\n<td>Septembre<\/td>\n<td>Visites guid\u00e9es, conf\u00e9rences<\/td>\n<\/tr>\n<\/tbody>\n<\/table><\/figure>\n\n<p class=\"wp-block-paragraph\">Ces initiatives illustrent comment la botanique se connecte \u00e0 la culture, l&rsquo;histoire, et la communaut\u00e9, cr\u00e9ant ainsi un espace d&rsquo;\u00e9change susceptible de renforcer notre lien avec la nature.<\/p>\n\n<h2 class=\"wp-block-heading\">Les rencontres et colloques sur la botanique<\/h2>\n\n<p class=\"wp-block-paragraph\">Les rencontres scientifiques et colloques constituent des \u00e9v\u00e9nements cl\u00e9s au sein du monde botanique en France. Ces rassemblements sont l\u2019occasion pour les chercheurs, \u00e9tudiants et professionnels de partager leurs travaux r\u00e9cents, d&rsquo;\u00e9changer sur les avanc\u00e9es en botanique et de d\u00e9battre des probl\u00e9matiques majeures li\u00e9es \u00e0 la pr\u00e9servation de la biodiversit\u00e9.<\/p>\n\n<h3 class=\"wp-block-heading\">Les Convergences Botaniques<\/h3>\n\n<p class=\"wp-block-paragraph\">Les <strong>Convergences Botaniques<\/strong>, organis\u00e9es par la Soci\u00e9t\u00e9 Botanique de France, sont un exemple marquant de ces colloques. Pr\u00e9vue pour 2025, cette rencontre annuelle rassemble botanistes, \u00e9tudiants et passionn\u00e9s autour de conf\u00e9rences et d&rsquo;ateliers pratiques. Les sujets abord\u00e9s vont des nouvelles techniques de culture \u00e0 la lutte contre les esp\u00e8ces invasives.<\/p>\n\n<ul class=\"wp-block-list\"><li>Pr\u00e9sentations de recherches sur des esp\u00e8ces sp\u00e9cifiques<\/li><li>Discussions sur la conservation des habitats naturels<\/li><li>Ateliers pratiques sur la classification des plantes<\/li><\/ul>\n\n<h3 class=\"wp-block-heading\">Journ\u00e9es d\u2019\u00c9tudes et Formation<\/h3>\n\n<p class=\"wp-block-paragraph\">De nombreuses associations organisent \u00e9galement des journ\u00e9es d&rsquo;\u00e9tudes et de formations, s\u2019adressant \u00e0 un public vari\u00e9. Ces \u00e9v\u00e9nements visent \u00e0 stimuler l&rsquo;int\u00e9r\u00eat pour la botanique par des activit\u00e9s \u00e9ducatives. Par exemple, les ateliers sur les techniques de collecte des plantes et la cr\u00e9ation d&rsquo;un <strong>herbier interactif en ligne<\/strong> se r\u00e9v\u00e8lent tr\u00e8s pris\u00e9s. Ces sessions permettent aux participants de d\u00e9couvrir de mani\u00e8re ludique les \u00e9tapes n\u00e9cessaires \u00e0 la constitution d&rsquo;un herbier.<\/p>\n\n<figure class=\"wp-block-table\"><table>\n<thead>\n<tr>\n<th>Rencontre<\/th>\n<th>Date<\/th>\n<th>Sujet(s) Abord\u00e9(s)<\/th>\n<\/tr>\n<\/thead>\n<tbody>\n<tr>\n<td>Convergences Botaniques<\/td>\n<td>\u00c0 d\u00e9finir<\/td>\n<td><strong>Recherches sur la biodiversit\u00e9<\/strong> et conservation<\/td>\n<\/tr>\n<tr>\n<td>Journ\u00e9es d\u2019\u00c9tudes<\/td>\n<td>Variable<\/td>\n<td>Techniques de collecte, cr\u00e9ation d&rsquo;hierbiers<\/td>\n<\/tr>\n<\/tbody>\n<\/table><\/figure>\n\n<p class=\"wp-block-paragraph\">Ces rencontres scientifiques contribuent \u00e0 renforcer nos connaissances sur la botanique tout en favorisant la coop\u00e9ration entre institutions, universit\u00e9s et b\u00e9n\u00e9voles passionn\u00e9s.<\/p>\n\n<h2 class=\"wp-block-heading\">Les initiatives locales et les actions de sensibilisation<\/h2>\n\n<p class=\"wp-block-paragraph\">Les initiatives locales jouent un r\u00f4le primordial dans la promotion de la botanique et la sensibilisation \u00e0 la n\u00e9cessit\u00e9 de la conservation de notre biodiversit\u00e9. Elles se d\u00e9clinent sous forme d\u2019\u00e9v\u00e9nements communautaires, d\u2019animations pour le jeune public, de programmes de b\u00e9n\u00e9volat ou d\u2019\u00e9changes de savoirs. De nombreux acteurs locaux se mobilisent pour mettre \u00e0 l\u2019honneur le jardinage respectueux et durable.<\/p>\n\n<h3 class=\"wp-block-heading\">Jardins Partag\u00e9s et \u00c9ducation \u00e0 l\u2019Environnement<\/h3>\n\n<p class=\"wp-block-paragraph\">Dans de nombreuses communes, des <strong>jardins partag\u00e9s<\/strong> sont mis en place pour encourager une approche collaborative du jardinage. Ces espaces permettent de cultiver des plantes comestibles tout en cr\u00e9ant un r\u00e9seau de solidarit\u00e9 entre les habitants. Des ateliers de sensibilisation sont \u00e9galement organis\u00e9s pour les enfants, comme les animations sur la d\u00e9couverte de la flore sauvage, o\u00f9 les jeunes peuvent se familiariser avec les plantes locales.<\/p>\n\n<ul class=\"wp-block-list\"><li>\u00c9change de savoir-faire entre voisins<\/li><li>Ateliers pour enfants sur la botanique<\/li><li>Visites p\u00e9dagogiques de jardins publics<\/li><\/ul>\n\n<h3 class=\"wp-block-heading\">Les projets de conservation<\/h3>\n\n<p class=\"wp-block-paragraph\">Les projets de conservation d\u2019esp\u00e8ces menac\u00e9es se multiplient \u00e0 travers toute la France. Ces initiatives impliquent souvent des actions concr\u00e8tes sur le terrain, telles que le suivi \u00e9cologique, la cr\u00e9ation de zones prot\u00e9g\u00e9es, ou la replantation d\u2019esp\u00e8ces autochtones. Par exemple, les actions men\u00e9es par des organisations comme <strong>Terre de Sommi\u00e8res<\/strong> ont pour objectif de r\u00e9tablir les milieux naturels pour favoriser le retour de la biodiversit\u00e9.<\/p>\n\n<figure class=\"wp-block-table\"><table>\n<thead>\n<tr>\n<th>Initiative<\/th>\n<th>Localisation<\/th>\n<th>Objectif<\/th>\n<\/tr>\n<\/thead>\n<tbody>\n<tr>\n<td>Jardins Partag\u00e9s<\/td>\n<td>Partout en France<\/td>\n<td>\u00c9ducation environnementale et collaboration<\/td>\n<\/tr>\n<tr>\n<td>Projets de Conservation<\/td>\n<td>Zones rurales<\/td>\n<td>Sauvegarde des esp\u00e8ces menac\u00e9es<\/td>\n<\/tr>\n<\/tbody>\n<\/table><\/figure>\n\n<p class=\"wp-block-paragraph\">Ces efforts collectifs et collaboratifs soulignent l&rsquo;importance d&rsquo;agir \u00e0 un niveau local pour pr\u00e9server notre patrimoine naturel, tout en favorisant une conscience \u00e9cologique au sein de nos cit\u00e9s.<\/p>\n\n<h2 class=\"wp-block-heading\">Conclusion<\/h2>\n\n<p class=\"wp-block-paragraph\">\u00c0 travers un calendrier riche d\u2019\u00e9v\u00e9nements botaniques, la France s&rsquo;affirme comme une nation engag\u00e9e dans la protection de sa biodiversit\u00e9. Que ce soit \u00e0 travers des foires, des festivals ou des colloques, toutes ces initiatives invitent les citoyens \u00e0 se reconnecter avec la nature et \u00e0 prendre part \u00e0 sa pr\u00e9servation.<\/p>\n\n<figure class=\"is-provider-youtube is-type-video wp-block-embed wp-block-embed-youtube wp-embed-aspect-16-9 wp-has-aspect-ratio\"><div class=\"wp-block-embed__wrapper\">\n<iframe loading=\"lazy\" title=\"S\u00e9quence 4 sujet 2 : Reconna\u00eetre les familles\" width=\"1200\" height=\"675\" src=\"https:\/\/www.youtube.com\/embed\/eNF8Q_BQ6fE?feature=oembed\" frameborder=\"0\" allow=\"accelerometer; autoplay; clipboard-write; encrypted-media; gyroscope; picture-in-picture; web-share\" referrerpolicy=\"strict-origin-when-cross-origin\" allowfullscreen><\/iframe>\n<\/div><\/figure>\n\n<p class=\"wp-block-paragraph\">Il est encourageant de voir que, tout au long de l&rsquo;ann\u00e9e 2025, de nombreuses occasions seront offertes pour c\u00e9l\u00e9brer la richesse florale et encourager les actions en faveur de l&rsquo;environnement.<\/p>\n\n<hr><div class=\"articles-lies\"><h3>\u00c0 lire aussi<\/h3><ul><li><a href=\"https:\/\/herberiedelatille.fr\/blog\/identification-des-plantes\/les-activites-botaniques-pour-les-familles\/\">Les activit\u00e9s botaniques pour les familles<\/a><\/li><li><a href=\"https:\/\/herberiedelatille.fr\/blog\/identification-des-plantes\/les-defis-contemporains-de-la-botanique\/\">Les d\u00e9fis contemporains de la botanique<\/a><\/li><li><a href=\"https:\/\/herberiedelatille.fr\/blog\/identification-des-plantes\/comment-reconnaitre-une-plante-sauvage-astuces-et-identification-fiable\/\">Comment reconna\u00eetre une plante sauvage : astuces et identification fiable<\/a><\/li><li><a href=\"https:\/\/herberiedelatille.fr\/blog\/conservation-et-biodiversite\/les-plantes-medicinales-definition-vertus-et-conseils-de-culture\/\">Les plantes m\u00e9dicinales : d\u00e9finition, vertus et conseils de culture<\/a><\/li><\/ul><\/div>","protected":false},"excerpt":{"rendered":"","protected":false},"author":34,"featured_media":7501,"comment_status":"open","ping_status":"open","sticky":false,"template":"","format":"standard","meta":{"_acf_changed":false,"manual_indexmenow":false,"indexmenow_id_project":0,"footnotes":""},"categories":[4520],"tags":[],"class_list":["post-7496","post","type-post","status-publish","format-standard","has-post-thumbnail","hentry","category-identification-des-plantes","generate-columns","tablet-grid-50","mobile-grid-100","grid-parent","grid-25"],"acf":[],"yoast_head":"<!-- This site is optimized with the Yoast SEO Premium plugin v21.3 (Yoast SEO v25.6) - https:\/\/yoast.com\/wordpress\/plugins\/seo\/ -->\n<title>Les \u00e9v\u00e9nements li\u00e9s \u00e0 la botanique en France<\/title>\n<meta name=\"description\" content=\"Les \u00e9v\u00e9nements li\u00e9s \u00e0 la botanique en France : salons, expositions et rendez-vous pour les passionn\u00e9s de plantes et d&#039;herboristerie.\" \/>\n<meta name=\"robots\" content=\"index, follow, max-snippet:-1, max-image-preview:large, max-video-preview:-1\" \/>\n<link rel=\"canonical\" href=\"https:\/\/herberiedelatille.fr\/blog\/identification-des-plantes\/les-evenements-lies-a-la-botanique-en-france\/\" \/>\n<meta property=\"og:locale\" content=\"fr_FR\" \/>\n<meta property=\"og:type\" content=\"article\" \/>\n<meta property=\"og:title\" content=\"Les \u00e9v\u00e9nements li\u00e9s \u00e0 la botanique en France\" \/>\n<meta property=\"og:description\" content=\"Les \u00e9v\u00e9nements li\u00e9s \u00e0 la botanique en France : salons, expositions et rendez-vous pour les passionn\u00e9s de plantes et d&#039;herboristerie.\" \/>\n<meta property=\"og:url\" content=\"https:\/\/herberiedelatille.fr\/blog\/identification-des-plantes\/les-evenements-lies-a-la-botanique-en-france\/\" \/>\n<meta property=\"og:site_name\" content=\"Herberie de la Tille\" \/>\n<meta property=\"og:image\" content=\"https:\/\/herberiedelatille.fr\/blog\/wp-content\/uploads\/2025\/05\/sdxl-6d65ca2c99a5b6f820175b84d28c43f8-scaled.png\" \/>\n\t<meta property=\"og:image:width\" content=\"1200\" \/>\n\t<meta property=\"og:image:height\" content=\"500\" \/>\n\t<meta property=\"og:image:type\" content=\"image\/png\" \/>\n<meta name=\"author\" content=\"Julien Prigent\" \/>\n<meta name=\"twitter:card\" content=\"summary_large_image\" \/>\n<script type=\"application\/ld+json\" class=\"yoast-schema-graph\">{\"@context\":\"https:\/\/schema.org\",\"@graph\":[{\"@type\":\"NewsArticle\",\"@id\":\"https:\/\/herberiedelatille.fr\/blog\/identification-des-plantes\/les-evenements-lies-a-la-botanique-en-france\/#article\",\"isPartOf\":{\"@id\":\"https:\/\/herberiedelatille.fr\/blog\/identification-des-plantes\/les-evenements-lies-a-la-botanique-en-france\/\"},\"author\":{\"name\":\"Julien Prigent\",\"@id\":\"https:\/\/herberiedelatille.fr\/blog\/#\/schema\/person\/3c864cdc320801e3db34b663e7e3f816\"},\"headline\":\"Les \u00e9v\u00e9nements li\u00e9s \u00e0 la botanique en France\",\"datePublished\":\"2025-05-23T07:44:10+00:00\",\"mainEntityOfPage\":{\"@id\":\"https:\/\/herberiedelatille.fr\/blog\/identification-des-plantes\/les-evenements-lies-a-la-botanique-en-france\/\"},\"wordCount\":1448,\"commentCount\":0,\"publisher\":{\"@id\":\"https:\/\/herberiedelatille.fr\/blog\/#organization\"},\"image\":{\"@id\":\"https:\/\/herberiedelatille.fr\/blog\/identification-des-plantes\/les-evenements-lies-a-la-botanique-en-france\/#primaryimage\"},\"thumbnailUrl\":\"https:\/\/herberiedelatille.fr\/blog\/wp-content\/uploads\/2025\/05\/sdxl-6d65ca2c99a5b6f820175b84d28c43f8-scaled.png\",\"articleSection\":[\"Identification des Plantes\"],\"inLanguage\":\"fr-FR\",\"potentialAction\":[{\"@type\":\"CommentAction\",\"name\":\"Comment\",\"target\":[\"https:\/\/herberiedelatille.fr\/blog\/identification-des-plantes\/les-evenements-lies-a-la-botanique-en-france\/#respond\"]}]},{\"@type\":\"WebPage\",\"@id\":\"https:\/\/herberiedelatille.fr\/blog\/identification-des-plantes\/les-evenements-lies-a-la-botanique-en-france\/\",\"url\":\"https:\/\/herberiedelatille.fr\/blog\/identification-des-plantes\/les-evenements-lies-a-la-botanique-en-france\/\",\"name\":\"Les \u00e9v\u00e9nements li\u00e9s \u00e0 la botanique en France\",\"isPartOf\":{\"@id\":\"https:\/\/herberiedelatille.fr\/blog\/#website\"},\"primaryImageOfPage\":{\"@id\":\"https:\/\/herberiedelatille.fr\/blog\/identification-des-plantes\/les-evenements-lies-a-la-botanique-en-france\/#primaryimage\"},\"image\":{\"@id\":\"https:\/\/herberiedelatille.fr\/blog\/identification-des-plantes\/les-evenements-lies-a-la-botanique-en-france\/#primaryimage\"},\"thumbnailUrl\":\"https:\/\/herberiedelatille.fr\/blog\/wp-content\/uploads\/2025\/05\/sdxl-6d65ca2c99a5b6f820175b84d28c43f8-scaled.png\",\"datePublished\":\"2025-05-23T07:44:10+00:00\",\"description\":\"Les \u00e9v\u00e9nements li\u00e9s \u00e0 la botanique en France : salons, expositions et rendez-vous pour les passionn\u00e9s de plantes et d'herboristerie.\",\"inLanguage\":\"fr-FR\",\"potentialAction\":[{\"@type\":\"ReadAction\",\"target\":[\"https:\/\/herberiedelatille.fr\/blog\/identification-des-plantes\/les-evenements-lies-a-la-botanique-en-france\/\"]}]},{\"@type\":\"ImageObject\",\"inLanguage\":\"fr-FR\",\"@id\":\"https:\/\/herberiedelatille.fr\/blog\/identification-des-plantes\/les-evenements-lies-a-la-botanique-en-france\/#primaryimage\",\"url\":\"https:\/\/herberiedelatille.fr\/blog\/wp-content\/uploads\/2025\/05\/sdxl-6d65ca2c99a5b6f820175b84d28c43f8-scaled.png\",\"contentUrl\":\"https:\/\/herberiedelatille.fr\/blog\/wp-content\/uploads\/2025\/05\/sdxl-6d65ca2c99a5b6f820175b84d28c43f8-scaled.png\",\"width\":1200,\"height\":500},{\"@type\":\"WebSite\",\"@id\":\"https:\/\/herberiedelatille.fr\/blog\/#website\",\"url\":\"https:\/\/herberiedelatille.fr\/blog\/\",\"name\":\"Herberie de la Tille\",\"description\":\"Le m\u00e9dia de la botanique pratique \u2014 plantes, herboristerie, identification\",\"publisher\":{\"@id\":\"https:\/\/herberiedelatille.fr\/blog\/#organization\"},\"alternateName\":\"Herberie de la Tille\",\"potentialAction\":[{\"@type\":\"SearchAction\",\"target\":{\"@type\":\"EntryPoint\",\"urlTemplate\":\"https:\/\/herberiedelatille.fr\/blog\/?s={search_term_string}\"},\"query-input\":{\"@type\":\"PropertyValueSpecification\",\"valueRequired\":true,\"valueName\":\"search_term_string\"}}],\"inLanguage\":\"fr-FR\"},{\"@type\":\"Organization\",\"@id\":\"https:\/\/herberiedelatille.fr\/blog\/#organization\",\"name\":\"Herberie de la Tille\",\"url\":\"https:\/\/herberiedelatille.fr\/blog\/\",\"logo\":{\"@type\":\"ImageObject\",\"inLanguage\":\"fr-FR\",\"@id\":\"https:\/\/herberiedelatille.fr\/blog\/#\/schema\/logo\/image\/\",\"url\":\"https:\/\/herberiedelatille.fr\/blog\/wp-content\/uploads\/2024\/12\/herberiedelatille.png\",\"contentUrl\":\"https:\/\/herberiedelatille.fr\/blog\/wp-content\/uploads\/2024\/12\/herberiedelatille.png\",\"width\":500,\"height\":500,\"caption\":\"Herberie de la Tille\"},\"image\":{\"@id\":\"https:\/\/herberiedelatille.fr\/blog\/#\/schema\/logo\/image\/\"}},{\"@type\":\"Person\",\"@id\":\"https:\/\/herberiedelatille.fr\/blog\/#\/schema\/person\/3c864cdc320801e3db34b663e7e3f816\",\"name\":\"Julien Prigent\",\"image\":{\"@type\":\"ImageObject\",\"inLanguage\":\"fr-FR\",\"@id\":\"https:\/\/herberiedelatille.fr\/blog\/#\/schema\/person\/image\/\",\"url\":\"https:\/\/herberiedelatille.fr\/blog\/wp-content\/uploads\/2026\/06\/persona_julien-p-96x96.jpg\",\"contentUrl\":\"https:\/\/herberiedelatille.fr\/blog\/wp-content\/uploads\/2026\/06\/persona_julien-p-96x96.jpg\",\"caption\":\"Julien Prigent\"},\"description\":\"Bricoleur et jardinier dans l'\u00e2me, j'\u00e9cris sur la maison et ses ext\u00e9rieurs avec les mains dans le cambouis plus que dans les th\u00e9ories. Mon terrain couvre tout l'habitat : le potager et le jardin au fil des saisons, mais aussi les petits travaux, la r\u00e9novation, le bricolage et les m\u00e9tiers du b\u00e2timent \u2014 toiture, isolation, menuiserie, serrurerie, ma\u00e7onnerie. J'aime expliquer un geste technique simplement, donner des fourchettes de prix r\u00e9alistes et les bons crit\u00e8res pour choisir un mat\u00e9riau ou un artisan. Je teste ce que je peux sur mes propres chantiers et au jardin avant d'en parler, je distingue la tradition de ce que confirme l'observation, et je pr\u00e9cise toujours le contexte \u2014 climat, type de sol, configuration du logement \u2014 parce qu'un m\u00eame conseil ne vaut pas partout. Mon but : rendre l'entretien et l'am\u00e9lioration de la maison accessibles, durables et \u00e9conomes.\",\"sameAs\":[\"https:\/\/julienprigent.fr\/\"],\"url\":\"https:\/\/herberiedelatille.fr\/blog\/auteur\/julien-p\/\"}]}<\/script>\n<!-- \/ Yoast SEO Premium plugin. -->","yoast_head_json":{"title":"Les \u00e9v\u00e9nements li\u00e9s \u00e0 la botanique en France","description":"Les \u00e9v\u00e9nements li\u00e9s \u00e0 la botanique en France : salons, expositions et rendez-vous pour les passionn\u00e9s de plantes et d'herboristerie.","robots":{"index":"index","follow":"follow","max-snippet":"max-snippet:-1","max-image-preview":"max-image-preview:large","max-video-preview":"max-video-preview:-1"},"canonical":"https:\/\/herberiedelatille.fr\/blog\/identification-des-plantes\/les-evenements-lies-a-la-botanique-en-france\/","og_locale":"fr_FR","og_type":"article","og_title":"Les \u00e9v\u00e9nements li\u00e9s \u00e0 la botanique en France","og_description":"Les \u00e9v\u00e9nements li\u00e9s \u00e0 la botanique en France : salons, expositions et rendez-vous pour les passionn\u00e9s de plantes et d'herboristerie.","og_url":"https:\/\/herberiedelatille.fr\/blog\/identification-des-plantes\/les-evenements-lies-a-la-botanique-en-france\/","og_site_name":"Herberie de la Tille","og_image":[{"width":1200,"height":500,"url":"https:\/\/herberiedelatille.fr\/blog\/wp-content\/uploads\/2025\/05\/sdxl-6d65ca2c99a5b6f820175b84d28c43f8-scaled.png","type":"image\/png"}],"author":"Julien Prigent","twitter_card":"summary_large_image","schema":{"@context":"https:\/\/schema.org","@graph":[{"@type":"NewsArticle","@id":"https:\/\/herberiedelatille.fr\/blog\/identification-des-plantes\/les-evenements-lies-a-la-botanique-en-france\/#article","isPartOf":{"@id":"https:\/\/herberiedelatille.fr\/blog\/identification-des-plantes\/les-evenements-lies-a-la-botanique-en-france\/"},"author":{"name":"Julien Prigent","@id":"https:\/\/herberiedelatille.fr\/blog\/#\/schema\/person\/3c864cdc320801e3db34b663e7e3f816"},"headline":"Les \u00e9v\u00e9nements li\u00e9s \u00e0 la botanique en France","datePublished":"2025-05-23T07:44:10+00:00","mainEntityOfPage":{"@id":"https:\/\/herberiedelatille.fr\/blog\/identification-des-plantes\/les-evenements-lies-a-la-botanique-en-france\/"},"wordCount":1448,"commentCount":0,"publisher":{"@id":"https:\/\/herberiedelatille.fr\/blog\/#organization"},"image":{"@id":"https:\/\/herberiedelatille.fr\/blog\/identification-des-plantes\/les-evenements-lies-a-la-botanique-en-france\/#primaryimage"},"thumbnailUrl":"https:\/\/herberiedelatille.fr\/blog\/wp-content\/uploads\/2025\/05\/sdxl-6d65ca2c99a5b6f820175b84d28c43f8-scaled.png","articleSection":["Identification des Plantes"],"inLanguage":"fr-FR","potentialAction":[{"@type":"CommentAction","name":"Comment","target":["https:\/\/herberiedelatille.fr\/blog\/identification-des-plantes\/les-evenements-lies-a-la-botanique-en-france\/#respond"]}]},{"@type":"WebPage","@id":"https:\/\/herberiedelatille.fr\/blog\/identification-des-plantes\/les-evenements-lies-a-la-botanique-en-france\/","url":"https:\/\/herberiedelatille.fr\/blog\/identification-des-plantes\/les-evenements-lies-a-la-botanique-en-france\/","name":"Les \u00e9v\u00e9nements li\u00e9s \u00e0 la botanique en France","isPartOf":{"@id":"https:\/\/herberiedelatille.fr\/blog\/#website"},"primaryImageOfPage":{"@id":"https:\/\/herberiedelatille.fr\/blog\/identification-des-plantes\/les-evenements-lies-a-la-botanique-en-france\/#primaryimage"},"image":{"@id":"https:\/\/herberiedelatille.fr\/blog\/identification-des-plantes\/les-evenements-lies-a-la-botanique-en-france\/#primaryimage"},"thumbnailUrl":"https:\/\/herberiedelatille.fr\/blog\/wp-content\/uploads\/2025\/05\/sdxl-6d65ca2c99a5b6f820175b84d28c43f8-scaled.png","datePublished":"2025-05-23T07:44:10+00:00","description":"Les \u00e9v\u00e9nements li\u00e9s \u00e0 la botanique en France : salons, expositions et rendez-vous pour les passionn\u00e9s de plantes et d'herboristerie.","inLanguage":"fr-FR","potentialAction":[{"@type":"ReadAction","target":["https:\/\/herberiedelatille.fr\/blog\/identification-des-plantes\/les-evenements-lies-a-la-botanique-en-france\/"]}]},{"@type":"ImageObject","inLanguage":"fr-FR","@id":"https:\/\/herberiedelatille.fr\/blog\/identification-des-plantes\/les-evenements-lies-a-la-botanique-en-france\/#primaryimage","url":"https:\/\/herberiedelatille.fr\/blog\/wp-content\/uploads\/2025\/05\/sdxl-6d65ca2c99a5b6f820175b84d28c43f8-scaled.png","contentUrl":"https:\/\/herberiedelatille.fr\/blog\/wp-content\/uploads\/2025\/05\/sdxl-6d65ca2c99a5b6f820175b84d28c43f8-scaled.png","width":1200,"height":500},{"@type":"WebSite","@id":"https:\/\/herberiedelatille.fr\/blog\/#website","url":"https:\/\/herberiedelatille.fr\/blog\/","name":"Herberie de la Tille","description":"Le m\u00e9dia de la botanique pratique \u2014 plantes, herboristerie, identification","publisher":{"@id":"https:\/\/herberiedelatille.fr\/blog\/#organization"},"alternateName":"Herberie de la Tille","potentialAction":[{"@type":"SearchAction","target":{"@type":"EntryPoint","urlTemplate":"https:\/\/herberiedelatille.fr\/blog\/?s={search_term_string}"},"query-input":{"@type":"PropertyValueSpecification","valueRequired":true,"valueName":"search_term_string"}}],"inLanguage":"fr-FR"},{"@type":"Organization","@id":"https:\/\/herberiedelatille.fr\/blog\/#organization","name":"Herberie de la Tille","url":"https:\/\/herberiedelatille.fr\/blog\/","logo":{"@type":"ImageObject","inLanguage":"fr-FR","@id":"https:\/\/herberiedelatille.fr\/blog\/#\/schema\/logo\/image\/","url":"https:\/\/herberiedelatille.fr\/blog\/wp-content\/uploads\/2024\/12\/herberiedelatille.png","contentUrl":"https:\/\/herberiedelatille.fr\/blog\/wp-content\/uploads\/2024\/12\/herberiedelatille.png","width":500,"height":500,"caption":"Herberie de la Tille"},"image":{"@id":"https:\/\/herberiedelatille.fr\/blog\/#\/schema\/logo\/image\/"}},{"@type":"Person","@id":"https:\/\/herberiedelatille.fr\/blog\/#\/schema\/person\/3c864cdc320801e3db34b663e7e3f816","name":"Julien Prigent","image":{"@type":"ImageObject","inLanguage":"fr-FR","@id":"https:\/\/herberiedelatille.fr\/blog\/#\/schema\/person\/image\/","url":"https:\/\/herberiedelatille.fr\/blog\/wp-content\/uploads\/2026\/06\/persona_julien-p-96x96.jpg","contentUrl":"https:\/\/herberiedelatille.fr\/blog\/wp-content\/uploads\/2026\/06\/persona_julien-p-96x96.jpg","caption":"Julien Prigent"},"description":"Bricoleur et jardinier dans l'\u00e2me, j'\u00e9cris sur la maison et ses ext\u00e9rieurs avec les mains dans le cambouis plus que dans les th\u00e9ories. Mon terrain couvre tout l'habitat : le potager et le jardin au fil des saisons, mais aussi les petits travaux, la r\u00e9novation, le bricolage et les m\u00e9tiers du b\u00e2timent \u2014 toiture, isolation, menuiserie, serrurerie, ma\u00e7onnerie. J'aime expliquer un geste technique simplement, donner des fourchettes de prix r\u00e9alistes et les bons crit\u00e8res pour choisir un mat\u00e9riau ou un artisan. Je teste ce que je peux sur mes propres chantiers et au jardin avant d'en parler, je distingue la tradition de ce que confirme l'observation, et je pr\u00e9cise toujours le contexte \u2014 climat, type de sol, configuration du logement \u2014 parce qu'un m\u00eame conseil ne vaut pas partout. Mon but : rendre l'entretien et l'am\u00e9lioration de la maison accessibles, durables et \u00e9conomes.","sameAs":["https:\/\/julienprigent.fr\/"],"url":"https:\/\/herberiedelatille.fr\/blog\/auteur\/julien-p\/"}]}},"_links":{"self":[{"href":"https:\/\/herberiedelatille.fr\/blog\/wp-json\/wp\/v2\/posts\/7496","targetHints":{"allow":["GET"]}}],"collection":[{"href":"https:\/\/herberiedelatille.fr\/blog\/wp-json\/wp\/v2\/posts"}],"about":[{"href":"https:\/\/herberiedelatille.fr\/blog\/wp-json\/wp\/v2\/types\/post"}],"author":[{"embeddable":true,"href":"https:\/\/herberiedelatille.fr\/blog\/wp-json\/wp\/v2\/users\/34"}],"replies":[{"embeddable":true,"href":"https:\/\/herberiedelatille.fr\/blog\/wp-json\/wp\/v2\/comments?post=7496"}],"version-history":[{"count":0,"href":"https:\/\/herberiedelatille.fr\/blog\/wp-json\/wp\/v2\/posts\/7496\/revisions"}],"wp:featuredmedia":[{"embeddable":true,"href":"https:\/\/herberiedelatille.fr\/blog\/wp-json\/wp\/v2\/media\/7501"}],"wp:attachment":[{"href":"https:\/\/herberiedelatille.fr\/blog\/wp-json\/wp\/v2\/media?parent=7496"}],"wp:term":[{"taxonomy":"category","embeddable":true,"href":"https:\/\/herberiedelatille.fr\/blog\/wp-json\/wp\/v2\/categories?post=7496"},{"taxonomy":"post_tag","embeddable":true,"href":"https:\/\/herberiedelatille.fr\/blog\/wp-json\/wp\/v2\/tags?post=7496"}],"curies":[{"name":"wp","href":"https:\/\/api.w.org\/{rel}","templated":true}]}}