{"id":7498,"date":"2025-05-23T09:45:51","date_gmt":"2025-05-23T07:45:51","guid":{"rendered":"https:\/\/herberiedelatille.fr\/blog\/a-la-une\/les-defis-contemporains-de-la-botanique\/"},"modified":"2025-05-23T09:45:51","modified_gmt":"2025-05-23T07:45:51","slug":"les-defis-contemporains-de-la-botanique","status":"publish","type":"post","link":"https:\/\/herberiedelatille.fr\/blog\/identification-des-plantes\/les-defis-contemporains-de-la-botanique\/","title":{"rendered":"Les d\u00e9fis contemporains de la botanique"},"content":{"rendered":"<p class=\"wp-block-paragraph\">Les jardins botaniques jouent un r\u00f4le crucial dans la conservation et l&rsquo;\u00e9tude des plantes, agissant comme de v\u00e9ritables sanctuaires de la biodiversit\u00e9. Ils fusionnent l&rsquo;\u00e9ducation, la recherche scientifique et la conservation des esp\u00e8ces en danger, tout en offrant des espaces d&rsquo;\u00e9merveillement pour les visiteurs. Dans cet article, nous allons explorer en profondeur les nombreuses facettes de ces jardins et les d\u00e9fis auxquels ils font face dans un monde en constante \u00e9volution.<\/p>\n\n<h2 class=\"wp-block-heading\">Les jardins botaniques : centres de conservation et de recherche<\/h2>\n\n<p class=\"wp-block-paragraph\">Les jardins botaniques sont bien plus que de simples espaces verts. En tant qu&rsquo;institutions de conservation, ils poss\u00e8dent des collections document\u00e9es de plantes vivantes et de sp\u00e9cimens inertes, faisant d&rsquo;eux des retours pr\u00e9cieux d&rsquo;informations pour la recherche scientifique. <strong>Leur mission principale<\/strong> inclut la conservation de la biodiversit\u00e9 v\u00e9g\u00e9tale, l&rsquo;\u00e9ducation du public et la diffusion des ressources g\u00e9n\u00e9tiques via des syst\u00e8mes d&rsquo;\u00e9change entre diff\u00e9rents jardins.<\/p>\n\n<h3 class=\"wp-block-heading\">Le r\u00f4le de la conservation<\/h3>\n\n<p class=\"wp-block-paragraph\">La conservation r\u00e9alis\u00e9e par les jardins botaniques se divise en plusieurs formes :<\/p>\n\n<ul class=\"wp-block-list\"><li><strong>Ex situ<\/strong> : Cela implique la conservation hors de leur habitat naturel, comme les plantes cultiv\u00e9es ou les banques de semences.<\/li><li><strong>In situ<\/strong> : Cette m\u00e9thode vise \u00e0 g\u00e9rer et restaurer les habitats naturels dans lesquels vivent les esp\u00e8ces menac\u00e9es.<\/li><li><strong>Conservation int\u00e9gr\u00e9e<\/strong> : Elle englobe la prise en compte des interactions entre celles-ci et des facteurs socio-\u00e9conomiques.<\/li><\/ul>\n\n<p class=\"wp-block-paragraph\">Ces m\u00e9thodes sont essentielles pour ralentir la disparition des esp\u00e8ces et laisser un h\u00e9ritage biologique pour les g\u00e9n\u00e9rations futures. Par exemple, de nombreux jardins botaniques participent \u00e0 des projets de r\u00e9introduction d&rsquo;esp\u00e8ces menac\u00e9es telles que <a href=\"https:\/\/www.mnhn.fr\/fr\/actualites\/des-plantes-en-peril-les-jardins-botaniques-a-court-d-espace\" target=\"_blank\" rel=\"nofollow\">certaines vari\u00e9t\u00e9s de fleurs sauvages<\/a>, qui avaient presque disparu de certains milieux.<\/p>\n\n<h3 class=\"wp-block-heading\">Les collections vivantes comme laboratoire<\/h3>\n\n<p class=\"wp-block-paragraph\">Les jardins botaniques agissent \u00e9galement comme de v\u00e9ritables laboratoires vivants. Les collections de plantes, lorsqu&rsquo;elles sont bien document\u00e9es, permettent une multitude de recherches allant de la botanique pure \u00e0 l&rsquo;\u00e9cologie. Ces collections comprennent \u00e9galement des sp\u00e9cimens de plantes s\u00e8ches conserv\u00e9es sous forme d\u2019herbiers, contribuant \u00e0 la conservation du patrimoine scientifique.<\/p>\n\n<figure class=\"wp-block-table\"><table>\n<thead>\n<tr>\n<th>Type de conservation<\/th>\n<th>Description<\/th>\n<th>Exemple<\/th>\n<\/tr>\n<\/thead>\n<tbody>\n<tr>\n<td>Ex situ<\/td>\n<td>Conservation des plantes en dehors de leur habitat naturel<\/td>\n<td>Banques de semences<\/td>\n<\/tr>\n<tr>\n<td>In situ<\/td>\n<td>Gestion et restauration des habitats naturels<\/td>\n<td>R\u00e9introduction d&rsquo;esp\u00e8ces en danger<\/td>\n<\/tr>\n<tr>\n<td>Int\u00e9gr\u00e9e<\/td>\n<td>Consid\u00e9ration des dynamiques \u00e9cologiques et socio-\u00e9conomiques<\/td>\n<td>Projets communautaires<\/td>\n<\/tr>\n<\/tbody>\n<\/table><\/figure>\n\n<h2 class=\"wp-block-heading\">Les limites rencontr\u00e9es par les jardins botaniques aujourd&rsquo;hui<\/h2>\n\n<p class=\"wp-block-paragraph\">Les jardins botaniques, qui se sont multipli\u00e9s \u00e0 travers le monde, confrontent des limites croissantes. Leur capacit\u00e9 de conservation est mise \u00e0 l&rsquo;\u00e9preuve, notamment en raison de la diversit\u00e9 et du volume des collections. Une r\u00e9cente \u00e9tude a r\u00e9v\u00e9l\u00e9 que la <strong>m\u00e9ta-collection<\/strong> de plantes vivantes a atteint sa capacit\u00e9 de charge, tant en termes de volume que de diversit\u00e9 botanique.<\/p>\n\n<h3 class=\"wp-block-heading\">La dynamique des collections de plantes<\/h3>\n\n<p class=\"wp-block-paragraph\">Une recherche sur un si\u00e8cle de documentation des collections, men\u00e9e sur 2,2 millions d\u2019enregistrements, a montr\u00e9 que de nombreuses collections stagnent ou diminuent. Par cons\u00e9quent, il est essentiel de prioriser les strat\u00e9gies de gestion diff\u00e9renci\u00e9e pour maintenir leur efficacit\u00e9.<\/p>\n\n<p class=\"wp-block-paragraph\">Les facteurs de cette stagnation incluent :<\/p>\n\n<ul class=\"wp-block-list\"><li>Des ressources limit\u00e9es pour la conservation et la gestion.<\/li><li>Les contraintes impos\u00e9es par la l\u00e9gislation internationale en mati\u00e8re de biodiversit\u00e9.<\/li><li>Un manque d\u2019espace pour accueillir de nouvelles esp\u00e8ces et des collections.<\/li><\/ul>\n\n<p class=\"wp-block-paragraph\">Par ailleurs, il existe un besoin urgent de nouveaux investissements dans les infrastructures num\u00e9riques pour mieux g\u00e9rer les donn\u00e9es relatives aux collections, afin de garantir leur p\u00e9rennit\u00e9.<\/p>\n\n<figure class=\"wp-block-table\"><table>\n<thead>\n<tr>\n<th>D\u00e9fis rencontr\u00e9s<\/th>\n<th>Causes<\/th>\n<th>Cons\u00e9quences<\/th>\n<\/tr>\n<\/thead>\n<tbody>\n<tr>\n<td>Capacit\u00e9 de charge atteinte<\/td>\n<td>Augmentation des collections sans ressources correspondantes<\/td>\n<td>Diminution de la diversit\u00e9 et de la qualit\u00e9 des collections<\/td>\n<\/tr>\n<tr>\n<td>Stagnation des collections<\/td>\n<td>Infrastructures et moyens limit\u00e9s<\/td>\n<td>Moins de nouvelles esp\u00e8ces \u00e9tudi\u00e9es et conserv\u00e9es<\/td>\n<\/tr>\n<tr>\n<td>Contrainte l\u00e9gislative<\/td>\n<td>Quotit\u00e9 de la l\u00e9gislation sur la biodiversit\u00e9<\/td>\n<td>Difficult\u00e9 \u00e0 \u00e9changer et g\u00e9rer les collections<\/td>\n<\/tr>\n<\/tbody>\n<\/table><\/figure>\n\n<h2 class=\"wp-block-heading\">Une r\u00e9ponse au changement climatique \u00e0 travers la botanique<\/h2>\n\n<p class=\"wp-block-paragraph\">Le changement climatique est l&rsquo;un des plus grands d\u00e9fis auxquels les jardins botaniques sont confront\u00e9s. Alors que la plan\u00e8te subit des modifications climatiques dramatiques, la biodiversit\u00e9 v\u00e9g\u00e9tale est directement menac\u00e9e. En effet, les jardins botaniques jouent un r\u00f4le cl\u00e9 dans la recherche sur l&rsquo;impact du changement climatique sur la biodiversit\u00e9.<\/p>\n\n<figure class=\"is-provider-youtube is-type-video wp-block-embed wp-block-embed-youtube wp-embed-aspect-16-9 wp-has-aspect-ratio\"><div class=\"wp-block-embed__wrapper\">\n<iframe loading=\"lazy\" title=\"D\u00e9fi Photo : Les plantes utiles #MOOCBotanique2\" width=\"1200\" height=\"675\" src=\"https:\/\/www.youtube.com\/embed\/IZ7-f2fRcxE?feature=oembed\" frameborder=\"0\" allow=\"accelerometer; autoplay; clipboard-write; encrypted-media; gyroscope; picture-in-picture; web-share\" referrerpolicy=\"strict-origin-when-cross-origin\" allowfullscreen><\/iframe>\n<\/div><\/figure>\n\n<h3 class=\"wp-block-heading\">Les strat\u00e9gies d&rsquo;adaptation<\/h3>\n\n<p class=\"wp-block-paragraph\">Il est imp\u00e9ratif que les jardins botaniques adaptent leurs strat\u00e9gies pour faire face \u00e0 ces \u00e9volutions. Plusieurs initiatives sont prises, telles que :<\/p>\n\n<ul class=\"wp-block-list\"><li>La cr\u00e9ation de nouveaux espaces de culture pour les plantes vuln\u00e9rables.<\/li><li>La documentation des effets du changement climatique sur diff\u00e9rentes esp\u00e8ces v\u00e9g\u00e9tales.<\/li><li>Le d\u00e9veloppement d&rsquo;initiatives de <strong>GreenLife<\/strong> pour promouvoir des pratiques de jardinage durable.<\/li><\/ul>\n\n<p class=\"wp-block-paragraph\">De plus, les jardins botaniques sont capables de fournir des solutions bas\u00e9es sur la nature, permettant ainsi une meilleure r\u00e9silience climatique en pr\u00e9servant et encourageant la biodiversit\u00e9.<\/p>\n\n<figure class=\"wp-block-table\"><table>\n<thead>\n<tr>\n<th>Strat\u00e9gie d&rsquo;adaptation<\/th>\n<th>Description<\/th>\n<th>Impact potentiel<\/th>\n<\/tr>\n<\/thead>\n<tbody>\n<tr>\n<td>Nouveaux espaces de culture<\/td>\n<td>Cr\u00e9ation d&rsquo;habitats sp\u00e9cifiques pour accueillir des vari\u00e9t\u00e9s vuln\u00e9rables<\/td>\n<td>Am\u00e9lioration des chances de survie de certaines plantes<\/td>\n<\/tr>\n<tr>\n<td>Documentation des effets climatiques<\/td>\n<td>Recherche sur les impacts du changement climatique<\/td>\n<td>Meilleure compr\u00e9hension des adaptations n\u00e9cessaires<\/td>\n<\/tr>\n<tr>\n<td>Initiatives de jardinage durable<\/td>\n<td>Promotion de pratiques respectueuses de l&rsquo;environnement<\/td>\n<td>Encouragement d&rsquo;un mod\u00e8le de consommation durable<\/td>\n<\/tr>\n<\/tbody>\n<\/table><\/figure>\n\n<h2 class=\"wp-block-heading\">Les jardins botaniques : un patrimoine vivant \u00e0 pr\u00e9server<\/h2>\n\n<p class=\"wp-block-paragraph\">Les jardins botaniques repr\u00e9sentent \u00e0 la fois un lieu d&rsquo;apprentissage et un h\u00e9ritage culturel. Leur r\u00f4le n\u2019est pas seulement limit\u00e9 \u00e0 la conservation; ils sont aussi des espaces d&rsquo;exploration et de d\u00e9couverte. Les visiteurs peuvent y d\u00e9couvrir des plantes du monde entier, comprendre les interactions complexes entre la <strong>flore et la faune<\/strong> et appr\u00e9cier la richesse de la biodiversit\u00e9.<\/p>\n\n<h3 class=\"wp-block-heading\">Engagement communautaire et sensibilisation<\/h3>\n\n<p class=\"wp-block-paragraph\">Les jardins botaniques vont au-del\u00e0 de la simple pr\u00e9servation; ils cherchent \u00e0 engager le public. Gr\u00e2ce \u00e0 des programmes \u00e9ducatifs, ils permettent d&rsquo;\u00e9veiller les consciences sur l&rsquo;importance de la conservation de la biodiversit\u00e9.<\/p>\n\n<ul class=\"wp-block-list\"><li>Des ateliers sur le jardinage \u00e9cologique sont souvent organis\u00e9s.<\/li><li>Des visites guid\u00e9es sont propos\u00e9s pour appr\u00e9cier la diversit\u00e9 des plantes.<\/li><li>Des projets collaboratifs avec des \u00e9coles et des communaut\u00e9s locales pour sensibiliser les jeunes g\u00e9n\u00e9rations.<\/li><\/ul>\n\n<p class=\"wp-block-paragraph\">Ces initiatives soulignent l&rsquo;importance de la connexion entre les gens et la nature. En \u00e9duquant les visiteurs, les jardins cr\u00e9ent une communaut\u00e9 engag\u00e9e dans la protection de notre patrimoine naturel, contribuant ainsi \u00e0 une <strong>biodiversit\u00e9 durable<\/strong>.<\/p>\n\n<figure class=\"wp-block-table\"><table>\n<thead>\n<tr>\n<th>Activit\u00e9 \u00e9ducative<\/th>\n<th>Objectif<\/th>\n<th>Public cible<\/th>\n<\/tr>\n<\/thead>\n<tbody>\n<tr>\n<td>Ateliers de jardinage \u00e9cologique<\/td>\n<td>Enseigner des pratiques durables<\/td>\n<td>Adultes et familles<\/td>\n<\/tr>\n<tr>\n<td>Visites guid\u00e9es<\/td>\n<td>Faire d\u00e9couvrir la biodiversit\u00e9<\/td>\n<td>\u00c9coles et groupes<\/td>\n<\/tr>\n<tr>\n<td>Projets communautaires<\/td>\n<td>Cr\u00e9er des liens avec la nature<\/td>\n<td>Enfants et jeunes<\/td>\n<\/tr>\n<\/tbody>\n<\/table><\/figure>\n\n<p class=\"wp-block-paragraph\">Les jardins botaniques sont, sans conteste, des \u00e9l\u00e9ments cl\u00e9s pour la pr\u00e9servation de notre patrimoine naturel. Ils nous rappellent l&rsquo;importance de prot\u00e9ger et de c\u00e9l\u00e9brer notre biodiversit\u00e9. En nous engageant collectivement, nous pouvons contribuer \u00e0 un avenir o\u00f9 la flore et la faune prosp\u00e8rent.<\/p>\n\n<hr><div class=\"articles-lies\"><h3>\u00c0 lire aussi<\/h3><ul><li><a href=\"https:\/\/herberiedelatille.fr\/blog\/identification-des-plantes\/comment-reconnaitre-une-plante-sauvage-astuces-et-identification-fiable\/\">Comment reconna\u00eetre une plante sauvage : astuces et identification fiable<\/a><\/li><li><a href=\"https:\/\/herberiedelatille.fr\/blog\/identification-des-plantes\/comment-fabriquer-un-herbier-techniques-et-conseils-pour-debutants\/\">Comment fabriquer un herbier : techniques et conseils pour d\u00e9butants<\/a><\/li><li><a href=\"https:\/\/herberiedelatille.fr\/blog\/identification-des-plantes\/comment-reconnaitre-facilement-les-plantes-grace-a-ce-guide-pratique\/\">Comment reconna\u00eetre facilement les plantes gr\u00e2ce \u00e0 ce guide pratique<\/a><\/li><li><a href=\"https:\/\/herberiedelatille.fr\/blog\/conservation-et-biodiversite\/les-plantes-medicinales-definition-vertus-et-conseils-de-culture\/\">Les plantes m\u00e9dicinales : d\u00e9finition, vertus et conseils de culture<\/a><\/li><\/ul><\/div>","protected":false},"excerpt":{"rendered":"","protected":false},"author":34,"featured_media":7499,"comment_status":"open","ping_status":"open","sticky":false,"template":"","format":"standard","meta":{"_acf_changed":false,"manual_indexmenow":false,"indexmenow_id_project":0,"footnotes":""},"categories":[4520],"tags":[],"class_list":["post-7498","post","type-post","status-publish","format-standard","has-post-thumbnail","hentry","category-identification-des-plantes","generate-columns","tablet-grid-50","mobile-grid-100","grid-parent","grid-25"],"acf":[],"yoast_head":"<!-- This site is optimized with the Yoast SEO Premium plugin v21.3 (Yoast SEO v25.6) - https:\/\/yoast.com\/wordpress\/plugins\/seo\/ -->\n<title>Botanique aujourd&#039;hui : relever les d\u00e9fis contemporains<\/title>\n<meta name=\"description\" content=\"Les d\u00e9fis contemporains de la botanique : pr\u00e9servation de la biodiversit\u00e9, changement climatique et transmission des savoirs sur les plantes.\" \/>\n<meta name=\"robots\" content=\"index, follow, max-snippet:-1, max-image-preview:large, max-video-preview:-1\" \/>\n<link rel=\"canonical\" href=\"https:\/\/herberiedelatille.fr\/blog\/identification-des-plantes\/les-defis-contemporains-de-la-botanique\/\" \/>\n<meta property=\"og:locale\" content=\"fr_FR\" \/>\n<meta property=\"og:type\" content=\"article\" \/>\n<meta property=\"og:title\" content=\"Botanique aujourd&#039;hui : relever les d\u00e9fis contemporains\" \/>\n<meta property=\"og:description\" content=\"Les d\u00e9fis contemporains de la botanique : pr\u00e9servation de la biodiversit\u00e9, changement climatique et transmission des savoirs sur les plantes.\" \/>\n<meta property=\"og:url\" content=\"https:\/\/herberiedelatille.fr\/blog\/identification-des-plantes\/les-defis-contemporains-de-la-botanique\/\" \/>\n<meta property=\"og:site_name\" content=\"Herberie de la Tille\" \/>\n<meta property=\"og:image\" content=\"https:\/\/herberiedelatille.fr\/blog\/wp-content\/uploads\/2025\/05\/sdxl-8c42433c3561d502c92560a929db4175-scaled.png\" \/>\n\t<meta property=\"og:image:width\" content=\"1200\" \/>\n\t<meta property=\"og:image:height\" content=\"500\" \/>\n\t<meta property=\"og:image:type\" content=\"image\/png\" \/>\n<meta name=\"author\" content=\"Julien Prigent\" \/>\n<meta name=\"twitter:card\" content=\"summary_large_image\" \/>\n<script type=\"application\/ld+json\" class=\"yoast-schema-graph\">{\"@context\":\"https:\/\/schema.org\",\"@graph\":[{\"@type\":\"NewsArticle\",\"@id\":\"https:\/\/herberiedelatille.fr\/blog\/identification-des-plantes\/les-defis-contemporains-de-la-botanique\/#article\",\"isPartOf\":{\"@id\":\"https:\/\/herberiedelatille.fr\/blog\/identification-des-plantes\/les-defis-contemporains-de-la-botanique\/\"},\"author\":{\"name\":\"Julien Prigent\",\"@id\":\"https:\/\/herberiedelatille.fr\/blog\/#\/schema\/person\/3c864cdc320801e3db34b663e7e3f816\"},\"headline\":\"Les d\u00e9fis contemporains de la botanique\",\"datePublished\":\"2025-05-23T07:45:51+00:00\",\"mainEntityOfPage\":{\"@id\":\"https:\/\/herberiedelatille.fr\/blog\/identification-des-plantes\/les-defis-contemporains-de-la-botanique\/\"},\"wordCount\":1256,\"commentCount\":0,\"publisher\":{\"@id\":\"https:\/\/herberiedelatille.fr\/blog\/#organization\"},\"image\":{\"@id\":\"https:\/\/herberiedelatille.fr\/blog\/identification-des-plantes\/les-defis-contemporains-de-la-botanique\/#primaryimage\"},\"thumbnailUrl\":\"https:\/\/herberiedelatille.fr\/blog\/wp-content\/uploads\/2025\/05\/sdxl-8c42433c3561d502c92560a929db4175-scaled.png\",\"articleSection\":[\"Identification des Plantes\"],\"inLanguage\":\"fr-FR\",\"potentialAction\":[{\"@type\":\"CommentAction\",\"name\":\"Comment\",\"target\":[\"https:\/\/herberiedelatille.fr\/blog\/identification-des-plantes\/les-defis-contemporains-de-la-botanique\/#respond\"]}]},{\"@type\":\"WebPage\",\"@id\":\"https:\/\/herberiedelatille.fr\/blog\/identification-des-plantes\/les-defis-contemporains-de-la-botanique\/\",\"url\":\"https:\/\/herberiedelatille.fr\/blog\/identification-des-plantes\/les-defis-contemporains-de-la-botanique\/\",\"name\":\"Botanique aujourd'hui : relever les d\u00e9fis contemporains\",\"isPartOf\":{\"@id\":\"https:\/\/herberiedelatille.fr\/blog\/#website\"},\"primaryImageOfPage\":{\"@id\":\"https:\/\/herberiedelatille.fr\/blog\/identification-des-plantes\/les-defis-contemporains-de-la-botanique\/#primaryimage\"},\"image\":{\"@id\":\"https:\/\/herberiedelatille.fr\/blog\/identification-des-plantes\/les-defis-contemporains-de-la-botanique\/#primaryimage\"},\"thumbnailUrl\":\"https:\/\/herberiedelatille.fr\/blog\/wp-content\/uploads\/2025\/05\/sdxl-8c42433c3561d502c92560a929db4175-scaled.png\",\"datePublished\":\"2025-05-23T07:45:51+00:00\",\"description\":\"Les d\u00e9fis contemporains de la botanique : pr\u00e9servation de la biodiversit\u00e9, changement climatique et transmission des savoirs sur les plantes.\",\"inLanguage\":\"fr-FR\",\"potentialAction\":[{\"@type\":\"ReadAction\",\"target\":[\"https:\/\/herberiedelatille.fr\/blog\/identification-des-plantes\/les-defis-contemporains-de-la-botanique\/\"]}]},{\"@type\":\"ImageObject\",\"inLanguage\":\"fr-FR\",\"@id\":\"https:\/\/herberiedelatille.fr\/blog\/identification-des-plantes\/les-defis-contemporains-de-la-botanique\/#primaryimage\",\"url\":\"https:\/\/herberiedelatille.fr\/blog\/wp-content\/uploads\/2025\/05\/sdxl-8c42433c3561d502c92560a929db4175-scaled.png\",\"contentUrl\":\"https:\/\/herberiedelatille.fr\/blog\/wp-content\/uploads\/2025\/05\/sdxl-8c42433c3561d502c92560a929db4175-scaled.png\",\"width\":1200,\"height\":500},{\"@type\":\"WebSite\",\"@id\":\"https:\/\/herberiedelatille.fr\/blog\/#website\",\"url\":\"https:\/\/herberiedelatille.fr\/blog\/\",\"name\":\"Herberie de la Tille\",\"description\":\"Le m\u00e9dia de la botanique pratique \u2014 plantes, herboristerie, identification\",\"publisher\":{\"@id\":\"https:\/\/herberiedelatille.fr\/blog\/#organization\"},\"alternateName\":\"Herberie de la Tille\",\"potentialAction\":[{\"@type\":\"SearchAction\",\"target\":{\"@type\":\"EntryPoint\",\"urlTemplate\":\"https:\/\/herberiedelatille.fr\/blog\/?s={search_term_string}\"},\"query-input\":{\"@type\":\"PropertyValueSpecification\",\"valueRequired\":true,\"valueName\":\"search_term_string\"}}],\"inLanguage\":\"fr-FR\"},{\"@type\":\"Organization\",\"@id\":\"https:\/\/herberiedelatille.fr\/blog\/#organization\",\"name\":\"Herberie de la Tille\",\"url\":\"https:\/\/herberiedelatille.fr\/blog\/\",\"logo\":{\"@type\":\"ImageObject\",\"inLanguage\":\"fr-FR\",\"@id\":\"https:\/\/herberiedelatille.fr\/blog\/#\/schema\/logo\/image\/\",\"url\":\"https:\/\/herberiedelatille.fr\/blog\/wp-content\/uploads\/2024\/12\/herberiedelatille.png\",\"contentUrl\":\"https:\/\/herberiedelatille.fr\/blog\/wp-content\/uploads\/2024\/12\/herberiedelatille.png\",\"width\":500,\"height\":500,\"caption\":\"Herberie de la Tille\"},\"image\":{\"@id\":\"https:\/\/herberiedelatille.fr\/blog\/#\/schema\/logo\/image\/\"}},{\"@type\":\"Person\",\"@id\":\"https:\/\/herberiedelatille.fr\/blog\/#\/schema\/person\/3c864cdc320801e3db34b663e7e3f816\",\"name\":\"Julien Prigent\",\"image\":{\"@type\":\"ImageObject\",\"inLanguage\":\"fr-FR\",\"@id\":\"https:\/\/herberiedelatille.fr\/blog\/#\/schema\/person\/image\/\",\"url\":\"https:\/\/herberiedelatille.fr\/blog\/wp-content\/uploads\/2026\/06\/persona_julien-p-96x96.jpg\",\"contentUrl\":\"https:\/\/herberiedelatille.fr\/blog\/wp-content\/uploads\/2026\/06\/persona_julien-p-96x96.jpg\",\"caption\":\"Julien Prigent\"},\"description\":\"Bricoleur et jardinier dans l'\u00e2me, j'\u00e9cris sur la maison et ses ext\u00e9rieurs avec les mains dans le cambouis plus que dans les th\u00e9ories. Mon terrain couvre tout l'habitat : le potager et le jardin au fil des saisons, mais aussi les petits travaux, la r\u00e9novation, le bricolage et les m\u00e9tiers du b\u00e2timent \u2014 toiture, isolation, menuiserie, serrurerie, ma\u00e7onnerie. J'aime expliquer un geste technique simplement, donner des fourchettes de prix r\u00e9alistes et les bons crit\u00e8res pour choisir un mat\u00e9riau ou un artisan. Je teste ce que je peux sur mes propres chantiers et au jardin avant d'en parler, je distingue la tradition de ce que confirme l'observation, et je pr\u00e9cise toujours le contexte \u2014 climat, type de sol, configuration du logement \u2014 parce qu'un m\u00eame conseil ne vaut pas partout. Mon but : rendre l'entretien et l'am\u00e9lioration de la maison accessibles, durables et \u00e9conomes.\",\"sameAs\":[\"https:\/\/julienprigent.fr\/\"],\"url\":\"https:\/\/herberiedelatille.fr\/blog\/auteur\/julien-p\/\"}]}<\/script>\n<!-- \/ Yoast SEO Premium plugin. -->","yoast_head_json":{"title":"Botanique aujourd'hui : relever les d\u00e9fis contemporains","description":"Les d\u00e9fis contemporains de la botanique : pr\u00e9servation de la biodiversit\u00e9, changement climatique et transmission des savoirs sur les plantes.","robots":{"index":"index","follow":"follow","max-snippet":"max-snippet:-1","max-image-preview":"max-image-preview:large","max-video-preview":"max-video-preview:-1"},"canonical":"https:\/\/herberiedelatille.fr\/blog\/identification-des-plantes\/les-defis-contemporains-de-la-botanique\/","og_locale":"fr_FR","og_type":"article","og_title":"Botanique aujourd'hui : relever les d\u00e9fis contemporains","og_description":"Les d\u00e9fis contemporains de la botanique : pr\u00e9servation de la biodiversit\u00e9, changement climatique et transmission des savoirs sur les plantes.","og_url":"https:\/\/herberiedelatille.fr\/blog\/identification-des-plantes\/les-defis-contemporains-de-la-botanique\/","og_site_name":"Herberie de la Tille","og_image":[{"width":1200,"height":500,"url":"https:\/\/herberiedelatille.fr\/blog\/wp-content\/uploads\/2025\/05\/sdxl-8c42433c3561d502c92560a929db4175-scaled.png","type":"image\/png"}],"author":"Julien Prigent","twitter_card":"summary_large_image","schema":{"@context":"https:\/\/schema.org","@graph":[{"@type":"NewsArticle","@id":"https:\/\/herberiedelatille.fr\/blog\/identification-des-plantes\/les-defis-contemporains-de-la-botanique\/#article","isPartOf":{"@id":"https:\/\/herberiedelatille.fr\/blog\/identification-des-plantes\/les-defis-contemporains-de-la-botanique\/"},"author":{"name":"Julien Prigent","@id":"https:\/\/herberiedelatille.fr\/blog\/#\/schema\/person\/3c864cdc320801e3db34b663e7e3f816"},"headline":"Les d\u00e9fis contemporains de la botanique","datePublished":"2025-05-23T07:45:51+00:00","mainEntityOfPage":{"@id":"https:\/\/herberiedelatille.fr\/blog\/identification-des-plantes\/les-defis-contemporains-de-la-botanique\/"},"wordCount":1256,"commentCount":0,"publisher":{"@id":"https:\/\/herberiedelatille.fr\/blog\/#organization"},"image":{"@id":"https:\/\/herberiedelatille.fr\/blog\/identification-des-plantes\/les-defis-contemporains-de-la-botanique\/#primaryimage"},"thumbnailUrl":"https:\/\/herberiedelatille.fr\/blog\/wp-content\/uploads\/2025\/05\/sdxl-8c42433c3561d502c92560a929db4175-scaled.png","articleSection":["Identification des Plantes"],"inLanguage":"fr-FR","potentialAction":[{"@type":"CommentAction","name":"Comment","target":["https:\/\/herberiedelatille.fr\/blog\/identification-des-plantes\/les-defis-contemporains-de-la-botanique\/#respond"]}]},{"@type":"WebPage","@id":"https:\/\/herberiedelatille.fr\/blog\/identification-des-plantes\/les-defis-contemporains-de-la-botanique\/","url":"https:\/\/herberiedelatille.fr\/blog\/identification-des-plantes\/les-defis-contemporains-de-la-botanique\/","name":"Botanique aujourd'hui : relever les d\u00e9fis contemporains","isPartOf":{"@id":"https:\/\/herberiedelatille.fr\/blog\/#website"},"primaryImageOfPage":{"@id":"https:\/\/herberiedelatille.fr\/blog\/identification-des-plantes\/les-defis-contemporains-de-la-botanique\/#primaryimage"},"image":{"@id":"https:\/\/herberiedelatille.fr\/blog\/identification-des-plantes\/les-defis-contemporains-de-la-botanique\/#primaryimage"},"thumbnailUrl":"https:\/\/herberiedelatille.fr\/blog\/wp-content\/uploads\/2025\/05\/sdxl-8c42433c3561d502c92560a929db4175-scaled.png","datePublished":"2025-05-23T07:45:51+00:00","description":"Les d\u00e9fis contemporains de la botanique : pr\u00e9servation de la biodiversit\u00e9, changement climatique et transmission des savoirs sur les plantes.","inLanguage":"fr-FR","potentialAction":[{"@type":"ReadAction","target":["https:\/\/herberiedelatille.fr\/blog\/identification-des-plantes\/les-defis-contemporains-de-la-botanique\/"]}]},{"@type":"ImageObject","inLanguage":"fr-FR","@id":"https:\/\/herberiedelatille.fr\/blog\/identification-des-plantes\/les-defis-contemporains-de-la-botanique\/#primaryimage","url":"https:\/\/herberiedelatille.fr\/blog\/wp-content\/uploads\/2025\/05\/sdxl-8c42433c3561d502c92560a929db4175-scaled.png","contentUrl":"https:\/\/herberiedelatille.fr\/blog\/wp-content\/uploads\/2025\/05\/sdxl-8c42433c3561d502c92560a929db4175-scaled.png","width":1200,"height":500},{"@type":"WebSite","@id":"https:\/\/herberiedelatille.fr\/blog\/#website","url":"https:\/\/herberiedelatille.fr\/blog\/","name":"Herberie de la Tille","description":"Le m\u00e9dia de la botanique pratique \u2014 plantes, herboristerie, identification","publisher":{"@id":"https:\/\/herberiedelatille.fr\/blog\/#organization"},"alternateName":"Herberie de la Tille","potentialAction":[{"@type":"SearchAction","target":{"@type":"EntryPoint","urlTemplate":"https:\/\/herberiedelatille.fr\/blog\/?s={search_term_string}"},"query-input":{"@type":"PropertyValueSpecification","valueRequired":true,"valueName":"search_term_string"}}],"inLanguage":"fr-FR"},{"@type":"Organization","@id":"https:\/\/herberiedelatille.fr\/blog\/#organization","name":"Herberie de la Tille","url":"https:\/\/herberiedelatille.fr\/blog\/","logo":{"@type":"ImageObject","inLanguage":"fr-FR","@id":"https:\/\/herberiedelatille.fr\/blog\/#\/schema\/logo\/image\/","url":"https:\/\/herberiedelatille.fr\/blog\/wp-content\/uploads\/2024\/12\/herberiedelatille.png","contentUrl":"https:\/\/herberiedelatille.fr\/blog\/wp-content\/uploads\/2024\/12\/herberiedelatille.png","width":500,"height":500,"caption":"Herberie de la Tille"},"image":{"@id":"https:\/\/herberiedelatille.fr\/blog\/#\/schema\/logo\/image\/"}},{"@type":"Person","@id":"https:\/\/herberiedelatille.fr\/blog\/#\/schema\/person\/3c864cdc320801e3db34b663e7e3f816","name":"Julien Prigent","image":{"@type":"ImageObject","inLanguage":"fr-FR","@id":"https:\/\/herberiedelatille.fr\/blog\/#\/schema\/person\/image\/","url":"https:\/\/herberiedelatille.fr\/blog\/wp-content\/uploads\/2026\/06\/persona_julien-p-96x96.jpg","contentUrl":"https:\/\/herberiedelatille.fr\/blog\/wp-content\/uploads\/2026\/06\/persona_julien-p-96x96.jpg","caption":"Julien Prigent"},"description":"Bricoleur et jardinier dans l'\u00e2me, j'\u00e9cris sur la maison et ses ext\u00e9rieurs avec les mains dans le cambouis plus que dans les th\u00e9ories. Mon terrain couvre tout l'habitat : le potager et le jardin au fil des saisons, mais aussi les petits travaux, la r\u00e9novation, le bricolage et les m\u00e9tiers du b\u00e2timent \u2014 toiture, isolation, menuiserie, serrurerie, ma\u00e7onnerie. J'aime expliquer un geste technique simplement, donner des fourchettes de prix r\u00e9alistes et les bons crit\u00e8res pour choisir un mat\u00e9riau ou un artisan. Je teste ce que je peux sur mes propres chantiers et au jardin avant d'en parler, je distingue la tradition de ce que confirme l'observation, et je pr\u00e9cise toujours le contexte \u2014 climat, type de sol, configuration du logement \u2014 parce qu'un m\u00eame conseil ne vaut pas partout. Mon but : rendre l'entretien et l'am\u00e9lioration de la maison accessibles, durables et \u00e9conomes.","sameAs":["https:\/\/julienprigent.fr\/"],"url":"https:\/\/herberiedelatille.fr\/blog\/auteur\/julien-p\/"}]}},"_links":{"self":[{"href":"https:\/\/herberiedelatille.fr\/blog\/wp-json\/wp\/v2\/posts\/7498","targetHints":{"allow":["GET"]}}],"collection":[{"href":"https:\/\/herberiedelatille.fr\/blog\/wp-json\/wp\/v2\/posts"}],"about":[{"href":"https:\/\/herberiedelatille.fr\/blog\/wp-json\/wp\/v2\/types\/post"}],"author":[{"embeddable":true,"href":"https:\/\/herberiedelatille.fr\/blog\/wp-json\/wp\/v2\/users\/34"}],"replies":[{"embeddable":true,"href":"https:\/\/herberiedelatille.fr\/blog\/wp-json\/wp\/v2\/comments?post=7498"}],"version-history":[{"count":0,"href":"https:\/\/herberiedelatille.fr\/blog\/wp-json\/wp\/v2\/posts\/7498\/revisions"}],"wp:featuredmedia":[{"embeddable":true,"href":"https:\/\/herberiedelatille.fr\/blog\/wp-json\/wp\/v2\/media\/7499"}],"wp:attachment":[{"href":"https:\/\/herberiedelatille.fr\/blog\/wp-json\/wp\/v2\/media?parent=7498"}],"wp:term":[{"taxonomy":"category","embeddable":true,"href":"https:\/\/herberiedelatille.fr\/blog\/wp-json\/wp\/v2\/categories?post=7498"},{"taxonomy":"post_tag","embeddable":true,"href":"https:\/\/herberiedelatille.fr\/blog\/wp-json\/wp\/v2\/tags?post=7498"}],"curies":[{"name":"wp","href":"https:\/\/api.w.org\/{rel}","templated":true}]}}