{"id":7504,"date":"2025-08-25T10:16:41","date_gmt":"2025-08-25T08:16:41","guid":{"rendered":"https:\/\/herberiedelatille.fr\/blog\/?p=7504"},"modified":"2025-07-27T10:22:02","modified_gmt":"2025-07-27T08:22:02","slug":"les-avantages-dune-formation-en-agriculture-durable","status":"publish","type":"post","link":"https:\/\/herberiedelatille.fr\/blog\/actualites\/les-avantages-dune-formation-en-agriculture-durable\/","title":{"rendered":"Les avantages d\u2019une formation en agriculture durable"},"content":{"rendered":"<p>Dans ce contexte, <strong>se former \u00e0 l\u2019agriculture durable<\/strong> ne rel\u00e8ve plus seulement d\u2019une d\u00e9marche volontaire : c\u2019est une n\u00e9cessit\u00e9 strat\u00e9gique pour quiconque souhaite s\u2019adapter, innover et cr\u00e9er de la valeur, tout en respectant l\u2019environnement. Interrogeons-nous : sommes-nous pr\u00eats \u00e0 <strong>apprivoiser ces nouveaux d\u00e9fis<\/strong> ? Quelles ambitions nourrissons-nous pour notre exploitation, notre territoire ou notre secteur d\u2019activit\u00e9 ? Cet article vous invite \u00e0 explorer, exemples \u00e0 l\u2019appui, les b\u00e9n\u00e9fices concrets d\u2019une <u>formation en agriculture durable<\/u>, au croisement de l\u2019exigence professionnelle et de la transition \u00e9cologique.<\/p>\n<h2>Adopter de nouvelles comp\u00e9tences pour relever les d\u00e9fis agricoles<\/h2>\n<p>Pour <strong>s\u2019adapter aux transformations du secteur agricole<\/strong>, il devient imp\u00e9ratif de <strong>se former continuellement<\/strong>. La transition \u00e9cologique s\u2019accompagne d\u2019innovations techniques majeures, de r\u00e9glementations exigeantes et d\u2019une attente soci\u00e9tale forte envers des pratiques agricoles durables. Ainsi, la <u>formation agriculture durable<\/u> offre un socle de comp\u00e9tences pour ma\u00eetriser les <strong>techniques modernes d\u2019agriculture<\/strong> (rotation des cultures, gestion raisonn\u00e9e des intrants, utilisation de l\u2019agroforesterie), int\u00e9grer la <strong>biodiversit\u00e9<\/strong> et renforcer la r\u00e9silience aux al\u00e9as climatiques.<\/p>\n<ul>\n<li><strong>Rester \u00e0 jour<\/strong> face \u00e0 l\u2019\u00e9volution des normes et outils technologiques<\/li>\n<li><strong>Anticiper les mutations du march\u00e9<\/strong>, notamment la demande en produits durables<\/li>\n<li><strong>D\u00e9velopper des comp\u00e9tences innovantes<\/strong> et transversales (gestion d\u2019entreprise, conseil agro-environnemental)<\/li>\n<\/ul>\n<p>Des <u>\u00e9tudes d\u00e9montrent<\/u> qu\u2019une <strong>formation continue<\/strong> am\u00e9liore la capacit\u00e9 d\u2019adaptation et la rapidit\u00e9 d\u2019int\u00e9gration des innovations sur les exploitations. \u00c0 titre d\u2019exemple, un producteur ayant suivi une formation certifiante en <strong>agriculture biologique<\/strong> est en mesure d\u2019acc\u00e9der \u00e0 des aides sp\u00e9cifiques, d\u2019\u00e9changer sur les forums professionnels et de valoriser ses productions aupr\u00e8s de nouvelles fili\u00e8res.<\/p>\n<h2>Optimiser la gestion de l\u2019exploitation gr\u00e2ce \u00e0 une formation cibl\u00e9e<\/h2>\n<p>La <strong>gestion d\u2019une exploitation agricole<\/strong> moderne n\u00e9cessite bien plus que la ma\u00eetrise des techniques culturales. Une <u>formation en gestion<\/u> et en <strong>planification strat\u00e9gique<\/strong> permet d\u2019optimiser l\u2019organisation, de renforcer la <strong>rentabilit\u00e9<\/strong> et de faciliter la <strong>prise de d\u00e9cision<\/strong>, particuli\u00e8rement en mati\u00e8re de gestion des ressources naturelles.<\/p>\n<ul>\n<li><strong>Gestion comptable<\/strong> et financi\u00e8re adapt\u00e9e au contexte de l\u2019agriculture durable<\/li>\n<li><strong>Optimisation des ressources<\/strong> (eau, sol, \u00e9nergie)<\/li>\n<li><strong>Planification des rotations de cultures<\/strong> pour maximiser la productivit\u00e9 et pr\u00e9server les sols<\/li>\n<\/ul>\n<p>Choisir de <a href=\"https:\/\/www.attelage-formation.fr\/\" target=\"_blank\" rel=\"noopener\"><strong>se former \u00e0 l\u2019agriculture bio<\/strong><\/a> offre l\u2019opportunit\u00e9 d\u2019acc\u00e9der \u00e0 des outils d\u2019aide \u00e0 la d\u00e9cision et \u00e0 des <u>pratiques \u00e9prouv\u00e9es de gestion<\/u>. De nombreux t\u00e9moignages d\u2019agriculteurs form\u00e9s attestent d\u2019une <strong>am\u00e9lioration de la gestion de l\u2019exploitation<\/strong> et d\u2019une r\u00e9duction des co\u00fbts par la rationalisation des intrants et des investissements.<\/p>\n<table style=\"border-collapse: collapse; margin: 20px 0;\" border=\"1\" cellpadding=\"6\">\n<tbody>\n<tr>\n<th><strong>Gestion traditionnelle<\/strong><\/th>\n<th><strong>Gestion apr\u00e8s formation durable<\/strong><\/th>\n<\/tr>\n<tr>\n<td>D\u00e9pendance aux intrants chimiques<br \/>\nPlanification saisonni\u00e8re limit\u00e9e<br \/>\nGestion financi\u00e8re empirique<\/td>\n<td><strong>R\u00e9duction des intrants<\/strong> par analyse des sols<br \/>\n<strong>Planification pluriannuelle<\/strong> (rotation, couverture)<br \/>\n<strong>Budget pr\u00e9visionnel optimis\u00e9<\/strong> et suivi r\u00e9gulier<\/td>\n<\/tr>\n<\/tbody>\n<\/table>\n<p>Cette mutation de la gestion favorise un pilotage plus pr\u00e9cis de l\u2019activit\u00e9, une meilleure anticipation des risques et une valorisation du capital naturel de l\u2019exploitation. En r\u00e9sultent une <u>meilleure comp\u00e9titivit\u00e9<\/u> et une <strong>p\u00e9rennit\u00e9 \u00e9conomique<\/strong>.<\/p>\n<h2>Stimuler la performance \u00e9conomique des producteurs<\/h2>\n<p>L\u2019une des principales raisons de suivre une <strong>formation en agriculture durable<\/strong> r\u00e9side dans l\u2019<u>am\u00e9lioration de la performance \u00e9conomique<\/u> des exploitants. Gr\u00e2ce \u00e0 l\u2019int\u00e9gration de <strong>pratiques agricoles durables<\/strong>, tels la <strong>rotation des cultures<\/strong>, l\u2019agroforesterie ou la r\u00e9duction des intrants chimiques, il est possible de booster la rentabilit\u00e9 tout en limitant les risques.<\/p>\n<ul>\n<li><strong>Hausse des rendements<\/strong> sur le long terme gr\u00e2ce \u00e0 la sant\u00e9 accrue des sols<\/li>\n<li><strong>Stabilit\u00e9 des revenus<\/strong> li\u00e9e \u00e0 la diversification des cultures et des d\u00e9bouch\u00e9s<\/li>\n<li><strong>Acc\u00e8s \u00e0 de nouveaux march\u00e9s<\/strong> (label bio, circuits courts, restauration collective)<\/li>\n<li><strong>Valorisation des productions<\/strong> par la certification (Agriculture Biologique, HVE\u2026)<\/li>\n<\/ul>\n<p>Selon une r\u00e9cente \u00e9tude sectorielle, 67% des agriculteurs form\u00e9s \u00e0 l\u2019agriculture durable d\u00e9clarent avoir vu leur marge brute progresser en 3 ans, notamment gr\u00e2ce \u00e0 la r\u00e9duction des charges d\u2019intrants et l\u2019optimisation de la main-d\u2019\u0153uvre. Nous pouvons affirmer que <u>l\u2019innovation en agriculture durable<\/u> est un facteur-cl\u00e9 pour p\u00e9renniser l\u2019activit\u00e9 dans un contexte concurrentiel et incertain.<\/p>\n<h2>Miser sur des pratiques respectueuses pour pr\u00e9server l\u2019environnement<\/h2>\n<p>Nous constatons que l\u2019<strong>impact environnemental de l\u2019agriculture<\/strong> est aujourd&rsquo;hui au c\u0153ur des pr\u00e9occupations soci\u00e9tales. Se former \u00e0 l\u2019<strong>agriculture durable<\/strong>, c\u2019est apprendre \u00e0 utiliser des <strong>pratiques agricoles durables<\/strong> permettant la <u>pr\u00e9servation des ressources naturelles<\/u> :<\/p>\n<ul>\n<li><strong>Am\u00e9lioration de la sant\u00e9 des sols<\/strong> (rotation des cultures, couverts v\u00e9g\u00e9taux, limitation du labour)<\/li>\n<li><strong>Biodiversit\u00e9 et agriculture<\/strong> : int\u00e9gration de haies, diversification floristique, refuges pour la faune<\/li>\n<li><strong>Gestion raisonn\u00e9e de l\u2019eau<\/strong> : optimisation de l\u2019irrigation, r\u00e9duction des pertes<\/li>\n<li><strong>Lutte contre l\u2019\u00e9rosion<\/strong> et la pollution par la r\u00e9duction des produits phytosanitaires<\/li>\n<\/ul>\n<p>L\u2019adoption de ces techniques pr\u00e9vient durablement la d\u00e9gradation des sols et la contamination des nappes phr\u00e9atiques, tout en renfor\u00e7ant la r\u00e9silience de l\u2019exploitation face aux al\u00e9as climatiques. Un exemple marquant : apr\u00e8s une formation, une coop\u00e9rative c\u00e9r\u00e9ali\u00e8re a r\u00e9duit de 40% l\u2019usage des intrants chimiques, tout en maintenant la productivit\u00e9.<\/p>\n<h2>Renforcer l\u2019attractivit\u00e9 et la r\u00e9silience du monde rural<\/h2>\n<p>La formation en <strong>agriculture durable<\/strong> dynamise l\u2019\u00e9conomie locale et favorise le d\u00e9veloppement des <u>territoires ruraux<\/u>. En investissant dans les comp\u00e9tences, nous contribuons \u00e0 la cr\u00e9ation d\u2019emplois durables, \u00e0 la <strong>transmission interg\u00e9n\u00e9rationnelle des savoir-faire<\/strong> et \u00e0 l\u2019accueil de nouveaux profils, y compris ceux en reconversion.<\/p>\n<ul>\n<li><strong>Cr\u00e9ation d\u2019emplois ancr\u00e9s localement<\/strong> (transformation, vente directe, conseil technique)<\/li>\n<li><strong>Animation et vitalisation du territoire<\/strong> par des projets collectifs (associations, fili\u00e8res de proximit\u00e9)<\/li>\n<li><strong>Adaptation au changement climatique<\/strong> gr\u00e2ce au partage d\u2019exp\u00e9riences et \u00e0 l\u2019innovation sociale<\/li>\n<li><strong>Valorisation de l\u2019agriculture locale<\/strong> et circuits courts<\/li>\n<\/ul>\n<p>Cette dynamique rejaillit sur l\u2019ensemble du tissu rural : l\u2019installation de jeunes, la p\u00e9rennisation des exploitations familiales, et le d\u00e9veloppement de communaut\u00e9s d\u2019apprenants cr\u00e9ent une v\u00e9ritable synergie. Le <u>march\u00e9 des produits durables<\/u> attire aussi de nouveaux consommateurs, renfor\u00e7ant ainsi le lien social et la r\u00e9silience collective.<\/p>\n<h2>Vers un \u00e9panouissement professionnel et personnel<\/h2>\n<p>Se former en <strong>agriculture durable<\/strong>, c\u2019est aussi prendre le temps d\u2019un <u>parcours enrichissant pour soi<\/u>. En d\u00e9veloppant de <strong>comp\u00e9tences agro-environnementales<\/strong>, les producteurs acqui\u00e8rent plus d\u2019autonomie et de confiance.<\/p>\n<ul>\n<li><strong>Autonomie dans les d\u00e9cisions et choix techniques<\/strong><\/li>\n<li><strong>Multiplication des opportunit\u00e9s d\u2019innovation<\/strong><\/li>\n<li><strong>Renforcement du r\u00e9seau professionnel<\/strong> (partage de bonnes pratiques, communaut\u00e9s d\u2019apprentissage)<\/li>\n<li><strong>Valorisation du m\u00e9tier d\u2019agriculteur-trice<\/strong> aupr\u00e8s des acteurs du territoire<\/li>\n<li><strong>Satisfaction personnelle<\/strong> face \u00e0 la contribution sociale et environnementale<\/li>\n<\/ul>\n<p>\u00c0 travers une mont\u00e9e en comp\u00e9tences, nombre d\u2019agriculteurs t\u00e9moignent d&rsquo;une <u>red\u00e9couverte de leur m\u00e9tier<\/u> et d\u2019un nouveau rapport au vivant. La formation n\u2019est pas une contrainte, mais une <strong>source de fiert\u00e9<\/strong> et de <strong>stimulation intellectuelle<\/strong>. Elle favorise l\u2019ouverture sur l\u2019innovation, tant technique qu\u2019organisationnelle, et permet de repenser sa trajectoire professionnelle \u00e0 chaque \u00e9tape de la vie.<\/p>\n<h2>Se former : modalit\u00e9s, parcours et r\u00e9seaux<\/h2>\n<p>Les <strong>modalit\u00e9s de formation en agriculture durable<\/strong> sont multiples, adapt\u00e9es \u00e0 tous les profils : jeunes, porteurs de projets, exploitants en reconversion ou en perfectionnement. Nous disposons aujourd\u2019hui :<\/p>\n<ul>\n<li>De <strong>dipl\u00f4mes et certifications<\/strong> sp\u00e9cialis\u00e9s (BPREA, BTSA, CQP\u2026)<\/li>\n<li>De <strong>formations continues<\/strong> \u00e0 distance ou en pr\u00e9sentiel, modules courts ou longs, ateliers pratiques<\/li>\n<li>De r\u00e9seaux professionnels et communaut\u00e9s d\u2019apprentissage pour favoriser le partage (groupes d\u2019innovation, r\u00e9seaux sociaux agricoles)<\/li>\n<li>De <strong>partenariats<\/strong> avec les \u00e9tablissements d\u2019enseignement, chambres d\u2019agriculture, organismes de formation<\/li>\n<\/ul>\n<p>Pour b\u00e2tir un parcours r\u00e9silient et s\u2019ins\u00e9rer dans un secteur porteur, il est recommand\u00e9 de <u>multiplier les \u00e9changes<\/u> \u2013 salons professionnels, visites de fermes, stages chez des exploitants pionniers \u2013 et de consulter r\u00e9guli\u00e8rement l\u2019offre de formations sp\u00e9cialis\u00e9es. Nous conseillons \u00e9galement l\u2019implication dans des <strong>r\u00e9seaux d\u2019apprentissage<\/strong> qui jouent un r\u00f4le moteur dans la <u>diffusion des innovations<\/u> et l\u2019accompagnement individuel.<\/p>\n<h2>Mythes vs R\u00e9alit\u00e9s : la formation en agriculture durable<\/h2>\n<table style=\"border-collapse: collapse; margin: 20px 0;\" border=\"1\" cellpadding=\"6\">\n<tbody>\n<tr>\n<th><strong>Mythes<\/strong><\/th>\n<th><strong>R\u00e9alit\u00e9s<\/strong><\/th>\n<\/tr>\n<tr>\n<td>\u00ab La formation est r\u00e9serv\u00e9e aux jeunes \u00bb<\/td>\n<td>Accessible \u00e0 tous profils, en continu tout au long de la vie<\/td>\n<\/tr>\n<tr>\n<td>\u00ab Les techniques durables r\u00e9duisent la rentabilit\u00e9 \u00bb<\/td>\n<td>Les formations permettent d\u2019augmenter la performance \u00e9conomique sur le long terme<\/td>\n<\/tr>\n<tr>\n<td>\u00ab Le secteur manque de d\u00e9bouch\u00e9s \u00bb<\/td>\n<td>La transition \u00e9cologique g\u00e9n\u00e8re de nouveaux emplois, labels et march\u00e9s<\/td>\n<\/tr>\n<tr>\n<td>\u00ab Les nouveaux savoirs sont difficiles \u00e0 assimiler \u00bb<\/td>\n<td>Les parcours sont modulables et int\u00e8grent de nombreuses mises en pratique<\/td>\n<\/tr>\n<\/tbody>\n<\/table>\n<h2>Conclusion : investir dans la formation en agriculture durable, un choix d\u2019avenir<\/h2>\n<p>Dans un contexte de <strong>changement climatique<\/strong>, de pression sur les ressources et de bouleversement des attentes soci\u00e9tales, <u>investir dans la formation agricole durable<\/u> est un choix strat\u00e9gique, porteur d\u2019opportunit\u00e9s et de sens. Nous invitons chaque acteur du secteur \u00e0 se saisir des multiples avantages offerts par la <strong>formation continue en agriculture<\/strong> pour s\u00e9curiser son avenir professionnel et contribuer \u00e0 la construction d\u2019un mod\u00e8le agricole plus <u>r\u00e9silient, innovant et \u00e9thique<\/u>. L\u2019\u00e9volution vers des <strong>pratiques agricoles durables<\/strong> est d\u00e9sormais la clef d\u2019une agriculture comp\u00e9titive, dynamique, et respectueuse de la plan\u00e8te.<\/p>\n","protected":false},"excerpt":{"rendered":"","protected":false},"author":34,"featured_media":7506,"comment_status":"open","ping_status":"open","sticky":false,"template":"","format":"standard","meta":{"_acf_changed":false,"manual_indexmenow":false,"indexmenow_id_project":0,"footnotes":""},"categories":[4615],"tags":[],"class_list":["post-7504","post","type-post","status-publish","format-standard","has-post-thumbnail","hentry","category-actualites","generate-columns","tablet-grid-50","mobile-grid-100","grid-parent","grid-25"],"acf":[],"yoast_head":"<!-- This site is optimized with the Yoast SEO Premium plugin v21.3 (Yoast SEO v25.6) - https:\/\/yoast.com\/wordpress\/plugins\/seo\/ -->\n<title>Les avantages d\u2019une formation en agriculture durable<\/title>\n<meta name=\"description\" content=\"Les avantages d&#039;une formation en agriculture durable : acqu\u00e9rir des pratiques respectueuses des sols, de l&#039;eau et de la biodiversit\u00e9.\" \/>\n<meta name=\"robots\" content=\"index, follow, max-snippet:-1, max-image-preview:large, max-video-preview:-1\" \/>\n<link rel=\"canonical\" href=\"https:\/\/herberiedelatille.fr\/blog\/actualites\/les-avantages-dune-formation-en-agriculture-durable\/\" \/>\n<meta property=\"og:locale\" content=\"fr_FR\" \/>\n<meta property=\"og:type\" content=\"article\" \/>\n<meta property=\"og:title\" content=\"Les avantages d\u2019une formation en agriculture durable\" \/>\n<meta property=\"og:description\" content=\"Les avantages d&#039;une formation en agriculture durable : acqu\u00e9rir des pratiques respectueuses des sols, de l&#039;eau et de la biodiversit\u00e9.\" \/>\n<meta property=\"og:url\" content=\"https:\/\/herberiedelatille.fr\/blog\/actualites\/les-avantages-dune-formation-en-agriculture-durable\/\" \/>\n<meta property=\"og:site_name\" content=\"Herberie de la Tille\" \/>\n<meta property=\"og:image\" content=\"https:\/\/herberiedelatille.fr\/blog\/wp-content\/uploads\/2025\/08\/sdxl-f767cfae907a0a98473accde53324def-scaled.png\" \/>\n\t<meta property=\"og:image:width\" content=\"1200\" \/>\n\t<meta property=\"og:image:height\" content=\"500\" \/>\n\t<meta property=\"og:image:type\" content=\"image\/png\" \/>\n<meta name=\"author\" content=\"Julien Prigent\" \/>\n<meta name=\"twitter:card\" content=\"summary_large_image\" \/>\n<script type=\"application\/ld+json\" class=\"yoast-schema-graph\">{\"@context\":\"https:\/\/schema.org\",\"@graph\":[{\"@type\":\"NewsArticle\",\"@id\":\"https:\/\/herberiedelatille.fr\/blog\/actualites\/les-avantages-dune-formation-en-agriculture-durable\/#article\",\"isPartOf\":{\"@id\":\"https:\/\/herberiedelatille.fr\/blog\/actualites\/les-avantages-dune-formation-en-agriculture-durable\/\"},\"author\":{\"name\":\"Julien Prigent\",\"@id\":\"https:\/\/herberiedelatille.fr\/blog\/#\/schema\/person\/3c864cdc320801e3db34b663e7e3f816\"},\"headline\":\"Les avantages d\u2019une formation en agriculture durable\",\"datePublished\":\"2025-08-25T08:16:41+00:00\",\"mainEntityOfPage\":{\"@id\":\"https:\/\/herberiedelatille.fr\/blog\/actualites\/les-avantages-dune-formation-en-agriculture-durable\/\"},\"wordCount\":1570,\"commentCount\":0,\"publisher\":{\"@id\":\"https:\/\/herberiedelatille.fr\/blog\/#organization\"},\"image\":{\"@id\":\"https:\/\/herberiedelatille.fr\/blog\/actualites\/les-avantages-dune-formation-en-agriculture-durable\/#primaryimage\"},\"thumbnailUrl\":\"https:\/\/herberiedelatille.fr\/blog\/wp-content\/uploads\/2025\/08\/sdxl-f767cfae907a0a98473accde53324def-scaled.png\",\"articleSection\":[\"Actualit\u00e9s\"],\"inLanguage\":\"fr-FR\",\"potentialAction\":[{\"@type\":\"CommentAction\",\"name\":\"Comment\",\"target\":[\"https:\/\/herberiedelatille.fr\/blog\/actualites\/les-avantages-dune-formation-en-agriculture-durable\/#respond\"]}]},{\"@type\":\"WebPage\",\"@id\":\"https:\/\/herberiedelatille.fr\/blog\/actualites\/les-avantages-dune-formation-en-agriculture-durable\/\",\"url\":\"https:\/\/herberiedelatille.fr\/blog\/actualites\/les-avantages-dune-formation-en-agriculture-durable\/\",\"name\":\"Les avantages d\u2019une formation en agriculture durable\",\"isPartOf\":{\"@id\":\"https:\/\/herberiedelatille.fr\/blog\/#website\"},\"primaryImageOfPage\":{\"@id\":\"https:\/\/herberiedelatille.fr\/blog\/actualites\/les-avantages-dune-formation-en-agriculture-durable\/#primaryimage\"},\"image\":{\"@id\":\"https:\/\/herberiedelatille.fr\/blog\/actualites\/les-avantages-dune-formation-en-agriculture-durable\/#primaryimage\"},\"thumbnailUrl\":\"https:\/\/herberiedelatille.fr\/blog\/wp-content\/uploads\/2025\/08\/sdxl-f767cfae907a0a98473accde53324def-scaled.png\",\"datePublished\":\"2025-08-25T08:16:41+00:00\",\"description\":\"Les avantages d'une formation en agriculture durable : acqu\u00e9rir des pratiques respectueuses des sols, de l'eau et de la biodiversit\u00e9.\",\"inLanguage\":\"fr-FR\",\"potentialAction\":[{\"@type\":\"ReadAction\",\"target\":[\"https:\/\/herberiedelatille.fr\/blog\/actualites\/les-avantages-dune-formation-en-agriculture-durable\/\"]}]},{\"@type\":\"ImageObject\",\"inLanguage\":\"fr-FR\",\"@id\":\"https:\/\/herberiedelatille.fr\/blog\/actualites\/les-avantages-dune-formation-en-agriculture-durable\/#primaryimage\",\"url\":\"https:\/\/herberiedelatille.fr\/blog\/wp-content\/uploads\/2025\/08\/sdxl-f767cfae907a0a98473accde53324def-scaled.png\",\"contentUrl\":\"https:\/\/herberiedelatille.fr\/blog\/wp-content\/uploads\/2025\/08\/sdxl-f767cfae907a0a98473accde53324def-scaled.png\",\"width\":1200,\"height\":500},{\"@type\":\"WebSite\",\"@id\":\"https:\/\/herberiedelatille.fr\/blog\/#website\",\"url\":\"https:\/\/herberiedelatille.fr\/blog\/\",\"name\":\"Herberie de la Tille\",\"description\":\"Le m\u00e9dia de la botanique pratique \u2014 plantes, herboristerie, identification\",\"publisher\":{\"@id\":\"https:\/\/herberiedelatille.fr\/blog\/#organization\"},\"alternateName\":\"Herberie de la Tille\",\"potentialAction\":[{\"@type\":\"SearchAction\",\"target\":{\"@type\":\"EntryPoint\",\"urlTemplate\":\"https:\/\/herberiedelatille.fr\/blog\/?s={search_term_string}\"},\"query-input\":{\"@type\":\"PropertyValueSpecification\",\"valueRequired\":true,\"valueName\":\"search_term_string\"}}],\"inLanguage\":\"fr-FR\"},{\"@type\":\"Organization\",\"@id\":\"https:\/\/herberiedelatille.fr\/blog\/#organization\",\"name\":\"Herberie de la Tille\",\"url\":\"https:\/\/herberiedelatille.fr\/blog\/\",\"logo\":{\"@type\":\"ImageObject\",\"inLanguage\":\"fr-FR\",\"@id\":\"https:\/\/herberiedelatille.fr\/blog\/#\/schema\/logo\/image\/\",\"url\":\"https:\/\/herberiedelatille.fr\/blog\/wp-content\/uploads\/2024\/12\/herberiedelatille.png\",\"contentUrl\":\"https:\/\/herberiedelatille.fr\/blog\/wp-content\/uploads\/2024\/12\/herberiedelatille.png\",\"width\":500,\"height\":500,\"caption\":\"Herberie de la Tille\"},\"image\":{\"@id\":\"https:\/\/herberiedelatille.fr\/blog\/#\/schema\/logo\/image\/\"}},{\"@type\":\"Person\",\"@id\":\"https:\/\/herberiedelatille.fr\/blog\/#\/schema\/person\/3c864cdc320801e3db34b663e7e3f816\",\"name\":\"Julien Prigent\",\"image\":{\"@type\":\"ImageObject\",\"inLanguage\":\"fr-FR\",\"@id\":\"https:\/\/herberiedelatille.fr\/blog\/#\/schema\/person\/image\/\",\"url\":\"https:\/\/herberiedelatille.fr\/blog\/wp-content\/uploads\/2026\/06\/persona_julien-p-96x96.jpg\",\"contentUrl\":\"https:\/\/herberiedelatille.fr\/blog\/wp-content\/uploads\/2026\/06\/persona_julien-p-96x96.jpg\",\"caption\":\"Julien Prigent\"},\"description\":\"Bricoleur et jardinier dans l'\u00e2me, j'\u00e9cris sur la maison et ses ext\u00e9rieurs avec les mains dans le cambouis plus que dans les th\u00e9ories. Mon terrain couvre tout l'habitat : le potager et le jardin au fil des saisons, mais aussi les petits travaux, la r\u00e9novation, le bricolage et les m\u00e9tiers du b\u00e2timent \u2014 toiture, isolation, menuiserie, serrurerie, ma\u00e7onnerie. J'aime expliquer un geste technique simplement, donner des fourchettes de prix r\u00e9alistes et les bons crit\u00e8res pour choisir un mat\u00e9riau ou un artisan. Je teste ce que je peux sur mes propres chantiers et au jardin avant d'en parler, je distingue la tradition de ce que confirme l'observation, et je pr\u00e9cise toujours le contexte \u2014 climat, type de sol, configuration du logement \u2014 parce qu'un m\u00eame conseil ne vaut pas partout. Mon but : rendre l'entretien et l'am\u00e9lioration de la maison accessibles, durables et \u00e9conomes.\",\"sameAs\":[\"https:\/\/julienprigent.fr\/\"],\"url\":\"https:\/\/herberiedelatille.fr\/blog\/auteur\/julien-p\/\"}]}<\/script>\n<!-- \/ Yoast SEO Premium plugin. -->","yoast_head_json":{"title":"Les avantages d\u2019une formation en agriculture durable","description":"Les avantages d'une formation en agriculture durable : acqu\u00e9rir des pratiques respectueuses des sols, de l'eau et de la biodiversit\u00e9.","robots":{"index":"index","follow":"follow","max-snippet":"max-snippet:-1","max-image-preview":"max-image-preview:large","max-video-preview":"max-video-preview:-1"},"canonical":"https:\/\/herberiedelatille.fr\/blog\/actualites\/les-avantages-dune-formation-en-agriculture-durable\/","og_locale":"fr_FR","og_type":"article","og_title":"Les avantages d\u2019une formation en agriculture durable","og_description":"Les avantages d'une formation en agriculture durable : acqu\u00e9rir des pratiques respectueuses des sols, de l'eau et de la biodiversit\u00e9.","og_url":"https:\/\/herberiedelatille.fr\/blog\/actualites\/les-avantages-dune-formation-en-agriculture-durable\/","og_site_name":"Herberie de la Tille","og_image":[{"width":1200,"height":500,"url":"https:\/\/herberiedelatille.fr\/blog\/wp-content\/uploads\/2025\/08\/sdxl-f767cfae907a0a98473accde53324def-scaled.png","type":"image\/png"}],"author":"Julien Prigent","twitter_card":"summary_large_image","schema":{"@context":"https:\/\/schema.org","@graph":[{"@type":"NewsArticle","@id":"https:\/\/herberiedelatille.fr\/blog\/actualites\/les-avantages-dune-formation-en-agriculture-durable\/#article","isPartOf":{"@id":"https:\/\/herberiedelatille.fr\/blog\/actualites\/les-avantages-dune-formation-en-agriculture-durable\/"},"author":{"name":"Julien Prigent","@id":"https:\/\/herberiedelatille.fr\/blog\/#\/schema\/person\/3c864cdc320801e3db34b663e7e3f816"},"headline":"Les avantages d\u2019une formation en agriculture durable","datePublished":"2025-08-25T08:16:41+00:00","mainEntityOfPage":{"@id":"https:\/\/herberiedelatille.fr\/blog\/actualites\/les-avantages-dune-formation-en-agriculture-durable\/"},"wordCount":1570,"commentCount":0,"publisher":{"@id":"https:\/\/herberiedelatille.fr\/blog\/#organization"},"image":{"@id":"https:\/\/herberiedelatille.fr\/blog\/actualites\/les-avantages-dune-formation-en-agriculture-durable\/#primaryimage"},"thumbnailUrl":"https:\/\/herberiedelatille.fr\/blog\/wp-content\/uploads\/2025\/08\/sdxl-f767cfae907a0a98473accde53324def-scaled.png","articleSection":["Actualit\u00e9s"],"inLanguage":"fr-FR","potentialAction":[{"@type":"CommentAction","name":"Comment","target":["https:\/\/herberiedelatille.fr\/blog\/actualites\/les-avantages-dune-formation-en-agriculture-durable\/#respond"]}]},{"@type":"WebPage","@id":"https:\/\/herberiedelatille.fr\/blog\/actualites\/les-avantages-dune-formation-en-agriculture-durable\/","url":"https:\/\/herberiedelatille.fr\/blog\/actualites\/les-avantages-dune-formation-en-agriculture-durable\/","name":"Les avantages d\u2019une formation en agriculture durable","isPartOf":{"@id":"https:\/\/herberiedelatille.fr\/blog\/#website"},"primaryImageOfPage":{"@id":"https:\/\/herberiedelatille.fr\/blog\/actualites\/les-avantages-dune-formation-en-agriculture-durable\/#primaryimage"},"image":{"@id":"https:\/\/herberiedelatille.fr\/blog\/actualites\/les-avantages-dune-formation-en-agriculture-durable\/#primaryimage"},"thumbnailUrl":"https:\/\/herberiedelatille.fr\/blog\/wp-content\/uploads\/2025\/08\/sdxl-f767cfae907a0a98473accde53324def-scaled.png","datePublished":"2025-08-25T08:16:41+00:00","description":"Les avantages d'une formation en agriculture durable : acqu\u00e9rir des pratiques respectueuses des sols, de l'eau et de la biodiversit\u00e9.","inLanguage":"fr-FR","potentialAction":[{"@type":"ReadAction","target":["https:\/\/herberiedelatille.fr\/blog\/actualites\/les-avantages-dune-formation-en-agriculture-durable\/"]}]},{"@type":"ImageObject","inLanguage":"fr-FR","@id":"https:\/\/herberiedelatille.fr\/blog\/actualites\/les-avantages-dune-formation-en-agriculture-durable\/#primaryimage","url":"https:\/\/herberiedelatille.fr\/blog\/wp-content\/uploads\/2025\/08\/sdxl-f767cfae907a0a98473accde53324def-scaled.png","contentUrl":"https:\/\/herberiedelatille.fr\/blog\/wp-content\/uploads\/2025\/08\/sdxl-f767cfae907a0a98473accde53324def-scaled.png","width":1200,"height":500},{"@type":"WebSite","@id":"https:\/\/herberiedelatille.fr\/blog\/#website","url":"https:\/\/herberiedelatille.fr\/blog\/","name":"Herberie de la Tille","description":"Le m\u00e9dia de la botanique pratique \u2014 plantes, herboristerie, identification","publisher":{"@id":"https:\/\/herberiedelatille.fr\/blog\/#organization"},"alternateName":"Herberie de la Tille","potentialAction":[{"@type":"SearchAction","target":{"@type":"EntryPoint","urlTemplate":"https:\/\/herberiedelatille.fr\/blog\/?s={search_term_string}"},"query-input":{"@type":"PropertyValueSpecification","valueRequired":true,"valueName":"search_term_string"}}],"inLanguage":"fr-FR"},{"@type":"Organization","@id":"https:\/\/herberiedelatille.fr\/blog\/#organization","name":"Herberie de la Tille","url":"https:\/\/herberiedelatille.fr\/blog\/","logo":{"@type":"ImageObject","inLanguage":"fr-FR","@id":"https:\/\/herberiedelatille.fr\/blog\/#\/schema\/logo\/image\/","url":"https:\/\/herberiedelatille.fr\/blog\/wp-content\/uploads\/2024\/12\/herberiedelatille.png","contentUrl":"https:\/\/herberiedelatille.fr\/blog\/wp-content\/uploads\/2024\/12\/herberiedelatille.png","width":500,"height":500,"caption":"Herberie de la Tille"},"image":{"@id":"https:\/\/herberiedelatille.fr\/blog\/#\/schema\/logo\/image\/"}},{"@type":"Person","@id":"https:\/\/herberiedelatille.fr\/blog\/#\/schema\/person\/3c864cdc320801e3db34b663e7e3f816","name":"Julien Prigent","image":{"@type":"ImageObject","inLanguage":"fr-FR","@id":"https:\/\/herberiedelatille.fr\/blog\/#\/schema\/person\/image\/","url":"https:\/\/herberiedelatille.fr\/blog\/wp-content\/uploads\/2026\/06\/persona_julien-p-96x96.jpg","contentUrl":"https:\/\/herberiedelatille.fr\/blog\/wp-content\/uploads\/2026\/06\/persona_julien-p-96x96.jpg","caption":"Julien Prigent"},"description":"Bricoleur et jardinier dans l'\u00e2me, j'\u00e9cris sur la maison et ses ext\u00e9rieurs avec les mains dans le cambouis plus que dans les th\u00e9ories. Mon terrain couvre tout l'habitat : le potager et le jardin au fil des saisons, mais aussi les petits travaux, la r\u00e9novation, le bricolage et les m\u00e9tiers du b\u00e2timent \u2014 toiture, isolation, menuiserie, serrurerie, ma\u00e7onnerie. J'aime expliquer un geste technique simplement, donner des fourchettes de prix r\u00e9alistes et les bons crit\u00e8res pour choisir un mat\u00e9riau ou un artisan. Je teste ce que je peux sur mes propres chantiers et au jardin avant d'en parler, je distingue la tradition de ce que confirme l'observation, et je pr\u00e9cise toujours le contexte \u2014 climat, type de sol, configuration du logement \u2014 parce qu'un m\u00eame conseil ne vaut pas partout. Mon but : rendre l'entretien et l'am\u00e9lioration de la maison accessibles, durables et \u00e9conomes.","sameAs":["https:\/\/julienprigent.fr\/"],"url":"https:\/\/herberiedelatille.fr\/blog\/auteur\/julien-p\/"}]}},"_links":{"self":[{"href":"https:\/\/herberiedelatille.fr\/blog\/wp-json\/wp\/v2\/posts\/7504","targetHints":{"allow":["GET"]}}],"collection":[{"href":"https:\/\/herberiedelatille.fr\/blog\/wp-json\/wp\/v2\/posts"}],"about":[{"href":"https:\/\/herberiedelatille.fr\/blog\/wp-json\/wp\/v2\/types\/post"}],"author":[{"embeddable":true,"href":"https:\/\/herberiedelatille.fr\/blog\/wp-json\/wp\/v2\/users\/34"}],"replies":[{"embeddable":true,"href":"https:\/\/herberiedelatille.fr\/blog\/wp-json\/wp\/v2\/comments?post=7504"}],"version-history":[{"count":1,"href":"https:\/\/herberiedelatille.fr\/blog\/wp-json\/wp\/v2\/posts\/7504\/revisions"}],"predecessor-version":[{"id":7505,"href":"https:\/\/herberiedelatille.fr\/blog\/wp-json\/wp\/v2\/posts\/7504\/revisions\/7505"}],"wp:featuredmedia":[{"embeddable":true,"href":"https:\/\/herberiedelatille.fr\/blog\/wp-json\/wp\/v2\/media\/7506"}],"wp:attachment":[{"href":"https:\/\/herberiedelatille.fr\/blog\/wp-json\/wp\/v2\/media?parent=7504"}],"wp:term":[{"taxonomy":"category","embeddable":true,"href":"https:\/\/herberiedelatille.fr\/blog\/wp-json\/wp\/v2\/categories?post=7504"},{"taxonomy":"post_tag","embeddable":true,"href":"https:\/\/herberiedelatille.fr\/blog\/wp-json\/wp\/v2\/tags?post=7504"}],"curies":[{"name":"wp","href":"https:\/\/api.w.org\/{rel}","templated":true}]}}