{"id":7510,"date":"2026-01-26T09:10:00","date_gmt":"2026-01-26T08:10:00","guid":{"rendered":"https:\/\/herberiedelatille.fr\/blog\/?p=7510"},"modified":"2026-01-26T09:10:00","modified_gmt":"2026-01-26T08:10:00","slug":"les-bases-de-la-botanique-comprendre-les-plantes-des-le-debut","status":"publish","type":"post","link":"https:\/\/herberiedelatille.fr\/blog\/conservation-et-biodiversite\/les-bases-de-la-botanique-comprendre-les-plantes-des-le-debut\/","title":{"rendered":"Les bases de la botanique : comprendre les plantes d\u00e8s le d\u00e9but"},"content":{"rendered":"<div style=\"background: linear-gradient(135deg, #f5f7fa 0%, #e9ecef 100%);border-left: 4px solid #0073aa;padding: 15px 20px;margin: 0 0 25px 0;border-radius: 0 8px 8px 0\">\n<p style=\"margin: 0;font-size: 14px;color: #0073aa;font-weight: 600;text-transform: uppercase;letter-spacing: 1px;margin-bottom: 10px\">\ud83d\udccb En bref<\/p>\n<ul style=\"margin: 0;padding-left: 20px;list-style-type: none\">\n<li style=\"margin: 5px 0;color: #333;font-size: 15px;line-height: 1.5;position: relative;padding-left: 15px\"><span style=\"position: absolute;left: 0;color: #0073aa\">\u25b8<\/span> La botanique \u00e9tudie les plantes, leur structure et leur \u00e9cologie, enrichissant notre compr\u00e9hension de la nature. Elle favorise l&#039;identification des esp\u00e8ces et la connexion \u00e9cologique, essentielle pour pr\u00e9server l&#039;environnement. La pratique amateur, facilit\u00e9e par des outils modernes, conna\u00eet un essor significatif.<\/li>\n<\/ul>\n<\/div>\n<h1>Initiation \u00e0 la Botanique : Guide Complet pour D\u00e9butants<\/h1>\n<h2>Qu&rsquo;est-ce que la Botanique et Pourquoi l&rsquo;Apprendre ?<\/h2>\n<p>La <strong>botanique<\/strong> \u00e9tudie les plantes dans leur structure, physiologie, classification et \u00e9cologie, une discipline n\u00e9e au XVIIe si\u00e8cle avec des pionniers comme <strong>Carl von Linn\u00e9<\/strong>, p\u00e8re de la nomenclature binomiale en 1753. Nous voyons en elle une science vivante, ouverte aux amateurs, qui affine votre regard sur la nature environnante. Vous apprenez \u00e0 distinguer une <u>feuille sessile<\/u>, directement ins\u00e9r\u00e9e sur la tige, d&rsquo;une <u>feuille p\u00e9tiol\u00e9e<\/u>, pourvue d&rsquo;un p\u00e9tiole allong\u00e9, ou une <strong>fleur compos\u00e9e<\/strong> comme celle du pissenlit de la famille des <strong>Ast\u00e9rac\u00e9es<\/strong>.<\/p>\n<p>Nous appr\u00e9cions particuli\u00e8rement comment cette pratique enrichit la vie quotidienne : randonneurs en <strong>France m\u00e9tropolitaine<\/strong>, jardiniers urbains \u00e0 <strong>Paris<\/strong> ou observateurs en <strong>Belgique<\/strong> signalent une hausse de <u>25 % des identifications participatives<\/u> via <strong>Tela Botanica<\/strong> depuis 2020. L&rsquo;histoire de la botanique amateur, impuls\u00e9e par des figures comme <strong>Jean-Jacques Rousseau<\/strong> au XVIIIe si\u00e8cle, \u00e9volue aujourd&rsquo;hui avec des applications mobiles, rendant l&rsquo;acc\u00e8s d\u00e9mocratique.<\/p>\n<ul>\n<li><strong>\u00c9merveillement constant<\/strong> : Chaque plante devient un objet d&rsquo;\u00e9tude in\u00e9puisable, comme le note le <strong>Petit guide illustr\u00e9 de botanique<\/strong> d&rsquo;<strong>\u00c9ditions Ulmer<\/strong>.<\/li>\n<li><strong>Utilit\u00e9 pratique<\/strong> : Reconna\u00eetre une <strong>Poaceae<\/strong> (gramin\u00e9e) \u00e9vite les confusions avec des plantes toxiques lors de cueillettes.<\/li>\n<li><strong>Connexion \u00e9cologique<\/strong> : Comprendre les plantes \u00e9claire les cycles du carbone, o\u00f9 elles fixent <u>120 milliards de tonnes annuellement<\/u>.<\/li>\n<\/ul>\n<h2>Les Fondamentaux : Vocabulaire et Caract\u00e9ristiques des Plantes<\/h2>\n<p>Nous insistons sur un vocabulaire pr\u00e9cis pour d\u00e9crire les plantes : la <u><strong>racine<\/strong>, organe souterrain absorbant l&rsquo;eau et les nutriments<\/u>, ancre la plante et stocke des r\u00e9serves, comme chez la carotte. La <strong>tige<\/strong> soutient les organes a\u00e9riens, souvent creuse ou quadrangulaire chez les <strong>Lamiac\u00e9es<\/strong> telles la menthe. Le <strong>tronc<\/strong>, chez les arbres, porte l&rsquo;<strong>\u00e9corce<\/strong> protectrice, tandis que les <strong>bourgeons<\/strong> abritent de futurs rameaux ou fleurs.<\/p>\n<p>Les <strong>feuilles<\/strong> varient en formes : <u><strong>simples<\/strong> (lame unique, comme le ch\u00eane) ou <strong>compos\u00e9es<\/strong> (plusieurs folioles, comme le fr\u00eane)<\/u>, <strong>sessiles<\/strong> ou <strong>p\u00e9tiol\u00e9es<\/strong>, dispos\u00e9es de mani\u00e8re <strong>alternes<\/strong> (une par n\u0153ud) ou <strong>oppos\u00e9es<\/strong> (par paires). Les <strong>fleurs<\/strong> attirent les pollinisateurs via p\u00e9tales et s\u00e9pales, et les <strong>fruits<\/strong> prot\u00e8gent les graines, secs comme la capsule du pavot ou charnus comme la pomme.<\/p>\n<ul>\n<li><strong>Feuilles alternes<\/strong> : Ch\u00eane peduncul\u00e9 (<em>Quercus robur<\/em>), dominant les for\u00eats temp\u00e9r\u00e9es de <strong>Europe occidentale<\/strong>.<\/li>\n<li><strong>Fleurs en ombelle<\/strong> : Carotte sauvage (<em>Daucus carota<\/em>), typique des <strong>Apiac\u00e9es<\/strong>.<\/li>\n<li><strong>Fruits en capitule<\/strong> : Marguerite commune (<em>Leucanthemum vulgare<\/em>), embl\u00e8me des prairies.<\/li>\n<\/ul>\n<h2>Classification et Diversit\u00e9 des Plantes<\/h2>\n<p>Nous structurons la classification autour des <strong>plantes vasculaires<\/strong>, dot\u00e9es de tissus conducteurs (xyl\u00e8me et phlo\u00e8me), repr\u00e9sentant <u>90 % des 420 000 esp\u00e8ces v\u00e9g\u00e9tales<\/u> selon <strong>Plant\u00e6<\/strong> en 2024. Les <strong>spermatophytes<\/strong> (\u00e0 graines) se divisent en <strong>angiospermes<\/strong> (fleurs ferm\u00e9es, 300 000 esp\u00e8ces comme les roses) et <strong>gymnospermes<\/strong> (graines nues, comme le pin sylvestre). Les <strong>pt\u00e9ridophytes<\/strong> (foug\u00e8res, pr\u00eales) se reproduisent par spores, tandis que les <strong>bryophytes<\/strong> (mousses) manquent de vaisseaux.<\/p>\n<p>Les <strong>thallophytes<\/strong> incluent lichens et champignons, bien que ces derniers soient d\u00e9sormais fungi. Parmi plus de <u>70 familles explorables<\/u>, citons les <strong>Poaceae<\/strong> (herbes, 12 000 esp\u00e8ces), <strong>Ast\u00e9rac\u00e9es<\/strong> (20 000 esp\u00e8ces) et <strong>Fabac\u00e9es<\/strong> (19 500 esp\u00e8ces). Un arbre phylog\u00e9n\u00e9tique simplifi\u00e9 place les bryophytes basaux, suivis des pt\u00e9ridophytes, puis spermatophytes dominants.<\/p>\n<ul>\n<li><strong>Angiospermes<\/strong> : Rose des chiens (<em>Rosa canina<\/em>), abondante en haies fran\u00e7aises.<\/li>\n<li><strong>Gymnospermes<\/strong> : If commun (<em>Taxus baccata<\/em>), relictuelle en <strong>Bretagne<\/strong>.<\/li>\n<li><strong>Bryophytes<\/strong> : Mousse commune (<em>Funaria hygrometrica<\/em>), pionni\u00e8re sur sols nus.<\/li>\n<\/ul>\n<h2>Ressources et Outils pour D\u00e9buter : Du Papier au Num\u00e9rique<\/h2>\n<p>Nous recommandons le <strong>Petit guide illustr\u00e9 de botanique<\/strong> d&rsquo;<strong>\u00c9ditions Ulmer<\/strong> (2020), avec illustrations des termes essentiels pour identifier 80 familles. Pour une approche terrain, <strong>Les Bases de la botanique de terrain<\/strong> (800 pages) d\u00e9taille 600 esp\u00e8ces. En num\u00e9rique, le <strong>MOOC Botanique \u00ab\u00a0Apprendre \u00e0 conna\u00eetre les plantes &#8211; Initiation\u00a0\u00bb<\/strong> de <strong>Tela Botanica<\/strong>, lanc\u00e9 en 2017 et suivi par 50 000 apprenants, offre vid\u00e9os YouTube et PDF sur \u00e9cologie v\u00e9g\u00e9tale.<\/p>\n<p>Le <strong>MOOC \u00ab\u00a0Les plantes et leurs usages\u00a0\u00bb<\/strong> explore 17 familles et 70 esp\u00e8ces. <strong>IdentiPlante<\/strong>, plateforme communautaire, compte <u>1,2 million d&rsquo;identifications<\/u> annuelles. <strong>The Plant Game<\/strong> gamifie l&rsquo;apprentissage. Constituez un <strong>herbier<\/strong> avec presse (feuilles entre journaux, 20 g de poids), \u00e9tiquettes (nom latin, date, lieu comme <strong>Parc de la T\u00eate d&rsquo;Or, Lyon, mai 2024<\/strong>).<\/p>\n<ul>\n<li><strong>Mat\u00e9riel de base<\/strong> : Loupe 10x, carnet, sachet plastique.<\/li>\n<li><strong>Apps gratuites<\/strong> : <strong>Pl@ntNet<\/strong>, 20 millions d&rsquo;utilisateurs en 2024.<\/li>\n<li><strong>Ouvrages phares<\/strong> : <strong>Flore de France<\/strong> de <strong>Dominique Olivier<\/strong> (2022).<\/li>\n<\/ul>\n<h2>Observation et Identification sur le Terrain<\/h2>\n<p>Nous vous conseillons de commencer par le <strong>port<\/strong> de la plante (arbre, herbac\u00e9e), puis examiner feuilles (marges lisses ou dent\u00e9es ?), tiges (carr\u00e9e comme sauge ?), fleurs (sym\u00e9trie actinomorphe ou zygomorphe ?) et fruits. Notez habitat : sol argileux en <strong>Alsace<\/strong>, ombre humide. \u00c9vitez les pi\u00e8ges comme confondre ortie (poils urticants) et lamier (tige carr\u00e9e sans poils).<\/p>\n<p>Dessinez croquis pr\u00e9cis, photographiez sous angles multiples, utilisez notes structur\u00e9es : \u00ab\u00a0Feuilles oppos\u00e9es, fleurs en \u00e9pis, fruit capsule, <strong>Parc national des C\u00e9vennes<\/strong>, juillet 2025&Prime;. Participez aux sorties de <strong>Tela Botanica<\/strong> (200 \u00e9v\u00e9nements annuels) ou programmes comme <strong>Vigie-Nature<\/strong>, o\u00f9 15 000 contributeurs trackent 300 esp\u00e8ces en 2024.<\/p>\n<ul>\n<li><strong>Premi\u00e8re \u00e9tape<\/strong> : V\u00e9rifiez racines et habitat.<\/li>\n<li><strong>Astuce<\/strong> : Comparez \u00e0 des sp\u00e9cimens connus via <strong>eFlore<\/strong>.<\/li>\n<li><strong>Pi\u00e8ge courant<\/strong> : Variabilit\u00e9 saisonni\u00e8re des Ast\u00e9rac\u00e9es.<\/li>\n<\/ul>\n<h2>Au-Del\u00e0 des Bases : Approfondir ses Connaissances<\/h2>\n<p>Nous progressons vers l&rsquo;<strong>ethnobotanique<\/strong>, usages traditionnels comme la sauge officinale en tisane, ou la <strong>phytosociologie<\/strong>, \u00e9tude des associations v\u00e9g\u00e9tales via <strong>eVeg<\/strong> (base europ\u00e9enne, 5 000 v\u00e9g\u00e9tations). <strong>eFlore<\/strong> de <strong>Tela Botanica<\/strong> couvre la flore fran\u00e7aise avec 6 000 taxons. Explorez liens climat-sols : ch\u00eanes sur calcaires en <strong>Provence<\/strong>, pins sur sables en <strong>Landes<\/strong>.<\/p>\n<p>Formations avanc\u00e9es incluent stages <strong>Conservatoire botanique national de Brest<\/strong> (2024, 500 stagiaires). Nous valorisons ces outils pour analyser communaut\u00e9s comme la <strong>h\u00eatraie<\/strong> vs <strong>ch\u00eanaie<\/strong> en <strong>Ardennes belges<\/strong>.<\/p>\n<ul>\n<li><strong>Ethnobotanique<\/strong> : Armoise (<em>Artemisia absinthium<\/em>) en absinthe.<\/li>\n<li><strong>Outils avanc\u00e9s<\/strong> : <strong>KeyToNature<\/strong> pour cl\u00e9s dichotomiques.<\/li>\n<li><strong>\u00c9tudes<\/strong> : Impact r\u00e9chauffement, +2?C depuis 1990 sur migrations v\u00e9g\u00e9tales.<\/li>\n<\/ul>\n<h2>Construire son Parcours Personnel en Botanique<\/h2>\n<p>Nous adaptons votre chemin : observateur de fleurs (quiz <strong>Tela Botanica<\/strong>, 10 000 utilisateurs mensuels), sp\u00e9cialiste arbres (<strong>Arbres.fr<\/strong>, 1 500 esp\u00e8ces), ou foug\u00e8res (<strong>Pteridologia<\/strong>). Cr\u00e9ez un herbier personnel avec 50 sp\u00e9cimens annuels. De l&rsquo;amateur au pro, formations comme DUT Agronomie \u00e0 <strong>AgroParisTech<\/strong> depuis 2019.<\/p>\n<p>Rejoignez <strong>Soci\u00e9t\u00e9 Botanique de France<\/strong> (fond\u00e9e 1854, 2 000 membres) ou groupes locaux \u00e0 <strong>Bordeaux<\/strong>. Suivez cycles saisonniers : floraison printemps des <strong>Rosac\u00e9es<\/strong>, automne des <strong>Champignons<\/strong>.<\/p>\n<ul>\n<li><strong>Quiz interactifs<\/strong> : <strong>Botanique Quiz<\/strong> sur <strong>Khan Academy<\/strong>.<\/li>\n<li><strong>Communaut\u00e9s<\/strong> : Forums <strong>Plantes Sauvages Comestibles<\/strong>.<\/li>\n<li><strong>Projet perso<\/strong> : Suivi annuel d&rsquo;une parcelle de 10 m?.<\/li>\n<\/ul>\n<h2>Conclusion : Lancez-vous dans l&rsquo;Aventure Botanique<\/h2>\n<p>La <strong>botanique<\/strong> ouvre une compr\u00e9hension profonde du vivant, bien au-del\u00e0 des noms latins. Que vous saisissiez un <strong>Petit guide illustr\u00e9<\/strong> ou un <strong>MOOC Tela Botanica<\/strong>, votre premier pas compte : observez, notez, partagez lors d&rsquo;une sortie. Chaque d\u00e9couverte affine votre expertise, transformant balades en explorations riches. Le r\u00e8gne v\u00e9g\u00e9tal, avec ses <u>420 000 esp\u00e8ces<\/u>, vous attend pour des ann\u00e9es d&rsquo;\u00e9merveillement.<\/p>\n<div style=\"background: #e8f4f8;border: 3px solid #0073aa;padding: 20px;margin: 20px 0;border-radius: 8px\">\n<h2 style=\"color: #0073aa;text-align: center;margin-bottom: 15px\">\ud83d\udd27 Ressources Pratiques et Outils<\/h2>\n<div style=\"background: white;padding: 15px;margin: 10px 0;border-left: 4px solid #28a745\">\n<h3 style=\"color: #28a745;margin-bottom: 10px\">\ud83d\udccd Entreprises et Jardineries \u00e0 Paris<\/h3>\n<p><strong>LA BOTANIQUE<\/strong> : 200 Rue de la Croix Nivert, 75015 Paris. SIRET : 994 211 530 00013.<br \/>\n<strong>L&rsquo;Usine A P\u00e9tales<\/strong> : Jardinerie situ\u00e9e dans le 18\u00e8me arrondissement de Paris. Plus d&rsquo;infos sur <a href=\"https:\/\/www.pagesjaunes.fr\/pros\/59268608\" rel=\"nofollow\">Pages Jaunes<\/a>.<br \/>\n<strong>Pousse<\/strong> : Vente et location de plantes, agences \u00e0 Paris, Lyon et Bordeaux. D\u00e9couvrez leur site : <a href=\"https:\/\/pousse.fr\" rel=\"nofollow\">pousse.fr<\/a>.<\/p>\n<\/div>\n<div style=\"background: white;padding: 15px;margin: 10px 0;border-left: 4px solid #007bff\">\n<h3 style=\"color: #007bff;margin-bottom: 10px\">\ud83d\udee0\ufe0f Outils et Calculateurs<\/h3>\n<p>Pour approfondir vos connaissances en botanique, explorez les ressources en ligne de <strong>Tela Botanica<\/strong> et participez \u00e0 leurs MOOC. Pour des outils d&rsquo;identification, <strong>IdentiPlante<\/strong> est une plateforme communautaire qui compte <u>1,2 million d&rsquo;identifications<\/u> annuelles.<\/p>\n<\/div>\n<div style=\"background: white;padding: 15px;margin: 10px 0;border-left: 4px solid #6f42c1\">\n<h3 style=\"color: #6f42c1;margin-bottom: 10px\">\ud83d\udc65 Communaut\u00e9 et Experts<\/h3>\n<p>Rejoignez la <strong>Soci\u00e9t\u00e9 Botanique de France<\/strong> (fond\u00e9e en 1854, 2 000 membres) pour \u00e9changer avec d&rsquo;autres passionn\u00e9s. Vous pouvez \u00e9galement contacter la <strong>Soci\u00e9t\u00e9 Fran\u00e7aise d&rsquo;Orchidophilie<\/strong> \u00e0 17 quai de la Seine, 75019 Paris, pour des \u00e9v\u00e9nements et des conseils. Email : alain.jouy@[6].<\/p>\n<\/div>\n<div style=\"background: #fff3cd;padding: 15px;margin: 15px 0;border: 2px solid #ffc107;border-radius: 5px\">\n<strong style=\"color: #856404\">\ud83d\udca1 R\u00e9sum\u00e9 en 2 lignes :<\/strong><br \/>\n<span>Explorez les nombreuses ressources botaniques \u00e0 Paris, des jardineries aux communaut\u00e9s d&rsquo;experts. Engagez-vous dans l&rsquo;apprentissage et l&rsquo;observation des plantes avec des outils et des formations adapt\u00e9s.<\/span>\n<\/div>\n<\/div>\n<hr>\n<div class=\"articles-lies\">\n<h3>\u00c0 lire aussi<\/h3>\n<ul>\n<li><a href=\"https:\/\/herberiedelatille.fr\/blog\/conservation-et-biodiversite\/les-fondamentaux-de-la-botanique-comprendre-la-vie-vegetale\/\">Les fondamentaux de la botanique : comprendre la vie v\u00e9g\u00e9tale<\/a><\/li>\n<li><a href=\"https:\/\/herberiedelatille.fr\/blog\/conservation-et-biodiversite\/ce-quil-faut-savoir-sur-les-plantes-comestibles-pour-une-alimentation-saine\/\">Ce qu&rsquo;il faut savoir sur les plantes comestibles pour une alimentation saine<\/a><\/li>\n<li><a href=\"https:\/\/herberiedelatille.fr\/blog\/conservation-et-biodiversite\/flore-locale-comprendre-limportance-des-vegetaux-endemiques-dans-lecosysteme\/\">Flore locale : Comprendre l\u2019importance des v\u00e9g\u00e9taux end\u00e9miques dans l\u2019\u00e9cosyst\u00e8me<\/a><\/li>\n<li><a href=\"https:\/\/herberiedelatille.fr\/blog\/conservation-et-biodiversite\/les-plantes-medicinales-definition-vertus-et-conseils-de-culture\/\">Les plantes m\u00e9dicinales : d\u00e9finition, vertus et conseils de culture<\/a><\/li>\n<\/ul>\n<\/div>\n","protected":false},"excerpt":{"rendered":"","protected":false},"author":34,"featured_media":7532,"comment_status":"open","ping_status":"open","sticky":false,"template":"","format":"standard","meta":{"_acf_changed":false,"manual_indexmenow":false,"indexmenow_id_project":0,"footnotes":""},"categories":[4522],"tags":[4568],"class_list":["post-7510","post","type-post","status-publish","format-standard","has-post-thumbnail","hentry","category-conservation-et-biodiversite","tag-botanique-vegetaux-plantes","generate-columns","tablet-grid-50","mobile-grid-100","grid-parent","grid-25"],"acf":[],"yoast_head":"<!-- This site is optimized with the Yoast SEO Premium plugin v21.3 (Yoast SEO v25.6) - https:\/\/yoast.com\/wordpress\/plugins\/seo\/ -->\n<title>Bases de la botanique : comprendre les plantes<\/title>\n<meta name=\"description\" content=\"Les bases de la botanique : comprendre les plantes, leur organisation et leur classification pour bien d\u00e9buter dans l&#039;\u00e9tude du monde v\u00e9g\u00e9tal.\" \/>\n<meta name=\"robots\" content=\"index, follow, max-snippet:-1, max-image-preview:large, max-video-preview:-1\" \/>\n<link rel=\"canonical\" href=\"https:\/\/herberiedelatille.fr\/blog\/conservation-et-biodiversite\/les-bases-de-la-botanique-comprendre-les-plantes-des-le-debut\/\" \/>\n<meta property=\"og:locale\" content=\"fr_FR\" \/>\n<meta property=\"og:type\" content=\"article\" \/>\n<meta property=\"og:title\" content=\"Bases de la botanique : comprendre les plantes\" \/>\n<meta property=\"og:description\" content=\"Les bases de la botanique : comprendre les plantes, leur organisation et leur classification pour bien d\u00e9buter dans l&#039;\u00e9tude du monde v\u00e9g\u00e9tal.\" \/>\n<meta property=\"og:url\" content=\"https:\/\/herberiedelatille.fr\/blog\/conservation-et-biodiversite\/les-bases-de-la-botanique-comprendre-les-plantes-des-le-debut\/\" \/>\n<meta property=\"og:site_name\" content=\"Herberie de la Tille\" \/>\n<meta property=\"og:image\" content=\"https:\/\/herberiedelatille.fr\/blog\/wp-content\/uploads\/2026\/01\/sdxl-b43b1bc48cb908d5184916d9ccaa4a06-scaled.png\" \/>\n\t<meta property=\"og:image:width\" content=\"1200\" \/>\n\t<meta property=\"og:image:height\" content=\"500\" \/>\n\t<meta property=\"og:image:type\" content=\"image\/png\" \/>\n<meta name=\"author\" content=\"Julien Prigent\" \/>\n<meta name=\"twitter:card\" content=\"summary_large_image\" \/>\n<script type=\"application\/ld+json\" class=\"yoast-schema-graph\">{\"@context\":\"https:\/\/schema.org\",\"@graph\":[{\"@type\":\"NewsArticle\",\"@id\":\"https:\/\/herberiedelatille.fr\/blog\/conservation-et-biodiversite\/les-bases-de-la-botanique-comprendre-les-plantes-des-le-debut\/#article\",\"isPartOf\":{\"@id\":\"https:\/\/herberiedelatille.fr\/blog\/conservation-et-biodiversite\/les-bases-de-la-botanique-comprendre-les-plantes-des-le-debut\/\"},\"author\":{\"name\":\"Julien Prigent\",\"@id\":\"https:\/\/herberiedelatille.fr\/blog\/#\/schema\/person\/3c864cdc320801e3db34b663e7e3f816\"},\"headline\":\"Les bases de la botanique : comprendre les plantes d\u00e8s le d\u00e9but\",\"datePublished\":\"2026-01-26T08:10:00+00:00\",\"mainEntityOfPage\":{\"@id\":\"https:\/\/herberiedelatille.fr\/blog\/conservation-et-biodiversite\/les-bases-de-la-botanique-comprendre-les-plantes-des-le-debut\/\"},\"wordCount\":1440,\"commentCount\":0,\"publisher\":{\"@id\":\"https:\/\/herberiedelatille.fr\/blog\/#organization\"},\"image\":{\"@id\":\"https:\/\/herberiedelatille.fr\/blog\/conservation-et-biodiversite\/les-bases-de-la-botanique-comprendre-les-plantes-des-le-debut\/#primaryimage\"},\"thumbnailUrl\":\"https:\/\/herberiedelatille.fr\/blog\/wp-content\/uploads\/2026\/01\/sdxl-b43b1bc48cb908d5184916d9ccaa4a06-scaled.png\",\"keywords\":[\"botanique vegetaux plantes\"],\"articleSection\":[\"Conservation et Biodiversit\u00e9\"],\"inLanguage\":\"fr-FR\",\"potentialAction\":[{\"@type\":\"CommentAction\",\"name\":\"Comment\",\"target\":[\"https:\/\/herberiedelatille.fr\/blog\/conservation-et-biodiversite\/les-bases-de-la-botanique-comprendre-les-plantes-des-le-debut\/#respond\"]}]},{\"@type\":\"WebPage\",\"@id\":\"https:\/\/herberiedelatille.fr\/blog\/conservation-et-biodiversite\/les-bases-de-la-botanique-comprendre-les-plantes-des-le-debut\/\",\"url\":\"https:\/\/herberiedelatille.fr\/blog\/conservation-et-biodiversite\/les-bases-de-la-botanique-comprendre-les-plantes-des-le-debut\/\",\"name\":\"Bases de la botanique : comprendre les plantes\",\"isPartOf\":{\"@id\":\"https:\/\/herberiedelatille.fr\/blog\/#website\"},\"primaryImageOfPage\":{\"@id\":\"https:\/\/herberiedelatille.fr\/blog\/conservation-et-biodiversite\/les-bases-de-la-botanique-comprendre-les-plantes-des-le-debut\/#primaryimage\"},\"image\":{\"@id\":\"https:\/\/herberiedelatille.fr\/blog\/conservation-et-biodiversite\/les-bases-de-la-botanique-comprendre-les-plantes-des-le-debut\/#primaryimage\"},\"thumbnailUrl\":\"https:\/\/herberiedelatille.fr\/blog\/wp-content\/uploads\/2026\/01\/sdxl-b43b1bc48cb908d5184916d9ccaa4a06-scaled.png\",\"datePublished\":\"2026-01-26T08:10:00+00:00\",\"description\":\"Les bases de la botanique : comprendre les plantes, leur organisation et leur classification pour bien d\u00e9buter dans l'\u00e9tude du monde v\u00e9g\u00e9tal.\",\"inLanguage\":\"fr-FR\",\"potentialAction\":[{\"@type\":\"ReadAction\",\"target\":[\"https:\/\/herberiedelatille.fr\/blog\/conservation-et-biodiversite\/les-bases-de-la-botanique-comprendre-les-plantes-des-le-debut\/\"]}]},{\"@type\":\"ImageObject\",\"inLanguage\":\"fr-FR\",\"@id\":\"https:\/\/herberiedelatille.fr\/blog\/conservation-et-biodiversite\/les-bases-de-la-botanique-comprendre-les-plantes-des-le-debut\/#primaryimage\",\"url\":\"https:\/\/herberiedelatille.fr\/blog\/wp-content\/uploads\/2026\/01\/sdxl-b43b1bc48cb908d5184916d9ccaa4a06-scaled.png\",\"contentUrl\":\"https:\/\/herberiedelatille.fr\/blog\/wp-content\/uploads\/2026\/01\/sdxl-b43b1bc48cb908d5184916d9ccaa4a06-scaled.png\",\"width\":1200,\"height\":500},{\"@type\":\"WebSite\",\"@id\":\"https:\/\/herberiedelatille.fr\/blog\/#website\",\"url\":\"https:\/\/herberiedelatille.fr\/blog\/\",\"name\":\"Herberie de la Tille\",\"description\":\"Le m\u00e9dia de la botanique pratique \u2014 plantes, herboristerie, identification\",\"publisher\":{\"@id\":\"https:\/\/herberiedelatille.fr\/blog\/#organization\"},\"alternateName\":\"Herberie de la Tille\",\"potentialAction\":[{\"@type\":\"SearchAction\",\"target\":{\"@type\":\"EntryPoint\",\"urlTemplate\":\"https:\/\/herberiedelatille.fr\/blog\/?s={search_term_string}\"},\"query-input\":{\"@type\":\"PropertyValueSpecification\",\"valueRequired\":true,\"valueName\":\"search_term_string\"}}],\"inLanguage\":\"fr-FR\"},{\"@type\":\"Organization\",\"@id\":\"https:\/\/herberiedelatille.fr\/blog\/#organization\",\"name\":\"Herberie de la Tille\",\"url\":\"https:\/\/herberiedelatille.fr\/blog\/\",\"logo\":{\"@type\":\"ImageObject\",\"inLanguage\":\"fr-FR\",\"@id\":\"https:\/\/herberiedelatille.fr\/blog\/#\/schema\/logo\/image\/\",\"url\":\"https:\/\/herberiedelatille.fr\/blog\/wp-content\/uploads\/2024\/12\/herberiedelatille.png\",\"contentUrl\":\"https:\/\/herberiedelatille.fr\/blog\/wp-content\/uploads\/2024\/12\/herberiedelatille.png\",\"width\":500,\"height\":500,\"caption\":\"Herberie de la Tille\"},\"image\":{\"@id\":\"https:\/\/herberiedelatille.fr\/blog\/#\/schema\/logo\/image\/\"}},{\"@type\":\"Person\",\"@id\":\"https:\/\/herberiedelatille.fr\/blog\/#\/schema\/person\/3c864cdc320801e3db34b663e7e3f816\",\"name\":\"Julien Prigent\",\"image\":{\"@type\":\"ImageObject\",\"inLanguage\":\"fr-FR\",\"@id\":\"https:\/\/herberiedelatille.fr\/blog\/#\/schema\/person\/image\/\",\"url\":\"https:\/\/herberiedelatille.fr\/blog\/wp-content\/uploads\/2026\/06\/persona_julien-p-96x96.jpg\",\"contentUrl\":\"https:\/\/herberiedelatille.fr\/blog\/wp-content\/uploads\/2026\/06\/persona_julien-p-96x96.jpg\",\"caption\":\"Julien Prigent\"},\"description\":\"Bricoleur et jardinier dans l'\u00e2me, j'\u00e9cris sur la maison et ses ext\u00e9rieurs avec les mains dans le cambouis plus que dans les th\u00e9ories. Mon terrain couvre tout l'habitat : le potager et le jardin au fil des saisons, mais aussi les petits travaux, la r\u00e9novation, le bricolage et les m\u00e9tiers du b\u00e2timent \u2014 toiture, isolation, menuiserie, serrurerie, ma\u00e7onnerie. J'aime expliquer un geste technique simplement, donner des fourchettes de prix r\u00e9alistes et les bons crit\u00e8res pour choisir un mat\u00e9riau ou un artisan. Je teste ce que je peux sur mes propres chantiers et au jardin avant d'en parler, je distingue la tradition de ce que confirme l'observation, et je pr\u00e9cise toujours le contexte \u2014 climat, type de sol, configuration du logement \u2014 parce qu'un m\u00eame conseil ne vaut pas partout. Mon but : rendre l'entretien et l'am\u00e9lioration de la maison accessibles, durables et \u00e9conomes.\",\"sameAs\":[\"https:\/\/julienprigent.fr\/\"],\"url\":\"https:\/\/herberiedelatille.fr\/blog\/auteur\/julien-p\/\"}]}<\/script>\n<!-- \/ Yoast SEO Premium plugin. -->","yoast_head_json":{"title":"Bases de la botanique : comprendre les plantes","description":"Les bases de la botanique : comprendre les plantes, leur organisation et leur classification pour bien d\u00e9buter dans l'\u00e9tude du monde v\u00e9g\u00e9tal.","robots":{"index":"index","follow":"follow","max-snippet":"max-snippet:-1","max-image-preview":"max-image-preview:large","max-video-preview":"max-video-preview:-1"},"canonical":"https:\/\/herberiedelatille.fr\/blog\/conservation-et-biodiversite\/les-bases-de-la-botanique-comprendre-les-plantes-des-le-debut\/","og_locale":"fr_FR","og_type":"article","og_title":"Bases de la botanique : comprendre les plantes","og_description":"Les bases de la botanique : comprendre les plantes, leur organisation et leur classification pour bien d\u00e9buter dans l'\u00e9tude du monde v\u00e9g\u00e9tal.","og_url":"https:\/\/herberiedelatille.fr\/blog\/conservation-et-biodiversite\/les-bases-de-la-botanique-comprendre-les-plantes-des-le-debut\/","og_site_name":"Herberie de la Tille","og_image":[{"width":1200,"height":500,"url":"https:\/\/herberiedelatille.fr\/blog\/wp-content\/uploads\/2026\/01\/sdxl-b43b1bc48cb908d5184916d9ccaa4a06-scaled.png","type":"image\/png"}],"author":"Julien Prigent","twitter_card":"summary_large_image","schema":{"@context":"https:\/\/schema.org","@graph":[{"@type":"NewsArticle","@id":"https:\/\/herberiedelatille.fr\/blog\/conservation-et-biodiversite\/les-bases-de-la-botanique-comprendre-les-plantes-des-le-debut\/#article","isPartOf":{"@id":"https:\/\/herberiedelatille.fr\/blog\/conservation-et-biodiversite\/les-bases-de-la-botanique-comprendre-les-plantes-des-le-debut\/"},"author":{"name":"Julien Prigent","@id":"https:\/\/herberiedelatille.fr\/blog\/#\/schema\/person\/3c864cdc320801e3db34b663e7e3f816"},"headline":"Les bases de la botanique : comprendre les plantes d\u00e8s le d\u00e9but","datePublished":"2026-01-26T08:10:00+00:00","mainEntityOfPage":{"@id":"https:\/\/herberiedelatille.fr\/blog\/conservation-et-biodiversite\/les-bases-de-la-botanique-comprendre-les-plantes-des-le-debut\/"},"wordCount":1440,"commentCount":0,"publisher":{"@id":"https:\/\/herberiedelatille.fr\/blog\/#organization"},"image":{"@id":"https:\/\/herberiedelatille.fr\/blog\/conservation-et-biodiversite\/les-bases-de-la-botanique-comprendre-les-plantes-des-le-debut\/#primaryimage"},"thumbnailUrl":"https:\/\/herberiedelatille.fr\/blog\/wp-content\/uploads\/2026\/01\/sdxl-b43b1bc48cb908d5184916d9ccaa4a06-scaled.png","keywords":["botanique vegetaux plantes"],"articleSection":["Conservation et Biodiversit\u00e9"],"inLanguage":"fr-FR","potentialAction":[{"@type":"CommentAction","name":"Comment","target":["https:\/\/herberiedelatille.fr\/blog\/conservation-et-biodiversite\/les-bases-de-la-botanique-comprendre-les-plantes-des-le-debut\/#respond"]}]},{"@type":"WebPage","@id":"https:\/\/herberiedelatille.fr\/blog\/conservation-et-biodiversite\/les-bases-de-la-botanique-comprendre-les-plantes-des-le-debut\/","url":"https:\/\/herberiedelatille.fr\/blog\/conservation-et-biodiversite\/les-bases-de-la-botanique-comprendre-les-plantes-des-le-debut\/","name":"Bases de la botanique : comprendre les plantes","isPartOf":{"@id":"https:\/\/herberiedelatille.fr\/blog\/#website"},"primaryImageOfPage":{"@id":"https:\/\/herberiedelatille.fr\/blog\/conservation-et-biodiversite\/les-bases-de-la-botanique-comprendre-les-plantes-des-le-debut\/#primaryimage"},"image":{"@id":"https:\/\/herberiedelatille.fr\/blog\/conservation-et-biodiversite\/les-bases-de-la-botanique-comprendre-les-plantes-des-le-debut\/#primaryimage"},"thumbnailUrl":"https:\/\/herberiedelatille.fr\/blog\/wp-content\/uploads\/2026\/01\/sdxl-b43b1bc48cb908d5184916d9ccaa4a06-scaled.png","datePublished":"2026-01-26T08:10:00+00:00","description":"Les bases de la botanique : comprendre les plantes, leur organisation et leur classification pour bien d\u00e9buter dans l'\u00e9tude du monde v\u00e9g\u00e9tal.","inLanguage":"fr-FR","potentialAction":[{"@type":"ReadAction","target":["https:\/\/herberiedelatille.fr\/blog\/conservation-et-biodiversite\/les-bases-de-la-botanique-comprendre-les-plantes-des-le-debut\/"]}]},{"@type":"ImageObject","inLanguage":"fr-FR","@id":"https:\/\/herberiedelatille.fr\/blog\/conservation-et-biodiversite\/les-bases-de-la-botanique-comprendre-les-plantes-des-le-debut\/#primaryimage","url":"https:\/\/herberiedelatille.fr\/blog\/wp-content\/uploads\/2026\/01\/sdxl-b43b1bc48cb908d5184916d9ccaa4a06-scaled.png","contentUrl":"https:\/\/herberiedelatille.fr\/blog\/wp-content\/uploads\/2026\/01\/sdxl-b43b1bc48cb908d5184916d9ccaa4a06-scaled.png","width":1200,"height":500},{"@type":"WebSite","@id":"https:\/\/herberiedelatille.fr\/blog\/#website","url":"https:\/\/herberiedelatille.fr\/blog\/","name":"Herberie de la Tille","description":"Le m\u00e9dia de la botanique pratique \u2014 plantes, herboristerie, identification","publisher":{"@id":"https:\/\/herberiedelatille.fr\/blog\/#organization"},"alternateName":"Herberie de la Tille","potentialAction":[{"@type":"SearchAction","target":{"@type":"EntryPoint","urlTemplate":"https:\/\/herberiedelatille.fr\/blog\/?s={search_term_string}"},"query-input":{"@type":"PropertyValueSpecification","valueRequired":true,"valueName":"search_term_string"}}],"inLanguage":"fr-FR"},{"@type":"Organization","@id":"https:\/\/herberiedelatille.fr\/blog\/#organization","name":"Herberie de la Tille","url":"https:\/\/herberiedelatille.fr\/blog\/","logo":{"@type":"ImageObject","inLanguage":"fr-FR","@id":"https:\/\/herberiedelatille.fr\/blog\/#\/schema\/logo\/image\/","url":"https:\/\/herberiedelatille.fr\/blog\/wp-content\/uploads\/2024\/12\/herberiedelatille.png","contentUrl":"https:\/\/herberiedelatille.fr\/blog\/wp-content\/uploads\/2024\/12\/herberiedelatille.png","width":500,"height":500,"caption":"Herberie de la Tille"},"image":{"@id":"https:\/\/herberiedelatille.fr\/blog\/#\/schema\/logo\/image\/"}},{"@type":"Person","@id":"https:\/\/herberiedelatille.fr\/blog\/#\/schema\/person\/3c864cdc320801e3db34b663e7e3f816","name":"Julien Prigent","image":{"@type":"ImageObject","inLanguage":"fr-FR","@id":"https:\/\/herberiedelatille.fr\/blog\/#\/schema\/person\/image\/","url":"https:\/\/herberiedelatille.fr\/blog\/wp-content\/uploads\/2026\/06\/persona_julien-p-96x96.jpg","contentUrl":"https:\/\/herberiedelatille.fr\/blog\/wp-content\/uploads\/2026\/06\/persona_julien-p-96x96.jpg","caption":"Julien Prigent"},"description":"Bricoleur et jardinier dans l'\u00e2me, j'\u00e9cris sur la maison et ses ext\u00e9rieurs avec les mains dans le cambouis plus que dans les th\u00e9ories. Mon terrain couvre tout l'habitat : le potager et le jardin au fil des saisons, mais aussi les petits travaux, la r\u00e9novation, le bricolage et les m\u00e9tiers du b\u00e2timent \u2014 toiture, isolation, menuiserie, serrurerie, ma\u00e7onnerie. J'aime expliquer un geste technique simplement, donner des fourchettes de prix r\u00e9alistes et les bons crit\u00e8res pour choisir un mat\u00e9riau ou un artisan. Je teste ce que je peux sur mes propres chantiers et au jardin avant d'en parler, je distingue la tradition de ce que confirme l'observation, et je pr\u00e9cise toujours le contexte \u2014 climat, type de sol, configuration du logement \u2014 parce qu'un m\u00eame conseil ne vaut pas partout. Mon but : rendre l'entretien et l'am\u00e9lioration de la maison accessibles, durables et \u00e9conomes.","sameAs":["https:\/\/julienprigent.fr\/"],"url":"https:\/\/herberiedelatille.fr\/blog\/auteur\/julien-p\/"}]}},"_links":{"self":[{"href":"https:\/\/herberiedelatille.fr\/blog\/wp-json\/wp\/v2\/posts\/7510","targetHints":{"allow":["GET"]}}],"collection":[{"href":"https:\/\/herberiedelatille.fr\/blog\/wp-json\/wp\/v2\/posts"}],"about":[{"href":"https:\/\/herberiedelatille.fr\/blog\/wp-json\/wp\/v2\/types\/post"}],"author":[{"embeddable":true,"href":"https:\/\/herberiedelatille.fr\/blog\/wp-json\/wp\/v2\/users\/34"}],"replies":[{"embeddable":true,"href":"https:\/\/herberiedelatille.fr\/blog\/wp-json\/wp\/v2\/comments?post=7510"}],"version-history":[{"count":1,"href":"https:\/\/herberiedelatille.fr\/blog\/wp-json\/wp\/v2\/posts\/7510\/revisions"}],"predecessor-version":[{"id":7531,"href":"https:\/\/herberiedelatille.fr\/blog\/wp-json\/wp\/v2\/posts\/7510\/revisions\/7531"}],"wp:featuredmedia":[{"embeddable":true,"href":"https:\/\/herberiedelatille.fr\/blog\/wp-json\/wp\/v2\/media\/7532"}],"wp:attachment":[{"href":"https:\/\/herberiedelatille.fr\/blog\/wp-json\/wp\/v2\/media?parent=7510"}],"wp:term":[{"taxonomy":"category","embeddable":true,"href":"https:\/\/herberiedelatille.fr\/blog\/wp-json\/wp\/v2\/categories?post=7510"},{"taxonomy":"post_tag","embeddable":true,"href":"https:\/\/herberiedelatille.fr\/blog\/wp-json\/wp\/v2\/tags?post=7510"}],"curies":[{"name":"wp","href":"https:\/\/api.w.org\/{rel}","templated":true}]}}