{"id":7513,"date":"2026-02-05T09:01:00","date_gmt":"2026-02-05T08:01:00","guid":{"rendered":"https:\/\/herberiedelatille.fr\/blog\/?p=7513"},"modified":"2026-02-05T09:01:00","modified_gmt":"2026-02-05T08:01:00","slug":"les-plantes-sauvages-definition-identification-et-enjeux-ecologiques","status":"publish","type":"post","link":"https:\/\/herberiedelatille.fr\/blog\/identification-des-plantes\/les-plantes-sauvages-definition-identification-et-enjeux-ecologiques\/","title":{"rendered":"Les plantes sauvages : d\u00e9finition, identification et enjeux \u00e9cologiques"},"content":{"rendered":"<div style=\"background: linear-gradient(135deg, #f5f7fa 0%, #e9ecef 100%);border-left: 4px solid #0073aa;padding: 15px 20px;margin: 0 0 25px 0;border-radius: 0 8px 8px 0\">\n<p style=\"margin: 0;font-size: 14px;color: #0073aa;font-weight: 600;text-transform: uppercase;letter-spacing: 1px;margin-bottom: 10px\">\ud83d\udccb En bref<\/p>\n<ul style=\"margin: 0;padding-left: 20px;list-style-type: none\">\n<li style=\"margin: 5px 0;color: #333;font-size: 15px;line-height: 1.5;position: relative;padding-left: 15px\"><span style=\"position: absolute;left: 0;color: #0073aa\">\u25b8<\/span> Les plantes sauvages croissent spontan\u00e9ment sans intervention humaine et poss\u00e8dent une richesse g\u00e9n\u00e9tique unique.<\/li>\n<li style=\"margin: 5px 0;color: #333;font-size: 15px;line-height: 1.5;position: relative;padding-left: 15px\"><span style=\"position: absolute;left: 0;color: #0073aa\">\u25b8<\/span> Elles surpassent souvent les plantes cultiv\u00e9es en teneur en nutriments, comme l&#039;ortie sauvage.<\/li>\n<li style=\"margin: 5px 0;color: #333;font-size: 15px;line-height: 1.5;position: relative;padding-left: 15px\"><span style=\"position: absolute;left: 0;color: #0073aa\">\u25b8<\/span> L&#039;identification des esp\u00e8ces comestibles est essentielle, avec des pr\u00e9cautions contre les confusions toxiques.<\/li>\n<\/ul>\n<\/div>\n<h1>Les Plantes Sauvages : D\u00e9couverte, Identification, Utilisations et Enjeux<\/h1>\n<h2>Qu&rsquo;est-ce qu&rsquo;une plante sauvage ? D\u00e9finitions pr\u00e9cises et classifications<\/h2>\n<p>Nous d\u00e9finissons les <strong>plantes sauvages<\/strong> comme des esp\u00e8ces v\u00e9g\u00e9tales qui croissent spontan\u00e9ment, sans intervention humaine telle que s\u00e9lection vari\u00e9tale, hybridation ou manipulation g\u00e9n\u00e9tique, contrairement aux vari\u00e9t\u00e9s cultiv\u00e9es par des semenciers comme <strong>Kokopelli<\/strong>, association de sauvegarde des semences paysannes. <u>Une plante sauvage pousse librement dans son milieu naturel<\/u>, accumulant des compos\u00e9s actifs plus concentr\u00e9s gr\u00e2ce \u00e0 son adaptation aux stress environnementaux, comme le montrent les analyses du <strong>Conservatoire botanique national du Bassin parisien (CBNBP)<\/strong> en <strong>\u00cele-de-France<\/strong>.<\/p>\n<p>Nous distinguons les plantes indig\u00e8nes, pr\u00e9sentes en France avant <strong>1500 ap. J.-C.<\/strong>, telles que l&rsquo;<strong>ail des ours<\/strong> (<em>Allium ursinum<\/em>) dans les sous-bois humides de <strong>Bourgogne-Franche-Comt\u00e9<\/strong> ou la <strong>reine-des-pr\u00e9s<\/strong> (<em>Filipendula ulmaria<\/em>) le long des rivi\u00e8res de <strong>Nouvelle-Aquitaine<\/strong>, des esp\u00e8ces exotiques naturalis\u00e9es comme l&rsquo;<strong>oxalis cornicul\u00e9e<\/strong>. Les <strong>plantes sauvages<\/strong> surpassent souvent leurs cousines cultiv\u00e9es en teneur en vitamines : une \u00e9tude de <strong>INRAE<\/strong> en <strong>2023<\/strong> r\u00e9v\u00e8le que l&rsquo;<strong>ortie sauvage<\/strong> contient <u>deux fois plus de fer<\/u> que l&rsquo;ortie de jardin. La France compte <strong>11 r\u00e9gions biog\u00e9ographiques<\/strong>, de l&rsquo;<strong>atlantique<\/strong> \u00e0 l&rsquo;<strong>alpine<\/strong>, abritant une biodiversit\u00e9 unique.<\/p>\n<ul>\n<li><strong>Plante spontan\u00e9e<\/strong> : pousse sans aide humaine, comme la <strong>bruy\u00e8re<\/strong> (<em>Calluna vulgaris<\/em>) en <strong>Bretagne<\/strong>.<\/li>\n<li><strong>Plante indig\u00e8ne<\/strong> : autochtone, exemple la <strong>gentiane jaune<\/strong> (<em>Gentiana lutea<\/em>) dans les alpages du <strong>Massif central<\/strong>.<\/li>\n<li><strong>Plante cultiv\u00e9e<\/strong> : s\u00e9lectionn\u00e9e, \u00e0 l&rsquo;oppos\u00e9 du <strong>framboisier sauvage<\/strong> (<em>Rubus idaeus<\/em>) des lisi\u00e8res foresti\u00e8res.<\/li>\n<\/ul>\n<p>\u00c0 notre avis, cette classification, inspir\u00e9e des travaux du <strong>CBNBP<\/strong>, \u00e9claire les amateurs sur la richesse g\u00e9n\u00e9tique des <strong>plantes sauvages<\/strong>, essentielles face au changement climatique.<\/p>\n<h2>Identification des plantes sauvages comestibles en France<\/h2>\n<p>Nous vous conseillons de d\u00e9buter l&rsquo;<strong>identification des plantes sauvages comestibles<\/strong> par les <u>50 esp\u00e8ces les plus abondantes<\/u> en France, comme le <strong>pissenlit<\/strong> (<em>Taraxacum officinale<\/em>) aux feuilles dentel\u00e9es et fleurs jaunes, omnipr\u00e9sent dans les prairies calcaires du <strong>Centre-Val de Loire<\/strong> d\u00e8s <strong>mars<\/strong>. L&rsquo;<strong>ortie<\/strong> (<em>Urtica dioica<\/em>), avec ses tiges poilues et feuilles oppos\u00e9es, colonise les lisi\u00e8res bois\u00e9es toute l&rsquo;ann\u00e9e, tandis que l&rsquo;<strong>ail des ours<\/strong> se reconna\u00eet \u00e0 son odeur d&rsquo;ail et ses feuilles lanc\u00e9ol\u00e9es en sous-bois humides de <strong>Alsace<\/strong> au printemps.<\/p>\n<p>En <strong>Centre-Val de Loire<\/strong>, sept milieux types \u2013 prairies acides, calcaires, bois \u2013 h\u00e9bergent ces tr\u00e9sors : le <strong>plantain majeur<\/strong> (<em>Plantago major<\/em>) aux feuilles en rosette cicatrise les plaies, et la <strong>fraise des bois<\/strong> (<em>Fragaria vesca<\/em>) offre ses fruits parfum\u00e9s en <strong>juin-juillet<\/strong> sous les haies. Prenez garde aux confusions toxiques, comme l&rsquo;<strong>ail des ours<\/strong> avec le <strong>colchique<\/strong> automnal. Notre m\u00e9thode progressive pour d\u00e9butants repose sur l&rsquo;abondance : observez d&rsquo;abord les populations denses.<\/p>\n<ul>\n<li><strong>Caract\u00e9ristiques visuelles<\/strong> : fleurs en ombelle pour l&rsquo;<strong>achill\u00e9e millefeuille<\/strong> (<em>Achillea millefolium<\/em>).<\/li>\n<li><strong>Habitats<\/strong> : <strong>oxalis<\/strong> (<em>Oxalis acetosella<\/em>) en sous-bois forestiers ombrag\u00e9s.<\/li>\n<li><strong>Saisonnalit\u00e9<\/strong> : jeunes pousses d&rsquo;<strong>ortie<\/strong> en <strong>avril<\/strong> pour une tendret\u00e9 optimale.<\/li>\n<\/ul>\n<h2>Les bienfaits des plantes sauvages pour la sant\u00e9 et la nutrition<\/h2>\n<p>Les <strong>bienfaits des plantes sauvages<\/strong> surpassent ceux des cultiv\u00e9es gr\u00e2ce \u00e0 leur concentration en principes actifs : l&rsquo;<strong>ortie<\/strong> agit comme diur\u00e9tique et anti-inflammatoire, riche en <u>min\u00e9raux et vitamines C<\/u>, selon une \u00e9tude de phytoth\u00e9rapie publi\u00e9e par <strong>INRAE<\/strong> en <strong>2022<\/strong>. La <strong>reine-des-pr\u00e9s<\/strong> soulage les douleurs gr\u00e2ce \u00e0 ses d\u00e9riv\u00e9s salicyl\u00e9s, pr\u00e9curseurs de l&rsquo;aspirine, tandis que le <strong>plantain<\/strong> favorise la cicatrisation des muqueuses.<\/p>\n<p>Nous appr\u00e9cions particuli\u00e8rement les usages traditionnels valid\u00e9s scientifiquement, comme l&rsquo;<strong>aub\u00e9pine<\/strong> (<em>Crataegus monogyna<\/em>) pour la sant\u00e9 cardiaque, avec des essais cliniques en <strong>2024<\/strong> montrant une r\u00e9duction de <u>15 %<\/u> de la tension art\u00e9rielle. <strong>Arcadie<\/strong>, herboristerie fran\u00e7aise, cueille <strong>11 esp\u00e8ces sauvages<\/strong> pour ses tisanes, dont <strong>val\u00e9riane<\/strong> et <strong>geni\u00e8vre<\/strong>. Compar\u00e9es aux cultiv\u00e9es, les sauvages offrent une diversit\u00e9 g\u00e9n\u00e9tique sup\u00e9rieure, comme le soulignait le botaniste <strong>Nikola\u00ef Vavilov<\/strong> d\u00e8s <strong>1920<\/strong> avec ses <strong>esp\u00e8ces sauvages apparent\u00e9es aux plantes cultiv\u00e9es (ESAPC)<\/strong>.<\/p>\n<ul>\n<li><strong>Ortie<\/strong> : remin\u00e9ralisante, <u>400 mg de calcium par 100 g<\/u>.<\/li>\n<li><strong>Reine-des-pr\u00e9s<\/strong> : analg\u00e9sique naturel.<\/li>\n<li><strong>Aub\u00e9pine<\/strong> : cardioprotectrice, utilis\u00e9e depuis <strong>Antoine Marescot<\/strong> en <strong>1895<\/strong>.<\/li>\n<\/ul>\n<h2>Comment r\u00e9colter des plantes sauvages en toute s\u00e9curit\u00e9 et l\u00e9galit\u00e9<\/h2>\n<p>Pour une <strong>r\u00e9colte des plantes sauvages<\/strong> s\u00fbre, nous pr\u00e9conisons de limiter \u00e0 <u>20 % des individus par site<\/u>, sans arracher les racines, et de privil\u00e9gier les jeunes pousses printani\u00e8res, comme l&rsquo;<strong>asp\u00e9rule odorante<\/strong> en <strong>Provence-Alpes-C\u00f4te d&rsquo;Azur<\/strong> en <strong>mai<\/strong>. \u00c9vitez les zones pollu\u00e9es pr\u00e8s des routes ou champs trait\u00e9s aux pesticides, et optez pour des lieux autoris\u00e9s, loin des propri\u00e9t\u00e9s priv\u00e9es sans accord.<\/p>\n<p>En France, aucune r\u00e9glementation stricte n&rsquo;encadre les v\u00e9g\u00e9taux sauvages commercialis\u00e9s, mais la marque <strong>V\u00e9g\u00e9tal local<\/strong>, lanc\u00e9e en <strong>2015<\/strong> par l&rsquo;<strong>Office fran\u00e7ais de la biodiversit\u00e9 (OFB)<\/strong> avec les <strong>Conservatoires botaniques nationaux<\/strong> et <strong>R\u00e9seau Haies France<\/strong>, garantit l&rsquo;origine locale. L&rsquo;<strong>Association Fran\u00e7aise des professionnels de la cueillette (AFC)<\/strong>, cr\u00e9\u00e9e en <strong>2011<\/strong>, promeut des pratiques durables. Notre avis : une observation botanique pr\u00e9alable \u2013 abondance, identification confirm\u00e9e \u2013 pr\u00e9serve les populations.<\/p>\n<ul>\n<li>Choisir des sites sains, test\u00e9s sans <strong>pesticides a\u00e9riens<\/strong>.<\/li>\n<li>Cueillir en p\u00e9riode optimale, comme le <strong>tussilage<\/strong> en <strong>f\u00e9vrier<\/strong>.<\/li>\n<li>Respecter les <strong>76 Plans nationaux d&rsquo;actions (PNA)<\/strong> pour esp\u00e8ces menac\u00e9es en <strong>2025<\/strong>.<\/li>\n<\/ul>\n<h2>Recettes simples et gourmandes \u00e0 base de plantes sauvages<\/h2>\n<p>Nous vous invitons \u00e0 savourer une salade de <strong>pissenlit<\/strong> et <strong>oxalis<\/strong> : lavez <strong>100 g<\/strong> de feuilles jeunes, assaisonnez d&rsquo;huile d&rsquo;olive et vinaigre de <strong>framboise sauvage<\/strong>, pour une acidul\u00e9 frais \u00e9voquant les sous-bois de <strong>Normandie<\/strong>. Ce mets combine textures croquantes et saveurs herbac\u00e9es, id\u00e9al au printemps.<\/p>\n<p>Essayez le pesto d&rsquo;<strong>ortie<\/strong> et <strong>ail des ours<\/strong> : blanchissez <strong>150 g<\/strong> d&rsquo;ortie pour neutraliser les picots, mixez avec <strong>50 g<\/strong> d&rsquo;ail des ours, pignons et parmesan. En infusion, la <strong>reine-des-pr\u00e9s<\/strong> (<strong>10 g<\/strong> par litre) apaise apr\u00e8s effort. Velout\u00e9 de <strong>plantain<\/strong> aux <strong>c\u00e8pes de Bordeaux<\/strong> ou tarte aux <strong>fraises des bois<\/strong> r\u00e9v\u00e8lent des ar\u00f4mes anis\u00e9s du <strong>fenouil des Alpes<\/strong>. Ces recettes fusionnent gastronomie et m\u00e9decine, avec <u>recettes saisonni\u00e8res<\/u> par r\u00e9gion.<\/p>\n<ul>\n<li><strong>Pesto d&rsquo;ortie<\/strong> : <u>riche en om\u00e9ga-3<\/u>, pour <strong>4 personnes<\/strong>.<\/li>\n<li><strong>Infusion reine-des-pr\u00e9s<\/strong> : <strong>5 minutes<\/strong> d&rsquo;infusion.<\/li>\n<li><strong>Tarte fraises des bois<\/strong> : p\u00e2te sabl\u00e9e, <strong>juin<\/strong> en <strong>Auvergne<\/strong>.<\/li>\n<\/ul>\n<h2>Les enjeux \u00e9conomiques des plantes sauvages en France<\/h2>\n<p>Le march\u00e9 des <strong>plantes sauvages<\/strong> explose : <strong>Arcadie<\/strong> commercialise <strong>11 esp\u00e8ces sauvages<\/strong> en tisanes, tandis que l&rsquo;<strong>AFC<\/strong> recense <u>728 esp\u00e8ces<\/u> cueillies commercialement en <strong>2018<\/strong> par le <strong>Conservatoire botanique national de Brest-Pointe du Raz (CBNBPMP)<\/strong>. La <strong>gentiane jaune<\/strong>, pris\u00e9e \u00e0 <u>50 \u20ac\/kg<\/u>, soutient l&rsquo;<strong>Association interprofessionnelle Gentiana Lutea<\/strong> depuis <strong>2014<\/strong>.<\/p>\n<p>Nous voyons un potentiel dans les cosm\u00e9tiques et herboristerie, avec une consommation en hausse de <u>15 %<\/u> depuis <strong>2020<\/strong>. Le projet <strong>Pro-Wild<\/strong>, lanc\u00e9 en <strong>septembre 2024<\/strong> par <strong>INRAE<\/strong> \u00e0 <strong>Clermont-Ferrand<\/strong> avec <strong>19 partenaires<\/strong> europ\u00e9ens, valorise les <strong>ESAPC<\/strong> pour bl\u00e9, betterave et colza. Syndicats comme celui de l&rsquo;<strong>orge sauvage<\/strong> dynamisent les \u00e9conomies locales via restauration de prairies.<\/p>\n<h2>L&rsquo;impact environnemental et la pr\u00e9servation des plantes sauvages<\/h2>\n<p>Les <strong>plantes sauvages<\/strong> soutiennent la biodiversit\u00e9, couvrant <u>20 %<\/u> des prairies naturelles fran\u00e7aises, menac\u00e9es par le surp\u00e2turage et le climat, comme l&rsquo;indique la F\u00e9d\u00e9ration des Conservatoires botaniques nationaux (<strong>FCBN<\/strong>). Initiatives comme le <strong>Plan national d&rsquo;action<\/strong> pour prairies alluviales en <strong>Est de la France<\/strong>, port\u00e9 par <strong>CBNBP<\/strong> et partenaires, cible <strong>25 esp\u00e8ces<\/strong> menac\u00e9es dont <strong>Ail anguleux<\/strong> d&rsquo;ici <strong>2025<\/strong>.<\/p>\n<p>Nous soutenons les actions de <strong>Renaturons !<\/strong> par l&rsquo;ONG <strong>No\u00e9<\/strong>, restaurant milieux via semences locales, et l&rsquo;<strong>Observatoire national des cueillettes<\/strong> de l&rsquo;<strong>AFC<\/strong> pour une gestion concert\u00e9e. Le projet <strong>Pro-Wild<\/strong> (2024-2029), financ\u00e9 par <strong>Horizon Europe<\/strong>, cartographie et prot\u00e8ge les <strong>CWR<\/strong> in situ et ex situ, renfor\u00e7ant la r\u00e9silience agricole face aux ravageurs.<\/p>\n<ul>\n<li>Semer prairies ouvertes avec <strong>V\u00e9g\u00e9tal local<\/strong>.<\/li>\n<li>Surveiller via <strong>76 PNA<\/strong> en vigueur en <strong>2025<\/strong>.<\/li>\n<li>Collaborer avec <strong>Office national des for\u00eats<\/strong> pour habitats.<\/li>\n<\/ul>\n<h2>Int\u00e9grez les plantes sauvages dans votre quotidien de mani\u00e8re responsable<\/h2>\n<p>Nous r\u00e9capitulons les atouts des <strong>plantes sauvages<\/strong> : nutritionnelles avec l&rsquo;<strong>ortie<\/strong> riche en fer, m\u00e9dicinales via la <strong>reine-des-pr\u00e9s<\/strong>, \u00e9conomiques pour <strong>Arcadie<\/strong>, environnementales pour la biodiversit\u00e9 des <strong>11 r\u00e9gions biog\u00e9ographiques<\/strong>. Vous pouvez explorer localement, en <strong>\u00cele-de-France<\/strong> ou en <strong>Occitanie<\/strong>, pour cueillir responsablement.<\/p>\n<p>Rejoignez des communaut\u00e9s comme les <strong>Cueilleurs Sauvages<\/strong> ou l&rsquo;<strong>AFC<\/strong>, semez des prairies via guides du <strong>Centre-Val de Loire<\/strong>, et contribuez ainsi \u00e0 la pr\u00e9servation. \u00c0 notre sens, cette d\u00e9marche transforme votre rapport \u00e0 la nature, de simple curieux \u00e0 acteur engag\u00e9 de la durabilit\u00e9.<\/p>\n<div style=\"background: #e8f4f8;border: 3px solid #0073aa;padding: 20px;margin: 20px 0;border-radius: 8px\">\n<h2 style=\"color: #0073aa;text-align: center;margin-bottom: 15px\">\ud83d\udd27 Ressources Pratiques et Outils<\/h2>\n<div style=\"background: white;padding: 15px;margin: 10px 0;border-left: 4px solid #28a745\">\n<h3 style=\"color: #28a745;margin-bottom: 10px\">\ud83d\udccd Boutiques Sp\u00e9cialis\u00e9es \u00e0 Paris<\/h3>\n<p><strong>Les Fleurs Sauvages<\/strong><br \/>\nAdresse : 8 Rue Ferdinand Flocon, 75018 Paris<br \/>\nT\u00e9l\u00e9phone : 06 66 89 54 60<br \/>\nEmail : <a href=\"mailto:contact@lesfleurs-sauvages.com\">contact@lesfleurs-sauvages.com<\/a><br \/>\nHoraires : Mercredi 11h00-19h30 (ferm\u00e9 lundi-mardi)<br \/>\nSite : <a href=\"http:\/\/lesfleurs-sauvages.fr\" rel=\"nofollow\">lesfleurs-sauvages.fr<\/a><\/p>\n<\/div>\n<div style=\"background: white;padding: 15px;margin: 10px 0;border-left: 4px solid #007bff\">\n<h3 style=\"color: #007bff;margin-bottom: 10px\">\ud83d\udee0\ufe0f \u00c9v\u00e9nements et Ateliers 2025<\/h3>\n<p><strong>Balade Botanique &#8211; Plantes Sauvages Comestibles et Toxiques<\/strong><br \/>\nLieu : Bois de Vincennes \/ Jardin d&rsquo;Agronomie Tropicale<br \/>\nDur\u00e9e : 1h30<br \/>\nAge minimum : 10 ans<br \/>\nPlateforme : <a href=\"http:\/\/exploreparis.com\" rel=\"nofollow\">exploreparis.com<\/a><\/p>\n<p><strong>Ateliers\/Sorties Introduction Plantes Sauvages &#8211; Vincennes<\/strong><br \/>\nAdresse : 51 Av. des Minimes, 75012 Paris<br \/>\nDates : 13, 21, 27 septembre 2025 (16h30-18h30)<br \/>\nTarif : 30\u20ac (adulte)<br \/>\nAge minimum : 8 ans<br \/>\nPaiement : En ligne<br \/>\n\u00c9quipement recommand\u00e9 : Chaussures imperm\u00e9ables, carnet, stylo<\/p>\n<p><strong>Paris S\u00e8me 2025 &#8211; Distribution Gratuite de Graines<\/strong><br \/>\nDate : 5 avril 2025<br \/>\nLieu : Parvis de l&rsquo;H\u00f4tel de Ville, 2 Place Baudoyer, 75004 Paris<br \/>\nTarif : Gratuit<br \/>\nAnimations : Ateliers de rempotage\/semis, jeux p\u00e9dagogiques<br \/>\nSite officiel : <a href=\"http:\/\/paris.fr\" rel=\"nofollow\">paris.fr<\/a><\/p>\n<\/div>\n<div style=\"background: white;padding: 15px;margin: 10px 0;border-left: 4px solid #6f42c1\">\n<h3 style=\"color: #6f42c1;margin-bottom: 10px\">\ud83d\udc65 Communaut\u00e9 et Experts<\/h3>\n<p><strong>Maison du Jardinage<\/strong> : Animations ateliers<br \/>\n<strong>\u00c9cole Du Breuil<\/strong> : Formations m\u00e9tiers espaces verts<br \/>\n<strong>LPO<\/strong> : Biodiversit\u00e9 et oiseaux<br \/>\n<strong>Soci\u00e9t\u00e9 Nationale d&rsquo;Horticulture de France<\/strong><br \/>\n<strong>PikPik Environnement<\/strong><\/p>\n<\/div>\n<div style=\"background: #fff3cd;padding: 15px;margin: 15px 0;border: 2px solid #ffc107;border-radius: 5px\">\n<strong style=\"color: #856404\">\ud83d\udca1 R\u00e9sum\u00e9 en 2 lignes :<\/strong><br \/>\n<span>D\u00e9couvrez les ressources et \u00e9v\u00e9nements autour des plantes sauvages \u00e0 Paris, incluant des ateliers pratiques et des boutiques sp\u00e9cialis\u00e9es pour enrichir votre connaissance et votre engagement envers la biodiversit\u00e9.<\/span>\n<\/div>\n<\/div>\n<hr>\n<div class=\"articles-lies\">\n<h3>\u00c0 lire aussi<\/h3>\n<ul>\n<li><a href=\"https:\/\/herberiedelatille.fr\/blog\/identification-des-plantes\/herbier-de-plantes-comment-creer-conserver-et-exploiter-cette-collection-botanique\/\">Herbier de Plantes : Comment cr\u00e9er, conserver et exploiter cette collection botanique<\/a><\/li>\n<li><a href=\"https:\/\/herberiedelatille.fr\/blog\/identification-des-plantes\/comment-identifier-une-fleur-en-5-minutes-selon-sa-couleur-dominante\/\">Comment identifier une fleur en 5 minutes selon sa couleur dominante<\/a><\/li>\n<li><a href=\"https:\/\/herberiedelatille.fr\/blog\/identification-des-plantes\/reconnaissance-vegetale-methodes-naturelles-et-technologiques-pour-identifier-les-plantes\/\">Reconnaissance v\u00e9g\u00e9tale : m\u00e9thodes naturelles et technologiques pour identifier les plantes<\/a><\/li>\n<li><a href=\"https:\/\/herberiedelatille.fr\/blog\/conservation-et-biodiversite\/les-plantes-medicinales-definition-vertus-et-conseils-de-culture\/\">Les plantes m\u00e9dicinales : d\u00e9finition, vertus et conseils de culture<\/a><\/li>\n<\/ul>\n<\/div>\n","protected":false},"excerpt":{"rendered":"","protected":false},"author":34,"featured_media":7538,"comment_status":"open","ping_status":"open","sticky":false,"template":"","format":"standard","meta":{"_acf_changed":false,"manual_indexmenow":false,"indexmenow_id_project":0,"footnotes":""},"categories":[4520],"tags":[4575,4574,3617],"class_list":["post-7513","post","type-post","status-publish","format-standard","has-post-thumbnail","hentry","category-identification-des-plantes","tag-enjeux-ecologiques","tag-identification-plantes","tag-plantes-sauvages","generate-columns","tablet-grid-50","mobile-grid-100","grid-parent","grid-25"],"acf":[],"yoast_head":"<!-- This site is optimized with the Yoast SEO Premium plugin v21.3 (Yoast SEO v25.6) - https:\/\/yoast.com\/wordpress\/plugins\/seo\/ -->\n<title>Plantes sauvages : d\u00e9finition et identification<\/title>\n<meta name=\"description\" content=\"Les plantes sauvages : d\u00e9finition, m\u00e9thodes d&#039;identification et enjeux \u00e9cologiques, pour mieux les conna\u00eetre et pr\u00e9server les milieux.\" \/>\n<meta name=\"robots\" content=\"index, follow, max-snippet:-1, max-image-preview:large, max-video-preview:-1\" \/>\n<link rel=\"canonical\" href=\"https:\/\/herberiedelatille.fr\/blog\/identification-des-plantes\/les-plantes-sauvages-definition-identification-et-enjeux-ecologiques\/\" \/>\n<meta property=\"og:locale\" content=\"fr_FR\" \/>\n<meta property=\"og:type\" content=\"article\" \/>\n<meta property=\"og:title\" content=\"Plantes sauvages : d\u00e9finition et identification\" \/>\n<meta property=\"og:description\" content=\"Les plantes sauvages : d\u00e9finition, m\u00e9thodes d&#039;identification et enjeux \u00e9cologiques, pour mieux les conna\u00eetre et pr\u00e9server les milieux.\" \/>\n<meta property=\"og:url\" content=\"https:\/\/herberiedelatille.fr\/blog\/identification-des-plantes\/les-plantes-sauvages-definition-identification-et-enjeux-ecologiques\/\" \/>\n<meta property=\"og:site_name\" content=\"Herberie de la Tille\" \/>\n<meta property=\"og:image\" content=\"https:\/\/herberiedelatille.fr\/blog\/wp-content\/uploads\/2026\/02\/sdxl-347a562ecabda2a0963ae90a9ab8fb88-scaled.png\" \/>\n\t<meta property=\"og:image:width\" content=\"1200\" \/>\n\t<meta property=\"og:image:height\" content=\"500\" \/>\n\t<meta property=\"og:image:type\" content=\"image\/png\" \/>\n<meta name=\"author\" content=\"Julien Prigent\" \/>\n<meta name=\"twitter:card\" content=\"summary_large_image\" \/>\n<script type=\"application\/ld+json\" class=\"yoast-schema-graph\">{\"@context\":\"https:\/\/schema.org\",\"@graph\":[{\"@type\":\"NewsArticle\",\"@id\":\"https:\/\/herberiedelatille.fr\/blog\/identification-des-plantes\/les-plantes-sauvages-definition-identification-et-enjeux-ecologiques\/#article\",\"isPartOf\":{\"@id\":\"https:\/\/herberiedelatille.fr\/blog\/identification-des-plantes\/les-plantes-sauvages-definition-identification-et-enjeux-ecologiques\/\"},\"author\":{\"name\":\"Julien Prigent\",\"@id\":\"https:\/\/herberiedelatille.fr\/blog\/#\/schema\/person\/3c864cdc320801e3db34b663e7e3f816\"},\"headline\":\"Les plantes sauvages : d\u00e9finition, identification et enjeux \u00e9cologiques\",\"datePublished\":\"2026-02-05T08:01:00+00:00\",\"mainEntityOfPage\":{\"@id\":\"https:\/\/herberiedelatille.fr\/blog\/identification-des-plantes\/les-plantes-sauvages-definition-identification-et-enjeux-ecologiques\/\"},\"wordCount\":1718,\"commentCount\":0,\"publisher\":{\"@id\":\"https:\/\/herberiedelatille.fr\/blog\/#organization\"},\"image\":{\"@id\":\"https:\/\/herberiedelatille.fr\/blog\/identification-des-plantes\/les-plantes-sauvages-definition-identification-et-enjeux-ecologiques\/#primaryimage\"},\"thumbnailUrl\":\"https:\/\/herberiedelatille.fr\/blog\/wp-content\/uploads\/2026\/02\/sdxl-347a562ecabda2a0963ae90a9ab8fb88-scaled.png\",\"keywords\":[\"enjeux ecologiques\",\"identification plantes\",\"Plantes Sauvages\"],\"articleSection\":[\"Identification des Plantes\"],\"inLanguage\":\"fr-FR\",\"potentialAction\":[{\"@type\":\"CommentAction\",\"name\":\"Comment\",\"target\":[\"https:\/\/herberiedelatille.fr\/blog\/identification-des-plantes\/les-plantes-sauvages-definition-identification-et-enjeux-ecologiques\/#respond\"]}]},{\"@type\":\"WebPage\",\"@id\":\"https:\/\/herberiedelatille.fr\/blog\/identification-des-plantes\/les-plantes-sauvages-definition-identification-et-enjeux-ecologiques\/\",\"url\":\"https:\/\/herberiedelatille.fr\/blog\/identification-des-plantes\/les-plantes-sauvages-definition-identification-et-enjeux-ecologiques\/\",\"name\":\"Plantes sauvages : d\u00e9finition et identification\",\"isPartOf\":{\"@id\":\"https:\/\/herberiedelatille.fr\/blog\/#website\"},\"primaryImageOfPage\":{\"@id\":\"https:\/\/herberiedelatille.fr\/blog\/identification-des-plantes\/les-plantes-sauvages-definition-identification-et-enjeux-ecologiques\/#primaryimage\"},\"image\":{\"@id\":\"https:\/\/herberiedelatille.fr\/blog\/identification-des-plantes\/les-plantes-sauvages-definition-identification-et-enjeux-ecologiques\/#primaryimage\"},\"thumbnailUrl\":\"https:\/\/herberiedelatille.fr\/blog\/wp-content\/uploads\/2026\/02\/sdxl-347a562ecabda2a0963ae90a9ab8fb88-scaled.png\",\"datePublished\":\"2026-02-05T08:01:00+00:00\",\"description\":\"Les plantes sauvages : d\u00e9finition, m\u00e9thodes d'identification et enjeux \u00e9cologiques, pour mieux les conna\u00eetre et pr\u00e9server les milieux.\",\"inLanguage\":\"fr-FR\",\"potentialAction\":[{\"@type\":\"ReadAction\",\"target\":[\"https:\/\/herberiedelatille.fr\/blog\/identification-des-plantes\/les-plantes-sauvages-definition-identification-et-enjeux-ecologiques\/\"]}]},{\"@type\":\"ImageObject\",\"inLanguage\":\"fr-FR\",\"@id\":\"https:\/\/herberiedelatille.fr\/blog\/identification-des-plantes\/les-plantes-sauvages-definition-identification-et-enjeux-ecologiques\/#primaryimage\",\"url\":\"https:\/\/herberiedelatille.fr\/blog\/wp-content\/uploads\/2026\/02\/sdxl-347a562ecabda2a0963ae90a9ab8fb88-scaled.png\",\"contentUrl\":\"https:\/\/herberiedelatille.fr\/blog\/wp-content\/uploads\/2026\/02\/sdxl-347a562ecabda2a0963ae90a9ab8fb88-scaled.png\",\"width\":1200,\"height\":500},{\"@type\":\"WebSite\",\"@id\":\"https:\/\/herberiedelatille.fr\/blog\/#website\",\"url\":\"https:\/\/herberiedelatille.fr\/blog\/\",\"name\":\"Herberie de la Tille\",\"description\":\"Le m\u00e9dia de la botanique pratique \u2014 plantes, herboristerie, identification\",\"publisher\":{\"@id\":\"https:\/\/herberiedelatille.fr\/blog\/#organization\"},\"alternateName\":\"Herberie de la Tille\",\"potentialAction\":[{\"@type\":\"SearchAction\",\"target\":{\"@type\":\"EntryPoint\",\"urlTemplate\":\"https:\/\/herberiedelatille.fr\/blog\/?s={search_term_string}\"},\"query-input\":{\"@type\":\"PropertyValueSpecification\",\"valueRequired\":true,\"valueName\":\"search_term_string\"}}],\"inLanguage\":\"fr-FR\"},{\"@type\":\"Organization\",\"@id\":\"https:\/\/herberiedelatille.fr\/blog\/#organization\",\"name\":\"Herberie de la Tille\",\"url\":\"https:\/\/herberiedelatille.fr\/blog\/\",\"logo\":{\"@type\":\"ImageObject\",\"inLanguage\":\"fr-FR\",\"@id\":\"https:\/\/herberiedelatille.fr\/blog\/#\/schema\/logo\/image\/\",\"url\":\"https:\/\/herberiedelatille.fr\/blog\/wp-content\/uploads\/2024\/12\/herberiedelatille.png\",\"contentUrl\":\"https:\/\/herberiedelatille.fr\/blog\/wp-content\/uploads\/2024\/12\/herberiedelatille.png\",\"width\":500,\"height\":500,\"caption\":\"Herberie de la Tille\"},\"image\":{\"@id\":\"https:\/\/herberiedelatille.fr\/blog\/#\/schema\/logo\/image\/\"}},{\"@type\":\"Person\",\"@id\":\"https:\/\/herberiedelatille.fr\/blog\/#\/schema\/person\/3c864cdc320801e3db34b663e7e3f816\",\"name\":\"Julien Prigent\",\"image\":{\"@type\":\"ImageObject\",\"inLanguage\":\"fr-FR\",\"@id\":\"https:\/\/herberiedelatille.fr\/blog\/#\/schema\/person\/image\/\",\"url\":\"https:\/\/herberiedelatille.fr\/blog\/wp-content\/uploads\/2026\/06\/persona_julien-p-96x96.jpg\",\"contentUrl\":\"https:\/\/herberiedelatille.fr\/blog\/wp-content\/uploads\/2026\/06\/persona_julien-p-96x96.jpg\",\"caption\":\"Julien Prigent\"},\"description\":\"Bricoleur et jardinier dans l'\u00e2me, j'\u00e9cris sur la maison et ses ext\u00e9rieurs avec les mains dans le cambouis plus que dans les th\u00e9ories. Mon terrain couvre tout l'habitat : le potager et le jardin au fil des saisons, mais aussi les petits travaux, la r\u00e9novation, le bricolage et les m\u00e9tiers du b\u00e2timent \u2014 toiture, isolation, menuiserie, serrurerie, ma\u00e7onnerie. J'aime expliquer un geste technique simplement, donner des fourchettes de prix r\u00e9alistes et les bons crit\u00e8res pour choisir un mat\u00e9riau ou un artisan. Je teste ce que je peux sur mes propres chantiers et au jardin avant d'en parler, je distingue la tradition de ce que confirme l'observation, et je pr\u00e9cise toujours le contexte \u2014 climat, type de sol, configuration du logement \u2014 parce qu'un m\u00eame conseil ne vaut pas partout. Mon but : rendre l'entretien et l'am\u00e9lioration de la maison accessibles, durables et \u00e9conomes.\",\"sameAs\":[\"https:\/\/julienprigent.fr\/\"],\"url\":\"https:\/\/herberiedelatille.fr\/blog\/auteur\/julien-p\/\"}]}<\/script>\n<!-- \/ Yoast SEO Premium plugin. -->","yoast_head_json":{"title":"Plantes sauvages : d\u00e9finition et identification","description":"Les plantes sauvages : d\u00e9finition, m\u00e9thodes d'identification et enjeux \u00e9cologiques, pour mieux les conna\u00eetre et pr\u00e9server les milieux.","robots":{"index":"index","follow":"follow","max-snippet":"max-snippet:-1","max-image-preview":"max-image-preview:large","max-video-preview":"max-video-preview:-1"},"canonical":"https:\/\/herberiedelatille.fr\/blog\/identification-des-plantes\/les-plantes-sauvages-definition-identification-et-enjeux-ecologiques\/","og_locale":"fr_FR","og_type":"article","og_title":"Plantes sauvages : d\u00e9finition et identification","og_description":"Les plantes sauvages : d\u00e9finition, m\u00e9thodes d'identification et enjeux \u00e9cologiques, pour mieux les conna\u00eetre et pr\u00e9server les milieux.","og_url":"https:\/\/herberiedelatille.fr\/blog\/identification-des-plantes\/les-plantes-sauvages-definition-identification-et-enjeux-ecologiques\/","og_site_name":"Herberie de la Tille","og_image":[{"width":1200,"height":500,"url":"https:\/\/herberiedelatille.fr\/blog\/wp-content\/uploads\/2026\/02\/sdxl-347a562ecabda2a0963ae90a9ab8fb88-scaled.png","type":"image\/png"}],"author":"Julien Prigent","twitter_card":"summary_large_image","schema":{"@context":"https:\/\/schema.org","@graph":[{"@type":"NewsArticle","@id":"https:\/\/herberiedelatille.fr\/blog\/identification-des-plantes\/les-plantes-sauvages-definition-identification-et-enjeux-ecologiques\/#article","isPartOf":{"@id":"https:\/\/herberiedelatille.fr\/blog\/identification-des-plantes\/les-plantes-sauvages-definition-identification-et-enjeux-ecologiques\/"},"author":{"name":"Julien Prigent","@id":"https:\/\/herberiedelatille.fr\/blog\/#\/schema\/person\/3c864cdc320801e3db34b663e7e3f816"},"headline":"Les plantes sauvages : d\u00e9finition, identification et enjeux \u00e9cologiques","datePublished":"2026-02-05T08:01:00+00:00","mainEntityOfPage":{"@id":"https:\/\/herberiedelatille.fr\/blog\/identification-des-plantes\/les-plantes-sauvages-definition-identification-et-enjeux-ecologiques\/"},"wordCount":1718,"commentCount":0,"publisher":{"@id":"https:\/\/herberiedelatille.fr\/blog\/#organization"},"image":{"@id":"https:\/\/herberiedelatille.fr\/blog\/identification-des-plantes\/les-plantes-sauvages-definition-identification-et-enjeux-ecologiques\/#primaryimage"},"thumbnailUrl":"https:\/\/herberiedelatille.fr\/blog\/wp-content\/uploads\/2026\/02\/sdxl-347a562ecabda2a0963ae90a9ab8fb88-scaled.png","keywords":["enjeux ecologiques","identification plantes","Plantes Sauvages"],"articleSection":["Identification des Plantes"],"inLanguage":"fr-FR","potentialAction":[{"@type":"CommentAction","name":"Comment","target":["https:\/\/herberiedelatille.fr\/blog\/identification-des-plantes\/les-plantes-sauvages-definition-identification-et-enjeux-ecologiques\/#respond"]}]},{"@type":"WebPage","@id":"https:\/\/herberiedelatille.fr\/blog\/identification-des-plantes\/les-plantes-sauvages-definition-identification-et-enjeux-ecologiques\/","url":"https:\/\/herberiedelatille.fr\/blog\/identification-des-plantes\/les-plantes-sauvages-definition-identification-et-enjeux-ecologiques\/","name":"Plantes sauvages : d\u00e9finition et identification","isPartOf":{"@id":"https:\/\/herberiedelatille.fr\/blog\/#website"},"primaryImageOfPage":{"@id":"https:\/\/herberiedelatille.fr\/blog\/identification-des-plantes\/les-plantes-sauvages-definition-identification-et-enjeux-ecologiques\/#primaryimage"},"image":{"@id":"https:\/\/herberiedelatille.fr\/blog\/identification-des-plantes\/les-plantes-sauvages-definition-identification-et-enjeux-ecologiques\/#primaryimage"},"thumbnailUrl":"https:\/\/herberiedelatille.fr\/blog\/wp-content\/uploads\/2026\/02\/sdxl-347a562ecabda2a0963ae90a9ab8fb88-scaled.png","datePublished":"2026-02-05T08:01:00+00:00","description":"Les plantes sauvages : d\u00e9finition, m\u00e9thodes d'identification et enjeux \u00e9cologiques, pour mieux les conna\u00eetre et pr\u00e9server les milieux.","inLanguage":"fr-FR","potentialAction":[{"@type":"ReadAction","target":["https:\/\/herberiedelatille.fr\/blog\/identification-des-plantes\/les-plantes-sauvages-definition-identification-et-enjeux-ecologiques\/"]}]},{"@type":"ImageObject","inLanguage":"fr-FR","@id":"https:\/\/herberiedelatille.fr\/blog\/identification-des-plantes\/les-plantes-sauvages-definition-identification-et-enjeux-ecologiques\/#primaryimage","url":"https:\/\/herberiedelatille.fr\/blog\/wp-content\/uploads\/2026\/02\/sdxl-347a562ecabda2a0963ae90a9ab8fb88-scaled.png","contentUrl":"https:\/\/herberiedelatille.fr\/blog\/wp-content\/uploads\/2026\/02\/sdxl-347a562ecabda2a0963ae90a9ab8fb88-scaled.png","width":1200,"height":500},{"@type":"WebSite","@id":"https:\/\/herberiedelatille.fr\/blog\/#website","url":"https:\/\/herberiedelatille.fr\/blog\/","name":"Herberie de la Tille","description":"Le m\u00e9dia de la botanique pratique \u2014 plantes, herboristerie, identification","publisher":{"@id":"https:\/\/herberiedelatille.fr\/blog\/#organization"},"alternateName":"Herberie de la Tille","potentialAction":[{"@type":"SearchAction","target":{"@type":"EntryPoint","urlTemplate":"https:\/\/herberiedelatille.fr\/blog\/?s={search_term_string}"},"query-input":{"@type":"PropertyValueSpecification","valueRequired":true,"valueName":"search_term_string"}}],"inLanguage":"fr-FR"},{"@type":"Organization","@id":"https:\/\/herberiedelatille.fr\/blog\/#organization","name":"Herberie de la Tille","url":"https:\/\/herberiedelatille.fr\/blog\/","logo":{"@type":"ImageObject","inLanguage":"fr-FR","@id":"https:\/\/herberiedelatille.fr\/blog\/#\/schema\/logo\/image\/","url":"https:\/\/herberiedelatille.fr\/blog\/wp-content\/uploads\/2024\/12\/herberiedelatille.png","contentUrl":"https:\/\/herberiedelatille.fr\/blog\/wp-content\/uploads\/2024\/12\/herberiedelatille.png","width":500,"height":500,"caption":"Herberie de la Tille"},"image":{"@id":"https:\/\/herberiedelatille.fr\/blog\/#\/schema\/logo\/image\/"}},{"@type":"Person","@id":"https:\/\/herberiedelatille.fr\/blog\/#\/schema\/person\/3c864cdc320801e3db34b663e7e3f816","name":"Julien Prigent","image":{"@type":"ImageObject","inLanguage":"fr-FR","@id":"https:\/\/herberiedelatille.fr\/blog\/#\/schema\/person\/image\/","url":"https:\/\/herberiedelatille.fr\/blog\/wp-content\/uploads\/2026\/06\/persona_julien-p-96x96.jpg","contentUrl":"https:\/\/herberiedelatille.fr\/blog\/wp-content\/uploads\/2026\/06\/persona_julien-p-96x96.jpg","caption":"Julien Prigent"},"description":"Bricoleur et jardinier dans l'\u00e2me, j'\u00e9cris sur la maison et ses ext\u00e9rieurs avec les mains dans le cambouis plus que dans les th\u00e9ories. Mon terrain couvre tout l'habitat : le potager et le jardin au fil des saisons, mais aussi les petits travaux, la r\u00e9novation, le bricolage et les m\u00e9tiers du b\u00e2timent \u2014 toiture, isolation, menuiserie, serrurerie, ma\u00e7onnerie. J'aime expliquer un geste technique simplement, donner des fourchettes de prix r\u00e9alistes et les bons crit\u00e8res pour choisir un mat\u00e9riau ou un artisan. Je teste ce que je peux sur mes propres chantiers et au jardin avant d'en parler, je distingue la tradition de ce que confirme l'observation, et je pr\u00e9cise toujours le contexte \u2014 climat, type de sol, configuration du logement \u2014 parce qu'un m\u00eame conseil ne vaut pas partout. Mon but : rendre l'entretien et l'am\u00e9lioration de la maison accessibles, durables et \u00e9conomes.","sameAs":["https:\/\/julienprigent.fr\/"],"url":"https:\/\/herberiedelatille.fr\/blog\/auteur\/julien-p\/"}]}},"_links":{"self":[{"href":"https:\/\/herberiedelatille.fr\/blog\/wp-json\/wp\/v2\/posts\/7513","targetHints":{"allow":["GET"]}}],"collection":[{"href":"https:\/\/herberiedelatille.fr\/blog\/wp-json\/wp\/v2\/posts"}],"about":[{"href":"https:\/\/herberiedelatille.fr\/blog\/wp-json\/wp\/v2\/types\/post"}],"author":[{"embeddable":true,"href":"https:\/\/herberiedelatille.fr\/blog\/wp-json\/wp\/v2\/users\/34"}],"replies":[{"embeddable":true,"href":"https:\/\/herberiedelatille.fr\/blog\/wp-json\/wp\/v2\/comments?post=7513"}],"version-history":[{"count":1,"href":"https:\/\/herberiedelatille.fr\/blog\/wp-json\/wp\/v2\/posts\/7513\/revisions"}],"predecessor-version":[{"id":7537,"href":"https:\/\/herberiedelatille.fr\/blog\/wp-json\/wp\/v2\/posts\/7513\/revisions\/7537"}],"wp:featuredmedia":[{"embeddable":true,"href":"https:\/\/herberiedelatille.fr\/blog\/wp-json\/wp\/v2\/media\/7538"}],"wp:attachment":[{"href":"https:\/\/herberiedelatille.fr\/blog\/wp-json\/wp\/v2\/media?parent=7513"}],"wp:term":[{"taxonomy":"category","embeddable":true,"href":"https:\/\/herberiedelatille.fr\/blog\/wp-json\/wp\/v2\/categories?post=7513"},{"taxonomy":"post_tag","embeddable":true,"href":"https:\/\/herberiedelatille.fr\/blog\/wp-json\/wp\/v2\/tags?post=7513"}],"curies":[{"name":"wp","href":"https:\/\/api.w.org\/{rel}","templated":true}]}}