{"id":7514,"date":"2026-02-09T09:05:00","date_gmt":"2026-02-09T08:05:00","guid":{"rendered":"https:\/\/herberiedelatille.fr\/blog\/?p=7514"},"modified":"2026-02-09T09:05:00","modified_gmt":"2026-02-09T08:05:00","slug":"herbier-de-plantes-comment-creer-conserver-et-exploiter-cette-collection-botanique","status":"publish","type":"post","link":"https:\/\/herberiedelatille.fr\/blog\/identification-des-plantes\/herbier-de-plantes-comment-creer-conserver-et-exploiter-cette-collection-botanique\/","title":{"rendered":"Herbier de Plantes : Comment cr\u00e9er, conserver et exploiter cette collection botanique"},"content":{"rendered":"<div style=\"background: linear-gradient(135deg, #f5f7fa 0%, #e9ecef 100%);border-left: 4px solid #0073aa;padding: 15px 20px;margin: 0 0 25px 0;border-radius: 0 8px 8px 0\">\n<p style=\"margin: 0;font-size: 14px;color: #0073aa;font-weight: 600;text-transform: uppercase;letter-spacing: 1px;margin-bottom: 10px\">\ud83d\udccb En bref<\/p>\n<ul style=\"margin: 0;padding-left: 20px;list-style-type: none\">\n<li style=\"margin: 5px 0;color: #333;font-size: 15px;line-height: 1.5;position: relative;padding-left: 15px\"><span style=\"position: absolute;left: 0;color: #0073aa\">\u25b8<\/span> Un herbier est une collection de plantes s\u00e9ch\u00e9es, accompagn\u00e9es d&#039;\u00e9tiquettes pour leur identification scientifique.<\/li>\n<li style=\"margin: 5px 0;color: #333;font-size: 15px;line-height: 1.5;position: relative;padding-left: 15px\"><span style=\"position: absolute;left: 0;color: #0073aa\">\u25b8<\/span> Il inclut des plantes sauvages et officinales, essentielles pour la recherche et le suivi des changements environnementaux.<\/li>\n<li style=\"margin: 5px 0;color: #333;font-size: 15px;line-height: 1.5;position: relative;padding-left: 15px\"><span style=\"position: absolute;left: 0;color: #0073aa\">\u25b8<\/span> Les herbiers, int\u00e9grant des techniques modernes comme l&#039;ADN barcoding, sont cruciaux pour la conservation et l&#039;\u00e9tude des esp\u00e8ces.<\/li>\n<\/ul>\n<\/div>\n<h1>Herbier de Plantes : Guide Complet pour la Cr\u00e9ation, la Conservation et les Applications Scientifiques<\/h1>\n<h2>Qu&rsquo;est-ce qu&rsquo;un Herbier de Plantes ? D\u00e9finition et Histoire<\/h2>\n<p>Un <strong>herbier<\/strong> d\u00e9signe une <u>collection syst\u00e9matique de plantes ou de fragments de plantes s\u00e9ch\u00e9es, aplaties et conserv\u00e9es entre feuillets<\/u>, accompagn\u00e9es d&rsquo;\u00e9tiquettes pr\u00e9cisant le nom scientifique, la date et le lieu de <strong>r\u00e9colte<\/strong>. Nous appr\u00e9cions particuli\u00e8rement sa polyvalence, couvrant non seulement les <strong>plantes vasculaires<\/strong> mais aussi les bryophytes, lichens et algues, comme dans l&rsquo;<strong>herbier du Conservatoire Botanique National du Massif Central<\/strong> \u00e0 <strong>Mascarine<\/strong>.<\/p>\n<p>Historiquement qualifi\u00e9 de <em>jardin d&rsquo;hiver<\/em> ou <em>jardin s\u00e9ch\u00e9<\/em>, ce concept \u00e9merge au XVe si\u00e8cle avec des ouvrages comme <em>Le Grant Herbier<\/em> manuscrit conserv\u00e9 \u00e0 la <strong>Biblioth\u00e8que Nationale de France<\/strong>. Au <strong>Jardin Botanique de Bordeaux<\/strong>, les collections remontent au d\u00e9but du XIXe si\u00e8cle, t\u00e9moignant d&rsquo;une \u00e9volution botanique essentielle. Nous estimons que ces archives physiques surpassent les images num\u00e9riques pour valider les identifications, surtout avec la mont\u00e9e des <strong>herbiers num\u00e9riques<\/strong> comme ceux de <strong>Tela-Botanica.org<\/strong>, qui num\u00e9risent des millions de sp\u00e9cimens depuis 2000.<\/p>\n<ul>\n<li><strong>Classification binomiale latine<\/strong> : Syst\u00e8me unique pour nommer les plantes, facilitant les \u00e9changes internationaux, adopt\u00e9 par le <strong>Code International de Nomenclature Botanique<\/strong> depuis 1867.<\/li>\n<li><strong>Herbiers institutionnels<\/strong> : Le <strong>Mus\u00e9um National d&rsquo;Histoire Naturelle<\/strong> abrite 8 millions de sp\u00e9cimens, dont <u>15% collect\u00e9s avant 1900<\/u>.<\/li>\n<li><strong>\u00c9volution moderne<\/strong> : Int\u00e9gration de l&rsquo;<strong>ADN barcoding<\/strong> sur \u00e9chantillons s\u00e9ch\u00e9s, r\u00e9volutionnant la g\u00e9n\u00e9tique v\u00e9g\u00e9tale depuis 2015.<\/li>\n<\/ul>\n<h2>Les Types de Plantes \u00e0 Inclure dans un Herbier<\/h2>\n<p>Nous privil\u00e9gions les <strong>plantes sauvages<\/strong> et officinales pour leur valeur scientifique, comme la <strong>camomille matricaria<\/strong> (<em>Matricaria chamomilla<\/em>) ou le <strong>millepertuis<\/strong> (<em>Hypericum perforatum<\/em>), r\u00e9colt\u00e9s entiers pour analyser racines, feuilles, fleurs et fruits. En France, parmi les <u>6000 esp\u00e8ces vasculaires<\/u>, ciblez les orchid\u00e9es sauvages des r\u00e9gions comme la <strong>vall\u00e9e de la Loire<\/strong>, ou les invasives comme la <strong>renou\u00e9e du Japon<\/strong> (<em>Reynoutria japonica<\/em>), signal\u00e9e dans <u>85% des d\u00e9partements<\/u> depuis 2019 par l&rsquo;<strong>INPN<\/strong> (<strong>Inventaire National du Patrimoine Naturel<\/strong>).<\/p>\n<p>Face au <strong>changement climatique<\/strong>, nous recommandons de tracker les esp\u00e8ces migratrices, telles que le <strong>pin sylvestre<\/strong> remontant de <u>20 m\u00e8tres d&rsquo;altitude par d\u00e9cennie<\/u> dans les <strong>Alpes fran\u00e7aises<\/strong> selon une \u00e9tude du <strong>Centre National de la Recherche Scientifique<\/strong> (CNRS) en 2023. Les herbiers servent de r\u00e9f\u00e9rences temporelles pour ces shifts, surpassant les observations sporadiques.<\/p>\n<ul>\n<li><strong>Plantes officinales<\/strong> : <strong>Armoise<\/strong> (<em>Artemisia vulgaris<\/em>), utilis\u00e9e en phytoth\u00e9rapie, abondante en <strong>\u00cele-de-France<\/strong>.<\/li>\n<li><strong>Esp\u00e8ces menac\u00e9es<\/strong> : <strong>Lys martagon<\/strong> (<em>Lilium martagon<\/em>), prot\u00e9g\u00e9 par la directive <strong>Habitats<\/strong> de 1992, avec <u>30% de d\u00e9clin<\/u> en 20 ans.<\/li>\n<li><strong>Plantes invasives<\/strong> : <strong>Berce du Caucase<\/strong> (<em>Heracleum mantegazzianum<\/em>), \u00e0 documenter pour programmes de contr\u00f4le en <strong>Bretagne<\/strong>.<\/li>\n<\/ul>\n<h2>Techniques de R\u00e9colte des Plantes pour Herbier<\/h2>\n<p>La <strong>r\u00e9colte<\/strong> optimale survient par temps sec, entre mai et juillet lorsque <u>70% des esp\u00e8ces fleuries<\/u> en France, utilisant un s\u00e9cateur, des sacs en papier et un GPS pour localiser pr\u00e9cis\u00e9ment, comme pratiqu\u00e9 au <strong>Jardin Botanique de l&rsquo;Universit\u00e9 de Strasbourg<\/strong>. Nous insistons sur l&rsquo;\u00e9thique : limitez-vous \u00e0 1-2 sp\u00e9cimens par population, \u00e9vitant les esp\u00e8ces prot\u00e9g\u00e9es par la loi <strong>Natura 2000<\/strong> de 1992, qui couvre <u>18% du territoire fran\u00e7ais<\/u>.<\/p>\n<p>Dans les refuges <strong>Ligue pour la Protection des Oiseaux<\/strong> (<strong>LPO<\/strong>), plus de <u>500 000 observations citoyennes annuelles<\/u> via l&rsquo;app <strong>NaturaList<\/strong> guident les cueillettes urbaines. Notre avis : cette approche citoyenne renforce la science participative, particuli\u00e8rement en zones p\u00e9riurbaines comme autour de <strong>Lyon<\/strong>.<\/p>\n<ul>\n<li>Choisissez la floraison compl\u00e8te pour identifier via <strong>cl\u00e9s dichotomiques<\/strong>.<\/li>\n<li>Pr\u00e9levez la plante enti\u00e8re, y compris racines si possible, sans endommager l&rsquo;habitat.<\/li>\n<li>\u00c9tiquetez sur place : nom provisoire, date, GPS, conditions m\u00e9t\u00e9o.<\/li>\n<\/ul>\n<h2>S\u00e9chage et Pr\u00e9paration des Plantes pour un Herbier Durable<\/h2>\n<p>Nous appliquons une pression de <u>50 \u00e0 100 grammes<\/u> en presse botanique pendant 2 \u00e0 4 semaines, entre papiers absorbants sans acide, pour pr\u00e9server les couleurs et traits morphologiques, <u>90% des sp\u00e9cimens<\/u> restant intacts selon les protocoles du <strong>Mus\u00e9um National d&rsquo;Histoire Naturelle<\/strong>. \u00c9vitez la surchauffe, qui d\u00e9grade les pigments, et optez pour une colle neutre comme la <strong>gomme arabique<\/strong>.<\/p>\n<p>Pour acc\u00e9l\u00e9rer, la m\u00e9thode micro-ondes (30 secondes par \u00e9chantillon, valid\u00e9e par les botanistes du <strong>Louvre-Lens<\/strong> en 2022) convient aux d\u00e9butants, tout en maintenant l&rsquo;int\u00e9grit\u00e9 scientifique. Transitionnant vers une conservation optimale, ces \u00e9tapes garantissent une dur\u00e9e de vie \u00e9tendue.<\/p>\n<ul>\n<li><strong>Presse DIY<\/strong> : Cartons forts, ficelle, journaux absorbants (co\u00fbt <u>10-20\u20ac<\/u>).<\/li>\n<li>Changement de papier tous 3 jours pour \u00e9viter moisissures.<\/li>\n<li>Fixation finale sur <strong>papier sans acide 100% coton<\/strong>, format A4 standard.<\/li>\n<\/ul>\n<h2>Conservation des Herbiers : M\u00e9thodes et Dur\u00e9e de Vie<\/h2>\n<p>Stockez vos <strong>herbiers<\/strong> en chemises cartonn\u00e9es, \u00e0 <u>18-20?C et 40-50% d&rsquo;humidit\u00e9 relative<\/u>, prot\u00e9g\u00e9s des UV par du calque, conditions id\u00e9ales au <strong>Jardin Botanique de Bordeaux<\/strong> o\u00f9 des sp\u00e9cimens du XIXe si\u00e8cle persistent. Sans climatisation, la d\u00e9gradation survient en <u>10-20 ans<\/u> ; avec, ils durent plus de <u>100 ans<\/u>.<\/p>\n<p>Le <strong>changement climatique<\/strong> menace les collections anciennes : en <strong>\u00cele-de-France<\/strong>, <u>15% des esp\u00e8ces locales<\/u> ont disparu en 50 ans, r\u00e9v\u00e9l\u00e9 par analyses d&rsquo;herbiers du <strong>Mus\u00e9um National d&rsquo;Histoire Naturelle<\/strong>. Nous jugeons ces archives vitales pour documenter ces pertes.<\/p>\n<h2>Utilisation des Herbiers dans l&rsquo;\u00c9ducation et la Recherche Scientifique<\/h2>\n<p>Les <strong>herbiers<\/strong> permettent la r\u00e9hydratation pour valider identifications et \u00e9valuer la biodiversit\u00e9 via <strong>classification binomiale<\/strong>, comme chez <strong>Tela-Botanica.org<\/strong> qui d\u00e9tecte synonymes depuis 1999. En \u00e9ducation, les projets au <strong>Jardin Botanique de Bordeaux<\/strong> impliquent 500 \u00e9l\u00e8ves annuellement.<\/p>\n<p>Nous voyons dans ces collections un <em>ADN fossile<\/em> pour \u00e9tudes g\u00e9n\u00e9tiques, extrayant ADN viable apr\u00e8s si\u00e8cles, tel au <strong>Royal Botanic Gardens Kew<\/strong> en 2024. La <strong>LPO<\/strong> et l&rsquo;<strong>Universit\u00e9 de Strasbourg<\/strong> les utilisent pour tracker invasions biologiques.<\/p>\n<ul>\n<li><strong>Taxinomie<\/strong> : Comparaison morphologique pour nouveaux taxons.<\/li>\n<li><strong>Inventaires<\/strong> : Cartographie \u00e9volutive de la flore fran\u00e7aise.<\/li>\n<li><strong>Science citoyenne<\/strong> : Contribution via <strong>iNaturalist<\/strong>, 2 millions d&rsquo;observations en 2025.<\/li>\n<\/ul>\n<h2>Ressources et Outils Pratiques pour Cr\u00e9er Votre Herbier de Plantes<\/h2>\n<p>Plongez dans <em>Botanique<\/em> d&rsquo;<strong>Raynal-Roques<\/strong> (\u00e9dition 1994, r\u00e9\u00e9dit\u00e9e 2020), ou consultez <strong>Tela-Botanica.org<\/strong> et la <strong>Fondation Klorane Botanique<\/strong> pour fiches pratiques. Achetez presses sur <strong>Amazon<\/strong> (20-50\u20ac), utilisez l&rsquo;app <strong>iNaturalist<\/strong> pour identifications automatis\u00e9es via IA depuis 2017.<\/p>\n<p>Rejoignez forums <strong>LPO<\/strong> ou ateliers du <strong>Conservatoire Botanique National du Bassin Parisien<\/strong>. Notre kit recommand\u00e9 : PDF gratuit de <strong>Tela-Botanica<\/strong> + tutoriel vid\u00e9o YouTube du <strong>Jardin des Plantes<\/strong> Paris, pour d\u00e9marrer en une semaine.<\/p>\n<h2>Conclusion : Lancez Votre Projet d&rsquo;Herbier de Plantes D\u00e8s Aujourd&rsquo;hui<\/h2>\n<p>Cr\u00e9er un <strong>herbier de plantes<\/strong> vous relie directement \u00e0 la biodiversit\u00e9 en p\u00e9ril, fusionnant science et engagement personnel. Suivez nos \u00e9tapes pour un r\u00e9sultat professionnel, respectueux de l&rsquo;\u00e9thique face \u00e0 la crise \u00e9cologique actuelle.<\/p>\n<p>Partagez vos <strong>\u00e9chantillons<\/strong> sur plateformes comme <strong>iNaturalist<\/strong>, contribuant \u00e0 la science citoyenne avec des millions d&rsquo;utilisateurs mondiaux. Nous vous encourageons \u00e0 commencer d\u00e8s ce printemps, pr\u00e9servant ainsi un patrimoine v\u00e9g\u00e9tal irrempla\u00e7able.<\/p>\n<div style=\"background: #e8f4f8;border: 3px solid #0073aa;padding: 20px;margin: 20px 0;border-radius: 8px\">\n<h2 style=\"color: #0073aa;text-align: center;margin-bottom: 15px\">\ud83d\udd27 Ressources Pratiques et Outils<\/h2>\n<div style=\"background: white;padding: 15px;margin: 10px 0;border-left: 4px solid #28a745\">\n<h3 style=\"color: #28a745;margin-bottom: 10px\">\ud83d\udccd L&rsquo;Herbier de Milly-la-For\u00eat<\/h3>\n<p>Adresse : 91490 Milly-la-For\u00eat<br \/>\nSp\u00e9cialit\u00e9 : Production traditionnelle de menthe poivr\u00e9e, cordiales, infusions, huiles essentielles, chocolats et spiritueux. Produits issus d&rsquo;agriculture biologique et conventionnelle. Langue : Fran\u00e7ais.<\/p>\n<\/div>\n<div style=\"background: white;padding: 15px;margin: 10px 0;border-left: 4px solid #007bff\">\n<h3 style=\"color: #007bff;margin-bottom: 10px\">\ud83d\udee0\ufe0f Outils et Calculateurs<\/h3>\n<p>Utilisez l&rsquo;app <strong>iNaturalist<\/strong> pour des identifications automatis\u00e9es via IA depuis 2017. Pour des ressources pratiques, consultez <strong>Tela-Botanica.org<\/strong> et la <strong>Fondation Klorane Botanique<\/strong> pour des fiches et tutoriels.<\/p>\n<\/div>\n<div style=\"background: white;padding: 15px;margin: 10px 0;border-left: 4px solid #6f42c1\">\n<h3 style=\"color: #6f42c1;margin-bottom: 10px\">\ud83d\udc65 Communaut\u00e9 et Experts<\/h3>\n<p>Participez aux ateliers du <strong>Jardin d&rsquo;Agronomie Tropicale<\/strong> \u00e0 Paris, anim\u00e9s par Nadia, herbaliste du projet Selvatica, pour cr\u00e9er votre herbier personnalis\u00e9. Rejoignez \u00e9galement les forums de la <strong>Ligue pour la Protection des Oiseaux (LPO)<\/strong> pour \u00e9changer avec d&rsquo;autres passionn\u00e9s.<\/p>\n<\/div>\n<div style=\"background: #fff3cd;padding: 15px;margin: 15px 0;border: 2px solid #ffc107;border-radius: 5px\">\n<strong style=\"color: #856404\">\ud83d\udca1 R\u00e9sum\u00e9 en 2 lignes :<\/strong><br \/>\n<span>Explorez des ressources pratiques pour cr\u00e9er votre herbier \u00e0 Paris, avec des ateliers et des outils num\u00e9riques. Connectez-vous avec des experts et d&rsquo;autres passionn\u00e9s pour enrichir votre exp\u00e9rience botanique.<\/span>\n<\/div>\n<\/div>\n<hr>\n<div class=\"articles-lies\">\n<h3>\u00c0 lire aussi<\/h3>\n<ul>\n<li><a href=\"https:\/\/herberiedelatille.fr\/blog\/identification-des-plantes\/comment-identifier-une-fleur-en-5-minutes-selon-sa-couleur-dominante\/\">Comment identifier une fleur en 5 minutes selon sa couleur dominante<\/a><\/li>\n<li><a href=\"https:\/\/herberiedelatille.fr\/blog\/identification-des-plantes\/reconnaissance-vegetale-methodes-naturelles-et-technologiques-pour-identifier-les-plantes\/\">Reconnaissance v\u00e9g\u00e9tale : m\u00e9thodes naturelles et technologiques pour identifier les plantes<\/a><\/li>\n<li><a href=\"https:\/\/herberiedelatille.fr\/blog\/identification-des-plantes\/comment-creer-un-herbier-pour-preserver-la-beaute-des-plantes-facilement\/\">Comment cr\u00e9er un herbier pour pr\u00e9server la beaut\u00e9 des plantes facilement<\/a><\/li>\n<li><a href=\"https:\/\/herberiedelatille.fr\/blog\/conservation-et-biodiversite\/les-plantes-medicinales-definition-vertus-et-conseils-de-culture\/\">Les plantes m\u00e9dicinales : d\u00e9finition, vertus et conseils de culture<\/a><\/li>\n<\/ul>\n<\/div>\n","protected":false},"excerpt":{"rendered":"","protected":false},"author":34,"featured_media":7540,"comment_status":"open","ping_status":"open","sticky":false,"template":"","format":"standard","meta":{"_acf_changed":false,"manual_indexmenow":false,"indexmenow_id_project":0,"footnotes":""},"categories":[4520],"tags":[4577,4578,4576],"class_list":["post-7514","post","type-post","status-publish","format-standard","has-post-thumbnail","hentry","category-identification-des-plantes","tag-collection-plantes","tag-conservation-vegetale","tag-herbier-botanique","generate-columns","tablet-grid-50","mobile-grid-100","grid-parent","grid-25"],"acf":[],"yoast_head":"<!-- This site is optimized with the Yoast SEO Premium plugin v21.3 (Yoast SEO v25.6) - https:\/\/yoast.com\/wordpress\/plugins\/seo\/ -->\n<title>Herbier de plantes : cr\u00e9er et conserver sa collection<\/title>\n<meta name=\"description\" content=\"Herbier de plantes : comment le cr\u00e9er, le conserver et l&#039;exploiter, \u00e9tape par \u00e9tape, pour valoriser votre collection botanique.\" \/>\n<meta name=\"robots\" content=\"index, follow, max-snippet:-1, max-image-preview:large, max-video-preview:-1\" \/>\n<link rel=\"canonical\" href=\"https:\/\/herberiedelatille.fr\/blog\/identification-des-plantes\/herbier-de-plantes-comment-creer-conserver-et-exploiter-cette-collection-botanique\/\" \/>\n<meta property=\"og:locale\" content=\"fr_FR\" \/>\n<meta property=\"og:type\" content=\"article\" \/>\n<meta property=\"og:title\" content=\"Herbier de plantes : cr\u00e9er et conserver sa collection\" \/>\n<meta property=\"og:description\" content=\"Herbier de plantes : comment le cr\u00e9er, le conserver et l&#039;exploiter, \u00e9tape par \u00e9tape, pour valoriser votre collection botanique.\" \/>\n<meta property=\"og:url\" content=\"https:\/\/herberiedelatille.fr\/blog\/identification-des-plantes\/herbier-de-plantes-comment-creer-conserver-et-exploiter-cette-collection-botanique\/\" \/>\n<meta property=\"og:site_name\" content=\"Herberie de la Tille\" \/>\n<meta property=\"og:image\" content=\"https:\/\/herberiedelatille.fr\/blog\/wp-content\/uploads\/2026\/02\/sdxl-a8f6c61f04cee0d9e4fdbe48a43abf8e-scaled.png\" \/>\n\t<meta property=\"og:image:width\" content=\"1200\" \/>\n\t<meta property=\"og:image:height\" content=\"500\" \/>\n\t<meta property=\"og:image:type\" content=\"image\/png\" \/>\n<meta name=\"author\" content=\"Julien Prigent\" \/>\n<meta name=\"twitter:card\" content=\"summary_large_image\" \/>\n<script type=\"application\/ld+json\" class=\"yoast-schema-graph\">{\"@context\":\"https:\/\/schema.org\",\"@graph\":[{\"@type\":\"NewsArticle\",\"@id\":\"https:\/\/herberiedelatille.fr\/blog\/identification-des-plantes\/herbier-de-plantes-comment-creer-conserver-et-exploiter-cette-collection-botanique\/#article\",\"isPartOf\":{\"@id\":\"https:\/\/herberiedelatille.fr\/blog\/identification-des-plantes\/herbier-de-plantes-comment-creer-conserver-et-exploiter-cette-collection-botanique\/\"},\"author\":{\"name\":\"Julien Prigent\",\"@id\":\"https:\/\/herberiedelatille.fr\/blog\/#\/schema\/person\/3c864cdc320801e3db34b663e7e3f816\"},\"headline\":\"Herbier de Plantes : Comment cr\u00e9er, conserver et exploiter cette collection botanique\",\"datePublished\":\"2026-02-09T08:05:00+00:00\",\"mainEntityOfPage\":{\"@id\":\"https:\/\/herberiedelatille.fr\/blog\/identification-des-plantes\/herbier-de-plantes-comment-creer-conserver-et-exploiter-cette-collection-botanique\/\"},\"wordCount\":1405,\"commentCount\":0,\"publisher\":{\"@id\":\"https:\/\/herberiedelatille.fr\/blog\/#organization\"},\"image\":{\"@id\":\"https:\/\/herberiedelatille.fr\/blog\/identification-des-plantes\/herbier-de-plantes-comment-creer-conserver-et-exploiter-cette-collection-botanique\/#primaryimage\"},\"thumbnailUrl\":\"https:\/\/herberiedelatille.fr\/blog\/wp-content\/uploads\/2026\/02\/sdxl-a8f6c61f04cee0d9e4fdbe48a43abf8e-scaled.png\",\"keywords\":[\"collection plantes\",\"conservation vegetale\",\"herbier botanique\"],\"articleSection\":[\"Identification des Plantes\"],\"inLanguage\":\"fr-FR\",\"potentialAction\":[{\"@type\":\"CommentAction\",\"name\":\"Comment\",\"target\":[\"https:\/\/herberiedelatille.fr\/blog\/identification-des-plantes\/herbier-de-plantes-comment-creer-conserver-et-exploiter-cette-collection-botanique\/#respond\"]}]},{\"@type\":\"WebPage\",\"@id\":\"https:\/\/herberiedelatille.fr\/blog\/identification-des-plantes\/herbier-de-plantes-comment-creer-conserver-et-exploiter-cette-collection-botanique\/\",\"url\":\"https:\/\/herberiedelatille.fr\/blog\/identification-des-plantes\/herbier-de-plantes-comment-creer-conserver-et-exploiter-cette-collection-botanique\/\",\"name\":\"Herbier de plantes : cr\u00e9er et conserver sa collection\",\"isPartOf\":{\"@id\":\"https:\/\/herberiedelatille.fr\/blog\/#website\"},\"primaryImageOfPage\":{\"@id\":\"https:\/\/herberiedelatille.fr\/blog\/identification-des-plantes\/herbier-de-plantes-comment-creer-conserver-et-exploiter-cette-collection-botanique\/#primaryimage\"},\"image\":{\"@id\":\"https:\/\/herberiedelatille.fr\/blog\/identification-des-plantes\/herbier-de-plantes-comment-creer-conserver-et-exploiter-cette-collection-botanique\/#primaryimage\"},\"thumbnailUrl\":\"https:\/\/herberiedelatille.fr\/blog\/wp-content\/uploads\/2026\/02\/sdxl-a8f6c61f04cee0d9e4fdbe48a43abf8e-scaled.png\",\"datePublished\":\"2026-02-09T08:05:00+00:00\",\"description\":\"Herbier de plantes : comment le cr\u00e9er, le conserver et l'exploiter, \u00e9tape par \u00e9tape, pour valoriser votre collection botanique.\",\"inLanguage\":\"fr-FR\",\"potentialAction\":[{\"@type\":\"ReadAction\",\"target\":[\"https:\/\/herberiedelatille.fr\/blog\/identification-des-plantes\/herbier-de-plantes-comment-creer-conserver-et-exploiter-cette-collection-botanique\/\"]}]},{\"@type\":\"ImageObject\",\"inLanguage\":\"fr-FR\",\"@id\":\"https:\/\/herberiedelatille.fr\/blog\/identification-des-plantes\/herbier-de-plantes-comment-creer-conserver-et-exploiter-cette-collection-botanique\/#primaryimage\",\"url\":\"https:\/\/herberiedelatille.fr\/blog\/wp-content\/uploads\/2026\/02\/sdxl-a8f6c61f04cee0d9e4fdbe48a43abf8e-scaled.png\",\"contentUrl\":\"https:\/\/herberiedelatille.fr\/blog\/wp-content\/uploads\/2026\/02\/sdxl-a8f6c61f04cee0d9e4fdbe48a43abf8e-scaled.png\",\"width\":1200,\"height\":500},{\"@type\":\"WebSite\",\"@id\":\"https:\/\/herberiedelatille.fr\/blog\/#website\",\"url\":\"https:\/\/herberiedelatille.fr\/blog\/\",\"name\":\"Herberie de la Tille\",\"description\":\"Le m\u00e9dia de la botanique pratique \u2014 plantes, herboristerie, identification\",\"publisher\":{\"@id\":\"https:\/\/herberiedelatille.fr\/blog\/#organization\"},\"alternateName\":\"Herberie de la Tille\",\"potentialAction\":[{\"@type\":\"SearchAction\",\"target\":{\"@type\":\"EntryPoint\",\"urlTemplate\":\"https:\/\/herberiedelatille.fr\/blog\/?s={search_term_string}\"},\"query-input\":{\"@type\":\"PropertyValueSpecification\",\"valueRequired\":true,\"valueName\":\"search_term_string\"}}],\"inLanguage\":\"fr-FR\"},{\"@type\":\"Organization\",\"@id\":\"https:\/\/herberiedelatille.fr\/blog\/#organization\",\"name\":\"Herberie de la Tille\",\"url\":\"https:\/\/herberiedelatille.fr\/blog\/\",\"logo\":{\"@type\":\"ImageObject\",\"inLanguage\":\"fr-FR\",\"@id\":\"https:\/\/herberiedelatille.fr\/blog\/#\/schema\/logo\/image\/\",\"url\":\"https:\/\/herberiedelatille.fr\/blog\/wp-content\/uploads\/2024\/12\/herberiedelatille.png\",\"contentUrl\":\"https:\/\/herberiedelatille.fr\/blog\/wp-content\/uploads\/2024\/12\/herberiedelatille.png\",\"width\":500,\"height\":500,\"caption\":\"Herberie de la Tille\"},\"image\":{\"@id\":\"https:\/\/herberiedelatille.fr\/blog\/#\/schema\/logo\/image\/\"}},{\"@type\":\"Person\",\"@id\":\"https:\/\/herberiedelatille.fr\/blog\/#\/schema\/person\/3c864cdc320801e3db34b663e7e3f816\",\"name\":\"Julien Prigent\",\"image\":{\"@type\":\"ImageObject\",\"inLanguage\":\"fr-FR\",\"@id\":\"https:\/\/herberiedelatille.fr\/blog\/#\/schema\/person\/image\/\",\"url\":\"https:\/\/herberiedelatille.fr\/blog\/wp-content\/uploads\/2026\/06\/persona_julien-p-96x96.jpg\",\"contentUrl\":\"https:\/\/herberiedelatille.fr\/blog\/wp-content\/uploads\/2026\/06\/persona_julien-p-96x96.jpg\",\"caption\":\"Julien Prigent\"},\"description\":\"Bricoleur et jardinier dans l'\u00e2me, j'\u00e9cris sur la maison et ses ext\u00e9rieurs avec les mains dans le cambouis plus que dans les th\u00e9ories. Mon terrain couvre tout l'habitat : le potager et le jardin au fil des saisons, mais aussi les petits travaux, la r\u00e9novation, le bricolage et les m\u00e9tiers du b\u00e2timent \u2014 toiture, isolation, menuiserie, serrurerie, ma\u00e7onnerie. J'aime expliquer un geste technique simplement, donner des fourchettes de prix r\u00e9alistes et les bons crit\u00e8res pour choisir un mat\u00e9riau ou un artisan. Je teste ce que je peux sur mes propres chantiers et au jardin avant d'en parler, je distingue la tradition de ce que confirme l'observation, et je pr\u00e9cise toujours le contexte \u2014 climat, type de sol, configuration du logement \u2014 parce qu'un m\u00eame conseil ne vaut pas partout. Mon but : rendre l'entretien et l'am\u00e9lioration de la maison accessibles, durables et \u00e9conomes.\",\"sameAs\":[\"https:\/\/julienprigent.fr\/\"],\"url\":\"https:\/\/herberiedelatille.fr\/blog\/auteur\/julien-p\/\"}]}<\/script>\n<!-- \/ Yoast SEO Premium plugin. -->","yoast_head_json":{"title":"Herbier de plantes : cr\u00e9er et conserver sa collection","description":"Herbier de plantes : comment le cr\u00e9er, le conserver et l'exploiter, \u00e9tape par \u00e9tape, pour valoriser votre collection botanique.","robots":{"index":"index","follow":"follow","max-snippet":"max-snippet:-1","max-image-preview":"max-image-preview:large","max-video-preview":"max-video-preview:-1"},"canonical":"https:\/\/herberiedelatille.fr\/blog\/identification-des-plantes\/herbier-de-plantes-comment-creer-conserver-et-exploiter-cette-collection-botanique\/","og_locale":"fr_FR","og_type":"article","og_title":"Herbier de plantes : cr\u00e9er et conserver sa collection","og_description":"Herbier de plantes : comment le cr\u00e9er, le conserver et l'exploiter, \u00e9tape par \u00e9tape, pour valoriser votre collection botanique.","og_url":"https:\/\/herberiedelatille.fr\/blog\/identification-des-plantes\/herbier-de-plantes-comment-creer-conserver-et-exploiter-cette-collection-botanique\/","og_site_name":"Herberie de la Tille","og_image":[{"width":1200,"height":500,"url":"https:\/\/herberiedelatille.fr\/blog\/wp-content\/uploads\/2026\/02\/sdxl-a8f6c61f04cee0d9e4fdbe48a43abf8e-scaled.png","type":"image\/png"}],"author":"Julien Prigent","twitter_card":"summary_large_image","schema":{"@context":"https:\/\/schema.org","@graph":[{"@type":"NewsArticle","@id":"https:\/\/herberiedelatille.fr\/blog\/identification-des-plantes\/herbier-de-plantes-comment-creer-conserver-et-exploiter-cette-collection-botanique\/#article","isPartOf":{"@id":"https:\/\/herberiedelatille.fr\/blog\/identification-des-plantes\/herbier-de-plantes-comment-creer-conserver-et-exploiter-cette-collection-botanique\/"},"author":{"name":"Julien Prigent","@id":"https:\/\/herberiedelatille.fr\/blog\/#\/schema\/person\/3c864cdc320801e3db34b663e7e3f816"},"headline":"Herbier de Plantes : Comment cr\u00e9er, conserver et exploiter cette collection botanique","datePublished":"2026-02-09T08:05:00+00:00","mainEntityOfPage":{"@id":"https:\/\/herberiedelatille.fr\/blog\/identification-des-plantes\/herbier-de-plantes-comment-creer-conserver-et-exploiter-cette-collection-botanique\/"},"wordCount":1405,"commentCount":0,"publisher":{"@id":"https:\/\/herberiedelatille.fr\/blog\/#organization"},"image":{"@id":"https:\/\/herberiedelatille.fr\/blog\/identification-des-plantes\/herbier-de-plantes-comment-creer-conserver-et-exploiter-cette-collection-botanique\/#primaryimage"},"thumbnailUrl":"https:\/\/herberiedelatille.fr\/blog\/wp-content\/uploads\/2026\/02\/sdxl-a8f6c61f04cee0d9e4fdbe48a43abf8e-scaled.png","keywords":["collection plantes","conservation vegetale","herbier botanique"],"articleSection":["Identification des Plantes"],"inLanguage":"fr-FR","potentialAction":[{"@type":"CommentAction","name":"Comment","target":["https:\/\/herberiedelatille.fr\/blog\/identification-des-plantes\/herbier-de-plantes-comment-creer-conserver-et-exploiter-cette-collection-botanique\/#respond"]}]},{"@type":"WebPage","@id":"https:\/\/herberiedelatille.fr\/blog\/identification-des-plantes\/herbier-de-plantes-comment-creer-conserver-et-exploiter-cette-collection-botanique\/","url":"https:\/\/herberiedelatille.fr\/blog\/identification-des-plantes\/herbier-de-plantes-comment-creer-conserver-et-exploiter-cette-collection-botanique\/","name":"Herbier de plantes : cr\u00e9er et conserver sa collection","isPartOf":{"@id":"https:\/\/herberiedelatille.fr\/blog\/#website"},"primaryImageOfPage":{"@id":"https:\/\/herberiedelatille.fr\/blog\/identification-des-plantes\/herbier-de-plantes-comment-creer-conserver-et-exploiter-cette-collection-botanique\/#primaryimage"},"image":{"@id":"https:\/\/herberiedelatille.fr\/blog\/identification-des-plantes\/herbier-de-plantes-comment-creer-conserver-et-exploiter-cette-collection-botanique\/#primaryimage"},"thumbnailUrl":"https:\/\/herberiedelatille.fr\/blog\/wp-content\/uploads\/2026\/02\/sdxl-a8f6c61f04cee0d9e4fdbe48a43abf8e-scaled.png","datePublished":"2026-02-09T08:05:00+00:00","description":"Herbier de plantes : comment le cr\u00e9er, le conserver et l'exploiter, \u00e9tape par \u00e9tape, pour valoriser votre collection botanique.","inLanguage":"fr-FR","potentialAction":[{"@type":"ReadAction","target":["https:\/\/herberiedelatille.fr\/blog\/identification-des-plantes\/herbier-de-plantes-comment-creer-conserver-et-exploiter-cette-collection-botanique\/"]}]},{"@type":"ImageObject","inLanguage":"fr-FR","@id":"https:\/\/herberiedelatille.fr\/blog\/identification-des-plantes\/herbier-de-plantes-comment-creer-conserver-et-exploiter-cette-collection-botanique\/#primaryimage","url":"https:\/\/herberiedelatille.fr\/blog\/wp-content\/uploads\/2026\/02\/sdxl-a8f6c61f04cee0d9e4fdbe48a43abf8e-scaled.png","contentUrl":"https:\/\/herberiedelatille.fr\/blog\/wp-content\/uploads\/2026\/02\/sdxl-a8f6c61f04cee0d9e4fdbe48a43abf8e-scaled.png","width":1200,"height":500},{"@type":"WebSite","@id":"https:\/\/herberiedelatille.fr\/blog\/#website","url":"https:\/\/herberiedelatille.fr\/blog\/","name":"Herberie de la Tille","description":"Le m\u00e9dia de la botanique pratique \u2014 plantes, herboristerie, identification","publisher":{"@id":"https:\/\/herberiedelatille.fr\/blog\/#organization"},"alternateName":"Herberie de la Tille","potentialAction":[{"@type":"SearchAction","target":{"@type":"EntryPoint","urlTemplate":"https:\/\/herberiedelatille.fr\/blog\/?s={search_term_string}"},"query-input":{"@type":"PropertyValueSpecification","valueRequired":true,"valueName":"search_term_string"}}],"inLanguage":"fr-FR"},{"@type":"Organization","@id":"https:\/\/herberiedelatille.fr\/blog\/#organization","name":"Herberie de la Tille","url":"https:\/\/herberiedelatille.fr\/blog\/","logo":{"@type":"ImageObject","inLanguage":"fr-FR","@id":"https:\/\/herberiedelatille.fr\/blog\/#\/schema\/logo\/image\/","url":"https:\/\/herberiedelatille.fr\/blog\/wp-content\/uploads\/2024\/12\/herberiedelatille.png","contentUrl":"https:\/\/herberiedelatille.fr\/blog\/wp-content\/uploads\/2024\/12\/herberiedelatille.png","width":500,"height":500,"caption":"Herberie de la Tille"},"image":{"@id":"https:\/\/herberiedelatille.fr\/blog\/#\/schema\/logo\/image\/"}},{"@type":"Person","@id":"https:\/\/herberiedelatille.fr\/blog\/#\/schema\/person\/3c864cdc320801e3db34b663e7e3f816","name":"Julien Prigent","image":{"@type":"ImageObject","inLanguage":"fr-FR","@id":"https:\/\/herberiedelatille.fr\/blog\/#\/schema\/person\/image\/","url":"https:\/\/herberiedelatille.fr\/blog\/wp-content\/uploads\/2026\/06\/persona_julien-p-96x96.jpg","contentUrl":"https:\/\/herberiedelatille.fr\/blog\/wp-content\/uploads\/2026\/06\/persona_julien-p-96x96.jpg","caption":"Julien Prigent"},"description":"Bricoleur et jardinier dans l'\u00e2me, j'\u00e9cris sur la maison et ses ext\u00e9rieurs avec les mains dans le cambouis plus que dans les th\u00e9ories. Mon terrain couvre tout l'habitat : le potager et le jardin au fil des saisons, mais aussi les petits travaux, la r\u00e9novation, le bricolage et les m\u00e9tiers du b\u00e2timent \u2014 toiture, isolation, menuiserie, serrurerie, ma\u00e7onnerie. J'aime expliquer un geste technique simplement, donner des fourchettes de prix r\u00e9alistes et les bons crit\u00e8res pour choisir un mat\u00e9riau ou un artisan. Je teste ce que je peux sur mes propres chantiers et au jardin avant d'en parler, je distingue la tradition de ce que confirme l'observation, et je pr\u00e9cise toujours le contexte \u2014 climat, type de sol, configuration du logement \u2014 parce qu'un m\u00eame conseil ne vaut pas partout. Mon but : rendre l'entretien et l'am\u00e9lioration de la maison accessibles, durables et \u00e9conomes.","sameAs":["https:\/\/julienprigent.fr\/"],"url":"https:\/\/herberiedelatille.fr\/blog\/auteur\/julien-p\/"}]}},"_links":{"self":[{"href":"https:\/\/herberiedelatille.fr\/blog\/wp-json\/wp\/v2\/posts\/7514","targetHints":{"allow":["GET"]}}],"collection":[{"href":"https:\/\/herberiedelatille.fr\/blog\/wp-json\/wp\/v2\/posts"}],"about":[{"href":"https:\/\/herberiedelatille.fr\/blog\/wp-json\/wp\/v2\/types\/post"}],"author":[{"embeddable":true,"href":"https:\/\/herberiedelatille.fr\/blog\/wp-json\/wp\/v2\/users\/34"}],"replies":[{"embeddable":true,"href":"https:\/\/herberiedelatille.fr\/blog\/wp-json\/wp\/v2\/comments?post=7514"}],"version-history":[{"count":1,"href":"https:\/\/herberiedelatille.fr\/blog\/wp-json\/wp\/v2\/posts\/7514\/revisions"}],"predecessor-version":[{"id":7539,"href":"https:\/\/herberiedelatille.fr\/blog\/wp-json\/wp\/v2\/posts\/7514\/revisions\/7539"}],"wp:featuredmedia":[{"embeddable":true,"href":"https:\/\/herberiedelatille.fr\/blog\/wp-json\/wp\/v2\/media\/7540"}],"wp:attachment":[{"href":"https:\/\/herberiedelatille.fr\/blog\/wp-json\/wp\/v2\/media?parent=7514"}],"wp:term":[{"taxonomy":"category","embeddable":true,"href":"https:\/\/herberiedelatille.fr\/blog\/wp-json\/wp\/v2\/categories?post=7514"},{"taxonomy":"post_tag","embeddable":true,"href":"https:\/\/herberiedelatille.fr\/blog\/wp-json\/wp\/v2\/tags?post=7514"}],"curies":[{"name":"wp","href":"https:\/\/api.w.org\/{rel}","templated":true}]}}