{"id":7518,"date":"2026-02-23T09:57:00","date_gmt":"2026-02-23T08:57:00","guid":{"rendered":"https:\/\/herberiedelatille.fr\/blog\/?p=7518"},"modified":"2026-02-23T09:57:00","modified_gmt":"2026-02-23T08:57:00","slug":"flore-locale-comprendre-limportance-des-vegetaux-endemiques-dans-lecosysteme","status":"publish","type":"post","link":"https:\/\/herberiedelatille.fr\/blog\/conservation-et-biodiversite\/flore-locale-comprendre-limportance-des-vegetaux-endemiques-dans-lecosysteme\/","title":{"rendered":"Flore locale : Comprendre l\u2019importance des v\u00e9g\u00e9taux end\u00e9miques dans l\u2019\u00e9cosyst\u00e8me"},"content":{"rendered":"<div style=\"background: linear-gradient(135deg, #f5f7fa 0%, #e9ecef 100%);border-left: 4px solid #0073aa;padding: 15px 20px;margin: 0 0 25px 0;border-radius: 0 8px 8px 0\">\n<p style=\"margin: 0;font-size: 14px;color: #0073aa;font-weight: 600;text-transform: uppercase;letter-spacing: 1px;margin-bottom: 10px\">\ud83d\udccb En bref<\/p>\n<ul style=\"margin: 0;padding-left: 20px;list-style-type: none\">\n<li style=\"margin: 5px 0;color: #333;font-size: 15px;line-height: 1.5;position: relative;padding-left: 15px\"><span style=\"position: absolute;left: 0;color: #0073aa\">\u25b8<\/span> La flore locale, compos\u00e9e d&#039;esp\u00e8ces v\u00e9g\u00e9tales end\u00e9miques, joue un r\u00f4le crucial dans l&#039;\u00e9cosyst\u00e8me en favorisant la biodiversit\u00e9. En \u00cele-de-France et en Normandie, ces plantes sont adapt\u00e9es \u00e0 des conditions sp\u00e9cifiques et soutiennent la faune indig\u00e8ne. Leur pr\u00e9servation est essentielle pour maintenir la richesse culturelle et \u00e9cologique des r\u00e9gions.<\/li>\n<\/ul>\n<\/div>\n<h1>Flore Locale : D\u00e9couverte des V\u00e9g\u00e9taux End\u00e9miques et de Leur Importance<\/h1>\n<h2>Comprendre la Flore Locale et Son R\u00f4le \u00c9cologique<\/h2>\n<p>La <u><strong>flore locale<\/strong> d\u00e9signe l&rsquo;ensemble des esp\u00e8ces v\u00e9g\u00e9tales sauvages poussant spontan\u00e9ment dans une r\u00e9gion donn\u00e9e<\/u>, excluant les exotiques et extra-r\u00e9gionales, comme d\u00e9fini par l&rsquo;<strong>Observatoire fran\u00e7ais de la biodiversit\u00e9 et des services \u00e9cosyst\u00e9miques<\/strong> (OFB). En <strong>\u00cele-de-France<\/strong>, le catalogue de mars 2018 recense <u>1620 esp\u00e8ces<\/u> de plantes sauvages, r\u00e9parties par strates v\u00e9g\u00e9tales, avec des mises \u00e0 jour r\u00e9guli\u00e8res pour refl\u00e9ter l&rsquo;\u00e9volution des populations. Nous observons une adaptation fine \u00e0 des conditions locales pr\u00e9cises, telles que les sols calcaires du bassin parisien ou siliceux du massif armoricain en <strong>Normandie<\/strong>.<\/p>\n<p>Ces plantes entretiennent une interd\u00e9pendance vitale avec la faune : elles nourrissent herbivores, pollinisateurs et frugivores indig\u00e8nes, favorisant ainsi la <strong>biodiversit\u00e9<\/strong>. Par exemple, en <strong>Centre-Val de Loire<\/strong>, planter des indig\u00e8nes assure g\u00eete et couvert \u00e0 des insectes co-\u00e9volu\u00e9s, comme la <strong>M\u00e9litte salicaire<\/strong> butinant exclusivement la salicaire. Notre avis : cette co-\u00e9volution conf\u00e8re une r\u00e9silience sup\u00e9rieure, avec des syst\u00e8mes racinaires mycorhiziens explorant mieux les sols face aux s\u00e9cheresses intenses.<\/p>\n<ul>\n<li><strong>Strates v\u00e9g\u00e9tales en \u00cele-de-France<\/strong> : Arbustes et lianes dominent avec 1620 esp\u00e8ces totales, adapt\u00e9es \u00e0 la g\u00e9ologie vari\u00e9e.<\/li>\n<li><strong>Diversit\u00e9 normande<\/strong> : Contrastes calcaire-siliceux boostent la richesse, comme l&rsquo;<strong>aub\u00e9pine \u00e0 deux styles<\/strong> sur sols calcaires versus <strong>ajonc de LeGall<\/strong> en landes du Cotentin.<\/li>\n<li><strong>R\u00e9silience climatique<\/strong> : Plantes locales, issues de zones proches, affichent un <u>patrimoine g\u00e9n\u00e9tique adapt\u00e9<\/u> au relief et au climat local.<\/li>\n<\/ul>\n<h2>Les Esp\u00e8ces V\u00e9g\u00e9tales End\u00e9miques : Qui Sont-Elles ?<\/h2>\n<p>En <strong>Normandie<\/strong>, la <strong>flore vasculaire<\/strong> compte <u>1406 esp\u00e8ces originelles<\/u>, dont quatre end\u00e9miques strictes \u00e0 la r\u00e9gion, vestiges de climats glaciaires : la <strong>violette de Rouen<\/strong>, la <strong>biscutelle de Neustrie<\/strong> et l&rsquo;<strong>ib\u00e9ris interm\u00e9diaire<\/strong>, confin\u00e9es \u00e0 <u>10 communes de la vall\u00e9e de la Seine<\/u>. Le d\u00e9partement de la <strong>Manche<\/strong> abrite <u>47 esp\u00e8ces uniques<\/u>, li\u00e9es \u00e0 ses marais tourbeux, dunes et littoral rocheux, tandis que <strong>Seine-Maritime<\/strong> et <strong>Orne<\/strong> en comptent chacune 12, souvent en zones humides pr\u00e9serv\u00e9es.<\/p>\n<p>En <strong>\u00cele-de-France<\/strong>, <u>637 esp\u00e8ces observ\u00e9es \u00e0 Paris entre 2010 et 2014<\/u> illustrent une diversit\u00e9 urbaine persistante. Ces end\u00e9miques offrent une valeur culturelle, comme la <strong>gentiane am\u00e8re<\/strong> ou la <strong>nigelle des champs<\/strong>, et \u00e9conomique via des produits d\u00e9riv\u00e9s. Nous estimons que leur pr\u00e9servation enrichit le patrimoine, contrastant avec l&rsquo;uniformisation par les exotiques.<\/p>\n<table border=\"1\" cellpadding=\"10\" cellspacing=\"0\" style=\"width:100%;border-collapse: collapse\">\n<thead>\n<tr>\n<th><strong>Esp\u00e8ce<\/strong><\/th>\n<th><strong>R\u00e9gion\/Adaptation<\/strong><\/th>\n<th><strong>Habitat Typique<\/strong><\/th>\n<\/tr>\n<\/thead>\n<tbody>\n<tr>\n<td><strong>Aub\u00e9pine \u00e0 deux styles<\/strong><\/td>\n<td><strong>Normandie calcaire<\/strong><\/td>\n<td>Sols calcaires, pelouses<\/td>\n<\/tr>\n<tr>\n<td><strong>Ajonc de LeGall<\/strong><\/td>\n<td><strong>Massif armoricain<\/strong><\/td>\n<td>Landes du Cotentin<\/td>\n<\/tr>\n<tr>\n<td><strong>Violette de Rouen<\/strong><\/td>\n<td><strong>Vall\u00e9e de la Seine<\/strong><\/td>\n<td>10 communes sp\u00e9cifiques<\/td>\n<\/tr>\n<\/tbody>\n<\/table>\n<h2>Les Menaces qui P\u00e8sent sur la Flore Locale<\/h2>\n<p>L&rsquo;<strong>urbanisation<\/strong> frappe durement, avec <u>10% du territoire urbanis\u00e9 dans le Calvados<\/u>, l&rsquo;un des taux les plus \u00e9lev\u00e9s en France, d\u00e9gradant dunes et marais. Le <strong>changement climatique<\/strong> alt\u00e8re les habitats prioritaires comme les marais du Cotentin ou la vall\u00e9e de la Seine, tandis que <u>49 esp\u00e8ces exotiques invasives en Normandie<\/u> causent <u>10% de dommages<\/u> aux milieux naturels, dont certaines s&rsquo;acclimatent sans frein.<\/p>\n<p>En <strong>Centre-Val de Loire<\/strong>, des rarissimes comme l&rsquo;<strong>Arnica montana<\/strong> ou le <strong>fl\u00fbteau nageant<\/strong> voient leurs populations chuter, avec une \u00e9volution permanente des 1620 esp\u00e8ces en <strong>\u00cele-de-France<\/strong>. Notre point de vue : ces pressions cumul\u00e9es exigent une vigilance accrue, car la Normandie h\u00e9berge des esp\u00e8ces menac\u00e9es nationales dans quasi tous les milieux, des littoraux aux pelouses calcicoles.<\/p>\n<ul>\n<li><strong>Urbanisation<\/strong> : <u>10% en Calvados<\/u>, fragmentant habitats dunaires et tourbeux.<\/li>\n<li><strong>Exotiques invasives<\/strong> : 49 en Normandie, impactant 10% des \u00e9cosyst\u00e8mes.<\/li>\n<li><strong>Climat<\/strong> : Menace sur zones prioritaires comme landes de Lessay et Perche ornais.<\/li>\n<\/ul>\n<h2>Projets de Conservation : Exemples Concrets<\/h2>\n<p>La marque nationale <strong>\u00ab\u00a0V\u00e9g\u00e9tal local\u00a0\u00bb<\/strong> de l&rsquo;<strong>Office fran\u00e7ais de la biodiversit\u00e9<\/strong> (OFB), lanc\u00e9e pour 11 r\u00e9gions biog\u00e9ographiques, garantit une tra\u00e7abilit\u00e9 des graines pr\u00e9lev\u00e9es localement, favorisant adaptations g\u00e9n\u00e9tiques mill\u00e9naires. En <strong>Centre-Val de Loire<\/strong>, le projet <strong>Locaflore<\/strong> cultive <strong>Arnica montana<\/strong>, <strong>fl\u00fbteau nageant<\/strong> et <strong>iris des marais<\/strong> pour phytorem\u00e9diation, avec autorisations du <strong>CNPMAI<\/strong> (Comit\u00e9 national plantes et milieux aquatiques et invasives).<\/p>\n<p><strong>Plantons Local<\/strong> en <strong>\u00cele-de-France<\/strong> pr\u00e9serve la diversit\u00e9 g\u00e9n\u00e9tique via renouvellement de semences, tandis que l&rsquo;outil <strong>Flore Locale<\/strong> propose fiches collaboratives. Ces collaborations entre <strong>Conservatoire botanique national de Brest<\/strong>, <strong>Conservatoire botanique national de Bailleul<\/strong>, ONG et gouvernements affichent des succ\u00e8s mesurables, comme la multiplication d&rsquo;esp\u00e8ces rares. Nous saluons ces initiatives pour leur impact tangible sur la r\u00e9silience.<\/p>\n<ul>\n<li><strong>V\u00e9g\u00e9tal local (OFB)<\/strong> : 11 r\u00e9gions, graines de milieux naturels locaux.<\/li>\n<li><strong>Locaflore<\/strong> : 6 plantes r\u00e9gionales pour produits phytosanitaires.<\/li>\n<li><strong>Plantons Local<\/strong> : Semences adapt\u00e9es en \u00cele-de-France depuis 2019.<\/li>\n<\/ul>\n<h2>Comment Contribuer \u00e0 la Protection de la Flore Locale ?<\/h2>\n<p>Optez pour v\u00e9g\u00e9taux certifi\u00e9s <strong>\u00ab\u00a0V\u00e9g\u00e9tal local\u00a0\u00bb<\/strong> en jardinage, pr\u00e9f\u00e9rant le <strong>bleuet sauvage<\/strong> aux ornementaux exotiques, pour attirer pollinisateurs co-\u00e9volu\u00e9s. Participez aux inventaires via <strong>SERENA<\/strong> ou <strong>CETTIA \u00e0 Paris<\/strong>, et \u00e9duquez-vous avec la <strong>Ligue pour la protection des oiseaux<\/strong> (LPO) pour accueillir indig\u00e8nes en zones urbaines.<\/p>\n<p>Soutenez conservatoires comme ceux de <strong>Brest<\/strong> (Finist\u00e8re) et <strong>Bailleul<\/strong> (Nord), en plantant des indig\u00e8nes adapt\u00e9es. Pour un tourisme durable, cr\u00e9ez jardins urbains servant d&rsquo;\u00e9tapes migratoires \u00e0 la faune. Notre conseil : commencez petit, avec une haie locale, pour des b\u00e9n\u00e9fices imm\u00e9diats sur la <strong>biodiversit\u00e9<\/strong>.<\/p>\n<ul>\n<li>Plantez <strong>indig\u00e8nes certifi\u00e9s<\/strong> : <u>Meilleure adaptation et soutien faune<\/u>.<\/li>\n<li>\u00c9vitez <strong>exotiques invasifs<\/strong> : Prot\u00e9gez 49 esp\u00e8ces normandes menac\u00e9es.<\/li>\n<li>Rejoignez <strong>inventaires citoyens<\/strong> : SERENA, LPO pour donn\u00e9es pr\u00e9cises.<\/li>\n<li>Cr\u00e9ez <strong>zones refuges<\/strong> : Jardins urbains en \u00cele-de-France.<\/li>\n<\/ul>\n<h2>La Flore Locale dans l&rsquo;\u00c9conomie et le Tourisme Durable<\/h2>\n<p>L&rsquo;\u00e9conomie circulaire s&rsquo;\u00e9panouit via <strong>Locaflore<\/strong>, \u00e9tudiant 6 plantes comme l&rsquo;<strong>arnica cultiv\u00e9e<\/strong> pour cosm\u00e9tiques et phytoth\u00e9rapie, boostant r\u00e9gions comme le <strong>Centre-Val de Loire<\/strong>. La marque <strong>\u00ab\u00a0V\u00e9g\u00e9tal local\u00a0\u00bb<\/strong> valorise nigelle des champs et gentiane am\u00e8re en produits locaux, g\u00e9n\u00e9rant revenus durables.<\/p>\n<p>Le tourisme explose autour de sites prioritaires : littoral normand, for\u00eats du Perche ornais, vall\u00e9e de la Dives. Visitez les landes de Lessay pour l&rsquo;<strong>ajonc de LeGall<\/strong>, combinant d\u00e9couverte et conservation. Nous voyons l\u00e0 un levier puissant pour attractivit\u00e9 r\u00e9gionale, avec <u>croissance touristique de 15% dans zones prot\u00e9g\u00e9es normandes en 2023<\/u>.<\/p>\n<h2>Conclusion : L&rsquo;Avenir de la Flore Locale et Notre R\u00f4le<\/h2>\n<p>Nous prot\u00e9geons l&rsquo;essentiel : <u>1406 esp\u00e8ces normandes et 1620 en \u00cele-de-France<\/u> contre menaces cumul\u00e9es. Engagez-vous avec <strong>V\u00e9g\u00e9tal local<\/strong> ou <strong>Locaflore<\/strong> pour des \u00e9cosyst\u00e8mes r\u00e9silients. Votre action compte pour ce patrimoine v\u00e9g\u00e9tal irrempla\u00e7able.<\/p>\n<div style=\"background: #e8f4f8;border: 3px solid #0073aa;padding: 20px;margin: 20px 0;border-radius: 8px\">\n<h2 style=\"color: #0073aa;text-align: center;margin-bottom: 15px\">\ud83d\udd27 Ressources Pratiques et Outils<\/h2>\n<div style=\"background: white;padding: 15px;margin: 10px 0;border-left: 4px solid #28a745\">\n<h3 style=\"color: #28a745;margin-bottom: 10px\">\ud83d\udccd Fleuristes \u00e0 Paris<\/h3>\n<p><strong>Centrale des Fleuristes Parisiens (CFP)<\/strong>: CHEZ BUROSERVICES 57 RUE D&rsquo;AMSTERDAM 75008 PARIS, SIRET 42048240800044, activit\u00e9 commerce de d\u00e9tail fleurs\/plantes.<br \/>\n<strong>Flower Impact<\/strong>: Pr\u00e8s gare de Lyon, quartier Aligre, 12e arrondissement Paris. <a href=\"https:\/\/flowerimpact.fr\" rel=\"nofollow\">Visitez leur site<\/a>.<br \/>\n<strong>Maison Vertumne<\/strong>: 1er arrondissement Paris, t\u00e9l 01 42 86 06 76, <a href=\"mailto:contact@maison-vertumne.fr\">contact@maison-vertumne.fr<\/a>.<br \/>\n<strong>Pollen \u00c9toile<\/strong>: 16e arrondissement Paris, livraison Paris intra-muros 15\u20ac. <a href=\"https:\/\/www.pollen-fleurs-paris.fr\" rel=\"nofollow\">Visitez leur site<\/a>.<br \/>\n<strong>Fleur Delangle<\/strong>: +33 (0)1 44 09 80 50, <a href=\"mailto:boutique@fleurdelangle.fr\">boutique@fleurdelangle.fr<\/a> (livraison Paris\/\u00cele-de-France).<\/p>\n<\/div>\n<div style=\"background: white;padding: 15px;margin: 10px 0;border-left: 4px solid #007bff\">\n<h3 style=\"color: #007bff;margin-bottom: 10px\">\ud83d\udee0\ufe0f Outils et Calculateurs<\/h3>\n<p>Aucun outil sp\u00e9cifique mentionn\u00e9 dans les donn\u00e9es, mais vous pouvez explorer les services de fleuristes comme <strong>Maison Vertumne<\/strong> pour des ateliers d\u2019art floral, adapt\u00e9s \u00e0 tous niveaux.<\/a><\/p>\n<\/div>\n<div style=\"background: white;padding: 15px;margin: 10px 0;border-left: 4px solid #6f42c1\">\n<h3 style=\"color: #6f42c1;margin-bottom: 10px\">\ud83d\udc65 Communaut\u00e9 et Experts<\/h3>\n<p>Pour des conseils et des \u00e9changes, contactez des fleuristes comme <strong>La Maison des Fleurs<\/strong> \u00e0 Paris 5e, t\u00e9l 01.43.29.69.46, <a href=\"mailto:contact@maisondesfleurs.fr\">contact@maisondesfleurs.fr<\/a>.<br \/>\nVous pouvez \u00e9galement consulter des plateformes comme <a href=\"https:\/\/www.pariszigzag.fr\/tops\/les-meilleurs-fleuristes-de-paris\/\" rel=\"nofollow\">Paris ZigZag<\/a> pour d\u00e9couvrir d&rsquo;autres fleuristes r\u00e9put\u00e9s.<\/p>\n<\/div>\n<div style=\"background: #fff3cd;padding: 15px;margin: 15px 0;border: 2px solid #ffc107;border-radius: 5px\">\n<strong style=\"color: #856404\">\ud83d\udca1 R\u00e9sum\u00e9 en 2 lignes :<\/strong><br \/>\n<span>Explorez les fleuristes parisiens pour des v\u00e9g\u00e9taux locaux et participez \u00e0 des ateliers d\u2019art floral pour enrichir vos connaissances sur la flore locale.<\/span>\n<\/div>\n<\/div>\n<hr>\n<div class=\"articles-lies\">\n<h3>\u00c0 lire aussi<\/h3>\n<ul>\n<li><a href=\"https:\/\/herberiedelatille.fr\/blog\/conservation-et-biodiversite\/les-plantes-medicinales-definition-vertus-et-conseils-de-culture\/\">Les plantes m\u00e9dicinales : d\u00e9finition, vertus et conseils de culture<\/a><\/li>\n<li><a href=\"https:\/\/herberiedelatille.fr\/blog\/conservation-et-biodiversite\/herborisation-origines-et-secrets-des-botanistes-legendaires\/\">Herborisation : Origines et secrets des botanistes l\u00e9gendaires<\/a><\/li>\n<li><a href=\"https:\/\/herberiedelatille.fr\/blog\/conservation-et-biodiversite\/pourquoi-cultiver-des-plantes-locales-avantages-pour-la-biodiversite\/\">Pourquoi cultiver des plantes locales : avantages pour la biodiversit\u00e9<\/a><\/li>\n<\/ul>\n<\/div>\n","protected":false},"excerpt":{"rendered":"","protected":false},"author":34,"featured_media":7548,"comment_status":"open","ping_status":"open","sticky":false,"template":"","format":"standard","meta":{"_acf_changed":false,"manual_indexmenow":false,"indexmenow_id_project":0,"footnotes":""},"categories":[4522],"tags":[4585,4586,4584],"class_list":["post-7518","post","type-post","status-publish","format-standard","has-post-thumbnail","hentry","category-conservation-et-biodiversite","tag-biodiversite-locale","tag-conservation-ecosysteme","tag-plante-endemique","generate-columns","tablet-grid-50","mobile-grid-100","grid-parent","grid-25"],"acf":[],"yoast_head":"<!-- This site is optimized with the Yoast SEO Premium plugin v21.3 (Yoast SEO v25.6) - https:\/\/yoast.com\/wordpress\/plugins\/seo\/ -->\n<title>Flore locale : le r\u00f4le des v\u00e9g\u00e9taux end\u00e9miques<\/title>\n<meta name=\"description\" content=\"Flore locale : comprendre l&#039;importance des v\u00e9g\u00e9taux end\u00e9miques et leur r\u00f4le essentiel dans l&#039;\u00e9quilibre des \u00e9cosyst\u00e8mes.\" \/>\n<meta name=\"robots\" content=\"index, follow, max-snippet:-1, max-image-preview:large, max-video-preview:-1\" \/>\n<link rel=\"canonical\" href=\"https:\/\/herberiedelatille.fr\/blog\/conservation-et-biodiversite\/flore-locale-comprendre-limportance-des-vegetaux-endemiques-dans-lecosysteme\/\" \/>\n<meta property=\"og:locale\" content=\"fr_FR\" \/>\n<meta property=\"og:type\" content=\"article\" \/>\n<meta property=\"og:title\" content=\"Flore locale : le r\u00f4le des v\u00e9g\u00e9taux end\u00e9miques\" \/>\n<meta property=\"og:description\" content=\"Flore locale : comprendre l&#039;importance des v\u00e9g\u00e9taux end\u00e9miques et leur r\u00f4le essentiel dans l&#039;\u00e9quilibre des \u00e9cosyst\u00e8mes.\" \/>\n<meta property=\"og:url\" content=\"https:\/\/herberiedelatille.fr\/blog\/conservation-et-biodiversite\/flore-locale-comprendre-limportance-des-vegetaux-endemiques-dans-lecosysteme\/\" \/>\n<meta property=\"og:site_name\" content=\"Herberie de la Tille\" \/>\n<meta property=\"og:image\" content=\"https:\/\/herberiedelatille.fr\/blog\/wp-content\/uploads\/2026\/02\/sdxl-e73c7538867fd22303f5d30823085271-scaled.png\" \/>\n\t<meta property=\"og:image:width\" content=\"1200\" \/>\n\t<meta property=\"og:image:height\" content=\"500\" \/>\n\t<meta property=\"og:image:type\" content=\"image\/png\" \/>\n<meta name=\"author\" content=\"Julien Prigent\" \/>\n<meta name=\"twitter:card\" content=\"summary_large_image\" \/>\n<script type=\"application\/ld+json\" class=\"yoast-schema-graph\">{\"@context\":\"https:\/\/schema.org\",\"@graph\":[{\"@type\":\"NewsArticle\",\"@id\":\"https:\/\/herberiedelatille.fr\/blog\/conservation-et-biodiversite\/flore-locale-comprendre-limportance-des-vegetaux-endemiques-dans-lecosysteme\/#article\",\"isPartOf\":{\"@id\":\"https:\/\/herberiedelatille.fr\/blog\/conservation-et-biodiversite\/flore-locale-comprendre-limportance-des-vegetaux-endemiques-dans-lecosysteme\/\"},\"author\":{\"name\":\"Julien Prigent\",\"@id\":\"https:\/\/herberiedelatille.fr\/blog\/#\/schema\/person\/3c864cdc320801e3db34b663e7e3f816\"},\"headline\":\"Flore locale : Comprendre l\u2019importance des v\u00e9g\u00e9taux end\u00e9miques dans l\u2019\u00e9cosyst\u00e8me\",\"datePublished\":\"2026-02-23T08:57:00+00:00\",\"mainEntityOfPage\":{\"@id\":\"https:\/\/herberiedelatille.fr\/blog\/conservation-et-biodiversite\/flore-locale-comprendre-limportance-des-vegetaux-endemiques-dans-lecosysteme\/\"},\"wordCount\":1380,\"commentCount\":0,\"publisher\":{\"@id\":\"https:\/\/herberiedelatille.fr\/blog\/#organization\"},\"image\":{\"@id\":\"https:\/\/herberiedelatille.fr\/blog\/conservation-et-biodiversite\/flore-locale-comprendre-limportance-des-vegetaux-endemiques-dans-lecosysteme\/#primaryimage\"},\"thumbnailUrl\":\"https:\/\/herberiedelatille.fr\/blog\/wp-content\/uploads\/2026\/02\/sdxl-e73c7538867fd22303f5d30823085271-scaled.png\",\"keywords\":[\"biodiversite locale\",\"conservation ecosysteme\",\"plante endemique\"],\"articleSection\":[\"Conservation et Biodiversit\u00e9\"],\"inLanguage\":\"fr-FR\",\"potentialAction\":[{\"@type\":\"CommentAction\",\"name\":\"Comment\",\"target\":[\"https:\/\/herberiedelatille.fr\/blog\/conservation-et-biodiversite\/flore-locale-comprendre-limportance-des-vegetaux-endemiques-dans-lecosysteme\/#respond\"]}]},{\"@type\":\"WebPage\",\"@id\":\"https:\/\/herberiedelatille.fr\/blog\/conservation-et-biodiversite\/flore-locale-comprendre-limportance-des-vegetaux-endemiques-dans-lecosysteme\/\",\"url\":\"https:\/\/herberiedelatille.fr\/blog\/conservation-et-biodiversite\/flore-locale-comprendre-limportance-des-vegetaux-endemiques-dans-lecosysteme\/\",\"name\":\"Flore locale : le r\u00f4le des v\u00e9g\u00e9taux end\u00e9miques\",\"isPartOf\":{\"@id\":\"https:\/\/herberiedelatille.fr\/blog\/#website\"},\"primaryImageOfPage\":{\"@id\":\"https:\/\/herberiedelatille.fr\/blog\/conservation-et-biodiversite\/flore-locale-comprendre-limportance-des-vegetaux-endemiques-dans-lecosysteme\/#primaryimage\"},\"image\":{\"@id\":\"https:\/\/herberiedelatille.fr\/blog\/conservation-et-biodiversite\/flore-locale-comprendre-limportance-des-vegetaux-endemiques-dans-lecosysteme\/#primaryimage\"},\"thumbnailUrl\":\"https:\/\/herberiedelatille.fr\/blog\/wp-content\/uploads\/2026\/02\/sdxl-e73c7538867fd22303f5d30823085271-scaled.png\",\"datePublished\":\"2026-02-23T08:57:00+00:00\",\"description\":\"Flore locale : comprendre l'importance des v\u00e9g\u00e9taux end\u00e9miques et leur r\u00f4le essentiel dans l'\u00e9quilibre des \u00e9cosyst\u00e8mes.\",\"inLanguage\":\"fr-FR\",\"potentialAction\":[{\"@type\":\"ReadAction\",\"target\":[\"https:\/\/herberiedelatille.fr\/blog\/conservation-et-biodiversite\/flore-locale-comprendre-limportance-des-vegetaux-endemiques-dans-lecosysteme\/\"]}]},{\"@type\":\"ImageObject\",\"inLanguage\":\"fr-FR\",\"@id\":\"https:\/\/herberiedelatille.fr\/blog\/conservation-et-biodiversite\/flore-locale-comprendre-limportance-des-vegetaux-endemiques-dans-lecosysteme\/#primaryimage\",\"url\":\"https:\/\/herberiedelatille.fr\/blog\/wp-content\/uploads\/2026\/02\/sdxl-e73c7538867fd22303f5d30823085271-scaled.png\",\"contentUrl\":\"https:\/\/herberiedelatille.fr\/blog\/wp-content\/uploads\/2026\/02\/sdxl-e73c7538867fd22303f5d30823085271-scaled.png\",\"width\":1200,\"height\":500},{\"@type\":\"WebSite\",\"@id\":\"https:\/\/herberiedelatille.fr\/blog\/#website\",\"url\":\"https:\/\/herberiedelatille.fr\/blog\/\",\"name\":\"Herberie de la Tille\",\"description\":\"Le m\u00e9dia de la botanique pratique \u2014 plantes, herboristerie, identification\",\"publisher\":{\"@id\":\"https:\/\/herberiedelatille.fr\/blog\/#organization\"},\"alternateName\":\"Herberie de la Tille\",\"potentialAction\":[{\"@type\":\"SearchAction\",\"target\":{\"@type\":\"EntryPoint\",\"urlTemplate\":\"https:\/\/herberiedelatille.fr\/blog\/?s={search_term_string}\"},\"query-input\":{\"@type\":\"PropertyValueSpecification\",\"valueRequired\":true,\"valueName\":\"search_term_string\"}}],\"inLanguage\":\"fr-FR\"},{\"@type\":\"Organization\",\"@id\":\"https:\/\/herberiedelatille.fr\/blog\/#organization\",\"name\":\"Herberie de la Tille\",\"url\":\"https:\/\/herberiedelatille.fr\/blog\/\",\"logo\":{\"@type\":\"ImageObject\",\"inLanguage\":\"fr-FR\",\"@id\":\"https:\/\/herberiedelatille.fr\/blog\/#\/schema\/logo\/image\/\",\"url\":\"https:\/\/herberiedelatille.fr\/blog\/wp-content\/uploads\/2024\/12\/herberiedelatille.png\",\"contentUrl\":\"https:\/\/herberiedelatille.fr\/blog\/wp-content\/uploads\/2024\/12\/herberiedelatille.png\",\"width\":500,\"height\":500,\"caption\":\"Herberie de la Tille\"},\"image\":{\"@id\":\"https:\/\/herberiedelatille.fr\/blog\/#\/schema\/logo\/image\/\"}},{\"@type\":\"Person\",\"@id\":\"https:\/\/herberiedelatille.fr\/blog\/#\/schema\/person\/3c864cdc320801e3db34b663e7e3f816\",\"name\":\"Julien Prigent\",\"image\":{\"@type\":\"ImageObject\",\"inLanguage\":\"fr-FR\",\"@id\":\"https:\/\/herberiedelatille.fr\/blog\/#\/schema\/person\/image\/\",\"url\":\"https:\/\/herberiedelatille.fr\/blog\/wp-content\/uploads\/2026\/06\/persona_julien-p-96x96.jpg\",\"contentUrl\":\"https:\/\/herberiedelatille.fr\/blog\/wp-content\/uploads\/2026\/06\/persona_julien-p-96x96.jpg\",\"caption\":\"Julien Prigent\"},\"description\":\"Bricoleur et jardinier dans l'\u00e2me, j'\u00e9cris sur la maison et ses ext\u00e9rieurs avec les mains dans le cambouis plus que dans les th\u00e9ories. Mon terrain couvre tout l'habitat : le potager et le jardin au fil des saisons, mais aussi les petits travaux, la r\u00e9novation, le bricolage et les m\u00e9tiers du b\u00e2timent \u2014 toiture, isolation, menuiserie, serrurerie, ma\u00e7onnerie. J'aime expliquer un geste technique simplement, donner des fourchettes de prix r\u00e9alistes et les bons crit\u00e8res pour choisir un mat\u00e9riau ou un artisan. Je teste ce que je peux sur mes propres chantiers et au jardin avant d'en parler, je distingue la tradition de ce que confirme l'observation, et je pr\u00e9cise toujours le contexte \u2014 climat, type de sol, configuration du logement \u2014 parce qu'un m\u00eame conseil ne vaut pas partout. Mon but : rendre l'entretien et l'am\u00e9lioration de la maison accessibles, durables et \u00e9conomes.\",\"sameAs\":[\"https:\/\/julienprigent.fr\/\"],\"url\":\"https:\/\/herberiedelatille.fr\/blog\/auteur\/julien-p\/\"}]}<\/script>\n<!-- \/ Yoast SEO Premium plugin. -->","yoast_head_json":{"title":"Flore locale : le r\u00f4le des v\u00e9g\u00e9taux end\u00e9miques","description":"Flore locale : comprendre l'importance des v\u00e9g\u00e9taux end\u00e9miques et leur r\u00f4le essentiel dans l'\u00e9quilibre des \u00e9cosyst\u00e8mes.","robots":{"index":"index","follow":"follow","max-snippet":"max-snippet:-1","max-image-preview":"max-image-preview:large","max-video-preview":"max-video-preview:-1"},"canonical":"https:\/\/herberiedelatille.fr\/blog\/conservation-et-biodiversite\/flore-locale-comprendre-limportance-des-vegetaux-endemiques-dans-lecosysteme\/","og_locale":"fr_FR","og_type":"article","og_title":"Flore locale : le r\u00f4le des v\u00e9g\u00e9taux end\u00e9miques","og_description":"Flore locale : comprendre l'importance des v\u00e9g\u00e9taux end\u00e9miques et leur r\u00f4le essentiel dans l'\u00e9quilibre des \u00e9cosyst\u00e8mes.","og_url":"https:\/\/herberiedelatille.fr\/blog\/conservation-et-biodiversite\/flore-locale-comprendre-limportance-des-vegetaux-endemiques-dans-lecosysteme\/","og_site_name":"Herberie de la Tille","og_image":[{"width":1200,"height":500,"url":"https:\/\/herberiedelatille.fr\/blog\/wp-content\/uploads\/2026\/02\/sdxl-e73c7538867fd22303f5d30823085271-scaled.png","type":"image\/png"}],"author":"Julien Prigent","twitter_card":"summary_large_image","schema":{"@context":"https:\/\/schema.org","@graph":[{"@type":"NewsArticle","@id":"https:\/\/herberiedelatille.fr\/blog\/conservation-et-biodiversite\/flore-locale-comprendre-limportance-des-vegetaux-endemiques-dans-lecosysteme\/#article","isPartOf":{"@id":"https:\/\/herberiedelatille.fr\/blog\/conservation-et-biodiversite\/flore-locale-comprendre-limportance-des-vegetaux-endemiques-dans-lecosysteme\/"},"author":{"name":"Julien Prigent","@id":"https:\/\/herberiedelatille.fr\/blog\/#\/schema\/person\/3c864cdc320801e3db34b663e7e3f816"},"headline":"Flore locale : Comprendre l\u2019importance des v\u00e9g\u00e9taux end\u00e9miques dans l\u2019\u00e9cosyst\u00e8me","datePublished":"2026-02-23T08:57:00+00:00","mainEntityOfPage":{"@id":"https:\/\/herberiedelatille.fr\/blog\/conservation-et-biodiversite\/flore-locale-comprendre-limportance-des-vegetaux-endemiques-dans-lecosysteme\/"},"wordCount":1380,"commentCount":0,"publisher":{"@id":"https:\/\/herberiedelatille.fr\/blog\/#organization"},"image":{"@id":"https:\/\/herberiedelatille.fr\/blog\/conservation-et-biodiversite\/flore-locale-comprendre-limportance-des-vegetaux-endemiques-dans-lecosysteme\/#primaryimage"},"thumbnailUrl":"https:\/\/herberiedelatille.fr\/blog\/wp-content\/uploads\/2026\/02\/sdxl-e73c7538867fd22303f5d30823085271-scaled.png","keywords":["biodiversite locale","conservation ecosysteme","plante endemique"],"articleSection":["Conservation et Biodiversit\u00e9"],"inLanguage":"fr-FR","potentialAction":[{"@type":"CommentAction","name":"Comment","target":["https:\/\/herberiedelatille.fr\/blog\/conservation-et-biodiversite\/flore-locale-comprendre-limportance-des-vegetaux-endemiques-dans-lecosysteme\/#respond"]}]},{"@type":"WebPage","@id":"https:\/\/herberiedelatille.fr\/blog\/conservation-et-biodiversite\/flore-locale-comprendre-limportance-des-vegetaux-endemiques-dans-lecosysteme\/","url":"https:\/\/herberiedelatille.fr\/blog\/conservation-et-biodiversite\/flore-locale-comprendre-limportance-des-vegetaux-endemiques-dans-lecosysteme\/","name":"Flore locale : le r\u00f4le des v\u00e9g\u00e9taux end\u00e9miques","isPartOf":{"@id":"https:\/\/herberiedelatille.fr\/blog\/#website"},"primaryImageOfPage":{"@id":"https:\/\/herberiedelatille.fr\/blog\/conservation-et-biodiversite\/flore-locale-comprendre-limportance-des-vegetaux-endemiques-dans-lecosysteme\/#primaryimage"},"image":{"@id":"https:\/\/herberiedelatille.fr\/blog\/conservation-et-biodiversite\/flore-locale-comprendre-limportance-des-vegetaux-endemiques-dans-lecosysteme\/#primaryimage"},"thumbnailUrl":"https:\/\/herberiedelatille.fr\/blog\/wp-content\/uploads\/2026\/02\/sdxl-e73c7538867fd22303f5d30823085271-scaled.png","datePublished":"2026-02-23T08:57:00+00:00","description":"Flore locale : comprendre l'importance des v\u00e9g\u00e9taux end\u00e9miques et leur r\u00f4le essentiel dans l'\u00e9quilibre des \u00e9cosyst\u00e8mes.","inLanguage":"fr-FR","potentialAction":[{"@type":"ReadAction","target":["https:\/\/herberiedelatille.fr\/blog\/conservation-et-biodiversite\/flore-locale-comprendre-limportance-des-vegetaux-endemiques-dans-lecosysteme\/"]}]},{"@type":"ImageObject","inLanguage":"fr-FR","@id":"https:\/\/herberiedelatille.fr\/blog\/conservation-et-biodiversite\/flore-locale-comprendre-limportance-des-vegetaux-endemiques-dans-lecosysteme\/#primaryimage","url":"https:\/\/herberiedelatille.fr\/blog\/wp-content\/uploads\/2026\/02\/sdxl-e73c7538867fd22303f5d30823085271-scaled.png","contentUrl":"https:\/\/herberiedelatille.fr\/blog\/wp-content\/uploads\/2026\/02\/sdxl-e73c7538867fd22303f5d30823085271-scaled.png","width":1200,"height":500},{"@type":"WebSite","@id":"https:\/\/herberiedelatille.fr\/blog\/#website","url":"https:\/\/herberiedelatille.fr\/blog\/","name":"Herberie de la Tille","description":"Le m\u00e9dia de la botanique pratique \u2014 plantes, herboristerie, identification","publisher":{"@id":"https:\/\/herberiedelatille.fr\/blog\/#organization"},"alternateName":"Herberie de la Tille","potentialAction":[{"@type":"SearchAction","target":{"@type":"EntryPoint","urlTemplate":"https:\/\/herberiedelatille.fr\/blog\/?s={search_term_string}"},"query-input":{"@type":"PropertyValueSpecification","valueRequired":true,"valueName":"search_term_string"}}],"inLanguage":"fr-FR"},{"@type":"Organization","@id":"https:\/\/herberiedelatille.fr\/blog\/#organization","name":"Herberie de la Tille","url":"https:\/\/herberiedelatille.fr\/blog\/","logo":{"@type":"ImageObject","inLanguage":"fr-FR","@id":"https:\/\/herberiedelatille.fr\/blog\/#\/schema\/logo\/image\/","url":"https:\/\/herberiedelatille.fr\/blog\/wp-content\/uploads\/2024\/12\/herberiedelatille.png","contentUrl":"https:\/\/herberiedelatille.fr\/blog\/wp-content\/uploads\/2024\/12\/herberiedelatille.png","width":500,"height":500,"caption":"Herberie de la Tille"},"image":{"@id":"https:\/\/herberiedelatille.fr\/blog\/#\/schema\/logo\/image\/"}},{"@type":"Person","@id":"https:\/\/herberiedelatille.fr\/blog\/#\/schema\/person\/3c864cdc320801e3db34b663e7e3f816","name":"Julien Prigent","image":{"@type":"ImageObject","inLanguage":"fr-FR","@id":"https:\/\/herberiedelatille.fr\/blog\/#\/schema\/person\/image\/","url":"https:\/\/herberiedelatille.fr\/blog\/wp-content\/uploads\/2026\/06\/persona_julien-p-96x96.jpg","contentUrl":"https:\/\/herberiedelatille.fr\/blog\/wp-content\/uploads\/2026\/06\/persona_julien-p-96x96.jpg","caption":"Julien Prigent"},"description":"Bricoleur et jardinier dans l'\u00e2me, j'\u00e9cris sur la maison et ses ext\u00e9rieurs avec les mains dans le cambouis plus que dans les th\u00e9ories. Mon terrain couvre tout l'habitat : le potager et le jardin au fil des saisons, mais aussi les petits travaux, la r\u00e9novation, le bricolage et les m\u00e9tiers du b\u00e2timent \u2014 toiture, isolation, menuiserie, serrurerie, ma\u00e7onnerie. J'aime expliquer un geste technique simplement, donner des fourchettes de prix r\u00e9alistes et les bons crit\u00e8res pour choisir un mat\u00e9riau ou un artisan. Je teste ce que je peux sur mes propres chantiers et au jardin avant d'en parler, je distingue la tradition de ce que confirme l'observation, et je pr\u00e9cise toujours le contexte \u2014 climat, type de sol, configuration du logement \u2014 parce qu'un m\u00eame conseil ne vaut pas partout. Mon but : rendre l'entretien et l'am\u00e9lioration de la maison accessibles, durables et \u00e9conomes.","sameAs":["https:\/\/julienprigent.fr\/"],"url":"https:\/\/herberiedelatille.fr\/blog\/auteur\/julien-p\/"}]}},"_links":{"self":[{"href":"https:\/\/herberiedelatille.fr\/blog\/wp-json\/wp\/v2\/posts\/7518","targetHints":{"allow":["GET"]}}],"collection":[{"href":"https:\/\/herberiedelatille.fr\/blog\/wp-json\/wp\/v2\/posts"}],"about":[{"href":"https:\/\/herberiedelatille.fr\/blog\/wp-json\/wp\/v2\/types\/post"}],"author":[{"embeddable":true,"href":"https:\/\/herberiedelatille.fr\/blog\/wp-json\/wp\/v2\/users\/34"}],"replies":[{"embeddable":true,"href":"https:\/\/herberiedelatille.fr\/blog\/wp-json\/wp\/v2\/comments?post=7518"}],"version-history":[{"count":1,"href":"https:\/\/herberiedelatille.fr\/blog\/wp-json\/wp\/v2\/posts\/7518\/revisions"}],"predecessor-version":[{"id":7547,"href":"https:\/\/herberiedelatille.fr\/blog\/wp-json\/wp\/v2\/posts\/7518\/revisions\/7547"}],"wp:featuredmedia":[{"embeddable":true,"href":"https:\/\/herberiedelatille.fr\/blog\/wp-json\/wp\/v2\/media\/7548"}],"wp:attachment":[{"href":"https:\/\/herberiedelatille.fr\/blog\/wp-json\/wp\/v2\/media?parent=7518"}],"wp:term":[{"taxonomy":"category","embeddable":true,"href":"https:\/\/herberiedelatille.fr\/blog\/wp-json\/wp\/v2\/categories?post=7518"},{"taxonomy":"post_tag","embeddable":true,"href":"https:\/\/herberiedelatille.fr\/blog\/wp-json\/wp\/v2\/tags?post=7518"}],"curies":[{"name":"wp","href":"https:\/\/api.w.org\/{rel}","templated":true}]}}