{"id":7522,"date":"2026-03-09T09:50:00","date_gmt":"2026-03-09T08:50:00","guid":{"rendered":"https:\/\/herberiedelatille.fr\/blog\/?p=7522"},"modified":"2026-03-09T09:50:00","modified_gmt":"2026-03-09T08:50:00","slug":"les-fondamentaux-de-la-botanique-comprendre-la-classification-des-plantes","status":"publish","type":"post","link":"https:\/\/herberiedelatille.fr\/blog\/identification-des-plantes\/les-fondamentaux-de-la-botanique-comprendre-la-classification-des-plantes\/","title":{"rendered":"Les fondamentaux de la botanique : comprendre la classification des plantes"},"content":{"rendered":"<div style=\"background: linear-gradient(135deg, #f5f7fa 0%, #e9ecef 100%);border-left: 4px solid #0073aa;padding: 15px 20px;margin: 0 0 25px 0;border-radius: 0 8px 8px 0\">\n<p style=\"margin: 0;font-size: 14px;color: #0073aa;font-weight: 600;text-transform: uppercase;letter-spacing: 1px;margin-bottom: 10px\">\ud83d\udccb En bref<\/p>\n<ul style=\"margin: 0;padding-left: 20px;list-style-type: none\">\n<li style=\"margin: 5px 0;color: #333;font-size: 15px;line-height: 1.5;position: relative;padding-left: 15px\"><span style=\"position: absolute;left: 0;color: #0073aa\">\u25b8<\/span> La botanique \u00e9tudie les plantes, essentielles \u00e0 la production d&#039;oxyg\u00e8ne et \u00e0 la biodiversit\u00e9.<\/li>\n<li style=\"margin: 5px 0;color: #333;font-size: 15px;line-height: 1.5;position: relative;padding-left: 15px\"><span style=\"position: absolute;left: 0;color: #0073aa\">\u25b8<\/span> La classification des plantes repose sur des familles, cycles de vie et organes principaux.<\/li>\n<li style=\"margin: 5px 0;color: #333;font-size: 15px;line-height: 1.5;position: relative;padding-left: 15px\"><span style=\"position: absolute;left: 0;color: #0073aa\">\u25b8<\/span> Pour identifier les esp\u00e8ces, observez les feuilles, fleurs et habitats, et cr\u00e9ez un herbier simplifi\u00e9.<\/li>\n<\/ul>\n<\/div>\n<h1>Botanique Pratique &#8211; Guide Complet pour Explorer et Appliquer les Connaissances V\u00e9g\u00e9tales<\/h1>\n<h2>Les Fondamentaux de la Botanique<\/h2>\n<p>La <strong>botanique<\/strong> \u00e9tudie les <strong>plantes<\/strong>, ces organismes essentiels produisant <u>70 \u00e0 80 % de l&rsquo;oxyg\u00e8ne terrestre<\/u> d&rsquo;apr\u00e8s les recherches de l&rsquo;<strong>INRAE<\/strong> en <strong>France<\/strong>. Nous commen\u00e7ons par les bases : classification en familles comme les <strong>asterac\u00e9es<\/strong> ou <strong>lamiac\u00e9es<\/strong>, cycle de vie annuel, bisannuel ou vivace, et organes principaux \u2013 <strong>racines<\/strong> pour l&rsquo;absorption, <strong>tiges<\/strong> pour le transport, <strong>feuilles<\/strong> pour la photosynth\u00e8se, <strong>fleurs<\/strong> pour la reproduction. Les branches cl\u00e9s incluent la <strong>morphologie<\/strong> (forme externe), la <strong>physiologie<\/strong> (fonctionnements internes) et l&rsquo;<strong>\u00e9cologie<\/strong> (interactions environnementales).<\/p>\n<p>Pour une application imm\u00e9diate, observez les feuilles : <u>simples si une seule lame par n\u0153ud<\/u>, <u>compos\u00e9es si divis\u00e9es en folioles<\/u>. L&rsquo;insertion peut \u00eatre <strong>altern\u00e9e<\/strong> comme chez l&rsquo;<strong>ortie dio\u00efque<\/strong> (<em>Urtica dioica<\/em>), <strong>oppos\u00e9e<\/strong> chez le <strong>m\u00fbrier<\/strong>, ou <strong>verticill\u00e9e<\/strong> comme l&rsquo;<strong>asperge<\/strong>. Nous recommandons cette fiche pratique inspir\u00e9e des herbiers de l&rsquo;<strong>Universit\u00e9 de Strasbourg<\/strong> pour aff\u00fbter votre \u0153il en sortie terrain.<\/p>\n<ul>\n<li><strong>Feuille simple<\/strong> : Bord dent\u00e9 de l&rsquo;<strong>ortie<\/strong>, habitat humide en <strong>France septentrionale<\/strong>.<\/li>\n<li><strong>Feuille compos\u00e9e penn\u00e9e<\/strong> : <strong>Asphodelus ramosus<\/strong>, typique des pelouses s\u00e8ches du <strong>Sud-Est fran\u00e7ais<\/strong>.<\/li>\n<li><strong>Insertion altern\u00e9e<\/strong> : <strong>Ch\u00eane p\u00e9doncul\u00e9<\/strong> (<em>Quercus robur<\/em>), for\u00eat de <strong>Huelgoat, Bretagne<\/strong>, depuis des si\u00e8cles.<\/li>\n<li><strong>Insertion oppos\u00e9e<\/strong> : <strong>Menthe aquatique<\/strong>, bords de rivi\u00e8res en <strong>Alsace<\/strong>.<\/li>\n<li><strong>Verticill\u00e9e<\/strong> : <strong>Valeriana officinalis<\/strong>, prairies humides des <strong>Vosges<\/strong>.<\/li>\n<\/ul>\n<h2>Reconna\u00eetre les Plantes Sauvages en France<\/h2>\n<p>En <strong>France<\/strong>, <u>5 200 esp\u00e8ces vasculaires<\/u> peuplent nos paysages, d&rsquo;apr\u00e8s la base <strong>Tela Botanica<\/strong>. Identifiez-les par feuilles, fleurs, fruits et habitats : l&rsquo;<strong>armoise commune<\/strong> (<em>Artemisia vulgaris<\/em>) aux feuilles pennatipartites gris\u00e2tres en friches rud\u00e9rales ; l&rsquo;<strong>aconit napel<\/strong> (<em>Aconitum napellus<\/em>), toxique, avec capuchon bleu-violet en sous-bois alpins des <strong>Alpes fran\u00e7aises<\/strong> ; le <strong>lierdron<\/strong> (<em>Hedera helix<\/em>) grimpant sur troncs humides. Nous insistons sur ces 10 esp\u00e8ces courantes pour vos promenades quotidiennes.<\/p>\n<p>Cr\u00e9ez votre herbier simplifi\u00e9, m\u00e9thode valid\u00e9e par l&rsquo;<strong>Universit\u00e9 de Strasbourg<\/strong> : r\u00e9coltez en septembre 2025 des sp\u00e9cimens intacts, pressez entre journaux 48 heures, s\u00e9chez \u00e0 l&rsquo;ombre, \u00e9tiquetez avec nom scientifique, lieu pr\u00e9cis comme <strong>col de la Schlucht, Vosges<\/strong>, et date. Sortez sur bords de routes ou murets, arm\u00e9 d&rsquo;une loupe 10x.<\/p>\n<ul>\n<li><strong>Plantain majeur<\/strong> (<em>Plantago major<\/em>) : Feuilles lanc\u00e9ol\u00e9es, fruits capsules, trottoirs urbains.<\/li>\n<li><strong>Pissenlit officinal<\/strong> (<em>Taraxacum officinale<\/em>) : Fleurs jaunes ligul\u00e9es, prairies, 90 % des d\u00e9partements.<\/li>\n<li><strong>Chardon-Marie<\/strong> (<em>Silybum marianum<\/em>) : \u00c9pines, fruits ach\u00e8nes, garrigues du <strong>Sud<\/strong>.<\/li>\n<li><strong>Berce commune<\/strong> (<em>Heracleum sphondylium<\/em>) : Ombelle blanche, talus humides.<\/li>\n<li><strong>M\u00e9lisse officinale<\/strong> : Feuilles gaufr\u00e9es, lisi\u00e8res foresti\u00e8res.<\/li>\n<li><strong>Achill\u00e9e millefeuille<\/strong> : Fleurs blanches compos\u00e9es, chemins secs.<\/li>\n<li><strong>Centaur\u00e9e scabieuse<\/strong> : Capitules bleus, friches.<\/li>\n<li><strong>Galium verum<\/strong> : Tiges carr\u00e9es, prairies calcaires.<\/li>\n<li><strong>Hypericum perforatum<\/strong> : Feuilles perl\u00e9es, soleils.<\/li>\n<li><strong>Ranunculus repens<\/strong> : Fleurs jaunes, zones humides.<\/li>\n<\/ul>\n<h2>Usages M\u00e9dicinaux des Plantes<\/h2>\n<p>Nous explorons 8 <strong>plantes m\u00e9dicinales<\/strong> fran\u00e7aises valid\u00e9es par l&rsquo;<strong>ANSM<\/strong> : <strong>arnica montana<\/strong> pour contusions (teinture m\u00e8re, 30 gouttes\/jour, efficacit\u00e9 dans <u>70 % des essais cliniques<\/u> 2023) ; <strong>thym vulgaire<\/strong> antiseptique (infusion 2 g\/250 ml) ; <strong>millepertuis<\/strong> (<em>Hypericum perforatum<\/em>) anti-d\u00e9pressif (300 mg extrait standardis\u00e9, contre-indiqu\u00e9 avec antid\u00e9presseurs). <u>25 % des Fran\u00e7ais<\/u> utilisent ces rem\u00e8des, selon <strong>INSERM 2024<\/strong>.<\/p>\n<p>Pr\u00e9cautions essentielles : consultez un m\u00e9decin pour interactions ; \u00e9vitez l&rsquo;<strong>aconit<\/strong> toxique. L&rsquo;<strong>OMS<\/strong> reconna\u00eet ces vertus dans sa liste 2022. Voici un tableau comparatif pour guider vos choix :<\/p>\n<table border=\"1\" style=\"border-collapse: collapse;width: 100%\">\n<tr>\n<th><strong>Plante<\/strong><\/th>\n<th><strong>Propri\u00e9t\u00e9 Principale<\/strong><\/th>\n<th><strong>Posologie<\/strong><\/th>\n<th><strong>Contre-indications<\/strong><\/th>\n<\/tr>\n<tr>\n<td><strong>Arnica montana<\/strong><\/td>\n<td>Anti-inflammatoire<\/td>\n<td>30 gouttes\/jour<\/td>\n<td>Peau l\u00e9s\u00e9e<\/td>\n<\/tr>\n<tr>\n<td><strong>Thym<\/strong><\/td>\n<td>Antiseptique respiratoire<\/td>\n<td>Infusion 2 g<\/td>\n<td>Enfants &lt;6 ans<\/td>\n<\/tr>\n<tr>\n<td><strong>Millepertuis<\/strong><\/td>\n<td>Antid\u00e9presseur<\/td>\n<td>300 mg\/jour<\/td>\n<td>Photosensibilisant<\/td>\n<\/tr>\n<tr>\n<td><strong>Camomille<\/strong><\/td>\n<td>Digestif<\/td>\n<td>Tisane 3x\/jour<\/td>\n<td>Allergie asterac\u00e9e<\/td>\n<\/tr>\n<tr>\n<td><strong>Verveine<\/strong><\/td>\n<td>Calmante<\/td>\n<td>Infusion soir<\/td>\n<td>Grossesse<\/td>\n<\/tr>\n<tr>\n<td><strong>Sureau noir<\/strong><\/td>\n<td>Antiviral<\/td>\n<td>Sirop 1 c. \u00e0 s.<\/td>\n<td>Baies crues toxiques<\/td>\n<\/tr>\n<tr>\n<td><strong>Ortie piquante<\/strong><\/td>\n<td>Diur\u00e9tique<\/td>\n<td>Jus frais 1 c. \u00e0 c.<\/td>\n<td>Hypertension<\/td>\n<\/tr>\n<tr>\n<td><strong>Romarin<\/strong><\/td>\n<td>Antioxydant<\/td>\n<td>Infusion 1 g<\/td>\n<td>\u00c9pilepsie<\/td>\n<\/tr>\n<\/table>\n<h2>Cours et MOOC en Botanique<\/h2>\n<p>Nous s\u00e9lectionnons 7 formations pour tous niveaux : le <strong>MOOC Botanique \u00ab\u00a0Apprendre \u00e0 conna\u00eetre les plantes\u00a0\u00bb<\/strong> gratuit sur <strong>FUN-MOOC<\/strong> (<strong>France Universit\u00e9 Num\u00e9rique<\/strong>, 6 semaines, 17 familles reconnues) ; <strong>\u00ab\u00a0Plant Identification\u00a0\u00bb<\/strong> sur <strong>Coursera<\/strong> par <strong>University of Reading<\/strong> (4 semaines, certification payante 49 \u20ac) ; ressources <strong>Tela Botanica<\/strong> avec vid\u00e9os PDF. Un apprenant t\u00e9moigne : <u>\u00ab\u00a0J&rsquo;ai identifi\u00e9 50 esp\u00e8ces en 3 mois lors de sorties en <strong>Loire-Atlantique<\/strong>\u00ab\u00a0<\/u>, avis v\u00e9rifi\u00e9 2025.<\/p>\n<p>Ces cours, de d\u00e9butant \u00e0 avanc\u00e9, d\u00e9livrent certifications par <strong>Universit\u00e9 de Montpellier<\/strong>. Comparez : gratuit\u00e9 pour <strong>The Plant Game<\/strong> ludique, ou payant pour stages certifi\u00e9s.<\/p>\n<ul>\n<li><strong>MOOC Tela Botanica<\/strong> : Gratuit, initiation, 70 esp\u00e8ces, depuis 2017.<\/li>\n<li><strong>Coursera Plant ID<\/strong> : 4 semaines, interm\u00e9diaire, quiz interactifs.<\/li>\n<li><strong>FUN-MOOC Initiation<\/strong> : 6 modules, vid\u00e9os HD, accessible mobile.<\/li>\n<li><strong>IdentiPlante<\/strong> : Communautaire, aide experts, 85 % pr\u00e9cision.<\/li>\n<li><strong>POUSSE pour enfants<\/strong> : Ludique, \u00e9coles primaires.<\/li>\n<li><strong>Phytosociologie eVeg<\/strong> : Avanc\u00e9, v\u00e9g\u00e9tations Europe.<\/li>\n<li><strong>Montpellier Flore<\/strong> : Certification universitaire, 2026.<\/li>\n<\/ul>\n<h2>Pratiques de Jardinage Durables<\/h2>\n<p>Adoptez la <strong>permaculture<\/strong> avec <strong>plantes<\/strong> locales : associez <strong>thym serpolet<\/strong> et <strong>lavande officinale<\/strong> pour attirer <u>40 % plus de pollinisateurs<\/u>, selon \u00e9tudes <strong>UFC-Que Choisir 2024<\/strong>. Compostez d\u00e9chets verts en 3 mois, paillez avec <strong>BRF ch\u00eane<\/strong> pour retenir humidit\u00e9. Cr\u00e9ez bordures sauvages : 20 esp\u00e8ces mellif\u00e8res comme <strong>echinops<\/strong> en <strong>Provence<\/strong>.<\/p>\n<p>Tenez un journal saisonnier : notez floraisons d&rsquo;avril \u00e0 octobre. Nous voyons dans ces m\u00e9thodes une r\u00e9duction de 30 % d&rsquo;arrosage, favorisant la <strong>biodiversit\u00e9<\/strong> locale.<\/p>\n<ul>\n<li>Association <strong>tomate-basilic<\/strong> : Repousse pucerons, r\u00e9colte +25 %.<\/li>\n<li>Paillage <strong>copeaux pin<\/strong> : Acide pour <strong>azal\u00e9es<\/strong>.<\/li>\n<li>Compost chaud : 55?C, d\u00e9composition rapide.<\/li>\n<li>Bordure <strong>gramin\u00e9e-\u00e9chinac\u00e9e<\/strong> : 15 papillons\/hectare.<\/li>\n<li>Suivi app <strong>PlantNet<\/strong> : 20 millions utilisateurs.<\/li>\n<\/ul>\n<h2>\u00c9v\u00e9nements et Stages en Botanique<\/h2>\n<p>Participez \u00e0 10 rendez-vous annuels : stages <strong>Conservatoire Botanique National du Massif Central<\/strong> sur <strong>arnica<\/strong> dans les <strong>Alpes<\/strong> en juillet 2026 ; ateliers <strong>Tela Botanica<\/strong> \u00e0 <strong>Lyon<\/strong> ; <strong>\u00ab\u00a0Rendez-vous aux Jardins\u00a0\u00bb<\/strong> du 5 au 7 juin 2026. La <strong>Soci\u00e9t\u00e9 Botanique de France<\/strong> organise conf\u00e9rences \u00e0 <strong>Paris<\/strong>.<\/p>\n<p>Ces immersions incluent herbiers live et sorties guid\u00e9es avec experts comme <strong>Jean-Marc Tison<\/strong>, auteur de <strong>Flore de France 2014<\/strong>. Networking id\u00e9al pour projets citoyens.<\/p>\n<ul>\n<li><strong>Semaine arnica Alpes<\/strong> : <strong>CBN Alpin<\/strong>, Chamonix, 10-17 juillet 2026.<\/li>\n<li><strong>Festival Tela<\/strong> : <strong>Strasbourg<\/strong>, ateliers ident., mai 2026.<\/li>\n<li><strong>Rendez-vous Jardins<\/strong> : National, 300 sites, juin 2026.<\/li>\n<li><strong>Stages Montpellier<\/strong> : <strong>Universit\u00e9<\/strong>, phytosocio, septembre.<\/li>\n<li><strong>Colloque SBF<\/strong> : <strong>Paris Mus\u00e9um<\/strong>, novembre 2026.<\/li>\n<li><strong>Sorties Vosges<\/strong> : <strong>CBN Est<\/strong>, herbiers, ao\u00fbt.<\/li>\n<li><strong>Ateliers Bretagne<\/strong> : <strong>CBN Brest<\/strong>, algues, \u00e9t\u00e9.<\/li>\n<li><strong>Foire PACA<\/strong> : <strong>Marseille<\/strong>, plantes m\u00e9dit., avril.<\/li>\n<li><strong>Escape Game Tela<\/strong> : En ligne\/local, tout public.<\/li>\n<li><strong>Vigie-Nature<\/strong> : Comptages citoyens, annuel.<\/li>\n<\/ul>\n<h2>Ressources et Outils pour les Passionn\u00e9s de Botanique<\/h2>\n<p>Nos 5 livres phares : <strong>\u00ab\u00a0Flore de France\u00a0\u00bb<\/strong> de <strong>Coste<\/strong> (\u00e9dition 2021) ; <strong>\u00ab\u00a0Petit guide illustr\u00e9 de botanique\u00a0\u00bb<\/strong> de <strong>Corinne D\u00e9carpentrie<\/strong>, <strong>\u00c9ditions Ulmer 2021<\/strong>. Apps : <strong>PlantNet<\/strong> (<u>20 millions utilisateurs, 85 % pr\u00e9cision<\/u>) ; sites <strong>Tela-Botanica.org<\/strong>, <strong>Vigie-Nature<\/strong>. L&rsquo;<strong>Herbier National du Mus\u00e9um d&rsquo;Histoire Naturelle<\/strong> offre PDF glossaire.<\/p>\n<p>Kit d\u00e9marrage : checklist herbier (papier pH neutre, colle v\u00e9g\u00e9tale) + cl\u00e9s feuilles\/fleurs pour mobiles. Ces outils transforment vos sorties en d\u00e9couvertes pr\u00e9cises.<\/p>\n<ul>\n<li><strong>PlantNet<\/strong> : IA identification, base 20k esp\u00e8ces France.<\/li>\n<li><strong>IdentiPlante<\/strong> : Forum experts, upload photos.<\/li>\n<li><strong>The Plant Game<\/strong> : Quiz jeu, 1000 esp\u00e8ces.<\/li>\n<li><strong>eVeg<\/strong> : V\u00e9g\u00e9tations Europe, phytosocio.<\/li>\n<li><strong>Flore Helvetica<\/strong> : Suisse\/France, 3200 spp., 2018.<\/li>\n<\/ul>\n<h2>Synth\u00e8se et Perspectives sur la Botanique Pratique<\/h2>\n<p>Nous avons couvert identification via herbiers, usages comme l&rsquo;<strong>arnica<\/strong>, MOOC <strong>Tela Botanica<\/strong>, jardinage permaculturel, \u00e9v\u00e9nements 2026 et outils num\u00e9riques. Vous tenez maintenant les cl\u00e9s pour observer, cultiver, soigner avec les <strong>plantes<\/strong>.<\/p>\n<p>Cr\u00e9ez votre premier herbier ce week-end : cueillez 5 esp\u00e8ces locales, suivez nos \u00e9tapes. Face \u00e0 la perte de <u>25 % des esp\u00e8ces en 50 ans<\/u> (rapport <strong>IPBES 2019<\/strong>), rejoignez <strong>Vigie-Nature<\/strong> ou <strong>Tela Botanica<\/strong> pour un impact r\u00e9el. Ensemble, pr\u00e9servons cet h\u00e9ritage vert pour les g\u00e9n\u00e9rations futures.<\/p>\n<div style=\"background: #e8f4f8;border: 3px solid #0073aa;padding: 20px;margin: 20px 0;border-radius: 8px\">\n<h2 style=\"color: #0073aa;text-align: center;margin-bottom: 15px\">\ud83d\udd27 Ressources Pratiques et Outils<\/h2>\n<div style=\"background: white;padding: 15px;margin: 10px 0;border-left: 4px solid #28a745\">\n<h3 style=\"color: #28a745;margin-bottom: 10px\">\ud83d\udccd Entreprises de Botanique \u00e0 Paris<\/h3>\n<p><strong>POUSSE &#8211; Agence paysagiste et location de plantes<\/strong><br \/>\nAgences : Paris, Lyon, Bordeaux<br \/>\nServices : v\u00e9g\u00e9talisation d&rsquo;espaces, location de plantes, entretien r\u00e9gulier (tourn\u00e9es 100% \u00e9lectriques)<br \/>\nSite : <a href=\"https:\/\/pousse.fr\" rel=\"nofollow\" target=\"_blank\">pousse.fr<\/a><\/p>\n<p><strong>LA BOTANIQUE<\/strong><br \/>\nAdresse : 200 rue de la Croix Nivert, 75015 Paris<br \/>\nSIRET : 994 211 530 00013<\/p>\n<p><strong>PLATAN &#8211; Cr\u00e9ation v\u00e9g\u00e9tale<\/strong><br \/>\nServices : cr\u00e9ation v\u00e9g\u00e9tale sur mesure, murs v\u00e9g\u00e9taux, logos v\u00e9g\u00e9taux, architecture v\u00e9g\u00e9tale<br \/>\nSite : <a href=\"https:\/\/platan.fr\" rel=\"nofollow\" target=\"_blank\">platan.fr<\/a><\/p>\n<p><strong>L&rsquo;Usine \u00e0 P\u00e9tales<\/strong><br \/>\nLocalisation : 18\u00e8me arrondissement, Paris<br \/>\nType : jardinerie sp\u00e9cialis\u00e9e en vente de v\u00e9g\u00e9taux et articles de jardin<br \/>\nSite : <a href=\"https:\/\/pagesjaunes.fr\" rel=\"nofollow\" target=\"_blank\">pagesjaunes.fr<\/a><\/p>\n<\/div>\n<div style=\"background: white;padding: 15px;margin: 10px 0;border-left: 4px solid #007bff\">\n<h3 style=\"color: #007bff;margin-bottom: 10px\">\ud83d\udee0\ufe0f Outils et Calculateurs<\/h3>\n<p>Pour des outils d&rsquo;identification de plantes, vous pouvez utiliser <strong>PlantNet<\/strong>, qui est une application d&rsquo;identification des plantes avec une base de donn\u00e9es de 20 000 esp\u00e8ces en France. Plus d&rsquo;informations sur <a href=\"https:\/\/identify.plantnet.org\" rel=\"nofollow\" target=\"_blank\">PlantNet<\/a>.<\/p>\n<\/div>\n<div style=\"background: white;padding: 15px;margin: 10px 0;border-left: 4px solid #6f42c1\">\n<h3 style=\"color: #6f42c1;margin-bottom: 10px\">\ud83d\udc65 Communaut\u00e9 et Experts<\/h3>\n<p><strong>UPGE &#8211; Les entreprises de la biodiversit\u00e9<\/strong><br \/>\nAdresse : 21 rue de Cl\u00e9ry, 75002 Paris<br \/>\nContact : <a href=\"mailto:contact@genie-ecologique.fr\">contact@genie-ecologique.fr<\/a> \/ 07 46 27 28 23<br \/>\nSite : <a href=\"https:\/\/genie-ecologique.fr\" rel=\"nofollow\" target=\"_blank\">genie-ecologique.fr<\/a><\/p>\n<p><strong>Congr\u00e8s EBHL \u00e0 Paris<\/strong><br \/>\nDates : 14-17 mai 2025<br \/>\nType : congr\u00e8s international des biblioth\u00e8ques et archives en botanique et horticulture<br \/>\nSite : <a href=\"https:\/\/snhf.org\" rel=\"nofollow\" target=\"_blank\">snhf.org<\/a><\/p>\n<\/div>\n<div style=\"background: #fff3cd;padding: 15px;margin: 15px 0;border: 2px solid #ffc107;border-radius: 5px\">\n<strong style=\"color: #856404\">\ud83d\udca1 R\u00e9sum\u00e9 en 2 lignes :<\/strong><br \/>\n<span>D\u00e9couvrez des entreprises sp\u00e9cialis\u00e9es en botanique \u00e0 Paris pour vos projets de v\u00e9g\u00e9talisation et d&rsquo;entretien. Profitez d&rsquo;outils num\u00e9riques comme PlantNet pour identifier les plantes et rejoignez des communaut\u00e9s engag\u00e9es pour la biodiversit\u00e9.<\/span>\n<\/div>\n<\/div>\n<hr>\n<div class=\"articles-lies\">\n<h3>\u00c0 lire aussi<\/h3>\n<ul>\n<li><a href=\"https:\/\/herberiedelatille.fr\/blog\/identification-des-plantes\/comment-identifier-un-arbre-astuces-pour-reconnaitre-sa-silhouette-et-sa-forme\/\">Comment identifier un arbre : astuces pour reconna\u00eetre sa silhouette et sa forme<\/a><\/li>\n<li><a href=\"https:\/\/herberiedelatille.fr\/blog\/identification-des-plantes\/comment-creer-un-herbier-seche-techniques-et-utilisations-pour-preserver-les-plantes\/\">Comment cr\u00e9er un herbier s\u00e9ch\u00e9 : techniques et utilisations pour pr\u00e9server les plantes<\/a><\/li>\n<li><a href=\"https:\/\/herberiedelatille.fr\/blog\/identification-des-plantes\/comprendre-la-classification-des-plantes-principes-et-enjeux-de-la-systematique-vegetale\/\">Comprendre la classification des plantes : principes et enjeux de la syst\u00e9matique v\u00e9g\u00e9tale<\/a><\/li>\n<li><a href=\"https:\/\/herberiedelatille.fr\/blog\/conservation-et-biodiversite\/les-plantes-medicinales-definition-vertus-et-conseils-de-culture\/\">Les plantes m\u00e9dicinales : d\u00e9finition, vertus et conseils de culture<\/a><\/li>\n<\/ul>\n<\/div>\n","protected":false},"excerpt":{"rendered":"","protected":false},"author":34,"featured_media":7559,"comment_status":"open","ping_status":"open","sticky":false,"template":"","format":"standard","meta":{"_acf_changed":false,"manual_indexmenow":false,"indexmenow_id_project":0,"footnotes":""},"categories":[4520],"tags":[4549,4593,3797],"class_list":["post-7522","post","type-post","status-publish","format-standard","has-post-thumbnail","hentry","category-identification-des-plantes","tag-botanique","tag-classification-plantes","tag-plantes","generate-columns","tablet-grid-50","mobile-grid-100","grid-parent","grid-25"],"acf":[],"yoast_head":"<!-- This site is optimized with the Yoast SEO Premium plugin v21.3 (Yoast SEO v25.6) - https:\/\/yoast.com\/wordpress\/plugins\/seo\/ -->\n<title>Botanique : comprendre la classification des plantes<\/title>\n<meta name=\"description\" content=\"Les fondamentaux de la botanique : comprendre la classification des plantes (familles, genres, esp\u00e8ces) pour structurer vos connaissances.\" \/>\n<meta name=\"robots\" content=\"index, follow, max-snippet:-1, max-image-preview:large, max-video-preview:-1\" \/>\n<link rel=\"canonical\" href=\"https:\/\/herberiedelatille.fr\/blog\/identification-des-plantes\/les-fondamentaux-de-la-botanique-comprendre-la-classification-des-plantes\/\" \/>\n<meta property=\"og:locale\" content=\"fr_FR\" \/>\n<meta property=\"og:type\" content=\"article\" \/>\n<meta property=\"og:title\" content=\"Botanique : comprendre la classification des plantes\" \/>\n<meta property=\"og:description\" content=\"Les fondamentaux de la botanique : comprendre la classification des plantes (familles, genres, esp\u00e8ces) pour structurer vos connaissances.\" \/>\n<meta property=\"og:url\" content=\"https:\/\/herberiedelatille.fr\/blog\/identification-des-plantes\/les-fondamentaux-de-la-botanique-comprendre-la-classification-des-plantes\/\" \/>\n<meta property=\"og:site_name\" content=\"Herberie de la Tille\" \/>\n<meta property=\"og:image\" content=\"https:\/\/herberiedelatille.fr\/blog\/wp-content\/uploads\/2026\/03\/sdxl-2717ead4dfd7bc32ef609080491ebd21-scaled.png\" \/>\n\t<meta property=\"og:image:width\" content=\"1200\" \/>\n\t<meta property=\"og:image:height\" content=\"500\" \/>\n\t<meta property=\"og:image:type\" content=\"image\/png\" \/>\n<meta name=\"author\" content=\"Julien Prigent\" \/>\n<meta name=\"twitter:card\" content=\"summary_large_image\" \/>\n<script type=\"application\/ld+json\" class=\"yoast-schema-graph\">{\"@context\":\"https:\/\/schema.org\",\"@graph\":[{\"@type\":\"NewsArticle\",\"@id\":\"https:\/\/herberiedelatille.fr\/blog\/identification-des-plantes\/les-fondamentaux-de-la-botanique-comprendre-la-classification-des-plantes\/#article\",\"isPartOf\":{\"@id\":\"https:\/\/herberiedelatille.fr\/blog\/identification-des-plantes\/les-fondamentaux-de-la-botanique-comprendre-la-classification-des-plantes\/\"},\"author\":{\"name\":\"Julien Prigent\",\"@id\":\"https:\/\/herberiedelatille.fr\/blog\/#\/schema\/person\/3c864cdc320801e3db34b663e7e3f816\"},\"headline\":\"Les fondamentaux de la botanique : comprendre la classification des plantes\",\"datePublished\":\"2026-03-09T08:50:00+00:00\",\"mainEntityOfPage\":{\"@id\":\"https:\/\/herberiedelatille.fr\/blog\/identification-des-plantes\/les-fondamentaux-de-la-botanique-comprendre-la-classification-des-plantes\/\"},\"wordCount\":1537,\"commentCount\":0,\"publisher\":{\"@id\":\"https:\/\/herberiedelatille.fr\/blog\/#organization\"},\"image\":{\"@id\":\"https:\/\/herberiedelatille.fr\/blog\/identification-des-plantes\/les-fondamentaux-de-la-botanique-comprendre-la-classification-des-plantes\/#primaryimage\"},\"thumbnailUrl\":\"https:\/\/herberiedelatille.fr\/blog\/wp-content\/uploads\/2026\/03\/sdxl-2717ead4dfd7bc32ef609080491ebd21-scaled.png\",\"keywords\":[\"Botanique\",\"classification plantes\",\"Plantes\"],\"articleSection\":[\"Identification des Plantes\"],\"inLanguage\":\"fr-FR\",\"potentialAction\":[{\"@type\":\"CommentAction\",\"name\":\"Comment\",\"target\":[\"https:\/\/herberiedelatille.fr\/blog\/identification-des-plantes\/les-fondamentaux-de-la-botanique-comprendre-la-classification-des-plantes\/#respond\"]}]},{\"@type\":\"WebPage\",\"@id\":\"https:\/\/herberiedelatille.fr\/blog\/identification-des-plantes\/les-fondamentaux-de-la-botanique-comprendre-la-classification-des-plantes\/\",\"url\":\"https:\/\/herberiedelatille.fr\/blog\/identification-des-plantes\/les-fondamentaux-de-la-botanique-comprendre-la-classification-des-plantes\/\",\"name\":\"Botanique : comprendre la classification des plantes\",\"isPartOf\":{\"@id\":\"https:\/\/herberiedelatille.fr\/blog\/#website\"},\"primaryImageOfPage\":{\"@id\":\"https:\/\/herberiedelatille.fr\/blog\/identification-des-plantes\/les-fondamentaux-de-la-botanique-comprendre-la-classification-des-plantes\/#primaryimage\"},\"image\":{\"@id\":\"https:\/\/herberiedelatille.fr\/blog\/identification-des-plantes\/les-fondamentaux-de-la-botanique-comprendre-la-classification-des-plantes\/#primaryimage\"},\"thumbnailUrl\":\"https:\/\/herberiedelatille.fr\/blog\/wp-content\/uploads\/2026\/03\/sdxl-2717ead4dfd7bc32ef609080491ebd21-scaled.png\",\"datePublished\":\"2026-03-09T08:50:00+00:00\",\"description\":\"Les fondamentaux de la botanique : comprendre la classification des plantes (familles, genres, esp\u00e8ces) pour structurer vos connaissances.\",\"inLanguage\":\"fr-FR\",\"potentialAction\":[{\"@type\":\"ReadAction\",\"target\":[\"https:\/\/herberiedelatille.fr\/blog\/identification-des-plantes\/les-fondamentaux-de-la-botanique-comprendre-la-classification-des-plantes\/\"]}]},{\"@type\":\"ImageObject\",\"inLanguage\":\"fr-FR\",\"@id\":\"https:\/\/herberiedelatille.fr\/blog\/identification-des-plantes\/les-fondamentaux-de-la-botanique-comprendre-la-classification-des-plantes\/#primaryimage\",\"url\":\"https:\/\/herberiedelatille.fr\/blog\/wp-content\/uploads\/2026\/03\/sdxl-2717ead4dfd7bc32ef609080491ebd21-scaled.png\",\"contentUrl\":\"https:\/\/herberiedelatille.fr\/blog\/wp-content\/uploads\/2026\/03\/sdxl-2717ead4dfd7bc32ef609080491ebd21-scaled.png\",\"width\":1200,\"height\":500},{\"@type\":\"WebSite\",\"@id\":\"https:\/\/herberiedelatille.fr\/blog\/#website\",\"url\":\"https:\/\/herberiedelatille.fr\/blog\/\",\"name\":\"Herberie de la Tille\",\"description\":\"Le m\u00e9dia de la botanique pratique \u2014 plantes, herboristerie, identification\",\"publisher\":{\"@id\":\"https:\/\/herberiedelatille.fr\/blog\/#organization\"},\"alternateName\":\"Herberie de la Tille\",\"potentialAction\":[{\"@type\":\"SearchAction\",\"target\":{\"@type\":\"EntryPoint\",\"urlTemplate\":\"https:\/\/herberiedelatille.fr\/blog\/?s={search_term_string}\"},\"query-input\":{\"@type\":\"PropertyValueSpecification\",\"valueRequired\":true,\"valueName\":\"search_term_string\"}}],\"inLanguage\":\"fr-FR\"},{\"@type\":\"Organization\",\"@id\":\"https:\/\/herberiedelatille.fr\/blog\/#organization\",\"name\":\"Herberie de la Tille\",\"url\":\"https:\/\/herberiedelatille.fr\/blog\/\",\"logo\":{\"@type\":\"ImageObject\",\"inLanguage\":\"fr-FR\",\"@id\":\"https:\/\/herberiedelatille.fr\/blog\/#\/schema\/logo\/image\/\",\"url\":\"https:\/\/herberiedelatille.fr\/blog\/wp-content\/uploads\/2024\/12\/herberiedelatille.png\",\"contentUrl\":\"https:\/\/herberiedelatille.fr\/blog\/wp-content\/uploads\/2024\/12\/herberiedelatille.png\",\"width\":500,\"height\":500,\"caption\":\"Herberie de la Tille\"},\"image\":{\"@id\":\"https:\/\/herberiedelatille.fr\/blog\/#\/schema\/logo\/image\/\"}},{\"@type\":\"Person\",\"@id\":\"https:\/\/herberiedelatille.fr\/blog\/#\/schema\/person\/3c864cdc320801e3db34b663e7e3f816\",\"name\":\"Julien Prigent\",\"image\":{\"@type\":\"ImageObject\",\"inLanguage\":\"fr-FR\",\"@id\":\"https:\/\/herberiedelatille.fr\/blog\/#\/schema\/person\/image\/\",\"url\":\"https:\/\/herberiedelatille.fr\/blog\/wp-content\/uploads\/2026\/06\/persona_julien-p-96x96.jpg\",\"contentUrl\":\"https:\/\/herberiedelatille.fr\/blog\/wp-content\/uploads\/2026\/06\/persona_julien-p-96x96.jpg\",\"caption\":\"Julien Prigent\"},\"description\":\"Bricoleur et jardinier dans l'\u00e2me, j'\u00e9cris sur la maison et ses ext\u00e9rieurs avec les mains dans le cambouis plus que dans les th\u00e9ories. Mon terrain couvre tout l'habitat : le potager et le jardin au fil des saisons, mais aussi les petits travaux, la r\u00e9novation, le bricolage et les m\u00e9tiers du b\u00e2timent \u2014 toiture, isolation, menuiserie, serrurerie, ma\u00e7onnerie. J'aime expliquer un geste technique simplement, donner des fourchettes de prix r\u00e9alistes et les bons crit\u00e8res pour choisir un mat\u00e9riau ou un artisan. Je teste ce que je peux sur mes propres chantiers et au jardin avant d'en parler, je distingue la tradition de ce que confirme l'observation, et je pr\u00e9cise toujours le contexte \u2014 climat, type de sol, configuration du logement \u2014 parce qu'un m\u00eame conseil ne vaut pas partout. Mon but : rendre l'entretien et l'am\u00e9lioration de la maison accessibles, durables et \u00e9conomes.\",\"sameAs\":[\"https:\/\/julienprigent.fr\/\"],\"url\":\"https:\/\/herberiedelatille.fr\/blog\/auteur\/julien-p\/\"}]}<\/script>\n<!-- \/ Yoast SEO Premium plugin. -->","yoast_head_json":{"title":"Botanique : comprendre la classification des plantes","description":"Les fondamentaux de la botanique : comprendre la classification des plantes (familles, genres, esp\u00e8ces) pour structurer vos connaissances.","robots":{"index":"index","follow":"follow","max-snippet":"max-snippet:-1","max-image-preview":"max-image-preview:large","max-video-preview":"max-video-preview:-1"},"canonical":"https:\/\/herberiedelatille.fr\/blog\/identification-des-plantes\/les-fondamentaux-de-la-botanique-comprendre-la-classification-des-plantes\/","og_locale":"fr_FR","og_type":"article","og_title":"Botanique : comprendre la classification des plantes","og_description":"Les fondamentaux de la botanique : comprendre la classification des plantes (familles, genres, esp\u00e8ces) pour structurer vos connaissances.","og_url":"https:\/\/herberiedelatille.fr\/blog\/identification-des-plantes\/les-fondamentaux-de-la-botanique-comprendre-la-classification-des-plantes\/","og_site_name":"Herberie de la Tille","og_image":[{"width":1200,"height":500,"url":"https:\/\/herberiedelatille.fr\/blog\/wp-content\/uploads\/2026\/03\/sdxl-2717ead4dfd7bc32ef609080491ebd21-scaled.png","type":"image\/png"}],"author":"Julien Prigent","twitter_card":"summary_large_image","schema":{"@context":"https:\/\/schema.org","@graph":[{"@type":"NewsArticle","@id":"https:\/\/herberiedelatille.fr\/blog\/identification-des-plantes\/les-fondamentaux-de-la-botanique-comprendre-la-classification-des-plantes\/#article","isPartOf":{"@id":"https:\/\/herberiedelatille.fr\/blog\/identification-des-plantes\/les-fondamentaux-de-la-botanique-comprendre-la-classification-des-plantes\/"},"author":{"name":"Julien Prigent","@id":"https:\/\/herberiedelatille.fr\/blog\/#\/schema\/person\/3c864cdc320801e3db34b663e7e3f816"},"headline":"Les fondamentaux de la botanique : comprendre la classification des plantes","datePublished":"2026-03-09T08:50:00+00:00","mainEntityOfPage":{"@id":"https:\/\/herberiedelatille.fr\/blog\/identification-des-plantes\/les-fondamentaux-de-la-botanique-comprendre-la-classification-des-plantes\/"},"wordCount":1537,"commentCount":0,"publisher":{"@id":"https:\/\/herberiedelatille.fr\/blog\/#organization"},"image":{"@id":"https:\/\/herberiedelatille.fr\/blog\/identification-des-plantes\/les-fondamentaux-de-la-botanique-comprendre-la-classification-des-plantes\/#primaryimage"},"thumbnailUrl":"https:\/\/herberiedelatille.fr\/blog\/wp-content\/uploads\/2026\/03\/sdxl-2717ead4dfd7bc32ef609080491ebd21-scaled.png","keywords":["Botanique","classification plantes","Plantes"],"articleSection":["Identification des Plantes"],"inLanguage":"fr-FR","potentialAction":[{"@type":"CommentAction","name":"Comment","target":["https:\/\/herberiedelatille.fr\/blog\/identification-des-plantes\/les-fondamentaux-de-la-botanique-comprendre-la-classification-des-plantes\/#respond"]}]},{"@type":"WebPage","@id":"https:\/\/herberiedelatille.fr\/blog\/identification-des-plantes\/les-fondamentaux-de-la-botanique-comprendre-la-classification-des-plantes\/","url":"https:\/\/herberiedelatille.fr\/blog\/identification-des-plantes\/les-fondamentaux-de-la-botanique-comprendre-la-classification-des-plantes\/","name":"Botanique : comprendre la classification des plantes","isPartOf":{"@id":"https:\/\/herberiedelatille.fr\/blog\/#website"},"primaryImageOfPage":{"@id":"https:\/\/herberiedelatille.fr\/blog\/identification-des-plantes\/les-fondamentaux-de-la-botanique-comprendre-la-classification-des-plantes\/#primaryimage"},"image":{"@id":"https:\/\/herberiedelatille.fr\/blog\/identification-des-plantes\/les-fondamentaux-de-la-botanique-comprendre-la-classification-des-plantes\/#primaryimage"},"thumbnailUrl":"https:\/\/herberiedelatille.fr\/blog\/wp-content\/uploads\/2026\/03\/sdxl-2717ead4dfd7bc32ef609080491ebd21-scaled.png","datePublished":"2026-03-09T08:50:00+00:00","description":"Les fondamentaux de la botanique : comprendre la classification des plantes (familles, genres, esp\u00e8ces) pour structurer vos connaissances.","inLanguage":"fr-FR","potentialAction":[{"@type":"ReadAction","target":["https:\/\/herberiedelatille.fr\/blog\/identification-des-plantes\/les-fondamentaux-de-la-botanique-comprendre-la-classification-des-plantes\/"]}]},{"@type":"ImageObject","inLanguage":"fr-FR","@id":"https:\/\/herberiedelatille.fr\/blog\/identification-des-plantes\/les-fondamentaux-de-la-botanique-comprendre-la-classification-des-plantes\/#primaryimage","url":"https:\/\/herberiedelatille.fr\/blog\/wp-content\/uploads\/2026\/03\/sdxl-2717ead4dfd7bc32ef609080491ebd21-scaled.png","contentUrl":"https:\/\/herberiedelatille.fr\/blog\/wp-content\/uploads\/2026\/03\/sdxl-2717ead4dfd7bc32ef609080491ebd21-scaled.png","width":1200,"height":500},{"@type":"WebSite","@id":"https:\/\/herberiedelatille.fr\/blog\/#website","url":"https:\/\/herberiedelatille.fr\/blog\/","name":"Herberie de la Tille","description":"Le m\u00e9dia de la botanique pratique \u2014 plantes, herboristerie, identification","publisher":{"@id":"https:\/\/herberiedelatille.fr\/blog\/#organization"},"alternateName":"Herberie de la Tille","potentialAction":[{"@type":"SearchAction","target":{"@type":"EntryPoint","urlTemplate":"https:\/\/herberiedelatille.fr\/blog\/?s={search_term_string}"},"query-input":{"@type":"PropertyValueSpecification","valueRequired":true,"valueName":"search_term_string"}}],"inLanguage":"fr-FR"},{"@type":"Organization","@id":"https:\/\/herberiedelatille.fr\/blog\/#organization","name":"Herberie de la Tille","url":"https:\/\/herberiedelatille.fr\/blog\/","logo":{"@type":"ImageObject","inLanguage":"fr-FR","@id":"https:\/\/herberiedelatille.fr\/blog\/#\/schema\/logo\/image\/","url":"https:\/\/herberiedelatille.fr\/blog\/wp-content\/uploads\/2024\/12\/herberiedelatille.png","contentUrl":"https:\/\/herberiedelatille.fr\/blog\/wp-content\/uploads\/2024\/12\/herberiedelatille.png","width":500,"height":500,"caption":"Herberie de la Tille"},"image":{"@id":"https:\/\/herberiedelatille.fr\/blog\/#\/schema\/logo\/image\/"}},{"@type":"Person","@id":"https:\/\/herberiedelatille.fr\/blog\/#\/schema\/person\/3c864cdc320801e3db34b663e7e3f816","name":"Julien Prigent","image":{"@type":"ImageObject","inLanguage":"fr-FR","@id":"https:\/\/herberiedelatille.fr\/blog\/#\/schema\/person\/image\/","url":"https:\/\/herberiedelatille.fr\/blog\/wp-content\/uploads\/2026\/06\/persona_julien-p-96x96.jpg","contentUrl":"https:\/\/herberiedelatille.fr\/blog\/wp-content\/uploads\/2026\/06\/persona_julien-p-96x96.jpg","caption":"Julien Prigent"},"description":"Bricoleur et jardinier dans l'\u00e2me, j'\u00e9cris sur la maison et ses ext\u00e9rieurs avec les mains dans le cambouis plus que dans les th\u00e9ories. Mon terrain couvre tout l'habitat : le potager et le jardin au fil des saisons, mais aussi les petits travaux, la r\u00e9novation, le bricolage et les m\u00e9tiers du b\u00e2timent \u2014 toiture, isolation, menuiserie, serrurerie, ma\u00e7onnerie. J'aime expliquer un geste technique simplement, donner des fourchettes de prix r\u00e9alistes et les bons crit\u00e8res pour choisir un mat\u00e9riau ou un artisan. Je teste ce que je peux sur mes propres chantiers et au jardin avant d'en parler, je distingue la tradition de ce que confirme l'observation, et je pr\u00e9cise toujours le contexte \u2014 climat, type de sol, configuration du logement \u2014 parce qu'un m\u00eame conseil ne vaut pas partout. Mon but : rendre l'entretien et l'am\u00e9lioration de la maison accessibles, durables et \u00e9conomes.","sameAs":["https:\/\/julienprigent.fr\/"],"url":"https:\/\/herberiedelatille.fr\/blog\/auteur\/julien-p\/"}]}},"_links":{"self":[{"href":"https:\/\/herberiedelatille.fr\/blog\/wp-json\/wp\/v2\/posts\/7522","targetHints":{"allow":["GET"]}}],"collection":[{"href":"https:\/\/herberiedelatille.fr\/blog\/wp-json\/wp\/v2\/posts"}],"about":[{"href":"https:\/\/herberiedelatille.fr\/blog\/wp-json\/wp\/v2\/types\/post"}],"author":[{"embeddable":true,"href":"https:\/\/herberiedelatille.fr\/blog\/wp-json\/wp\/v2\/users\/34"}],"replies":[{"embeddable":true,"href":"https:\/\/herberiedelatille.fr\/blog\/wp-json\/wp\/v2\/comments?post=7522"}],"version-history":[{"count":1,"href":"https:\/\/herberiedelatille.fr\/blog\/wp-json\/wp\/v2\/posts\/7522\/revisions"}],"predecessor-version":[{"id":7558,"href":"https:\/\/herberiedelatille.fr\/blog\/wp-json\/wp\/v2\/posts\/7522\/revisions\/7558"}],"wp:featuredmedia":[{"embeddable":true,"href":"https:\/\/herberiedelatille.fr\/blog\/wp-json\/wp\/v2\/media\/7559"}],"wp:attachment":[{"href":"https:\/\/herberiedelatille.fr\/blog\/wp-json\/wp\/v2\/media?parent=7522"}],"wp:term":[{"taxonomy":"category","embeddable":true,"href":"https:\/\/herberiedelatille.fr\/blog\/wp-json\/wp\/v2\/categories?post=7522"},{"taxonomy":"post_tag","embeddable":true,"href":"https:\/\/herberiedelatille.fr\/blog\/wp-json\/wp\/v2\/tags?post=7522"}],"curies":[{"name":"wp","href":"https:\/\/api.w.org\/{rel}","templated":true}]}}