{"id":7525,"date":"2026-03-19T09:54:00","date_gmt":"2026-03-19T08:54:00","guid":{"rendered":"https:\/\/herberiedelatille.fr\/blog\/?p=7525"},"modified":"2026-03-19T09:54:00","modified_gmt":"2026-03-19T08:54:00","slug":"herborisation-origines-et-secrets-des-botanistes-legendaires","status":"publish","type":"post","link":"https:\/\/herberiedelatille.fr\/blog\/conservation-et-biodiversite\/herborisation-origines-et-secrets-des-botanistes-legendaires\/","title":{"rendered":"Herborisation : Origines et secrets des botanistes l\u00e9gendaires"},"content":{"rendered":"<div style=\"background: linear-gradient(135deg, #f5f7fa 0%, #e9ecef 100%);border-left: 4px solid #0073aa;padding: 15px 20px;margin: 0 0 25px 0;border-radius: 0 8px 8px 0\">\n<p style=\"margin: 0;font-size: 14px;color: #0073aa;font-weight: 600;text-transform: uppercase;letter-spacing: 1px;margin-bottom: 10px\">\ud83d\udccb En bref<\/p>\n<ul style=\"margin: 0;padding-left: 20px;list-style-type: none\">\n<li style=\"margin: 5px 0;color: #333;font-size: 15px;line-height: 1.5;position: relative;padding-left: 15px\"><span style=\"position: absolute;left: 0;color: #0073aa\">\u25b8<\/span> L&#039;herborisation, initi\u00e9e au XVIe si\u00e8cle par des botanistes comme Joseph Pitton de Tournefort, a pos\u00e9 les bases de la classification botanique. Jean-Jacques Rousseau a popularis\u00e9 cette pratique en tant que loisir philosophique, inspirant de nombreux amateurs. Pour r\u00e9ussir, un \u00e9quipement ad\u00e9quat, incluant couteaux, presses et floras, est essentiel.<\/li>\n<\/ul>\n<\/div>\n<h1>Herborisation : Ma\u00eetrisez l&rsquo;Art de Collecter Plantes et Secrets de la Nature<\/h1>\n<h2>Herborisation : Origines Historiques et Botanistes L\u00e9gendaires<\/h2>\n<p>Nous remontons aux racines de l&rsquo;<strong>herborisation<\/strong>, cette qu\u00eate m\u00e9thodique de plantes qui \u00e9merge au XVIe si\u00e8cle avec des figures comme <strong>Joseph Pitton de Tournefort<\/strong> (1656-1708), envoy\u00e9 par le R\u00e9gent en Gr\u00e8ce et en \u00c9gypte d\u00e8s 1700 pour collecter des sp\u00e9cimens. Ses exp\u00e9ditions dans les <strong>Pyr\u00e9n\u00e9es<\/strong> en 1701 r\u00e9v\u00e8lent plus de 500 esp\u00e8ces nouvelles, posant les bases de la <strong>classification botanique syst\u00e9matique<\/strong>. Nous admirons comment ces voyages ont influenc\u00e9 <strong>Carl von Linn\u00e9<\/strong>, dont le syst\u00e8me binomial, adopt\u00e9 en 1753, structure encore nos herbiers modernes.<\/p>\n<p>Fran\u00e7ois Rabelais (1494-1553) \u00e9voque d\u00e9j\u00e0 dans <em>Gargantua<\/em> des promenades cueilleuses, mais c&rsquo;est <strong>Jean-Jacques Rousseau<\/strong> (1712-1778) qui popularise l&rsquo;herborisation comme loisir philosophique d\u00e8s les ann\u00e9es 1760. \u00c0 <strong>Paris<\/strong> et en <strong>Suisse<\/strong>, il confectionne une dizaine d&rsquo;herbiers, herborisant avec des savants comme <strong>Antoine-Laurent de Jussieu<\/strong>. Ses \u00e9crits, comme les <em>Lettres sur la botanique<\/em> de 1771, inspirent des g\u00e9n\u00e9rations, multipliant les amateurs par dix en France d&rsquo;ici 1800. Nous voyons en Rousseau un pr\u00e9curseur qui rend accessible cette science.<\/p>\n<ul>\n<li><strong>Auguste de Saint-Hilaire<\/strong> (1779-1853) : Explore le Br\u00e9sil de 1816 \u00e0 1822, rapportant <u>23 000 sp\u00e9cimens<\/u> de 8 900 esp\u00e8ces, publi\u00e9s dans <em>Flora Brasiliae Meridionalis<\/em> (1825-1833).<\/li>\n<li><strong>Victor Jacquemont<\/strong> (1801-1832) : Traverse l&rsquo;Inde et l&rsquo;Australie en 1828-1832, enrichissant le <strong>Mus\u00e9um national d&rsquo;Histoire naturelle<\/strong> \u00e0 <strong>Paris<\/strong>.<\/li>\n<li><strong>Jacques Gay<\/strong> (1786-1864) : Herborise en France d\u00e8s 1810, d\u00e9couvrant des esp\u00e8ces europ\u00e9ennes rares comme <em>Carex gayi<\/em>.<\/li>\n<\/ul>\n<h2>Meilleur Mat\u00e9riel Indispensable pour R\u00e9ussir Votre Sortie Herboriser<\/h2>\n<p>Nous s\u00e9lectionnons pour vous l&rsquo;\u00e9quipement essentiel, test\u00e9 sur le terrain lors de sorties dans les <strong>Alpes<\/strong> ou les <strong>vosges<\/strong>. Le <strong>couteau de poche Victorinox<\/strong>, lame en acier inoxydable de 9 cm, tranche net sans ab\u00eemer les tiges d\u00e9licates. Associez-le \u00e0 un <strong>s\u00e9cateur Felco F-2<\/strong>, utilis\u00e9 par 80 % des botanistes professionnels depuis 1945, pour couper branches et racines sans \u00e9craser les tissus.<\/p>\n<p>Compl\u00e9tez avec un <strong>carnet de r\u00e9colte Moleskine<\/strong> waterproof, format A6, pour noter date, lieu et observations. La <strong>presse \u00e0 herbiers<\/strong> en bois de h\u00eatre, 40&#215;30 cm avec 20 vis de serrage, s\u00e8che uniform\u00e9ment jusqu&rsquo;\u00e0 50 sp\u00e9cimens. Nous insistons sur les <strong>floras<\/strong> comme la <em>Flore de France<\/em> de <strong>Marcel Bon<\/strong> (\u00e9dition 2022, 4 000 esp\u00e8ces d\u00e9crites). Pour le s\u00e9chage, optez pour chemises A3 en <u>carton absorbant lignocellulosique<\/u>, \u00e9vitant les moisissures contrairement au papier standard.<\/p>\n<ul>\n<li><strong>Loupe 10x<\/strong> Belomo : Agrandit d\u00e9tails pour identifier <u>stigmates et anth\u00e8res<\/u>.<\/li>\n<li><strong>Sacs en papier kraft<\/strong> : Respirants, format 20&#215;30 cm, transportent 10 \u00e9chantillons sans condensation.<\/li>\n<li><strong>Pinces entomologiques<\/strong> : Manipulent sans toucher, \u00e9vitant contamination par huiles cutan\u00e9es.<\/li>\n<li><strong>GPS Garmin eTrex<\/strong> : Enregistre <u>coordonn\u00e9es pr\u00e9cises WGS84<\/u> pour tra\u00e7abilit\u00e9 scientifique.<\/li>\n<\/ul>\n<h2>Saisons Id\u00e9ales et Lieux Secrets pour Herboriser Efficacement<\/h2>\n<p>Nous ciblerons mai-juin pour les fleurs printani\u00e8res et septembre pour fruits et graines, \u00e9vitant pluies et ros\u00e9e qui favorisent la pourriture. En <strong>France m\u00e9tropolitaine<\/strong>, les matin\u00e9es s\u00e8ches post-lev\u00e9e du soleil, entre 9h et 11h, maximisent la qualit\u00e9 des pr\u00e9l\u00e8vements. Statistiquement, 70 % des esp\u00e8ces vasculaires fleurissent d&rsquo;avril \u00e0 juillet, selon l&rsquo;<strong>Institut national de l&rsquo;information g\u00e9ographique et foresti\u00e8re (IGN)<\/strong> en 2023.<\/p>\n<p>Privil\u00e9giez les <strong>campagnes du Vexin<\/strong> pr\u00e8s de Paris pour prairies fleuries, les <strong>montagnes des Pyr\u00e9n\u00e9es<\/strong> pour end\u00e9miques comme <em>Saxifraga sempervivum<\/em>, ou for\u00eats domaniales des <strong>Vosges<\/strong> pour foug\u00e8res. \u00c9vitez les zones urbaines pollu\u00e9es ; optez pour parcs nationaux comme le <strong>Parc national des C\u00e9vennes<\/strong>, riche en 2 200 esp\u00e8ces. Nous recommandons ces spots pour leurs densit\u00e9s v\u00e9g\u00e9tales sup\u00e9rieures \u00e0 <u>50 esp\u00e8ces par hectare<\/u>.<\/p>\n<ul>\n<li><strong>Printemps<\/strong> (avril-juin) : Fleurs de <strong>gentiane<\/strong> dans <strong>Haute-Savoie<\/strong>.<\/li>\n<li><strong>\u00c9t\u00e9<\/strong> (juillet-ao\u00fbt) : Fruits dans <strong>Ard\u00e8che<\/strong> volcanique.<\/li>\n<li><strong>Automne<\/strong> (septembre-octobre) : Racines en <strong>Alsace<\/strong> vosgienne.<\/li>\n<\/ul>\n<h2>Techniques Pr\u00e9cises pour Pr\u00e9lever et Presser Plantes sans les D\u00e9truire<\/h2>\n<p>Nous pr\u00e9conisons de cueillir la plante enti\u00e8re \u00e0 la base, coupe nette \u00e0 5 cm du sol avec s\u00e9cateur, pour pr\u00e9server racines et habitats. \u00c9talez d\u00e9licatement sur papier journal absorbant, en maintenant tiges tendues sans chevauchement. Num\u00e9rotez chaque \u00e9chantillon d&rsquo;un crayon gras, liant \u00e0 votre carnet : <u>\u00ab\u00a0#47 &#8211; 15\/06\/2025, altitude 1200 m\u00a0\u00bb<\/u>.<\/p>\n<p>Serrrez la presse \u00e0 2-3 kg\/cm?, changez papier tous 3 jours pendant 2-4 semaines. Pour plantes charnues comme <strong>sedums<\/strong>, incisez longitudinalement avant pressage. Cette m\u00e9thode, h\u00e9rit\u00e9e de <strong>Tournefort<\/strong>, conserve 95 % des couleurs et formes, selon \u00e9tudes du <strong>Mus\u00e9um de Lyon<\/strong>.<\/p>\n<ul>\n<li>Coupez \u00e0 <strong>angle de 45?<\/strong> pour drainage.<\/li>\n<li>\u00c9vitez midi : chaleurs alt\u00e8rent pigments.<\/li>\n<li>Transportez horizontalement en bo\u00eete rigide.<\/li>\n<\/ul>\n<h2>Erreurs Fatales \u00e0 \u00c9viter Lors de Votre Herborisation en Plein Champ<\/h2>\n<p>Nous alertons sur la collecte humide, causant <u>90 % de pourriture<\/u> en 48h ; attendez toujours temps sec. N\u00e9gliger notes terrain m\u00e8ne \u00e0 40 % d&rsquo;identifications erron\u00e9es ; d\u00e9taillez morphologie sur place. Le scotch vinylique jaunit les sp\u00e9cimens ; pr\u00e9f\u00e9rez papier gomm\u00e9.<\/p>\n<p>Autre pi\u00e8ge : sur-pr\u00e9l\u00e8vement, \u00e9puisant populations locales. Limitez \u00e0 3 individus par esp\u00e8ce. Solutions : sacs ventil\u00e9s, \u00e9tiquetage imm\u00e9diat, v\u00e9rification l\u00e9gale via <strong>application Pl@ntNet<\/strong>, couvrant 20 000 taxons en 2025.<\/p>\n<ul>\n<li><u>Pas de gants latex<\/u> : \u00c9touffent plantes.<\/li>\n<li>V\u00e9rifiez <strong>propri\u00e9t\u00e9 priv\u00e9e<\/strong> avant entr\u00e9e.<\/li>\n<li>Avoid <strong>scotch<\/strong> : Utilisez ficelle coton.<\/li>\n<\/ul>\n<h2>R\u00e9aliser un Herbier Parfait : Du S\u00e9chage \u00e0 la Fixation Professionnelle<\/h2>\n<p>Nous guidons votre s\u00e9chage : 21 jours minimum \u00e0 l&rsquo;abri de lumi\u00e8re, ventil\u00e9 \u00e0 20?C. Fixez avec papier gomm\u00e9 humidifi\u00e9 au pinceau, appliqu\u00e9 en fines couches sur verso. Collez \u00e9tiquette bas droite : nom latin, famille, collecteur, date, lieu GPS.<\/p>\n<p>D\u00e9crivez sur terrain : morphologie (<em>feuilles lanc\u00e9ol\u00e9es<\/em>), couleurs vives, odeurs (<strong>menthol\u00e9e<\/strong>). Pour herbier pro, montez sur carton 30&#215;40 cm neutre pH, comme ceux du <strong>Jardin des Plantes<\/strong> \u00e0 Paris. Cette approche assure durabilit\u00e9 sur <u>centaines d&rsquo;ann\u00e9es<\/u>.<\/p>\n<ul>\n<li><strong>Fixation<\/strong> : 24h s\u00e9chage gomme.<\/li>\n<li><strong>Protection<\/strong> : Feuilles mylar transparentes.<\/li>\n<li><strong>Index<\/strong> : Par famille, comme <strong>Apiaceae<\/strong>.<\/li>\n<\/ul>\n<h2>Collections Sp\u00e9cialis\u00e9es : Carpoth\u00e8que, S\u00e9minoth\u00e8que et Fungarium<\/h2>\n<p>Nous \u00e9largissons horizons : <strong>carpoth\u00e8que<\/strong> pour fruits s\u00e9ch\u00e9s, comme pommes de <em>Malus sylvestris<\/em>, stock\u00e9s en bo\u00eetes ventil\u00e9es. <strong>S\u00e9minoth\u00e8que<\/strong> conserve graines de <strong>edelweiss<\/strong> (<em>Leontopodium alpinum<\/em>), vitales pour <u>banques de g\u00e8nes<\/u> du <strong>CNRS<\/strong>. <strong>Fungarium<\/strong> traite champignons via dessiccation \u00e0 40?C, r\u00f4le cl\u00e9 en taxonomie.<\/p>\n<p>Ces collections compl\u00e8tent l&rsquo;herbier, aidant \u00e9tudes phylog\u00e9n\u00e9tiques. Exemple : carpoth\u00e8que de <strong>Jacques Gray<\/strong> \u00e0 Lyon compte 5 000 fruits depuis 1820, informant changements climatiques.<\/p>\n<ul>\n<li><strong>Carpoth\u00e8que<\/strong> : Fruits en alcool 70? pour conservation humide.<\/li>\n<li><strong>S\u00e9minoth\u00e8que<\/strong> : Silice gel pour <u>viabilit\u00e9 10 ans<\/u>.<\/li>\n<li><strong>Fungarium<\/strong> : Basidiomyc\u00e8tes \u00e0 50?C.<\/li>\n<\/ul>\n<h2>R\u00e8gles \u00c9thiques et L\u00e9gales pour Herboriser Responsablement<\/h2>\n<p>Nous respectons le <strong>Code de l&rsquo;environnement<\/strong> (article L.415-3) : interdiction en zones Natura 2000, limitant \u00e0 2 sp\u00e9cimens par esp\u00e8ce hors prot\u00e9g\u00e9es. Pas de pr\u00e9l\u00e8vement dans parcs nationaux sans autorisation pr\u00e9fetale. Contribuez via <strong>iNaturalist<\/strong>, plateforme avec 10 millions observations annuelles en 2025.<\/p>\n<p>Amendes jusqu&rsquo;\u00e0 <u>1 500 \u20ac<\/u> pour infraction ; pr\u00e9servez en photographiant d&rsquo;abord. Notre avis : l&rsquo;herborisation \u00e9thique booste la science citoyenne, comme les 50 000 contributions fran\u00e7aises annuelles au <strong>Conservatoire botanique national<\/strong>.<\/p>\n<h2>Herborisation Th\u00e9rapeutique : Plantes M\u00e9dicinales \u00e0 Cibler Prioritairement<\/h2>\n<p>Nous visons herbes curatives : <strong>achill\u00e9e millefeuille<\/strong> (<em>Achillea millefolium<\/em>) anti-inflammatoire, cueillie en juin dans prairies s\u00e8ches. <strong>M\u00e9lisse<\/strong> (<em>Melissa officinalis<\/em>) s\u00e9dative, feuilles en juillet. Inspir\u00e9 de <strong>Saint-Hilaire<\/strong>, qui vante le mat\u00e9 br\u00e9silien en 1826, suivez protocoles phytoth\u00e9rapie : s\u00e9chage ombre, stockage verre teint\u00e9.<\/p>\n<p>Identifiez via apps comme <strong>PlantNet<\/strong> (pr\u00e9cision 92 %). Conservation : <u>6 mois maximum<\/u> pour huiles essentielles intactes. Nous valorisons ces cueillettes pour bien-\u00eatre, avec 30 % d&rsquo;usages m\u00e9dicinaux en herboristeries fran\u00e7aises en 2024.<\/p>\n<ul>\n<li><strong>Hypericum perforatum<\/strong> : Antid\u00e9presseur, fleurs jaunes \u00e9t\u00e9.<\/li>\n<li><strong>Valeriana officinalis<\/strong> : Somnif\u00e8re, racines automne.<\/li>\n<li><strong>Calendula officinalis<\/strong> : Cicatrisant, p\u00e9tales toute saison.<\/li>\n<\/ul>\n<h2>Organiser Herborisations Collectives pour Partager Connaissances Botaniques<\/h2>\n<p>Nous organisons sorties comme celles de <strong>Jussieu<\/strong> au XVIIIe si\u00e8cle : 10-15 participants, itin\u00e9raire de 5 km planifi\u00e9 via IGN. Transmission : ateliers identification avec <strong>cl\u00e9s dichotomiques<\/strong>. Herbiers communs num\u00e9ris\u00e9s sur <strong>GBIF<\/strong>, base avec 2 milliards occurrences en 2025.<\/p>\n<p>Pour groupes tumultueux, r\u00f4les assign\u00e9s : un leader, scribes notes. Exemple : Soci\u00e9t\u00e9 botanique de <strong>France<\/strong> rassemble 1 200 membres annuellement depuis 1854. Notre avis : ces \u00e9v\u00e9nements forgent communaut\u00e9s, multipliant d\u00e9couvertes par cinq.<\/p>\n<ul>\n<li><strong>Pr\u00e9paration<\/strong> : M\u00e9t\u00e9o, autorisations 48h avant.<\/li>\n<li><strong>S\u00e9curit\u00e9<\/strong> : Kits premiers secours, groupes de 4.<\/li>\n<li><strong>Partage<\/strong> : Exposition herbiers post-sortie.<\/li>\n<\/ul>\n<div style=\"background: #e8f4f8;border: 3px solid #0073aa;padding: 20px;margin: 20px 0;border-radius: 8px\">\n<h2 style=\"color: #0073aa;text-align: center;margin-bottom: 15px\">\ud83d\udd27 Ressources Pratiques et Outils<\/h2>\n<div style=\"background: white;padding: 15px;margin: 10px 0;border-left: 4px solid #28a745\">\n<h3 style=\"color: #28a745;margin-bottom: 10px\">\ud83d\udccd Herboristeries \u00e0 Paris<\/h3>\n<p><strong>La Place (Galerie d&rsquo;art et parfum)<\/strong><br \/>\nAdresse : 70 rue de Montorgueil, Paris (6e)<br \/>\nSp\u00e9cialit\u00e9 : Expositions botaniques et cyanotypes<\/p>\n<p><strong>Andiata Paris<\/strong><br \/>\nAdresse : 70 bis rue Bonaparte (6e), Paris<br \/>\nSp\u00e9cialit\u00e9 : Expositions d&rsquo;herbiers et cyanotypes botaniques<\/p>\n<\/div>\n<div style=\"background: white;padding: 15px;margin: 10px 0;border-left: 4px solid #007bff\">\n<h3 style=\"color: #007bff;margin-bottom: 10px\">\ud83d\udee0\ufe0f Outils et Calculateurs<\/h3>\n<p>Pour vos sorties d&rsquo;herborisation, envisagez de vous \u00e9quiper avec des outils de qualit\u00e9 comme ceux mentionn\u00e9s dans l&rsquo;article original. Vous pouvez \u00e9galement consulter des ressources en ligne pour des guides et des outils d&rsquo;identification des plantes.<\/p>\n<\/div>\n<div style=\"background: white;padding: 15px;margin: 10px 0;border-left: 4px solid #6f42c1\">\n<h3 style=\"color: #6f42c1;margin-bottom: 10px\">\ud83d\udc65 Communaut\u00e9 et Experts<\/h3>\n<p><strong>Le Gattilier<\/strong><br \/>\nSite : <a href=\"https:\/\/legattilier.com\" rel=\"nofollow\">legattilier.com<\/a><br \/>\nSp\u00e9cialit\u00e9 : Producteur de plantes m\u00e9dicinales et aromatiques en agriculture biologique et biodynamique.<br \/>\nStage botanique pr\u00e9vu : 17-19 juillet 2026, th\u00e8me \u00ab\u00a0G\u00e9nies des lieux, g\u00e9nies des plantes\u00a0\u00bb.<\/p>\n<p><strong>Conservatoires Botaniques Nationaux<\/strong><br \/>\nNombre en France : 13 conservatoires<br \/>\nSite : <a href=\"http:\/\/cbnbrest.fr\" rel=\"nofollow\">cbnbrest.fr<\/a> (exemple Brest)<\/p>\n<\/div>\n<div style=\"background: #fff3cd;padding: 15px;margin: 15px 0;border: 2px solid #ffc107;border-radius: 5px\">\n<strong style=\"color: #856404\">\ud83d\udca1 R\u00e9sum\u00e9 en 2 lignes :<\/strong><br \/>\n<span>D\u00e9couvrez les herboristeries et ressources botaniques \u00e0 Paris pour enrichir votre pratique d&rsquo;herborisation. Participez \u00e0 des stages et rejoignez des communaut\u00e9s engag\u00e9es dans la botanique.<\/span>\n<\/div>\n<\/div>\n<hr>\n<div class=\"articles-lies\">\n<h3>\u00c0 lire aussi<\/h3>\n<ul>\n<li><a href=\"https:\/\/herberiedelatille.fr\/blog\/conservation-et-biodiversite\/pourquoi-cultiver-des-plantes-locales-avantages-pour-la-biodiversite\/\">Pourquoi cultiver des plantes locales : avantages pour la biodiversit\u00e9<\/a><\/li>\n<li><a href=\"https:\/\/herberiedelatille.fr\/blog\/conservation-et-biodiversite\/les-bases-de-la-botanique-comprendre-les-plantes-des-le-debut\/\">Les bases de la botanique : comprendre les plantes d\u00e8s le d\u00e9but<\/a><\/li>\n<li><a href=\"https:\/\/herberiedelatille.fr\/blog\/conservation-et-biodiversite\/les-fondamentaux-de-la-botanique-comprendre-la-vie-vegetale\/\">Les fondamentaux de la botanique : comprendre la vie v\u00e9g\u00e9tale<\/a><\/li>\n<li><a href=\"https:\/\/herberiedelatille.fr\/blog\/conservation-et-biodiversite\/les-plantes-medicinales-definition-vertus-et-conseils-de-culture\/\">Les plantes m\u00e9dicinales : d\u00e9finition, vertus et conseils de culture<\/a><\/li>\n<\/ul>\n<\/div>\n","protected":false},"excerpt":{"rendered":"","protected":false},"author":34,"featured_media":7565,"comment_status":"open","ping_status":"open","sticky":false,"template":"","format":"standard","meta":{"_acf_changed":false,"manual_indexmenow":false,"indexmenow_id_project":0,"footnotes":""},"categories":[4522],"tags":[4601,4600,4602],"class_list":["post-7525","post","type-post","status-publish","format-standard","has-post-thumbnail","hentry","category-conservation-et-biodiversite","tag-collecte-plantes","tag-herborisation-botanique","tag-histoire-botanistes","generate-columns","tablet-grid-50","mobile-grid-100","grid-parent","grid-25"],"acf":[],"yoast_head":"<!-- This site is optimized with the Yoast SEO Premium plugin v21.3 (Yoast SEO v25.6) - https:\/\/yoast.com\/wordpress\/plugins\/seo\/ -->\n<title>Herborisation : origines et grands botanistes<\/title>\n<meta name=\"description\" content=\"Herborisation : origines de cette pratique et portraits des grands botanistes qui ont marqu\u00e9 l&#039;histoire de l&#039;\u00e9tude des plantes.\" \/>\n<meta name=\"robots\" content=\"index, follow, max-snippet:-1, max-image-preview:large, max-video-preview:-1\" \/>\n<link rel=\"canonical\" href=\"https:\/\/herberiedelatille.fr\/blog\/conservation-et-biodiversite\/herborisation-origines-et-secrets-des-botanistes-legendaires\/\" \/>\n<meta property=\"og:locale\" content=\"fr_FR\" \/>\n<meta property=\"og:type\" content=\"article\" \/>\n<meta property=\"og:title\" content=\"Herborisation : origines et grands botanistes\" \/>\n<meta property=\"og:description\" content=\"Herborisation : origines de cette pratique et portraits des grands botanistes qui ont marqu\u00e9 l&#039;histoire de l&#039;\u00e9tude des plantes.\" \/>\n<meta property=\"og:url\" content=\"https:\/\/herberiedelatille.fr\/blog\/conservation-et-biodiversite\/herborisation-origines-et-secrets-des-botanistes-legendaires\/\" \/>\n<meta property=\"og:site_name\" content=\"Herberie de la Tille\" \/>\n<meta property=\"og:image\" content=\"https:\/\/herberiedelatille.fr\/blog\/wp-content\/uploads\/2026\/03\/sdxl-adb1a7df0075089b9a33cfcf27ee2d80-scaled.png\" \/>\n\t<meta property=\"og:image:width\" content=\"1200\" \/>\n\t<meta property=\"og:image:height\" content=\"500\" \/>\n\t<meta property=\"og:image:type\" content=\"image\/png\" \/>\n<meta name=\"author\" content=\"Julien Prigent\" \/>\n<meta name=\"twitter:card\" content=\"summary_large_image\" \/>\n<script type=\"application\/ld+json\" class=\"yoast-schema-graph\">{\"@context\":\"https:\/\/schema.org\",\"@graph\":[{\"@type\":\"NewsArticle\",\"@id\":\"https:\/\/herberiedelatille.fr\/blog\/conservation-et-biodiversite\/herborisation-origines-et-secrets-des-botanistes-legendaires\/#article\",\"isPartOf\":{\"@id\":\"https:\/\/herberiedelatille.fr\/blog\/conservation-et-biodiversite\/herborisation-origines-et-secrets-des-botanistes-legendaires\/\"},\"author\":{\"name\":\"Julien Prigent\",\"@id\":\"https:\/\/herberiedelatille.fr\/blog\/#\/schema\/person\/3c864cdc320801e3db34b663e7e3f816\"},\"headline\":\"Herborisation : Origines et secrets des botanistes l\u00e9gendaires\",\"datePublished\":\"2026-03-19T08:54:00+00:00\",\"mainEntityOfPage\":{\"@id\":\"https:\/\/herberiedelatille.fr\/blog\/conservation-et-biodiversite\/herborisation-origines-et-secrets-des-botanistes-legendaires\/\"},\"wordCount\":1624,\"commentCount\":0,\"publisher\":{\"@id\":\"https:\/\/herberiedelatille.fr\/blog\/#organization\"},\"image\":{\"@id\":\"https:\/\/herberiedelatille.fr\/blog\/conservation-et-biodiversite\/herborisation-origines-et-secrets-des-botanistes-legendaires\/#primaryimage\"},\"thumbnailUrl\":\"https:\/\/herberiedelatille.fr\/blog\/wp-content\/uploads\/2026\/03\/sdxl-adb1a7df0075089b9a33cfcf27ee2d80-scaled.png\",\"keywords\":[\"collecte plantes\",\"herborisation botanique\",\"histoire botanistes\"],\"articleSection\":[\"Conservation et Biodiversit\u00e9\"],\"inLanguage\":\"fr-FR\",\"potentialAction\":[{\"@type\":\"CommentAction\",\"name\":\"Comment\",\"target\":[\"https:\/\/herberiedelatille.fr\/blog\/conservation-et-biodiversite\/herborisation-origines-et-secrets-des-botanistes-legendaires\/#respond\"]}]},{\"@type\":\"WebPage\",\"@id\":\"https:\/\/herberiedelatille.fr\/blog\/conservation-et-biodiversite\/herborisation-origines-et-secrets-des-botanistes-legendaires\/\",\"url\":\"https:\/\/herberiedelatille.fr\/blog\/conservation-et-biodiversite\/herborisation-origines-et-secrets-des-botanistes-legendaires\/\",\"name\":\"Herborisation : origines et grands botanistes\",\"isPartOf\":{\"@id\":\"https:\/\/herberiedelatille.fr\/blog\/#website\"},\"primaryImageOfPage\":{\"@id\":\"https:\/\/herberiedelatille.fr\/blog\/conservation-et-biodiversite\/herborisation-origines-et-secrets-des-botanistes-legendaires\/#primaryimage\"},\"image\":{\"@id\":\"https:\/\/herberiedelatille.fr\/blog\/conservation-et-biodiversite\/herborisation-origines-et-secrets-des-botanistes-legendaires\/#primaryimage\"},\"thumbnailUrl\":\"https:\/\/herberiedelatille.fr\/blog\/wp-content\/uploads\/2026\/03\/sdxl-adb1a7df0075089b9a33cfcf27ee2d80-scaled.png\",\"datePublished\":\"2026-03-19T08:54:00+00:00\",\"description\":\"Herborisation : origines de cette pratique et portraits des grands botanistes qui ont marqu\u00e9 l'histoire de l'\u00e9tude des plantes.\",\"inLanguage\":\"fr-FR\",\"potentialAction\":[{\"@type\":\"ReadAction\",\"target\":[\"https:\/\/herberiedelatille.fr\/blog\/conservation-et-biodiversite\/herborisation-origines-et-secrets-des-botanistes-legendaires\/\"]}]},{\"@type\":\"ImageObject\",\"inLanguage\":\"fr-FR\",\"@id\":\"https:\/\/herberiedelatille.fr\/blog\/conservation-et-biodiversite\/herborisation-origines-et-secrets-des-botanistes-legendaires\/#primaryimage\",\"url\":\"https:\/\/herberiedelatille.fr\/blog\/wp-content\/uploads\/2026\/03\/sdxl-adb1a7df0075089b9a33cfcf27ee2d80-scaled.png\",\"contentUrl\":\"https:\/\/herberiedelatille.fr\/blog\/wp-content\/uploads\/2026\/03\/sdxl-adb1a7df0075089b9a33cfcf27ee2d80-scaled.png\",\"width\":1200,\"height\":500},{\"@type\":\"WebSite\",\"@id\":\"https:\/\/herberiedelatille.fr\/blog\/#website\",\"url\":\"https:\/\/herberiedelatille.fr\/blog\/\",\"name\":\"Herberie de la Tille\",\"description\":\"Le m\u00e9dia de la botanique pratique \u2014 plantes, herboristerie, identification\",\"publisher\":{\"@id\":\"https:\/\/herberiedelatille.fr\/blog\/#organization\"},\"alternateName\":\"Herberie de la Tille\",\"potentialAction\":[{\"@type\":\"SearchAction\",\"target\":{\"@type\":\"EntryPoint\",\"urlTemplate\":\"https:\/\/herberiedelatille.fr\/blog\/?s={search_term_string}\"},\"query-input\":{\"@type\":\"PropertyValueSpecification\",\"valueRequired\":true,\"valueName\":\"search_term_string\"}}],\"inLanguage\":\"fr-FR\"},{\"@type\":\"Organization\",\"@id\":\"https:\/\/herberiedelatille.fr\/blog\/#organization\",\"name\":\"Herberie de la Tille\",\"url\":\"https:\/\/herberiedelatille.fr\/blog\/\",\"logo\":{\"@type\":\"ImageObject\",\"inLanguage\":\"fr-FR\",\"@id\":\"https:\/\/herberiedelatille.fr\/blog\/#\/schema\/logo\/image\/\",\"url\":\"https:\/\/herberiedelatille.fr\/blog\/wp-content\/uploads\/2024\/12\/herberiedelatille.png\",\"contentUrl\":\"https:\/\/herberiedelatille.fr\/blog\/wp-content\/uploads\/2024\/12\/herberiedelatille.png\",\"width\":500,\"height\":500,\"caption\":\"Herberie de la Tille\"},\"image\":{\"@id\":\"https:\/\/herberiedelatille.fr\/blog\/#\/schema\/logo\/image\/\"}},{\"@type\":\"Person\",\"@id\":\"https:\/\/herberiedelatille.fr\/blog\/#\/schema\/person\/3c864cdc320801e3db34b663e7e3f816\",\"name\":\"Julien Prigent\",\"image\":{\"@type\":\"ImageObject\",\"inLanguage\":\"fr-FR\",\"@id\":\"https:\/\/herberiedelatille.fr\/blog\/#\/schema\/person\/image\/\",\"url\":\"https:\/\/herberiedelatille.fr\/blog\/wp-content\/uploads\/2026\/06\/persona_julien-p-96x96.jpg\",\"contentUrl\":\"https:\/\/herberiedelatille.fr\/blog\/wp-content\/uploads\/2026\/06\/persona_julien-p-96x96.jpg\",\"caption\":\"Julien Prigent\"},\"description\":\"Bricoleur et jardinier dans l'\u00e2me, j'\u00e9cris sur la maison et ses ext\u00e9rieurs avec les mains dans le cambouis plus que dans les th\u00e9ories. Mon terrain couvre tout l'habitat : le potager et le jardin au fil des saisons, mais aussi les petits travaux, la r\u00e9novation, le bricolage et les m\u00e9tiers du b\u00e2timent \u2014 toiture, isolation, menuiserie, serrurerie, ma\u00e7onnerie. J'aime expliquer un geste technique simplement, donner des fourchettes de prix r\u00e9alistes et les bons crit\u00e8res pour choisir un mat\u00e9riau ou un artisan. Je teste ce que je peux sur mes propres chantiers et au jardin avant d'en parler, je distingue la tradition de ce que confirme l'observation, et je pr\u00e9cise toujours le contexte \u2014 climat, type de sol, configuration du logement \u2014 parce qu'un m\u00eame conseil ne vaut pas partout. Mon but : rendre l'entretien et l'am\u00e9lioration de la maison accessibles, durables et \u00e9conomes.\",\"sameAs\":[\"https:\/\/julienprigent.fr\/\"],\"url\":\"https:\/\/herberiedelatille.fr\/blog\/auteur\/julien-p\/\"}]}<\/script>\n<!-- \/ Yoast SEO Premium plugin. -->","yoast_head_json":{"title":"Herborisation : origines et grands botanistes","description":"Herborisation : origines de cette pratique et portraits des grands botanistes qui ont marqu\u00e9 l'histoire de l'\u00e9tude des plantes.","robots":{"index":"index","follow":"follow","max-snippet":"max-snippet:-1","max-image-preview":"max-image-preview:large","max-video-preview":"max-video-preview:-1"},"canonical":"https:\/\/herberiedelatille.fr\/blog\/conservation-et-biodiversite\/herborisation-origines-et-secrets-des-botanistes-legendaires\/","og_locale":"fr_FR","og_type":"article","og_title":"Herborisation : origines et grands botanistes","og_description":"Herborisation : origines de cette pratique et portraits des grands botanistes qui ont marqu\u00e9 l'histoire de l'\u00e9tude des plantes.","og_url":"https:\/\/herberiedelatille.fr\/blog\/conservation-et-biodiversite\/herborisation-origines-et-secrets-des-botanistes-legendaires\/","og_site_name":"Herberie de la Tille","og_image":[{"width":1200,"height":500,"url":"https:\/\/herberiedelatille.fr\/blog\/wp-content\/uploads\/2026\/03\/sdxl-adb1a7df0075089b9a33cfcf27ee2d80-scaled.png","type":"image\/png"}],"author":"Julien Prigent","twitter_card":"summary_large_image","schema":{"@context":"https:\/\/schema.org","@graph":[{"@type":"NewsArticle","@id":"https:\/\/herberiedelatille.fr\/blog\/conservation-et-biodiversite\/herborisation-origines-et-secrets-des-botanistes-legendaires\/#article","isPartOf":{"@id":"https:\/\/herberiedelatille.fr\/blog\/conservation-et-biodiversite\/herborisation-origines-et-secrets-des-botanistes-legendaires\/"},"author":{"name":"Julien Prigent","@id":"https:\/\/herberiedelatille.fr\/blog\/#\/schema\/person\/3c864cdc320801e3db34b663e7e3f816"},"headline":"Herborisation : Origines et secrets des botanistes l\u00e9gendaires","datePublished":"2026-03-19T08:54:00+00:00","mainEntityOfPage":{"@id":"https:\/\/herberiedelatille.fr\/blog\/conservation-et-biodiversite\/herborisation-origines-et-secrets-des-botanistes-legendaires\/"},"wordCount":1624,"commentCount":0,"publisher":{"@id":"https:\/\/herberiedelatille.fr\/blog\/#organization"},"image":{"@id":"https:\/\/herberiedelatille.fr\/blog\/conservation-et-biodiversite\/herborisation-origines-et-secrets-des-botanistes-legendaires\/#primaryimage"},"thumbnailUrl":"https:\/\/herberiedelatille.fr\/blog\/wp-content\/uploads\/2026\/03\/sdxl-adb1a7df0075089b9a33cfcf27ee2d80-scaled.png","keywords":["collecte plantes","herborisation botanique","histoire botanistes"],"articleSection":["Conservation et Biodiversit\u00e9"],"inLanguage":"fr-FR","potentialAction":[{"@type":"CommentAction","name":"Comment","target":["https:\/\/herberiedelatille.fr\/blog\/conservation-et-biodiversite\/herborisation-origines-et-secrets-des-botanistes-legendaires\/#respond"]}]},{"@type":"WebPage","@id":"https:\/\/herberiedelatille.fr\/blog\/conservation-et-biodiversite\/herborisation-origines-et-secrets-des-botanistes-legendaires\/","url":"https:\/\/herberiedelatille.fr\/blog\/conservation-et-biodiversite\/herborisation-origines-et-secrets-des-botanistes-legendaires\/","name":"Herborisation : origines et grands botanistes","isPartOf":{"@id":"https:\/\/herberiedelatille.fr\/blog\/#website"},"primaryImageOfPage":{"@id":"https:\/\/herberiedelatille.fr\/blog\/conservation-et-biodiversite\/herborisation-origines-et-secrets-des-botanistes-legendaires\/#primaryimage"},"image":{"@id":"https:\/\/herberiedelatille.fr\/blog\/conservation-et-biodiversite\/herborisation-origines-et-secrets-des-botanistes-legendaires\/#primaryimage"},"thumbnailUrl":"https:\/\/herberiedelatille.fr\/blog\/wp-content\/uploads\/2026\/03\/sdxl-adb1a7df0075089b9a33cfcf27ee2d80-scaled.png","datePublished":"2026-03-19T08:54:00+00:00","description":"Herborisation : origines de cette pratique et portraits des grands botanistes qui ont marqu\u00e9 l'histoire de l'\u00e9tude des plantes.","inLanguage":"fr-FR","potentialAction":[{"@type":"ReadAction","target":["https:\/\/herberiedelatille.fr\/blog\/conservation-et-biodiversite\/herborisation-origines-et-secrets-des-botanistes-legendaires\/"]}]},{"@type":"ImageObject","inLanguage":"fr-FR","@id":"https:\/\/herberiedelatille.fr\/blog\/conservation-et-biodiversite\/herborisation-origines-et-secrets-des-botanistes-legendaires\/#primaryimage","url":"https:\/\/herberiedelatille.fr\/blog\/wp-content\/uploads\/2026\/03\/sdxl-adb1a7df0075089b9a33cfcf27ee2d80-scaled.png","contentUrl":"https:\/\/herberiedelatille.fr\/blog\/wp-content\/uploads\/2026\/03\/sdxl-adb1a7df0075089b9a33cfcf27ee2d80-scaled.png","width":1200,"height":500},{"@type":"WebSite","@id":"https:\/\/herberiedelatille.fr\/blog\/#website","url":"https:\/\/herberiedelatille.fr\/blog\/","name":"Herberie de la Tille","description":"Le m\u00e9dia de la botanique pratique \u2014 plantes, herboristerie, identification","publisher":{"@id":"https:\/\/herberiedelatille.fr\/blog\/#organization"},"alternateName":"Herberie de la Tille","potentialAction":[{"@type":"SearchAction","target":{"@type":"EntryPoint","urlTemplate":"https:\/\/herberiedelatille.fr\/blog\/?s={search_term_string}"},"query-input":{"@type":"PropertyValueSpecification","valueRequired":true,"valueName":"search_term_string"}}],"inLanguage":"fr-FR"},{"@type":"Organization","@id":"https:\/\/herberiedelatille.fr\/blog\/#organization","name":"Herberie de la Tille","url":"https:\/\/herberiedelatille.fr\/blog\/","logo":{"@type":"ImageObject","inLanguage":"fr-FR","@id":"https:\/\/herberiedelatille.fr\/blog\/#\/schema\/logo\/image\/","url":"https:\/\/herberiedelatille.fr\/blog\/wp-content\/uploads\/2024\/12\/herberiedelatille.png","contentUrl":"https:\/\/herberiedelatille.fr\/blog\/wp-content\/uploads\/2024\/12\/herberiedelatille.png","width":500,"height":500,"caption":"Herberie de la Tille"},"image":{"@id":"https:\/\/herberiedelatille.fr\/blog\/#\/schema\/logo\/image\/"}},{"@type":"Person","@id":"https:\/\/herberiedelatille.fr\/blog\/#\/schema\/person\/3c864cdc320801e3db34b663e7e3f816","name":"Julien Prigent","image":{"@type":"ImageObject","inLanguage":"fr-FR","@id":"https:\/\/herberiedelatille.fr\/blog\/#\/schema\/person\/image\/","url":"https:\/\/herberiedelatille.fr\/blog\/wp-content\/uploads\/2026\/06\/persona_julien-p-96x96.jpg","contentUrl":"https:\/\/herberiedelatille.fr\/blog\/wp-content\/uploads\/2026\/06\/persona_julien-p-96x96.jpg","caption":"Julien Prigent"},"description":"Bricoleur et jardinier dans l'\u00e2me, j'\u00e9cris sur la maison et ses ext\u00e9rieurs avec les mains dans le cambouis plus que dans les th\u00e9ories. Mon terrain couvre tout l'habitat : le potager et le jardin au fil des saisons, mais aussi les petits travaux, la r\u00e9novation, le bricolage et les m\u00e9tiers du b\u00e2timent \u2014 toiture, isolation, menuiserie, serrurerie, ma\u00e7onnerie. J'aime expliquer un geste technique simplement, donner des fourchettes de prix r\u00e9alistes et les bons crit\u00e8res pour choisir un mat\u00e9riau ou un artisan. Je teste ce que je peux sur mes propres chantiers et au jardin avant d'en parler, je distingue la tradition de ce que confirme l'observation, et je pr\u00e9cise toujours le contexte \u2014 climat, type de sol, configuration du logement \u2014 parce qu'un m\u00eame conseil ne vaut pas partout. Mon but : rendre l'entretien et l'am\u00e9lioration de la maison accessibles, durables et \u00e9conomes.","sameAs":["https:\/\/julienprigent.fr\/"],"url":"https:\/\/herberiedelatille.fr\/blog\/auteur\/julien-p\/"}]}},"_links":{"self":[{"href":"https:\/\/herberiedelatille.fr\/blog\/wp-json\/wp\/v2\/posts\/7525","targetHints":{"allow":["GET"]}}],"collection":[{"href":"https:\/\/herberiedelatille.fr\/blog\/wp-json\/wp\/v2\/posts"}],"about":[{"href":"https:\/\/herberiedelatille.fr\/blog\/wp-json\/wp\/v2\/types\/post"}],"author":[{"embeddable":true,"href":"https:\/\/herberiedelatille.fr\/blog\/wp-json\/wp\/v2\/users\/34"}],"replies":[{"embeddable":true,"href":"https:\/\/herberiedelatille.fr\/blog\/wp-json\/wp\/v2\/comments?post=7525"}],"version-history":[{"count":1,"href":"https:\/\/herberiedelatille.fr\/blog\/wp-json\/wp\/v2\/posts\/7525\/revisions"}],"predecessor-version":[{"id":7564,"href":"https:\/\/herberiedelatille.fr\/blog\/wp-json\/wp\/v2\/posts\/7525\/revisions\/7564"}],"wp:featuredmedia":[{"embeddable":true,"href":"https:\/\/herberiedelatille.fr\/blog\/wp-json\/wp\/v2\/media\/7565"}],"wp:attachment":[{"href":"https:\/\/herberiedelatille.fr\/blog\/wp-json\/wp\/v2\/media?parent=7525"}],"wp:term":[{"taxonomy":"category","embeddable":true,"href":"https:\/\/herberiedelatille.fr\/blog\/wp-json\/wp\/v2\/categories?post=7525"},{"taxonomy":"post_tag","embeddable":true,"href":"https:\/\/herberiedelatille.fr\/blog\/wp-json\/wp\/v2\/tags?post=7525"}],"curies":[{"name":"wp","href":"https:\/\/api.w.org\/{rel}","templated":true}]}}