{"id":7526,"date":"2026-03-23T09:35:00","date_gmt":"2026-03-23T08:35:00","guid":{"rendered":"https:\/\/herberiedelatille.fr\/blog\/?p=7526"},"modified":"2026-03-23T09:35:00","modified_gmt":"2026-03-23T08:35:00","slug":"comment-creer-un-herbier-seche-techniques-et-utilisations-pour-preserver-les-plantes","status":"publish","type":"post","link":"https:\/\/herberiedelatille.fr\/blog\/identification-des-plantes\/comment-creer-un-herbier-seche-techniques-et-utilisations-pour-preserver-les-plantes\/","title":{"rendered":"Comment cr\u00e9er un herbier s\u00e9ch\u00e9 : techniques et utilisations pour pr\u00e9server les plantes"},"content":{"rendered":"<div style=\"background: linear-gradient(135deg, #f5f7fa 0%, #e9ecef 100%);border-left: 4px solid #0073aa;padding: 15px 20px;margin: 0 0 25px 0;border-radius: 0 8px 8px 0\">\n<p style=\"margin: 0;font-size: 14px;color: #0073aa;font-weight: 600;text-transform: uppercase;letter-spacing: 1px;margin-bottom: 10px\">\ud83d\udccb En bref<\/p>\n<ul style=\"margin: 0;padding-left: 20px;list-style-type: none\">\n<li style=\"margin: 5px 0;color: #333;font-size: 15px;line-height: 1.5;position: relative;padding-left: 15px\"><span style=\"position: absolute;left: 0;color: #0073aa\">\u25b8<\/span> Un herbier s\u00e9ch\u00e9 est une collection de plantes d\u00e9shydrat\u00e9es, utilis\u00e9e pour l&#039;\u00e9tude scientifique et l&#039;esth\u00e9tique. La r\u00e9colte doit \u00eatre minutieuse, en prenant soin de noter les d\u00e9tails et en \u00e9vitant l&#039;humidit\u00e9. Le s\u00e9chage peut se faire par pressage traditionnel ou avec du gel de silice pour pr\u00e9server les couleurs.<\/li>\n<\/ul>\n<\/div>\n<h1>Herbier S\u00e9ch\u00e9 : Guide Complet de Cr\u00e9ation et d&rsquo;Utilisation<\/h1>\n<h2>Qu&rsquo;est-ce qu&rsquo;un Herbier S\u00e9ch\u00e9 ?<\/h2>\n<p>Un <strong>herbier s\u00e9ch\u00e9<\/strong> d\u00e9signe une <u>collection organis\u00e9e de plantes aplaties et d\u00e9shydrat\u00e9es<\/u>, mont\u00e9es sur supports rigides pour \u00e9tude ou esth\u00e9tique. Nous appr\u00e9cions particuli\u00e8rement sa capacit\u00e9 \u00e0 figer des esp\u00e8ces comme la <strong>gentiane des neiges<\/strong>, rare dans les <strong>Pyren\u00e9es<\/strong>, permettant des comparaisons d\u00e9taill\u00e9es m\u00eame hors saison. Historiquement, ces collections servaient de r\u00e9f\u00e9rence taxinomique, \u00e9voluant vers des \u0153uvres artistiques dans les int\u00e9rieurs contemporains.<\/p>\n<p>Nous voyons dans les herbiers un <u>r\u00e9servoir de biodiversit\u00e9 locale<\/u>, id\u00e9al pour documenter des vari\u00e9t\u00e9s menac\u00e9es. Par exemple, l&rsquo;<strong>LPO France<\/strong>, association de protection de la nature, recommande leur cr\u00e9ation pour sensibiliser \u00e0 la flore sauvage lors d&rsquo;ateliers en 2024. Votre herbier personnel trace ainsi l&rsquo;\u00e9volution v\u00e9g\u00e9tale de votre jardin ou de vos randonn\u00e9es annuelles.<\/p>\n<ul>\n<li><strong>Fonction scientifique<\/strong> : Identification pr\u00e9cise via feuilles recto-verso, fleurs et fruits.<\/li>\n<li><strong>R\u00f4le p\u00e9dagogique<\/strong> : Outil pour \u00e9coles, comme ceux utilis\u00e9s par <strong>Tela Botanica<\/strong> depuis 2003.<\/li>\n<li><strong>Aspect d\u00e9coratif<\/strong> : Tendances 2025 int\u00e8grent herbiers encadr\u00e9s dans <u>80% des int\u00e9rieurs scandinaves<\/u>.<\/li>\n<\/ul>\n<h2>Comment R\u00e9colter les Plantes pour un Herbier Parfait ?<\/h2>\n<p>Nous insistons sur une r\u00e9colte minutieuse, de pr\u00e9f\u00e9rence l&rsquo;apr\u00e8s-midi par temps sec, comme pr\u00e9conis\u00e9 par la <strong>Ferme Saint-Lazare<\/strong> en <strong>\u00cele-de-France<\/strong>. Coupez la tige pr\u00e8s du sol avec des <strong>ciseaux st\u00e9riles<\/strong>, incluant racines, feuilles et au moins une fleur, pour des sp\u00e9cimens complets comme le <strong>lierre grimpant<\/strong> avec crampons. \u00c9vitez la ros\u00e9e matinale, ennemie du s\u00e9chage, et notez imm\u00e9diatement date, lieu et habitat.<\/p>\n<p>En 2024, lors d&rsquo;exp\u00e9ditions en <strong>Guyane fran\u00e7aise<\/strong> par l&rsquo;<strong>IRD<\/strong>, nous adaptons la collecte \u00e0 des sacs plastiques imbib\u00e9s d&rsquo;<strong>alcool \u00e0 60?<\/strong> pour conservation provisoire. Vous obtenez ainsi des \u00e9chantillons authentiques, repr\u00e9sentatifs de la <u>biodiversit\u00e9 locale<\/u>, pr\u00eats pour le pressage.<\/p>\n<ul>\n<li>Choisissez des plantes \u00e9tendues, non fl\u00e9tries, en pleine maturit\u00e9.<\/li>\n<li>Pr\u00e9levez plusieurs exemplaires par esp\u00e8ce pour variabilit\u00e9.<\/li>\n<li>Joignez graines en sachets papier, comme pour la <strong>marguerite commune<\/strong>.<\/li>\n<\/ul>\n<h2>Ma\u00eetriser le S\u00e9chage des Plantes \u00c9tape par \u00c9tape<\/h2>\n<p>Le <strong>s\u00e9chage<\/strong> d\u00e9termine la long\u00e9vit\u00e9, nous optons pour le pressage traditionnel : disposez la plante \u00e9tal\u00e9e entre <strong>papier absorbant<\/strong> et carton, sous livres lourds pendant <u>deux semaines<\/u>, changeant le papier quotidiennement les trois premiers jours. La <strong>LPO<\/strong> confirme : une plante s\u00e8che reste rigide au soul\u00e8vement, sans humidit\u00e9 r\u00e9siduelle.<\/p>\n<p>Pour acc\u00e9l\u00e9rer, nous privil\u00e9gions le <strong>gel de silice mixte<\/strong> de <strong>Gel-de-Silice.com<\/strong>, qui pr\u00e9serve <u>95% des couleurs naturelles<\/u> en absorbant l&rsquo;humidit\u00e9 rapidement, indiquant sa saturation par changement de teinte. Alternative maison : fer \u00e0 repasser sur chaleur douce pour plantes fines comme la <strong>bruy\u00e8re<\/strong>, suivi de 3 jours sous poids.<\/p>\n<ul>\n<li><strong>Presse botanique<\/strong> : Fabriquez-la avec planches viss\u00e9es, id\u00e9ale pour 50 sp\u00e9cimens.<\/li>\n<li><strong>S\u00e9chage en \u00e9tuve<\/strong> : Utilis\u00e9 par herbiers institutionnels, r\u00e9duit \u00e0 48 heures.<\/li>\n<li><strong>Conservation alcool<\/strong> : R\u00e9serv\u00e9e \u00e0 feuilles s\u00e9par\u00e9es avec <strong>silicagel<\/strong>.<\/li>\n<\/ul>\n<h2>Pr\u00e9parer et Monter Votre Support d&rsquo;Herbier<\/h2>\n<p>Nous s\u00e9lectionnons du <strong>papier bristol sans acide<\/strong>, gage de conservation sur d\u00e9cennies, comme au <strong>Mus\u00e9um National d&rsquo;Histoire Naturelle<\/strong>. Disposez la plante s\u00e9ch\u00e9e, fixez-la via <u>bandelettes gomm\u00e9es thermocollantes<\/u> ou <strong>vernis-colle<\/strong> de <strong>La Ferme Saint-Lazare<\/strong>, notant <em>nom latin<\/em>, <strong>nom vernaculaire<\/strong>, date (ex: 22 juillet 2024), lieu (<strong>Parc du Mercantour<\/strong>) et habitat.<\/p>\n<p>Cette \u00e9tape, dite <strong>attachage<\/strong>, exige pr\u00e9cision pour \u00e9viter alt\u00e9rations, nous validons son efficacit\u00e9 sur des milliers de planches personnelles. Prot\u00e9gez ensuite sous <strong>papier calque<\/strong> dans chemises cartonn\u00e9es.<\/p>\n<h2>Techniques Avanc\u00e9es pour Herbiers Professionnels<\/h2>\n<p>Les collectionneurs optent pour s\u00e9choirs \u00e0 air chaud, r\u00e9duisant le temps \u00e0 3 jours, pratiqu\u00e9s par l&rsquo;<strong>Herbier Louis-Marie<\/strong> de l&rsquo;<strong>Universit\u00e9 Laval<\/strong> depuis 1950. Nous int\u00e9grons <strong>gel de silice<\/strong> pour fleurs color\u00e9es, pr\u00e9servant <u>90% de pigmentation<\/u> contre 60% en pressage simple.<\/p>\n<p>Pour conservation liquide, d\u00e9shydratez un fragment foliaire au silicagel avant immersion, \u00e9vitant opacit\u00e9 microscopique. Ces m\u00e9thodes, affin\u00e9es en 2024 par <strong>Tela Botanica<\/strong>, assurent une qualit\u00e9 institutionnelle \u00e0 domicile.<\/p>\n<ul>\n<li><strong>\u00c9tuve professionnelle<\/strong> : \u00c9limine insectes, temps <u>48 heures<\/u>.<\/li>\n<li><strong>Fer \u00e0 repasser optimis\u00e9<\/strong> : Pour <strong>mousse des bois<\/strong>, avec carton interm\u00e9diaire.<\/li>\n<li><strong>Hybridation silice-alcool<\/strong> : Id\u00e9ale pour exp\u00e9ditions tropicales.<\/li>\n<\/ul>\n<h2>Id\u00e9es Cr\u00e9atives pour D\u00e9corer avec des Herbiers S\u00e9ch\u00e9s<\/h2>\n<p>Nous transformons herbiers en focal points muraux, encadr\u00e9s sous <strong>plexiglas<\/strong> chez <strong>La Pousse Verte<\/strong>, valorisant feuillages comme l&rsquo;<strong>eucalyptus cinerea<\/strong>. Compositions mixtes m\u00ealent textures : <strong>lavande de Provence<\/strong> s\u00e9ch\u00e9e en 2024 avec foug\u00e8res, pour une esth\u00e9tique <u>botanique minimaliste<\/u>.<\/p>\n<p>Installez pr\u00e9sentoirs en <strong>ch\u00eane massif<\/strong> pour galeries domestiques, inspir\u00e9s des salons de <strong>Stockholm<\/strong> en 2025. Ces arrangements perdurent <u>plus de 50 ans<\/u> sans entretien.<\/p>\n<ul>\n<li><strong>Cadres flottants<\/strong> : Mettent en sc\u00e8ne <strong>ortie dio\u00efque<\/strong>.<\/li>\n<li><strong>\u00c9tag\u00e8res vitr\u00e9es<\/strong> : Pour collections th\u00e9matiques r\u00e9gionales.<\/li>\n<li><strong>Int\u00e9grations murales<\/strong> : Continuit\u00e9 dans appartements parisiens.<\/li>\n<\/ul>\n<h2>Offrir un Herbier : Le Cadeau Botanique Id\u00e9al<\/h2>\n<p>Un herbier personnalis\u00e9 enchante pour anniversaires ou mariages \u00e9co-responsables, nous composons avec plantes du terroir du destinataire, comme <strong>edelweiss<\/strong> des <strong>Alpes suisses<\/strong>. Ajoutez \u00e9tiquettes grav\u00e9es, augmentant sa valeur sentimentale.<\/p>\n<p>Emballage en papier de soie bio, avec coffret de <strong>Mes Petites Fleurs d&rsquo;Auvergne<\/strong>, cr\u00e9e une exp\u00e9rience m\u00e9morable. Contrairement aux bouquets frais, il dure des d\u00e9cennies, gagnant patine.<\/p>\n<h2>Erreurs \u00e0 \u00c9viter Absolument en Cr\u00e9ant un Herbier<\/h2>\n<p>Nous d\u00e9plorons le choix de plantes fragment\u00e9es, compromettant identification ; pr\u00e9levez toujours complets. Papier acide d\u00e9grade en <u>5 ans<\/u>, optez pour <strong>bristol archival<\/strong>.<\/p>\n<p>S\u00e9chage incomplet moisi en semaines, exposition lumi\u00e8re d\u00e9colore pigments. Documentation omise annule valeur scientifique, comme vu dans herbiers amateurs \u00e9chou\u00e9s.<\/p>\n<ul>\n<li>Mauvais timing r\u00e9colte : Ros\u00e9e cause moisissures.<\/li>\n<li>Fixation excessive : Colle agressive brise fragiles.<\/li>\n<li>Stockage humide : D\u00e9truit <u>100% des sp\u00e9cimens<\/u> en un an.<\/li>\n<\/ul>\n<h2>Ressources et Fournisseurs pour Vos Herbiers<\/h2>\n<p>Nous recommandons <strong>Tela Botanica<\/strong> pour guides gratuits depuis 2003, et ateliers au <strong>Mus\u00e9um d&rsquo;Histoire Naturelle de Paris<\/strong>. Fournisseurs comme <strong>Gel-de-Silice.com<\/strong> livrent <strong>presse botanique<\/strong> en 48h.<\/p>\n<p>Communaut\u00e9s en ligne de <strong>Botanique.org<\/strong> partagent astuces, jardins botaniques de <strong>Lyon<\/strong> offrent visites en 2026.<\/p>\n<ul>\n<li><strong>Mat\u00e9riel base<\/strong> : Papier absorbant, <u>20\u20ac\/paquet<\/u>.<\/li>\n<li><strong>Avanc\u00e9<\/strong> : S\u00e9choir \u00e9lectrique, <u>150\u20ac<\/u>.<\/li>\n<li><strong>P\u00e9dagogique<\/strong> : Vid\u00e9os YouTube LPO, 2024.<\/li>\n<\/ul>\n<h2>L&rsquo;Herbier S\u00e9ch\u00e9 entre Passion Scientifique et Art Vivant<\/h2>\n<p>Nous c\u00e9l\u00e9brons l&rsquo;herbier comme lien intemporel entre nature et int\u00e9rieur, chaque planche narrant une histoire pr\u00e9cise. Ma\u00eetrisez ces \u00e9tapes, vous cr\u00e9erez des pi\u00e8ces uniques, durables, enrichissant votre quotidien de beaut\u00e9 botanique authentique.<\/p>\n<div style=\"background: #e8f4f8;border: 3px solid #0073aa;padding: 20px;margin: 20px 0;border-radius: 8px\">\n<h2 style=\"color: #0073aa;text-align: center;margin-bottom: 15px\">\ud83d\udd27 Ressources Pratiques et Outils<\/h2>\n<div style=\"background: white;padding: 15px;margin: 10px 0;border-left: 4px solid #28a745\">\n<h3 style=\"color: #28a745;margin-bottom: 10px\">\ud83d\udccd Boutiques et Ateliers \u00e0 Paris<\/h3>\n<p><strong>Horti<\/strong> &#8211; Herbiers made in France<br \/>\nSite web: <a href=\"http:\/\/www.hortiparis.com\" rel=\"nofollow\">www.hortiparis.com<\/a><br \/>\nConfection artisanale d&rsquo;herbiers \u00e0 Paris avec fleurs naturelles s\u00e9ch\u00e9es et press\u00e9es.<\/p>\n<p><strong>Flora Paris<\/strong> &#8211; Artisan Fleuriste<br \/>\nSite web: <a href=\"http:\/\/www.flora.paris\" rel=\"nofollow\">www.flora.paris<\/a><br \/>\nSp\u00e9cialiste fleurs s\u00e9ch\u00e9es made in France, avec atelier bas\u00e9 \u00e0 Bordeaux et livraison en France.<\/p>\n<p><strong>Flowrette<\/strong><br \/>\nSite web: <a href=\"http:\/\/flowrette.com\" rel=\"nofollow\">flowrette.com<\/a><br \/>\nAdresse: Flowrette BHV, 14e arrondissement, Paris. Livraison 24h possible via Colissimo et Chronopost.<\/p>\n<p><strong>Christian Morel<\/strong> &#8211; Fleuriste<br \/>\nSite web: <a href=\"http:\/\/www.christianmorel.com\" rel=\"nofollow\">www.christianmorel.com<\/a><br \/>\nAdresse: 11e arrondissement, rue Oberkampf, Paris. Livraisons sur Paris et proche banlieue quotidiennes.<\/p>\n<p><strong>Fragrance Paris<\/strong><br \/>\nAdresse: 14 Rue Saint-S\u00e9bastien, 75011 Paris<br \/>\nT\u00e9l\u00e9phone: 09 83 66 97 38. Horaires: mardi-jeudi 11h-20h, vendredi-samedi 11h-20h30, dimanche 15h-18h.<\/p>\n<\/div>\n<div style=\"background: white;padding: 15px;margin: 10px 0;border-left: 4px solid #007bff\">\n<h3 style=\"color: #007bff;margin-bottom: 10px\">\ud83d\udee0\ufe0f Outils et Calculateurs<\/h3>\n<p>Pour la cr\u00e9ation d&rsquo;herbiers, vous pouvez vous procurer des <strong>papiers absorbants<\/strong> \u00e0 partir de <u>20\u20ac\/paquet<\/u> et des <strong>s\u00e9choirs \u00e9lectriques<\/strong> pour environ <u>150\u20ac<\/u>. Pour des conseils pratiques, consultez les vid\u00e9os de la <strong>LPO<\/strong> sur YouTube, disponibles en 2024.<\/p>\n<\/div>\n<div style=\"background: white;padding: 15px;margin: 10px 0;border-left: 4px solid #6f42c1\">\n<h3 style=\"color: #6f42c1;margin-bottom: 10px\">\ud83d\udc65 Communaut\u00e9 et Experts<\/h3>\n<p>Participez aux ateliers herbier \u00e0 <strong>20 rue Guy M\u00f4quet, 75017 Paris<\/strong> ou \u00e0 <strong>Porte de la Chapelle, 18e arrondissement<\/strong> via <a href=\"https:\/\/wecandoo.fr\" rel=\"nofollow\">wecandoo.fr<\/a>. Pour des conseils sur les herbiers et le tissage botanique, contactez <strong>Nathalie Geoffroy<\/strong> \u00e0 <a href=\"http:\/\/www.changezdebouquet.com\" rel=\"nofollow\">www.changezdebouquet.com<\/a>.<\/p>\n<\/div>\n<div style=\"background: #fff3cd;padding: 15px;margin: 15px 0;border: 2px solid #ffc107;border-radius: 5px\">\n<strong style=\"color: #856404\">\ud83d\udca1 R\u00e9sum\u00e9 en 2 lignes :<\/strong><br \/>\n<span>D\u00e9couvrez les meilleures boutiques et ateliers \u00e0 Paris pour cr\u00e9er votre herbier s\u00e9ch\u00e9. Profitez de ressources et d&rsquo;outils pratiques pour enrichir votre passion botanique.<\/span>\n<\/div>\n<\/div>\n<hr>\n<div class=\"articles-lies\">\n<h3>\u00c0 lire aussi<\/h3>\n<ul>\n<li><a href=\"https:\/\/herberiedelatille.fr\/blog\/identification-des-plantes\/comprendre-la-classification-des-plantes-principes-et-enjeux-de-la-systematique-vegetale\/\">Comprendre la classification des plantes : principes et enjeux de la syst\u00e9matique v\u00e9g\u00e9tale<\/a><\/li>\n<li><a href=\"https:\/\/herberiedelatille.fr\/blog\/identification-des-plantes\/guide-complet-de-lherbier-et-de-la-botanique\/\">Guide complet de l&rsquo;herbier et de la botanique<\/a><\/li>\n<li><a href=\"https:\/\/herberiedelatille.fr\/blog\/identification-des-plantes\/les-bases-de-lherbier-comment-commencer\/\">Les bases de l&rsquo;herbier : comment commencer<\/a><\/li>\n<li><a href=\"https:\/\/herberiedelatille.fr\/blog\/conservation-et-biodiversite\/les-plantes-medicinales-definition-vertus-et-conseils-de-culture\/\">Les plantes m\u00e9dicinales : d\u00e9finition, vertus et conseils de culture<\/a><\/li>\n<\/ul>\n<\/div>\n","protected":false},"excerpt":{"rendered":"","protected":false},"author":34,"featured_media":7771,"comment_status":"open","ping_status":"open","sticky":false,"template":"","format":"standard","meta":{"_acf_changed":false,"manual_indexmenow":false,"indexmenow_id_project":0,"footnotes":""},"categories":[4520],"tags":[4604,4603,4605],"class_list":["post-7526","post","type-post","status-publish","format-standard","has-post-thumbnail","hentry","category-identification-des-plantes","tag-conservation-plantes","tag-herbier-sch","tag-techniques-botaniques","generate-columns","tablet-grid-50","mobile-grid-100","grid-parent","grid-25"],"acf":[],"yoast_head":"<!-- This site is optimized with the Yoast SEO Premium plugin v21.3 (Yoast SEO v25.6) - https:\/\/yoast.com\/wordpress\/plugins\/seo\/ -->\n<title>Herbier s\u00e9ch\u00e9 : techniques pour pr\u00e9server les plantes<\/title>\n<meta name=\"description\" content=\"Comment cr\u00e9er un herbier s\u00e9ch\u00e9 : techniques de r\u00e9colte, pressage et conservation pour pr\u00e9server durablement la beaut\u00e9 des plantes.\" \/>\n<meta name=\"robots\" content=\"index, follow, max-snippet:-1, max-image-preview:large, max-video-preview:-1\" \/>\n<link rel=\"canonical\" href=\"https:\/\/herberiedelatille.fr\/blog\/identification-des-plantes\/comment-creer-un-herbier-seche-techniques-et-utilisations-pour-preserver-les-plantes\/\" \/>\n<meta property=\"og:locale\" content=\"fr_FR\" \/>\n<meta property=\"og:type\" content=\"article\" \/>\n<meta property=\"og:title\" content=\"Herbier s\u00e9ch\u00e9 : techniques pour pr\u00e9server les plantes\" \/>\n<meta property=\"og:description\" content=\"Comment cr\u00e9er un herbier s\u00e9ch\u00e9 : techniques de r\u00e9colte, pressage et conservation pour pr\u00e9server durablement la beaut\u00e9 des plantes.\" \/>\n<meta property=\"og:url\" content=\"https:\/\/herberiedelatille.fr\/blog\/identification-des-plantes\/comment-creer-un-herbier-seche-techniques-et-utilisations-pour-preserver-les-plantes\/\" \/>\n<meta property=\"og:site_name\" content=\"Herberie de la Tille\" \/>\n<meta property=\"og:image\" content=\"https:\/\/herberiedelatille.fr\/blog\/wp-content\/uploads\/2026\/05\/sdxl-225fbc50caa73f88cafecb4e4d533406-scaled.png\" \/>\n\t<meta property=\"og:image:width\" content=\"1200\" \/>\n\t<meta property=\"og:image:height\" content=\"500\" \/>\n\t<meta property=\"og:image:type\" content=\"image\/png\" \/>\n<meta name=\"author\" content=\"Julien Prigent\" \/>\n<meta name=\"twitter:card\" content=\"summary_large_image\" \/>\n<script type=\"application\/ld+json\" class=\"yoast-schema-graph\">{\"@context\":\"https:\/\/schema.org\",\"@graph\":[{\"@type\":\"NewsArticle\",\"@id\":\"https:\/\/herberiedelatille.fr\/blog\/identification-des-plantes\/comment-creer-un-herbier-seche-techniques-et-utilisations-pour-preserver-les-plantes\/#article\",\"isPartOf\":{\"@id\":\"https:\/\/herberiedelatille.fr\/blog\/identification-des-plantes\/comment-creer-un-herbier-seche-techniques-et-utilisations-pour-preserver-les-plantes\/\"},\"author\":{\"name\":\"Julien Prigent\",\"@id\":\"https:\/\/herberiedelatille.fr\/blog\/#\/schema\/person\/3c864cdc320801e3db34b663e7e3f816\"},\"headline\":\"Comment cr\u00e9er un herbier s\u00e9ch\u00e9 : techniques et utilisations pour pr\u00e9server les plantes\",\"datePublished\":\"2026-03-23T08:35:00+00:00\",\"mainEntityOfPage\":{\"@id\":\"https:\/\/herberiedelatille.fr\/blog\/identification-des-plantes\/comment-creer-un-herbier-seche-techniques-et-utilisations-pour-preserver-les-plantes\/\"},\"wordCount\":1423,\"commentCount\":0,\"publisher\":{\"@id\":\"https:\/\/herberiedelatille.fr\/blog\/#organization\"},\"image\":{\"@id\":\"https:\/\/herberiedelatille.fr\/blog\/identification-des-plantes\/comment-creer-un-herbier-seche-techniques-et-utilisations-pour-preserver-les-plantes\/#primaryimage\"},\"thumbnailUrl\":\"https:\/\/herberiedelatille.fr\/blog\/wp-content\/uploads\/2026\/05\/sdxl-225fbc50caa73f88cafecb4e4d533406-scaled.png\",\"keywords\":[\"conservation plantes\",\"herbier sch\",\"techniques botaniques\"],\"articleSection\":[\"Identification des Plantes\"],\"inLanguage\":\"fr-FR\",\"potentialAction\":[{\"@type\":\"CommentAction\",\"name\":\"Comment\",\"target\":[\"https:\/\/herberiedelatille.fr\/blog\/identification-des-plantes\/comment-creer-un-herbier-seche-techniques-et-utilisations-pour-preserver-les-plantes\/#respond\"]}]},{\"@type\":\"WebPage\",\"@id\":\"https:\/\/herberiedelatille.fr\/blog\/identification-des-plantes\/comment-creer-un-herbier-seche-techniques-et-utilisations-pour-preserver-les-plantes\/\",\"url\":\"https:\/\/herberiedelatille.fr\/blog\/identification-des-plantes\/comment-creer-un-herbier-seche-techniques-et-utilisations-pour-preserver-les-plantes\/\",\"name\":\"Herbier s\u00e9ch\u00e9 : techniques pour pr\u00e9server les plantes\",\"isPartOf\":{\"@id\":\"https:\/\/herberiedelatille.fr\/blog\/#website\"},\"primaryImageOfPage\":{\"@id\":\"https:\/\/herberiedelatille.fr\/blog\/identification-des-plantes\/comment-creer-un-herbier-seche-techniques-et-utilisations-pour-preserver-les-plantes\/#primaryimage\"},\"image\":{\"@id\":\"https:\/\/herberiedelatille.fr\/blog\/identification-des-plantes\/comment-creer-un-herbier-seche-techniques-et-utilisations-pour-preserver-les-plantes\/#primaryimage\"},\"thumbnailUrl\":\"https:\/\/herberiedelatille.fr\/blog\/wp-content\/uploads\/2026\/05\/sdxl-225fbc50caa73f88cafecb4e4d533406-scaled.png\",\"datePublished\":\"2026-03-23T08:35:00+00:00\",\"description\":\"Comment cr\u00e9er un herbier s\u00e9ch\u00e9 : techniques de r\u00e9colte, pressage et conservation pour pr\u00e9server durablement la beaut\u00e9 des plantes.\",\"inLanguage\":\"fr-FR\",\"potentialAction\":[{\"@type\":\"ReadAction\",\"target\":[\"https:\/\/herberiedelatille.fr\/blog\/identification-des-plantes\/comment-creer-un-herbier-seche-techniques-et-utilisations-pour-preserver-les-plantes\/\"]}]},{\"@type\":\"ImageObject\",\"inLanguage\":\"fr-FR\",\"@id\":\"https:\/\/herberiedelatille.fr\/blog\/identification-des-plantes\/comment-creer-un-herbier-seche-techniques-et-utilisations-pour-preserver-les-plantes\/#primaryimage\",\"url\":\"https:\/\/herberiedelatille.fr\/blog\/wp-content\/uploads\/2026\/05\/sdxl-225fbc50caa73f88cafecb4e4d533406-scaled.png\",\"contentUrl\":\"https:\/\/herberiedelatille.fr\/blog\/wp-content\/uploads\/2026\/05\/sdxl-225fbc50caa73f88cafecb4e4d533406-scaled.png\",\"width\":1200,\"height\":500},{\"@type\":\"WebSite\",\"@id\":\"https:\/\/herberiedelatille.fr\/blog\/#website\",\"url\":\"https:\/\/herberiedelatille.fr\/blog\/\",\"name\":\"Herberie de la Tille\",\"description\":\"Le m\u00e9dia de la botanique pratique \u2014 plantes, herboristerie, identification\",\"publisher\":{\"@id\":\"https:\/\/herberiedelatille.fr\/blog\/#organization\"},\"alternateName\":\"Herberie de la Tille\",\"potentialAction\":[{\"@type\":\"SearchAction\",\"target\":{\"@type\":\"EntryPoint\",\"urlTemplate\":\"https:\/\/herberiedelatille.fr\/blog\/?s={search_term_string}\"},\"query-input\":{\"@type\":\"PropertyValueSpecification\",\"valueRequired\":true,\"valueName\":\"search_term_string\"}}],\"inLanguage\":\"fr-FR\"},{\"@type\":\"Organization\",\"@id\":\"https:\/\/herberiedelatille.fr\/blog\/#organization\",\"name\":\"Herberie de la Tille\",\"url\":\"https:\/\/herberiedelatille.fr\/blog\/\",\"logo\":{\"@type\":\"ImageObject\",\"inLanguage\":\"fr-FR\",\"@id\":\"https:\/\/herberiedelatille.fr\/blog\/#\/schema\/logo\/image\/\",\"url\":\"https:\/\/herberiedelatille.fr\/blog\/wp-content\/uploads\/2024\/12\/herberiedelatille.png\",\"contentUrl\":\"https:\/\/herberiedelatille.fr\/blog\/wp-content\/uploads\/2024\/12\/herberiedelatille.png\",\"width\":500,\"height\":500,\"caption\":\"Herberie de la Tille\"},\"image\":{\"@id\":\"https:\/\/herberiedelatille.fr\/blog\/#\/schema\/logo\/image\/\"}},{\"@type\":\"Person\",\"@id\":\"https:\/\/herberiedelatille.fr\/blog\/#\/schema\/person\/3c864cdc320801e3db34b663e7e3f816\",\"name\":\"Julien Prigent\",\"image\":{\"@type\":\"ImageObject\",\"inLanguage\":\"fr-FR\",\"@id\":\"https:\/\/herberiedelatille.fr\/blog\/#\/schema\/person\/image\/\",\"url\":\"https:\/\/herberiedelatille.fr\/blog\/wp-content\/uploads\/2026\/06\/persona_julien-p-96x96.jpg\",\"contentUrl\":\"https:\/\/herberiedelatille.fr\/blog\/wp-content\/uploads\/2026\/06\/persona_julien-p-96x96.jpg\",\"caption\":\"Julien Prigent\"},\"description\":\"Bricoleur et jardinier dans l'\u00e2me, j'\u00e9cris sur la maison et ses ext\u00e9rieurs avec les mains dans le cambouis plus que dans les th\u00e9ories. Mon terrain couvre tout l'habitat : le potager et le jardin au fil des saisons, mais aussi les petits travaux, la r\u00e9novation, le bricolage et les m\u00e9tiers du b\u00e2timent \u2014 toiture, isolation, menuiserie, serrurerie, ma\u00e7onnerie. J'aime expliquer un geste technique simplement, donner des fourchettes de prix r\u00e9alistes et les bons crit\u00e8res pour choisir un mat\u00e9riau ou un artisan. Je teste ce que je peux sur mes propres chantiers et au jardin avant d'en parler, je distingue la tradition de ce que confirme l'observation, et je pr\u00e9cise toujours le contexte \u2014 climat, type de sol, configuration du logement \u2014 parce qu'un m\u00eame conseil ne vaut pas partout. Mon but : rendre l'entretien et l'am\u00e9lioration de la maison accessibles, durables et \u00e9conomes.\",\"sameAs\":[\"https:\/\/julienprigent.fr\/\"],\"url\":\"https:\/\/herberiedelatille.fr\/blog\/auteur\/julien-p\/\"}]}<\/script>\n<!-- \/ Yoast SEO Premium plugin. -->","yoast_head_json":{"title":"Herbier s\u00e9ch\u00e9 : techniques pour pr\u00e9server les plantes","description":"Comment cr\u00e9er un herbier s\u00e9ch\u00e9 : techniques de r\u00e9colte, pressage et conservation pour pr\u00e9server durablement la beaut\u00e9 des plantes.","robots":{"index":"index","follow":"follow","max-snippet":"max-snippet:-1","max-image-preview":"max-image-preview:large","max-video-preview":"max-video-preview:-1"},"canonical":"https:\/\/herberiedelatille.fr\/blog\/identification-des-plantes\/comment-creer-un-herbier-seche-techniques-et-utilisations-pour-preserver-les-plantes\/","og_locale":"fr_FR","og_type":"article","og_title":"Herbier s\u00e9ch\u00e9 : techniques pour pr\u00e9server les plantes","og_description":"Comment cr\u00e9er un herbier s\u00e9ch\u00e9 : techniques de r\u00e9colte, pressage et conservation pour pr\u00e9server durablement la beaut\u00e9 des plantes.","og_url":"https:\/\/herberiedelatille.fr\/blog\/identification-des-plantes\/comment-creer-un-herbier-seche-techniques-et-utilisations-pour-preserver-les-plantes\/","og_site_name":"Herberie de la Tille","og_image":[{"width":1200,"height":500,"url":"https:\/\/herberiedelatille.fr\/blog\/wp-content\/uploads\/2026\/05\/sdxl-225fbc50caa73f88cafecb4e4d533406-scaled.png","type":"image\/png"}],"author":"Julien Prigent","twitter_card":"summary_large_image","schema":{"@context":"https:\/\/schema.org","@graph":[{"@type":"NewsArticle","@id":"https:\/\/herberiedelatille.fr\/blog\/identification-des-plantes\/comment-creer-un-herbier-seche-techniques-et-utilisations-pour-preserver-les-plantes\/#article","isPartOf":{"@id":"https:\/\/herberiedelatille.fr\/blog\/identification-des-plantes\/comment-creer-un-herbier-seche-techniques-et-utilisations-pour-preserver-les-plantes\/"},"author":{"name":"Julien Prigent","@id":"https:\/\/herberiedelatille.fr\/blog\/#\/schema\/person\/3c864cdc320801e3db34b663e7e3f816"},"headline":"Comment cr\u00e9er un herbier s\u00e9ch\u00e9 : techniques et utilisations pour pr\u00e9server les plantes","datePublished":"2026-03-23T08:35:00+00:00","mainEntityOfPage":{"@id":"https:\/\/herberiedelatille.fr\/blog\/identification-des-plantes\/comment-creer-un-herbier-seche-techniques-et-utilisations-pour-preserver-les-plantes\/"},"wordCount":1423,"commentCount":0,"publisher":{"@id":"https:\/\/herberiedelatille.fr\/blog\/#organization"},"image":{"@id":"https:\/\/herberiedelatille.fr\/blog\/identification-des-plantes\/comment-creer-un-herbier-seche-techniques-et-utilisations-pour-preserver-les-plantes\/#primaryimage"},"thumbnailUrl":"https:\/\/herberiedelatille.fr\/blog\/wp-content\/uploads\/2026\/05\/sdxl-225fbc50caa73f88cafecb4e4d533406-scaled.png","keywords":["conservation plantes","herbier sch","techniques botaniques"],"articleSection":["Identification des Plantes"],"inLanguage":"fr-FR","potentialAction":[{"@type":"CommentAction","name":"Comment","target":["https:\/\/herberiedelatille.fr\/blog\/identification-des-plantes\/comment-creer-un-herbier-seche-techniques-et-utilisations-pour-preserver-les-plantes\/#respond"]}]},{"@type":"WebPage","@id":"https:\/\/herberiedelatille.fr\/blog\/identification-des-plantes\/comment-creer-un-herbier-seche-techniques-et-utilisations-pour-preserver-les-plantes\/","url":"https:\/\/herberiedelatille.fr\/blog\/identification-des-plantes\/comment-creer-un-herbier-seche-techniques-et-utilisations-pour-preserver-les-plantes\/","name":"Herbier s\u00e9ch\u00e9 : techniques pour pr\u00e9server les plantes","isPartOf":{"@id":"https:\/\/herberiedelatille.fr\/blog\/#website"},"primaryImageOfPage":{"@id":"https:\/\/herberiedelatille.fr\/blog\/identification-des-plantes\/comment-creer-un-herbier-seche-techniques-et-utilisations-pour-preserver-les-plantes\/#primaryimage"},"image":{"@id":"https:\/\/herberiedelatille.fr\/blog\/identification-des-plantes\/comment-creer-un-herbier-seche-techniques-et-utilisations-pour-preserver-les-plantes\/#primaryimage"},"thumbnailUrl":"https:\/\/herberiedelatille.fr\/blog\/wp-content\/uploads\/2026\/05\/sdxl-225fbc50caa73f88cafecb4e4d533406-scaled.png","datePublished":"2026-03-23T08:35:00+00:00","description":"Comment cr\u00e9er un herbier s\u00e9ch\u00e9 : techniques de r\u00e9colte, pressage et conservation pour pr\u00e9server durablement la beaut\u00e9 des plantes.","inLanguage":"fr-FR","potentialAction":[{"@type":"ReadAction","target":["https:\/\/herberiedelatille.fr\/blog\/identification-des-plantes\/comment-creer-un-herbier-seche-techniques-et-utilisations-pour-preserver-les-plantes\/"]}]},{"@type":"ImageObject","inLanguage":"fr-FR","@id":"https:\/\/herberiedelatille.fr\/blog\/identification-des-plantes\/comment-creer-un-herbier-seche-techniques-et-utilisations-pour-preserver-les-plantes\/#primaryimage","url":"https:\/\/herberiedelatille.fr\/blog\/wp-content\/uploads\/2026\/05\/sdxl-225fbc50caa73f88cafecb4e4d533406-scaled.png","contentUrl":"https:\/\/herberiedelatille.fr\/blog\/wp-content\/uploads\/2026\/05\/sdxl-225fbc50caa73f88cafecb4e4d533406-scaled.png","width":1200,"height":500},{"@type":"WebSite","@id":"https:\/\/herberiedelatille.fr\/blog\/#website","url":"https:\/\/herberiedelatille.fr\/blog\/","name":"Herberie de la Tille","description":"Le m\u00e9dia de la botanique pratique \u2014 plantes, herboristerie, identification","publisher":{"@id":"https:\/\/herberiedelatille.fr\/blog\/#organization"},"alternateName":"Herberie de la Tille","potentialAction":[{"@type":"SearchAction","target":{"@type":"EntryPoint","urlTemplate":"https:\/\/herberiedelatille.fr\/blog\/?s={search_term_string}"},"query-input":{"@type":"PropertyValueSpecification","valueRequired":true,"valueName":"search_term_string"}}],"inLanguage":"fr-FR"},{"@type":"Organization","@id":"https:\/\/herberiedelatille.fr\/blog\/#organization","name":"Herberie de la Tille","url":"https:\/\/herberiedelatille.fr\/blog\/","logo":{"@type":"ImageObject","inLanguage":"fr-FR","@id":"https:\/\/herberiedelatille.fr\/blog\/#\/schema\/logo\/image\/","url":"https:\/\/herberiedelatille.fr\/blog\/wp-content\/uploads\/2024\/12\/herberiedelatille.png","contentUrl":"https:\/\/herberiedelatille.fr\/blog\/wp-content\/uploads\/2024\/12\/herberiedelatille.png","width":500,"height":500,"caption":"Herberie de la Tille"},"image":{"@id":"https:\/\/herberiedelatille.fr\/blog\/#\/schema\/logo\/image\/"}},{"@type":"Person","@id":"https:\/\/herberiedelatille.fr\/blog\/#\/schema\/person\/3c864cdc320801e3db34b663e7e3f816","name":"Julien Prigent","image":{"@type":"ImageObject","inLanguage":"fr-FR","@id":"https:\/\/herberiedelatille.fr\/blog\/#\/schema\/person\/image\/","url":"https:\/\/herberiedelatille.fr\/blog\/wp-content\/uploads\/2026\/06\/persona_julien-p-96x96.jpg","contentUrl":"https:\/\/herberiedelatille.fr\/blog\/wp-content\/uploads\/2026\/06\/persona_julien-p-96x96.jpg","caption":"Julien Prigent"},"description":"Bricoleur et jardinier dans l'\u00e2me, j'\u00e9cris sur la maison et ses ext\u00e9rieurs avec les mains dans le cambouis plus que dans les th\u00e9ories. Mon terrain couvre tout l'habitat : le potager et le jardin au fil des saisons, mais aussi les petits travaux, la r\u00e9novation, le bricolage et les m\u00e9tiers du b\u00e2timent \u2014 toiture, isolation, menuiserie, serrurerie, ma\u00e7onnerie. J'aime expliquer un geste technique simplement, donner des fourchettes de prix r\u00e9alistes et les bons crit\u00e8res pour choisir un mat\u00e9riau ou un artisan. Je teste ce que je peux sur mes propres chantiers et au jardin avant d'en parler, je distingue la tradition de ce que confirme l'observation, et je pr\u00e9cise toujours le contexte \u2014 climat, type de sol, configuration du logement \u2014 parce qu'un m\u00eame conseil ne vaut pas partout. Mon but : rendre l'entretien et l'am\u00e9lioration de la maison accessibles, durables et \u00e9conomes.","sameAs":["https:\/\/julienprigent.fr\/"],"url":"https:\/\/herberiedelatille.fr\/blog\/auteur\/julien-p\/"}]}},"_links":{"self":[{"href":"https:\/\/herberiedelatille.fr\/blog\/wp-json\/wp\/v2\/posts\/7526","targetHints":{"allow":["GET"]}}],"collection":[{"href":"https:\/\/herberiedelatille.fr\/blog\/wp-json\/wp\/v2\/posts"}],"about":[{"href":"https:\/\/herberiedelatille.fr\/blog\/wp-json\/wp\/v2\/types\/post"}],"author":[{"embeddable":true,"href":"https:\/\/herberiedelatille.fr\/blog\/wp-json\/wp\/v2\/users\/34"}],"replies":[{"embeddable":true,"href":"https:\/\/herberiedelatille.fr\/blog\/wp-json\/wp\/v2\/comments?post=7526"}],"version-history":[{"count":1,"href":"https:\/\/herberiedelatille.fr\/blog\/wp-json\/wp\/v2\/posts\/7526\/revisions"}],"predecessor-version":[{"id":7566,"href":"https:\/\/herberiedelatille.fr\/blog\/wp-json\/wp\/v2\/posts\/7526\/revisions\/7566"}],"wp:featuredmedia":[{"embeddable":true,"href":"https:\/\/herberiedelatille.fr\/blog\/wp-json\/wp\/v2\/media\/7771"}],"wp:attachment":[{"href":"https:\/\/herberiedelatille.fr\/blog\/wp-json\/wp\/v2\/media?parent=7526"}],"wp:term":[{"taxonomy":"category","embeddable":true,"href":"https:\/\/herberiedelatille.fr\/blog\/wp-json\/wp\/v2\/categories?post=7526"},{"taxonomy":"post_tag","embeddable":true,"href":"https:\/\/herberiedelatille.fr\/blog\/wp-json\/wp\/v2\/tags?post=7526"}],"curies":[{"name":"wp","href":"https:\/\/api.w.org\/{rel}","templated":true}]}}