{"id":7571,"date":"2026-06-16T10:57:12","date_gmt":"2026-06-16T08:57:12","guid":{"rendered":"https:\/\/herberiedelatille.fr\/blog\/articles\/heure-de-coucher-soleil\/"},"modified":"2026-06-16T10:57:12","modified_gmt":"2026-06-16T08:57:12","slug":"heure-de-coucher-soleil","status":"publish","type":"post","link":"https:\/\/herberiedelatille.fr\/blog\/techniques-de-jardinage\/heure-de-coucher-soleil\/","title":{"rendered":"Heure Coucher Soleil : Calendrier Jardinage 2026"},"content":{"rendered":"<link rel=\"preconnect\" href=\"https:\/\/fonts.googleapis.com\">\n<link rel=\"preconnect\" href=\"https:\/\/fonts.gstatic.com\" crossorigin>\n<link href=\"https:\/\/fonts.googleapis.com\/css2?family=Fraunces:ital,opsz,wght@0,9..144,500;0,9..144,700;1,9..144,500&#038;family=Inter:wght@400;500;600;700&#038;family=JetBrains+Mono:wght@500;600&#038;display=swap\" rel=\"stylesheet\">\n<style>\n.hbl-sun{font-family:'Inter',system-ui,sans-serif;color:#2C3E2A;line-height:1.7;font-size:16.5px}\n.hbl-sun h2{font-family:'Fraunces',Georgia,serif;font-weight:700;font-size:30px;line-height:1.2;color:#1B3322;margin:42px 0 18px;letter-spacing:-0.01em}\n.hbl-sun h3{font-family:'Fraunces',Georgia,serif;font-weight:600;font-size:21px;color:#2C3E2A;margin:28px 0 12px;letter-spacing:-0.005em}\n.hbl-sun p{margin:0 0 16px}\n.hbl-sun strong{color:#1B3322;font-weight:600}\n.hbl-sun ul{margin:0 0 18px;padding-left:20px}\n.hbl-sun ul li{margin-bottom:8px}\n.hbl-lead{background:linear-gradient(135deg,#FFF8E7 0%,#FFEFCA 100%);border-left:4px solid #E8A33D;padding:22px 26px;border-radius:8px;margin:0 0 28px;font-size:17px;line-height:1.65;color:#3D2E16}\n.hbl-lead strong{color:#9C6712}\n.hbl-callout{background:#F4F9EE;border:1px solid #D4E5C0;border-radius:12px;padding:24px 26px;margin:28px 0}\n.hbl-callout-title{display:flex;align-items:center;gap:10px;font-family:'JetBrains Mono',monospace;font-size:12px;font-weight:600;letter-spacing:0.12em;color:#5A7A3D;text-transform:uppercase;margin-bottom:14px}\n.hbl-callout-title::before{content:\"\";width:24px;height:2px;background:#7BA84C}\n.hbl-callout ul{list-style:none;padding:0;margin:0;display:grid;grid-template-columns:repeat(auto-fit,minmax(220px,1fr));gap:12px}\n.hbl-callout ul li{background:#FFF;border-radius:8px;padding:12px 14px;border:1px solid #E5EFD7;font-size:14.5px;margin:0;display:flex;align-items:flex-start;gap:10px}\n.hbl-callout ul li::before{content:\"\u25cf\";color:#E8A33D;font-size:14px;margin-top:1px}\n.hbl-stats{display:grid;grid-template-columns:repeat(auto-fit,minmax(150px,1fr));gap:16px;margin:28px 0}\n.hbl-stat{background:#FFF;border:1px solid #E5EFD7;border-radius:10px;padding:18px 16px;text-align:center}\n.hbl-stat-num{font-family:'Fraunces',serif;font-weight:700;font-size:32px;color:#9C6712;line-height:1;letter-spacing:-0.02em}\n.hbl-stat-label{font-family:'JetBrains Mono',monospace;font-size:11px;color:#5A7A3D;text-transform:uppercase;letter-spacing:0.08em;margin-top:8px}\n.hbl-table-wrap{margin:24px 0;border-radius:12px;overflow:hidden;border:1px solid #D4E5C0;box-shadow:0 2px 6px rgba(27,51,34,0.04)}\n.hbl-sun table.kwdbank-table{width:100%;border-collapse:collapse;font-size:15px;background:#FFF;margin:0}\n.hbl-sun table.kwdbank-table thead{background:linear-gradient(135deg,#1B3322 0%,#2C4A30 100%)}\n.hbl-sun table.kwdbank-table thead th{color:#FFF;font-family:'JetBrains Mono',monospace;font-weight:600;text-transform:uppercase;letter-spacing:0.08em;font-size:12px;padding:14px 18px;text-align:left}\n.hbl-sun table.kwdbank-table tbody td{padding:12px 18px;border-bottom:1px solid #EFF4E7}\n.hbl-sun table.kwdbank-table tbody tr:nth-child(odd) td{background:#FAFCF6}\n.hbl-sun table.kwdbank-table tbody td:last-child{font-family:'JetBrains Mono',monospace;color:#9C6712;font-weight:600;letter-spacing:0.04em}\n.hbl-sun table.kwdbank-table tbody tr:last-child td{border-bottom:none}\n.hbl-cards{display:grid;grid-template-columns:repeat(auto-fit,minmax(260px,1fr));gap:18px;margin:24px 0}\n.hbl-card{background:#FFF;border:1px solid #E5EFD7;border-radius:12px;padding:22px;position:relative;overflow:hidden}\n.hbl-card-tag{display:inline-block;font-family:'JetBrains Mono',monospace;font-size:11px;font-weight:600;letter-spacing:0.1em;text-transform:uppercase;background:#FFF8E7;color:#9C6712;padding:4px 10px;border-radius:99px;margin-bottom:12px}\n.hbl-card h3{margin-top:0;font-size:19px}\n.hbl-card p{font-size:15px;margin-bottom:0;color:#3F543D}\n.hbl-redflag{background:#FFF4ED;border:1px solid #F4C9A6;border-left:4px solid #D9622F;border-radius:10px;padding:22px 26px;margin:24px 0}\n.hbl-redflag-title{font-family:'JetBrains Mono',monospace;font-size:12px;font-weight:600;letter-spacing:0.12em;color:#9C3F0F;text-transform:uppercase;margin-bottom:12px;display:flex;align-items:center;gap:10px}\n.hbl-redflag-title::before{content:\"\u26a0\";font-size:16px}\n.hbl-redflag ul{margin:0;padding-left:18px}\n.hbl-redflag li{margin-bottom:6px;color:#5C2E14;font-size:15px}\n.hbl-seasons{display:grid;grid-template-columns:repeat(auto-fit,minmax(260px,1fr));gap:18px;margin:24px 0}\n.hbl-season{background:linear-gradient(180deg,#F4F9EE 0%,#FFF 100%);border:1px solid #D4E5C0;border-radius:12px;padding:24px}\n.hbl-season-icon{font-family:'JetBrains Mono',monospace;font-size:11px;letter-spacing:0.1em;text-transform:uppercase;color:#9C6712;margin-bottom:8px}\n.hbl-season h3{margin-top:0;font-size:20px;color:#1B3322}\n.hbl-pull{font-family:'Fraunces',Georgia,serif;font-style:italic;font-size:22px;line-height:1.45;color:#1B3322;border-left:3px solid #E8A33D;padding:8px 0 8px 22px;margin:28px 0;letter-spacing:-0.005em}\n.hbl-tools{background:#1B3322;color:#E5EFD7;border-radius:12px;padding:24px 26px;margin:24px 0}\n.hbl-tools h2{color:#FFF;margin-top:0;font-size:24px}\n.hbl-tools strong{color:#FFD988}\n.hbl-tools p{margin-bottom:0;color:#D8E3CC;font-size:15.5px}\n.hbl-faq{margin:24px 0}\n.hbl-faq details{background:#FFF;border:1px solid #E5EFD7;border-radius:10px;margin-bottom:10px;overflow:hidden;transition:box-shadow .2s}\n.hbl-faq details[open]{box-shadow:0 2px 8px rgba(27,51,34,0.06)}\n.hbl-faq summary{font-family:'Fraunces',Georgia,serif;font-weight:600;font-size:17px;color:#1B3322;padding:16px 22px;cursor:pointer;list-style:none;display:flex;justify-content:space-between;align-items:center;gap:14px}\n.hbl-faq summary::-webkit-details-marker{display:none}\n.hbl-faq summary::after{content:\"+\";font-family:'JetBrains Mono',monospace;font-size:22px;color:#9C6712;font-weight:400;transition:transform .2s}\n.hbl-faq details[open] summary::after{content:\"\u2212\"}\n.hbl-faq details > p{padding:0 22px 18px;margin:0;color:#3F543D;font-size:15px}\n.hbl-keep{background:linear-gradient(135deg,#1B3322 0%,#2C4A30 100%);color:#FFF;border-radius:12px;padding:26px 28px;margin:32px 0 18px}\n.hbl-keep-title{font-family:'JetBrains Mono',monospace;font-size:12px;letter-spacing:0.14em;text-transform:uppercase;color:#FFD988;margin-bottom:14px;display:flex;align-items:center;gap:10px}\n.hbl-keep-title::before{content:\"\";width:20px;height:2px;background:#FFD988}\n.hbl-keep ul{margin:0;padding-left:0;list-style:none}\n.hbl-keep ul li{padding:8px 0 8px 28px;position:relative;font-size:15.5px;color:#E5EFD7;border-bottom:1px solid rgba(255,255,255,0.08)}\n.hbl-keep ul li:last-child{border-bottom:none}\n.hbl-keep ul li::before{content:\"\u2713\";position:absolute;left:0;top:8px;color:#FFD988;font-weight:700;font-family:'JetBrains Mono',monospace}\n\/*RENDERFIX2*\/.hbl-sun table.kwdbank-table thead{color:#eef3f9!important}.hbl-sun table.kwdbank-table thead p,.hbl-sun table.kwdbank-table thead li,.hbl-sun table.kwdbank-table thead strong,.hbl-sun table.kwdbank-table thead em,.hbl-sun table.kwdbank-table thead a,.hbl-sun table.kwdbank-table thead span,.hbl-sun table.kwdbank-table thead b,.hbl-sun table.kwdbank-table thead td,.hbl-sun table.kwdbank-table thead th,.hbl-sun table.kwdbank-table thead h2,.hbl-sun table.kwdbank-table thead h3,.hbl-sun table.kwdbank-table thead h4{color:#eef3f9!important}.hbl-sun table.kwdbank-table thead strong,.hbl-sun table.kwdbank-table thead b{color:#ffffff!important}.hbl-tools{color:#eef3f9!important}.hbl-tools p,.hbl-tools li,.hbl-tools strong,.hbl-tools em,.hbl-tools a,.hbl-tools span,.hbl-tools b,.hbl-tools td,.hbl-tools th,.hbl-tools h2,.hbl-tools h3,.hbl-tools h4{color:#eef3f9!important}.hbl-tools strong,.hbl-tools b{color:#ffffff!important}.hbl-keep{color:#eef3f9!important}.hbl-keep p,.hbl-keep li,.hbl-keep strong,.hbl-keep em,.hbl-keep a,.hbl-keep span,.hbl-keep b,.hbl-keep td,.hbl-keep th,.hbl-keep h2,.hbl-keep h3,.hbl-keep h4{color:#eef3f9!important}.hbl-keep strong,.hbl-keep b{color:#ffffff!important}<\/style>\n<div class=\"hbl-sun\">\n<div class=\"hbl-lead\">\n<strong>L&rsquo;essentiel en 30 secondes \u2014<\/strong> En 2026, conna\u00eetre pr\u00e9cis\u00e9ment l&rsquo;heure du coucher de soleil transforme votre rythme de jardinage : photop\u00e9riode des plantes, fen\u00eatre d&rsquo;arrosage id\u00e9ale et timing de r\u00e9colte avant l&rsquo;humidit\u00e9 nocturne. Ce guide pratique vous livre le calendrier mensuel France m\u00e9tropolitaine, les pi\u00e8ges \u00e0 \u00e9viter selon votre exposition, et les bons outils pour caler vos travaux au quart d&rsquo;heure pr\u00e8s.\n<\/div>\n<h2>Pourquoi l&rsquo;heure de coucher du soleil structure vos travaux de jardin<\/h2>\n<p>L&rsquo;heure \u00e0 laquelle le soleil dispara\u00eet sous l&rsquo;horizon n&rsquo;a rien d&rsquo;anecdotique pour le jardinier. Elle conditionne directement la <strong>photop\u00e9riode<\/strong> \u2014 c&rsquo;est-\u00e0-dire la dur\u00e9e totale d&rsquo;exposition \u00e0 la lumi\u00e8re \u2014 qui pilote la floraison, la mont\u00e9e \u00e0 graines et la maturation des fruits. Une tomate sous-\u00e9clair\u00e9e m\u00fbrira mal, une laitue trop expos\u00e9e filera en graines. Au-del\u00e0 des v\u00e9g\u00e9taux, c&rsquo;est aussi votre <strong>fen\u00eatre d&rsquo;intervention<\/strong> qui se r\u00e9tr\u00e9cit ou s&rsquo;\u00e9largit selon les saisons.<\/p>\n<ul>\n<li><strong>Photop\u00e9riode<\/strong> : la dur\u00e9e d&rsquo;exposition \u00e0 la lumi\u00e8re affecte la croissance des plantes, leur floraison et leur r\u00e9sistance.<\/li>\n<li><strong>Conditions climatiques<\/strong> : les temp\u00e9ratures nocturnes peuvent varier de 8 \u00e0 15\u00b0C en quelques heures apr\u00e8s le coucher, impactant la sant\u00e9 des plantes sensibles.<\/li>\n<li><strong>Planification des activit\u00e9s<\/strong> : savoir quand il fait sombre aide \u00e0 mieux organiser vos travaux au jardin, depuis le semis du matin jusqu&rsquo;aux derniers arrosages du soir.<\/li>\n<li><strong>Ros\u00e9e et humidit\u00e9<\/strong> : la condensation nocturne s&rsquo;installe environ 30 minutes apr\u00e8s le coucher du soleil \u2014 c&rsquo;est le moment de rentrer outils et fruits r\u00e9colt\u00e9s.<\/li>\n<\/ul>\n<div class=\"hbl-callout\">\n<div class=\"hbl-callout-title\">\u00c0 retenir \u2014 Le tempo solaire 2026<\/div>\n<ul>\n<li><strong>3h30<\/strong> d&rsquo;\u00e9cart entre le coucher de janvier (17:30) et celui de juin (21:00)<\/li>\n<li><strong>30 min<\/strong> de ros\u00e9e nocturne apr\u00e8s la disparition du soleil<\/li>\n<li><strong>4 saisons<\/strong> = 4 strat\u00e9gies de jardinage distinctes<\/li>\n<li><strong>\u00b1 20 min<\/strong> de variation locale selon votre d\u00e9partement<\/li>\n<\/ul>\n<\/div>\n<h2>Calendrier 2026 : heures de coucher du soleil mois par mois<\/h2>\n<p>Voici un <strong>tableau r\u00e9capitulatif<\/strong> des heures de coucher du soleil pour chaque mois en France (heure locale moyenne, milieu de mois) :<\/p>\n<div class=\"hbl-table-wrap\">\n<table class=\"kwdbank-table\">\n<thead>\n<tr>\n<th>Mois<\/th>\n<th>Heure Coucher Soleil<\/th>\n<\/tr>\n<\/thead>\n<tbody>\n<tr>\n<td>Janvier<\/td>\n<td>17:30<\/td>\n<\/tr>\n<tr>\n<td>F\u00e9vrier<\/td>\n<td>17:50<\/td>\n<\/tr>\n<tr>\n<td>Mars<\/td>\n<td>18:10<\/td>\n<\/tr>\n<tr>\n<td>Avril<\/td>\n<td>20:00<\/td>\n<\/tr>\n<tr>\n<td>Mai<\/td>\n<td>20:30<\/td>\n<\/tr>\n<tr>\n<td>Juin<\/td>\n<td>21:00<\/td>\n<\/tr>\n<tr>\n<td>Juillet<\/td>\n<td>21:00<\/td>\n<\/tr>\n<tr>\n<td>Ao\u00fbt<\/td>\n<td>20:30<\/td>\n<\/tr>\n<tr>\n<td>Septembre<\/td>\n<td>19:45<\/td>\n<\/tr>\n<tr>\n<td>Octobre<\/td>\n<td>18:30<\/td>\n<\/tr>\n<tr>\n<td>Novembre<\/td>\n<td>17:15<\/td>\n<\/tr>\n<tr>\n<td>D\u00e9cembre<\/td>\n<td>17:30<\/td>\n<\/tr>\n<\/tbody>\n<\/table>\n<\/div>\n<p>Ces horaires peuvent l\u00e9g\u00e8rement varier selon votre localisation pr\u00e9cise en France. Un jardin \u00e0 <strong>Brest<\/strong> profite de 15 \u00e0 20 minutes de jour suppl\u00e9mentaires en \u00e9t\u00e9 par rapport \u00e0 <strong>Strasbourg<\/strong>, tandis que la <strong>C\u00f4te d&rsquo;Azur<\/strong> b\u00e9n\u00e9ficie de couchers plus tardifs en hiver. Le passage \u00e0 l&rsquo;heure d&rsquo;\u00e9t\u00e9 (dernier dimanche de mars) et le retour \u00e0 l&rsquo;heure d&rsquo;hiver (dernier dimanche d&rsquo;octobre) expliquent les sauts brutaux entre mars\/avril et octobre\/novembre.<\/p>\n<div class=\"hbl-stats\">\n<div class=\"hbl-stat\">\n<div class=\"hbl-stat-num\">21:00<\/div>\n<div class=\"hbl-stat-label\">Pic d&rsquo;\u00e9t\u00e9 \u2014 juin<\/div>\n<\/div>\n<div class=\"hbl-stat\">\n<div class=\"hbl-stat-num\">17:15<\/div>\n<div class=\"hbl-stat-label\">Creux d&rsquo;hiver \u2014 novembre<\/div>\n<\/div>\n<div class=\"hbl-stat\">\n<div class=\"hbl-stat-num\">3h45<\/div>\n<div class=\"hbl-stat-label\">Amplitude annuelle<\/div>\n<\/div>\n<div class=\"hbl-stat\">\n<div class=\"hbl-stat-num\">\u00b120&prime;<\/div>\n<div class=\"hbl-stat-label\">Variation r\u00e9gionale<\/div>\n<\/div>\n<\/div>\n<h2>Exemples pratiques d&rsquo;utilisation des heures de coucher<\/h2>\n<h3>Exemple 1 : Planter des l\u00e9gumes<\/h3>\n<p>Si vous souhaitez planter des tomates, il est conseill\u00e9 de le faire apr\u00e8s une journ\u00e9e d&rsquo;ensoleillement. Par exemple, si vous plantez le 15 mai \u00e0 20h00 (heure de coucher), assurez-vous que vos plants aient eu suffisamment de lumi\u00e8re durant la journ\u00e9e. Id\u00e9alement, mettez vos jeunes plants en terre en <strong>fin d&rsquo;apr\u00e8s-midi<\/strong>, deux \u00e0 trois heures avant le coucher : la fra\u00eecheur naissante limite le stress hydrique et la nuit suivante permet aux racines de s&rsquo;installer sans le coup de chaud du plein soleil. Cette logique s&rsquo;applique aussi aux courgettes, aubergines et poivrons.<\/p>\n<h3>Exemple 2 : R\u00e9colte des fruits<\/h3>\n<p>Pour r\u00e9colter des fruits comme les pommes, il est pr\u00e9f\u00e9rable de le faire dans l&rsquo;apr\u00e8s-midi avant le coucher du soleil. Si le soleil se couche \u00e0 19h45 en septembre, planifiez votre r\u00e9colte pour finir avant cette heure afin d&rsquo;\u00e9viter les risques li\u00e9s \u00e0 l&rsquo;humidit\u00e9 nocturne. Une pomme cueillie apr\u00e8s la ros\u00e9e se conserve <strong>2 \u00e0 3 semaines de moins<\/strong> qu&rsquo;un fruit r\u00e9colt\u00e9 en milieu d&rsquo;apr\u00e8s-midi. Cette r\u00e8gle vaut \u00e9galement pour les poires, les coings et tous les fruits destin\u00e9s \u00e0 un stockage long en cave.<\/p>\n<h3>Exemple 3 : Arrosage de pr\u00e9cision<\/h3>\n<p>L&rsquo;arrosage du soir, juste avant ou peu apr\u00e8s le coucher du soleil, permet \u00e0 l&rsquo;eau de p\u00e9n\u00e9trer profond\u00e9ment sans s&rsquo;\u00e9vaporer. En juin, un arrosage d\u00e9clench\u00e9 vers <strong>20h30<\/strong> trouve son \u00e9quilibre parfait : sol encore ti\u00e8de, \u00e9vaporation minimale, racines hydrat\u00e9es pour la nuit. \u00c0 l&rsquo;inverse, arroser apr\u00e8s 22h favorise les maladies fongiques (o\u00efdium, mildiou) sur les feuillages rest\u00e9s mouill\u00e9s.<\/p>\n<div class=\"hbl-pull\">\u00ab Le coucher du soleil n&rsquo;est pas une fin de journ\u00e9e pour le jardinier \u2014 c&rsquo;est un signal biologique pour la moiti\u00e9 du vivant qui vous entoure. \u00bb<\/div>\n<h2>Erreurs courantes \u00e0 \u00e9viter<\/h2>\n<div class=\"hbl-redflag\">\n<div class=\"hbl-redflag-title\">Drapeaux rouges \u2014 Les pi\u00e8ges du calendrier th\u00e9orique<\/div>\n<ul>\n<li>Ignorer les <strong>ombres port\u00e9es<\/strong> par les b\u00e2timents voisins ou les grands arbres<\/li>\n<li>Confondre coucher officiel et coucher \u00ab r\u00e9el \u00bb au sol (diff\u00e9rence de 20 \u00e0 40 min)<\/li>\n<li>Sous-estimer l&rsquo;impact d&rsquo;un mur orient\u00e9 nord sur la photop\u00e9riode locale<\/li>\n<li>Oublier la <strong>vapeur d&rsquo;eau matinale<\/strong> qui prolonge l&rsquo;effet d&rsquo;humidit\u00e9 nocturne<\/li>\n<\/ul>\n<\/div>\n<p>Un pi\u00e8ge fr\u00e9quent est de n\u00e9gliger l&rsquo;impact des ombres projet\u00e9es par les structures environnantes. Par exemple, si votre jardin est situ\u00e9 pr\u00e8s d&rsquo;un b\u00e2timent ou d&rsquo;arbres, cela peut r\u00e9duire la quantit\u00e9 de lumi\u00e8re que certaines zones re\u00e7oivent avant le coucher du soleil. Il est donc crucial d&rsquo;\u00e9valuer votre espace avant d&rsquo;\u00e9tablir un calendrier de jardinage bas\u00e9 sur ces heures. Une parcelle ombrag\u00e9e par un mur \u00e0 l&rsquo;ouest peut perdre <strong>1h30 \u00e0 2h<\/strong> de lumi\u00e8re effective par rapport \u00e0 l&rsquo;heure officielle de coucher \u2014 un \u00e9cart qui change radicalement le choix des vari\u00e9t\u00e9s \u00e0 y planter.<\/p>\n<h2>Comment ajuster vos activit\u00e9s selon les saisons<\/h2>\n<div class=\"hbl-seasons\">\n<div class=\"hbl-season\">\n<div class=\"hbl-season-icon\">\u2014 Saisons longues<\/div>\n<h3>Printemps et \u00e9t\u00e9<\/h3>\n<p>En raison des journ\u00e9es plus longues, planifiez vos activit\u00e9s au jardin durant ces p\u00e9riodes. Profitez des heures suppl\u00e9mentaires de lumi\u00e8re pour semer et entretenir vos cultures. C&rsquo;est le moment id\u00e9al pour le <strong>repiquage des plants<\/strong> en fin d&rsquo;apr\u00e8s-midi, la taille de formation des arbres fruitiers et les arrosages tardifs qui exploitent la fra\u00eecheur du soir.<\/p>\n<\/div>\n<div class=\"hbl-season\">\n<div class=\"hbl-season-icon\">\u2014 Saisons courtes<\/div>\n<h3>Automne et hiver<\/h3>\n<p>Avec les journ\u00e9es plus courtes, concentrez-vous sur les t\u00e2ches n\u00e9cessitant moins de lumi\u00e8re, comme le d\u00e9sherbage ou la pr\u00e9paration du sol pour l&rsquo;hiver. C&rsquo;est aussi la p\u00e9riode pour <strong>prot\u00e9ger les cultures sensibles<\/strong> avec voiles d&rsquo;hivernage avant la ros\u00e9e du soir, et planifier le compostage des feuilles mortes pendant les heures encore claires.<\/p>\n<\/div>\n<\/div>\n<div class=\"hbl-tools\">\n<h2>Outils pour suivre l&rsquo;heure du coucher du soleil<\/h2>\n<p>Utiliser une application mobile ou un site web d\u00e9di\u00e9 peut faciliter le suivi des heures exactes dans votre r\u00e9gion. Des outils comme <strong>SunCalc<\/strong> ou <strong>Time and Date<\/strong> permettent d&rsquo;obtenir rapidement cette information avec pr\u00e9cision. Ces services int\u00e8grent votre g\u00e9olocalisation, la topographie locale (collines, vall\u00e9es) et m\u00eame l&rsquo;angle d&rsquo;inclinaison solaire \u2014 utile pour anticiper l&rsquo;ombrage saisonnier de votre potager au quart d&rsquo;heure pr\u00e8s.<\/p>\n<\/div>\n<h2>FAQ \u2014 Vos questions sur l&rsquo;heure de coucher en jardinage<\/h2>\n<div class=\"hbl-faq\">\n<details>\n<summary>Qu&rsquo;est-ce que l&rsquo;heure du coucher du soleil ?<\/summary>\n<p>L&rsquo;heure du coucher du soleil correspond au moment o\u00f9 le bord sup\u00e9rieur du disque solaire dispara\u00eet sous l&rsquo;horizon. C&rsquo;est une donn\u00e9e astronomique pr\u00e9cise, calcul\u00e9e pour chaque coordonn\u00e9e g\u00e9ographique, qui sert de r\u00e9f\u00e9rence \u00e0 tous les calendriers de jardinage et services m\u00e9t\u00e9o.<\/p>\n<\/details>\n<details>\n<summary>Comment calculer l&rsquo;heure exacte dans ma r\u00e9gion ?<\/summary>\n<p>Vous pouvez utiliser des sites web ou applications d\u00e9di\u00e9es qui prennent en compte votre localisation g\u00e9ographique. Pour une pr\u00e9cision optimale, indiquez votre commune (pas seulement votre d\u00e9partement), car un \u00e9cart de 100 km en longitude repr\u00e9sente jusqu&rsquo;\u00e0 8 minutes d&rsquo;amplitude.<\/p>\n<\/details>\n<details>\n<summary>Pourquoi est-il important de conna\u00eetre l&rsquo;heure du coucher pour jardiner ?<\/summary>\n<p>Cela permet d&rsquo;optimiser vos t\u00e2ches au jardin en s&rsquo;assurant que vos plantes re\u00e7oivent assez de lumi\u00e8re et en \u00e9vitant les risques dus \u00e0 une humidit\u00e9 excessive pendant la nuit. C&rsquo;est aussi un rep\u00e8re pr\u00e9cieux pour planifier vos arrosages, vos r\u00e9coltes et vos travaux de plantation au bon moment de la journ\u00e9e.<\/p>\n<\/details>\n<details>\n<summary>Les heures changent-elles beaucoup selon les saisons ?<\/summary>\n<p>Oui, elles varient consid\u00e9rablement avec les saisons ; par exemple, le jour peut durer jusqu&rsquo;\u00e0 deux heures plus longtemps en \u00e9t\u00e9 qu&rsquo;en hiver. L&rsquo;\u00e9cart total entre le coucher le plus pr\u00e9coce (novembre, 17:15) et le plus tardif (juin\/juillet, 21:00) atteint 3h45 sur l&rsquo;ann\u00e9e.<\/p>\n<\/details>\n<details>\n<summary>Quels sont les effets sur mes plantes si je ne respecte pas ces horaires ?<\/summary>\n<p>Un manque d&rsquo;exposition \u00e0 la lumi\u00e8re peut ralentir leur croissance et nuire \u00e0 leur sant\u00e9 globale. Les sympt\u00f4mes typiques d&rsquo;un d\u00e9faut de photop\u00e9riode incluent un \u00e9tiolement (tiges allong\u00e9es et p\u00e2les), une floraison retard\u00e9e, une faible production de fruits et une plus grande vuln\u00e9rabilit\u00e9 aux maladies cryptogamiques.<\/p>\n<\/details>\n<details>\n<summary>O\u00f9 puis-je trouver un calendrier d\u00e9taill\u00e9 pour ma r\u00e9gion ?<\/summary>\n<p>De nombreux sites sp\u00e9cialis\u00e9s dans l&rsquo;astronomie ou le jardinage offrent des calendriers personnalis\u00e9s bas\u00e9s sur votre localisation. Les \u00e9ph\u00e9m\u00e9rides agricoles publi\u00e9es par les services r\u00e9gionaux et les outils en ligne g\u00e9olocalis\u00e9s fournissent les horaires pr\u00e9cis avec une mise \u00e0 jour quotidienne.<\/p>\n<\/details>\n<details>\n<summary>Faut-il arroser avant ou apr\u00e8s le coucher du soleil ?<\/summary>\n<p>L&rsquo;arrosage id\u00e9al se fait <strong>30 \u00e0 60 minutes avant<\/strong> le coucher : le sol est encore chaud (l&rsquo;eau p\u00e9n\u00e8tre mieux), l&rsquo;\u00e9vaporation est minimale et le feuillage a le temps de s\u00e9cher avant la ros\u00e9e nocturne \u2014 ce qui limite fortement les maladies fongiques.<\/p>\n<\/details>\n<details>\n<summary>L&rsquo;heure de coucher influence-t-elle vraiment la floraison ?<\/summary>\n<p>Oui \u2014 chez les plantes dites \u00ab de jour long \u00bb (laitues, \u00e9pinards, oignons), la floraison se d\u00e9clenche quand la dur\u00e9e du jour d\u00e9passe un seuil. \u00c0 l&rsquo;inverse, les chrysanth\u00e8mes ou les poinsettias fleurissent quand les nuits s&rsquo;allongent. Suivre l&rsquo;heure de coucher revient \u00e0 anticiper ces signaux biologiques.<\/p>\n<\/details>\n<\/div>\n<div class=\"hbl-keep\">\n<div class=\"hbl-keep-title\">\u00c0 retenir avant de fermer ce guide<\/div>\n<ul>\n<li>Le coucher du soleil en France m\u00e9tropolitaine oscille entre <strong>17:15 (novembre)<\/strong> et <strong>21:00 (juin-juillet)<\/strong><\/li>\n<li>Pr\u00e9f\u00e9rez les <strong>plantations et arrosages<\/strong> dans les deux heures pr\u00e9c\u00e9dant le coucher pour limiter le stress hydrique<\/li>\n<li>R\u00e9coltez les fruits <strong>avant 19:45 en septembre<\/strong> pour pr\u00e9server leur conservation<\/li>\n<li>Adaptez votre calendrier \u00e0 votre <strong>microclimat local<\/strong> (ombres, exposition, latitude) \u2014 l&rsquo;heure officielle n&rsquo;est qu&rsquo;un point de d\u00e9part<\/li>\n<li>Des outils comme <strong>SunCalc<\/strong> ou <strong>Time and Date<\/strong> affinent l&rsquo;horaire \u00e0 la minute pr\u00e8s pour votre commune<\/li>\n<\/ul>\n<\/div>\n<\/div>\n<hr>\n<div class=\"articles-lies\">\n<h3>\u00c0 lire aussi<\/h3>\n<ul>\n<li><a href=\"https:\/\/herberiedelatille.fr\/blog\/techniques-de-jardinage\/calendrier-des-lune\/\">Calendrier Lunaire 2026 : Guide Jardinage Complet<\/a><\/li>\n<li><a href=\"https:\/\/herberiedelatille.fr\/blog\/techniques-de-jardinage\/heure-du-lever-et-du-coucher-du-soleil\/\">Heure Lever Coucher Soleil : Guide Jardinage<\/a><\/li>\n<li><a href=\"https:\/\/herberiedelatille.fr\/blog\/techniques-de-jardinage\/terreau\/\">Terreau : Meilleur choix plantes 2026<\/a><\/li>\n<li><a href=\"https:\/\/herberiedelatille.fr\/blog\/conservation-et-biodiversite\/les-plantes-medicinales-definition-vertus-et-conseils-de-culture\/\">Les plantes m\u00e9dicinales : d\u00e9finition, vertus et conseils de culture<\/a><\/li>\n<\/ul>\n<\/div>\n","protected":false},"excerpt":{"rendered":"","protected":false},"author":34,"featured_media":7846,"comment_status":"open","ping_status":"open","sticky":false,"template":"","format":"standard","meta":{"_acf_changed":false,"manual_indexmenow":false,"indexmenow_id_project":0,"footnotes":""},"categories":[4521],"tags":[],"class_list":["post-7571","post","type-post","status-publish","format-standard","has-post-thumbnail","hentry","category-techniques-de-jardinage","generate-columns","tablet-grid-50","mobile-grid-100","grid-parent","grid-25"],"acf":[],"yoast_head":"<!-- This site is optimized with the Yoast SEO Premium plugin v21.3 (Yoast SEO v25.6) - https:\/\/yoast.com\/wordpress\/plugins\/seo\/ -->\n<title>Heure Coucher Soleil : Calendrier Jardinage 2026<\/title>\n<meta name=\"description\" content=\"Conna\u00eetre l&#039;heure du coucher de soleil est essentiel pour les jardiniers souhaitant optimiser leurs activit\u00e9s en ext\u00e9rieur.\" \/>\n<meta name=\"robots\" content=\"index, follow, max-snippet:-1, max-image-preview:large, max-video-preview:-1\" \/>\n<link rel=\"canonical\" href=\"https:\/\/herberiedelatille.fr\/blog\/techniques-de-jardinage\/heure-de-coucher-soleil\/\" \/>\n<meta property=\"og:locale\" content=\"fr_FR\" \/>\n<meta property=\"og:type\" content=\"article\" \/>\n<meta property=\"og:title\" content=\"Heure Coucher Soleil : Calendrier Jardinage 2026\" \/>\n<meta property=\"og:description\" content=\"Conna\u00eetre l&#039;heure du coucher de soleil est essentiel pour les jardiniers souhaitant optimiser leurs activit\u00e9s en ext\u00e9rieur.\" \/>\n<meta property=\"og:url\" content=\"https:\/\/herberiedelatille.fr\/blog\/techniques-de-jardinage\/heure-de-coucher-soleil\/\" \/>\n<meta property=\"og:site_name\" content=\"Herberie de la Tille\" \/>\n<meta property=\"og:image\" content=\"https:\/\/herberiedelatille.fr\/blog\/wp-content\/uploads\/2026\/06\/sdxl-e4a2a46954b23e44b145186ef969b4f8-scaled.png\" \/>\n\t<meta property=\"og:image:width\" content=\"1200\" \/>\n\t<meta property=\"og:image:height\" content=\"500\" \/>\n\t<meta property=\"og:image:type\" content=\"image\/png\" \/>\n<meta name=\"author\" content=\"Julien Prigent\" \/>\n<meta name=\"twitter:card\" content=\"summary_large_image\" \/>\n<script type=\"application\/ld+json\" class=\"yoast-schema-graph\">{\"@context\":\"https:\/\/schema.org\",\"@graph\":[{\"@type\":\"NewsArticle\",\"@id\":\"https:\/\/herberiedelatille.fr\/blog\/techniques-de-jardinage\/heure-de-coucher-soleil\/#article\",\"isPartOf\":{\"@id\":\"https:\/\/herberiedelatille.fr\/blog\/techniques-de-jardinage\/heure-de-coucher-soleil\/\"},\"author\":{\"name\":\"Julien Prigent\",\"@id\":\"https:\/\/herberiedelatille.fr\/blog\/#\/schema\/person\/3c864cdc320801e3db34b663e7e3f816\"},\"headline\":\"Heure Coucher Soleil : Calendrier Jardinage 2026\",\"datePublished\":\"2026-06-16T08:57:12+00:00\",\"mainEntityOfPage\":{\"@id\":\"https:\/\/herberiedelatille.fr\/blog\/techniques-de-jardinage\/heure-de-coucher-soleil\/\"},\"wordCount\":1796,\"commentCount\":0,\"publisher\":{\"@id\":\"https:\/\/herberiedelatille.fr\/blog\/#organization\"},\"image\":{\"@id\":\"https:\/\/herberiedelatille.fr\/blog\/techniques-de-jardinage\/heure-de-coucher-soleil\/#primaryimage\"},\"thumbnailUrl\":\"https:\/\/herberiedelatille.fr\/blog\/wp-content\/uploads\/2026\/06\/sdxl-e4a2a46954b23e44b145186ef969b4f8-scaled.png\",\"articleSection\":[\"Techniques de Jardinage\"],\"inLanguage\":\"fr-FR\",\"potentialAction\":[{\"@type\":\"CommentAction\",\"name\":\"Comment\",\"target\":[\"https:\/\/herberiedelatille.fr\/blog\/techniques-de-jardinage\/heure-de-coucher-soleil\/#respond\"]}]},{\"@type\":\"WebPage\",\"@id\":\"https:\/\/herberiedelatille.fr\/blog\/techniques-de-jardinage\/heure-de-coucher-soleil\/\",\"url\":\"https:\/\/herberiedelatille.fr\/blog\/techniques-de-jardinage\/heure-de-coucher-soleil\/\",\"name\":\"Heure Coucher Soleil : Calendrier Jardinage 2026\",\"isPartOf\":{\"@id\":\"https:\/\/herberiedelatille.fr\/blog\/#website\"},\"primaryImageOfPage\":{\"@id\":\"https:\/\/herberiedelatille.fr\/blog\/techniques-de-jardinage\/heure-de-coucher-soleil\/#primaryimage\"},\"image\":{\"@id\":\"https:\/\/herberiedelatille.fr\/blog\/techniques-de-jardinage\/heure-de-coucher-soleil\/#primaryimage\"},\"thumbnailUrl\":\"https:\/\/herberiedelatille.fr\/blog\/wp-content\/uploads\/2026\/06\/sdxl-e4a2a46954b23e44b145186ef969b4f8-scaled.png\",\"datePublished\":\"2026-06-16T08:57:12+00:00\",\"description\":\"Conna\u00eetre l'heure du coucher de soleil est essentiel pour les jardiniers souhaitant optimiser leurs activit\u00e9s en ext\u00e9rieur.\",\"inLanguage\":\"fr-FR\",\"potentialAction\":[{\"@type\":\"ReadAction\",\"target\":[\"https:\/\/herberiedelatille.fr\/blog\/techniques-de-jardinage\/heure-de-coucher-soleil\/\"]}]},{\"@type\":\"ImageObject\",\"inLanguage\":\"fr-FR\",\"@id\":\"https:\/\/herberiedelatille.fr\/blog\/techniques-de-jardinage\/heure-de-coucher-soleil\/#primaryimage\",\"url\":\"https:\/\/herberiedelatille.fr\/blog\/wp-content\/uploads\/2026\/06\/sdxl-e4a2a46954b23e44b145186ef969b4f8-scaled.png\",\"contentUrl\":\"https:\/\/herberiedelatille.fr\/blog\/wp-content\/uploads\/2026\/06\/sdxl-e4a2a46954b23e44b145186ef969b4f8-scaled.png\",\"width\":1200,\"height\":500},{\"@type\":\"WebSite\",\"@id\":\"https:\/\/herberiedelatille.fr\/blog\/#website\",\"url\":\"https:\/\/herberiedelatille.fr\/blog\/\",\"name\":\"Herberie de la Tille\",\"description\":\"Le m\u00e9dia de la botanique pratique \u2014 plantes, herboristerie, identification\",\"publisher\":{\"@id\":\"https:\/\/herberiedelatille.fr\/blog\/#organization\"},\"alternateName\":\"Herberie de la Tille\",\"potentialAction\":[{\"@type\":\"SearchAction\",\"target\":{\"@type\":\"EntryPoint\",\"urlTemplate\":\"https:\/\/herberiedelatille.fr\/blog\/?s={search_term_string}\"},\"query-input\":{\"@type\":\"PropertyValueSpecification\",\"valueRequired\":true,\"valueName\":\"search_term_string\"}}],\"inLanguage\":\"fr-FR\"},{\"@type\":\"Organization\",\"@id\":\"https:\/\/herberiedelatille.fr\/blog\/#organization\",\"name\":\"Herberie de la Tille\",\"url\":\"https:\/\/herberiedelatille.fr\/blog\/\",\"logo\":{\"@type\":\"ImageObject\",\"inLanguage\":\"fr-FR\",\"@id\":\"https:\/\/herberiedelatille.fr\/blog\/#\/schema\/logo\/image\/\",\"url\":\"https:\/\/herberiedelatille.fr\/blog\/wp-content\/uploads\/2024\/12\/herberiedelatille.png\",\"contentUrl\":\"https:\/\/herberiedelatille.fr\/blog\/wp-content\/uploads\/2024\/12\/herberiedelatille.png\",\"width\":500,\"height\":500,\"caption\":\"Herberie de la Tille\"},\"image\":{\"@id\":\"https:\/\/herberiedelatille.fr\/blog\/#\/schema\/logo\/image\/\"}},{\"@type\":\"Person\",\"@id\":\"https:\/\/herberiedelatille.fr\/blog\/#\/schema\/person\/3c864cdc320801e3db34b663e7e3f816\",\"name\":\"Julien Prigent\",\"image\":{\"@type\":\"ImageObject\",\"inLanguage\":\"fr-FR\",\"@id\":\"https:\/\/herberiedelatille.fr\/blog\/#\/schema\/person\/image\/\",\"url\":\"https:\/\/herberiedelatille.fr\/blog\/wp-content\/uploads\/2026\/06\/persona_julien-p-96x96.jpg\",\"contentUrl\":\"https:\/\/herberiedelatille.fr\/blog\/wp-content\/uploads\/2026\/06\/persona_julien-p-96x96.jpg\",\"caption\":\"Julien Prigent\"},\"description\":\"Bricoleur et jardinier dans l'\u00e2me, j'\u00e9cris sur la maison et ses ext\u00e9rieurs avec les mains dans le cambouis plus que dans les th\u00e9ories. Mon terrain couvre tout l'habitat : le potager et le jardin au fil des saisons, mais aussi les petits travaux, la r\u00e9novation, le bricolage et les m\u00e9tiers du b\u00e2timent \u2014 toiture, isolation, menuiserie, serrurerie, ma\u00e7onnerie. J'aime expliquer un geste technique simplement, donner des fourchettes de prix r\u00e9alistes et les bons crit\u00e8res pour choisir un mat\u00e9riau ou un artisan. Je teste ce que je peux sur mes propres chantiers et au jardin avant d'en parler, je distingue la tradition de ce que confirme l'observation, et je pr\u00e9cise toujours le contexte \u2014 climat, type de sol, configuration du logement \u2014 parce qu'un m\u00eame conseil ne vaut pas partout. Mon but : rendre l'entretien et l'am\u00e9lioration de la maison accessibles, durables et \u00e9conomes.\",\"sameAs\":[\"https:\/\/julienprigent.fr\/\"],\"url\":\"https:\/\/herberiedelatille.fr\/blog\/auteur\/julien-p\/\"}]}<\/script>\n<!-- \/ Yoast SEO Premium plugin. -->","yoast_head_json":{"title":"Heure Coucher Soleil : Calendrier Jardinage 2026","description":"Conna\u00eetre l'heure du coucher de soleil est essentiel pour les jardiniers souhaitant optimiser leurs activit\u00e9s en ext\u00e9rieur.","robots":{"index":"index","follow":"follow","max-snippet":"max-snippet:-1","max-image-preview":"max-image-preview:large","max-video-preview":"max-video-preview:-1"},"canonical":"https:\/\/herberiedelatille.fr\/blog\/techniques-de-jardinage\/heure-de-coucher-soleil\/","og_locale":"fr_FR","og_type":"article","og_title":"Heure Coucher Soleil : Calendrier Jardinage 2026","og_description":"Conna\u00eetre l'heure du coucher de soleil est essentiel pour les jardiniers souhaitant optimiser leurs activit\u00e9s en ext\u00e9rieur.","og_url":"https:\/\/herberiedelatille.fr\/blog\/techniques-de-jardinage\/heure-de-coucher-soleil\/","og_site_name":"Herberie de la Tille","og_image":[{"width":1200,"height":500,"url":"https:\/\/herberiedelatille.fr\/blog\/wp-content\/uploads\/2026\/06\/sdxl-e4a2a46954b23e44b145186ef969b4f8-scaled.png","type":"image\/png"}],"author":"Julien Prigent","twitter_card":"summary_large_image","schema":{"@context":"https:\/\/schema.org","@graph":[{"@type":"NewsArticle","@id":"https:\/\/herberiedelatille.fr\/blog\/techniques-de-jardinage\/heure-de-coucher-soleil\/#article","isPartOf":{"@id":"https:\/\/herberiedelatille.fr\/blog\/techniques-de-jardinage\/heure-de-coucher-soleil\/"},"author":{"name":"Julien Prigent","@id":"https:\/\/herberiedelatille.fr\/blog\/#\/schema\/person\/3c864cdc320801e3db34b663e7e3f816"},"headline":"Heure Coucher Soleil : Calendrier Jardinage 2026","datePublished":"2026-06-16T08:57:12+00:00","mainEntityOfPage":{"@id":"https:\/\/herberiedelatille.fr\/blog\/techniques-de-jardinage\/heure-de-coucher-soleil\/"},"wordCount":1796,"commentCount":0,"publisher":{"@id":"https:\/\/herberiedelatille.fr\/blog\/#organization"},"image":{"@id":"https:\/\/herberiedelatille.fr\/blog\/techniques-de-jardinage\/heure-de-coucher-soleil\/#primaryimage"},"thumbnailUrl":"https:\/\/herberiedelatille.fr\/blog\/wp-content\/uploads\/2026\/06\/sdxl-e4a2a46954b23e44b145186ef969b4f8-scaled.png","articleSection":["Techniques de Jardinage"],"inLanguage":"fr-FR","potentialAction":[{"@type":"CommentAction","name":"Comment","target":["https:\/\/herberiedelatille.fr\/blog\/techniques-de-jardinage\/heure-de-coucher-soleil\/#respond"]}]},{"@type":"WebPage","@id":"https:\/\/herberiedelatille.fr\/blog\/techniques-de-jardinage\/heure-de-coucher-soleil\/","url":"https:\/\/herberiedelatille.fr\/blog\/techniques-de-jardinage\/heure-de-coucher-soleil\/","name":"Heure Coucher Soleil : Calendrier Jardinage 2026","isPartOf":{"@id":"https:\/\/herberiedelatille.fr\/blog\/#website"},"primaryImageOfPage":{"@id":"https:\/\/herberiedelatille.fr\/blog\/techniques-de-jardinage\/heure-de-coucher-soleil\/#primaryimage"},"image":{"@id":"https:\/\/herberiedelatille.fr\/blog\/techniques-de-jardinage\/heure-de-coucher-soleil\/#primaryimage"},"thumbnailUrl":"https:\/\/herberiedelatille.fr\/blog\/wp-content\/uploads\/2026\/06\/sdxl-e4a2a46954b23e44b145186ef969b4f8-scaled.png","datePublished":"2026-06-16T08:57:12+00:00","description":"Conna\u00eetre l'heure du coucher de soleil est essentiel pour les jardiniers souhaitant optimiser leurs activit\u00e9s en ext\u00e9rieur.","inLanguage":"fr-FR","potentialAction":[{"@type":"ReadAction","target":["https:\/\/herberiedelatille.fr\/blog\/techniques-de-jardinage\/heure-de-coucher-soleil\/"]}]},{"@type":"ImageObject","inLanguage":"fr-FR","@id":"https:\/\/herberiedelatille.fr\/blog\/techniques-de-jardinage\/heure-de-coucher-soleil\/#primaryimage","url":"https:\/\/herberiedelatille.fr\/blog\/wp-content\/uploads\/2026\/06\/sdxl-e4a2a46954b23e44b145186ef969b4f8-scaled.png","contentUrl":"https:\/\/herberiedelatille.fr\/blog\/wp-content\/uploads\/2026\/06\/sdxl-e4a2a46954b23e44b145186ef969b4f8-scaled.png","width":1200,"height":500},{"@type":"WebSite","@id":"https:\/\/herberiedelatille.fr\/blog\/#website","url":"https:\/\/herberiedelatille.fr\/blog\/","name":"Herberie de la Tille","description":"Le m\u00e9dia de la botanique pratique \u2014 plantes, herboristerie, identification","publisher":{"@id":"https:\/\/herberiedelatille.fr\/blog\/#organization"},"alternateName":"Herberie de la Tille","potentialAction":[{"@type":"SearchAction","target":{"@type":"EntryPoint","urlTemplate":"https:\/\/herberiedelatille.fr\/blog\/?s={search_term_string}"},"query-input":{"@type":"PropertyValueSpecification","valueRequired":true,"valueName":"search_term_string"}}],"inLanguage":"fr-FR"},{"@type":"Organization","@id":"https:\/\/herberiedelatille.fr\/blog\/#organization","name":"Herberie de la Tille","url":"https:\/\/herberiedelatille.fr\/blog\/","logo":{"@type":"ImageObject","inLanguage":"fr-FR","@id":"https:\/\/herberiedelatille.fr\/blog\/#\/schema\/logo\/image\/","url":"https:\/\/herberiedelatille.fr\/blog\/wp-content\/uploads\/2024\/12\/herberiedelatille.png","contentUrl":"https:\/\/herberiedelatille.fr\/blog\/wp-content\/uploads\/2024\/12\/herberiedelatille.png","width":500,"height":500,"caption":"Herberie de la Tille"},"image":{"@id":"https:\/\/herberiedelatille.fr\/blog\/#\/schema\/logo\/image\/"}},{"@type":"Person","@id":"https:\/\/herberiedelatille.fr\/blog\/#\/schema\/person\/3c864cdc320801e3db34b663e7e3f816","name":"Julien Prigent","image":{"@type":"ImageObject","inLanguage":"fr-FR","@id":"https:\/\/herberiedelatille.fr\/blog\/#\/schema\/person\/image\/","url":"https:\/\/herberiedelatille.fr\/blog\/wp-content\/uploads\/2026\/06\/persona_julien-p-96x96.jpg","contentUrl":"https:\/\/herberiedelatille.fr\/blog\/wp-content\/uploads\/2026\/06\/persona_julien-p-96x96.jpg","caption":"Julien Prigent"},"description":"Bricoleur et jardinier dans l'\u00e2me, j'\u00e9cris sur la maison et ses ext\u00e9rieurs avec les mains dans le cambouis plus que dans les th\u00e9ories. Mon terrain couvre tout l'habitat : le potager et le jardin au fil des saisons, mais aussi les petits travaux, la r\u00e9novation, le bricolage et les m\u00e9tiers du b\u00e2timent \u2014 toiture, isolation, menuiserie, serrurerie, ma\u00e7onnerie. J'aime expliquer un geste technique simplement, donner des fourchettes de prix r\u00e9alistes et les bons crit\u00e8res pour choisir un mat\u00e9riau ou un artisan. Je teste ce que je peux sur mes propres chantiers et au jardin avant d'en parler, je distingue la tradition de ce que confirme l'observation, et je pr\u00e9cise toujours le contexte \u2014 climat, type de sol, configuration du logement \u2014 parce qu'un m\u00eame conseil ne vaut pas partout. Mon but : rendre l'entretien et l'am\u00e9lioration de la maison accessibles, durables et \u00e9conomes.","sameAs":["https:\/\/julienprigent.fr\/"],"url":"https:\/\/herberiedelatille.fr\/blog\/auteur\/julien-p\/"}]}},"_links":{"self":[{"href":"https:\/\/herberiedelatille.fr\/blog\/wp-json\/wp\/v2\/posts\/7571","targetHints":{"allow":["GET"]}}],"collection":[{"href":"https:\/\/herberiedelatille.fr\/blog\/wp-json\/wp\/v2\/posts"}],"about":[{"href":"https:\/\/herberiedelatille.fr\/blog\/wp-json\/wp\/v2\/types\/post"}],"author":[{"embeddable":true,"href":"https:\/\/herberiedelatille.fr\/blog\/wp-json\/wp\/v2\/users\/34"}],"replies":[{"embeddable":true,"href":"https:\/\/herberiedelatille.fr\/blog\/wp-json\/wp\/v2\/comments?post=7571"}],"version-history":[{"count":2,"href":"https:\/\/herberiedelatille.fr\/blog\/wp-json\/wp\/v2\/posts\/7571\/revisions"}],"predecessor-version":[{"id":7850,"href":"https:\/\/herberiedelatille.fr\/blog\/wp-json\/wp\/v2\/posts\/7571\/revisions\/7850"}],"wp:featuredmedia":[{"embeddable":true,"href":"https:\/\/herberiedelatille.fr\/blog\/wp-json\/wp\/v2\/media\/7846"}],"wp:attachment":[{"href":"https:\/\/herberiedelatille.fr\/blog\/wp-json\/wp\/v2\/media?parent=7571"}],"wp:term":[{"taxonomy":"category","embeddable":true,"href":"https:\/\/herberiedelatille.fr\/blog\/wp-json\/wp\/v2\/categories?post=7571"},{"taxonomy":"post_tag","embeddable":true,"href":"https:\/\/herberiedelatille.fr\/blog\/wp-json\/wp\/v2\/tags?post=7571"}],"curies":[{"name":"wp","href":"https:\/\/api.w.org\/{rel}","templated":true}]}}