{"id":7573,"date":"2025-11-13T09:00:00","date_gmt":"2025-11-13T09:00:00","guid":{"rendered":"https:\/\/herberiedelatille.fr\/blog\/articles\/heure-du-lever-et-du-coucher-du-soleil\/"},"modified":"2025-11-13T09:00:00","modified_gmt":"2025-11-13T09:00:00","slug":"heure-du-lever-et-du-coucher-du-soleil","status":"publish","type":"post","link":"https:\/\/herberiedelatille.fr\/blog\/techniques-de-jardinage\/heure-du-lever-et-du-coucher-du-soleil\/","title":{"rendered":"Heure Lever Coucher Soleil : Guide Jardinage"},"content":{"rendered":"<p>Conna\u00eetre l\u2019heure du lever et du coucher du soleil est essentiel pour les jardiniers, car cela influence la croissance des plantes, le moment de la r\u00e9colte et les activit\u00e9s de jardinage. En 2026, ces horaires varient selon votre emplacement g\u00e9ographique et la saison. Par exemple, \u00e0 Paris, le 21 juin, le soleil se l\u00e8ve \u00e0 5h43 et se couche \u00e0 21h58, tandis qu\u2019\u00e0 Marseille, ces horaires sont respectivement 5h55 et 21h35. Ces informations permettent d\u2019optimiser votre temps en jardinage et d\u2019am\u00e9liorer la sant\u00e9 de vos plantes.<\/p>\n<h2>Pourquoi l\u2019heure du lever et du coucher du soleil est-elle importante ?<\/h2>\n<h3>Impact sur la photosynth\u00e8se<\/h3>\n<p>La photosynth\u00e8se est le processus par lequel les plantes convertissent la lumi\u00e8re en \u00e9nergie. La dur\u00e9e d\u2019exposition au soleil affecte directement leur croissance. Par exemple, une plante qui re\u00e7oit moins de 6 heures de lumi\u00e8re par jour peut souffrir d\u2019\u00e9tiolement, un ph\u00e9nom\u00e8ne o\u00f9 elle s\u2019\u00e9tire vers la lumi\u00e8re.<\/p>\n<h3>Planification des activit\u00e9s de jardinage<\/h3>\n<p>Savoir quand le soleil se l\u00e8ve et se couche vous aide \u00e0 planifier vos travaux de jardinage. Que vous souhaitiez arroser vos plantes t\u00f4t le matin ou r\u00e9colter vos l\u00e9gumes en fin de journ\u00e9e, ces horaires sont cruciaux pour maximiser votre efficacit\u00e9.<\/p>\n<h2>Comment d\u00e9terminer l\u2019heure du lever et du coucher du soleil ?<\/h2>\n<h3>Utilisation d\u2019outils en ligne<\/h3>\n<p>Plusieurs sites web et applications mobiles vous permettent de conna\u00eetre ces horaires selon votre localisation. Voici quelques exemples :<\/p>\n<ul>\n<li><strong>Timeanddate.com<\/strong> : Offre des informations pr\u00e9cises sur les heures de lever et coucher du soleil pour n\u2019importe quelle ville.<\/li>\n<li><strong>SunCalc.org<\/strong> : Permet de visualiser la trajectoire du soleil dans votre r\u00e9gion.<\/li>\n<\/ul>\n<h3>Calculs bas\u00e9s sur votre position<\/h3>\n<p>Si vous pr\u00e9f\u00e9rez une approche manuelle, vous pouvez utiliser des formules astronomiques bas\u00e9es sur votre latitude et longitude. Cependant, cela n\u00e9cessite des connaissances avanc\u00e9es en astronomie.<\/p>\n<h2>Exemple concret chiffr\u00e9<\/h2>\n<p>Pour illustrer l\u2019importance des horaires solaires dans le jardinage :<\/p>\n<ul>\n<li>\u00c0 Lyon, le <strong>21 mars 2026<\/strong>, le lever sera \u00e0 <strong>6h59<\/strong> et le coucher \u00e0 <strong>19h15<\/strong>.<\/li>\n<li>\u00c0 Lille, le m\u00eame jour, ces horaires seront <strong>6h45<\/strong> pour le lever et <strong>19h30<\/strong> pour le coucher.<\/li>\n<\/ul>\n<p>Cela signifie que vous disposez de plus de temps pour travailler au jardin \u00e0 Lille que dans d\u2019autres villes fran\u00e7aises ce jour-l\u00e0.<\/p>\n<h2>Tableau comparatif des heures de lever et coucher<\/h2>\n<table class=\"kwdbank-table\">\n<thead>\n<tr>\n<th>Ville<\/th>\n<th>Date<\/th>\n<th>Lever<\/th>\n<th>Coucher<\/th>\n<\/tr>\n<\/thead>\n<tbody>\n<tr>\n<td>Paris<\/td>\n<td>21 mars<\/td>\n<td>6h43<\/td>\n<td>19h28<\/td>\n<\/tr>\n<tr>\n<td>Marseille<\/td>\n<td>21 mars<\/td>\n<td>6h33<\/td>\n<td>19h36<\/td>\n<\/tr>\n<tr>\n<td>Lyon<\/td>\n<td>21 mars<\/td>\n<td>6h59<\/td>\n<td>19h15<\/td>\n<\/tr>\n<tr>\n<td>Lille<\/td>\n<td>21 mars<\/td>\n<td>6h45<\/td>\n<td>19h30<\/td>\n<\/tr>\n<\/tbody>\n<\/table>\n<p>Ce tableau permet une comparaison rapide entre diff\u00e9rentes villes fran\u00e7aises.<\/p>\n<h2>Pi\u00e8ge \u00e0 \u00e9viter : Ignorer les variations saisonni\u00e8res<\/h2>\n<p>Un pi\u00e8ge courant est de ne pas tenir compte des variations saisonni\u00e8res. Les heures de lever et coucher changent consid\u00e9rablement tout au long de l\u2019ann\u00e9e. En \u00e9t\u00e9, les jours sont plus longs; en hiver, ils sont plus courts. Ne pas ajuster vos activit\u00e9s en cons\u00e9quence peut nuire \u00e0 la sant\u00e9 de vos plantes.<\/p>\n<h2>Action imm\u00e9diate<\/h2>\n<p>Pour optimiser votre jardinage d\u00e8s aujourd\u2019hui, consultez un outil en ligne pour conna\u00eetre les heures exactes du lever et du coucher du soleil dans votre r\u00e9gion. Notez ces horaires sur un calendrier afin d\u2019organiser vos travaux (arrosage, plantation) autour de ces moments cl\u00e9s.<\/p>\n<h2>FAQ<\/h2>\n<h3>Quelle est l\u2019heure exacte du lever et du coucher du soleil aujourd\u2019hui ?<\/h3>\n<p>Cela d\u00e9pendra de votre localisation pr\u00e9cise. Utilisez un site comme Timeanddate.com pour obtenir cette information instantan\u00e9ment.<\/p>\n<h3>Comment ces heures varient-elles au cours de l\u2019ann\u00e9e ?<\/h3>\n<p>Les heures changent chaque jour; elles sont plus longues en \u00e9t\u00e9 et plus courtes en hiver. Consultez un calendrier solaire pour suivre ces variations.<\/p>\n<h3>Pourquoi est-il important de conna\u00eetre ces heures pour le jardinage ?<\/h3>\n<p>Ces informations aident \u00e0 planifier les t\u00e2ches comme l\u2019arrosage ou la r\u00e9colte, maximisant ainsi la sant\u00e9 des plantes.<\/p>\n<h3>Existe-t-il des applications mobiles utiles ?<\/h3>\n<p>Oui, plusieurs applications comme \u201cSun Surveyor\u201d ou \u201cGolden Hour\u201d fournissent des informations pr\u00e9cises sur les heures solaires selon votre position GPS.<\/p>\n<h3>Comment calculer manuellement l\u2019heure du lever et coucher ?<\/h3>\n<p>Des formules astronomiques peuvent \u00eatre utilis\u00e9es mais n\u00e9cessitent une bonne connaissance en math\u00e9matiques et astronomie. Pour un usage quotidien, il est pr\u00e9f\u00e9rable d\u2019utiliser des outils num\u00e9riques.<\/p>\n<h3>Quels types de plantes b\u00e9n\u00e9ficient le plus d\u2019une bonne exposition solaire ?<\/h3>\n<p>Les l\u00e9gumes comme les tomates ou les poivrons n\u00e9cessitent beaucoup de lumi\u00e8re (au moins 6-8 heures par jour) pour bien se d\u00e9velopper.<\/p>\n<hr>\n<div class=\"articles-lies\">\n<h3>\u00c0 lire aussi<\/h3>\n<ul>\n<li><a href=\"https:\/\/herberiedelatille.fr\/blog\/techniques-de-jardinage\/terreau\/\">Terreau : Meilleur choix plantes 2026<\/a><\/li>\n<li><a href=\"https:\/\/herberiedelatille.fr\/blog\/techniques-de-jardinage\/calendrier-lunaire-2025-jardinage\/\">Calendrier Lunaire 2025 : Guide Jardinage<\/a><\/li>\n<li><a href=\"https:\/\/herberiedelatille.fr\/blog\/techniques-de-jardinage\/stephane-marie\/\">St\u00e9phane Marie : Conseils Jardinage 2026<\/a><\/li>\n<li><a href=\"https:\/\/herberiedelatille.fr\/blog\/conservation-et-biodiversite\/les-plantes-medicinales-definition-vertus-et-conseils-de-culture\/\">Les plantes m\u00e9dicinales : d\u00e9finition, vertus et conseils de culture<\/a><\/li>\n<\/ul>\n<\/div>\n","protected":false},"excerpt":{"rendered":"","protected":false},"author":34,"featured_media":999999999,"comment_status":"open","ping_status":"open","sticky":false,"template":"","format":"standard","meta":{"_acf_changed":false,"manual_indexmenow":false,"indexmenow_id_project":0,"footnotes":""},"categories":[4521],"tags":[],"class_list":["post-7573","post","type-post","status-publish","format-standard","has-post-thumbnail","hentry","category-techniques-de-jardinage","generate-columns","tablet-grid-50","mobile-grid-100","grid-parent","grid-25"],"acf":[],"yoast_head":"<!-- This site is optimized with the Yoast SEO Premium plugin v21.3 (Yoast SEO v25.6) - https:\/\/yoast.com\/wordpress\/plugins\/seo\/ -->\n<title>Heure Lever Coucher Soleil : Guide Jardinage<\/title>\n<meta name=\"description\" content=\"Conna\u00eetre l&#039;heure du lever et du coucher du soleil est essentiel pour les jardiniers, car cela influence la croissance des plantes, le moment de la\u2026\" \/>\n<meta name=\"robots\" content=\"index, follow, max-snippet:-1, max-image-preview:large, max-video-preview:-1\" \/>\n<link rel=\"canonical\" href=\"https:\/\/herberiedelatille.fr\/blog\/techniques-de-jardinage\/heure-du-lever-et-du-coucher-du-soleil\/\" \/>\n<meta property=\"og:locale\" content=\"fr_FR\" \/>\n<meta property=\"og:type\" content=\"article\" \/>\n<meta property=\"og:title\" content=\"Heure Lever Coucher Soleil : Guide Jardinage\" \/>\n<meta property=\"og:description\" content=\"Conna\u00eetre l&#039;heure du lever et du coucher du soleil est essentiel pour les jardiniers, car cela influence la croissance des plantes, le moment de la\u2026\" \/>\n<meta property=\"og:url\" content=\"https:\/\/herberiedelatille.fr\/blog\/techniques-de-jardinage\/heure-du-lever-et-du-coucher-du-soleil\/\" \/>\n<meta property=\"og:site_name\" content=\"Herberie de la Tille\" \/>\n<meta name=\"author\" content=\"Julien Prigent\" \/>\n<meta name=\"twitter:card\" content=\"summary_large_image\" \/>\n<script type=\"application\/ld+json\" class=\"yoast-schema-graph\">{\"@context\":\"https:\/\/schema.org\",\"@graph\":[{\"@type\":\"NewsArticle\",\"@id\":\"https:\/\/herberiedelatille.fr\/blog\/techniques-de-jardinage\/heure-du-lever-et-du-coucher-du-soleil\/#article\",\"isPartOf\":{\"@id\":\"https:\/\/herberiedelatille.fr\/blog\/techniques-de-jardinage\/heure-du-lever-et-du-coucher-du-soleil\/\"},\"author\":{\"name\":\"Julien Prigent\",\"@id\":\"https:\/\/herberiedelatille.fr\/blog\/#\/schema\/person\/3c864cdc320801e3db34b663e7e3f816\"},\"headline\":\"Heure Lever Coucher Soleil : Guide Jardinage\",\"datePublished\":\"2025-11-13T09:00:00+00:00\",\"mainEntityOfPage\":{\"@id\":\"https:\/\/herberiedelatille.fr\/blog\/techniques-de-jardinage\/heure-du-lever-et-du-coucher-du-soleil\/\"},\"wordCount\":788,\"commentCount\":0,\"publisher\":{\"@id\":\"https:\/\/herberiedelatille.fr\/blog\/#organization\"},\"image\":{\"@id\":\"https:\/\/herberiedelatille.fr\/blog\/techniques-de-jardinage\/heure-du-lever-et-du-coucher-du-soleil\/#primaryimage\"},\"thumbnailUrl\":\"https:\/\/images.pexels.com\/photos\/17286539\/pexels-photo-17286539.jpeg?auto=compress&cs=tinysrgb&fit=crop&h=627&w=1200\",\"articleSection\":[\"Techniques de Jardinage\"],\"inLanguage\":\"fr-FR\",\"potentialAction\":[{\"@type\":\"CommentAction\",\"name\":\"Comment\",\"target\":[\"https:\/\/herberiedelatille.fr\/blog\/techniques-de-jardinage\/heure-du-lever-et-du-coucher-du-soleil\/#respond\"]}]},{\"@type\":\"WebPage\",\"@id\":\"https:\/\/herberiedelatille.fr\/blog\/techniques-de-jardinage\/heure-du-lever-et-du-coucher-du-soleil\/\",\"url\":\"https:\/\/herberiedelatille.fr\/blog\/techniques-de-jardinage\/heure-du-lever-et-du-coucher-du-soleil\/\",\"name\":\"Heure Lever Coucher Soleil : Guide Jardinage\",\"isPartOf\":{\"@id\":\"https:\/\/herberiedelatille.fr\/blog\/#website\"},\"primaryImageOfPage\":{\"@id\":\"https:\/\/herberiedelatille.fr\/blog\/techniques-de-jardinage\/heure-du-lever-et-du-coucher-du-soleil\/#primaryimage\"},\"image\":{\"@id\":\"https:\/\/herberiedelatille.fr\/blog\/techniques-de-jardinage\/heure-du-lever-et-du-coucher-du-soleil\/#primaryimage\"},\"thumbnailUrl\":\"https:\/\/images.pexels.com\/photos\/17286539\/pexels-photo-17286539.jpeg?auto=compress&cs=tinysrgb&fit=crop&h=627&w=1200\",\"datePublished\":\"2025-11-13T09:00:00+00:00\",\"description\":\"Conna\u00eetre l'heure du lever et du coucher du soleil est essentiel pour les jardiniers, car cela influence la croissance des plantes, le moment de la\u2026\",\"inLanguage\":\"fr-FR\",\"potentialAction\":[{\"@type\":\"ReadAction\",\"target\":[\"https:\/\/herberiedelatille.fr\/blog\/techniques-de-jardinage\/heure-du-lever-et-du-coucher-du-soleil\/\"]}]},{\"@type\":\"ImageObject\",\"inLanguage\":\"fr-FR\",\"@id\":\"https:\/\/herberiedelatille.fr\/blog\/techniques-de-jardinage\/heure-du-lever-et-du-coucher-du-soleil\/#primaryimage\",\"url\":\"https:\/\/images.pexels.com\/photos\/17286539\/pexels-photo-17286539.jpeg?auto=compress&cs=tinysrgb&fit=crop&h=627&w=1200\",\"contentUrl\":\"https:\/\/images.pexels.com\/photos\/17286539\/pexels-photo-17286539.jpeg?auto=compress&cs=tinysrgb&fit=crop&h=627&w=1200\"},{\"@type\":\"WebSite\",\"@id\":\"https:\/\/herberiedelatille.fr\/blog\/#website\",\"url\":\"https:\/\/herberiedelatille.fr\/blog\/\",\"name\":\"Herberie de la Tille\",\"description\":\"Le m\u00e9dia de la botanique pratique \u2014 plantes, herboristerie, identification\",\"publisher\":{\"@id\":\"https:\/\/herberiedelatille.fr\/blog\/#organization\"},\"alternateName\":\"Herberie de la Tille\",\"potentialAction\":[{\"@type\":\"SearchAction\",\"target\":{\"@type\":\"EntryPoint\",\"urlTemplate\":\"https:\/\/herberiedelatille.fr\/blog\/?s={search_term_string}\"},\"query-input\":{\"@type\":\"PropertyValueSpecification\",\"valueRequired\":true,\"valueName\":\"search_term_string\"}}],\"inLanguage\":\"fr-FR\"},{\"@type\":\"Organization\",\"@id\":\"https:\/\/herberiedelatille.fr\/blog\/#organization\",\"name\":\"Herberie de la Tille\",\"url\":\"https:\/\/herberiedelatille.fr\/blog\/\",\"logo\":{\"@type\":\"ImageObject\",\"inLanguage\":\"fr-FR\",\"@id\":\"https:\/\/herberiedelatille.fr\/blog\/#\/schema\/logo\/image\/\",\"url\":\"https:\/\/herberiedelatille.fr\/blog\/wp-content\/uploads\/2024\/12\/herberiedelatille.png\",\"contentUrl\":\"https:\/\/herberiedelatille.fr\/blog\/wp-content\/uploads\/2024\/12\/herberiedelatille.png\",\"width\":500,\"height\":500,\"caption\":\"Herberie de la Tille\"},\"image\":{\"@id\":\"https:\/\/herberiedelatille.fr\/blog\/#\/schema\/logo\/image\/\"}},{\"@type\":\"Person\",\"@id\":\"https:\/\/herberiedelatille.fr\/blog\/#\/schema\/person\/3c864cdc320801e3db34b663e7e3f816\",\"name\":\"Julien Prigent\",\"image\":{\"@type\":\"ImageObject\",\"inLanguage\":\"fr-FR\",\"@id\":\"https:\/\/herberiedelatille.fr\/blog\/#\/schema\/person\/image\/\",\"url\":\"https:\/\/herberiedelatille.fr\/blog\/wp-content\/uploads\/2026\/06\/persona_julien-p-96x96.jpg\",\"contentUrl\":\"https:\/\/herberiedelatille.fr\/blog\/wp-content\/uploads\/2026\/06\/persona_julien-p-96x96.jpg\",\"caption\":\"Julien Prigent\"},\"description\":\"Bricoleur et jardinier dans l'\u00e2me, j'\u00e9cris sur la maison et ses ext\u00e9rieurs avec les mains dans le cambouis plus que dans les th\u00e9ories. Mon terrain couvre tout l'habitat : le potager et le jardin au fil des saisons, mais aussi les petits travaux, la r\u00e9novation, le bricolage et les m\u00e9tiers du b\u00e2timent \u2014 toiture, isolation, menuiserie, serrurerie, ma\u00e7onnerie. J'aime expliquer un geste technique simplement, donner des fourchettes de prix r\u00e9alistes et les bons crit\u00e8res pour choisir un mat\u00e9riau ou un artisan. Je teste ce que je peux sur mes propres chantiers et au jardin avant d'en parler, je distingue la tradition de ce que confirme l'observation, et je pr\u00e9cise toujours le contexte \u2014 climat, type de sol, configuration du logement \u2014 parce qu'un m\u00eame conseil ne vaut pas partout. Mon but : rendre l'entretien et l'am\u00e9lioration de la maison accessibles, durables et \u00e9conomes.\",\"sameAs\":[\"https:\/\/julienprigent.fr\/\"],\"url\":\"https:\/\/herberiedelatille.fr\/blog\/auteur\/julien-p\/\"}]}<\/script>\n<!-- \/ Yoast SEO Premium plugin. -->","yoast_head_json":{"title":"Heure Lever Coucher Soleil : Guide Jardinage","description":"Conna\u00eetre l'heure du lever et du coucher du soleil est essentiel pour les jardiniers, car cela influence la croissance des plantes, le moment de la\u2026","robots":{"index":"index","follow":"follow","max-snippet":"max-snippet:-1","max-image-preview":"max-image-preview:large","max-video-preview":"max-video-preview:-1"},"canonical":"https:\/\/herberiedelatille.fr\/blog\/techniques-de-jardinage\/heure-du-lever-et-du-coucher-du-soleil\/","og_locale":"fr_FR","og_type":"article","og_title":"Heure Lever Coucher Soleil : Guide Jardinage","og_description":"Conna\u00eetre l'heure du lever et du coucher du soleil est essentiel pour les jardiniers, car cela influence la croissance des plantes, le moment de la\u2026","og_url":"https:\/\/herberiedelatille.fr\/blog\/techniques-de-jardinage\/heure-du-lever-et-du-coucher-du-soleil\/","og_site_name":"Herberie de la Tille","author":"Julien Prigent","twitter_card":"summary_large_image","schema":{"@context":"https:\/\/schema.org","@graph":[{"@type":"NewsArticle","@id":"https:\/\/herberiedelatille.fr\/blog\/techniques-de-jardinage\/heure-du-lever-et-du-coucher-du-soleil\/#article","isPartOf":{"@id":"https:\/\/herberiedelatille.fr\/blog\/techniques-de-jardinage\/heure-du-lever-et-du-coucher-du-soleil\/"},"author":{"name":"Julien Prigent","@id":"https:\/\/herberiedelatille.fr\/blog\/#\/schema\/person\/3c864cdc320801e3db34b663e7e3f816"},"headline":"Heure Lever Coucher Soleil : Guide Jardinage","datePublished":"2025-11-13T09:00:00+00:00","mainEntityOfPage":{"@id":"https:\/\/herberiedelatille.fr\/blog\/techniques-de-jardinage\/heure-du-lever-et-du-coucher-du-soleil\/"},"wordCount":788,"commentCount":0,"publisher":{"@id":"https:\/\/herberiedelatille.fr\/blog\/#organization"},"image":{"@id":"https:\/\/herberiedelatille.fr\/blog\/techniques-de-jardinage\/heure-du-lever-et-du-coucher-du-soleil\/#primaryimage"},"thumbnailUrl":"https:\/\/images.pexels.com\/photos\/17286539\/pexels-photo-17286539.jpeg?auto=compress&cs=tinysrgb&fit=crop&h=627&w=1200","articleSection":["Techniques de Jardinage"],"inLanguage":"fr-FR","potentialAction":[{"@type":"CommentAction","name":"Comment","target":["https:\/\/herberiedelatille.fr\/blog\/techniques-de-jardinage\/heure-du-lever-et-du-coucher-du-soleil\/#respond"]}]},{"@type":"WebPage","@id":"https:\/\/herberiedelatille.fr\/blog\/techniques-de-jardinage\/heure-du-lever-et-du-coucher-du-soleil\/","url":"https:\/\/herberiedelatille.fr\/blog\/techniques-de-jardinage\/heure-du-lever-et-du-coucher-du-soleil\/","name":"Heure Lever Coucher Soleil : Guide Jardinage","isPartOf":{"@id":"https:\/\/herberiedelatille.fr\/blog\/#website"},"primaryImageOfPage":{"@id":"https:\/\/herberiedelatille.fr\/blog\/techniques-de-jardinage\/heure-du-lever-et-du-coucher-du-soleil\/#primaryimage"},"image":{"@id":"https:\/\/herberiedelatille.fr\/blog\/techniques-de-jardinage\/heure-du-lever-et-du-coucher-du-soleil\/#primaryimage"},"thumbnailUrl":"https:\/\/images.pexels.com\/photos\/17286539\/pexels-photo-17286539.jpeg?auto=compress&cs=tinysrgb&fit=crop&h=627&w=1200","datePublished":"2025-11-13T09:00:00+00:00","description":"Conna\u00eetre l'heure du lever et du coucher du soleil est essentiel pour les jardiniers, car cela influence la croissance des plantes, le moment de la\u2026","inLanguage":"fr-FR","potentialAction":[{"@type":"ReadAction","target":["https:\/\/herberiedelatille.fr\/blog\/techniques-de-jardinage\/heure-du-lever-et-du-coucher-du-soleil\/"]}]},{"@type":"ImageObject","inLanguage":"fr-FR","@id":"https:\/\/herberiedelatille.fr\/blog\/techniques-de-jardinage\/heure-du-lever-et-du-coucher-du-soleil\/#primaryimage","url":"https:\/\/images.pexels.com\/photos\/17286539\/pexels-photo-17286539.jpeg?auto=compress&cs=tinysrgb&fit=crop&h=627&w=1200","contentUrl":"https:\/\/images.pexels.com\/photos\/17286539\/pexels-photo-17286539.jpeg?auto=compress&cs=tinysrgb&fit=crop&h=627&w=1200"},{"@type":"WebSite","@id":"https:\/\/herberiedelatille.fr\/blog\/#website","url":"https:\/\/herberiedelatille.fr\/blog\/","name":"Herberie de la Tille","description":"Le m\u00e9dia de la botanique pratique \u2014 plantes, herboristerie, identification","publisher":{"@id":"https:\/\/herberiedelatille.fr\/blog\/#organization"},"alternateName":"Herberie de la Tille","potentialAction":[{"@type":"SearchAction","target":{"@type":"EntryPoint","urlTemplate":"https:\/\/herberiedelatille.fr\/blog\/?s={search_term_string}"},"query-input":{"@type":"PropertyValueSpecification","valueRequired":true,"valueName":"search_term_string"}}],"inLanguage":"fr-FR"},{"@type":"Organization","@id":"https:\/\/herberiedelatille.fr\/blog\/#organization","name":"Herberie de la Tille","url":"https:\/\/herberiedelatille.fr\/blog\/","logo":{"@type":"ImageObject","inLanguage":"fr-FR","@id":"https:\/\/herberiedelatille.fr\/blog\/#\/schema\/logo\/image\/","url":"https:\/\/herberiedelatille.fr\/blog\/wp-content\/uploads\/2024\/12\/herberiedelatille.png","contentUrl":"https:\/\/herberiedelatille.fr\/blog\/wp-content\/uploads\/2024\/12\/herberiedelatille.png","width":500,"height":500,"caption":"Herberie de la Tille"},"image":{"@id":"https:\/\/herberiedelatille.fr\/blog\/#\/schema\/logo\/image\/"}},{"@type":"Person","@id":"https:\/\/herberiedelatille.fr\/blog\/#\/schema\/person\/3c864cdc320801e3db34b663e7e3f816","name":"Julien Prigent","image":{"@type":"ImageObject","inLanguage":"fr-FR","@id":"https:\/\/herberiedelatille.fr\/blog\/#\/schema\/person\/image\/","url":"https:\/\/herberiedelatille.fr\/blog\/wp-content\/uploads\/2026\/06\/persona_julien-p-96x96.jpg","contentUrl":"https:\/\/herberiedelatille.fr\/blog\/wp-content\/uploads\/2026\/06\/persona_julien-p-96x96.jpg","caption":"Julien Prigent"},"description":"Bricoleur et jardinier dans l'\u00e2me, j'\u00e9cris sur la maison et ses ext\u00e9rieurs avec les mains dans le cambouis plus que dans les th\u00e9ories. Mon terrain couvre tout l'habitat : le potager et le jardin au fil des saisons, mais aussi les petits travaux, la r\u00e9novation, le bricolage et les m\u00e9tiers du b\u00e2timent \u2014 toiture, isolation, menuiserie, serrurerie, ma\u00e7onnerie. J'aime expliquer un geste technique simplement, donner des fourchettes de prix r\u00e9alistes et les bons crit\u00e8res pour choisir un mat\u00e9riau ou un artisan. Je teste ce que je peux sur mes propres chantiers et au jardin avant d'en parler, je distingue la tradition de ce que confirme l'observation, et je pr\u00e9cise toujours le contexte \u2014 climat, type de sol, configuration du logement \u2014 parce qu'un m\u00eame conseil ne vaut pas partout. Mon but : rendre l'entretien et l'am\u00e9lioration de la maison accessibles, durables et \u00e9conomes.","sameAs":["https:\/\/julienprigent.fr\/"],"url":"https:\/\/herberiedelatille.fr\/blog\/auteur\/julien-p\/"}]}},"_links":{"self":[{"href":"https:\/\/herberiedelatille.fr\/blog\/wp-json\/wp\/v2\/posts\/7573","targetHints":{"allow":["GET"]}}],"collection":[{"href":"https:\/\/herberiedelatille.fr\/blog\/wp-json\/wp\/v2\/posts"}],"about":[{"href":"https:\/\/herberiedelatille.fr\/blog\/wp-json\/wp\/v2\/types\/post"}],"author":[{"embeddable":true,"href":"https:\/\/herberiedelatille.fr\/blog\/wp-json\/wp\/v2\/users\/34"}],"replies":[{"embeddable":true,"href":"https:\/\/herberiedelatille.fr\/blog\/wp-json\/wp\/v2\/comments?post=7573"}],"version-history":[{"count":0,"href":"https:\/\/herberiedelatille.fr\/blog\/wp-json\/wp\/v2\/posts\/7573\/revisions"}],"wp:attachment":[{"href":"https:\/\/herberiedelatille.fr\/blog\/wp-json\/wp\/v2\/media?parent=7573"}],"wp:term":[{"taxonomy":"category","embeddable":true,"href":"https:\/\/herberiedelatille.fr\/blog\/wp-json\/wp\/v2\/categories?post=7573"},{"taxonomy":"post_tag","embeddable":true,"href":"https:\/\/herberiedelatille.fr\/blog\/wp-json\/wp\/v2\/tags?post=7573"}],"curies":[{"name":"wp","href":"https:\/\/api.w.org\/{rel}","templated":true}]}}