{"id":7580,"date":"2026-01-17T09:00:00","date_gmt":"2026-01-17T09:00:00","guid":{"rendered":"https:\/\/herberiedelatille.fr\/blog\/articles\/cardon\/"},"modified":"2026-01-17T09:00:00","modified_gmt":"2026-01-17T09:00:00","slug":"cardon","status":"publish","type":"post","link":"https:\/\/herberiedelatille.fr\/blog\/potager\/cardon\/","title":{"rendered":"Cardon : Culture et conseils jardinage 2026"},"content":{"rendered":"<p>Le cardon, plante de la famille des ast\u00e9rac\u00e9es, est de plus en plus pris\u00e9 pour ses qualit\u00e9s culinaires et ses vertus nutritionnelles. En 2026, la culture du cardon s\u2019inscrit dans un cadre r\u00e9glementaire strict, favorisant des pratiques durables et respectueuses de l\u2019environnement. Cet article vous guide sur les normes actuelles et vous fournit des conseils pratiques pour r\u00e9ussir votre culture de cardon.<\/p>\n<h2>Qu\u2019est-ce que le cardon ?<\/h2>\n<p>Le cardon est une plante herbac\u00e9e bisannuelle, souvent confondue avec le c\u00e9leri. Il se distingue par ses grandes feuilles \u00e9pineuses et ses tiges charnues qui peuvent atteindre jusqu\u2019\u00e0 2 m\u00e8tres de hauteur. Le cardon est cultiv\u00e9 principalement pour ses p\u00e9tioles, qui sont consomm\u00e9s comme l\u00e9gumes.<\/p>\n<h3>Vari\u00e9t\u00e9s de cardons<\/h3>\n<p>Il existe plusieurs vari\u00e9t\u00e9s de cardons, parmi lesquelles :<\/p>\n<ul>\n<li><strong>Cardon \u00e9pineux<\/strong> : Plus r\u00e9sistant aux maladies, id\u00e9al pour les jardins familiaux.<\/li>\n<li><strong>Cardon blanc<\/strong> : Favoris\u00e9 pour sa douceur et son go\u00fbt d\u00e9licat.<\/li>\n<li><strong>Cardon noir<\/strong> : Souvent utilis\u00e9 dans les recettes traditionnelles.<\/li>\n<\/ul>\n<h2>Normes r\u00e9glementaires pour la culture du cardon en 2026<\/h2>\n<p>En 2026, la culture du cardon doit respecter plusieurs normes environnementales :<\/p>\n<ol>\n<li><strong>Utilisation de semences certifi\u00e9es<\/strong> : Les producteurs doivent se procurer des semences conformes aux exigences phytosanitaires.<\/li>\n<li><strong>Gestion int\u00e9gr\u00e9e des cultures (GIC)<\/strong> : Les pratiques de lutte contre les nuisibles doivent privil\u00e9gier les m\u00e9thodes biologiques.<\/li>\n<li><strong>\u00c9conomie d\u2019eau<\/strong> : Des syst\u00e8mes d\u2019irrigation \u00e9conomes doivent \u00eatre mis en place, tels que le goutte-\u00e0-goutte.<\/li>\n<\/ol>\n<p>Ces normes visent \u00e0 r\u00e9duire l\u2019impact environnemental tout en garantissant une production saine et durable.<\/p>\n<h2>Conditions id\u00e9ales pour cultiver le cardon<\/h2>\n<h3>Sol<\/h3>\n<p>Le cardon pr\u00e9f\u00e8re un sol bien drain\u00e9, riche en mati\u00e8re organique. Un pH compris entre 6 et 7 est optimal.<\/p>\n<h3>Exposition<\/h3>\n<p>Il n\u00e9cessite une exposition au soleil pendant au moins 6 heures par jour. Une ombre l\u00e9g\u00e8re peut \u00eatre b\u00e9n\u00e9fique durant les p\u00e9riodes les plus chaudes.<\/p>\n<h3>Temp\u00e9rature<\/h3>\n<p>Les temp\u00e9ratures id\u00e9ales se situent entre 15 et 25 \u00b0C. Le cardon peut r\u00e9sister \u00e0 des temp\u00e9ratures plus fra\u00eeches, mais il est sensible au gel.<\/p>\n<h2>\u00c9tapes de culture du cardon<\/h2>\n<ol>\n<li>\n<strong>Semis<\/strong> :<\/p>\n<ul>\n<li>Semer en int\u00e9rieur entre janvier et mars ou directement en pleine terre d\u00e8s que le risque de gel est pass\u00e9.<\/li>\n<li>Espacement recommand\u00e9 : environ 50 cm entre chaque plant.<\/li>\n<\/ul>\n<\/li>\n<li>\n<strong>Entretien<\/strong> :<\/p>\n<ul>\n<li>Arrosage r\u00e9gulier sans exc\u00e8s d\u2019eau.<\/li>\n<li>Fertilisation avec un engrais riche en azote tous les mois.<\/li>\n<\/ul>\n<\/li>\n<li>\n<strong>R\u00e9colte<\/strong> :<\/p>\n<ul>\n<li>Privil\u00e9gier la r\u00e9colte des tiges lorsque celles-ci mesurent environ 30 cm.<\/li>\n<li>La r\u00e9colte peut s\u2019\u00e9tendre de septembre \u00e0 novembre.<\/li>\n<\/ul>\n<\/li>\n<\/ol>\n<h3>Tableau r\u00e9capitulatif des conditions culturales<\/h3>\n<table class=\"kwdbank-table\">\n<thead>\n<tr>\n<th>\u00c9l\u00e9ment<\/th>\n<th>Conditions id\u00e9ales<\/th>\n<\/tr>\n<\/thead>\n<tbody>\n<tr>\n<td>Type de sol<\/td>\n<td>Bien drain\u00e9, riche en mati\u00e8re organique<\/td>\n<\/tr>\n<tr>\n<td>pH<\/td>\n<td>Entre 6 et 7<\/td>\n<\/tr>\n<tr>\n<td>Exposition<\/td>\n<td>Soleil direct pendant 6 heures<\/td>\n<\/tr>\n<tr>\n<td>Temp\u00e9rature<\/td>\n<td>Entre 15 et 25 \u00b0C<\/td>\n<\/tr>\n<tr>\n<td>Espacement<\/td>\n<td>50 cm entre chaque plant<\/td>\n<\/tr>\n<\/tbody>\n<\/table>\n<h2>Pi\u00e8ges \u00e0 \u00e9viter lors de la culture du cardon<\/h2>\n<p>L\u2019un des principaux pi\u00e8ges est le sur-arrosage. Cela peut entra\u00eener le d\u00e9veloppement de maladies fongiques telles que la pourriture des racines. Assurez-vous que le sol soit toujours l\u00e9g\u00e8rement humide mais jamais d\u00e9tremp\u00e9.<\/p>\n<h2>Conseils pratiques pour r\u00e9ussir votre culture<\/h2>\n<ul>\n<li><strong>Choisissez une vari\u00e9t\u00e9 adapt\u00e9e<\/strong> \u00e0 votre climat local.<\/li>\n<li><strong>Pratiquez la rotation des cultures<\/strong> pour \u00e9viter l\u2019accumulation de maladies sp\u00e9cifiques au sol.<\/li>\n<li><strong>Utilisez des filets anti-insectes<\/strong> pour prot\u00e9ger vos plants contre les ravageurs sans recourir \u00e0 des pesticides chimiques.<\/li>\n<\/ul>\n<h2>FAQ<\/h2>\n<h3>Quelles sont les principales maladies du cardon ?<\/h3>\n<p>Les maladies courantes incluent le mildiou et la rouille. Une bonne a\u00e9ration et un arrosage mod\u00e9r\u00e9 peuvent aider \u00e0 pr\u00e9venir ces probl\u00e8mes.<\/p>\n<h3>Quand semer le cardon ?<\/h3>\n<p>Le meilleur moment pour semer le cardon est au printemps, lorsque les temp\u00e9ratures commencent \u00e0 se r\u00e9chauffer.<\/p>\n<h3>Comment pr\u00e9parer le sol pour planter du cardon ?<\/h3>\n<p>Am\u00e9liorez votre sol avec du compost ou du fumier bien d\u00e9compos\u00e9 avant d\u2019y planter vos graines ou plants.<\/p>\n<h3>Quel entretien n\u00e9cessite le cardon ?<\/h3>\n<p>Un arrosage r\u00e9gulier, une fertilisation mensuelle et une surveillance attentive contre les nuisibles sont essentiels.<\/p>\n<h3>Le cardon peut-il \u00eatre cultiv\u00e9 en pot ?<\/h3>\n<p>Oui, il est possible de cultiver le cardon en pot si celui-ci est suffisamment grand (au moins 30 litres) et dispose d\u2019un bon drainage.<\/p>\n<h3>Quels plats peut-on pr\u00e9parer avec du cardon ?<\/h3>\n<p>Le cardon peut \u00eatre utilis\u00e9 dans divers plats tels que les gratins, les soupes ou m\u00eame comme accompagnement dans des recettes m\u00e9diterran\u00e9ennes.<\/p>\n<p>Cultiver du cardon peut \u00eatre gratifiant tant sur le plan culinaire qu\u2019\u00e9cologique. En suivant ces recommandations adapt\u00e9es aux normes r\u00e9glementaires actuelles, vous maximiserez vos chances de succ\u00e8s tout en respectant l\u2019environnement.<\/p>\n<hr>\n<div class=\"articles-lies\">\n<h3>\u00c0 lire aussi<\/h3>\n<ul>\n<li><a href=\"https:\/\/herberiedelatille.fr\/blog\/potager\/gombo\/\">Gombo : Culture et Conseils Jardinage Expert<\/a><\/li>\n<li><a href=\"https:\/\/herberiedelatille.fr\/blog\/potager\/potimarron\/\">Potimarron : Guide Culture Jardin 2026<\/a><\/li>\n<li><a href=\"https:\/\/herberiedelatille.fr\/blog\/potager\/potiron\/\">Potiron : Culture et recettes compl\u00e8tes<\/a><\/li>\n<li><a href=\"https:\/\/herberiedelatille.fr\/blog\/conservation-et-biodiversite\/les-plantes-medicinales-definition-vertus-et-conseils-de-culture\/\">Les plantes m\u00e9dicinales : d\u00e9finition, vertus et conseils de culture<\/a><\/li>\n<\/ul>\n<\/div>\n","protected":false},"excerpt":{"rendered":"","protected":false},"author":34,"featured_media":7775,"comment_status":"open","ping_status":"open","sticky":false,"template":"","format":"standard","meta":{"_acf_changed":false,"manual_indexmenow":false,"indexmenow_id_project":0,"footnotes":""},"categories":[4614],"tags":[],"class_list":["post-7580","post","type-post","status-publish","format-standard","has-post-thumbnail","hentry","category-potager","generate-columns","tablet-grid-50","mobile-grid-100","grid-parent","grid-25"],"acf":[],"yoast_head":"<!-- This site is optimized with the Yoast SEO Premium plugin v21.3 (Yoast SEO v25.6) - https:\/\/yoast.com\/wordpress\/plugins\/seo\/ -->\n<title>Cardon : Culture et conseils jardinage 2026<\/title>\n<meta name=\"description\" content=\"Le cardon, plante de la famille des ast\u00e9rac\u00e9es, est de plus en plus pris\u00e9 pour ses qualit\u00e9s culinaires et ses vertus nutritionnelles.\" \/>\n<meta name=\"robots\" content=\"index, follow, max-snippet:-1, max-image-preview:large, max-video-preview:-1\" \/>\n<link rel=\"canonical\" href=\"https:\/\/herberiedelatille.fr\/blog\/potager\/cardon\/\" \/>\n<meta property=\"og:locale\" content=\"fr_FR\" \/>\n<meta property=\"og:type\" content=\"article\" \/>\n<meta property=\"og:title\" content=\"Cardon : Culture et conseils jardinage 2026\" \/>\n<meta property=\"og:description\" content=\"Le cardon, plante de la famille des ast\u00e9rac\u00e9es, est de plus en plus pris\u00e9 pour ses qualit\u00e9s culinaires et ses vertus nutritionnelles.\" \/>\n<meta property=\"og:url\" content=\"https:\/\/herberiedelatille.fr\/blog\/potager\/cardon\/\" \/>\n<meta property=\"og:site_name\" content=\"Herberie de la Tille\" \/>\n<meta property=\"og:image\" content=\"https:\/\/herberiedelatille.fr\/blog\/wp-content\/uploads\/2026\/05\/sdxl-895dc2462e46e3e03eb3dd38154c1d2f-scaled.png\" \/>\n\t<meta property=\"og:image:width\" content=\"1200\" \/>\n\t<meta property=\"og:image:height\" content=\"500\" \/>\n\t<meta property=\"og:image:type\" content=\"image\/png\" \/>\n<meta name=\"author\" content=\"Julien Prigent\" \/>\n<meta name=\"twitter:card\" content=\"summary_large_image\" \/>\n<script type=\"application\/ld+json\" class=\"yoast-schema-graph\">{\"@context\":\"https:\/\/schema.org\",\"@graph\":[{\"@type\":\"NewsArticle\",\"@id\":\"https:\/\/herberiedelatille.fr\/blog\/potager\/cardon\/#article\",\"isPartOf\":{\"@id\":\"https:\/\/herberiedelatille.fr\/blog\/potager\/cardon\/\"},\"author\":{\"name\":\"Julien Prigent\",\"@id\":\"https:\/\/herberiedelatille.fr\/blog\/#\/schema\/person\/3c864cdc320801e3db34b663e7e3f816\"},\"headline\":\"Cardon : Culture et conseils jardinage 2026\",\"datePublished\":\"2026-01-17T09:00:00+00:00\",\"mainEntityOfPage\":{\"@id\":\"https:\/\/herberiedelatille.fr\/blog\/potager\/cardon\/\"},\"wordCount\":804,\"commentCount\":0,\"publisher\":{\"@id\":\"https:\/\/herberiedelatille.fr\/blog\/#organization\"},\"image\":{\"@id\":\"https:\/\/herberiedelatille.fr\/blog\/potager\/cardon\/#primaryimage\"},\"thumbnailUrl\":\"https:\/\/herberiedelatille.fr\/blog\/wp-content\/uploads\/2026\/05\/sdxl-895dc2462e46e3e03eb3dd38154c1d2f-scaled.png\",\"articleSection\":[\"Potager\"],\"inLanguage\":\"fr-FR\",\"potentialAction\":[{\"@type\":\"CommentAction\",\"name\":\"Comment\",\"target\":[\"https:\/\/herberiedelatille.fr\/blog\/potager\/cardon\/#respond\"]}]},{\"@type\":\"WebPage\",\"@id\":\"https:\/\/herberiedelatille.fr\/blog\/potager\/cardon\/\",\"url\":\"https:\/\/herberiedelatille.fr\/blog\/potager\/cardon\/\",\"name\":\"Cardon : Culture et conseils jardinage 2026\",\"isPartOf\":{\"@id\":\"https:\/\/herberiedelatille.fr\/blog\/#website\"},\"primaryImageOfPage\":{\"@id\":\"https:\/\/herberiedelatille.fr\/blog\/potager\/cardon\/#primaryimage\"},\"image\":{\"@id\":\"https:\/\/herberiedelatille.fr\/blog\/potager\/cardon\/#primaryimage\"},\"thumbnailUrl\":\"https:\/\/herberiedelatille.fr\/blog\/wp-content\/uploads\/2026\/05\/sdxl-895dc2462e46e3e03eb3dd38154c1d2f-scaled.png\",\"datePublished\":\"2026-01-17T09:00:00+00:00\",\"description\":\"Le cardon, plante de la famille des ast\u00e9rac\u00e9es, est de plus en plus pris\u00e9 pour ses qualit\u00e9s culinaires et ses vertus nutritionnelles.\",\"inLanguage\":\"fr-FR\",\"potentialAction\":[{\"@type\":\"ReadAction\",\"target\":[\"https:\/\/herberiedelatille.fr\/blog\/potager\/cardon\/\"]}]},{\"@type\":\"ImageObject\",\"inLanguage\":\"fr-FR\",\"@id\":\"https:\/\/herberiedelatille.fr\/blog\/potager\/cardon\/#primaryimage\",\"url\":\"https:\/\/herberiedelatille.fr\/blog\/wp-content\/uploads\/2026\/05\/sdxl-895dc2462e46e3e03eb3dd38154c1d2f-scaled.png\",\"contentUrl\":\"https:\/\/herberiedelatille.fr\/blog\/wp-content\/uploads\/2026\/05\/sdxl-895dc2462e46e3e03eb3dd38154c1d2f-scaled.png\",\"width\":1200,\"height\":500},{\"@type\":\"WebSite\",\"@id\":\"https:\/\/herberiedelatille.fr\/blog\/#website\",\"url\":\"https:\/\/herberiedelatille.fr\/blog\/\",\"name\":\"Herberie de la Tille\",\"description\":\"Le m\u00e9dia de la botanique pratique \u2014 plantes, herboristerie, identification\",\"publisher\":{\"@id\":\"https:\/\/herberiedelatille.fr\/blog\/#organization\"},\"alternateName\":\"Herberie de la Tille\",\"potentialAction\":[{\"@type\":\"SearchAction\",\"target\":{\"@type\":\"EntryPoint\",\"urlTemplate\":\"https:\/\/herberiedelatille.fr\/blog\/?s={search_term_string}\"},\"query-input\":{\"@type\":\"PropertyValueSpecification\",\"valueRequired\":true,\"valueName\":\"search_term_string\"}}],\"inLanguage\":\"fr-FR\"},{\"@type\":\"Organization\",\"@id\":\"https:\/\/herberiedelatille.fr\/blog\/#organization\",\"name\":\"Herberie de la Tille\",\"url\":\"https:\/\/herberiedelatille.fr\/blog\/\",\"logo\":{\"@type\":\"ImageObject\",\"inLanguage\":\"fr-FR\",\"@id\":\"https:\/\/herberiedelatille.fr\/blog\/#\/schema\/logo\/image\/\",\"url\":\"https:\/\/herberiedelatille.fr\/blog\/wp-content\/uploads\/2024\/12\/herberiedelatille.png\",\"contentUrl\":\"https:\/\/herberiedelatille.fr\/blog\/wp-content\/uploads\/2024\/12\/herberiedelatille.png\",\"width\":500,\"height\":500,\"caption\":\"Herberie de la Tille\"},\"image\":{\"@id\":\"https:\/\/herberiedelatille.fr\/blog\/#\/schema\/logo\/image\/\"}},{\"@type\":\"Person\",\"@id\":\"https:\/\/herberiedelatille.fr\/blog\/#\/schema\/person\/3c864cdc320801e3db34b663e7e3f816\",\"name\":\"Julien Prigent\",\"image\":{\"@type\":\"ImageObject\",\"inLanguage\":\"fr-FR\",\"@id\":\"https:\/\/herberiedelatille.fr\/blog\/#\/schema\/person\/image\/\",\"url\":\"https:\/\/herberiedelatille.fr\/blog\/wp-content\/uploads\/2026\/06\/persona_julien-p-96x96.jpg\",\"contentUrl\":\"https:\/\/herberiedelatille.fr\/blog\/wp-content\/uploads\/2026\/06\/persona_julien-p-96x96.jpg\",\"caption\":\"Julien Prigent\"},\"description\":\"Bricoleur et jardinier dans l'\u00e2me, j'\u00e9cris sur la maison et ses ext\u00e9rieurs avec les mains dans le cambouis plus que dans les th\u00e9ories. Mon terrain couvre tout l'habitat : le potager et le jardin au fil des saisons, mais aussi les petits travaux, la r\u00e9novation, le bricolage et les m\u00e9tiers du b\u00e2timent \u2014 toiture, isolation, menuiserie, serrurerie, ma\u00e7onnerie. J'aime expliquer un geste technique simplement, donner des fourchettes de prix r\u00e9alistes et les bons crit\u00e8res pour choisir un mat\u00e9riau ou un artisan. Je teste ce que je peux sur mes propres chantiers et au jardin avant d'en parler, je distingue la tradition de ce que confirme l'observation, et je pr\u00e9cise toujours le contexte \u2014 climat, type de sol, configuration du logement \u2014 parce qu'un m\u00eame conseil ne vaut pas partout. Mon but : rendre l'entretien et l'am\u00e9lioration de la maison accessibles, durables et \u00e9conomes.\",\"sameAs\":[\"https:\/\/julienprigent.fr\/\"],\"url\":\"https:\/\/herberiedelatille.fr\/blog\/auteur\/julien-p\/\"}]}<\/script>\n<!-- \/ Yoast SEO Premium plugin. -->","yoast_head_json":{"title":"Cardon : Culture et conseils jardinage 2026","description":"Le cardon, plante de la famille des ast\u00e9rac\u00e9es, est de plus en plus pris\u00e9 pour ses qualit\u00e9s culinaires et ses vertus nutritionnelles.","robots":{"index":"index","follow":"follow","max-snippet":"max-snippet:-1","max-image-preview":"max-image-preview:large","max-video-preview":"max-video-preview:-1"},"canonical":"https:\/\/herberiedelatille.fr\/blog\/potager\/cardon\/","og_locale":"fr_FR","og_type":"article","og_title":"Cardon : Culture et conseils jardinage 2026","og_description":"Le cardon, plante de la famille des ast\u00e9rac\u00e9es, est de plus en plus pris\u00e9 pour ses qualit\u00e9s culinaires et ses vertus nutritionnelles.","og_url":"https:\/\/herberiedelatille.fr\/blog\/potager\/cardon\/","og_site_name":"Herberie de la Tille","og_image":[{"width":1200,"height":500,"url":"https:\/\/herberiedelatille.fr\/blog\/wp-content\/uploads\/2026\/05\/sdxl-895dc2462e46e3e03eb3dd38154c1d2f-scaled.png","type":"image\/png"}],"author":"Julien Prigent","twitter_card":"summary_large_image","schema":{"@context":"https:\/\/schema.org","@graph":[{"@type":"NewsArticle","@id":"https:\/\/herberiedelatille.fr\/blog\/potager\/cardon\/#article","isPartOf":{"@id":"https:\/\/herberiedelatille.fr\/blog\/potager\/cardon\/"},"author":{"name":"Julien Prigent","@id":"https:\/\/herberiedelatille.fr\/blog\/#\/schema\/person\/3c864cdc320801e3db34b663e7e3f816"},"headline":"Cardon : Culture et conseils jardinage 2026","datePublished":"2026-01-17T09:00:00+00:00","mainEntityOfPage":{"@id":"https:\/\/herberiedelatille.fr\/blog\/potager\/cardon\/"},"wordCount":804,"commentCount":0,"publisher":{"@id":"https:\/\/herberiedelatille.fr\/blog\/#organization"},"image":{"@id":"https:\/\/herberiedelatille.fr\/blog\/potager\/cardon\/#primaryimage"},"thumbnailUrl":"https:\/\/herberiedelatille.fr\/blog\/wp-content\/uploads\/2026\/05\/sdxl-895dc2462e46e3e03eb3dd38154c1d2f-scaled.png","articleSection":["Potager"],"inLanguage":"fr-FR","potentialAction":[{"@type":"CommentAction","name":"Comment","target":["https:\/\/herberiedelatille.fr\/blog\/potager\/cardon\/#respond"]}]},{"@type":"WebPage","@id":"https:\/\/herberiedelatille.fr\/blog\/potager\/cardon\/","url":"https:\/\/herberiedelatille.fr\/blog\/potager\/cardon\/","name":"Cardon : Culture et conseils jardinage 2026","isPartOf":{"@id":"https:\/\/herberiedelatille.fr\/blog\/#website"},"primaryImageOfPage":{"@id":"https:\/\/herberiedelatille.fr\/blog\/potager\/cardon\/#primaryimage"},"image":{"@id":"https:\/\/herberiedelatille.fr\/blog\/potager\/cardon\/#primaryimage"},"thumbnailUrl":"https:\/\/herberiedelatille.fr\/blog\/wp-content\/uploads\/2026\/05\/sdxl-895dc2462e46e3e03eb3dd38154c1d2f-scaled.png","datePublished":"2026-01-17T09:00:00+00:00","description":"Le cardon, plante de la famille des ast\u00e9rac\u00e9es, est de plus en plus pris\u00e9 pour ses qualit\u00e9s culinaires et ses vertus nutritionnelles.","inLanguage":"fr-FR","potentialAction":[{"@type":"ReadAction","target":["https:\/\/herberiedelatille.fr\/blog\/potager\/cardon\/"]}]},{"@type":"ImageObject","inLanguage":"fr-FR","@id":"https:\/\/herberiedelatille.fr\/blog\/potager\/cardon\/#primaryimage","url":"https:\/\/herberiedelatille.fr\/blog\/wp-content\/uploads\/2026\/05\/sdxl-895dc2462e46e3e03eb3dd38154c1d2f-scaled.png","contentUrl":"https:\/\/herberiedelatille.fr\/blog\/wp-content\/uploads\/2026\/05\/sdxl-895dc2462e46e3e03eb3dd38154c1d2f-scaled.png","width":1200,"height":500},{"@type":"WebSite","@id":"https:\/\/herberiedelatille.fr\/blog\/#website","url":"https:\/\/herberiedelatille.fr\/blog\/","name":"Herberie de la Tille","description":"Le m\u00e9dia de la botanique pratique \u2014 plantes, herboristerie, identification","publisher":{"@id":"https:\/\/herberiedelatille.fr\/blog\/#organization"},"alternateName":"Herberie de la Tille","potentialAction":[{"@type":"SearchAction","target":{"@type":"EntryPoint","urlTemplate":"https:\/\/herberiedelatille.fr\/blog\/?s={search_term_string}"},"query-input":{"@type":"PropertyValueSpecification","valueRequired":true,"valueName":"search_term_string"}}],"inLanguage":"fr-FR"},{"@type":"Organization","@id":"https:\/\/herberiedelatille.fr\/blog\/#organization","name":"Herberie de la Tille","url":"https:\/\/herberiedelatille.fr\/blog\/","logo":{"@type":"ImageObject","inLanguage":"fr-FR","@id":"https:\/\/herberiedelatille.fr\/blog\/#\/schema\/logo\/image\/","url":"https:\/\/herberiedelatille.fr\/blog\/wp-content\/uploads\/2024\/12\/herberiedelatille.png","contentUrl":"https:\/\/herberiedelatille.fr\/blog\/wp-content\/uploads\/2024\/12\/herberiedelatille.png","width":500,"height":500,"caption":"Herberie de la Tille"},"image":{"@id":"https:\/\/herberiedelatille.fr\/blog\/#\/schema\/logo\/image\/"}},{"@type":"Person","@id":"https:\/\/herberiedelatille.fr\/blog\/#\/schema\/person\/3c864cdc320801e3db34b663e7e3f816","name":"Julien Prigent","image":{"@type":"ImageObject","inLanguage":"fr-FR","@id":"https:\/\/herberiedelatille.fr\/blog\/#\/schema\/person\/image\/","url":"https:\/\/herberiedelatille.fr\/blog\/wp-content\/uploads\/2026\/06\/persona_julien-p-96x96.jpg","contentUrl":"https:\/\/herberiedelatille.fr\/blog\/wp-content\/uploads\/2026\/06\/persona_julien-p-96x96.jpg","caption":"Julien Prigent"},"description":"Bricoleur et jardinier dans l'\u00e2me, j'\u00e9cris sur la maison et ses ext\u00e9rieurs avec les mains dans le cambouis plus que dans les th\u00e9ories. Mon terrain couvre tout l'habitat : le potager et le jardin au fil des saisons, mais aussi les petits travaux, la r\u00e9novation, le bricolage et les m\u00e9tiers du b\u00e2timent \u2014 toiture, isolation, menuiserie, serrurerie, ma\u00e7onnerie. J'aime expliquer un geste technique simplement, donner des fourchettes de prix r\u00e9alistes et les bons crit\u00e8res pour choisir un mat\u00e9riau ou un artisan. Je teste ce que je peux sur mes propres chantiers et au jardin avant d'en parler, je distingue la tradition de ce que confirme l'observation, et je pr\u00e9cise toujours le contexte \u2014 climat, type de sol, configuration du logement \u2014 parce qu'un m\u00eame conseil ne vaut pas partout. Mon but : rendre l'entretien et l'am\u00e9lioration de la maison accessibles, durables et \u00e9conomes.","sameAs":["https:\/\/julienprigent.fr\/"],"url":"https:\/\/herberiedelatille.fr\/blog\/auteur\/julien-p\/"}]}},"_links":{"self":[{"href":"https:\/\/herberiedelatille.fr\/blog\/wp-json\/wp\/v2\/posts\/7580","targetHints":{"allow":["GET"]}}],"collection":[{"href":"https:\/\/herberiedelatille.fr\/blog\/wp-json\/wp\/v2\/posts"}],"about":[{"href":"https:\/\/herberiedelatille.fr\/blog\/wp-json\/wp\/v2\/types\/post"}],"author":[{"embeddable":true,"href":"https:\/\/herberiedelatille.fr\/blog\/wp-json\/wp\/v2\/users\/34"}],"replies":[{"embeddable":true,"href":"https:\/\/herberiedelatille.fr\/blog\/wp-json\/wp\/v2\/comments?post=7580"}],"version-history":[{"count":0,"href":"https:\/\/herberiedelatille.fr\/blog\/wp-json\/wp\/v2\/posts\/7580\/revisions"}],"wp:featuredmedia":[{"embeddable":true,"href":"https:\/\/herberiedelatille.fr\/blog\/wp-json\/wp\/v2\/media\/7775"}],"wp:attachment":[{"href":"https:\/\/herberiedelatille.fr\/blog\/wp-json\/wp\/v2\/media?parent=7580"}],"wp:term":[{"taxonomy":"category","embeddable":true,"href":"https:\/\/herberiedelatille.fr\/blog\/wp-json\/wp\/v2\/categories?post=7580"},{"taxonomy":"post_tag","embeddable":true,"href":"https:\/\/herberiedelatille.fr\/blog\/wp-json\/wp\/v2\/tags?post=7580"}],"curies":[{"name":"wp","href":"https:\/\/api.w.org\/{rel}","templated":true}]}}