{"id":7585,"date":"2026-03-03T09:00:00","date_gmt":"2026-03-03T09:00:00","guid":{"rendered":"https:\/\/herberiedelatille.fr\/blog\/articles\/calendrier-lunaire-2025-jardinage\/"},"modified":"2026-03-03T09:00:00","modified_gmt":"2026-03-03T09:00:00","slug":"calendrier-lunaire-2025-jardinage","status":"publish","type":"post","link":"https:\/\/herberiedelatille.fr\/blog\/techniques-de-jardinage\/calendrier-lunaire-2025-jardinage\/","title":{"rendered":"Calendrier Lunaire 2025 : Guide Jardinage"},"content":{"rendered":"<p>Le calendrier lunaire pour 2025 est un outil essentiel pour les jardiniers souhaitant optimiser leurs cultures selon les cycles de la lune. En suivant ces cycles, vous pouvez d\u00e9terminer les meilleurs moments pour semer, planter, tailler ou r\u00e9colter vos l\u00e9gumes et fleurs. Ce guide vous pr\u00e9sente les phases lunaires de 2025, des conseils pratiques et des exemples chiffr\u00e9s pour maximiser votre jardinage.<\/p>\n<h2>Qu\u2019est-ce que le calendrier lunaire ?<\/h2>\n<p>Le calendrier lunaire repose sur les phases de la lune : nouvelle lune, premier quartier, pleine lune et dernier quartier. Chaque phase influence la croissance des plantes. Par exemple :<\/p>\n<ul>\n<li><strong>Nouvelle lune<\/strong> : p\u00e9riode id\u00e9ale pour semer des graines.<\/li>\n<li><strong>Pleine lune<\/strong> : propice aux r\u00e9coltes et \u00e0 la taille.<\/li>\n<\/ul>\n<p>Utiliser ces p\u00e9riodes peut augmenter le rendement de votre jardin.<\/p>\n<h2>Les phases lunaires en 2025<\/h2>\n<p>Voici un tableau r\u00e9capitulatif des principales phases lunaires en 2025 :<\/p>\n<table class=\"kwdbank-table\">\n<thead>\n<tr>\n<th>Mois<\/th>\n<th>Nouvelle Lune<\/th>\n<th>Premier Quartier<\/th>\n<th>Pleine Lune<\/th>\n<th>Dernier Quartier<\/th>\n<\/tr>\n<\/thead>\n<tbody>\n<tr>\n<td>Janvier<\/td>\n<td>11<\/td>\n<td>18<\/td>\n<td>25<\/td>\n<td>3<\/td>\n<\/tr>\n<tr>\n<td>F\u00e9vrier<\/td>\n<td>10<\/td>\n<td>17<\/td>\n<td>24<\/td>\n<td>2<\/td>\n<\/tr>\n<tr>\n<td>Mars<\/td>\n<td>10<\/td>\n<td>18<\/td>\n<td>25<\/td>\n<td>2<\/td>\n<\/tr>\n<tr>\n<td>Avril<\/td>\n<td>8<\/td>\n<td>15<\/td>\n<td>23<\/td>\n<td>30<\/td>\n<\/tr>\n<tr>\n<td>Mai<\/td>\n<td>8<\/td>\n<td>15<\/td>\n<td>23<\/td>\n<td>29<\/td>\n<\/tr>\n<tr>\n<td>Juin<\/td>\n<td>7<\/td>\n<td>14<\/td>\n<td>21<\/td>\n<td>28<\/td>\n<\/tr>\n<tr>\n<td>Juillet<\/td>\n<td>6<\/td>\n<td>13<\/td>\n<td>21<\/td>\n<td>27<\/td>\n<\/tr>\n<tr>\n<td>Ao\u00fbt<\/td>\n<td>5<\/td>\n<td>12<\/td>\n<td>19<\/td>\n<td>26<\/td>\n<\/tr>\n<tr>\n<td>Septembre<\/td>\n<td>4<\/td>\n<td>10<\/td>\n<td>18<\/td>\n<td>25<\/td>\n<\/tr>\n<tr>\n<td>Octobre<\/td>\n<td>4<\/td>\n<td>10<\/td>\n<td>17<\/td>\n<td>24<\/td>\n<\/tr>\n<tr>\n<td>Novembre<\/td>\n<td>3<\/td>\n<td>9<\/td>\n<td>16<\/td>\n<td>23<\/td>\n<\/tr>\n<tr>\n<td>D\u00e9cembre<\/td>\n<td>2<\/td>\n<td>9<\/td>\n<td>16<\/td>\n<td>23<\/td>\n<\/tr>\n<\/tbody>\n<\/table>\n<h2>Exemples d\u2019application du calendrier lunaire<\/h2>\n<h3>Exemple chiffr\u00e9 #1 : Semis de tomates<\/h3>\n<p>Pour une culture de tomates, il est conseill\u00e9 de semer entre le <strong>11 janvier<\/strong> (nouvelle lune) et le <strong>18 janvier<\/strong> (premier quartier). Supposons que vous plantiez dans un jardin de <strong>20 m\u00b2<\/strong>. Avec un rendement moyen de <strong>6 kg par m\u00b2<\/strong>, vous pourriez r\u00e9colter jusqu\u2019\u00e0 <strong>120 kg<\/strong> si vous suivez correctement le calendrier.<\/p>\n<h3>Exemple chiffr\u00e9 #2 : R\u00e9colte de courgettes<\/h3>\n<p>Pour les courgettes, la pleine lune du <strong>25 janvier<\/strong> est id\u00e9ale pour la r\u00e9colte. Si vous avez cultiv\u00e9 <strong>10 plants<\/strong>, avec une production moyenne de <strong>3 kg par plant<\/strong>, cela repr\u00e9sente une r\u00e9colte totale de <strong>30 kg<\/strong>, \u00e0 condition d\u2019avoir bien suivi l\u2019entretien durant les phases ad\u00e9quates.<\/p>\n<h2>Pi\u00e8ges \u00e0 \u00e9viter<\/h2>\n<p>Un pi\u00e8ge fr\u00e9quent est de n\u00e9gliger l\u2019importance des conditions climatiques locales. M\u00eame si le calendrier lunaire indique une p\u00e9riode favorable, des gel\u00e9es tardives ou une s\u00e9cheresse prolong\u00e9e peuvent compromettre vos cultures. Assurez-vous donc de consulter \u00e9galement les pr\u00e9visions m\u00e9t\u00e9orologiques avant de planifier vos semis ou r\u00e9coltes.<\/p>\n<h2>Budget pr\u00e9visionnel pour le jardinage en suivant le calendrier lunaire<\/h2>\n<p>Pour un jardinage optimal bas\u00e9 sur le calendrier lunaire en <strong>2025<\/strong>, voici un budget estimatif :<\/p>\n<table class=\"kwdbank-table\">\n<thead>\n<tr>\n<th>\u00c9l\u00e9ment<\/th>\n<th>Co\u00fbt approximatif (en \u20ac)<\/th>\n<\/tr>\n<\/thead>\n<tbody>\n<tr>\n<td>Graines (tomates, courgettes)<\/td>\n<td>\u20ac30<\/td>\n<\/tr>\n<tr>\n<td>Terreau et amendements<\/td>\n<td>\u20ac50<\/td>\n<\/tr>\n<tr>\n<td>Outils (pelles, s\u00e9cateurs)<\/td>\n<td>\u20ac40<\/td>\n<\/tr>\n<tr>\n<td>Arrosage (syst\u00e8me goutte-\u00e0-goutte)<\/td>\n<td>\u20ac60<\/td>\n<\/tr>\n<\/tbody>\n<\/table>\n<p>Total : <strong>\u20ac180<\/strong><\/p>\n<p>En investissant judicieusement dans votre jardin, vous maximisez vos chances d\u2019obtenir des r\u00e9coltes abondantes.<\/p>\n<h2>Conseils pratiques pour utiliser le calendrier lunaire<\/h2>\n<ol>\n<li><strong>Tenez un journal<\/strong> : Notez vos dates de semis et r\u00e9coltes selon le calendrier.<\/li>\n<li><strong>Planifiez \u00e0 l\u2019avance<\/strong> : \u00c9tablissez un plan annuel bas\u00e9 sur les cycles lunaires.<\/li>\n<li><strong>Renseignez-vous localement<\/strong> : Adaptez votre approche en fonction des sp\u00e9cificit\u00e9s r\u00e9gionales.<\/li>\n<\/ol>\n<h2>FAQ<\/h2>\n<h3>Quel est l\u2019int\u00e9r\u00eat du jardinage selon le calendrier lunaire ?<\/h3>\n<p>Jardiner selon les phases lunaires peut optimiser la croissance des plantes et augmenter les rendements.<\/p>\n<h3>Comment savoir quelle plante semer en fonction de la lune ?<\/h3>\n<p>Consultez un calendrier lunaire sp\u00e9cifique au jardinage qui indique quelles plantes sont favoris\u00e9es par chaque phase.<\/p>\n<h3>Y a-t-il des cultures \u00e0 \u00e9viter lors d\u2019une pleine lune ?<\/h3>\n<p>Il est g\u00e9n\u00e9ralement recommand\u00e9 d\u2019\u00e9viter les semis sensibles aux maladies pendant cette p\u00e9riode.<\/p>\n<h3>Comment \u00e9tablir mon propre calendrier lunaire ?<\/h3>\n<p>Vous pouvez cr\u00e9er votre propre calendrier en observant vos cultures et en notant leurs r\u00e9actions aux diff\u00e9rentes phases lunaires.<\/p>\n<h3>Le co\u00fbt du jardinage augmente-t-il avec l\u2019utilisation du calendrier lunaire ?<\/h3>\n<p>Pas n\u00e9cessairement ; bien qu\u2019il puisse y avoir des investissements initiaux, une bonne planification peut r\u00e9duire les co\u00fbts globaux gr\u00e2ce \u00e0 des r\u00e9coltes plus abondantes.<\/p>\n<h3>O\u00f9 trouver un calendrier lunaire sp\u00e9cifique pour mon jardin ?<\/h3>\n<p>De nombreux sites web sp\u00e9cialis\u00e9s offrent des calendriers lunaires gratuits adapt\u00e9s au jardinage. Vous pouvez \u00e9galement consulter des livres d\u00e9di\u00e9s au sujet.<\/p>\n<p>Adoptez ces conseils et commencez d\u00e8s aujourd\u2019hui \u00e0 planifier votre ann\u00e9e jardinage en accord avec le cycle lunar !<\/p>\n<hr>\n<div class=\"articles-lies\">\n<h3>\u00c0 lire aussi<\/h3>\n<ul>\n<li><a href=\"https:\/\/herberiedelatille.fr\/blog\/techniques-de-jardinage\/stephane-marie\/\">St\u00e9phane Marie : Conseils Jardinage 2026<\/a><\/li>\n<li><a href=\"https:\/\/herberiedelatille.fr\/blog\/techniques-de-jardinage\/plantes-vivace-pour-massif\/\">Plantes Vivaces Massif : Top 15 Vari\u00e9t\u00e9s<\/a><\/li>\n<li><a href=\"https:\/\/herberiedelatille.fr\/blog\/techniques-de-jardinage\/pleine-lune-date\/\">Pleine lune date : Calendrier jardinage<\/a><\/li>\n<li><a href=\"https:\/\/herberiedelatille.fr\/blog\/conservation-et-biodiversite\/les-plantes-medicinales-definition-vertus-et-conseils-de-culture\/\">Les plantes m\u00e9dicinales : d\u00e9finition, vertus et conseils de culture<\/a><\/li>\n<\/ul>\n<\/div>\n","protected":false},"excerpt":{"rendered":"","protected":false},"author":34,"featured_media":7773,"comment_status":"open","ping_status":"open","sticky":false,"template":"","format":"standard","meta":{"_acf_changed":false,"manual_indexmenow":false,"indexmenow_id_project":0,"footnotes":""},"categories":[4521],"tags":[],"class_list":["post-7585","post","type-post","status-publish","format-standard","has-post-thumbnail","hentry","category-techniques-de-jardinage","generate-columns","tablet-grid-50","mobile-grid-100","grid-parent","grid-25"],"acf":[],"yoast_head":"<!-- This site is optimized with the Yoast SEO Premium plugin v21.3 (Yoast SEO v25.6) - https:\/\/yoast.com\/wordpress\/plugins\/seo\/ -->\n<title>Calendrier Lunaire 2025 : Guide Jardinage<\/title>\n<meta name=\"description\" content=\"Le calendrier lunaire pour 2025 est un outil essentiel pour les jardiniers souhaitant optimiser leurs cultures selon les cycles de la lune.\" \/>\n<meta name=\"robots\" content=\"index, follow, max-snippet:-1, max-image-preview:large, max-video-preview:-1\" \/>\n<link rel=\"canonical\" href=\"https:\/\/herberiedelatille.fr\/blog\/techniques-de-jardinage\/calendrier-lunaire-2025-jardinage\/\" \/>\n<meta property=\"og:locale\" content=\"fr_FR\" \/>\n<meta property=\"og:type\" content=\"article\" \/>\n<meta property=\"og:title\" content=\"Calendrier Lunaire 2025 : Guide Jardinage\" \/>\n<meta property=\"og:description\" content=\"Le calendrier lunaire pour 2025 est un outil essentiel pour les jardiniers souhaitant optimiser leurs cultures selon les cycles de la lune.\" \/>\n<meta property=\"og:url\" content=\"https:\/\/herberiedelatille.fr\/blog\/techniques-de-jardinage\/calendrier-lunaire-2025-jardinage\/\" \/>\n<meta property=\"og:site_name\" content=\"Herberie de la Tille\" \/>\n<meta property=\"og:image\" content=\"https:\/\/herberiedelatille.fr\/blog\/wp-content\/uploads\/2026\/05\/sdxl-e9662da00a00decf96bf08a0bd2d3213-scaled.png\" \/>\n\t<meta property=\"og:image:width\" content=\"1200\" \/>\n\t<meta property=\"og:image:height\" content=\"500\" \/>\n\t<meta property=\"og:image:type\" content=\"image\/png\" \/>\n<meta name=\"author\" content=\"Julien Prigent\" \/>\n<meta name=\"twitter:card\" content=\"summary_large_image\" \/>\n<script type=\"application\/ld+json\" class=\"yoast-schema-graph\">{\"@context\":\"https:\/\/schema.org\",\"@graph\":[{\"@type\":\"NewsArticle\",\"@id\":\"https:\/\/herberiedelatille.fr\/blog\/techniques-de-jardinage\/calendrier-lunaire-2025-jardinage\/#article\",\"isPartOf\":{\"@id\":\"https:\/\/herberiedelatille.fr\/blog\/techniques-de-jardinage\/calendrier-lunaire-2025-jardinage\/\"},\"author\":{\"name\":\"Julien Prigent\",\"@id\":\"https:\/\/herberiedelatille.fr\/blog\/#\/schema\/person\/3c864cdc320801e3db34b663e7e3f816\"},\"headline\":\"Calendrier Lunaire 2025 : Guide Jardinage\",\"datePublished\":\"2026-03-03T09:00:00+00:00\",\"mainEntityOfPage\":{\"@id\":\"https:\/\/herberiedelatille.fr\/blog\/techniques-de-jardinage\/calendrier-lunaire-2025-jardinage\/\"},\"wordCount\":696,\"commentCount\":0,\"publisher\":{\"@id\":\"https:\/\/herberiedelatille.fr\/blog\/#organization\"},\"image\":{\"@id\":\"https:\/\/herberiedelatille.fr\/blog\/techniques-de-jardinage\/calendrier-lunaire-2025-jardinage\/#primaryimage\"},\"thumbnailUrl\":\"https:\/\/herberiedelatille.fr\/blog\/wp-content\/uploads\/2026\/05\/sdxl-e9662da00a00decf96bf08a0bd2d3213-scaled.png\",\"articleSection\":[\"Techniques de Jardinage\"],\"inLanguage\":\"fr-FR\",\"potentialAction\":[{\"@type\":\"CommentAction\",\"name\":\"Comment\",\"target\":[\"https:\/\/herberiedelatille.fr\/blog\/techniques-de-jardinage\/calendrier-lunaire-2025-jardinage\/#respond\"]}]},{\"@type\":\"WebPage\",\"@id\":\"https:\/\/herberiedelatille.fr\/blog\/techniques-de-jardinage\/calendrier-lunaire-2025-jardinage\/\",\"url\":\"https:\/\/herberiedelatille.fr\/blog\/techniques-de-jardinage\/calendrier-lunaire-2025-jardinage\/\",\"name\":\"Calendrier Lunaire 2025 : Guide Jardinage\",\"isPartOf\":{\"@id\":\"https:\/\/herberiedelatille.fr\/blog\/#website\"},\"primaryImageOfPage\":{\"@id\":\"https:\/\/herberiedelatille.fr\/blog\/techniques-de-jardinage\/calendrier-lunaire-2025-jardinage\/#primaryimage\"},\"image\":{\"@id\":\"https:\/\/herberiedelatille.fr\/blog\/techniques-de-jardinage\/calendrier-lunaire-2025-jardinage\/#primaryimage\"},\"thumbnailUrl\":\"https:\/\/herberiedelatille.fr\/blog\/wp-content\/uploads\/2026\/05\/sdxl-e9662da00a00decf96bf08a0bd2d3213-scaled.png\",\"datePublished\":\"2026-03-03T09:00:00+00:00\",\"description\":\"Le calendrier lunaire pour 2025 est un outil essentiel pour les jardiniers souhaitant optimiser leurs cultures selon les cycles de la lune.\",\"inLanguage\":\"fr-FR\",\"potentialAction\":[{\"@type\":\"ReadAction\",\"target\":[\"https:\/\/herberiedelatille.fr\/blog\/techniques-de-jardinage\/calendrier-lunaire-2025-jardinage\/\"]}]},{\"@type\":\"ImageObject\",\"inLanguage\":\"fr-FR\",\"@id\":\"https:\/\/herberiedelatille.fr\/blog\/techniques-de-jardinage\/calendrier-lunaire-2025-jardinage\/#primaryimage\",\"url\":\"https:\/\/herberiedelatille.fr\/blog\/wp-content\/uploads\/2026\/05\/sdxl-e9662da00a00decf96bf08a0bd2d3213-scaled.png\",\"contentUrl\":\"https:\/\/herberiedelatille.fr\/blog\/wp-content\/uploads\/2026\/05\/sdxl-e9662da00a00decf96bf08a0bd2d3213-scaled.png\",\"width\":1200,\"height\":500},{\"@type\":\"WebSite\",\"@id\":\"https:\/\/herberiedelatille.fr\/blog\/#website\",\"url\":\"https:\/\/herberiedelatille.fr\/blog\/\",\"name\":\"Herberie de la Tille\",\"description\":\"Le m\u00e9dia de la botanique pratique \u2014 plantes, herboristerie, identification\",\"publisher\":{\"@id\":\"https:\/\/herberiedelatille.fr\/blog\/#organization\"},\"alternateName\":\"Herberie de la Tille\",\"potentialAction\":[{\"@type\":\"SearchAction\",\"target\":{\"@type\":\"EntryPoint\",\"urlTemplate\":\"https:\/\/herberiedelatille.fr\/blog\/?s={search_term_string}\"},\"query-input\":{\"@type\":\"PropertyValueSpecification\",\"valueRequired\":true,\"valueName\":\"search_term_string\"}}],\"inLanguage\":\"fr-FR\"},{\"@type\":\"Organization\",\"@id\":\"https:\/\/herberiedelatille.fr\/blog\/#organization\",\"name\":\"Herberie de la Tille\",\"url\":\"https:\/\/herberiedelatille.fr\/blog\/\",\"logo\":{\"@type\":\"ImageObject\",\"inLanguage\":\"fr-FR\",\"@id\":\"https:\/\/herberiedelatille.fr\/blog\/#\/schema\/logo\/image\/\",\"url\":\"https:\/\/herberiedelatille.fr\/blog\/wp-content\/uploads\/2024\/12\/herberiedelatille.png\",\"contentUrl\":\"https:\/\/herberiedelatille.fr\/blog\/wp-content\/uploads\/2024\/12\/herberiedelatille.png\",\"width\":500,\"height\":500,\"caption\":\"Herberie de la Tille\"},\"image\":{\"@id\":\"https:\/\/herberiedelatille.fr\/blog\/#\/schema\/logo\/image\/\"}},{\"@type\":\"Person\",\"@id\":\"https:\/\/herberiedelatille.fr\/blog\/#\/schema\/person\/3c864cdc320801e3db34b663e7e3f816\",\"name\":\"Julien Prigent\",\"image\":{\"@type\":\"ImageObject\",\"inLanguage\":\"fr-FR\",\"@id\":\"https:\/\/herberiedelatille.fr\/blog\/#\/schema\/person\/image\/\",\"url\":\"https:\/\/herberiedelatille.fr\/blog\/wp-content\/uploads\/2026\/06\/persona_julien-p-96x96.jpg\",\"contentUrl\":\"https:\/\/herberiedelatille.fr\/blog\/wp-content\/uploads\/2026\/06\/persona_julien-p-96x96.jpg\",\"caption\":\"Julien Prigent\"},\"description\":\"Bricoleur et jardinier dans l'\u00e2me, j'\u00e9cris sur la maison et ses ext\u00e9rieurs avec les mains dans le cambouis plus que dans les th\u00e9ories. Mon terrain couvre tout l'habitat : le potager et le jardin au fil des saisons, mais aussi les petits travaux, la r\u00e9novation, le bricolage et les m\u00e9tiers du b\u00e2timent \u2014 toiture, isolation, menuiserie, serrurerie, ma\u00e7onnerie. J'aime expliquer un geste technique simplement, donner des fourchettes de prix r\u00e9alistes et les bons crit\u00e8res pour choisir un mat\u00e9riau ou un artisan. Je teste ce que je peux sur mes propres chantiers et au jardin avant d'en parler, je distingue la tradition de ce que confirme l'observation, et je pr\u00e9cise toujours le contexte \u2014 climat, type de sol, configuration du logement \u2014 parce qu'un m\u00eame conseil ne vaut pas partout. Mon but : rendre l'entretien et l'am\u00e9lioration de la maison accessibles, durables et \u00e9conomes.\",\"sameAs\":[\"https:\/\/julienprigent.fr\/\"],\"url\":\"https:\/\/herberiedelatille.fr\/blog\/auteur\/julien-p\/\"}]}<\/script>\n<!-- \/ Yoast SEO Premium plugin. -->","yoast_head_json":{"title":"Calendrier Lunaire 2025 : Guide Jardinage","description":"Le calendrier lunaire pour 2025 est un outil essentiel pour les jardiniers souhaitant optimiser leurs cultures selon les cycles de la lune.","robots":{"index":"index","follow":"follow","max-snippet":"max-snippet:-1","max-image-preview":"max-image-preview:large","max-video-preview":"max-video-preview:-1"},"canonical":"https:\/\/herberiedelatille.fr\/blog\/techniques-de-jardinage\/calendrier-lunaire-2025-jardinage\/","og_locale":"fr_FR","og_type":"article","og_title":"Calendrier Lunaire 2025 : Guide Jardinage","og_description":"Le calendrier lunaire pour 2025 est un outil essentiel pour les jardiniers souhaitant optimiser leurs cultures selon les cycles de la lune.","og_url":"https:\/\/herberiedelatille.fr\/blog\/techniques-de-jardinage\/calendrier-lunaire-2025-jardinage\/","og_site_name":"Herberie de la Tille","og_image":[{"width":1200,"height":500,"url":"https:\/\/herberiedelatille.fr\/blog\/wp-content\/uploads\/2026\/05\/sdxl-e9662da00a00decf96bf08a0bd2d3213-scaled.png","type":"image\/png"}],"author":"Julien Prigent","twitter_card":"summary_large_image","schema":{"@context":"https:\/\/schema.org","@graph":[{"@type":"NewsArticle","@id":"https:\/\/herberiedelatille.fr\/blog\/techniques-de-jardinage\/calendrier-lunaire-2025-jardinage\/#article","isPartOf":{"@id":"https:\/\/herberiedelatille.fr\/blog\/techniques-de-jardinage\/calendrier-lunaire-2025-jardinage\/"},"author":{"name":"Julien Prigent","@id":"https:\/\/herberiedelatille.fr\/blog\/#\/schema\/person\/3c864cdc320801e3db34b663e7e3f816"},"headline":"Calendrier Lunaire 2025 : Guide Jardinage","datePublished":"2026-03-03T09:00:00+00:00","mainEntityOfPage":{"@id":"https:\/\/herberiedelatille.fr\/blog\/techniques-de-jardinage\/calendrier-lunaire-2025-jardinage\/"},"wordCount":696,"commentCount":0,"publisher":{"@id":"https:\/\/herberiedelatille.fr\/blog\/#organization"},"image":{"@id":"https:\/\/herberiedelatille.fr\/blog\/techniques-de-jardinage\/calendrier-lunaire-2025-jardinage\/#primaryimage"},"thumbnailUrl":"https:\/\/herberiedelatille.fr\/blog\/wp-content\/uploads\/2026\/05\/sdxl-e9662da00a00decf96bf08a0bd2d3213-scaled.png","articleSection":["Techniques de Jardinage"],"inLanguage":"fr-FR","potentialAction":[{"@type":"CommentAction","name":"Comment","target":["https:\/\/herberiedelatille.fr\/blog\/techniques-de-jardinage\/calendrier-lunaire-2025-jardinage\/#respond"]}]},{"@type":"WebPage","@id":"https:\/\/herberiedelatille.fr\/blog\/techniques-de-jardinage\/calendrier-lunaire-2025-jardinage\/","url":"https:\/\/herberiedelatille.fr\/blog\/techniques-de-jardinage\/calendrier-lunaire-2025-jardinage\/","name":"Calendrier Lunaire 2025 : Guide Jardinage","isPartOf":{"@id":"https:\/\/herberiedelatille.fr\/blog\/#website"},"primaryImageOfPage":{"@id":"https:\/\/herberiedelatille.fr\/blog\/techniques-de-jardinage\/calendrier-lunaire-2025-jardinage\/#primaryimage"},"image":{"@id":"https:\/\/herberiedelatille.fr\/blog\/techniques-de-jardinage\/calendrier-lunaire-2025-jardinage\/#primaryimage"},"thumbnailUrl":"https:\/\/herberiedelatille.fr\/blog\/wp-content\/uploads\/2026\/05\/sdxl-e9662da00a00decf96bf08a0bd2d3213-scaled.png","datePublished":"2026-03-03T09:00:00+00:00","description":"Le calendrier lunaire pour 2025 est un outil essentiel pour les jardiniers souhaitant optimiser leurs cultures selon les cycles de la lune.","inLanguage":"fr-FR","potentialAction":[{"@type":"ReadAction","target":["https:\/\/herberiedelatille.fr\/blog\/techniques-de-jardinage\/calendrier-lunaire-2025-jardinage\/"]}]},{"@type":"ImageObject","inLanguage":"fr-FR","@id":"https:\/\/herberiedelatille.fr\/blog\/techniques-de-jardinage\/calendrier-lunaire-2025-jardinage\/#primaryimage","url":"https:\/\/herberiedelatille.fr\/blog\/wp-content\/uploads\/2026\/05\/sdxl-e9662da00a00decf96bf08a0bd2d3213-scaled.png","contentUrl":"https:\/\/herberiedelatille.fr\/blog\/wp-content\/uploads\/2026\/05\/sdxl-e9662da00a00decf96bf08a0bd2d3213-scaled.png","width":1200,"height":500},{"@type":"WebSite","@id":"https:\/\/herberiedelatille.fr\/blog\/#website","url":"https:\/\/herberiedelatille.fr\/blog\/","name":"Herberie de la Tille","description":"Le m\u00e9dia de la botanique pratique \u2014 plantes, herboristerie, identification","publisher":{"@id":"https:\/\/herberiedelatille.fr\/blog\/#organization"},"alternateName":"Herberie de la Tille","potentialAction":[{"@type":"SearchAction","target":{"@type":"EntryPoint","urlTemplate":"https:\/\/herberiedelatille.fr\/blog\/?s={search_term_string}"},"query-input":{"@type":"PropertyValueSpecification","valueRequired":true,"valueName":"search_term_string"}}],"inLanguage":"fr-FR"},{"@type":"Organization","@id":"https:\/\/herberiedelatille.fr\/blog\/#organization","name":"Herberie de la Tille","url":"https:\/\/herberiedelatille.fr\/blog\/","logo":{"@type":"ImageObject","inLanguage":"fr-FR","@id":"https:\/\/herberiedelatille.fr\/blog\/#\/schema\/logo\/image\/","url":"https:\/\/herberiedelatille.fr\/blog\/wp-content\/uploads\/2024\/12\/herberiedelatille.png","contentUrl":"https:\/\/herberiedelatille.fr\/blog\/wp-content\/uploads\/2024\/12\/herberiedelatille.png","width":500,"height":500,"caption":"Herberie de la Tille"},"image":{"@id":"https:\/\/herberiedelatille.fr\/blog\/#\/schema\/logo\/image\/"}},{"@type":"Person","@id":"https:\/\/herberiedelatille.fr\/blog\/#\/schema\/person\/3c864cdc320801e3db34b663e7e3f816","name":"Julien Prigent","image":{"@type":"ImageObject","inLanguage":"fr-FR","@id":"https:\/\/herberiedelatille.fr\/blog\/#\/schema\/person\/image\/","url":"https:\/\/herberiedelatille.fr\/blog\/wp-content\/uploads\/2026\/06\/persona_julien-p-96x96.jpg","contentUrl":"https:\/\/herberiedelatille.fr\/blog\/wp-content\/uploads\/2026\/06\/persona_julien-p-96x96.jpg","caption":"Julien Prigent"},"description":"Bricoleur et jardinier dans l'\u00e2me, j'\u00e9cris sur la maison et ses ext\u00e9rieurs avec les mains dans le cambouis plus que dans les th\u00e9ories. Mon terrain couvre tout l'habitat : le potager et le jardin au fil des saisons, mais aussi les petits travaux, la r\u00e9novation, le bricolage et les m\u00e9tiers du b\u00e2timent \u2014 toiture, isolation, menuiserie, serrurerie, ma\u00e7onnerie. J'aime expliquer un geste technique simplement, donner des fourchettes de prix r\u00e9alistes et les bons crit\u00e8res pour choisir un mat\u00e9riau ou un artisan. Je teste ce que je peux sur mes propres chantiers et au jardin avant d'en parler, je distingue la tradition de ce que confirme l'observation, et je pr\u00e9cise toujours le contexte \u2014 climat, type de sol, configuration du logement \u2014 parce qu'un m\u00eame conseil ne vaut pas partout. Mon but : rendre l'entretien et l'am\u00e9lioration de la maison accessibles, durables et \u00e9conomes.","sameAs":["https:\/\/julienprigent.fr\/"],"url":"https:\/\/herberiedelatille.fr\/blog\/auteur\/julien-p\/"}]}},"_links":{"self":[{"href":"https:\/\/herberiedelatille.fr\/blog\/wp-json\/wp\/v2\/posts\/7585","targetHints":{"allow":["GET"]}}],"collection":[{"href":"https:\/\/herberiedelatille.fr\/blog\/wp-json\/wp\/v2\/posts"}],"about":[{"href":"https:\/\/herberiedelatille.fr\/blog\/wp-json\/wp\/v2\/types\/post"}],"author":[{"embeddable":true,"href":"https:\/\/herberiedelatille.fr\/blog\/wp-json\/wp\/v2\/users\/34"}],"replies":[{"embeddable":true,"href":"https:\/\/herberiedelatille.fr\/blog\/wp-json\/wp\/v2\/comments?post=7585"}],"version-history":[{"count":0,"href":"https:\/\/herberiedelatille.fr\/blog\/wp-json\/wp\/v2\/posts\/7585\/revisions"}],"wp:featuredmedia":[{"embeddable":true,"href":"https:\/\/herberiedelatille.fr\/blog\/wp-json\/wp\/v2\/media\/7773"}],"wp:attachment":[{"href":"https:\/\/herberiedelatille.fr\/blog\/wp-json\/wp\/v2\/media?parent=7585"}],"wp:term":[{"taxonomy":"category","embeddable":true,"href":"https:\/\/herberiedelatille.fr\/blog\/wp-json\/wp\/v2\/categories?post=7585"},{"taxonomy":"post_tag","embeddable":true,"href":"https:\/\/herberiedelatille.fr\/blog\/wp-json\/wp\/v2\/tags?post=7585"}],"curies":[{"name":"wp","href":"https:\/\/api.w.org\/{rel}","templated":true}]}}