{"id":7595,"date":"2026-05-01T09:00:00","date_gmt":"2026-05-01T09:00:00","guid":{"rendered":"https:\/\/herberiedelatille.fr\/blog\/?p=7595"},"modified":"2026-05-01T09:00:00","modified_gmt":"2026-05-01T09:00:00","slug":"plantes-vivace-pour-massif","status":"publish","type":"post","link":"https:\/\/herberiedelatille.fr\/blog\/techniques-de-jardinage\/plantes-vivace-pour-massif\/","title":{"rendered":"Plantes Vivaces Massif : Top 15 Vari\u00e9t\u00e9s"},"content":{"rendered":"<p>Choisir les bonnes <strong>plantes vivaces pour massif<\/strong> est essentiel pour cr\u00e9er un jardin esth\u00e9tique et durable. Les plantes vivaces, par d\u00e9finition, reviennent chaque ann\u00e9e, ce qui r\u00e9duit les efforts de replantation. Cet article vous pr\u00e9sente les 15 meilleures vari\u00e9t\u00e9s adapt\u00e9es aux massifs, en tenant compte de leur couleur, de leur taille et de leur p\u00e9riode de floraison.<\/p>\n<h2>Pourquoi opter pour des plantes vivaces ?<\/h2>\n<p>Les plantes vivaces pr\u00e9sentent plusieurs avantages :<\/p>\n<ul>\n<li><strong>Durabilit\u00e9<\/strong> : Elles vivent plusieurs ann\u00e9es, contrairement aux annuelles.<\/li>\n<li><strong>Entretien r\u00e9duit<\/strong> : Une fois \u00e9tablies, elles n\u00e9cessitent moins d\u2019arrosage et d\u2019engrais.<\/li>\n<li><strong>Biodiversit\u00e9<\/strong> : Elles attirent pollinisateurs et faune locale.<\/li>\n<\/ul>\n<h3>Choix des plantes selon l\u2019emplacement<\/h3>\n<p>Avant de choisir vos plantes, \u00e9valuez l\u2019emplacement :<\/p>\n<ul>\n<li><strong>Soleil ou ombre<\/strong> : Certaines plantes prosp\u00e8rent sous le soleil direct tandis que d\u2019autres pr\u00e9f\u00e8rent l\u2019ombre.<\/li>\n<li><strong>Type de sol<\/strong> : Un sol bien drain\u00e9 convient \u00e0 certaines vari\u00e9t\u00e9s, tandis que d\u2019autres s\u2019\u00e9panouissent dans des sols plus humides.<\/li>\n<\/ul>\n<h2>Top 15 des vari\u00e9t\u00e9s de plantes vivaces pour massif<\/h2>\n<p>Voici une s\u00e9lection des meilleures options pour embellir votre massif :<\/p>\n<table class=\"kwdbank-table\">\n<thead>\n<tr>\n<th>Plante<\/th>\n<th>Couleur<\/th>\n<th>Hauteur (cm)<\/th>\n<th>P\u00e9riode de floraison<\/th>\n<th>Exposition<\/th>\n<\/tr>\n<\/thead>\n<tbody>\n<tr>\n<td>Lavande<\/td>\n<td>Violet<\/td>\n<td>60-80<\/td>\n<td>Juin \u00e0 ao\u00fbt<\/td>\n<td>Plein soleil<\/td>\n<\/tr>\n<tr>\n<td>Echinac\u00e9e<\/td>\n<td>Rose \u00e0 violet<\/td>\n<td>80-100<\/td>\n<td>Juillet \u00e0 septembre<\/td>\n<td>Plein soleil<\/td>\n<\/tr>\n<tr>\n<td>G\u00e9ranium vivace<\/td>\n<td>Rose<\/td>\n<td>30-60<\/td>\n<td>Mai \u00e0 juin<\/td>\n<td>Mi-ombre<\/td>\n<\/tr>\n<tr>\n<td>Phlox panicul\u00e9<\/td>\n<td>Multicolore<\/td>\n<td>60-90<\/td>\n<td>Juillet \u00e0 septembre<\/td>\n<td>Plein soleil<\/td>\n<\/tr>\n<tr>\n<td>H\u00e9m\u00e9rocalle<\/td>\n<td>Jaune<\/td>\n<td>50-100<\/td>\n<td>Juin \u00e0 ao\u00fbt<\/td>\n<td>Mi-ombre<\/td>\n<\/tr>\n<tr>\n<td>Aster<\/td>\n<td>Violet<\/td>\n<td>40-120<\/td>\n<td>Ao\u00fbt \u00e0 octobre<\/td>\n<td>Plein soleil<\/td>\n<\/tr>\n<tr>\n<td>Salvia<\/td>\n<td>Bleu<\/td>\n<td>30-90<\/td>\n<td>Mai \u00e0 septembre<\/td>\n<td>Plein soleil<\/td>\n<\/tr>\n<tr>\n<td>Hostas<\/td>\n<td>Vert\/Jaune<\/td>\n<td>30-90<\/td>\n<td>Juillet \u00e0 ao\u00fbt<\/td>\n<td>Ombre<\/td>\n<\/tr>\n<tr>\n<td>Sedum<\/td>\n<td>Rouge\/Vert<\/td>\n<td>20-40<\/td>\n<td>Juillet \u00e0 septembre<\/td>\n<td>Plein soleil<\/td>\n<\/tr>\n<tr>\n<td>Nepeta<\/td>\n<td>Bleu<\/td>\n<td>30-60<\/td>\n<td>Mai \u00e0 juillet<\/td>\n<td>Plein soleil<\/td>\n<\/tr>\n<tr>\n<td>Coreopsis<\/td>\n<td>Jaune<\/td>\n<td>30-60<\/td>\n<td>Juin \u00e0 septembre<\/td>\n<td>Plein soleil<\/td>\n<\/tr>\n<tr>\n<td>Campanule<\/td>\n<td>Bleu<\/td>\n<td>20-80<\/td>\n<td>Mai \u00e0 juillet<\/td>\n<td>Mi-ombre<\/td>\n<\/tr>\n<tr>\n<td>Rudbeckie<\/td>\n<td>Jaune<\/td>\n<td>70-90<\/td>\n<td>Juillet \u00e0 octobre<\/td>\n<td>Plein soleil<\/td>\n<\/tr>\n<tr>\n<td>Astilbe<\/td>\n<td>Rose\/Blanc<\/td>\n<td>40-100<\/td>\n<td>Juin \u00e0 ao\u00fbt<\/td>\n<td>Ombre<\/td>\n<\/tr>\n<tr>\n<td>Calamintha<\/td>\n<td>Blanc<\/td>\n<td>30<\/td>\n<td>Juin \u00e0 septembre<\/td>\n<td>Plein soleil<\/td>\n<\/tr>\n<\/tbody>\n<\/table>\n<h2>Conseils pratiques pour la plantation<\/h2>\n<ol>\n<li><strong>Pr\u00e9parer le sol<\/strong> : Amendez votre terre avec du compost pour enrichir le sol avant la plantation.<\/li>\n<li><strong>Espacement<\/strong> : Respectez les distances entre les plants pour \u00e9viter la concurrence. Par exemple, espacez les Echinac\u00e9es d\u2019environ 40 cm.<\/li>\n<li><strong>Arrosage initial<\/strong> : Arrosez r\u00e9guli\u00e8rement pendant les premi\u00e8res semaines apr\u00e8s la plantation pour favoriser l\u2019enracinement.<\/li>\n<\/ol>\n<h2>Pi\u00e8ge \u00e0 \u00e9viter<\/h2>\n<p>Un pi\u00e8ge fr\u00e9quent est de choisir des vari\u00e9t\u00e9s uniquement en fonction de leur esth\u00e9tique sans tenir compte de leurs besoins sp\u00e9cifiques (sol, exposition). Cela peut entra\u00eener un d\u00e9veloppement m\u00e9diocre ou m\u00eame la mort des plants. Par exemple, une Lavande plant\u00e9e dans un sol trop humide risque de pourrir.<\/p>\n<h2>Action imm\u00e9diate<\/h2>\n<p>Pour bien d\u00e9buter votre massif, faites une visite dans une p\u00e9pini\u00e8re locale ou consultez un site sp\u00e9cialis\u00e9 pour observer les diff\u00e9rentes vari\u00e9t\u00e9s en situation r\u00e9elle. Prenez note des couleurs et des tailles qui vous plaisent.<\/p>\n<h2>FAQ<\/h2>\n<h3>Quelles sont les meilleures plantes vivaces pour un massif en plein soleil ?<\/h3>\n<p>Les Lavandes et Echinac\u00e9es sont id\u00e9ales car elles aiment le plein soleil et fleurissent abondamment.<\/p>\n<h3>Comment entretenir mes plantes vivaces ?<\/h3>\n<p>Un entretien minimal est requis, mais veillez \u00e0 arroser pendant les p\u00e9riodes s\u00e8ches et retirez les fleurs fan\u00e9es.<\/p>\n<h3>Quand planter des plantes vivaces ?<\/h3>\n<p>Le meilleur moment pour planter est au printemps ou en automne lorsque le sol est encore chaud.<\/p>\n<h3>Puis-je m\u00e9langer diff\u00e9rentes vari\u00e9t\u00e9s dans mon massif ?<\/h3>\n<p>Oui, m\u00e9langer diff\u00e9rentes vari\u00e9t\u00e9s permet d\u2019avoir un massif color\u00e9 tout au long de l\u2019ann\u00e9e.<\/p>\n<h3>Les plantes vivaces attirent-elles les pollinisateurs ?<\/h3>\n<p>Oui, beaucoup de ces plantes sont tr\u00e8s attractives pour les abeilles et autres insectes pollinisateurs.<\/p>\n<h3>Comment choisir entre des plantes vivaces et annuelles ?<\/h3>\n<p>Les plantes vivaces sont id\u00e9ales si vous recherchez une solution durable et n\u00e9cessitant moins d\u2019entretien. Les annuelles peuvent \u00eatre choisies si vous souhaitez changer r\u00e9guli\u00e8rement l\u2019apparence de votre jardin.<\/p>\n<hr>\n<div class=\"articles-lies\">\n<h3>\u00c0 lire aussi<\/h3>\n<ul>\n<li><a href=\"https:\/\/herberiedelatille.fr\/blog\/techniques-de-jardinage\/pleine-lune-date\/\">Pleine lune date : Calendrier jardinage<\/a><\/li>\n<li><a href=\"https:\/\/herberiedelatille.fr\/blog\/techniques-de-jardinage\/bouture-rose\/\">Bouture Rose : Conseils Expert Jardinage 2026<\/a><\/li>\n<li><a href=\"https:\/\/herberiedelatille.fr\/blog\/techniques-de-jardinage\/figuier-taille\/\">Figuier Taille : Guide Complet Jardinage<\/a><\/li>\n<li><a href=\"https:\/\/herberiedelatille.fr\/blog\/conservation-et-biodiversite\/les-plantes-medicinales-definition-vertus-et-conseils-de-culture\/\">Les plantes m\u00e9dicinales : d\u00e9finition, vertus et conseils de culture<\/a><\/li>\n<\/ul>\n<\/div>\n","protected":false},"excerpt":{"rendered":"","protected":false},"author":34,"featured_media":7762,"comment_status":"open","ping_status":"open","sticky":false,"template":"","format":"standard","meta":{"_acf_changed":false,"manual_indexmenow":false,"indexmenow_id_project":0,"footnotes":""},"categories":[4521],"tags":[],"class_list":["post-7595","post","type-post","status-publish","format-standard","has-post-thumbnail","hentry","category-techniques-de-jardinage","generate-columns","tablet-grid-50","mobile-grid-100","grid-parent","grid-25"],"acf":[],"yoast_head":"<!-- This site is optimized with the Yoast SEO Premium plugin v21.3 (Yoast SEO v25.6) - https:\/\/yoast.com\/wordpress\/plugins\/seo\/ -->\n<title>Plantes Vivaces Massif : Top 15 Vari\u00e9t\u00e9s<\/title>\n<meta name=\"description\" content=\"Choisir les bonnes plantes vivaces pour massif est essentiel pour cr\u00e9er un jardin esth\u00e9tique et durable.\" \/>\n<meta name=\"robots\" content=\"index, follow, max-snippet:-1, max-image-preview:large, max-video-preview:-1\" \/>\n<link rel=\"canonical\" href=\"https:\/\/herberiedelatille.fr\/blog\/techniques-de-jardinage\/plantes-vivace-pour-massif\/\" \/>\n<meta property=\"og:locale\" content=\"fr_FR\" \/>\n<meta property=\"og:type\" content=\"article\" \/>\n<meta property=\"og:title\" content=\"Plantes Vivaces Massif : Top 15 Vari\u00e9t\u00e9s\" \/>\n<meta property=\"og:description\" content=\"Choisir les bonnes plantes vivaces pour massif est essentiel pour cr\u00e9er un jardin esth\u00e9tique et durable.\" \/>\n<meta property=\"og:url\" content=\"https:\/\/herberiedelatille.fr\/blog\/techniques-de-jardinage\/plantes-vivace-pour-massif\/\" \/>\n<meta property=\"og:site_name\" content=\"Herberie de la Tille\" \/>\n<meta property=\"og:image\" content=\"https:\/\/herberiedelatille.fr\/blog\/wp-content\/uploads\/2026\/05\/sdxl-ebeb83c722c70cc29df6f6c591d5cdfd-scaled.png\" \/>\n\t<meta property=\"og:image:width\" content=\"1200\" \/>\n\t<meta property=\"og:image:height\" content=\"500\" \/>\n\t<meta property=\"og:image:type\" content=\"image\/png\" \/>\n<meta name=\"author\" content=\"Julien Prigent\" \/>\n<meta name=\"twitter:card\" content=\"summary_large_image\" \/>\n<script type=\"application\/ld+json\" class=\"yoast-schema-graph\">{\"@context\":\"https:\/\/schema.org\",\"@graph\":[{\"@type\":\"NewsArticle\",\"@id\":\"https:\/\/herberiedelatille.fr\/blog\/techniques-de-jardinage\/plantes-vivace-pour-massif\/#article\",\"isPartOf\":{\"@id\":\"https:\/\/herberiedelatille.fr\/blog\/techniques-de-jardinage\/plantes-vivace-pour-massif\/\"},\"author\":{\"name\":\"Julien Prigent\",\"@id\":\"https:\/\/herberiedelatille.fr\/blog\/#\/schema\/person\/3c864cdc320801e3db34b663e7e3f816\"},\"headline\":\"Plantes Vivaces Massif : Top 15 Vari\u00e9t\u00e9s\",\"datePublished\":\"2026-05-01T09:00:00+00:00\",\"mainEntityOfPage\":{\"@id\":\"https:\/\/herberiedelatille.fr\/blog\/techniques-de-jardinage\/plantes-vivace-pour-massif\/\"},\"wordCount\":689,\"commentCount\":0,\"publisher\":{\"@id\":\"https:\/\/herberiedelatille.fr\/blog\/#organization\"},\"image\":{\"@id\":\"https:\/\/herberiedelatille.fr\/blog\/techniques-de-jardinage\/plantes-vivace-pour-massif\/#primaryimage\"},\"thumbnailUrl\":\"https:\/\/herberiedelatille.fr\/blog\/wp-content\/uploads\/2026\/05\/sdxl-ebeb83c722c70cc29df6f6c591d5cdfd-scaled.png\",\"articleSection\":[\"Techniques de Jardinage\"],\"inLanguage\":\"fr-FR\",\"potentialAction\":[{\"@type\":\"CommentAction\",\"name\":\"Comment\",\"target\":[\"https:\/\/herberiedelatille.fr\/blog\/techniques-de-jardinage\/plantes-vivace-pour-massif\/#respond\"]}]},{\"@type\":\"WebPage\",\"@id\":\"https:\/\/herberiedelatille.fr\/blog\/techniques-de-jardinage\/plantes-vivace-pour-massif\/\",\"url\":\"https:\/\/herberiedelatille.fr\/blog\/techniques-de-jardinage\/plantes-vivace-pour-massif\/\",\"name\":\"Plantes Vivaces Massif : Top 15 Vari\u00e9t\u00e9s\",\"isPartOf\":{\"@id\":\"https:\/\/herberiedelatille.fr\/blog\/#website\"},\"primaryImageOfPage\":{\"@id\":\"https:\/\/herberiedelatille.fr\/blog\/techniques-de-jardinage\/plantes-vivace-pour-massif\/#primaryimage\"},\"image\":{\"@id\":\"https:\/\/herberiedelatille.fr\/blog\/techniques-de-jardinage\/plantes-vivace-pour-massif\/#primaryimage\"},\"thumbnailUrl\":\"https:\/\/herberiedelatille.fr\/blog\/wp-content\/uploads\/2026\/05\/sdxl-ebeb83c722c70cc29df6f6c591d5cdfd-scaled.png\",\"datePublished\":\"2026-05-01T09:00:00+00:00\",\"description\":\"Choisir les bonnes plantes vivaces pour massif est essentiel pour cr\u00e9er un jardin esth\u00e9tique et durable.\",\"inLanguage\":\"fr-FR\",\"potentialAction\":[{\"@type\":\"ReadAction\",\"target\":[\"https:\/\/herberiedelatille.fr\/blog\/techniques-de-jardinage\/plantes-vivace-pour-massif\/\"]}]},{\"@type\":\"ImageObject\",\"inLanguage\":\"fr-FR\",\"@id\":\"https:\/\/herberiedelatille.fr\/blog\/techniques-de-jardinage\/plantes-vivace-pour-massif\/#primaryimage\",\"url\":\"https:\/\/herberiedelatille.fr\/blog\/wp-content\/uploads\/2026\/05\/sdxl-ebeb83c722c70cc29df6f6c591d5cdfd-scaled.png\",\"contentUrl\":\"https:\/\/herberiedelatille.fr\/blog\/wp-content\/uploads\/2026\/05\/sdxl-ebeb83c722c70cc29df6f6c591d5cdfd-scaled.png\",\"width\":1200,\"height\":500},{\"@type\":\"WebSite\",\"@id\":\"https:\/\/herberiedelatille.fr\/blog\/#website\",\"url\":\"https:\/\/herberiedelatille.fr\/blog\/\",\"name\":\"Herberie de la Tille\",\"description\":\"Le m\u00e9dia de la botanique pratique \u2014 plantes, herboristerie, identification\",\"publisher\":{\"@id\":\"https:\/\/herberiedelatille.fr\/blog\/#organization\"},\"alternateName\":\"Herberie de la Tille\",\"potentialAction\":[{\"@type\":\"SearchAction\",\"target\":{\"@type\":\"EntryPoint\",\"urlTemplate\":\"https:\/\/herberiedelatille.fr\/blog\/?s={search_term_string}\"},\"query-input\":{\"@type\":\"PropertyValueSpecification\",\"valueRequired\":true,\"valueName\":\"search_term_string\"}}],\"inLanguage\":\"fr-FR\"},{\"@type\":\"Organization\",\"@id\":\"https:\/\/herberiedelatille.fr\/blog\/#organization\",\"name\":\"Herberie de la Tille\",\"url\":\"https:\/\/herberiedelatille.fr\/blog\/\",\"logo\":{\"@type\":\"ImageObject\",\"inLanguage\":\"fr-FR\",\"@id\":\"https:\/\/herberiedelatille.fr\/blog\/#\/schema\/logo\/image\/\",\"url\":\"https:\/\/herberiedelatille.fr\/blog\/wp-content\/uploads\/2024\/12\/herberiedelatille.png\",\"contentUrl\":\"https:\/\/herberiedelatille.fr\/blog\/wp-content\/uploads\/2024\/12\/herberiedelatille.png\",\"width\":500,\"height\":500,\"caption\":\"Herberie de la Tille\"},\"image\":{\"@id\":\"https:\/\/herberiedelatille.fr\/blog\/#\/schema\/logo\/image\/\"}},{\"@type\":\"Person\",\"@id\":\"https:\/\/herberiedelatille.fr\/blog\/#\/schema\/person\/3c864cdc320801e3db34b663e7e3f816\",\"name\":\"Julien Prigent\",\"image\":{\"@type\":\"ImageObject\",\"inLanguage\":\"fr-FR\",\"@id\":\"https:\/\/herberiedelatille.fr\/blog\/#\/schema\/person\/image\/\",\"url\":\"https:\/\/herberiedelatille.fr\/blog\/wp-content\/uploads\/2026\/06\/persona_julien-p-96x96.jpg\",\"contentUrl\":\"https:\/\/herberiedelatille.fr\/blog\/wp-content\/uploads\/2026\/06\/persona_julien-p-96x96.jpg\",\"caption\":\"Julien Prigent\"},\"description\":\"Bricoleur et jardinier dans l'\u00e2me, j'\u00e9cris sur la maison et ses ext\u00e9rieurs avec les mains dans le cambouis plus que dans les th\u00e9ories. Mon terrain couvre tout l'habitat : le potager et le jardin au fil des saisons, mais aussi les petits travaux, la r\u00e9novation, le bricolage et les m\u00e9tiers du b\u00e2timent \u2014 toiture, isolation, menuiserie, serrurerie, ma\u00e7onnerie. J'aime expliquer un geste technique simplement, donner des fourchettes de prix r\u00e9alistes et les bons crit\u00e8res pour choisir un mat\u00e9riau ou un artisan. Je teste ce que je peux sur mes propres chantiers et au jardin avant d'en parler, je distingue la tradition de ce que confirme l'observation, et je pr\u00e9cise toujours le contexte \u2014 climat, type de sol, configuration du logement \u2014 parce qu'un m\u00eame conseil ne vaut pas partout. Mon but : rendre l'entretien et l'am\u00e9lioration de la maison accessibles, durables et \u00e9conomes.\",\"sameAs\":[\"https:\/\/julienprigent.fr\/\"],\"url\":\"https:\/\/herberiedelatille.fr\/blog\/auteur\/julien-p\/\"}]}<\/script>\n<!-- \/ Yoast SEO Premium plugin. -->","yoast_head_json":{"title":"Plantes Vivaces Massif : Top 15 Vari\u00e9t\u00e9s","description":"Choisir les bonnes plantes vivaces pour massif est essentiel pour cr\u00e9er un jardin esth\u00e9tique et durable.","robots":{"index":"index","follow":"follow","max-snippet":"max-snippet:-1","max-image-preview":"max-image-preview:large","max-video-preview":"max-video-preview:-1"},"canonical":"https:\/\/herberiedelatille.fr\/blog\/techniques-de-jardinage\/plantes-vivace-pour-massif\/","og_locale":"fr_FR","og_type":"article","og_title":"Plantes Vivaces Massif : Top 15 Vari\u00e9t\u00e9s","og_description":"Choisir les bonnes plantes vivaces pour massif est essentiel pour cr\u00e9er un jardin esth\u00e9tique et durable.","og_url":"https:\/\/herberiedelatille.fr\/blog\/techniques-de-jardinage\/plantes-vivace-pour-massif\/","og_site_name":"Herberie de la Tille","og_image":[{"width":1200,"height":500,"url":"https:\/\/herberiedelatille.fr\/blog\/wp-content\/uploads\/2026\/05\/sdxl-ebeb83c722c70cc29df6f6c591d5cdfd-scaled.png","type":"image\/png"}],"author":"Julien Prigent","twitter_card":"summary_large_image","schema":{"@context":"https:\/\/schema.org","@graph":[{"@type":"NewsArticle","@id":"https:\/\/herberiedelatille.fr\/blog\/techniques-de-jardinage\/plantes-vivace-pour-massif\/#article","isPartOf":{"@id":"https:\/\/herberiedelatille.fr\/blog\/techniques-de-jardinage\/plantes-vivace-pour-massif\/"},"author":{"name":"Julien Prigent","@id":"https:\/\/herberiedelatille.fr\/blog\/#\/schema\/person\/3c864cdc320801e3db34b663e7e3f816"},"headline":"Plantes Vivaces Massif : Top 15 Vari\u00e9t\u00e9s","datePublished":"2026-05-01T09:00:00+00:00","mainEntityOfPage":{"@id":"https:\/\/herberiedelatille.fr\/blog\/techniques-de-jardinage\/plantes-vivace-pour-massif\/"},"wordCount":689,"commentCount":0,"publisher":{"@id":"https:\/\/herberiedelatille.fr\/blog\/#organization"},"image":{"@id":"https:\/\/herberiedelatille.fr\/blog\/techniques-de-jardinage\/plantes-vivace-pour-massif\/#primaryimage"},"thumbnailUrl":"https:\/\/herberiedelatille.fr\/blog\/wp-content\/uploads\/2026\/05\/sdxl-ebeb83c722c70cc29df6f6c591d5cdfd-scaled.png","articleSection":["Techniques de Jardinage"],"inLanguage":"fr-FR","potentialAction":[{"@type":"CommentAction","name":"Comment","target":["https:\/\/herberiedelatille.fr\/blog\/techniques-de-jardinage\/plantes-vivace-pour-massif\/#respond"]}]},{"@type":"WebPage","@id":"https:\/\/herberiedelatille.fr\/blog\/techniques-de-jardinage\/plantes-vivace-pour-massif\/","url":"https:\/\/herberiedelatille.fr\/blog\/techniques-de-jardinage\/plantes-vivace-pour-massif\/","name":"Plantes Vivaces Massif : Top 15 Vari\u00e9t\u00e9s","isPartOf":{"@id":"https:\/\/herberiedelatille.fr\/blog\/#website"},"primaryImageOfPage":{"@id":"https:\/\/herberiedelatille.fr\/blog\/techniques-de-jardinage\/plantes-vivace-pour-massif\/#primaryimage"},"image":{"@id":"https:\/\/herberiedelatille.fr\/blog\/techniques-de-jardinage\/plantes-vivace-pour-massif\/#primaryimage"},"thumbnailUrl":"https:\/\/herberiedelatille.fr\/blog\/wp-content\/uploads\/2026\/05\/sdxl-ebeb83c722c70cc29df6f6c591d5cdfd-scaled.png","datePublished":"2026-05-01T09:00:00+00:00","description":"Choisir les bonnes plantes vivaces pour massif est essentiel pour cr\u00e9er un jardin esth\u00e9tique et durable.","inLanguage":"fr-FR","potentialAction":[{"@type":"ReadAction","target":["https:\/\/herberiedelatille.fr\/blog\/techniques-de-jardinage\/plantes-vivace-pour-massif\/"]}]},{"@type":"ImageObject","inLanguage":"fr-FR","@id":"https:\/\/herberiedelatille.fr\/blog\/techniques-de-jardinage\/plantes-vivace-pour-massif\/#primaryimage","url":"https:\/\/herberiedelatille.fr\/blog\/wp-content\/uploads\/2026\/05\/sdxl-ebeb83c722c70cc29df6f6c591d5cdfd-scaled.png","contentUrl":"https:\/\/herberiedelatille.fr\/blog\/wp-content\/uploads\/2026\/05\/sdxl-ebeb83c722c70cc29df6f6c591d5cdfd-scaled.png","width":1200,"height":500},{"@type":"WebSite","@id":"https:\/\/herberiedelatille.fr\/blog\/#website","url":"https:\/\/herberiedelatille.fr\/blog\/","name":"Herberie de la Tille","description":"Le m\u00e9dia de la botanique pratique \u2014 plantes, herboristerie, identification","publisher":{"@id":"https:\/\/herberiedelatille.fr\/blog\/#organization"},"alternateName":"Herberie de la Tille","potentialAction":[{"@type":"SearchAction","target":{"@type":"EntryPoint","urlTemplate":"https:\/\/herberiedelatille.fr\/blog\/?s={search_term_string}"},"query-input":{"@type":"PropertyValueSpecification","valueRequired":true,"valueName":"search_term_string"}}],"inLanguage":"fr-FR"},{"@type":"Organization","@id":"https:\/\/herberiedelatille.fr\/blog\/#organization","name":"Herberie de la Tille","url":"https:\/\/herberiedelatille.fr\/blog\/","logo":{"@type":"ImageObject","inLanguage":"fr-FR","@id":"https:\/\/herberiedelatille.fr\/blog\/#\/schema\/logo\/image\/","url":"https:\/\/herberiedelatille.fr\/blog\/wp-content\/uploads\/2024\/12\/herberiedelatille.png","contentUrl":"https:\/\/herberiedelatille.fr\/blog\/wp-content\/uploads\/2024\/12\/herberiedelatille.png","width":500,"height":500,"caption":"Herberie de la Tille"},"image":{"@id":"https:\/\/herberiedelatille.fr\/blog\/#\/schema\/logo\/image\/"}},{"@type":"Person","@id":"https:\/\/herberiedelatille.fr\/blog\/#\/schema\/person\/3c864cdc320801e3db34b663e7e3f816","name":"Julien Prigent","image":{"@type":"ImageObject","inLanguage":"fr-FR","@id":"https:\/\/herberiedelatille.fr\/blog\/#\/schema\/person\/image\/","url":"https:\/\/herberiedelatille.fr\/blog\/wp-content\/uploads\/2026\/06\/persona_julien-p-96x96.jpg","contentUrl":"https:\/\/herberiedelatille.fr\/blog\/wp-content\/uploads\/2026\/06\/persona_julien-p-96x96.jpg","caption":"Julien Prigent"},"description":"Bricoleur et jardinier dans l'\u00e2me, j'\u00e9cris sur la maison et ses ext\u00e9rieurs avec les mains dans le cambouis plus que dans les th\u00e9ories. Mon terrain couvre tout l'habitat : le potager et le jardin au fil des saisons, mais aussi les petits travaux, la r\u00e9novation, le bricolage et les m\u00e9tiers du b\u00e2timent \u2014 toiture, isolation, menuiserie, serrurerie, ma\u00e7onnerie. J'aime expliquer un geste technique simplement, donner des fourchettes de prix r\u00e9alistes et les bons crit\u00e8res pour choisir un mat\u00e9riau ou un artisan. Je teste ce que je peux sur mes propres chantiers et au jardin avant d'en parler, je distingue la tradition de ce que confirme l'observation, et je pr\u00e9cise toujours le contexte \u2014 climat, type de sol, configuration du logement \u2014 parce qu'un m\u00eame conseil ne vaut pas partout. Mon but : rendre l'entretien et l'am\u00e9lioration de la maison accessibles, durables et \u00e9conomes.","sameAs":["https:\/\/julienprigent.fr\/"],"url":"https:\/\/herberiedelatille.fr\/blog\/auteur\/julien-p\/"}]}},"_links":{"self":[{"href":"https:\/\/herberiedelatille.fr\/blog\/wp-json\/wp\/v2\/posts\/7595","targetHints":{"allow":["GET"]}}],"collection":[{"href":"https:\/\/herberiedelatille.fr\/blog\/wp-json\/wp\/v2\/posts"}],"about":[{"href":"https:\/\/herberiedelatille.fr\/blog\/wp-json\/wp\/v2\/types\/post"}],"author":[{"embeddable":true,"href":"https:\/\/herberiedelatille.fr\/blog\/wp-json\/wp\/v2\/users\/34"}],"replies":[{"embeddable":true,"href":"https:\/\/herberiedelatille.fr\/blog\/wp-json\/wp\/v2\/comments?post=7595"}],"version-history":[{"count":1,"href":"https:\/\/herberiedelatille.fr\/blog\/wp-json\/wp\/v2\/posts\/7595\/revisions"}],"predecessor-version":[{"id":7751,"href":"https:\/\/herberiedelatille.fr\/blog\/wp-json\/wp\/v2\/posts\/7595\/revisions\/7751"}],"wp:featuredmedia":[{"embeddable":true,"href":"https:\/\/herberiedelatille.fr\/blog\/wp-json\/wp\/v2\/media\/7762"}],"wp:attachment":[{"href":"https:\/\/herberiedelatille.fr\/blog\/wp-json\/wp\/v2\/media?parent=7595"}],"wp:term":[{"taxonomy":"category","embeddable":true,"href":"https:\/\/herberiedelatille.fr\/blog\/wp-json\/wp\/v2\/categories?post=7595"},{"taxonomy":"post_tag","embeddable":true,"href":"https:\/\/herberiedelatille.fr\/blog\/wp-json\/wp\/v2\/tags?post=7595"}],"curies":[{"name":"wp","href":"https:\/\/api.w.org\/{rel}","templated":true}]}}