{"id":7600,"date":"2026-05-06T09:00:00","date_gmt":"2026-05-06T09:00:00","guid":{"rendered":"https:\/\/herberiedelatille.fr\/blog\/?p=7600"},"modified":"2026-05-06T09:00:00","modified_gmt":"2026-05-06T09:00:00","slug":"figuier-taille","status":"publish","type":"post","link":"https:\/\/herberiedelatille.fr\/blog\/techniques-de-jardinage\/figuier-taille\/","title":{"rendered":"Figuier Taille : Guide Complet Jardinage"},"content":{"rendered":"<p>La taille du figuier est une \u00e9tape cruciale pour favoriser sa croissance et sa production de fruits. Elle n\u00e9cessite une compr\u00e9hension des besoins sp\u00e9cifiques de cet arbre fruitier, notamment en ce qui concerne les p\u00e9riodes de taille, les techniques appropri\u00e9es et les erreurs fr\u00e9quentes \u00e0 \u00e9viter. En 2026, de nombreux jardiniers amateurs cherchent \u00e0 optimiser leur figuier, que ce soit pour am\u00e9liorer la qualit\u00e9 des fruits ou pour maintenir un arbre en bonne sant\u00e9.<\/p>\n<p>Les erreurs de taille peuvent nuire \u00e0 la productivit\u00e9 du figuier. Cet article met l\u2019accent sur les pratiques \u00e0 adopter et celles \u00e0 \u00e9viter, ainsi que sur des conseils pratiques bas\u00e9s sur l\u2019exp\u00e9rience de jardiniers aguerris.<\/p>\n<h2>Pourquoi tailler un figuier ?<\/h2>\n<h3>Avantages de la taille<\/h3>\n<ol>\n<li><strong>Am\u00e9lioration de la production<\/strong> : Une taille ad\u00e9quate permet d\u2019augmenter le rendement. Par exemple, un figuier bien taill\u00e9 peut produire jusqu\u2019\u00e0 20 % de fruits en plus par rapport \u00e0 un figuier non taill\u00e9.<\/li>\n<li><strong>Pr\u00e9servation de la sant\u00e9 de l\u2019arbre<\/strong> : En \u00e9liminant le bois mort et en a\u00e9rant le centre de l\u2019arbre, vous r\u00e9duisez les risques de maladies fongiques.<\/li>\n<li><strong>Contr\u00f4le de la forme<\/strong> : La taille permet de maintenir une forme \u00e9quilibr\u00e9e, facilitant ainsi la r\u00e9colte.<\/li>\n<\/ol>\n<h2>Quand tailler un figuier ?<\/h2>\n<h3>P\u00e9riodes recommand\u00e9es<\/h3>\n<ul>\n<li><strong>Taille d\u2019hiver<\/strong> (novembre \u00e0 f\u00e9vrier) : Id\u00e9ale pour les jeunes arbres afin d\u2019\u00e9tablir une structure solide.<\/li>\n<li><strong>Taille d\u2019\u00e9t\u00e9<\/strong> (juin \u00e0 ao\u00fbt) : Pour les figuiers adultes, elle permet d\u2019\u00e9liminer le bois mort et d\u2019a\u00e9rer le feuillage.<\/li>\n<\/ul>\n<h2>Techniques de taille<\/h2>\n<h3>M\u00e9thodes adapt\u00e9es<\/h3>\n<ol>\n<li><strong>Taille en gobelet<\/strong> : Favorise une meilleure circulation d\u2019air et laisse entrer la lumi\u00e8re.<\/li>\n<li><strong>Taille en hauteur<\/strong> : Pour maintenir la hauteur souhait\u00e9e et faciliter la r\u00e9colte.<\/li>\n<\/ol>\n<h3>\u00c9tapes pour une taille efficace<\/h3>\n<ol>\n<li>\u00c9quipez-vous des bons outils : s\u00e9cateur bien aiguis\u00e9, \u00e9brancheur.<\/li>\n<li>Commencez par retirer le bois mort ou malade.<\/li>\n<li>\u00c9claircissez le centre pour \u00e9viter l\u2019enchev\u00eatrement des branches.<\/li>\n<\/ol>\n<h2>Erreurs fr\u00e9quentes lors de la taille du figuier<\/h2>\n<h3>Les pi\u00e8ges \u00e0 \u00e9viter<\/h3>\n<ol>\n<li><strong>Taille excessive<\/strong> : Couper plus de 30 % du volume total peut stresser l\u2019arbre et r\u00e9duire sa production.<\/li>\n<li><strong>Mauvaise p\u00e9riode<\/strong> : Tailler trop t\u00f4t au printemps peut entra\u00eener une perte significative des fruits.<\/li>\n<\/ol>\n<h3>Tableaux comparatifs des erreurs courantes<\/h3>\n<table class=\"kwdbank-table\">\n<thead>\n<tr>\n<th>Erreur<\/th>\n<th>Cons\u00e9quence<\/th>\n<th>Solution<\/th>\n<\/tr>\n<\/thead>\n<tbody>\n<tr>\n<td>Taille excessive<\/td>\n<td>Stress sur l\u2019arbre<\/td>\n<td>Limiter \u00e0 30 %<\/td>\n<\/tr>\n<tr>\n<td>Tailler trop tard<\/td>\n<td>Moins de fruits<\/td>\n<td>Privil\u00e9gier novembre-f\u00e9vrier<\/td>\n<\/tr>\n<tr>\n<td>Ignorer les maladies<\/td>\n<td>Propagation d\u2019infections<\/td>\n<td>Retirer imm\u00e9diatement le bois malade<\/td>\n<\/tr>\n<\/tbody>\n<\/table>\n<h2>Conseils pratiques pour r\u00e9ussir la taille<\/h2>\n<h3>Action imm\u00e9diate<\/h3>\n<p>Pour votre prochain entretien, \u00e9tablissez un calendrier annuel sp\u00e9cifiant vos dates cl\u00e9s pour chaque type de taille. Par exemple, notez que vous devez proc\u00e9der \u00e0 une premi\u00e8re taille l\u00e9g\u00e8re en f\u00e9vrier et une seconde en ao\u00fbt.<\/p>\n<h3>Autres recommandations<\/h3>\n<ul>\n<li>Surveillez r\u00e9guli\u00e8rement votre figuier pour d\u00e9tecter tout signe de maladie ou parasite.<\/li>\n<li>Pensez \u00e0 nourrir votre arbre apr\u00e8s la taille avec un engrais adapt\u00e9 aux arbres fruitiers.<\/li>\n<\/ul>\n<h2>FAQ<\/h2>\n<h3>\u00c0 quelle fr\u00e9quence dois-je tailler mon figuier ?<\/h3>\n<p>Il est conseill\u00e9 de tailler votre figuier au moins une fois par an, id\u00e9alement durant l\u2019hiver.<\/p>\n<h3>Quelles sont les meilleures vari\u00e9t\u00e9s de figuiers ?<\/h3>\n<p>Les vari\u00e9t\u00e9s comme \u2018Bourjassotte\u2019 ou \u2018Brown Turkey\u2019 sont tr\u00e8s appr\u00e9ci\u00e9es pour leur go\u00fbt sucr\u00e9 et leur r\u00e9sistance.<\/p>\n<h3>Comment savoir si ma taille est correcte ?<\/h3>\n<p>Un bon indicateur est l\u2019apparition d\u2019une nouvelle croissance vigoureuse au printemps suivant.<\/p>\n<h3>Puis-je tailler un figuier en \u00e9t\u00e9 ?<\/h3>\n<p>Oui, une taille l\u00e9g\u00e8re en \u00e9t\u00e9 peut \u00eatre b\u00e9n\u00e9fique pour \u00e9liminer le bois mort et a\u00e9rer l\u2019arbre.<\/p>\n<h3>Quelle est la diff\u00e9rence entre la taille en hiver et celle en \u00e9t\u00e9 ?<\/h3>\n<p>La taille hivernale favorise la structure tandis que celle estivale se concentre sur l\u2019entretien et l\u2019a\u00e9ration.<\/p>\n<p>Adoptez ces conseils lors de votre prochaine session de jardinage afin d\u2019optimiser votre figuier !<\/p>\n<hr>\n<div class=\"articles-lies\">\n<h3>\u00c0 lire aussi<\/h3>\n<ul>\n<li><a href=\"https:\/\/herberiedelatille.fr\/blog\/techniques-de-jardinage\/pleine-lune-aujourd-hui\/\">Pleine Lune Aujourd&rsquo;hui : Impact Jardinage<\/a><\/li>\n<li><a href=\"https:\/\/herberiedelatille.fr\/blog\/techniques-de-jardinage\/lune-montante\/\">Lune montante : Guide jardinage 2026<\/a><\/li>\n<li><a href=\"https:\/\/herberiedelatille.fr\/blog\/techniques-de-jardinage\/calendrier-et-pleine-lune\/\">Calendrier Pleine Lune : Guide Jardinage<\/a><\/li>\n<li><a href=\"https:\/\/herberiedelatille.fr\/blog\/conservation-et-biodiversite\/les-plantes-medicinales-definition-vertus-et-conseils-de-culture\/\">Les plantes m\u00e9dicinales : d\u00e9finition, vertus et conseils de culture<\/a><\/li>\n<\/ul>\n<\/div>\n","protected":false},"excerpt":{"rendered":"","protected":false},"author":34,"featured_media":7758,"comment_status":"open","ping_status":"open","sticky":false,"template":"","format":"standard","meta":{"_acf_changed":false,"manual_indexmenow":false,"indexmenow_id_project":0,"footnotes":""},"categories":[4521],"tags":[],"class_list":["post-7600","post","type-post","status-publish","format-standard","has-post-thumbnail","hentry","category-techniques-de-jardinage","generate-columns","tablet-grid-50","mobile-grid-100","grid-parent","grid-25"],"acf":[],"yoast_head":"<!-- This site is optimized with the Yoast SEO Premium plugin v21.3 (Yoast SEO v25.6) - https:\/\/yoast.com\/wordpress\/plugins\/seo\/ -->\n<title>Figuier Taille : Guide Complet Jardinage<\/title>\n<meta name=\"description\" content=\"La taille du figuier est une \u00e9tape cruciale pour favoriser sa croissance et sa production de fruits.\" \/>\n<meta name=\"robots\" content=\"index, follow, max-snippet:-1, max-image-preview:large, max-video-preview:-1\" \/>\n<link rel=\"canonical\" href=\"https:\/\/herberiedelatille.fr\/blog\/techniques-de-jardinage\/figuier-taille\/\" \/>\n<meta property=\"og:locale\" content=\"fr_FR\" \/>\n<meta property=\"og:type\" content=\"article\" \/>\n<meta property=\"og:title\" content=\"Figuier Taille : Guide Complet Jardinage\" \/>\n<meta property=\"og:description\" content=\"La taille du figuier est une \u00e9tape cruciale pour favoriser sa croissance et sa production de fruits.\" \/>\n<meta property=\"og:url\" content=\"https:\/\/herberiedelatille.fr\/blog\/techniques-de-jardinage\/figuier-taille\/\" \/>\n<meta property=\"og:site_name\" content=\"Herberie de la Tille\" \/>\n<meta property=\"og:image\" content=\"https:\/\/herberiedelatille.fr\/blog\/wp-content\/uploads\/2026\/05\/sdxl-09cbcf176c35261bcf145f29031fdfa8-scaled.png\" \/>\n\t<meta property=\"og:image:width\" content=\"1200\" \/>\n\t<meta property=\"og:image:height\" content=\"500\" \/>\n\t<meta property=\"og:image:type\" content=\"image\/png\" \/>\n<meta name=\"author\" content=\"Julien Prigent\" \/>\n<meta name=\"twitter:card\" content=\"summary_large_image\" \/>\n<script type=\"application\/ld+json\" class=\"yoast-schema-graph\">{\"@context\":\"https:\/\/schema.org\",\"@graph\":[{\"@type\":\"NewsArticle\",\"@id\":\"https:\/\/herberiedelatille.fr\/blog\/techniques-de-jardinage\/figuier-taille\/#article\",\"isPartOf\":{\"@id\":\"https:\/\/herberiedelatille.fr\/blog\/techniques-de-jardinage\/figuier-taille\/\"},\"author\":{\"name\":\"Julien Prigent\",\"@id\":\"https:\/\/herberiedelatille.fr\/blog\/#\/schema\/person\/3c864cdc320801e3db34b663e7e3f816\"},\"headline\":\"Figuier Taille : Guide Complet Jardinage\",\"datePublished\":\"2026-05-06T09:00:00+00:00\",\"mainEntityOfPage\":{\"@id\":\"https:\/\/herberiedelatille.fr\/blog\/techniques-de-jardinage\/figuier-taille\/\"},\"wordCount\":682,\"commentCount\":0,\"publisher\":{\"@id\":\"https:\/\/herberiedelatille.fr\/blog\/#organization\"},\"image\":{\"@id\":\"https:\/\/herberiedelatille.fr\/blog\/techniques-de-jardinage\/figuier-taille\/#primaryimage\"},\"thumbnailUrl\":\"https:\/\/herberiedelatille.fr\/blog\/wp-content\/uploads\/2026\/05\/sdxl-09cbcf176c35261bcf145f29031fdfa8-scaled.png\",\"articleSection\":[\"Techniques de Jardinage\"],\"inLanguage\":\"fr-FR\",\"potentialAction\":[{\"@type\":\"CommentAction\",\"name\":\"Comment\",\"target\":[\"https:\/\/herberiedelatille.fr\/blog\/techniques-de-jardinage\/figuier-taille\/#respond\"]}]},{\"@type\":\"WebPage\",\"@id\":\"https:\/\/herberiedelatille.fr\/blog\/techniques-de-jardinage\/figuier-taille\/\",\"url\":\"https:\/\/herberiedelatille.fr\/blog\/techniques-de-jardinage\/figuier-taille\/\",\"name\":\"Figuier Taille : Guide Complet Jardinage\",\"isPartOf\":{\"@id\":\"https:\/\/herberiedelatille.fr\/blog\/#website\"},\"primaryImageOfPage\":{\"@id\":\"https:\/\/herberiedelatille.fr\/blog\/techniques-de-jardinage\/figuier-taille\/#primaryimage\"},\"image\":{\"@id\":\"https:\/\/herberiedelatille.fr\/blog\/techniques-de-jardinage\/figuier-taille\/#primaryimage\"},\"thumbnailUrl\":\"https:\/\/herberiedelatille.fr\/blog\/wp-content\/uploads\/2026\/05\/sdxl-09cbcf176c35261bcf145f29031fdfa8-scaled.png\",\"datePublished\":\"2026-05-06T09:00:00+00:00\",\"description\":\"La taille du figuier est une \u00e9tape cruciale pour favoriser sa croissance et sa production de fruits.\",\"inLanguage\":\"fr-FR\",\"potentialAction\":[{\"@type\":\"ReadAction\",\"target\":[\"https:\/\/herberiedelatille.fr\/blog\/techniques-de-jardinage\/figuier-taille\/\"]}]},{\"@type\":\"ImageObject\",\"inLanguage\":\"fr-FR\",\"@id\":\"https:\/\/herberiedelatille.fr\/blog\/techniques-de-jardinage\/figuier-taille\/#primaryimage\",\"url\":\"https:\/\/herberiedelatille.fr\/blog\/wp-content\/uploads\/2026\/05\/sdxl-09cbcf176c35261bcf145f29031fdfa8-scaled.png\",\"contentUrl\":\"https:\/\/herberiedelatille.fr\/blog\/wp-content\/uploads\/2026\/05\/sdxl-09cbcf176c35261bcf145f29031fdfa8-scaled.png\",\"width\":1200,\"height\":500},{\"@type\":\"WebSite\",\"@id\":\"https:\/\/herberiedelatille.fr\/blog\/#website\",\"url\":\"https:\/\/herberiedelatille.fr\/blog\/\",\"name\":\"Herberie de la Tille\",\"description\":\"Le m\u00e9dia de la botanique pratique \u2014 plantes, herboristerie, identification\",\"publisher\":{\"@id\":\"https:\/\/herberiedelatille.fr\/blog\/#organization\"},\"alternateName\":\"Herberie de la Tille\",\"potentialAction\":[{\"@type\":\"SearchAction\",\"target\":{\"@type\":\"EntryPoint\",\"urlTemplate\":\"https:\/\/herberiedelatille.fr\/blog\/?s={search_term_string}\"},\"query-input\":{\"@type\":\"PropertyValueSpecification\",\"valueRequired\":true,\"valueName\":\"search_term_string\"}}],\"inLanguage\":\"fr-FR\"},{\"@type\":\"Organization\",\"@id\":\"https:\/\/herberiedelatille.fr\/blog\/#organization\",\"name\":\"Herberie de la Tille\",\"url\":\"https:\/\/herberiedelatille.fr\/blog\/\",\"logo\":{\"@type\":\"ImageObject\",\"inLanguage\":\"fr-FR\",\"@id\":\"https:\/\/herberiedelatille.fr\/blog\/#\/schema\/logo\/image\/\",\"url\":\"https:\/\/herberiedelatille.fr\/blog\/wp-content\/uploads\/2024\/12\/herberiedelatille.png\",\"contentUrl\":\"https:\/\/herberiedelatille.fr\/blog\/wp-content\/uploads\/2024\/12\/herberiedelatille.png\",\"width\":500,\"height\":500,\"caption\":\"Herberie de la Tille\"},\"image\":{\"@id\":\"https:\/\/herberiedelatille.fr\/blog\/#\/schema\/logo\/image\/\"}},{\"@type\":\"Person\",\"@id\":\"https:\/\/herberiedelatille.fr\/blog\/#\/schema\/person\/3c864cdc320801e3db34b663e7e3f816\",\"name\":\"Julien Prigent\",\"image\":{\"@type\":\"ImageObject\",\"inLanguage\":\"fr-FR\",\"@id\":\"https:\/\/herberiedelatille.fr\/blog\/#\/schema\/person\/image\/\",\"url\":\"https:\/\/herberiedelatille.fr\/blog\/wp-content\/uploads\/2026\/06\/persona_julien-p-96x96.jpg\",\"contentUrl\":\"https:\/\/herberiedelatille.fr\/blog\/wp-content\/uploads\/2026\/06\/persona_julien-p-96x96.jpg\",\"caption\":\"Julien Prigent\"},\"description\":\"Bricoleur et jardinier dans l'\u00e2me, j'\u00e9cris sur la maison et ses ext\u00e9rieurs avec les mains dans le cambouis plus que dans les th\u00e9ories. Mon terrain couvre tout l'habitat : le potager et le jardin au fil des saisons, mais aussi les petits travaux, la r\u00e9novation, le bricolage et les m\u00e9tiers du b\u00e2timent \u2014 toiture, isolation, menuiserie, serrurerie, ma\u00e7onnerie. J'aime expliquer un geste technique simplement, donner des fourchettes de prix r\u00e9alistes et les bons crit\u00e8res pour choisir un mat\u00e9riau ou un artisan. Je teste ce que je peux sur mes propres chantiers et au jardin avant d'en parler, je distingue la tradition de ce que confirme l'observation, et je pr\u00e9cise toujours le contexte \u2014 climat, type de sol, configuration du logement \u2014 parce qu'un m\u00eame conseil ne vaut pas partout. Mon but : rendre l'entretien et l'am\u00e9lioration de la maison accessibles, durables et \u00e9conomes.\",\"sameAs\":[\"https:\/\/julienprigent.fr\/\"],\"url\":\"https:\/\/herberiedelatille.fr\/blog\/auteur\/julien-p\/\"}]}<\/script>\n<!-- \/ Yoast SEO Premium plugin. -->","yoast_head_json":{"title":"Figuier Taille : Guide Complet Jardinage","description":"La taille du figuier est une \u00e9tape cruciale pour favoriser sa croissance et sa production de fruits.","robots":{"index":"index","follow":"follow","max-snippet":"max-snippet:-1","max-image-preview":"max-image-preview:large","max-video-preview":"max-video-preview:-1"},"canonical":"https:\/\/herberiedelatille.fr\/blog\/techniques-de-jardinage\/figuier-taille\/","og_locale":"fr_FR","og_type":"article","og_title":"Figuier Taille : Guide Complet Jardinage","og_description":"La taille du figuier est une \u00e9tape cruciale pour favoriser sa croissance et sa production de fruits.","og_url":"https:\/\/herberiedelatille.fr\/blog\/techniques-de-jardinage\/figuier-taille\/","og_site_name":"Herberie de la Tille","og_image":[{"width":1200,"height":500,"url":"https:\/\/herberiedelatille.fr\/blog\/wp-content\/uploads\/2026\/05\/sdxl-09cbcf176c35261bcf145f29031fdfa8-scaled.png","type":"image\/png"}],"author":"Julien Prigent","twitter_card":"summary_large_image","schema":{"@context":"https:\/\/schema.org","@graph":[{"@type":"NewsArticle","@id":"https:\/\/herberiedelatille.fr\/blog\/techniques-de-jardinage\/figuier-taille\/#article","isPartOf":{"@id":"https:\/\/herberiedelatille.fr\/blog\/techniques-de-jardinage\/figuier-taille\/"},"author":{"name":"Julien Prigent","@id":"https:\/\/herberiedelatille.fr\/blog\/#\/schema\/person\/3c864cdc320801e3db34b663e7e3f816"},"headline":"Figuier Taille : Guide Complet Jardinage","datePublished":"2026-05-06T09:00:00+00:00","mainEntityOfPage":{"@id":"https:\/\/herberiedelatille.fr\/blog\/techniques-de-jardinage\/figuier-taille\/"},"wordCount":682,"commentCount":0,"publisher":{"@id":"https:\/\/herberiedelatille.fr\/blog\/#organization"},"image":{"@id":"https:\/\/herberiedelatille.fr\/blog\/techniques-de-jardinage\/figuier-taille\/#primaryimage"},"thumbnailUrl":"https:\/\/herberiedelatille.fr\/blog\/wp-content\/uploads\/2026\/05\/sdxl-09cbcf176c35261bcf145f29031fdfa8-scaled.png","articleSection":["Techniques de Jardinage"],"inLanguage":"fr-FR","potentialAction":[{"@type":"CommentAction","name":"Comment","target":["https:\/\/herberiedelatille.fr\/blog\/techniques-de-jardinage\/figuier-taille\/#respond"]}]},{"@type":"WebPage","@id":"https:\/\/herberiedelatille.fr\/blog\/techniques-de-jardinage\/figuier-taille\/","url":"https:\/\/herberiedelatille.fr\/blog\/techniques-de-jardinage\/figuier-taille\/","name":"Figuier Taille : Guide Complet Jardinage","isPartOf":{"@id":"https:\/\/herberiedelatille.fr\/blog\/#website"},"primaryImageOfPage":{"@id":"https:\/\/herberiedelatille.fr\/blog\/techniques-de-jardinage\/figuier-taille\/#primaryimage"},"image":{"@id":"https:\/\/herberiedelatille.fr\/blog\/techniques-de-jardinage\/figuier-taille\/#primaryimage"},"thumbnailUrl":"https:\/\/herberiedelatille.fr\/blog\/wp-content\/uploads\/2026\/05\/sdxl-09cbcf176c35261bcf145f29031fdfa8-scaled.png","datePublished":"2026-05-06T09:00:00+00:00","description":"La taille du figuier est une \u00e9tape cruciale pour favoriser sa croissance et sa production de fruits.","inLanguage":"fr-FR","potentialAction":[{"@type":"ReadAction","target":["https:\/\/herberiedelatille.fr\/blog\/techniques-de-jardinage\/figuier-taille\/"]}]},{"@type":"ImageObject","inLanguage":"fr-FR","@id":"https:\/\/herberiedelatille.fr\/blog\/techniques-de-jardinage\/figuier-taille\/#primaryimage","url":"https:\/\/herberiedelatille.fr\/blog\/wp-content\/uploads\/2026\/05\/sdxl-09cbcf176c35261bcf145f29031fdfa8-scaled.png","contentUrl":"https:\/\/herberiedelatille.fr\/blog\/wp-content\/uploads\/2026\/05\/sdxl-09cbcf176c35261bcf145f29031fdfa8-scaled.png","width":1200,"height":500},{"@type":"WebSite","@id":"https:\/\/herberiedelatille.fr\/blog\/#website","url":"https:\/\/herberiedelatille.fr\/blog\/","name":"Herberie de la Tille","description":"Le m\u00e9dia de la botanique pratique \u2014 plantes, herboristerie, identification","publisher":{"@id":"https:\/\/herberiedelatille.fr\/blog\/#organization"},"alternateName":"Herberie de la Tille","potentialAction":[{"@type":"SearchAction","target":{"@type":"EntryPoint","urlTemplate":"https:\/\/herberiedelatille.fr\/blog\/?s={search_term_string}"},"query-input":{"@type":"PropertyValueSpecification","valueRequired":true,"valueName":"search_term_string"}}],"inLanguage":"fr-FR"},{"@type":"Organization","@id":"https:\/\/herberiedelatille.fr\/blog\/#organization","name":"Herberie de la Tille","url":"https:\/\/herberiedelatille.fr\/blog\/","logo":{"@type":"ImageObject","inLanguage":"fr-FR","@id":"https:\/\/herberiedelatille.fr\/blog\/#\/schema\/logo\/image\/","url":"https:\/\/herberiedelatille.fr\/blog\/wp-content\/uploads\/2024\/12\/herberiedelatille.png","contentUrl":"https:\/\/herberiedelatille.fr\/blog\/wp-content\/uploads\/2024\/12\/herberiedelatille.png","width":500,"height":500,"caption":"Herberie de la Tille"},"image":{"@id":"https:\/\/herberiedelatille.fr\/blog\/#\/schema\/logo\/image\/"}},{"@type":"Person","@id":"https:\/\/herberiedelatille.fr\/blog\/#\/schema\/person\/3c864cdc320801e3db34b663e7e3f816","name":"Julien Prigent","image":{"@type":"ImageObject","inLanguage":"fr-FR","@id":"https:\/\/herberiedelatille.fr\/blog\/#\/schema\/person\/image\/","url":"https:\/\/herberiedelatille.fr\/blog\/wp-content\/uploads\/2026\/06\/persona_julien-p-96x96.jpg","contentUrl":"https:\/\/herberiedelatille.fr\/blog\/wp-content\/uploads\/2026\/06\/persona_julien-p-96x96.jpg","caption":"Julien Prigent"},"description":"Bricoleur et jardinier dans l'\u00e2me, j'\u00e9cris sur la maison et ses ext\u00e9rieurs avec les mains dans le cambouis plus que dans les th\u00e9ories. Mon terrain couvre tout l'habitat : le potager et le jardin au fil des saisons, mais aussi les petits travaux, la r\u00e9novation, le bricolage et les m\u00e9tiers du b\u00e2timent \u2014 toiture, isolation, menuiserie, serrurerie, ma\u00e7onnerie. J'aime expliquer un geste technique simplement, donner des fourchettes de prix r\u00e9alistes et les bons crit\u00e8res pour choisir un mat\u00e9riau ou un artisan. Je teste ce que je peux sur mes propres chantiers et au jardin avant d'en parler, je distingue la tradition de ce que confirme l'observation, et je pr\u00e9cise toujours le contexte \u2014 climat, type de sol, configuration du logement \u2014 parce qu'un m\u00eame conseil ne vaut pas partout. Mon but : rendre l'entretien et l'am\u00e9lioration de la maison accessibles, durables et \u00e9conomes.","sameAs":["https:\/\/julienprigent.fr\/"],"url":"https:\/\/herberiedelatille.fr\/blog\/auteur\/julien-p\/"}]}},"_links":{"self":[{"href":"https:\/\/herberiedelatille.fr\/blog\/wp-json\/wp\/v2\/posts\/7600","targetHints":{"allow":["GET"]}}],"collection":[{"href":"https:\/\/herberiedelatille.fr\/blog\/wp-json\/wp\/v2\/posts"}],"about":[{"href":"https:\/\/herberiedelatille.fr\/blog\/wp-json\/wp\/v2\/types\/post"}],"author":[{"embeddable":true,"href":"https:\/\/herberiedelatille.fr\/blog\/wp-json\/wp\/v2\/users\/34"}],"replies":[{"embeddable":true,"href":"https:\/\/herberiedelatille.fr\/blog\/wp-json\/wp\/v2\/comments?post=7600"}],"version-history":[{"count":1,"href":"https:\/\/herberiedelatille.fr\/blog\/wp-json\/wp\/v2\/posts\/7600\/revisions"}],"predecessor-version":[{"id":7755,"href":"https:\/\/herberiedelatille.fr\/blog\/wp-json\/wp\/v2\/posts\/7600\/revisions\/7755"}],"wp:featuredmedia":[{"embeddable":true,"href":"https:\/\/herberiedelatille.fr\/blog\/wp-json\/wp\/v2\/media\/7758"}],"wp:attachment":[{"href":"https:\/\/herberiedelatille.fr\/blog\/wp-json\/wp\/v2\/media?parent=7600"}],"wp:term":[{"taxonomy":"category","embeddable":true,"href":"https:\/\/herberiedelatille.fr\/blog\/wp-json\/wp\/v2\/categories?post=7600"},{"taxonomy":"post_tag","embeddable":true,"href":"https:\/\/herberiedelatille.fr\/blog\/wp-json\/wp\/v2\/tags?post=7600"}],"curies":[{"name":"wp","href":"https:\/\/api.w.org\/{rel}","templated":true}]}}