{"id":7618,"date":"2026-05-27T09:00:00","date_gmt":"2026-05-27T09:00:00","guid":{"rendered":"https:\/\/herberiedelatille.fr\/blog\/?p=7618"},"modified":"2026-05-27T09:00:00","modified_gmt":"2026-05-27T09:00:00","slug":"lys","status":"publish","type":"post","link":"https:\/\/herberiedelatille.fr\/blog\/fleurs-et-plantes\/lys\/","title":{"rendered":"Lys : Plantation entretien guide complet"},"content":{"rendered":"<p>Le lys est une plante \u00e0 bulbe pris\u00e9e pour ses fleurs spectaculaires et son parfum envo\u00fbtant. Que vous soyez un jardinier d\u00e9butant ou exp\u00e9riment\u00e9, comprendre comment planter et entretenir les lys est essentiel pour en profiter pleinement. En 2026, le prix des bulbes de lys varie entre 3 et 10 euros selon la vari\u00e9t\u00e9, ce qui en fait une option abordable pour embellir votre jardin.<\/p>\n<p>Cet article vous guidera \u00e0 travers les \u00e9tapes de plantation, d\u2019entretien et de soins des lys, tout en vous fournissant des conseils pratiques et des informations chiffr\u00e9es pour r\u00e9ussir votre culture.<\/p>\n<h2>Vari\u00e9t\u00e9s de lys<\/h2>\n<p>Il existe plusieurs vari\u00e9t\u00e9s de lys, chacune avec ses caract\u00e9ristiques uniques. Voici quelques-unes des plus populaires :<\/p>\n<ul>\n<li><strong>Lys oriental<\/strong> : Fleurs larges et parfum\u00e9es, id\u00e9ales pour les bouquets.<\/li>\n<li><strong>Lys asiatique<\/strong> : Floraison pr\u00e9coce et couleurs vives, souvent sans parfum.<\/li>\n<li><strong>Lys trompette<\/strong> : Fleurs en forme de trompette, parfum d\u00e9licat.<\/li>\n<\/ul>\n<h3>Choisir la bonne vari\u00e9t\u00e9<\/h3>\n<p>Lorsque vous choisissez un lys, consid\u00e9rez l\u2019emplacement dans votre jardin. Par exemple, le lys oriental pr\u00e9f\u00e8re une exposition au soleil tandis que le lys asiatique peut tol\u00e9rer une ombre partielle. Assurez-vous \u00e9galement de v\u00e9rifier la hauteur adulte des plantes ; certaines vari\u00e9t\u00e9s peuvent atteindre jusqu\u2019\u00e0 1,5 m\u00e8tre.<\/p>\n<h2>Plantation des lys<\/h2>\n<h3>Quand planter ?<\/h3>\n<p>La meilleure p\u00e9riode pour planter des bulbes de lys est \u00e0 l\u2019automne ou au printemps. Pour une floraison estivale, plantez les bulbes en mars ou avril.<\/p>\n<h3>\u00c9tapes de plantation<\/h3>\n<ol>\n<li><strong>Pr\u00e9parez le sol<\/strong> : Ameublissez le sol sur une profondeur d\u2019environ 30 cm et ajoutez du compost.<\/li>\n<li><strong>Plantez les bulbes<\/strong> : Creusez un trou d\u2019environ trois fois la hauteur du bulbe (environ 15 cm pour un bulbe standard). Placez le bulbe avec la pointe vers le haut.<\/li>\n<li><strong>Arrosez l\u00e9g\u00e8rement<\/strong> : Apr\u00e8s avoir recouvert le bulbe de terre, arrosez l\u00e9g\u00e8rement pour favoriser l\u2019enracinement.<\/li>\n<\/ol>\n<h3>Tableau r\u00e9capitulatif de la plantation<\/h3>\n<table class=\"kwdbank-table\">\n<thead>\n<tr>\n<th>P\u00e9riode<\/th>\n<th>Profondeur (cm)<\/th>\n<th>Espacement (cm)<\/th>\n<th>Exposition<\/th>\n<\/tr>\n<\/thead>\n<tbody>\n<tr>\n<td>Automne<\/td>\n<td>15<\/td>\n<td>20<\/td>\n<td>Soleil<\/td>\n<\/tr>\n<tr>\n<td>Printemps<\/td>\n<td>10<\/td>\n<td>15<\/td>\n<td>Ombre partielle<\/td>\n<\/tr>\n<\/tbody>\n<\/table>\n<h2>Entretien des lys<\/h2>\n<h3>Arrosage<\/h3>\n<p>Les lys n\u00e9cessitent un arrosage r\u00e9gulier, surtout pendant les p\u00e9riodes s\u00e8ches. Assurez-vous que le sol reste humide mais pas d\u00e9tremp\u00e9 pour \u00e9viter la pourriture des racines.<\/p>\n<h3>Fertilisation<\/h3>\n<p>Utilisez un engrais riche en potassium tous les mois pendant la saison de croissance. Cela favorisera une floraison abondante.<\/p>\n<h3>Taille<\/h3>\n<p>Apr\u00e8s la floraison, retirez les tiges fan\u00e9es mais laissez le feuillage intact jusqu\u2019\u00e0 ce qu\u2019il jaunisse. Cela permet \u00e0 la plante d\u2019accumuler des nutriments pour l\u2019ann\u00e9e suivante.<\/p>\n<h2>Pi\u00e8ges \u00e0 \u00e9viter<\/h2>\n<p>Un pi\u00e8ge courant est de planter les bulbes trop profond\u00e9ment. Cela peut emp\u00eacher leur d\u00e9veloppement ad\u00e9quat et limiter leur floraison. Veillez \u00e0 respecter les profondeurs recommand\u00e9es lors de la plantation.<\/p>\n<h2>Maladies et ravageurs<\/h2>\n<p>Les lys peuvent \u00eatre sujets \u00e0 certaines maladies comme le botrytis ou aux attaques d\u2019insectes tels que les pucerons. Inspectez r\u00e9guli\u00e8rement vos plantes et utilisez des traitements appropri\u00e9s si n\u00e9cessaire.<\/p>\n<h2>Co\u00fbts associ\u00e9s aux lys en 2026<\/h2>\n<p>En termes de budget pour cultiver des lys en 2026 :<\/p>\n<ul>\n<li><strong>Bulbes<\/strong> : Entre 3 et 10 euros par bulbe selon la vari\u00e9t\u00e9.<\/li>\n<li><strong>Engrais<\/strong> : Environ 10 euros par saison.<\/li>\n<li><strong>Amendements du sol<\/strong> : Pr\u00e9voyez environ 5 euros pour du compost ou du terreau.<\/li>\n<\/ul>\n<p>Ces co\u00fbts sont relativement faibles compar\u00e9s \u00e0 l\u2019impact esth\u00e9tique qu\u2019apportent ces fleurs dans votre jardin.<\/p>\n<h2>FAQ<\/h2>\n<h3>Quel est le meilleur moment pour planter des bulbes de lys ?<\/h3>\n<p>Le meilleur moment est soit \u00e0 l\u2019automne soit au printemps selon la vari\u00e9t\u00e9 choisie.<\/p>\n<h3>Comment puis-je prot\u00e9ger mes lys contre les maladies ?<\/h3>\n<p>Inspectez r\u00e9guli\u00e8rement vos plantes et utilisez un fongicide si n\u00e9cessaire pour pr\u00e9venir les maladies comme le botrytis.<\/p>\n<h3>Les lys ont-ils besoin de beaucoup d\u2019eau ?<\/h3>\n<p>Oui, ils n\u00e9cessitent un arrosage r\u00e9gulier, surtout pendant les p\u00e9riodes s\u00e8ches.<\/p>\n<h3>Puis-je cultiver des lys en pot ?<\/h3>\n<p>Oui, choisissez un pot profond avec un bon drainage et suivez les m\u00eames conseils de plantation.<\/p>\n<h3>Quelles sont les meilleures vari\u00e9t\u00e9s de lys parfum\u00e9s ?<\/h3>\n<p>Les lys orientaux sont particuli\u00e8rement connus pour leur parfum puissant et agr\u00e9able.<\/p>\n<h3>Les lys sont-ils toxiques pour les animaux ?<\/h3>\n<p>Oui, certaines vari\u00e9t\u00e9s peuvent \u00eatre toxiques pour les chats notamment ; il est important d\u2019en tenir compte si vous avez des animaux domestiques.<\/p>\n<p>Pour commencer votre projet de jardinage avec des lys aujourd\u2019hui, s\u00e9lectionnez vos vari\u00e9t\u00e9s pr\u00e9f\u00e9r\u00e9es chez votre p\u00e9pini\u00e9riste local ou en ligne !<\/p>\n<hr>\n<div class=\"articles-lies\">\n<h3>\u00c0 lire aussi<\/h3>\n<ul>\n<li><a href=\"https:\/\/herberiedelatille.fr\/blog\/fleurs-et-plantes\/begonia\/\">Begonia : Guide plantation entretien 2026<\/a><\/li>\n<li><a href=\"https:\/\/herberiedelatille.fr\/blog\/fleurs-et-plantes\/geranium\/\">G\u00e9ranium : Culture et entretien guide 2026<\/a><\/li>\n<li><a href=\"https:\/\/herberiedelatille.fr\/blog\/fleurs-et-plantes\/amaryllis\/\">Amaryllis : Guide Plantation &amp; Entretien 2026<\/a><\/li>\n<li><a href=\"https:\/\/herberiedelatille.fr\/blog\/conservation-et-biodiversite\/les-plantes-medicinales-definition-vertus-et-conseils-de-culture\/\">Les plantes m\u00e9dicinales : d\u00e9finition, vertus et conseils de culture<\/a><\/li>\n<\/ul>\n<\/div>\n","protected":false},"excerpt":{"rendered":"","protected":false},"author":34,"featured_media":7843,"comment_status":"open","ping_status":"open","sticky":false,"template":"","format":"standard","meta":{"_acf_changed":false,"manual_indexmenow":false,"indexmenow_id_project":0,"footnotes":""},"categories":[4613],"tags":[],"class_list":["post-7618","post","type-post","status-publish","format-standard","has-post-thumbnail","hentry","category-fleurs-et-plantes","generate-columns","tablet-grid-50","mobile-grid-100","grid-parent","grid-25"],"acf":[],"yoast_head":"<!-- This site is optimized with the Yoast SEO Premium plugin v21.3 (Yoast SEO v25.6) - https:\/\/yoast.com\/wordpress\/plugins\/seo\/ -->\n<title>Lys : Plantation entretien guide complet<\/title>\n<meta name=\"description\" content=\"Le lys est une plante \u00e0 bulbe pris\u00e9e pour ses fleurs spectaculaires et son parfum envo\u00fbtant.\" \/>\n<meta name=\"robots\" content=\"index, follow, max-snippet:-1, max-image-preview:large, max-video-preview:-1\" \/>\n<link rel=\"canonical\" href=\"https:\/\/herberiedelatille.fr\/blog\/fleurs-et-plantes\/lys\/\" \/>\n<meta property=\"og:locale\" content=\"fr_FR\" \/>\n<meta property=\"og:type\" content=\"article\" \/>\n<meta property=\"og:title\" content=\"Lys : Plantation entretien guide complet\" \/>\n<meta property=\"og:description\" content=\"Le lys est une plante \u00e0 bulbe pris\u00e9e pour ses fleurs spectaculaires et son parfum envo\u00fbtant.\" \/>\n<meta property=\"og:url\" content=\"https:\/\/herberiedelatille.fr\/blog\/fleurs-et-plantes\/lys\/\" \/>\n<meta property=\"og:site_name\" content=\"Herberie de la Tille\" \/>\n<meta property=\"og:image\" content=\"https:\/\/herberiedelatille.fr\/blog\/wp-content\/uploads\/2026\/06\/sdxl-a5a2628f5d3d0cc6d8b77af1d176533e-scaled.png\" \/>\n\t<meta property=\"og:image:width\" content=\"1200\" \/>\n\t<meta property=\"og:image:height\" content=\"500\" \/>\n\t<meta property=\"og:image:type\" content=\"image\/png\" \/>\n<meta name=\"author\" content=\"Julien Prigent\" \/>\n<meta name=\"twitter:card\" content=\"summary_large_image\" \/>\n<script type=\"application\/ld+json\" class=\"yoast-schema-graph\">{\"@context\":\"https:\/\/schema.org\",\"@graph\":[{\"@type\":\"NewsArticle\",\"@id\":\"https:\/\/herberiedelatille.fr\/blog\/fleurs-et-plantes\/lys\/#article\",\"isPartOf\":{\"@id\":\"https:\/\/herberiedelatille.fr\/blog\/fleurs-et-plantes\/lys\/\"},\"author\":{\"name\":\"Julien Prigent\",\"@id\":\"https:\/\/herberiedelatille.fr\/blog\/#\/schema\/person\/3c864cdc320801e3db34b663e7e3f816\"},\"headline\":\"Lys : Plantation entretien guide complet\",\"datePublished\":\"2026-05-27T09:00:00+00:00\",\"mainEntityOfPage\":{\"@id\":\"https:\/\/herberiedelatille.fr\/blog\/fleurs-et-plantes\/lys\/\"},\"wordCount\":783,\"commentCount\":0,\"publisher\":{\"@id\":\"https:\/\/herberiedelatille.fr\/blog\/#organization\"},\"image\":{\"@id\":\"https:\/\/herberiedelatille.fr\/blog\/fleurs-et-plantes\/lys\/#primaryimage\"},\"thumbnailUrl\":\"https:\/\/herberiedelatille.fr\/blog\/wp-content\/uploads\/2026\/06\/sdxl-a5a2628f5d3d0cc6d8b77af1d176533e-scaled.png\",\"articleSection\":[\"Fleurs et Plantes\"],\"inLanguage\":\"fr-FR\",\"potentialAction\":[{\"@type\":\"CommentAction\",\"name\":\"Comment\",\"target\":[\"https:\/\/herberiedelatille.fr\/blog\/fleurs-et-plantes\/lys\/#respond\"]}]},{\"@type\":\"WebPage\",\"@id\":\"https:\/\/herberiedelatille.fr\/blog\/fleurs-et-plantes\/lys\/\",\"url\":\"https:\/\/herberiedelatille.fr\/blog\/fleurs-et-plantes\/lys\/\",\"name\":\"Lys : Plantation entretien guide complet\",\"isPartOf\":{\"@id\":\"https:\/\/herberiedelatille.fr\/blog\/#website\"},\"primaryImageOfPage\":{\"@id\":\"https:\/\/herberiedelatille.fr\/blog\/fleurs-et-plantes\/lys\/#primaryimage\"},\"image\":{\"@id\":\"https:\/\/herberiedelatille.fr\/blog\/fleurs-et-plantes\/lys\/#primaryimage\"},\"thumbnailUrl\":\"https:\/\/herberiedelatille.fr\/blog\/wp-content\/uploads\/2026\/06\/sdxl-a5a2628f5d3d0cc6d8b77af1d176533e-scaled.png\",\"datePublished\":\"2026-05-27T09:00:00+00:00\",\"description\":\"Le lys est une plante \u00e0 bulbe pris\u00e9e pour ses fleurs spectaculaires et son parfum envo\u00fbtant.\",\"inLanguage\":\"fr-FR\",\"potentialAction\":[{\"@type\":\"ReadAction\",\"target\":[\"https:\/\/herberiedelatille.fr\/blog\/fleurs-et-plantes\/lys\/\"]}]},{\"@type\":\"ImageObject\",\"inLanguage\":\"fr-FR\",\"@id\":\"https:\/\/herberiedelatille.fr\/blog\/fleurs-et-plantes\/lys\/#primaryimage\",\"url\":\"https:\/\/herberiedelatille.fr\/blog\/wp-content\/uploads\/2026\/06\/sdxl-a5a2628f5d3d0cc6d8b77af1d176533e-scaled.png\",\"contentUrl\":\"https:\/\/herberiedelatille.fr\/blog\/wp-content\/uploads\/2026\/06\/sdxl-a5a2628f5d3d0cc6d8b77af1d176533e-scaled.png\",\"width\":1200,\"height\":500},{\"@type\":\"WebSite\",\"@id\":\"https:\/\/herberiedelatille.fr\/blog\/#website\",\"url\":\"https:\/\/herberiedelatille.fr\/blog\/\",\"name\":\"Herberie de la Tille\",\"description\":\"Le m\u00e9dia de la botanique pratique \u2014 plantes, herboristerie, identification\",\"publisher\":{\"@id\":\"https:\/\/herberiedelatille.fr\/blog\/#organization\"},\"alternateName\":\"Herberie de la Tille\",\"potentialAction\":[{\"@type\":\"SearchAction\",\"target\":{\"@type\":\"EntryPoint\",\"urlTemplate\":\"https:\/\/herberiedelatille.fr\/blog\/?s={search_term_string}\"},\"query-input\":{\"@type\":\"PropertyValueSpecification\",\"valueRequired\":true,\"valueName\":\"search_term_string\"}}],\"inLanguage\":\"fr-FR\"},{\"@type\":\"Organization\",\"@id\":\"https:\/\/herberiedelatille.fr\/blog\/#organization\",\"name\":\"Herberie de la Tille\",\"url\":\"https:\/\/herberiedelatille.fr\/blog\/\",\"logo\":{\"@type\":\"ImageObject\",\"inLanguage\":\"fr-FR\",\"@id\":\"https:\/\/herberiedelatille.fr\/blog\/#\/schema\/logo\/image\/\",\"url\":\"https:\/\/herberiedelatille.fr\/blog\/wp-content\/uploads\/2024\/12\/herberiedelatille.png\",\"contentUrl\":\"https:\/\/herberiedelatille.fr\/blog\/wp-content\/uploads\/2024\/12\/herberiedelatille.png\",\"width\":500,\"height\":500,\"caption\":\"Herberie de la Tille\"},\"image\":{\"@id\":\"https:\/\/herberiedelatille.fr\/blog\/#\/schema\/logo\/image\/\"}},{\"@type\":\"Person\",\"@id\":\"https:\/\/herberiedelatille.fr\/blog\/#\/schema\/person\/3c864cdc320801e3db34b663e7e3f816\",\"name\":\"Julien Prigent\",\"image\":{\"@type\":\"ImageObject\",\"inLanguage\":\"fr-FR\",\"@id\":\"https:\/\/herberiedelatille.fr\/blog\/#\/schema\/person\/image\/\",\"url\":\"https:\/\/herberiedelatille.fr\/blog\/wp-content\/uploads\/2026\/06\/persona_julien-p-96x96.jpg\",\"contentUrl\":\"https:\/\/herberiedelatille.fr\/blog\/wp-content\/uploads\/2026\/06\/persona_julien-p-96x96.jpg\",\"caption\":\"Julien Prigent\"},\"description\":\"Bricoleur et jardinier dans l'\u00e2me, j'\u00e9cris sur la maison et ses ext\u00e9rieurs avec les mains dans le cambouis plus que dans les th\u00e9ories. Mon terrain couvre tout l'habitat : le potager et le jardin au fil des saisons, mais aussi les petits travaux, la r\u00e9novation, le bricolage et les m\u00e9tiers du b\u00e2timent \u2014 toiture, isolation, menuiserie, serrurerie, ma\u00e7onnerie. J'aime expliquer un geste technique simplement, donner des fourchettes de prix r\u00e9alistes et les bons crit\u00e8res pour choisir un mat\u00e9riau ou un artisan. Je teste ce que je peux sur mes propres chantiers et au jardin avant d'en parler, je distingue la tradition de ce que confirme l'observation, et je pr\u00e9cise toujours le contexte \u2014 climat, type de sol, configuration du logement \u2014 parce qu'un m\u00eame conseil ne vaut pas partout. Mon but : rendre l'entretien et l'am\u00e9lioration de la maison accessibles, durables et \u00e9conomes.\",\"sameAs\":[\"https:\/\/julienprigent.fr\/\"],\"url\":\"https:\/\/herberiedelatille.fr\/blog\/auteur\/julien-p\/\"}]}<\/script>\n<!-- \/ Yoast SEO Premium plugin. -->","yoast_head_json":{"title":"Lys : Plantation entretien guide complet","description":"Le lys est une plante \u00e0 bulbe pris\u00e9e pour ses fleurs spectaculaires et son parfum envo\u00fbtant.","robots":{"index":"index","follow":"follow","max-snippet":"max-snippet:-1","max-image-preview":"max-image-preview:large","max-video-preview":"max-video-preview:-1"},"canonical":"https:\/\/herberiedelatille.fr\/blog\/fleurs-et-plantes\/lys\/","og_locale":"fr_FR","og_type":"article","og_title":"Lys : Plantation entretien guide complet","og_description":"Le lys est une plante \u00e0 bulbe pris\u00e9e pour ses fleurs spectaculaires et son parfum envo\u00fbtant.","og_url":"https:\/\/herberiedelatille.fr\/blog\/fleurs-et-plantes\/lys\/","og_site_name":"Herberie de la Tille","og_image":[{"width":1200,"height":500,"url":"https:\/\/herberiedelatille.fr\/blog\/wp-content\/uploads\/2026\/06\/sdxl-a5a2628f5d3d0cc6d8b77af1d176533e-scaled.png","type":"image\/png"}],"author":"Julien Prigent","twitter_card":"summary_large_image","schema":{"@context":"https:\/\/schema.org","@graph":[{"@type":"NewsArticle","@id":"https:\/\/herberiedelatille.fr\/blog\/fleurs-et-plantes\/lys\/#article","isPartOf":{"@id":"https:\/\/herberiedelatille.fr\/blog\/fleurs-et-plantes\/lys\/"},"author":{"name":"Julien Prigent","@id":"https:\/\/herberiedelatille.fr\/blog\/#\/schema\/person\/3c864cdc320801e3db34b663e7e3f816"},"headline":"Lys : Plantation entretien guide complet","datePublished":"2026-05-27T09:00:00+00:00","mainEntityOfPage":{"@id":"https:\/\/herberiedelatille.fr\/blog\/fleurs-et-plantes\/lys\/"},"wordCount":783,"commentCount":0,"publisher":{"@id":"https:\/\/herberiedelatille.fr\/blog\/#organization"},"image":{"@id":"https:\/\/herberiedelatille.fr\/blog\/fleurs-et-plantes\/lys\/#primaryimage"},"thumbnailUrl":"https:\/\/herberiedelatille.fr\/blog\/wp-content\/uploads\/2026\/06\/sdxl-a5a2628f5d3d0cc6d8b77af1d176533e-scaled.png","articleSection":["Fleurs et Plantes"],"inLanguage":"fr-FR","potentialAction":[{"@type":"CommentAction","name":"Comment","target":["https:\/\/herberiedelatille.fr\/blog\/fleurs-et-plantes\/lys\/#respond"]}]},{"@type":"WebPage","@id":"https:\/\/herberiedelatille.fr\/blog\/fleurs-et-plantes\/lys\/","url":"https:\/\/herberiedelatille.fr\/blog\/fleurs-et-plantes\/lys\/","name":"Lys : Plantation entretien guide complet","isPartOf":{"@id":"https:\/\/herberiedelatille.fr\/blog\/#website"},"primaryImageOfPage":{"@id":"https:\/\/herberiedelatille.fr\/blog\/fleurs-et-plantes\/lys\/#primaryimage"},"image":{"@id":"https:\/\/herberiedelatille.fr\/blog\/fleurs-et-plantes\/lys\/#primaryimage"},"thumbnailUrl":"https:\/\/herberiedelatille.fr\/blog\/wp-content\/uploads\/2026\/06\/sdxl-a5a2628f5d3d0cc6d8b77af1d176533e-scaled.png","datePublished":"2026-05-27T09:00:00+00:00","description":"Le lys est une plante \u00e0 bulbe pris\u00e9e pour ses fleurs spectaculaires et son parfum envo\u00fbtant.","inLanguage":"fr-FR","potentialAction":[{"@type":"ReadAction","target":["https:\/\/herberiedelatille.fr\/blog\/fleurs-et-plantes\/lys\/"]}]},{"@type":"ImageObject","inLanguage":"fr-FR","@id":"https:\/\/herberiedelatille.fr\/blog\/fleurs-et-plantes\/lys\/#primaryimage","url":"https:\/\/herberiedelatille.fr\/blog\/wp-content\/uploads\/2026\/06\/sdxl-a5a2628f5d3d0cc6d8b77af1d176533e-scaled.png","contentUrl":"https:\/\/herberiedelatille.fr\/blog\/wp-content\/uploads\/2026\/06\/sdxl-a5a2628f5d3d0cc6d8b77af1d176533e-scaled.png","width":1200,"height":500},{"@type":"WebSite","@id":"https:\/\/herberiedelatille.fr\/blog\/#website","url":"https:\/\/herberiedelatille.fr\/blog\/","name":"Herberie de la Tille","description":"Le m\u00e9dia de la botanique pratique \u2014 plantes, herboristerie, identification","publisher":{"@id":"https:\/\/herberiedelatille.fr\/blog\/#organization"},"alternateName":"Herberie de la Tille","potentialAction":[{"@type":"SearchAction","target":{"@type":"EntryPoint","urlTemplate":"https:\/\/herberiedelatille.fr\/blog\/?s={search_term_string}"},"query-input":{"@type":"PropertyValueSpecification","valueRequired":true,"valueName":"search_term_string"}}],"inLanguage":"fr-FR"},{"@type":"Organization","@id":"https:\/\/herberiedelatille.fr\/blog\/#organization","name":"Herberie de la Tille","url":"https:\/\/herberiedelatille.fr\/blog\/","logo":{"@type":"ImageObject","inLanguage":"fr-FR","@id":"https:\/\/herberiedelatille.fr\/blog\/#\/schema\/logo\/image\/","url":"https:\/\/herberiedelatille.fr\/blog\/wp-content\/uploads\/2024\/12\/herberiedelatille.png","contentUrl":"https:\/\/herberiedelatille.fr\/blog\/wp-content\/uploads\/2024\/12\/herberiedelatille.png","width":500,"height":500,"caption":"Herberie de la Tille"},"image":{"@id":"https:\/\/herberiedelatille.fr\/blog\/#\/schema\/logo\/image\/"}},{"@type":"Person","@id":"https:\/\/herberiedelatille.fr\/blog\/#\/schema\/person\/3c864cdc320801e3db34b663e7e3f816","name":"Julien Prigent","image":{"@type":"ImageObject","inLanguage":"fr-FR","@id":"https:\/\/herberiedelatille.fr\/blog\/#\/schema\/person\/image\/","url":"https:\/\/herberiedelatille.fr\/blog\/wp-content\/uploads\/2026\/06\/persona_julien-p-96x96.jpg","contentUrl":"https:\/\/herberiedelatille.fr\/blog\/wp-content\/uploads\/2026\/06\/persona_julien-p-96x96.jpg","caption":"Julien Prigent"},"description":"Bricoleur et jardinier dans l'\u00e2me, j'\u00e9cris sur la maison et ses ext\u00e9rieurs avec les mains dans le cambouis plus que dans les th\u00e9ories. Mon terrain couvre tout l'habitat : le potager et le jardin au fil des saisons, mais aussi les petits travaux, la r\u00e9novation, le bricolage et les m\u00e9tiers du b\u00e2timent \u2014 toiture, isolation, menuiserie, serrurerie, ma\u00e7onnerie. J'aime expliquer un geste technique simplement, donner des fourchettes de prix r\u00e9alistes et les bons crit\u00e8res pour choisir un mat\u00e9riau ou un artisan. Je teste ce que je peux sur mes propres chantiers et au jardin avant d'en parler, je distingue la tradition de ce que confirme l'observation, et je pr\u00e9cise toujours le contexte \u2014 climat, type de sol, configuration du logement \u2014 parce qu'un m\u00eame conseil ne vaut pas partout. Mon but : rendre l'entretien et l'am\u00e9lioration de la maison accessibles, durables et \u00e9conomes.","sameAs":["https:\/\/julienprigent.fr\/"],"url":"https:\/\/herberiedelatille.fr\/blog\/auteur\/julien-p\/"}]}},"_links":{"self":[{"href":"https:\/\/herberiedelatille.fr\/blog\/wp-json\/wp\/v2\/posts\/7618","targetHints":{"allow":["GET"]}}],"collection":[{"href":"https:\/\/herberiedelatille.fr\/blog\/wp-json\/wp\/v2\/posts"}],"about":[{"href":"https:\/\/herberiedelatille.fr\/blog\/wp-json\/wp\/v2\/types\/post"}],"author":[{"embeddable":true,"href":"https:\/\/herberiedelatille.fr\/blog\/wp-json\/wp\/v2\/users\/34"}],"replies":[{"embeddable":true,"href":"https:\/\/herberiedelatille.fr\/blog\/wp-json\/wp\/v2\/comments?post=7618"}],"version-history":[{"count":1,"href":"https:\/\/herberiedelatille.fr\/blog\/wp-json\/wp\/v2\/posts\/7618\/revisions"}],"predecessor-version":[{"id":7796,"href":"https:\/\/herberiedelatille.fr\/blog\/wp-json\/wp\/v2\/posts\/7618\/revisions\/7796"}],"wp:featuredmedia":[{"embeddable":true,"href":"https:\/\/herberiedelatille.fr\/blog\/wp-json\/wp\/v2\/media\/7843"}],"wp:attachment":[{"href":"https:\/\/herberiedelatille.fr\/blog\/wp-json\/wp\/v2\/media?parent=7618"}],"wp:term":[{"taxonomy":"category","embeddable":true,"href":"https:\/\/herberiedelatille.fr\/blog\/wp-json\/wp\/v2\/categories?post=7618"},{"taxonomy":"post_tag","embeddable":true,"href":"https:\/\/herberiedelatille.fr\/blog\/wp-json\/wp\/v2\/tags?post=7618"}],"curies":[{"name":"wp","href":"https:\/\/api.w.org\/{rel}","templated":true}]}}