{"id":7623,"date":"2026-06-02T09:00:00","date_gmt":"2026-06-02T09:00:00","guid":{"rendered":"https:\/\/herberiedelatille.fr\/blog\/?p=7623"},"modified":"2026-06-02T09:00:00","modified_gmt":"2026-06-02T09:00:00","slug":"potiron","status":"publish","type":"post","link":"https:\/\/herberiedelatille.fr\/blog\/potager\/potiron\/","title":{"rendered":"Potiron : Culture et recettes compl\u00e8tes"},"content":{"rendered":"<p>Le <strong>potiron<\/strong> est une courge d\u2019hiver, appr\u00e9ci\u00e9e pour sa chair sucr\u00e9e et sa polyvalence en cuisine. En 2026, les prix du potiron oscillent entre 1,50 \u20ac et 2,50 \u20ac le kilogramme selon la r\u00e9gion et la qualit\u00e9. Cultiv\u00e9 principalement en France, ce l\u00e9gume est non seulement un incontournable de l\u2019automne mais \u00e9galement un alli\u00e9 sant\u00e9 gr\u00e2ce \u00e0 ses nombreux nutriments. Cet article vous propose une exploration de la culture du potiron ainsi que des recettes originales pour profiter de ce d\u00e9lice.<\/p>\n<h2>Caract\u00e9ristiques du potiron<\/h2>\n<p>Le potiron appartient \u00e0 la famille des cucurbitac\u00e9es. Il se distingue par sa peau \u00e9paisse et rugueuse, souvent teint\u00e9e de couleurs vives allant du orange au vert fonc\u00e9. Sa chair est riche en b\u00eata-carot\u00e8ne, en vitamines A et C, et en min\u00e9raux tels que le potassium.<\/p>\n<h3>Vari\u00e9t\u00e9s de potiron<\/h3>\n<p>Il existe plusieurs vari\u00e9t\u00e9s de potirons :<\/p>\n<ul>\n<li><strong>Potimarron<\/strong> : Plus petit, au go\u00fbt noisette.<\/li>\n<li><strong>Potiron bleu de Hongrie<\/strong> : Chair dense et sucr\u00e9e.<\/li>\n<li><strong>Potiron Jack-o\u2019-lantern<\/strong> : Utilis\u00e9 surtout pour Halloween.<\/li>\n<\/ul>\n<h2>Conditions de culture du potiron<\/h2>\n<p>La culture du potiron demande une attention particuli\u00e8re afin d\u2019obtenir une r\u00e9colte g\u00e9n\u00e9reuse.<\/p>\n<h3>Sol et emplacement<\/h3>\n<p>Le potiron pr\u00e9f\u00e8re un sol bien drain\u00e9, riche en mati\u00e8re organique. Un pH neutre \u00e0 l\u00e9g\u00e8rement acide (6-7) est id\u00e9al. Il n\u00e9cessite \u00e9galement beaucoup de soleil, avec au moins 6 heures d\u2019ensoleillement par jour.<\/p>\n<h3>Semis et entretien<\/h3>\n<ul>\n<li><strong>Semis<\/strong> : En int\u00e9rieur entre mars et avril ou en ext\u00e9rieur apr\u00e8s les derni\u00e8res gel\u00e9es.<\/li>\n<li><strong>Espacement<\/strong> : Plantez les graines \u00e0 1 m\u00e8tre d\u2019\u00e9cart pour favoriser leur d\u00e9veloppement.<\/li>\n<li><strong>Arrosage<\/strong> : Maintenez le sol humide sans exc\u00e8s.<\/li>\n<\/ul>\n<h3>R\u00e9colte<\/h3>\n<p>La r\u00e9colte se fait g\u00e9n\u00e9ralement entre septembre et octobre lorsque la peau devient dure. Ne pas attendre trop longtemps pour \u00e9viter que le fruit ne se d\u00e9t\u00e9riore. Un bon indicateur de maturit\u00e9 est la couleur vibrante du potiron.<\/p>\n<h2>Co\u00fbt de la culture en 2026<\/h2>\n<p>Voici un tableau r\u00e9capitulatif des co\u00fbts estim\u00e9s pour cultiver du potiron sur 100 m\u00b2 :<\/p>\n<table class=\"kwdbank-table\">\n<thead>\n<tr>\n<th>\u00c9l\u00e9ments<\/th>\n<th>Co\u00fbt estim\u00e9 (\u20ac)<\/th>\n<\/tr>\n<\/thead>\n<tbody>\n<tr>\n<td>Graines<\/td>\n<td>20<\/td>\n<\/tr>\n<tr>\n<td>Amendements (compost)<\/td>\n<td>30<\/td>\n<\/tr>\n<tr>\n<td>Fertilisants<\/td>\n<td>25<\/td>\n<\/tr>\n<tr>\n<td>Irrigation<\/td>\n<td>15<\/td>\n<\/tr>\n<tr>\n<td>Main-d\u2019\u0153uvre (si applicable)<\/td>\n<td>50<\/td>\n<\/tr>\n<tr>\n<td><strong>Total<\/strong><\/td>\n<td><strong>140<\/strong><\/td>\n<\/tr>\n<\/tbody>\n<\/table>\n<p>Ce co\u00fbt peut varier selon les pratiques agricoles et l\u2019\u00e9chelle de production.<\/p>\n<h2>Recettes \u00e0 base de potiron<\/h2>\n<p>Le potiron s\u2019invite dans diverses recettes, allant des plats sal\u00e9s aux desserts sucr\u00e9s.<\/p>\n<h3>Soupe de potiron \u00e9pic\u00e9e<\/h3>\n<h4>Ingr\u00e9dients :<\/h4>\n<ul>\n<li>500 g de potiron<\/li>\n<li>1 oignon<\/li>\n<li>2 gousses d\u2019ail<\/li>\n<li>1 litre de bouillon de l\u00e9gumes<\/li>\n<li>\u00c9pices (cannelle, muscade)<\/li>\n<\/ul>\n<h4>Pr\u00e9paration :<\/h4>\n<ol>\n<li>Faites revenir l\u2019oignon et l\u2019ail dans un peu d\u2019huile.<\/li>\n<li>Ajoutez le potiron coup\u00e9 en d\u00e9s.<\/li>\n<li>Incorporez le bouillon et laissez mijoter pendant 30 minutes.<\/li>\n<li>Mixez jusqu\u2019\u00e0 obtenir une texture lisse et ajoutez les \u00e9pices.<\/li>\n<\/ol>\n<h3>Tarte au potiron<\/h3>\n<h4>Ingr\u00e9dients :<\/h4>\n<ul>\n<li>P\u00e2te bris\u00e9e<\/li>\n<li>400 g de pur\u00e9e de potiron<\/li>\n<li>3 \u0153ufs<\/li>\n<li>100 g de sucre<\/li>\n<li>\u00c9pices (cannelle, gingembre)<\/li>\n<\/ul>\n<h4>Pr\u00e9paration :<\/h4>\n<ol>\n<li>Pr\u00e9chauffez le four \u00e0 180\u00b0C.<\/li>\n<li>\u00c9talez la p\u00e2te dans un moule.<\/li>\n<li>M\u00e9langez tous les ingr\u00e9dients dans un bol.<\/li>\n<li>Versez sur la p\u00e2te et enfournez pendant environ 45 minutes.<\/li>\n<\/ol>\n<h2>Pi\u00e8ges \u00e0 \u00e9viter lors de la culture du potiron<\/h2>\n<p>Un pi\u00e8ge courant lors de la culture du potiron est l\u2019exc\u00e8s d\u2019humidit\u00e9 qui peut provoquer des maladies fongiques comme le mildiou. Il est crucial d\u2019assurer une bonne circulation d\u2019air autour des plantes et d\u2019\u00e9viter l\u2019arrosage excessif.<\/p>\n<h2>FAQ<\/h2>\n<h3>Quelle est la diff\u00e9rence entre le potimarron et le potiron ?<\/h3>\n<p>Le potimarron a une saveur plus prononc\u00e9e, l\u00e9g\u00e8rement sucr\u00e9e avec un go\u00fbt rappelant celui des ch\u00e2taignes, tandis que le potiron a une chair plus douce.<\/p>\n<h3>Comment conserver le potiron ?<\/h3>\n<p>Conservez-le dans un endroit frais et sec, id\u00e9alement \u00e0 temp\u00e9rature ambiante pour prolonger sa dur\u00e9e de vie jusqu\u2019\u00e0 plusieurs mois.<\/p>\n<h3>Quels sont les bienfaits nutritionnels du potiron ?<\/h3>\n<p>Riche en vitamines A, C, potassium et fibres alimentaires, il aide \u00e0 renforcer le syst\u00e8me immunitaire et favorise la digestion.<\/p>\n<h3>Peut-on manger les graines de potiron ?<\/h3>\n<p>Oui, les graines peuvent \u00eatre grill\u00e9es et consomm\u00e9es comme collation saine ou ajout\u00e9es aux salades pour un croquant suppl\u00e9mentaire.<\/p>\n<h3>Quand planter des graines de potiron ?<\/h3>\n<p>Les graines peuvent \u00eatre sem\u00e9es d\u00e8s que tout risque de gel est \u00e9cart\u00e9, g\u00e9n\u00e9ralement apr\u00e8s mi-mai dans la plupart des r\u00e9gions fran\u00e7aises.<\/p>\n<p>Pr\u00eat \u00e0 cultiver votre propre potiron ou \u00e0 essayer ces recettes ? Le moment est id\u00e9al pour explorer toutes les facettes d\u00e9licieuses que cette courge a \u00e0 offrir !<\/p>\n<hr>\n<div class=\"articles-lies\">\n<h3>\u00c0 lire aussi<\/h3>\n<ul>\n<li><a href=\"https:\/\/herberiedelatille.fr\/blog\/potager\/citrouille\/\">Citrouille : Culture Conseils Jardin 2026<\/a><\/li>\n<li><a href=\"https:\/\/herberiedelatille.fr\/blog\/potager\/cardon\/\">Cardon : Culture et conseils jardinage 2026<\/a><\/li>\n<li><a href=\"https:\/\/herberiedelatille.fr\/blog\/potager\/gombo\/\">Gombo : Culture et Conseils Jardinage Expert<\/a><\/li>\n<li><a href=\"https:\/\/herberiedelatille.fr\/blog\/conservation-et-biodiversite\/les-plantes-medicinales-definition-vertus-et-conseils-de-culture\/\">Les plantes m\u00e9dicinales : d\u00e9finition, vertus et conseils de culture<\/a><\/li>\n<\/ul>\n<\/div>\n","protected":false},"excerpt":{"rendered":"","protected":false},"author":34,"featured_media":7836,"comment_status":"open","ping_status":"open","sticky":false,"template":"","format":"standard","meta":{"_acf_changed":false,"manual_indexmenow":false,"indexmenow_id_project":0,"footnotes":""},"categories":[4614],"tags":[],"class_list":["post-7623","post","type-post","status-publish","format-standard","has-post-thumbnail","hentry","category-potager","generate-columns","tablet-grid-50","mobile-grid-100","grid-parent","grid-25"],"acf":[],"yoast_head":"<!-- This site is optimized with the Yoast SEO Premium plugin v21.3 (Yoast SEO v25.6) - https:\/\/yoast.com\/wordpress\/plugins\/seo\/ -->\n<title>Potiron : Culture et recettes compl\u00e8tes<\/title>\n<meta name=\"description\" content=\"Le potiron est une courge d\u2019hiver, appr\u00e9ci\u00e9e pour sa chair sucr\u00e9e et sa polyvalence en cuisine.\" \/>\n<meta name=\"robots\" content=\"index, follow, max-snippet:-1, max-image-preview:large, max-video-preview:-1\" \/>\n<link rel=\"canonical\" href=\"https:\/\/herberiedelatille.fr\/blog\/potager\/potiron\/\" \/>\n<meta property=\"og:locale\" content=\"fr_FR\" \/>\n<meta property=\"og:type\" content=\"article\" \/>\n<meta property=\"og:title\" content=\"Potiron : Culture et recettes compl\u00e8tes\" \/>\n<meta property=\"og:description\" content=\"Le potiron est une courge d\u2019hiver, appr\u00e9ci\u00e9e pour sa chair sucr\u00e9e et sa polyvalence en cuisine.\" \/>\n<meta property=\"og:url\" content=\"https:\/\/herberiedelatille.fr\/blog\/potager\/potiron\/\" \/>\n<meta property=\"og:site_name\" content=\"Herberie de la Tille\" \/>\n<meta property=\"og:image\" content=\"https:\/\/herberiedelatille.fr\/blog\/wp-content\/uploads\/2026\/06\/sdxl-585a853f156a3b4eb915d8c46f22016f-scaled.png\" \/>\n\t<meta property=\"og:image:width\" content=\"1200\" \/>\n\t<meta property=\"og:image:height\" content=\"500\" \/>\n\t<meta property=\"og:image:type\" content=\"image\/png\" \/>\n<meta name=\"author\" content=\"Julien Prigent\" \/>\n<meta name=\"twitter:card\" content=\"summary_large_image\" \/>\n<script type=\"application\/ld+json\" class=\"yoast-schema-graph\">{\"@context\":\"https:\/\/schema.org\",\"@graph\":[{\"@type\":\"NewsArticle\",\"@id\":\"https:\/\/herberiedelatille.fr\/blog\/potager\/potiron\/#article\",\"isPartOf\":{\"@id\":\"https:\/\/herberiedelatille.fr\/blog\/potager\/potiron\/\"},\"author\":{\"name\":\"Julien Prigent\",\"@id\":\"https:\/\/herberiedelatille.fr\/blog\/#\/schema\/person\/3c864cdc320801e3db34b663e7e3f816\"},\"headline\":\"Potiron : Culture et recettes compl\u00e8tes\",\"datePublished\":\"2026-06-02T09:00:00+00:00\",\"mainEntityOfPage\":{\"@id\":\"https:\/\/herberiedelatille.fr\/blog\/potager\/potiron\/\"},\"wordCount\":790,\"commentCount\":0,\"publisher\":{\"@id\":\"https:\/\/herberiedelatille.fr\/blog\/#organization\"},\"image\":{\"@id\":\"https:\/\/herberiedelatille.fr\/blog\/potager\/potiron\/#primaryimage\"},\"thumbnailUrl\":\"https:\/\/herberiedelatille.fr\/blog\/wp-content\/uploads\/2026\/06\/sdxl-585a853f156a3b4eb915d8c46f22016f-scaled.png\",\"articleSection\":[\"Potager\"],\"inLanguage\":\"fr-FR\",\"potentialAction\":[{\"@type\":\"CommentAction\",\"name\":\"Comment\",\"target\":[\"https:\/\/herberiedelatille.fr\/blog\/potager\/potiron\/#respond\"]}]},{\"@type\":\"WebPage\",\"@id\":\"https:\/\/herberiedelatille.fr\/blog\/potager\/potiron\/\",\"url\":\"https:\/\/herberiedelatille.fr\/blog\/potager\/potiron\/\",\"name\":\"Potiron : Culture et recettes compl\u00e8tes\",\"isPartOf\":{\"@id\":\"https:\/\/herberiedelatille.fr\/blog\/#website\"},\"primaryImageOfPage\":{\"@id\":\"https:\/\/herberiedelatille.fr\/blog\/potager\/potiron\/#primaryimage\"},\"image\":{\"@id\":\"https:\/\/herberiedelatille.fr\/blog\/potager\/potiron\/#primaryimage\"},\"thumbnailUrl\":\"https:\/\/herberiedelatille.fr\/blog\/wp-content\/uploads\/2026\/06\/sdxl-585a853f156a3b4eb915d8c46f22016f-scaled.png\",\"datePublished\":\"2026-06-02T09:00:00+00:00\",\"description\":\"Le potiron est une courge d\u2019hiver, appr\u00e9ci\u00e9e pour sa chair sucr\u00e9e et sa polyvalence en cuisine.\",\"inLanguage\":\"fr-FR\",\"potentialAction\":[{\"@type\":\"ReadAction\",\"target\":[\"https:\/\/herberiedelatille.fr\/blog\/potager\/potiron\/\"]}]},{\"@type\":\"ImageObject\",\"inLanguage\":\"fr-FR\",\"@id\":\"https:\/\/herberiedelatille.fr\/blog\/potager\/potiron\/#primaryimage\",\"url\":\"https:\/\/herberiedelatille.fr\/blog\/wp-content\/uploads\/2026\/06\/sdxl-585a853f156a3b4eb915d8c46f22016f-scaled.png\",\"contentUrl\":\"https:\/\/herberiedelatille.fr\/blog\/wp-content\/uploads\/2026\/06\/sdxl-585a853f156a3b4eb915d8c46f22016f-scaled.png\",\"width\":1200,\"height\":500},{\"@type\":\"WebSite\",\"@id\":\"https:\/\/herberiedelatille.fr\/blog\/#website\",\"url\":\"https:\/\/herberiedelatille.fr\/blog\/\",\"name\":\"Herberie de la Tille\",\"description\":\"Le m\u00e9dia de la botanique pratique \u2014 plantes, herboristerie, identification\",\"publisher\":{\"@id\":\"https:\/\/herberiedelatille.fr\/blog\/#organization\"},\"alternateName\":\"Herberie de la Tille\",\"potentialAction\":[{\"@type\":\"SearchAction\",\"target\":{\"@type\":\"EntryPoint\",\"urlTemplate\":\"https:\/\/herberiedelatille.fr\/blog\/?s={search_term_string}\"},\"query-input\":{\"@type\":\"PropertyValueSpecification\",\"valueRequired\":true,\"valueName\":\"search_term_string\"}}],\"inLanguage\":\"fr-FR\"},{\"@type\":\"Organization\",\"@id\":\"https:\/\/herberiedelatille.fr\/blog\/#organization\",\"name\":\"Herberie de la Tille\",\"url\":\"https:\/\/herberiedelatille.fr\/blog\/\",\"logo\":{\"@type\":\"ImageObject\",\"inLanguage\":\"fr-FR\",\"@id\":\"https:\/\/herberiedelatille.fr\/blog\/#\/schema\/logo\/image\/\",\"url\":\"https:\/\/herberiedelatille.fr\/blog\/wp-content\/uploads\/2024\/12\/herberiedelatille.png\",\"contentUrl\":\"https:\/\/herberiedelatille.fr\/blog\/wp-content\/uploads\/2024\/12\/herberiedelatille.png\",\"width\":500,\"height\":500,\"caption\":\"Herberie de la Tille\"},\"image\":{\"@id\":\"https:\/\/herberiedelatille.fr\/blog\/#\/schema\/logo\/image\/\"}},{\"@type\":\"Person\",\"@id\":\"https:\/\/herberiedelatille.fr\/blog\/#\/schema\/person\/3c864cdc320801e3db34b663e7e3f816\",\"name\":\"Julien Prigent\",\"image\":{\"@type\":\"ImageObject\",\"inLanguage\":\"fr-FR\",\"@id\":\"https:\/\/herberiedelatille.fr\/blog\/#\/schema\/person\/image\/\",\"url\":\"https:\/\/herberiedelatille.fr\/blog\/wp-content\/uploads\/2026\/06\/persona_julien-p-96x96.jpg\",\"contentUrl\":\"https:\/\/herberiedelatille.fr\/blog\/wp-content\/uploads\/2026\/06\/persona_julien-p-96x96.jpg\",\"caption\":\"Julien Prigent\"},\"description\":\"Bricoleur et jardinier dans l'\u00e2me, j'\u00e9cris sur la maison et ses ext\u00e9rieurs avec les mains dans le cambouis plus que dans les th\u00e9ories. Mon terrain couvre tout l'habitat : le potager et le jardin au fil des saisons, mais aussi les petits travaux, la r\u00e9novation, le bricolage et les m\u00e9tiers du b\u00e2timent \u2014 toiture, isolation, menuiserie, serrurerie, ma\u00e7onnerie. J'aime expliquer un geste technique simplement, donner des fourchettes de prix r\u00e9alistes et les bons crit\u00e8res pour choisir un mat\u00e9riau ou un artisan. Je teste ce que je peux sur mes propres chantiers et au jardin avant d'en parler, je distingue la tradition de ce que confirme l'observation, et je pr\u00e9cise toujours le contexte \u2014 climat, type de sol, configuration du logement \u2014 parce qu'un m\u00eame conseil ne vaut pas partout. Mon but : rendre l'entretien et l'am\u00e9lioration de la maison accessibles, durables et \u00e9conomes.\",\"sameAs\":[\"https:\/\/julienprigent.fr\/\"],\"url\":\"https:\/\/herberiedelatille.fr\/blog\/auteur\/julien-p\/\"}]}<\/script>\n<!-- \/ Yoast SEO Premium plugin. -->","yoast_head_json":{"title":"Potiron : Culture et recettes compl\u00e8tes","description":"Le potiron est une courge d\u2019hiver, appr\u00e9ci\u00e9e pour sa chair sucr\u00e9e et sa polyvalence en cuisine.","robots":{"index":"index","follow":"follow","max-snippet":"max-snippet:-1","max-image-preview":"max-image-preview:large","max-video-preview":"max-video-preview:-1"},"canonical":"https:\/\/herberiedelatille.fr\/blog\/potager\/potiron\/","og_locale":"fr_FR","og_type":"article","og_title":"Potiron : Culture et recettes compl\u00e8tes","og_description":"Le potiron est une courge d\u2019hiver, appr\u00e9ci\u00e9e pour sa chair sucr\u00e9e et sa polyvalence en cuisine.","og_url":"https:\/\/herberiedelatille.fr\/blog\/potager\/potiron\/","og_site_name":"Herberie de la Tille","og_image":[{"width":1200,"height":500,"url":"https:\/\/herberiedelatille.fr\/blog\/wp-content\/uploads\/2026\/06\/sdxl-585a853f156a3b4eb915d8c46f22016f-scaled.png","type":"image\/png"}],"author":"Julien Prigent","twitter_card":"summary_large_image","schema":{"@context":"https:\/\/schema.org","@graph":[{"@type":"NewsArticle","@id":"https:\/\/herberiedelatille.fr\/blog\/potager\/potiron\/#article","isPartOf":{"@id":"https:\/\/herberiedelatille.fr\/blog\/potager\/potiron\/"},"author":{"name":"Julien Prigent","@id":"https:\/\/herberiedelatille.fr\/blog\/#\/schema\/person\/3c864cdc320801e3db34b663e7e3f816"},"headline":"Potiron : Culture et recettes compl\u00e8tes","datePublished":"2026-06-02T09:00:00+00:00","mainEntityOfPage":{"@id":"https:\/\/herberiedelatille.fr\/blog\/potager\/potiron\/"},"wordCount":790,"commentCount":0,"publisher":{"@id":"https:\/\/herberiedelatille.fr\/blog\/#organization"},"image":{"@id":"https:\/\/herberiedelatille.fr\/blog\/potager\/potiron\/#primaryimage"},"thumbnailUrl":"https:\/\/herberiedelatille.fr\/blog\/wp-content\/uploads\/2026\/06\/sdxl-585a853f156a3b4eb915d8c46f22016f-scaled.png","articleSection":["Potager"],"inLanguage":"fr-FR","potentialAction":[{"@type":"CommentAction","name":"Comment","target":["https:\/\/herberiedelatille.fr\/blog\/potager\/potiron\/#respond"]}]},{"@type":"WebPage","@id":"https:\/\/herberiedelatille.fr\/blog\/potager\/potiron\/","url":"https:\/\/herberiedelatille.fr\/blog\/potager\/potiron\/","name":"Potiron : Culture et recettes compl\u00e8tes","isPartOf":{"@id":"https:\/\/herberiedelatille.fr\/blog\/#website"},"primaryImageOfPage":{"@id":"https:\/\/herberiedelatille.fr\/blog\/potager\/potiron\/#primaryimage"},"image":{"@id":"https:\/\/herberiedelatille.fr\/blog\/potager\/potiron\/#primaryimage"},"thumbnailUrl":"https:\/\/herberiedelatille.fr\/blog\/wp-content\/uploads\/2026\/06\/sdxl-585a853f156a3b4eb915d8c46f22016f-scaled.png","datePublished":"2026-06-02T09:00:00+00:00","description":"Le potiron est une courge d\u2019hiver, appr\u00e9ci\u00e9e pour sa chair sucr\u00e9e et sa polyvalence en cuisine.","inLanguage":"fr-FR","potentialAction":[{"@type":"ReadAction","target":["https:\/\/herberiedelatille.fr\/blog\/potager\/potiron\/"]}]},{"@type":"ImageObject","inLanguage":"fr-FR","@id":"https:\/\/herberiedelatille.fr\/blog\/potager\/potiron\/#primaryimage","url":"https:\/\/herberiedelatille.fr\/blog\/wp-content\/uploads\/2026\/06\/sdxl-585a853f156a3b4eb915d8c46f22016f-scaled.png","contentUrl":"https:\/\/herberiedelatille.fr\/blog\/wp-content\/uploads\/2026\/06\/sdxl-585a853f156a3b4eb915d8c46f22016f-scaled.png","width":1200,"height":500},{"@type":"WebSite","@id":"https:\/\/herberiedelatille.fr\/blog\/#website","url":"https:\/\/herberiedelatille.fr\/blog\/","name":"Herberie de la Tille","description":"Le m\u00e9dia de la botanique pratique \u2014 plantes, herboristerie, identification","publisher":{"@id":"https:\/\/herberiedelatille.fr\/blog\/#organization"},"alternateName":"Herberie de la Tille","potentialAction":[{"@type":"SearchAction","target":{"@type":"EntryPoint","urlTemplate":"https:\/\/herberiedelatille.fr\/blog\/?s={search_term_string}"},"query-input":{"@type":"PropertyValueSpecification","valueRequired":true,"valueName":"search_term_string"}}],"inLanguage":"fr-FR"},{"@type":"Organization","@id":"https:\/\/herberiedelatille.fr\/blog\/#organization","name":"Herberie de la Tille","url":"https:\/\/herberiedelatille.fr\/blog\/","logo":{"@type":"ImageObject","inLanguage":"fr-FR","@id":"https:\/\/herberiedelatille.fr\/blog\/#\/schema\/logo\/image\/","url":"https:\/\/herberiedelatille.fr\/blog\/wp-content\/uploads\/2024\/12\/herberiedelatille.png","contentUrl":"https:\/\/herberiedelatille.fr\/blog\/wp-content\/uploads\/2024\/12\/herberiedelatille.png","width":500,"height":500,"caption":"Herberie de la Tille"},"image":{"@id":"https:\/\/herberiedelatille.fr\/blog\/#\/schema\/logo\/image\/"}},{"@type":"Person","@id":"https:\/\/herberiedelatille.fr\/blog\/#\/schema\/person\/3c864cdc320801e3db34b663e7e3f816","name":"Julien Prigent","image":{"@type":"ImageObject","inLanguage":"fr-FR","@id":"https:\/\/herberiedelatille.fr\/blog\/#\/schema\/person\/image\/","url":"https:\/\/herberiedelatille.fr\/blog\/wp-content\/uploads\/2026\/06\/persona_julien-p-96x96.jpg","contentUrl":"https:\/\/herberiedelatille.fr\/blog\/wp-content\/uploads\/2026\/06\/persona_julien-p-96x96.jpg","caption":"Julien Prigent"},"description":"Bricoleur et jardinier dans l'\u00e2me, j'\u00e9cris sur la maison et ses ext\u00e9rieurs avec les mains dans le cambouis plus que dans les th\u00e9ories. Mon terrain couvre tout l'habitat : le potager et le jardin au fil des saisons, mais aussi les petits travaux, la r\u00e9novation, le bricolage et les m\u00e9tiers du b\u00e2timent \u2014 toiture, isolation, menuiserie, serrurerie, ma\u00e7onnerie. J'aime expliquer un geste technique simplement, donner des fourchettes de prix r\u00e9alistes et les bons crit\u00e8res pour choisir un mat\u00e9riau ou un artisan. Je teste ce que je peux sur mes propres chantiers et au jardin avant d'en parler, je distingue la tradition de ce que confirme l'observation, et je pr\u00e9cise toujours le contexte \u2014 climat, type de sol, configuration du logement \u2014 parce qu'un m\u00eame conseil ne vaut pas partout. Mon but : rendre l'entretien et l'am\u00e9lioration de la maison accessibles, durables et \u00e9conomes.","sameAs":["https:\/\/julienprigent.fr\/"],"url":"https:\/\/herberiedelatille.fr\/blog\/auteur\/julien-p\/"}]}},"_links":{"self":[{"href":"https:\/\/herberiedelatille.fr\/blog\/wp-json\/wp\/v2\/posts\/7623","targetHints":{"allow":["GET"]}}],"collection":[{"href":"https:\/\/herberiedelatille.fr\/blog\/wp-json\/wp\/v2\/posts"}],"about":[{"href":"https:\/\/herberiedelatille.fr\/blog\/wp-json\/wp\/v2\/types\/post"}],"author":[{"embeddable":true,"href":"https:\/\/herberiedelatille.fr\/blog\/wp-json\/wp\/v2\/users\/34"}],"replies":[{"embeddable":true,"href":"https:\/\/herberiedelatille.fr\/blog\/wp-json\/wp\/v2\/comments?post=7623"}],"version-history":[{"count":1,"href":"https:\/\/herberiedelatille.fr\/blog\/wp-json\/wp\/v2\/posts\/7623\/revisions"}],"predecessor-version":[{"id":7801,"href":"https:\/\/herberiedelatille.fr\/blog\/wp-json\/wp\/v2\/posts\/7623\/revisions\/7801"}],"wp:featuredmedia":[{"embeddable":true,"href":"https:\/\/herberiedelatille.fr\/blog\/wp-json\/wp\/v2\/media\/7836"}],"wp:attachment":[{"href":"https:\/\/herberiedelatille.fr\/blog\/wp-json\/wp\/v2\/media?parent=7623"}],"wp:term":[{"taxonomy":"category","embeddable":true,"href":"https:\/\/herberiedelatille.fr\/blog\/wp-json\/wp\/v2\/categories?post=7623"},{"taxonomy":"post_tag","embeddable":true,"href":"https:\/\/herberiedelatille.fr\/blog\/wp-json\/wp\/v2\/tags?post=7623"}],"curies":[{"name":"wp","href":"https:\/\/api.w.org\/{rel}","templated":true}]}}