{"id":7624,"date":"2026-06-03T09:00:00","date_gmt":"2026-06-03T09:00:00","guid":{"rendered":"https:\/\/herberiedelatille.fr\/blog\/?p=7624"},"modified":"2026-06-03T09:00:00","modified_gmt":"2026-06-03T09:00:00","slug":"citrouille","status":"publish","type":"post","link":"https:\/\/herberiedelatille.fr\/blog\/potager\/citrouille\/","title":{"rendered":"Citrouille : Culture Conseils Jardin 2026"},"content":{"rendered":"<p>La culture de la citrouille en 2026 requiert une attention particuli\u00e8re aux normes r\u00e9glementaires et environnementales. Les jardiniers doivent \u00eatre conscients des exigences sp\u00e9cifiques li\u00e9es \u00e0 cette culture, notamment en mati\u00e8re de sant\u00e9 des plantes et d\u2019utilisation de produits phytosanitaires. Les citrouilles, qui appartiennent \u00e0 la famille des cucurbitac\u00e9es, sont non seulement pris\u00e9es pour leur go\u00fbt mais \u00e9galement pour leurs nombreuses vari\u00e9t\u00e9s adapt\u00e9es \u00e0 diff\u00e9rents types de jardin.<\/p>\n<p>Dans cet article, nous examinerons les meilleures pratiques pour cultiver des citrouilles tout en respectant les r\u00e9glementations en vigueur en 2026. Vous d\u00e9couvrirez \u00e9galement des conseils pratiques pour optimiser votre r\u00e9colte.<\/p>\n<h2>Vari\u00e9t\u00e9s de citrouilles<\/h2>\n<p>Il existe plusieurs vari\u00e9t\u00e9s de citrouilles, chacune ayant ses propres caract\u00e9ristiques. Voici trois types populaires :<\/p>\n<ol>\n<li><strong>Citrouille d\u2019Halloween<\/strong> : id\u00e9ale pour la d\u00e9coration, elle p\u00e8se g\u00e9n\u00e9ralement entre 5 et 10 kg.<\/li>\n<li><strong>Citrouille musqu\u00e9e<\/strong> : appr\u00e9ci\u00e9e pour sa chair sucr\u00e9e, elle peut atteindre jusqu\u2019\u00e0 15 kg.<\/li>\n<li><strong>Citrouille d\u00e9corative<\/strong> : plus petite et souvent utilis\u00e9e dans les arrangements floraux, elle p\u00e8se moins de 2 kg.<\/li>\n<\/ol>\n<h3>Choisir la bonne vari\u00e9t\u00e9<\/h3>\n<p>Le choix de la vari\u00e9t\u00e9 d\u00e9pendra de l\u2019usage que vous souhaitez en faire (cuisine ou d\u00e9coration). Par exemple, si vous visez une r\u00e9colte pour Halloween, optez pour des vari\u00e9t\u00e9s \u00e0 peau \u00e9paisse qui r\u00e9sistent mieux aux intemp\u00e9ries.<\/p>\n<h2>Conditions de culture<\/h2>\n<h3>Exigences du sol<\/h3>\n<p>Les citrouilles n\u00e9cessitent un sol bien drain\u00e9 et riche en mati\u00e8re organique. Un pH entre 6,0 et 6,8 est recommand\u00e9. Avant la plantation, il est conseill\u00e9 d\u2019enrichir le sol avec du compost ou du fumier bien d\u00e9compos\u00e9.<\/p>\n<h3>Espacement et plantation<\/h3>\n<p>Pour une bonne croissance, espacez vos plants d\u2019au moins 1 m\u00e8tre. Cela permet une circulation d\u2019air optimale et r\u00e9duit le risque de maladies fongiques. La p\u00e9riode de plantation id\u00e9ale est entre mai et juin lorsque les temp\u00e9ratures nocturnes d\u00e9passent 10\u00b0C.<\/p>\n<table class=\"kwdbank-table\">\n<thead>\n<tr>\n<th>Type de sol<\/th>\n<th>pH id\u00e9al<\/th>\n<th>\u00c9l\u00e9ments nutritifs recommand\u00e9s<\/th>\n<\/tr>\n<\/thead>\n<tbody>\n<tr>\n<td>Argileux<\/td>\n<td>6.0-6.8<\/td>\n<td>Compost, fumier<\/td>\n<\/tr>\n<tr>\n<td>Sableux<\/td>\n<td>6.0-7.0<\/td>\n<td>Engrais \u00e9quilibr\u00e9s<\/td>\n<\/tr>\n<tr>\n<td>Limoneux<\/td>\n<td>6.5-7.0<\/td>\n<td>Azote, phosphore<\/td>\n<\/tr>\n<\/tbody>\n<\/table>\n<h2>Entretien des plants<\/h2>\n<h3>Irrigation<\/h3>\n<p>Les citrouilles n\u00e9cessitent beaucoup d\u2019eau pendant leur croissance active. Pr\u00e9voyez environ <strong>25 mm<\/strong> d\u2019eau par semaine. \u00c9vitez l\u2019arrosage par le dessus pour limiter le d\u00e9veloppement de maladies foliaires.<\/p>\n<h3>Fertilisation<\/h3>\n<p>Appliquez un engrais riche en potassium lorsque les fleurs apparaissent pour favoriser la formation des fruits. Un apport suppl\u00e9mentaire peut \u00eatre fait toutes les deux semaines jusqu\u2019\u00e0 la r\u00e9colte.<\/p>\n<h2>Pi\u00e8ges \u00e0 \u00e9viter<\/h2>\n<p>Un pi\u00e8ge courant chez les jardiniers d\u00e9butants est l\u2019exc\u00e8s d\u2019eau lors de l\u2019arrosage. Cela peut entra\u00eener des racines noy\u00e9es et favoriser les maladies comme le mildiou. Il est essentiel de surveiller l\u2019humidit\u00e9 du sol avant chaque arrosage.<\/p>\n<h2>R\u00e9colte et stockage<\/h2>\n<h3>Moment id\u00e9al pour r\u00e9colter<\/h3>\n<p>La r\u00e9colte a lieu g\u00e9n\u00e9ralement entre septembre et octobre lorsque la peau devient dure et que le p\u00e9doncule commence \u00e0 se dess\u00e9cher. Pour une conservation optimale, choisissez des fruits sains sans taches ni blessures.<\/p>\n<h3>Stockage<\/h3>\n<p>Entreposez vos citrouilles dans un endroit frais (environ <strong>10-15\u00b0C<\/strong>) avec une humidit\u00e9 relative faible pour prolonger leur dur\u00e9e de vie jusqu\u2019\u00e0 six mois.<\/p>\n<h2>Normes r\u00e9glementaires en vigueur en 2026<\/h2>\n<p>En raison des pr\u00e9occupations croissantes concernant l\u2019environnement, plusieurs normes ont \u00e9t\u00e9 mises en place concernant l\u2019utilisation des pesticides et engrais chimiques dans la culture des citrouilles :<\/p>\n<ul>\n<li><strong>Limitation d\u2019usage<\/strong> : certains pesticides sont d\u00e9sormais interdits.<\/li>\n<li><strong>Certification bio<\/strong> : obtenir un label bio n\u00e9cessite le respect strict de m\u00e9thodes culturales sp\u00e9cifiques.<\/li>\n<li><strong>Tra\u00e7abilit\u00e9<\/strong> : tous les produits utilis\u00e9s doivent \u00eatre enregistr\u00e9s pour garantir la tra\u00e7abilit\u00e9 aupr\u00e8s des autorit\u00e9s comp\u00e9tentes.<\/li>\n<\/ul>\n<p>Ces r\u00e9glementations visent \u00e0 prot\u00e9ger non seulement l\u2019environnement mais aussi la sant\u00e9 des consommateurs.<\/p>\n<h2>FAQ<\/h2>\n<h3>Quelle est la meilleure p\u00e9riode pour planter des citrouilles ?<\/h3>\n<p>La p\u00e9riode id\u00e9ale se situe entre mai et juin lorsque les temp\u00e9ratures nocturnes d\u00e9passent les 10\u00b0C.<\/p>\n<h3>Comment savoir quand ma citrouille est pr\u00eate \u00e0 \u00eatre r\u00e9colt\u00e9e ?<\/h3>\n<p>Elle est pr\u00eate lorsque sa peau est dure au toucher et que le p\u00e9doncule se dess\u00e8che l\u00e9g\u00e8rement.<\/p>\n<h3>Quels soins particuliers faut-il apporter aux jeunes plants ?<\/h3>\n<p>Assurez-vous qu\u2019ils re\u00e7oivent suffisamment d\u2019eau sans exc\u00e8s, tout en prot\u00e9geant contre les insectes nuisibles.<\/p>\n<h3>Peut-on cultiver plusieurs vari\u00e9t\u00e9s ensemble ?<\/h3>\n<p>Oui, mais veillez \u00e0 espacer suffisamment chaque vari\u00e9t\u00e9 pour \u00e9viter le croisement involontaire.<\/p>\n<h3>Quels sont les principaux ravageurs affectant les citrouilles ?<\/h3>\n<p>Les pucerons, limaces et mouches blanches sont courants ; il convient donc de surveiller r\u00e9guli\u00e8rement vos plants.<\/p>\n<h3>Existe-t-il des vari\u00e9t\u00e9s r\u00e9sistantes aux maladies ?<\/h3>\n<p>Oui, certaines vari\u00e9t\u00e9s comme \u2018Cinderella\u2019 montrent une meilleure r\u00e9sistance aux maladies fongiques courantes.<\/p>\n<p>Cultiver des citrouilles peut \u00eatre une exp\u00e9rience enrichissante tant sur le plan personnel qu\u2019environnemental si vous suivez ces conseils pratiques tout en respectant les normes actuelles. N\u2019h\u00e9sitez pas \u00e0 commencer d\u00e8s maintenant votre projet jardinier !<\/p>\n<hr>\n<div class=\"articles-lies\">\n<h3>\u00c0 lire aussi<\/h3>\n<ul>\n<li><a href=\"https:\/\/herberiedelatille.fr\/blog\/potager\/cardon\/\">Cardon : Culture et conseils jardinage 2026<\/a><\/li>\n<li><a href=\"https:\/\/herberiedelatille.fr\/blog\/potager\/gombo\/\">Gombo : Culture et Conseils Jardinage Expert<\/a><\/li>\n<li><a href=\"https:\/\/herberiedelatille.fr\/blog\/potager\/potimarron\/\">Potimarron : Guide Culture Jardin 2026<\/a><\/li>\n<li><a href=\"https:\/\/herberiedelatille.fr\/blog\/conservation-et-biodiversite\/les-plantes-medicinales-definition-vertus-et-conseils-de-culture\/\">Les plantes m\u00e9dicinales : d\u00e9finition, vertus et conseils de culture<\/a><\/li>\n<\/ul>\n<\/div>\n","protected":false},"excerpt":{"rendered":"","protected":false},"author":34,"featured_media":7835,"comment_status":"open","ping_status":"open","sticky":false,"template":"","format":"standard","meta":{"_acf_changed":false,"manual_indexmenow":false,"indexmenow_id_project":0,"footnotes":""},"categories":[4614],"tags":[],"class_list":["post-7624","post","type-post","status-publish","format-standard","has-post-thumbnail","hentry","category-potager","generate-columns","tablet-grid-50","mobile-grid-100","grid-parent","grid-25"],"acf":[],"yoast_head":"<!-- This site is optimized with the Yoast SEO Premium plugin v21.3 (Yoast SEO v25.6) - https:\/\/yoast.com\/wordpress\/plugins\/seo\/ -->\n<title>Citrouille : Culture Conseils Jardin 2026<\/title>\n<meta name=\"description\" content=\"La culture de la citrouille en 2026 requiert une attention particuli\u00e8re aux normes r\u00e9glementaires et environnementales.\" \/>\n<meta name=\"robots\" content=\"index, follow, max-snippet:-1, max-image-preview:large, max-video-preview:-1\" \/>\n<link rel=\"canonical\" href=\"https:\/\/herberiedelatille.fr\/blog\/potager\/citrouille\/\" \/>\n<meta property=\"og:locale\" content=\"fr_FR\" \/>\n<meta property=\"og:type\" content=\"article\" \/>\n<meta property=\"og:title\" content=\"Citrouille : Culture Conseils Jardin 2026\" \/>\n<meta property=\"og:description\" content=\"La culture de la citrouille en 2026 requiert une attention particuli\u00e8re aux normes r\u00e9glementaires et environnementales.\" \/>\n<meta property=\"og:url\" content=\"https:\/\/herberiedelatille.fr\/blog\/potager\/citrouille\/\" \/>\n<meta property=\"og:site_name\" content=\"Herberie de la Tille\" \/>\n<meta property=\"og:image\" content=\"https:\/\/herberiedelatille.fr\/blog\/wp-content\/uploads\/2026\/06\/sdxl-5aa11260d9c2b311228665c1f4650db1-scaled.png\" \/>\n\t<meta property=\"og:image:width\" content=\"1200\" \/>\n\t<meta property=\"og:image:height\" content=\"500\" \/>\n\t<meta property=\"og:image:type\" content=\"image\/png\" \/>\n<meta name=\"author\" content=\"Julien Prigent\" \/>\n<meta name=\"twitter:card\" content=\"summary_large_image\" \/>\n<script type=\"application\/ld+json\" class=\"yoast-schema-graph\">{\"@context\":\"https:\/\/schema.org\",\"@graph\":[{\"@type\":\"NewsArticle\",\"@id\":\"https:\/\/herberiedelatille.fr\/blog\/potager\/citrouille\/#article\",\"isPartOf\":{\"@id\":\"https:\/\/herberiedelatille.fr\/blog\/potager\/citrouille\/\"},\"author\":{\"name\":\"Julien Prigent\",\"@id\":\"https:\/\/herberiedelatille.fr\/blog\/#\/schema\/person\/3c864cdc320801e3db34b663e7e3f816\"},\"headline\":\"Citrouille : Culture Conseils Jardin 2026\",\"datePublished\":\"2026-06-03T09:00:00+00:00\",\"mainEntityOfPage\":{\"@id\":\"https:\/\/herberiedelatille.fr\/blog\/potager\/citrouille\/\"},\"wordCount\":881,\"commentCount\":0,\"publisher\":{\"@id\":\"https:\/\/herberiedelatille.fr\/blog\/#organization\"},\"image\":{\"@id\":\"https:\/\/herberiedelatille.fr\/blog\/potager\/citrouille\/#primaryimage\"},\"thumbnailUrl\":\"https:\/\/herberiedelatille.fr\/blog\/wp-content\/uploads\/2026\/06\/sdxl-5aa11260d9c2b311228665c1f4650db1-scaled.png\",\"articleSection\":[\"Potager\"],\"inLanguage\":\"fr-FR\",\"potentialAction\":[{\"@type\":\"CommentAction\",\"name\":\"Comment\",\"target\":[\"https:\/\/herberiedelatille.fr\/blog\/potager\/citrouille\/#respond\"]}]},{\"@type\":\"WebPage\",\"@id\":\"https:\/\/herberiedelatille.fr\/blog\/potager\/citrouille\/\",\"url\":\"https:\/\/herberiedelatille.fr\/blog\/potager\/citrouille\/\",\"name\":\"Citrouille : Culture Conseils Jardin 2026\",\"isPartOf\":{\"@id\":\"https:\/\/herberiedelatille.fr\/blog\/#website\"},\"primaryImageOfPage\":{\"@id\":\"https:\/\/herberiedelatille.fr\/blog\/potager\/citrouille\/#primaryimage\"},\"image\":{\"@id\":\"https:\/\/herberiedelatille.fr\/blog\/potager\/citrouille\/#primaryimage\"},\"thumbnailUrl\":\"https:\/\/herberiedelatille.fr\/blog\/wp-content\/uploads\/2026\/06\/sdxl-5aa11260d9c2b311228665c1f4650db1-scaled.png\",\"datePublished\":\"2026-06-03T09:00:00+00:00\",\"description\":\"La culture de la citrouille en 2026 requiert une attention particuli\u00e8re aux normes r\u00e9glementaires et environnementales.\",\"inLanguage\":\"fr-FR\",\"potentialAction\":[{\"@type\":\"ReadAction\",\"target\":[\"https:\/\/herberiedelatille.fr\/blog\/potager\/citrouille\/\"]}]},{\"@type\":\"ImageObject\",\"inLanguage\":\"fr-FR\",\"@id\":\"https:\/\/herberiedelatille.fr\/blog\/potager\/citrouille\/#primaryimage\",\"url\":\"https:\/\/herberiedelatille.fr\/blog\/wp-content\/uploads\/2026\/06\/sdxl-5aa11260d9c2b311228665c1f4650db1-scaled.png\",\"contentUrl\":\"https:\/\/herberiedelatille.fr\/blog\/wp-content\/uploads\/2026\/06\/sdxl-5aa11260d9c2b311228665c1f4650db1-scaled.png\",\"width\":1200,\"height\":500},{\"@type\":\"WebSite\",\"@id\":\"https:\/\/herberiedelatille.fr\/blog\/#website\",\"url\":\"https:\/\/herberiedelatille.fr\/blog\/\",\"name\":\"Herberie de la Tille\",\"description\":\"Le m\u00e9dia de la botanique pratique \u2014 plantes, herboristerie, identification\",\"publisher\":{\"@id\":\"https:\/\/herberiedelatille.fr\/blog\/#organization\"},\"alternateName\":\"Herberie de la Tille\",\"potentialAction\":[{\"@type\":\"SearchAction\",\"target\":{\"@type\":\"EntryPoint\",\"urlTemplate\":\"https:\/\/herberiedelatille.fr\/blog\/?s={search_term_string}\"},\"query-input\":{\"@type\":\"PropertyValueSpecification\",\"valueRequired\":true,\"valueName\":\"search_term_string\"}}],\"inLanguage\":\"fr-FR\"},{\"@type\":\"Organization\",\"@id\":\"https:\/\/herberiedelatille.fr\/blog\/#organization\",\"name\":\"Herberie de la Tille\",\"url\":\"https:\/\/herberiedelatille.fr\/blog\/\",\"logo\":{\"@type\":\"ImageObject\",\"inLanguage\":\"fr-FR\",\"@id\":\"https:\/\/herberiedelatille.fr\/blog\/#\/schema\/logo\/image\/\",\"url\":\"https:\/\/herberiedelatille.fr\/blog\/wp-content\/uploads\/2024\/12\/herberiedelatille.png\",\"contentUrl\":\"https:\/\/herberiedelatille.fr\/blog\/wp-content\/uploads\/2024\/12\/herberiedelatille.png\",\"width\":500,\"height\":500,\"caption\":\"Herberie de la Tille\"},\"image\":{\"@id\":\"https:\/\/herberiedelatille.fr\/blog\/#\/schema\/logo\/image\/\"}},{\"@type\":\"Person\",\"@id\":\"https:\/\/herberiedelatille.fr\/blog\/#\/schema\/person\/3c864cdc320801e3db34b663e7e3f816\",\"name\":\"Julien Prigent\",\"image\":{\"@type\":\"ImageObject\",\"inLanguage\":\"fr-FR\",\"@id\":\"https:\/\/herberiedelatille.fr\/blog\/#\/schema\/person\/image\/\",\"url\":\"https:\/\/herberiedelatille.fr\/blog\/wp-content\/uploads\/2026\/06\/persona_julien-p-96x96.jpg\",\"contentUrl\":\"https:\/\/herberiedelatille.fr\/blog\/wp-content\/uploads\/2026\/06\/persona_julien-p-96x96.jpg\",\"caption\":\"Julien Prigent\"},\"description\":\"Bricoleur et jardinier dans l'\u00e2me, j'\u00e9cris sur la maison et ses ext\u00e9rieurs avec les mains dans le cambouis plus que dans les th\u00e9ories. Mon terrain couvre tout l'habitat : le potager et le jardin au fil des saisons, mais aussi les petits travaux, la r\u00e9novation, le bricolage et les m\u00e9tiers du b\u00e2timent \u2014 toiture, isolation, menuiserie, serrurerie, ma\u00e7onnerie. J'aime expliquer un geste technique simplement, donner des fourchettes de prix r\u00e9alistes et les bons crit\u00e8res pour choisir un mat\u00e9riau ou un artisan. Je teste ce que je peux sur mes propres chantiers et au jardin avant d'en parler, je distingue la tradition de ce que confirme l'observation, et je pr\u00e9cise toujours le contexte \u2014 climat, type de sol, configuration du logement \u2014 parce qu'un m\u00eame conseil ne vaut pas partout. Mon but : rendre l'entretien et l'am\u00e9lioration de la maison accessibles, durables et \u00e9conomes.\",\"sameAs\":[\"https:\/\/julienprigent.fr\/\"],\"url\":\"https:\/\/herberiedelatille.fr\/blog\/auteur\/julien-p\/\"}]}<\/script>\n<!-- \/ Yoast SEO Premium plugin. -->","yoast_head_json":{"title":"Citrouille : Culture Conseils Jardin 2026","description":"La culture de la citrouille en 2026 requiert une attention particuli\u00e8re aux normes r\u00e9glementaires et environnementales.","robots":{"index":"index","follow":"follow","max-snippet":"max-snippet:-1","max-image-preview":"max-image-preview:large","max-video-preview":"max-video-preview:-1"},"canonical":"https:\/\/herberiedelatille.fr\/blog\/potager\/citrouille\/","og_locale":"fr_FR","og_type":"article","og_title":"Citrouille : Culture Conseils Jardin 2026","og_description":"La culture de la citrouille en 2026 requiert une attention particuli\u00e8re aux normes r\u00e9glementaires et environnementales.","og_url":"https:\/\/herberiedelatille.fr\/blog\/potager\/citrouille\/","og_site_name":"Herberie de la Tille","og_image":[{"width":1200,"height":500,"url":"https:\/\/herberiedelatille.fr\/blog\/wp-content\/uploads\/2026\/06\/sdxl-5aa11260d9c2b311228665c1f4650db1-scaled.png","type":"image\/png"}],"author":"Julien Prigent","twitter_card":"summary_large_image","schema":{"@context":"https:\/\/schema.org","@graph":[{"@type":"NewsArticle","@id":"https:\/\/herberiedelatille.fr\/blog\/potager\/citrouille\/#article","isPartOf":{"@id":"https:\/\/herberiedelatille.fr\/blog\/potager\/citrouille\/"},"author":{"name":"Julien Prigent","@id":"https:\/\/herberiedelatille.fr\/blog\/#\/schema\/person\/3c864cdc320801e3db34b663e7e3f816"},"headline":"Citrouille : Culture Conseils Jardin 2026","datePublished":"2026-06-03T09:00:00+00:00","mainEntityOfPage":{"@id":"https:\/\/herberiedelatille.fr\/blog\/potager\/citrouille\/"},"wordCount":881,"commentCount":0,"publisher":{"@id":"https:\/\/herberiedelatille.fr\/blog\/#organization"},"image":{"@id":"https:\/\/herberiedelatille.fr\/blog\/potager\/citrouille\/#primaryimage"},"thumbnailUrl":"https:\/\/herberiedelatille.fr\/blog\/wp-content\/uploads\/2026\/06\/sdxl-5aa11260d9c2b311228665c1f4650db1-scaled.png","articleSection":["Potager"],"inLanguage":"fr-FR","potentialAction":[{"@type":"CommentAction","name":"Comment","target":["https:\/\/herberiedelatille.fr\/blog\/potager\/citrouille\/#respond"]}]},{"@type":"WebPage","@id":"https:\/\/herberiedelatille.fr\/blog\/potager\/citrouille\/","url":"https:\/\/herberiedelatille.fr\/blog\/potager\/citrouille\/","name":"Citrouille : Culture Conseils Jardin 2026","isPartOf":{"@id":"https:\/\/herberiedelatille.fr\/blog\/#website"},"primaryImageOfPage":{"@id":"https:\/\/herberiedelatille.fr\/blog\/potager\/citrouille\/#primaryimage"},"image":{"@id":"https:\/\/herberiedelatille.fr\/blog\/potager\/citrouille\/#primaryimage"},"thumbnailUrl":"https:\/\/herberiedelatille.fr\/blog\/wp-content\/uploads\/2026\/06\/sdxl-5aa11260d9c2b311228665c1f4650db1-scaled.png","datePublished":"2026-06-03T09:00:00+00:00","description":"La culture de la citrouille en 2026 requiert une attention particuli\u00e8re aux normes r\u00e9glementaires et environnementales.","inLanguage":"fr-FR","potentialAction":[{"@type":"ReadAction","target":["https:\/\/herberiedelatille.fr\/blog\/potager\/citrouille\/"]}]},{"@type":"ImageObject","inLanguage":"fr-FR","@id":"https:\/\/herberiedelatille.fr\/blog\/potager\/citrouille\/#primaryimage","url":"https:\/\/herberiedelatille.fr\/blog\/wp-content\/uploads\/2026\/06\/sdxl-5aa11260d9c2b311228665c1f4650db1-scaled.png","contentUrl":"https:\/\/herberiedelatille.fr\/blog\/wp-content\/uploads\/2026\/06\/sdxl-5aa11260d9c2b311228665c1f4650db1-scaled.png","width":1200,"height":500},{"@type":"WebSite","@id":"https:\/\/herberiedelatille.fr\/blog\/#website","url":"https:\/\/herberiedelatille.fr\/blog\/","name":"Herberie de la Tille","description":"Le m\u00e9dia de la botanique pratique \u2014 plantes, herboristerie, identification","publisher":{"@id":"https:\/\/herberiedelatille.fr\/blog\/#organization"},"alternateName":"Herberie de la Tille","potentialAction":[{"@type":"SearchAction","target":{"@type":"EntryPoint","urlTemplate":"https:\/\/herberiedelatille.fr\/blog\/?s={search_term_string}"},"query-input":{"@type":"PropertyValueSpecification","valueRequired":true,"valueName":"search_term_string"}}],"inLanguage":"fr-FR"},{"@type":"Organization","@id":"https:\/\/herberiedelatille.fr\/blog\/#organization","name":"Herberie de la Tille","url":"https:\/\/herberiedelatille.fr\/blog\/","logo":{"@type":"ImageObject","inLanguage":"fr-FR","@id":"https:\/\/herberiedelatille.fr\/blog\/#\/schema\/logo\/image\/","url":"https:\/\/herberiedelatille.fr\/blog\/wp-content\/uploads\/2024\/12\/herberiedelatille.png","contentUrl":"https:\/\/herberiedelatille.fr\/blog\/wp-content\/uploads\/2024\/12\/herberiedelatille.png","width":500,"height":500,"caption":"Herberie de la Tille"},"image":{"@id":"https:\/\/herberiedelatille.fr\/blog\/#\/schema\/logo\/image\/"}},{"@type":"Person","@id":"https:\/\/herberiedelatille.fr\/blog\/#\/schema\/person\/3c864cdc320801e3db34b663e7e3f816","name":"Julien Prigent","image":{"@type":"ImageObject","inLanguage":"fr-FR","@id":"https:\/\/herberiedelatille.fr\/blog\/#\/schema\/person\/image\/","url":"https:\/\/herberiedelatille.fr\/blog\/wp-content\/uploads\/2026\/06\/persona_julien-p-96x96.jpg","contentUrl":"https:\/\/herberiedelatille.fr\/blog\/wp-content\/uploads\/2026\/06\/persona_julien-p-96x96.jpg","caption":"Julien Prigent"},"description":"Bricoleur et jardinier dans l'\u00e2me, j'\u00e9cris sur la maison et ses ext\u00e9rieurs avec les mains dans le cambouis plus que dans les th\u00e9ories. Mon terrain couvre tout l'habitat : le potager et le jardin au fil des saisons, mais aussi les petits travaux, la r\u00e9novation, le bricolage et les m\u00e9tiers du b\u00e2timent \u2014 toiture, isolation, menuiserie, serrurerie, ma\u00e7onnerie. J'aime expliquer un geste technique simplement, donner des fourchettes de prix r\u00e9alistes et les bons crit\u00e8res pour choisir un mat\u00e9riau ou un artisan. Je teste ce que je peux sur mes propres chantiers et au jardin avant d'en parler, je distingue la tradition de ce que confirme l'observation, et je pr\u00e9cise toujours le contexte \u2014 climat, type de sol, configuration du logement \u2014 parce qu'un m\u00eame conseil ne vaut pas partout. Mon but : rendre l'entretien et l'am\u00e9lioration de la maison accessibles, durables et \u00e9conomes.","sameAs":["https:\/\/julienprigent.fr\/"],"url":"https:\/\/herberiedelatille.fr\/blog\/auteur\/julien-p\/"}]}},"_links":{"self":[{"href":"https:\/\/herberiedelatille.fr\/blog\/wp-json\/wp\/v2\/posts\/7624","targetHints":{"allow":["GET"]}}],"collection":[{"href":"https:\/\/herberiedelatille.fr\/blog\/wp-json\/wp\/v2\/posts"}],"about":[{"href":"https:\/\/herberiedelatille.fr\/blog\/wp-json\/wp\/v2\/types\/post"}],"author":[{"embeddable":true,"href":"https:\/\/herberiedelatille.fr\/blog\/wp-json\/wp\/v2\/users\/34"}],"replies":[{"embeddable":true,"href":"https:\/\/herberiedelatille.fr\/blog\/wp-json\/wp\/v2\/comments?post=7624"}],"version-history":[{"count":1,"href":"https:\/\/herberiedelatille.fr\/blog\/wp-json\/wp\/v2\/posts\/7624\/revisions"}],"predecessor-version":[{"id":7803,"href":"https:\/\/herberiedelatille.fr\/blog\/wp-json\/wp\/v2\/posts\/7624\/revisions\/7803"}],"wp:featuredmedia":[{"embeddable":true,"href":"https:\/\/herberiedelatille.fr\/blog\/wp-json\/wp\/v2\/media\/7835"}],"wp:attachment":[{"href":"https:\/\/herberiedelatille.fr\/blog\/wp-json\/wp\/v2\/media?parent=7624"}],"wp:term":[{"taxonomy":"category","embeddable":true,"href":"https:\/\/herberiedelatille.fr\/blog\/wp-json\/wp\/v2\/categories?post=7624"},{"taxonomy":"post_tag","embeddable":true,"href":"https:\/\/herberiedelatille.fr\/blog\/wp-json\/wp\/v2\/tags?post=7624"}],"curies":[{"name":"wp","href":"https:\/\/api.w.org\/{rel}","templated":true}]}}