{"id":7625,"date":"2026-06-04T09:00:00","date_gmt":"2026-06-04T09:00:00","guid":{"rendered":"https:\/\/herberiedelatille.fr\/blog\/?p=7625"},"modified":"2026-06-04T09:00:00","modified_gmt":"2026-06-04T09:00:00","slug":"amaryllis","status":"publish","type":"post","link":"https:\/\/herberiedelatille.fr\/blog\/fleurs-et-plantes\/amaryllis\/","title":{"rendered":"Amaryllis : Guide Plantation &#038; Entretien 2026"},"content":{"rendered":"<p>L\u2019amaryllis est une plante \u00e0 fleurs pris\u00e9e pour ses grandes fleurs color\u00e9es qui apportent une touche d\u2019\u00e9l\u00e9gance \u00e0 tout int\u00e9rieur. En 2026, la culture de cette plante, qui fait partie de la famille des Amaryllidaceae, continue d\u2019attirer les passionn\u00e9s de jardinage. Cet article vous fournira des conseils pratiques sur la plantation et l\u2019entretien de l\u2019amaryllis, ainsi que des retours d\u2019exp\u00e9rience terrain pour garantir un d\u00e9veloppement optimal.<\/p>\n<h2>Choix du bulbe d\u2019amaryllis<\/h2>\n<h3>Types de bulbes<\/h3>\n<p>Il existe plusieurs vari\u00e9t\u00e9s d\u2019amaryllis, chacune ayant ses propres caract\u00e9ristiques. Les plus courantes incluent :<\/p>\n<ul>\n<li><strong>Hippeastrum<\/strong> : souvent confondu avec l\u2019amaryllis, il offre des fleurs en forme de trompette dans des couleurs vari\u00e9es.<\/li>\n<li><strong>Amaryllis belladonna<\/strong> : reconnaissable par ses fleurs en forme de cloche et son parfum subtil.<\/li>\n<\/ul>\n<h3>Crit\u00e8res de s\u00e9lection<\/h3>\n<p>Lors de l\u2019achat, privil\u00e9giez des bulbes fermes et lourds. \u00c9vitez ceux pr\u00e9sentant des taches ou une texture molle. Un bulbe d\u2019un diam\u00e8tre minimum de 10 cm est recommand\u00e9 pour assurer une floraison g\u00e9n\u00e9reuse.<\/p>\n<h2>Conditions de plantation<\/h2>\n<h3>Moment id\u00e9al<\/h3>\n<p>La p\u00e9riode id\u00e9ale pour planter un amaryllis est entre septembre et f\u00e9vrier. Cela co\u00efncide avec sa p\u00e9riode de dormance et favorise une floraison au printemps.<\/p>\n<h3>Substrat et emplacement<\/h3>\n<p>Utilisez un terreau bien drainant enrichi en compost. Un pot d\u2019au moins 15 cm de profondeur est conseill\u00e9 pour permettre un bon d\u00e9veloppement racinaire. Placez le pot dans un endroit lumineux mais sans soleil direct, ce qui pr\u00e9viendra le fl\u00e9trissement des feuilles.<\/p>\n<h2>Entretien r\u00e9gulier<\/h2>\n<h3>Arrosage<\/h3>\n<p>L\u2019arrosage doit \u00eatre mod\u00e9r\u00e9. Attendez que le substrat soit sec au toucher avant d\u2019arroser \u00e0 nouveau. En g\u00e9n\u00e9ral, un arrosage tous les 10 jours est suffisant pendant la p\u00e9riode de croissance.<\/p>\n<h3>Fertilisation<\/h3>\n<p>Utilisez un engrais liquide riche en potassium toutes les deux semaines pendant la p\u00e9riode de floraison pour favoriser le d\u00e9veloppement des fleurs.<\/p>\n<table class=\"kwdbank-table\">\n<thead>\n<tr>\n<th>Type d\u2019engrais<\/th>\n<th>Fr\u00e9quence<\/th>\n<th>Effet<\/th>\n<\/tr>\n<\/thead>\n<tbody>\n<tr>\n<td>Engrais liquide riche en potassium<\/td>\n<td>Toutes les 2 semaines<\/td>\n<td>Favorise la floraison<\/td>\n<\/tr>\n<tr>\n<td>Engrais \u00e9quilibr\u00e9 (NPK)<\/td>\n<td>Mensuel<\/td>\n<td>Stimule la croissance g\u00e9n\u00e9rale<\/td>\n<\/tr>\n<\/tbody>\n<\/table>\n<h2>Pi\u00e8ges \u00e0 \u00e9viter<\/h2>\n<p>Un pi\u00e8ge courant lors de la culture de l\u2019amaryllis est le sur-arrosage, qui peut entra\u00eener la pourriture du bulbe. Pour \u00e9viter cela, v\u00e9rifiez toujours l\u2019humidit\u00e9 du sol avant d\u2019ajouter de l\u2019eau. De plus, \u00e9vitez les pots sans drainage, car ils retiennent l\u2019eau.<\/p>\n<h2>Cycle de vie et repos<\/h2>\n<p>Apr\u00e8s la floraison, il est crucial de laisser le bulbe se reposer. R\u00e9duisez progressivement l\u2019arrosage et placez-le dans un endroit frais et sombre pendant environ trois mois. Cela permettra au bulbe de reconstituer ses r\u00e9serves nutritives pour la prochaine saison.<\/p>\n<h2>Multiplication par division<\/h2>\n<p>Si vous souhaitez multiplier vos amaryllis, cela peut se faire par division des bulbes apr\u00e8s plusieurs ann\u00e9es. Lorsqu\u2019un bulbe produit des bulbilles (petits bulbes), attendez qu\u2019ils atteignent au moins 5 cm avant de les s\u00e9parer d\u00e9licatement et les replanter dans un nouveau pot.<\/p>\n<h2>Action imm\u00e9diate<\/h2>\n<p>Pour commencer votre aventure avec l\u2019amaryllis d\u00e8s aujourd\u2019hui, procurez-vous un bulbe dans une jardinerie locale ou en ligne. Assurez-vous qu\u2019il soit bien sain pour garantir une floraison spectaculaire !<\/p>\n<h2>FAQ sur l\u2019amaryllis<\/h2>\n<h3>Quel est le meilleur moment pour planter un amaryllis ?<\/h3>\n<p>Le meilleur moment est entre septembre et f\u00e9vrier pour assurer une floraison printani\u00e8re.<\/p>\n<h3>Combien de temps dure la floraison d\u2019un amaryllis ?<\/h3>\n<p>La floraison dure g\u00e9n\u00e9ralement entre 4 \u00e0 6 semaines selon les conditions d\u2019entretien.<\/p>\n<h3>Comment savoir si mon amaryllis a besoin d\u2019eau ?<\/h3>\n<p>V\u00e9rifiez si le terreau est sec au toucher avant d\u2019arroser ; \u00e9vitez le sur-arrosage.<\/p>\n<h3>Puis-je garder mon amaryllis apr\u00e8s la floraison ?<\/h3>\n<p>Oui, apr\u00e8s la floraison, laissez-le se reposer puis reprenez soin du bulbe pour une nouvelle saison.<\/p>\n<h3>Quels engrais utiliser pour mon amaryllis ?<\/h3>\n<p>Un engrais liquide riche en potassium est recommand\u00e9 durant la p\u00e9riode de croissance et de floraison.<\/p>\n<h3>L\u2019amaryllis peut-il \u00eatre cultiv\u00e9 en ext\u00e9rieur ?<\/h3>\n<p>Dans les r\u00e9gions o\u00f9 le climat le permet, il peut \u00eatre plant\u00e9 en ext\u00e9rieur apr\u00e8s les derni\u00e8res gel\u00e9es, mais il doit \u00eatre rentr\u00e9 \u00e0 l\u2019int\u00e9rieur avant l\u2019hiver.<\/p>\n<hr>\n<div class=\"articles-lies\">\n<h3>\u00c0 lire aussi<\/h3>\n<ul>\n<li><a href=\"https:\/\/herberiedelatille.fr\/blog\/fleurs-et-plantes\/cactus\/\">Cactus : Guide culture et entretien maison<\/a><\/li>\n<li><a href=\"https:\/\/herberiedelatille.fr\/blog\/fleurs-et-plantes\/jacinthe\/\">Jacinthe : Guide Plantation et Entretien 2026<\/a><\/li>\n<li><a href=\"https:\/\/herberiedelatille.fr\/blog\/fleurs-et-plantes\/cueillette-sauvage-et-balade-en-pleine-nature-equipement-et-bonne-atti\/\">Cueillette sauvage et balade en pleine nature : \u00e9quipement et bonne attitude<\/a><\/li>\n<li><a href=\"https:\/\/herberiedelatille.fr\/blog\/conservation-et-biodiversite\/les-plantes-medicinales-definition-vertus-et-conseils-de-culture\/\">Les plantes m\u00e9dicinales : d\u00e9finition, vertus et conseils de culture<\/a><\/li>\n<\/ul>\n<\/div>\n","protected":false},"excerpt":{"rendered":"","protected":false},"author":34,"featured_media":7834,"comment_status":"open","ping_status":"open","sticky":false,"template":"","format":"standard","meta":{"_acf_changed":false,"manual_indexmenow":false,"indexmenow_id_project":0,"footnotes":""},"categories":[4613],"tags":[],"class_list":["post-7625","post","type-post","status-publish","format-standard","has-post-thumbnail","hentry","category-fleurs-et-plantes","generate-columns","tablet-grid-50","mobile-grid-100","grid-parent","grid-25"],"acf":[],"yoast_head":"<!-- This site is optimized with the Yoast SEO Premium plugin v21.3 (Yoast SEO v25.6) - https:\/\/yoast.com\/wordpress\/plugins\/seo\/ -->\n<title>Amaryllis : Guide Plantation &amp; Entretien 2026<\/title>\n<meta name=\"description\" content=\"L&#039;amaryllis est une plante \u00e0 fleurs pris\u00e9e pour ses grandes fleurs color\u00e9es qui apportent une touche d&#039;\u00e9l\u00e9gance \u00e0 tout int\u00e9rieur.\" \/>\n<meta name=\"robots\" content=\"index, follow, max-snippet:-1, max-image-preview:large, max-video-preview:-1\" \/>\n<link rel=\"canonical\" href=\"https:\/\/herberiedelatille.fr\/blog\/fleurs-et-plantes\/amaryllis\/\" \/>\n<meta property=\"og:locale\" content=\"fr_FR\" \/>\n<meta property=\"og:type\" content=\"article\" \/>\n<meta property=\"og:title\" content=\"Amaryllis : Guide Plantation &amp; Entretien 2026\" \/>\n<meta property=\"og:description\" content=\"L&#039;amaryllis est une plante \u00e0 fleurs pris\u00e9e pour ses grandes fleurs color\u00e9es qui apportent une touche d&#039;\u00e9l\u00e9gance \u00e0 tout int\u00e9rieur.\" \/>\n<meta property=\"og:url\" content=\"https:\/\/herberiedelatille.fr\/blog\/fleurs-et-plantes\/amaryllis\/\" \/>\n<meta property=\"og:site_name\" content=\"Herberie de la Tille\" \/>\n<meta property=\"og:image\" content=\"https:\/\/herberiedelatille.fr\/blog\/wp-content\/uploads\/2026\/06\/sdxl-784fae51e9db16fc51bc57117d5d2417-scaled.png\" \/>\n\t<meta property=\"og:image:width\" content=\"1200\" \/>\n\t<meta property=\"og:image:height\" content=\"500\" \/>\n\t<meta property=\"og:image:type\" content=\"image\/png\" \/>\n<meta name=\"author\" content=\"Julien Prigent\" \/>\n<meta name=\"twitter:card\" content=\"summary_large_image\" \/>\n<script type=\"application\/ld+json\" class=\"yoast-schema-graph\">{\"@context\":\"https:\/\/schema.org\",\"@graph\":[{\"@type\":\"NewsArticle\",\"@id\":\"https:\/\/herberiedelatille.fr\/blog\/fleurs-et-plantes\/amaryllis\/#article\",\"isPartOf\":{\"@id\":\"https:\/\/herberiedelatille.fr\/blog\/fleurs-et-plantes\/amaryllis\/\"},\"author\":{\"name\":\"Julien Prigent\",\"@id\":\"https:\/\/herberiedelatille.fr\/blog\/#\/schema\/person\/3c864cdc320801e3db34b663e7e3f816\"},\"headline\":\"Amaryllis : Guide Plantation &#038; Entretien 2026\",\"datePublished\":\"2026-06-04T09:00:00+00:00\",\"mainEntityOfPage\":{\"@id\":\"https:\/\/herberiedelatille.fr\/blog\/fleurs-et-plantes\/amaryllis\/\"},\"wordCount\":745,\"commentCount\":0,\"publisher\":{\"@id\":\"https:\/\/herberiedelatille.fr\/blog\/#organization\"},\"image\":{\"@id\":\"https:\/\/herberiedelatille.fr\/blog\/fleurs-et-plantes\/amaryllis\/#primaryimage\"},\"thumbnailUrl\":\"https:\/\/herberiedelatille.fr\/blog\/wp-content\/uploads\/2026\/06\/sdxl-784fae51e9db16fc51bc57117d5d2417-scaled.png\",\"articleSection\":[\"Fleurs et Plantes\"],\"inLanguage\":\"fr-FR\",\"potentialAction\":[{\"@type\":\"CommentAction\",\"name\":\"Comment\",\"target\":[\"https:\/\/herberiedelatille.fr\/blog\/fleurs-et-plantes\/amaryllis\/#respond\"]}]},{\"@type\":\"WebPage\",\"@id\":\"https:\/\/herberiedelatille.fr\/blog\/fleurs-et-plantes\/amaryllis\/\",\"url\":\"https:\/\/herberiedelatille.fr\/blog\/fleurs-et-plantes\/amaryllis\/\",\"name\":\"Amaryllis : Guide Plantation & Entretien 2026\",\"isPartOf\":{\"@id\":\"https:\/\/herberiedelatille.fr\/blog\/#website\"},\"primaryImageOfPage\":{\"@id\":\"https:\/\/herberiedelatille.fr\/blog\/fleurs-et-plantes\/amaryllis\/#primaryimage\"},\"image\":{\"@id\":\"https:\/\/herberiedelatille.fr\/blog\/fleurs-et-plantes\/amaryllis\/#primaryimage\"},\"thumbnailUrl\":\"https:\/\/herberiedelatille.fr\/blog\/wp-content\/uploads\/2026\/06\/sdxl-784fae51e9db16fc51bc57117d5d2417-scaled.png\",\"datePublished\":\"2026-06-04T09:00:00+00:00\",\"description\":\"L'amaryllis est une plante \u00e0 fleurs pris\u00e9e pour ses grandes fleurs color\u00e9es qui apportent une touche d'\u00e9l\u00e9gance \u00e0 tout int\u00e9rieur.\",\"inLanguage\":\"fr-FR\",\"potentialAction\":[{\"@type\":\"ReadAction\",\"target\":[\"https:\/\/herberiedelatille.fr\/blog\/fleurs-et-plantes\/amaryllis\/\"]}]},{\"@type\":\"ImageObject\",\"inLanguage\":\"fr-FR\",\"@id\":\"https:\/\/herberiedelatille.fr\/blog\/fleurs-et-plantes\/amaryllis\/#primaryimage\",\"url\":\"https:\/\/herberiedelatille.fr\/blog\/wp-content\/uploads\/2026\/06\/sdxl-784fae51e9db16fc51bc57117d5d2417-scaled.png\",\"contentUrl\":\"https:\/\/herberiedelatille.fr\/blog\/wp-content\/uploads\/2026\/06\/sdxl-784fae51e9db16fc51bc57117d5d2417-scaled.png\",\"width\":1200,\"height\":500},{\"@type\":\"WebSite\",\"@id\":\"https:\/\/herberiedelatille.fr\/blog\/#website\",\"url\":\"https:\/\/herberiedelatille.fr\/blog\/\",\"name\":\"Herberie de la Tille\",\"description\":\"Le m\u00e9dia de la botanique pratique \u2014 plantes, herboristerie, identification\",\"publisher\":{\"@id\":\"https:\/\/herberiedelatille.fr\/blog\/#organization\"},\"alternateName\":\"Herberie de la Tille\",\"potentialAction\":[{\"@type\":\"SearchAction\",\"target\":{\"@type\":\"EntryPoint\",\"urlTemplate\":\"https:\/\/herberiedelatille.fr\/blog\/?s={search_term_string}\"},\"query-input\":{\"@type\":\"PropertyValueSpecification\",\"valueRequired\":true,\"valueName\":\"search_term_string\"}}],\"inLanguage\":\"fr-FR\"},{\"@type\":\"Organization\",\"@id\":\"https:\/\/herberiedelatille.fr\/blog\/#organization\",\"name\":\"Herberie de la Tille\",\"url\":\"https:\/\/herberiedelatille.fr\/blog\/\",\"logo\":{\"@type\":\"ImageObject\",\"inLanguage\":\"fr-FR\",\"@id\":\"https:\/\/herberiedelatille.fr\/blog\/#\/schema\/logo\/image\/\",\"url\":\"https:\/\/herberiedelatille.fr\/blog\/wp-content\/uploads\/2024\/12\/herberiedelatille.png\",\"contentUrl\":\"https:\/\/herberiedelatille.fr\/blog\/wp-content\/uploads\/2024\/12\/herberiedelatille.png\",\"width\":500,\"height\":500,\"caption\":\"Herberie de la Tille\"},\"image\":{\"@id\":\"https:\/\/herberiedelatille.fr\/blog\/#\/schema\/logo\/image\/\"}},{\"@type\":\"Person\",\"@id\":\"https:\/\/herberiedelatille.fr\/blog\/#\/schema\/person\/3c864cdc320801e3db34b663e7e3f816\",\"name\":\"Julien Prigent\",\"image\":{\"@type\":\"ImageObject\",\"inLanguage\":\"fr-FR\",\"@id\":\"https:\/\/herberiedelatille.fr\/blog\/#\/schema\/person\/image\/\",\"url\":\"https:\/\/herberiedelatille.fr\/blog\/wp-content\/uploads\/2026\/06\/persona_julien-p-96x96.jpg\",\"contentUrl\":\"https:\/\/herberiedelatille.fr\/blog\/wp-content\/uploads\/2026\/06\/persona_julien-p-96x96.jpg\",\"caption\":\"Julien Prigent\"},\"description\":\"Bricoleur et jardinier dans l'\u00e2me, j'\u00e9cris sur la maison et ses ext\u00e9rieurs avec les mains dans le cambouis plus que dans les th\u00e9ories. Mon terrain couvre tout l'habitat : le potager et le jardin au fil des saisons, mais aussi les petits travaux, la r\u00e9novation, le bricolage et les m\u00e9tiers du b\u00e2timent \u2014 toiture, isolation, menuiserie, serrurerie, ma\u00e7onnerie. J'aime expliquer un geste technique simplement, donner des fourchettes de prix r\u00e9alistes et les bons crit\u00e8res pour choisir un mat\u00e9riau ou un artisan. Je teste ce que je peux sur mes propres chantiers et au jardin avant d'en parler, je distingue la tradition de ce que confirme l'observation, et je pr\u00e9cise toujours le contexte \u2014 climat, type de sol, configuration du logement \u2014 parce qu'un m\u00eame conseil ne vaut pas partout. Mon but : rendre l'entretien et l'am\u00e9lioration de la maison accessibles, durables et \u00e9conomes.\",\"sameAs\":[\"https:\/\/julienprigent.fr\/\"],\"url\":\"https:\/\/herberiedelatille.fr\/blog\/auteur\/julien-p\/\"}]}<\/script>\n<!-- \/ Yoast SEO Premium plugin. -->","yoast_head_json":{"title":"Amaryllis : Guide Plantation & Entretien 2026","description":"L'amaryllis est une plante \u00e0 fleurs pris\u00e9e pour ses grandes fleurs color\u00e9es qui apportent une touche d'\u00e9l\u00e9gance \u00e0 tout int\u00e9rieur.","robots":{"index":"index","follow":"follow","max-snippet":"max-snippet:-1","max-image-preview":"max-image-preview:large","max-video-preview":"max-video-preview:-1"},"canonical":"https:\/\/herberiedelatille.fr\/blog\/fleurs-et-plantes\/amaryllis\/","og_locale":"fr_FR","og_type":"article","og_title":"Amaryllis : Guide Plantation & Entretien 2026","og_description":"L'amaryllis est une plante \u00e0 fleurs pris\u00e9e pour ses grandes fleurs color\u00e9es qui apportent une touche d'\u00e9l\u00e9gance \u00e0 tout int\u00e9rieur.","og_url":"https:\/\/herberiedelatille.fr\/blog\/fleurs-et-plantes\/amaryllis\/","og_site_name":"Herberie de la Tille","og_image":[{"width":1200,"height":500,"url":"https:\/\/herberiedelatille.fr\/blog\/wp-content\/uploads\/2026\/06\/sdxl-784fae51e9db16fc51bc57117d5d2417-scaled.png","type":"image\/png"}],"author":"Julien Prigent","twitter_card":"summary_large_image","schema":{"@context":"https:\/\/schema.org","@graph":[{"@type":"NewsArticle","@id":"https:\/\/herberiedelatille.fr\/blog\/fleurs-et-plantes\/amaryllis\/#article","isPartOf":{"@id":"https:\/\/herberiedelatille.fr\/blog\/fleurs-et-plantes\/amaryllis\/"},"author":{"name":"Julien Prigent","@id":"https:\/\/herberiedelatille.fr\/blog\/#\/schema\/person\/3c864cdc320801e3db34b663e7e3f816"},"headline":"Amaryllis : Guide Plantation &#038; Entretien 2026","datePublished":"2026-06-04T09:00:00+00:00","mainEntityOfPage":{"@id":"https:\/\/herberiedelatille.fr\/blog\/fleurs-et-plantes\/amaryllis\/"},"wordCount":745,"commentCount":0,"publisher":{"@id":"https:\/\/herberiedelatille.fr\/blog\/#organization"},"image":{"@id":"https:\/\/herberiedelatille.fr\/blog\/fleurs-et-plantes\/amaryllis\/#primaryimage"},"thumbnailUrl":"https:\/\/herberiedelatille.fr\/blog\/wp-content\/uploads\/2026\/06\/sdxl-784fae51e9db16fc51bc57117d5d2417-scaled.png","articleSection":["Fleurs et Plantes"],"inLanguage":"fr-FR","potentialAction":[{"@type":"CommentAction","name":"Comment","target":["https:\/\/herberiedelatille.fr\/blog\/fleurs-et-plantes\/amaryllis\/#respond"]}]},{"@type":"WebPage","@id":"https:\/\/herberiedelatille.fr\/blog\/fleurs-et-plantes\/amaryllis\/","url":"https:\/\/herberiedelatille.fr\/blog\/fleurs-et-plantes\/amaryllis\/","name":"Amaryllis : Guide Plantation & Entretien 2026","isPartOf":{"@id":"https:\/\/herberiedelatille.fr\/blog\/#website"},"primaryImageOfPage":{"@id":"https:\/\/herberiedelatille.fr\/blog\/fleurs-et-plantes\/amaryllis\/#primaryimage"},"image":{"@id":"https:\/\/herberiedelatille.fr\/blog\/fleurs-et-plantes\/amaryllis\/#primaryimage"},"thumbnailUrl":"https:\/\/herberiedelatille.fr\/blog\/wp-content\/uploads\/2026\/06\/sdxl-784fae51e9db16fc51bc57117d5d2417-scaled.png","datePublished":"2026-06-04T09:00:00+00:00","description":"L'amaryllis est une plante \u00e0 fleurs pris\u00e9e pour ses grandes fleurs color\u00e9es qui apportent une touche d'\u00e9l\u00e9gance \u00e0 tout int\u00e9rieur.","inLanguage":"fr-FR","potentialAction":[{"@type":"ReadAction","target":["https:\/\/herberiedelatille.fr\/blog\/fleurs-et-plantes\/amaryllis\/"]}]},{"@type":"ImageObject","inLanguage":"fr-FR","@id":"https:\/\/herberiedelatille.fr\/blog\/fleurs-et-plantes\/amaryllis\/#primaryimage","url":"https:\/\/herberiedelatille.fr\/blog\/wp-content\/uploads\/2026\/06\/sdxl-784fae51e9db16fc51bc57117d5d2417-scaled.png","contentUrl":"https:\/\/herberiedelatille.fr\/blog\/wp-content\/uploads\/2026\/06\/sdxl-784fae51e9db16fc51bc57117d5d2417-scaled.png","width":1200,"height":500},{"@type":"WebSite","@id":"https:\/\/herberiedelatille.fr\/blog\/#website","url":"https:\/\/herberiedelatille.fr\/blog\/","name":"Herberie de la Tille","description":"Le m\u00e9dia de la botanique pratique \u2014 plantes, herboristerie, identification","publisher":{"@id":"https:\/\/herberiedelatille.fr\/blog\/#organization"},"alternateName":"Herberie de la Tille","potentialAction":[{"@type":"SearchAction","target":{"@type":"EntryPoint","urlTemplate":"https:\/\/herberiedelatille.fr\/blog\/?s={search_term_string}"},"query-input":{"@type":"PropertyValueSpecification","valueRequired":true,"valueName":"search_term_string"}}],"inLanguage":"fr-FR"},{"@type":"Organization","@id":"https:\/\/herberiedelatille.fr\/blog\/#organization","name":"Herberie de la Tille","url":"https:\/\/herberiedelatille.fr\/blog\/","logo":{"@type":"ImageObject","inLanguage":"fr-FR","@id":"https:\/\/herberiedelatille.fr\/blog\/#\/schema\/logo\/image\/","url":"https:\/\/herberiedelatille.fr\/blog\/wp-content\/uploads\/2024\/12\/herberiedelatille.png","contentUrl":"https:\/\/herberiedelatille.fr\/blog\/wp-content\/uploads\/2024\/12\/herberiedelatille.png","width":500,"height":500,"caption":"Herberie de la Tille"},"image":{"@id":"https:\/\/herberiedelatille.fr\/blog\/#\/schema\/logo\/image\/"}},{"@type":"Person","@id":"https:\/\/herberiedelatille.fr\/blog\/#\/schema\/person\/3c864cdc320801e3db34b663e7e3f816","name":"Julien Prigent","image":{"@type":"ImageObject","inLanguage":"fr-FR","@id":"https:\/\/herberiedelatille.fr\/blog\/#\/schema\/person\/image\/","url":"https:\/\/herberiedelatille.fr\/blog\/wp-content\/uploads\/2026\/06\/persona_julien-p-96x96.jpg","contentUrl":"https:\/\/herberiedelatille.fr\/blog\/wp-content\/uploads\/2026\/06\/persona_julien-p-96x96.jpg","caption":"Julien Prigent"},"description":"Bricoleur et jardinier dans l'\u00e2me, j'\u00e9cris sur la maison et ses ext\u00e9rieurs avec les mains dans le cambouis plus que dans les th\u00e9ories. Mon terrain couvre tout l'habitat : le potager et le jardin au fil des saisons, mais aussi les petits travaux, la r\u00e9novation, le bricolage et les m\u00e9tiers du b\u00e2timent \u2014 toiture, isolation, menuiserie, serrurerie, ma\u00e7onnerie. J'aime expliquer un geste technique simplement, donner des fourchettes de prix r\u00e9alistes et les bons crit\u00e8res pour choisir un mat\u00e9riau ou un artisan. Je teste ce que je peux sur mes propres chantiers et au jardin avant d'en parler, je distingue la tradition de ce que confirme l'observation, et je pr\u00e9cise toujours le contexte \u2014 climat, type de sol, configuration du logement \u2014 parce qu'un m\u00eame conseil ne vaut pas partout. Mon but : rendre l'entretien et l'am\u00e9lioration de la maison accessibles, durables et \u00e9conomes.","sameAs":["https:\/\/julienprigent.fr\/"],"url":"https:\/\/herberiedelatille.fr\/blog\/auteur\/julien-p\/"}]}},"_links":{"self":[{"href":"https:\/\/herberiedelatille.fr\/blog\/wp-json\/wp\/v2\/posts\/7625","targetHints":{"allow":["GET"]}}],"collection":[{"href":"https:\/\/herberiedelatille.fr\/blog\/wp-json\/wp\/v2\/posts"}],"about":[{"href":"https:\/\/herberiedelatille.fr\/blog\/wp-json\/wp\/v2\/types\/post"}],"author":[{"embeddable":true,"href":"https:\/\/herberiedelatille.fr\/blog\/wp-json\/wp\/v2\/users\/34"}],"replies":[{"embeddable":true,"href":"https:\/\/herberiedelatille.fr\/blog\/wp-json\/wp\/v2\/comments?post=7625"}],"version-history":[{"count":1,"href":"https:\/\/herberiedelatille.fr\/blog\/wp-json\/wp\/v2\/posts\/7625\/revisions"}],"predecessor-version":[{"id":7804,"href":"https:\/\/herberiedelatille.fr\/blog\/wp-json\/wp\/v2\/posts\/7625\/revisions\/7804"}],"wp:featuredmedia":[{"embeddable":true,"href":"https:\/\/herberiedelatille.fr\/blog\/wp-json\/wp\/v2\/media\/7834"}],"wp:attachment":[{"href":"https:\/\/herberiedelatille.fr\/blog\/wp-json\/wp\/v2\/media?parent=7625"}],"wp:term":[{"taxonomy":"category","embeddable":true,"href":"https:\/\/herberiedelatille.fr\/blog\/wp-json\/wp\/v2\/categories?post=7625"},{"taxonomy":"post_tag","embeddable":true,"href":"https:\/\/herberiedelatille.fr\/blog\/wp-json\/wp\/v2\/tags?post=7625"}],"curies":[{"name":"wp","href":"https:\/\/api.w.org\/{rel}","templated":true}]}}