{"id":7628,"date":"2026-06-08T09:00:00","date_gmt":"2026-06-08T09:00:00","guid":{"rendered":"https:\/\/herberiedelatille.fr\/blog\/?p=7628"},"modified":"2026-06-08T09:00:00","modified_gmt":"2026-06-08T09:00:00","slug":"flan-de-courgette","status":"publish","type":"post","link":"https:\/\/herberiedelatille.fr\/blog\/articles\/flan-de-courgette\/","title":{"rendered":"Flan de Courgette : Recette avec L\u00e9gumes Jardin"},"content":{"rendered":"<p>Le flan de courgette est un plat savoureux, id\u00e9al pour profiter des l\u00e9gumes du jardin tout en offrant une option l\u00e9g\u00e8re et nutritive. En 2026, cette recette est non seulement appr\u00e9ci\u00e9e pour sa simplicit\u00e9, mais aussi pour son co\u00fbt abordable. En moyenne, pr\u00e9parer un flan de courgette pour quatre personnes revient \u00e0 environ 5 euros, ce qui en fait une solution \u00e9conomique pour les repas de famille ou les d\u00eeners entre amis.<\/p>\n<p>Cette pr\u00e9paration se distingue par sa texture onctueuse et son go\u00fbt d\u00e9licat, tout en permettant d\u2019incorporer divers l\u00e9gumes selon vos envies. Voici une recette d\u00e9taill\u00e9e, accompagn\u00e9e de conseils pratiques et d\u2019astuces pour r\u00e9ussir votre flan.<\/p>\n<h2>Ingr\u00e9dients n\u00e9cessaires<\/h2>\n<h3>Pour le flan<\/h3>\n<ul>\n<li><strong>500 g de courgettes<\/strong> : environ 1,50 \u20ac<\/li>\n<li><strong>3 \u0153ufs<\/strong> : environ 0,90 \u20ac<\/li>\n<li><strong>200 ml de cr\u00e8me fra\u00eeche<\/strong> : environ 1,20 \u20ac<\/li>\n<li><strong>100 g de fromage r\u00e2p\u00e9 (type gruy\u00e8re)<\/strong> : environ 1,00 \u20ac<\/li>\n<li><strong>Sel et poivre<\/strong> : co\u00fbt n\u00e9gligeable<\/li>\n<li><strong>Herbes fra\u00eeches (basilic ou persil)<\/strong> : environ 0,50 \u20ac<\/li>\n<\/ul>\n<h3>Options suppl\u00e9mentaires<\/h3>\n<ul>\n<li><strong>Carottes (facultatif)<\/strong> : 200 g pour ajouter de la couleur et des nutriments<\/li>\n<li><strong>Oignons (facultatif)<\/strong> : 1 oignon pour plus de saveur<\/li>\n<\/ul>\n<h2>\u00c9tapes de pr\u00e9paration<\/h2>\n<h3>1. Pr\u00e9paration des l\u00e9gumes<\/h3>\n<p>Lavez et d\u00e9coupez les courgettes en petits d\u00e9s. Si vous choisissez d\u2019ajouter des carottes ou des oignons, \u00e9pluchez-les et coupez-les \u00e9galement.<\/p>\n<h3>2. Cuisson des l\u00e9gumes<\/h3>\n<p>Dans une po\u00eale, faites revenir les courgettes (et autres l\u00e9gumes si ajout\u00e9s) dans un peu d\u2019huile d\u2019olive pendant environ 10 minutes jusqu\u2019\u00e0 ce qu\u2019elles soient tendres. Assaisonnez avec du sel et du poivre.<\/p>\n<h3>3. Pr\u00e9paration du m\u00e9lange<\/h3>\n<p>Dans un saladier, battez les \u0153ufs avec la cr\u00e8me fra\u00eeche. Incorporez le fromage r\u00e2p\u00e9 et les herbes fra\u00eeches hach\u00e9es. Ajoutez ensuite les l\u00e9gumes cuits au m\u00e9lange.<\/p>\n<h3>4. Cuisson du flan<\/h3>\n<p>Pr\u00e9chauffez votre four \u00e0 180\u00b0C (thermostat 6). Versez le m\u00e9lange dans un moule \u00e0 cake pr\u00e9alablement beurr\u00e9 ou chemis\u00e9. Enfournez pendant environ 35 \u00e0 40 minutes ou jusqu\u2019\u00e0 ce que le dessus soit dor\u00e9.<\/p>\n<h2>Astuces pour r\u00e9ussir votre flan<\/h2>\n<ul>\n<li><strong>Choix des courgettes<\/strong> : Optez pour des courgettes jeunes et fermes afin d\u2019obtenir une texture optimale.<\/li>\n<li><strong>Variantes<\/strong> : N\u2019h\u00e9sitez pas \u00e0 exp\u00e9rimenter avec diff\u00e9rents fromages (feta ou ricotta) ou \u00e0 ajouter des \u00e9pices comme du paprika pour rehausser le go\u00fbt.<\/li>\n<\/ul>\n<h2>Pi\u00e8ge \u00e0 \u00e9viter<\/h2>\n<p>Ne surchargez pas votre flan avec trop de l\u00e9gumes aqueux comme les tomates ou les poivrons rouges ; cela pourrait rendre la pr\u00e9paration trop liquide et difficile \u00e0 couper.<\/p>\n<h2>Co\u00fbt total estim\u00e9<\/h2>\n<table class=\"kwdbank-table\">\n<thead>\n<tr>\n<th>Ingr\u00e9dients<\/th>\n<th>Prix estim\u00e9<\/th>\n<\/tr>\n<\/thead>\n<tbody>\n<tr>\n<td>Courgettes<\/td>\n<td>1,50 \u20ac<\/td>\n<\/tr>\n<tr>\n<td>\u0152ufs<\/td>\n<td>0,90 \u20ac<\/td>\n<\/tr>\n<tr>\n<td>Cr\u00e8me fra\u00eeche<\/td>\n<td>1,20 \u20ac<\/td>\n<\/tr>\n<tr>\n<td>Fromage r\u00e2p\u00e9<\/td>\n<td>1,00 \u20ac<\/td>\n<\/tr>\n<tr>\n<td>Herbes fra\u00eeches<\/td>\n<td>0,50 \u20ac<\/td>\n<\/tr>\n<tr>\n<td><strong>Total<\/strong><\/td>\n<td><strong>5,10 \u20ac<\/strong><\/td>\n<\/tr>\n<\/tbody>\n<\/table>\n<h2>Suggestions de service<\/h2>\n<p>Le flan de courgette peut \u00eatre servi chaud ou froid. Il accompagne parfaitement une salade verte ou peut \u00eatre d\u00e9gust\u00e9 seul en ap\u00e9ritif coup\u00e9 en petits morceaux. Pour un repas complet, servez-le avec une viande grill\u00e9e ou un poisson.<\/p>\n<h2>FAQ<\/h2>\n<h3>Quelle est la diff\u00e9rence entre un flan de courgette et une quiche ?<\/h3>\n<p>Le flan est g\u00e9n\u00e9ralement plus l\u00e9ger car il contient moins de p\u00e2te que la quiche. Il est aussi souvent sans cro\u00fbte.<\/p>\n<h3>Peut-on congeler le flan de courgette ?<\/h3>\n<p>Oui, vous pouvez congeler le flan cuit dans un contenant herm\u00e9tique pendant jusqu\u2019\u00e0 trois mois.<\/p>\n<h3>Comment personnaliser ma recette ?<\/h3>\n<p>Ajoutez des herbes aromatiques comme l\u2019aneth ou le thym pour varier les saveurs selon vos pr\u00e9f\u00e9rences.<\/p>\n<h3>Est-il possible de remplacer la cr\u00e8me fra\u00eeche par un autre ingr\u00e9dient ?<\/h3>\n<p>Oui, vous pouvez utiliser du yaourt nature ou du lait v\u00e9g\u00e9tal si vous souhaitez une version all\u00e9g\u00e9e.<\/p>\n<h3>Combien de temps peut-on conserver le flan au r\u00e9frig\u00e9rateur ?<\/h3>\n<p>Le flan se conserve jusqu\u2019\u00e0 trois jours au r\u00e9frig\u00e9rateur dans un r\u00e9cipient herm\u00e9tique.<\/p>\n<p>Pour r\u00e9aliser votre propre flan de courgette d\u00e8s aujourd\u2019hui, rassemblez vos ingr\u00e9dients et lancez-vous dans cette recette saine et d\u00e9licieuse !<\/p>\n<hr>\n<div class=\"articles-lies\">\n<h3>\u00c0 lire aussi<\/h3>\n<ul>\n<li><a href=\"https:\/\/herberiedelatille.fr\/blog\/articles\/jacaranda\/\">Jacaranda : Guide Plantation &amp; Entretien 2026<\/a><\/li>\n<li><a href=\"https:\/\/herberiedelatille.fr\/blog\/articles\/nefle\/\">N\u00e8fle : Culture et r\u00e9colte guide complet<\/a><\/li>\n<li><a href=\"https:\/\/herberiedelatille.fr\/blog\/articles\/oxalis\/\">Oxalis : Plantation et entretien jardin<\/a><\/li>\n<li><a href=\"https:\/\/herberiedelatille.fr\/blog\/conservation-et-biodiversite\/les-plantes-medicinales-definition-vertus-et-conseils-de-culture\/\">Les plantes m\u00e9dicinales : d\u00e9finition, vertus et conseils de culture<\/a><\/li>\n<\/ul>\n<\/div>\n","protected":false},"excerpt":{"rendered":"","protected":false},"author":34,"featured_media":7831,"comment_status":"open","ping_status":"open","sticky":false,"template":"","format":"standard","meta":{"_acf_changed":false,"manual_indexmenow":false,"indexmenow_id_project":0,"footnotes":""},"categories":[4609],"tags":[],"class_list":["post-7628","post","type-post","status-publish","format-standard","has-post-thumbnail","hentry","category-articles","generate-columns","tablet-grid-50","mobile-grid-100","grid-parent","grid-25"],"acf":[],"yoast_head":"<!-- This site is optimized with the Yoast SEO Premium plugin v21.3 (Yoast SEO v25.6) - https:\/\/yoast.com\/wordpress\/plugins\/seo\/ -->\n<title>Flan de Courgette : Recette avec L\u00e9gumes Jardin<\/title>\n<meta name=\"description\" content=\"Le flan de courgette est un plat savoureux, id\u00e9al pour profiter des l\u00e9gumes du jardin tout en offrant une option l\u00e9g\u00e8re et nutritive.\" \/>\n<meta name=\"robots\" content=\"index, follow, max-snippet:-1, max-image-preview:large, max-video-preview:-1\" \/>\n<link rel=\"canonical\" href=\"https:\/\/herberiedelatille.fr\/blog\/articles\/flan-de-courgette\/\" \/>\n<meta property=\"og:locale\" content=\"fr_FR\" \/>\n<meta property=\"og:type\" content=\"article\" \/>\n<meta property=\"og:title\" content=\"Flan de Courgette : Recette avec L\u00e9gumes Jardin\" \/>\n<meta property=\"og:description\" content=\"Le flan de courgette est un plat savoureux, id\u00e9al pour profiter des l\u00e9gumes du jardin tout en offrant une option l\u00e9g\u00e8re et nutritive.\" \/>\n<meta property=\"og:url\" content=\"https:\/\/herberiedelatille.fr\/blog\/articles\/flan-de-courgette\/\" \/>\n<meta property=\"og:site_name\" content=\"Herberie de la Tille\" \/>\n<meta property=\"og:image\" content=\"https:\/\/herberiedelatille.fr\/blog\/wp-content\/uploads\/2026\/06\/sdxl-9dac7ba5081b6654ba822352b596e711-scaled.png\" \/>\n\t<meta property=\"og:image:width\" content=\"1200\" \/>\n\t<meta property=\"og:image:height\" content=\"500\" \/>\n\t<meta property=\"og:image:type\" content=\"image\/png\" \/>\n<meta name=\"author\" content=\"Julien Prigent\" \/>\n<meta name=\"twitter:card\" content=\"summary_large_image\" \/>\n<script type=\"application\/ld+json\" class=\"yoast-schema-graph\">{\"@context\":\"https:\/\/schema.org\",\"@graph\":[{\"@type\":\"NewsArticle\",\"@id\":\"https:\/\/herberiedelatille.fr\/blog\/articles\/flan-de-courgette\/#article\",\"isPartOf\":{\"@id\":\"https:\/\/herberiedelatille.fr\/blog\/articles\/flan-de-courgette\/\"},\"author\":{\"name\":\"Julien Prigent\",\"@id\":\"https:\/\/herberiedelatille.fr\/blog\/#\/schema\/person\/3c864cdc320801e3db34b663e7e3f816\"},\"headline\":\"Flan de Courgette : Recette avec L\u00e9gumes Jardin\",\"datePublished\":\"2026-06-08T09:00:00+00:00\",\"mainEntityOfPage\":{\"@id\":\"https:\/\/herberiedelatille.fr\/blog\/articles\/flan-de-courgette\/\"},\"wordCount\":692,\"commentCount\":0,\"publisher\":{\"@id\":\"https:\/\/herberiedelatille.fr\/blog\/#organization\"},\"image\":{\"@id\":\"https:\/\/herberiedelatille.fr\/blog\/articles\/flan-de-courgette\/#primaryimage\"},\"thumbnailUrl\":\"https:\/\/herberiedelatille.fr\/blog\/wp-content\/uploads\/2026\/06\/sdxl-9dac7ba5081b6654ba822352b596e711-scaled.png\",\"articleSection\":[\"Articles\"],\"inLanguage\":\"fr-FR\",\"potentialAction\":[{\"@type\":\"CommentAction\",\"name\":\"Comment\",\"target\":[\"https:\/\/herberiedelatille.fr\/blog\/articles\/flan-de-courgette\/#respond\"]}]},{\"@type\":\"WebPage\",\"@id\":\"https:\/\/herberiedelatille.fr\/blog\/articles\/flan-de-courgette\/\",\"url\":\"https:\/\/herberiedelatille.fr\/blog\/articles\/flan-de-courgette\/\",\"name\":\"Flan de Courgette : Recette avec L\u00e9gumes Jardin\",\"isPartOf\":{\"@id\":\"https:\/\/herberiedelatille.fr\/blog\/#website\"},\"primaryImageOfPage\":{\"@id\":\"https:\/\/herberiedelatille.fr\/blog\/articles\/flan-de-courgette\/#primaryimage\"},\"image\":{\"@id\":\"https:\/\/herberiedelatille.fr\/blog\/articles\/flan-de-courgette\/#primaryimage\"},\"thumbnailUrl\":\"https:\/\/herberiedelatille.fr\/blog\/wp-content\/uploads\/2026\/06\/sdxl-9dac7ba5081b6654ba822352b596e711-scaled.png\",\"datePublished\":\"2026-06-08T09:00:00+00:00\",\"description\":\"Le flan de courgette est un plat savoureux, id\u00e9al pour profiter des l\u00e9gumes du jardin tout en offrant une option l\u00e9g\u00e8re et nutritive.\",\"inLanguage\":\"fr-FR\",\"potentialAction\":[{\"@type\":\"ReadAction\",\"target\":[\"https:\/\/herberiedelatille.fr\/blog\/articles\/flan-de-courgette\/\"]}]},{\"@type\":\"ImageObject\",\"inLanguage\":\"fr-FR\",\"@id\":\"https:\/\/herberiedelatille.fr\/blog\/articles\/flan-de-courgette\/#primaryimage\",\"url\":\"https:\/\/herberiedelatille.fr\/blog\/wp-content\/uploads\/2026\/06\/sdxl-9dac7ba5081b6654ba822352b596e711-scaled.png\",\"contentUrl\":\"https:\/\/herberiedelatille.fr\/blog\/wp-content\/uploads\/2026\/06\/sdxl-9dac7ba5081b6654ba822352b596e711-scaled.png\",\"width\":1200,\"height\":500},{\"@type\":\"WebSite\",\"@id\":\"https:\/\/herberiedelatille.fr\/blog\/#website\",\"url\":\"https:\/\/herberiedelatille.fr\/blog\/\",\"name\":\"Herberie de la Tille\",\"description\":\"Le m\u00e9dia de la botanique pratique \u2014 plantes, herboristerie, identification\",\"publisher\":{\"@id\":\"https:\/\/herberiedelatille.fr\/blog\/#organization\"},\"alternateName\":\"Herberie de la Tille\",\"potentialAction\":[{\"@type\":\"SearchAction\",\"target\":{\"@type\":\"EntryPoint\",\"urlTemplate\":\"https:\/\/herberiedelatille.fr\/blog\/?s={search_term_string}\"},\"query-input\":{\"@type\":\"PropertyValueSpecification\",\"valueRequired\":true,\"valueName\":\"search_term_string\"}}],\"inLanguage\":\"fr-FR\"},{\"@type\":\"Organization\",\"@id\":\"https:\/\/herberiedelatille.fr\/blog\/#organization\",\"name\":\"Herberie de la Tille\",\"url\":\"https:\/\/herberiedelatille.fr\/blog\/\",\"logo\":{\"@type\":\"ImageObject\",\"inLanguage\":\"fr-FR\",\"@id\":\"https:\/\/herberiedelatille.fr\/blog\/#\/schema\/logo\/image\/\",\"url\":\"https:\/\/herberiedelatille.fr\/blog\/wp-content\/uploads\/2024\/12\/herberiedelatille.png\",\"contentUrl\":\"https:\/\/herberiedelatille.fr\/blog\/wp-content\/uploads\/2024\/12\/herberiedelatille.png\",\"width\":500,\"height\":500,\"caption\":\"Herberie de la Tille\"},\"image\":{\"@id\":\"https:\/\/herberiedelatille.fr\/blog\/#\/schema\/logo\/image\/\"}},{\"@type\":\"Person\",\"@id\":\"https:\/\/herberiedelatille.fr\/blog\/#\/schema\/person\/3c864cdc320801e3db34b663e7e3f816\",\"name\":\"Julien Prigent\",\"image\":{\"@type\":\"ImageObject\",\"inLanguage\":\"fr-FR\",\"@id\":\"https:\/\/herberiedelatille.fr\/blog\/#\/schema\/person\/image\/\",\"url\":\"https:\/\/herberiedelatille.fr\/blog\/wp-content\/uploads\/2026\/06\/persona_julien-p-96x96.jpg\",\"contentUrl\":\"https:\/\/herberiedelatille.fr\/blog\/wp-content\/uploads\/2026\/06\/persona_julien-p-96x96.jpg\",\"caption\":\"Julien Prigent\"},\"description\":\"Bricoleur et jardinier dans l'\u00e2me, j'\u00e9cris sur la maison et ses ext\u00e9rieurs avec les mains dans le cambouis plus que dans les th\u00e9ories. Mon terrain couvre tout l'habitat : le potager et le jardin au fil des saisons, mais aussi les petits travaux, la r\u00e9novation, le bricolage et les m\u00e9tiers du b\u00e2timent \u2014 toiture, isolation, menuiserie, serrurerie, ma\u00e7onnerie. J'aime expliquer un geste technique simplement, donner des fourchettes de prix r\u00e9alistes et les bons crit\u00e8res pour choisir un mat\u00e9riau ou un artisan. Je teste ce que je peux sur mes propres chantiers et au jardin avant d'en parler, je distingue la tradition de ce que confirme l'observation, et je pr\u00e9cise toujours le contexte \u2014 climat, type de sol, configuration du logement \u2014 parce qu'un m\u00eame conseil ne vaut pas partout. Mon but : rendre l'entretien et l'am\u00e9lioration de la maison accessibles, durables et \u00e9conomes.\",\"sameAs\":[\"https:\/\/julienprigent.fr\/\"],\"url\":\"https:\/\/herberiedelatille.fr\/blog\/auteur\/julien-p\/\"}]}<\/script>\n<!-- \/ Yoast SEO Premium plugin. -->","yoast_head_json":{"title":"Flan de Courgette : Recette avec L\u00e9gumes Jardin","description":"Le flan de courgette est un plat savoureux, id\u00e9al pour profiter des l\u00e9gumes du jardin tout en offrant une option l\u00e9g\u00e8re et nutritive.","robots":{"index":"index","follow":"follow","max-snippet":"max-snippet:-1","max-image-preview":"max-image-preview:large","max-video-preview":"max-video-preview:-1"},"canonical":"https:\/\/herberiedelatille.fr\/blog\/articles\/flan-de-courgette\/","og_locale":"fr_FR","og_type":"article","og_title":"Flan de Courgette : Recette avec L\u00e9gumes Jardin","og_description":"Le flan de courgette est un plat savoureux, id\u00e9al pour profiter des l\u00e9gumes du jardin tout en offrant une option l\u00e9g\u00e8re et nutritive.","og_url":"https:\/\/herberiedelatille.fr\/blog\/articles\/flan-de-courgette\/","og_site_name":"Herberie de la Tille","og_image":[{"width":1200,"height":500,"url":"https:\/\/herberiedelatille.fr\/blog\/wp-content\/uploads\/2026\/06\/sdxl-9dac7ba5081b6654ba822352b596e711-scaled.png","type":"image\/png"}],"author":"Julien Prigent","twitter_card":"summary_large_image","schema":{"@context":"https:\/\/schema.org","@graph":[{"@type":"NewsArticle","@id":"https:\/\/herberiedelatille.fr\/blog\/articles\/flan-de-courgette\/#article","isPartOf":{"@id":"https:\/\/herberiedelatille.fr\/blog\/articles\/flan-de-courgette\/"},"author":{"name":"Julien Prigent","@id":"https:\/\/herberiedelatille.fr\/blog\/#\/schema\/person\/3c864cdc320801e3db34b663e7e3f816"},"headline":"Flan de Courgette : Recette avec L\u00e9gumes Jardin","datePublished":"2026-06-08T09:00:00+00:00","mainEntityOfPage":{"@id":"https:\/\/herberiedelatille.fr\/blog\/articles\/flan-de-courgette\/"},"wordCount":692,"commentCount":0,"publisher":{"@id":"https:\/\/herberiedelatille.fr\/blog\/#organization"},"image":{"@id":"https:\/\/herberiedelatille.fr\/blog\/articles\/flan-de-courgette\/#primaryimage"},"thumbnailUrl":"https:\/\/herberiedelatille.fr\/blog\/wp-content\/uploads\/2026\/06\/sdxl-9dac7ba5081b6654ba822352b596e711-scaled.png","articleSection":["Articles"],"inLanguage":"fr-FR","potentialAction":[{"@type":"CommentAction","name":"Comment","target":["https:\/\/herberiedelatille.fr\/blog\/articles\/flan-de-courgette\/#respond"]}]},{"@type":"WebPage","@id":"https:\/\/herberiedelatille.fr\/blog\/articles\/flan-de-courgette\/","url":"https:\/\/herberiedelatille.fr\/blog\/articles\/flan-de-courgette\/","name":"Flan de Courgette : Recette avec L\u00e9gumes Jardin","isPartOf":{"@id":"https:\/\/herberiedelatille.fr\/blog\/#website"},"primaryImageOfPage":{"@id":"https:\/\/herberiedelatille.fr\/blog\/articles\/flan-de-courgette\/#primaryimage"},"image":{"@id":"https:\/\/herberiedelatille.fr\/blog\/articles\/flan-de-courgette\/#primaryimage"},"thumbnailUrl":"https:\/\/herberiedelatille.fr\/blog\/wp-content\/uploads\/2026\/06\/sdxl-9dac7ba5081b6654ba822352b596e711-scaled.png","datePublished":"2026-06-08T09:00:00+00:00","description":"Le flan de courgette est un plat savoureux, id\u00e9al pour profiter des l\u00e9gumes du jardin tout en offrant une option l\u00e9g\u00e8re et nutritive.","inLanguage":"fr-FR","potentialAction":[{"@type":"ReadAction","target":["https:\/\/herberiedelatille.fr\/blog\/articles\/flan-de-courgette\/"]}]},{"@type":"ImageObject","inLanguage":"fr-FR","@id":"https:\/\/herberiedelatille.fr\/blog\/articles\/flan-de-courgette\/#primaryimage","url":"https:\/\/herberiedelatille.fr\/blog\/wp-content\/uploads\/2026\/06\/sdxl-9dac7ba5081b6654ba822352b596e711-scaled.png","contentUrl":"https:\/\/herberiedelatille.fr\/blog\/wp-content\/uploads\/2026\/06\/sdxl-9dac7ba5081b6654ba822352b596e711-scaled.png","width":1200,"height":500},{"@type":"WebSite","@id":"https:\/\/herberiedelatille.fr\/blog\/#website","url":"https:\/\/herberiedelatille.fr\/blog\/","name":"Herberie de la Tille","description":"Le m\u00e9dia de la botanique pratique \u2014 plantes, herboristerie, identification","publisher":{"@id":"https:\/\/herberiedelatille.fr\/blog\/#organization"},"alternateName":"Herberie de la Tille","potentialAction":[{"@type":"SearchAction","target":{"@type":"EntryPoint","urlTemplate":"https:\/\/herberiedelatille.fr\/blog\/?s={search_term_string}"},"query-input":{"@type":"PropertyValueSpecification","valueRequired":true,"valueName":"search_term_string"}}],"inLanguage":"fr-FR"},{"@type":"Organization","@id":"https:\/\/herberiedelatille.fr\/blog\/#organization","name":"Herberie de la Tille","url":"https:\/\/herberiedelatille.fr\/blog\/","logo":{"@type":"ImageObject","inLanguage":"fr-FR","@id":"https:\/\/herberiedelatille.fr\/blog\/#\/schema\/logo\/image\/","url":"https:\/\/herberiedelatille.fr\/blog\/wp-content\/uploads\/2024\/12\/herberiedelatille.png","contentUrl":"https:\/\/herberiedelatille.fr\/blog\/wp-content\/uploads\/2024\/12\/herberiedelatille.png","width":500,"height":500,"caption":"Herberie de la Tille"},"image":{"@id":"https:\/\/herberiedelatille.fr\/blog\/#\/schema\/logo\/image\/"}},{"@type":"Person","@id":"https:\/\/herberiedelatille.fr\/blog\/#\/schema\/person\/3c864cdc320801e3db34b663e7e3f816","name":"Julien Prigent","image":{"@type":"ImageObject","inLanguage":"fr-FR","@id":"https:\/\/herberiedelatille.fr\/blog\/#\/schema\/person\/image\/","url":"https:\/\/herberiedelatille.fr\/blog\/wp-content\/uploads\/2026\/06\/persona_julien-p-96x96.jpg","contentUrl":"https:\/\/herberiedelatille.fr\/blog\/wp-content\/uploads\/2026\/06\/persona_julien-p-96x96.jpg","caption":"Julien Prigent"},"description":"Bricoleur et jardinier dans l'\u00e2me, j'\u00e9cris sur la maison et ses ext\u00e9rieurs avec les mains dans le cambouis plus que dans les th\u00e9ories. Mon terrain couvre tout l'habitat : le potager et le jardin au fil des saisons, mais aussi les petits travaux, la r\u00e9novation, le bricolage et les m\u00e9tiers du b\u00e2timent \u2014 toiture, isolation, menuiserie, serrurerie, ma\u00e7onnerie. J'aime expliquer un geste technique simplement, donner des fourchettes de prix r\u00e9alistes et les bons crit\u00e8res pour choisir un mat\u00e9riau ou un artisan. Je teste ce que je peux sur mes propres chantiers et au jardin avant d'en parler, je distingue la tradition de ce que confirme l'observation, et je pr\u00e9cise toujours le contexte \u2014 climat, type de sol, configuration du logement \u2014 parce qu'un m\u00eame conseil ne vaut pas partout. Mon but : rendre l'entretien et l'am\u00e9lioration de la maison accessibles, durables et \u00e9conomes.","sameAs":["https:\/\/julienprigent.fr\/"],"url":"https:\/\/herberiedelatille.fr\/blog\/auteur\/julien-p\/"}]}},"_links":{"self":[{"href":"https:\/\/herberiedelatille.fr\/blog\/wp-json\/wp\/v2\/posts\/7628","targetHints":{"allow":["GET"]}}],"collection":[{"href":"https:\/\/herberiedelatille.fr\/blog\/wp-json\/wp\/v2\/posts"}],"about":[{"href":"https:\/\/herberiedelatille.fr\/blog\/wp-json\/wp\/v2\/types\/post"}],"author":[{"embeddable":true,"href":"https:\/\/herberiedelatille.fr\/blog\/wp-json\/wp\/v2\/users\/34"}],"replies":[{"embeddable":true,"href":"https:\/\/herberiedelatille.fr\/blog\/wp-json\/wp\/v2\/comments?post=7628"}],"version-history":[{"count":1,"href":"https:\/\/herberiedelatille.fr\/blog\/wp-json\/wp\/v2\/posts\/7628\/revisions"}],"predecessor-version":[{"id":7814,"href":"https:\/\/herberiedelatille.fr\/blog\/wp-json\/wp\/v2\/posts\/7628\/revisions\/7814"}],"wp:featuredmedia":[{"embeddable":true,"href":"https:\/\/herberiedelatille.fr\/blog\/wp-json\/wp\/v2\/media\/7831"}],"wp:attachment":[{"href":"https:\/\/herberiedelatille.fr\/blog\/wp-json\/wp\/v2\/media?parent=7628"}],"wp:term":[{"taxonomy":"category","embeddable":true,"href":"https:\/\/herberiedelatille.fr\/blog\/wp-json\/wp\/v2\/categories?post=7628"},{"taxonomy":"post_tag","embeddable":true,"href":"https:\/\/herberiedelatille.fr\/blog\/wp-json\/wp\/v2\/tags?post=7628"}],"curies":[{"name":"wp","href":"https:\/\/api.w.org\/{rel}","templated":true}]}}