{"id":7630,"date":"2026-06-12T09:00:00","date_gmt":"2026-06-12T09:00:00","guid":{"rendered":"https:\/\/herberiedelatille.fr\/blog\/?p=7630"},"modified":"2026-06-12T09:00:00","modified_gmt":"2026-06-12T09:00:00","slug":"nefle","status":"publish","type":"post","link":"https:\/\/herberiedelatille.fr\/blog\/articles\/nefle\/","title":{"rendered":"N\u00e8fle : Culture et r\u00e9colte guide complet"},"content":{"rendered":"<p>La n\u00e8fle est un fruit original qui m\u00e9rite d\u2019\u00eatre cultiv\u00e9 pour sa saveur unique et ses bienfaits nutritionnels. Originaire d\u2019Asie, ce fruit est appr\u00e9ci\u00e9 en Europe pour ses ar\u00f4mes d\u00e9licats. Si vous envisagez de cultiver des n\u00e8fles dans votre jardin, cet article vous fournira un guide pratique, \u00e9tape par \u00e9tape, sur la culture et la r\u00e9colte de cet arbre fruitier.<\/p>\n<h2>Qu\u2019est-ce que la n\u00e8fle ?<\/h2>\n<p>La n\u00e8fle (Mespilus germanica) est un arbre fruitier appartenant \u00e0 la famille des Rosac\u00e9es. Ses fruits, appel\u00e9s n\u00e8fles, sont de forme arrondie et mesurent environ 5 \u00e0 8 centim\u00e8tres de diam\u00e8tre. Ils m\u00fbrissent en automne et se consomment g\u00e9n\u00e9ralement apr\u00e8s avoir subi un l\u00e9ger ramollissement. Les n\u00e8fles sont riches en vitamines A et C, ainsi qu\u2019en fibres.<\/p>\n<h2>Conditions de culture<\/h2>\n<h3>Emplacement<\/h3>\n<p>Pour r\u00e9ussir la culture des n\u00e8fles, il est essentiel de choisir un emplacement ensoleill\u00e9. L\u2019arbre pr\u00e9f\u00e8re les sols bien drain\u00e9s et l\u00e9g\u00e8rement acides. \u00c9vitez les zones o\u00f9 l\u2019eau stagne pour pr\u00e9venir les maladies racinaires.<\/p>\n<h3>Climat<\/h3>\n<p>La n\u00e8fle n\u00e9cessite un climat temp\u00e9r\u00e9 pour prosp\u00e9rer. Elle r\u00e9siste aux temp\u00e9ratures allant jusqu\u2019\u00e0 -15 \u00b0C, mais un hiver doux favorisera une meilleure production de fruits. En France, elle se cultive particuli\u00e8rement bien dans le sud et dans certaines r\u00e9gions du centre.<\/p>\n<h2>Pr\u00e9paration du sol<\/h2>\n<p>Avant de planter votre n\u00e8fle, pr\u00e9parez le sol :<\/p>\n<ol>\n<li><strong>Analyse du sol<\/strong> : Testez le pH pour s\u2019assurer qu\u2019il soit compris entre 6 et 7.<\/li>\n<li><strong>Amendement<\/strong> : Ajoutez du compost ou du fumier bien d\u00e9compos\u00e9 pour enrichir le sol.<\/li>\n<li><strong>Labour<\/strong> : Travaillez le sol sur une profondeur d\u2019au moins 30 cm pour a\u00e9rer les racines.<\/li>\n<\/ol>\n<h2>Plantation<\/h2>\n<h3>Choix des plants<\/h3>\n<p>Optez pour des plants d\u2019un an \u00e0 deux ans pour une meilleure adaptation. V\u00e9rifiez qu\u2019ils soient exempts de maladies ou de parasites.<\/p>\n<h3>Techniques de plantation<\/h3>\n<ol>\n<li>Creusez un trou d\u2019environ 60 cm de profondeur.<\/li>\n<li>Ajoutez un peu de compost au fond.<\/li>\n<li>Placez le plant en veillant \u00e0 ne pas enterrer le collet.<\/li>\n<li>Arrosez g\u00e9n\u00e9reusement apr\u00e8s la plantation.<\/li>\n<\/ol>\n<h2>Entretien<\/h2>\n<h3>Arrosage<\/h3>\n<p>Les jeunes plants n\u00e9cessitent un arrosage r\u00e9gulier durant les deux premi\u00e8res ann\u00e9es apr\u00e8s la plantation, surtout en p\u00e9riode s\u00e8che. Un apport d\u2019eau hebdomadaire est recommand\u00e9.<\/p>\n<h3>Taille<\/h3>\n<p>Il est conseill\u00e9 de tailler l\u2019arbre tous les ans au printemps pour favoriser une bonne a\u00e9ration et stimuler la production de fruits. Enlevez les branches mortes ou malades.<\/p>\n<h3>Fertilisation<\/h3>\n<p>Une fertilisation organique au printemps peut am\u00e9liorer le rendement. Utilisez des engrais riches en potassium et phosphore pour soutenir la floraison.<\/p>\n<h2>R\u00e9colte des n\u00e8fles<\/h2>\n<p>Les n\u00e8fles se r\u00e9coltent g\u00e9n\u00e9ralement entre fin septembre et d\u00e9but novembre, lorsque leur peau devient marron et que leur chair est molle au toucher. \u00c9vitez de r\u00e9colter des fruits encore fermes ; ils doivent \u00eatre consomm\u00e9s apr\u00e8s quelques jours de maturation \u00e0 temp\u00e9rature ambiante.<\/p>\n<h3>M\u00e9thode de r\u00e9colte<\/h3>\n<p>Pour une r\u00e9colte optimale :<br \/>\n&#8211; Utilisez une \u00e9chelle si n\u00e9cessaire.<br \/>\n&#8211; Cueillez d\u00e9licatement les fruits sans les endommager.<br \/>\n&#8211; Placez-les dans des paniers a\u00e9r\u00e9s pour \u00e9viter l\u2019\u00e9crasement.<\/p>\n<h2>Pi\u00e8ge \u00e0 \u00e9viter : Les maladies courantes<\/h2>\n<p>Les n\u00e8fles peuvent \u00eatre sujettes \u00e0 certaines maladies comme le chancre ou l\u2019o\u00efdium. Pour pr\u00e9venir ces probl\u00e8mes :<br \/>\n&#8211; Assurez-vous d\u2019une bonne circulation d\u2019air autour des branches.<br \/>\n&#8211; Appliquez un traitement fongicide pr\u00e9ventif au printemps si n\u00e9cessaire.<\/p>\n<h2>Tableau r\u00e9capitulatif des \u00e9tapes cl\u00e9s<\/h2>\n<table class=\"kwdbank-table\">\n<thead>\n<tr>\n<th>\u00c9tape<\/th>\n<th>D\u00e9tails<\/th>\n<\/tr>\n<\/thead>\n<tbody>\n<tr>\n<td><strong>Emplacement<\/strong><\/td>\n<td>Ensoleill\u00e9, sol bien drain\u00e9<\/td>\n<\/tr>\n<tr>\n<td><strong>Climat<\/strong><\/td>\n<td>Temp\u00e9r\u00e9, r\u00e9sistant jusqu\u2019\u00e0 -15 \u00b0C<\/td>\n<\/tr>\n<tr>\n<td><strong>Plantation<\/strong><\/td>\n<td>Trou de 60 cm, compost au fond<\/td>\n<\/tr>\n<tr>\n<td><strong>Arrosage<\/strong><\/td>\n<td>Hebdomadaire durant les deux premi\u00e8res ann\u00e9es<\/td>\n<\/tr>\n<tr>\n<td><strong>Taille<\/strong><\/td>\n<td>Annuellement au printemps<\/td>\n<\/tr>\n<tr>\n<td><strong>R\u00e9colte<\/strong><\/td>\n<td>Fin septembre &#8211; d\u00e9but novembre<\/td>\n<\/tr>\n<\/tbody>\n<\/table>\n<h2>FAQ<\/h2>\n<h3>Quelles sont les vari\u00e9t\u00e9s de n\u00e8fles ?<\/h3>\n<p>Il existe plusieurs vari\u00e9t\u00e9s comme la n\u00e8fle commune (Mespilus germanica) et la n\u00e8fle japonaise (Eriobotrya japonica), cette derni\u00e8re \u00e9tant plus douce.<\/p>\n<h3>\u00c0 quelle p\u00e9riode faut-il planter des n\u00e8fles ?<\/h3>\n<p>La p\u00e9riode id\u00e9ale pour planter des n\u00e8fles est au printemps ou \u00e0 l\u2019automne lorsque le sol est encore chaud.<\/p>\n<h3>Comment savoir si mes n\u00e8fles sont m\u00fbres ?<\/h3>\n<p>Les n\u00e8fles sont pr\u00eates \u00e0 \u00eatre r\u00e9colt\u00e9es lorsqu\u2019elles deviennent marron et l\u00e9g\u00e8rement molles au toucher.<\/p>\n<h3>Quelles sont les utilisations culinaires des n\u00e8fles ?<\/h3>\n<p>Les n\u00e8fles peuvent \u00eatre consomm\u00e9es fra\u00eeches ou utilis\u00e9es dans des confitures, compotes ou tartes.<\/p>\n<h3>La culture des n\u00e8fles n\u00e9cessite-t-elle beaucoup d\u2019entretien ?<\/h3>\n<p>Une fois \u00e9tablis, les arbres n\u00e9cessitent peu d\u2019entretien mais b\u00e9n\u00e9ficient d\u2019une taille r\u00e9guli\u00e8re et d\u2019un arrosage lors de p\u00e9riodes s\u00e8ches.<\/p>\n<p>Cultiver des n\u00e8fles peut \u00eatre une exp\u00e9rience gratifiante qui enrichit votre jardin tout en offrant une d\u00e9licieuse r\u00e9colte chaque ann\u00e9e. Commencez d\u00e8s aujourd\u2019hui votre projet !<\/p>\n<hr>\n<div class=\"articles-lies\">\n<h3>\u00c0 lire aussi<\/h3>\n<ul>\n<li><a href=\"https:\/\/herberiedelatille.fr\/blog\/articles\/oxalis\/\">Oxalis : Plantation et entretien jardin<\/a><\/li>\n<li><a href=\"https:\/\/herberiedelatille.fr\/blog\/articles\/marjolaine\/\">Marjolaine : Culture et propri\u00e9t\u00e9s<\/a><\/li>\n<li><a href=\"https:\/\/herberiedelatille.fr\/blog\/articles\/fleur-de-lotus\/\">Fleur de lotus : Guide culture compl\u00e8te<\/a><\/li>\n<li><a href=\"https:\/\/herberiedelatille.fr\/blog\/conservation-et-biodiversite\/les-plantes-medicinales-definition-vertus-et-conseils-de-culture\/\">Les plantes m\u00e9dicinales : d\u00e9finition, vertus et conseils de culture<\/a><\/li>\n<\/ul>\n<\/div>\n","protected":false},"excerpt":{"rendered":"","protected":false},"author":34,"featured_media":7828,"comment_status":"open","ping_status":"open","sticky":false,"template":"","format":"standard","meta":{"_acf_changed":false,"manual_indexmenow":false,"indexmenow_id_project":0,"footnotes":""},"categories":[4609],"tags":[],"class_list":["post-7630","post","type-post","status-publish","format-standard","has-post-thumbnail","hentry","category-articles","generate-columns","tablet-grid-50","mobile-grid-100","grid-parent","grid-25"],"acf":[],"yoast_head":"<!-- This site is optimized with the Yoast SEO Premium plugin v21.3 (Yoast SEO v25.6) - https:\/\/yoast.com\/wordpress\/plugins\/seo\/ -->\n<title>N\u00e8fle : Culture et r\u00e9colte guide complet<\/title>\n<meta name=\"description\" content=\"La n\u00e8fle est un fruit original qui m\u00e9rite d&#039;\u00eatre cultiv\u00e9 pour sa saveur unique et ses bienfaits nutritionnels.\" \/>\n<meta name=\"robots\" content=\"index, follow, max-snippet:-1, max-image-preview:large, max-video-preview:-1\" \/>\n<link rel=\"canonical\" href=\"https:\/\/herberiedelatille.fr\/blog\/articles\/nefle\/\" \/>\n<meta property=\"og:locale\" content=\"fr_FR\" \/>\n<meta property=\"og:type\" content=\"article\" \/>\n<meta property=\"og:title\" content=\"N\u00e8fle : Culture et r\u00e9colte guide complet\" \/>\n<meta property=\"og:description\" content=\"La n\u00e8fle est un fruit original qui m\u00e9rite d&#039;\u00eatre cultiv\u00e9 pour sa saveur unique et ses bienfaits nutritionnels.\" \/>\n<meta property=\"og:url\" content=\"https:\/\/herberiedelatille.fr\/blog\/articles\/nefle\/\" \/>\n<meta property=\"og:site_name\" content=\"Herberie de la Tille\" \/>\n<meta property=\"og:image\" content=\"https:\/\/herberiedelatille.fr\/blog\/wp-content\/uploads\/2026\/06\/sdxl-4bd48b70d65dab9e42ba835ee85077ca-scaled.png\" \/>\n\t<meta property=\"og:image:width\" content=\"1200\" \/>\n\t<meta property=\"og:image:height\" content=\"500\" \/>\n\t<meta property=\"og:image:type\" content=\"image\/png\" \/>\n<meta name=\"author\" content=\"Julien Prigent\" \/>\n<meta name=\"twitter:card\" content=\"summary_large_image\" \/>\n<script type=\"application\/ld+json\" class=\"yoast-schema-graph\">{\"@context\":\"https:\/\/schema.org\",\"@graph\":[{\"@type\":\"NewsArticle\",\"@id\":\"https:\/\/herberiedelatille.fr\/blog\/articles\/nefle\/#article\",\"isPartOf\":{\"@id\":\"https:\/\/herberiedelatille.fr\/blog\/articles\/nefle\/\"},\"author\":{\"name\":\"Julien Prigent\",\"@id\":\"https:\/\/herberiedelatille.fr\/blog\/#\/schema\/person\/3c864cdc320801e3db34b663e7e3f816\"},\"headline\":\"N\u00e8fle : Culture et r\u00e9colte guide complet\",\"datePublished\":\"2026-06-12T09:00:00+00:00\",\"mainEntityOfPage\":{\"@id\":\"https:\/\/herberiedelatille.fr\/blog\/articles\/nefle\/\"},\"wordCount\":880,\"commentCount\":0,\"publisher\":{\"@id\":\"https:\/\/herberiedelatille.fr\/blog\/#organization\"},\"image\":{\"@id\":\"https:\/\/herberiedelatille.fr\/blog\/articles\/nefle\/#primaryimage\"},\"thumbnailUrl\":\"https:\/\/herberiedelatille.fr\/blog\/wp-content\/uploads\/2026\/06\/sdxl-4bd48b70d65dab9e42ba835ee85077ca-scaled.png\",\"articleSection\":[\"Articles\"],\"inLanguage\":\"fr-FR\",\"potentialAction\":[{\"@type\":\"CommentAction\",\"name\":\"Comment\",\"target\":[\"https:\/\/herberiedelatille.fr\/blog\/articles\/nefle\/#respond\"]}]},{\"@type\":\"WebPage\",\"@id\":\"https:\/\/herberiedelatille.fr\/blog\/articles\/nefle\/\",\"url\":\"https:\/\/herberiedelatille.fr\/blog\/articles\/nefle\/\",\"name\":\"N\u00e8fle : Culture et r\u00e9colte guide complet\",\"isPartOf\":{\"@id\":\"https:\/\/herberiedelatille.fr\/blog\/#website\"},\"primaryImageOfPage\":{\"@id\":\"https:\/\/herberiedelatille.fr\/blog\/articles\/nefle\/#primaryimage\"},\"image\":{\"@id\":\"https:\/\/herberiedelatille.fr\/blog\/articles\/nefle\/#primaryimage\"},\"thumbnailUrl\":\"https:\/\/herberiedelatille.fr\/blog\/wp-content\/uploads\/2026\/06\/sdxl-4bd48b70d65dab9e42ba835ee85077ca-scaled.png\",\"datePublished\":\"2026-06-12T09:00:00+00:00\",\"description\":\"La n\u00e8fle est un fruit original qui m\u00e9rite d'\u00eatre cultiv\u00e9 pour sa saveur unique et ses bienfaits nutritionnels.\",\"inLanguage\":\"fr-FR\",\"potentialAction\":[{\"@type\":\"ReadAction\",\"target\":[\"https:\/\/herberiedelatille.fr\/blog\/articles\/nefle\/\"]}]},{\"@type\":\"ImageObject\",\"inLanguage\":\"fr-FR\",\"@id\":\"https:\/\/herberiedelatille.fr\/blog\/articles\/nefle\/#primaryimage\",\"url\":\"https:\/\/herberiedelatille.fr\/blog\/wp-content\/uploads\/2026\/06\/sdxl-4bd48b70d65dab9e42ba835ee85077ca-scaled.png\",\"contentUrl\":\"https:\/\/herberiedelatille.fr\/blog\/wp-content\/uploads\/2026\/06\/sdxl-4bd48b70d65dab9e42ba835ee85077ca-scaled.png\",\"width\":1200,\"height\":500},{\"@type\":\"WebSite\",\"@id\":\"https:\/\/herberiedelatille.fr\/blog\/#website\",\"url\":\"https:\/\/herberiedelatille.fr\/blog\/\",\"name\":\"Herberie de la Tille\",\"description\":\"Le m\u00e9dia de la botanique pratique \u2014 plantes, herboristerie, identification\",\"publisher\":{\"@id\":\"https:\/\/herberiedelatille.fr\/blog\/#organization\"},\"alternateName\":\"Herberie de la Tille\",\"potentialAction\":[{\"@type\":\"SearchAction\",\"target\":{\"@type\":\"EntryPoint\",\"urlTemplate\":\"https:\/\/herberiedelatille.fr\/blog\/?s={search_term_string}\"},\"query-input\":{\"@type\":\"PropertyValueSpecification\",\"valueRequired\":true,\"valueName\":\"search_term_string\"}}],\"inLanguage\":\"fr-FR\"},{\"@type\":\"Organization\",\"@id\":\"https:\/\/herberiedelatille.fr\/blog\/#organization\",\"name\":\"Herberie de la Tille\",\"url\":\"https:\/\/herberiedelatille.fr\/blog\/\",\"logo\":{\"@type\":\"ImageObject\",\"inLanguage\":\"fr-FR\",\"@id\":\"https:\/\/herberiedelatille.fr\/blog\/#\/schema\/logo\/image\/\",\"url\":\"https:\/\/herberiedelatille.fr\/blog\/wp-content\/uploads\/2024\/12\/herberiedelatille.png\",\"contentUrl\":\"https:\/\/herberiedelatille.fr\/blog\/wp-content\/uploads\/2024\/12\/herberiedelatille.png\",\"width\":500,\"height\":500,\"caption\":\"Herberie de la Tille\"},\"image\":{\"@id\":\"https:\/\/herberiedelatille.fr\/blog\/#\/schema\/logo\/image\/\"}},{\"@type\":\"Person\",\"@id\":\"https:\/\/herberiedelatille.fr\/blog\/#\/schema\/person\/3c864cdc320801e3db34b663e7e3f816\",\"name\":\"Julien Prigent\",\"image\":{\"@type\":\"ImageObject\",\"inLanguage\":\"fr-FR\",\"@id\":\"https:\/\/herberiedelatille.fr\/blog\/#\/schema\/person\/image\/\",\"url\":\"https:\/\/herberiedelatille.fr\/blog\/wp-content\/uploads\/2026\/06\/persona_julien-p-96x96.jpg\",\"contentUrl\":\"https:\/\/herberiedelatille.fr\/blog\/wp-content\/uploads\/2026\/06\/persona_julien-p-96x96.jpg\",\"caption\":\"Julien Prigent\"},\"description\":\"Bricoleur et jardinier dans l'\u00e2me, j'\u00e9cris sur la maison et ses ext\u00e9rieurs avec les mains dans le cambouis plus que dans les th\u00e9ories. Mon terrain couvre tout l'habitat : le potager et le jardin au fil des saisons, mais aussi les petits travaux, la r\u00e9novation, le bricolage et les m\u00e9tiers du b\u00e2timent \u2014 toiture, isolation, menuiserie, serrurerie, ma\u00e7onnerie. J'aime expliquer un geste technique simplement, donner des fourchettes de prix r\u00e9alistes et les bons crit\u00e8res pour choisir un mat\u00e9riau ou un artisan. Je teste ce que je peux sur mes propres chantiers et au jardin avant d'en parler, je distingue la tradition de ce que confirme l'observation, et je pr\u00e9cise toujours le contexte \u2014 climat, type de sol, configuration du logement \u2014 parce qu'un m\u00eame conseil ne vaut pas partout. Mon but : rendre l'entretien et l'am\u00e9lioration de la maison accessibles, durables et \u00e9conomes.\",\"sameAs\":[\"https:\/\/julienprigent.fr\/\"],\"url\":\"https:\/\/herberiedelatille.fr\/blog\/auteur\/julien-p\/\"}]}<\/script>\n<!-- \/ Yoast SEO Premium plugin. -->","yoast_head_json":{"title":"N\u00e8fle : Culture et r\u00e9colte guide complet","description":"La n\u00e8fle est un fruit original qui m\u00e9rite d'\u00eatre cultiv\u00e9 pour sa saveur unique et ses bienfaits nutritionnels.","robots":{"index":"index","follow":"follow","max-snippet":"max-snippet:-1","max-image-preview":"max-image-preview:large","max-video-preview":"max-video-preview:-1"},"canonical":"https:\/\/herberiedelatille.fr\/blog\/articles\/nefle\/","og_locale":"fr_FR","og_type":"article","og_title":"N\u00e8fle : Culture et r\u00e9colte guide complet","og_description":"La n\u00e8fle est un fruit original qui m\u00e9rite d'\u00eatre cultiv\u00e9 pour sa saveur unique et ses bienfaits nutritionnels.","og_url":"https:\/\/herberiedelatille.fr\/blog\/articles\/nefle\/","og_site_name":"Herberie de la Tille","og_image":[{"width":1200,"height":500,"url":"https:\/\/herberiedelatille.fr\/blog\/wp-content\/uploads\/2026\/06\/sdxl-4bd48b70d65dab9e42ba835ee85077ca-scaled.png","type":"image\/png"}],"author":"Julien Prigent","twitter_card":"summary_large_image","schema":{"@context":"https:\/\/schema.org","@graph":[{"@type":"NewsArticle","@id":"https:\/\/herberiedelatille.fr\/blog\/articles\/nefle\/#article","isPartOf":{"@id":"https:\/\/herberiedelatille.fr\/blog\/articles\/nefle\/"},"author":{"name":"Julien Prigent","@id":"https:\/\/herberiedelatille.fr\/blog\/#\/schema\/person\/3c864cdc320801e3db34b663e7e3f816"},"headline":"N\u00e8fle : Culture et r\u00e9colte guide complet","datePublished":"2026-06-12T09:00:00+00:00","mainEntityOfPage":{"@id":"https:\/\/herberiedelatille.fr\/blog\/articles\/nefle\/"},"wordCount":880,"commentCount":0,"publisher":{"@id":"https:\/\/herberiedelatille.fr\/blog\/#organization"},"image":{"@id":"https:\/\/herberiedelatille.fr\/blog\/articles\/nefle\/#primaryimage"},"thumbnailUrl":"https:\/\/herberiedelatille.fr\/blog\/wp-content\/uploads\/2026\/06\/sdxl-4bd48b70d65dab9e42ba835ee85077ca-scaled.png","articleSection":["Articles"],"inLanguage":"fr-FR","potentialAction":[{"@type":"CommentAction","name":"Comment","target":["https:\/\/herberiedelatille.fr\/blog\/articles\/nefle\/#respond"]}]},{"@type":"WebPage","@id":"https:\/\/herberiedelatille.fr\/blog\/articles\/nefle\/","url":"https:\/\/herberiedelatille.fr\/blog\/articles\/nefle\/","name":"N\u00e8fle : Culture et r\u00e9colte guide complet","isPartOf":{"@id":"https:\/\/herberiedelatille.fr\/blog\/#website"},"primaryImageOfPage":{"@id":"https:\/\/herberiedelatille.fr\/blog\/articles\/nefle\/#primaryimage"},"image":{"@id":"https:\/\/herberiedelatille.fr\/blog\/articles\/nefle\/#primaryimage"},"thumbnailUrl":"https:\/\/herberiedelatille.fr\/blog\/wp-content\/uploads\/2026\/06\/sdxl-4bd48b70d65dab9e42ba835ee85077ca-scaled.png","datePublished":"2026-06-12T09:00:00+00:00","description":"La n\u00e8fle est un fruit original qui m\u00e9rite d'\u00eatre cultiv\u00e9 pour sa saveur unique et ses bienfaits nutritionnels.","inLanguage":"fr-FR","potentialAction":[{"@type":"ReadAction","target":["https:\/\/herberiedelatille.fr\/blog\/articles\/nefle\/"]}]},{"@type":"ImageObject","inLanguage":"fr-FR","@id":"https:\/\/herberiedelatille.fr\/blog\/articles\/nefle\/#primaryimage","url":"https:\/\/herberiedelatille.fr\/blog\/wp-content\/uploads\/2026\/06\/sdxl-4bd48b70d65dab9e42ba835ee85077ca-scaled.png","contentUrl":"https:\/\/herberiedelatille.fr\/blog\/wp-content\/uploads\/2026\/06\/sdxl-4bd48b70d65dab9e42ba835ee85077ca-scaled.png","width":1200,"height":500},{"@type":"WebSite","@id":"https:\/\/herberiedelatille.fr\/blog\/#website","url":"https:\/\/herberiedelatille.fr\/blog\/","name":"Herberie de la Tille","description":"Le m\u00e9dia de la botanique pratique \u2014 plantes, herboristerie, identification","publisher":{"@id":"https:\/\/herberiedelatille.fr\/blog\/#organization"},"alternateName":"Herberie de la Tille","potentialAction":[{"@type":"SearchAction","target":{"@type":"EntryPoint","urlTemplate":"https:\/\/herberiedelatille.fr\/blog\/?s={search_term_string}"},"query-input":{"@type":"PropertyValueSpecification","valueRequired":true,"valueName":"search_term_string"}}],"inLanguage":"fr-FR"},{"@type":"Organization","@id":"https:\/\/herberiedelatille.fr\/blog\/#organization","name":"Herberie de la Tille","url":"https:\/\/herberiedelatille.fr\/blog\/","logo":{"@type":"ImageObject","inLanguage":"fr-FR","@id":"https:\/\/herberiedelatille.fr\/blog\/#\/schema\/logo\/image\/","url":"https:\/\/herberiedelatille.fr\/blog\/wp-content\/uploads\/2024\/12\/herberiedelatille.png","contentUrl":"https:\/\/herberiedelatille.fr\/blog\/wp-content\/uploads\/2024\/12\/herberiedelatille.png","width":500,"height":500,"caption":"Herberie de la Tille"},"image":{"@id":"https:\/\/herberiedelatille.fr\/blog\/#\/schema\/logo\/image\/"}},{"@type":"Person","@id":"https:\/\/herberiedelatille.fr\/blog\/#\/schema\/person\/3c864cdc320801e3db34b663e7e3f816","name":"Julien Prigent","image":{"@type":"ImageObject","inLanguage":"fr-FR","@id":"https:\/\/herberiedelatille.fr\/blog\/#\/schema\/person\/image\/","url":"https:\/\/herberiedelatille.fr\/blog\/wp-content\/uploads\/2026\/06\/persona_julien-p-96x96.jpg","contentUrl":"https:\/\/herberiedelatille.fr\/blog\/wp-content\/uploads\/2026\/06\/persona_julien-p-96x96.jpg","caption":"Julien Prigent"},"description":"Bricoleur et jardinier dans l'\u00e2me, j'\u00e9cris sur la maison et ses ext\u00e9rieurs avec les mains dans le cambouis plus que dans les th\u00e9ories. Mon terrain couvre tout l'habitat : le potager et le jardin au fil des saisons, mais aussi les petits travaux, la r\u00e9novation, le bricolage et les m\u00e9tiers du b\u00e2timent \u2014 toiture, isolation, menuiserie, serrurerie, ma\u00e7onnerie. J'aime expliquer un geste technique simplement, donner des fourchettes de prix r\u00e9alistes et les bons crit\u00e8res pour choisir un mat\u00e9riau ou un artisan. Je teste ce que je peux sur mes propres chantiers et au jardin avant d'en parler, je distingue la tradition de ce que confirme l'observation, et je pr\u00e9cise toujours le contexte \u2014 climat, type de sol, configuration du logement \u2014 parce qu'un m\u00eame conseil ne vaut pas partout. Mon but : rendre l'entretien et l'am\u00e9lioration de la maison accessibles, durables et \u00e9conomes.","sameAs":["https:\/\/julienprigent.fr\/"],"url":"https:\/\/herberiedelatille.fr\/blog\/auteur\/julien-p\/"}]}},"_links":{"self":[{"href":"https:\/\/herberiedelatille.fr\/blog\/wp-json\/wp\/v2\/posts\/7630","targetHints":{"allow":["GET"]}}],"collection":[{"href":"https:\/\/herberiedelatille.fr\/blog\/wp-json\/wp\/v2\/posts"}],"about":[{"href":"https:\/\/herberiedelatille.fr\/blog\/wp-json\/wp\/v2\/types\/post"}],"author":[{"embeddable":true,"href":"https:\/\/herberiedelatille.fr\/blog\/wp-json\/wp\/v2\/users\/34"}],"replies":[{"embeddable":true,"href":"https:\/\/herberiedelatille.fr\/blog\/wp-json\/wp\/v2\/comments?post=7630"}],"version-history":[{"count":1,"href":"https:\/\/herberiedelatille.fr\/blog\/wp-json\/wp\/v2\/posts\/7630\/revisions"}],"predecessor-version":[{"id":7822,"href":"https:\/\/herberiedelatille.fr\/blog\/wp-json\/wp\/v2\/posts\/7630\/revisions\/7822"}],"wp:featuredmedia":[{"embeddable":true,"href":"https:\/\/herberiedelatille.fr\/blog\/wp-json\/wp\/v2\/media\/7828"}],"wp:attachment":[{"href":"https:\/\/herberiedelatille.fr\/blog\/wp-json\/wp\/v2\/media?parent=7630"}],"wp:term":[{"taxonomy":"category","embeddable":true,"href":"https:\/\/herberiedelatille.fr\/blog\/wp-json\/wp\/v2\/categories?post=7630"},{"taxonomy":"post_tag","embeddable":true,"href":"https:\/\/herberiedelatille.fr\/blog\/wp-json\/wp\/v2\/tags?post=7630"}],"curies":[{"name":"wp","href":"https:\/\/api.w.org\/{rel}","templated":true}]}}