{"id":7632,"date":"2026-06-14T09:00:00","date_gmt":"2026-06-14T09:00:00","guid":{"rendered":"https:\/\/herberiedelatille.fr\/blog\/?p=7632"},"modified":"2026-06-14T09:00:00","modified_gmt":"2026-06-14T09:00:00","slug":"marjolaine","status":"publish","type":"post","link":"https:\/\/herberiedelatille.fr\/blog\/articles\/marjolaine\/","title":{"rendered":"Marjolaine : Culture et propri\u00e9t\u00e9s"},"content":{"rendered":"<p>La <strong>marjolaine<\/strong> (Origanum majorana) est une plante aromatique pris\u00e9e pour ses multiples propri\u00e9t\u00e9s en cuisine et en phytoth\u00e9rapie. Son utilisation remonte \u00e0 l\u2019Antiquit\u00e9, mais elle conna\u00eet un regain d\u2019int\u00e9r\u00eat en 2026, tant pour son go\u00fbt d\u00e9licat que pour ses bienfaits sur la sant\u00e9. Cet article vous pr\u00e9sente les sp\u00e9cificit\u00e9s de sa culture, ses propri\u00e9t\u00e9s m\u00e9dicinales et des informations chiffr\u00e9es sur son prix actuel.<\/p>\n<h2>Caract\u00e9ristiques botaniques de la marjolaine<\/h2>\n<h3>Description de la plante<\/h3>\n<p>La marjolaine est une plante vivace qui mesure entre 30 et 60 cm de hauteur. Ses feuilles ovales, d\u2019un vert intense, sont recouvertes de poils fins et d\u00e9gagent un parfum agr\u00e9able lorsqu\u2019elles sont froiss\u00e9es. Les fleurs, petites et blanches ou rose p\u00e2le, apparaissent entre juin et septembre.<\/p>\n<h3>Vari\u00e9t\u00e9s de marjolaine<\/h3>\n<ul>\n<li><strong>Marjolaine douce<\/strong> : utilis\u00e9e principalement en cuisine.<\/li>\n<li><strong>Marjolaine sauvage<\/strong> : plus am\u00e8re, elle est souvent employ\u00e9e \u00e0 des fins m\u00e9dicinales.<\/li>\n<\/ul>\n<h2>Conditions de culture<\/h2>\n<h3>Exigences du sol<\/h3>\n<p>La marjolaine pr\u00e9f\u00e8re un sol bien drain\u00e9, l\u00e9g\u00e8rement calcaire et riche en mati\u00e8re organique. Un pH compris entre 6 et 7 est id\u00e9al pour sa croissance.<\/p>\n<h3>Ensoleillement<\/h3>\n<p>Cette plante aime le soleil. Un emplacement o\u00f9 elle re\u00e7oit au moins 6 heures d\u2019ensoleillement direct par jour est recommand\u00e9.<\/p>\n<h3>M\u00e9thodes de plantation<\/h3>\n<ol>\n<li><strong>Semis direct<\/strong> : en pleine terre au printemps lorsque le risque de gel est \u00e9cart\u00e9.<\/li>\n<li><strong>Plantation en pot<\/strong> : id\u00e9ale pour les jardiniers urbains. Utilisez un m\u00e9lange de terreau et de compost.<\/li>\n<\/ol>\n<h2>Co\u00fbts associ\u00e9s \u00e0 la culture de la marjolaine en 2026<\/h2>\n<p>En 2026, le co\u00fbt moyen des plants de marjolaine se situe autour de <strong>3 \u00e0 5 euros<\/strong> par pot dans les jardineries. Si vous choisissez d\u2019acheter des graines, le prix varie entre <strong>2 \u00e0 4 euros<\/strong> pour un sachet contenant environ 200 graines. Ces co\u00fbts peuvent fluctuer selon la r\u00e9gion et la saison.<\/p>\n<table class=\"kwdbank-table\">\n<thead>\n<tr>\n<th>Type d\u2019achat<\/th>\n<th>Prix moyen (euros)<\/th>\n<\/tr>\n<\/thead>\n<tbody>\n<tr>\n<td>Pot de plant<\/td>\n<td>3 &#8211; 5<\/td>\n<\/tr>\n<tr>\n<td>Sachet de graines<\/td>\n<td>2 &#8211; 4<\/td>\n<\/tr>\n<\/tbody>\n<\/table>\n<h2>Propri\u00e9t\u00e9s m\u00e9dicinales<\/h2>\n<h3>Bienfaits sur la sant\u00e9<\/h3>\n<p>La marjolaine poss\u00e8de plusieurs propri\u00e9t\u00e9s b\u00e9n\u00e9fiques :<\/p>\n<ul>\n<li><strong>Antioxydante<\/strong> : riche en flavono\u00efdes, elle aide \u00e0 lutter contre le stress oxydatif.<\/li>\n<li><strong>Antimicrobienne<\/strong> : efficace contre certaines bact\u00e9ries et champignons.<\/li>\n<li><strong>Digestive<\/strong> : utilis\u00e9e pour soulager les maux d\u2019estomac et favoriser la digestion.<\/li>\n<\/ul>\n<h3>Pr\u00e9cautions d\u2019utilisation<\/h3>\n<p>Bien que g\u00e9n\u00e9ralement sans danger, il est conseill\u00e9 d\u2019\u00e9viter une consommation excessive d\u2019huile essentielle de marjolaine, qui peut provoquer des irritations cutan\u00e9es ou des troubles digestifs chez certaines personnes.<\/p>\n<h2>Utilisations culinaires<\/h2>\n<p>La marjolaine est souvent utilis\u00e9e pour aromatiser des plats comme les viandes grill\u00e9es, les sauces tomate ou encore les soupes. Son go\u00fbt doux se marie \u00e9galement tr\u00e8s bien avec les l\u00e9gumes r\u00f4tis.<\/p>\n<h2>Pi\u00e8ges \u00e0 \u00e9viter lors de la culture<\/h2>\n<p>Un pi\u00e8ge courant lors de la culture de la marjolaine est l\u2019exc\u00e8s d\u2019eau. Cette plante n\u2019appr\u00e9cie pas un sol d\u00e9tremp\u00e9 ; un arrosage mod\u00e9r\u00e9 est essentiel. Il est pr\u00e9f\u00e9rable d\u2019arroser en profondeur mais moins fr\u00e9quemment.<\/p>\n<h2>FAQ sur la marjolaine<\/h2>\n<h3>Quelles sont les diff\u00e9rences entre marjolaine et origan ?<\/h3>\n<p>Bien que souvent confondues, ces deux plantes appartiennent \u00e0 la m\u00eame famille mais ont des saveurs distinctes : l\u2019origan a un go\u00fbt plus fort tandis que la marjolaine est plus douce.<\/p>\n<h3>Comment r\u00e9colter la marjolaine ?<\/h3>\n<p>R\u00e9coltez les feuilles juste avant la floraison pour b\u00e9n\u00e9ficier du meilleur ar\u00f4me. Coupez les tiges au-dessus d\u2019un n\u0153ud afin qu\u2019elles puissent repousser.<\/p>\n<h3>Peut-on cultiver la marjolaine en int\u00e9rieur ?<\/h3>\n<p>Oui, il est tout \u00e0 fait possible de cultiver la marjolaine dans un pot \u00e0 l\u2019int\u00e9rieur. Assurez-vous qu\u2019elle re\u00e7oit suffisamment de lumi\u00e8re naturelle ou utilisez une lampe de croissance.<\/p>\n<h3>Quelle est la meilleure p\u00e9riode pour semer des graines de marjolaine ?<\/h3>\n<p>Le printemps est le meilleur moment pour semer des graines, lorsque le sol commence \u00e0 se r\u00e9chauffer apr\u00e8s l\u2019hiver.<\/p>\n<h3>La marjolaine a-t-elle des contre-indications ?<\/h3>\n<p>Les femmes enceintes ou allaitantes doivent consulter un professionnel avant d\u2019utiliser des extraits concentr\u00e9s ou huiles essentielles de marjolaine.<\/p>\n<p>Cultiver votre propre marjolaine peut \u00eatre enrichissant tant sur le plan culinaire que m\u00e9dicinal. N\u2019h\u00e9sitez pas \u00e0 vous lancer dans cette aventure verte d\u00e8s aujourd\u2019hui !<\/p>\n<hr>\n<div class=\"articles-lies\">\n<h3>\u00c0 lire aussi<\/h3>\n<ul>\n<li><a href=\"https:\/\/herberiedelatille.fr\/blog\/articles\/fleur-de-lotus\/\">Fleur de lotus : Guide culture compl\u00e8te<\/a><\/li>\n<li><a href=\"https:\/\/herberiedelatille.fr\/blog\/articles\/rose-de-noel\/\">Rose de No\u00ebl : Guide Plantation &amp; Entretien 2026<\/a><\/li>\n<li><a href=\"https:\/\/herberiedelatille.fr\/blog\/articles\/avocatier\/\">Avocatier : Guide Complet Plantation &amp; Entretien 2026<\/a><\/li>\n<li><a href=\"https:\/\/herberiedelatille.fr\/blog\/conservation-et-biodiversite\/les-plantes-medicinales-definition-vertus-et-conseils-de-culture\/\">Les plantes m\u00e9dicinales : d\u00e9finition, vertus et conseils de culture<\/a><\/li>\n<\/ul>\n<\/div>\n","protected":false},"excerpt":{"rendered":"","protected":false},"author":34,"featured_media":7838,"comment_status":"open","ping_status":"open","sticky":false,"template":"","format":"standard","meta":{"_acf_changed":false,"manual_indexmenow":false,"indexmenow_id_project":0,"footnotes":""},"categories":[4609],"tags":[],"class_list":["post-7632","post","type-post","status-publish","format-standard","has-post-thumbnail","hentry","category-articles","generate-columns","tablet-grid-50","mobile-grid-100","grid-parent","grid-25"],"acf":[],"yoast_head":"<!-- This site is optimized with the Yoast SEO Premium plugin v21.3 (Yoast SEO v25.6) - https:\/\/yoast.com\/wordpress\/plugins\/seo\/ -->\n<title>Marjolaine : culture, propri\u00e9t\u00e9s et phytoth\u00e9rapie<\/title>\n<meta name=\"description\" content=\"La marjolaine (Origanum majorana) est une plante aromatique pris\u00e9e pour ses multiples propri\u00e9t\u00e9s en cuisine et en phytoth\u00e9rapie.\" \/>\n<meta name=\"robots\" content=\"index, follow, max-snippet:-1, max-image-preview:large, max-video-preview:-1\" \/>\n<link rel=\"canonical\" href=\"https:\/\/herberiedelatille.fr\/blog\/articles\/marjolaine\/\" \/>\n<meta property=\"og:locale\" content=\"fr_FR\" \/>\n<meta property=\"og:type\" content=\"article\" \/>\n<meta property=\"og:title\" content=\"Marjolaine : culture, propri\u00e9t\u00e9s et phytoth\u00e9rapie\" \/>\n<meta property=\"og:description\" content=\"La marjolaine (Origanum majorana) est une plante aromatique pris\u00e9e pour ses multiples propri\u00e9t\u00e9s en cuisine et en phytoth\u00e9rapie.\" \/>\n<meta property=\"og:url\" content=\"https:\/\/herberiedelatille.fr\/blog\/articles\/marjolaine\/\" \/>\n<meta property=\"og:site_name\" content=\"Herberie de la Tille\" \/>\n<meta name=\"author\" content=\"Julien Prigent\" \/>\n<meta name=\"twitter:card\" content=\"summary_large_image\" \/>\n<script type=\"application\/ld+json\" class=\"yoast-schema-graph\">{\"@context\":\"https:\/\/schema.org\",\"@graph\":[{\"@type\":\"NewsArticle\",\"@id\":\"https:\/\/herberiedelatille.fr\/blog\/articles\/marjolaine\/#article\",\"isPartOf\":{\"@id\":\"https:\/\/herberiedelatille.fr\/blog\/articles\/marjolaine\/\"},\"author\":{\"name\":\"Julien Prigent\",\"@id\":\"https:\/\/herberiedelatille.fr\/blog\/#\/schema\/person\/3c864cdc320801e3db34b663e7e3f816\"},\"headline\":\"Marjolaine : Culture et propri\u00e9t\u00e9s\",\"datePublished\":\"2026-06-14T09:00:00+00:00\",\"mainEntityOfPage\":{\"@id\":\"https:\/\/herberiedelatille.fr\/blog\/articles\/marjolaine\/\"},\"wordCount\":763,\"commentCount\":0,\"publisher\":{\"@id\":\"https:\/\/herberiedelatille.fr\/blog\/#organization\"},\"image\":{\"@id\":\"https:\/\/herberiedelatille.fr\/blog\/articles\/marjolaine\/#primaryimage\"},\"thumbnailUrl\":\"https:\/\/herberiedelatille.fr\/blog\/wp-content\/uploads\/2026\/06\/sdxl-1e617d54eee32ae1b465d0e8d5dfdecb-scaled.png\",\"articleSection\":[\"Articles\"],\"inLanguage\":\"fr-FR\",\"potentialAction\":[{\"@type\":\"CommentAction\",\"name\":\"Comment\",\"target\":[\"https:\/\/herberiedelatille.fr\/blog\/articles\/marjolaine\/#respond\"]}]},{\"@type\":\"WebPage\",\"@id\":\"https:\/\/herberiedelatille.fr\/blog\/articles\/marjolaine\/\",\"url\":\"https:\/\/herberiedelatille.fr\/blog\/articles\/marjolaine\/\",\"name\":\"Marjolaine : culture, propri\u00e9t\u00e9s et phytoth\u00e9rapie\",\"isPartOf\":{\"@id\":\"https:\/\/herberiedelatille.fr\/blog\/#website\"},\"primaryImageOfPage\":{\"@id\":\"https:\/\/herberiedelatille.fr\/blog\/articles\/marjolaine\/#primaryimage\"},\"image\":{\"@id\":\"https:\/\/herberiedelatille.fr\/blog\/articles\/marjolaine\/#primaryimage\"},\"thumbnailUrl\":\"https:\/\/herberiedelatille.fr\/blog\/wp-content\/uploads\/2026\/06\/sdxl-1e617d54eee32ae1b465d0e8d5dfdecb-scaled.png\",\"datePublished\":\"2026-06-14T09:00:00+00:00\",\"description\":\"La marjolaine (Origanum majorana) est une plante aromatique pris\u00e9e pour ses multiples propri\u00e9t\u00e9s en cuisine et en phytoth\u00e9rapie.\",\"inLanguage\":\"fr-FR\",\"potentialAction\":[{\"@type\":\"ReadAction\",\"target\":[\"https:\/\/herberiedelatille.fr\/blog\/articles\/marjolaine\/\"]}]},{\"@type\":\"ImageObject\",\"inLanguage\":\"fr-FR\",\"@id\":\"https:\/\/herberiedelatille.fr\/blog\/articles\/marjolaine\/#primaryimage\",\"url\":\"https:\/\/herberiedelatille.fr\/blog\/wp-content\/uploads\/2026\/06\/sdxl-1e617d54eee32ae1b465d0e8d5dfdecb-scaled.png\",\"contentUrl\":\"https:\/\/herberiedelatille.fr\/blog\/wp-content\/uploads\/2026\/06\/sdxl-1e617d54eee32ae1b465d0e8d5dfdecb-scaled.png\",\"width\":1200,\"height\":500},{\"@type\":\"WebSite\",\"@id\":\"https:\/\/herberiedelatille.fr\/blog\/#website\",\"url\":\"https:\/\/herberiedelatille.fr\/blog\/\",\"name\":\"Herberie de la Tille\",\"description\":\"Le m\u00e9dia de la botanique pratique \u2014 plantes, herboristerie, identification\",\"publisher\":{\"@id\":\"https:\/\/herberiedelatille.fr\/blog\/#organization\"},\"alternateName\":\"Herberie de la Tille\",\"potentialAction\":[{\"@type\":\"SearchAction\",\"target\":{\"@type\":\"EntryPoint\",\"urlTemplate\":\"https:\/\/herberiedelatille.fr\/blog\/?s={search_term_string}\"},\"query-input\":{\"@type\":\"PropertyValueSpecification\",\"valueRequired\":true,\"valueName\":\"search_term_string\"}}],\"inLanguage\":\"fr-FR\"},{\"@type\":\"Organization\",\"@id\":\"https:\/\/herberiedelatille.fr\/blog\/#organization\",\"name\":\"Herberie de la Tille\",\"url\":\"https:\/\/herberiedelatille.fr\/blog\/\",\"logo\":{\"@type\":\"ImageObject\",\"inLanguage\":\"fr-FR\",\"@id\":\"https:\/\/herberiedelatille.fr\/blog\/#\/schema\/logo\/image\/\",\"url\":\"https:\/\/herberiedelatille.fr\/blog\/wp-content\/uploads\/2024\/12\/herberiedelatille.png\",\"contentUrl\":\"https:\/\/herberiedelatille.fr\/blog\/wp-content\/uploads\/2024\/12\/herberiedelatille.png\",\"width\":500,\"height\":500,\"caption\":\"Herberie de la Tille\"},\"image\":{\"@id\":\"https:\/\/herberiedelatille.fr\/blog\/#\/schema\/logo\/image\/\"}},{\"@type\":\"Person\",\"@id\":\"https:\/\/herberiedelatille.fr\/blog\/#\/schema\/person\/3c864cdc320801e3db34b663e7e3f816\",\"name\":\"Julien Prigent\",\"image\":{\"@type\":\"ImageObject\",\"inLanguage\":\"fr-FR\",\"@id\":\"https:\/\/herberiedelatille.fr\/blog\/#\/schema\/person\/image\/\",\"url\":\"https:\/\/herberiedelatille.fr\/blog\/wp-content\/uploads\/2026\/06\/persona_julien-p-96x96.jpg\",\"contentUrl\":\"https:\/\/herberiedelatille.fr\/blog\/wp-content\/uploads\/2026\/06\/persona_julien-p-96x96.jpg\",\"caption\":\"Julien Prigent\"},\"description\":\"Bricoleur et jardinier dans l'\u00e2me, j'\u00e9cris sur la maison et ses ext\u00e9rieurs avec les mains dans le cambouis plus que dans les th\u00e9ories. Mon terrain couvre tout l'habitat : le potager et le jardin au fil des saisons, mais aussi les petits travaux, la r\u00e9novation, le bricolage et les m\u00e9tiers du b\u00e2timent \u2014 toiture, isolation, menuiserie, serrurerie, ma\u00e7onnerie. J'aime expliquer un geste technique simplement, donner des fourchettes de prix r\u00e9alistes et les bons crit\u00e8res pour choisir un mat\u00e9riau ou un artisan. Je teste ce que je peux sur mes propres chantiers et au jardin avant d'en parler, je distingue la tradition de ce que confirme l'observation, et je pr\u00e9cise toujours le contexte \u2014 climat, type de sol, configuration du logement \u2014 parce qu'un m\u00eame conseil ne vaut pas partout. Mon but : rendre l'entretien et l'am\u00e9lioration de la maison accessibles, durables et \u00e9conomes.\",\"sameAs\":[\"https:\/\/julienprigent.fr\/\"],\"url\":\"https:\/\/herberiedelatille.fr\/blog\/auteur\/julien-p\/\"}]}<\/script>\n<!-- \/ Yoast SEO Premium plugin. -->","yoast_head_json":{"title":"Marjolaine : culture, propri\u00e9t\u00e9s et phytoth\u00e9rapie","description":"La marjolaine (Origanum majorana) est une plante aromatique pris\u00e9e pour ses multiples propri\u00e9t\u00e9s en cuisine et en phytoth\u00e9rapie.","robots":{"index":"index","follow":"follow","max-snippet":"max-snippet:-1","max-image-preview":"max-image-preview:large","max-video-preview":"max-video-preview:-1"},"canonical":"https:\/\/herberiedelatille.fr\/blog\/articles\/marjolaine\/","og_locale":"fr_FR","og_type":"article","og_title":"Marjolaine : culture, propri\u00e9t\u00e9s et phytoth\u00e9rapie","og_description":"La marjolaine (Origanum majorana) est une plante aromatique pris\u00e9e pour ses multiples propri\u00e9t\u00e9s en cuisine et en phytoth\u00e9rapie.","og_url":"https:\/\/herberiedelatille.fr\/blog\/articles\/marjolaine\/","og_site_name":"Herberie de la Tille","author":"Julien Prigent","twitter_card":"summary_large_image","schema":{"@context":"https:\/\/schema.org","@graph":[{"@type":"NewsArticle","@id":"https:\/\/herberiedelatille.fr\/blog\/articles\/marjolaine\/#article","isPartOf":{"@id":"https:\/\/herberiedelatille.fr\/blog\/articles\/marjolaine\/"},"author":{"name":"Julien Prigent","@id":"https:\/\/herberiedelatille.fr\/blog\/#\/schema\/person\/3c864cdc320801e3db34b663e7e3f816"},"headline":"Marjolaine : Culture et propri\u00e9t\u00e9s","datePublished":"2026-06-14T09:00:00+00:00","mainEntityOfPage":{"@id":"https:\/\/herberiedelatille.fr\/blog\/articles\/marjolaine\/"},"wordCount":763,"commentCount":0,"publisher":{"@id":"https:\/\/herberiedelatille.fr\/blog\/#organization"},"image":{"@id":"https:\/\/herberiedelatille.fr\/blog\/articles\/marjolaine\/#primaryimage"},"thumbnailUrl":"https:\/\/herberiedelatille.fr\/blog\/wp-content\/uploads\/2026\/06\/sdxl-1e617d54eee32ae1b465d0e8d5dfdecb-scaled.png","articleSection":["Articles"],"inLanguage":"fr-FR","potentialAction":[{"@type":"CommentAction","name":"Comment","target":["https:\/\/herberiedelatille.fr\/blog\/articles\/marjolaine\/#respond"]}]},{"@type":"WebPage","@id":"https:\/\/herberiedelatille.fr\/blog\/articles\/marjolaine\/","url":"https:\/\/herberiedelatille.fr\/blog\/articles\/marjolaine\/","name":"Marjolaine : culture, propri\u00e9t\u00e9s et phytoth\u00e9rapie","isPartOf":{"@id":"https:\/\/herberiedelatille.fr\/blog\/#website"},"primaryImageOfPage":{"@id":"https:\/\/herberiedelatille.fr\/blog\/articles\/marjolaine\/#primaryimage"},"image":{"@id":"https:\/\/herberiedelatille.fr\/blog\/articles\/marjolaine\/#primaryimage"},"thumbnailUrl":"https:\/\/herberiedelatille.fr\/blog\/wp-content\/uploads\/2026\/06\/sdxl-1e617d54eee32ae1b465d0e8d5dfdecb-scaled.png","datePublished":"2026-06-14T09:00:00+00:00","description":"La marjolaine (Origanum majorana) est une plante aromatique pris\u00e9e pour ses multiples propri\u00e9t\u00e9s en cuisine et en phytoth\u00e9rapie.","inLanguage":"fr-FR","potentialAction":[{"@type":"ReadAction","target":["https:\/\/herberiedelatille.fr\/blog\/articles\/marjolaine\/"]}]},{"@type":"ImageObject","inLanguage":"fr-FR","@id":"https:\/\/herberiedelatille.fr\/blog\/articles\/marjolaine\/#primaryimage","url":"https:\/\/herberiedelatille.fr\/blog\/wp-content\/uploads\/2026\/06\/sdxl-1e617d54eee32ae1b465d0e8d5dfdecb-scaled.png","contentUrl":"https:\/\/herberiedelatille.fr\/blog\/wp-content\/uploads\/2026\/06\/sdxl-1e617d54eee32ae1b465d0e8d5dfdecb-scaled.png","width":1200,"height":500},{"@type":"WebSite","@id":"https:\/\/herberiedelatille.fr\/blog\/#website","url":"https:\/\/herberiedelatille.fr\/blog\/","name":"Herberie de la Tille","description":"Le m\u00e9dia de la botanique pratique \u2014 plantes, herboristerie, identification","publisher":{"@id":"https:\/\/herberiedelatille.fr\/blog\/#organization"},"alternateName":"Herberie de la Tille","potentialAction":[{"@type":"SearchAction","target":{"@type":"EntryPoint","urlTemplate":"https:\/\/herberiedelatille.fr\/blog\/?s={search_term_string}"},"query-input":{"@type":"PropertyValueSpecification","valueRequired":true,"valueName":"search_term_string"}}],"inLanguage":"fr-FR"},{"@type":"Organization","@id":"https:\/\/herberiedelatille.fr\/blog\/#organization","name":"Herberie de la Tille","url":"https:\/\/herberiedelatille.fr\/blog\/","logo":{"@type":"ImageObject","inLanguage":"fr-FR","@id":"https:\/\/herberiedelatille.fr\/blog\/#\/schema\/logo\/image\/","url":"https:\/\/herberiedelatille.fr\/blog\/wp-content\/uploads\/2024\/12\/herberiedelatille.png","contentUrl":"https:\/\/herberiedelatille.fr\/blog\/wp-content\/uploads\/2024\/12\/herberiedelatille.png","width":500,"height":500,"caption":"Herberie de la Tille"},"image":{"@id":"https:\/\/herberiedelatille.fr\/blog\/#\/schema\/logo\/image\/"}},{"@type":"Person","@id":"https:\/\/herberiedelatille.fr\/blog\/#\/schema\/person\/3c864cdc320801e3db34b663e7e3f816","name":"Julien Prigent","image":{"@type":"ImageObject","inLanguage":"fr-FR","@id":"https:\/\/herberiedelatille.fr\/blog\/#\/schema\/person\/image\/","url":"https:\/\/herberiedelatille.fr\/blog\/wp-content\/uploads\/2026\/06\/persona_julien-p-96x96.jpg","contentUrl":"https:\/\/herberiedelatille.fr\/blog\/wp-content\/uploads\/2026\/06\/persona_julien-p-96x96.jpg","caption":"Julien Prigent"},"description":"Bricoleur et jardinier dans l'\u00e2me, j'\u00e9cris sur la maison et ses ext\u00e9rieurs avec les mains dans le cambouis plus que dans les th\u00e9ories. Mon terrain couvre tout l'habitat : le potager et le jardin au fil des saisons, mais aussi les petits travaux, la r\u00e9novation, le bricolage et les m\u00e9tiers du b\u00e2timent \u2014 toiture, isolation, menuiserie, serrurerie, ma\u00e7onnerie. J'aime expliquer un geste technique simplement, donner des fourchettes de prix r\u00e9alistes et les bons crit\u00e8res pour choisir un mat\u00e9riau ou un artisan. Je teste ce que je peux sur mes propres chantiers et au jardin avant d'en parler, je distingue la tradition de ce que confirme l'observation, et je pr\u00e9cise toujours le contexte \u2014 climat, type de sol, configuration du logement \u2014 parce qu'un m\u00eame conseil ne vaut pas partout. Mon but : rendre l'entretien et l'am\u00e9lioration de la maison accessibles, durables et \u00e9conomes.","sameAs":["https:\/\/julienprigent.fr\/"],"url":"https:\/\/herberiedelatille.fr\/blog\/auteur\/julien-p\/"}]}},"_links":{"self":[{"href":"https:\/\/herberiedelatille.fr\/blog\/wp-json\/wp\/v2\/posts\/7632","targetHints":{"allow":["GET"]}}],"collection":[{"href":"https:\/\/herberiedelatille.fr\/blog\/wp-json\/wp\/v2\/posts"}],"about":[{"href":"https:\/\/herberiedelatille.fr\/blog\/wp-json\/wp\/v2\/types\/post"}],"author":[{"embeddable":true,"href":"https:\/\/herberiedelatille.fr\/blog\/wp-json\/wp\/v2\/users\/34"}],"replies":[{"embeddable":true,"href":"https:\/\/herberiedelatille.fr\/blog\/wp-json\/wp\/v2\/comments?post=7632"}],"version-history":[{"count":1,"href":"https:\/\/herberiedelatille.fr\/blog\/wp-json\/wp\/v2\/posts\/7632\/revisions"}],"predecessor-version":[{"id":7837,"href":"https:\/\/herberiedelatille.fr\/blog\/wp-json\/wp\/v2\/posts\/7632\/revisions\/7837"}],"wp:featuredmedia":[{"embeddable":true,"href":"https:\/\/herberiedelatille.fr\/blog\/wp-json\/wp\/v2\/media\/7838"}],"wp:attachment":[{"href":"https:\/\/herberiedelatille.fr\/blog\/wp-json\/wp\/v2\/media?parent=7632"}],"wp:term":[{"taxonomy":"category","embeddable":true,"href":"https:\/\/herberiedelatille.fr\/blog\/wp-json\/wp\/v2\/categories?post=7632"},{"taxonomy":"post_tag","embeddable":true,"href":"https:\/\/herberiedelatille.fr\/blog\/wp-json\/wp\/v2\/tags?post=7632"}],"curies":[{"name":"wp","href":"https:\/\/api.w.org\/{rel}","templated":true}]}}