{"id":7635,"date":"2026-06-18T09:00:00","date_gmt":"2026-06-18T09:00:00","guid":{"rendered":"https:\/\/herberiedelatille.fr\/blog\/?p=7635"},"modified":"2026-06-18T09:00:00","modified_gmt":"2026-06-18T09:00:00","slug":"avocatier","status":"publish","type":"post","link":"https:\/\/herberiedelatille.fr\/blog\/articles\/avocatier\/","title":{"rendered":"Avocatier : Guide Complet Plantation &#038; Entretien 2026"},"content":{"rendered":"<p>L\u2019avocatier (Persea americana) est un arbre fruitier pris\u00e9 pour ses avocats riches en nutriments. En 2026, de nombreux internautes cherchent \u00e0 comprendre comment planter et entretenir cet arbre afin de b\u00e9n\u00e9ficier de sa production. Que vous soyez un jardinier d\u00e9butant ou exp\u00e9riment\u00e9, ce guide pratique vous fournira toutes les \u00e9tapes n\u00e9cessaires pour r\u00e9ussir la culture de l\u2019avocatier, ainsi que des conseils d\u2019entretien adapt\u00e9s \u00e0 votre r\u00e9gion.<\/p>\n<h2>Choisir le bon emplacement<\/h2>\n<h3>Exposition au soleil<\/h3>\n<p>L\u2019avocatier n\u00e9cessite une exposition au soleil d\u2019au moins <strong>6 heures par jour<\/strong>. Un emplacement en plein soleil favorise la photosynth\u00e8se et la croissance des fruits.<\/p>\n<h3>Type de sol<\/h3>\n<p>Le sol id\u00e9al pour l\u2019avocatier est bien drain\u00e9, l\u00e9g\u00e8rement acide \u00e0 neutre (pH 6-7). \u00c9vitez les sols lourds et argileux qui retiennent l\u2019eau, car cela peut provoquer la pourriture des racines.<\/p>\n<h2>Plantation de l\u2019avocatier<\/h2>\n<h3>\u00c9tapes de plantation<\/h3>\n<ol>\n<li>\n<strong>Pr\u00e9paration du sol<\/strong> : Ameublissez le sol sur une zone de <strong>60 cm<\/strong> de large et <strong>60 cm<\/strong> de profondeur. Ajoutez du compost pour enrichir le terrain.\n<\/li>\n<li>\n<strong>Creuser le trou<\/strong> : Creusez un trou d\u2019environ <strong>1 m\u00e8tre<\/strong> de profondeur. Cela permettra aux racines de se d\u00e9velopper facilement.\n<\/li>\n<li>\n<strong>Placer l\u2019arbre<\/strong> : Positionnez votre avocatier dans le trou, en veillant \u00e0 ce que le collet (zone o\u00f9 la tige rencontre les racines) soit au niveau du sol.\n<\/li>\n<li>\n<strong>Remplir et arroser<\/strong> : Remplissez le trou avec du terreau et arrosez g\u00e9n\u00e9reusement pour \u00e9liminer les poches d\u2019air.\n<\/li>\n<\/ol>\n<h3>Quand planter ?<\/h3>\n<p>La meilleure p\u00e9riode pour planter un avocatier est au printemps, apr\u00e8s les derni\u00e8res gel\u00e9es. Cela permet \u00e0 l\u2019arbre d\u2019\u00e9tablir ses racines avant l\u2019\u00e9t\u00e9.<\/p>\n<h2>Entretien r\u00e9gulier<\/h2>\n<h3>Arrosage<\/h3>\n<p>L\u2019avocatier n\u00e9cessite un arrosage r\u00e9gulier, surtout pendant les p\u00e9riodes s\u00e8ches. Arrosez une fois par semaine en \u00e9t\u00e9, en ajustant selon les conditions climatiques.<\/p>\n<h3>Fertilisation<\/h3>\n<p>Utilisez un engrais riche en azote tous les deux mois pendant la saison de croissance. En g\u00e9n\u00e9ral, un apport d\u2019environ <strong>200 grammes<\/strong> d\u2019engrais par arbre est recommand\u00e9.<\/p>\n<h3>Taille<\/h3>\n<p>La taille est essentielle pour encourager une bonne forme et une production optimale. Taillez l\u00e9g\u00e8rement chaque ann\u00e9e apr\u00e8s la r\u00e9colte pour enlever les branches mortes ou malades.<\/p>\n<h2>Pi\u00e8ges \u00e0 \u00e9viter<\/h2>\n<p>\u00c9vitez de trop arroser votre avocatier. L\u2019exc\u00e8s d\u2019humidit\u00e9 peut entra\u00eener des maladies fongiques telles que la pourriture des racines. Assurez-vous que le sol est sec au toucher avant d\u2019arroser \u00e0 nouveau.<\/p>\n<h2>R\u00e9colte des avocats<\/h2>\n<p>Les avocats sont g\u00e9n\u00e9ralement pr\u00eats \u00e0 \u00eatre r\u00e9colt\u00e9s entre <strong>6 et 18 mois<\/strong> apr\u00e8s la floraison, selon la vari\u00e9t\u00e9. Ils ne m\u00fbrissent pas sur l\u2019arbre; il est donc pr\u00e9f\u00e9rable de les cueillir lorsqu\u2019ils sont l\u00e9g\u00e8rement fermes et de les laisser m\u00fbrir \u00e0 temp\u00e9rature ambiante.<\/p>\n<h2>Tableau r\u00e9capitulatif des besoins<\/h2>\n<table class=\"kwdbank-table\">\n<thead>\n<tr>\n<th>Besoin<\/th>\n<th>D\u00e9tails<\/th>\n<\/tr>\n<\/thead>\n<tbody>\n<tr>\n<td>Exposition<\/td>\n<td>Plein soleil (6 heures\/jour minimum)<\/td>\n<\/tr>\n<tr>\n<td>Type de sol<\/td>\n<td>Bien drain\u00e9, pH 6-7<\/td>\n<\/tr>\n<tr>\n<td>Arrosage<\/td>\n<td>Hebdomadaire en \u00e9t\u00e9<\/td>\n<\/tr>\n<tr>\n<td>Fertilisation<\/td>\n<td>Tous les deux mois (200 g d\u2019engrais)<\/td>\n<\/tr>\n<tr>\n<td>Taille<\/td>\n<td>Annuellement apr\u00e8s r\u00e9colte<\/td>\n<\/tr>\n<\/tbody>\n<\/table>\n<h2>FAQ<\/h2>\n<h3>Quel type d\u2019engrais utiliser pour un avocatier ?<\/h3>\n<p>Utilisez un engrais riche en azote sp\u00e9cialement formul\u00e9 pour les arbres fruitiers.<\/p>\n<h3>Quand dois-je tailler mon avocatier ?<\/h3>\n<p>La taille doit \u00eatre effectu\u00e9e apr\u00e8s la r\u00e9colte, g\u00e9n\u00e9ralement en automne ou au d\u00e9but du printemps.<\/p>\n<h3>L\u2019avocatier peut-il \u00eatre cultiv\u00e9 en pot ?<\/h3>\n<p>Oui, il est possible de cultiver un avocatier en pot si celui-ci fait au moins <strong>50 cm<\/strong> de profondeur avec un bon drainage.<\/p>\n<h3>Quels sont les principaux ennemis de l\u2019avocatier ?<\/h3>\n<p>Les principales menaces incluent les pucerons, les cochenilles et certaines maladies fongiques comme le mildiou.<\/p>\n<h3>Combien de temps met un avocatier \u00e0 produire des fruits ?<\/h3>\n<p>Un avocatier commence g\u00e9n\u00e9ralement \u00e0 produire des fruits entre <strong>3 et 5 ans<\/strong> apr\u00e8s sa plantation, selon sa vari\u00e9t\u00e9 et ses conditions culturales.<\/p>\n<p>Commencez d\u00e8s aujourd\u2019hui votre projet avec un avocatier ! Choisissez le bon emplacement dans votre jardin ou sur votre balcon et pr\u00e9parez-vous \u00e0 savourer vos propres avocats dans quelques ann\u00e9es.<\/p>\n<hr>\n<div class=\"articles-lies\">\n<h3>\u00c0 lire aussi<\/h3>\n<ul>\n<li><a href=\"https:\/\/herberiedelatille.fr\/blog\/articles\/chardon\/\">Chardon : \u00c9limination &amp; Traitement Naturel 2026<\/a><\/li>\n<li><a href=\"https:\/\/herberiedelatille.fr\/blog\/articles\/pot\/\">Pot jardin : Guide choix et prix 2026<\/a><\/li>\n<li><a href=\"https:\/\/herberiedelatille.fr\/blog\/articles\/frangipanier\/\">Frangipanier : Culture et entretien guide<\/a><\/li>\n<li><a href=\"https:\/\/herberiedelatille.fr\/blog\/conservation-et-biodiversite\/les-plantes-medicinales-definition-vertus-et-conseils-de-culture\/\">Les plantes m\u00e9dicinales : d\u00e9finition, vertus et conseils de culture<\/a><\/li>\n<\/ul>\n<\/div>\n","protected":false},"excerpt":{"rendered":"","protected":false},"author":34,"featured_media":999999999,"comment_status":"open","ping_status":"open","sticky":false,"template":"","format":"standard","meta":{"_acf_changed":false,"manual_indexmenow":false,"indexmenow_id_project":0,"footnotes":""},"categories":[4609],"tags":[],"class_list":["post-7635","post","type-post","status-publish","format-standard","has-post-thumbnail","hentry","category-articles","generate-columns","tablet-grid-50","mobile-grid-100","grid-parent","grid-25"],"acf":[],"yoast_head":"<!-- This site is optimized with the Yoast SEO Premium plugin v21.3 (Yoast SEO v25.6) - https:\/\/yoast.com\/wordpress\/plugins\/seo\/ -->\n<title>Avocatier : Guide Complet Plantation &amp; Entretien 2026<\/title>\n<meta name=\"description\" content=\"L&#039;avocatier (Persea americana) est un arbre fruitier pris\u00e9 pour ses avocats riches en nutriments.\" \/>\n<meta name=\"robots\" content=\"index, follow, max-snippet:-1, max-image-preview:large, max-video-preview:-1\" \/>\n<link rel=\"canonical\" href=\"https:\/\/herberiedelatille.fr\/blog\/articles\/avocatier\/\" \/>\n<meta property=\"og:locale\" content=\"fr_FR\" \/>\n<meta property=\"og:type\" content=\"article\" \/>\n<meta property=\"og:title\" content=\"Avocatier : Guide Complet Plantation &amp; Entretien 2026\" \/>\n<meta property=\"og:description\" content=\"L&#039;avocatier (Persea americana) est un arbre fruitier pris\u00e9 pour ses avocats riches en nutriments.\" \/>\n<meta property=\"og:url\" content=\"https:\/\/herberiedelatille.fr\/blog\/articles\/avocatier\/\" \/>\n<meta property=\"og:site_name\" content=\"Herberie de la Tille\" \/>\n<meta name=\"author\" content=\"Julien Prigent\" \/>\n<meta name=\"twitter:card\" content=\"summary_large_image\" \/>\n<script type=\"application\/ld+json\" class=\"yoast-schema-graph\">{\"@context\":\"https:\/\/schema.org\",\"@graph\":[{\"@type\":\"NewsArticle\",\"@id\":\"https:\/\/herberiedelatille.fr\/blog\/articles\/avocatier\/#article\",\"isPartOf\":{\"@id\":\"https:\/\/herberiedelatille.fr\/blog\/articles\/avocatier\/\"},\"author\":{\"name\":\"Julien Prigent\",\"@id\":\"https:\/\/herberiedelatille.fr\/blog\/#\/schema\/person\/3c864cdc320801e3db34b663e7e3f816\"},\"headline\":\"Avocatier : Guide Complet Plantation &#038; Entretien 2026\",\"datePublished\":\"2026-06-18T09:00:00+00:00\",\"mainEntityOfPage\":{\"@id\":\"https:\/\/herberiedelatille.fr\/blog\/articles\/avocatier\/\"},\"wordCount\":711,\"commentCount\":0,\"publisher\":{\"@id\":\"https:\/\/herberiedelatille.fr\/blog\/#organization\"},\"image\":{\"@id\":\"https:\/\/herberiedelatille.fr\/blog\/articles\/avocatier\/#primaryimage\"},\"thumbnailUrl\":\"https:\/\/images.pexels.com\/photos\/27462724\/pexels-photo-27462724.jpeg?auto=compress&cs=tinysrgb&fit=crop&h=627&w=1200\",\"articleSection\":[\"Articles\"],\"inLanguage\":\"fr-FR\",\"potentialAction\":[{\"@type\":\"CommentAction\",\"name\":\"Comment\",\"target\":[\"https:\/\/herberiedelatille.fr\/blog\/articles\/avocatier\/#respond\"]}]},{\"@type\":\"WebPage\",\"@id\":\"https:\/\/herberiedelatille.fr\/blog\/articles\/avocatier\/\",\"url\":\"https:\/\/herberiedelatille.fr\/blog\/articles\/avocatier\/\",\"name\":\"Avocatier : Guide Complet Plantation & Entretien 2026\",\"isPartOf\":{\"@id\":\"https:\/\/herberiedelatille.fr\/blog\/#website\"},\"primaryImageOfPage\":{\"@id\":\"https:\/\/herberiedelatille.fr\/blog\/articles\/avocatier\/#primaryimage\"},\"image\":{\"@id\":\"https:\/\/herberiedelatille.fr\/blog\/articles\/avocatier\/#primaryimage\"},\"thumbnailUrl\":\"https:\/\/images.pexels.com\/photos\/27462724\/pexels-photo-27462724.jpeg?auto=compress&cs=tinysrgb&fit=crop&h=627&w=1200\",\"datePublished\":\"2026-06-18T09:00:00+00:00\",\"description\":\"L'avocatier (Persea americana) est un arbre fruitier pris\u00e9 pour ses avocats riches en nutriments.\",\"inLanguage\":\"fr-FR\",\"potentialAction\":[{\"@type\":\"ReadAction\",\"target\":[\"https:\/\/herberiedelatille.fr\/blog\/articles\/avocatier\/\"]}]},{\"@type\":\"ImageObject\",\"inLanguage\":\"fr-FR\",\"@id\":\"https:\/\/herberiedelatille.fr\/blog\/articles\/avocatier\/#primaryimage\",\"url\":\"https:\/\/images.pexels.com\/photos\/27462724\/pexels-photo-27462724.jpeg?auto=compress&cs=tinysrgb&fit=crop&h=627&w=1200\",\"contentUrl\":\"https:\/\/images.pexels.com\/photos\/27462724\/pexels-photo-27462724.jpeg?auto=compress&cs=tinysrgb&fit=crop&h=627&w=1200\"},{\"@type\":\"WebSite\",\"@id\":\"https:\/\/herberiedelatille.fr\/blog\/#website\",\"url\":\"https:\/\/herberiedelatille.fr\/blog\/\",\"name\":\"Herberie de la Tille\",\"description\":\"Le m\u00e9dia de la botanique pratique \u2014 plantes, herboristerie, identification\",\"publisher\":{\"@id\":\"https:\/\/herberiedelatille.fr\/blog\/#organization\"},\"alternateName\":\"Herberie de la Tille\",\"potentialAction\":[{\"@type\":\"SearchAction\",\"target\":{\"@type\":\"EntryPoint\",\"urlTemplate\":\"https:\/\/herberiedelatille.fr\/blog\/?s={search_term_string}\"},\"query-input\":{\"@type\":\"PropertyValueSpecification\",\"valueRequired\":true,\"valueName\":\"search_term_string\"}}],\"inLanguage\":\"fr-FR\"},{\"@type\":\"Organization\",\"@id\":\"https:\/\/herberiedelatille.fr\/blog\/#organization\",\"name\":\"Herberie de la Tille\",\"url\":\"https:\/\/herberiedelatille.fr\/blog\/\",\"logo\":{\"@type\":\"ImageObject\",\"inLanguage\":\"fr-FR\",\"@id\":\"https:\/\/herberiedelatille.fr\/blog\/#\/schema\/logo\/image\/\",\"url\":\"https:\/\/herberiedelatille.fr\/blog\/wp-content\/uploads\/2024\/12\/herberiedelatille.png\",\"contentUrl\":\"https:\/\/herberiedelatille.fr\/blog\/wp-content\/uploads\/2024\/12\/herberiedelatille.png\",\"width\":500,\"height\":500,\"caption\":\"Herberie de la Tille\"},\"image\":{\"@id\":\"https:\/\/herberiedelatille.fr\/blog\/#\/schema\/logo\/image\/\"}},{\"@type\":\"Person\",\"@id\":\"https:\/\/herberiedelatille.fr\/blog\/#\/schema\/person\/3c864cdc320801e3db34b663e7e3f816\",\"name\":\"Julien Prigent\",\"image\":{\"@type\":\"ImageObject\",\"inLanguage\":\"fr-FR\",\"@id\":\"https:\/\/herberiedelatille.fr\/blog\/#\/schema\/person\/image\/\",\"url\":\"https:\/\/herberiedelatille.fr\/blog\/wp-content\/uploads\/2026\/06\/persona_julien-p-96x96.jpg\",\"contentUrl\":\"https:\/\/herberiedelatille.fr\/blog\/wp-content\/uploads\/2026\/06\/persona_julien-p-96x96.jpg\",\"caption\":\"Julien Prigent\"},\"description\":\"Bricoleur et jardinier dans l'\u00e2me, j'\u00e9cris sur la maison et ses ext\u00e9rieurs avec les mains dans le cambouis plus que dans les th\u00e9ories. Mon terrain couvre tout l'habitat : le potager et le jardin au fil des saisons, mais aussi les petits travaux, la r\u00e9novation, le bricolage et les m\u00e9tiers du b\u00e2timent \u2014 toiture, isolation, menuiserie, serrurerie, ma\u00e7onnerie. J'aime expliquer un geste technique simplement, donner des fourchettes de prix r\u00e9alistes et les bons crit\u00e8res pour choisir un mat\u00e9riau ou un artisan. Je teste ce que je peux sur mes propres chantiers et au jardin avant d'en parler, je distingue la tradition de ce que confirme l'observation, et je pr\u00e9cise toujours le contexte \u2014 climat, type de sol, configuration du logement \u2014 parce qu'un m\u00eame conseil ne vaut pas partout. Mon but : rendre l'entretien et l'am\u00e9lioration de la maison accessibles, durables et \u00e9conomes.\",\"sameAs\":[\"https:\/\/julienprigent.fr\/\"],\"url\":\"https:\/\/herberiedelatille.fr\/blog\/auteur\/julien-p\/\"}]}<\/script>\n<!-- \/ Yoast SEO Premium plugin. -->","yoast_head_json":{"title":"Avocatier : Guide Complet Plantation & Entretien 2026","description":"L'avocatier (Persea americana) est un arbre fruitier pris\u00e9 pour ses avocats riches en nutriments.","robots":{"index":"index","follow":"follow","max-snippet":"max-snippet:-1","max-image-preview":"max-image-preview:large","max-video-preview":"max-video-preview:-1"},"canonical":"https:\/\/herberiedelatille.fr\/blog\/articles\/avocatier\/","og_locale":"fr_FR","og_type":"article","og_title":"Avocatier : Guide Complet Plantation & Entretien 2026","og_description":"L'avocatier (Persea americana) est un arbre fruitier pris\u00e9 pour ses avocats riches en nutriments.","og_url":"https:\/\/herberiedelatille.fr\/blog\/articles\/avocatier\/","og_site_name":"Herberie de la Tille","author":"Julien Prigent","twitter_card":"summary_large_image","schema":{"@context":"https:\/\/schema.org","@graph":[{"@type":"NewsArticle","@id":"https:\/\/herberiedelatille.fr\/blog\/articles\/avocatier\/#article","isPartOf":{"@id":"https:\/\/herberiedelatille.fr\/blog\/articles\/avocatier\/"},"author":{"name":"Julien Prigent","@id":"https:\/\/herberiedelatille.fr\/blog\/#\/schema\/person\/3c864cdc320801e3db34b663e7e3f816"},"headline":"Avocatier : Guide Complet Plantation &#038; Entretien 2026","datePublished":"2026-06-18T09:00:00+00:00","mainEntityOfPage":{"@id":"https:\/\/herberiedelatille.fr\/blog\/articles\/avocatier\/"},"wordCount":711,"commentCount":0,"publisher":{"@id":"https:\/\/herberiedelatille.fr\/blog\/#organization"},"image":{"@id":"https:\/\/herberiedelatille.fr\/blog\/articles\/avocatier\/#primaryimage"},"thumbnailUrl":"https:\/\/images.pexels.com\/photos\/27462724\/pexels-photo-27462724.jpeg?auto=compress&cs=tinysrgb&fit=crop&h=627&w=1200","articleSection":["Articles"],"inLanguage":"fr-FR","potentialAction":[{"@type":"CommentAction","name":"Comment","target":["https:\/\/herberiedelatille.fr\/blog\/articles\/avocatier\/#respond"]}]},{"@type":"WebPage","@id":"https:\/\/herberiedelatille.fr\/blog\/articles\/avocatier\/","url":"https:\/\/herberiedelatille.fr\/blog\/articles\/avocatier\/","name":"Avocatier : Guide Complet Plantation & Entretien 2026","isPartOf":{"@id":"https:\/\/herberiedelatille.fr\/blog\/#website"},"primaryImageOfPage":{"@id":"https:\/\/herberiedelatille.fr\/blog\/articles\/avocatier\/#primaryimage"},"image":{"@id":"https:\/\/herberiedelatille.fr\/blog\/articles\/avocatier\/#primaryimage"},"thumbnailUrl":"https:\/\/images.pexels.com\/photos\/27462724\/pexels-photo-27462724.jpeg?auto=compress&cs=tinysrgb&fit=crop&h=627&w=1200","datePublished":"2026-06-18T09:00:00+00:00","description":"L'avocatier (Persea americana) est un arbre fruitier pris\u00e9 pour ses avocats riches en nutriments.","inLanguage":"fr-FR","potentialAction":[{"@type":"ReadAction","target":["https:\/\/herberiedelatille.fr\/blog\/articles\/avocatier\/"]}]},{"@type":"ImageObject","inLanguage":"fr-FR","@id":"https:\/\/herberiedelatille.fr\/blog\/articles\/avocatier\/#primaryimage","url":"https:\/\/images.pexels.com\/photos\/27462724\/pexels-photo-27462724.jpeg?auto=compress&cs=tinysrgb&fit=crop&h=627&w=1200","contentUrl":"https:\/\/images.pexels.com\/photos\/27462724\/pexels-photo-27462724.jpeg?auto=compress&cs=tinysrgb&fit=crop&h=627&w=1200"},{"@type":"WebSite","@id":"https:\/\/herberiedelatille.fr\/blog\/#website","url":"https:\/\/herberiedelatille.fr\/blog\/","name":"Herberie de la Tille","description":"Le m\u00e9dia de la botanique pratique \u2014 plantes, herboristerie, identification","publisher":{"@id":"https:\/\/herberiedelatille.fr\/blog\/#organization"},"alternateName":"Herberie de la Tille","potentialAction":[{"@type":"SearchAction","target":{"@type":"EntryPoint","urlTemplate":"https:\/\/herberiedelatille.fr\/blog\/?s={search_term_string}"},"query-input":{"@type":"PropertyValueSpecification","valueRequired":true,"valueName":"search_term_string"}}],"inLanguage":"fr-FR"},{"@type":"Organization","@id":"https:\/\/herberiedelatille.fr\/blog\/#organization","name":"Herberie de la Tille","url":"https:\/\/herberiedelatille.fr\/blog\/","logo":{"@type":"ImageObject","inLanguage":"fr-FR","@id":"https:\/\/herberiedelatille.fr\/blog\/#\/schema\/logo\/image\/","url":"https:\/\/herberiedelatille.fr\/blog\/wp-content\/uploads\/2024\/12\/herberiedelatille.png","contentUrl":"https:\/\/herberiedelatille.fr\/blog\/wp-content\/uploads\/2024\/12\/herberiedelatille.png","width":500,"height":500,"caption":"Herberie de la Tille"},"image":{"@id":"https:\/\/herberiedelatille.fr\/blog\/#\/schema\/logo\/image\/"}},{"@type":"Person","@id":"https:\/\/herberiedelatille.fr\/blog\/#\/schema\/person\/3c864cdc320801e3db34b663e7e3f816","name":"Julien Prigent","image":{"@type":"ImageObject","inLanguage":"fr-FR","@id":"https:\/\/herberiedelatille.fr\/blog\/#\/schema\/person\/image\/","url":"https:\/\/herberiedelatille.fr\/blog\/wp-content\/uploads\/2026\/06\/persona_julien-p-96x96.jpg","contentUrl":"https:\/\/herberiedelatille.fr\/blog\/wp-content\/uploads\/2026\/06\/persona_julien-p-96x96.jpg","caption":"Julien Prigent"},"description":"Bricoleur et jardinier dans l'\u00e2me, j'\u00e9cris sur la maison et ses ext\u00e9rieurs avec les mains dans le cambouis plus que dans les th\u00e9ories. Mon terrain couvre tout l'habitat : le potager et le jardin au fil des saisons, mais aussi les petits travaux, la r\u00e9novation, le bricolage et les m\u00e9tiers du b\u00e2timent \u2014 toiture, isolation, menuiserie, serrurerie, ma\u00e7onnerie. J'aime expliquer un geste technique simplement, donner des fourchettes de prix r\u00e9alistes et les bons crit\u00e8res pour choisir un mat\u00e9riau ou un artisan. Je teste ce que je peux sur mes propres chantiers et au jardin avant d'en parler, je distingue la tradition de ce que confirme l'observation, et je pr\u00e9cise toujours le contexte \u2014 climat, type de sol, configuration du logement \u2014 parce qu'un m\u00eame conseil ne vaut pas partout. Mon but : rendre l'entretien et l'am\u00e9lioration de la maison accessibles, durables et \u00e9conomes.","sameAs":["https:\/\/julienprigent.fr\/"],"url":"https:\/\/herberiedelatille.fr\/blog\/auteur\/julien-p\/"}]}},"_links":{"self":[{"href":"https:\/\/herberiedelatille.fr\/blog\/wp-json\/wp\/v2\/posts\/7635","targetHints":{"allow":["GET"]}}],"collection":[{"href":"https:\/\/herberiedelatille.fr\/blog\/wp-json\/wp\/v2\/posts"}],"about":[{"href":"https:\/\/herberiedelatille.fr\/blog\/wp-json\/wp\/v2\/types\/post"}],"author":[{"embeddable":true,"href":"https:\/\/herberiedelatille.fr\/blog\/wp-json\/wp\/v2\/users\/34"}],"replies":[{"embeddable":true,"href":"https:\/\/herberiedelatille.fr\/blog\/wp-json\/wp\/v2\/comments?post=7635"}],"version-history":[{"count":1,"href":"https:\/\/herberiedelatille.fr\/blog\/wp-json\/wp\/v2\/posts\/7635\/revisions"}],"predecessor-version":[{"id":7852,"href":"https:\/\/herberiedelatille.fr\/blog\/wp-json\/wp\/v2\/posts\/7635\/revisions\/7852"}],"wp:attachment":[{"href":"https:\/\/herberiedelatille.fr\/blog\/wp-json\/wp\/v2\/media?parent=7635"}],"wp:term":[{"taxonomy":"category","embeddable":true,"href":"https:\/\/herberiedelatille.fr\/blog\/wp-json\/wp\/v2\/categories?post=7635"},{"taxonomy":"post_tag","embeddable":true,"href":"https:\/\/herberiedelatille.fr\/blog\/wp-json\/wp\/v2\/tags?post=7635"}],"curies":[{"name":"wp","href":"https:\/\/api.w.org\/{rel}","templated":true}]}}