{"id":7646,"date":"2026-06-29T09:00:00","date_gmt":"2026-06-29T09:00:00","guid":{"rendered":"https:\/\/herberiedelatille.fr\/blog\/?p=7646"},"modified":"2026-06-29T09:00:00","modified_gmt":"2026-06-29T09:00:00","slug":"patchouli","status":"publish","type":"post","link":"https:\/\/herberiedelatille.fr\/blog\/articles\/patchouli\/","title":{"rendered":"Patchouli : Culture &#038; Entretien 2026"},"content":{"rendered":"<p>Le patchouli, une plante aromatique pris\u00e9e pour ses feuilles au parfum distinctif, suscite un int\u00e9r\u00eat croissant en 2026 tant pour son utilisation en parfumerie que pour ses vertus en aromath\u00e9rapie. Cependant, de nombreux jardiniers et passionn\u00e9s font face \u00e0 des erreurs r\u00e9currentes lors de sa culture et de son entretien. Cet article vise \u00e0 identifier ces pi\u00e8ges courants et \u00e0 fournir des conseils pratiques pour r\u00e9ussir la culture du patchouli.<\/p>\n<h2>Qu\u2019est-ce que le patchouli ?<\/h2>\n<h3>Origine et caract\u00e9ristiques<\/h3>\n<p>Le patchouli (Pogostemon cablin) est une plante tropicale originaire d\u2019Asie du Sud-Est. Elle appartient \u00e0 la famille des Lamiac\u00e9es et peut atteindre jusqu\u2019\u00e0 un m\u00e8tre de hauteur. Ses feuilles, riches en huile essentielle, sont souvent utilis\u00e9es dans les compositions parfum\u00e9es. En 2026, le march\u00e9 du patchouli est estim\u00e9 \u00e0 environ 300 millions d\u2019euros, refl\u00e9tant sa popularit\u00e9 croissante dans l\u2019industrie des cosm\u00e9tiques.<\/p>\n<h3>Vari\u00e9t\u00e9s de patchouli<\/h3>\n<p>Il existe plusieurs vari\u00e9t\u00e9s de patchouli, dont les plus courantes sont :<\/p>\n<ul>\n<li><strong>Patchouli classique<\/strong> : Utilis\u00e9 principalement en parfumerie.<\/li>\n<li><strong>Patchouli blanc<\/strong> : Recherch\u00e9 pour ses notes plus l\u00e9g\u00e8res.<\/li>\n<li><strong>Patchouli \u00e0 feuilles larges<\/strong> : Plus r\u00e9sistant aux maladies.<\/li>\n<\/ul>\n<h2>Conditions de culture id\u00e9ales<\/h2>\n<h3>Exposition et sol<\/h3>\n<p>Pour cultiver le patchouli avec succ\u00e8s, il est crucial de respecter certaines conditions :<\/p>\n<ul>\n<li><strong>Lumi\u00e8re<\/strong> : Le patchouli pr\u00e9f\u00e8re une exposition semi-ombrag\u00e9e. Trop de soleil peut br\u00fbler les feuilles.<\/li>\n<li><strong>Sol<\/strong> : Un sol bien drain\u00e9, riche en mati\u00e8re organique est id\u00e9al. Un pH entre 5,5 et 6,5 favorise la croissance.<\/li>\n<\/ul>\n<h3>Arrosage<\/h3>\n<p>L\u2019arrosage doit \u00eatre r\u00e9gulier mais mod\u00e9r\u00e9. Un exc\u00e8s d\u2019eau peut provoquer le pourrissement des racines. En p\u00e9riode de croissance active (printemps et \u00e9t\u00e9), un arrosage hebdomadaire est recommand\u00e9.<\/p>\n<h2>Erreurs fr\u00e9quentes lors de la culture du patchouli<\/h2>\n<ol>\n<li>\n<strong>N\u00e9gliger l\u2019humidit\u00e9<\/strong> : Le patchouli n\u00e9cessite une humidit\u00e9 ambiante \u00e9lev\u00e9e (environ 60%). Un air trop sec peut entra\u00eener le fl\u00e9trissement des feuilles.\n<\/li>\n<li>\n<strong>Utiliser un terreau inadapt\u00e9<\/strong> : Un terreau trop compact emp\u00eache un bon drainage et favorise les maladies fongiques.\n<\/li>\n<li>\n<strong>Oublier la taille<\/strong> : Une taille r\u00e9guli\u00e8re favorise la ramification et am\u00e9liore la qualit\u00e9 des feuilles.\n<\/li>\n<li>\n<strong>Ne pas fertiliser correctement<\/strong> : Un apport en engrais \u00e9quilibr\u00e9 tous les deux mois pendant la saison de croissance stimule le d\u00e9veloppement.\n<\/li>\n<\/ol>\n<h2>Entretien saisonnier du patchouli<\/h2>\n<table class=\"kwdbank-table\">\n<thead>\n<tr>\n<th>Saison<\/th>\n<th>Actions recommand\u00e9es<\/th>\n<\/tr>\n<\/thead>\n<tbody>\n<tr>\n<td>Printemps<\/td>\n<td>Fertilisation avec un engrais riche en azote<\/td>\n<\/tr>\n<tr>\n<td>\u00c9t\u00e9<\/td>\n<td>Surveillance accrue contre les parasites<\/td>\n<\/tr>\n<tr>\n<td>Automne<\/td>\n<td>R\u00e9duction progressive d\u2019arrosage avant l\u2019hiver<\/td>\n<\/tr>\n<tr>\n<td>Hiver<\/td>\n<td>Protection contre le gel (en int\u00e9rieur ou sous abri)<\/td>\n<\/tr>\n<\/tbody>\n<\/table>\n<h2>Pi\u00e8ge \u00e0 \u00e9viter : La sur-exploitation des feuilles<\/h2>\n<p>Certaines personnes r\u00e9coltent trop fr\u00e9quemment les feuilles dans l\u2019espoir d\u2019obtenir plus d\u2019huile essentielle rapidement. Cela affaiblit la plante et peut r\u00e9duire sa capacit\u00e9 \u00e0 produire des feuilles saines sur le long terme. Il est conseill\u00e9 de ne pas r\u00e9colter plus de 30% de la plante \u00e0 la fois.<\/p>\n<h2>Action imm\u00e9diate pour r\u00e9ussir votre culture<\/h2>\n<p>Si vous d\u00e9butez dans la culture du patchouli, procurez-vous un plant sain chez un p\u00e9pini\u00e9riste r\u00e9put\u00e9. Assurez-vous qu\u2019il soit exempt de maladies visibles avant l\u2019achat et commencez par une petite quantit\u00e9 pour ma\u00eetriser votre technique avant d\u2019\u00e9tendre votre culture.<\/p>\n<h2>FAQ<\/h2>\n<h3>Quelle est la meilleure p\u00e9riode pour planter du patchouli ?<\/h3>\n<p>La meilleure p\u00e9riode pour planter du patchouli est au printemps, lorsque les temp\u00e9ratures commencent \u00e0 se r\u00e9chauffer.<\/p>\n<h3>Comment reconna\u00eetre si mon patchouli est malade ?<\/h3>\n<p>Des feuilles jaunies ou fl\u00e9tries peuvent indiquer une maladie ou un probl\u00e8me d\u2019arrosage. Inspectez \u00e9galement les racines pour d\u00e9tecter tout signe de pourriture.<\/p>\n<h3>Peut-on cultiver le patchouli en int\u00e9rieur ?<\/h3>\n<p>Oui, le patchouli peut \u00eatre cultiv\u00e9 en int\u00e9rieur tant qu\u2019il re\u00e7oit suffisamment de lumi\u00e8re indirecte et que l\u2019humidit\u00e9 ambiante est maintenue \u00e9lev\u00e9e.<\/p>\n<h3>Quel type d\u2019engrais utiliser pour le patchouli ?<\/h3>\n<p>Un engrais \u00e9quilibr\u00e9 avec un ratio NPK (azote-phosphore-potassium) tel que 10-10-10 convient bien au patchouli durant sa phase de croissance active.<\/p>\n<h3>Le patchouli n\u00e9cessite-t-il beaucoup d\u2019espace ?<\/h3>\n<p>Non, il peut \u00eatre cultiv\u00e9 dans des pots ou des petits jardins tant qu\u2019il a suffisamment d\u2019espace pour se d\u00e9velopper sans comp\u00e9tition avec d\u2019autres plantes.<\/p>\n<h3>Quelles sont les propri\u00e9t\u00e9s aromatiques du patchouli ?<\/h3>\n<p>Le patchouli a une odeur bois\u00e9e et musqu\u00e9e qui est souvent utilis\u00e9e dans les parfums orientaux et floraux, apportant profondeur et chaleur aux compositions olfactives.<\/p>\n<hr>\n<div class=\"articles-lies\">\n<h3>\u00c0 lire aussi<\/h3>\n<ul>\n<li><a href=\"https:\/\/herberiedelatille.fr\/blog\/articles\/pomme-cannelle\/\">Pomme cannelle : Culture et plantation<\/a><\/li>\n<li><a href=\"https:\/\/herberiedelatille.fr\/blog\/articles\/flan-de-courgette\/\">Flan de Courgette : Recette avec L\u00e9gumes Jardin<\/a><\/li>\n<li><a href=\"https:\/\/herberiedelatille.fr\/blog\/articles\/jacaranda\/\">Jacaranda : Guide Plantation &amp; Entretien 2026<\/a><\/li>\n<li><a href=\"https:\/\/herberiedelatille.fr\/blog\/conservation-et-biodiversite\/les-plantes-medicinales-definition-vertus-et-conseils-de-culture\/\">Les plantes m\u00e9dicinales : d\u00e9finition, vertus et conseils de culture<\/a><\/li>\n<\/ul>\n<\/div>\n","protected":false},"excerpt":{"rendered":"","protected":false},"author":34,"featured_media":999999999,"comment_status":"open","ping_status":"open","sticky":false,"template":"","format":"standard","meta":{"_acf_changed":false,"manual_indexmenow":false,"indexmenow_id_project":0,"footnotes":""},"categories":[4609],"tags":[],"class_list":["post-7646","post","type-post","status-publish","format-standard","has-post-thumbnail","hentry","category-articles","generate-columns","tablet-grid-50","mobile-grid-100","grid-parent","grid-25"],"acf":[],"yoast_head":"<!-- This site is optimized with the Yoast SEO Premium plugin v21.3 (Yoast SEO v25.6) - https:\/\/yoast.com\/wordpress\/plugins\/seo\/ -->\n<title>Patchouli : culture et entretien de la plante<\/title>\n<meta name=\"description\" content=\"Le patchouli, une plante aromatique pris\u00e9e pour ses feuilles au parfum distinctif, suscite un int\u00e9r\u00eat croissant en 2026 tant pour son utilisation en\u2026\" \/>\n<meta name=\"robots\" content=\"index, follow, max-snippet:-1, max-image-preview:large, max-video-preview:-1\" \/>\n<link rel=\"canonical\" href=\"https:\/\/herberiedelatille.fr\/blog\/articles\/patchouli\/\" \/>\n<meta property=\"og:locale\" content=\"fr_FR\" \/>\n<meta property=\"og:type\" content=\"article\" \/>\n<meta property=\"og:title\" content=\"Patchouli : culture et entretien de la plante\" \/>\n<meta property=\"og:description\" content=\"Le patchouli, une plante aromatique pris\u00e9e pour ses feuilles au parfum distinctif, suscite un int\u00e9r\u00eat croissant en 2026 tant pour son utilisation en\u2026\" \/>\n<meta property=\"og:url\" content=\"https:\/\/herberiedelatille.fr\/blog\/articles\/patchouli\/\" \/>\n<meta property=\"og:site_name\" content=\"Herberie de la Tille\" \/>\n<meta name=\"author\" content=\"Julien Prigent\" \/>\n<meta name=\"twitter:card\" content=\"summary_large_image\" \/>\n<script type=\"application\/ld+json\" class=\"yoast-schema-graph\">{\"@context\":\"https:\/\/schema.org\",\"@graph\":[{\"@type\":\"NewsArticle\",\"@id\":\"https:\/\/herberiedelatille.fr\/blog\/articles\/patchouli\/#article\",\"isPartOf\":{\"@id\":\"https:\/\/herberiedelatille.fr\/blog\/articles\/patchouli\/\"},\"author\":{\"name\":\"Julien Prigent\",\"@id\":\"https:\/\/herberiedelatille.fr\/blog\/#\/schema\/person\/3c864cdc320801e3db34b663e7e3f816\"},\"headline\":\"Patchouli : Culture &#038; Entretien 2026\",\"datePublished\":\"2026-06-29T09:00:00+00:00\",\"mainEntityOfPage\":{\"@id\":\"https:\/\/herberiedelatille.fr\/blog\/articles\/patchouli\/\"},\"wordCount\":774,\"commentCount\":0,\"publisher\":{\"@id\":\"https:\/\/herberiedelatille.fr\/blog\/#organization\"},\"image\":{\"@id\":\"https:\/\/herberiedelatille.fr\/blog\/articles\/patchouli\/#primaryimage\"},\"thumbnailUrl\":\"https:\/\/images.pexels.com\/photos\/36337527\/pexels-photo-36337527.jpeg?auto=compress&cs=tinysrgb&fit=crop&h=627&w=1200\",\"articleSection\":[\"Articles\"],\"inLanguage\":\"fr-FR\",\"potentialAction\":[{\"@type\":\"CommentAction\",\"name\":\"Comment\",\"target\":[\"https:\/\/herberiedelatille.fr\/blog\/articles\/patchouli\/#respond\"]}]},{\"@type\":\"WebPage\",\"@id\":\"https:\/\/herberiedelatille.fr\/blog\/articles\/patchouli\/\",\"url\":\"https:\/\/herberiedelatille.fr\/blog\/articles\/patchouli\/\",\"name\":\"Patchouli : culture et entretien de la plante\",\"isPartOf\":{\"@id\":\"https:\/\/herberiedelatille.fr\/blog\/#website\"},\"primaryImageOfPage\":{\"@id\":\"https:\/\/herberiedelatille.fr\/blog\/articles\/patchouli\/#primaryimage\"},\"image\":{\"@id\":\"https:\/\/herberiedelatille.fr\/blog\/articles\/patchouli\/#primaryimage\"},\"thumbnailUrl\":\"https:\/\/images.pexels.com\/photos\/36337527\/pexels-photo-36337527.jpeg?auto=compress&cs=tinysrgb&fit=crop&h=627&w=1200\",\"datePublished\":\"2026-06-29T09:00:00+00:00\",\"description\":\"Le patchouli, une plante aromatique pris\u00e9e pour ses feuilles au parfum distinctif, suscite un int\u00e9r\u00eat croissant en 2026 tant pour son utilisation en\u2026\",\"inLanguage\":\"fr-FR\",\"potentialAction\":[{\"@type\":\"ReadAction\",\"target\":[\"https:\/\/herberiedelatille.fr\/blog\/articles\/patchouli\/\"]}]},{\"@type\":\"ImageObject\",\"inLanguage\":\"fr-FR\",\"@id\":\"https:\/\/herberiedelatille.fr\/blog\/articles\/patchouli\/#primaryimage\",\"url\":\"https:\/\/images.pexels.com\/photos\/36337527\/pexels-photo-36337527.jpeg?auto=compress&cs=tinysrgb&fit=crop&h=627&w=1200\",\"contentUrl\":\"https:\/\/images.pexels.com\/photos\/36337527\/pexels-photo-36337527.jpeg?auto=compress&cs=tinysrgb&fit=crop&h=627&w=1200\"},{\"@type\":\"WebSite\",\"@id\":\"https:\/\/herberiedelatille.fr\/blog\/#website\",\"url\":\"https:\/\/herberiedelatille.fr\/blog\/\",\"name\":\"Herberie de la Tille\",\"description\":\"Le m\u00e9dia de la botanique pratique \u2014 plantes, herboristerie, identification\",\"publisher\":{\"@id\":\"https:\/\/herberiedelatille.fr\/blog\/#organization\"},\"alternateName\":\"Herberie de la Tille\",\"potentialAction\":[{\"@type\":\"SearchAction\",\"target\":{\"@type\":\"EntryPoint\",\"urlTemplate\":\"https:\/\/herberiedelatille.fr\/blog\/?s={search_term_string}\"},\"query-input\":{\"@type\":\"PropertyValueSpecification\",\"valueRequired\":true,\"valueName\":\"search_term_string\"}}],\"inLanguage\":\"fr-FR\"},{\"@type\":\"Organization\",\"@id\":\"https:\/\/herberiedelatille.fr\/blog\/#organization\",\"name\":\"Herberie de la Tille\",\"url\":\"https:\/\/herberiedelatille.fr\/blog\/\",\"logo\":{\"@type\":\"ImageObject\",\"inLanguage\":\"fr-FR\",\"@id\":\"https:\/\/herberiedelatille.fr\/blog\/#\/schema\/logo\/image\/\",\"url\":\"https:\/\/herberiedelatille.fr\/blog\/wp-content\/uploads\/2024\/12\/herberiedelatille.png\",\"contentUrl\":\"https:\/\/herberiedelatille.fr\/blog\/wp-content\/uploads\/2024\/12\/herberiedelatille.png\",\"width\":500,\"height\":500,\"caption\":\"Herberie de la Tille\"},\"image\":{\"@id\":\"https:\/\/herberiedelatille.fr\/blog\/#\/schema\/logo\/image\/\"}},{\"@type\":\"Person\",\"@id\":\"https:\/\/herberiedelatille.fr\/blog\/#\/schema\/person\/3c864cdc320801e3db34b663e7e3f816\",\"name\":\"Julien Prigent\",\"image\":{\"@type\":\"ImageObject\",\"inLanguage\":\"fr-FR\",\"@id\":\"https:\/\/herberiedelatille.fr\/blog\/#\/schema\/person\/image\/\",\"url\":\"https:\/\/herberiedelatille.fr\/blog\/wp-content\/uploads\/2026\/06\/persona_julien-p-96x96.jpg\",\"contentUrl\":\"https:\/\/herberiedelatille.fr\/blog\/wp-content\/uploads\/2026\/06\/persona_julien-p-96x96.jpg\",\"caption\":\"Julien Prigent\"},\"description\":\"Bricoleur et jardinier dans l'\u00e2me, j'\u00e9cris sur la maison et ses ext\u00e9rieurs avec les mains dans le cambouis plus que dans les th\u00e9ories. Mon terrain couvre tout l'habitat : le potager et le jardin au fil des saisons, mais aussi les petits travaux, la r\u00e9novation, le bricolage et les m\u00e9tiers du b\u00e2timent \u2014 toiture, isolation, menuiserie, serrurerie, ma\u00e7onnerie. J'aime expliquer un geste technique simplement, donner des fourchettes de prix r\u00e9alistes et les bons crit\u00e8res pour choisir un mat\u00e9riau ou un artisan. Je teste ce que je peux sur mes propres chantiers et au jardin avant d'en parler, je distingue la tradition de ce que confirme l'observation, et je pr\u00e9cise toujours le contexte \u2014 climat, type de sol, configuration du logement \u2014 parce qu'un m\u00eame conseil ne vaut pas partout. Mon but : rendre l'entretien et l'am\u00e9lioration de la maison accessibles, durables et \u00e9conomes.\",\"sameAs\":[\"https:\/\/julienprigent.fr\/\"],\"url\":\"https:\/\/herberiedelatille.fr\/blog\/auteur\/julien-p\/\"}]}<\/script>\n<!-- \/ Yoast SEO Premium plugin. -->","yoast_head_json":{"title":"Patchouli : culture et entretien de la plante","description":"Le patchouli, une plante aromatique pris\u00e9e pour ses feuilles au parfum distinctif, suscite un int\u00e9r\u00eat croissant en 2026 tant pour son utilisation en\u2026","robots":{"index":"index","follow":"follow","max-snippet":"max-snippet:-1","max-image-preview":"max-image-preview:large","max-video-preview":"max-video-preview:-1"},"canonical":"https:\/\/herberiedelatille.fr\/blog\/articles\/patchouli\/","og_locale":"fr_FR","og_type":"article","og_title":"Patchouli : culture et entretien de la plante","og_description":"Le patchouli, une plante aromatique pris\u00e9e pour ses feuilles au parfum distinctif, suscite un int\u00e9r\u00eat croissant en 2026 tant pour son utilisation en\u2026","og_url":"https:\/\/herberiedelatille.fr\/blog\/articles\/patchouli\/","og_site_name":"Herberie de la Tille","author":"Julien Prigent","twitter_card":"summary_large_image","schema":{"@context":"https:\/\/schema.org","@graph":[{"@type":"NewsArticle","@id":"https:\/\/herberiedelatille.fr\/blog\/articles\/patchouli\/#article","isPartOf":{"@id":"https:\/\/herberiedelatille.fr\/blog\/articles\/patchouli\/"},"author":{"name":"Julien Prigent","@id":"https:\/\/herberiedelatille.fr\/blog\/#\/schema\/person\/3c864cdc320801e3db34b663e7e3f816"},"headline":"Patchouli : Culture &#038; Entretien 2026","datePublished":"2026-06-29T09:00:00+00:00","mainEntityOfPage":{"@id":"https:\/\/herberiedelatille.fr\/blog\/articles\/patchouli\/"},"wordCount":774,"commentCount":0,"publisher":{"@id":"https:\/\/herberiedelatille.fr\/blog\/#organization"},"image":{"@id":"https:\/\/herberiedelatille.fr\/blog\/articles\/patchouli\/#primaryimage"},"thumbnailUrl":"https:\/\/images.pexels.com\/photos\/36337527\/pexels-photo-36337527.jpeg?auto=compress&cs=tinysrgb&fit=crop&h=627&w=1200","articleSection":["Articles"],"inLanguage":"fr-FR","potentialAction":[{"@type":"CommentAction","name":"Comment","target":["https:\/\/herberiedelatille.fr\/blog\/articles\/patchouli\/#respond"]}]},{"@type":"WebPage","@id":"https:\/\/herberiedelatille.fr\/blog\/articles\/patchouli\/","url":"https:\/\/herberiedelatille.fr\/blog\/articles\/patchouli\/","name":"Patchouli : culture et entretien de la plante","isPartOf":{"@id":"https:\/\/herberiedelatille.fr\/blog\/#website"},"primaryImageOfPage":{"@id":"https:\/\/herberiedelatille.fr\/blog\/articles\/patchouli\/#primaryimage"},"image":{"@id":"https:\/\/herberiedelatille.fr\/blog\/articles\/patchouli\/#primaryimage"},"thumbnailUrl":"https:\/\/images.pexels.com\/photos\/36337527\/pexels-photo-36337527.jpeg?auto=compress&cs=tinysrgb&fit=crop&h=627&w=1200","datePublished":"2026-06-29T09:00:00+00:00","description":"Le patchouli, une plante aromatique pris\u00e9e pour ses feuilles au parfum distinctif, suscite un int\u00e9r\u00eat croissant en 2026 tant pour son utilisation en\u2026","inLanguage":"fr-FR","potentialAction":[{"@type":"ReadAction","target":["https:\/\/herberiedelatille.fr\/blog\/articles\/patchouli\/"]}]},{"@type":"ImageObject","inLanguage":"fr-FR","@id":"https:\/\/herberiedelatille.fr\/blog\/articles\/patchouli\/#primaryimage","url":"https:\/\/images.pexels.com\/photos\/36337527\/pexels-photo-36337527.jpeg?auto=compress&cs=tinysrgb&fit=crop&h=627&w=1200","contentUrl":"https:\/\/images.pexels.com\/photos\/36337527\/pexels-photo-36337527.jpeg?auto=compress&cs=tinysrgb&fit=crop&h=627&w=1200"},{"@type":"WebSite","@id":"https:\/\/herberiedelatille.fr\/blog\/#website","url":"https:\/\/herberiedelatille.fr\/blog\/","name":"Herberie de la Tille","description":"Le m\u00e9dia de la botanique pratique \u2014 plantes, herboristerie, identification","publisher":{"@id":"https:\/\/herberiedelatille.fr\/blog\/#organization"},"alternateName":"Herberie de la Tille","potentialAction":[{"@type":"SearchAction","target":{"@type":"EntryPoint","urlTemplate":"https:\/\/herberiedelatille.fr\/blog\/?s={search_term_string}"},"query-input":{"@type":"PropertyValueSpecification","valueRequired":true,"valueName":"search_term_string"}}],"inLanguage":"fr-FR"},{"@type":"Organization","@id":"https:\/\/herberiedelatille.fr\/blog\/#organization","name":"Herberie de la Tille","url":"https:\/\/herberiedelatille.fr\/blog\/","logo":{"@type":"ImageObject","inLanguage":"fr-FR","@id":"https:\/\/herberiedelatille.fr\/blog\/#\/schema\/logo\/image\/","url":"https:\/\/herberiedelatille.fr\/blog\/wp-content\/uploads\/2024\/12\/herberiedelatille.png","contentUrl":"https:\/\/herberiedelatille.fr\/blog\/wp-content\/uploads\/2024\/12\/herberiedelatille.png","width":500,"height":500,"caption":"Herberie de la Tille"},"image":{"@id":"https:\/\/herberiedelatille.fr\/blog\/#\/schema\/logo\/image\/"}},{"@type":"Person","@id":"https:\/\/herberiedelatille.fr\/blog\/#\/schema\/person\/3c864cdc320801e3db34b663e7e3f816","name":"Julien Prigent","image":{"@type":"ImageObject","inLanguage":"fr-FR","@id":"https:\/\/herberiedelatille.fr\/blog\/#\/schema\/person\/image\/","url":"https:\/\/herberiedelatille.fr\/blog\/wp-content\/uploads\/2026\/06\/persona_julien-p-96x96.jpg","contentUrl":"https:\/\/herberiedelatille.fr\/blog\/wp-content\/uploads\/2026\/06\/persona_julien-p-96x96.jpg","caption":"Julien Prigent"},"description":"Bricoleur et jardinier dans l'\u00e2me, j'\u00e9cris sur la maison et ses ext\u00e9rieurs avec les mains dans le cambouis plus que dans les th\u00e9ories. Mon terrain couvre tout l'habitat : le potager et le jardin au fil des saisons, mais aussi les petits travaux, la r\u00e9novation, le bricolage et les m\u00e9tiers du b\u00e2timent \u2014 toiture, isolation, menuiserie, serrurerie, ma\u00e7onnerie. J'aime expliquer un geste technique simplement, donner des fourchettes de prix r\u00e9alistes et les bons crit\u00e8res pour choisir un mat\u00e9riau ou un artisan. Je teste ce que je peux sur mes propres chantiers et au jardin avant d'en parler, je distingue la tradition de ce que confirme l'observation, et je pr\u00e9cise toujours le contexte \u2014 climat, type de sol, configuration du logement \u2014 parce qu'un m\u00eame conseil ne vaut pas partout. Mon but : rendre l'entretien et l'am\u00e9lioration de la maison accessibles, durables et \u00e9conomes.","sameAs":["https:\/\/julienprigent.fr\/"],"url":"https:\/\/herberiedelatille.fr\/blog\/auteur\/julien-p\/"}]}},"_links":{"self":[{"href":"https:\/\/herberiedelatille.fr\/blog\/wp-json\/wp\/v2\/posts\/7646","targetHints":{"allow":["GET"]}}],"collection":[{"href":"https:\/\/herberiedelatille.fr\/blog\/wp-json\/wp\/v2\/posts"}],"about":[{"href":"https:\/\/herberiedelatille.fr\/blog\/wp-json\/wp\/v2\/types\/post"}],"author":[{"embeddable":true,"href":"https:\/\/herberiedelatille.fr\/blog\/wp-json\/wp\/v2\/users\/34"}],"replies":[{"embeddable":true,"href":"https:\/\/herberiedelatille.fr\/blog\/wp-json\/wp\/v2\/comments?post=7646"}],"version-history":[{"count":1,"href":"https:\/\/herberiedelatille.fr\/blog\/wp-json\/wp\/v2\/posts\/7646\/revisions"}],"predecessor-version":[{"id":7863,"href":"https:\/\/herberiedelatille.fr\/blog\/wp-json\/wp\/v2\/posts\/7646\/revisions\/7863"}],"wp:attachment":[{"href":"https:\/\/herberiedelatille.fr\/blog\/wp-json\/wp\/v2\/media?parent=7646"}],"wp:term":[{"taxonomy":"category","embeddable":true,"href":"https:\/\/herberiedelatille.fr\/blog\/wp-json\/wp\/v2\/categories?post=7646"},{"taxonomy":"post_tag","embeddable":true,"href":"https:\/\/herberiedelatille.fr\/blog\/wp-json\/wp\/v2\/tags?post=7646"}],"curies":[{"name":"wp","href":"https:\/\/api.w.org\/{rel}","templated":true}]}}