{"id":7647,"date":"2026-07-01T09:00:00","date_gmt":"2026-07-01T09:00:00","guid":{"rendered":"https:\/\/herberiedelatille.fr\/blog\/?p=7647"},"modified":"2026-07-01T09:00:00","modified_gmt":"2026-07-01T09:00:00","slug":"pomme-cannelle","status":"publish","type":"post","link":"https:\/\/herberiedelatille.fr\/blog\/articles\/pomme-cannelle\/","title":{"rendered":"Pomme cannelle : Culture et plantation"},"content":{"rendered":"<p>La <strong>pomme cannelle<\/strong>, \u00e9galement connue sous le nom de <strong>pomme de la vari\u00e9t\u00e9 \u2018Cinnamon\u2019<\/strong>, est une vari\u00e9t\u00e9 unique appr\u00e9ci\u00e9e pour son go\u00fbt sucr\u00e9 et \u00e9pic\u00e9. Cultiv\u00e9e principalement dans les r\u00e9gions temp\u00e9r\u00e9es, elle se distingue par sa chair juteuse et son parfum agr\u00e9able. Si vous envisagez de cultiver cette pomme chez vous, cet article vous guidera \u00e0 travers les \u00e9tapes essentielles de sa culture et de sa plantation, tout en comparant avec d\u2019autres vari\u00e9t\u00e9s populaires.<\/p>\n<h2>Origine et caract\u00e9ristiques de la pomme cannelle<\/h2>\n<p>La pomme cannelle est originaire d\u2019Am\u00e9rique du Nord, o\u00f9 elle a \u00e9t\u00e9 d\u00e9velopp\u00e9e pour r\u00e9sister aux maladies tout en offrant un go\u00fbt distinctif. Cette vari\u00e9t\u00e9 se caract\u00e9rise par :<\/p>\n<ul>\n<li><strong>Couleur<\/strong> : Une peau rouge\u00e2tre avec des nuances dor\u00e9es.<\/li>\n<li><strong>Go\u00fbt<\/strong> : Saveur sucr\u00e9e avec des notes \u00e9pic\u00e9es rappelant la cannelle.<\/li>\n<li><strong>Utilisation<\/strong> : Id\u00e9ale pour les desserts, les compotes ou m\u00eame \u00e0 croquer.<\/li>\n<\/ul>\n<p>Elle se distingue des autres vari\u00e9t\u00e9s comme la Granny Smith ou la Gala, qui ont des saveurs plus acidul\u00e9es ou sucr\u00e9es.<\/p>\n<h2>Conditions de culture optimales<\/h2>\n<p>Pour r\u00e9ussir la culture de la pomme cannelle, certaines conditions doivent \u00eatre respect\u00e9es :<\/p>\n<h3>1. Climat<\/h3>\n<p>Cette vari\u00e9t\u00e9 pr\u00e9f\u00e8re un climat temp\u00e9r\u00e9 avec des hivers froids et des \u00e9t\u00e9s chauds. Les temp\u00e9ratures id\u00e9ales se situent entre 20\u00b0C et 25\u00b0C pendant la saison de croissance.<\/p>\n<h3>2. Sol<\/h3>\n<p>Un sol bien drain\u00e9, riche en mati\u00e8re organique est crucial. Un pH compris entre 6 et 7 favorise \u00e9galement une bonne croissance.<\/p>\n<h3>3. Exposition<\/h3>\n<p>Un emplacement en plein soleil est recommand\u00e9 pour maximiser le rendement fruitier.<\/p>\n<h2>M\u00e9thodes de plantation<\/h2>\n<h3>1. Semis ou plants ?<\/h3>\n<p>La pomme cannelle peut \u00eatre cultiv\u00e9e \u00e0 partir de graines ou de jeunes plants. Voici un tableau comparatif des deux m\u00e9thodes :<\/p>\n<table class=\"kwdbank-table\">\n<thead>\n<tr>\n<th>M\u00e9thode<\/th>\n<th>Avantages<\/th>\n<th>Inconv\u00e9nients<\/th>\n<\/tr>\n<\/thead>\n<tbody>\n<tr>\n<td>Semis<\/td>\n<td>Co\u00fbt faible, diversit\u00e9 g\u00e9n\u00e9tique<\/td>\n<td>Temps long avant r\u00e9colte<\/td>\n<\/tr>\n<tr>\n<td>Plants<\/td>\n<td>R\u00e9colte rapide (2-3 ans)<\/td>\n<td>Co\u00fbt plus \u00e9lev\u00e9<\/td>\n<\/tr>\n<\/tbody>\n<\/table>\n<p>Il est souvent conseill\u00e9 d\u2019opter pour des plants certifi\u00e9s pour garantir une meilleure qualit\u00e9 fruiti\u00e8re.<\/p>\n<h3>2. \u00c9tapes de plantation<\/h3>\n<ol>\n<li><strong>Pr\u00e9paration du sol<\/strong> : Enrichissez-le avec du compost.<\/li>\n<li><strong>Espacement<\/strong> : Plantez les jeunes arbres \u00e0 environ 4-5 m\u00e8tres l\u2019un de l\u2019autre.<\/li>\n<li><strong>Arrosage<\/strong> : Assurez-vous d\u2019une irrigation r\u00e9guli\u00e8re pendant les premi\u00e8res ann\u00e9es.<\/li>\n<\/ol>\n<h2>Entretien durant la culture<\/h2>\n<p>L\u2019entretien r\u00e9gulier est essentiel pour assurer une bonne r\u00e9colte :<\/p>\n<ul>\n<li><strong>Taille<\/strong> : Taillez les branches chaque hiver pour favoriser une meilleure circulation d\u2019air.<\/li>\n<li><strong>Fertilisation<\/strong> : Appliquez un engrais \u00e9quilibr\u00e9 au printemps.<\/li>\n<li><strong>Protection<\/strong> : Surveillez les maladies comme le mildiou; utilisez des traitements biologiques lorsque cela est n\u00e9cessaire.<\/li>\n<\/ul>\n<h3>Pi\u00e8ge \u00e0 \u00e9viter<\/h3>\n<p>Ne pas n\u00e9gliger l\u2019irrigation pendant les p\u00e9riodes s\u00e8ches peut entra\u00eener un stress hydrique sur les arbres, affectant ainsi leur production fruiti\u00e8re.<\/p>\n<h2>R\u00e9colte et stockage<\/h2>\n<p>La r\u00e9colte se fait g\u00e9n\u00e9ralement \u00e0 partir de fin septembre jusqu\u2019\u00e0 d\u00e9but octobre. Pour savoir quand r\u00e9colter :<\/p>\n<ul>\n<li>V\u00e9rifiez que la couleur de la peau est uniforme.<\/li>\n<li>Testez la fermet\u00e9 du fruit ; il doit c\u00e9der l\u00e9g\u00e8rement sous pression.<\/li>\n<\/ul>\n<p>Une fois r\u00e9colt\u00e9es, stockez vos pommes dans un endroit frais (environ 4\u00b0C) pour prolonger leur dur\u00e9e de conservation.<\/p>\n<h2>Alternatives \u00e0 consid\u00e9rer<\/h2>\n<p>Bien que la pomme cannelle soit d\u00e9licieuse, d\u2019autres vari\u00e9t\u00e9s peuvent \u00e9galement enrichir votre jardin :<\/p>\n<ul>\n<li><strong>Granny Smith<\/strong> : Acidul\u00e9e et croquante, parfaite pour les tartes.<\/li>\n<li><strong>Fuji<\/strong> : Sucr\u00e9e et juteuse, elle se conserve longtemps.<\/li>\n<li><strong>Gala<\/strong> : Douce et parfum\u00e9e, id\u00e9ale pour le snacking.<\/li>\n<\/ul>\n<p>Chacune a ses sp\u00e9cificit\u00e9s qui peuvent r\u00e9pondre \u00e0 diff\u00e9rents go\u00fbts ou utilisations en cuisine.<\/p>\n<h2>FAQ<\/h2>\n<h3>Quelle est la meilleure p\u00e9riode pour planter des pommes cannelle ?<\/h3>\n<p>Le meilleur moment est au printemps, apr\u00e8s les derni\u00e8res gel\u00e9es, lorsque le sol commence \u00e0 se r\u00e9chauffer.<\/p>\n<h3>Combien de temps faut-il avant d\u2019obtenir une r\u00e9colte ?<\/h3>\n<p>En g\u00e9n\u00e9ral, il faut compter environ 2 \u00e0 3 ans apr\u00e8s la plantation pour obtenir vos premiers fruits.<\/p>\n<h3>Les pommes cannelle sont-elles sensibles aux maladies ?<\/h3>\n<p>Oui, elles peuvent \u00eatre sensibles aux maladies fongiques comme le mildiou ; il est donc important d\u2019assurer une bonne a\u00e9ration et d\u2019utiliser des traitements appropri\u00e9s si n\u00e9cessaire.<\/p>\n<h3>Peut-on cultiver des pommes cannelle en pot ?<\/h3>\n<p>Oui, mais choisissez un grand pot avec un bon drainage et veillez \u00e0 arroser r\u00e9guli\u00e8rement.<\/p>\n<h3>Quel engrais utiliser pour les pommiers ?<\/h3>\n<p>Un engrais \u00e9quilibr\u00e9 NPK (azote-phosphore-potassium) favorise une croissance saine et une meilleure production fruiti\u00e8re.<\/p>\n<p>Cultiver des pommes cannelle peut \u00eatre une exp\u00e9rience enrichissante tant sur le plan gustatif qu\u2019horticole. N\u2019h\u00e9sitez pas \u00e0 commencer d\u00e8s maintenant votre projet !<\/p>\n<hr>\n<div class=\"articles-lies\">\n<h3>\u00c0 lire aussi<\/h3>\n<ul>\n<li><a href=\"https:\/\/herberiedelatille.fr\/blog\/articles\/flan-de-courgette\/\">Flan de Courgette : Recette avec L\u00e9gumes Jardin<\/a><\/li>\n<li><a href=\"https:\/\/herberiedelatille.fr\/blog\/articles\/jacaranda\/\">Jacaranda : Guide Plantation &amp; Entretien 2026<\/a><\/li>\n<li><a href=\"https:\/\/herberiedelatille.fr\/blog\/articles\/nefle\/\">N\u00e8fle : Culture et r\u00e9colte guide complet<\/a><\/li>\n<li><a href=\"https:\/\/herberiedelatille.fr\/blog\/conservation-et-biodiversite\/les-plantes-medicinales-definition-vertus-et-conseils-de-culture\/\">Les plantes m\u00e9dicinales : d\u00e9finition, vertus et conseils de culture<\/a><\/li>\n<\/ul>\n<\/div>\n","protected":false},"excerpt":{"rendered":"","protected":false},"author":34,"featured_media":999999999,"comment_status":"open","ping_status":"open","sticky":false,"template":"","format":"standard","meta":{"_acf_changed":false,"manual_indexmenow":false,"indexmenow_id_project":0,"footnotes":""},"categories":[4609],"tags":[],"class_list":["post-7647","post","type-post","status-publish","format-standard","has-post-thumbnail","hentry","category-articles","generate-columns","tablet-grid-50","mobile-grid-100","grid-parent","grid-25"],"acf":[],"yoast_head":"<!-- This site is optimized with the Yoast SEO Premium plugin v21.3 (Yoast SEO v25.6) - https:\/\/yoast.com\/wordpress\/plugins\/seo\/ -->\n<title>Pomme cannelle : culture et plantation du fruit<\/title>\n<meta name=\"description\" content=\"La pomme cannelle, \u00e9galement connue sous le nom de pomme de la vari\u00e9t\u00e9 &#039;Cinnamon&#039;, est une vari\u00e9t\u00e9 unique appr\u00e9ci\u00e9e pour son go\u00fbt sucr\u00e9 et \u00e9pic\u00e9.\" \/>\n<meta name=\"robots\" content=\"index, follow, max-snippet:-1, max-image-preview:large, max-video-preview:-1\" \/>\n<link rel=\"canonical\" href=\"https:\/\/herberiedelatille.fr\/blog\/articles\/pomme-cannelle\/\" \/>\n<meta property=\"og:locale\" content=\"fr_FR\" \/>\n<meta property=\"og:type\" content=\"article\" \/>\n<meta property=\"og:title\" content=\"Pomme cannelle : culture et plantation du fruit\" \/>\n<meta property=\"og:description\" content=\"La pomme cannelle, \u00e9galement connue sous le nom de pomme de la vari\u00e9t\u00e9 &#039;Cinnamon&#039;, est une vari\u00e9t\u00e9 unique appr\u00e9ci\u00e9e pour son go\u00fbt sucr\u00e9 et \u00e9pic\u00e9.\" \/>\n<meta property=\"og:url\" content=\"https:\/\/herberiedelatille.fr\/blog\/articles\/pomme-cannelle\/\" \/>\n<meta property=\"og:site_name\" content=\"Herberie de la Tille\" \/>\n<meta name=\"author\" content=\"Julien Prigent\" \/>\n<meta name=\"twitter:card\" content=\"summary_large_image\" \/>\n<script type=\"application\/ld+json\" class=\"yoast-schema-graph\">{\"@context\":\"https:\/\/schema.org\",\"@graph\":[{\"@type\":\"NewsArticle\",\"@id\":\"https:\/\/herberiedelatille.fr\/blog\/articles\/pomme-cannelle\/#article\",\"isPartOf\":{\"@id\":\"https:\/\/herberiedelatille.fr\/blog\/articles\/pomme-cannelle\/\"},\"author\":{\"name\":\"Julien Prigent\",\"@id\":\"https:\/\/herberiedelatille.fr\/blog\/#\/schema\/person\/3c864cdc320801e3db34b663e7e3f816\"},\"headline\":\"Pomme cannelle : Culture et plantation\",\"datePublished\":\"2026-07-01T09:00:00+00:00\",\"mainEntityOfPage\":{\"@id\":\"https:\/\/herberiedelatille.fr\/blog\/articles\/pomme-cannelle\/\"},\"wordCount\":822,\"commentCount\":0,\"publisher\":{\"@id\":\"https:\/\/herberiedelatille.fr\/blog\/#organization\"},\"image\":{\"@id\":\"https:\/\/herberiedelatille.fr\/blog\/articles\/pomme-cannelle\/#primaryimage\"},\"thumbnailUrl\":\"https:\/\/images.pexels.com\/photos\/9969201\/pexels-photo-9969201.jpeg?auto=compress&cs=tinysrgb&fit=crop&h=627&w=1200\",\"articleSection\":[\"Articles\"],\"inLanguage\":\"fr-FR\",\"potentialAction\":[{\"@type\":\"CommentAction\",\"name\":\"Comment\",\"target\":[\"https:\/\/herberiedelatille.fr\/blog\/articles\/pomme-cannelle\/#respond\"]}]},{\"@type\":\"WebPage\",\"@id\":\"https:\/\/herberiedelatille.fr\/blog\/articles\/pomme-cannelle\/\",\"url\":\"https:\/\/herberiedelatille.fr\/blog\/articles\/pomme-cannelle\/\",\"name\":\"Pomme cannelle : culture et plantation du fruit\",\"isPartOf\":{\"@id\":\"https:\/\/herberiedelatille.fr\/blog\/#website\"},\"primaryImageOfPage\":{\"@id\":\"https:\/\/herberiedelatille.fr\/blog\/articles\/pomme-cannelle\/#primaryimage\"},\"image\":{\"@id\":\"https:\/\/herberiedelatille.fr\/blog\/articles\/pomme-cannelle\/#primaryimage\"},\"thumbnailUrl\":\"https:\/\/images.pexels.com\/photos\/9969201\/pexels-photo-9969201.jpeg?auto=compress&cs=tinysrgb&fit=crop&h=627&w=1200\",\"datePublished\":\"2026-07-01T09:00:00+00:00\",\"description\":\"La pomme cannelle, \u00e9galement connue sous le nom de pomme de la vari\u00e9t\u00e9 'Cinnamon', est une vari\u00e9t\u00e9 unique appr\u00e9ci\u00e9e pour son go\u00fbt sucr\u00e9 et \u00e9pic\u00e9.\",\"inLanguage\":\"fr-FR\",\"potentialAction\":[{\"@type\":\"ReadAction\",\"target\":[\"https:\/\/herberiedelatille.fr\/blog\/articles\/pomme-cannelle\/\"]}]},{\"@type\":\"ImageObject\",\"inLanguage\":\"fr-FR\",\"@id\":\"https:\/\/herberiedelatille.fr\/blog\/articles\/pomme-cannelle\/#primaryimage\",\"url\":\"https:\/\/images.pexels.com\/photos\/9969201\/pexels-photo-9969201.jpeg?auto=compress&cs=tinysrgb&fit=crop&h=627&w=1200\",\"contentUrl\":\"https:\/\/images.pexels.com\/photos\/9969201\/pexels-photo-9969201.jpeg?auto=compress&cs=tinysrgb&fit=crop&h=627&w=1200\"},{\"@type\":\"WebSite\",\"@id\":\"https:\/\/herberiedelatille.fr\/blog\/#website\",\"url\":\"https:\/\/herberiedelatille.fr\/blog\/\",\"name\":\"Herberie de la Tille\",\"description\":\"Le m\u00e9dia de la botanique pratique \u2014 plantes, herboristerie, identification\",\"publisher\":{\"@id\":\"https:\/\/herberiedelatille.fr\/blog\/#organization\"},\"alternateName\":\"Herberie de la Tille\",\"potentialAction\":[{\"@type\":\"SearchAction\",\"target\":{\"@type\":\"EntryPoint\",\"urlTemplate\":\"https:\/\/herberiedelatille.fr\/blog\/?s={search_term_string}\"},\"query-input\":{\"@type\":\"PropertyValueSpecification\",\"valueRequired\":true,\"valueName\":\"search_term_string\"}}],\"inLanguage\":\"fr-FR\"},{\"@type\":\"Organization\",\"@id\":\"https:\/\/herberiedelatille.fr\/blog\/#organization\",\"name\":\"Herberie de la Tille\",\"url\":\"https:\/\/herberiedelatille.fr\/blog\/\",\"logo\":{\"@type\":\"ImageObject\",\"inLanguage\":\"fr-FR\",\"@id\":\"https:\/\/herberiedelatille.fr\/blog\/#\/schema\/logo\/image\/\",\"url\":\"https:\/\/herberiedelatille.fr\/blog\/wp-content\/uploads\/2024\/12\/herberiedelatille.png\",\"contentUrl\":\"https:\/\/herberiedelatille.fr\/blog\/wp-content\/uploads\/2024\/12\/herberiedelatille.png\",\"width\":500,\"height\":500,\"caption\":\"Herberie de la Tille\"},\"image\":{\"@id\":\"https:\/\/herberiedelatille.fr\/blog\/#\/schema\/logo\/image\/\"}},{\"@type\":\"Person\",\"@id\":\"https:\/\/herberiedelatille.fr\/blog\/#\/schema\/person\/3c864cdc320801e3db34b663e7e3f816\",\"name\":\"Julien Prigent\",\"image\":{\"@type\":\"ImageObject\",\"inLanguage\":\"fr-FR\",\"@id\":\"https:\/\/herberiedelatille.fr\/blog\/#\/schema\/person\/image\/\",\"url\":\"https:\/\/herberiedelatille.fr\/blog\/wp-content\/uploads\/2026\/06\/persona_julien-p-96x96.jpg\",\"contentUrl\":\"https:\/\/herberiedelatille.fr\/blog\/wp-content\/uploads\/2026\/06\/persona_julien-p-96x96.jpg\",\"caption\":\"Julien Prigent\"},\"description\":\"Bricoleur et jardinier dans l'\u00e2me, j'\u00e9cris sur la maison et ses ext\u00e9rieurs avec les mains dans le cambouis plus que dans les th\u00e9ories. Mon terrain couvre tout l'habitat : le potager et le jardin au fil des saisons, mais aussi les petits travaux, la r\u00e9novation, le bricolage et les m\u00e9tiers du b\u00e2timent \u2014 toiture, isolation, menuiserie, serrurerie, ma\u00e7onnerie. J'aime expliquer un geste technique simplement, donner des fourchettes de prix r\u00e9alistes et les bons crit\u00e8res pour choisir un mat\u00e9riau ou un artisan. Je teste ce que je peux sur mes propres chantiers et au jardin avant d'en parler, je distingue la tradition de ce que confirme l'observation, et je pr\u00e9cise toujours le contexte \u2014 climat, type de sol, configuration du logement \u2014 parce qu'un m\u00eame conseil ne vaut pas partout. Mon but : rendre l'entretien et l'am\u00e9lioration de la maison accessibles, durables et \u00e9conomes.\",\"sameAs\":[\"https:\/\/julienprigent.fr\/\"],\"url\":\"https:\/\/herberiedelatille.fr\/blog\/auteur\/julien-p\/\"}]}<\/script>\n<!-- \/ Yoast SEO Premium plugin. -->","yoast_head_json":{"title":"Pomme cannelle : culture et plantation du fruit","description":"La pomme cannelle, \u00e9galement connue sous le nom de pomme de la vari\u00e9t\u00e9 'Cinnamon', est une vari\u00e9t\u00e9 unique appr\u00e9ci\u00e9e pour son go\u00fbt sucr\u00e9 et \u00e9pic\u00e9.","robots":{"index":"index","follow":"follow","max-snippet":"max-snippet:-1","max-image-preview":"max-image-preview:large","max-video-preview":"max-video-preview:-1"},"canonical":"https:\/\/herberiedelatille.fr\/blog\/articles\/pomme-cannelle\/","og_locale":"fr_FR","og_type":"article","og_title":"Pomme cannelle : culture et plantation du fruit","og_description":"La pomme cannelle, \u00e9galement connue sous le nom de pomme de la vari\u00e9t\u00e9 'Cinnamon', est une vari\u00e9t\u00e9 unique appr\u00e9ci\u00e9e pour son go\u00fbt sucr\u00e9 et \u00e9pic\u00e9.","og_url":"https:\/\/herberiedelatille.fr\/blog\/articles\/pomme-cannelle\/","og_site_name":"Herberie de la Tille","author":"Julien Prigent","twitter_card":"summary_large_image","schema":{"@context":"https:\/\/schema.org","@graph":[{"@type":"NewsArticle","@id":"https:\/\/herberiedelatille.fr\/blog\/articles\/pomme-cannelle\/#article","isPartOf":{"@id":"https:\/\/herberiedelatille.fr\/blog\/articles\/pomme-cannelle\/"},"author":{"name":"Julien Prigent","@id":"https:\/\/herberiedelatille.fr\/blog\/#\/schema\/person\/3c864cdc320801e3db34b663e7e3f816"},"headline":"Pomme cannelle : Culture et plantation","datePublished":"2026-07-01T09:00:00+00:00","mainEntityOfPage":{"@id":"https:\/\/herberiedelatille.fr\/blog\/articles\/pomme-cannelle\/"},"wordCount":822,"commentCount":0,"publisher":{"@id":"https:\/\/herberiedelatille.fr\/blog\/#organization"},"image":{"@id":"https:\/\/herberiedelatille.fr\/blog\/articles\/pomme-cannelle\/#primaryimage"},"thumbnailUrl":"https:\/\/images.pexels.com\/photos\/9969201\/pexels-photo-9969201.jpeg?auto=compress&cs=tinysrgb&fit=crop&h=627&w=1200","articleSection":["Articles"],"inLanguage":"fr-FR","potentialAction":[{"@type":"CommentAction","name":"Comment","target":["https:\/\/herberiedelatille.fr\/blog\/articles\/pomme-cannelle\/#respond"]}]},{"@type":"WebPage","@id":"https:\/\/herberiedelatille.fr\/blog\/articles\/pomme-cannelle\/","url":"https:\/\/herberiedelatille.fr\/blog\/articles\/pomme-cannelle\/","name":"Pomme cannelle : culture et plantation du fruit","isPartOf":{"@id":"https:\/\/herberiedelatille.fr\/blog\/#website"},"primaryImageOfPage":{"@id":"https:\/\/herberiedelatille.fr\/blog\/articles\/pomme-cannelle\/#primaryimage"},"image":{"@id":"https:\/\/herberiedelatille.fr\/blog\/articles\/pomme-cannelle\/#primaryimage"},"thumbnailUrl":"https:\/\/images.pexels.com\/photos\/9969201\/pexels-photo-9969201.jpeg?auto=compress&cs=tinysrgb&fit=crop&h=627&w=1200","datePublished":"2026-07-01T09:00:00+00:00","description":"La pomme cannelle, \u00e9galement connue sous le nom de pomme de la vari\u00e9t\u00e9 'Cinnamon', est une vari\u00e9t\u00e9 unique appr\u00e9ci\u00e9e pour son go\u00fbt sucr\u00e9 et \u00e9pic\u00e9.","inLanguage":"fr-FR","potentialAction":[{"@type":"ReadAction","target":["https:\/\/herberiedelatille.fr\/blog\/articles\/pomme-cannelle\/"]}]},{"@type":"ImageObject","inLanguage":"fr-FR","@id":"https:\/\/herberiedelatille.fr\/blog\/articles\/pomme-cannelle\/#primaryimage","url":"https:\/\/images.pexels.com\/photos\/9969201\/pexels-photo-9969201.jpeg?auto=compress&cs=tinysrgb&fit=crop&h=627&w=1200","contentUrl":"https:\/\/images.pexels.com\/photos\/9969201\/pexels-photo-9969201.jpeg?auto=compress&cs=tinysrgb&fit=crop&h=627&w=1200"},{"@type":"WebSite","@id":"https:\/\/herberiedelatille.fr\/blog\/#website","url":"https:\/\/herberiedelatille.fr\/blog\/","name":"Herberie de la Tille","description":"Le m\u00e9dia de la botanique pratique \u2014 plantes, herboristerie, identification","publisher":{"@id":"https:\/\/herberiedelatille.fr\/blog\/#organization"},"alternateName":"Herberie de la Tille","potentialAction":[{"@type":"SearchAction","target":{"@type":"EntryPoint","urlTemplate":"https:\/\/herberiedelatille.fr\/blog\/?s={search_term_string}"},"query-input":{"@type":"PropertyValueSpecification","valueRequired":true,"valueName":"search_term_string"}}],"inLanguage":"fr-FR"},{"@type":"Organization","@id":"https:\/\/herberiedelatille.fr\/blog\/#organization","name":"Herberie de la Tille","url":"https:\/\/herberiedelatille.fr\/blog\/","logo":{"@type":"ImageObject","inLanguage":"fr-FR","@id":"https:\/\/herberiedelatille.fr\/blog\/#\/schema\/logo\/image\/","url":"https:\/\/herberiedelatille.fr\/blog\/wp-content\/uploads\/2024\/12\/herberiedelatille.png","contentUrl":"https:\/\/herberiedelatille.fr\/blog\/wp-content\/uploads\/2024\/12\/herberiedelatille.png","width":500,"height":500,"caption":"Herberie de la Tille"},"image":{"@id":"https:\/\/herberiedelatille.fr\/blog\/#\/schema\/logo\/image\/"}},{"@type":"Person","@id":"https:\/\/herberiedelatille.fr\/blog\/#\/schema\/person\/3c864cdc320801e3db34b663e7e3f816","name":"Julien Prigent","image":{"@type":"ImageObject","inLanguage":"fr-FR","@id":"https:\/\/herberiedelatille.fr\/blog\/#\/schema\/person\/image\/","url":"https:\/\/herberiedelatille.fr\/blog\/wp-content\/uploads\/2026\/06\/persona_julien-p-96x96.jpg","contentUrl":"https:\/\/herberiedelatille.fr\/blog\/wp-content\/uploads\/2026\/06\/persona_julien-p-96x96.jpg","caption":"Julien Prigent"},"description":"Bricoleur et jardinier dans l'\u00e2me, j'\u00e9cris sur la maison et ses ext\u00e9rieurs avec les mains dans le cambouis plus que dans les th\u00e9ories. Mon terrain couvre tout l'habitat : le potager et le jardin au fil des saisons, mais aussi les petits travaux, la r\u00e9novation, le bricolage et les m\u00e9tiers du b\u00e2timent \u2014 toiture, isolation, menuiserie, serrurerie, ma\u00e7onnerie. J'aime expliquer un geste technique simplement, donner des fourchettes de prix r\u00e9alistes et les bons crit\u00e8res pour choisir un mat\u00e9riau ou un artisan. Je teste ce que je peux sur mes propres chantiers et au jardin avant d'en parler, je distingue la tradition de ce que confirme l'observation, et je pr\u00e9cise toujours le contexte \u2014 climat, type de sol, configuration du logement \u2014 parce qu'un m\u00eame conseil ne vaut pas partout. Mon but : rendre l'entretien et l'am\u00e9lioration de la maison accessibles, durables et \u00e9conomes.","sameAs":["https:\/\/julienprigent.fr\/"],"url":"https:\/\/herberiedelatille.fr\/blog\/auteur\/julien-p\/"}]}},"_links":{"self":[{"href":"https:\/\/herberiedelatille.fr\/blog\/wp-json\/wp\/v2\/posts\/7647","targetHints":{"allow":["GET"]}}],"collection":[{"href":"https:\/\/herberiedelatille.fr\/blog\/wp-json\/wp\/v2\/posts"}],"about":[{"href":"https:\/\/herberiedelatille.fr\/blog\/wp-json\/wp\/v2\/types\/post"}],"author":[{"embeddable":true,"href":"https:\/\/herberiedelatille.fr\/blog\/wp-json\/wp\/v2\/users\/34"}],"replies":[{"embeddable":true,"href":"https:\/\/herberiedelatille.fr\/blog\/wp-json\/wp\/v2\/comments?post=7647"}],"version-history":[{"count":1,"href":"https:\/\/herberiedelatille.fr\/blog\/wp-json\/wp\/v2\/posts\/7647\/revisions"}],"predecessor-version":[{"id":7864,"href":"https:\/\/herberiedelatille.fr\/blog\/wp-json\/wp\/v2\/posts\/7647\/revisions\/7864"}],"wp:attachment":[{"href":"https:\/\/herberiedelatille.fr\/blog\/wp-json\/wp\/v2\/media?parent=7647"}],"wp:term":[{"taxonomy":"category","embeddable":true,"href":"https:\/\/herberiedelatille.fr\/blog\/wp-json\/wp\/v2\/categories?post=7647"},{"taxonomy":"post_tag","embeddable":true,"href":"https:\/\/herberiedelatille.fr\/blog\/wp-json\/wp\/v2\/tags?post=7647"}],"curies":[{"name":"wp","href":"https:\/\/api.w.org\/{rel}","templated":true}]}}