{"id":7655,"date":"2026-07-10T09:00:00","date_gmt":"2026-07-10T09:00:00","guid":{"rendered":"https:\/\/herberiedelatille.fr\/blog\/?p=7655"},"modified":"2026-07-10T09:00:00","modified_gmt":"2026-07-10T09:00:00","slug":"thuya","status":"publish","type":"post","link":"https:\/\/herberiedelatille.fr\/blog\/articles\/thuya\/","title":{"rendered":"Thuya : Guide Plantation &#038; Taille 2026"},"content":{"rendered":"<p>Le thuya, un conif\u00e8re pris\u00e9 pour son feuillage persistant et sa croissance rapide, est souvent utilis\u00e9 en haies, en \u00e9crans de verdure ou comme arbre d\u2019ornement. En 2026, les jardiniers et paysagistes recherchent des conseils pratiques pour optimiser la plantation et la taille de cette plante, afin d\u2019assurer une croissance saine et une esth\u00e9tique agr\u00e9able. Cet article vous fournira des retours d\u2019exp\u00e9rience terrain, des conseils pratiques ainsi que des pi\u00e8ges \u00e0 \u00e9viter lors de la culture du thuya.<\/p>\n<h2>Qu\u2019est-ce que le thuya ?<\/h2>\n<p>Le thuya appartient \u00e0 la famille des Cupressac\u00e9es. On distingue principalement deux esp\u00e8ces courantes en horticulture : le <strong>Thuja occidentalis<\/strong>, souvent appel\u00e9 \u201cthuya commun\u201d, et le <strong>Thuja plicata<\/strong>, ou \u201cthuya g\u00e9ant\u201d. Ces arbres sont appr\u00e9ci\u00e9s pour leur feuillage dense, leur r\u00e9sistance aux maladies et leur capacit\u00e9 \u00e0 s\u2019adapter \u00e0 divers types de sols.<\/p>\n<h3>Caract\u00e9ristiques du thuya<\/h3>\n<ul>\n<li><strong>Hauteur<\/strong> : Peut atteindre jusqu\u2019\u00e0 20 m\u00e8tres pour certaines vari\u00e9t\u00e9s.<\/li>\n<li><strong>Largeur<\/strong> : Varie entre 1 et 5 m\u00e8tres selon l\u2019esp\u00e8ce.<\/li>\n<li><strong>Feuillage<\/strong> : Persistant, avec des feuilles \u00e9caill\u00e9es ou en forme d\u2019aiguille selon l\u2019esp\u00e8ce.<\/li>\n<li><strong>Croissance<\/strong> : Rapide, avec un gain annuel pouvant aller jusqu\u2019\u00e0 60 cm.<\/li>\n<\/ul>\n<h2>Conditions id\u00e9ales de plantation<\/h2>\n<p>Pour r\u00e9ussir la plantation d\u2019un thuya, il est crucial de respecter certaines conditions :<\/p>\n<ol>\n<li><strong>Emplacement<\/strong> : Choisissez un endroit ensoleill\u00e9 ou partiellement ombrag\u00e9.<\/li>\n<li><strong>Type de sol<\/strong> : Un sol bien drain\u00e9 est essentiel. \u00c9vitez les sols lourds ou argileux qui retiennent l\u2019eau.<\/li>\n<li><strong>Espacement<\/strong> : Pr\u00e9voyez un espacement de 50 \u00e0 100 cm entre chaque plant pour favoriser une bonne circulation de l\u2019air.<\/li>\n<\/ol>\n<h3>Exemples pratiques<\/h3>\n<p>Pour une haie de thuya commune (Thuja occidentalis) :<\/p>\n<ul>\n<li><strong>Espacement recommand\u00e9<\/strong> : Pour une haie dense, espacez les plants tous les 60 cm.<\/li>\n<li><strong>Co\u00fbt moyen<\/strong> : Comptez environ 10 \u00e0 15 euros par plant en jardinerie.<\/li>\n<\/ul>\n<h2>La taille du thuya<\/h2>\n<p>La taille est une \u00e9tape essentielle pour maintenir la forme et la sant\u00e9 du thuya. Elle permet \u00e9galement d\u2019\u00e9viter que l\u2019arbre ne devienne trop encombrant.<\/p>\n<h3>Quand tailler ?<\/h3>\n<p>La taille s\u2019effectue id\u00e9alement au printemps, apr\u00e8s le risque de gel, lorsque la croissance commence. Une taille l\u00e9g\u00e8re peut \u00eatre r\u00e9alis\u00e9e en \u00e9t\u00e9 pour corriger la forme.<\/p>\n<h3>M\u00e9thodes de taille<\/h3>\n<ol>\n<li><strong>Taille formative<\/strong> : Pour les jeunes plants, taillez l\u00e9g\u00e8rement pour encourager une ramification dense.<\/li>\n<li><strong>Taille d\u2019entretien<\/strong> : Enlevez les branches mortes ou malades tout au long de l\u2019ann\u00e9e.<\/li>\n<\/ol>\n<h4>Pi\u00e8ge \u00e0 \u00e9viter<\/h4>\n<p>Ne taillez pas trop s\u00e9v\u00e8rement ! Une taille excessive peut entra\u00eener un stress sur l\u2019arbre et favoriser l\u2019apparition de maladies.<\/p>\n<h2>Entretien r\u00e9gulier<\/h2>\n<p>Un entretien appropri\u00e9 garantira la sant\u00e9 et l\u2019esth\u00e9tique du thuya :<\/p>\n<ul>\n<li><strong>Arrosage<\/strong> : Les jeunes plants n\u00e9cessitent un arrosage r\u00e9gulier durant les premi\u00e8res ann\u00e9es. Comptez environ 15 litres par semaine pendant les p\u00e9riodes s\u00e8ches.<\/li>\n<li><strong>Fertilisation<\/strong> : Appliquez un engrais sp\u00e9cifique pour conif\u00e8res au printemps afin d\u2019encourager une croissance vigoureuse.<\/li>\n<\/ul>\n<h2>Maladies et parasites courants<\/h2>\n<p>Le thuya est g\u00e9n\u00e9ralement r\u00e9sistant aux maladies, mais il peut \u00eatre affect\u00e9 par certaines :<\/p>\n<table class=\"kwdbank-table\">\n<thead>\n<tr>\n<th>Maladie\/Parasite<\/th>\n<th>Sympt\u00f4mes<\/th>\n<th>Solutions<\/th>\n<\/tr>\n<\/thead>\n<tbody>\n<tr>\n<td>Cochenilles<\/td>\n<td>Feuilles collantes<\/td>\n<td>Traitements insecticides<\/td>\n<\/tr>\n<tr>\n<td>Chancre<\/td>\n<td>Taches brunes sur le tronc<\/td>\n<td>\u00c9limination des parties atteintes<\/td>\n<\/tr>\n<tr>\n<td>Rouille<\/td>\n<td>Taches orange sur le feuillage<\/td>\n<td>Fongicides sp\u00e9cifiques<\/td>\n<\/tr>\n<\/tbody>\n<\/table>\n<h2>FAQ<\/h2>\n<h3>Quels sont les meilleurs moments pour planter un thuya ?<\/h3>\n<p>Le meilleur moment pour planter un thuya est au printemps ou \u00e0 l\u2019automne lorsque le sol est humide et que les temp\u00e9ratures ne sont pas extr\u00eames.<\/p>\n<h3>Comment entretenir un thuya en pot ?<\/h3>\n<p>Assurez-vous que le pot dispose de bons trous de drainage, arrosez r\u00e9guli\u00e8rement sans saturer le sol et fertilisez tous les six mois avec un engrais adapt\u00e9.<\/p>\n<h3>Le thuya est-il toxique pour les animaux ?<\/h3>\n<p>Oui, toutes les parties du thuya peuvent \u00eatre toxiques si ing\u00e9r\u00e9es par des animaux domestiques comme les chiens ou chats.<\/p>\n<h3>Quelle est la dur\u00e9e de vie d\u2019un thuya ?<\/h3>\n<p>En g\u00e9n\u00e9ral, un thuya peut vivre entre 30 et 50 ans avec des soins appropri\u00e9s.<\/p>\n<h3>Comment reconna\u00eetre un thuya malade ?<\/h3>\n<p>Les signes incluent des feuilles jaunies ou brunes, une croissance ralentie et des branches s\u00e8ches.<\/p>\n<h3>Est-il possible de multiplier le thuya ?<\/h3>\n<p>Oui, vous pouvez multiplier le thuya par bouturage au printemps ou en automne. Utilisez des boutures semi-ligneuses pour obtenir les meilleurs r\u00e9sultats.<\/p>\n<p>Pour d\u00e9buter votre projet avec le thuya d\u00e8s aujourd\u2019hui, procurez-vous vos plants dans une p\u00e9pini\u00e8re locale et pr\u00e9parez votre espace jardinier selon ces recommandations pratiques.<\/p>\n","protected":false},"excerpt":{"rendered":"","protected":false},"author":34,"featured_media":999999999,"comment_status":"open","ping_status":"open","sticky":false,"template":"","format":"standard","meta":{"_acf_changed":false,"manual_indexmenow":false,"indexmenow_id_project":0,"footnotes":""},"categories":[4609],"tags":[],"class_list":["post-7655","post","type-post","status-publish","format-standard","has-post-thumbnail","hentry","category-articles","generate-columns","tablet-grid-50","mobile-grid-100","grid-parent","grid-25"],"acf":[],"yoast_head":"<!-- This site is optimized with the Yoast SEO Premium plugin v21.3 (Yoast SEO v25.6) - https:\/\/yoast.com\/wordpress\/plugins\/seo\/ -->\n<title>Thuya : Guide Plantation &amp; Taille 2026<\/title>\n<meta name=\"description\" content=\"Le thuya, un conif\u00e8re pris\u00e9 pour son feuillage persistant et sa croissance rapide, est souvent utilis\u00e9 en haies, en \u00e9crans de verdure ou comme arbre\u2026\" \/>\n<meta name=\"robots\" content=\"index, follow, max-snippet:-1, max-image-preview:large, max-video-preview:-1\" \/>\n<link rel=\"canonical\" href=\"https:\/\/herberiedelatille.fr\/blog\/articles\/thuya\/\" \/>\n<meta property=\"og:locale\" content=\"fr_FR\" \/>\n<meta property=\"og:type\" content=\"article\" \/>\n<meta property=\"og:title\" content=\"Thuya : Guide Plantation &amp; Taille 2026\" \/>\n<meta property=\"og:description\" content=\"Le thuya, un conif\u00e8re pris\u00e9 pour son feuillage persistant et sa croissance rapide, est souvent utilis\u00e9 en haies, en \u00e9crans de verdure ou comme arbre\u2026\" \/>\n<meta property=\"og:url\" content=\"https:\/\/herberiedelatille.fr\/blog\/articles\/thuya\/\" \/>\n<meta property=\"og:site_name\" content=\"Herberie de la Tille\" \/>\n<meta name=\"author\" content=\"Julien Prigent\" \/>\n<meta name=\"twitter:card\" content=\"summary_large_image\" \/>\n<script type=\"application\/ld+json\" class=\"yoast-schema-graph\">{\"@context\":\"https:\/\/schema.org\",\"@graph\":[{\"@type\":\"NewsArticle\",\"@id\":\"https:\/\/herberiedelatille.fr\/blog\/articles\/thuya\/#article\",\"isPartOf\":{\"@id\":\"https:\/\/herberiedelatille.fr\/blog\/articles\/thuya\/\"},\"author\":{\"name\":\"Julien Prigent\",\"@id\":\"https:\/\/herberiedelatille.fr\/blog\/#\/schema\/person\/3c864cdc320801e3db34b663e7e3f816\"},\"headline\":\"Thuya : Guide Plantation &#038; Taille 2026\",\"datePublished\":\"2026-07-10T09:00:00+00:00\",\"mainEntityOfPage\":{\"@id\":\"https:\/\/herberiedelatille.fr\/blog\/articles\/thuya\/\"},\"wordCount\":744,\"commentCount\":0,\"publisher\":{\"@id\":\"https:\/\/herberiedelatille.fr\/blog\/#organization\"},\"image\":{\"@id\":\"https:\/\/herberiedelatille.fr\/blog\/articles\/thuya\/#primaryimage\"},\"thumbnailUrl\":\"https:\/\/images.pexels.com\/photos\/25038520\/pexels-photo-25038520.jpeg?auto=compress&cs=tinysrgb&fit=crop&h=627&w=1200\",\"articleSection\":[\"Articles\"],\"inLanguage\":\"fr-FR\",\"potentialAction\":[{\"@type\":\"CommentAction\",\"name\":\"Comment\",\"target\":[\"https:\/\/herberiedelatille.fr\/blog\/articles\/thuya\/#respond\"]}]},{\"@type\":\"WebPage\",\"@id\":\"https:\/\/herberiedelatille.fr\/blog\/articles\/thuya\/\",\"url\":\"https:\/\/herberiedelatille.fr\/blog\/articles\/thuya\/\",\"name\":\"Thuya : Guide Plantation & Taille 2026\",\"isPartOf\":{\"@id\":\"https:\/\/herberiedelatille.fr\/blog\/#website\"},\"primaryImageOfPage\":{\"@id\":\"https:\/\/herberiedelatille.fr\/blog\/articles\/thuya\/#primaryimage\"},\"image\":{\"@id\":\"https:\/\/herberiedelatille.fr\/blog\/articles\/thuya\/#primaryimage\"},\"thumbnailUrl\":\"https:\/\/images.pexels.com\/photos\/25038520\/pexels-photo-25038520.jpeg?auto=compress&cs=tinysrgb&fit=crop&h=627&w=1200\",\"datePublished\":\"2026-07-10T09:00:00+00:00\",\"description\":\"Le thuya, un conif\u00e8re pris\u00e9 pour son feuillage persistant et sa croissance rapide, est souvent utilis\u00e9 en haies, en \u00e9crans de verdure ou comme arbre\u2026\",\"inLanguage\":\"fr-FR\",\"potentialAction\":[{\"@type\":\"ReadAction\",\"target\":[\"https:\/\/herberiedelatille.fr\/blog\/articles\/thuya\/\"]}]},{\"@type\":\"ImageObject\",\"inLanguage\":\"fr-FR\",\"@id\":\"https:\/\/herberiedelatille.fr\/blog\/articles\/thuya\/#primaryimage\",\"url\":\"https:\/\/images.pexels.com\/photos\/25038520\/pexels-photo-25038520.jpeg?auto=compress&cs=tinysrgb&fit=crop&h=627&w=1200\",\"contentUrl\":\"https:\/\/images.pexels.com\/photos\/25038520\/pexels-photo-25038520.jpeg?auto=compress&cs=tinysrgb&fit=crop&h=627&w=1200\"},{\"@type\":\"WebSite\",\"@id\":\"https:\/\/herberiedelatille.fr\/blog\/#website\",\"url\":\"https:\/\/herberiedelatille.fr\/blog\/\",\"name\":\"Herberie de la Tille\",\"description\":\"Le m\u00e9dia de la botanique pratique \u2014 plantes, herboristerie, identification\",\"publisher\":{\"@id\":\"https:\/\/herberiedelatille.fr\/blog\/#organization\"},\"alternateName\":\"Herberie de la Tille\",\"potentialAction\":[{\"@type\":\"SearchAction\",\"target\":{\"@type\":\"EntryPoint\",\"urlTemplate\":\"https:\/\/herberiedelatille.fr\/blog\/?s={search_term_string}\"},\"query-input\":{\"@type\":\"PropertyValueSpecification\",\"valueRequired\":true,\"valueName\":\"search_term_string\"}}],\"inLanguage\":\"fr-FR\"},{\"@type\":\"Organization\",\"@id\":\"https:\/\/herberiedelatille.fr\/blog\/#organization\",\"name\":\"Herberie de la Tille\",\"url\":\"https:\/\/herberiedelatille.fr\/blog\/\",\"logo\":{\"@type\":\"ImageObject\",\"inLanguage\":\"fr-FR\",\"@id\":\"https:\/\/herberiedelatille.fr\/blog\/#\/schema\/logo\/image\/\",\"url\":\"https:\/\/herberiedelatille.fr\/blog\/wp-content\/uploads\/2024\/12\/herberiedelatille.png\",\"contentUrl\":\"https:\/\/herberiedelatille.fr\/blog\/wp-content\/uploads\/2024\/12\/herberiedelatille.png\",\"width\":500,\"height\":500,\"caption\":\"Herberie de la Tille\"},\"image\":{\"@id\":\"https:\/\/herberiedelatille.fr\/blog\/#\/schema\/logo\/image\/\"}},{\"@type\":\"Person\",\"@id\":\"https:\/\/herberiedelatille.fr\/blog\/#\/schema\/person\/3c864cdc320801e3db34b663e7e3f816\",\"name\":\"Julien Prigent\",\"image\":{\"@type\":\"ImageObject\",\"inLanguage\":\"fr-FR\",\"@id\":\"https:\/\/herberiedelatille.fr\/blog\/#\/schema\/person\/image\/\",\"url\":\"https:\/\/herberiedelatille.fr\/blog\/wp-content\/uploads\/2026\/06\/persona_julien-p-96x96.jpg\",\"contentUrl\":\"https:\/\/herberiedelatille.fr\/blog\/wp-content\/uploads\/2026\/06\/persona_julien-p-96x96.jpg\",\"caption\":\"Julien Prigent\"},\"description\":\"Bricoleur et jardinier dans l'\u00e2me, j'\u00e9cris sur la maison et ses ext\u00e9rieurs avec les mains dans le cambouis plus que dans les th\u00e9ories. Mon terrain couvre tout l'habitat : le potager et le jardin au fil des saisons, mais aussi les petits travaux, la r\u00e9novation, le bricolage et les m\u00e9tiers du b\u00e2timent \u2014 toiture, isolation, menuiserie, serrurerie, ma\u00e7onnerie. J'aime expliquer un geste technique simplement, donner des fourchettes de prix r\u00e9alistes et les bons crit\u00e8res pour choisir un mat\u00e9riau ou un artisan. Je teste ce que je peux sur mes propres chantiers et au jardin avant d'en parler, je distingue la tradition de ce que confirme l'observation, et je pr\u00e9cise toujours le contexte \u2014 climat, type de sol, configuration du logement \u2014 parce qu'un m\u00eame conseil ne vaut pas partout. Mon but : rendre l'entretien et l'am\u00e9lioration de la maison accessibles, durables et \u00e9conomes.\",\"sameAs\":[\"https:\/\/julienprigent.fr\/\"],\"url\":\"https:\/\/herberiedelatille.fr\/blog\/auteur\/julien-p\/\"}]}<\/script>\n<!-- \/ Yoast SEO Premium plugin. -->","yoast_head_json":{"title":"Thuya : Guide Plantation & Taille 2026","description":"Le thuya, un conif\u00e8re pris\u00e9 pour son feuillage persistant et sa croissance rapide, est souvent utilis\u00e9 en haies, en \u00e9crans de verdure ou comme arbre\u2026","robots":{"index":"index","follow":"follow","max-snippet":"max-snippet:-1","max-image-preview":"max-image-preview:large","max-video-preview":"max-video-preview:-1"},"canonical":"https:\/\/herberiedelatille.fr\/blog\/articles\/thuya\/","og_locale":"fr_FR","og_type":"article","og_title":"Thuya : Guide Plantation & Taille 2026","og_description":"Le thuya, un conif\u00e8re pris\u00e9 pour son feuillage persistant et sa croissance rapide, est souvent utilis\u00e9 en haies, en \u00e9crans de verdure ou comme arbre\u2026","og_url":"https:\/\/herberiedelatille.fr\/blog\/articles\/thuya\/","og_site_name":"Herberie de la Tille","author":"Julien Prigent","twitter_card":"summary_large_image","schema":{"@context":"https:\/\/schema.org","@graph":[{"@type":"NewsArticle","@id":"https:\/\/herberiedelatille.fr\/blog\/articles\/thuya\/#article","isPartOf":{"@id":"https:\/\/herberiedelatille.fr\/blog\/articles\/thuya\/"},"author":{"name":"Julien Prigent","@id":"https:\/\/herberiedelatille.fr\/blog\/#\/schema\/person\/3c864cdc320801e3db34b663e7e3f816"},"headline":"Thuya : Guide Plantation &#038; Taille 2026","datePublished":"2026-07-10T09:00:00+00:00","mainEntityOfPage":{"@id":"https:\/\/herberiedelatille.fr\/blog\/articles\/thuya\/"},"wordCount":744,"commentCount":0,"publisher":{"@id":"https:\/\/herberiedelatille.fr\/blog\/#organization"},"image":{"@id":"https:\/\/herberiedelatille.fr\/blog\/articles\/thuya\/#primaryimage"},"thumbnailUrl":"https:\/\/images.pexels.com\/photos\/25038520\/pexels-photo-25038520.jpeg?auto=compress&cs=tinysrgb&fit=crop&h=627&w=1200","articleSection":["Articles"],"inLanguage":"fr-FR","potentialAction":[{"@type":"CommentAction","name":"Comment","target":["https:\/\/herberiedelatille.fr\/blog\/articles\/thuya\/#respond"]}]},{"@type":"WebPage","@id":"https:\/\/herberiedelatille.fr\/blog\/articles\/thuya\/","url":"https:\/\/herberiedelatille.fr\/blog\/articles\/thuya\/","name":"Thuya : Guide Plantation & Taille 2026","isPartOf":{"@id":"https:\/\/herberiedelatille.fr\/blog\/#website"},"primaryImageOfPage":{"@id":"https:\/\/herberiedelatille.fr\/blog\/articles\/thuya\/#primaryimage"},"image":{"@id":"https:\/\/herberiedelatille.fr\/blog\/articles\/thuya\/#primaryimage"},"thumbnailUrl":"https:\/\/images.pexels.com\/photos\/25038520\/pexels-photo-25038520.jpeg?auto=compress&cs=tinysrgb&fit=crop&h=627&w=1200","datePublished":"2026-07-10T09:00:00+00:00","description":"Le thuya, un conif\u00e8re pris\u00e9 pour son feuillage persistant et sa croissance rapide, est souvent utilis\u00e9 en haies, en \u00e9crans de verdure ou comme arbre\u2026","inLanguage":"fr-FR","potentialAction":[{"@type":"ReadAction","target":["https:\/\/herberiedelatille.fr\/blog\/articles\/thuya\/"]}]},{"@type":"ImageObject","inLanguage":"fr-FR","@id":"https:\/\/herberiedelatille.fr\/blog\/articles\/thuya\/#primaryimage","url":"https:\/\/images.pexels.com\/photos\/25038520\/pexels-photo-25038520.jpeg?auto=compress&cs=tinysrgb&fit=crop&h=627&w=1200","contentUrl":"https:\/\/images.pexels.com\/photos\/25038520\/pexels-photo-25038520.jpeg?auto=compress&cs=tinysrgb&fit=crop&h=627&w=1200"},{"@type":"WebSite","@id":"https:\/\/herberiedelatille.fr\/blog\/#website","url":"https:\/\/herberiedelatille.fr\/blog\/","name":"Herberie de la Tille","description":"Le m\u00e9dia de la botanique pratique \u2014 plantes, herboristerie, identification","publisher":{"@id":"https:\/\/herberiedelatille.fr\/blog\/#organization"},"alternateName":"Herberie de la Tille","potentialAction":[{"@type":"SearchAction","target":{"@type":"EntryPoint","urlTemplate":"https:\/\/herberiedelatille.fr\/blog\/?s={search_term_string}"},"query-input":{"@type":"PropertyValueSpecification","valueRequired":true,"valueName":"search_term_string"}}],"inLanguage":"fr-FR"},{"@type":"Organization","@id":"https:\/\/herberiedelatille.fr\/blog\/#organization","name":"Herberie de la Tille","url":"https:\/\/herberiedelatille.fr\/blog\/","logo":{"@type":"ImageObject","inLanguage":"fr-FR","@id":"https:\/\/herberiedelatille.fr\/blog\/#\/schema\/logo\/image\/","url":"https:\/\/herberiedelatille.fr\/blog\/wp-content\/uploads\/2024\/12\/herberiedelatille.png","contentUrl":"https:\/\/herberiedelatille.fr\/blog\/wp-content\/uploads\/2024\/12\/herberiedelatille.png","width":500,"height":500,"caption":"Herberie de la Tille"},"image":{"@id":"https:\/\/herberiedelatille.fr\/blog\/#\/schema\/logo\/image\/"}},{"@type":"Person","@id":"https:\/\/herberiedelatille.fr\/blog\/#\/schema\/person\/3c864cdc320801e3db34b663e7e3f816","name":"Julien Prigent","image":{"@type":"ImageObject","inLanguage":"fr-FR","@id":"https:\/\/herberiedelatille.fr\/blog\/#\/schema\/person\/image\/","url":"https:\/\/herberiedelatille.fr\/blog\/wp-content\/uploads\/2026\/06\/persona_julien-p-96x96.jpg","contentUrl":"https:\/\/herberiedelatille.fr\/blog\/wp-content\/uploads\/2026\/06\/persona_julien-p-96x96.jpg","caption":"Julien Prigent"},"description":"Bricoleur et jardinier dans l'\u00e2me, j'\u00e9cris sur la maison et ses ext\u00e9rieurs avec les mains dans le cambouis plus que dans les th\u00e9ories. Mon terrain couvre tout l'habitat : le potager et le jardin au fil des saisons, mais aussi les petits travaux, la r\u00e9novation, le bricolage et les m\u00e9tiers du b\u00e2timent \u2014 toiture, isolation, menuiserie, serrurerie, ma\u00e7onnerie. J'aime expliquer un geste technique simplement, donner des fourchettes de prix r\u00e9alistes et les bons crit\u00e8res pour choisir un mat\u00e9riau ou un artisan. Je teste ce que je peux sur mes propres chantiers et au jardin avant d'en parler, je distingue la tradition de ce que confirme l'observation, et je pr\u00e9cise toujours le contexte \u2014 climat, type de sol, configuration du logement \u2014 parce qu'un m\u00eame conseil ne vaut pas partout. Mon but : rendre l'entretien et l'am\u00e9lioration de la maison accessibles, durables et \u00e9conomes.","sameAs":["https:\/\/julienprigent.fr\/"],"url":"https:\/\/herberiedelatille.fr\/blog\/auteur\/julien-p\/"}]}},"_links":{"self":[{"href":"https:\/\/herberiedelatille.fr\/blog\/wp-json\/wp\/v2\/posts\/7655","targetHints":{"allow":["GET"]}}],"collection":[{"href":"https:\/\/herberiedelatille.fr\/blog\/wp-json\/wp\/v2\/posts"}],"about":[{"href":"https:\/\/herberiedelatille.fr\/blog\/wp-json\/wp\/v2\/types\/post"}],"author":[{"embeddable":true,"href":"https:\/\/herberiedelatille.fr\/blog\/wp-json\/wp\/v2\/users\/34"}],"replies":[{"embeddable":true,"href":"https:\/\/herberiedelatille.fr\/blog\/wp-json\/wp\/v2\/comments?post=7655"}],"version-history":[{"count":1,"href":"https:\/\/herberiedelatille.fr\/blog\/wp-json\/wp\/v2\/posts\/7655\/revisions"}],"predecessor-version":[{"id":7872,"href":"https:\/\/herberiedelatille.fr\/blog\/wp-json\/wp\/v2\/posts\/7655\/revisions\/7872"}],"wp:attachment":[{"href":"https:\/\/herberiedelatille.fr\/blog\/wp-json\/wp\/v2\/media?parent=7655"}],"wp:term":[{"taxonomy":"category","embeddable":true,"href":"https:\/\/herberiedelatille.fr\/blog\/wp-json\/wp\/v2\/categories?post=7655"},{"taxonomy":"post_tag","embeddable":true,"href":"https:\/\/herberiedelatille.fr\/blog\/wp-json\/wp\/v2\/tags?post=7655"}],"curies":[{"name":"wp","href":"https:\/\/api.w.org\/{rel}","templated":true}]}}