{"id":7661,"date":"2026-07-16T09:00:00","date_gmt":"2026-07-16T09:00:00","guid":{"rendered":"https:\/\/herberiedelatille.fr\/blog\/?p=7661"},"modified":"2026-07-16T09:00:00","modified_gmt":"2026-07-16T09:00:00","slug":"fleurs-de-vanille","status":"publish","type":"post","link":"https:\/\/herberiedelatille.fr\/blog\/articles\/fleurs-de-vanille\/","title":{"rendered":"Fleurs vanille : Culture et pollinisation"},"content":{"rendered":"<p>Les <strong>fleurs de vanille<\/strong>, issues de la plante <strong>Vanilla planifolia<\/strong>, n\u00e9cessitent une attention particuli\u00e8re pour garantir leur pollinisation et leur culture. Ces fleurs, qui ne s\u2019\u00e9panouissent qu\u2019une journ\u00e9e, sont essentielles pour la production de gousses de vanille. En effet, sans une pollinisation ad\u00e9quate, il n\u2019y a pas de fruits. Cet article vous guide \u00e0 travers les \u00e9tapes pratiques pour cultiver et polliniser efficacement les fleurs de vanille.<\/p>\n<h2>Comprendre la fleur de vanille<\/h2>\n<h3>Caract\u00e9ristiques des fleurs<\/h3>\n<p>Les fleurs de vanille sont g\u00e9n\u00e9ralement grandes, mesurant entre 5 et 10 cm de diam\u00e8tre, avec une couleur allant du jaune au vert clair. Elles poss\u00e8dent un labelle distinctif qui attire les pollinisateurs. Cependant, dans les r\u00e9gions o\u00f9 la plante est cultiv\u00e9e en dehors de son habitat naturel (comme en Europe ou aux \u00c9tats-Unis), ces pollinisateurs naturels \u2014 souvent des abeilles sp\u00e9cifiques \u2014 sont absents.<\/p>\n<h3>Importance de la pollinisation<\/h3>\n<p>La pollinisation est cruciale car elle permet la formation des gousses. Sans cela, m\u00eame si la plante est en bonne sant\u00e9, vous ne r\u00e9colterez rien. Environ 95 % des cultures commerciales d\u00e9pendent d\u2019une pollinisation manuelle dans ces r\u00e9gions non-native.<\/p>\n<h2>\u00c9tapes pour cultiver des fleurs de vanille<\/h2>\n<h3>Choisir le bon emplacement<\/h3>\n<ol>\n<li><strong>Ensoleillement<\/strong> : Les fleurs de vanille ont besoin d\u2019une exposition indirecte au soleil pendant environ 6 heures par jour.<\/li>\n<li><strong>Humidit\u00e9<\/strong> : Un taux d\u2019humidit\u00e9 \u00e9lev\u00e9 (environ 70-80 %) est essentiel pour le d\u00e9veloppement optimal des fleurs.<\/li>\n<\/ol>\n<h3>Pr\u00e9parer le sol<\/h3>\n<p>Utilisez un m\u00e9lange de terre bien drain\u00e9 et riche en mati\u00e8re organique. Un pH entre 6 et 7 est id\u00e9al. Par exemple, un m\u00e9lange compos\u00e9 de terreau, d\u2019\u00e9corce de pin et de tourbe peut favoriser une croissance saine.<\/p>\n<h3>Plantation<\/h3>\n<ul>\n<li>Plantez les boutures d\u2019environ 30 cm avec un support (comme un tuteur) pour qu\u2019elles puissent grimper.<\/li>\n<li>Arrosez mod\u00e9r\u00e9ment, en veillant \u00e0 ne pas noyer les racines.<\/li>\n<\/ul>\n<h2>Pollinisation des fleurs de vanille<\/h2>\n<h3>Techniques manuelles<\/h3>\n<ol>\n<li><strong>Identifier le moment<\/strong> : Pollinez les fleurs le matin lorsqu\u2019elles s\u2019ouvrent.<\/li>\n<li><strong>Utiliser un outil<\/strong> : Un petit b\u00e2ton ou une pince \u00e0 \u00e9piler peut \u00eatre utilis\u00e9 pour soulever le labelle et transf\u00e9rer le pollen sur le stigmate.<\/li>\n<li><strong>Fr\u00e9quence<\/strong> : Chaque fleur doit \u00eatre pollinis\u00e9e dans les 24 heures suivant son ouverture.<\/li>\n<\/ol>\n<h4>Tableau r\u00e9capitulatif des \u00e9tapes de pollinisation :<\/h4>\n<table class=\"kwdbank-table\">\n<thead>\n<tr>\n<th>\u00c9tape<\/th>\n<th>D\u00e9tails<\/th>\n<\/tr>\n<\/thead>\n<tbody>\n<tr>\n<td>Identification<\/td>\n<td>Fleurs ouvertes le matin<\/td>\n<\/tr>\n<tr>\n<td>Outil requis<\/td>\n<td>B\u00e2ton ou pince \u00e0 \u00e9piler<\/td>\n<\/tr>\n<tr>\n<td>Dur\u00e9e d\u2019ouverture<\/td>\n<td>24 heures apr\u00e8s l\u2019\u00e9closion<\/td>\n<\/tr>\n<tr>\n<td>Fr\u00e9quence<\/td>\n<td>Chaque fleur doit \u00eatre pollinis\u00e9e<\/td>\n<\/tr>\n<\/tbody>\n<\/table>\n<h3>Pi\u00e8ges \u00e0 \u00e9viter<\/h3>\n<p>\u00c9vitez de polliniser les fleurs par temps pluvieux ou tr\u00e8s humide, car cela peut nuire \u00e0 l\u2019adh\u00e9rence du pollen sur le stigmate et r\u00e9duire vos chances de succ\u00e8s.<\/p>\n<h2>Entretien post-pollinisation<\/h2>\n<p>Apr\u00e8s la pollinisation r\u00e9ussie, attendez environ 8 mois pour que les gousses se d\u00e9veloppent pleinement. Pendant cette p\u00e9riode :<\/p>\n<ul>\n<li>Assurez-vous que la plante reste bien arros\u00e9e sans exc\u00e8s.<\/li>\n<li>Surveillez r\u00e9guli\u00e8rement les signes de maladies ou d\u2019insectes nuisibles.<\/li>\n<\/ul>\n<h2>R\u00e9colte des gousses<\/h2>\n<p>Lorsque les gousses deviennent jaunes \u00e0 leur extr\u00e9mit\u00e9, c\u2019est le moment id\u00e9al pour r\u00e9colter. Coupez-les d\u00e9licatement avec un couteau propre et laissez-les s\u00e9cher au soleil pendant quelques jours avant de proc\u00e9der \u00e0 leur traitement.<\/p>\n<h2>FAQ sur les fleurs vanille<\/h2>\n<h3>Comment savoir si ma fleur de vanille est pr\u00eate \u00e0 \u00eatre pollinis\u00e9e ?<\/h3>\n<p>Les fleurs doivent \u00eatre ouvertes depuis moins de 24 heures pour assurer une meilleure chance de succ\u00e8s lors de la pollinisation.<\/p>\n<h3>Quelle est la dur\u00e9e n\u00e9cessaire pour obtenir des gousses apr\u00e8s la pollinisation ?<\/h3>\n<p>Il faut g\u00e9n\u00e9ralement entre 6 \u00e0 9 mois apr\u00e8s la pollinisation pour que les gousses soient pr\u00eates \u00e0 \u00eatre r\u00e9colt\u00e9es.<\/p>\n<h3>Puis-je cultiver des fleurs de vanille en int\u00e9rieur ?<\/h3>\n<p>Oui, il est possible d\u2019\u00e9lever des plants en int\u00e9rieur avec suffisamment d\u2019humidit\u00e9 et une source lumineuse ad\u00e9quate.<\/p>\n<h3>Quelles sont les conditions climatiques id\u00e9ales pour cultiver la vanille ?<\/h3>\n<p>La vanille pr\u00e9f\u00e8re un climat tropical avec des temp\u00e9ratures comprises entre 20\u00b0C et 30\u00b0C ainsi qu\u2019un taux d\u2019humidit\u00e9 \u00e9lev\u00e9.<\/p>\n<h3>Existe-t-il des vari\u00e9t\u00e9s diff\u00e9rentes dans les plantes \u00e0 fleurs vanille ?<\/h3>\n<p>Oui, il existe plusieurs vari\u00e9t\u00e9s comme Vanilla tahitensis qui offrent diff\u00e9rentes saveurs et ar\u00f4mes.<\/p>\n<p>Pour ceux qui souhaitent se lancer dans cette aventure florale, commencez d\u00e8s aujourd\u2019hui par pr\u00e9parer votre espace et vos outils !<\/p>\n","protected":false},"excerpt":{"rendered":"","protected":false},"author":34,"featured_media":999999999,"comment_status":"open","ping_status":"open","sticky":false,"template":"","format":"standard","meta":{"_acf_changed":false,"manual_indexmenow":false,"indexmenow_id_project":0,"footnotes":""},"categories":[4609],"tags":[],"class_list":["post-7661","post","type-post","status-publish","format-standard","has-post-thumbnail","hentry","category-articles","generate-columns","tablet-grid-50","mobile-grid-100","grid-parent","grid-25"],"acf":[],"yoast_head":"<!-- This site is optimized with the Yoast SEO Premium plugin v21.3 (Yoast SEO v25.6) - https:\/\/yoast.com\/wordpress\/plugins\/seo\/ -->\n<title>Fleurs vanille : Culture et pollinisation<\/title>\n<meta name=\"description\" content=\"Les fleurs de vanille, issues de la plante Vanilla planifolia, n\u00e9cessitent une attention particuli\u00e8re pour garantir leur pollinisation et leur culture.\u2026\" \/>\n<meta name=\"robots\" content=\"index, follow, max-snippet:-1, max-image-preview:large, max-video-preview:-1\" \/>\n<link rel=\"canonical\" href=\"https:\/\/herberiedelatille.fr\/blog\/articles\/fleurs-de-vanille\/\" \/>\n<meta property=\"og:locale\" content=\"fr_FR\" \/>\n<meta property=\"og:type\" content=\"article\" \/>\n<meta property=\"og:title\" content=\"Fleurs vanille : Culture et pollinisation\" \/>\n<meta property=\"og:description\" content=\"Les fleurs de vanille, issues de la plante Vanilla planifolia, n\u00e9cessitent une attention particuli\u00e8re pour garantir leur pollinisation et leur culture.\u2026\" \/>\n<meta property=\"og:url\" content=\"https:\/\/herberiedelatille.fr\/blog\/articles\/fleurs-de-vanille\/\" \/>\n<meta property=\"og:site_name\" content=\"Herberie de la Tille\" \/>\n<meta name=\"author\" content=\"Julien Prigent\" \/>\n<meta name=\"twitter:card\" content=\"summary_large_image\" \/>\n<script type=\"application\/ld+json\" class=\"yoast-schema-graph\">{\"@context\":\"https:\/\/schema.org\",\"@graph\":[{\"@type\":\"NewsArticle\",\"@id\":\"https:\/\/herberiedelatille.fr\/blog\/articles\/fleurs-de-vanille\/#article\",\"isPartOf\":{\"@id\":\"https:\/\/herberiedelatille.fr\/blog\/articles\/fleurs-de-vanille\/\"},\"author\":{\"name\":\"Julien Prigent\",\"@id\":\"https:\/\/herberiedelatille.fr\/blog\/#\/schema\/person\/3c864cdc320801e3db34b663e7e3f816\"},\"headline\":\"Fleurs vanille : Culture et pollinisation\",\"datePublished\":\"2026-07-16T09:00:00+00:00\",\"mainEntityOfPage\":{\"@id\":\"https:\/\/herberiedelatille.fr\/blog\/articles\/fleurs-de-vanille\/\"},\"wordCount\":737,\"commentCount\":0,\"publisher\":{\"@id\":\"https:\/\/herberiedelatille.fr\/blog\/#organization\"},\"image\":{\"@id\":\"https:\/\/herberiedelatille.fr\/blog\/articles\/fleurs-de-vanille\/#primaryimage\"},\"thumbnailUrl\":\"https:\/\/images.pexels.com\/photos\/34473118\/pexels-photo-34473118.jpeg?auto=compress&cs=tinysrgb&fit=crop&h=627&w=1200\",\"articleSection\":[\"Articles\"],\"inLanguage\":\"fr-FR\",\"potentialAction\":[{\"@type\":\"CommentAction\",\"name\":\"Comment\",\"target\":[\"https:\/\/herberiedelatille.fr\/blog\/articles\/fleurs-de-vanille\/#respond\"]}]},{\"@type\":\"WebPage\",\"@id\":\"https:\/\/herberiedelatille.fr\/blog\/articles\/fleurs-de-vanille\/\",\"url\":\"https:\/\/herberiedelatille.fr\/blog\/articles\/fleurs-de-vanille\/\",\"name\":\"Fleurs vanille : Culture et pollinisation\",\"isPartOf\":{\"@id\":\"https:\/\/herberiedelatille.fr\/blog\/#website\"},\"primaryImageOfPage\":{\"@id\":\"https:\/\/herberiedelatille.fr\/blog\/articles\/fleurs-de-vanille\/#primaryimage\"},\"image\":{\"@id\":\"https:\/\/herberiedelatille.fr\/blog\/articles\/fleurs-de-vanille\/#primaryimage\"},\"thumbnailUrl\":\"https:\/\/images.pexels.com\/photos\/34473118\/pexels-photo-34473118.jpeg?auto=compress&cs=tinysrgb&fit=crop&h=627&w=1200\",\"datePublished\":\"2026-07-16T09:00:00+00:00\",\"description\":\"Les fleurs de vanille, issues de la plante Vanilla planifolia, n\u00e9cessitent une attention particuli\u00e8re pour garantir leur pollinisation et leur culture.\u2026\",\"inLanguage\":\"fr-FR\",\"potentialAction\":[{\"@type\":\"ReadAction\",\"target\":[\"https:\/\/herberiedelatille.fr\/blog\/articles\/fleurs-de-vanille\/\"]}]},{\"@type\":\"ImageObject\",\"inLanguage\":\"fr-FR\",\"@id\":\"https:\/\/herberiedelatille.fr\/blog\/articles\/fleurs-de-vanille\/#primaryimage\",\"url\":\"https:\/\/images.pexels.com\/photos\/34473118\/pexels-photo-34473118.jpeg?auto=compress&cs=tinysrgb&fit=crop&h=627&w=1200\",\"contentUrl\":\"https:\/\/images.pexels.com\/photos\/34473118\/pexels-photo-34473118.jpeg?auto=compress&cs=tinysrgb&fit=crop&h=627&w=1200\"},{\"@type\":\"WebSite\",\"@id\":\"https:\/\/herberiedelatille.fr\/blog\/#website\",\"url\":\"https:\/\/herberiedelatille.fr\/blog\/\",\"name\":\"Herberie de la Tille\",\"description\":\"Le m\u00e9dia de la botanique pratique \u2014 plantes, herboristerie, identification\",\"publisher\":{\"@id\":\"https:\/\/herberiedelatille.fr\/blog\/#organization\"},\"alternateName\":\"Herberie de la Tille\",\"potentialAction\":[{\"@type\":\"SearchAction\",\"target\":{\"@type\":\"EntryPoint\",\"urlTemplate\":\"https:\/\/herberiedelatille.fr\/blog\/?s={search_term_string}\"},\"query-input\":{\"@type\":\"PropertyValueSpecification\",\"valueRequired\":true,\"valueName\":\"search_term_string\"}}],\"inLanguage\":\"fr-FR\"},{\"@type\":\"Organization\",\"@id\":\"https:\/\/herberiedelatille.fr\/blog\/#organization\",\"name\":\"Herberie de la Tille\",\"url\":\"https:\/\/herberiedelatille.fr\/blog\/\",\"logo\":{\"@type\":\"ImageObject\",\"inLanguage\":\"fr-FR\",\"@id\":\"https:\/\/herberiedelatille.fr\/blog\/#\/schema\/logo\/image\/\",\"url\":\"https:\/\/herberiedelatille.fr\/blog\/wp-content\/uploads\/2024\/12\/herberiedelatille.png\",\"contentUrl\":\"https:\/\/herberiedelatille.fr\/blog\/wp-content\/uploads\/2024\/12\/herberiedelatille.png\",\"width\":500,\"height\":500,\"caption\":\"Herberie de la Tille\"},\"image\":{\"@id\":\"https:\/\/herberiedelatille.fr\/blog\/#\/schema\/logo\/image\/\"}},{\"@type\":\"Person\",\"@id\":\"https:\/\/herberiedelatille.fr\/blog\/#\/schema\/person\/3c864cdc320801e3db34b663e7e3f816\",\"name\":\"Julien Prigent\",\"image\":{\"@type\":\"ImageObject\",\"inLanguage\":\"fr-FR\",\"@id\":\"https:\/\/herberiedelatille.fr\/blog\/#\/schema\/person\/image\/\",\"url\":\"https:\/\/herberiedelatille.fr\/blog\/wp-content\/uploads\/2026\/06\/persona_julien-p-96x96.jpg\",\"contentUrl\":\"https:\/\/herberiedelatille.fr\/blog\/wp-content\/uploads\/2026\/06\/persona_julien-p-96x96.jpg\",\"caption\":\"Julien Prigent\"},\"description\":\"Bricoleur et jardinier dans l'\u00e2me, j'\u00e9cris sur la maison et ses ext\u00e9rieurs avec les mains dans le cambouis plus que dans les th\u00e9ories. Mon terrain couvre tout l'habitat : le potager et le jardin au fil des saisons, mais aussi les petits travaux, la r\u00e9novation, le bricolage et les m\u00e9tiers du b\u00e2timent \u2014 toiture, isolation, menuiserie, serrurerie, ma\u00e7onnerie. J'aime expliquer un geste technique simplement, donner des fourchettes de prix r\u00e9alistes et les bons crit\u00e8res pour choisir un mat\u00e9riau ou un artisan. Je teste ce que je peux sur mes propres chantiers et au jardin avant d'en parler, je distingue la tradition de ce que confirme l'observation, et je pr\u00e9cise toujours le contexte \u2014 climat, type de sol, configuration du logement \u2014 parce qu'un m\u00eame conseil ne vaut pas partout. Mon but : rendre l'entretien et l'am\u00e9lioration de la maison accessibles, durables et \u00e9conomes.\",\"sameAs\":[\"https:\/\/julienprigent.fr\/\"],\"url\":\"https:\/\/herberiedelatille.fr\/blog\/auteur\/julien-p\/\"}]}<\/script>\n<!-- \/ Yoast SEO Premium plugin. -->","yoast_head_json":{"title":"Fleurs vanille : Culture et pollinisation","description":"Les fleurs de vanille, issues de la plante Vanilla planifolia, n\u00e9cessitent une attention particuli\u00e8re pour garantir leur pollinisation et leur culture.\u2026","robots":{"index":"index","follow":"follow","max-snippet":"max-snippet:-1","max-image-preview":"max-image-preview:large","max-video-preview":"max-video-preview:-1"},"canonical":"https:\/\/herberiedelatille.fr\/blog\/articles\/fleurs-de-vanille\/","og_locale":"fr_FR","og_type":"article","og_title":"Fleurs vanille : Culture et pollinisation","og_description":"Les fleurs de vanille, issues de la plante Vanilla planifolia, n\u00e9cessitent une attention particuli\u00e8re pour garantir leur pollinisation et leur culture.\u2026","og_url":"https:\/\/herberiedelatille.fr\/blog\/articles\/fleurs-de-vanille\/","og_site_name":"Herberie de la Tille","author":"Julien Prigent","twitter_card":"summary_large_image","schema":{"@context":"https:\/\/schema.org","@graph":[{"@type":"NewsArticle","@id":"https:\/\/herberiedelatille.fr\/blog\/articles\/fleurs-de-vanille\/#article","isPartOf":{"@id":"https:\/\/herberiedelatille.fr\/blog\/articles\/fleurs-de-vanille\/"},"author":{"name":"Julien Prigent","@id":"https:\/\/herberiedelatille.fr\/blog\/#\/schema\/person\/3c864cdc320801e3db34b663e7e3f816"},"headline":"Fleurs vanille : Culture et pollinisation","datePublished":"2026-07-16T09:00:00+00:00","mainEntityOfPage":{"@id":"https:\/\/herberiedelatille.fr\/blog\/articles\/fleurs-de-vanille\/"},"wordCount":737,"commentCount":0,"publisher":{"@id":"https:\/\/herberiedelatille.fr\/blog\/#organization"},"image":{"@id":"https:\/\/herberiedelatille.fr\/blog\/articles\/fleurs-de-vanille\/#primaryimage"},"thumbnailUrl":"https:\/\/images.pexels.com\/photos\/34473118\/pexels-photo-34473118.jpeg?auto=compress&cs=tinysrgb&fit=crop&h=627&w=1200","articleSection":["Articles"],"inLanguage":"fr-FR","potentialAction":[{"@type":"CommentAction","name":"Comment","target":["https:\/\/herberiedelatille.fr\/blog\/articles\/fleurs-de-vanille\/#respond"]}]},{"@type":"WebPage","@id":"https:\/\/herberiedelatille.fr\/blog\/articles\/fleurs-de-vanille\/","url":"https:\/\/herberiedelatille.fr\/blog\/articles\/fleurs-de-vanille\/","name":"Fleurs vanille : Culture et pollinisation","isPartOf":{"@id":"https:\/\/herberiedelatille.fr\/blog\/#website"},"primaryImageOfPage":{"@id":"https:\/\/herberiedelatille.fr\/blog\/articles\/fleurs-de-vanille\/#primaryimage"},"image":{"@id":"https:\/\/herberiedelatille.fr\/blog\/articles\/fleurs-de-vanille\/#primaryimage"},"thumbnailUrl":"https:\/\/images.pexels.com\/photos\/34473118\/pexels-photo-34473118.jpeg?auto=compress&cs=tinysrgb&fit=crop&h=627&w=1200","datePublished":"2026-07-16T09:00:00+00:00","description":"Les fleurs de vanille, issues de la plante Vanilla planifolia, n\u00e9cessitent une attention particuli\u00e8re pour garantir leur pollinisation et leur culture.\u2026","inLanguage":"fr-FR","potentialAction":[{"@type":"ReadAction","target":["https:\/\/herberiedelatille.fr\/blog\/articles\/fleurs-de-vanille\/"]}]},{"@type":"ImageObject","inLanguage":"fr-FR","@id":"https:\/\/herberiedelatille.fr\/blog\/articles\/fleurs-de-vanille\/#primaryimage","url":"https:\/\/images.pexels.com\/photos\/34473118\/pexels-photo-34473118.jpeg?auto=compress&cs=tinysrgb&fit=crop&h=627&w=1200","contentUrl":"https:\/\/images.pexels.com\/photos\/34473118\/pexels-photo-34473118.jpeg?auto=compress&cs=tinysrgb&fit=crop&h=627&w=1200"},{"@type":"WebSite","@id":"https:\/\/herberiedelatille.fr\/blog\/#website","url":"https:\/\/herberiedelatille.fr\/blog\/","name":"Herberie de la Tille","description":"Le m\u00e9dia de la botanique pratique \u2014 plantes, herboristerie, identification","publisher":{"@id":"https:\/\/herberiedelatille.fr\/blog\/#organization"},"alternateName":"Herberie de la Tille","potentialAction":[{"@type":"SearchAction","target":{"@type":"EntryPoint","urlTemplate":"https:\/\/herberiedelatille.fr\/blog\/?s={search_term_string}"},"query-input":{"@type":"PropertyValueSpecification","valueRequired":true,"valueName":"search_term_string"}}],"inLanguage":"fr-FR"},{"@type":"Organization","@id":"https:\/\/herberiedelatille.fr\/blog\/#organization","name":"Herberie de la Tille","url":"https:\/\/herberiedelatille.fr\/blog\/","logo":{"@type":"ImageObject","inLanguage":"fr-FR","@id":"https:\/\/herberiedelatille.fr\/blog\/#\/schema\/logo\/image\/","url":"https:\/\/herberiedelatille.fr\/blog\/wp-content\/uploads\/2024\/12\/herberiedelatille.png","contentUrl":"https:\/\/herberiedelatille.fr\/blog\/wp-content\/uploads\/2024\/12\/herberiedelatille.png","width":500,"height":500,"caption":"Herberie de la Tille"},"image":{"@id":"https:\/\/herberiedelatille.fr\/blog\/#\/schema\/logo\/image\/"}},{"@type":"Person","@id":"https:\/\/herberiedelatille.fr\/blog\/#\/schema\/person\/3c864cdc320801e3db34b663e7e3f816","name":"Julien Prigent","image":{"@type":"ImageObject","inLanguage":"fr-FR","@id":"https:\/\/herberiedelatille.fr\/blog\/#\/schema\/person\/image\/","url":"https:\/\/herberiedelatille.fr\/blog\/wp-content\/uploads\/2026\/06\/persona_julien-p-96x96.jpg","contentUrl":"https:\/\/herberiedelatille.fr\/blog\/wp-content\/uploads\/2026\/06\/persona_julien-p-96x96.jpg","caption":"Julien Prigent"},"description":"Bricoleur et jardinier dans l'\u00e2me, j'\u00e9cris sur la maison et ses ext\u00e9rieurs avec les mains dans le cambouis plus que dans les th\u00e9ories. Mon terrain couvre tout l'habitat : le potager et le jardin au fil des saisons, mais aussi les petits travaux, la r\u00e9novation, le bricolage et les m\u00e9tiers du b\u00e2timent \u2014 toiture, isolation, menuiserie, serrurerie, ma\u00e7onnerie. J'aime expliquer un geste technique simplement, donner des fourchettes de prix r\u00e9alistes et les bons crit\u00e8res pour choisir un mat\u00e9riau ou un artisan. Je teste ce que je peux sur mes propres chantiers et au jardin avant d'en parler, je distingue la tradition de ce que confirme l'observation, et je pr\u00e9cise toujours le contexte \u2014 climat, type de sol, configuration du logement \u2014 parce qu'un m\u00eame conseil ne vaut pas partout. Mon but : rendre l'entretien et l'am\u00e9lioration de la maison accessibles, durables et \u00e9conomes.","sameAs":["https:\/\/julienprigent.fr\/"],"url":"https:\/\/herberiedelatille.fr\/blog\/auteur\/julien-p\/"}]}},"_links":{"self":[{"href":"https:\/\/herberiedelatille.fr\/blog\/wp-json\/wp\/v2\/posts\/7661","targetHints":{"allow":["GET"]}}],"collection":[{"href":"https:\/\/herberiedelatille.fr\/blog\/wp-json\/wp\/v2\/posts"}],"about":[{"href":"https:\/\/herberiedelatille.fr\/blog\/wp-json\/wp\/v2\/types\/post"}],"author":[{"embeddable":true,"href":"https:\/\/herberiedelatille.fr\/blog\/wp-json\/wp\/v2\/users\/34"}],"replies":[{"embeddable":true,"href":"https:\/\/herberiedelatille.fr\/blog\/wp-json\/wp\/v2\/comments?post=7661"}],"version-history":[{"count":1,"href":"https:\/\/herberiedelatille.fr\/blog\/wp-json\/wp\/v2\/posts\/7661\/revisions"}],"predecessor-version":[{"id":7878,"href":"https:\/\/herberiedelatille.fr\/blog\/wp-json\/wp\/v2\/posts\/7661\/revisions\/7878"}],"wp:attachment":[{"href":"https:\/\/herberiedelatille.fr\/blog\/wp-json\/wp\/v2\/media?parent=7661"}],"wp:term":[{"taxonomy":"category","embeddable":true,"href":"https:\/\/herberiedelatille.fr\/blog\/wp-json\/wp\/v2\/categories?post=7661"},{"taxonomy":"post_tag","embeddable":true,"href":"https:\/\/herberiedelatille.fr\/blog\/wp-json\/wp\/v2\/tags?post=7661"}],"curies":[{"name":"wp","href":"https:\/\/api.w.org\/{rel}","templated":true}]}}