{"id":7662,"date":"2026-07-17T09:00:00","date_gmt":"2026-07-17T09:00:00","guid":{"rendered":"https:\/\/herberiedelatille.fr\/blog\/?p=7662"},"modified":"2026-07-17T09:00:00","modified_gmt":"2026-07-17T09:00:00","slug":"pensees","status":"publish","type":"post","link":"https:\/\/herberiedelatille.fr\/blog\/articles\/pensees\/","title":{"rendered":"Pens\u00e9es fleurs : plantation guide 2026"},"content":{"rendered":"<p>Les pens\u00e9es sont des fleurs embl\u00e9matiques du printemps, appr\u00e9ci\u00e9es pour leurs couleurs vives et leur floraison pr\u00e9coce. Pour les jardiniers amateurs et les passionn\u00e9s de jardinage, comprendre comment planter et entretenir ces fleurs en 2026 est essentiel pour obtenir des r\u00e9sultats spectaculaires. Cet article vous guidera \u00e0 travers les \u00e9tapes de plantation, d\u2019entretien et vous pr\u00e9sentera des alternatives int\u00e9ressantes.<\/p>\n<h2>Qu\u2019est-ce que la pens\u00e9e ?<\/h2>\n<p>La pens\u00e9e (Viola tricolor) est une plante vivace souvent cultiv\u00e9e comme une annuelle. Elle se d\u00e9cline en plusieurs vari\u00e9t\u00e9s, offrant une palette de couleurs allant du violet au jaune en passant par le blanc. En raison de sa r\u00e9sistance au froid, elle fleurit d\u00e8s le d\u00e9but du printemps, apportant une touche de couleur \u00e0 votre jardin apr\u00e8s l\u2019hiver.<\/p>\n<h3>Vari\u00e9t\u00e9s populaires de pens\u00e9es<\/h3>\n<ul>\n<li><strong>Pens\u00e9e tricolore<\/strong> : tr\u00e8s populaire pour ses teintes vives.<\/li>\n<li><strong>Pens\u00e9e de Maurice<\/strong> : plus r\u00e9sistante aux intemp\u00e9ries.<\/li>\n<li><strong>Pens\u00e9e \u00e0 grandes fleurs<\/strong> : id\u00e9ale pour les compositions florales.<\/li>\n<\/ul>\n<h2>Conditions id\u00e9ales pour la plantation<\/h2>\n<p>Pour r\u00e9ussir la plantation de vos pens\u00e9es, il est crucial de respecter certaines conditions :<\/p>\n<ul>\n<li><strong>Exposition<\/strong> : Elles pr\u00e9f\u00e8rent un emplacement ensoleill\u00e9 ou partiellement ombrag\u00e9.<\/li>\n<li><strong>Sol<\/strong> : Un sol bien drain\u00e9 et riche en mati\u00e8re organique favorise leur croissance.<\/li>\n<li><strong>pH<\/strong> : Un pH l\u00e9g\u00e8rement acide \u00e0 neutre (6 \u00e0 7) est id\u00e9al.<\/li>\n<\/ul>\n<h3>Table des besoins en plantation<\/h3>\n<table class=\"kwdbank-table\">\n<thead>\n<tr>\n<th>Crit\u00e8re<\/th>\n<th>Id\u00e9al<\/th>\n<\/tr>\n<\/thead>\n<tbody>\n<tr>\n<td>Temp\u00e9rature<\/td>\n<td>10\u00b0C \u00e0 20\u00b0C<\/td>\n<\/tr>\n<tr>\n<td>Luminosit\u00e9<\/td>\n<td>Plein soleil\/mi-ombre<\/td>\n<\/tr>\n<tr>\n<td>Type de sol<\/td>\n<td>L\u00e9ger et drainant<\/td>\n<\/tr>\n<tr>\n<td>Humidit\u00e9<\/td>\n<td>Mod\u00e9r\u00e9e<\/td>\n<\/tr>\n<\/tbody>\n<\/table>\n<h2>\u00c9tapes de plantation des pens\u00e9es<\/h2>\n<ol>\n<li><strong>Pr\u00e9paration du sol<\/strong> : Ameublissez le sol sur environ 30 cm et incorporez du compost.<\/li>\n<li><strong>S\u00e9chage des plants<\/strong> : Si vous achetez des plants, laissez-les s\u2019acclimater quelques heures en ext\u00e9rieur.<\/li>\n<li><strong>Espacement<\/strong> : Plantez vos pens\u00e9es tous les 15 \u00e0 20 cm pour permettre un bon d\u00e9veloppement.<\/li>\n<li><strong>Arrosage initial<\/strong> : Arrosez g\u00e9n\u00e9reusement apr\u00e8s la plantation pour bien \u00e9tablir les racines.<\/li>\n<\/ol>\n<h2>Entretien des pens\u00e9es<\/h2>\n<p>Un entretien r\u00e9gulier permet d\u2019assurer la floraison continue des pens\u00e9es :<\/p>\n<ul>\n<li><strong>Arrosage<\/strong> : Veillez \u00e0 garder le sol humide mais pas d\u00e9tremp\u00e9.<\/li>\n<li><strong>Fertilisation<\/strong> : Appliquez un engrais \u00e9quilibr\u00e9 toutes les deux semaines pendant la floraison.<\/li>\n<li><strong>Taillage<\/strong> : Enlevez les fleurs fan\u00e9es pour encourager l\u2019apparition de nouvelles fleurs.<\/li>\n<\/ul>\n<h3>Pi\u00e8ge \u00e0 \u00e9viter<\/h3>\n<p>\u00c9vitez d\u2019exposer vos pens\u00e9es \u00e0 des temp\u00e9ratures sup\u00e9rieures \u00e0 25\u00b0C, car elles peuvent rapidement se dess\u00e9cher et perdre leur \u00e9clat.<\/p>\n<h2>Alternatives aux pens\u00e9es<\/h2>\n<p>Si vous recherchez d\u2019autres options florales qui offrent une belle couleur au printemps, voici quelques alternatives :<\/p>\n<h3>Fleurs similaires<\/h3>\n<ol>\n<li>\n<strong>Viola cornuta (Viola cornue)<\/strong> :<\/p>\n<ul>\n<li>Avantage : Plus r\u00e9sistante \u00e0 la chaleur.<\/li>\n<li>Inconv\u00e9nient : Moins color\u00e9e que certaines vari\u00e9t\u00e9s de pens\u00e9es.<\/li>\n<\/ul>\n<\/li>\n<li>\n<strong>Pansy \u2018Cool Wave\u2019<\/strong> :<\/p>\n<ul>\n<li>Avantage : Fleurit dans des conditions plus fra\u00eeches.<\/li>\n<li>Inconv\u00e9nient : Peut \u00eatre moins durable dans les climats chauds.<\/li>\n<\/ul>\n<\/li>\n<li>\n<strong>Freesia<\/strong> :<\/p>\n<ul>\n<li>Avantage : Parfum agr\u00e9able avec une large gamme de couleurs.<\/li>\n<li>Inconv\u00e9nient : N\u00e9cessite un peu plus d\u2019attention pendant la croissance.<\/li>\n<\/ul>\n<\/li>\n<\/ol>\n<h2>Co\u00fbt estimatif pour la culture<\/h2>\n<p>Le co\u00fbt total pour planter des pens\u00e9es d\u00e9pendra du nombre de plants et du type d\u2019engrais utilis\u00e9 :<\/p>\n<ul>\n<li><strong>Prix moyen d\u2019un plant<\/strong> : entre 2 et 5 euros selon la vari\u00e9t\u00e9.<\/li>\n<li><strong>Engrais organique (1 kg)<\/strong> : environ 10 euros.<\/li>\n<\/ul>\n<p>Pour un parterre de 20 plantes, comptez environ 60 euros incluant terreau et engrais.<\/p>\n<h2>FAQ<\/h2>\n<h3>Quelles sont les meilleures p\u00e9riodes pour planter des pens\u00e9es ?<\/h3>\n<p>Les meilleures p\u00e9riodes sont g\u00e9n\u00e9ralement entre septembre et octobre ou entre mars et avril dans les r\u00e9gions temp\u00e9r\u00e9es.<\/p>\n<h3>Les pens\u00e9es sont-elles r\u00e9sistantes au gel ?<\/h3>\n<p>Oui, elles peuvent supporter le gel l\u00e9ger mais doivent \u00eatre prot\u00e9g\u00e9es lors des vagues de froid intense.<\/p>\n<h3>Comment savoir si mes pens\u00e9es ont besoin d\u2019eau ?<\/h3>\n<p>Si le sol est sec au toucher sur environ un centim\u00e8tre, il est temps d\u2019arroser vos plantes.<\/p>\n<h3>Peut-on cultiver des pens\u00e9es en pot ?<\/h3>\n<p>Oui, elles se d\u00e9veloppent tr\u00e8s bien en pot tant que celui-ci a un bon drainage.<\/p>\n<h3>Quelle est la dur\u00e9e de vie d\u2019une pens\u00e9e ?<\/h3>\n<p>En g\u00e9n\u00e9ral, elles fleurissent pendant environ trois mois si elles sont bien entretenues.<\/p>\n<h3>Les pens\u00e9es attirent-elles les pollinisateurs ?<\/h3>\n<p>Oui, elles attirent principalement les abeilles et papillons gr\u00e2ce \u00e0 leur nectar sucr\u00e9.<\/p>\n<p>Pour d\u00e9buter votre projet floral d\u00e8s aujourd\u2019hui, procurez-vous vos plants de pens\u00e9es dans une p\u00e9pini\u00e8re locale ou en ligne afin d\u2019embellir votre jardin ce printemps !<\/p>\n","protected":false},"excerpt":{"rendered":"","protected":false},"author":34,"featured_media":999999999,"comment_status":"open","ping_status":"open","sticky":false,"template":"","format":"standard","meta":{"_acf_changed":false,"manual_indexmenow":false,"indexmenow_id_project":0,"footnotes":""},"categories":[4609],"tags":[],"class_list":["post-7662","post","type-post","status-publish","format-standard","has-post-thumbnail","hentry","category-articles","generate-columns","tablet-grid-50","mobile-grid-100","grid-parent","grid-25"],"acf":[],"yoast_head":"<!-- This site is optimized with the Yoast SEO Premium plugin v21.3 (Yoast SEO v25.6) - https:\/\/yoast.com\/wordpress\/plugins\/seo\/ -->\n<title>Pens\u00e9es fleurs : plantation guide 2026<\/title>\n<meta name=\"description\" content=\"Les pens\u00e9es sont des fleurs embl\u00e9matiques du printemps, appr\u00e9ci\u00e9es pour leurs couleurs vives et leur floraison pr\u00e9coce. Pour les jardiniers amateurs et\u2026\" \/>\n<meta name=\"robots\" content=\"index, follow, max-snippet:-1, max-image-preview:large, max-video-preview:-1\" \/>\n<link rel=\"canonical\" href=\"https:\/\/herberiedelatille.fr\/blog\/articles\/pensees\/\" \/>\n<meta property=\"og:locale\" content=\"fr_FR\" \/>\n<meta property=\"og:type\" content=\"article\" \/>\n<meta property=\"og:title\" content=\"Pens\u00e9es fleurs : plantation guide 2026\" \/>\n<meta property=\"og:description\" content=\"Les pens\u00e9es sont des fleurs embl\u00e9matiques du printemps, appr\u00e9ci\u00e9es pour leurs couleurs vives et leur floraison pr\u00e9coce. Pour les jardiniers amateurs et\u2026\" \/>\n<meta property=\"og:url\" content=\"https:\/\/herberiedelatille.fr\/blog\/articles\/pensees\/\" \/>\n<meta property=\"og:site_name\" content=\"Herberie de la Tille\" \/>\n<meta name=\"author\" content=\"Julien Prigent\" \/>\n<meta name=\"twitter:card\" content=\"summary_large_image\" \/>\n<script type=\"application\/ld+json\" class=\"yoast-schema-graph\">{\"@context\":\"https:\/\/schema.org\",\"@graph\":[{\"@type\":\"NewsArticle\",\"@id\":\"https:\/\/herberiedelatille.fr\/blog\/articles\/pensees\/#article\",\"isPartOf\":{\"@id\":\"https:\/\/herberiedelatille.fr\/blog\/articles\/pensees\/\"},\"author\":{\"name\":\"Julien Prigent\",\"@id\":\"https:\/\/herberiedelatille.fr\/blog\/#\/schema\/person\/3c864cdc320801e3db34b663e7e3f816\"},\"headline\":\"Pens\u00e9es fleurs : plantation guide 2026\",\"datePublished\":\"2026-07-17T09:00:00+00:00\",\"mainEntityOfPage\":{\"@id\":\"https:\/\/herberiedelatille.fr\/blog\/articles\/pensees\/\"},\"wordCount\":752,\"commentCount\":0,\"publisher\":{\"@id\":\"https:\/\/herberiedelatille.fr\/blog\/#organization\"},\"image\":{\"@id\":\"https:\/\/herberiedelatille.fr\/blog\/articles\/pensees\/#primaryimage\"},\"thumbnailUrl\":\"https:\/\/images.pexels.com\/photos\/34998682\/pexels-photo-34998682.jpeg?auto=compress&cs=tinysrgb&fit=crop&h=627&w=1200\",\"articleSection\":[\"Articles\"],\"inLanguage\":\"fr-FR\",\"potentialAction\":[{\"@type\":\"CommentAction\",\"name\":\"Comment\",\"target\":[\"https:\/\/herberiedelatille.fr\/blog\/articles\/pensees\/#respond\"]}]},{\"@type\":\"WebPage\",\"@id\":\"https:\/\/herberiedelatille.fr\/blog\/articles\/pensees\/\",\"url\":\"https:\/\/herberiedelatille.fr\/blog\/articles\/pensees\/\",\"name\":\"Pens\u00e9es fleurs : plantation guide 2026\",\"isPartOf\":{\"@id\":\"https:\/\/herberiedelatille.fr\/blog\/#website\"},\"primaryImageOfPage\":{\"@id\":\"https:\/\/herberiedelatille.fr\/blog\/articles\/pensees\/#primaryimage\"},\"image\":{\"@id\":\"https:\/\/herberiedelatille.fr\/blog\/articles\/pensees\/#primaryimage\"},\"thumbnailUrl\":\"https:\/\/images.pexels.com\/photos\/34998682\/pexels-photo-34998682.jpeg?auto=compress&cs=tinysrgb&fit=crop&h=627&w=1200\",\"datePublished\":\"2026-07-17T09:00:00+00:00\",\"description\":\"Les pens\u00e9es sont des fleurs embl\u00e9matiques du printemps, appr\u00e9ci\u00e9es pour leurs couleurs vives et leur floraison pr\u00e9coce. Pour les jardiniers amateurs et\u2026\",\"inLanguage\":\"fr-FR\",\"potentialAction\":[{\"@type\":\"ReadAction\",\"target\":[\"https:\/\/herberiedelatille.fr\/blog\/articles\/pensees\/\"]}]},{\"@type\":\"ImageObject\",\"inLanguage\":\"fr-FR\",\"@id\":\"https:\/\/herberiedelatille.fr\/blog\/articles\/pensees\/#primaryimage\",\"url\":\"https:\/\/images.pexels.com\/photos\/34998682\/pexels-photo-34998682.jpeg?auto=compress&cs=tinysrgb&fit=crop&h=627&w=1200\",\"contentUrl\":\"https:\/\/images.pexels.com\/photos\/34998682\/pexels-photo-34998682.jpeg?auto=compress&cs=tinysrgb&fit=crop&h=627&w=1200\"},{\"@type\":\"WebSite\",\"@id\":\"https:\/\/herberiedelatille.fr\/blog\/#website\",\"url\":\"https:\/\/herberiedelatille.fr\/blog\/\",\"name\":\"Herberie de la Tille\",\"description\":\"Le m\u00e9dia de la botanique pratique \u2014 plantes, herboristerie, identification\",\"publisher\":{\"@id\":\"https:\/\/herberiedelatille.fr\/blog\/#organization\"},\"alternateName\":\"Herberie de la Tille\",\"potentialAction\":[{\"@type\":\"SearchAction\",\"target\":{\"@type\":\"EntryPoint\",\"urlTemplate\":\"https:\/\/herberiedelatille.fr\/blog\/?s={search_term_string}\"},\"query-input\":{\"@type\":\"PropertyValueSpecification\",\"valueRequired\":true,\"valueName\":\"search_term_string\"}}],\"inLanguage\":\"fr-FR\"},{\"@type\":\"Organization\",\"@id\":\"https:\/\/herberiedelatille.fr\/blog\/#organization\",\"name\":\"Herberie de la Tille\",\"url\":\"https:\/\/herberiedelatille.fr\/blog\/\",\"logo\":{\"@type\":\"ImageObject\",\"inLanguage\":\"fr-FR\",\"@id\":\"https:\/\/herberiedelatille.fr\/blog\/#\/schema\/logo\/image\/\",\"url\":\"https:\/\/herberiedelatille.fr\/blog\/wp-content\/uploads\/2024\/12\/herberiedelatille.png\",\"contentUrl\":\"https:\/\/herberiedelatille.fr\/blog\/wp-content\/uploads\/2024\/12\/herberiedelatille.png\",\"width\":500,\"height\":500,\"caption\":\"Herberie de la Tille\"},\"image\":{\"@id\":\"https:\/\/herberiedelatille.fr\/blog\/#\/schema\/logo\/image\/\"}},{\"@type\":\"Person\",\"@id\":\"https:\/\/herberiedelatille.fr\/blog\/#\/schema\/person\/3c864cdc320801e3db34b663e7e3f816\",\"name\":\"Julien Prigent\",\"image\":{\"@type\":\"ImageObject\",\"inLanguage\":\"fr-FR\",\"@id\":\"https:\/\/herberiedelatille.fr\/blog\/#\/schema\/person\/image\/\",\"url\":\"https:\/\/herberiedelatille.fr\/blog\/wp-content\/uploads\/2026\/06\/persona_julien-p-96x96.jpg\",\"contentUrl\":\"https:\/\/herberiedelatille.fr\/blog\/wp-content\/uploads\/2026\/06\/persona_julien-p-96x96.jpg\",\"caption\":\"Julien Prigent\"},\"description\":\"Bricoleur et jardinier dans l'\u00e2me, j'\u00e9cris sur la maison et ses ext\u00e9rieurs avec les mains dans le cambouis plus que dans les th\u00e9ories. Mon terrain couvre tout l'habitat : le potager et le jardin au fil des saisons, mais aussi les petits travaux, la r\u00e9novation, le bricolage et les m\u00e9tiers du b\u00e2timent \u2014 toiture, isolation, menuiserie, serrurerie, ma\u00e7onnerie. J'aime expliquer un geste technique simplement, donner des fourchettes de prix r\u00e9alistes et les bons crit\u00e8res pour choisir un mat\u00e9riau ou un artisan. Je teste ce que je peux sur mes propres chantiers et au jardin avant d'en parler, je distingue la tradition de ce que confirme l'observation, et je pr\u00e9cise toujours le contexte \u2014 climat, type de sol, configuration du logement \u2014 parce qu'un m\u00eame conseil ne vaut pas partout. Mon but : rendre l'entretien et l'am\u00e9lioration de la maison accessibles, durables et \u00e9conomes.\",\"sameAs\":[\"https:\/\/julienprigent.fr\/\"],\"url\":\"https:\/\/herberiedelatille.fr\/blog\/auteur\/julien-p\/\"}]}<\/script>\n<!-- \/ Yoast SEO Premium plugin. -->","yoast_head_json":{"title":"Pens\u00e9es fleurs : plantation guide 2026","description":"Les pens\u00e9es sont des fleurs embl\u00e9matiques du printemps, appr\u00e9ci\u00e9es pour leurs couleurs vives et leur floraison pr\u00e9coce. Pour les jardiniers amateurs et\u2026","robots":{"index":"index","follow":"follow","max-snippet":"max-snippet:-1","max-image-preview":"max-image-preview:large","max-video-preview":"max-video-preview:-1"},"canonical":"https:\/\/herberiedelatille.fr\/blog\/articles\/pensees\/","og_locale":"fr_FR","og_type":"article","og_title":"Pens\u00e9es fleurs : plantation guide 2026","og_description":"Les pens\u00e9es sont des fleurs embl\u00e9matiques du printemps, appr\u00e9ci\u00e9es pour leurs couleurs vives et leur floraison pr\u00e9coce. Pour les jardiniers amateurs et\u2026","og_url":"https:\/\/herberiedelatille.fr\/blog\/articles\/pensees\/","og_site_name":"Herberie de la Tille","author":"Julien Prigent","twitter_card":"summary_large_image","schema":{"@context":"https:\/\/schema.org","@graph":[{"@type":"NewsArticle","@id":"https:\/\/herberiedelatille.fr\/blog\/articles\/pensees\/#article","isPartOf":{"@id":"https:\/\/herberiedelatille.fr\/blog\/articles\/pensees\/"},"author":{"name":"Julien Prigent","@id":"https:\/\/herberiedelatille.fr\/blog\/#\/schema\/person\/3c864cdc320801e3db34b663e7e3f816"},"headline":"Pens\u00e9es fleurs : plantation guide 2026","datePublished":"2026-07-17T09:00:00+00:00","mainEntityOfPage":{"@id":"https:\/\/herberiedelatille.fr\/blog\/articles\/pensees\/"},"wordCount":752,"commentCount":0,"publisher":{"@id":"https:\/\/herberiedelatille.fr\/blog\/#organization"},"image":{"@id":"https:\/\/herberiedelatille.fr\/blog\/articles\/pensees\/#primaryimage"},"thumbnailUrl":"https:\/\/images.pexels.com\/photos\/34998682\/pexels-photo-34998682.jpeg?auto=compress&cs=tinysrgb&fit=crop&h=627&w=1200","articleSection":["Articles"],"inLanguage":"fr-FR","potentialAction":[{"@type":"CommentAction","name":"Comment","target":["https:\/\/herberiedelatille.fr\/blog\/articles\/pensees\/#respond"]}]},{"@type":"WebPage","@id":"https:\/\/herberiedelatille.fr\/blog\/articles\/pensees\/","url":"https:\/\/herberiedelatille.fr\/blog\/articles\/pensees\/","name":"Pens\u00e9es fleurs : plantation guide 2026","isPartOf":{"@id":"https:\/\/herberiedelatille.fr\/blog\/#website"},"primaryImageOfPage":{"@id":"https:\/\/herberiedelatille.fr\/blog\/articles\/pensees\/#primaryimage"},"image":{"@id":"https:\/\/herberiedelatille.fr\/blog\/articles\/pensees\/#primaryimage"},"thumbnailUrl":"https:\/\/images.pexels.com\/photos\/34998682\/pexels-photo-34998682.jpeg?auto=compress&cs=tinysrgb&fit=crop&h=627&w=1200","datePublished":"2026-07-17T09:00:00+00:00","description":"Les pens\u00e9es sont des fleurs embl\u00e9matiques du printemps, appr\u00e9ci\u00e9es pour leurs couleurs vives et leur floraison pr\u00e9coce. Pour les jardiniers amateurs et\u2026","inLanguage":"fr-FR","potentialAction":[{"@type":"ReadAction","target":["https:\/\/herberiedelatille.fr\/blog\/articles\/pensees\/"]}]},{"@type":"ImageObject","inLanguage":"fr-FR","@id":"https:\/\/herberiedelatille.fr\/blog\/articles\/pensees\/#primaryimage","url":"https:\/\/images.pexels.com\/photos\/34998682\/pexels-photo-34998682.jpeg?auto=compress&cs=tinysrgb&fit=crop&h=627&w=1200","contentUrl":"https:\/\/images.pexels.com\/photos\/34998682\/pexels-photo-34998682.jpeg?auto=compress&cs=tinysrgb&fit=crop&h=627&w=1200"},{"@type":"WebSite","@id":"https:\/\/herberiedelatille.fr\/blog\/#website","url":"https:\/\/herberiedelatille.fr\/blog\/","name":"Herberie de la Tille","description":"Le m\u00e9dia de la botanique pratique \u2014 plantes, herboristerie, identification","publisher":{"@id":"https:\/\/herberiedelatille.fr\/blog\/#organization"},"alternateName":"Herberie de la Tille","potentialAction":[{"@type":"SearchAction","target":{"@type":"EntryPoint","urlTemplate":"https:\/\/herberiedelatille.fr\/blog\/?s={search_term_string}"},"query-input":{"@type":"PropertyValueSpecification","valueRequired":true,"valueName":"search_term_string"}}],"inLanguage":"fr-FR"},{"@type":"Organization","@id":"https:\/\/herberiedelatille.fr\/blog\/#organization","name":"Herberie de la Tille","url":"https:\/\/herberiedelatille.fr\/blog\/","logo":{"@type":"ImageObject","inLanguage":"fr-FR","@id":"https:\/\/herberiedelatille.fr\/blog\/#\/schema\/logo\/image\/","url":"https:\/\/herberiedelatille.fr\/blog\/wp-content\/uploads\/2024\/12\/herberiedelatille.png","contentUrl":"https:\/\/herberiedelatille.fr\/blog\/wp-content\/uploads\/2024\/12\/herberiedelatille.png","width":500,"height":500,"caption":"Herberie de la Tille"},"image":{"@id":"https:\/\/herberiedelatille.fr\/blog\/#\/schema\/logo\/image\/"}},{"@type":"Person","@id":"https:\/\/herberiedelatille.fr\/blog\/#\/schema\/person\/3c864cdc320801e3db34b663e7e3f816","name":"Julien Prigent","image":{"@type":"ImageObject","inLanguage":"fr-FR","@id":"https:\/\/herberiedelatille.fr\/blog\/#\/schema\/person\/image\/","url":"https:\/\/herberiedelatille.fr\/blog\/wp-content\/uploads\/2026\/06\/persona_julien-p-96x96.jpg","contentUrl":"https:\/\/herberiedelatille.fr\/blog\/wp-content\/uploads\/2026\/06\/persona_julien-p-96x96.jpg","caption":"Julien Prigent"},"description":"Bricoleur et jardinier dans l'\u00e2me, j'\u00e9cris sur la maison et ses ext\u00e9rieurs avec les mains dans le cambouis plus que dans les th\u00e9ories. Mon terrain couvre tout l'habitat : le potager et le jardin au fil des saisons, mais aussi les petits travaux, la r\u00e9novation, le bricolage et les m\u00e9tiers du b\u00e2timent \u2014 toiture, isolation, menuiserie, serrurerie, ma\u00e7onnerie. J'aime expliquer un geste technique simplement, donner des fourchettes de prix r\u00e9alistes et les bons crit\u00e8res pour choisir un mat\u00e9riau ou un artisan. Je teste ce que je peux sur mes propres chantiers et au jardin avant d'en parler, je distingue la tradition de ce que confirme l'observation, et je pr\u00e9cise toujours le contexte \u2014 climat, type de sol, configuration du logement \u2014 parce qu'un m\u00eame conseil ne vaut pas partout. Mon but : rendre l'entretien et l'am\u00e9lioration de la maison accessibles, durables et \u00e9conomes.","sameAs":["https:\/\/julienprigent.fr\/"],"url":"https:\/\/herberiedelatille.fr\/blog\/auteur\/julien-p\/"}]}},"_links":{"self":[{"href":"https:\/\/herberiedelatille.fr\/blog\/wp-json\/wp\/v2\/posts\/7662","targetHints":{"allow":["GET"]}}],"collection":[{"href":"https:\/\/herberiedelatille.fr\/blog\/wp-json\/wp\/v2\/posts"}],"about":[{"href":"https:\/\/herberiedelatille.fr\/blog\/wp-json\/wp\/v2\/types\/post"}],"author":[{"embeddable":true,"href":"https:\/\/herberiedelatille.fr\/blog\/wp-json\/wp\/v2\/users\/34"}],"replies":[{"embeddable":true,"href":"https:\/\/herberiedelatille.fr\/blog\/wp-json\/wp\/v2\/comments?post=7662"}],"version-history":[{"count":1,"href":"https:\/\/herberiedelatille.fr\/blog\/wp-json\/wp\/v2\/posts\/7662\/revisions"}],"predecessor-version":[{"id":7904,"href":"https:\/\/herberiedelatille.fr\/blog\/wp-json\/wp\/v2\/posts\/7662\/revisions\/7904"}],"wp:attachment":[{"href":"https:\/\/herberiedelatille.fr\/blog\/wp-json\/wp\/v2\/media?parent=7662"}],"wp:term":[{"taxonomy":"category","embeddable":true,"href":"https:\/\/herberiedelatille.fr\/blog\/wp-json\/wp\/v2\/categories?post=7662"},{"taxonomy":"post_tag","embeddable":true,"href":"https:\/\/herberiedelatille.fr\/blog\/wp-json\/wp\/v2\/tags?post=7662"}],"curies":[{"name":"wp","href":"https:\/\/api.w.org\/{rel}","templated":true}]}}