{"id":7668,"date":"2026-07-24T09:00:00","date_gmt":"2026-07-24T09:00:00","guid":{"rendered":"https:\/\/herberiedelatille.fr\/blog\/?p=7668"},"modified":"2026-07-24T09:00:00","modified_gmt":"2026-07-24T09:00:00","slug":"fleurs-en-hiver","status":"publish","type":"post","link":"https:\/\/herberiedelatille.fr\/blog\/articles\/fleurs-en-hiver\/","title":{"rendered":"Fleurs en hiver : Guide complet 2026"},"content":{"rendered":"<p>L\u2019hiver est souvent per\u00e7u comme une p\u00e9riode de dormance pour les plantes, mais certaines fleurs r\u00e9ussissent \u00e0 s\u2019\u00e9panouir malgr\u00e9 le froid. Pour ceux qui souhaitent embellir leur jardin ou leur int\u00e9rieur durant cette saison, conna\u00eetre les esp\u00e8ces qui fleurissent en hiver est essentiel. Cet article vous pr\u00e9sente des vari\u00e9t\u00e9s de fleurs adapt\u00e9es aux conditions hivernales, leurs caract\u00e9ristiques, ainsi que des conseils pratiques pour les cultiver et les entretenir.<\/p>\n<h2>Les fleurs qui s\u2019\u00e9panouissent en hiver<\/h2>\n<h3>1. Les vari\u00e9t\u00e9s incontournables<\/h3>\n<h4>A. Hell\u00e9bore (Rose de No\u00ebl)<\/h4>\n<ul>\n<li><strong>Caract\u00e9ristiques<\/strong> : Cette plante vivace fleurit d\u00e8s d\u00e9cembre et peut r\u00e9sister \u00e0 des temp\u00e9ratures allant jusqu\u2019\u00e0 -15\u00b0C. Ses fleurs, souvent en teintes pastel, apportent une touche de couleur au jardin.<\/li>\n<li><strong>Prix moyen<\/strong> : En 2026, le prix d\u2019un hell\u00e9bore varie entre 15 et 25 euros selon la taille.<\/li>\n<\/ul>\n<h4>B. Violette d\u2019hiver<\/h4>\n<ul>\n<li><strong>Caract\u00e9ristiques<\/strong> : La violette d\u2019hiver fleurit g\u00e9n\u00e9ralement entre janvier et mars. Elle se distingue par ses fleurs violettes et son feuillage persistant.<\/li>\n<li><strong>Prix moyen<\/strong> : Comptez environ 10 euros pour un pot.<\/li>\n<\/ul>\n<h3>2. Autres options int\u00e9ressantes<\/h3>\n<table class=\"kwdbank-table\">\n<thead>\n<tr>\n<th>Fleurs<\/th>\n<th>P\u00e9riode de floraison<\/th>\n<th>Temp\u00e9rature minimale<\/th>\n<th>Prix moyen (2026)<\/th>\n<\/tr>\n<\/thead>\n<tbody>\n<tr>\n<td>Pens\u00e9e<\/td>\n<td>D\u00e9cembre \u00e0 avril<\/td>\n<td>-5\u00b0C<\/td>\n<td>8 &#8211; 12 euros<\/td>\n<\/tr>\n<tr>\n<td>Cyclamen<\/td>\n<td>Novembre \u00e0 mars<\/td>\n<td>-10\u00b0C<\/td>\n<td>12 &#8211; 18 euros<\/td>\n<\/tr>\n<tr>\n<td>Skimmia<\/td>\n<td>D\u00e9cembre \u00e0 avril<\/td>\n<td>-5\u00b0C<\/td>\n<td>20 &#8211; 30 euros<\/td>\n<\/tr>\n<\/tbody>\n<\/table>\n<h2>Conseils pour cultiver des fleurs en hiver<\/h2>\n<h3>A. Choisir le bon emplacement<\/h3>\n<p>Pour garantir une floraison optimale, placez vos plantes dans un endroit abrit\u00e9 du vent et b\u00e9n\u00e9ficiant d\u2019une lumi\u00e8re indirecte. Cela permet de prot\u00e9ger les fleurs du gel tout en leur offrant la lumi\u00e8re n\u00e9cessaire.<\/p>\n<h3>B. Soins sp\u00e9cifiques<\/h3>\n<ul>\n<li><strong>Arrosage<\/strong> : Pendant l\u2019hiver, r\u00e9duisez l\u2019arrosage pour \u00e9viter la pourriture des racines. Un sol l\u00e9g\u00e8rement humide est suffisant.<\/li>\n<li><strong>Paillage<\/strong> : Appliquer une couche de paillis autour des racines peut aider \u00e0 conserver la chaleur et l\u2019humidit\u00e9 du sol.<\/li>\n<\/ul>\n<h2>Pi\u00e8ges \u00e0 \u00e9viter<\/h2>\n<p>Ne soyez pas tent\u00e9 de sur-arroser vos plantes en hiver. L\u2019exc\u00e8s d\u2019eau combin\u00e9 au froid peut entra\u00eener des maladies fongiques et la mort des racines. Assurez-vous toujours que le sol a bien s\u00e9ch\u00e9 entre deux arrosages.<\/p>\n<h2>Fleurs en int\u00e9rieur : une alternative attrayante<\/h2>\n<p>Si vous souhaitez profiter de la beaut\u00e9 des fleurs en hiver sans les contraintes ext\u00e9rieures, envisagez de cultiver des plantes d\u2019int\u00e9rieur comme :<\/p>\n<ul>\n<li><strong>Amaryllis<\/strong> : Fleurit entre d\u00e9cembre et avril avec des couleurs vives.<\/li>\n<li><strong>Spathiphyllum (fleur de lune)<\/strong> : Fleurit tout au long de l\u2019ann\u00e9e avec un entretien minimal.<\/li>\n<\/ul>\n<p>Ces plantes apportent une ambiance chaleureuse et color\u00e9e dans votre int\u00e9rieur pendant les mois froids.<\/p>\n<h2>O\u00f9 acheter des fleurs d\u2019hiver ?<\/h2>\n<p>En 2026, plusieurs options s\u2019offrent \u00e0 vous pour acqu\u00e9rir ces fleurs :<br \/>\n&#8211; <strong>P\u00e9pini\u00e8res locales<\/strong> : Id\u00e9al pour obtenir des conseils personnalis\u00e9s.<br \/>\n&#8211; <strong>Magasins de jardinage<\/strong> : Souvent bien approvisionn\u00e9s durant l\u2019hiver.<br \/>\n&#8211; <strong>Commandes en ligne<\/strong> : De nombreux sites proposent la livraison directe chez vous, ce qui facilite l\u2019acc\u00e8s \u00e0 des vari\u00e9t\u00e9s sp\u00e9cifiques.<\/p>\n<h2>FAQ<\/h2>\n<h3>Quelles sont les meilleures fleurs \u00e0 planter en hiver ?<\/h3>\n<p>Les hell\u00e9bores et les violettes d\u2019hiver sont parmi les meilleures choix pour embellir votre jardin durant cette saison.<\/p>\n<h3>Comment prendre soin des fleurs d\u2019hiver ?<\/h3>\n<p>R\u00e9duisez l\u2019arrosage, prot\u00e9gez-les du gel avec un paillis et placez-les dans un endroit lumineux mais abrit\u00e9 du vent.<\/p>\n<h3>Peut-on faire fleurir des plantes d\u2019int\u00e9rieur en hiver ?<\/h3>\n<p>Oui, certaines plantes comme l\u2019amaryllis ou le spathiphyllum peuvent fleurir tout au long de l\u2019hiver avec un entretien appropri\u00e9.<\/p>\n<h3>Quand planter des fleurs d\u2019hiver ?<\/h3>\n<p>Il est conseill\u00e9 de planter ces fleurs \u00e0 l\u2019automne pour qu\u2019elles aient le temps de s\u2019\u00e9tablir avant l\u2019arriv\u00e9e du froid.<\/p>\n<h3>Les fleurs d\u2019hiver sont-elles r\u00e9sistantes au gel ?<\/h3>\n<p>Certaines vari\u00e9t\u00e9s comme le cyclamen et l\u2019hell\u00e9bore peuvent r\u00e9sister \u00e0 des temp\u00e9ratures tr\u00e8s basses, tandis que d\u2019autres n\u00e9cessitent plus de protection.<\/p>\n<h3>O\u00f9 acheter des fleurs adapt\u00e9es \u00e0 l\u2019hiver ?<\/h3>\n<p>Vous pouvez vous procurer ces fleurs dans les p\u00e9pini\u00e8res locales, magasins sp\u00e9cialis\u00e9s ou via internet pour un large choix.<\/p>\n<p>Pour embellir votre espace cet hiver, choisissez judicieusement vos vari\u00e9t\u00e9s florales et appliquez ces conseils pratiques afin qu\u2019elles prosp\u00e8rent malgr\u00e9 le froid.<\/p>\n","protected":false},"excerpt":{"rendered":"","protected":false},"author":34,"featured_media":999999999,"comment_status":"open","ping_status":"open","sticky":false,"template":"","format":"standard","meta":{"_acf_changed":false,"manual_indexmenow":false,"indexmenow_id_project":0,"footnotes":""},"categories":[4609],"tags":[],"class_list":["post-7668","post","type-post","status-publish","format-standard","has-post-thumbnail","hentry","category-articles","generate-columns","tablet-grid-50","mobile-grid-100","grid-parent","grid-25"],"acf":[],"yoast_head":"<!-- This site is optimized with the Yoast SEO Premium plugin v21.3 (Yoast SEO v25.6) - https:\/\/yoast.com\/wordpress\/plugins\/seo\/ -->\n<title>Fleurs en hiver : Guide complet 2026<\/title>\n<meta name=\"description\" content=\"L&#039;hiver est souvent per\u00e7u comme une p\u00e9riode de dormance pour les plantes, mais certaines fleurs r\u00e9ussissent \u00e0 s&#039;\u00e9panouir malgr\u00e9 le froid. Pour ceux qui\u2026\" \/>\n<meta name=\"robots\" content=\"index, follow, max-snippet:-1, max-image-preview:large, max-video-preview:-1\" \/>\n<link rel=\"canonical\" href=\"https:\/\/herberiedelatille.fr\/blog\/articles\/fleurs-en-hiver\/\" \/>\n<meta property=\"og:locale\" content=\"fr_FR\" \/>\n<meta property=\"og:type\" content=\"article\" \/>\n<meta property=\"og:title\" content=\"Fleurs en hiver : Guide complet 2026\" \/>\n<meta property=\"og:description\" content=\"L&#039;hiver est souvent per\u00e7u comme une p\u00e9riode de dormance pour les plantes, mais certaines fleurs r\u00e9ussissent \u00e0 s&#039;\u00e9panouir malgr\u00e9 le froid. Pour ceux qui\u2026\" \/>\n<meta property=\"og:url\" content=\"https:\/\/herberiedelatille.fr\/blog\/articles\/fleurs-en-hiver\/\" \/>\n<meta property=\"og:site_name\" content=\"Herberie de la Tille\" \/>\n<meta name=\"author\" content=\"Julien Prigent\" \/>\n<meta name=\"twitter:card\" content=\"summary_large_image\" \/>\n<script type=\"application\/ld+json\" class=\"yoast-schema-graph\">{\"@context\":\"https:\/\/schema.org\",\"@graph\":[{\"@type\":\"NewsArticle\",\"@id\":\"https:\/\/herberiedelatille.fr\/blog\/articles\/fleurs-en-hiver\/#article\",\"isPartOf\":{\"@id\":\"https:\/\/herberiedelatille.fr\/blog\/articles\/fleurs-en-hiver\/\"},\"author\":{\"name\":\"Julien Prigent\",\"@id\":\"https:\/\/herberiedelatille.fr\/blog\/#\/schema\/person\/3c864cdc320801e3db34b663e7e3f816\"},\"headline\":\"Fleurs en hiver : Guide complet 2026\",\"datePublished\":\"2026-07-24T09:00:00+00:00\",\"mainEntityOfPage\":{\"@id\":\"https:\/\/herberiedelatille.fr\/blog\/articles\/fleurs-en-hiver\/\"},\"wordCount\":726,\"commentCount\":0,\"publisher\":{\"@id\":\"https:\/\/herberiedelatille.fr\/blog\/#organization\"},\"image\":{\"@id\":\"https:\/\/herberiedelatille.fr\/blog\/articles\/fleurs-en-hiver\/#primaryimage\"},\"thumbnailUrl\":\"https:\/\/images.pexels.com\/photos\/6769865\/pexels-photo-6769865.jpeg?auto=compress&cs=tinysrgb&fit=crop&h=627&w=1200\",\"articleSection\":[\"Articles\"],\"inLanguage\":\"fr-FR\",\"potentialAction\":[{\"@type\":\"CommentAction\",\"name\":\"Comment\",\"target\":[\"https:\/\/herberiedelatille.fr\/blog\/articles\/fleurs-en-hiver\/#respond\"]}]},{\"@type\":\"WebPage\",\"@id\":\"https:\/\/herberiedelatille.fr\/blog\/articles\/fleurs-en-hiver\/\",\"url\":\"https:\/\/herberiedelatille.fr\/blog\/articles\/fleurs-en-hiver\/\",\"name\":\"Fleurs en hiver : Guide complet 2026\",\"isPartOf\":{\"@id\":\"https:\/\/herberiedelatille.fr\/blog\/#website\"},\"primaryImageOfPage\":{\"@id\":\"https:\/\/herberiedelatille.fr\/blog\/articles\/fleurs-en-hiver\/#primaryimage\"},\"image\":{\"@id\":\"https:\/\/herberiedelatille.fr\/blog\/articles\/fleurs-en-hiver\/#primaryimage\"},\"thumbnailUrl\":\"https:\/\/images.pexels.com\/photos\/6769865\/pexels-photo-6769865.jpeg?auto=compress&cs=tinysrgb&fit=crop&h=627&w=1200\",\"datePublished\":\"2026-07-24T09:00:00+00:00\",\"description\":\"L'hiver est souvent per\u00e7u comme une p\u00e9riode de dormance pour les plantes, mais certaines fleurs r\u00e9ussissent \u00e0 s'\u00e9panouir malgr\u00e9 le froid. Pour ceux qui\u2026\",\"inLanguage\":\"fr-FR\",\"potentialAction\":[{\"@type\":\"ReadAction\",\"target\":[\"https:\/\/herberiedelatille.fr\/blog\/articles\/fleurs-en-hiver\/\"]}]},{\"@type\":\"ImageObject\",\"inLanguage\":\"fr-FR\",\"@id\":\"https:\/\/herberiedelatille.fr\/blog\/articles\/fleurs-en-hiver\/#primaryimage\",\"url\":\"https:\/\/images.pexels.com\/photos\/6769865\/pexels-photo-6769865.jpeg?auto=compress&cs=tinysrgb&fit=crop&h=627&w=1200\",\"contentUrl\":\"https:\/\/images.pexels.com\/photos\/6769865\/pexels-photo-6769865.jpeg?auto=compress&cs=tinysrgb&fit=crop&h=627&w=1200\"},{\"@type\":\"WebSite\",\"@id\":\"https:\/\/herberiedelatille.fr\/blog\/#website\",\"url\":\"https:\/\/herberiedelatille.fr\/blog\/\",\"name\":\"Herberie de la Tille\",\"description\":\"Le m\u00e9dia de la botanique pratique \u2014 plantes, herboristerie, identification\",\"publisher\":{\"@id\":\"https:\/\/herberiedelatille.fr\/blog\/#organization\"},\"alternateName\":\"Herberie de la Tille\",\"potentialAction\":[{\"@type\":\"SearchAction\",\"target\":{\"@type\":\"EntryPoint\",\"urlTemplate\":\"https:\/\/herberiedelatille.fr\/blog\/?s={search_term_string}\"},\"query-input\":{\"@type\":\"PropertyValueSpecification\",\"valueRequired\":true,\"valueName\":\"search_term_string\"}}],\"inLanguage\":\"fr-FR\"},{\"@type\":\"Organization\",\"@id\":\"https:\/\/herberiedelatille.fr\/blog\/#organization\",\"name\":\"Herberie de la Tille\",\"url\":\"https:\/\/herberiedelatille.fr\/blog\/\",\"logo\":{\"@type\":\"ImageObject\",\"inLanguage\":\"fr-FR\",\"@id\":\"https:\/\/herberiedelatille.fr\/blog\/#\/schema\/logo\/image\/\",\"url\":\"https:\/\/herberiedelatille.fr\/blog\/wp-content\/uploads\/2024\/12\/herberiedelatille.png\",\"contentUrl\":\"https:\/\/herberiedelatille.fr\/blog\/wp-content\/uploads\/2024\/12\/herberiedelatille.png\",\"width\":500,\"height\":500,\"caption\":\"Herberie de la Tille\"},\"image\":{\"@id\":\"https:\/\/herberiedelatille.fr\/blog\/#\/schema\/logo\/image\/\"}},{\"@type\":\"Person\",\"@id\":\"https:\/\/herberiedelatille.fr\/blog\/#\/schema\/person\/3c864cdc320801e3db34b663e7e3f816\",\"name\":\"Julien Prigent\",\"image\":{\"@type\":\"ImageObject\",\"inLanguage\":\"fr-FR\",\"@id\":\"https:\/\/herberiedelatille.fr\/blog\/#\/schema\/person\/image\/\",\"url\":\"https:\/\/herberiedelatille.fr\/blog\/wp-content\/uploads\/2026\/06\/persona_julien-p-96x96.jpg\",\"contentUrl\":\"https:\/\/herberiedelatille.fr\/blog\/wp-content\/uploads\/2026\/06\/persona_julien-p-96x96.jpg\",\"caption\":\"Julien Prigent\"},\"description\":\"Bricoleur et jardinier dans l'\u00e2me, j'\u00e9cris sur la maison et ses ext\u00e9rieurs avec les mains dans le cambouis plus que dans les th\u00e9ories. Mon terrain couvre tout l'habitat : le potager et le jardin au fil des saisons, mais aussi les petits travaux, la r\u00e9novation, le bricolage et les m\u00e9tiers du b\u00e2timent \u2014 toiture, isolation, menuiserie, serrurerie, ma\u00e7onnerie. J'aime expliquer un geste technique simplement, donner des fourchettes de prix r\u00e9alistes et les bons crit\u00e8res pour choisir un mat\u00e9riau ou un artisan. Je teste ce que je peux sur mes propres chantiers et au jardin avant d'en parler, je distingue la tradition de ce que confirme l'observation, et je pr\u00e9cise toujours le contexte \u2014 climat, type de sol, configuration du logement \u2014 parce qu'un m\u00eame conseil ne vaut pas partout. Mon but : rendre l'entretien et l'am\u00e9lioration de la maison accessibles, durables et \u00e9conomes.\",\"sameAs\":[\"https:\/\/julienprigent.fr\/\"],\"url\":\"https:\/\/herberiedelatille.fr\/blog\/auteur\/julien-p\/\"}]}<\/script>\n<!-- \/ Yoast SEO Premium plugin. -->","yoast_head_json":{"title":"Fleurs en hiver : Guide complet 2026","description":"L'hiver est souvent per\u00e7u comme une p\u00e9riode de dormance pour les plantes, mais certaines fleurs r\u00e9ussissent \u00e0 s'\u00e9panouir malgr\u00e9 le froid. Pour ceux qui\u2026","robots":{"index":"index","follow":"follow","max-snippet":"max-snippet:-1","max-image-preview":"max-image-preview:large","max-video-preview":"max-video-preview:-1"},"canonical":"https:\/\/herberiedelatille.fr\/blog\/articles\/fleurs-en-hiver\/","og_locale":"fr_FR","og_type":"article","og_title":"Fleurs en hiver : Guide complet 2026","og_description":"L'hiver est souvent per\u00e7u comme une p\u00e9riode de dormance pour les plantes, mais certaines fleurs r\u00e9ussissent \u00e0 s'\u00e9panouir malgr\u00e9 le froid. Pour ceux qui\u2026","og_url":"https:\/\/herberiedelatille.fr\/blog\/articles\/fleurs-en-hiver\/","og_site_name":"Herberie de la Tille","author":"Julien Prigent","twitter_card":"summary_large_image","schema":{"@context":"https:\/\/schema.org","@graph":[{"@type":"NewsArticle","@id":"https:\/\/herberiedelatille.fr\/blog\/articles\/fleurs-en-hiver\/#article","isPartOf":{"@id":"https:\/\/herberiedelatille.fr\/blog\/articles\/fleurs-en-hiver\/"},"author":{"name":"Julien Prigent","@id":"https:\/\/herberiedelatille.fr\/blog\/#\/schema\/person\/3c864cdc320801e3db34b663e7e3f816"},"headline":"Fleurs en hiver : Guide complet 2026","datePublished":"2026-07-24T09:00:00+00:00","mainEntityOfPage":{"@id":"https:\/\/herberiedelatille.fr\/blog\/articles\/fleurs-en-hiver\/"},"wordCount":726,"commentCount":0,"publisher":{"@id":"https:\/\/herberiedelatille.fr\/blog\/#organization"},"image":{"@id":"https:\/\/herberiedelatille.fr\/blog\/articles\/fleurs-en-hiver\/#primaryimage"},"thumbnailUrl":"https:\/\/images.pexels.com\/photos\/6769865\/pexels-photo-6769865.jpeg?auto=compress&cs=tinysrgb&fit=crop&h=627&w=1200","articleSection":["Articles"],"inLanguage":"fr-FR","potentialAction":[{"@type":"CommentAction","name":"Comment","target":["https:\/\/herberiedelatille.fr\/blog\/articles\/fleurs-en-hiver\/#respond"]}]},{"@type":"WebPage","@id":"https:\/\/herberiedelatille.fr\/blog\/articles\/fleurs-en-hiver\/","url":"https:\/\/herberiedelatille.fr\/blog\/articles\/fleurs-en-hiver\/","name":"Fleurs en hiver : Guide complet 2026","isPartOf":{"@id":"https:\/\/herberiedelatille.fr\/blog\/#website"},"primaryImageOfPage":{"@id":"https:\/\/herberiedelatille.fr\/blog\/articles\/fleurs-en-hiver\/#primaryimage"},"image":{"@id":"https:\/\/herberiedelatille.fr\/blog\/articles\/fleurs-en-hiver\/#primaryimage"},"thumbnailUrl":"https:\/\/images.pexels.com\/photos\/6769865\/pexels-photo-6769865.jpeg?auto=compress&cs=tinysrgb&fit=crop&h=627&w=1200","datePublished":"2026-07-24T09:00:00+00:00","description":"L'hiver est souvent per\u00e7u comme une p\u00e9riode de dormance pour les plantes, mais certaines fleurs r\u00e9ussissent \u00e0 s'\u00e9panouir malgr\u00e9 le froid. Pour ceux qui\u2026","inLanguage":"fr-FR","potentialAction":[{"@type":"ReadAction","target":["https:\/\/herberiedelatille.fr\/blog\/articles\/fleurs-en-hiver\/"]}]},{"@type":"ImageObject","inLanguage":"fr-FR","@id":"https:\/\/herberiedelatille.fr\/blog\/articles\/fleurs-en-hiver\/#primaryimage","url":"https:\/\/images.pexels.com\/photos\/6769865\/pexels-photo-6769865.jpeg?auto=compress&cs=tinysrgb&fit=crop&h=627&w=1200","contentUrl":"https:\/\/images.pexels.com\/photos\/6769865\/pexels-photo-6769865.jpeg?auto=compress&cs=tinysrgb&fit=crop&h=627&w=1200"},{"@type":"WebSite","@id":"https:\/\/herberiedelatille.fr\/blog\/#website","url":"https:\/\/herberiedelatille.fr\/blog\/","name":"Herberie de la Tille","description":"Le m\u00e9dia de la botanique pratique \u2014 plantes, herboristerie, identification","publisher":{"@id":"https:\/\/herberiedelatille.fr\/blog\/#organization"},"alternateName":"Herberie de la Tille","potentialAction":[{"@type":"SearchAction","target":{"@type":"EntryPoint","urlTemplate":"https:\/\/herberiedelatille.fr\/blog\/?s={search_term_string}"},"query-input":{"@type":"PropertyValueSpecification","valueRequired":true,"valueName":"search_term_string"}}],"inLanguage":"fr-FR"},{"@type":"Organization","@id":"https:\/\/herberiedelatille.fr\/blog\/#organization","name":"Herberie de la Tille","url":"https:\/\/herberiedelatille.fr\/blog\/","logo":{"@type":"ImageObject","inLanguage":"fr-FR","@id":"https:\/\/herberiedelatille.fr\/blog\/#\/schema\/logo\/image\/","url":"https:\/\/herberiedelatille.fr\/blog\/wp-content\/uploads\/2024\/12\/herberiedelatille.png","contentUrl":"https:\/\/herberiedelatille.fr\/blog\/wp-content\/uploads\/2024\/12\/herberiedelatille.png","width":500,"height":500,"caption":"Herberie de la Tille"},"image":{"@id":"https:\/\/herberiedelatille.fr\/blog\/#\/schema\/logo\/image\/"}},{"@type":"Person","@id":"https:\/\/herberiedelatille.fr\/blog\/#\/schema\/person\/3c864cdc320801e3db34b663e7e3f816","name":"Julien Prigent","image":{"@type":"ImageObject","inLanguage":"fr-FR","@id":"https:\/\/herberiedelatille.fr\/blog\/#\/schema\/person\/image\/","url":"https:\/\/herberiedelatille.fr\/blog\/wp-content\/uploads\/2026\/06\/persona_julien-p-96x96.jpg","contentUrl":"https:\/\/herberiedelatille.fr\/blog\/wp-content\/uploads\/2026\/06\/persona_julien-p-96x96.jpg","caption":"Julien Prigent"},"description":"Bricoleur et jardinier dans l'\u00e2me, j'\u00e9cris sur la maison et ses ext\u00e9rieurs avec les mains dans le cambouis plus que dans les th\u00e9ories. Mon terrain couvre tout l'habitat : le potager et le jardin au fil des saisons, mais aussi les petits travaux, la r\u00e9novation, le bricolage et les m\u00e9tiers du b\u00e2timent \u2014 toiture, isolation, menuiserie, serrurerie, ma\u00e7onnerie. J'aime expliquer un geste technique simplement, donner des fourchettes de prix r\u00e9alistes et les bons crit\u00e8res pour choisir un mat\u00e9riau ou un artisan. Je teste ce que je peux sur mes propres chantiers et au jardin avant d'en parler, je distingue la tradition de ce que confirme l'observation, et je pr\u00e9cise toujours le contexte \u2014 climat, type de sol, configuration du logement \u2014 parce qu'un m\u00eame conseil ne vaut pas partout. Mon but : rendre l'entretien et l'am\u00e9lioration de la maison accessibles, durables et \u00e9conomes.","sameAs":["https:\/\/julienprigent.fr\/"],"url":"https:\/\/herberiedelatille.fr\/blog\/auteur\/julien-p\/"}]}},"_links":{"self":[{"href":"https:\/\/herberiedelatille.fr\/blog\/wp-json\/wp\/v2\/posts\/7668","targetHints":{"allow":["GET"]}}],"collection":[{"href":"https:\/\/herberiedelatille.fr\/blog\/wp-json\/wp\/v2\/posts"}],"about":[{"href":"https:\/\/herberiedelatille.fr\/blog\/wp-json\/wp\/v2\/types\/post"}],"author":[{"embeddable":true,"href":"https:\/\/herberiedelatille.fr\/blog\/wp-json\/wp\/v2\/users\/34"}],"replies":[{"embeddable":true,"href":"https:\/\/herberiedelatille.fr\/blog\/wp-json\/wp\/v2\/comments?post=7668"}],"version-history":[{"count":1,"href":"https:\/\/herberiedelatille.fr\/blog\/wp-json\/wp\/v2\/posts\/7668\/revisions"}],"predecessor-version":[{"id":7910,"href":"https:\/\/herberiedelatille.fr\/blog\/wp-json\/wp\/v2\/posts\/7668\/revisions\/7910"}],"wp:attachment":[{"href":"https:\/\/herberiedelatille.fr\/blog\/wp-json\/wp\/v2\/media?parent=7668"}],"wp:term":[{"taxonomy":"category","embeddable":true,"href":"https:\/\/herberiedelatille.fr\/blog\/wp-json\/wp\/v2\/categories?post=7668"},{"taxonomy":"post_tag","embeddable":true,"href":"https:\/\/herberiedelatille.fr\/blog\/wp-json\/wp\/v2\/tags?post=7668"}],"curies":[{"name":"wp","href":"https:\/\/api.w.org\/{rel}","templated":true}]}}