{"id":7673,"date":"2026-07-29T09:00:00","date_gmt":"2026-07-29T09:00:00","guid":{"rendered":"https:\/\/herberiedelatille.fr\/blog\/?p=7673"},"modified":"2026-07-29T09:00:00","modified_gmt":"2026-07-29T09:00:00","slug":"fleurs-d-hiver","status":"publish","type":"post","link":"https:\/\/herberiedelatille.fr\/blog\/articles\/fleurs-d-hiver\/","title":{"rendered":"Fleurs d&rsquo;Hiver : Top 20 R\u00e9sistantes Froid"},"content":{"rendered":"<p>Les <strong>fleurs d\u2019hiver<\/strong> apportent couleur et vie aux jardins pendant les mois les plus froids. Elles sont id\u00e9ales pour \u00e9gayer votre espace ext\u00e9rieur lorsque la plupart des plantes sont en dormance. Cet article pr\u00e9sente une s\u00e9lection de 20 vari\u00e9t\u00e9s r\u00e9sistantes au froid, parfaites pour les jardiniers souhaitant ajouter de la beaut\u00e9 \u00e0 leur paysage hivernal.<\/p>\n<p>Ces fleurs ne se contentent pas de survivre aux temp\u00e9ratures basses ; elles fleurissent souvent au milieu de la neige et du gel. Voici un aper\u00e7u des meilleures options.<\/p>\n<h2>Pourquoi choisir des fleurs d\u2019hiver ?<\/h2>\n<h3>Avantages des fleurs r\u00e9sistantes au froid<\/h3>\n<ol>\n<li><strong>Durabilit\u00e9<\/strong> : Elles supportent des temp\u00e9ratures allant jusqu\u2019\u00e0 -15\u00b0C et parfois m\u00eame moins.<\/li>\n<li><strong>\u00c9conomie d\u2019entretien<\/strong> : Moins de besoin en arrosage et en soins pendant l\u2019hiver.<\/li>\n<li><strong>Biodiversit\u00e9<\/strong> : Attirent des pollinisateurs m\u00eame en hiver, contribuant \u00e0 l\u2019\u00e9cosyst\u00e8me local.<\/li>\n<\/ol>\n<h3>Pi\u00e8ge \u00e0 \u00e9viter<\/h3>\n<p>Un pi\u00e8ge courant est de supposer que toutes les fleurs peuvent r\u00e9sister au froid. Il est crucial de v\u00e9rifier les sp\u00e9cificit\u00e9s climatiques de chaque vari\u00e9t\u00e9 avant de les planter.<\/p>\n<h2>Top 20 des fleurs d\u2019hiver<\/h2>\n<h3>1. Hellebore (Rose de No\u00ebl)<\/h3>\n<ul>\n<li><strong>Caract\u00e9ristiques<\/strong> : Fleurs en forme de coupe, couleurs vari\u00e9es (blanc, rose, violet).<\/li>\n<li><strong>Temp\u00e9rature minimale<\/strong> : -15\u00b0C.<\/li>\n<\/ul>\n<h3>2. Cyclamen<\/h3>\n<ul>\n<li><strong>Caract\u00e9ristiques<\/strong> : Feuilles marbr\u00e9es, fleurs en forme de papillon.<\/li>\n<li><strong>Temp\u00e9rature minimale<\/strong> : -10\u00b0C.<\/li>\n<\/ul>\n<h3>3. Pens\u00e9e<\/h3>\n<ul>\n<li><strong>Caract\u00e9ristiques<\/strong> : Fleurs color\u00e9es, floraison prolong\u00e9e.<\/li>\n<li><strong>Temp\u00e9rature minimale<\/strong> : -5\u00b0C.<\/li>\n<\/ul>\n<h3>4. Violette<\/h3>\n<ul>\n<li><strong>Caract\u00e9ristiques<\/strong> : Parfum d\u00e9licat, couleurs diverses.<\/li>\n<li><strong>Temp\u00e9rature minimale<\/strong> : -10\u00b0C.<\/li>\n<\/ul>\n<h3>5. Euphorbe<\/h3>\n<ul>\n<li><strong>Caract\u00e9ristiques<\/strong> : Feuillage persistant, fleurs vertes.<\/li>\n<li><strong>Temp\u00e9rature minimale<\/strong> : -15\u00b0C.<\/li>\n<\/ul>\n<h3>6. Ch\u00e8vrefeuille d\u2019hiver<\/h3>\n<ul>\n<li><strong>Caract\u00e9ristiques<\/strong> : Parfum sucr\u00e9, floraison d\u00e8s janvier.<\/li>\n<li><strong>Temp\u00e9rature minimale<\/strong> : -10\u00b0C.<\/li>\n<\/ul>\n<h3>7. Hell\u00e9bore noir<\/h3>\n<ul>\n<li><strong>Caract\u00e9ristiques<\/strong> : Fleurs sombres et \u00e9l\u00e9gantes.<\/li>\n<li><strong>Temp\u00e9rature minimale<\/strong> : -15\u00b0C.<\/li>\n<\/ul>\n<h3>8. Aconit d\u2019hiver<\/h3>\n<ul>\n<li><strong>Caract\u00e9ristiques<\/strong> : Fleurs en forme de cloche, teintes bleu fonc\u00e9.<\/li>\n<li><strong>Temp\u00e9rature minimale<\/strong> : -12\u00b0C.<\/li>\n<\/ul>\n<h3>9. Cam\u00e9lia d\u2019hiver<\/h3>\n<ul>\n<li><strong>Caract\u00e9ristiques<\/strong> : Grandes fleurs d\u00e9licates, floraison d\u00e8s d\u00e9cembre.<\/li>\n<li><strong>Temp\u00e9rature minimale<\/strong> : -5\u00b0C.<\/li>\n<\/ul>\n<h3>10. Jasmin d\u2019hiver<\/h3>\n<ul>\n<li><strong>Caract\u00e9ristiques<\/strong> : Fleurs jaunes parfum\u00e9es.<\/li>\n<li><strong>Temp\u00e9rature minimale<\/strong> : -7\u00b0C.<\/li>\n<\/ul>\n<h3>Tableau r\u00e9capitulatif des fleurs d\u2019hiver<\/h3>\n<table class=\"kwdbank-table\">\n<thead>\n<tr>\n<th>Fleurs<\/th>\n<th>Temp\u00e9rature Min<\/th>\n<th>Couleur<\/th>\n<\/tr>\n<\/thead>\n<tbody>\n<tr>\n<td>Hellebore<\/td>\n<td>-15\u00b0C<\/td>\n<td>Blanc, rose<\/td>\n<\/tr>\n<tr>\n<td>Cyclamen<\/td>\n<td>-10\u00b0C<\/td>\n<td>Rose, blanc<\/td>\n<\/tr>\n<tr>\n<td>Pens\u00e9e<\/td>\n<td>-5\u00b0C<\/td>\n<td>Multicolore<\/td>\n<\/tr>\n<tr>\n<td>Violette<\/td>\n<td>-10\u00b0C<\/td>\n<td>Violet<\/td>\n<\/tr>\n<tr>\n<td>Euphorbe<\/td>\n<td>-15\u00b0C<\/td>\n<td>Vert<\/td>\n<\/tr>\n<tr>\n<td>Ch\u00e8vrefeuille<\/td>\n<td>-10\u00b0C<\/td>\n<td>Jaune<\/td>\n<\/tr>\n<tr>\n<td>Hell\u00e9bore noir<\/td>\n<td>-15\u00b0C<\/td>\n<td>Noir<\/td>\n<\/tr>\n<tr>\n<td>Aconit d\u2019hiver<\/td>\n<td>-12\u00b0C<\/td>\n<td>Bleu fonc\u00e9<\/td>\n<\/tr>\n<tr>\n<td>Cam\u00e9lia d\u2019hiver<\/td>\n<td>-5\u00b0C<\/td>\n<td>Rose, blanc<\/td>\n<\/tr>\n<tr>\n<td>Jasmin d\u2019hiver<\/td>\n<td>-7\u00b0C<\/td>\n<td>Jaune<\/td>\n<\/tr>\n<\/tbody>\n<\/table>\n<h2>Comment entretenir vos fleurs d\u2019hiver ?<\/h2>\n<ol>\n<li>\n<strong>Choisir le bon emplacement<\/strong> :<br \/>\n   Les fleurs doivent \u00eatre plant\u00e9es dans un endroit bien drain\u00e9 et id\u00e9alement expos\u00e9 au soleil ou \u00e0 mi-ombre.\n<\/li>\n<li>\n<strong>Arrosage mod\u00e9r\u00e9<\/strong> :<br \/>\n   En hiver, l\u2019arrosage doit \u00eatre r\u00e9duit ; surveillez l\u2019humidit\u00e9 du sol pour \u00e9viter le gel des racines.\n<\/li>\n<li>\n<strong>Protection contre le gel<\/strong> :<br \/>\n   En cas de temp\u00e9ratures extr\u00eames, utilisez un paillis organique pour prot\u00e9ger les racines.\n<\/li>\n<\/ol>\n<h2>Alternatives aux fleurs d\u2019hiver<\/h2>\n<p>Si vous souhaitez diversifier votre jardin avec des alternatives aux fleurs classiques, envisagez :<\/p>\n<ol>\n<li>Les feuillus persistants (comme l\u2019if ou le buis) qui apportent structure et verdure.<\/li>\n<li>Les conif\u00e8res nains qui ajoutent une touche sculpturale tout en restant verts toute l\u2019ann\u00e9e.<\/li>\n<\/ol>\n<h2>FAQ sur les fleurs d\u2019hiver<\/h2>\n<h3>Quelles sont les meilleures fleurs d\u2019hiver ?<\/h3>\n<p>Les meilleures incluent l\u2019hellebores, le cyclamen et la pens\u00e9e pour leur r\u00e9sistance et leur beaut\u00e9.<\/p>\n<h3>Comment planter des fleurs r\u00e9sistantes au froid ?<\/h3>\n<p>Plantez-les dans un sol bien drain\u00e9 avec une exposition ad\u00e9quate (soleil ou mi-ombre) pour optimiser leur croissance.<\/p>\n<h3>Peut-on faire fleurir des plantes non rustiques en hiver ?<\/h3>\n<p>Certaines plantes peuvent n\u00e9cessiter un abri ou une serre pour passer l\u2019hiver ; cependant, cela ne garantit pas toujours une floraison r\u00e9ussie.<\/p>\n<h3>Quelles sont les pr\u00e9cautions \u00e0 prendre pour prot\u00e9ger mes fleurs en hiver ?<\/h3>\n<p>Utilisez un paillis pour isoler le sol et \u00e9vitez les arrosages excessifs pour pr\u00e9venir le gel des racines.<\/p>\n<p>Engagez-vous d\u00e8s maintenant dans la cr\u00e9ation de votre jardin hivernal avec ces magnifiques vari\u00e9t\u00e9s !<\/p>\n","protected":false},"excerpt":{"rendered":"","protected":false},"author":34,"featured_media":999999999,"comment_status":"open","ping_status":"open","sticky":false,"template":"","format":"standard","meta":{"_acf_changed":false,"manual_indexmenow":false,"indexmenow_id_project":0,"footnotes":""},"categories":[4609],"tags":[],"class_list":["post-7673","post","type-post","status-publish","format-standard","has-post-thumbnail","hentry","category-articles","generate-columns","tablet-grid-50","mobile-grid-100","grid-parent","grid-25"],"acf":[],"yoast_head":"<!-- This site is optimized with the Yoast SEO Premium plugin v21.3 (Yoast SEO v25.6) - https:\/\/yoast.com\/wordpress\/plugins\/seo\/ -->\n<title>Fleurs d&#039;Hiver : Top 20 R\u00e9sistantes Froid<\/title>\n<meta name=\"description\" content=\"Les fleurs d&#039;hiver apportent couleur et vie aux jardins pendant les mois les plus froids. Elles sont id\u00e9ales pour \u00e9gayer votre espace ext\u00e9rieur lorsque la\u2026\" \/>\n<meta name=\"robots\" content=\"index, follow, max-snippet:-1, max-image-preview:large, max-video-preview:-1\" \/>\n<link rel=\"canonical\" href=\"https:\/\/herberiedelatille.fr\/blog\/articles\/fleurs-d-hiver\/\" \/>\n<meta property=\"og:locale\" content=\"fr_FR\" \/>\n<meta property=\"og:type\" content=\"article\" \/>\n<meta property=\"og:title\" content=\"Fleurs d&#039;Hiver : Top 20 R\u00e9sistantes Froid\" \/>\n<meta property=\"og:description\" content=\"Les fleurs d&#039;hiver apportent couleur et vie aux jardins pendant les mois les plus froids. Elles sont id\u00e9ales pour \u00e9gayer votre espace ext\u00e9rieur lorsque la\u2026\" \/>\n<meta property=\"og:url\" content=\"https:\/\/herberiedelatille.fr\/blog\/articles\/fleurs-d-hiver\/\" \/>\n<meta property=\"og:site_name\" content=\"Herberie de la Tille\" \/>\n<meta name=\"author\" content=\"Julien Prigent\" \/>\n<meta name=\"twitter:card\" content=\"summary_large_image\" \/>\n<script type=\"application\/ld+json\" class=\"yoast-schema-graph\">{\"@context\":\"https:\/\/schema.org\",\"@graph\":[{\"@type\":\"NewsArticle\",\"@id\":\"https:\/\/herberiedelatille.fr\/blog\/articles\/fleurs-d-hiver\/#article\",\"isPartOf\":{\"@id\":\"https:\/\/herberiedelatille.fr\/blog\/articles\/fleurs-d-hiver\/\"},\"author\":{\"name\":\"Julien Prigent\",\"@id\":\"https:\/\/herberiedelatille.fr\/blog\/#\/schema\/person\/3c864cdc320801e3db34b663e7e3f816\"},\"headline\":\"Fleurs d&rsquo;Hiver : Top 20 R\u00e9sistantes Froid\",\"datePublished\":\"2026-07-29T09:00:00+00:00\",\"mainEntityOfPage\":{\"@id\":\"https:\/\/herberiedelatille.fr\/blog\/articles\/fleurs-d-hiver\/\"},\"wordCount\":686,\"commentCount\":0,\"publisher\":{\"@id\":\"https:\/\/herberiedelatille.fr\/blog\/#organization\"},\"image\":{\"@id\":\"https:\/\/herberiedelatille.fr\/blog\/articles\/fleurs-d-hiver\/#primaryimage\"},\"thumbnailUrl\":\"https:\/\/images.pexels.com\/photos\/23653354\/pexels-photo-23653354.jpeg?auto=compress&cs=tinysrgb&fit=crop&h=627&w=1200\",\"articleSection\":[\"Articles\"],\"inLanguage\":\"fr-FR\",\"potentialAction\":[{\"@type\":\"CommentAction\",\"name\":\"Comment\",\"target\":[\"https:\/\/herberiedelatille.fr\/blog\/articles\/fleurs-d-hiver\/#respond\"]}]},{\"@type\":\"WebPage\",\"@id\":\"https:\/\/herberiedelatille.fr\/blog\/articles\/fleurs-d-hiver\/\",\"url\":\"https:\/\/herberiedelatille.fr\/blog\/articles\/fleurs-d-hiver\/\",\"name\":\"Fleurs d'Hiver : Top 20 R\u00e9sistantes Froid\",\"isPartOf\":{\"@id\":\"https:\/\/herberiedelatille.fr\/blog\/#website\"},\"primaryImageOfPage\":{\"@id\":\"https:\/\/herberiedelatille.fr\/blog\/articles\/fleurs-d-hiver\/#primaryimage\"},\"image\":{\"@id\":\"https:\/\/herberiedelatille.fr\/blog\/articles\/fleurs-d-hiver\/#primaryimage\"},\"thumbnailUrl\":\"https:\/\/images.pexels.com\/photos\/23653354\/pexels-photo-23653354.jpeg?auto=compress&cs=tinysrgb&fit=crop&h=627&w=1200\",\"datePublished\":\"2026-07-29T09:00:00+00:00\",\"description\":\"Les fleurs d'hiver apportent couleur et vie aux jardins pendant les mois les plus froids. Elles sont id\u00e9ales pour \u00e9gayer votre espace ext\u00e9rieur lorsque la\u2026\",\"inLanguage\":\"fr-FR\",\"potentialAction\":[{\"@type\":\"ReadAction\",\"target\":[\"https:\/\/herberiedelatille.fr\/blog\/articles\/fleurs-d-hiver\/\"]}]},{\"@type\":\"ImageObject\",\"inLanguage\":\"fr-FR\",\"@id\":\"https:\/\/herberiedelatille.fr\/blog\/articles\/fleurs-d-hiver\/#primaryimage\",\"url\":\"https:\/\/images.pexels.com\/photos\/23653354\/pexels-photo-23653354.jpeg?auto=compress&cs=tinysrgb&fit=crop&h=627&w=1200\",\"contentUrl\":\"https:\/\/images.pexels.com\/photos\/23653354\/pexels-photo-23653354.jpeg?auto=compress&cs=tinysrgb&fit=crop&h=627&w=1200\"},{\"@type\":\"WebSite\",\"@id\":\"https:\/\/herberiedelatille.fr\/blog\/#website\",\"url\":\"https:\/\/herberiedelatille.fr\/blog\/\",\"name\":\"Herberie de la Tille\",\"description\":\"Le m\u00e9dia de la botanique pratique \u2014 plantes, herboristerie, identification\",\"publisher\":{\"@id\":\"https:\/\/herberiedelatille.fr\/blog\/#organization\"},\"alternateName\":\"Herberie de la Tille\",\"potentialAction\":[{\"@type\":\"SearchAction\",\"target\":{\"@type\":\"EntryPoint\",\"urlTemplate\":\"https:\/\/herberiedelatille.fr\/blog\/?s={search_term_string}\"},\"query-input\":{\"@type\":\"PropertyValueSpecification\",\"valueRequired\":true,\"valueName\":\"search_term_string\"}}],\"inLanguage\":\"fr-FR\"},{\"@type\":\"Organization\",\"@id\":\"https:\/\/herberiedelatille.fr\/blog\/#organization\",\"name\":\"Herberie de la Tille\",\"url\":\"https:\/\/herberiedelatille.fr\/blog\/\",\"logo\":{\"@type\":\"ImageObject\",\"inLanguage\":\"fr-FR\",\"@id\":\"https:\/\/herberiedelatille.fr\/blog\/#\/schema\/logo\/image\/\",\"url\":\"https:\/\/herberiedelatille.fr\/blog\/wp-content\/uploads\/2024\/12\/herberiedelatille.png\",\"contentUrl\":\"https:\/\/herberiedelatille.fr\/blog\/wp-content\/uploads\/2024\/12\/herberiedelatille.png\",\"width\":500,\"height\":500,\"caption\":\"Herberie de la Tille\"},\"image\":{\"@id\":\"https:\/\/herberiedelatille.fr\/blog\/#\/schema\/logo\/image\/\"}},{\"@type\":\"Person\",\"@id\":\"https:\/\/herberiedelatille.fr\/blog\/#\/schema\/person\/3c864cdc320801e3db34b663e7e3f816\",\"name\":\"Julien Prigent\",\"image\":{\"@type\":\"ImageObject\",\"inLanguage\":\"fr-FR\",\"@id\":\"https:\/\/herberiedelatille.fr\/blog\/#\/schema\/person\/image\/\",\"url\":\"https:\/\/herberiedelatille.fr\/blog\/wp-content\/uploads\/2026\/06\/persona_julien-p-96x96.jpg\",\"contentUrl\":\"https:\/\/herberiedelatille.fr\/blog\/wp-content\/uploads\/2026\/06\/persona_julien-p-96x96.jpg\",\"caption\":\"Julien Prigent\"},\"description\":\"Bricoleur et jardinier dans l'\u00e2me, j'\u00e9cris sur la maison et ses ext\u00e9rieurs avec les mains dans le cambouis plus que dans les th\u00e9ories. Mon terrain couvre tout l'habitat : le potager et le jardin au fil des saisons, mais aussi les petits travaux, la r\u00e9novation, le bricolage et les m\u00e9tiers du b\u00e2timent \u2014 toiture, isolation, menuiserie, serrurerie, ma\u00e7onnerie. J'aime expliquer un geste technique simplement, donner des fourchettes de prix r\u00e9alistes et les bons crit\u00e8res pour choisir un mat\u00e9riau ou un artisan. Je teste ce que je peux sur mes propres chantiers et au jardin avant d'en parler, je distingue la tradition de ce que confirme l'observation, et je pr\u00e9cise toujours le contexte \u2014 climat, type de sol, configuration du logement \u2014 parce qu'un m\u00eame conseil ne vaut pas partout. Mon but : rendre l'entretien et l'am\u00e9lioration de la maison accessibles, durables et \u00e9conomes.\",\"sameAs\":[\"https:\/\/julienprigent.fr\/\"],\"url\":\"https:\/\/herberiedelatille.fr\/blog\/auteur\/julien-p\/\"}]}<\/script>\n<!-- \/ Yoast SEO Premium plugin. -->","yoast_head_json":{"title":"Fleurs d'Hiver : Top 20 R\u00e9sistantes Froid","description":"Les fleurs d'hiver apportent couleur et vie aux jardins pendant les mois les plus froids. Elles sont id\u00e9ales pour \u00e9gayer votre espace ext\u00e9rieur lorsque la\u2026","robots":{"index":"index","follow":"follow","max-snippet":"max-snippet:-1","max-image-preview":"max-image-preview:large","max-video-preview":"max-video-preview:-1"},"canonical":"https:\/\/herberiedelatille.fr\/blog\/articles\/fleurs-d-hiver\/","og_locale":"fr_FR","og_type":"article","og_title":"Fleurs d'Hiver : Top 20 R\u00e9sistantes Froid","og_description":"Les fleurs d'hiver apportent couleur et vie aux jardins pendant les mois les plus froids. Elles sont id\u00e9ales pour \u00e9gayer votre espace ext\u00e9rieur lorsque la\u2026","og_url":"https:\/\/herberiedelatille.fr\/blog\/articles\/fleurs-d-hiver\/","og_site_name":"Herberie de la Tille","author":"Julien Prigent","twitter_card":"summary_large_image","schema":{"@context":"https:\/\/schema.org","@graph":[{"@type":"NewsArticle","@id":"https:\/\/herberiedelatille.fr\/blog\/articles\/fleurs-d-hiver\/#article","isPartOf":{"@id":"https:\/\/herberiedelatille.fr\/blog\/articles\/fleurs-d-hiver\/"},"author":{"name":"Julien Prigent","@id":"https:\/\/herberiedelatille.fr\/blog\/#\/schema\/person\/3c864cdc320801e3db34b663e7e3f816"},"headline":"Fleurs d&rsquo;Hiver : Top 20 R\u00e9sistantes Froid","datePublished":"2026-07-29T09:00:00+00:00","mainEntityOfPage":{"@id":"https:\/\/herberiedelatille.fr\/blog\/articles\/fleurs-d-hiver\/"},"wordCount":686,"commentCount":0,"publisher":{"@id":"https:\/\/herberiedelatille.fr\/blog\/#organization"},"image":{"@id":"https:\/\/herberiedelatille.fr\/blog\/articles\/fleurs-d-hiver\/#primaryimage"},"thumbnailUrl":"https:\/\/images.pexels.com\/photos\/23653354\/pexels-photo-23653354.jpeg?auto=compress&cs=tinysrgb&fit=crop&h=627&w=1200","articleSection":["Articles"],"inLanguage":"fr-FR","potentialAction":[{"@type":"CommentAction","name":"Comment","target":["https:\/\/herberiedelatille.fr\/blog\/articles\/fleurs-d-hiver\/#respond"]}]},{"@type":"WebPage","@id":"https:\/\/herberiedelatille.fr\/blog\/articles\/fleurs-d-hiver\/","url":"https:\/\/herberiedelatille.fr\/blog\/articles\/fleurs-d-hiver\/","name":"Fleurs d'Hiver : Top 20 R\u00e9sistantes Froid","isPartOf":{"@id":"https:\/\/herberiedelatille.fr\/blog\/#website"},"primaryImageOfPage":{"@id":"https:\/\/herberiedelatille.fr\/blog\/articles\/fleurs-d-hiver\/#primaryimage"},"image":{"@id":"https:\/\/herberiedelatille.fr\/blog\/articles\/fleurs-d-hiver\/#primaryimage"},"thumbnailUrl":"https:\/\/images.pexels.com\/photos\/23653354\/pexels-photo-23653354.jpeg?auto=compress&cs=tinysrgb&fit=crop&h=627&w=1200","datePublished":"2026-07-29T09:00:00+00:00","description":"Les fleurs d'hiver apportent couleur et vie aux jardins pendant les mois les plus froids. Elles sont id\u00e9ales pour \u00e9gayer votre espace ext\u00e9rieur lorsque la\u2026","inLanguage":"fr-FR","potentialAction":[{"@type":"ReadAction","target":["https:\/\/herberiedelatille.fr\/blog\/articles\/fleurs-d-hiver\/"]}]},{"@type":"ImageObject","inLanguage":"fr-FR","@id":"https:\/\/herberiedelatille.fr\/blog\/articles\/fleurs-d-hiver\/#primaryimage","url":"https:\/\/images.pexels.com\/photos\/23653354\/pexels-photo-23653354.jpeg?auto=compress&cs=tinysrgb&fit=crop&h=627&w=1200","contentUrl":"https:\/\/images.pexels.com\/photos\/23653354\/pexels-photo-23653354.jpeg?auto=compress&cs=tinysrgb&fit=crop&h=627&w=1200"},{"@type":"WebSite","@id":"https:\/\/herberiedelatille.fr\/blog\/#website","url":"https:\/\/herberiedelatille.fr\/blog\/","name":"Herberie de la Tille","description":"Le m\u00e9dia de la botanique pratique \u2014 plantes, herboristerie, identification","publisher":{"@id":"https:\/\/herberiedelatille.fr\/blog\/#organization"},"alternateName":"Herberie de la Tille","potentialAction":[{"@type":"SearchAction","target":{"@type":"EntryPoint","urlTemplate":"https:\/\/herberiedelatille.fr\/blog\/?s={search_term_string}"},"query-input":{"@type":"PropertyValueSpecification","valueRequired":true,"valueName":"search_term_string"}}],"inLanguage":"fr-FR"},{"@type":"Organization","@id":"https:\/\/herberiedelatille.fr\/blog\/#organization","name":"Herberie de la Tille","url":"https:\/\/herberiedelatille.fr\/blog\/","logo":{"@type":"ImageObject","inLanguage":"fr-FR","@id":"https:\/\/herberiedelatille.fr\/blog\/#\/schema\/logo\/image\/","url":"https:\/\/herberiedelatille.fr\/blog\/wp-content\/uploads\/2024\/12\/herberiedelatille.png","contentUrl":"https:\/\/herberiedelatille.fr\/blog\/wp-content\/uploads\/2024\/12\/herberiedelatille.png","width":500,"height":500,"caption":"Herberie de la Tille"},"image":{"@id":"https:\/\/herberiedelatille.fr\/blog\/#\/schema\/logo\/image\/"}},{"@type":"Person","@id":"https:\/\/herberiedelatille.fr\/blog\/#\/schema\/person\/3c864cdc320801e3db34b663e7e3f816","name":"Julien Prigent","image":{"@type":"ImageObject","inLanguage":"fr-FR","@id":"https:\/\/herberiedelatille.fr\/blog\/#\/schema\/person\/image\/","url":"https:\/\/herberiedelatille.fr\/blog\/wp-content\/uploads\/2026\/06\/persona_julien-p-96x96.jpg","contentUrl":"https:\/\/herberiedelatille.fr\/blog\/wp-content\/uploads\/2026\/06\/persona_julien-p-96x96.jpg","caption":"Julien Prigent"},"description":"Bricoleur et jardinier dans l'\u00e2me, j'\u00e9cris sur la maison et ses ext\u00e9rieurs avec les mains dans le cambouis plus que dans les th\u00e9ories. Mon terrain couvre tout l'habitat : le potager et le jardin au fil des saisons, mais aussi les petits travaux, la r\u00e9novation, le bricolage et les m\u00e9tiers du b\u00e2timent \u2014 toiture, isolation, menuiserie, serrurerie, ma\u00e7onnerie. J'aime expliquer un geste technique simplement, donner des fourchettes de prix r\u00e9alistes et les bons crit\u00e8res pour choisir un mat\u00e9riau ou un artisan. Je teste ce que je peux sur mes propres chantiers et au jardin avant d'en parler, je distingue la tradition de ce que confirme l'observation, et je pr\u00e9cise toujours le contexte \u2014 climat, type de sol, configuration du logement \u2014 parce qu'un m\u00eame conseil ne vaut pas partout. Mon but : rendre l'entretien et l'am\u00e9lioration de la maison accessibles, durables et \u00e9conomes.","sameAs":["https:\/\/julienprigent.fr\/"],"url":"https:\/\/herberiedelatille.fr\/blog\/auteur\/julien-p\/"}]}},"_links":{"self":[{"href":"https:\/\/herberiedelatille.fr\/blog\/wp-json\/wp\/v2\/posts\/7673","targetHints":{"allow":["GET"]}}],"collection":[{"href":"https:\/\/herberiedelatille.fr\/blog\/wp-json\/wp\/v2\/posts"}],"about":[{"href":"https:\/\/herberiedelatille.fr\/blog\/wp-json\/wp\/v2\/types\/post"}],"author":[{"embeddable":true,"href":"https:\/\/herberiedelatille.fr\/blog\/wp-json\/wp\/v2\/users\/34"}],"replies":[{"embeddable":true,"href":"https:\/\/herberiedelatille.fr\/blog\/wp-json\/wp\/v2\/comments?post=7673"}],"version-history":[{"count":1,"href":"https:\/\/herberiedelatille.fr\/blog\/wp-json\/wp\/v2\/posts\/7673\/revisions"}],"predecessor-version":[{"id":7921,"href":"https:\/\/herberiedelatille.fr\/blog\/wp-json\/wp\/v2\/posts\/7673\/revisions\/7921"}],"wp:attachment":[{"href":"https:\/\/herberiedelatille.fr\/blog\/wp-json\/wp\/v2\/media?parent=7673"}],"wp:term":[{"taxonomy":"category","embeddable":true,"href":"https:\/\/herberiedelatille.fr\/blog\/wp-json\/wp\/v2\/categories?post=7673"},{"taxonomy":"post_tag","embeddable":true,"href":"https:\/\/herberiedelatille.fr\/blog\/wp-json\/wp\/v2\/tags?post=7673"}],"curies":[{"name":"wp","href":"https:\/\/api.w.org\/{rel}","templated":true}]}}