{"id":7678,"date":"2026-08-03T09:00:00","date_gmt":"2026-08-03T09:00:00","guid":{"rendered":"https:\/\/herberiedelatille.fr\/blog\/?p=7678"},"modified":"2026-08-03T09:00:00","modified_gmt":"2026-08-03T09:00:00","slug":"fleurs-cosmos","status":"publish","type":"post","link":"https:\/\/herberiedelatille.fr\/blog\/articles\/fleurs-cosmos\/","title":{"rendered":"Fleurs Cosmos : Guide Semis et Entretien"},"content":{"rendered":"<p>Les fleurs cosmos, appartenant \u00e0 la famille des Asteraceae, sont pris\u00e9es pour leur beaut\u00e9 et leur facilit\u00e9 de culture. Avec leurs p\u00e9tales d\u00e9licats et leurs couleurs vives, elles apportent une touche de gaiet\u00e9 \u00e0 tout jardin. Si vous souhaitez les cultiver chez vous, ce guide pratique vous fournira des \u00e9tapes claires pour le semis et l\u2019entretien de ces magnifiques fleurs.<\/p>\n<h2>Qu\u2019est-ce que les fleurs cosmos ?<\/h2>\n<p>Les cosmos sont des plantes annuelles qui se caract\u00e9risent par leurs grandes fleurs en forme de marguerite. Les vari\u00e9t\u00e9s les plus populaires incluent le <strong>Cosmos bipinnatus<\/strong> et le <strong>Cosmos sulphureus<\/strong>, offrant une palette de couleurs allant du blanc au rose, en passant par le rouge et l\u2019orange. Elles atteignent g\u00e9n\u00e9ralement une hauteur de 60 \u00e0 120 cm selon la vari\u00e9t\u00e9.<\/p>\n<h3>Avantages des fleurs cosmos<\/h3>\n<ul>\n<li><strong>Facilit\u00e9 de culture<\/strong> : Adapt\u00e9es \u00e0 divers types de sols, les cosmos n\u00e9cessitent peu d\u2019entretien.<\/li>\n<li><strong>Biodiversit\u00e9<\/strong> : Elles attirent les pollinisateurs comme les abeilles et les papillons.<\/li>\n<li><strong>Fleurissement prolong\u00e9<\/strong> : En fleurissant de l\u2019\u00e9t\u00e9 jusqu\u2019\u00e0 l\u2019automne, elles embellissent votre jardin durant plusieurs mois.<\/li>\n<\/ul>\n<h2>Conditions id\u00e9ales pour la culture<\/h2>\n<h3>Exposition<\/h3>\n<p>Les fleurs cosmos pr\u00e9f\u00e8rent une exposition en plein soleil. Un emplacement avec au moins 6 heures de soleil direct par jour favorisera une floraison optimale.<\/p>\n<h3>Sol<\/h3>\n<p>Un sol l\u00e9ger et bien drain\u00e9 est essentiel. Les sols argileux ou trop humides peuvent entra\u00eener des maladies racinaires. Un pH neutre \u00e0 l\u00e9g\u00e8rement acide (entre 6 et 7) est id\u00e9al.<\/p>\n<h2>\u00c9tapes du semis<\/h2>\n<h3>Semis en pleine terre<\/h3>\n<ol>\n<li><strong>Pr\u00e9paration du sol<\/strong> : Ameublissez le sol sur environ 20 cm de profondeur. Ajoutez du compost pour enrichir la terre.<\/li>\n<li><strong>Semailles<\/strong> : Semez les graines directement en pleine terre au printemps, lorsque les risques de gel sont pass\u00e9s (g\u00e9n\u00e9ralement entre avril et mai). Espacez les graines d\u2019environ 30 cm pour permettre une bonne circulation d\u2019air.<\/li>\n<li><strong>Arrosage<\/strong> : Arrosez l\u00e9g\u00e8rement apr\u00e8s le semis pour maintenir l\u2019humidit\u00e9 sans d\u00e9tremper le sol.<\/li>\n<\/ol>\n<h3>Semis en int\u00e9rieur<\/h3>\n<ol>\n<li><strong>P\u00e9riode<\/strong> : Commencez vos semis en int\u00e9rieur environ 6 \u00e0 8 semaines avant le dernier gel.<\/li>\n<li><strong>Contenants<\/strong> : Utilisez des godets ou des plateaux avec un substrat l\u00e9ger.<\/li>\n<li><strong>Transplantation<\/strong> : Lorsque les plants atteignent environ 10 cm, transplantez-les dans votre jardin apr\u00e8s acclimatation (harden off).<\/li>\n<\/ol>\n<h2>Entretien des fleurs cosmos<\/h2>\n<h3>Arrosage<\/h3>\n<p>Les cosmos n\u00e9cessitent un arrosage mod\u00e9r\u00e9. \u00c9vitez l\u2019exc\u00e8s d\u2019eau qui pourrait provoquer la pourriture des racines. En p\u00e9riode s\u00e8che, un arrosage hebdomadaire suffit.<\/p>\n<h3>Fertilisation<\/h3>\n<p>Bien que ces plantes soient peu exigeantes, un apport d\u2019engrais \u00e9quilibr\u00e9 au d\u00e9but de la floraison peut stimuler leur d\u00e9veloppement. Appliquez-en tous les deux mois durant la saison.<\/p>\n<h3>Taille<\/h3>\n<p>Pour favoriser une floraison abondante, pincez les tiges principales lorsque celles-ci atteignent environ 30 cm de hauteur. Cela encouragera la ramification et augmentera le nombre de fleurs.<\/p>\n<h2>Pi\u00e8ges \u00e0 \u00e9viter<\/h2>\n<p>Un pi\u00e8ge fr\u00e9quent lors de la culture des cosmos est l\u2019exc\u00e8s d\u2019eau, surtout dans un sol mal drain\u00e9. Cela peut entra\u00eener des maladies fongiques telles que le mildiou ou la pourriture des racines. Veillez toujours \u00e0 ce que le sol soit bien a\u00e9r\u00e9.<\/p>\n<h2>Tableau comparatif des vari\u00e9t\u00e9s populaires<\/h2>\n<table class=\"kwdbank-table\">\n<thead>\n<tr>\n<th>Vari\u00e9t\u00e9<\/th>\n<th>Hauteur<\/th>\n<th>Couleurs disponibles<\/th>\n<th>Floraison<\/th>\n<\/tr>\n<\/thead>\n<tbody>\n<tr>\n<td>Cosmos bipinnatus<\/td>\n<td>60-90 cm<\/td>\n<td>Blanc, rose, rouge<\/td>\n<td>\u00c9t\u00e9 &#8211; automne<\/td>\n<\/tr>\n<tr>\n<td>Cosmos sulphureus<\/td>\n<td>60-120 cm<\/td>\n<td>Jaune, orange<\/td>\n<td>\u00c9t\u00e9 &#8211; automne<\/td>\n<\/tr>\n<\/tbody>\n<\/table>\n<h2>Action imm\u00e9diate<\/h2>\n<p>Pour commencer votre culture de fleurs cosmos d\u00e8s aujourd\u2019hui, procurez-vous des graines dans une jardinerie locale ou en ligne et pr\u00e9parez votre sol pour le semis !<\/p>\n<h2>FAQ sur les fleurs cosmos<\/h2>\n<h3>Quand faut-il semer les fleurs cosmos ?<\/h3>\n<p>Il est recommand\u00e9 de semer en pleine terre entre avril et mai ou d\u2019effectuer un semis int\u00e9rieur environ 6 \u00e0 8 semaines avant le dernier gel.<\/p>\n<h3>Quel type d\u2019engrais utiliser pour les cosmos ?<\/h3>\n<p>Un engrais \u00e9quilibr\u00e9 (NPK) est conseill\u00e9 pour soutenir leur croissance pendant la saison estivale.<\/p>\n<h3>Les fleurs cosmos sont-elles r\u00e9sistantes aux maladies ?<\/h3>\n<p>Elles sont g\u00e9n\u00e9ralement robustes mais peuvent \u00eatre sensibles aux maladies fongiques si elles sont trop arros\u00e9es ou si le sol est mal drain\u00e9.<\/p>\n<h3>Peut-on r\u00e9colter les graines des fleurs cosmos ?<\/h3>\n<p>Oui, vous pouvez r\u00e9colter les graines apr\u00e8s la floraison en laissant quelques fleurs se dess\u00e9cher sur la plante puis en conservant les graines dans un endroit frais et sec.<\/p>\n<h3>Combien de temps durent les fleurs cosmos ?<\/h3>\n<p>Les fleurs cosmos peuvent fleurir jusqu\u2019\u00e0 l\u2019automne si elles sont bien entretenues et que les conditions climatiques sont favorables.<\/p>\n<h3>Les fleurs cosmos attirent-elles des pollinisateurs ?<\/h3>\n<p>Oui, elles attirent notamment les abeilles et les papillons, ce qui contribue \u00e0 la biodiversit\u00e9 de votre jardin.<\/p>\n","protected":false},"excerpt":{"rendered":"","protected":false},"author":34,"featured_media":999999999,"comment_status":"open","ping_status":"open","sticky":false,"template":"","format":"standard","meta":{"_acf_changed":false,"manual_indexmenow":false,"indexmenow_id_project":0,"footnotes":""},"categories":[4609],"tags":[],"class_list":["post-7678","post","type-post","status-publish","format-standard","has-post-thumbnail","hentry","category-articles","generate-columns","tablet-grid-50","mobile-grid-100","grid-parent","grid-25"],"acf":[],"yoast_head":"<!-- This site is optimized with the Yoast SEO Premium plugin v21.3 (Yoast SEO v25.6) - https:\/\/yoast.com\/wordpress\/plugins\/seo\/ -->\n<title>Fleurs Cosmos : Guide Semis et Entretien<\/title>\n<meta name=\"description\" content=\"Les fleurs cosmos, appartenant \u00e0 la famille des Asteraceae, sont pris\u00e9es pour leur beaut\u00e9 et leur facilit\u00e9 de culture. Avec leurs p\u00e9tales d\u00e9licats et\u2026\" \/>\n<meta name=\"robots\" content=\"index, follow, max-snippet:-1, max-image-preview:large, max-video-preview:-1\" \/>\n<link rel=\"canonical\" href=\"https:\/\/herberiedelatille.fr\/blog\/articles\/fleurs-cosmos\/\" \/>\n<meta property=\"og:locale\" content=\"fr_FR\" \/>\n<meta property=\"og:type\" content=\"article\" \/>\n<meta property=\"og:title\" content=\"Fleurs Cosmos : Guide Semis et Entretien\" \/>\n<meta property=\"og:description\" content=\"Les fleurs cosmos, appartenant \u00e0 la famille des Asteraceae, sont pris\u00e9es pour leur beaut\u00e9 et leur facilit\u00e9 de culture. Avec leurs p\u00e9tales d\u00e9licats et\u2026\" \/>\n<meta property=\"og:url\" content=\"https:\/\/herberiedelatille.fr\/blog\/articles\/fleurs-cosmos\/\" \/>\n<meta property=\"og:site_name\" content=\"Herberie de la Tille\" \/>\n<meta name=\"author\" content=\"Julien Prigent\" \/>\n<meta name=\"twitter:card\" content=\"summary_large_image\" \/>\n<script type=\"application\/ld+json\" class=\"yoast-schema-graph\">{\"@context\":\"https:\/\/schema.org\",\"@graph\":[{\"@type\":\"NewsArticle\",\"@id\":\"https:\/\/herberiedelatille.fr\/blog\/articles\/fleurs-cosmos\/#article\",\"isPartOf\":{\"@id\":\"https:\/\/herberiedelatille.fr\/blog\/articles\/fleurs-cosmos\/\"},\"author\":{\"name\":\"Julien Prigent\",\"@id\":\"https:\/\/herberiedelatille.fr\/blog\/#\/schema\/person\/3c864cdc320801e3db34b663e7e3f816\"},\"headline\":\"Fleurs Cosmos : Guide Semis et Entretien\",\"datePublished\":\"2026-08-03T09:00:00+00:00\",\"mainEntityOfPage\":{\"@id\":\"https:\/\/herberiedelatille.fr\/blog\/articles\/fleurs-cosmos\/\"},\"wordCount\":773,\"commentCount\":0,\"publisher\":{\"@id\":\"https:\/\/herberiedelatille.fr\/blog\/#organization\"},\"image\":{\"@id\":\"https:\/\/herberiedelatille.fr\/blog\/articles\/fleurs-cosmos\/#primaryimage\"},\"thumbnailUrl\":\"https:\/\/images.pexels.com\/photos\/33556000\/pexels-photo-33556000.jpeg?auto=compress&cs=tinysrgb&fit=crop&h=627&w=1200\",\"articleSection\":[\"Articles\"],\"inLanguage\":\"fr-FR\",\"potentialAction\":[{\"@type\":\"CommentAction\",\"name\":\"Comment\",\"target\":[\"https:\/\/herberiedelatille.fr\/blog\/articles\/fleurs-cosmos\/#respond\"]}]},{\"@type\":\"WebPage\",\"@id\":\"https:\/\/herberiedelatille.fr\/blog\/articles\/fleurs-cosmos\/\",\"url\":\"https:\/\/herberiedelatille.fr\/blog\/articles\/fleurs-cosmos\/\",\"name\":\"Fleurs Cosmos : Guide Semis et Entretien\",\"isPartOf\":{\"@id\":\"https:\/\/herberiedelatille.fr\/blog\/#website\"},\"primaryImageOfPage\":{\"@id\":\"https:\/\/herberiedelatille.fr\/blog\/articles\/fleurs-cosmos\/#primaryimage\"},\"image\":{\"@id\":\"https:\/\/herberiedelatille.fr\/blog\/articles\/fleurs-cosmos\/#primaryimage\"},\"thumbnailUrl\":\"https:\/\/images.pexels.com\/photos\/33556000\/pexels-photo-33556000.jpeg?auto=compress&cs=tinysrgb&fit=crop&h=627&w=1200\",\"datePublished\":\"2026-08-03T09:00:00+00:00\",\"description\":\"Les fleurs cosmos, appartenant \u00e0 la famille des Asteraceae, sont pris\u00e9es pour leur beaut\u00e9 et leur facilit\u00e9 de culture. Avec leurs p\u00e9tales d\u00e9licats et\u2026\",\"inLanguage\":\"fr-FR\",\"potentialAction\":[{\"@type\":\"ReadAction\",\"target\":[\"https:\/\/herberiedelatille.fr\/blog\/articles\/fleurs-cosmos\/\"]}]},{\"@type\":\"ImageObject\",\"inLanguage\":\"fr-FR\",\"@id\":\"https:\/\/herberiedelatille.fr\/blog\/articles\/fleurs-cosmos\/#primaryimage\",\"url\":\"https:\/\/images.pexels.com\/photos\/33556000\/pexels-photo-33556000.jpeg?auto=compress&cs=tinysrgb&fit=crop&h=627&w=1200\",\"contentUrl\":\"https:\/\/images.pexels.com\/photos\/33556000\/pexels-photo-33556000.jpeg?auto=compress&cs=tinysrgb&fit=crop&h=627&w=1200\"},{\"@type\":\"WebSite\",\"@id\":\"https:\/\/herberiedelatille.fr\/blog\/#website\",\"url\":\"https:\/\/herberiedelatille.fr\/blog\/\",\"name\":\"Herberie de la Tille\",\"description\":\"Le m\u00e9dia de la botanique pratique \u2014 plantes, herboristerie, identification\",\"publisher\":{\"@id\":\"https:\/\/herberiedelatille.fr\/blog\/#organization\"},\"alternateName\":\"Herberie de la Tille\",\"potentialAction\":[{\"@type\":\"SearchAction\",\"target\":{\"@type\":\"EntryPoint\",\"urlTemplate\":\"https:\/\/herberiedelatille.fr\/blog\/?s={search_term_string}\"},\"query-input\":{\"@type\":\"PropertyValueSpecification\",\"valueRequired\":true,\"valueName\":\"search_term_string\"}}],\"inLanguage\":\"fr-FR\"},{\"@type\":\"Organization\",\"@id\":\"https:\/\/herberiedelatille.fr\/blog\/#organization\",\"name\":\"Herberie de la Tille\",\"url\":\"https:\/\/herberiedelatille.fr\/blog\/\",\"logo\":{\"@type\":\"ImageObject\",\"inLanguage\":\"fr-FR\",\"@id\":\"https:\/\/herberiedelatille.fr\/blog\/#\/schema\/logo\/image\/\",\"url\":\"https:\/\/herberiedelatille.fr\/blog\/wp-content\/uploads\/2024\/12\/herberiedelatille.png\",\"contentUrl\":\"https:\/\/herberiedelatille.fr\/blog\/wp-content\/uploads\/2024\/12\/herberiedelatille.png\",\"width\":500,\"height\":500,\"caption\":\"Herberie de la Tille\"},\"image\":{\"@id\":\"https:\/\/herberiedelatille.fr\/blog\/#\/schema\/logo\/image\/\"}},{\"@type\":\"Person\",\"@id\":\"https:\/\/herberiedelatille.fr\/blog\/#\/schema\/person\/3c864cdc320801e3db34b663e7e3f816\",\"name\":\"Julien Prigent\",\"image\":{\"@type\":\"ImageObject\",\"inLanguage\":\"fr-FR\",\"@id\":\"https:\/\/herberiedelatille.fr\/blog\/#\/schema\/person\/image\/\",\"url\":\"https:\/\/herberiedelatille.fr\/blog\/wp-content\/uploads\/2026\/06\/persona_julien-p-96x96.jpg\",\"contentUrl\":\"https:\/\/herberiedelatille.fr\/blog\/wp-content\/uploads\/2026\/06\/persona_julien-p-96x96.jpg\",\"caption\":\"Julien Prigent\"},\"description\":\"Bricoleur et jardinier dans l'\u00e2me, j'\u00e9cris sur la maison et ses ext\u00e9rieurs avec les mains dans le cambouis plus que dans les th\u00e9ories. Mon terrain couvre tout l'habitat : le potager et le jardin au fil des saisons, mais aussi les petits travaux, la r\u00e9novation, le bricolage et les m\u00e9tiers du b\u00e2timent \u2014 toiture, isolation, menuiserie, serrurerie, ma\u00e7onnerie. J'aime expliquer un geste technique simplement, donner des fourchettes de prix r\u00e9alistes et les bons crit\u00e8res pour choisir un mat\u00e9riau ou un artisan. Je teste ce que je peux sur mes propres chantiers et au jardin avant d'en parler, je distingue la tradition de ce que confirme l'observation, et je pr\u00e9cise toujours le contexte \u2014 climat, type de sol, configuration du logement \u2014 parce qu'un m\u00eame conseil ne vaut pas partout. Mon but : rendre l'entretien et l'am\u00e9lioration de la maison accessibles, durables et \u00e9conomes.\",\"sameAs\":[\"https:\/\/julienprigent.fr\/\"],\"url\":\"https:\/\/herberiedelatille.fr\/blog\/auteur\/julien-p\/\"}]}<\/script>\n<!-- \/ Yoast SEO Premium plugin. -->","yoast_head_json":{"title":"Fleurs Cosmos : Guide Semis et Entretien","description":"Les fleurs cosmos, appartenant \u00e0 la famille des Asteraceae, sont pris\u00e9es pour leur beaut\u00e9 et leur facilit\u00e9 de culture. Avec leurs p\u00e9tales d\u00e9licats et\u2026","robots":{"index":"index","follow":"follow","max-snippet":"max-snippet:-1","max-image-preview":"max-image-preview:large","max-video-preview":"max-video-preview:-1"},"canonical":"https:\/\/herberiedelatille.fr\/blog\/articles\/fleurs-cosmos\/","og_locale":"fr_FR","og_type":"article","og_title":"Fleurs Cosmos : Guide Semis et Entretien","og_description":"Les fleurs cosmos, appartenant \u00e0 la famille des Asteraceae, sont pris\u00e9es pour leur beaut\u00e9 et leur facilit\u00e9 de culture. Avec leurs p\u00e9tales d\u00e9licats et\u2026","og_url":"https:\/\/herberiedelatille.fr\/blog\/articles\/fleurs-cosmos\/","og_site_name":"Herberie de la Tille","author":"Julien Prigent","twitter_card":"summary_large_image","schema":{"@context":"https:\/\/schema.org","@graph":[{"@type":"NewsArticle","@id":"https:\/\/herberiedelatille.fr\/blog\/articles\/fleurs-cosmos\/#article","isPartOf":{"@id":"https:\/\/herberiedelatille.fr\/blog\/articles\/fleurs-cosmos\/"},"author":{"name":"Julien Prigent","@id":"https:\/\/herberiedelatille.fr\/blog\/#\/schema\/person\/3c864cdc320801e3db34b663e7e3f816"},"headline":"Fleurs Cosmos : Guide Semis et Entretien","datePublished":"2026-08-03T09:00:00+00:00","mainEntityOfPage":{"@id":"https:\/\/herberiedelatille.fr\/blog\/articles\/fleurs-cosmos\/"},"wordCount":773,"commentCount":0,"publisher":{"@id":"https:\/\/herberiedelatille.fr\/blog\/#organization"},"image":{"@id":"https:\/\/herberiedelatille.fr\/blog\/articles\/fleurs-cosmos\/#primaryimage"},"thumbnailUrl":"https:\/\/images.pexels.com\/photos\/33556000\/pexels-photo-33556000.jpeg?auto=compress&cs=tinysrgb&fit=crop&h=627&w=1200","articleSection":["Articles"],"inLanguage":"fr-FR","potentialAction":[{"@type":"CommentAction","name":"Comment","target":["https:\/\/herberiedelatille.fr\/blog\/articles\/fleurs-cosmos\/#respond"]}]},{"@type":"WebPage","@id":"https:\/\/herberiedelatille.fr\/blog\/articles\/fleurs-cosmos\/","url":"https:\/\/herberiedelatille.fr\/blog\/articles\/fleurs-cosmos\/","name":"Fleurs Cosmos : Guide Semis et Entretien","isPartOf":{"@id":"https:\/\/herberiedelatille.fr\/blog\/#website"},"primaryImageOfPage":{"@id":"https:\/\/herberiedelatille.fr\/blog\/articles\/fleurs-cosmos\/#primaryimage"},"image":{"@id":"https:\/\/herberiedelatille.fr\/blog\/articles\/fleurs-cosmos\/#primaryimage"},"thumbnailUrl":"https:\/\/images.pexels.com\/photos\/33556000\/pexels-photo-33556000.jpeg?auto=compress&cs=tinysrgb&fit=crop&h=627&w=1200","datePublished":"2026-08-03T09:00:00+00:00","description":"Les fleurs cosmos, appartenant \u00e0 la famille des Asteraceae, sont pris\u00e9es pour leur beaut\u00e9 et leur facilit\u00e9 de culture. Avec leurs p\u00e9tales d\u00e9licats et\u2026","inLanguage":"fr-FR","potentialAction":[{"@type":"ReadAction","target":["https:\/\/herberiedelatille.fr\/blog\/articles\/fleurs-cosmos\/"]}]},{"@type":"ImageObject","inLanguage":"fr-FR","@id":"https:\/\/herberiedelatille.fr\/blog\/articles\/fleurs-cosmos\/#primaryimage","url":"https:\/\/images.pexels.com\/photos\/33556000\/pexels-photo-33556000.jpeg?auto=compress&cs=tinysrgb&fit=crop&h=627&w=1200","contentUrl":"https:\/\/images.pexels.com\/photos\/33556000\/pexels-photo-33556000.jpeg?auto=compress&cs=tinysrgb&fit=crop&h=627&w=1200"},{"@type":"WebSite","@id":"https:\/\/herberiedelatille.fr\/blog\/#website","url":"https:\/\/herberiedelatille.fr\/blog\/","name":"Herberie de la Tille","description":"Le m\u00e9dia de la botanique pratique \u2014 plantes, herboristerie, identification","publisher":{"@id":"https:\/\/herberiedelatille.fr\/blog\/#organization"},"alternateName":"Herberie de la Tille","potentialAction":[{"@type":"SearchAction","target":{"@type":"EntryPoint","urlTemplate":"https:\/\/herberiedelatille.fr\/blog\/?s={search_term_string}"},"query-input":{"@type":"PropertyValueSpecification","valueRequired":true,"valueName":"search_term_string"}}],"inLanguage":"fr-FR"},{"@type":"Organization","@id":"https:\/\/herberiedelatille.fr\/blog\/#organization","name":"Herberie de la Tille","url":"https:\/\/herberiedelatille.fr\/blog\/","logo":{"@type":"ImageObject","inLanguage":"fr-FR","@id":"https:\/\/herberiedelatille.fr\/blog\/#\/schema\/logo\/image\/","url":"https:\/\/herberiedelatille.fr\/blog\/wp-content\/uploads\/2024\/12\/herberiedelatille.png","contentUrl":"https:\/\/herberiedelatille.fr\/blog\/wp-content\/uploads\/2024\/12\/herberiedelatille.png","width":500,"height":500,"caption":"Herberie de la Tille"},"image":{"@id":"https:\/\/herberiedelatille.fr\/blog\/#\/schema\/logo\/image\/"}},{"@type":"Person","@id":"https:\/\/herberiedelatille.fr\/blog\/#\/schema\/person\/3c864cdc320801e3db34b663e7e3f816","name":"Julien Prigent","image":{"@type":"ImageObject","inLanguage":"fr-FR","@id":"https:\/\/herberiedelatille.fr\/blog\/#\/schema\/person\/image\/","url":"https:\/\/herberiedelatille.fr\/blog\/wp-content\/uploads\/2026\/06\/persona_julien-p-96x96.jpg","contentUrl":"https:\/\/herberiedelatille.fr\/blog\/wp-content\/uploads\/2026\/06\/persona_julien-p-96x96.jpg","caption":"Julien Prigent"},"description":"Bricoleur et jardinier dans l'\u00e2me, j'\u00e9cris sur la maison et ses ext\u00e9rieurs avec les mains dans le cambouis plus que dans les th\u00e9ories. Mon terrain couvre tout l'habitat : le potager et le jardin au fil des saisons, mais aussi les petits travaux, la r\u00e9novation, le bricolage et les m\u00e9tiers du b\u00e2timent \u2014 toiture, isolation, menuiserie, serrurerie, ma\u00e7onnerie. J'aime expliquer un geste technique simplement, donner des fourchettes de prix r\u00e9alistes et les bons crit\u00e8res pour choisir un mat\u00e9riau ou un artisan. Je teste ce que je peux sur mes propres chantiers et au jardin avant d'en parler, je distingue la tradition de ce que confirme l'observation, et je pr\u00e9cise toujours le contexte \u2014 climat, type de sol, configuration du logement \u2014 parce qu'un m\u00eame conseil ne vaut pas partout. Mon but : rendre l'entretien et l'am\u00e9lioration de la maison accessibles, durables et \u00e9conomes.","sameAs":["https:\/\/julienprigent.fr\/"],"url":"https:\/\/herberiedelatille.fr\/blog\/auteur\/julien-p\/"}]}},"_links":{"self":[{"href":"https:\/\/herberiedelatille.fr\/blog\/wp-json\/wp\/v2\/posts\/7678","targetHints":{"allow":["GET"]}}],"collection":[{"href":"https:\/\/herberiedelatille.fr\/blog\/wp-json\/wp\/v2\/posts"}],"about":[{"href":"https:\/\/herberiedelatille.fr\/blog\/wp-json\/wp\/v2\/types\/post"}],"author":[{"embeddable":true,"href":"https:\/\/herberiedelatille.fr\/blog\/wp-json\/wp\/v2\/users\/34"}],"replies":[{"embeddable":true,"href":"https:\/\/herberiedelatille.fr\/blog\/wp-json\/wp\/v2\/comments?post=7678"}],"version-history":[{"count":1,"href":"https:\/\/herberiedelatille.fr\/blog\/wp-json\/wp\/v2\/posts\/7678\/revisions"}],"predecessor-version":[{"id":7928,"href":"https:\/\/herberiedelatille.fr\/blog\/wp-json\/wp\/v2\/posts\/7678\/revisions\/7928"}],"wp:attachment":[{"href":"https:\/\/herberiedelatille.fr\/blog\/wp-json\/wp\/v2\/media?parent=7678"}],"wp:term":[{"taxonomy":"category","embeddable":true,"href":"https:\/\/herberiedelatille.fr\/blog\/wp-json\/wp\/v2\/categories?post=7678"},{"taxonomy":"post_tag","embeddable":true,"href":"https:\/\/herberiedelatille.fr\/blog\/wp-json\/wp\/v2\/tags?post=7678"}],"curies":[{"name":"wp","href":"https:\/\/api.w.org\/{rel}","templated":true}]}}