{"id":7681,"date":"2026-08-07T09:00:00","date_gmt":"2026-08-07T09:00:00","guid":{"rendered":"https:\/\/herberiedelatille.fr\/blog\/?p=7681"},"modified":"2026-08-07T09:00:00","modified_gmt":"2026-08-07T09:00:00","slug":"fleurs-bleues-vivaces","status":"publish","type":"post","link":"https:\/\/herberiedelatille.fr\/blog\/articles\/fleurs-bleues-vivaces\/","title":{"rendered":"Fleurs Bleues Vivaces : Top 15 Vari\u00e9t\u00e9s"},"content":{"rendered":"<p>Les <strong>fleurs bleues vivaces<\/strong> ajoutent une touche de couleur unique et apaisante \u00e0 votre jardin. Que vous cherchiez \u00e0 cr\u00e9er un parterre de fleurs ou \u00e0 embellir des espaces plus restreints, ces plantes sont souvent choisies pour leur long\u00e9vit\u00e9 et leur capacit\u00e9 \u00e0 revenir ann\u00e9e apr\u00e8s ann\u00e9e. Dans cet article, nous allons explorer 15 vari\u00e9t\u00e9s de fleurs bleues vivaces qui se distinguent par leur beaut\u00e9 et leur facilit\u00e9 d\u2019entretien.<\/p>\n<h2>Pourquoi choisir des fleurs bleues vivaces ?<\/h2>\n<p>Les fleurs bleues apportent une certaine s\u00e9r\u00e9nit\u00e9 et se marient bien avec d\u2019autres couleurs dans le jardin. De plus, les vari\u00e9t\u00e9s vivaces sont id\u00e9ales pour les jardiniers souhaitant minimiser l\u2019entretien, car elles se r\u00e9installent chaque printemps. Une \u00e9tude men\u00e9e par l\u2019Universit\u00e9 de l\u2019\u00c9tat du Michigan a r\u00e9v\u00e9l\u00e9 que les jardins compos\u00e9s principalement de plantes vivaces n\u00e9cessitent jusqu\u2019\u00e0 50 % moins d\u2019entretien que ceux avec des annuelles.<\/p>\n<h3>Avantages des fleurs bleues vivaces<\/h3>\n<ol>\n<li><strong>Long\u00e9vit\u00e9<\/strong> : Elles reviennent chaque ann\u00e9e sans n\u00e9cessiter de replantation.<\/li>\n<li><strong>Vari\u00e9t\u00e9<\/strong> : Elles offrent une large gamme de formes et de tailles.<\/li>\n<li><strong>Biodiversit\u00e9<\/strong> : Elles attirent pollinisateurs comme les abeilles et les papillons.<\/li>\n<\/ol>\n<h2>Top 15 des vari\u00e9t\u00e9s de fleurs bleues vivaces<\/h2>\n<h3>1. <strong>Delphinium<\/strong><\/h3>\n<ul>\n<li><strong>Hauteur<\/strong> : Jusqu\u2019\u00e0 2 m\u00e8tres<\/li>\n<li><strong>Floraison<\/strong> : Juin \u00e0 septembre<\/li>\n<li><strong>Particularit\u00e9s<\/strong> : Tiges droites avec des fleurs en grappes.<\/li>\n<\/ul>\n<h3>2. <strong>Lavande (Lavandula)<\/strong><\/h3>\n<ul>\n<li><strong>Hauteur<\/strong> : 60 cm \u00e0 1 m<\/li>\n<li><strong>Floraison<\/strong> : Juillet \u00e0 ao\u00fbt<\/li>\n<li><strong>Particularit\u00e9s<\/strong> : Parfum intense, id\u00e9ale pour les bordures.<\/li>\n<\/ul>\n<h3>3. <strong>Iris germanica<\/strong><\/h3>\n<ul>\n<li><strong>Hauteur<\/strong> : 60 cm<\/li>\n<li><strong>Floraison<\/strong> : Mai \u00e0 juin<\/li>\n<li><strong>Particularit\u00e9s<\/strong> : Feuillage en forme d\u2019\u00e9p\u00e9e, tr\u00e8s d\u00e9coratif.<\/li>\n<\/ul>\n<h3>4. <strong>Ajuga reptans (Bugle rampant)<\/strong><\/h3>\n<ul>\n<li><strong>Hauteur<\/strong> : 15 cm<\/li>\n<li><strong>Floraison<\/strong> : Avril \u00e0 mai<\/li>\n<li><strong>Particularit\u00e9s<\/strong> : Couvrant le sol, id\u00e9al pour les zones ombrag\u00e9es.<\/li>\n<\/ul>\n<h3>5. <strong>Centaurea cyanus (Bleuet)<\/strong><\/h3>\n<ul>\n<li><strong>Hauteur<\/strong> : 60 cm<\/li>\n<li><strong>Floraison<\/strong> : Mai \u00e0 juillet<\/li>\n<li><strong>Particularit\u00e9s<\/strong> : Fleurs comestibles, attire les pollinisateurs.<\/li>\n<\/ul>\n<h3>6. <strong>Aster novi-belgii (Aster d\u2019automne)<\/strong><\/h3>\n<ul>\n<li><strong>Hauteur<\/strong> : 90 cm<\/li>\n<li><strong>Floraison<\/strong> : Ao\u00fbt \u00e0 octobre<\/li>\n<li><strong>Particularit\u00e9s<\/strong> : Fleurs \u00e9toil\u00e9es sur tiges robustes.<\/li>\n<\/ul>\n<h3>7. <strong>Nepeta (Cataire)<\/strong><\/h3>\n<ul>\n<li><strong>Hauteur<\/strong> : 50 cm<\/li>\n<li><strong>Floraison<\/strong> : Mai \u00e0 septembre<\/li>\n<li><strong>Particularit\u00e9s<\/strong> : Feuillage aromatique, attire les abeilles.<\/li>\n<\/ul>\n<h3>8. <strong>Eryngium (Chardon bleu)<\/strong><\/h3>\n<ul>\n<li><strong>Hauteur<\/strong> : Jusqu\u2019\u00e0 1 m<\/li>\n<li><strong>Floraison<\/strong> : Juillet \u00e0 septembre<\/li>\n<li><strong>Particularit\u00e9s<\/strong> : Fleurs en forme de boule, r\u00e9sistant \u00e0 la s\u00e9cheresse.<\/li>\n<\/ul>\n<h3>9. <strong>Pulmonaria (Lungwort)<\/strong><\/h3>\n<ul>\n<li><strong>Hauteur<\/strong> : 30 cm<\/li>\n<li><strong>Floraison<\/strong> : Mars \u00e0 mai<\/li>\n<li><strong>Particularit\u00e9s<\/strong> : Feuillage panach\u00e9, tol\u00e8re l\u2019ombre.<\/li>\n<\/ul>\n<h3>10. <strong>Phlox subulata (Phlox tapissant)<\/strong><\/h3>\n<ul>\n<li><strong>Hauteur<\/strong> : 15 cm<\/li>\n<li><strong>Floraison<\/strong> : Avril \u00e0 mai<\/li>\n<li><strong>Particularit\u00e9s<\/strong> : Couvre-sol fleuri, id\u00e9al pour les rocailles.<\/li>\n<\/ul>\n<h3>11. <strong>Scabiosa columbaria (Scabieuse bleue)<\/strong><\/h3>\n<ul>\n<li><strong>Hauteur<\/strong> : 60 cm<\/li>\n<li><strong>Floraison<\/strong> : Juin \u00e0 octobre<\/li>\n<li><strong>Particularit\u00e9s<\/strong> : Fleurs en pompons, attire les papillons.<\/li>\n<\/ul>\n<h3>12. <strong>Brunnera macrophylla (Myosotis du Caucase)<\/strong><\/h3>\n<ul>\n<li><strong>Hauteur<\/strong> : Jusqu\u2019\u00e0 30 cm<\/li>\n<li><strong>Floraison:<\/strong> Avril \u00e0 mai<\/li>\n<li><em><strong>Particularit\u00e9s:<\/strong> Feuillage large avec petites fleurs bleu vif.<\/em><\/li>\n<\/ul>\n<h3>13. <strong><em>Geranium Rozanne<\/em><\/strong><\/h3>\n<ul>\n<li>\n<ul>\n<li>Hauteur: environ <em>45 cm<\/em><\/li>\n<\/ul>\n<\/li>\n<li>\n<ul>\n<li>Floraison: <em>Juin jusqu\u2019\u00e0 octobre<\/em><\/li>\n<\/ul>\n<\/li>\n<li>\n<ul>\n<li>Particularit\u00e9s: <em>Fleurit longuement avec une belle couleur bleu-violet.<\/em><\/li>\n<\/ul>\n<\/li>\n<\/ul>\n<h3>14. <strong><em>Campanula (Clochettes)<\/em><\/strong><\/h3>\n<ul>\n<li>\n<ul>\n<li>Hauteur: <em>20 cm \u00e0 plus d\u2019un m\u00e8tre selon la vari\u00e9t\u00e9<\/em><\/li>\n<\/ul>\n<\/li>\n<li>\n<ul>\n<li>Floraison: <em>Mai \u00e0 septembre<\/em><\/li>\n<\/ul>\n<\/li>\n<li>\n<ul>\n<li>Particularit\u00e9s: <em>Fleurs en forme de cloche tr\u00e8s d\u00e9coratives.<\/em><\/li>\n<\/ul>\n<\/li>\n<\/ul>\n<h3>15. <strong><em>Salvia nemorosa (Sauge d\u2019ornement)<\/em><\/strong><\/h3>\n<ul>\n<li>\n<ul>\n<li>Hauteur: <em>60 cm<\/em><\/li>\n<\/ul>\n<\/li>\n<li>\n<ul>\n<li>Floraison: <em>Mai \u00e0 septembre<\/em><\/li>\n<\/ul>\n<\/li>\n<li>\n<ul>\n<li>Particularit\u00e9s: <em>Attire les pollinisateurs et r\u00e9siste bien aux maladies.<\/em><\/li>\n<\/ul>\n<\/li>\n<\/ul>\n<h2>Pi\u00e8ge \u00e0 \u00e9viter lors du choix des fleurs bleues vivaces<\/h2>\n<p>Ne choisissez pas uniquement vos fleurs sur leur couleur ou leur apparence sans tenir compte de leurs besoins sp\u00e9cifiques en mati\u00e8re de sol, lumi\u00e8re et arrosage. Par exemple, certaines vari\u00e9t\u00e9s comme le Delphinium pr\u00e9f\u00e8rent un sol bien drain\u00e9 et beaucoup de soleil, tandis que le Pulmonaria prosp\u00e8re mieux dans l\u2019ombre humide. Une mauvaise adaptation peut entra\u00eener une croissance m\u00e9diocre ou m\u00eame la mort des plantes.<\/p>\n<h2>Action imm\u00e9diate<\/h2>\n<p>Pour commencer votre projet floral, choisissez trois vari\u00e9t\u00e9s qui vous plaisent parmi celles list\u00e9es ci-dessus et \u00e9valuez votre espace ext\u00e9rieur pour d\u00e9terminer o\u00f9 vous pouvez les planter efficacement en fonction de leurs besoins respectifs.<\/p>\n<h2>FAQ<\/h2>\n<h3>Quelles sont les meilleures p\u00e9riodes pour planter des fleurs bleues vivaces ?<\/h3>\n<p>Les meilleures p\u00e9riodes pour planter ces vari\u00e9t\u00e9s sont g\u00e9n\u00e9ralement au printemps ou au d\u00e9but de l\u2019automne lorsque le sol est encore chaud mais que la temp\u00e9rature ext\u00e9rieure commence \u00e0 diminuer.<\/p>\n<h3>Les fleurs bleues vivaces attirent-elles les pollinisateurs ?<\/h3>\n<p>Oui, beaucoup de ces vari\u00e9t\u00e9s attirent des pollinisateurs comme les abeilles et les papillons gr\u00e2ce \u00e0 leurs nectar sucr\u00e9 et leurs couleurs vives.<\/p>\n<h3>Comment entretenir mes fleurs bleues vivaces ?<\/h3>\n<p>L\u2019entretien consiste g\u00e9n\u00e9ralement en un arrosage r\u00e9gulier pendant leur premi\u00e8re saison ainsi qu\u2019une taille annuelle apr\u00e8s la floraison pour favoriser la croissance future.<\/p>\n<h3>Les fleurs bleues sont-elles adapt\u00e9es aux climats froids ?<\/h3>\n<p>Certaines vari\u00e9t\u00e9s comme l\u2019Iris germanica sont tr\u00e8s r\u00e9sistantes au froid tandis que d\u2019autres peuvent n\u00e9cessiter une protection suppl\u00e9mentaire pendant l\u2019hiver dans certaines r\u00e9gions.<\/p>\n<h3>Peut-on m\u00e9langer diff\u00e9rentes esp\u00e8ces dans un m\u00eame massif ?<\/h3>\n<p>Oui, il est possible de m\u00e9langer diff\u00e9rentes esp\u00e8ces tant qu\u2019elles ont des besoins similaires en termes d\u2019exposition au soleil et d\u2019humidit\u00e9 du sol.<\/p>\n","protected":false},"excerpt":{"rendered":"","protected":false},"author":34,"featured_media":999999999,"comment_status":"open","ping_status":"open","sticky":false,"template":"","format":"standard","meta":{"_acf_changed":false,"manual_indexmenow":false,"indexmenow_id_project":0,"footnotes":""},"categories":[4609],"tags":[],"class_list":["post-7681","post","type-post","status-publish","format-standard","has-post-thumbnail","hentry","category-articles","generate-columns","tablet-grid-50","mobile-grid-100","grid-parent","grid-25"],"acf":[],"yoast_head":"<!-- This site is optimized with the Yoast SEO Premium plugin v21.3 (Yoast SEO v25.6) - https:\/\/yoast.com\/wordpress\/plugins\/seo\/ -->\n<title>Fleurs Bleues Vivaces : Top 15 Vari\u00e9t\u00e9s<\/title>\n<meta name=\"description\" content=\"Les fleurs bleues vivaces ajoutent une touche de couleur unique et apaisante \u00e0 votre jardin. Que vous cherchiez \u00e0 cr\u00e9er un parterre de fleurs ou \u00e0\u2026\" \/>\n<meta name=\"robots\" content=\"index, follow, max-snippet:-1, max-image-preview:large, max-video-preview:-1\" \/>\n<link rel=\"canonical\" href=\"https:\/\/herberiedelatille.fr\/blog\/articles\/fleurs-bleues-vivaces\/\" \/>\n<meta property=\"og:locale\" content=\"fr_FR\" \/>\n<meta property=\"og:type\" content=\"article\" \/>\n<meta property=\"og:title\" content=\"Fleurs Bleues Vivaces : Top 15 Vari\u00e9t\u00e9s\" \/>\n<meta property=\"og:description\" content=\"Les fleurs bleues vivaces ajoutent une touche de couleur unique et apaisante \u00e0 votre jardin. Que vous cherchiez \u00e0 cr\u00e9er un parterre de fleurs ou \u00e0\u2026\" \/>\n<meta property=\"og:url\" content=\"https:\/\/herberiedelatille.fr\/blog\/articles\/fleurs-bleues-vivaces\/\" \/>\n<meta property=\"og:site_name\" content=\"Herberie de la Tille\" \/>\n<meta name=\"author\" content=\"Julien Prigent\" \/>\n<meta name=\"twitter:card\" content=\"summary_large_image\" \/>\n<script type=\"application\/ld+json\" class=\"yoast-schema-graph\">{\"@context\":\"https:\/\/schema.org\",\"@graph\":[{\"@type\":\"NewsArticle\",\"@id\":\"https:\/\/herberiedelatille.fr\/blog\/articles\/fleurs-bleues-vivaces\/#article\",\"isPartOf\":{\"@id\":\"https:\/\/herberiedelatille.fr\/blog\/articles\/fleurs-bleues-vivaces\/\"},\"author\":{\"name\":\"Julien Prigent\",\"@id\":\"https:\/\/herberiedelatille.fr\/blog\/#\/schema\/person\/3c864cdc320801e3db34b663e7e3f816\"},\"headline\":\"Fleurs Bleues Vivaces : Top 15 Vari\u00e9t\u00e9s\",\"datePublished\":\"2026-08-07T09:00:00+00:00\",\"mainEntityOfPage\":{\"@id\":\"https:\/\/herberiedelatille.fr\/blog\/articles\/fleurs-bleues-vivaces\/\"},\"wordCount\":824,\"commentCount\":0,\"publisher\":{\"@id\":\"https:\/\/herberiedelatille.fr\/blog\/#organization\"},\"image\":{\"@id\":\"https:\/\/herberiedelatille.fr\/blog\/articles\/fleurs-bleues-vivaces\/#primaryimage\"},\"thumbnailUrl\":\"https:\/\/images.pexels.com\/photos\/1104504\/pexels-photo-1104504.jpeg?auto=compress&cs=tinysrgb&fit=crop&h=627&w=1200\",\"articleSection\":[\"Articles\"],\"inLanguage\":\"fr-FR\",\"potentialAction\":[{\"@type\":\"CommentAction\",\"name\":\"Comment\",\"target\":[\"https:\/\/herberiedelatille.fr\/blog\/articles\/fleurs-bleues-vivaces\/#respond\"]}]},{\"@type\":\"WebPage\",\"@id\":\"https:\/\/herberiedelatille.fr\/blog\/articles\/fleurs-bleues-vivaces\/\",\"url\":\"https:\/\/herberiedelatille.fr\/blog\/articles\/fleurs-bleues-vivaces\/\",\"name\":\"Fleurs Bleues Vivaces : Top 15 Vari\u00e9t\u00e9s\",\"isPartOf\":{\"@id\":\"https:\/\/herberiedelatille.fr\/blog\/#website\"},\"primaryImageOfPage\":{\"@id\":\"https:\/\/herberiedelatille.fr\/blog\/articles\/fleurs-bleues-vivaces\/#primaryimage\"},\"image\":{\"@id\":\"https:\/\/herberiedelatille.fr\/blog\/articles\/fleurs-bleues-vivaces\/#primaryimage\"},\"thumbnailUrl\":\"https:\/\/images.pexels.com\/photos\/1104504\/pexels-photo-1104504.jpeg?auto=compress&cs=tinysrgb&fit=crop&h=627&w=1200\",\"datePublished\":\"2026-08-07T09:00:00+00:00\",\"description\":\"Les fleurs bleues vivaces ajoutent une touche de couleur unique et apaisante \u00e0 votre jardin. Que vous cherchiez \u00e0 cr\u00e9er un parterre de fleurs ou \u00e0\u2026\",\"inLanguage\":\"fr-FR\",\"potentialAction\":[{\"@type\":\"ReadAction\",\"target\":[\"https:\/\/herberiedelatille.fr\/blog\/articles\/fleurs-bleues-vivaces\/\"]}]},{\"@type\":\"ImageObject\",\"inLanguage\":\"fr-FR\",\"@id\":\"https:\/\/herberiedelatille.fr\/blog\/articles\/fleurs-bleues-vivaces\/#primaryimage\",\"url\":\"https:\/\/images.pexels.com\/photos\/1104504\/pexels-photo-1104504.jpeg?auto=compress&cs=tinysrgb&fit=crop&h=627&w=1200\",\"contentUrl\":\"https:\/\/images.pexels.com\/photos\/1104504\/pexels-photo-1104504.jpeg?auto=compress&cs=tinysrgb&fit=crop&h=627&w=1200\"},{\"@type\":\"WebSite\",\"@id\":\"https:\/\/herberiedelatille.fr\/blog\/#website\",\"url\":\"https:\/\/herberiedelatille.fr\/blog\/\",\"name\":\"Herberie de la Tille\",\"description\":\"Le m\u00e9dia de la botanique pratique \u2014 plantes, herboristerie, identification\",\"publisher\":{\"@id\":\"https:\/\/herberiedelatille.fr\/blog\/#organization\"},\"alternateName\":\"Herberie de la Tille\",\"potentialAction\":[{\"@type\":\"SearchAction\",\"target\":{\"@type\":\"EntryPoint\",\"urlTemplate\":\"https:\/\/herberiedelatille.fr\/blog\/?s={search_term_string}\"},\"query-input\":{\"@type\":\"PropertyValueSpecification\",\"valueRequired\":true,\"valueName\":\"search_term_string\"}}],\"inLanguage\":\"fr-FR\"},{\"@type\":\"Organization\",\"@id\":\"https:\/\/herberiedelatille.fr\/blog\/#organization\",\"name\":\"Herberie de la Tille\",\"url\":\"https:\/\/herberiedelatille.fr\/blog\/\",\"logo\":{\"@type\":\"ImageObject\",\"inLanguage\":\"fr-FR\",\"@id\":\"https:\/\/herberiedelatille.fr\/blog\/#\/schema\/logo\/image\/\",\"url\":\"https:\/\/herberiedelatille.fr\/blog\/wp-content\/uploads\/2024\/12\/herberiedelatille.png\",\"contentUrl\":\"https:\/\/herberiedelatille.fr\/blog\/wp-content\/uploads\/2024\/12\/herberiedelatille.png\",\"width\":500,\"height\":500,\"caption\":\"Herberie de la Tille\"},\"image\":{\"@id\":\"https:\/\/herberiedelatille.fr\/blog\/#\/schema\/logo\/image\/\"}},{\"@type\":\"Person\",\"@id\":\"https:\/\/herberiedelatille.fr\/blog\/#\/schema\/person\/3c864cdc320801e3db34b663e7e3f816\",\"name\":\"Julien Prigent\",\"image\":{\"@type\":\"ImageObject\",\"inLanguage\":\"fr-FR\",\"@id\":\"https:\/\/herberiedelatille.fr\/blog\/#\/schema\/person\/image\/\",\"url\":\"https:\/\/herberiedelatille.fr\/blog\/wp-content\/uploads\/2026\/06\/persona_julien-p-96x96.jpg\",\"contentUrl\":\"https:\/\/herberiedelatille.fr\/blog\/wp-content\/uploads\/2026\/06\/persona_julien-p-96x96.jpg\",\"caption\":\"Julien Prigent\"},\"description\":\"Bricoleur et jardinier dans l'\u00e2me, j'\u00e9cris sur la maison et ses ext\u00e9rieurs avec les mains dans le cambouis plus que dans les th\u00e9ories. Mon terrain couvre tout l'habitat : le potager et le jardin au fil des saisons, mais aussi les petits travaux, la r\u00e9novation, le bricolage et les m\u00e9tiers du b\u00e2timent \u2014 toiture, isolation, menuiserie, serrurerie, ma\u00e7onnerie. J'aime expliquer un geste technique simplement, donner des fourchettes de prix r\u00e9alistes et les bons crit\u00e8res pour choisir un mat\u00e9riau ou un artisan. Je teste ce que je peux sur mes propres chantiers et au jardin avant d'en parler, je distingue la tradition de ce que confirme l'observation, et je pr\u00e9cise toujours le contexte \u2014 climat, type de sol, configuration du logement \u2014 parce qu'un m\u00eame conseil ne vaut pas partout. Mon but : rendre l'entretien et l'am\u00e9lioration de la maison accessibles, durables et \u00e9conomes.\",\"sameAs\":[\"https:\/\/julienprigent.fr\/\"],\"url\":\"https:\/\/herberiedelatille.fr\/blog\/auteur\/julien-p\/\"}]}<\/script>\n<!-- \/ Yoast SEO Premium plugin. -->","yoast_head_json":{"title":"Fleurs Bleues Vivaces : Top 15 Vari\u00e9t\u00e9s","description":"Les fleurs bleues vivaces ajoutent une touche de couleur unique et apaisante \u00e0 votre jardin. Que vous cherchiez \u00e0 cr\u00e9er un parterre de fleurs ou \u00e0\u2026","robots":{"index":"index","follow":"follow","max-snippet":"max-snippet:-1","max-image-preview":"max-image-preview:large","max-video-preview":"max-video-preview:-1"},"canonical":"https:\/\/herberiedelatille.fr\/blog\/articles\/fleurs-bleues-vivaces\/","og_locale":"fr_FR","og_type":"article","og_title":"Fleurs Bleues Vivaces : Top 15 Vari\u00e9t\u00e9s","og_description":"Les fleurs bleues vivaces ajoutent une touche de couleur unique et apaisante \u00e0 votre jardin. Que vous cherchiez \u00e0 cr\u00e9er un parterre de fleurs ou \u00e0\u2026","og_url":"https:\/\/herberiedelatille.fr\/blog\/articles\/fleurs-bleues-vivaces\/","og_site_name":"Herberie de la Tille","author":"Julien Prigent","twitter_card":"summary_large_image","schema":{"@context":"https:\/\/schema.org","@graph":[{"@type":"NewsArticle","@id":"https:\/\/herberiedelatille.fr\/blog\/articles\/fleurs-bleues-vivaces\/#article","isPartOf":{"@id":"https:\/\/herberiedelatille.fr\/blog\/articles\/fleurs-bleues-vivaces\/"},"author":{"name":"Julien Prigent","@id":"https:\/\/herberiedelatille.fr\/blog\/#\/schema\/person\/3c864cdc320801e3db34b663e7e3f816"},"headline":"Fleurs Bleues Vivaces : Top 15 Vari\u00e9t\u00e9s","datePublished":"2026-08-07T09:00:00+00:00","mainEntityOfPage":{"@id":"https:\/\/herberiedelatille.fr\/blog\/articles\/fleurs-bleues-vivaces\/"},"wordCount":824,"commentCount":0,"publisher":{"@id":"https:\/\/herberiedelatille.fr\/blog\/#organization"},"image":{"@id":"https:\/\/herberiedelatille.fr\/blog\/articles\/fleurs-bleues-vivaces\/#primaryimage"},"thumbnailUrl":"https:\/\/images.pexels.com\/photos\/1104504\/pexels-photo-1104504.jpeg?auto=compress&cs=tinysrgb&fit=crop&h=627&w=1200","articleSection":["Articles"],"inLanguage":"fr-FR","potentialAction":[{"@type":"CommentAction","name":"Comment","target":["https:\/\/herberiedelatille.fr\/blog\/articles\/fleurs-bleues-vivaces\/#respond"]}]},{"@type":"WebPage","@id":"https:\/\/herberiedelatille.fr\/blog\/articles\/fleurs-bleues-vivaces\/","url":"https:\/\/herberiedelatille.fr\/blog\/articles\/fleurs-bleues-vivaces\/","name":"Fleurs Bleues Vivaces : Top 15 Vari\u00e9t\u00e9s","isPartOf":{"@id":"https:\/\/herberiedelatille.fr\/blog\/#website"},"primaryImageOfPage":{"@id":"https:\/\/herberiedelatille.fr\/blog\/articles\/fleurs-bleues-vivaces\/#primaryimage"},"image":{"@id":"https:\/\/herberiedelatille.fr\/blog\/articles\/fleurs-bleues-vivaces\/#primaryimage"},"thumbnailUrl":"https:\/\/images.pexels.com\/photos\/1104504\/pexels-photo-1104504.jpeg?auto=compress&cs=tinysrgb&fit=crop&h=627&w=1200","datePublished":"2026-08-07T09:00:00+00:00","description":"Les fleurs bleues vivaces ajoutent une touche de couleur unique et apaisante \u00e0 votre jardin. Que vous cherchiez \u00e0 cr\u00e9er un parterre de fleurs ou \u00e0\u2026","inLanguage":"fr-FR","potentialAction":[{"@type":"ReadAction","target":["https:\/\/herberiedelatille.fr\/blog\/articles\/fleurs-bleues-vivaces\/"]}]},{"@type":"ImageObject","inLanguage":"fr-FR","@id":"https:\/\/herberiedelatille.fr\/blog\/articles\/fleurs-bleues-vivaces\/#primaryimage","url":"https:\/\/images.pexels.com\/photos\/1104504\/pexels-photo-1104504.jpeg?auto=compress&cs=tinysrgb&fit=crop&h=627&w=1200","contentUrl":"https:\/\/images.pexels.com\/photos\/1104504\/pexels-photo-1104504.jpeg?auto=compress&cs=tinysrgb&fit=crop&h=627&w=1200"},{"@type":"WebSite","@id":"https:\/\/herberiedelatille.fr\/blog\/#website","url":"https:\/\/herberiedelatille.fr\/blog\/","name":"Herberie de la Tille","description":"Le m\u00e9dia de la botanique pratique \u2014 plantes, herboristerie, identification","publisher":{"@id":"https:\/\/herberiedelatille.fr\/blog\/#organization"},"alternateName":"Herberie de la Tille","potentialAction":[{"@type":"SearchAction","target":{"@type":"EntryPoint","urlTemplate":"https:\/\/herberiedelatille.fr\/blog\/?s={search_term_string}"},"query-input":{"@type":"PropertyValueSpecification","valueRequired":true,"valueName":"search_term_string"}}],"inLanguage":"fr-FR"},{"@type":"Organization","@id":"https:\/\/herberiedelatille.fr\/blog\/#organization","name":"Herberie de la Tille","url":"https:\/\/herberiedelatille.fr\/blog\/","logo":{"@type":"ImageObject","inLanguage":"fr-FR","@id":"https:\/\/herberiedelatille.fr\/blog\/#\/schema\/logo\/image\/","url":"https:\/\/herberiedelatille.fr\/blog\/wp-content\/uploads\/2024\/12\/herberiedelatille.png","contentUrl":"https:\/\/herberiedelatille.fr\/blog\/wp-content\/uploads\/2024\/12\/herberiedelatille.png","width":500,"height":500,"caption":"Herberie de la Tille"},"image":{"@id":"https:\/\/herberiedelatille.fr\/blog\/#\/schema\/logo\/image\/"}},{"@type":"Person","@id":"https:\/\/herberiedelatille.fr\/blog\/#\/schema\/person\/3c864cdc320801e3db34b663e7e3f816","name":"Julien Prigent","image":{"@type":"ImageObject","inLanguage":"fr-FR","@id":"https:\/\/herberiedelatille.fr\/blog\/#\/schema\/person\/image\/","url":"https:\/\/herberiedelatille.fr\/blog\/wp-content\/uploads\/2026\/06\/persona_julien-p-96x96.jpg","contentUrl":"https:\/\/herberiedelatille.fr\/blog\/wp-content\/uploads\/2026\/06\/persona_julien-p-96x96.jpg","caption":"Julien Prigent"},"description":"Bricoleur et jardinier dans l'\u00e2me, j'\u00e9cris sur la maison et ses ext\u00e9rieurs avec les mains dans le cambouis plus que dans les th\u00e9ories. Mon terrain couvre tout l'habitat : le potager et le jardin au fil des saisons, mais aussi les petits travaux, la r\u00e9novation, le bricolage et les m\u00e9tiers du b\u00e2timent \u2014 toiture, isolation, menuiserie, serrurerie, ma\u00e7onnerie. J'aime expliquer un geste technique simplement, donner des fourchettes de prix r\u00e9alistes et les bons crit\u00e8res pour choisir un mat\u00e9riau ou un artisan. Je teste ce que je peux sur mes propres chantiers et au jardin avant d'en parler, je distingue la tradition de ce que confirme l'observation, et je pr\u00e9cise toujours le contexte \u2014 climat, type de sol, configuration du logement \u2014 parce qu'un m\u00eame conseil ne vaut pas partout. Mon but : rendre l'entretien et l'am\u00e9lioration de la maison accessibles, durables et \u00e9conomes.","sameAs":["https:\/\/julienprigent.fr\/"],"url":"https:\/\/herberiedelatille.fr\/blog\/auteur\/julien-p\/"}]}},"_links":{"self":[{"href":"https:\/\/herberiedelatille.fr\/blog\/wp-json\/wp\/v2\/posts\/7681","targetHints":{"allow":["GET"]}}],"collection":[{"href":"https:\/\/herberiedelatille.fr\/blog\/wp-json\/wp\/v2\/posts"}],"about":[{"href":"https:\/\/herberiedelatille.fr\/blog\/wp-json\/wp\/v2\/types\/post"}],"author":[{"embeddable":true,"href":"https:\/\/herberiedelatille.fr\/blog\/wp-json\/wp\/v2\/users\/34"}],"replies":[{"embeddable":true,"href":"https:\/\/herberiedelatille.fr\/blog\/wp-json\/wp\/v2\/comments?post=7681"}],"version-history":[{"count":1,"href":"https:\/\/herberiedelatille.fr\/blog\/wp-json\/wp\/v2\/posts\/7681\/revisions"}],"predecessor-version":[{"id":7931,"href":"https:\/\/herberiedelatille.fr\/blog\/wp-json\/wp\/v2\/posts\/7681\/revisions\/7931"}],"wp:attachment":[{"href":"https:\/\/herberiedelatille.fr\/blog\/wp-json\/wp\/v2\/media?parent=7681"}],"wp:term":[{"taxonomy":"category","embeddable":true,"href":"https:\/\/herberiedelatille.fr\/blog\/wp-json\/wp\/v2\/categories?post=7681"},{"taxonomy":"post_tag","embeddable":true,"href":"https:\/\/herberiedelatille.fr\/blog\/wp-json\/wp\/v2\/tags?post=7681"}],"curies":[{"name":"wp","href":"https:\/\/api.w.org\/{rel}","templated":true}]}}