{"id":7684,"date":"2026-08-10T09:00:00","date_gmt":"2026-08-10T09:00:00","guid":{"rendered":"https:\/\/herberiedelatille.fr\/blog\/?p=7684"},"modified":"2026-08-10T09:00:00","modified_gmt":"2026-08-10T09:00:00","slug":"belles-de-jour","status":"publish","type":"post","link":"https:\/\/herberiedelatille.fr\/blog\/articles\/belles-de-jour\/","title":{"rendered":"Belles de Jour : Guide Fleurs et Culture"},"content":{"rendered":"<p>Les <strong>belles de jour<\/strong> (Mirabilis jalapa) sont des fleurs embl\u00e9matiques de jardinage, reconnues pour leur floraison \u00e9clatante et leur capacit\u00e9 \u00e0 s\u2019\u00e9panouir en plein soleil. Originaires d\u2019Am\u00e9rique du Sud, ces plantes vivaces sont pris\u00e9es pour leur facilit\u00e9 d\u2019entretien et leur attrait visuel. Si vous souhaitez enrichir votre jardin avec des fleurs qui fleurissent le matin et se ferment le soir, cet article vous fournira des informations essentielles sur la culture et les alternatives aux belles de jour.<\/p>\n<h2>Caract\u00e9ristiques des Belles de Jour<\/h2>\n<h3>Description botanique<\/h3>\n<p>Les belles de jour sont des plantes herbac\u00e9es atteignant g\u00e9n\u00e9ralement entre 30 cm et 1 m\u00e8tre de hauteur. Leurs feuilles sont larges, vertes et oppos\u00e9es, tandis que leurs fleurs en forme de trompette peuvent \u00eatre jaunes, rouges ou blanches. Chaque plante peut produire jusqu\u2019\u00e0 100 fleurs par saison, cr\u00e9ant un spectacle color\u00e9.<\/p>\n<h3>Cycle de floraison<\/h3>\n<p>Les belles de jour s\u2019ouvrent le matin et se ferment au cr\u00e9puscule, d\u2019o\u00f9 leur nom. Cette caract\u00e9ristique les rend uniques parmi les plantes \u00e0 fleurs. Elles attirent \u00e9galement les pollinisateurs comme les papillons et les abeilles.<\/p>\n<h2>Conditions de Culture<\/h2>\n<h3>Exposition et sol<\/h3>\n<p>Ces plantes pr\u00e9f\u00e8rent un emplacement en plein soleil avec un sol bien drain\u00e9. Un pH neutre \u00e0 l\u00e9g\u00e8rement acide est id\u00e9al. L\u2019ajout de compost lors de la plantation peut am\u00e9liorer la fertilit\u00e9 du sol.<\/p>\n<h3>Arrosage<\/h3>\n<p>Un arrosage mod\u00e9r\u00e9 est essentiel. Les belles de jour tol\u00e8rent la s\u00e9cheresse mais fleurissent mieux avec un arrosage r\u00e9gulier. \u00c9vitez l\u2019exc\u00e8s d\u2019eau qui peut entra\u00eener la pourriture des racines.<\/p>\n<h2>Entretien des Belles de Jour<\/h2>\n<h3>Fertilisation<\/h3>\n<p>Pour obtenir une floraison abondante, il est conseill\u00e9 d\u2019appliquer un engrais \u00e9quilibr\u00e9 tous les mois pendant la saison de croissance. Un engrais riche en potassium favorise particuli\u00e8rement la floraison.<\/p>\n<h3>Taille<\/h3>\n<p>Une taille l\u00e9g\u00e8re apr\u00e8s la floraison permet d\u2019encourager une nouvelle croissance et une meilleure forme des plantes. Il est pr\u00e9f\u00e9rable d\u2019enlever les fleurs fan\u00e9es pour stimuler l\u2019apparition de nouvelles fleurs.<\/p>\n<h2>Alternatives aux Belles de Jour<\/h2>\n<p>Si vous envisagez d\u2019autres options pour votre jardin, plusieurs alternatives peuvent apporter une esth\u00e9tique similaire :<\/p>\n<table class=\"kwdbank-table\">\n<thead>\n<tr>\n<th>Plante<\/th>\n<th>Hauteur<\/th>\n<th>Couleurs disponibles<\/th>\n<th>Temps de floraison<\/th>\n<\/tr>\n<\/thead>\n<tbody>\n<tr>\n<td><strong>Portulaca<\/strong><\/td>\n<td>20-30 cm<\/td>\n<td>Jaune, rose, rouge<\/td>\n<td>\u00c9t\u00e9<\/td>\n<\/tr>\n<tr>\n<td><strong>Zinnia<\/strong><\/td>\n<td>30-90 cm<\/td>\n<td>Multicolore<\/td>\n<td>\u00c9t\u00e9 \u00e0 automne<\/td>\n<\/tr>\n<tr>\n<td><strong>Gaillarde<\/strong><\/td>\n<td>30-90 cm<\/td>\n<td>Rouge, jaune<\/td>\n<td>\u00c9t\u00e9 \u00e0 automne<\/td>\n<\/tr>\n<tr>\n<td><strong>Alyssum<\/strong><\/td>\n<td>15-30 cm<\/td>\n<td>Blanc, violet<\/td>\n<td>Printemps \u00e0 \u00e9t\u00e9<\/td>\n<\/tr>\n<\/tbody>\n<\/table>\n<p>Ces plantes partagent une capacit\u00e9 \u00e0 attirer les pollinisateurs tout en offrant une palette vari\u00e9e de couleurs tout au long de l\u2019ann\u00e9e.<\/p>\n<h2>Pi\u00e8ges \u00e0 \u00c9viter<\/h2>\n<p>Un pi\u00e8ge courant lors de la culture des belles de jour est le choix du lieu. \u00c9vitez les zones ombrag\u00e9es ou trop humides, car cela peut limiter leur floraison ou provoquer des maladies fongiques. Assurez-vous \u00e9galement que vos plantes ne sont pas trop proches les unes des autres pour favoriser la circulation d\u2019air.<\/p>\n<h2>Action Imm\u00e9diate<\/h2>\n<p>Si vous souhaitez ajouter des belles de jour \u00e0 votre jardin, procurez-vous d\u00e8s maintenant des semences ou des plants dans votre p\u00e9pini\u00e8re locale ou en ligne. Pr\u00e9parez votre sol en ajoutant du compost et choisissez un emplacement ensoleill\u00e9 pour maximiser leur potentiel floral.<\/p>\n<h2>FAQ<\/h2>\n<h3>Quelles sont les conditions id\u00e9ales pour cultiver des belles de jour ?<\/h3>\n<p>Les belles de jour pr\u00e9f\u00e8rent un emplacement en plein soleil avec un sol bien drain\u00e9 et l\u00e9g\u00e8rement acide.<\/p>\n<h3>Quand fleurissent-elles ?<\/h3>\n<p>Elles fleurissent principalement durant l\u2019\u00e9t\u00e9 jusqu\u2019\u00e0 l\u2019automne, ouvrant leurs fleurs le matin et se fermant le soir.<\/p>\n<h3>Comment puis-je multiplier mes belles de jour ?<\/h3>\n<p>La multiplication se fait par semis ou par division des touffes au printemps.<\/p>\n<h3>Sont-elles r\u00e9sistantes aux maladies ?<\/h3>\n<p>Elles sont relativement r\u00e9sistantes mais peuvent \u00eatre sujettes \u00e0 certaines maladies fongiques si elles sont trop arros\u00e9es ou plant\u00e9es dans un sol mal drain\u00e9.<\/p>\n<h3>Peut-on cultiver les belles de jour en pot ?<\/h3>\n<p>Oui, elles peuvent \u00eatre cultiv\u00e9es en pot tant que celui-ci dispose d\u2019un bon drainage.<\/p>\n<h3>Quelle est leur dur\u00e9e de vie ?<\/h3>\n<p>Les belles de jour sont g\u00e9n\u00e9ralement vivaces dans les climats doux mais peuvent \u00eatre cultiv\u00e9es comme annuelles dans les r\u00e9gions plus froides.<\/p>\n","protected":false},"excerpt":{"rendered":"","protected":false},"author":34,"featured_media":999999999,"comment_status":"open","ping_status":"open","sticky":false,"template":"","format":"standard","meta":{"_acf_changed":false,"manual_indexmenow":false,"indexmenow_id_project":0,"footnotes":""},"categories":[4609],"tags":[],"class_list":["post-7684","post","type-post","status-publish","format-standard","has-post-thumbnail","hentry","category-articles","generate-columns","tablet-grid-50","mobile-grid-100","grid-parent","grid-25"],"acf":[],"yoast_head":"<!-- This site is optimized with the Yoast SEO Premium plugin v21.3 (Yoast SEO v25.6) - https:\/\/yoast.com\/wordpress\/plugins\/seo\/ -->\n<title>Belles de Jour : Guide Fleurs et Culture<\/title>\n<meta name=\"description\" content=\"Les belles de jour (Mirabilis jalapa) sont des fleurs embl\u00e9matiques de jardinage, reconnues pour leur floraison \u00e9clatante et leur capacit\u00e9 \u00e0 s&#039;\u00e9panouir en\u2026\" \/>\n<meta name=\"robots\" content=\"index, follow, max-snippet:-1, max-image-preview:large, max-video-preview:-1\" \/>\n<link rel=\"canonical\" href=\"https:\/\/herberiedelatille.fr\/blog\/articles\/belles-de-jour\/\" \/>\n<meta property=\"og:locale\" content=\"fr_FR\" \/>\n<meta property=\"og:type\" content=\"article\" \/>\n<meta property=\"og:title\" content=\"Belles de Jour : Guide Fleurs et Culture\" \/>\n<meta property=\"og:description\" content=\"Les belles de jour (Mirabilis jalapa) sont des fleurs embl\u00e9matiques de jardinage, reconnues pour leur floraison \u00e9clatante et leur capacit\u00e9 \u00e0 s&#039;\u00e9panouir en\u2026\" \/>\n<meta property=\"og:url\" content=\"https:\/\/herberiedelatille.fr\/blog\/articles\/belles-de-jour\/\" \/>\n<meta property=\"og:site_name\" content=\"Herberie de la Tille\" \/>\n<meta name=\"author\" content=\"Julien Prigent\" \/>\n<meta name=\"twitter:card\" content=\"summary_large_image\" \/>\n<script type=\"application\/ld+json\" class=\"yoast-schema-graph\">{\"@context\":\"https:\/\/schema.org\",\"@graph\":[{\"@type\":\"NewsArticle\",\"@id\":\"https:\/\/herberiedelatille.fr\/blog\/articles\/belles-de-jour\/#article\",\"isPartOf\":{\"@id\":\"https:\/\/herberiedelatille.fr\/blog\/articles\/belles-de-jour\/\"},\"author\":{\"name\":\"Julien Prigent\",\"@id\":\"https:\/\/herberiedelatille.fr\/blog\/#\/schema\/person\/3c864cdc320801e3db34b663e7e3f816\"},\"headline\":\"Belles de Jour : Guide Fleurs et Culture\",\"datePublished\":\"2026-08-10T09:00:00+00:00\",\"mainEntityOfPage\":{\"@id\":\"https:\/\/herberiedelatille.fr\/blog\/articles\/belles-de-jour\/\"},\"wordCount\":707,\"commentCount\":0,\"publisher\":{\"@id\":\"https:\/\/herberiedelatille.fr\/blog\/#organization\"},\"image\":{\"@id\":\"https:\/\/herberiedelatille.fr\/blog\/articles\/belles-de-jour\/#primaryimage\"},\"thumbnailUrl\":\"https:\/\/images.pexels.com\/photos\/26590556\/pexels-photo-26590556.jpeg?auto=compress&cs=tinysrgb&fit=crop&h=627&w=1200\",\"articleSection\":[\"Articles\"],\"inLanguage\":\"fr-FR\",\"potentialAction\":[{\"@type\":\"CommentAction\",\"name\":\"Comment\",\"target\":[\"https:\/\/herberiedelatille.fr\/blog\/articles\/belles-de-jour\/#respond\"]}]},{\"@type\":\"WebPage\",\"@id\":\"https:\/\/herberiedelatille.fr\/blog\/articles\/belles-de-jour\/\",\"url\":\"https:\/\/herberiedelatille.fr\/blog\/articles\/belles-de-jour\/\",\"name\":\"Belles de Jour : Guide Fleurs et Culture\",\"isPartOf\":{\"@id\":\"https:\/\/herberiedelatille.fr\/blog\/#website\"},\"primaryImageOfPage\":{\"@id\":\"https:\/\/herberiedelatille.fr\/blog\/articles\/belles-de-jour\/#primaryimage\"},\"image\":{\"@id\":\"https:\/\/herberiedelatille.fr\/blog\/articles\/belles-de-jour\/#primaryimage\"},\"thumbnailUrl\":\"https:\/\/images.pexels.com\/photos\/26590556\/pexels-photo-26590556.jpeg?auto=compress&cs=tinysrgb&fit=crop&h=627&w=1200\",\"datePublished\":\"2026-08-10T09:00:00+00:00\",\"description\":\"Les belles de jour (Mirabilis jalapa) sont des fleurs embl\u00e9matiques de jardinage, reconnues pour leur floraison \u00e9clatante et leur capacit\u00e9 \u00e0 s'\u00e9panouir en\u2026\",\"inLanguage\":\"fr-FR\",\"potentialAction\":[{\"@type\":\"ReadAction\",\"target\":[\"https:\/\/herberiedelatille.fr\/blog\/articles\/belles-de-jour\/\"]}]},{\"@type\":\"ImageObject\",\"inLanguage\":\"fr-FR\",\"@id\":\"https:\/\/herberiedelatille.fr\/blog\/articles\/belles-de-jour\/#primaryimage\",\"url\":\"https:\/\/images.pexels.com\/photos\/26590556\/pexels-photo-26590556.jpeg?auto=compress&cs=tinysrgb&fit=crop&h=627&w=1200\",\"contentUrl\":\"https:\/\/images.pexels.com\/photos\/26590556\/pexels-photo-26590556.jpeg?auto=compress&cs=tinysrgb&fit=crop&h=627&w=1200\"},{\"@type\":\"WebSite\",\"@id\":\"https:\/\/herberiedelatille.fr\/blog\/#website\",\"url\":\"https:\/\/herberiedelatille.fr\/blog\/\",\"name\":\"Herberie de la Tille\",\"description\":\"Le m\u00e9dia de la botanique pratique \u2014 plantes, herboristerie, identification\",\"publisher\":{\"@id\":\"https:\/\/herberiedelatille.fr\/blog\/#organization\"},\"alternateName\":\"Herberie de la Tille\",\"potentialAction\":[{\"@type\":\"SearchAction\",\"target\":{\"@type\":\"EntryPoint\",\"urlTemplate\":\"https:\/\/herberiedelatille.fr\/blog\/?s={search_term_string}\"},\"query-input\":{\"@type\":\"PropertyValueSpecification\",\"valueRequired\":true,\"valueName\":\"search_term_string\"}}],\"inLanguage\":\"fr-FR\"},{\"@type\":\"Organization\",\"@id\":\"https:\/\/herberiedelatille.fr\/blog\/#organization\",\"name\":\"Herberie de la Tille\",\"url\":\"https:\/\/herberiedelatille.fr\/blog\/\",\"logo\":{\"@type\":\"ImageObject\",\"inLanguage\":\"fr-FR\",\"@id\":\"https:\/\/herberiedelatille.fr\/blog\/#\/schema\/logo\/image\/\",\"url\":\"https:\/\/herberiedelatille.fr\/blog\/wp-content\/uploads\/2024\/12\/herberiedelatille.png\",\"contentUrl\":\"https:\/\/herberiedelatille.fr\/blog\/wp-content\/uploads\/2024\/12\/herberiedelatille.png\",\"width\":500,\"height\":500,\"caption\":\"Herberie de la Tille\"},\"image\":{\"@id\":\"https:\/\/herberiedelatille.fr\/blog\/#\/schema\/logo\/image\/\"}},{\"@type\":\"Person\",\"@id\":\"https:\/\/herberiedelatille.fr\/blog\/#\/schema\/person\/3c864cdc320801e3db34b663e7e3f816\",\"name\":\"Julien Prigent\",\"image\":{\"@type\":\"ImageObject\",\"inLanguage\":\"fr-FR\",\"@id\":\"https:\/\/herberiedelatille.fr\/blog\/#\/schema\/person\/image\/\",\"url\":\"https:\/\/herberiedelatille.fr\/blog\/wp-content\/uploads\/2026\/06\/persona_julien-p-96x96.jpg\",\"contentUrl\":\"https:\/\/herberiedelatille.fr\/blog\/wp-content\/uploads\/2026\/06\/persona_julien-p-96x96.jpg\",\"caption\":\"Julien Prigent\"},\"description\":\"Bricoleur et jardinier dans l'\u00e2me, j'\u00e9cris sur la maison et ses ext\u00e9rieurs avec les mains dans le cambouis plus que dans les th\u00e9ories. Mon terrain couvre tout l'habitat : le potager et le jardin au fil des saisons, mais aussi les petits travaux, la r\u00e9novation, le bricolage et les m\u00e9tiers du b\u00e2timent \u2014 toiture, isolation, menuiserie, serrurerie, ma\u00e7onnerie. J'aime expliquer un geste technique simplement, donner des fourchettes de prix r\u00e9alistes et les bons crit\u00e8res pour choisir un mat\u00e9riau ou un artisan. Je teste ce que je peux sur mes propres chantiers et au jardin avant d'en parler, je distingue la tradition de ce que confirme l'observation, et je pr\u00e9cise toujours le contexte \u2014 climat, type de sol, configuration du logement \u2014 parce qu'un m\u00eame conseil ne vaut pas partout. Mon but : rendre l'entretien et l'am\u00e9lioration de la maison accessibles, durables et \u00e9conomes.\",\"sameAs\":[\"https:\/\/julienprigent.fr\/\"],\"url\":\"https:\/\/herberiedelatille.fr\/blog\/auteur\/julien-p\/\"}]}<\/script>\n<!-- \/ Yoast SEO Premium plugin. -->","yoast_head_json":{"title":"Belles de Jour : Guide Fleurs et Culture","description":"Les belles de jour (Mirabilis jalapa) sont des fleurs embl\u00e9matiques de jardinage, reconnues pour leur floraison \u00e9clatante et leur capacit\u00e9 \u00e0 s'\u00e9panouir en\u2026","robots":{"index":"index","follow":"follow","max-snippet":"max-snippet:-1","max-image-preview":"max-image-preview:large","max-video-preview":"max-video-preview:-1"},"canonical":"https:\/\/herberiedelatille.fr\/blog\/articles\/belles-de-jour\/","og_locale":"fr_FR","og_type":"article","og_title":"Belles de Jour : Guide Fleurs et Culture","og_description":"Les belles de jour (Mirabilis jalapa) sont des fleurs embl\u00e9matiques de jardinage, reconnues pour leur floraison \u00e9clatante et leur capacit\u00e9 \u00e0 s'\u00e9panouir en\u2026","og_url":"https:\/\/herberiedelatille.fr\/blog\/articles\/belles-de-jour\/","og_site_name":"Herberie de la Tille","author":"Julien Prigent","twitter_card":"summary_large_image","schema":{"@context":"https:\/\/schema.org","@graph":[{"@type":"NewsArticle","@id":"https:\/\/herberiedelatille.fr\/blog\/articles\/belles-de-jour\/#article","isPartOf":{"@id":"https:\/\/herberiedelatille.fr\/blog\/articles\/belles-de-jour\/"},"author":{"name":"Julien Prigent","@id":"https:\/\/herberiedelatille.fr\/blog\/#\/schema\/person\/3c864cdc320801e3db34b663e7e3f816"},"headline":"Belles de Jour : Guide Fleurs et Culture","datePublished":"2026-08-10T09:00:00+00:00","mainEntityOfPage":{"@id":"https:\/\/herberiedelatille.fr\/blog\/articles\/belles-de-jour\/"},"wordCount":707,"commentCount":0,"publisher":{"@id":"https:\/\/herberiedelatille.fr\/blog\/#organization"},"image":{"@id":"https:\/\/herberiedelatille.fr\/blog\/articles\/belles-de-jour\/#primaryimage"},"thumbnailUrl":"https:\/\/images.pexels.com\/photos\/26590556\/pexels-photo-26590556.jpeg?auto=compress&cs=tinysrgb&fit=crop&h=627&w=1200","articleSection":["Articles"],"inLanguage":"fr-FR","potentialAction":[{"@type":"CommentAction","name":"Comment","target":["https:\/\/herberiedelatille.fr\/blog\/articles\/belles-de-jour\/#respond"]}]},{"@type":"WebPage","@id":"https:\/\/herberiedelatille.fr\/blog\/articles\/belles-de-jour\/","url":"https:\/\/herberiedelatille.fr\/blog\/articles\/belles-de-jour\/","name":"Belles de Jour : Guide Fleurs et Culture","isPartOf":{"@id":"https:\/\/herberiedelatille.fr\/blog\/#website"},"primaryImageOfPage":{"@id":"https:\/\/herberiedelatille.fr\/blog\/articles\/belles-de-jour\/#primaryimage"},"image":{"@id":"https:\/\/herberiedelatille.fr\/blog\/articles\/belles-de-jour\/#primaryimage"},"thumbnailUrl":"https:\/\/images.pexels.com\/photos\/26590556\/pexels-photo-26590556.jpeg?auto=compress&cs=tinysrgb&fit=crop&h=627&w=1200","datePublished":"2026-08-10T09:00:00+00:00","description":"Les belles de jour (Mirabilis jalapa) sont des fleurs embl\u00e9matiques de jardinage, reconnues pour leur floraison \u00e9clatante et leur capacit\u00e9 \u00e0 s'\u00e9panouir en\u2026","inLanguage":"fr-FR","potentialAction":[{"@type":"ReadAction","target":["https:\/\/herberiedelatille.fr\/blog\/articles\/belles-de-jour\/"]}]},{"@type":"ImageObject","inLanguage":"fr-FR","@id":"https:\/\/herberiedelatille.fr\/blog\/articles\/belles-de-jour\/#primaryimage","url":"https:\/\/images.pexels.com\/photos\/26590556\/pexels-photo-26590556.jpeg?auto=compress&cs=tinysrgb&fit=crop&h=627&w=1200","contentUrl":"https:\/\/images.pexels.com\/photos\/26590556\/pexels-photo-26590556.jpeg?auto=compress&cs=tinysrgb&fit=crop&h=627&w=1200"},{"@type":"WebSite","@id":"https:\/\/herberiedelatille.fr\/blog\/#website","url":"https:\/\/herberiedelatille.fr\/blog\/","name":"Herberie de la Tille","description":"Le m\u00e9dia de la botanique pratique \u2014 plantes, herboristerie, identification","publisher":{"@id":"https:\/\/herberiedelatille.fr\/blog\/#organization"},"alternateName":"Herberie de la Tille","potentialAction":[{"@type":"SearchAction","target":{"@type":"EntryPoint","urlTemplate":"https:\/\/herberiedelatille.fr\/blog\/?s={search_term_string}"},"query-input":{"@type":"PropertyValueSpecification","valueRequired":true,"valueName":"search_term_string"}}],"inLanguage":"fr-FR"},{"@type":"Organization","@id":"https:\/\/herberiedelatille.fr\/blog\/#organization","name":"Herberie de la Tille","url":"https:\/\/herberiedelatille.fr\/blog\/","logo":{"@type":"ImageObject","inLanguage":"fr-FR","@id":"https:\/\/herberiedelatille.fr\/blog\/#\/schema\/logo\/image\/","url":"https:\/\/herberiedelatille.fr\/blog\/wp-content\/uploads\/2024\/12\/herberiedelatille.png","contentUrl":"https:\/\/herberiedelatille.fr\/blog\/wp-content\/uploads\/2024\/12\/herberiedelatille.png","width":500,"height":500,"caption":"Herberie de la Tille"},"image":{"@id":"https:\/\/herberiedelatille.fr\/blog\/#\/schema\/logo\/image\/"}},{"@type":"Person","@id":"https:\/\/herberiedelatille.fr\/blog\/#\/schema\/person\/3c864cdc320801e3db34b663e7e3f816","name":"Julien Prigent","image":{"@type":"ImageObject","inLanguage":"fr-FR","@id":"https:\/\/herberiedelatille.fr\/blog\/#\/schema\/person\/image\/","url":"https:\/\/herberiedelatille.fr\/blog\/wp-content\/uploads\/2026\/06\/persona_julien-p-96x96.jpg","contentUrl":"https:\/\/herberiedelatille.fr\/blog\/wp-content\/uploads\/2026\/06\/persona_julien-p-96x96.jpg","caption":"Julien Prigent"},"description":"Bricoleur et jardinier dans l'\u00e2me, j'\u00e9cris sur la maison et ses ext\u00e9rieurs avec les mains dans le cambouis plus que dans les th\u00e9ories. Mon terrain couvre tout l'habitat : le potager et le jardin au fil des saisons, mais aussi les petits travaux, la r\u00e9novation, le bricolage et les m\u00e9tiers du b\u00e2timent \u2014 toiture, isolation, menuiserie, serrurerie, ma\u00e7onnerie. J'aime expliquer un geste technique simplement, donner des fourchettes de prix r\u00e9alistes et les bons crit\u00e8res pour choisir un mat\u00e9riau ou un artisan. Je teste ce que je peux sur mes propres chantiers et au jardin avant d'en parler, je distingue la tradition de ce que confirme l'observation, et je pr\u00e9cise toujours le contexte \u2014 climat, type de sol, configuration du logement \u2014 parce qu'un m\u00eame conseil ne vaut pas partout. Mon but : rendre l'entretien et l'am\u00e9lioration de la maison accessibles, durables et \u00e9conomes.","sameAs":["https:\/\/julienprigent.fr\/"],"url":"https:\/\/herberiedelatille.fr\/blog\/auteur\/julien-p\/"}]}},"_links":{"self":[{"href":"https:\/\/herberiedelatille.fr\/blog\/wp-json\/wp\/v2\/posts\/7684","targetHints":{"allow":["GET"]}}],"collection":[{"href":"https:\/\/herberiedelatille.fr\/blog\/wp-json\/wp\/v2\/posts"}],"about":[{"href":"https:\/\/herberiedelatille.fr\/blog\/wp-json\/wp\/v2\/types\/post"}],"author":[{"embeddable":true,"href":"https:\/\/herberiedelatille.fr\/blog\/wp-json\/wp\/v2\/users\/34"}],"replies":[{"embeddable":true,"href":"https:\/\/herberiedelatille.fr\/blog\/wp-json\/wp\/v2\/comments?post=7684"}],"version-history":[{"count":1,"href":"https:\/\/herberiedelatille.fr\/blog\/wp-json\/wp\/v2\/posts\/7684\/revisions"}],"predecessor-version":[{"id":7934,"href":"https:\/\/herberiedelatille.fr\/blog\/wp-json\/wp\/v2\/posts\/7684\/revisions\/7934"}],"wp:attachment":[{"href":"https:\/\/herberiedelatille.fr\/blog\/wp-json\/wp\/v2\/media?parent=7684"}],"wp:term":[{"taxonomy":"category","embeddable":true,"href":"https:\/\/herberiedelatille.fr\/blog\/wp-json\/wp\/v2\/categories?post=7684"},{"taxonomy":"post_tag","embeddable":true,"href":"https:\/\/herberiedelatille.fr\/blog\/wp-json\/wp\/v2\/tags?post=7684"}],"curies":[{"name":"wp","href":"https:\/\/api.w.org\/{rel}","templated":true}]}}