{"id":7686,"date":"2026-08-13T09:00:00","date_gmt":"2026-08-13T09:00:00","guid":{"rendered":"https:\/\/herberiedelatille.fr\/blog\/?p=7686"},"modified":"2026-08-13T09:00:00","modified_gmt":"2026-08-13T09:00:00","slug":"farine-de-gruau-t45","status":"publish","type":"post","link":"https:\/\/herberiedelatille.fr\/blog\/articles\/farine-de-gruau-t45\/","title":{"rendered":"Farine de gruau T45 : Qualit\u00e9 premium 2026"},"content":{"rendered":"<p>La <strong>farine de gruau T45<\/strong> est reconnue pour sa finesse et sa qualit\u00e9 sup\u00e9rieure, particuli\u00e8rement pris\u00e9e dans la p\u00e2tisserie et la boulangerie. En 2026, elle continue d\u2019\u00eatre un choix privil\u00e9gi\u00e9 pour les professionnels et les amateurs de cuisine souhaitant r\u00e9aliser des produits de qualit\u00e9. Dans cet article, nous explorerons ses caract\u00e9ristiques, ses usages sp\u00e9cifiques, ainsi que des retours d\u2019exp\u00e9rience terrain pour mieux comprendre pourquoi cette farine est incontournable.<\/p>\n<h2>Qu\u2019est-ce que la farine de gruau T45 ?<\/h2>\n<p>La farine de gruau T45 est issue du bl\u00e9 tendre, caract\u00e9ris\u00e9e par une tr\u00e8s faible teneur en cendres (0,45 % maximum), ce qui lui conf\u00e8re une couleur blanche \u00e9clatante. Elle est souvent utilis\u00e9e dans la fabrication de p\u00e2tes l\u00e9g\u00e8res, de viennoiseries et de g\u00e2teaux d\u00e9licats. Sa texture fine permet d\u2019obtenir des pr\u00e9parations a\u00e9r\u00e9es et moelleuses.<\/p>\n<h3>Caract\u00e9ristiques techniques<\/h3>\n<ul>\n<li><strong>Type<\/strong> : Farine blanche<\/li>\n<li><strong>Teneur en prot\u00e9ines<\/strong> : Environ 10-11 %<\/li>\n<li><strong>Utilisations courantes<\/strong> : P\u00e2tisserie fine, biscuits, p\u00e2tes \u00e0 tarte<\/li>\n<li><strong>Origine<\/strong> : Bl\u00e9 tendre fran\u00e7ais<\/li>\n<\/ul>\n<h2>Usages courants de la farine T45<\/h2>\n<p>La farine T45 se distingue par ses multiples usages en cuisine. Voici quelques exemples concrets :<\/p>\n<h3>1. P\u00e2tisserie<\/h3>\n<p>Cette farine est id\u00e9ale pour r\u00e9aliser des g\u00e2teaux comme le <strong>g\u00e2teau au yaourt<\/strong>, o\u00f9 sa finesse contribue \u00e0 une texture l\u00e9g\u00e8re. Un g\u00e2teau pr\u00e9par\u00e9 avec 250 g de farine T45 peut donner une hauteur d\u2019environ 8 \u00e0 10 cm selon la recette et le mode de cuisson.<\/p>\n<h3>2. Viennoiseries<\/h3>\n<p>Dans la fabrication des croissants, l\u2019utilisation de farine T45 permet d\u2019obtenir une p\u00e2te feuillet\u00e9e a\u00e9r\u00e9e. Les boulangers notent qu\u2019avec cette farine, le taux d\u2019hydratation peut varier entre 60 % et 65 %, favorisant ainsi un meilleur d\u00e9veloppement du gluten.<\/p>\n<h3>Tableaux comparatif des farines<\/h3>\n<table class=\"kwdbank-table\">\n<thead>\n<tr>\n<th>Type de farine<\/th>\n<th>Teneur en prot\u00e9ines<\/th>\n<th>Utilisations principales<\/th>\n<\/tr>\n<\/thead>\n<tbody>\n<tr>\n<td>Gruau T45<\/td>\n<td>10-11 %<\/td>\n<td>P\u00e2tisseries, viennoiseries<\/td>\n<\/tr>\n<tr>\n<td>Type 55<\/td>\n<td>9-10 %<\/td>\n<td>Pain courant<\/td>\n<\/tr>\n<tr>\n<td>Type 80<\/td>\n<td>11-12 %<\/td>\n<td>Pain complet<\/td>\n<\/tr>\n<\/tbody>\n<\/table>\n<h2>Retours d\u2019exp\u00e9rience terrain<\/h2>\n<p>De nombreux boulangers et p\u00e2tissiers ont partag\u00e9 leurs exp\u00e9riences concernant l\u2019utilisation de la farine T45. Voici quelques retours :<\/p>\n<ul>\n<li>\n<strong>\u00c9valuation du produit<\/strong> : Pierre, boulanger depuis 15 ans \u00e0 Lyon, affirme que \u00ab la T45 est indispensable pour mes \u00e9clairs ; elle garantit une p\u00e2te l\u00e9g\u00e8re qui gonfle parfaitement \u00bb.\n<\/li>\n<li>\n<strong>R\u00e9sultats constat\u00e9s<\/strong> : Claire, p\u00e2tissi\u00e8re dans un caf\u00e9 parisien, a test\u00e9 plusieurs types de farines avant d\u2019opter d\u00e9finitivement pour la T45. \u00ab Mes clients constatent une diff\u00e9rence notable dans la texture des desserts \u00bb, dit-elle.\n<\/li>\n<\/ul>\n<h3>Pi\u00e8ge \u00e0 \u00e9viter<\/h3>\n<p>Un des pi\u00e8ges courants lors de l\u2019utilisation de la farine T45 est le surdosage en liquide dans les recettes. \u00c9tant plus fine que d\u2019autres farines, elle n\u00e9cessite souvent moins d\u2019hydratation. Un exc\u00e8s peut rendre les pr\u00e9parations trop collantes ou difficiles \u00e0 travailler.<\/p>\n<h2>O\u00f9 acheter de la farine de gruau T45 ?<\/h2>\n<p>Pour obtenir cette farine premium, il est conseill\u00e9 de se tourner vers des fournisseurs sp\u00e9cialis\u00e9s ou des coop\u00e9ratives locales qui garantissent une qualit\u00e9 optimale. Les grandes surfaces offrent \u00e9galement cette farine sous diff\u00e9rentes marques mais v\u00e9rifiez toujours l\u2019origine pour garantir son authenticit\u00e9.<\/p>\n<h2>Conseils pratiques pour utiliser la farine T45<\/h2>\n<ol>\n<li><strong>Conservation<\/strong> : Stockez-la dans un endroit frais et sec pour pr\u00e9server ses qualit\u00e9s.<\/li>\n<li><strong>Pes\u00e9e pr\u00e9cise<\/strong> : Utilisez une balance pour mesurer avec pr\u00e9cision afin d\u2019\u00e9viter les erreurs.<\/li>\n<li><strong>M\u00e9lange homog\u00e8ne<\/strong> : Tamisez toujours votre farine avant utilisation pour a\u00e9rer le m\u00e9lange.<\/li>\n<\/ol>\n<h2>FAQ sur la farine de gruau T45<\/h2>\n<h3>Quelle diff\u00e9rence entre T45 et T55 ?<\/h3>\n<p>La principale diff\u00e9rence r\u00e9side dans leur teneur en cendres et en prot\u00e9ines. La T55 a une teneur l\u00e9g\u00e8rement plus \u00e9lev\u00e9e, ce qui lui conf\u00e8re plus de force.<\/p>\n<h3>Peut-on substituer la T45 par une autre farine ?<\/h3>\n<p>Bien que possible, cela peut affecter la texture finale du produit. Il est pr\u00e9f\u00e9rable d\u2019utiliser sp\u00e9cifiquement ce type pour les recettes n\u00e9cessitant finesse.<\/p>\n<h3>Comment savoir si ma p\u00e2te est bien hydrat\u00e9e ?<\/h3>\n<p>Une p\u00e2te bien hydrat\u00e9e doit \u00eatre souple et l\u00e9g\u00e8rement collante au toucher sans \u00eatre trop liquide.<\/p>\n<h3>La farine T45 convient-elle aux personnes allergiques ?<\/h3>\n<p>Non, elle contient du gluten et n\u2019est pas recommand\u00e9e pour les personnes atteintes de maladie c\u0153liaque ou ayant une sensibilit\u00e9 au gluten.<\/p>\n<h3>O\u00f9 trouver des recettes utilisant la farine T45 ?<\/h3>\n<p>De nombreux blogs culinaires et livres sp\u00e9cialis\u00e9s en p\u00e2tisserie proposent des recettes adapt\u00e9es \u00e0 cette farine.<\/p>\n<h3>Quel est le prix moyen d\u2019un kg de farine T45 ?<\/h3>\n<p>Le prix varie g\u00e9n\u00e9ralement entre 1,50 \u20ac et 3 \u20ac, selon le fournisseur et la qualit\u00e9 du produit.<\/p>\n<p>Explorez ces pistes pour int\u00e9grer efficacement la <strong>farine de gruau T45<\/strong> dans vos cr\u00e9ations culinaires !<\/p>\n","protected":false},"excerpt":{"rendered":"","protected":false},"author":34,"featured_media":999999999,"comment_status":"open","ping_status":"open","sticky":false,"template":"","format":"standard","meta":{"_acf_changed":false,"manual_indexmenow":false,"indexmenow_id_project":0,"footnotes":""},"categories":[4609],"tags":[],"class_list":["post-7686","post","type-post","status-publish","format-standard","has-post-thumbnail","hentry","category-articles","generate-columns","tablet-grid-50","mobile-grid-100","grid-parent","grid-25"],"acf":[],"yoast_head":"<!-- This site is optimized with the Yoast SEO Premium plugin v21.3 (Yoast SEO v25.6) - https:\/\/yoast.com\/wordpress\/plugins\/seo\/ -->\n<title>Farine de gruau T45 : Qualit\u00e9 premium 2026<\/title>\n<meta name=\"description\" content=\"La farine de gruau T45 est reconnue pour sa finesse et sa qualit\u00e9 sup\u00e9rieure, particuli\u00e8rement pris\u00e9e dans la p\u00e2tisserie et la boulangerie. En 2026, elle\u2026\" \/>\n<meta name=\"robots\" content=\"index, follow, max-snippet:-1, max-image-preview:large, max-video-preview:-1\" \/>\n<link rel=\"canonical\" href=\"https:\/\/herberiedelatille.fr\/blog\/articles\/farine-de-gruau-t45\/\" \/>\n<meta property=\"og:locale\" content=\"fr_FR\" \/>\n<meta property=\"og:type\" content=\"article\" \/>\n<meta property=\"og:title\" content=\"Farine de gruau T45 : Qualit\u00e9 premium 2026\" \/>\n<meta property=\"og:description\" content=\"La farine de gruau T45 est reconnue pour sa finesse et sa qualit\u00e9 sup\u00e9rieure, particuli\u00e8rement pris\u00e9e dans la p\u00e2tisserie et la boulangerie. En 2026, elle\u2026\" \/>\n<meta property=\"og:url\" content=\"https:\/\/herberiedelatille.fr\/blog\/articles\/farine-de-gruau-t45\/\" \/>\n<meta property=\"og:site_name\" content=\"Herberie de la Tille\" \/>\n<meta name=\"author\" content=\"Julien Prigent\" \/>\n<meta name=\"twitter:card\" content=\"summary_large_image\" \/>\n<script type=\"application\/ld+json\" class=\"yoast-schema-graph\">{\"@context\":\"https:\/\/schema.org\",\"@graph\":[{\"@type\":\"NewsArticle\",\"@id\":\"https:\/\/herberiedelatille.fr\/blog\/articles\/farine-de-gruau-t45\/#article\",\"isPartOf\":{\"@id\":\"https:\/\/herberiedelatille.fr\/blog\/articles\/farine-de-gruau-t45\/\"},\"author\":{\"name\":\"Julien Prigent\",\"@id\":\"https:\/\/herberiedelatille.fr\/blog\/#\/schema\/person\/3c864cdc320801e3db34b663e7e3f816\"},\"headline\":\"Farine de gruau T45 : Qualit\u00e9 premium 2026\",\"datePublished\":\"2026-08-13T09:00:00+00:00\",\"mainEntityOfPage\":{\"@id\":\"https:\/\/herberiedelatille.fr\/blog\/articles\/farine-de-gruau-t45\/\"},\"wordCount\":802,\"commentCount\":0,\"publisher\":{\"@id\":\"https:\/\/herberiedelatille.fr\/blog\/#organization\"},\"image\":{\"@id\":\"https:\/\/herberiedelatille.fr\/blog\/articles\/farine-de-gruau-t45\/#primaryimage\"},\"thumbnailUrl\":\"https:\/\/images.pexels.com\/photos\/1585851\/pexels-photo-1585851.jpeg?auto=compress&cs=tinysrgb&fit=crop&h=627&w=1200\",\"articleSection\":[\"Articles\"],\"inLanguage\":\"fr-FR\",\"potentialAction\":[{\"@type\":\"CommentAction\",\"name\":\"Comment\",\"target\":[\"https:\/\/herberiedelatille.fr\/blog\/articles\/farine-de-gruau-t45\/#respond\"]}]},{\"@type\":\"WebPage\",\"@id\":\"https:\/\/herberiedelatille.fr\/blog\/articles\/farine-de-gruau-t45\/\",\"url\":\"https:\/\/herberiedelatille.fr\/blog\/articles\/farine-de-gruau-t45\/\",\"name\":\"Farine de gruau T45 : Qualit\u00e9 premium 2026\",\"isPartOf\":{\"@id\":\"https:\/\/herberiedelatille.fr\/blog\/#website\"},\"primaryImageOfPage\":{\"@id\":\"https:\/\/herberiedelatille.fr\/blog\/articles\/farine-de-gruau-t45\/#primaryimage\"},\"image\":{\"@id\":\"https:\/\/herberiedelatille.fr\/blog\/articles\/farine-de-gruau-t45\/#primaryimage\"},\"thumbnailUrl\":\"https:\/\/images.pexels.com\/photos\/1585851\/pexels-photo-1585851.jpeg?auto=compress&cs=tinysrgb&fit=crop&h=627&w=1200\",\"datePublished\":\"2026-08-13T09:00:00+00:00\",\"description\":\"La farine de gruau T45 est reconnue pour sa finesse et sa qualit\u00e9 sup\u00e9rieure, particuli\u00e8rement pris\u00e9e dans la p\u00e2tisserie et la boulangerie. En 2026, elle\u2026\",\"inLanguage\":\"fr-FR\",\"potentialAction\":[{\"@type\":\"ReadAction\",\"target\":[\"https:\/\/herberiedelatille.fr\/blog\/articles\/farine-de-gruau-t45\/\"]}]},{\"@type\":\"ImageObject\",\"inLanguage\":\"fr-FR\",\"@id\":\"https:\/\/herberiedelatille.fr\/blog\/articles\/farine-de-gruau-t45\/#primaryimage\",\"url\":\"https:\/\/images.pexels.com\/photos\/1585851\/pexels-photo-1585851.jpeg?auto=compress&cs=tinysrgb&fit=crop&h=627&w=1200\",\"contentUrl\":\"https:\/\/images.pexels.com\/photos\/1585851\/pexels-photo-1585851.jpeg?auto=compress&cs=tinysrgb&fit=crop&h=627&w=1200\"},{\"@type\":\"WebSite\",\"@id\":\"https:\/\/herberiedelatille.fr\/blog\/#website\",\"url\":\"https:\/\/herberiedelatille.fr\/blog\/\",\"name\":\"Herberie de la Tille\",\"description\":\"Le m\u00e9dia de la botanique pratique \u2014 plantes, herboristerie, identification\",\"publisher\":{\"@id\":\"https:\/\/herberiedelatille.fr\/blog\/#organization\"},\"alternateName\":\"Herberie de la Tille\",\"potentialAction\":[{\"@type\":\"SearchAction\",\"target\":{\"@type\":\"EntryPoint\",\"urlTemplate\":\"https:\/\/herberiedelatille.fr\/blog\/?s={search_term_string}\"},\"query-input\":{\"@type\":\"PropertyValueSpecification\",\"valueRequired\":true,\"valueName\":\"search_term_string\"}}],\"inLanguage\":\"fr-FR\"},{\"@type\":\"Organization\",\"@id\":\"https:\/\/herberiedelatille.fr\/blog\/#organization\",\"name\":\"Herberie de la Tille\",\"url\":\"https:\/\/herberiedelatille.fr\/blog\/\",\"logo\":{\"@type\":\"ImageObject\",\"inLanguage\":\"fr-FR\",\"@id\":\"https:\/\/herberiedelatille.fr\/blog\/#\/schema\/logo\/image\/\",\"url\":\"https:\/\/herberiedelatille.fr\/blog\/wp-content\/uploads\/2024\/12\/herberiedelatille.png\",\"contentUrl\":\"https:\/\/herberiedelatille.fr\/blog\/wp-content\/uploads\/2024\/12\/herberiedelatille.png\",\"width\":500,\"height\":500,\"caption\":\"Herberie de la Tille\"},\"image\":{\"@id\":\"https:\/\/herberiedelatille.fr\/blog\/#\/schema\/logo\/image\/\"}},{\"@type\":\"Person\",\"@id\":\"https:\/\/herberiedelatille.fr\/blog\/#\/schema\/person\/3c864cdc320801e3db34b663e7e3f816\",\"name\":\"Julien Prigent\",\"image\":{\"@type\":\"ImageObject\",\"inLanguage\":\"fr-FR\",\"@id\":\"https:\/\/herberiedelatille.fr\/blog\/#\/schema\/person\/image\/\",\"url\":\"https:\/\/herberiedelatille.fr\/blog\/wp-content\/uploads\/2026\/06\/persona_julien-p-96x96.jpg\",\"contentUrl\":\"https:\/\/herberiedelatille.fr\/blog\/wp-content\/uploads\/2026\/06\/persona_julien-p-96x96.jpg\",\"caption\":\"Julien Prigent\"},\"description\":\"Bricoleur et jardinier dans l'\u00e2me, j'\u00e9cris sur la maison et ses ext\u00e9rieurs avec les mains dans le cambouis plus que dans les th\u00e9ories. Mon terrain couvre tout l'habitat : le potager et le jardin au fil des saisons, mais aussi les petits travaux, la r\u00e9novation, le bricolage et les m\u00e9tiers du b\u00e2timent \u2014 toiture, isolation, menuiserie, serrurerie, ma\u00e7onnerie. J'aime expliquer un geste technique simplement, donner des fourchettes de prix r\u00e9alistes et les bons crit\u00e8res pour choisir un mat\u00e9riau ou un artisan. Je teste ce que je peux sur mes propres chantiers et au jardin avant d'en parler, je distingue la tradition de ce que confirme l'observation, et je pr\u00e9cise toujours le contexte \u2014 climat, type de sol, configuration du logement \u2014 parce qu'un m\u00eame conseil ne vaut pas partout. Mon but : rendre l'entretien et l'am\u00e9lioration de la maison accessibles, durables et \u00e9conomes.\",\"sameAs\":[\"https:\/\/julienprigent.fr\/\"],\"url\":\"https:\/\/herberiedelatille.fr\/blog\/auteur\/julien-p\/\"}]}<\/script>\n<!-- \/ Yoast SEO Premium plugin. -->","yoast_head_json":{"title":"Farine de gruau T45 : Qualit\u00e9 premium 2026","description":"La farine de gruau T45 est reconnue pour sa finesse et sa qualit\u00e9 sup\u00e9rieure, particuli\u00e8rement pris\u00e9e dans la p\u00e2tisserie et la boulangerie. En 2026, elle\u2026","robots":{"index":"index","follow":"follow","max-snippet":"max-snippet:-1","max-image-preview":"max-image-preview:large","max-video-preview":"max-video-preview:-1"},"canonical":"https:\/\/herberiedelatille.fr\/blog\/articles\/farine-de-gruau-t45\/","og_locale":"fr_FR","og_type":"article","og_title":"Farine de gruau T45 : Qualit\u00e9 premium 2026","og_description":"La farine de gruau T45 est reconnue pour sa finesse et sa qualit\u00e9 sup\u00e9rieure, particuli\u00e8rement pris\u00e9e dans la p\u00e2tisserie et la boulangerie. En 2026, elle\u2026","og_url":"https:\/\/herberiedelatille.fr\/blog\/articles\/farine-de-gruau-t45\/","og_site_name":"Herberie de la Tille","author":"Julien Prigent","twitter_card":"summary_large_image","schema":{"@context":"https:\/\/schema.org","@graph":[{"@type":"NewsArticle","@id":"https:\/\/herberiedelatille.fr\/blog\/articles\/farine-de-gruau-t45\/#article","isPartOf":{"@id":"https:\/\/herberiedelatille.fr\/blog\/articles\/farine-de-gruau-t45\/"},"author":{"name":"Julien Prigent","@id":"https:\/\/herberiedelatille.fr\/blog\/#\/schema\/person\/3c864cdc320801e3db34b663e7e3f816"},"headline":"Farine de gruau T45 : Qualit\u00e9 premium 2026","datePublished":"2026-08-13T09:00:00+00:00","mainEntityOfPage":{"@id":"https:\/\/herberiedelatille.fr\/blog\/articles\/farine-de-gruau-t45\/"},"wordCount":802,"commentCount":0,"publisher":{"@id":"https:\/\/herberiedelatille.fr\/blog\/#organization"},"image":{"@id":"https:\/\/herberiedelatille.fr\/blog\/articles\/farine-de-gruau-t45\/#primaryimage"},"thumbnailUrl":"https:\/\/images.pexels.com\/photos\/1585851\/pexels-photo-1585851.jpeg?auto=compress&cs=tinysrgb&fit=crop&h=627&w=1200","articleSection":["Articles"],"inLanguage":"fr-FR","potentialAction":[{"@type":"CommentAction","name":"Comment","target":["https:\/\/herberiedelatille.fr\/blog\/articles\/farine-de-gruau-t45\/#respond"]}]},{"@type":"WebPage","@id":"https:\/\/herberiedelatille.fr\/blog\/articles\/farine-de-gruau-t45\/","url":"https:\/\/herberiedelatille.fr\/blog\/articles\/farine-de-gruau-t45\/","name":"Farine de gruau T45 : Qualit\u00e9 premium 2026","isPartOf":{"@id":"https:\/\/herberiedelatille.fr\/blog\/#website"},"primaryImageOfPage":{"@id":"https:\/\/herberiedelatille.fr\/blog\/articles\/farine-de-gruau-t45\/#primaryimage"},"image":{"@id":"https:\/\/herberiedelatille.fr\/blog\/articles\/farine-de-gruau-t45\/#primaryimage"},"thumbnailUrl":"https:\/\/images.pexels.com\/photos\/1585851\/pexels-photo-1585851.jpeg?auto=compress&cs=tinysrgb&fit=crop&h=627&w=1200","datePublished":"2026-08-13T09:00:00+00:00","description":"La farine de gruau T45 est reconnue pour sa finesse et sa qualit\u00e9 sup\u00e9rieure, particuli\u00e8rement pris\u00e9e dans la p\u00e2tisserie et la boulangerie. En 2026, elle\u2026","inLanguage":"fr-FR","potentialAction":[{"@type":"ReadAction","target":["https:\/\/herberiedelatille.fr\/blog\/articles\/farine-de-gruau-t45\/"]}]},{"@type":"ImageObject","inLanguage":"fr-FR","@id":"https:\/\/herberiedelatille.fr\/blog\/articles\/farine-de-gruau-t45\/#primaryimage","url":"https:\/\/images.pexels.com\/photos\/1585851\/pexels-photo-1585851.jpeg?auto=compress&cs=tinysrgb&fit=crop&h=627&w=1200","contentUrl":"https:\/\/images.pexels.com\/photos\/1585851\/pexels-photo-1585851.jpeg?auto=compress&cs=tinysrgb&fit=crop&h=627&w=1200"},{"@type":"WebSite","@id":"https:\/\/herberiedelatille.fr\/blog\/#website","url":"https:\/\/herberiedelatille.fr\/blog\/","name":"Herberie de la Tille","description":"Le m\u00e9dia de la botanique pratique \u2014 plantes, herboristerie, identification","publisher":{"@id":"https:\/\/herberiedelatille.fr\/blog\/#organization"},"alternateName":"Herberie de la Tille","potentialAction":[{"@type":"SearchAction","target":{"@type":"EntryPoint","urlTemplate":"https:\/\/herberiedelatille.fr\/blog\/?s={search_term_string}"},"query-input":{"@type":"PropertyValueSpecification","valueRequired":true,"valueName":"search_term_string"}}],"inLanguage":"fr-FR"},{"@type":"Organization","@id":"https:\/\/herberiedelatille.fr\/blog\/#organization","name":"Herberie de la Tille","url":"https:\/\/herberiedelatille.fr\/blog\/","logo":{"@type":"ImageObject","inLanguage":"fr-FR","@id":"https:\/\/herberiedelatille.fr\/blog\/#\/schema\/logo\/image\/","url":"https:\/\/herberiedelatille.fr\/blog\/wp-content\/uploads\/2024\/12\/herberiedelatille.png","contentUrl":"https:\/\/herberiedelatille.fr\/blog\/wp-content\/uploads\/2024\/12\/herberiedelatille.png","width":500,"height":500,"caption":"Herberie de la Tille"},"image":{"@id":"https:\/\/herberiedelatille.fr\/blog\/#\/schema\/logo\/image\/"}},{"@type":"Person","@id":"https:\/\/herberiedelatille.fr\/blog\/#\/schema\/person\/3c864cdc320801e3db34b663e7e3f816","name":"Julien Prigent","image":{"@type":"ImageObject","inLanguage":"fr-FR","@id":"https:\/\/herberiedelatille.fr\/blog\/#\/schema\/person\/image\/","url":"https:\/\/herberiedelatille.fr\/blog\/wp-content\/uploads\/2026\/06\/persona_julien-p-96x96.jpg","contentUrl":"https:\/\/herberiedelatille.fr\/blog\/wp-content\/uploads\/2026\/06\/persona_julien-p-96x96.jpg","caption":"Julien Prigent"},"description":"Bricoleur et jardinier dans l'\u00e2me, j'\u00e9cris sur la maison et ses ext\u00e9rieurs avec les mains dans le cambouis plus que dans les th\u00e9ories. Mon terrain couvre tout l'habitat : le potager et le jardin au fil des saisons, mais aussi les petits travaux, la r\u00e9novation, le bricolage et les m\u00e9tiers du b\u00e2timent \u2014 toiture, isolation, menuiserie, serrurerie, ma\u00e7onnerie. J'aime expliquer un geste technique simplement, donner des fourchettes de prix r\u00e9alistes et les bons crit\u00e8res pour choisir un mat\u00e9riau ou un artisan. Je teste ce que je peux sur mes propres chantiers et au jardin avant d'en parler, je distingue la tradition de ce que confirme l'observation, et je pr\u00e9cise toujours le contexte \u2014 climat, type de sol, configuration du logement \u2014 parce qu'un m\u00eame conseil ne vaut pas partout. Mon but : rendre l'entretien et l'am\u00e9lioration de la maison accessibles, durables et \u00e9conomes.","sameAs":["https:\/\/julienprigent.fr\/"],"url":"https:\/\/herberiedelatille.fr\/blog\/auteur\/julien-p\/"}]}},"_links":{"self":[{"href":"https:\/\/herberiedelatille.fr\/blog\/wp-json\/wp\/v2\/posts\/7686","targetHints":{"allow":["GET"]}}],"collection":[{"href":"https:\/\/herberiedelatille.fr\/blog\/wp-json\/wp\/v2\/posts"}],"about":[{"href":"https:\/\/herberiedelatille.fr\/blog\/wp-json\/wp\/v2\/types\/post"}],"author":[{"embeddable":true,"href":"https:\/\/herberiedelatille.fr\/blog\/wp-json\/wp\/v2\/users\/34"}],"replies":[{"embeddable":true,"href":"https:\/\/herberiedelatille.fr\/blog\/wp-json\/wp\/v2\/comments?post=7686"}],"version-history":[{"count":1,"href":"https:\/\/herberiedelatille.fr\/blog\/wp-json\/wp\/v2\/posts\/7686\/revisions"}],"predecessor-version":[{"id":7936,"href":"https:\/\/herberiedelatille.fr\/blog\/wp-json\/wp\/v2\/posts\/7686\/revisions\/7936"}],"wp:attachment":[{"href":"https:\/\/herberiedelatille.fr\/blog\/wp-json\/wp\/v2\/media?parent=7686"}],"wp:term":[{"taxonomy":"category","embeddable":true,"href":"https:\/\/herberiedelatille.fr\/blog\/wp-json\/wp\/v2\/categories?post=7686"},{"taxonomy":"post_tag","embeddable":true,"href":"https:\/\/herberiedelatille.fr\/blog\/wp-json\/wp\/v2\/tags?post=7686"}],"curies":[{"name":"wp","href":"https:\/\/api.w.org\/{rel}","templated":true}]}}