{"id":7690,"date":"2026-08-17T09:00:00","date_gmt":"2026-08-17T09:00:00","guid":{"rendered":"https:\/\/herberiedelatille.fr\/blog\/?p=7690"},"modified":"2026-08-17T09:00:00","modified_gmt":"2026-08-17T09:00:00","slug":"fleurs-cana","status":"publish","type":"post","link":"https:\/\/herberiedelatille.fr\/blog\/articles\/fleurs-cana\/","title":{"rendered":"Fleurs Cana : Culture et Entretien 2026"},"content":{"rendered":"<p>Les <strong>fleurs cana<\/strong>, \u00e9galement appel\u00e9es <strong>canna<\/strong> ou <strong>canna indica<\/strong>, sont des plantes vivaces tropicales pris\u00e9es pour leur floraison spectaculaire et leur feuillage luxuriant. En 2026, ces fleurs continuent de s\u00e9duire les jardiniers amateurs et professionnels gr\u00e2ce \u00e0 leur facilit\u00e9 d\u2019entretien et leur capacit\u00e9 \u00e0 apporter une touche exotique aux jardins et terrasses. Cet article vous guide sur la culture, l\u2019entretien et les co\u00fbts associ\u00e9s aux fleurs cana.<\/p>\n<h2>Caract\u00e9ristiques des Fleurs Cana<\/h2>\n<h3>Origine et Vari\u00e9t\u00e9s<\/h3>\n<p>Originaires d\u2019Am\u00e9rique centrale et du Sud, les canas appartiennent \u00e0 la famille des Cannac\u00e9es. On distingue plusieurs vari\u00e9t\u00e9s, dont :<\/p>\n<ul>\n<li><strong>Canna indica<\/strong> : reconnue pour ses grandes fleurs rouges ou oranges.<\/li>\n<li><strong>Canna \u2018Tropicana\u2019<\/strong> : c\u00e9l\u00e8bre pour son feuillage panach\u00e9 de vert et de jaune.<\/li>\n<li><strong>Canna \u2018Black Knight\u2019<\/strong> : appr\u00e9ci\u00e9e pour ses fleurs sombres presque noires.<\/li>\n<\/ul>\n<h3>Floraison<\/h3>\n<p>La floraison des canas se produit g\u00e9n\u00e9ralement de juin \u00e0 octobre, avec des fleurs en forme de trompette qui attirent les pollinisateurs. Selon la vari\u00e9t\u00e9, la hauteur peut varier de 60 cm \u00e0 2 m\u00e8tres.<\/p>\n<h2>Conditions de Culture<\/h2>\n<h3>Exposition et Sol<\/h3>\n<p>Les fleurs cana prosp\u00e8rent en plein soleil mais tol\u00e8rent \u00e9galement une ombre l\u00e9g\u00e8re. Un sol riche, bien drain\u00e9 est essentiel pour leur croissance. Voici les conditions id\u00e9ales :<\/p>\n<ul>\n<li><strong>pH du sol<\/strong> : entre 6,0 et 7,5.<\/li>\n<li><strong>Humidit\u00e9<\/strong> : le sol doit \u00eatre maintenu humide, surtout durant la p\u00e9riode de floraison.<\/li>\n<\/ul>\n<h3>Plantation<\/h3>\n<p>La plantation peut se faire au printemps lorsque le risque de gel est \u00e9cart\u00e9. Les tubercules doivent \u00eatre enterr\u00e9s \u00e0 environ 10 cm de profondeur. Pr\u00e9voyez un espacement d\u2019environ 30 cm entre chaque plante.<\/p>\n<h2>Entretien des Fleurs Cana<\/h2>\n<h3>Arrosage et Fertilisation<\/h3>\n<p>Pour assurer une floraison abondante, un arrosage r\u00e9gulier est n\u00e9cessaire :<\/p>\n<ul>\n<li><strong>Arrosage<\/strong> : tous les 2 \u00e0 3 jours pendant la chaleur estivale.<\/li>\n<li><strong>Fertilisation<\/strong> : appliquez un engrais riche en potassium tous les mois durant la saison de croissance.<\/li>\n<\/ul>\n<h3>Taille<\/h3>\n<p>La taille des canas n\u2019est pas obligatoire mais peut am\u00e9liorer la circulation de l\u2019air et encourager une meilleure floraison. Taillez les tiges fan\u00e9es pour stimuler la production de nouvelles fleurs.<\/p>\n<h2>Co\u00fbts Associ\u00e9s en 2026<\/h2>\n<p>En termes financiers, voici un aper\u00e7u des co\u00fbts li\u00e9s aux fleurs cana en 2026 :<\/p>\n<table class=\"kwdbank-table\">\n<thead>\n<tr>\n<th>\u00c9l\u00e9ments<\/th>\n<th>Co\u00fbt estim\u00e9 (en euros)<\/th>\n<\/tr>\n<\/thead>\n<tbody>\n<tr>\n<td>Tubercules (paquet de 5)<\/td>\n<td>15 &#8211; 25<\/td>\n<\/tr>\n<tr>\n<td>Engrais (1 kg)<\/td>\n<td>8 &#8211; 12<\/td>\n<\/tr>\n<tr>\n<td>Pots ou jardini\u00e8res<\/td>\n<td>10 &#8211; 50<\/td>\n<\/tr>\n<tr>\n<td>Main-d\u2019\u0153uvre (si besoin)<\/td>\n<td>20 &#8211; 40 par heure<\/td>\n<\/tr>\n<\/tbody>\n<\/table>\n<p>Le co\u00fbt initial pour cr\u00e9er un massif de canas peut donc varier entre <strong>53 \u20ac et 127 \u20ac<\/strong>, selon le choix des vari\u00e9t\u00e9s et l\u2019\u00e9quipement n\u00e9cessaire.<\/p>\n<h2>Pi\u00e8ges \u00e0 \u00c9viter<\/h2>\n<p>Un pi\u00e8ge courant lors de la culture des fleurs cana est l\u2019exc\u00e8s d\u2019eau. Un sol trop humide peut entra\u00eener le d\u00e9veloppement de maladies fongiques telles que le mildiou. Il est crucial d\u2019assurer un bon drainage pour \u00e9viter ce probl\u00e8me.<\/p>\n<h2>Action Imm\u00e9diate<\/h2>\n<p>Si vous souhaitez commencer \u00e0 cultiver des fleurs cana, procurez-vous d\u00e8s maintenant des tubercules dans une p\u00e9pini\u00e8re locale ou sur un site en ligne sp\u00e9cialis\u00e9 avant que les stocks ne s\u2019\u00e9puisent !<\/p>\n<h2>FAQ<\/h2>\n<h3>Quelles sont les meilleures vari\u00e9t\u00e9s de fleurs cana ?<\/h3>\n<p>Les vari\u00e9t\u00e9s comme Canna indica et Canna \u2018Tropicana\u2019 sont tr\u00e8s populaires gr\u00e2ce \u00e0 leurs couleurs vives et leur robustesse.<\/p>\n<h3>Quand planter les tubercules de cana ?<\/h3>\n<p>Il est conseill\u00e9 de planter les tubercules au printemps apr\u00e8s le dernier gel.<\/p>\n<h3>Comment multiplier les fleurs cana ?<\/h3>\n<p>La multiplication se fait principalement par division des tubercules au printemps avant la plantation.<\/p>\n<h3>Les fleurs cana sont-elles r\u00e9sistantes au froid ?<\/h3>\n<p>Les fleurs cana ne supportent pas le gel ; il est donc recommand\u00e9 de les rentrer ou couvrir avant l\u2019arriv\u00e9e du froid.<\/p>\n<h3>Quel type d\u2019engrais utiliser pour les canas ?<\/h3>\n<p>Utilisez un engrais riche en potassium pour favoriser une belle floraison tout au long de l\u2019\u00e9t\u00e9.<\/p>\n<h3>Combien co\u00fbte un tubercule de fleur cana en 2026 ?<\/h3>\n<p>Le prix d\u2019un paquet de cinq tubercules varie entre <strong>15 \u20ac et 25 \u20ac<\/strong>, selon la vari\u00e9t\u00e9 choisie.<\/p>\n","protected":false},"excerpt":{"rendered":"","protected":false},"author":34,"featured_media":999999999,"comment_status":"open","ping_status":"open","sticky":false,"template":"","format":"standard","meta":{"_acf_changed":false,"manual_indexmenow":false,"indexmenow_id_project":0,"footnotes":""},"categories":[4609],"tags":[],"class_list":["post-7690","post","type-post","status-publish","format-standard","has-post-thumbnail","hentry","category-articles","generate-columns","tablet-grid-50","mobile-grid-100","grid-parent","grid-25"],"acf":[],"yoast_head":"<!-- This site is optimized with the Yoast SEO Premium plugin v21.3 (Yoast SEO v25.6) - https:\/\/yoast.com\/wordpress\/plugins\/seo\/ -->\n<title>Fleurs Cana : Culture et Entretien 2026<\/title>\n<meta name=\"description\" content=\"Les fleurs cana, \u00e9galement appel\u00e9es canna ou canna indica, sont des plantes vivaces tropicales pris\u00e9es pour leur floraison spectaculaire et leur feuillage\u2026\" \/>\n<meta name=\"robots\" content=\"index, follow, max-snippet:-1, max-image-preview:large, max-video-preview:-1\" \/>\n<link rel=\"canonical\" href=\"https:\/\/herberiedelatille.fr\/blog\/articles\/fleurs-cana\/\" \/>\n<meta property=\"og:locale\" content=\"fr_FR\" \/>\n<meta property=\"og:type\" content=\"article\" \/>\n<meta property=\"og:title\" content=\"Fleurs Cana : Culture et Entretien 2026\" \/>\n<meta property=\"og:description\" content=\"Les fleurs cana, \u00e9galement appel\u00e9es canna ou canna indica, sont des plantes vivaces tropicales pris\u00e9es pour leur floraison spectaculaire et leur feuillage\u2026\" \/>\n<meta property=\"og:url\" content=\"https:\/\/herberiedelatille.fr\/blog\/articles\/fleurs-cana\/\" \/>\n<meta property=\"og:site_name\" content=\"Herberie de la Tille\" \/>\n<meta name=\"author\" content=\"Julien Prigent\" \/>\n<meta name=\"twitter:card\" content=\"summary_large_image\" \/>\n<script type=\"application\/ld+json\" class=\"yoast-schema-graph\">{\"@context\":\"https:\/\/schema.org\",\"@graph\":[{\"@type\":\"NewsArticle\",\"@id\":\"https:\/\/herberiedelatille.fr\/blog\/articles\/fleurs-cana\/#article\",\"isPartOf\":{\"@id\":\"https:\/\/herberiedelatille.fr\/blog\/articles\/fleurs-cana\/\"},\"author\":{\"name\":\"Julien Prigent\",\"@id\":\"https:\/\/herberiedelatille.fr\/blog\/#\/schema\/person\/3c864cdc320801e3db34b663e7e3f816\"},\"headline\":\"Fleurs Cana : Culture et Entretien 2026\",\"datePublished\":\"2026-08-17T09:00:00+00:00\",\"mainEntityOfPage\":{\"@id\":\"https:\/\/herberiedelatille.fr\/blog\/articles\/fleurs-cana\/\"},\"wordCount\":667,\"commentCount\":0,\"publisher\":{\"@id\":\"https:\/\/herberiedelatille.fr\/blog\/#organization\"},\"image\":{\"@id\":\"https:\/\/herberiedelatille.fr\/blog\/articles\/fleurs-cana\/#primaryimage\"},\"thumbnailUrl\":\"https:\/\/images.pexels.com\/photos\/31219842\/pexels-photo-31219842.jpeg?auto=compress&cs=tinysrgb&fit=crop&h=627&w=1200\",\"articleSection\":[\"Articles\"],\"inLanguage\":\"fr-FR\",\"potentialAction\":[{\"@type\":\"CommentAction\",\"name\":\"Comment\",\"target\":[\"https:\/\/herberiedelatille.fr\/blog\/articles\/fleurs-cana\/#respond\"]}]},{\"@type\":\"WebPage\",\"@id\":\"https:\/\/herberiedelatille.fr\/blog\/articles\/fleurs-cana\/\",\"url\":\"https:\/\/herberiedelatille.fr\/blog\/articles\/fleurs-cana\/\",\"name\":\"Fleurs Cana : Culture et Entretien 2026\",\"isPartOf\":{\"@id\":\"https:\/\/herberiedelatille.fr\/blog\/#website\"},\"primaryImageOfPage\":{\"@id\":\"https:\/\/herberiedelatille.fr\/blog\/articles\/fleurs-cana\/#primaryimage\"},\"image\":{\"@id\":\"https:\/\/herberiedelatille.fr\/blog\/articles\/fleurs-cana\/#primaryimage\"},\"thumbnailUrl\":\"https:\/\/images.pexels.com\/photos\/31219842\/pexels-photo-31219842.jpeg?auto=compress&cs=tinysrgb&fit=crop&h=627&w=1200\",\"datePublished\":\"2026-08-17T09:00:00+00:00\",\"description\":\"Les fleurs cana, \u00e9galement appel\u00e9es canna ou canna indica, sont des plantes vivaces tropicales pris\u00e9es pour leur floraison spectaculaire et leur feuillage\u2026\",\"inLanguage\":\"fr-FR\",\"potentialAction\":[{\"@type\":\"ReadAction\",\"target\":[\"https:\/\/herberiedelatille.fr\/blog\/articles\/fleurs-cana\/\"]}]},{\"@type\":\"ImageObject\",\"inLanguage\":\"fr-FR\",\"@id\":\"https:\/\/herberiedelatille.fr\/blog\/articles\/fleurs-cana\/#primaryimage\",\"url\":\"https:\/\/images.pexels.com\/photos\/31219842\/pexels-photo-31219842.jpeg?auto=compress&cs=tinysrgb&fit=crop&h=627&w=1200\",\"contentUrl\":\"https:\/\/images.pexels.com\/photos\/31219842\/pexels-photo-31219842.jpeg?auto=compress&cs=tinysrgb&fit=crop&h=627&w=1200\"},{\"@type\":\"WebSite\",\"@id\":\"https:\/\/herberiedelatille.fr\/blog\/#website\",\"url\":\"https:\/\/herberiedelatille.fr\/blog\/\",\"name\":\"Herberie de la Tille\",\"description\":\"Le m\u00e9dia de la botanique pratique \u2014 plantes, herboristerie, identification\",\"publisher\":{\"@id\":\"https:\/\/herberiedelatille.fr\/blog\/#organization\"},\"alternateName\":\"Herberie de la Tille\",\"potentialAction\":[{\"@type\":\"SearchAction\",\"target\":{\"@type\":\"EntryPoint\",\"urlTemplate\":\"https:\/\/herberiedelatille.fr\/blog\/?s={search_term_string}\"},\"query-input\":{\"@type\":\"PropertyValueSpecification\",\"valueRequired\":true,\"valueName\":\"search_term_string\"}}],\"inLanguage\":\"fr-FR\"},{\"@type\":\"Organization\",\"@id\":\"https:\/\/herberiedelatille.fr\/blog\/#organization\",\"name\":\"Herberie de la Tille\",\"url\":\"https:\/\/herberiedelatille.fr\/blog\/\",\"logo\":{\"@type\":\"ImageObject\",\"inLanguage\":\"fr-FR\",\"@id\":\"https:\/\/herberiedelatille.fr\/blog\/#\/schema\/logo\/image\/\",\"url\":\"https:\/\/herberiedelatille.fr\/blog\/wp-content\/uploads\/2024\/12\/herberiedelatille.png\",\"contentUrl\":\"https:\/\/herberiedelatille.fr\/blog\/wp-content\/uploads\/2024\/12\/herberiedelatille.png\",\"width\":500,\"height\":500,\"caption\":\"Herberie de la Tille\"},\"image\":{\"@id\":\"https:\/\/herberiedelatille.fr\/blog\/#\/schema\/logo\/image\/\"}},{\"@type\":\"Person\",\"@id\":\"https:\/\/herberiedelatille.fr\/blog\/#\/schema\/person\/3c864cdc320801e3db34b663e7e3f816\",\"name\":\"Julien Prigent\",\"image\":{\"@type\":\"ImageObject\",\"inLanguage\":\"fr-FR\",\"@id\":\"https:\/\/herberiedelatille.fr\/blog\/#\/schema\/person\/image\/\",\"url\":\"https:\/\/herberiedelatille.fr\/blog\/wp-content\/uploads\/2026\/06\/persona_julien-p-96x96.jpg\",\"contentUrl\":\"https:\/\/herberiedelatille.fr\/blog\/wp-content\/uploads\/2026\/06\/persona_julien-p-96x96.jpg\",\"caption\":\"Julien Prigent\"},\"description\":\"Bricoleur et jardinier dans l'\u00e2me, j'\u00e9cris sur la maison et ses ext\u00e9rieurs avec les mains dans le cambouis plus que dans les th\u00e9ories. Mon terrain couvre tout l'habitat : le potager et le jardin au fil des saisons, mais aussi les petits travaux, la r\u00e9novation, le bricolage et les m\u00e9tiers du b\u00e2timent \u2014 toiture, isolation, menuiserie, serrurerie, ma\u00e7onnerie. J'aime expliquer un geste technique simplement, donner des fourchettes de prix r\u00e9alistes et les bons crit\u00e8res pour choisir un mat\u00e9riau ou un artisan. Je teste ce que je peux sur mes propres chantiers et au jardin avant d'en parler, je distingue la tradition de ce que confirme l'observation, et je pr\u00e9cise toujours le contexte \u2014 climat, type de sol, configuration du logement \u2014 parce qu'un m\u00eame conseil ne vaut pas partout. Mon but : rendre l'entretien et l'am\u00e9lioration de la maison accessibles, durables et \u00e9conomes.\",\"sameAs\":[\"https:\/\/julienprigent.fr\/\"],\"url\":\"https:\/\/herberiedelatille.fr\/blog\/auteur\/julien-p\/\"}]}<\/script>\n<!-- \/ Yoast SEO Premium plugin. -->","yoast_head_json":{"title":"Fleurs Cana : Culture et Entretien 2026","description":"Les fleurs cana, \u00e9galement appel\u00e9es canna ou canna indica, sont des plantes vivaces tropicales pris\u00e9es pour leur floraison spectaculaire et leur feuillage\u2026","robots":{"index":"index","follow":"follow","max-snippet":"max-snippet:-1","max-image-preview":"max-image-preview:large","max-video-preview":"max-video-preview:-1"},"canonical":"https:\/\/herberiedelatille.fr\/blog\/articles\/fleurs-cana\/","og_locale":"fr_FR","og_type":"article","og_title":"Fleurs Cana : Culture et Entretien 2026","og_description":"Les fleurs cana, \u00e9galement appel\u00e9es canna ou canna indica, sont des plantes vivaces tropicales pris\u00e9es pour leur floraison spectaculaire et leur feuillage\u2026","og_url":"https:\/\/herberiedelatille.fr\/blog\/articles\/fleurs-cana\/","og_site_name":"Herberie de la Tille","author":"Julien Prigent","twitter_card":"summary_large_image","schema":{"@context":"https:\/\/schema.org","@graph":[{"@type":"NewsArticle","@id":"https:\/\/herberiedelatille.fr\/blog\/articles\/fleurs-cana\/#article","isPartOf":{"@id":"https:\/\/herberiedelatille.fr\/blog\/articles\/fleurs-cana\/"},"author":{"name":"Julien Prigent","@id":"https:\/\/herberiedelatille.fr\/blog\/#\/schema\/person\/3c864cdc320801e3db34b663e7e3f816"},"headline":"Fleurs Cana : Culture et Entretien 2026","datePublished":"2026-08-17T09:00:00+00:00","mainEntityOfPage":{"@id":"https:\/\/herberiedelatille.fr\/blog\/articles\/fleurs-cana\/"},"wordCount":667,"commentCount":0,"publisher":{"@id":"https:\/\/herberiedelatille.fr\/blog\/#organization"},"image":{"@id":"https:\/\/herberiedelatille.fr\/blog\/articles\/fleurs-cana\/#primaryimage"},"thumbnailUrl":"https:\/\/images.pexels.com\/photos\/31219842\/pexels-photo-31219842.jpeg?auto=compress&cs=tinysrgb&fit=crop&h=627&w=1200","articleSection":["Articles"],"inLanguage":"fr-FR","potentialAction":[{"@type":"CommentAction","name":"Comment","target":["https:\/\/herberiedelatille.fr\/blog\/articles\/fleurs-cana\/#respond"]}]},{"@type":"WebPage","@id":"https:\/\/herberiedelatille.fr\/blog\/articles\/fleurs-cana\/","url":"https:\/\/herberiedelatille.fr\/blog\/articles\/fleurs-cana\/","name":"Fleurs Cana : Culture et Entretien 2026","isPartOf":{"@id":"https:\/\/herberiedelatille.fr\/blog\/#website"},"primaryImageOfPage":{"@id":"https:\/\/herberiedelatille.fr\/blog\/articles\/fleurs-cana\/#primaryimage"},"image":{"@id":"https:\/\/herberiedelatille.fr\/blog\/articles\/fleurs-cana\/#primaryimage"},"thumbnailUrl":"https:\/\/images.pexels.com\/photos\/31219842\/pexels-photo-31219842.jpeg?auto=compress&cs=tinysrgb&fit=crop&h=627&w=1200","datePublished":"2026-08-17T09:00:00+00:00","description":"Les fleurs cana, \u00e9galement appel\u00e9es canna ou canna indica, sont des plantes vivaces tropicales pris\u00e9es pour leur floraison spectaculaire et leur feuillage\u2026","inLanguage":"fr-FR","potentialAction":[{"@type":"ReadAction","target":["https:\/\/herberiedelatille.fr\/blog\/articles\/fleurs-cana\/"]}]},{"@type":"ImageObject","inLanguage":"fr-FR","@id":"https:\/\/herberiedelatille.fr\/blog\/articles\/fleurs-cana\/#primaryimage","url":"https:\/\/images.pexels.com\/photos\/31219842\/pexels-photo-31219842.jpeg?auto=compress&cs=tinysrgb&fit=crop&h=627&w=1200","contentUrl":"https:\/\/images.pexels.com\/photos\/31219842\/pexels-photo-31219842.jpeg?auto=compress&cs=tinysrgb&fit=crop&h=627&w=1200"},{"@type":"WebSite","@id":"https:\/\/herberiedelatille.fr\/blog\/#website","url":"https:\/\/herberiedelatille.fr\/blog\/","name":"Herberie de la Tille","description":"Le m\u00e9dia de la botanique pratique \u2014 plantes, herboristerie, identification","publisher":{"@id":"https:\/\/herberiedelatille.fr\/blog\/#organization"},"alternateName":"Herberie de la Tille","potentialAction":[{"@type":"SearchAction","target":{"@type":"EntryPoint","urlTemplate":"https:\/\/herberiedelatille.fr\/blog\/?s={search_term_string}"},"query-input":{"@type":"PropertyValueSpecification","valueRequired":true,"valueName":"search_term_string"}}],"inLanguage":"fr-FR"},{"@type":"Organization","@id":"https:\/\/herberiedelatille.fr\/blog\/#organization","name":"Herberie de la Tille","url":"https:\/\/herberiedelatille.fr\/blog\/","logo":{"@type":"ImageObject","inLanguage":"fr-FR","@id":"https:\/\/herberiedelatille.fr\/blog\/#\/schema\/logo\/image\/","url":"https:\/\/herberiedelatille.fr\/blog\/wp-content\/uploads\/2024\/12\/herberiedelatille.png","contentUrl":"https:\/\/herberiedelatille.fr\/blog\/wp-content\/uploads\/2024\/12\/herberiedelatille.png","width":500,"height":500,"caption":"Herberie de la Tille"},"image":{"@id":"https:\/\/herberiedelatille.fr\/blog\/#\/schema\/logo\/image\/"}},{"@type":"Person","@id":"https:\/\/herberiedelatille.fr\/blog\/#\/schema\/person\/3c864cdc320801e3db34b663e7e3f816","name":"Julien Prigent","image":{"@type":"ImageObject","inLanguage":"fr-FR","@id":"https:\/\/herberiedelatille.fr\/blog\/#\/schema\/person\/image\/","url":"https:\/\/herberiedelatille.fr\/blog\/wp-content\/uploads\/2026\/06\/persona_julien-p-96x96.jpg","contentUrl":"https:\/\/herberiedelatille.fr\/blog\/wp-content\/uploads\/2026\/06\/persona_julien-p-96x96.jpg","caption":"Julien Prigent"},"description":"Bricoleur et jardinier dans l'\u00e2me, j'\u00e9cris sur la maison et ses ext\u00e9rieurs avec les mains dans le cambouis plus que dans les th\u00e9ories. Mon terrain couvre tout l'habitat : le potager et le jardin au fil des saisons, mais aussi les petits travaux, la r\u00e9novation, le bricolage et les m\u00e9tiers du b\u00e2timent \u2014 toiture, isolation, menuiserie, serrurerie, ma\u00e7onnerie. J'aime expliquer un geste technique simplement, donner des fourchettes de prix r\u00e9alistes et les bons crit\u00e8res pour choisir un mat\u00e9riau ou un artisan. Je teste ce que je peux sur mes propres chantiers et au jardin avant d'en parler, je distingue la tradition de ce que confirme l'observation, et je pr\u00e9cise toujours le contexte \u2014 climat, type de sol, configuration du logement \u2014 parce qu'un m\u00eame conseil ne vaut pas partout. Mon but : rendre l'entretien et l'am\u00e9lioration de la maison accessibles, durables et \u00e9conomes.","sameAs":["https:\/\/julienprigent.fr\/"],"url":"https:\/\/herberiedelatille.fr\/blog\/auteur\/julien-p\/"}]}},"_links":{"self":[{"href":"https:\/\/herberiedelatille.fr\/blog\/wp-json\/wp\/v2\/posts\/7690","targetHints":{"allow":["GET"]}}],"collection":[{"href":"https:\/\/herberiedelatille.fr\/blog\/wp-json\/wp\/v2\/posts"}],"about":[{"href":"https:\/\/herberiedelatille.fr\/blog\/wp-json\/wp\/v2\/types\/post"}],"author":[{"embeddable":true,"href":"https:\/\/herberiedelatille.fr\/blog\/wp-json\/wp\/v2\/users\/34"}],"replies":[{"embeddable":true,"href":"https:\/\/herberiedelatille.fr\/blog\/wp-json\/wp\/v2\/comments?post=7690"}],"version-history":[{"count":1,"href":"https:\/\/herberiedelatille.fr\/blog\/wp-json\/wp\/v2\/posts\/7690\/revisions"}],"predecessor-version":[{"id":7940,"href":"https:\/\/herberiedelatille.fr\/blog\/wp-json\/wp\/v2\/posts\/7690\/revisions\/7940"}],"wp:attachment":[{"href":"https:\/\/herberiedelatille.fr\/blog\/wp-json\/wp\/v2\/media?parent=7690"}],"wp:term":[{"taxonomy":"category","embeddable":true,"href":"https:\/\/herberiedelatille.fr\/blog\/wp-json\/wp\/v2\/categories?post=7690"},{"taxonomy":"post_tag","embeddable":true,"href":"https:\/\/herberiedelatille.fr\/blog\/wp-json\/wp\/v2\/tags?post=7690"}],"curies":[{"name":"wp","href":"https:\/\/api.w.org\/{rel}","templated":true}]}}