{"id":7693,"date":"2026-08-22T09:00:00","date_gmt":"2026-08-22T09:00:00","guid":{"rendered":"https:\/\/herberiedelatille.fr\/blog\/?p=7693"},"modified":"2026-08-22T09:00:00","modified_gmt":"2026-08-22T09:00:00","slug":"belle-de-jours-fleurs","status":"publish","type":"post","link":"https:\/\/herberiedelatille.fr\/blog\/articles\/belle-de-jours-fleurs\/","title":{"rendered":"Belle de jour fleurs : plantation et vari\u00e9t\u00e9s"},"content":{"rendered":"<p>La belle de jour, ou <em>Ipomoea purpurea<\/em>, est une plante grimpante appr\u00e9ci\u00e9e pour ses fleurs color\u00e9es qui s\u2019\u00e9panouissent le matin. Pour les jardiniers, comprendre comment planter et entretenir cette plante est essentiel afin de profiter pleinement de sa floraison. Cet article explore les diff\u00e9rentes vari\u00e9t\u00e9s de belles de jour, leurs besoins en culture et les alternatives \u00e0 consid\u00e9rer pour un jardin fleuri.<\/p>\n<h2>Caract\u00e9ristiques de la belle de jour<\/h2>\n<h3>Description botanique<\/h3>\n<p>La belle de jour appartient \u00e0 la famille des Convolvulaceae. Elle se distingue par :<br \/>\n&#8211; Des feuilles en forme de c\u0153ur.<br \/>\n&#8211; Des fleurs en trompette qui peuvent mesurer jusqu\u2019\u00e0 10 cm de diam\u00e8tre.<br \/>\n&#8211; Une palette de couleurs variant du violet au rose, en passant par le blanc.<\/p>\n<h3>Cycle de vie<\/h3>\n<p>Cette plante est annuelle dans les climats temp\u00e9r\u00e9s, fleurissant g\u00e9n\u00e9ralement d\u2019avril \u00e0 octobre. Les graines germent rapidement, permettant une croissance rapide d\u00e8s le printemps.<\/p>\n<h2>Vari\u00e9t\u00e9s populaires de belles de jour<\/h2>\n<p>Voici quelques vari\u00e9t\u00e9s courantes qui embelliront votre jardin :<\/p>\n<table class=\"kwdbank-table\">\n<thead>\n<tr>\n<th>Vari\u00e9t\u00e9<\/th>\n<th>Couleur<\/th>\n<th>Hauteur (cm)<\/th>\n<th>Particularit\u00e9s<\/th>\n<\/tr>\n<\/thead>\n<tbody>\n<tr>\n<td><em>Ipomoea purpurea<\/em><\/td>\n<td>Violet<\/td>\n<td>200<\/td>\n<td>Floraison abondante, parfum l\u00e9ger<\/td>\n<\/tr>\n<tr>\n<td><em>Ipomoea tricolor<\/em><\/td>\n<td>Bleu<\/td>\n<td>150<\/td>\n<td>Feuillage d\u00e9coratif, id\u00e9al pour les treillis<\/td>\n<\/tr>\n<tr>\n<td><em>Ipomoea alba<\/em><\/td>\n<td>Blanc<\/td>\n<td>250<\/td>\n<td>Fleurs nocturnes qui s\u2019ouvrent \u00e0 la tomb\u00e9e du jour<\/td>\n<\/tr>\n<tr>\n<td><em>Ipomoea batatas<\/em><\/td>\n<td>Rouge<\/td>\n<td>300<\/td>\n<td>Utilis\u00e9e pour le feuillage ornemental et comestible<\/td>\n<\/tr>\n<\/tbody>\n<\/table>\n<h2>Conditions de culture<\/h2>\n<h3>Exposition<\/h3>\n<p>Les belles de jour pr\u00e9f\u00e8rent une exposition en plein soleil. Un minimum de 6 heures d\u2019ensoleillement direct par jour favorise leur floraison.<\/p>\n<h3>Sol<\/h3>\n<p>Un sol bien drain\u00e9 et riche en mati\u00e8re organique est id\u00e9al. Vous pouvez am\u00e9liorer la structure du sol avec du compost.<\/p>\n<h3>Arrosage<\/h3>\n<p>Un arrosage r\u00e9gulier est crucial. \u00c9vitez cependant l\u2019exc\u00e8s d\u2019eau, qui peut entra\u00eener des maladies fongiques. En p\u00e9riode s\u00e8che, un arrosage hebdomadaire est recommand\u00e9.<\/p>\n<h2>Plantation des belles de jour<\/h2>\n<h3>\u00c9tapes \u00e0 suivre<\/h3>\n<ol>\n<li><strong>Choisissez un emplacement<\/strong> : Un endroit ensoleill\u00e9 avec un support pour grimper.<\/li>\n<li><strong>Pr\u00e9parez le sol<\/strong> : Ameublissez le sol sur environ 30 cm et incorporez du compost.<\/li>\n<li><strong>Semis<\/strong> : Semez les graines directement en pleine terre au printemps ou commencez en godets six semaines avant la derni\u00e8re gel\u00e9e.<\/li>\n<li><strong>Espacement<\/strong> : Espacez vos semis d\u2019environ 30 cm pour permettre une bonne circulation d\u2019air.<\/li>\n<\/ol>\n<h3>Pi\u00e8ge \u00e0 \u00e9viter<\/h3>\n<p>Ne plantez pas les belles de jour dans des zones ombrag\u00e9es ou trop humides, car cela peut inhiber leur croissance et r\u00e9duire leur floraison.<\/p>\n<h2>Entretien des belles de jour<\/h2>\n<p>Pour assurer une floraison abondante :<br \/>\n&#8211; <strong>Fertilisation<\/strong> : Appliquez un engrais \u00e9quilibr\u00e9 tous les mois pendant la saison croissante.<br \/>\n&#8211; <strong>Taille<\/strong> : Taillez l\u00e9g\u00e8rement apr\u00e8s la premi\u00e8re floraison pour encourager une seconde vague de fleurs.<\/p>\n<h2>Alternatives aux belles de jour<\/h2>\n<p>Si vous cherchez des options similaires mais avec des caract\u00e9ristiques distinctes, consid\u00e9rez :<\/p>\n<ul>\n<li><strong>Cob\u00e9e grimpante (<em>Cobaea scandens<\/em>)<\/strong> : Fleurs en cloche parfum\u00e9es et croissance rapide.<\/li>\n<li><strong>Gourmande (<em>Thunbergia alata<\/em>)<\/strong> : Fleurs aux teintes vives et feuillage dense.<\/li>\n<li><strong>Passiflore (<em>Passiflora edulis<\/em>)<\/strong> : Fleurs exotiques et comestibles avec un parfum unique.<\/li>\n<\/ul>\n<p>Ces alternatives peuvent offrir une diversit\u00e9 visuelle tout en r\u00e9pondant \u00e0 des besoins similaires.<\/p>\n<h2>FAQ<\/h2>\n<h3>Quelles sont les meilleures conditions pour cultiver des belles de jour ?<\/h3>\n<p>Les belles de jour n\u00e9cessitent plein soleil, un sol bien drain\u00e9 et un arrosage r\u00e9gulier sans exc\u00e8s.<\/p>\n<h3>Quand planter les belles de jour ?<\/h3>\n<p>Il est conseill\u00e9 de semer les graines apr\u00e8s le dernier gel printanier ou d\u00e9buter en int\u00e9rieur six semaines avant.<\/p>\n<h3>Les belles de jour sont-elles envahissantes ?<\/h3>\n<p>Elles peuvent se propager rapidement; il est donc important d\u2019en contr\u00f4ler la croissance si n\u00e9cessaire.<\/p>\n<h3>Comment multiplier les belles de jour ?<\/h3>\n<p>La multiplication se fait principalement par semis ou bouturage au printemps.<\/p>\n<h3>Quels insectes pollinisent les fleurs ?<\/h3>\n<p>Les abeilles et certains papillons sont les principaux pollinisateurs des belles de jour.<\/p>\n<p>Pour profiter pleinement des magnifiques fleurs que vous pouvez cultiver dans votre jardin, n\u2019h\u00e9sitez pas \u00e0 commencer d\u00e8s aujourd\u2019hui ! Choisissez vos vari\u00e9t\u00e9s pr\u00e9f\u00e9r\u00e9es et pr\u00e9parez-vous \u00e0 voir \u00e9clore cette beaut\u00e9 au fil des saisons.<\/p>\n","protected":false},"excerpt":{"rendered":"","protected":false},"author":34,"featured_media":999999999,"comment_status":"open","ping_status":"open","sticky":false,"template":"","format":"standard","meta":{"_acf_changed":false,"manual_indexmenow":false,"indexmenow_id_project":0,"footnotes":""},"categories":[4609],"tags":[],"class_list":["post-7693","post","type-post","status-publish","format-standard","has-post-thumbnail","hentry","category-articles","generate-columns","tablet-grid-50","mobile-grid-100","grid-parent","grid-25"],"acf":[],"yoast_head":"<!-- This site is optimized with the Yoast SEO Premium plugin v21.3 (Yoast SEO v25.6) - https:\/\/yoast.com\/wordpress\/plugins\/seo\/ -->\n<title>Belle de jour fleurs : plantation et vari\u00e9t\u00e9s<\/title>\n<meta name=\"description\" content=\"La belle de jour, ou *Ipomoea purpurea*, est une plante grimpante appr\u00e9ci\u00e9e pour ses fleurs color\u00e9es qui s&#039;\u00e9panouissent le matin. Pour les jardiniers,\u2026\" \/>\n<meta name=\"robots\" content=\"index, follow, max-snippet:-1, max-image-preview:large, max-video-preview:-1\" \/>\n<link rel=\"canonical\" href=\"https:\/\/herberiedelatille.fr\/blog\/articles\/belle-de-jours-fleurs\/\" \/>\n<meta property=\"og:locale\" content=\"fr_FR\" \/>\n<meta property=\"og:type\" content=\"article\" \/>\n<meta property=\"og:title\" content=\"Belle de jour fleurs : plantation et vari\u00e9t\u00e9s\" \/>\n<meta property=\"og:description\" content=\"La belle de jour, ou *Ipomoea purpurea*, est une plante grimpante appr\u00e9ci\u00e9e pour ses fleurs color\u00e9es qui s&#039;\u00e9panouissent le matin. Pour les jardiniers,\u2026\" \/>\n<meta property=\"og:url\" content=\"https:\/\/herberiedelatille.fr\/blog\/articles\/belle-de-jours-fleurs\/\" \/>\n<meta property=\"og:site_name\" content=\"Herberie de la Tille\" \/>\n<meta name=\"author\" content=\"Julien Prigent\" \/>\n<meta name=\"twitter:card\" content=\"summary_large_image\" \/>\n<script type=\"application\/ld+json\" class=\"yoast-schema-graph\">{\"@context\":\"https:\/\/schema.org\",\"@graph\":[{\"@type\":\"NewsArticle\",\"@id\":\"https:\/\/herberiedelatille.fr\/blog\/articles\/belle-de-jours-fleurs\/#article\",\"isPartOf\":{\"@id\":\"https:\/\/herberiedelatille.fr\/blog\/articles\/belle-de-jours-fleurs\/\"},\"author\":{\"name\":\"Julien Prigent\",\"@id\":\"https:\/\/herberiedelatille.fr\/blog\/#\/schema\/person\/3c864cdc320801e3db34b663e7e3f816\"},\"headline\":\"Belle de jour fleurs : plantation et vari\u00e9t\u00e9s\",\"datePublished\":\"2026-08-22T09:00:00+00:00\",\"mainEntityOfPage\":{\"@id\":\"https:\/\/herberiedelatille.fr\/blog\/articles\/belle-de-jours-fleurs\/\"},\"wordCount\":687,\"commentCount\":0,\"publisher\":{\"@id\":\"https:\/\/herberiedelatille.fr\/blog\/#organization\"},\"image\":{\"@id\":\"https:\/\/herberiedelatille.fr\/blog\/articles\/belle-de-jours-fleurs\/#primaryimage\"},\"thumbnailUrl\":\"https:\/\/images.pexels.com\/photos\/6206347\/pexels-photo-6206347.jpeg?auto=compress&cs=tinysrgb&fit=crop&h=627&w=1200\",\"articleSection\":[\"Articles\"],\"inLanguage\":\"fr-FR\",\"potentialAction\":[{\"@type\":\"CommentAction\",\"name\":\"Comment\",\"target\":[\"https:\/\/herberiedelatille.fr\/blog\/articles\/belle-de-jours-fleurs\/#respond\"]}]},{\"@type\":\"WebPage\",\"@id\":\"https:\/\/herberiedelatille.fr\/blog\/articles\/belle-de-jours-fleurs\/\",\"url\":\"https:\/\/herberiedelatille.fr\/blog\/articles\/belle-de-jours-fleurs\/\",\"name\":\"Belle de jour fleurs : plantation et vari\u00e9t\u00e9s\",\"isPartOf\":{\"@id\":\"https:\/\/herberiedelatille.fr\/blog\/#website\"},\"primaryImageOfPage\":{\"@id\":\"https:\/\/herberiedelatille.fr\/blog\/articles\/belle-de-jours-fleurs\/#primaryimage\"},\"image\":{\"@id\":\"https:\/\/herberiedelatille.fr\/blog\/articles\/belle-de-jours-fleurs\/#primaryimage\"},\"thumbnailUrl\":\"https:\/\/images.pexels.com\/photos\/6206347\/pexels-photo-6206347.jpeg?auto=compress&cs=tinysrgb&fit=crop&h=627&w=1200\",\"datePublished\":\"2026-08-22T09:00:00+00:00\",\"description\":\"La belle de jour, ou *Ipomoea purpurea*, est une plante grimpante appr\u00e9ci\u00e9e pour ses fleurs color\u00e9es qui s'\u00e9panouissent le matin. Pour les jardiniers,\u2026\",\"inLanguage\":\"fr-FR\",\"potentialAction\":[{\"@type\":\"ReadAction\",\"target\":[\"https:\/\/herberiedelatille.fr\/blog\/articles\/belle-de-jours-fleurs\/\"]}]},{\"@type\":\"ImageObject\",\"inLanguage\":\"fr-FR\",\"@id\":\"https:\/\/herberiedelatille.fr\/blog\/articles\/belle-de-jours-fleurs\/#primaryimage\",\"url\":\"https:\/\/images.pexels.com\/photos\/6206347\/pexels-photo-6206347.jpeg?auto=compress&cs=tinysrgb&fit=crop&h=627&w=1200\",\"contentUrl\":\"https:\/\/images.pexels.com\/photos\/6206347\/pexels-photo-6206347.jpeg?auto=compress&cs=tinysrgb&fit=crop&h=627&w=1200\"},{\"@type\":\"WebSite\",\"@id\":\"https:\/\/herberiedelatille.fr\/blog\/#website\",\"url\":\"https:\/\/herberiedelatille.fr\/blog\/\",\"name\":\"Herberie de la Tille\",\"description\":\"Le m\u00e9dia de la botanique pratique \u2014 plantes, herboristerie, identification\",\"publisher\":{\"@id\":\"https:\/\/herberiedelatille.fr\/blog\/#organization\"},\"alternateName\":\"Herberie de la Tille\",\"potentialAction\":[{\"@type\":\"SearchAction\",\"target\":{\"@type\":\"EntryPoint\",\"urlTemplate\":\"https:\/\/herberiedelatille.fr\/blog\/?s={search_term_string}\"},\"query-input\":{\"@type\":\"PropertyValueSpecification\",\"valueRequired\":true,\"valueName\":\"search_term_string\"}}],\"inLanguage\":\"fr-FR\"},{\"@type\":\"Organization\",\"@id\":\"https:\/\/herberiedelatille.fr\/blog\/#organization\",\"name\":\"Herberie de la Tille\",\"url\":\"https:\/\/herberiedelatille.fr\/blog\/\",\"logo\":{\"@type\":\"ImageObject\",\"inLanguage\":\"fr-FR\",\"@id\":\"https:\/\/herberiedelatille.fr\/blog\/#\/schema\/logo\/image\/\",\"url\":\"https:\/\/herberiedelatille.fr\/blog\/wp-content\/uploads\/2024\/12\/herberiedelatille.png\",\"contentUrl\":\"https:\/\/herberiedelatille.fr\/blog\/wp-content\/uploads\/2024\/12\/herberiedelatille.png\",\"width\":500,\"height\":500,\"caption\":\"Herberie de la Tille\"},\"image\":{\"@id\":\"https:\/\/herberiedelatille.fr\/blog\/#\/schema\/logo\/image\/\"}},{\"@type\":\"Person\",\"@id\":\"https:\/\/herberiedelatille.fr\/blog\/#\/schema\/person\/3c864cdc320801e3db34b663e7e3f816\",\"name\":\"Julien Prigent\",\"image\":{\"@type\":\"ImageObject\",\"inLanguage\":\"fr-FR\",\"@id\":\"https:\/\/herberiedelatille.fr\/blog\/#\/schema\/person\/image\/\",\"url\":\"https:\/\/herberiedelatille.fr\/blog\/wp-content\/uploads\/2026\/06\/persona_julien-p-96x96.jpg\",\"contentUrl\":\"https:\/\/herberiedelatille.fr\/blog\/wp-content\/uploads\/2026\/06\/persona_julien-p-96x96.jpg\",\"caption\":\"Julien Prigent\"},\"description\":\"Bricoleur et jardinier dans l'\u00e2me, j'\u00e9cris sur la maison et ses ext\u00e9rieurs avec les mains dans le cambouis plus que dans les th\u00e9ories. Mon terrain couvre tout l'habitat : le potager et le jardin au fil des saisons, mais aussi les petits travaux, la r\u00e9novation, le bricolage et les m\u00e9tiers du b\u00e2timent \u2014 toiture, isolation, menuiserie, serrurerie, ma\u00e7onnerie. J'aime expliquer un geste technique simplement, donner des fourchettes de prix r\u00e9alistes et les bons crit\u00e8res pour choisir un mat\u00e9riau ou un artisan. Je teste ce que je peux sur mes propres chantiers et au jardin avant d'en parler, je distingue la tradition de ce que confirme l'observation, et je pr\u00e9cise toujours le contexte \u2014 climat, type de sol, configuration du logement \u2014 parce qu'un m\u00eame conseil ne vaut pas partout. Mon but : rendre l'entretien et l'am\u00e9lioration de la maison accessibles, durables et \u00e9conomes.\",\"sameAs\":[\"https:\/\/julienprigent.fr\/\"],\"url\":\"https:\/\/herberiedelatille.fr\/blog\/auteur\/julien-p\/\"}]}<\/script>\n<!-- \/ Yoast SEO Premium plugin. -->","yoast_head_json":{"title":"Belle de jour fleurs : plantation et vari\u00e9t\u00e9s","description":"La belle de jour, ou *Ipomoea purpurea*, est une plante grimpante appr\u00e9ci\u00e9e pour ses fleurs color\u00e9es qui s'\u00e9panouissent le matin. Pour les jardiniers,\u2026","robots":{"index":"index","follow":"follow","max-snippet":"max-snippet:-1","max-image-preview":"max-image-preview:large","max-video-preview":"max-video-preview:-1"},"canonical":"https:\/\/herberiedelatille.fr\/blog\/articles\/belle-de-jours-fleurs\/","og_locale":"fr_FR","og_type":"article","og_title":"Belle de jour fleurs : plantation et vari\u00e9t\u00e9s","og_description":"La belle de jour, ou *Ipomoea purpurea*, est une plante grimpante appr\u00e9ci\u00e9e pour ses fleurs color\u00e9es qui s'\u00e9panouissent le matin. Pour les jardiniers,\u2026","og_url":"https:\/\/herberiedelatille.fr\/blog\/articles\/belle-de-jours-fleurs\/","og_site_name":"Herberie de la Tille","author":"Julien Prigent","twitter_card":"summary_large_image","schema":{"@context":"https:\/\/schema.org","@graph":[{"@type":"NewsArticle","@id":"https:\/\/herberiedelatille.fr\/blog\/articles\/belle-de-jours-fleurs\/#article","isPartOf":{"@id":"https:\/\/herberiedelatille.fr\/blog\/articles\/belle-de-jours-fleurs\/"},"author":{"name":"Julien Prigent","@id":"https:\/\/herberiedelatille.fr\/blog\/#\/schema\/person\/3c864cdc320801e3db34b663e7e3f816"},"headline":"Belle de jour fleurs : plantation et vari\u00e9t\u00e9s","datePublished":"2026-08-22T09:00:00+00:00","mainEntityOfPage":{"@id":"https:\/\/herberiedelatille.fr\/blog\/articles\/belle-de-jours-fleurs\/"},"wordCount":687,"commentCount":0,"publisher":{"@id":"https:\/\/herberiedelatille.fr\/blog\/#organization"},"image":{"@id":"https:\/\/herberiedelatille.fr\/blog\/articles\/belle-de-jours-fleurs\/#primaryimage"},"thumbnailUrl":"https:\/\/images.pexels.com\/photos\/6206347\/pexels-photo-6206347.jpeg?auto=compress&cs=tinysrgb&fit=crop&h=627&w=1200","articleSection":["Articles"],"inLanguage":"fr-FR","potentialAction":[{"@type":"CommentAction","name":"Comment","target":["https:\/\/herberiedelatille.fr\/blog\/articles\/belle-de-jours-fleurs\/#respond"]}]},{"@type":"WebPage","@id":"https:\/\/herberiedelatille.fr\/blog\/articles\/belle-de-jours-fleurs\/","url":"https:\/\/herberiedelatille.fr\/blog\/articles\/belle-de-jours-fleurs\/","name":"Belle de jour fleurs : plantation et vari\u00e9t\u00e9s","isPartOf":{"@id":"https:\/\/herberiedelatille.fr\/blog\/#website"},"primaryImageOfPage":{"@id":"https:\/\/herberiedelatille.fr\/blog\/articles\/belle-de-jours-fleurs\/#primaryimage"},"image":{"@id":"https:\/\/herberiedelatille.fr\/blog\/articles\/belle-de-jours-fleurs\/#primaryimage"},"thumbnailUrl":"https:\/\/images.pexels.com\/photos\/6206347\/pexels-photo-6206347.jpeg?auto=compress&cs=tinysrgb&fit=crop&h=627&w=1200","datePublished":"2026-08-22T09:00:00+00:00","description":"La belle de jour, ou *Ipomoea purpurea*, est une plante grimpante appr\u00e9ci\u00e9e pour ses fleurs color\u00e9es qui s'\u00e9panouissent le matin. Pour les jardiniers,\u2026","inLanguage":"fr-FR","potentialAction":[{"@type":"ReadAction","target":["https:\/\/herberiedelatille.fr\/blog\/articles\/belle-de-jours-fleurs\/"]}]},{"@type":"ImageObject","inLanguage":"fr-FR","@id":"https:\/\/herberiedelatille.fr\/blog\/articles\/belle-de-jours-fleurs\/#primaryimage","url":"https:\/\/images.pexels.com\/photos\/6206347\/pexels-photo-6206347.jpeg?auto=compress&cs=tinysrgb&fit=crop&h=627&w=1200","contentUrl":"https:\/\/images.pexels.com\/photos\/6206347\/pexels-photo-6206347.jpeg?auto=compress&cs=tinysrgb&fit=crop&h=627&w=1200"},{"@type":"WebSite","@id":"https:\/\/herberiedelatille.fr\/blog\/#website","url":"https:\/\/herberiedelatille.fr\/blog\/","name":"Herberie de la Tille","description":"Le m\u00e9dia de la botanique pratique \u2014 plantes, herboristerie, identification","publisher":{"@id":"https:\/\/herberiedelatille.fr\/blog\/#organization"},"alternateName":"Herberie de la Tille","potentialAction":[{"@type":"SearchAction","target":{"@type":"EntryPoint","urlTemplate":"https:\/\/herberiedelatille.fr\/blog\/?s={search_term_string}"},"query-input":{"@type":"PropertyValueSpecification","valueRequired":true,"valueName":"search_term_string"}}],"inLanguage":"fr-FR"},{"@type":"Organization","@id":"https:\/\/herberiedelatille.fr\/blog\/#organization","name":"Herberie de la Tille","url":"https:\/\/herberiedelatille.fr\/blog\/","logo":{"@type":"ImageObject","inLanguage":"fr-FR","@id":"https:\/\/herberiedelatille.fr\/blog\/#\/schema\/logo\/image\/","url":"https:\/\/herberiedelatille.fr\/blog\/wp-content\/uploads\/2024\/12\/herberiedelatille.png","contentUrl":"https:\/\/herberiedelatille.fr\/blog\/wp-content\/uploads\/2024\/12\/herberiedelatille.png","width":500,"height":500,"caption":"Herberie de la Tille"},"image":{"@id":"https:\/\/herberiedelatille.fr\/blog\/#\/schema\/logo\/image\/"}},{"@type":"Person","@id":"https:\/\/herberiedelatille.fr\/blog\/#\/schema\/person\/3c864cdc320801e3db34b663e7e3f816","name":"Julien Prigent","image":{"@type":"ImageObject","inLanguage":"fr-FR","@id":"https:\/\/herberiedelatille.fr\/blog\/#\/schema\/person\/image\/","url":"https:\/\/herberiedelatille.fr\/blog\/wp-content\/uploads\/2026\/06\/persona_julien-p-96x96.jpg","contentUrl":"https:\/\/herberiedelatille.fr\/blog\/wp-content\/uploads\/2026\/06\/persona_julien-p-96x96.jpg","caption":"Julien Prigent"},"description":"Bricoleur et jardinier dans l'\u00e2me, j'\u00e9cris sur la maison et ses ext\u00e9rieurs avec les mains dans le cambouis plus que dans les th\u00e9ories. Mon terrain couvre tout l'habitat : le potager et le jardin au fil des saisons, mais aussi les petits travaux, la r\u00e9novation, le bricolage et les m\u00e9tiers du b\u00e2timent \u2014 toiture, isolation, menuiserie, serrurerie, ma\u00e7onnerie. J'aime expliquer un geste technique simplement, donner des fourchettes de prix r\u00e9alistes et les bons crit\u00e8res pour choisir un mat\u00e9riau ou un artisan. Je teste ce que je peux sur mes propres chantiers et au jardin avant d'en parler, je distingue la tradition de ce que confirme l'observation, et je pr\u00e9cise toujours le contexte \u2014 climat, type de sol, configuration du logement \u2014 parce qu'un m\u00eame conseil ne vaut pas partout. Mon but : rendre l'entretien et l'am\u00e9lioration de la maison accessibles, durables et \u00e9conomes.","sameAs":["https:\/\/julienprigent.fr\/"],"url":"https:\/\/herberiedelatille.fr\/blog\/auteur\/julien-p\/"}]}},"_links":{"self":[{"href":"https:\/\/herberiedelatille.fr\/blog\/wp-json\/wp\/v2\/posts\/7693","targetHints":{"allow":["GET"]}}],"collection":[{"href":"https:\/\/herberiedelatille.fr\/blog\/wp-json\/wp\/v2\/posts"}],"about":[{"href":"https:\/\/herberiedelatille.fr\/blog\/wp-json\/wp\/v2\/types\/post"}],"author":[{"embeddable":true,"href":"https:\/\/herberiedelatille.fr\/blog\/wp-json\/wp\/v2\/users\/34"}],"replies":[{"embeddable":true,"href":"https:\/\/herberiedelatille.fr\/blog\/wp-json\/wp\/v2\/comments?post=7693"}],"version-history":[{"count":1,"href":"https:\/\/herberiedelatille.fr\/blog\/wp-json\/wp\/v2\/posts\/7693\/revisions"}],"predecessor-version":[{"id":7943,"href":"https:\/\/herberiedelatille.fr\/blog\/wp-json\/wp\/v2\/posts\/7693\/revisions\/7943"}],"wp:attachment":[{"href":"https:\/\/herberiedelatille.fr\/blog\/wp-json\/wp\/v2\/media?parent=7693"}],"wp:term":[{"taxonomy":"category","embeddable":true,"href":"https:\/\/herberiedelatille.fr\/blog\/wp-json\/wp\/v2\/categories?post=7693"},{"taxonomy":"post_tag","embeddable":true,"href":"https:\/\/herberiedelatille.fr\/blog\/wp-json\/wp\/v2\/tags?post=7693"}],"curies":[{"name":"wp","href":"https:\/\/api.w.org\/{rel}","templated":true}]}}