{"id":7696,"date":"2026-08-25T09:00:00","date_gmt":"2026-08-25T09:00:00","guid":{"rendered":"https:\/\/herberiedelatille.fr\/blog\/?p=7696"},"modified":"2026-08-25T09:00:00","modified_gmt":"2026-08-25T09:00:00","slug":"culture-choux-fleurs","status":"publish","type":"post","link":"https:\/\/herberiedelatille.fr\/blog\/articles\/culture-choux-fleurs\/","title":{"rendered":"Culture choux-fleurs : Conseils jardinage 2026"},"content":{"rendered":"<p>La culture du choux-fleur, un l\u00e9gume appr\u00e9ci\u00e9 pour sa texture et sa polyvalence en cuisine, n\u00e9cessite une attention particuli\u00e8re pour garantir une r\u00e9colte abondante et de qualit\u00e9. En 2026, les jardiniers amateurs comme les professionnels doivent ma\u00eetriser certaines techniques de culture sp\u00e9cifiques. Cet article vous offre des conseils pratiques bas\u00e9s sur des exp\u00e9riences r\u00e9centes, afin d\u2019optimiser votre jardinage.<\/p>\n<h2>Choix des vari\u00e9t\u00e9s de choux-fleurs<\/h2>\n<p>Il existe plusieurs vari\u00e9t\u00e9s de choux-fleurs, chacune ayant ses sp\u00e9cificit\u00e9s. Voici quelques-unes des plus populaires :<\/p>\n<ul>\n<li><strong>Choux-fleurs blancs<\/strong> : Les plus courants, ils n\u00e9cessitent environ 80 \u00e0 100 jours de culture.<\/li>\n<li><strong>Choux-fleurs violets<\/strong> : Riches en anthocyanines, ils sont \u00e9galement plus r\u00e9sistants aux maladies.<\/li>\n<li><strong>Choux-fleurs romanesco<\/strong> : Caract\u00e9ris\u00e9s par leur forme conique et leur couleur verte, ils prennent environ 90 jours \u00e0 maturer.<\/li>\n<\/ul>\n<p>Le choix de la vari\u00e9t\u00e9 d\u00e9pendra de votre climat local et du temps que vous pouvez consacrer \u00e0 l\u2019entretien.<\/p>\n<h2>Pr\u00e9paration du sol<\/h2>\n<p>Un sol bien pr\u00e9par\u00e9 est essentiel pour la culture des choux-fleurs. Voici les \u00e9tapes \u00e0 suivre :<\/p>\n<ol>\n<li><strong>Analyse du sol<\/strong> : Testez le pH qui doit \u00eatre compris entre 6,0 et 7,5.<\/li>\n<li><strong>Amendement<\/strong> : Ajoutez du compost ou du fumier bien d\u00e9compos\u00e9 pour enrichir le sol.<\/li>\n<li><strong>Labour<\/strong> : Retournez la terre sur environ 30 cm pour a\u00e9rer le sol.<\/li>\n<\/ol>\n<h3>Tableau des besoins en nutriments<\/h3>\n<table class=\"kwdbank-table\">\n<thead>\n<tr>\n<th>Nutriment<\/th>\n<th>Besoin (kg\/ha)<\/th>\n<\/tr>\n<\/thead>\n<tbody>\n<tr>\n<td>Azote (N)<\/td>\n<td>120<\/td>\n<\/tr>\n<tr>\n<td>Phosphore (P)<\/td>\n<td>60<\/td>\n<\/tr>\n<tr>\n<td>Potassium (K)<\/td>\n<td>150<\/td>\n<\/tr>\n<\/tbody>\n<\/table>\n<p>Assurez-vous que votre sol est riche en ces nutriments pour favoriser la croissance optimale des plants.<\/p>\n<h2>Semis et transplantation<\/h2>\n<p>Le semis peut se faire directement en pleine terre ou en godets. Pour une meilleure r\u00e9ussite :<\/p>\n<ul>\n<li><strong>Semis sous abri<\/strong> : D\u00e9butez les semis en int\u00e9rieur ou sous serre environ 4 \u00e0 6 semaines avant la derni\u00e8re gel\u00e9e.<\/li>\n<li><strong>Transplantation<\/strong> : Quand les plants atteignent environ 15 cm de hauteur, transplantez-les dans le jardin avec un espacement d\u2019environ 60 cm entre chaque plant.<\/li>\n<\/ul>\n<h3>Pi\u00e8ge \u00e0 \u00e9viter<\/h3>\n<p>Ne n\u00e9gligez pas l\u2019irrigation apr\u00e8s la transplantation. Un manque d\u2019eau peut provoquer un stress hydrique et affecter le d\u00e9veloppement des choux-fleurs. Assurez-vous d\u2019arroser r\u00e9guli\u00e8rement, surtout pendant les p\u00e9riodes s\u00e8ches.<\/p>\n<h2>Entretien durant la culture<\/h2>\n<p>L\u2019entretien est crucial pour obtenir une belle r\u00e9colte :<\/p>\n<ol>\n<li><strong>D\u00e9sherbage r\u00e9gulier<\/strong> : \u00c9liminez les mauvaises herbes qui concurrencent vos plants.<\/li>\n<li><strong>Fertilisation<\/strong> : Appliquez un engrais riche en potassium apr\u00e8s quelques semaines suivant la transplantation.<\/li>\n<li><strong>Protection contre les nuisibles<\/strong> : Surveillez l\u2019apparition de pucerons et de chenilles. Utilisez des m\u00e9thodes biologiques comme le savon noir ou des filets anti-insectes.<\/li>\n<\/ol>\n<h2>R\u00e9colte et conservation<\/h2>\n<p>Les choux-fleurs sont pr\u00eats \u00e0 \u00eatre r\u00e9colt\u00e9s lorsque leurs t\u00eates sont fermes et bien d\u00e9velopp\u00e9es. Cela prend g\u00e9n\u00e9ralement entre 70 et 100 jours apr\u00e8s la plantation selon la vari\u00e9t\u00e9 choisie.<\/p>\n<p>Pour conserver vos choux-fleurs :<\/p>\n<ul>\n<li>R\u00e9coltez-les le matin pour conserver leur fra\u00eecheur.<\/li>\n<li>Conservez-les au r\u00e9frig\u00e9rateur dans un sac perfor\u00e9 pendant environ une semaine.<\/li>\n<\/ul>\n<h2>FAQ<\/h2>\n<h3>Quelle est la meilleure p\u00e9riode pour semer des choux-fleurs ?<\/h3>\n<p>La meilleure p\u00e9riode se situe entre mars et avril pour les semis en int\u00e9rieur, puis entre mai et juin pour les semis directs en pleine terre.<\/p>\n<h3>Quels sont les principaux ravageurs des choux-fleurs ?<\/h3>\n<p>Les principales menaces incluent les pucerons, les chenilles du chou et la mouche du chou.<\/p>\n<h3>Comment savoir si mon choux-fleur est pr\u00eat \u00e0 \u00eatre r\u00e9colt\u00e9 ?<\/h3>\n<p>Il est pr\u00eat lorsque la t\u00eate est ferme et bien d\u00e9velopp\u00e9e, sans signes de fleurs qui commencent \u00e0 s\u2019ouvrir.<\/p>\n<h3>Quelle quantit\u00e9 d\u2019eau faut-il donner aux choux-fleurs ?<\/h3>\n<p>En moyenne, il faut fournir environ 25 mm d\u2019eau par semaine, mais cela peut varier selon le climat.<\/p>\n<h3>Peut-on cultiver des choux-fleurs en pot ?<\/h3>\n<p>Oui, il est possible de cultiver des choux-fleurs en pot si le contenant fait au moins 30 cm de profondeur.<\/p>\n<p>Adoptez ces conseils pratiques issus d\u2019exp\u00e9riences r\u00e9elles pour r\u00e9ussir votre culture de choux-fleurs cette ann\u00e9e !<\/p>\n","protected":false},"excerpt":{"rendered":"","protected":false},"author":34,"featured_media":999999999,"comment_status":"open","ping_status":"open","sticky":false,"template":"","format":"standard","meta":{"_acf_changed":false,"manual_indexmenow":false,"indexmenow_id_project":0,"footnotes":""},"categories":[4609],"tags":[],"class_list":["post-7696","post","type-post","status-publish","format-standard","has-post-thumbnail","hentry","category-articles","generate-columns","tablet-grid-50","mobile-grid-100","grid-parent","grid-25"],"acf":[],"yoast_head":"<!-- This site is optimized with the Yoast SEO Premium plugin v21.3 (Yoast SEO v25.6) - https:\/\/yoast.com\/wordpress\/plugins\/seo\/ -->\n<title>Culture choux-fleurs : Conseils jardinage 2026<\/title>\n<meta name=\"description\" content=\"La culture du choux-fleur, un l\u00e9gume appr\u00e9ci\u00e9 pour sa texture et sa polyvalence en cuisine, n\u00e9cessite une attention particuli\u00e8re pour garantir une r\u00e9colte\u2026\" \/>\n<meta name=\"robots\" content=\"index, follow, max-snippet:-1, max-image-preview:large, max-video-preview:-1\" \/>\n<link rel=\"canonical\" href=\"https:\/\/herberiedelatille.fr\/blog\/articles\/culture-choux-fleurs\/\" \/>\n<meta property=\"og:locale\" content=\"fr_FR\" \/>\n<meta property=\"og:type\" content=\"article\" \/>\n<meta property=\"og:title\" content=\"Culture choux-fleurs : Conseils jardinage 2026\" \/>\n<meta property=\"og:description\" content=\"La culture du choux-fleur, un l\u00e9gume appr\u00e9ci\u00e9 pour sa texture et sa polyvalence en cuisine, n\u00e9cessite une attention particuli\u00e8re pour garantir une r\u00e9colte\u2026\" \/>\n<meta property=\"og:url\" content=\"https:\/\/herberiedelatille.fr\/blog\/articles\/culture-choux-fleurs\/\" \/>\n<meta property=\"og:site_name\" content=\"Herberie de la Tille\" \/>\n<meta name=\"author\" content=\"Julien Prigent\" \/>\n<meta name=\"twitter:card\" content=\"summary_large_image\" \/>\n<script type=\"application\/ld+json\" class=\"yoast-schema-graph\">{\"@context\":\"https:\/\/schema.org\",\"@graph\":[{\"@type\":\"NewsArticle\",\"@id\":\"https:\/\/herberiedelatille.fr\/blog\/articles\/culture-choux-fleurs\/#article\",\"isPartOf\":{\"@id\":\"https:\/\/herberiedelatille.fr\/blog\/articles\/culture-choux-fleurs\/\"},\"author\":{\"name\":\"Julien Prigent\",\"@id\":\"https:\/\/herberiedelatille.fr\/blog\/#\/schema\/person\/3c864cdc320801e3db34b663e7e3f816\"},\"headline\":\"Culture choux-fleurs : Conseils jardinage 2026\",\"datePublished\":\"2026-08-25T09:00:00+00:00\",\"mainEntityOfPage\":{\"@id\":\"https:\/\/herberiedelatille.fr\/blog\/articles\/culture-choux-fleurs\/\"},\"wordCount\":654,\"commentCount\":0,\"publisher\":{\"@id\":\"https:\/\/herberiedelatille.fr\/blog\/#organization\"},\"image\":{\"@id\":\"https:\/\/herberiedelatille.fr\/blog\/articles\/culture-choux-fleurs\/#primaryimage\"},\"thumbnailUrl\":\"https:\/\/images.pexels.com\/photos\/212932\/pexels-photo-212932.jpeg?auto=compress&cs=tinysrgb&fit=crop&h=627&w=1200\",\"articleSection\":[\"Articles\"],\"inLanguage\":\"fr-FR\",\"potentialAction\":[{\"@type\":\"CommentAction\",\"name\":\"Comment\",\"target\":[\"https:\/\/herberiedelatille.fr\/blog\/articles\/culture-choux-fleurs\/#respond\"]}]},{\"@type\":\"WebPage\",\"@id\":\"https:\/\/herberiedelatille.fr\/blog\/articles\/culture-choux-fleurs\/\",\"url\":\"https:\/\/herberiedelatille.fr\/blog\/articles\/culture-choux-fleurs\/\",\"name\":\"Culture choux-fleurs : Conseils jardinage 2026\",\"isPartOf\":{\"@id\":\"https:\/\/herberiedelatille.fr\/blog\/#website\"},\"primaryImageOfPage\":{\"@id\":\"https:\/\/herberiedelatille.fr\/blog\/articles\/culture-choux-fleurs\/#primaryimage\"},\"image\":{\"@id\":\"https:\/\/herberiedelatille.fr\/blog\/articles\/culture-choux-fleurs\/#primaryimage\"},\"thumbnailUrl\":\"https:\/\/images.pexels.com\/photos\/212932\/pexels-photo-212932.jpeg?auto=compress&cs=tinysrgb&fit=crop&h=627&w=1200\",\"datePublished\":\"2026-08-25T09:00:00+00:00\",\"description\":\"La culture du choux-fleur, un l\u00e9gume appr\u00e9ci\u00e9 pour sa texture et sa polyvalence en cuisine, n\u00e9cessite une attention particuli\u00e8re pour garantir une r\u00e9colte\u2026\",\"inLanguage\":\"fr-FR\",\"potentialAction\":[{\"@type\":\"ReadAction\",\"target\":[\"https:\/\/herberiedelatille.fr\/blog\/articles\/culture-choux-fleurs\/\"]}]},{\"@type\":\"ImageObject\",\"inLanguage\":\"fr-FR\",\"@id\":\"https:\/\/herberiedelatille.fr\/blog\/articles\/culture-choux-fleurs\/#primaryimage\",\"url\":\"https:\/\/images.pexels.com\/photos\/212932\/pexels-photo-212932.jpeg?auto=compress&cs=tinysrgb&fit=crop&h=627&w=1200\",\"contentUrl\":\"https:\/\/images.pexels.com\/photos\/212932\/pexels-photo-212932.jpeg?auto=compress&cs=tinysrgb&fit=crop&h=627&w=1200\"},{\"@type\":\"WebSite\",\"@id\":\"https:\/\/herberiedelatille.fr\/blog\/#website\",\"url\":\"https:\/\/herberiedelatille.fr\/blog\/\",\"name\":\"Herberie de la Tille\",\"description\":\"Le m\u00e9dia de la botanique pratique \u2014 plantes, herboristerie, identification\",\"publisher\":{\"@id\":\"https:\/\/herberiedelatille.fr\/blog\/#organization\"},\"alternateName\":\"Herberie de la Tille\",\"potentialAction\":[{\"@type\":\"SearchAction\",\"target\":{\"@type\":\"EntryPoint\",\"urlTemplate\":\"https:\/\/herberiedelatille.fr\/blog\/?s={search_term_string}\"},\"query-input\":{\"@type\":\"PropertyValueSpecification\",\"valueRequired\":true,\"valueName\":\"search_term_string\"}}],\"inLanguage\":\"fr-FR\"},{\"@type\":\"Organization\",\"@id\":\"https:\/\/herberiedelatille.fr\/blog\/#organization\",\"name\":\"Herberie de la Tille\",\"url\":\"https:\/\/herberiedelatille.fr\/blog\/\",\"logo\":{\"@type\":\"ImageObject\",\"inLanguage\":\"fr-FR\",\"@id\":\"https:\/\/herberiedelatille.fr\/blog\/#\/schema\/logo\/image\/\",\"url\":\"https:\/\/herberiedelatille.fr\/blog\/wp-content\/uploads\/2024\/12\/herberiedelatille.png\",\"contentUrl\":\"https:\/\/herberiedelatille.fr\/blog\/wp-content\/uploads\/2024\/12\/herberiedelatille.png\",\"width\":500,\"height\":500,\"caption\":\"Herberie de la Tille\"},\"image\":{\"@id\":\"https:\/\/herberiedelatille.fr\/blog\/#\/schema\/logo\/image\/\"}},{\"@type\":\"Person\",\"@id\":\"https:\/\/herberiedelatille.fr\/blog\/#\/schema\/person\/3c864cdc320801e3db34b663e7e3f816\",\"name\":\"Julien Prigent\",\"image\":{\"@type\":\"ImageObject\",\"inLanguage\":\"fr-FR\",\"@id\":\"https:\/\/herberiedelatille.fr\/blog\/#\/schema\/person\/image\/\",\"url\":\"https:\/\/herberiedelatille.fr\/blog\/wp-content\/uploads\/2026\/06\/persona_julien-p-96x96.jpg\",\"contentUrl\":\"https:\/\/herberiedelatille.fr\/blog\/wp-content\/uploads\/2026\/06\/persona_julien-p-96x96.jpg\",\"caption\":\"Julien Prigent\"},\"description\":\"Bricoleur et jardinier dans l'\u00e2me, j'\u00e9cris sur la maison et ses ext\u00e9rieurs avec les mains dans le cambouis plus que dans les th\u00e9ories. Mon terrain couvre tout l'habitat : le potager et le jardin au fil des saisons, mais aussi les petits travaux, la r\u00e9novation, le bricolage et les m\u00e9tiers du b\u00e2timent \u2014 toiture, isolation, menuiserie, serrurerie, ma\u00e7onnerie. J'aime expliquer un geste technique simplement, donner des fourchettes de prix r\u00e9alistes et les bons crit\u00e8res pour choisir un mat\u00e9riau ou un artisan. Je teste ce que je peux sur mes propres chantiers et au jardin avant d'en parler, je distingue la tradition de ce que confirme l'observation, et je pr\u00e9cise toujours le contexte \u2014 climat, type de sol, configuration du logement \u2014 parce qu'un m\u00eame conseil ne vaut pas partout. Mon but : rendre l'entretien et l'am\u00e9lioration de la maison accessibles, durables et \u00e9conomes.\",\"sameAs\":[\"https:\/\/julienprigent.fr\/\"],\"url\":\"https:\/\/herberiedelatille.fr\/blog\/auteur\/julien-p\/\"}]}<\/script>\n<!-- \/ Yoast SEO Premium plugin. -->","yoast_head_json":{"title":"Culture choux-fleurs : Conseils jardinage 2026","description":"La culture du choux-fleur, un l\u00e9gume appr\u00e9ci\u00e9 pour sa texture et sa polyvalence en cuisine, n\u00e9cessite une attention particuli\u00e8re pour garantir une r\u00e9colte\u2026","robots":{"index":"index","follow":"follow","max-snippet":"max-snippet:-1","max-image-preview":"max-image-preview:large","max-video-preview":"max-video-preview:-1"},"canonical":"https:\/\/herberiedelatille.fr\/blog\/articles\/culture-choux-fleurs\/","og_locale":"fr_FR","og_type":"article","og_title":"Culture choux-fleurs : Conseils jardinage 2026","og_description":"La culture du choux-fleur, un l\u00e9gume appr\u00e9ci\u00e9 pour sa texture et sa polyvalence en cuisine, n\u00e9cessite une attention particuli\u00e8re pour garantir une r\u00e9colte\u2026","og_url":"https:\/\/herberiedelatille.fr\/blog\/articles\/culture-choux-fleurs\/","og_site_name":"Herberie de la Tille","author":"Julien Prigent","twitter_card":"summary_large_image","schema":{"@context":"https:\/\/schema.org","@graph":[{"@type":"NewsArticle","@id":"https:\/\/herberiedelatille.fr\/blog\/articles\/culture-choux-fleurs\/#article","isPartOf":{"@id":"https:\/\/herberiedelatille.fr\/blog\/articles\/culture-choux-fleurs\/"},"author":{"name":"Julien Prigent","@id":"https:\/\/herberiedelatille.fr\/blog\/#\/schema\/person\/3c864cdc320801e3db34b663e7e3f816"},"headline":"Culture choux-fleurs : Conseils jardinage 2026","datePublished":"2026-08-25T09:00:00+00:00","mainEntityOfPage":{"@id":"https:\/\/herberiedelatille.fr\/blog\/articles\/culture-choux-fleurs\/"},"wordCount":654,"commentCount":0,"publisher":{"@id":"https:\/\/herberiedelatille.fr\/blog\/#organization"},"image":{"@id":"https:\/\/herberiedelatille.fr\/blog\/articles\/culture-choux-fleurs\/#primaryimage"},"thumbnailUrl":"https:\/\/images.pexels.com\/photos\/212932\/pexels-photo-212932.jpeg?auto=compress&cs=tinysrgb&fit=crop&h=627&w=1200","articleSection":["Articles"],"inLanguage":"fr-FR","potentialAction":[{"@type":"CommentAction","name":"Comment","target":["https:\/\/herberiedelatille.fr\/blog\/articles\/culture-choux-fleurs\/#respond"]}]},{"@type":"WebPage","@id":"https:\/\/herberiedelatille.fr\/blog\/articles\/culture-choux-fleurs\/","url":"https:\/\/herberiedelatille.fr\/blog\/articles\/culture-choux-fleurs\/","name":"Culture choux-fleurs : Conseils jardinage 2026","isPartOf":{"@id":"https:\/\/herberiedelatille.fr\/blog\/#website"},"primaryImageOfPage":{"@id":"https:\/\/herberiedelatille.fr\/blog\/articles\/culture-choux-fleurs\/#primaryimage"},"image":{"@id":"https:\/\/herberiedelatille.fr\/blog\/articles\/culture-choux-fleurs\/#primaryimage"},"thumbnailUrl":"https:\/\/images.pexels.com\/photos\/212932\/pexels-photo-212932.jpeg?auto=compress&cs=tinysrgb&fit=crop&h=627&w=1200","datePublished":"2026-08-25T09:00:00+00:00","description":"La culture du choux-fleur, un l\u00e9gume appr\u00e9ci\u00e9 pour sa texture et sa polyvalence en cuisine, n\u00e9cessite une attention particuli\u00e8re pour garantir une r\u00e9colte\u2026","inLanguage":"fr-FR","potentialAction":[{"@type":"ReadAction","target":["https:\/\/herberiedelatille.fr\/blog\/articles\/culture-choux-fleurs\/"]}]},{"@type":"ImageObject","inLanguage":"fr-FR","@id":"https:\/\/herberiedelatille.fr\/blog\/articles\/culture-choux-fleurs\/#primaryimage","url":"https:\/\/images.pexels.com\/photos\/212932\/pexels-photo-212932.jpeg?auto=compress&cs=tinysrgb&fit=crop&h=627&w=1200","contentUrl":"https:\/\/images.pexels.com\/photos\/212932\/pexels-photo-212932.jpeg?auto=compress&cs=tinysrgb&fit=crop&h=627&w=1200"},{"@type":"WebSite","@id":"https:\/\/herberiedelatille.fr\/blog\/#website","url":"https:\/\/herberiedelatille.fr\/blog\/","name":"Herberie de la Tille","description":"Le m\u00e9dia de la botanique pratique \u2014 plantes, herboristerie, identification","publisher":{"@id":"https:\/\/herberiedelatille.fr\/blog\/#organization"},"alternateName":"Herberie de la Tille","potentialAction":[{"@type":"SearchAction","target":{"@type":"EntryPoint","urlTemplate":"https:\/\/herberiedelatille.fr\/blog\/?s={search_term_string}"},"query-input":{"@type":"PropertyValueSpecification","valueRequired":true,"valueName":"search_term_string"}}],"inLanguage":"fr-FR"},{"@type":"Organization","@id":"https:\/\/herberiedelatille.fr\/blog\/#organization","name":"Herberie de la Tille","url":"https:\/\/herberiedelatille.fr\/blog\/","logo":{"@type":"ImageObject","inLanguage":"fr-FR","@id":"https:\/\/herberiedelatille.fr\/blog\/#\/schema\/logo\/image\/","url":"https:\/\/herberiedelatille.fr\/blog\/wp-content\/uploads\/2024\/12\/herberiedelatille.png","contentUrl":"https:\/\/herberiedelatille.fr\/blog\/wp-content\/uploads\/2024\/12\/herberiedelatille.png","width":500,"height":500,"caption":"Herberie de la Tille"},"image":{"@id":"https:\/\/herberiedelatille.fr\/blog\/#\/schema\/logo\/image\/"}},{"@type":"Person","@id":"https:\/\/herberiedelatille.fr\/blog\/#\/schema\/person\/3c864cdc320801e3db34b663e7e3f816","name":"Julien Prigent","image":{"@type":"ImageObject","inLanguage":"fr-FR","@id":"https:\/\/herberiedelatille.fr\/blog\/#\/schema\/person\/image\/","url":"https:\/\/herberiedelatille.fr\/blog\/wp-content\/uploads\/2026\/06\/persona_julien-p-96x96.jpg","contentUrl":"https:\/\/herberiedelatille.fr\/blog\/wp-content\/uploads\/2026\/06\/persona_julien-p-96x96.jpg","caption":"Julien Prigent"},"description":"Bricoleur et jardinier dans l'\u00e2me, j'\u00e9cris sur la maison et ses ext\u00e9rieurs avec les mains dans le cambouis plus que dans les th\u00e9ories. Mon terrain couvre tout l'habitat : le potager et le jardin au fil des saisons, mais aussi les petits travaux, la r\u00e9novation, le bricolage et les m\u00e9tiers du b\u00e2timent \u2014 toiture, isolation, menuiserie, serrurerie, ma\u00e7onnerie. J'aime expliquer un geste technique simplement, donner des fourchettes de prix r\u00e9alistes et les bons crit\u00e8res pour choisir un mat\u00e9riau ou un artisan. Je teste ce que je peux sur mes propres chantiers et au jardin avant d'en parler, je distingue la tradition de ce que confirme l'observation, et je pr\u00e9cise toujours le contexte \u2014 climat, type de sol, configuration du logement \u2014 parce qu'un m\u00eame conseil ne vaut pas partout. Mon but : rendre l'entretien et l'am\u00e9lioration de la maison accessibles, durables et \u00e9conomes.","sameAs":["https:\/\/julienprigent.fr\/"],"url":"https:\/\/herberiedelatille.fr\/blog\/auteur\/julien-p\/"}]}},"_links":{"self":[{"href":"https:\/\/herberiedelatille.fr\/blog\/wp-json\/wp\/v2\/posts\/7696","targetHints":{"allow":["GET"]}}],"collection":[{"href":"https:\/\/herberiedelatille.fr\/blog\/wp-json\/wp\/v2\/posts"}],"about":[{"href":"https:\/\/herberiedelatille.fr\/blog\/wp-json\/wp\/v2\/types\/post"}],"author":[{"embeddable":true,"href":"https:\/\/herberiedelatille.fr\/blog\/wp-json\/wp\/v2\/users\/34"}],"replies":[{"embeddable":true,"href":"https:\/\/herberiedelatille.fr\/blog\/wp-json\/wp\/v2\/comments?post=7696"}],"version-history":[{"count":1,"href":"https:\/\/herberiedelatille.fr\/blog\/wp-json\/wp\/v2\/posts\/7696\/revisions"}],"predecessor-version":[{"id":7946,"href":"https:\/\/herberiedelatille.fr\/blog\/wp-json\/wp\/v2\/posts\/7696\/revisions\/7946"}],"wp:attachment":[{"href":"https:\/\/herberiedelatille.fr\/blog\/wp-json\/wp\/v2\/media?parent=7696"}],"wp:term":[{"taxonomy":"category","embeddable":true,"href":"https:\/\/herberiedelatille.fr\/blog\/wp-json\/wp\/v2\/categories?post=7696"},{"taxonomy":"post_tag","embeddable":true,"href":"https:\/\/herberiedelatille.fr\/blog\/wp-json\/wp\/v2\/tags?post=7696"}],"curies":[{"name":"wp","href":"https:\/\/api.w.org\/{rel}","templated":true}]}}