{"id":7698,"date":"2026-08-27T09:00:00","date_gmt":"2026-08-27T09:00:00","guid":{"rendered":"https:\/\/herberiedelatille.fr\/blog\/?p=7698"},"modified":"2026-08-27T09:00:00","modified_gmt":"2026-08-27T09:00:00","slug":"arbuste-a-fleurs-jaune","status":"publish","type":"post","link":"https:\/\/herberiedelatille.fr\/blog\/articles\/arbuste-a-fleurs-jaune\/","title":{"rendered":"Arbuste \u00e0 fleurs jaune : Top vari\u00e9t\u00e9s"},"content":{"rendered":"<p>Les <strong>arbustes \u00e0 fleurs jaunes<\/strong> apportent une touche de lumi\u00e8re et de chaleur dans les jardins et les espaces verts. Que vous souhaitiez embellir votre jardin, cr\u00e9er une haie d\u00e9corative ou ajouter un point focal color\u00e9, plusieurs vari\u00e9t\u00e9s se distinguent par leur beaut\u00e9 et leur r\u00e9sistance. Cet article pr\u00e9sente les meilleures options disponibles pour vous aider \u00e0 choisir l\u2019arbuste qui r\u00e9pondra le mieux \u00e0 vos besoins.<\/p>\n<h2>Pourquoi choisir des arbustes \u00e0 fleurs jaunes ?<\/h2>\n<p>Les <strong>arbustes floraux<\/strong> de cette teinte sont non seulement esth\u00e9tiques, mais ils jouent \u00e9galement un r\u00f4le \u00e9cologique en attirant les pollinisateurs comme les abeilles et les papillons. De plus, ces plantes sont souvent faciles \u00e0 entretenir et peuvent s\u2019adapter \u00e0 divers types de sols et conditions climatiques. Voici quelques crit\u00e8res pour vous guider dans votre choix :<\/p>\n<ul>\n<li><strong>Taille<\/strong> : Optez pour des vari\u00e9t\u00e9s naines si l\u2019espace est limit\u00e9.<\/li>\n<li><strong>Floraison<\/strong> : V\u00e9rifiez la p\u00e9riode de floraison pour un effet continu.<\/li>\n<li><strong>R\u00e9sistance<\/strong> : Choisissez des esp\u00e8ces adapt\u00e9es \u00e0 votre climat local.<\/li>\n<\/ul>\n<h2>Les meilleures vari\u00e9t\u00e9s d\u2019arbustes \u00e0 fleurs jaunes<\/h2>\n<h3>1. Forsythia<\/h3>\n<p>Le <strong>Forsythia<\/strong> est l\u2019un des arbustes les plus embl\u00e9matiques avec ses fleurs jaune vif qui apparaissent au d\u00e9but du printemps.<\/p>\n<ul>\n<li><strong>Hauteur<\/strong> : jusqu\u2019\u00e0 3 m\u00e8tres.<\/li>\n<li><strong>Exposition<\/strong> : Plein soleil \u00e0 mi-ombre.<\/li>\n<li><strong>Floraison<\/strong> : Mars \u00e0 avril.<\/li>\n<\/ul>\n<h3>2. Hypericum (St. John\u2019s Wort)<\/h3>\n<p>L\u2019<strong>Hypericum<\/strong>, \u00e9galement connu sous le nom de millepertuis, offre des fleurs jaunes en forme d\u2019\u00e9toile qui illuminent le jardin.<\/p>\n<ul>\n<li><strong>Hauteur<\/strong> : 1 \u00e0 1,5 m\u00e8tre.<\/li>\n<li><strong>Exposition<\/strong> : Plein soleil.<\/li>\n<li><strong>Floraison<\/strong> : Juin \u00e0 septembre.<\/li>\n<\/ul>\n<h3>3. Weigela<\/h3>\n<p>Le <strong>Weigela<\/strong>, bien que principalement connu pour ses fleurs roses, propose \u00e9galement des vari\u00e9t\u00e9s avec des floraisons jaunes.<\/p>\n<ul>\n<li><strong>Hauteur<\/strong> : 1,5 \u00e0 2 m\u00e8tres.<\/li>\n<li><strong>Exposition<\/strong> : Plein soleil.<\/li>\n<li><strong>Floraison<\/strong> : Mai \u00e0 juin.<\/li>\n<\/ul>\n<table class=\"kwdbank-table\">\n<thead>\n<tr>\n<th>Vari\u00e9t\u00e9<\/th>\n<th>Hauteur<\/th>\n<th>Exposition<\/th>\n<th>P\u00e9riode de floraison<\/th>\n<\/tr>\n<\/thead>\n<tbody>\n<tr>\n<td>Forsythia<\/td>\n<td>Jusqu\u2019\u00e0 3m<\/td>\n<td>Plein soleil<\/td>\n<td>Mars &#8211; Avril<\/td>\n<\/tr>\n<tr>\n<td>Hypericum<\/td>\n<td>1 &#8211; 1,5m<\/td>\n<td>Plein soleil<\/td>\n<td>Juin &#8211; Septembre<\/td>\n<\/tr>\n<tr>\n<td>Weigela<\/td>\n<td>1,5 &#8211; 2m<\/td>\n<td>Plein soleil<\/td>\n<td>Mai &#8211; Juin<\/td>\n<\/tr>\n<\/tbody>\n<\/table>\n<h2>Pi\u00e8ges \u00e0 \u00e9viter lors du choix<\/h2>\n<p>Lorsque vous s\u00e9lectionnez un arbuste \u00e0 fleurs jaunes, \u00e9vitez de choisir uniquement sur l\u2019apparence. Prenez en compte la taille adulte de la plante et son adaptation au climat local. Un arbuste peut sembler s\u00e9duisant en p\u00e9pini\u00e8re mais s\u2019av\u00e9rer envahissant ou difficile \u00e0 entretenir dans votre jardin.<\/p>\n<h2>Comment entretenir vos arbustes \u00e0 fleurs jaunes ?<\/h2>\n<p>Un bon entretien garantit une floraison abondante :<\/p>\n<ol>\n<li><strong>Arrosage r\u00e9gulier<\/strong> : Veillez \u00e0 ce que le sol reste humide sans \u00eatre d\u00e9tremp\u00e9.<\/li>\n<li><strong>Taille annuelle<\/strong> : Pour favoriser une croissance saine, taillez apr\u00e8s la floraison.<\/li>\n<li><strong>Fertilisation<\/strong> : Utilisez un engrais \u00e9quilibr\u00e9 au printemps pour stimuler la floraison.<\/li>\n<\/ol>\n<h2>Avantages des arbustes \u00e0 fleurs jaunes par rapport aux autres couleurs<\/h2>\n<p>Les arbustes aux fleurs jaunes se distinguent par plusieurs avantages :<\/p>\n<ul>\n<li>Ils apportent une luminosit\u00e9 incomparable dans le jardin.<\/li>\n<li>Ils se marient bien avec d\u2019autres couleurs, cr\u00e9ant un contraste saisissant.<\/li>\n<li>Ils attirent davantage d\u2019insectes pollinisateurs en raison de leur couleur vive.<\/li>\n<\/ul>\n<p>En comparaison avec des arbustes aux fleurs blanches ou rouges, les vari\u00e9t\u00e9s jaunes ont tendance \u00e0 \u00eatre plus visibles et \u00e9clatantes, surtout dans les espaces ombrag\u00e9s.<\/p>\n<h2>FAQ<\/h2>\n<h3>Quels sont les meilleurs endroits pour planter des arbustes \u00e0 fleurs jaunes ?<\/h3>\n<p>Les arbustes pr\u00e9f\u00e9rant le plein soleil doivent \u00eatre plant\u00e9s dans des zones bien \u00e9clair\u00e9es du jardin pour maximiser leur floraison.<\/p>\n<h3>Les arbustes \u00e0 fleurs jaunes n\u00e9cessitent-ils beaucoup d\u2019entretien ?<\/h3>\n<p>La plupart des esp\u00e8ces sont assez rustiques et n\u00e9cessitent peu d\u2019entretien si elles sont bien choisies selon votre climat local.<\/p>\n<h3>Quelle est la p\u00e9riode id\u00e9ale pour planter ces arbustes ?<\/h3>\n<p>Le printemps est g\u00e9n\u00e9ralement le meilleur moment pour planter afin que les racines s\u2019\u00e9tablissent avant l\u2019\u00e9t\u00e9.<\/p>\n<h3>Les arbustes jaunes attirent-ils vraiment plus de pollinisateurs ?<\/h3>\n<p>Oui, leur couleur vive est particuli\u00e8rement attrayante pour de nombreux insectes pollinisateurs comme les abeilles et les papillons.<\/p>\n<h3>Comment savoir si mon sol est adapt\u00e9 aux arbustes jaunes ?<\/h3>\n<p>R\u00e9alisez un test de pH du sol et v\u00e9rifiez la texture pour d\u00e9terminer s\u2019il convient aux plantes que vous souhaitez cultiver.<\/p>\n<h3>Est-ce que tous les arbustes \u00e0 fleurs jaunes fleurissent au m\u00eame moment ?<\/h3>\n<p>Non, chaque vari\u00e9t\u00e9 a sa propre p\u00e9riode de floraison. Choisir plusieurs esp\u00e8ces permet d\u2019avoir une floraison \u00e9chelonn\u00e9e tout au long de la saison.<\/p>\n<p>Pour enrichir votre jardin avec ces magnifiques sp\u00e9cimens, visitez une p\u00e9pini\u00e8re locale ou explorez les options en ligne d\u00e8s aujourd\u2019hui !<\/p>\n","protected":false},"excerpt":{"rendered":"","protected":false},"author":34,"featured_media":999999999,"comment_status":"open","ping_status":"open","sticky":false,"template":"","format":"standard","meta":{"_acf_changed":false,"manual_indexmenow":false,"indexmenow_id_project":0,"footnotes":""},"categories":[4609],"tags":[],"class_list":["post-7698","post","type-post","status-publish","format-standard","has-post-thumbnail","hentry","category-articles","generate-columns","tablet-grid-50","mobile-grid-100","grid-parent","grid-25"],"acf":[],"yoast_head":"<!-- This site is optimized with the Yoast SEO Premium plugin v21.3 (Yoast SEO v25.6) - https:\/\/yoast.com\/wordpress\/plugins\/seo\/ -->\n<title>Arbuste \u00e0 fleurs jaune : Top vari\u00e9t\u00e9s<\/title>\n<meta name=\"description\" content=\"Les arbustes \u00e0 fleurs jaunes apportent une touche de lumi\u00e8re et de chaleur dans les jardins et les espaces verts. Que vous souhaitiez embellir votre\u2026\" \/>\n<meta name=\"robots\" content=\"index, follow, max-snippet:-1, max-image-preview:large, max-video-preview:-1\" \/>\n<link rel=\"canonical\" href=\"https:\/\/herberiedelatille.fr\/blog\/articles\/arbuste-a-fleurs-jaune\/\" \/>\n<meta property=\"og:locale\" content=\"fr_FR\" \/>\n<meta property=\"og:type\" content=\"article\" \/>\n<meta property=\"og:title\" content=\"Arbuste \u00e0 fleurs jaune : Top vari\u00e9t\u00e9s\" \/>\n<meta property=\"og:description\" content=\"Les arbustes \u00e0 fleurs jaunes apportent une touche de lumi\u00e8re et de chaleur dans les jardins et les espaces verts. Que vous souhaitiez embellir votre\u2026\" \/>\n<meta property=\"og:url\" content=\"https:\/\/herberiedelatille.fr\/blog\/articles\/arbuste-a-fleurs-jaune\/\" \/>\n<meta property=\"og:site_name\" content=\"Herberie de la Tille\" \/>\n<meta name=\"author\" content=\"Julien Prigent\" \/>\n<meta name=\"twitter:card\" content=\"summary_large_image\" \/>\n<script type=\"application\/ld+json\" class=\"yoast-schema-graph\">{\"@context\":\"https:\/\/schema.org\",\"@graph\":[{\"@type\":\"NewsArticle\",\"@id\":\"https:\/\/herberiedelatille.fr\/blog\/articles\/arbuste-a-fleurs-jaune\/#article\",\"isPartOf\":{\"@id\":\"https:\/\/herberiedelatille.fr\/blog\/articles\/arbuste-a-fleurs-jaune\/\"},\"author\":{\"name\":\"Julien Prigent\",\"@id\":\"https:\/\/herberiedelatille.fr\/blog\/#\/schema\/person\/3c864cdc320801e3db34b663e7e3f816\"},\"headline\":\"Arbuste \u00e0 fleurs jaune : Top vari\u00e9t\u00e9s\",\"datePublished\":\"2026-08-27T09:00:00+00:00\",\"mainEntityOfPage\":{\"@id\":\"https:\/\/herberiedelatille.fr\/blog\/articles\/arbuste-a-fleurs-jaune\/\"},\"wordCount\":734,\"commentCount\":0,\"publisher\":{\"@id\":\"https:\/\/herberiedelatille.fr\/blog\/#organization\"},\"image\":{\"@id\":\"https:\/\/herberiedelatille.fr\/blog\/articles\/arbuste-a-fleurs-jaune\/#primaryimage\"},\"thumbnailUrl\":\"https:\/\/images.pexels.com\/photos\/12956036\/pexels-photo-12956036.jpeg?auto=compress&cs=tinysrgb&fit=crop&h=627&w=1200\",\"articleSection\":[\"Articles\"],\"inLanguage\":\"fr-FR\",\"potentialAction\":[{\"@type\":\"CommentAction\",\"name\":\"Comment\",\"target\":[\"https:\/\/herberiedelatille.fr\/blog\/articles\/arbuste-a-fleurs-jaune\/#respond\"]}]},{\"@type\":\"WebPage\",\"@id\":\"https:\/\/herberiedelatille.fr\/blog\/articles\/arbuste-a-fleurs-jaune\/\",\"url\":\"https:\/\/herberiedelatille.fr\/blog\/articles\/arbuste-a-fleurs-jaune\/\",\"name\":\"Arbuste \u00e0 fleurs jaune : Top vari\u00e9t\u00e9s\",\"isPartOf\":{\"@id\":\"https:\/\/herberiedelatille.fr\/blog\/#website\"},\"primaryImageOfPage\":{\"@id\":\"https:\/\/herberiedelatille.fr\/blog\/articles\/arbuste-a-fleurs-jaune\/#primaryimage\"},\"image\":{\"@id\":\"https:\/\/herberiedelatille.fr\/blog\/articles\/arbuste-a-fleurs-jaune\/#primaryimage\"},\"thumbnailUrl\":\"https:\/\/images.pexels.com\/photos\/12956036\/pexels-photo-12956036.jpeg?auto=compress&cs=tinysrgb&fit=crop&h=627&w=1200\",\"datePublished\":\"2026-08-27T09:00:00+00:00\",\"description\":\"Les arbustes \u00e0 fleurs jaunes apportent une touche de lumi\u00e8re et de chaleur dans les jardins et les espaces verts. Que vous souhaitiez embellir votre\u2026\",\"inLanguage\":\"fr-FR\",\"potentialAction\":[{\"@type\":\"ReadAction\",\"target\":[\"https:\/\/herberiedelatille.fr\/blog\/articles\/arbuste-a-fleurs-jaune\/\"]}]},{\"@type\":\"ImageObject\",\"inLanguage\":\"fr-FR\",\"@id\":\"https:\/\/herberiedelatille.fr\/blog\/articles\/arbuste-a-fleurs-jaune\/#primaryimage\",\"url\":\"https:\/\/images.pexels.com\/photos\/12956036\/pexels-photo-12956036.jpeg?auto=compress&cs=tinysrgb&fit=crop&h=627&w=1200\",\"contentUrl\":\"https:\/\/images.pexels.com\/photos\/12956036\/pexels-photo-12956036.jpeg?auto=compress&cs=tinysrgb&fit=crop&h=627&w=1200\"},{\"@type\":\"WebSite\",\"@id\":\"https:\/\/herberiedelatille.fr\/blog\/#website\",\"url\":\"https:\/\/herberiedelatille.fr\/blog\/\",\"name\":\"Herberie de la Tille\",\"description\":\"Le m\u00e9dia de la botanique pratique \u2014 plantes, herboristerie, identification\",\"publisher\":{\"@id\":\"https:\/\/herberiedelatille.fr\/blog\/#organization\"},\"alternateName\":\"Herberie de la Tille\",\"potentialAction\":[{\"@type\":\"SearchAction\",\"target\":{\"@type\":\"EntryPoint\",\"urlTemplate\":\"https:\/\/herberiedelatille.fr\/blog\/?s={search_term_string}\"},\"query-input\":{\"@type\":\"PropertyValueSpecification\",\"valueRequired\":true,\"valueName\":\"search_term_string\"}}],\"inLanguage\":\"fr-FR\"},{\"@type\":\"Organization\",\"@id\":\"https:\/\/herberiedelatille.fr\/blog\/#organization\",\"name\":\"Herberie de la Tille\",\"url\":\"https:\/\/herberiedelatille.fr\/blog\/\",\"logo\":{\"@type\":\"ImageObject\",\"inLanguage\":\"fr-FR\",\"@id\":\"https:\/\/herberiedelatille.fr\/blog\/#\/schema\/logo\/image\/\",\"url\":\"https:\/\/herberiedelatille.fr\/blog\/wp-content\/uploads\/2024\/12\/herberiedelatille.png\",\"contentUrl\":\"https:\/\/herberiedelatille.fr\/blog\/wp-content\/uploads\/2024\/12\/herberiedelatille.png\",\"width\":500,\"height\":500,\"caption\":\"Herberie de la Tille\"},\"image\":{\"@id\":\"https:\/\/herberiedelatille.fr\/blog\/#\/schema\/logo\/image\/\"}},{\"@type\":\"Person\",\"@id\":\"https:\/\/herberiedelatille.fr\/blog\/#\/schema\/person\/3c864cdc320801e3db34b663e7e3f816\",\"name\":\"Julien Prigent\",\"image\":{\"@type\":\"ImageObject\",\"inLanguage\":\"fr-FR\",\"@id\":\"https:\/\/herberiedelatille.fr\/blog\/#\/schema\/person\/image\/\",\"url\":\"https:\/\/herberiedelatille.fr\/blog\/wp-content\/uploads\/2026\/06\/persona_julien-p-96x96.jpg\",\"contentUrl\":\"https:\/\/herberiedelatille.fr\/blog\/wp-content\/uploads\/2026\/06\/persona_julien-p-96x96.jpg\",\"caption\":\"Julien Prigent\"},\"description\":\"Bricoleur et jardinier dans l'\u00e2me, j'\u00e9cris sur la maison et ses ext\u00e9rieurs avec les mains dans le cambouis plus que dans les th\u00e9ories. Mon terrain couvre tout l'habitat : le potager et le jardin au fil des saisons, mais aussi les petits travaux, la r\u00e9novation, le bricolage et les m\u00e9tiers du b\u00e2timent \u2014 toiture, isolation, menuiserie, serrurerie, ma\u00e7onnerie. J'aime expliquer un geste technique simplement, donner des fourchettes de prix r\u00e9alistes et les bons crit\u00e8res pour choisir un mat\u00e9riau ou un artisan. Je teste ce que je peux sur mes propres chantiers et au jardin avant d'en parler, je distingue la tradition de ce que confirme l'observation, et je pr\u00e9cise toujours le contexte \u2014 climat, type de sol, configuration du logement \u2014 parce qu'un m\u00eame conseil ne vaut pas partout. Mon but : rendre l'entretien et l'am\u00e9lioration de la maison accessibles, durables et \u00e9conomes.\",\"sameAs\":[\"https:\/\/julienprigent.fr\/\"],\"url\":\"https:\/\/herberiedelatille.fr\/blog\/auteur\/julien-p\/\"}]}<\/script>\n<!-- \/ Yoast SEO Premium plugin. -->","yoast_head_json":{"title":"Arbuste \u00e0 fleurs jaune : Top vari\u00e9t\u00e9s","description":"Les arbustes \u00e0 fleurs jaunes apportent une touche de lumi\u00e8re et de chaleur dans les jardins et les espaces verts. Que vous souhaitiez embellir votre\u2026","robots":{"index":"index","follow":"follow","max-snippet":"max-snippet:-1","max-image-preview":"max-image-preview:large","max-video-preview":"max-video-preview:-1"},"canonical":"https:\/\/herberiedelatille.fr\/blog\/articles\/arbuste-a-fleurs-jaune\/","og_locale":"fr_FR","og_type":"article","og_title":"Arbuste \u00e0 fleurs jaune : Top vari\u00e9t\u00e9s","og_description":"Les arbustes \u00e0 fleurs jaunes apportent une touche de lumi\u00e8re et de chaleur dans les jardins et les espaces verts. Que vous souhaitiez embellir votre\u2026","og_url":"https:\/\/herberiedelatille.fr\/blog\/articles\/arbuste-a-fleurs-jaune\/","og_site_name":"Herberie de la Tille","author":"Julien Prigent","twitter_card":"summary_large_image","schema":{"@context":"https:\/\/schema.org","@graph":[{"@type":"NewsArticle","@id":"https:\/\/herberiedelatille.fr\/blog\/articles\/arbuste-a-fleurs-jaune\/#article","isPartOf":{"@id":"https:\/\/herberiedelatille.fr\/blog\/articles\/arbuste-a-fleurs-jaune\/"},"author":{"name":"Julien Prigent","@id":"https:\/\/herberiedelatille.fr\/blog\/#\/schema\/person\/3c864cdc320801e3db34b663e7e3f816"},"headline":"Arbuste \u00e0 fleurs jaune : Top vari\u00e9t\u00e9s","datePublished":"2026-08-27T09:00:00+00:00","mainEntityOfPage":{"@id":"https:\/\/herberiedelatille.fr\/blog\/articles\/arbuste-a-fleurs-jaune\/"},"wordCount":734,"commentCount":0,"publisher":{"@id":"https:\/\/herberiedelatille.fr\/blog\/#organization"},"image":{"@id":"https:\/\/herberiedelatille.fr\/blog\/articles\/arbuste-a-fleurs-jaune\/#primaryimage"},"thumbnailUrl":"https:\/\/images.pexels.com\/photos\/12956036\/pexels-photo-12956036.jpeg?auto=compress&cs=tinysrgb&fit=crop&h=627&w=1200","articleSection":["Articles"],"inLanguage":"fr-FR","potentialAction":[{"@type":"CommentAction","name":"Comment","target":["https:\/\/herberiedelatille.fr\/blog\/articles\/arbuste-a-fleurs-jaune\/#respond"]}]},{"@type":"WebPage","@id":"https:\/\/herberiedelatille.fr\/blog\/articles\/arbuste-a-fleurs-jaune\/","url":"https:\/\/herberiedelatille.fr\/blog\/articles\/arbuste-a-fleurs-jaune\/","name":"Arbuste \u00e0 fleurs jaune : Top vari\u00e9t\u00e9s","isPartOf":{"@id":"https:\/\/herberiedelatille.fr\/blog\/#website"},"primaryImageOfPage":{"@id":"https:\/\/herberiedelatille.fr\/blog\/articles\/arbuste-a-fleurs-jaune\/#primaryimage"},"image":{"@id":"https:\/\/herberiedelatille.fr\/blog\/articles\/arbuste-a-fleurs-jaune\/#primaryimage"},"thumbnailUrl":"https:\/\/images.pexels.com\/photos\/12956036\/pexels-photo-12956036.jpeg?auto=compress&cs=tinysrgb&fit=crop&h=627&w=1200","datePublished":"2026-08-27T09:00:00+00:00","description":"Les arbustes \u00e0 fleurs jaunes apportent une touche de lumi\u00e8re et de chaleur dans les jardins et les espaces verts. Que vous souhaitiez embellir votre\u2026","inLanguage":"fr-FR","potentialAction":[{"@type":"ReadAction","target":["https:\/\/herberiedelatille.fr\/blog\/articles\/arbuste-a-fleurs-jaune\/"]}]},{"@type":"ImageObject","inLanguage":"fr-FR","@id":"https:\/\/herberiedelatille.fr\/blog\/articles\/arbuste-a-fleurs-jaune\/#primaryimage","url":"https:\/\/images.pexels.com\/photos\/12956036\/pexels-photo-12956036.jpeg?auto=compress&cs=tinysrgb&fit=crop&h=627&w=1200","contentUrl":"https:\/\/images.pexels.com\/photos\/12956036\/pexels-photo-12956036.jpeg?auto=compress&cs=tinysrgb&fit=crop&h=627&w=1200"},{"@type":"WebSite","@id":"https:\/\/herberiedelatille.fr\/blog\/#website","url":"https:\/\/herberiedelatille.fr\/blog\/","name":"Herberie de la Tille","description":"Le m\u00e9dia de la botanique pratique \u2014 plantes, herboristerie, identification","publisher":{"@id":"https:\/\/herberiedelatille.fr\/blog\/#organization"},"alternateName":"Herberie de la Tille","potentialAction":[{"@type":"SearchAction","target":{"@type":"EntryPoint","urlTemplate":"https:\/\/herberiedelatille.fr\/blog\/?s={search_term_string}"},"query-input":{"@type":"PropertyValueSpecification","valueRequired":true,"valueName":"search_term_string"}}],"inLanguage":"fr-FR"},{"@type":"Organization","@id":"https:\/\/herberiedelatille.fr\/blog\/#organization","name":"Herberie de la Tille","url":"https:\/\/herberiedelatille.fr\/blog\/","logo":{"@type":"ImageObject","inLanguage":"fr-FR","@id":"https:\/\/herberiedelatille.fr\/blog\/#\/schema\/logo\/image\/","url":"https:\/\/herberiedelatille.fr\/blog\/wp-content\/uploads\/2024\/12\/herberiedelatille.png","contentUrl":"https:\/\/herberiedelatille.fr\/blog\/wp-content\/uploads\/2024\/12\/herberiedelatille.png","width":500,"height":500,"caption":"Herberie de la Tille"},"image":{"@id":"https:\/\/herberiedelatille.fr\/blog\/#\/schema\/logo\/image\/"}},{"@type":"Person","@id":"https:\/\/herberiedelatille.fr\/blog\/#\/schema\/person\/3c864cdc320801e3db34b663e7e3f816","name":"Julien Prigent","image":{"@type":"ImageObject","inLanguage":"fr-FR","@id":"https:\/\/herberiedelatille.fr\/blog\/#\/schema\/person\/image\/","url":"https:\/\/herberiedelatille.fr\/blog\/wp-content\/uploads\/2026\/06\/persona_julien-p-96x96.jpg","contentUrl":"https:\/\/herberiedelatille.fr\/blog\/wp-content\/uploads\/2026\/06\/persona_julien-p-96x96.jpg","caption":"Julien Prigent"},"description":"Bricoleur et jardinier dans l'\u00e2me, j'\u00e9cris sur la maison et ses ext\u00e9rieurs avec les mains dans le cambouis plus que dans les th\u00e9ories. Mon terrain couvre tout l'habitat : le potager et le jardin au fil des saisons, mais aussi les petits travaux, la r\u00e9novation, le bricolage et les m\u00e9tiers du b\u00e2timent \u2014 toiture, isolation, menuiserie, serrurerie, ma\u00e7onnerie. J'aime expliquer un geste technique simplement, donner des fourchettes de prix r\u00e9alistes et les bons crit\u00e8res pour choisir un mat\u00e9riau ou un artisan. Je teste ce que je peux sur mes propres chantiers et au jardin avant d'en parler, je distingue la tradition de ce que confirme l'observation, et je pr\u00e9cise toujours le contexte \u2014 climat, type de sol, configuration du logement \u2014 parce qu'un m\u00eame conseil ne vaut pas partout. Mon but : rendre l'entretien et l'am\u00e9lioration de la maison accessibles, durables et \u00e9conomes.","sameAs":["https:\/\/julienprigent.fr\/"],"url":"https:\/\/herberiedelatille.fr\/blog\/auteur\/julien-p\/"}]}},"_links":{"self":[{"href":"https:\/\/herberiedelatille.fr\/blog\/wp-json\/wp\/v2\/posts\/7698","targetHints":{"allow":["GET"]}}],"collection":[{"href":"https:\/\/herberiedelatille.fr\/blog\/wp-json\/wp\/v2\/posts"}],"about":[{"href":"https:\/\/herberiedelatille.fr\/blog\/wp-json\/wp\/v2\/types\/post"}],"author":[{"embeddable":true,"href":"https:\/\/herberiedelatille.fr\/blog\/wp-json\/wp\/v2\/users\/34"}],"replies":[{"embeddable":true,"href":"https:\/\/herberiedelatille.fr\/blog\/wp-json\/wp\/v2\/comments?post=7698"}],"version-history":[{"count":1,"href":"https:\/\/herberiedelatille.fr\/blog\/wp-json\/wp\/v2\/posts\/7698\/revisions"}],"predecessor-version":[{"id":7948,"href":"https:\/\/herberiedelatille.fr\/blog\/wp-json\/wp\/v2\/posts\/7698\/revisions\/7948"}],"wp:attachment":[{"href":"https:\/\/herberiedelatille.fr\/blog\/wp-json\/wp\/v2\/media?parent=7698"}],"wp:term":[{"taxonomy":"category","embeddable":true,"href":"https:\/\/herberiedelatille.fr\/blog\/wp-json\/wp\/v2\/categories?post=7698"},{"taxonomy":"post_tag","embeddable":true,"href":"https:\/\/herberiedelatille.fr\/blog\/wp-json\/wp\/v2\/tags?post=7698"}],"curies":[{"name":"wp","href":"https:\/\/api.w.org\/{rel}","templated":true}]}}