{"id":7700,"date":"2026-08-29T09:00:00","date_gmt":"2026-08-29T09:00:00","guid":{"rendered":"https:\/\/herberiedelatille.fr\/blog\/?p=7700"},"modified":"2026-08-29T09:00:00","modified_gmt":"2026-08-29T09:00:00","slug":"fleurs-les-pensees","status":"publish","type":"post","link":"https:\/\/herberiedelatille.fr\/blog\/articles\/fleurs-les-pensees\/","title":{"rendered":"Fleurs Pens\u00e9es : Guide Culture et Entretien"},"content":{"rendered":"<p>Les <strong>fleurs pens\u00e9es<\/strong>, \u00e9galement connues sous le nom de <em>Viola tricolor<\/em>, sont des plantes embl\u00e9matiques appr\u00e9ci\u00e9es pour leur floraison color\u00e9e et leur facilit\u00e9 d\u2019entretien. En 2026, la culture de ces fleurs est encadr\u00e9e par des normes sp\u00e9cifiques visant \u00e0 garantir leur qualit\u00e9 et leur respect de l\u2019environnement. Cet article vous guidera \u00e0 travers les m\u00e9thodes de culture, d\u2019entretien et les r\u00e9glementations actuelles concernant les fleurs pens\u00e9es, afin que vous puissiez les cultiver avec succ\u00e8s dans votre jardin.<\/p>\n<h2>Pr\u00e9sentation des fleurs pens\u00e9es<\/h2>\n<h3>Caract\u00e9ristiques g\u00e9n\u00e9rales<\/h3>\n<p>Les fleurs pens\u00e9es sont des plantes vivaces souvent cultiv\u00e9es comme des annuelles. Elles se distinguent par leurs fleurs aux teintes vari\u00e9es allant du violet au jaune, en passant par le blanc. Leur taille varie g\u00e9n\u00e9ralement entre 15 et 30 cm de hauteur. Les pens\u00e9es fleurissent principalement au printemps et \u00e0 l\u2019automne, ajoutant une touche color\u00e9e aux jardins durant ces p\u00e9riodes.<\/p>\n<h3>Vari\u00e9t\u00e9s populaires<\/h3>\n<p>Voici quelques vari\u00e9t\u00e9s courantes de fleurs pens\u00e9es :<\/p>\n<table class=\"kwdbank-table\">\n<thead>\n<tr>\n<th>Vari\u00e9t\u00e9<\/th>\n<th>Couleur principale<\/th>\n<th>Hauteur (cm)<\/th>\n<\/tr>\n<\/thead>\n<tbody>\n<tr>\n<td>Viola tricolor<\/td>\n<td>Multicolore<\/td>\n<td>15-20<\/td>\n<\/tr>\n<tr>\n<td>Viola cornuta<\/td>\n<td>Violet<\/td>\n<td>20-25<\/td>\n<\/tr>\n<tr>\n<td>Viola wittrockiana<\/td>\n<td>Jaune<\/td>\n<td>20-30<\/td>\n<\/tr>\n<\/tbody>\n<\/table>\n<h2>Conditions de culture<\/h2>\n<h3>Exigences du sol<\/h3>\n<p>Les fleurs pens\u00e9es pr\u00e9f\u00e8rent un sol bien drain\u00e9, riche en mati\u00e8re organique. Un pH l\u00e9g\u00e8rement acide \u00e0 neutre (6.0 &#8211; 7.0) est id\u00e9al pour leur croissance. Pour am\u00e9liorer la qualit\u00e9 du sol, il est conseill\u00e9 d\u2019incorporer du compost ou du fumier bien d\u00e9compos\u00e9 avant la plantation.<\/p>\n<h3>Emplacement<\/h3>\n<p>Choisissez un emplacement en plein soleil ou \u00e0 mi-ombre pour vos fleurs pens\u00e9es. Elles ont besoin d\u2019au moins 4 \u00e0 6 heures de lumi\u00e8re directe par jour pour une floraison optimale. \u00c9vitez les zones expos\u00e9es aux vents forts qui pourraient endommager les tiges d\u00e9licates.<\/p>\n<h2>Entretien des fleurs pens\u00e9es<\/h2>\n<h3>Arrosage<\/h3>\n<p>Les besoins en eau des fleurs pens\u00e9es sont mod\u00e9r\u00e9s. Un arrosage r\u00e9gulier est n\u00e9cessaire, surtout pendant les p\u00e9riodes s\u00e8ches. \u00c9vitez l\u2019exc\u00e8s d\u2019eau qui peut entra\u00eener la pourriture des racines. Un arrosage de 2 \u00e0 3 fois par semaine est g\u00e9n\u00e9ralement suffisant.<\/p>\n<h3>Fertilisation<\/h3>\n<p>Pour favoriser la floraison, appliquez un engrais \u00e9quilibr\u00e9 (NPK 10-10-10) toutes les quatre \u00e0 six semaines durant la p\u00e9riode de croissance active. Respectez les dosages recommand\u00e9s sur l\u2019\u00e9tiquette du produit afin d\u2019\u00e9viter tout surdosage nocif.<\/p>\n<h3>Taille et entretien g\u00e9n\u00e9ral<\/h3>\n<p>Il est conseill\u00e9 de retirer r\u00e9guli\u00e8rement les fleurs fan\u00e9es pour encourager une nouvelle floraison et maintenir un aspect soign\u00e9. Une taille l\u00e9g\u00e8re peut \u00e9galement \u00eatre effectu\u00e9e apr\u00e8s la premi\u00e8re floraison pour stimuler la croissance de nouvelles tiges florales.<\/p>\n<h2>Normes r\u00e9glementaires en 2026<\/h2>\n<p>En raison des pr\u00e9occupations environnementales croissantes, plusieurs r\u00e9glementations ont \u00e9t\u00e9 mises en place concernant la culture des fleurs pens\u00e9es :<\/p>\n<ol>\n<li><strong>Utilisation d\u2019engrais<\/strong> : Des limites strictes sur les types d\u2019engrais chimiques autoris\u00e9s sont impos\u00e9es afin de r\u00e9duire l\u2019impact environnemental.<\/li>\n<li><strong>Gestion de l\u2019eau<\/strong> : Des pratiques efficaces doivent \u00eatre mises en \u0153uvre pour \u00e9viter le gaspillage d\u2019eau lors de l\u2019arrosage.<\/li>\n<li><strong>Certification bio<\/strong> : Les producteurs souhaitant obtenir une certification biologique doivent respecter un cahier des charges pr\u00e9cis sur la gestion des sols et des ressources.<\/li>\n<\/ol>\n<h3>Pi\u00e8ge \u00e0 \u00e9viter<\/h3>\n<p>Un pi\u00e8ge courant lors de la culture des fleurs pens\u00e9es est le choix inappropri\u00e9 du site de plantation. Une exposition insuffisante au soleil ou un sol mal drain\u00e9 peuvent compromettre leur d\u00e9veloppement et entra\u00eener une mauvaise floraison.<\/p>\n<h2>Action imm\u00e9diate<\/h2>\n<p>Pour commencer votre culture, procurez-vous quelques plants de fleurs pens\u00e9es dans une p\u00e9pini\u00e8re locale ou un centre jardinage certifi\u00e9 bio afin d\u2019assurer leur qualit\u00e9 et conformit\u00e9 aux normes actuelles.<\/p>\n<h2>FAQ<\/h2>\n<h3>Quelles sont les meilleures p\u00e9riodes pour planter des fleurs pens\u00e9es ?<\/h3>\n<p>Les meilleures p\u00e9riodes pour planter des fleurs pens\u00e9es sont le printemps (mars-avril) et l\u2019automne (septembre-octobre) lorsque les temp\u00e9ratures sont plus fra\u00eeches.<\/p>\n<h3>Comment prot\u00e9ger mes fleurs pens\u00e9es contre les maladies ?<\/h3>\n<p>Assurez-vous que vos plantes aient suffisamment d\u2019espace entre elles pour am\u00e9liorer la circulation de l\u2019air et utilisez un fongicide naturel en cas d\u2019apparition de moisissures ou autres maladies fongiques.<\/p>\n<h3>Les fleurs pens\u00e9es peuvent-elles r\u00e9sister au gel ?<\/h3>\n<p>Oui, certaines vari\u00e9t\u00e9s de fleurs pens\u00e9es peuvent tol\u00e9rer le gel l\u00e9ger, mais il est recommand\u00e9 de prot\u00e9ger vos plants lors des nuits tr\u00e8s froides avec un voile anti-gel.<\/p>\n<h3>Comment multiplier mes fleurs pens\u00e9es ?<\/h3>\n<p>La multiplication peut se faire par semis ou bouturage au printemps ou en automne selon vos pr\u00e9f\u00e9rences.<\/p>\n<h3>Quel type d\u2019engrais utiliser pour mes fleurs pens\u00e9es ?<\/h3>\n<p>Un engrais \u00e9quilibr\u00e9 NPK 10-10-10 est recommand\u00e9 pour favoriser une belle floraison tout au long de leur cycle de vie.<\/p>\n<h3>Les fleurs pens\u00e9es sont-elles comestibles ?<\/h3>\n<p>Oui, certaines vari\u00e9t\u00e9s de fleurs pens\u00e9es sont comestibles et peuvent \u00eatre utilis\u00e9es dans les salades ou comme garniture d\u00e9corative gr\u00e2ce \u00e0 leurs couleurs vives.<\/p>\n","protected":false},"excerpt":{"rendered":"","protected":false},"author":34,"featured_media":999999999,"comment_status":"open","ping_status":"open","sticky":false,"template":"","format":"standard","meta":{"_acf_changed":false,"manual_indexmenow":false,"indexmenow_id_project":0,"footnotes":""},"categories":[4609],"tags":[],"class_list":["post-7700","post","type-post","status-publish","format-standard","has-post-thumbnail","hentry","category-articles","generate-columns","tablet-grid-50","mobile-grid-100","grid-parent","grid-25"],"acf":[],"yoast_head":"<!-- This site is optimized with the Yoast SEO Premium plugin v21.3 (Yoast SEO v25.6) - https:\/\/yoast.com\/wordpress\/plugins\/seo\/ -->\n<title>Fleurs Pens\u00e9es : Guide Culture et Entretien<\/title>\n<meta name=\"description\" content=\"Les fleurs pens\u00e9es, \u00e9galement connues sous le nom de *Viola tricolor*, sont des plantes embl\u00e9matiques appr\u00e9ci\u00e9es pour leur floraison color\u00e9e et leur\u2026\" \/>\n<meta name=\"robots\" content=\"index, follow, max-snippet:-1, max-image-preview:large, max-video-preview:-1\" \/>\n<link rel=\"canonical\" href=\"https:\/\/herberiedelatille.fr\/blog\/articles\/fleurs-les-pensees\/\" \/>\n<meta property=\"og:locale\" content=\"fr_FR\" \/>\n<meta property=\"og:type\" content=\"article\" \/>\n<meta property=\"og:title\" content=\"Fleurs Pens\u00e9es : Guide Culture et Entretien\" \/>\n<meta property=\"og:description\" content=\"Les fleurs pens\u00e9es, \u00e9galement connues sous le nom de *Viola tricolor*, sont des plantes embl\u00e9matiques appr\u00e9ci\u00e9es pour leur floraison color\u00e9e et leur\u2026\" \/>\n<meta property=\"og:url\" content=\"https:\/\/herberiedelatille.fr\/blog\/articles\/fleurs-les-pensees\/\" \/>\n<meta property=\"og:site_name\" content=\"Herberie de la Tille\" \/>\n<meta name=\"author\" content=\"Julien Prigent\" \/>\n<meta name=\"twitter:card\" content=\"summary_large_image\" \/>\n<script type=\"application\/ld+json\" class=\"yoast-schema-graph\">{\"@context\":\"https:\/\/schema.org\",\"@graph\":[{\"@type\":\"NewsArticle\",\"@id\":\"https:\/\/herberiedelatille.fr\/blog\/articles\/fleurs-les-pensees\/#article\",\"isPartOf\":{\"@id\":\"https:\/\/herberiedelatille.fr\/blog\/articles\/fleurs-les-pensees\/\"},\"author\":{\"name\":\"Julien Prigent\",\"@id\":\"https:\/\/herberiedelatille.fr\/blog\/#\/schema\/person\/3c864cdc320801e3db34b663e7e3f816\"},\"headline\":\"Fleurs Pens\u00e9es : Guide Culture et Entretien\",\"datePublished\":\"2026-08-29T09:00:00+00:00\",\"mainEntityOfPage\":{\"@id\":\"https:\/\/herberiedelatille.fr\/blog\/articles\/fleurs-les-pensees\/\"},\"wordCount\":852,\"commentCount\":0,\"publisher\":{\"@id\":\"https:\/\/herberiedelatille.fr\/blog\/#organization\"},\"image\":{\"@id\":\"https:\/\/herberiedelatille.fr\/blog\/articles\/fleurs-les-pensees\/#primaryimage\"},\"thumbnailUrl\":\"https:\/\/images.pexels.com\/photos\/16960219\/pexels-photo-16960219.jpeg?auto=compress&cs=tinysrgb&fit=crop&h=627&w=1200\",\"articleSection\":[\"Articles\"],\"inLanguage\":\"fr-FR\",\"potentialAction\":[{\"@type\":\"CommentAction\",\"name\":\"Comment\",\"target\":[\"https:\/\/herberiedelatille.fr\/blog\/articles\/fleurs-les-pensees\/#respond\"]}]},{\"@type\":\"WebPage\",\"@id\":\"https:\/\/herberiedelatille.fr\/blog\/articles\/fleurs-les-pensees\/\",\"url\":\"https:\/\/herberiedelatille.fr\/blog\/articles\/fleurs-les-pensees\/\",\"name\":\"Fleurs Pens\u00e9es : Guide Culture et Entretien\",\"isPartOf\":{\"@id\":\"https:\/\/herberiedelatille.fr\/blog\/#website\"},\"primaryImageOfPage\":{\"@id\":\"https:\/\/herberiedelatille.fr\/blog\/articles\/fleurs-les-pensees\/#primaryimage\"},\"image\":{\"@id\":\"https:\/\/herberiedelatille.fr\/blog\/articles\/fleurs-les-pensees\/#primaryimage\"},\"thumbnailUrl\":\"https:\/\/images.pexels.com\/photos\/16960219\/pexels-photo-16960219.jpeg?auto=compress&cs=tinysrgb&fit=crop&h=627&w=1200\",\"datePublished\":\"2026-08-29T09:00:00+00:00\",\"description\":\"Les fleurs pens\u00e9es, \u00e9galement connues sous le nom de *Viola tricolor*, sont des plantes embl\u00e9matiques appr\u00e9ci\u00e9es pour leur floraison color\u00e9e et leur\u2026\",\"inLanguage\":\"fr-FR\",\"potentialAction\":[{\"@type\":\"ReadAction\",\"target\":[\"https:\/\/herberiedelatille.fr\/blog\/articles\/fleurs-les-pensees\/\"]}]},{\"@type\":\"ImageObject\",\"inLanguage\":\"fr-FR\",\"@id\":\"https:\/\/herberiedelatille.fr\/blog\/articles\/fleurs-les-pensees\/#primaryimage\",\"url\":\"https:\/\/images.pexels.com\/photos\/16960219\/pexels-photo-16960219.jpeg?auto=compress&cs=tinysrgb&fit=crop&h=627&w=1200\",\"contentUrl\":\"https:\/\/images.pexels.com\/photos\/16960219\/pexels-photo-16960219.jpeg?auto=compress&cs=tinysrgb&fit=crop&h=627&w=1200\"},{\"@type\":\"WebSite\",\"@id\":\"https:\/\/herberiedelatille.fr\/blog\/#website\",\"url\":\"https:\/\/herberiedelatille.fr\/blog\/\",\"name\":\"Herberie de la Tille\",\"description\":\"Le m\u00e9dia de la botanique pratique \u2014 plantes, herboristerie, identification\",\"publisher\":{\"@id\":\"https:\/\/herberiedelatille.fr\/blog\/#organization\"},\"alternateName\":\"Herberie de la Tille\",\"potentialAction\":[{\"@type\":\"SearchAction\",\"target\":{\"@type\":\"EntryPoint\",\"urlTemplate\":\"https:\/\/herberiedelatille.fr\/blog\/?s={search_term_string}\"},\"query-input\":{\"@type\":\"PropertyValueSpecification\",\"valueRequired\":true,\"valueName\":\"search_term_string\"}}],\"inLanguage\":\"fr-FR\"},{\"@type\":\"Organization\",\"@id\":\"https:\/\/herberiedelatille.fr\/blog\/#organization\",\"name\":\"Herberie de la Tille\",\"url\":\"https:\/\/herberiedelatille.fr\/blog\/\",\"logo\":{\"@type\":\"ImageObject\",\"inLanguage\":\"fr-FR\",\"@id\":\"https:\/\/herberiedelatille.fr\/blog\/#\/schema\/logo\/image\/\",\"url\":\"https:\/\/herberiedelatille.fr\/blog\/wp-content\/uploads\/2024\/12\/herberiedelatille.png\",\"contentUrl\":\"https:\/\/herberiedelatille.fr\/blog\/wp-content\/uploads\/2024\/12\/herberiedelatille.png\",\"width\":500,\"height\":500,\"caption\":\"Herberie de la Tille\"},\"image\":{\"@id\":\"https:\/\/herberiedelatille.fr\/blog\/#\/schema\/logo\/image\/\"}},{\"@type\":\"Person\",\"@id\":\"https:\/\/herberiedelatille.fr\/blog\/#\/schema\/person\/3c864cdc320801e3db34b663e7e3f816\",\"name\":\"Julien Prigent\",\"image\":{\"@type\":\"ImageObject\",\"inLanguage\":\"fr-FR\",\"@id\":\"https:\/\/herberiedelatille.fr\/blog\/#\/schema\/person\/image\/\",\"url\":\"https:\/\/herberiedelatille.fr\/blog\/wp-content\/uploads\/2026\/06\/persona_julien-p-96x96.jpg\",\"contentUrl\":\"https:\/\/herberiedelatille.fr\/blog\/wp-content\/uploads\/2026\/06\/persona_julien-p-96x96.jpg\",\"caption\":\"Julien Prigent\"},\"description\":\"Bricoleur et jardinier dans l'\u00e2me, j'\u00e9cris sur la maison et ses ext\u00e9rieurs avec les mains dans le cambouis plus que dans les th\u00e9ories. Mon terrain couvre tout l'habitat : le potager et le jardin au fil des saisons, mais aussi les petits travaux, la r\u00e9novation, le bricolage et les m\u00e9tiers du b\u00e2timent \u2014 toiture, isolation, menuiserie, serrurerie, ma\u00e7onnerie. J'aime expliquer un geste technique simplement, donner des fourchettes de prix r\u00e9alistes et les bons crit\u00e8res pour choisir un mat\u00e9riau ou un artisan. Je teste ce que je peux sur mes propres chantiers et au jardin avant d'en parler, je distingue la tradition de ce que confirme l'observation, et je pr\u00e9cise toujours le contexte \u2014 climat, type de sol, configuration du logement \u2014 parce qu'un m\u00eame conseil ne vaut pas partout. Mon but : rendre l'entretien et l'am\u00e9lioration de la maison accessibles, durables et \u00e9conomes.\",\"sameAs\":[\"https:\/\/julienprigent.fr\/\"],\"url\":\"https:\/\/herberiedelatille.fr\/blog\/auteur\/julien-p\/\"}]}<\/script>\n<!-- \/ Yoast SEO Premium plugin. -->","yoast_head_json":{"title":"Fleurs Pens\u00e9es : Guide Culture et Entretien","description":"Les fleurs pens\u00e9es, \u00e9galement connues sous le nom de *Viola tricolor*, sont des plantes embl\u00e9matiques appr\u00e9ci\u00e9es pour leur floraison color\u00e9e et leur\u2026","robots":{"index":"index","follow":"follow","max-snippet":"max-snippet:-1","max-image-preview":"max-image-preview:large","max-video-preview":"max-video-preview:-1"},"canonical":"https:\/\/herberiedelatille.fr\/blog\/articles\/fleurs-les-pensees\/","og_locale":"fr_FR","og_type":"article","og_title":"Fleurs Pens\u00e9es : Guide Culture et Entretien","og_description":"Les fleurs pens\u00e9es, \u00e9galement connues sous le nom de *Viola tricolor*, sont des plantes embl\u00e9matiques appr\u00e9ci\u00e9es pour leur floraison color\u00e9e et leur\u2026","og_url":"https:\/\/herberiedelatille.fr\/blog\/articles\/fleurs-les-pensees\/","og_site_name":"Herberie de la Tille","author":"Julien Prigent","twitter_card":"summary_large_image","schema":{"@context":"https:\/\/schema.org","@graph":[{"@type":"NewsArticle","@id":"https:\/\/herberiedelatille.fr\/blog\/articles\/fleurs-les-pensees\/#article","isPartOf":{"@id":"https:\/\/herberiedelatille.fr\/blog\/articles\/fleurs-les-pensees\/"},"author":{"name":"Julien Prigent","@id":"https:\/\/herberiedelatille.fr\/blog\/#\/schema\/person\/3c864cdc320801e3db34b663e7e3f816"},"headline":"Fleurs Pens\u00e9es : Guide Culture et Entretien","datePublished":"2026-08-29T09:00:00+00:00","mainEntityOfPage":{"@id":"https:\/\/herberiedelatille.fr\/blog\/articles\/fleurs-les-pensees\/"},"wordCount":852,"commentCount":0,"publisher":{"@id":"https:\/\/herberiedelatille.fr\/blog\/#organization"},"image":{"@id":"https:\/\/herberiedelatille.fr\/blog\/articles\/fleurs-les-pensees\/#primaryimage"},"thumbnailUrl":"https:\/\/images.pexels.com\/photos\/16960219\/pexels-photo-16960219.jpeg?auto=compress&cs=tinysrgb&fit=crop&h=627&w=1200","articleSection":["Articles"],"inLanguage":"fr-FR","potentialAction":[{"@type":"CommentAction","name":"Comment","target":["https:\/\/herberiedelatille.fr\/blog\/articles\/fleurs-les-pensees\/#respond"]}]},{"@type":"WebPage","@id":"https:\/\/herberiedelatille.fr\/blog\/articles\/fleurs-les-pensees\/","url":"https:\/\/herberiedelatille.fr\/blog\/articles\/fleurs-les-pensees\/","name":"Fleurs Pens\u00e9es : Guide Culture et Entretien","isPartOf":{"@id":"https:\/\/herberiedelatille.fr\/blog\/#website"},"primaryImageOfPage":{"@id":"https:\/\/herberiedelatille.fr\/blog\/articles\/fleurs-les-pensees\/#primaryimage"},"image":{"@id":"https:\/\/herberiedelatille.fr\/blog\/articles\/fleurs-les-pensees\/#primaryimage"},"thumbnailUrl":"https:\/\/images.pexels.com\/photos\/16960219\/pexels-photo-16960219.jpeg?auto=compress&cs=tinysrgb&fit=crop&h=627&w=1200","datePublished":"2026-08-29T09:00:00+00:00","description":"Les fleurs pens\u00e9es, \u00e9galement connues sous le nom de *Viola tricolor*, sont des plantes embl\u00e9matiques appr\u00e9ci\u00e9es pour leur floraison color\u00e9e et leur\u2026","inLanguage":"fr-FR","potentialAction":[{"@type":"ReadAction","target":["https:\/\/herberiedelatille.fr\/blog\/articles\/fleurs-les-pensees\/"]}]},{"@type":"ImageObject","inLanguage":"fr-FR","@id":"https:\/\/herberiedelatille.fr\/blog\/articles\/fleurs-les-pensees\/#primaryimage","url":"https:\/\/images.pexels.com\/photos\/16960219\/pexels-photo-16960219.jpeg?auto=compress&cs=tinysrgb&fit=crop&h=627&w=1200","contentUrl":"https:\/\/images.pexels.com\/photos\/16960219\/pexels-photo-16960219.jpeg?auto=compress&cs=tinysrgb&fit=crop&h=627&w=1200"},{"@type":"WebSite","@id":"https:\/\/herberiedelatille.fr\/blog\/#website","url":"https:\/\/herberiedelatille.fr\/blog\/","name":"Herberie de la Tille","description":"Le m\u00e9dia de la botanique pratique \u2014 plantes, herboristerie, identification","publisher":{"@id":"https:\/\/herberiedelatille.fr\/blog\/#organization"},"alternateName":"Herberie de la Tille","potentialAction":[{"@type":"SearchAction","target":{"@type":"EntryPoint","urlTemplate":"https:\/\/herberiedelatille.fr\/blog\/?s={search_term_string}"},"query-input":{"@type":"PropertyValueSpecification","valueRequired":true,"valueName":"search_term_string"}}],"inLanguage":"fr-FR"},{"@type":"Organization","@id":"https:\/\/herberiedelatille.fr\/blog\/#organization","name":"Herberie de la Tille","url":"https:\/\/herberiedelatille.fr\/blog\/","logo":{"@type":"ImageObject","inLanguage":"fr-FR","@id":"https:\/\/herberiedelatille.fr\/blog\/#\/schema\/logo\/image\/","url":"https:\/\/herberiedelatille.fr\/blog\/wp-content\/uploads\/2024\/12\/herberiedelatille.png","contentUrl":"https:\/\/herberiedelatille.fr\/blog\/wp-content\/uploads\/2024\/12\/herberiedelatille.png","width":500,"height":500,"caption":"Herberie de la Tille"},"image":{"@id":"https:\/\/herberiedelatille.fr\/blog\/#\/schema\/logo\/image\/"}},{"@type":"Person","@id":"https:\/\/herberiedelatille.fr\/blog\/#\/schema\/person\/3c864cdc320801e3db34b663e7e3f816","name":"Julien Prigent","image":{"@type":"ImageObject","inLanguage":"fr-FR","@id":"https:\/\/herberiedelatille.fr\/blog\/#\/schema\/person\/image\/","url":"https:\/\/herberiedelatille.fr\/blog\/wp-content\/uploads\/2026\/06\/persona_julien-p-96x96.jpg","contentUrl":"https:\/\/herberiedelatille.fr\/blog\/wp-content\/uploads\/2026\/06\/persona_julien-p-96x96.jpg","caption":"Julien Prigent"},"description":"Bricoleur et jardinier dans l'\u00e2me, j'\u00e9cris sur la maison et ses ext\u00e9rieurs avec les mains dans le cambouis plus que dans les th\u00e9ories. Mon terrain couvre tout l'habitat : le potager et le jardin au fil des saisons, mais aussi les petits travaux, la r\u00e9novation, le bricolage et les m\u00e9tiers du b\u00e2timent \u2014 toiture, isolation, menuiserie, serrurerie, ma\u00e7onnerie. J'aime expliquer un geste technique simplement, donner des fourchettes de prix r\u00e9alistes et les bons crit\u00e8res pour choisir un mat\u00e9riau ou un artisan. Je teste ce que je peux sur mes propres chantiers et au jardin avant d'en parler, je distingue la tradition de ce que confirme l'observation, et je pr\u00e9cise toujours le contexte \u2014 climat, type de sol, configuration du logement \u2014 parce qu'un m\u00eame conseil ne vaut pas partout. Mon but : rendre l'entretien et l'am\u00e9lioration de la maison accessibles, durables et \u00e9conomes.","sameAs":["https:\/\/julienprigent.fr\/"],"url":"https:\/\/herberiedelatille.fr\/blog\/auteur\/julien-p\/"}]}},"_links":{"self":[{"href":"https:\/\/herberiedelatille.fr\/blog\/wp-json\/wp\/v2\/posts\/7700","targetHints":{"allow":["GET"]}}],"collection":[{"href":"https:\/\/herberiedelatille.fr\/blog\/wp-json\/wp\/v2\/posts"}],"about":[{"href":"https:\/\/herberiedelatille.fr\/blog\/wp-json\/wp\/v2\/types\/post"}],"author":[{"embeddable":true,"href":"https:\/\/herberiedelatille.fr\/blog\/wp-json\/wp\/v2\/users\/34"}],"replies":[{"embeddable":true,"href":"https:\/\/herberiedelatille.fr\/blog\/wp-json\/wp\/v2\/comments?post=7700"}],"version-history":[{"count":1,"href":"https:\/\/herberiedelatille.fr\/blog\/wp-json\/wp\/v2\/posts\/7700\/revisions"}],"predecessor-version":[{"id":7950,"href":"https:\/\/herberiedelatille.fr\/blog\/wp-json\/wp\/v2\/posts\/7700\/revisions\/7950"}],"wp:attachment":[{"href":"https:\/\/herberiedelatille.fr\/blog\/wp-json\/wp\/v2\/media?parent=7700"}],"wp:term":[{"taxonomy":"category","embeddable":true,"href":"https:\/\/herberiedelatille.fr\/blog\/wp-json\/wp\/v2\/categories?post=7700"},{"taxonomy":"post_tag","embeddable":true,"href":"https:\/\/herberiedelatille.fr\/blog\/wp-json\/wp\/v2\/tags?post=7700"}],"curies":[{"name":"wp","href":"https:\/\/api.w.org\/{rel}","templated":true}]}}