{"id":7703,"date":"2026-09-01T09:00:00","date_gmt":"2026-09-01T09:00:00","guid":{"rendered":"https:\/\/herberiedelatille.fr\/blog\/?p=7703"},"modified":"2026-09-01T09:00:00","modified_gmt":"2026-09-01T09:00:00","slug":"fleurs-pour-massif","status":"publish","type":"post","link":"https:\/\/herberiedelatille.fr\/blog\/articles\/fleurs-pour-massif\/","title":{"rendered":"Fleurs massif : Guide choix et plantation"},"content":{"rendered":"<p>Choisir des fleurs pour un massif peut transformer votre jardin en un v\u00e9ritable espace de vie color\u00e9. Que vous souhaitiez cr\u00e9er un massif fleuri pour embellir votre ext\u00e9rieur ou attirer les pollinisateurs, il est crucial de s\u00e9lectionner les bonnes esp\u00e8ces en fonction des conditions de votre sol et de l\u2019exposition au soleil. Ce guide vous aidera \u00e0 choisir et \u00e0 planter vos fleurs de mani\u00e8re optimale.<\/p>\n<h2>1. Comprendre les types de massifs<\/h2>\n<h3>1.1 Massifs floraux<\/h3>\n<p>Les massifs floraux se composent principalement de fleurs annuelles et vivaces. Les annuelles, comme les g\u00e9raniums ou les p\u00e9tunias, fleurissent toute la saison, tandis que les vivaces, telles que les asters ou les h\u00e9m\u00e9rocalles, reviennent chaque ann\u00e9e.<\/p>\n<h3>1.2 Massifs mixtes<\/h3>\n<p>Ces massifs allient fleurs, feuillages et plantes grimpantes. Ils offrent une diversit\u00e9 d\u2019aspects et peuvent \u00eatre con\u00e7us pour fleurir \u00e0 diff\u00e9rents moments de l\u2019ann\u00e9e.<\/p>\n<h2>2. Choisir les bonnes fleurs<\/h2>\n<h3>2.1 Crit\u00e8res de s\u00e9lection<\/h3>\n<p>Pour choisir vos fleurs, consid\u00e9rez :<br \/>\n&#8211; <strong>La zone climatique<\/strong> : certaines esp\u00e8ces s\u2019\u00e9panouissent mieux dans des climats chauds ou froids.<br \/>\n&#8211; <strong>Le type de sol<\/strong> : un sol argileux n\u00e9cessite des plantes adapt\u00e9es comme les iris.<br \/>\n&#8211; <strong>L\u2019ensoleillement<\/strong> : certaines fleurs pr\u00e9f\u00e8rent le plein soleil (comme les lavandes), d\u2019autres l\u2019ombre (comme les foug\u00e8res).<\/p>\n<h3>2.2 Exemples chiffr\u00e9s<\/h3>\n<ul>\n<li>Pour un massif d\u2019un m\u00e8tre carr\u00e9, comptez environ 6 \u00e0 10 plantes pour assurer une bonne couverture.<\/li>\n<li>Un assortiment comprenant des cosmos (fleurs annuelles) et des pivoines (vivaces) peut vous co\u00fbter entre 50 et 100 euros selon la vari\u00e9t\u00e9 choisie.<\/li>\n<\/ul>\n<h2>3. Planification du massif<\/h2>\n<h3>3.1 Disposition des plantes<\/h3>\n<p>Planifiez la disposition en tenant compte de la hauteur des plantes :<br \/>\n&#8211; Plantes hautes (ex : delphiniums) \u00e0 l\u2019arri\u00e8re.<br \/>\n&#8211; Plantes moyennes (ex : lupins) au centre.<br \/>\n&#8211; Plantes basses (ex : \u0153illets) \u00e0 l\u2019avant.<\/p>\n<h3>3.2 Palette de couleurs<\/h3>\n<p>Choisissez une palette harmonieuse :<br \/>\n&#8211; Couleurs compl\u00e9mentaires : bleu et orange.<br \/>\n&#8211; Couleurs analogues : rouge, rose et violet.<\/p>\n<h2>4. Pr\u00e9paration du sol<\/h2>\n<p>Avant de planter, il est essentiel de pr\u00e9parer le sol :<br \/>\n1. Ameublissez le sol sur environ 30 cm.<br \/>\n2. Ajoutez du compost pour enrichir le terreau.<br \/>\n3. V\u00e9rifiez le pH du sol; il doit \u00eatre entre 6 et 7 pour la plupart des fleurs.<\/p>\n<h2>5. Plantation \u00e9tape par \u00e9tape<\/h2>\n<h3>\u00c9tape 1 : Marquez l\u2019emplacement<\/h3>\n<p>Utilisez des piquets ou une corde pour d\u00e9limiter votre massif.<\/p>\n<h3>\u00c9tape 2 : Creusez des trous<\/h3>\n<p>Creusez des trous adapt\u00e9s \u00e0 la taille des racines de chaque plante, g\u00e9n\u00e9ralement deux fois plus larges que la motte.<\/p>\n<h3>\u00c9tape 3 : Plantation<\/h3>\n<p>Placez chaque plante dans son trou, en veillant \u00e0 ne pas enterrer le collet (zone o\u00f9 la tige rencontre les racines).<\/p>\n<h3>\u00c9tape 4 : Arrosage<\/h3>\n<p>Arrosez g\u00e9n\u00e9reusement apr\u00e8s la plantation pour aider les racines \u00e0 s\u2019\u00e9tablir.<\/p>\n<h2>Pi\u00e8ge \u00e0 \u00e9viter<\/h2>\n<p>\u00c9vitez de planter trop pr\u00e8s les unes des autres ; cela peut entra\u00eener une comp\u00e9tition pour l\u2019eau et les nutriments, entra\u00eenant une croissance faible. Respectez une distance d\u2019au moins 30 cm entre chaque plante selon leur taille adulte.<\/p>\n<h2>Tableau r\u00e9capitulatif des fleurs adapt\u00e9es aux massifs<\/h2>\n<table class=\"kwdbank-table\">\n<thead>\n<tr>\n<th>Type de fleur<\/th>\n<th>Exemples<\/th>\n<th>Exposition<\/th>\n<th>Hauteur<\/th>\n<\/tr>\n<\/thead>\n<tbody>\n<tr>\n<td>Annuelles<\/td>\n<td>P\u00e9tunia, Cosmos<\/td>\n<td>Plein soleil<\/td>\n<td>Jusqu\u2019\u00e0 60 cm<\/td>\n<\/tr>\n<tr>\n<td>Vivaces<\/td>\n<td>H\u00e9m\u00e9rocalle, Aster<\/td>\n<td>Mi-ombre \u00e0 soleil<\/td>\n<td>Jusqu\u2019\u00e0 120 cm<\/td>\n<\/tr>\n<tr>\n<td>Grimpantes<\/td>\n<td>Cl\u00e9matite<\/td>\n<td>Plein soleil<\/td>\n<td>Variable<\/td>\n<\/tr>\n<tr>\n<td>Plantes couvre-sol<\/td>\n<td>Thym rampant, Vinca<\/td>\n<td>Ombre \u00e0 mi-ombre<\/td>\n<td>Jusqu\u2019\u00e0 20 cm<\/td>\n<\/tr>\n<\/tbody>\n<\/table>\n<h2>FAQ<\/h2>\n<h3>Quelles sont les meilleures fleurs pour un massif ensoleill\u00e9 ?<\/h3>\n<p>Les lavandes, g\u00e9raniums et \u0153illets sont id\u00e9ales pour un massif bien expos\u00e9 au soleil.<\/p>\n<h3>Comment entretenir un massif fleuri ?<\/h3>\n<p>Arrosez r\u00e9guli\u00e8rement sans exc\u00e8s et appliquez un paillis pour conserver l\u2019humidit\u00e9 du sol.<\/p>\n<h3>Quelle p\u00e9riode est id\u00e9ale pour planter mes fleurs ?<\/h3>\n<p>Le printemps est g\u00e9n\u00e9ralement le meilleur moment pour planter vos fleurs afin qu\u2019elles aient tout l\u2019\u00e9t\u00e9 pour s\u2019\u00e9tablir.<\/p>\n<h3>Puis-je m\u00e9langer des annuelles et des vivaces dans mon massif ?<\/h3>\n<p>Oui, cela cr\u00e9e un effet dynamique tout en assurant une floraison continue d\u2019une saison \u00e0 l\u2019autre.<\/p>\n<p>Commencez d\u00e8s aujourd\u2019hui votre projet de jardinage en choisissant soigneusement vos fleurs !<\/p>\n","protected":false},"excerpt":{"rendered":"","protected":false},"author":34,"featured_media":999999999,"comment_status":"open","ping_status":"open","sticky":false,"template":"","format":"standard","meta":{"_acf_changed":false,"manual_indexmenow":false,"indexmenow_id_project":0,"footnotes":""},"categories":[4609],"tags":[],"class_list":["post-7703","post","type-post","status-publish","format-standard","has-post-thumbnail","hentry","category-articles","generate-columns","tablet-grid-50","mobile-grid-100","grid-parent","grid-25"],"acf":[],"yoast_head":"<!-- This site is optimized with the Yoast SEO Premium plugin v21.3 (Yoast SEO v25.6) - https:\/\/yoast.com\/wordpress\/plugins\/seo\/ -->\n<title>Fleurs massif : Guide choix et plantation<\/title>\n<meta name=\"description\" content=\"Choisir des fleurs pour un massif peut transformer votre jardin en un v\u00e9ritable espace de vie color\u00e9. Que vous souhaitiez cr\u00e9er un massif fleuri pour\u2026\" \/>\n<meta name=\"robots\" content=\"index, follow, max-snippet:-1, max-image-preview:large, max-video-preview:-1\" \/>\n<link rel=\"canonical\" href=\"https:\/\/herberiedelatille.fr\/blog\/articles\/fleurs-pour-massif\/\" \/>\n<meta property=\"og:locale\" content=\"fr_FR\" \/>\n<meta property=\"og:type\" content=\"article\" \/>\n<meta property=\"og:title\" content=\"Fleurs massif : Guide choix et plantation\" \/>\n<meta property=\"og:description\" content=\"Choisir des fleurs pour un massif peut transformer votre jardin en un v\u00e9ritable espace de vie color\u00e9. Que vous souhaitiez cr\u00e9er un massif fleuri pour\u2026\" \/>\n<meta property=\"og:url\" content=\"https:\/\/herberiedelatille.fr\/blog\/articles\/fleurs-pour-massif\/\" \/>\n<meta property=\"og:site_name\" content=\"Herberie de la Tille\" \/>\n<meta name=\"author\" content=\"Julien Prigent\" \/>\n<meta name=\"twitter:card\" content=\"summary_large_image\" \/>\n<script type=\"application\/ld+json\" class=\"yoast-schema-graph\">{\"@context\":\"https:\/\/schema.org\",\"@graph\":[{\"@type\":\"NewsArticle\",\"@id\":\"https:\/\/herberiedelatille.fr\/blog\/articles\/fleurs-pour-massif\/#article\",\"isPartOf\":{\"@id\":\"https:\/\/herberiedelatille.fr\/blog\/articles\/fleurs-pour-massif\/\"},\"author\":{\"name\":\"Julien Prigent\",\"@id\":\"https:\/\/herberiedelatille.fr\/blog\/#\/schema\/person\/3c864cdc320801e3db34b663e7e3f816\"},\"headline\":\"Fleurs massif : Guide choix et plantation\",\"datePublished\":\"2026-09-01T09:00:00+00:00\",\"mainEntityOfPage\":{\"@id\":\"https:\/\/herberiedelatille.fr\/blog\/articles\/fleurs-pour-massif\/\"},\"wordCount\":671,\"commentCount\":0,\"publisher\":{\"@id\":\"https:\/\/herberiedelatille.fr\/blog\/#organization\"},\"image\":{\"@id\":\"https:\/\/herberiedelatille.fr\/blog\/articles\/fleurs-pour-massif\/#primaryimage\"},\"thumbnailUrl\":\"https:\/\/images.pexels.com\/photos\/37443344\/pexels-photo-37443344.jpeg?auto=compress&cs=tinysrgb&fit=crop&h=627&w=1200\",\"articleSection\":[\"Articles\"],\"inLanguage\":\"fr-FR\",\"potentialAction\":[{\"@type\":\"CommentAction\",\"name\":\"Comment\",\"target\":[\"https:\/\/herberiedelatille.fr\/blog\/articles\/fleurs-pour-massif\/#respond\"]}]},{\"@type\":\"WebPage\",\"@id\":\"https:\/\/herberiedelatille.fr\/blog\/articles\/fleurs-pour-massif\/\",\"url\":\"https:\/\/herberiedelatille.fr\/blog\/articles\/fleurs-pour-massif\/\",\"name\":\"Fleurs massif : Guide choix et plantation\",\"isPartOf\":{\"@id\":\"https:\/\/herberiedelatille.fr\/blog\/#website\"},\"primaryImageOfPage\":{\"@id\":\"https:\/\/herberiedelatille.fr\/blog\/articles\/fleurs-pour-massif\/#primaryimage\"},\"image\":{\"@id\":\"https:\/\/herberiedelatille.fr\/blog\/articles\/fleurs-pour-massif\/#primaryimage\"},\"thumbnailUrl\":\"https:\/\/images.pexels.com\/photos\/37443344\/pexels-photo-37443344.jpeg?auto=compress&cs=tinysrgb&fit=crop&h=627&w=1200\",\"datePublished\":\"2026-09-01T09:00:00+00:00\",\"description\":\"Choisir des fleurs pour un massif peut transformer votre jardin en un v\u00e9ritable espace de vie color\u00e9. Que vous souhaitiez cr\u00e9er un massif fleuri pour\u2026\",\"inLanguage\":\"fr-FR\",\"potentialAction\":[{\"@type\":\"ReadAction\",\"target\":[\"https:\/\/herberiedelatille.fr\/blog\/articles\/fleurs-pour-massif\/\"]}]},{\"@type\":\"ImageObject\",\"inLanguage\":\"fr-FR\",\"@id\":\"https:\/\/herberiedelatille.fr\/blog\/articles\/fleurs-pour-massif\/#primaryimage\",\"url\":\"https:\/\/images.pexels.com\/photos\/37443344\/pexels-photo-37443344.jpeg?auto=compress&cs=tinysrgb&fit=crop&h=627&w=1200\",\"contentUrl\":\"https:\/\/images.pexels.com\/photos\/37443344\/pexels-photo-37443344.jpeg?auto=compress&cs=tinysrgb&fit=crop&h=627&w=1200\"},{\"@type\":\"WebSite\",\"@id\":\"https:\/\/herberiedelatille.fr\/blog\/#website\",\"url\":\"https:\/\/herberiedelatille.fr\/blog\/\",\"name\":\"Herberie de la Tille\",\"description\":\"Le m\u00e9dia de la botanique pratique \u2014 plantes, herboristerie, identification\",\"publisher\":{\"@id\":\"https:\/\/herberiedelatille.fr\/blog\/#organization\"},\"alternateName\":\"Herberie de la Tille\",\"potentialAction\":[{\"@type\":\"SearchAction\",\"target\":{\"@type\":\"EntryPoint\",\"urlTemplate\":\"https:\/\/herberiedelatille.fr\/blog\/?s={search_term_string}\"},\"query-input\":{\"@type\":\"PropertyValueSpecification\",\"valueRequired\":true,\"valueName\":\"search_term_string\"}}],\"inLanguage\":\"fr-FR\"},{\"@type\":\"Organization\",\"@id\":\"https:\/\/herberiedelatille.fr\/blog\/#organization\",\"name\":\"Herberie de la Tille\",\"url\":\"https:\/\/herberiedelatille.fr\/blog\/\",\"logo\":{\"@type\":\"ImageObject\",\"inLanguage\":\"fr-FR\",\"@id\":\"https:\/\/herberiedelatille.fr\/blog\/#\/schema\/logo\/image\/\",\"url\":\"https:\/\/herberiedelatille.fr\/blog\/wp-content\/uploads\/2024\/12\/herberiedelatille.png\",\"contentUrl\":\"https:\/\/herberiedelatille.fr\/blog\/wp-content\/uploads\/2024\/12\/herberiedelatille.png\",\"width\":500,\"height\":500,\"caption\":\"Herberie de la Tille\"},\"image\":{\"@id\":\"https:\/\/herberiedelatille.fr\/blog\/#\/schema\/logo\/image\/\"}},{\"@type\":\"Person\",\"@id\":\"https:\/\/herberiedelatille.fr\/blog\/#\/schema\/person\/3c864cdc320801e3db34b663e7e3f816\",\"name\":\"Julien Prigent\",\"image\":{\"@type\":\"ImageObject\",\"inLanguage\":\"fr-FR\",\"@id\":\"https:\/\/herberiedelatille.fr\/blog\/#\/schema\/person\/image\/\",\"url\":\"https:\/\/herberiedelatille.fr\/blog\/wp-content\/uploads\/2026\/06\/persona_julien-p-96x96.jpg\",\"contentUrl\":\"https:\/\/herberiedelatille.fr\/blog\/wp-content\/uploads\/2026\/06\/persona_julien-p-96x96.jpg\",\"caption\":\"Julien Prigent\"},\"description\":\"Bricoleur et jardinier dans l'\u00e2me, j'\u00e9cris sur la maison et ses ext\u00e9rieurs avec les mains dans le cambouis plus que dans les th\u00e9ories. Mon terrain couvre tout l'habitat : le potager et le jardin au fil des saisons, mais aussi les petits travaux, la r\u00e9novation, le bricolage et les m\u00e9tiers du b\u00e2timent \u2014 toiture, isolation, menuiserie, serrurerie, ma\u00e7onnerie. J'aime expliquer un geste technique simplement, donner des fourchettes de prix r\u00e9alistes et les bons crit\u00e8res pour choisir un mat\u00e9riau ou un artisan. Je teste ce que je peux sur mes propres chantiers et au jardin avant d'en parler, je distingue la tradition de ce que confirme l'observation, et je pr\u00e9cise toujours le contexte \u2014 climat, type de sol, configuration du logement \u2014 parce qu'un m\u00eame conseil ne vaut pas partout. Mon but : rendre l'entretien et l'am\u00e9lioration de la maison accessibles, durables et \u00e9conomes.\",\"sameAs\":[\"https:\/\/julienprigent.fr\/\"],\"url\":\"https:\/\/herberiedelatille.fr\/blog\/auteur\/julien-p\/\"}]}<\/script>\n<!-- \/ Yoast SEO Premium plugin. -->","yoast_head_json":{"title":"Fleurs massif : Guide choix et plantation","description":"Choisir des fleurs pour un massif peut transformer votre jardin en un v\u00e9ritable espace de vie color\u00e9. Que vous souhaitiez cr\u00e9er un massif fleuri pour\u2026","robots":{"index":"index","follow":"follow","max-snippet":"max-snippet:-1","max-image-preview":"max-image-preview:large","max-video-preview":"max-video-preview:-1"},"canonical":"https:\/\/herberiedelatille.fr\/blog\/articles\/fleurs-pour-massif\/","og_locale":"fr_FR","og_type":"article","og_title":"Fleurs massif : Guide choix et plantation","og_description":"Choisir des fleurs pour un massif peut transformer votre jardin en un v\u00e9ritable espace de vie color\u00e9. Que vous souhaitiez cr\u00e9er un massif fleuri pour\u2026","og_url":"https:\/\/herberiedelatille.fr\/blog\/articles\/fleurs-pour-massif\/","og_site_name":"Herberie de la Tille","author":"Julien Prigent","twitter_card":"summary_large_image","schema":{"@context":"https:\/\/schema.org","@graph":[{"@type":"NewsArticle","@id":"https:\/\/herberiedelatille.fr\/blog\/articles\/fleurs-pour-massif\/#article","isPartOf":{"@id":"https:\/\/herberiedelatille.fr\/blog\/articles\/fleurs-pour-massif\/"},"author":{"name":"Julien Prigent","@id":"https:\/\/herberiedelatille.fr\/blog\/#\/schema\/person\/3c864cdc320801e3db34b663e7e3f816"},"headline":"Fleurs massif : Guide choix et plantation","datePublished":"2026-09-01T09:00:00+00:00","mainEntityOfPage":{"@id":"https:\/\/herberiedelatille.fr\/blog\/articles\/fleurs-pour-massif\/"},"wordCount":671,"commentCount":0,"publisher":{"@id":"https:\/\/herberiedelatille.fr\/blog\/#organization"},"image":{"@id":"https:\/\/herberiedelatille.fr\/blog\/articles\/fleurs-pour-massif\/#primaryimage"},"thumbnailUrl":"https:\/\/images.pexels.com\/photos\/37443344\/pexels-photo-37443344.jpeg?auto=compress&cs=tinysrgb&fit=crop&h=627&w=1200","articleSection":["Articles"],"inLanguage":"fr-FR","potentialAction":[{"@type":"CommentAction","name":"Comment","target":["https:\/\/herberiedelatille.fr\/blog\/articles\/fleurs-pour-massif\/#respond"]}]},{"@type":"WebPage","@id":"https:\/\/herberiedelatille.fr\/blog\/articles\/fleurs-pour-massif\/","url":"https:\/\/herberiedelatille.fr\/blog\/articles\/fleurs-pour-massif\/","name":"Fleurs massif : Guide choix et plantation","isPartOf":{"@id":"https:\/\/herberiedelatille.fr\/blog\/#website"},"primaryImageOfPage":{"@id":"https:\/\/herberiedelatille.fr\/blog\/articles\/fleurs-pour-massif\/#primaryimage"},"image":{"@id":"https:\/\/herberiedelatille.fr\/blog\/articles\/fleurs-pour-massif\/#primaryimage"},"thumbnailUrl":"https:\/\/images.pexels.com\/photos\/37443344\/pexels-photo-37443344.jpeg?auto=compress&cs=tinysrgb&fit=crop&h=627&w=1200","datePublished":"2026-09-01T09:00:00+00:00","description":"Choisir des fleurs pour un massif peut transformer votre jardin en un v\u00e9ritable espace de vie color\u00e9. Que vous souhaitiez cr\u00e9er un massif fleuri pour\u2026","inLanguage":"fr-FR","potentialAction":[{"@type":"ReadAction","target":["https:\/\/herberiedelatille.fr\/blog\/articles\/fleurs-pour-massif\/"]}]},{"@type":"ImageObject","inLanguage":"fr-FR","@id":"https:\/\/herberiedelatille.fr\/blog\/articles\/fleurs-pour-massif\/#primaryimage","url":"https:\/\/images.pexels.com\/photos\/37443344\/pexels-photo-37443344.jpeg?auto=compress&cs=tinysrgb&fit=crop&h=627&w=1200","contentUrl":"https:\/\/images.pexels.com\/photos\/37443344\/pexels-photo-37443344.jpeg?auto=compress&cs=tinysrgb&fit=crop&h=627&w=1200"},{"@type":"WebSite","@id":"https:\/\/herberiedelatille.fr\/blog\/#website","url":"https:\/\/herberiedelatille.fr\/blog\/","name":"Herberie de la Tille","description":"Le m\u00e9dia de la botanique pratique \u2014 plantes, herboristerie, identification","publisher":{"@id":"https:\/\/herberiedelatille.fr\/blog\/#organization"},"alternateName":"Herberie de la Tille","potentialAction":[{"@type":"SearchAction","target":{"@type":"EntryPoint","urlTemplate":"https:\/\/herberiedelatille.fr\/blog\/?s={search_term_string}"},"query-input":{"@type":"PropertyValueSpecification","valueRequired":true,"valueName":"search_term_string"}}],"inLanguage":"fr-FR"},{"@type":"Organization","@id":"https:\/\/herberiedelatille.fr\/blog\/#organization","name":"Herberie de la Tille","url":"https:\/\/herberiedelatille.fr\/blog\/","logo":{"@type":"ImageObject","inLanguage":"fr-FR","@id":"https:\/\/herberiedelatille.fr\/blog\/#\/schema\/logo\/image\/","url":"https:\/\/herberiedelatille.fr\/blog\/wp-content\/uploads\/2024\/12\/herberiedelatille.png","contentUrl":"https:\/\/herberiedelatille.fr\/blog\/wp-content\/uploads\/2024\/12\/herberiedelatille.png","width":500,"height":500,"caption":"Herberie de la Tille"},"image":{"@id":"https:\/\/herberiedelatille.fr\/blog\/#\/schema\/logo\/image\/"}},{"@type":"Person","@id":"https:\/\/herberiedelatille.fr\/blog\/#\/schema\/person\/3c864cdc320801e3db34b663e7e3f816","name":"Julien Prigent","image":{"@type":"ImageObject","inLanguage":"fr-FR","@id":"https:\/\/herberiedelatille.fr\/blog\/#\/schema\/person\/image\/","url":"https:\/\/herberiedelatille.fr\/blog\/wp-content\/uploads\/2026\/06\/persona_julien-p-96x96.jpg","contentUrl":"https:\/\/herberiedelatille.fr\/blog\/wp-content\/uploads\/2026\/06\/persona_julien-p-96x96.jpg","caption":"Julien Prigent"},"description":"Bricoleur et jardinier dans l'\u00e2me, j'\u00e9cris sur la maison et ses ext\u00e9rieurs avec les mains dans le cambouis plus que dans les th\u00e9ories. Mon terrain couvre tout l'habitat : le potager et le jardin au fil des saisons, mais aussi les petits travaux, la r\u00e9novation, le bricolage et les m\u00e9tiers du b\u00e2timent \u2014 toiture, isolation, menuiserie, serrurerie, ma\u00e7onnerie. J'aime expliquer un geste technique simplement, donner des fourchettes de prix r\u00e9alistes et les bons crit\u00e8res pour choisir un mat\u00e9riau ou un artisan. Je teste ce que je peux sur mes propres chantiers et au jardin avant d'en parler, je distingue la tradition de ce que confirme l'observation, et je pr\u00e9cise toujours le contexte \u2014 climat, type de sol, configuration du logement \u2014 parce qu'un m\u00eame conseil ne vaut pas partout. Mon but : rendre l'entretien et l'am\u00e9lioration de la maison accessibles, durables et \u00e9conomes.","sameAs":["https:\/\/julienprigent.fr\/"],"url":"https:\/\/herberiedelatille.fr\/blog\/auteur\/julien-p\/"}]}},"_links":{"self":[{"href":"https:\/\/herberiedelatille.fr\/blog\/wp-json\/wp\/v2\/posts\/7703","targetHints":{"allow":["GET"]}}],"collection":[{"href":"https:\/\/herberiedelatille.fr\/blog\/wp-json\/wp\/v2\/posts"}],"about":[{"href":"https:\/\/herberiedelatille.fr\/blog\/wp-json\/wp\/v2\/types\/post"}],"author":[{"embeddable":true,"href":"https:\/\/herberiedelatille.fr\/blog\/wp-json\/wp\/v2\/users\/34"}],"replies":[{"embeddable":true,"href":"https:\/\/herberiedelatille.fr\/blog\/wp-json\/wp\/v2\/comments?post=7703"}],"version-history":[{"count":1,"href":"https:\/\/herberiedelatille.fr\/blog\/wp-json\/wp\/v2\/posts\/7703\/revisions"}],"predecessor-version":[{"id":7953,"href":"https:\/\/herberiedelatille.fr\/blog\/wp-json\/wp\/v2\/posts\/7703\/revisions\/7953"}],"wp:attachment":[{"href":"https:\/\/herberiedelatille.fr\/blog\/wp-json\/wp\/v2\/media?parent=7703"}],"wp:term":[{"taxonomy":"category","embeddable":true,"href":"https:\/\/herberiedelatille.fr\/blog\/wp-json\/wp\/v2\/categories?post=7703"},{"taxonomy":"post_tag","embeddable":true,"href":"https:\/\/herberiedelatille.fr\/blog\/wp-json\/wp\/v2\/tags?post=7703"}],"curies":[{"name":"wp","href":"https:\/\/api.w.org\/{rel}","templated":true}]}}